{"id":68266,"date":"2025-02-14T14:10:18","date_gmt":"2025-02-14T19:10:18","guid":{"rendered":"https:\/\/www.uartes.edu.ec\/sitio\/?p=68266"},"modified":"2025-02-14T15:47:05","modified_gmt":"2025-02-14T20:47:05","slug":"simposio-estudios-visuales-desde-la-digitalidad","status":"publish","type":"post","link":"https:\/\/www.uartes.edu.ec\/sitio\/fr\/blog\/2025\/02\/14\/simposio-estudios-visuales-desde-la-digitalidad\/","title":{"rendered":"Maestr\u00eda de Artes Visuales y Nuevos Medios propicia con simposio di\u00e1logo y reflexi\u00f3n en torno a la digitalidad"},"content":{"rendered":"<p>La maestr\u00eda de Artes Visuales y Nuevos Medios de la Escuela de Posgrados UArtes desarrollar\u00e1 los d\u00edas 19 y 20 de febrero, desde las 16:00 hasta las 19:00, el simposio \u201cEstudios Visuales desde la Digitalidad\u201d. Su desarrollo ser\u00e1 en modalidad h\u00edbrida y desde la Biblioteca de las Artes.<\/p>\n\n\n\n<p>Este simposio surge del seminario de posgrado \u201cEstudios Visuales\u201d, impartido en la&nbsp;maestr\u00eda en Artes Visuales y Nuevos Medios,&nbsp;donde se analizaron cr\u00edticamente las implicaciones de los medios digitales como eje central de la visualidad contempor\u00e1nea.<\/p>\n\n\n\n<p>El simposio se compone de cuatro paneles \u2013Autoidentificaci\u00f3n, especulaci\u00f3n y performatividad; Datos y nuevas materialidades; Mem\u00e9tica y viralidad; y Archivo, memoria e identidad\u2013, los cuales abordar\u00e1n el impacto est\u00e9tico, social y pol\u00edtico de la intersecci\u00f3n entre arte, tecnolog\u00eda y pr\u00e1cticas visuales en la cultura actual. El evento busca propiciar un espacio de di\u00e1logo y reflexi\u00f3n en torno a c\u00f3mo la digitalidad redefine los procesos de producci\u00f3n, circulaci\u00f3n y recepci\u00f3n de las im\u00e1genes.<\/p>\n\n\n\n<p>A lo largo de las sesiones lxs estudiantes que participaron del seminario antes mencionado se reunir\u00e1n para discutir la manera en que la subjetividad y el cuerpo se reconfiguran a trav\u00e9s de narrativas digitales, c\u00f3mo la recolecci\u00f3n y el manejo de datos propician nuevas formas materiales y discursivas en el campo art\u00edstico, y de qu\u00e9 forma el fen\u00f3meno de la mem\u00e9tica y la viralidad incide en la creaci\u00f3n de imaginarios colectivos. Adem\u00e1s, se analizar\u00e1 la relevancia de los archivos digitales en la construcci\u00f3n de la memoria y la identidad, y se pondr\u00e1 \u00e9nfasis en las tensiones y posibilidades que surgen al fusionarse el arte con el entorno tecnol\u00f3gico contempor\u00e1neo.<\/p>\n\n\n\n<h3 class=\"wp-block-heading\">Las actividades de los dos d\u00edas<\/h3>\n\n\n\n<p>El mi\u00e9rcoles 19 se desarrollar\u00e1n los paneles 1 y 2. Los temas del primero ser\u00e1n: Datos y nuevas materialidades, con Enrique Land\u00edvar, Andrea Moreira, Pedro Gonz\u00e1lez y David Barber\u00e1n. El segundo: Autoidentificaci\u00f3n, especulaci\u00f3n y performatividad, con David Moncayo, Mariv\u00ed Suarez y Gabriel Arroyo.&nbsp;<\/p>\n\n\n\n<p>El jueves 20 se abordar\u00e1n los paneles 3 y 4. En el panel 3: Mem\u00e9tica y viralidad, con Chay Velasco, Juanca Vargas y Jos\u00e9 Luis Espinoza. Y, en el panel 4: Archivo, memoria e identidad, con&nbsp;Fernando Falcon\u00ed, Iv\u00e1n Basurto, Jimmy Lara y Syl Quezada.&nbsp;<\/p>\n\n\n\n<p>Interviene la curadora e investigadora independiente mexicana Doreen R\u00edos. Participan como moderadores los docentes Lupe \u00c1lvarez, Ilich Castillo, coordinador de la maestr\u00eda de Artes Visuales y Nuevos Medios, y Cristian Villavicencio, director de la Escuela de Posgrado.<\/p>\n\n\n\n<p>Para acceder a la reuni\u00f3n de zoom: ID 838 0612 8294<\/p>\n\n\n\n<p><\/p>","protected":false},"excerpt":{"rendered":"<p>La Escuela de Posgrados y la maestr\u00eda en Artes Visuales y Nuevos Medios realizar\u00e1n los d\u00edas 19 y 20 de febrero el simposio \u201cEstudios Visuales desde la Digitalidad\u201d. Su desarrollo ser\u00e1 h\u00edbrido desde la Biblioteca de las Artes y constar\u00e1 de cuatro paneles en los que se dialogar\u00e1 y reflexionar\u00e1 sobre la Autoidentificaci\u00f3n, especulaci\u00f3n y performatividad; los Datos y nuevas materialidades; la Mem\u00e9tica y viralidad; y el Archivo, memoria e identidad.<\/p>","protected":false},"author":10,"featured_media":68267,"comment_status":"open","ping_status":"open","sticky":false,"template":"","format":"standard","meta":{"_acf_changed":false,"_uag_custom_page_level_css":"","_monsterinsights_skip_tracking":false,"_monsterinsights_sitenote_active":false,"_monsterinsights_sitenote_note":"","_monsterinsights_sitenote_category":0,"cybocfi_hide_featured_image":"","footnotes":""},"categories":[80,76,77,284,264],"tags":[518],"infouartes":[],"class_list":["post-68266","post","type-post","status-publish","format-standard","has-post-thumbnail","hentry","category-academico","category-estudiantes","category-gestion","category-investigacion","category-maestrias","tag-produccion"],"acf":[],"yoast_head":"<!-- This site is optimized with the Yoast SEO plugin v27.4 - https:\/\/yoast.com\/product\/yoast-seo-wordpress\/ -->\n<title>Universidad de las Artes - Maestr\u00eda de Artes Visuales y Nuevos Medios propicia con simposio di\u00e1logo y reflexi\u00f3n en torno a la digitalidad<\/title>\n<meta name=\"description\" content=\"Universidad de las Artes - Maestr\u00eda de Artes Visuales y Nuevos Medios propicia con simposio di\u00e1logo y reflexi\u00f3n en torno a la digitalidad\" \/>\n<meta name=\"robots\" content=\"index, follow, max-snippet:-1, max-image-preview:large, max-video-preview:-1\" \/>\n<link rel=\"canonical\" href=\"https:\/\/www.uartes.edu.ec\/sitio\/fr\/blog\/2025\/02\/14\/simposio-estudios-visuales-desde-la-digitalidad\/\" \/>\n<meta property=\"og:locale\" content=\"fr_FR\" \/>\n<meta property=\"og:type\" content=\"article\" \/>\n<meta property=\"og:title\" content=\"Universidad de las Artes - Maestr\u00eda de Artes Visuales y Nuevos Medios propicia con simposio di\u00e1logo y reflexi\u00f3n en torno a la digitalidad\" \/>\n<meta property=\"og:description\" content=\"Universidad de las Artes - Maestr\u00eda de Artes Visuales y Nuevos Medios propicia con simposio di\u00e1logo y reflexi\u00f3n en torno a la digitalidad\" \/>\n<meta property=\"og:url\" content=\"https:\/\/www.uartes.edu.ec\/sitio\/fr\/blog\/2025\/02\/14\/simposio-estudios-visuales-desde-la-digitalidad\/\" \/>\n<meta property=\"og:site_name\" content=\"Universidad de las Artes\" \/>\n<meta property=\"article:publisher\" content=\"https:\/\/www.facebook.com\/uartesec\" \/>\n<meta property=\"article:published_time\" content=\"2025-02-14T19:10:18+00:00\" \/>\n<meta property=\"article:modified_time\" content=\"2025-02-14T20:47:05+00:00\" \/>\n<meta property=\"og:image\" content=\"https:\/\/www.uartes.edu.ec\/sitio\/wp-content\/uploads\/2025\/02\/EVD.jpg\" \/>\n\t<meta property=\"og:image:width\" content=\"2000\" \/>\n\t<meta property=\"og:image:height\" content=\"1333\" \/>\n\t<meta property=\"og:image:type\" content=\"image\/jpeg\" \/>\n<meta name=\"author\" content=\"ccortez\" \/>\n<meta name=\"twitter:card\" content=\"summary_large_image\" \/>\n<meta name=\"twitter:creator\" content=\"@uartesec\" \/>\n<meta name=\"twitter:site\" content=\"@uartesec\" \/>\n<meta name=\"twitter:label1\" content=\"\u00c9crit par\" \/>\n\t<meta name=\"twitter:data1\" content=\"ccortez\" \/>\n\t<meta name=\"twitter:label2\" content=\"Dur\u00e9e de lecture estim\u00e9e\" \/>\n\t<meta name=\"twitter:data2\" content=\"3 minutes\" \/>\n<script type=\"application\/ld+json\" class=\"yoast-schema-graph\">{\"@context\":\"https:\\\/\\\/schema.org\",\"@graph\":[{\"@type\":\"Article\",\"@id\":\"https:\\\/\\\/www.uartes.edu.ec\\\/sitio\\\/fr\\\/blog\\\/2025\\\/02\\\/14\\\/simposio-estudios-visuales-desde-la-digitalidad\\\/#article\",\"isPartOf\":{\"@id\":\"https:\\\/\\\/www.uartes.edu.ec\\\/sitio\\\/fr\\\/blog\\\/2025\\\/02\\\/14\\\/simposio-estudios-visuales-desde-la-digitalidad\\\/\"},\"author\":{\"name\":\"ccortez\",\"@id\":\"https:\\\/\\\/www.uartes.edu.ec\\\/sitio\\\/fr\\\/#\\\/schema\\\/person\\\/efa1b8275797664fd7f13a79ccc0b1f4\"},\"headline\":\"Maestr\u00eda de Artes Visuales y Nuevos Medios propicia con simposio di\u00e1logo y reflexi\u00f3n en torno a la digitalidad\",\"datePublished\":\"2025-02-14T19:10:18+00:00\",\"dateModified\":\"2025-02-14T20:47:05+00:00\",\"mainEntityOfPage\":{\"@id\":\"https:\\\/\\\/www.uartes.edu.ec\\\/sitio\\\/fr\\\/blog\\\/2025\\\/02\\\/14\\\/simposio-estudios-visuales-desde-la-digitalidad\\\/\"},\"wordCount\":467,\"commentCount\":0,\"publisher\":{\"@id\":\"https:\\\/\\\/www.uartes.edu.ec\\\/sitio\\\/fr\\\/#organization\"},\"image\":{\"@id\":\"https:\\\/\\\/www.uartes.edu.ec\\\/sitio\\\/fr\\\/blog\\\/2025\\\/02\\\/14\\\/simposio-estudios-visuales-desde-la-digitalidad\\\/#primaryimage\"},\"thumbnailUrl\":\"https:\\\/\\\/www.uartes.edu.ec\\\/sitio\\\/wp-content\\\/uploads\\\/2025\\\/02\\\/EVD.jpg\",\"keywords\":[\"producci\u00f3n\"],\"articleSection\":[\"Acad\u00e9mico\",\"Estudiantes\",\"Gesti\u00f3n\",\"Investigaci\u00f3n\",\"Maestr\u00edas\"],\"inLanguage\":\"fr-FR\",\"potentialAction\":[{\"@type\":\"CommentAction\",\"name\":\"Comment\",\"target\":[\"https:\\\/\\\/www.uartes.edu.ec\\\/sitio\\\/fr\\\/blog\\\/2025\\\/02\\\/14\\\/simposio-estudios-visuales-desde-la-digitalidad\\\/#respond\"]}]},{\"@type\":[\"WebPage\",\"ItemPage\"],\"@id\":\"https:\\\/\\\/www.uartes.edu.ec\\\/sitio\\\/fr\\\/blog\\\/2025\\\/02\\\/14\\\/simposio-estudios-visuales-desde-la-digitalidad\\\/\",\"url\":\"https:\\\/\\\/www.uartes.edu.ec\\\/sitio\\\/fr\\\/blog\\\/2025\\\/02\\\/14\\\/simposio-estudios-visuales-desde-la-digitalidad\\\/\",\"name\":\"Universidad de las Artes - Maestr\u00eda de Artes Visuales y Nuevos Medios propicia con simposio di\u00e1logo y reflexi\u00f3n en torno a la digitalidad\",\"isPartOf\":{\"@id\":\"https:\\\/\\\/www.uartes.edu.ec\\\/sitio\\\/fr\\\/#website\"},\"primaryImageOfPage\":{\"@id\":\"https:\\\/\\\/www.uartes.edu.ec\\\/sitio\\\/fr\\\/blog\\\/2025\\\/02\\\/14\\\/simposio-estudios-visuales-desde-la-digitalidad\\\/#primaryimage\"},\"image\":{\"@id\":\"https:\\\/\\\/www.uartes.edu.ec\\\/sitio\\\/fr\\\/blog\\\/2025\\\/02\\\/14\\\/simposio-estudios-visuales-desde-la-digitalidad\\\/#primaryimage\"},\"thumbnailUrl\":\"https:\\\/\\\/www.uartes.edu.ec\\\/sitio\\\/wp-content\\\/uploads\\\/2025\\\/02\\\/EVD.jpg\",\"datePublished\":\"2025-02-14T19:10:18+00:00\",\"dateModified\":\"2025-02-14T20:47:05+00:00\",\"description\":\"Universidad de las Artes - Maestr\u00eda de Artes Visuales y Nuevos Medios propicia con simposio di\u00e1logo y reflexi\u00f3n en torno a la digitalidad\",\"breadcrumb\":{\"@id\":\"https:\\\/\\\/www.uartes.edu.ec\\\/sitio\\\/fr\\\/blog\\\/2025\\\/02\\\/14\\\/simposio-estudios-visuales-desde-la-digitalidad\\\/#breadcrumb\"},\"inLanguage\":\"fr-FR\",\"potentialAction\":[{\"@type\":\"ReadAction\",\"target\":[\"https:\\\/\\\/www.uartes.edu.ec\\\/sitio\\\/fr\\\/blog\\\/2025\\\/02\\\/14\\\/simposio-estudios-visuales-desde-la-digitalidad\\\/\"]}]},{\"@type\":\"ImageObject\",\"inLanguage\":\"fr-FR\",\"@id\":\"https:\\\/\\\/www.uartes.edu.ec\\\/sitio\\\/fr\\\/blog\\\/2025\\\/02\\\/14\\\/simposio-estudios-visuales-desde-la-digitalidad\\\/#primaryimage\",\"url\":\"https:\\\/\\\/www.uartes.edu.ec\\\/sitio\\\/wp-content\\\/uploads\\\/2025\\\/02\\\/EVD.jpg\",\"contentUrl\":\"https:\\\/\\\/www.uartes.edu.ec\\\/sitio\\\/wp-content\\\/uploads\\\/2025\\\/02\\\/EVD.jpg\",\"width\":2000,\"height\":1333},{\"@type\":\"BreadcrumbList\",\"@id\":\"https:\\\/\\\/www.uartes.edu.ec\\\/sitio\\\/fr\\\/blog\\\/2025\\\/02\\\/14\\\/simposio-estudios-visuales-desde-la-digitalidad\\\/#breadcrumb\",\"itemListElement\":[{\"@type\":\"ListItem\",\"position\":1,\"name\":\"Inicio\",\"item\":\"https:\\\/\\\/www.uartes.edu.ec\\\/sitio\\\/\"},{\"@type\":\"ListItem\",\"position\":2,\"name\":\"Maestr\u00eda de Artes Visuales y Nuevos Medios propicia con simposio di\u00e1logo y reflexi\u00f3n en torno a la digitalidad\"}]},{\"@type\":\"WebSite\",\"@id\":\"https:\\\/\\\/www.uartes.edu.ec\\\/sitio\\\/fr\\\/#website\",\"url\":\"https:\\\/\\\/www.uartes.edu.ec\\\/sitio\\\/fr\\\/\",\"name\":\"Universidad de las Artes\",\"description\":\"Sitio oficial de la Universidad Nacional de las Artes del Ecuador\",\"publisher\":{\"@id\":\"https:\\\/\\\/www.uartes.edu.ec\\\/sitio\\\/fr\\\/#organization\"},\"potentialAction\":[{\"@type\":\"SearchAction\",\"target\":{\"@type\":\"EntryPoint\",\"urlTemplate\":\"https:\\\/\\\/www.uartes.edu.ec\\\/sitio\\\/fr\\\/?s={search_term_string}\"},\"query-input\":{\"@type\":\"PropertyValueSpecification\",\"valueRequired\":true,\"valueName\":\"search_term_string\"}}],\"inLanguage\":\"fr-FR\"},{\"@type\":\"Organization\",\"@id\":\"https:\\\/\\\/www.uartes.edu.ec\\\/sitio\\\/fr\\\/#organization\",\"name\":\"Universidad de las Artes\",\"url\":\"https:\\\/\\\/www.uartes.edu.ec\\\/sitio\\\/fr\\\/\",\"logo\":{\"@type\":\"ImageObject\",\"inLanguage\":\"fr-FR\",\"@id\":\"https:\\\/\\\/www.uartes.edu.ec\\\/sitio\\\/fr\\\/#\\\/schema\\\/logo\\\/image\\\/\",\"url\":\"https:\\\/\\\/www.uartes.edu.ec\\\/sitio\\\/wp-content\\\/uploads\\\/2022\\\/07\\\/logo-ua-horizontal.png\",\"contentUrl\":\"https:\\\/\\\/www.uartes.edu.ec\\\/sitio\\\/wp-content\\\/uploads\\\/2022\\\/07\\\/logo-ua-horizontal.png\",\"width\":800,\"height\":276,\"caption\":\"Universidad de las Artes\"},\"image\":{\"@id\":\"https:\\\/\\\/www.uartes.edu.ec\\\/sitio\\\/fr\\\/#\\\/schema\\\/logo\\\/image\\\/\"},\"sameAs\":[\"https:\\\/\\\/www.facebook.com\\\/uartesec\",\"https:\\\/\\\/x.com\\\/uartesec\",\"https:\\\/\\\/www.tiktok.com\\\/@uartesec\"]},{\"@type\":\"Person\",\"@id\":\"https:\\\/\\\/www.uartes.edu.ec\\\/sitio\\\/fr\\\/#\\\/schema\\\/person\\\/efa1b8275797664fd7f13a79ccc0b1f4\",\"name\":\"ccortez\",\"image\":{\"@type\":\"ImageObject\",\"inLanguage\":\"fr-FR\",\"@id\":\"https:\\\/\\\/secure.gravatar.com\\\/avatar\\\/b2a6f664a3ae8e074346ef91775736c5ec479e637ecced6842de9dc98b5da9cd?s=96&d=mm&r=g\",\"url\":\"https:\\\/\\\/secure.gravatar.com\\\/avatar\\\/b2a6f664a3ae8e074346ef91775736c5ec479e637ecced6842de9dc98b5da9cd?s=96&d=mm&r=g\",\"contentUrl\":\"https:\\\/\\\/secure.gravatar.com\\\/avatar\\\/b2a6f664a3ae8e074346ef91775736c5ec479e637ecced6842de9dc98b5da9cd?s=96&d=mm&r=g\",\"caption\":\"ccortez\"},\"url\":\"https:\\\/\\\/www.uartes.edu.ec\\\/sitio\\\/fr\\\/blog\\\/author\\\/ccortez\\\/\"}]}<\/script>\n<!-- \/ Yoast SEO plugin. -->","yoast_head_json":{"title":"Universidad de las Artes - Maestr\u00eda de Artes Visuales y Nuevos Medios propicia con simposio di\u00e1logo y reflexi\u00f3n en torno a la digitalidad","description":"Universidad de las Artes - Maestr\u00eda de Artes Visuales y Nuevos Medios propicia con simposio di\u00e1logo y reflexi\u00f3n en torno a la digitalidad","robots":{"index":"index","follow":"follow","max-snippet":"max-snippet:-1","max-image-preview":"max-image-preview:large","max-video-preview":"max-video-preview:-1"},"canonical":"https:\/\/www.uartes.edu.ec\/sitio\/fr\/blog\/2025\/02\/14\/simposio-estudios-visuales-desde-la-digitalidad\/","og_locale":"fr_FR","og_type":"article","og_title":"Universidad de las Artes - Maestr\u00eda de Artes Visuales y Nuevos Medios propicia con simposio di\u00e1logo y reflexi\u00f3n en torno a la digitalidad","og_description":"Universidad de las Artes - Maestr\u00eda de Artes Visuales y Nuevos Medios propicia con simposio di\u00e1logo y reflexi\u00f3n en torno a la digitalidad","og_url":"https:\/\/www.uartes.edu.ec\/sitio\/fr\/blog\/2025\/02\/14\/simposio-estudios-visuales-desde-la-digitalidad\/","og_site_name":"Universidad de las Artes","article_publisher":"https:\/\/www.facebook.com\/uartesec","article_published_time":"2025-02-14T19:10:18+00:00","article_modified_time":"2025-02-14T20:47:05+00:00","og_image":[{"width":2000,"height":1333,"url":"https:\/\/www.uartes.edu.ec\/sitio\/wp-content\/uploads\/2025\/02\/EVD.jpg","type":"image\/jpeg"}],"author":"ccortez","twitter_card":"summary_large_image","twitter_creator":"@uartesec","twitter_site":"@uartesec","twitter_misc":{"\u00c9crit par":"ccortez","Dur\u00e9e de lecture estim\u00e9e":"3 minutes"},"schema":{"@context":"https:\/\/schema.org","@graph":[{"@type":"Article","@id":"https:\/\/www.uartes.edu.ec\/sitio\/fr\/blog\/2025\/02\/14\/simposio-estudios-visuales-desde-la-digitalidad\/#article","isPartOf":{"@id":"https:\/\/www.uartes.edu.ec\/sitio\/fr\/blog\/2025\/02\/14\/simposio-estudios-visuales-desde-la-digitalidad\/"},"author":{"name":"ccortez","@id":"https:\/\/www.uartes.edu.ec\/sitio\/fr\/#\/schema\/person\/efa1b8275797664fd7f13a79ccc0b1f4"},"headline":"Maestr\u00eda de Artes Visuales y Nuevos Medios propicia con simposio di\u00e1logo y reflexi\u00f3n en torno a la digitalidad","datePublished":"2025-02-14T19:10:18+00:00","dateModified":"2025-02-14T20:47:05+00:00","mainEntityOfPage":{"@id":"https:\/\/www.uartes.edu.ec\/sitio\/fr\/blog\/2025\/02\/14\/simposio-estudios-visuales-desde-la-digitalidad\/"},"wordCount":467,"commentCount":0,"publisher":{"@id":"https:\/\/www.uartes.edu.ec\/sitio\/fr\/#organization"},"image":{"@id":"https:\/\/www.uartes.edu.ec\/sitio\/fr\/blog\/2025\/02\/14\/simposio-estudios-visuales-desde-la-digitalidad\/#primaryimage"},"thumbnailUrl":"https:\/\/www.uartes.edu.ec\/sitio\/wp-content\/uploads\/2025\/02\/EVD.jpg","keywords":["producci\u00f3n"],"articleSection":["Acad\u00e9mico","Estudiantes","Gesti\u00f3n","Investigaci\u00f3n","Maestr\u00edas"],"inLanguage":"fr-FR","potentialAction":[{"@type":"CommentAction","name":"Comment","target":["https:\/\/www.uartes.edu.ec\/sitio\/fr\/blog\/2025\/02\/14\/simposio-estudios-visuales-desde-la-digitalidad\/#respond"]}]},{"@type":["WebPage","ItemPage"],"@id":"https:\/\/www.uartes.edu.ec\/sitio\/fr\/blog\/2025\/02\/14\/simposio-estudios-visuales-desde-la-digitalidad\/","url":"https:\/\/www.uartes.edu.ec\/sitio\/fr\/blog\/2025\/02\/14\/simposio-estudios-visuales-desde-la-digitalidad\/","name":"Universidad de las Artes - Maestr\u00eda de Artes Visuales y Nuevos Medios propicia con simposio di\u00e1logo y reflexi\u00f3n en torno a la digitalidad","isPartOf":{"@id":"https:\/\/www.uartes.edu.ec\/sitio\/fr\/#website"},"primaryImageOfPage":{"@id":"https:\/\/www.uartes.edu.ec\/sitio\/fr\/blog\/2025\/02\/14\/simposio-estudios-visuales-desde-la-digitalidad\/#primaryimage"},"image":{"@id":"https:\/\/www.uartes.edu.ec\/sitio\/fr\/blog\/2025\/02\/14\/simposio-estudios-visuales-desde-la-digitalidad\/#primaryimage"},"thumbnailUrl":"https:\/\/www.uartes.edu.ec\/sitio\/wp-content\/uploads\/2025\/02\/EVD.jpg","datePublished":"2025-02-14T19:10:18+00:00","dateModified":"2025-02-14T20:47:05+00:00","description":"Universidad de las Artes - Maestr\u00eda de Artes Visuales y Nuevos Medios propicia con simposio di\u00e1logo y reflexi\u00f3n en torno a la digitalidad","breadcrumb":{"@id":"https:\/\/www.uartes.edu.ec\/sitio\/fr\/blog\/2025\/02\/14\/simposio-estudios-visuales-desde-la-digitalidad\/#breadcrumb"},"inLanguage":"fr-FR","potentialAction":[{"@type":"ReadAction","target":["https:\/\/www.uartes.edu.ec\/sitio\/fr\/blog\/2025\/02\/14\/simposio-estudios-visuales-desde-la-digitalidad\/"]}]},{"@type":"ImageObject","inLanguage":"fr-FR","@id":"https:\/\/www.uartes.edu.ec\/sitio\/fr\/blog\/2025\/02\/14\/simposio-estudios-visuales-desde-la-digitalidad\/#primaryimage","url":"https:\/\/www.uartes.edu.ec\/sitio\/wp-content\/uploads\/2025\/02\/EVD.jpg","contentUrl":"https:\/\/www.uartes.edu.ec\/sitio\/wp-content\/uploads\/2025\/02\/EVD.jpg","width":2000,"height":1333},{"@type":"BreadcrumbList","@id":"https:\/\/www.uartes.edu.ec\/sitio\/fr\/blog\/2025\/02\/14\/simposio-estudios-visuales-desde-la-digitalidad\/#breadcrumb","itemListElement":[{"@type":"ListItem","position":1,"name":"Inicio","item":"https:\/\/www.uartes.edu.ec\/sitio\/"},{"@type":"ListItem","position":2,"name":"Maestr\u00eda de Artes Visuales y Nuevos Medios propicia con simposio di\u00e1logo y reflexi\u00f3n en torno a la digitalidad"}]},{"@type":"WebSite","@id":"https:\/\/www.uartes.edu.ec\/sitio\/fr\/#website","url":"https:\/\/www.uartes.edu.ec\/sitio\/fr\/","name":"Universidad de las Artes","description":"Sitio oficial de la Universidad Nacional de las Artes del Ecuador","publisher":{"@id":"https:\/\/www.uartes.edu.ec\/sitio\/fr\/#organization"},"potentialAction":[{"@type":"SearchAction","target":{"@type":"EntryPoint","urlTemplate":"https:\/\/www.uartes.edu.ec\/sitio\/fr\/?s={search_term_string}"},"query-input":{"@type":"PropertyValueSpecification","valueRequired":true,"valueName":"search_term_string"}}],"inLanguage":"fr-FR"},{"@type":"Organization","@id":"https:\/\/www.uartes.edu.ec\/sitio\/fr\/#organization","name":"Universidad de las Artes","url":"https:\/\/www.uartes.edu.ec\/sitio\/fr\/","logo":{"@type":"ImageObject","inLanguage":"fr-FR","@id":"https:\/\/www.uartes.edu.ec\/sitio\/fr\/#\/schema\/logo\/image\/","url":"https:\/\/www.uartes.edu.ec\/sitio\/wp-content\/uploads\/2022\/07\/logo-ua-horizontal.png","contentUrl":"https:\/\/www.uartes.edu.ec\/sitio\/wp-content\/uploads\/2022\/07\/logo-ua-horizontal.png","width":800,"height":276,"caption":"Universidad de las Artes"},"image":{"@id":"https:\/\/www.uartes.edu.ec\/sitio\/fr\/#\/schema\/logo\/image\/"},"sameAs":["https:\/\/www.facebook.com\/uartesec","https:\/\/x.com\/uartesec","https:\/\/www.tiktok.com\/@uartesec"]},{"@type":"Person","@id":"https:\/\/www.uartes.edu.ec\/sitio\/fr\/#\/schema\/person\/efa1b8275797664fd7f13a79ccc0b1f4","name":"ccortez","image":{"@type":"ImageObject","inLanguage":"fr-FR","@id":"https:\/\/secure.gravatar.com\/avatar\/b2a6f664a3ae8e074346ef91775736c5ec479e637ecced6842de9dc98b5da9cd?s=96&d=mm&r=g","url":"https:\/\/secure.gravatar.com\/avatar\/b2a6f664a3ae8e074346ef91775736c5ec479e637ecced6842de9dc98b5da9cd?s=96&d=mm&r=g","contentUrl":"https:\/\/secure.gravatar.com\/avatar\/b2a6f664a3ae8e074346ef91775736c5ec479e637ecced6842de9dc98b5da9cd?s=96&d=mm&r=g","caption":"ccortez"},"url":"https:\/\/www.uartes.edu.ec\/sitio\/fr\/blog\/author\/ccortez\/"}]}},"uagb_featured_image_src":{"full":["https:\/\/www.uartes.edu.ec\/sitio\/wp-content\/uploads\/2025\/02\/EVD.jpg",2000,1333,false],"thumbnail":["https:\/\/www.uartes.edu.ec\/sitio\/wp-content\/uploads\/2025\/02\/EVD-150x150.jpg",150,150,true],"medium":["https:\/\/www.uartes.edu.ec\/sitio\/wp-content\/uploads\/2025\/02\/EVD-300x200.jpg",300,200,true],"medium_large":["https:\/\/www.uartes.edu.ec\/sitio\/wp-content\/uploads\/2025\/02\/EVD-768x512.jpg",768,512,true],"large":["https:\/\/www.uartes.edu.ec\/sitio\/wp-content\/uploads\/2025\/02\/EVD-644x429.jpg",644,429,true],"1536x1536":["https:\/\/www.uartes.edu.ec\/sitio\/wp-content\/uploads\/2025\/02\/EVD-1536x1024.jpg",1536,1024,true],"2048x2048":["https:\/\/www.uartes.edu.ec\/sitio\/wp-content\/uploads\/2025\/02\/EVD.jpg",2000,1333,false],"trp-custom-language-flag":["https:\/\/www.uartes.edu.ec\/sitio\/wp-content\/uploads\/2025\/02\/EVD-18x12.jpg",18,12,true],"htmega_size_585x295":["https:\/\/www.uartes.edu.ec\/sitio\/wp-content\/uploads\/2025\/02\/EVD-585x295.jpg",585,295,true],"htmega_size_1170x536":["https:\/\/www.uartes.edu.ec\/sitio\/wp-content\/uploads\/2025\/02\/EVD-1170x536.jpg",1170,536,true],"htmega_size_396x360":["https:\/\/www.uartes.edu.ec\/sitio\/wp-content\/uploads\/2025\/02\/EVD-396x360.jpg",396,360,true],"gb-block-post-grid-landscape":["https:\/\/www.uartes.edu.ec\/sitio\/wp-content\/uploads\/2025\/02\/EVD-600x400.jpg",600,400,true],"gb-block-post-grid-square":["https:\/\/www.uartes.edu.ec\/sitio\/wp-content\/uploads\/2025\/02\/EVD-600x600.jpg",600,600,true],"university-hub-thumb":["https:\/\/www.uartes.edu.ec\/sitio\/wp-content\/uploads\/2025\/02\/EVD-400x267.jpg",400,267,true]},"uagb_author_info":{"display_name":"ccortez","author_link":"https:\/\/www.uartes.edu.ec\/sitio\/fr\/blog\/author\/ccortez\/"},"uagb_comment_info":0,"uagb_excerpt":"La Escuela de Posgrados y la maestr\u00eda en Artes Visuales y Nuevos Medios realizar\u00e1n los d\u00edas 19 y 20 de febrero el simposio \u201cEstudios Visuales desde la Digitalidad\u201d. Su desarrollo ser\u00e1 h\u00edbrido desde la Biblioteca de las Artes y constar\u00e1 de cuatro paneles en los que se dialogar\u00e1 y reflexionar\u00e1 sobre la Autoidentificaci\u00f3n, especulaci\u00f3n y\u2026","featured_image_src":"https:\/\/www.uartes.edu.ec\/sitio\/wp-content\/uploads\/2025\/02\/EVD-600x400.jpg","featured_image_src_square":"https:\/\/www.uartes.edu.ec\/sitio\/wp-content\/uploads\/2025\/02\/EVD-600x600.jpg","author_info":{"display_name":"ccortez","author_link":"https:\/\/www.uartes.edu.ec\/sitio\/fr\/blog\/author\/ccortez\/"},"publishpress_future_workflow_manual_trigger":{"enabledWorkflows":[]},"distributor_meta":false,"distributor_terms":false,"distributor_media":false,"distributor_original_site_name":"Universidad de las Artes","distributor_original_site_url":"https:\/\/www.uartes.edu.ec\/sitio\/fr","push-errors":false,"_links":{"self":[{"href":"https:\/\/www.uartes.edu.ec\/sitio\/fr\/wp-json\/wp\/v2\/posts\/68266","targetHints":{"allow":["GET"]}}],"collection":[{"href":"https:\/\/www.uartes.edu.ec\/sitio\/fr\/wp-json\/wp\/v2\/posts"}],"about":[{"href":"https:\/\/www.uartes.edu.ec\/sitio\/fr\/wp-json\/wp\/v2\/types\/post"}],"author":[{"embeddable":true,"href":"https:\/\/www.uartes.edu.ec\/sitio\/fr\/wp-json\/wp\/v2\/users\/10"}],"replies":[{"embeddable":true,"href":"https:\/\/www.uartes.edu.ec\/sitio\/fr\/wp-json\/wp\/v2\/comments?post=68266"}],"version-history":[{"count":8,"href":"https:\/\/www.uartes.edu.ec\/sitio\/fr\/wp-json\/wp\/v2\/posts\/68266\/revisions"}],"predecessor-version":[{"id":68304,"href":"https:\/\/www.uartes.edu.ec\/sitio\/fr\/wp-json\/wp\/v2\/posts\/68266\/revisions\/68304"}],"wp:featuredmedia":[{"embeddable":true,"href":"https:\/\/www.uartes.edu.ec\/sitio\/fr\/wp-json\/wp\/v2\/media\/68267"}],"wp:attachment":[{"href":"https:\/\/www.uartes.edu.ec\/sitio\/fr\/wp-json\/wp\/v2\/media?parent=68266"}],"wp:term":[{"taxonomy":"category","embeddable":true,"href":"https:\/\/www.uartes.edu.ec\/sitio\/fr\/wp-json\/wp\/v2\/categories?post=68266"},{"taxonomy":"post_tag","embeddable":true,"href":"https:\/\/www.uartes.edu.ec\/sitio\/fr\/wp-json\/wp\/v2\/tags?post=68266"},{"taxonomy":"infouartes","embeddable":true,"href":"https:\/\/www.uartes.edu.ec\/sitio\/fr\/wp-json\/wp\/v2\/infouartes?post=68266"}],"curies":[{"name":"wp","href":"https:\/\/api.w.org\/{rel}","templated":true}]}}