{"id":6877,"date":"2020-05-06T20:34:00","date_gmt":"2020-05-07T01:34:00","guid":{"rendered":"http:\/\/www.uartes.edu.ec\/sitio\/?p=6877"},"modified":"2024-07-04T11:43:15","modified_gmt":"2024-07-04T16:43:15","slug":"docente-lorena-toro-seleccionada-al-iv-encuentro-de-estudios-criticos-del-teatro","status":"publish","type":"post","link":"https:\/\/www.uartes.edu.ec\/sitio\/fr\/blog\/2020\/05\/06\/docente-lorena-toro-seleccionada-al-iv-encuentro-de-estudios-criticos-del-teatro\/","title":{"rendered":"Docente Lorena Toro, seleccionada al IV  Encuentro de Estudios Cr\u00edticos del Teatro"},"content":{"rendered":"<p>La docente Lorena Toro, de la Escuela de Artes Esc\u00e9nicas de la Universidad de las Artes, ha sido seleccionada para participar en el IV Encuentro de Estudios Cr\u00edticos del Teatro, convocado por la Secretar\u00eda de Cultura mexicana, a trav\u00e9s del Centro Cultural Hel\u00e9nico y 17, Instituto de Estudios Cr\u00edticos.<\/p>\n\n\n\n<p>Se trata de una actividad cultural mixta, pues se realizar\u00e1 de manera virtual y presencial, dirigida a investigadores y profesionales de las artes esc\u00e9nicas. Fueron m\u00e1s de cincuenta las postulaciones recibidas, provenientes, adem\u00e1s de Ecuador, de Uruguay, Chile, Argentina, Venezuela y M\u00e9xico; de estas se seleccionaron 20 participantes y tres oyentes, seg\u00fan se explica en la web de la organizaci\u00f3n.<\/p>\n\n\n\n<p>El&nbsp;encuentro est\u00e1 previsto para los pr\u00f3ximos&nbsp;23, 24 y 25 de septiembre&nbsp;en el Centro Cultural Hel\u00e9nico, ubicado en Ciudad de M\u00e9xico, y desde este 15 de mayo hasta el 25 de agosto tendr\u00e1 lugar en plataforma digital el proceso de escritura M\u00e1quina de escribir, que pertenece a 17, Instituto de Estudios Cr\u00edticos. Ser\u00e1n 16 semanas para desarrollar trabajos que indaguen en las problem\u00e1ticas contempor\u00e1neas de la teatralidad de forma creativa y performativa.<\/p>\n\n\n\n<p>El objetivo&nbsp;de la cita es crear un espacio de reflexi\u00f3n cr\u00edtica sobre la escena teatral&nbsp;mexicana y latinoamericana, considerando las relevantes transformaciones que ha experimentado a partir de los recientes movimientos sociales, contextos socioecon\u00f3micos y cambios pol\u00edticos, que han cimbrado concepciones modernas de la teatralidad y sus modos de producci\u00f3n.<\/p>\n\n\n\n<p>La propuesta seleccionada de la docente de la UArtes es \u201cCuerpo vs. Poder dentro de un estado de encierro\u201d, proyecto que refleja su inter\u00e9s de escribir desde el lugar donde se halla. \u201cMi planteamiento va en torno a la relaci\u00f3n entre el cuerpo y el poder. Como objetivo general, ahondar a trav\u00e9s de la escritura en las problem\u00e1ticas que genera el encierro de los cuerpos frente a las imposiciones del poder. Frente a ello, mis objetivos espec\u00edficos a desarrollar los manifiesto a manera de preguntas desde el ahora que atravieso: \u00bfQu\u00e9 sucede con el cuerpo en una situaci\u00f3n de encierro? \u00bfQu\u00e9 sucede cuando el cuerpo se enfrenta a una pandemia? \u00bfQu\u00e9 es la pandemia en los cuerpos? \u00bfLos cuerpos que habitar\u00e1n desde ahora el mundo son los sobrevivientes de una pandemia mundial o los sobrevivientes al poder? \u00bfC\u00f3mo se resuelve la ecuaci\u00f3n entre el poder y la enfermedad? \u00bfCu\u00e1l es el estado emocional de un cuerpo despu\u00e9s de haber vivido una pandemia?\u201d.<\/p>\n\n\n\n<p>Su inter\u00e9s, agrega, es crear partituras que dialoguen desde la intertexualidad de varios soportes escriturales donde la tem\u00e1tica sea un consecuente de la identidad urbano-latinoamericana y que encierre dos problem\u00e1ticas actuales como lo son el encierro y el poder. \u201cPropuse trabajar desde una escritura relacion\u00e1ndolo con archivos e im\u00e1genes de conservaci\u00f3n de los momentos actuales\u201d.<\/p>\n\n\n\n<p>La noticia de su selecci\u00f3n Lorena Toro la recibi\u00f3 el pasado fin de semana y del proceso de escritura a desarrollarse del 15 de mayo al 15 de agosto detalla que es un taller guiado por las investigadoras Fernanda del Monte y Agn\u00e8s M\u00e9rat, expertas en los \u00e1mbitos del pensamiento est\u00e9tico, esc\u00e9nico y en escritura de soportes digitales. \u201cTrabajaremos a distancia, nos dividir\u00e1n en dos grupos; un mes con Agn\u00e8s y el siguiente con Fernanda. Los escritos producidos ser\u00edan expuestos y discutidos en septiembre en la cita programada en el Centro Cultural Hel\u00e9nico mexicano, lo cual se ver\u00e1 m\u00e1s adelante\u201d.<\/p>","protected":false},"excerpt":{"rendered":"<p>La docente Lorena Toro, de la Escuela de Artes Esc\u00e9nicas de la Universidad de las Artes, ha sido seleccionada para participar en el IV Encuentro de Estudios Cr\u00edticos del Teatro, convocado por la Secretar\u00eda de Cultura mexicana, a trav\u00e9s del Centro Cultural Hel\u00e9nico y 17, Instituto de Estudios Cr\u00edticos.<\/p>","protected":false},"author":1,"featured_media":6878,"comment_status":"closed","ping_status":"closed","sticky":false,"template":"","format":"standard","meta":{"_acf_changed":false,"_uag_custom_page_level_css":"","_monsterinsights_skip_tracking":false,"_monsterinsights_sitenote_active":false,"_monsterinsights_sitenote_note":"","_monsterinsights_sitenote_category":0,"cybocfi_hide_featured_image":"","footnotes":""},"categories":[82,159,75],"tags":[],"infouartes":[],"class_list":["post-6877","post","type-post","status-publish","format-standard","has-post-thumbnail","hentry","category-artes","category-artes-escenicas","category-docentes"],"acf":[],"yoast_head":"<!-- This site is optimized with the Yoast SEO plugin v27.4 - https:\/\/yoast.com\/product\/yoast-seo-wordpress\/ -->\n<title>Universidad de las Artes - Docente Lorena Toro, seleccionada al IV Encuentro de Estudios Cr\u00edticos del Teatro<\/title>\n<meta name=\"description\" content=\"Universidad de las Artes - Docente Lorena Toro, seleccionada al IV Encuentro de Estudios Cr\u00edticos del Teatro\" \/>\n<meta name=\"robots\" content=\"index, follow, max-snippet:-1, max-image-preview:large, max-video-preview:-1\" \/>\n<link rel=\"canonical\" href=\"https:\/\/www.uartes.edu.ec\/sitio\/fr\/blog\/2020\/05\/06\/docente-lorena-toro-seleccionada-al-iv-encuentro-de-estudios-criticos-del-teatro\/\" \/>\n<meta property=\"og:locale\" content=\"fr_FR\" \/>\n<meta property=\"og:type\" content=\"article\" \/>\n<meta property=\"og:title\" content=\"Universidad de las Artes - Docente Lorena Toro, seleccionada al IV Encuentro de Estudios Cr\u00edticos del Teatro\" \/>\n<meta property=\"og:description\" content=\"Universidad de las Artes - Docente Lorena Toro, seleccionada al IV Encuentro de Estudios Cr\u00edticos del Teatro\" \/>\n<meta property=\"og:url\" content=\"https:\/\/www.uartes.edu.ec\/sitio\/fr\/blog\/2020\/05\/06\/docente-lorena-toro-seleccionada-al-iv-encuentro-de-estudios-criticos-del-teatro\/\" \/>\n<meta property=\"og:site_name\" content=\"Universidad de las Artes\" \/>\n<meta property=\"article:publisher\" content=\"https:\/\/www.facebook.com\/uartesec\" \/>\n<meta property=\"article:published_time\" content=\"2020-05-07T01:34:00+00:00\" \/>\n<meta property=\"article:modified_time\" content=\"2024-07-04T16:43:15+00:00\" \/>\n<meta property=\"og:image\" content=\"https:\/\/www.uartes.edu.ec\/sitio\/wp-content\/uploads\/2020\/05\/Lorena-Toro-Vargas.jpg\" \/>\n\t<meta property=\"og:image:width\" content=\"960\" \/>\n\t<meta property=\"og:image:height\" content=\"640\" \/>\n\t<meta property=\"og:image:type\" content=\"image\/jpeg\" \/>\n<meta name=\"author\" content=\"Universidad de las Artes\" \/>\n<meta name=\"twitter:card\" content=\"summary_large_image\" \/>\n<meta name=\"twitter:creator\" content=\"@uartesec\" \/>\n<meta name=\"twitter:site\" content=\"@uartesec\" \/>\n<meta name=\"twitter:label1\" content=\"\u00c9crit par\" \/>\n\t<meta name=\"twitter:data1\" content=\"Universidad de las Artes\" \/>\n\t<meta name=\"twitter:label2\" content=\"Dur\u00e9e de lecture estim\u00e9e\" \/>\n\t<meta name=\"twitter:data2\" content=\"3 minutes\" \/>\n<script type=\"application\/ld+json\" class=\"yoast-schema-graph\">{\"@context\":\"https:\\\/\\\/schema.org\",\"@graph\":[{\"@type\":\"Article\",\"@id\":\"https:\\\/\\\/www.uartes.edu.ec\\\/sitio\\\/fr\\\/blog\\\/2020\\\/05\\\/06\\\/docente-lorena-toro-seleccionada-al-iv-encuentro-de-estudios-criticos-del-teatro\\\/#article\",\"isPartOf\":{\"@id\":\"https:\\\/\\\/www.uartes.edu.ec\\\/sitio\\\/fr\\\/blog\\\/2020\\\/05\\\/06\\\/docente-lorena-toro-seleccionada-al-iv-encuentro-de-estudios-criticos-del-teatro\\\/\"},\"author\":{\"name\":\"Universidad de las Artes\",\"@id\":\"https:\\\/\\\/www.uartes.edu.ec\\\/sitio\\\/fr\\\/#\\\/schema\\\/person\\\/f33f8c1d2af0d5c80a38c8abf458184a\"},\"headline\":\"Docente Lorena Toro, seleccionada al IV Encuentro de Estudios Cr\u00edticos del Teatro\",\"datePublished\":\"2020-05-07T01:34:00+00:00\",\"dateModified\":\"2024-07-04T16:43:15+00:00\",\"mainEntityOfPage\":{\"@id\":\"https:\\\/\\\/www.uartes.edu.ec\\\/sitio\\\/fr\\\/blog\\\/2020\\\/05\\\/06\\\/docente-lorena-toro-seleccionada-al-iv-encuentro-de-estudios-criticos-del-teatro\\\/\"},\"wordCount\":610,\"publisher\":{\"@id\":\"https:\\\/\\\/www.uartes.edu.ec\\\/sitio\\\/fr\\\/#organization\"},\"image\":{\"@id\":\"https:\\\/\\\/www.uartes.edu.ec\\\/sitio\\\/fr\\\/blog\\\/2020\\\/05\\\/06\\\/docente-lorena-toro-seleccionada-al-iv-encuentro-de-estudios-criticos-del-teatro\\\/#primaryimage\"},\"thumbnailUrl\":\"https:\\\/\\\/www.uartes.edu.ec\\\/sitio\\\/wp-content\\\/uploads\\\/2020\\\/05\\\/Lorena-Toro-Vargas.jpg\",\"articleSection\":[\"Artes\",\"Artes Esc\u00e9nicas\",\"Docentes\"],\"inLanguage\":\"fr-FR\"},{\"@type\":[\"WebPage\",\"ItemPage\"],\"@id\":\"https:\\\/\\\/www.uartes.edu.ec\\\/sitio\\\/fr\\\/blog\\\/2020\\\/05\\\/06\\\/docente-lorena-toro-seleccionada-al-iv-encuentro-de-estudios-criticos-del-teatro\\\/\",\"url\":\"https:\\\/\\\/www.uartes.edu.ec\\\/sitio\\\/fr\\\/blog\\\/2020\\\/05\\\/06\\\/docente-lorena-toro-seleccionada-al-iv-encuentro-de-estudios-criticos-del-teatro\\\/\",\"name\":\"Universidad de las Artes - Docente Lorena Toro, seleccionada al IV Encuentro de Estudios Cr\u00edticos del Teatro\",\"isPartOf\":{\"@id\":\"https:\\\/\\\/www.uartes.edu.ec\\\/sitio\\\/fr\\\/#website\"},\"primaryImageOfPage\":{\"@id\":\"https:\\\/\\\/www.uartes.edu.ec\\\/sitio\\\/fr\\\/blog\\\/2020\\\/05\\\/06\\\/docente-lorena-toro-seleccionada-al-iv-encuentro-de-estudios-criticos-del-teatro\\\/#primaryimage\"},\"image\":{\"@id\":\"https:\\\/\\\/www.uartes.edu.ec\\\/sitio\\\/fr\\\/blog\\\/2020\\\/05\\\/06\\\/docente-lorena-toro-seleccionada-al-iv-encuentro-de-estudios-criticos-del-teatro\\\/#primaryimage\"},\"thumbnailUrl\":\"https:\\\/\\\/www.uartes.edu.ec\\\/sitio\\\/wp-content\\\/uploads\\\/2020\\\/05\\\/Lorena-Toro-Vargas.jpg\",\"datePublished\":\"2020-05-07T01:34:00+00:00\",\"dateModified\":\"2024-07-04T16:43:15+00:00\",\"description\":\"Universidad de las Artes - Docente Lorena Toro, seleccionada al IV Encuentro de Estudios Cr\u00edticos del Teatro\",\"breadcrumb\":{\"@id\":\"https:\\\/\\\/www.uartes.edu.ec\\\/sitio\\\/fr\\\/blog\\\/2020\\\/05\\\/06\\\/docente-lorena-toro-seleccionada-al-iv-encuentro-de-estudios-criticos-del-teatro\\\/#breadcrumb\"},\"inLanguage\":\"fr-FR\",\"potentialAction\":[{\"@type\":\"ReadAction\",\"target\":[\"https:\\\/\\\/www.uartes.edu.ec\\\/sitio\\\/fr\\\/blog\\\/2020\\\/05\\\/06\\\/docente-lorena-toro-seleccionada-al-iv-encuentro-de-estudios-criticos-del-teatro\\\/\"]}]},{\"@type\":\"ImageObject\",\"inLanguage\":\"fr-FR\",\"@id\":\"https:\\\/\\\/www.uartes.edu.ec\\\/sitio\\\/fr\\\/blog\\\/2020\\\/05\\\/06\\\/docente-lorena-toro-seleccionada-al-iv-encuentro-de-estudios-criticos-del-teatro\\\/#primaryimage\",\"url\":\"https:\\\/\\\/www.uartes.edu.ec\\\/sitio\\\/wp-content\\\/uploads\\\/2020\\\/05\\\/Lorena-Toro-Vargas.jpg\",\"contentUrl\":\"https:\\\/\\\/www.uartes.edu.ec\\\/sitio\\\/wp-content\\\/uploads\\\/2020\\\/05\\\/Lorena-Toro-Vargas.jpg\",\"width\":960,\"height\":640},{\"@type\":\"BreadcrumbList\",\"@id\":\"https:\\\/\\\/www.uartes.edu.ec\\\/sitio\\\/fr\\\/blog\\\/2020\\\/05\\\/06\\\/docente-lorena-toro-seleccionada-al-iv-encuentro-de-estudios-criticos-del-teatro\\\/#breadcrumb\",\"itemListElement\":[{\"@type\":\"ListItem\",\"position\":1,\"name\":\"Inicio\",\"item\":\"https:\\\/\\\/www.uartes.edu.ec\\\/sitio\\\/\"},{\"@type\":\"ListItem\",\"position\":2,\"name\":\"Docente Lorena Toro, seleccionada al IV Encuentro de Estudios Cr\u00edticos del Teatro\"}]},{\"@type\":\"WebSite\",\"@id\":\"https:\\\/\\\/www.uartes.edu.ec\\\/sitio\\\/fr\\\/#website\",\"url\":\"https:\\\/\\\/www.uartes.edu.ec\\\/sitio\\\/fr\\\/\",\"name\":\"Universidad de las Artes\",\"description\":\"Sitio oficial de la Universidad Nacional de las Artes del Ecuador\",\"publisher\":{\"@id\":\"https:\\\/\\\/www.uartes.edu.ec\\\/sitio\\\/fr\\\/#organization\"},\"potentialAction\":[{\"@type\":\"SearchAction\",\"target\":{\"@type\":\"EntryPoint\",\"urlTemplate\":\"https:\\\/\\\/www.uartes.edu.ec\\\/sitio\\\/fr\\\/?s={search_term_string}\"},\"query-input\":{\"@type\":\"PropertyValueSpecification\",\"valueRequired\":true,\"valueName\":\"search_term_string\"}}],\"inLanguage\":\"fr-FR\"},{\"@type\":\"Organization\",\"@id\":\"https:\\\/\\\/www.uartes.edu.ec\\\/sitio\\\/fr\\\/#organization\",\"name\":\"Universidad de las Artes\",\"url\":\"https:\\\/\\\/www.uartes.edu.ec\\\/sitio\\\/fr\\\/\",\"logo\":{\"@type\":\"ImageObject\",\"inLanguage\":\"fr-FR\",\"@id\":\"https:\\\/\\\/www.uartes.edu.ec\\\/sitio\\\/fr\\\/#\\\/schema\\\/logo\\\/image\\\/\",\"url\":\"https:\\\/\\\/www.uartes.edu.ec\\\/sitio\\\/wp-content\\\/uploads\\\/2022\\\/07\\\/logo-ua-horizontal.png\",\"contentUrl\":\"https:\\\/\\\/www.uartes.edu.ec\\\/sitio\\\/wp-content\\\/uploads\\\/2022\\\/07\\\/logo-ua-horizontal.png\",\"width\":800,\"height\":276,\"caption\":\"Universidad de las Artes\"},\"image\":{\"@id\":\"https:\\\/\\\/www.uartes.edu.ec\\\/sitio\\\/fr\\\/#\\\/schema\\\/logo\\\/image\\\/\"},\"sameAs\":[\"https:\\\/\\\/www.facebook.com\\\/uartesec\",\"https:\\\/\\\/x.com\\\/uartesec\",\"https:\\\/\\\/www.tiktok.com\\\/@uartesec\"]},{\"@type\":\"Person\",\"@id\":\"https:\\\/\\\/www.uartes.edu.ec\\\/sitio\\\/fr\\\/#\\\/schema\\\/person\\\/f33f8c1d2af0d5c80a38c8abf458184a\",\"name\":\"Universidad de las Artes\",\"image\":{\"@type\":\"ImageObject\",\"inLanguage\":\"fr-FR\",\"@id\":\"https:\\\/\\\/secure.gravatar.com\\\/avatar\\\/52e4757902f5cfa5ac52d020e5be83cae5487519154b6c35482fe08d589f3c13?s=96&d=mm&r=g\",\"url\":\"https:\\\/\\\/secure.gravatar.com\\\/avatar\\\/52e4757902f5cfa5ac52d020e5be83cae5487519154b6c35482fe08d589f3c13?s=96&d=mm&r=g\",\"contentUrl\":\"https:\\\/\\\/secure.gravatar.com\\\/avatar\\\/52e4757902f5cfa5ac52d020e5be83cae5487519154b6c35482fe08d589f3c13?s=96&d=mm&r=g\",\"caption\":\"Universidad de las Artes\"},\"url\":\"https:\\\/\\\/www.uartes.edu.ec\\\/sitio\\\/fr\\\/blog\\\/author\\\/dircomadm\\\/\"}]}<\/script>\n<!-- \/ Yoast SEO plugin. -->","yoast_head_json":{"title":"Universidad de las Artes - Docente Lorena Toro, seleccionada al IV Encuentro de Estudios Cr\u00edticos del Teatro","description":"Universidad de las Artes - Docente Lorena Toro, seleccionada al IV Encuentro de Estudios Cr\u00edticos del Teatro","robots":{"index":"index","follow":"follow","max-snippet":"max-snippet:-1","max-image-preview":"max-image-preview:large","max-video-preview":"max-video-preview:-1"},"canonical":"https:\/\/www.uartes.edu.ec\/sitio\/fr\/blog\/2020\/05\/06\/docente-lorena-toro-seleccionada-al-iv-encuentro-de-estudios-criticos-del-teatro\/","og_locale":"fr_FR","og_type":"article","og_title":"Universidad de las Artes - Docente Lorena Toro, seleccionada al IV Encuentro de Estudios Cr\u00edticos del Teatro","og_description":"Universidad de las Artes - Docente Lorena Toro, seleccionada al IV Encuentro de Estudios Cr\u00edticos del Teatro","og_url":"https:\/\/www.uartes.edu.ec\/sitio\/fr\/blog\/2020\/05\/06\/docente-lorena-toro-seleccionada-al-iv-encuentro-de-estudios-criticos-del-teatro\/","og_site_name":"Universidad de las Artes","article_publisher":"https:\/\/www.facebook.com\/uartesec","article_published_time":"2020-05-07T01:34:00+00:00","article_modified_time":"2024-07-04T16:43:15+00:00","og_image":[{"width":960,"height":640,"url":"https:\/\/www.uartes.edu.ec\/sitio\/wp-content\/uploads\/2020\/05\/Lorena-Toro-Vargas.jpg","type":"image\/jpeg"}],"author":"Universidad de las Artes","twitter_card":"summary_large_image","twitter_creator":"@uartesec","twitter_site":"@uartesec","twitter_misc":{"\u00c9crit par":"Universidad de las Artes","Dur\u00e9e de lecture estim\u00e9e":"3 minutes"},"schema":{"@context":"https:\/\/schema.org","@graph":[{"@type":"Article","@id":"https:\/\/www.uartes.edu.ec\/sitio\/fr\/blog\/2020\/05\/06\/docente-lorena-toro-seleccionada-al-iv-encuentro-de-estudios-criticos-del-teatro\/#article","isPartOf":{"@id":"https:\/\/www.uartes.edu.ec\/sitio\/fr\/blog\/2020\/05\/06\/docente-lorena-toro-seleccionada-al-iv-encuentro-de-estudios-criticos-del-teatro\/"},"author":{"name":"Universidad de las Artes","@id":"https:\/\/www.uartes.edu.ec\/sitio\/fr\/#\/schema\/person\/f33f8c1d2af0d5c80a38c8abf458184a"},"headline":"Docente Lorena Toro, seleccionada al IV Encuentro de Estudios Cr\u00edticos del Teatro","datePublished":"2020-05-07T01:34:00+00:00","dateModified":"2024-07-04T16:43:15+00:00","mainEntityOfPage":{"@id":"https:\/\/www.uartes.edu.ec\/sitio\/fr\/blog\/2020\/05\/06\/docente-lorena-toro-seleccionada-al-iv-encuentro-de-estudios-criticos-del-teatro\/"},"wordCount":610,"publisher":{"@id":"https:\/\/www.uartes.edu.ec\/sitio\/fr\/#organization"},"image":{"@id":"https:\/\/www.uartes.edu.ec\/sitio\/fr\/blog\/2020\/05\/06\/docente-lorena-toro-seleccionada-al-iv-encuentro-de-estudios-criticos-del-teatro\/#primaryimage"},"thumbnailUrl":"https:\/\/www.uartes.edu.ec\/sitio\/wp-content\/uploads\/2020\/05\/Lorena-Toro-Vargas.jpg","articleSection":["Artes","Artes Esc\u00e9nicas","Docentes"],"inLanguage":"fr-FR"},{"@type":["WebPage","ItemPage"],"@id":"https:\/\/www.uartes.edu.ec\/sitio\/fr\/blog\/2020\/05\/06\/docente-lorena-toro-seleccionada-al-iv-encuentro-de-estudios-criticos-del-teatro\/","url":"https:\/\/www.uartes.edu.ec\/sitio\/fr\/blog\/2020\/05\/06\/docente-lorena-toro-seleccionada-al-iv-encuentro-de-estudios-criticos-del-teatro\/","name":"Universidad de las Artes - Docente Lorena Toro, seleccionada al IV Encuentro de Estudios Cr\u00edticos del Teatro","isPartOf":{"@id":"https:\/\/www.uartes.edu.ec\/sitio\/fr\/#website"},"primaryImageOfPage":{"@id":"https:\/\/www.uartes.edu.ec\/sitio\/fr\/blog\/2020\/05\/06\/docente-lorena-toro-seleccionada-al-iv-encuentro-de-estudios-criticos-del-teatro\/#primaryimage"},"image":{"@id":"https:\/\/www.uartes.edu.ec\/sitio\/fr\/blog\/2020\/05\/06\/docente-lorena-toro-seleccionada-al-iv-encuentro-de-estudios-criticos-del-teatro\/#primaryimage"},"thumbnailUrl":"https:\/\/www.uartes.edu.ec\/sitio\/wp-content\/uploads\/2020\/05\/Lorena-Toro-Vargas.jpg","datePublished":"2020-05-07T01:34:00+00:00","dateModified":"2024-07-04T16:43:15+00:00","description":"Universidad de las Artes - Docente Lorena Toro, seleccionada al IV Encuentro de Estudios Cr\u00edticos del Teatro","breadcrumb":{"@id":"https:\/\/www.uartes.edu.ec\/sitio\/fr\/blog\/2020\/05\/06\/docente-lorena-toro-seleccionada-al-iv-encuentro-de-estudios-criticos-del-teatro\/#breadcrumb"},"inLanguage":"fr-FR","potentialAction":[{"@type":"ReadAction","target":["https:\/\/www.uartes.edu.ec\/sitio\/fr\/blog\/2020\/05\/06\/docente-lorena-toro-seleccionada-al-iv-encuentro-de-estudios-criticos-del-teatro\/"]}]},{"@type":"ImageObject","inLanguage":"fr-FR","@id":"https:\/\/www.uartes.edu.ec\/sitio\/fr\/blog\/2020\/05\/06\/docente-lorena-toro-seleccionada-al-iv-encuentro-de-estudios-criticos-del-teatro\/#primaryimage","url":"https:\/\/www.uartes.edu.ec\/sitio\/wp-content\/uploads\/2020\/05\/Lorena-Toro-Vargas.jpg","contentUrl":"https:\/\/www.uartes.edu.ec\/sitio\/wp-content\/uploads\/2020\/05\/Lorena-Toro-Vargas.jpg","width":960,"height":640},{"@type":"BreadcrumbList","@id":"https:\/\/www.uartes.edu.ec\/sitio\/fr\/blog\/2020\/05\/06\/docente-lorena-toro-seleccionada-al-iv-encuentro-de-estudios-criticos-del-teatro\/#breadcrumb","itemListElement":[{"@type":"ListItem","position":1,"name":"Inicio","item":"https:\/\/www.uartes.edu.ec\/sitio\/"},{"@type":"ListItem","position":2,"name":"Docente Lorena Toro, seleccionada al IV Encuentro de Estudios Cr\u00edticos del Teatro"}]},{"@type":"WebSite","@id":"https:\/\/www.uartes.edu.ec\/sitio\/fr\/#website","url":"https:\/\/www.uartes.edu.ec\/sitio\/fr\/","name":"Universidad de las Artes","description":"Sitio oficial de la Universidad Nacional de las Artes del Ecuador","publisher":{"@id":"https:\/\/www.uartes.edu.ec\/sitio\/fr\/#organization"},"potentialAction":[{"@type":"SearchAction","target":{"@type":"EntryPoint","urlTemplate":"https:\/\/www.uartes.edu.ec\/sitio\/fr\/?s={search_term_string}"},"query-input":{"@type":"PropertyValueSpecification","valueRequired":true,"valueName":"search_term_string"}}],"inLanguage":"fr-FR"},{"@type":"Organization","@id":"https:\/\/www.uartes.edu.ec\/sitio\/fr\/#organization","name":"Universidad de las Artes","url":"https:\/\/www.uartes.edu.ec\/sitio\/fr\/","logo":{"@type":"ImageObject","inLanguage":"fr-FR","@id":"https:\/\/www.uartes.edu.ec\/sitio\/fr\/#\/schema\/logo\/image\/","url":"https:\/\/www.uartes.edu.ec\/sitio\/wp-content\/uploads\/2022\/07\/logo-ua-horizontal.png","contentUrl":"https:\/\/www.uartes.edu.ec\/sitio\/wp-content\/uploads\/2022\/07\/logo-ua-horizontal.png","width":800,"height":276,"caption":"Universidad de las Artes"},"image":{"@id":"https:\/\/www.uartes.edu.ec\/sitio\/fr\/#\/schema\/logo\/image\/"},"sameAs":["https:\/\/www.facebook.com\/uartesec","https:\/\/x.com\/uartesec","https:\/\/www.tiktok.com\/@uartesec"]},{"@type":"Person","@id":"https:\/\/www.uartes.edu.ec\/sitio\/fr\/#\/schema\/person\/f33f8c1d2af0d5c80a38c8abf458184a","name":"Universidad de las Artes","image":{"@type":"ImageObject","inLanguage":"fr-FR","@id":"https:\/\/secure.gravatar.com\/avatar\/52e4757902f5cfa5ac52d020e5be83cae5487519154b6c35482fe08d589f3c13?s=96&d=mm&r=g","url":"https:\/\/secure.gravatar.com\/avatar\/52e4757902f5cfa5ac52d020e5be83cae5487519154b6c35482fe08d589f3c13?s=96&d=mm&r=g","contentUrl":"https:\/\/secure.gravatar.com\/avatar\/52e4757902f5cfa5ac52d020e5be83cae5487519154b6c35482fe08d589f3c13?s=96&d=mm&r=g","caption":"Universidad de las Artes"},"url":"https:\/\/www.uartes.edu.ec\/sitio\/fr\/blog\/author\/dircomadm\/"}]}},"uagb_featured_image_src":{"full":["https:\/\/www.uartes.edu.ec\/sitio\/wp-content\/uploads\/2020\/05\/Lorena-Toro-Vargas.jpg",960,640,false],"thumbnail":["https:\/\/www.uartes.edu.ec\/sitio\/wp-content\/uploads\/2020\/05\/Lorena-Toro-Vargas-150x150.jpg",150,150,true],"medium":["https:\/\/www.uartes.edu.ec\/sitio\/wp-content\/uploads\/2020\/05\/Lorena-Toro-Vargas-300x200.jpg",300,200,true],"medium_large":["https:\/\/www.uartes.edu.ec\/sitio\/wp-content\/uploads\/2020\/05\/Lorena-Toro-Vargas-768x512.jpg",768,512,true],"large":["https:\/\/www.uartes.edu.ec\/sitio\/wp-content\/uploads\/2020\/05\/Lorena-Toro-Vargas-644x429.jpg",644,429,true],"1536x1536":["https:\/\/www.uartes.edu.ec\/sitio\/wp-content\/uploads\/2020\/05\/Lorena-Toro-Vargas.jpg",960,640,false],"2048x2048":["https:\/\/www.uartes.edu.ec\/sitio\/wp-content\/uploads\/2020\/05\/Lorena-Toro-Vargas.jpg",960,640,false],"trp-custom-language-flag":["https:\/\/www.uartes.edu.ec\/sitio\/wp-content\/uploads\/2020\/05\/Lorena-Toro-Vargas.jpg",18,12,false],"htmega_size_585x295":["https:\/\/www.uartes.edu.ec\/sitio\/wp-content\/uploads\/2020\/05\/Lorena-Toro-Vargas.jpg",443,295,false],"htmega_size_1170x536":["https:\/\/www.uartes.edu.ec\/sitio\/wp-content\/uploads\/2020\/05\/Lorena-Toro-Vargas.jpg",804,536,false],"htmega_size_396x360":["https:\/\/www.uartes.edu.ec\/sitio\/wp-content\/uploads\/2020\/05\/Lorena-Toro-Vargas.jpg",396,264,false],"gb-block-post-grid-landscape":["https:\/\/www.uartes.edu.ec\/sitio\/wp-content\/uploads\/2020\/05\/Lorena-Toro-Vargas.jpg",600,400,false],"gb-block-post-grid-square":["https:\/\/www.uartes.edu.ec\/sitio\/wp-content\/uploads\/2020\/05\/Lorena-Toro-Vargas.jpg",600,400,false],"university-hub-thumb":["https:\/\/www.uartes.edu.ec\/sitio\/wp-content\/uploads\/2020\/05\/Lorena-Toro-Vargas-400x267.jpg",400,267,true]},"uagb_author_info":{"display_name":"Universidad de las Artes","author_link":"https:\/\/www.uartes.edu.ec\/sitio\/fr\/blog\/author\/dircomadm\/"},"uagb_comment_info":0,"uagb_excerpt":"La docente Lorena Toro, de la Escuela de Artes Esc\u00e9nicas de la Universidad de las Artes, ha sido seleccionada para participar en el IV Encuentro de Estudios Cr\u00edticos del Teatro, convocado por la Secretar\u00eda de Cultura mexicana, a trav\u00e9s del Centro Cultural Hel\u00e9nico y 17, Instituto de Estudios Cr\u00edticos.","featured_image_src":"https:\/\/www.uartes.edu.ec\/sitio\/wp-content\/uploads\/2020\/05\/Lorena-Toro-Vargas.jpg","featured_image_src_square":"https:\/\/www.uartes.edu.ec\/sitio\/wp-content\/uploads\/2020\/05\/Lorena-Toro-Vargas.jpg","author_info":{"display_name":"Universidad de las Artes","author_link":"https:\/\/www.uartes.edu.ec\/sitio\/fr\/blog\/author\/dircomadm\/"},"publishpress_future_workflow_manual_trigger":{"enabledWorkflows":[]},"distributor_meta":false,"distributor_terms":false,"distributor_media":false,"distributor_original_site_name":"Universidad de las Artes","distributor_original_site_url":"https:\/\/www.uartes.edu.ec\/sitio\/fr","push-errors":false,"_links":{"self":[{"href":"https:\/\/www.uartes.edu.ec\/sitio\/fr\/wp-json\/wp\/v2\/posts\/6877","targetHints":{"allow":["GET"]}}],"collection":[{"href":"https:\/\/www.uartes.edu.ec\/sitio\/fr\/wp-json\/wp\/v2\/posts"}],"about":[{"href":"https:\/\/www.uartes.edu.ec\/sitio\/fr\/wp-json\/wp\/v2\/types\/post"}],"author":[{"embeddable":true,"href":"https:\/\/www.uartes.edu.ec\/sitio\/fr\/wp-json\/wp\/v2\/users\/1"}],"replies":[{"embeddable":true,"href":"https:\/\/www.uartes.edu.ec\/sitio\/fr\/wp-json\/wp\/v2\/comments?post=6877"}],"version-history":[{"count":1,"href":"https:\/\/www.uartes.edu.ec\/sitio\/fr\/wp-json\/wp\/v2\/posts\/6877\/revisions"}],"predecessor-version":[{"id":6879,"href":"https:\/\/www.uartes.edu.ec\/sitio\/fr\/wp-json\/wp\/v2\/posts\/6877\/revisions\/6879"}],"wp:featuredmedia":[{"embeddable":true,"href":"https:\/\/www.uartes.edu.ec\/sitio\/fr\/wp-json\/wp\/v2\/media\/6878"}],"wp:attachment":[{"href":"https:\/\/www.uartes.edu.ec\/sitio\/fr\/wp-json\/wp\/v2\/media?parent=6877"}],"wp:term":[{"taxonomy":"category","embeddable":true,"href":"https:\/\/www.uartes.edu.ec\/sitio\/fr\/wp-json\/wp\/v2\/categories?post=6877"},{"taxonomy":"post_tag","embeddable":true,"href":"https:\/\/www.uartes.edu.ec\/sitio\/fr\/wp-json\/wp\/v2\/tags?post=6877"},{"taxonomy":"infouartes","embeddable":true,"href":"https:\/\/www.uartes.edu.ec\/sitio\/fr\/wp-json\/wp\/v2\/infouartes?post=6877"}],"curies":[{"name":"wp","href":"https:\/\/api.w.org\/{rel}","templated":true}]}}