{"id":68865,"date":"2025-02-27T18:33:00","date_gmt":"2025-02-27T23:33:00","guid":{"rendered":"https:\/\/www.uartes.edu.ec\/sitio\/?p=68865"},"modified":"2025-03-05T16:32:19","modified_gmt":"2025-03-05T21:32:19","slug":"nivelacion-uartes-cierra-con-jornada-artistica-y-creativa-resultados-del-proceso-se-presentaron-en-el-maac","status":"publish","type":"post","link":"https:\/\/www.uartes.edu.ec\/sitio\/fr\/blog\/2025\/02\/27\/nivelacion-uartes-cierra-con-jornada-artistica-y-creativa-resultados-del-proceso-se-presentaron-en-el-maac\/","title":{"rendered":"Nivelaci\u00f3n de la UArtes cierra con jornada art\u00edstica y creativa; resultados del proceso se presentaron en instalaciones del MAAC"},"content":{"rendered":"<p>El programa de Nivelaci\u00f3n de la Universidad de las Artes tuvo este mi\u00e9rcoles 26 de febrero de 2025 su jornada art\u00edstica y creativa de cierre en las instalaciones del Museo Antropol\u00f3gico y de Arte Contempor\u00e1neo. La UArtes mantiene un convenio de cooperaci\u00f3n interinstitucional con la entidad y es por ello que los estudiantes pudieron presentar los resultados de sus procesos formativos en el lobby, el auditorio y sala de taller del MAAC.<\/p>\n\n\n\n<p>Junto con los profesores y autoridades universitarias, los alumnos contaron con el acompa\u00f1amiento de la comunidad y sus familiares. El lobby fue el escenario donde arrancaron las actividades programadas. Los estudiantes Karla S\u00e1nchez y Est\u00e9fano de la Torre actuaron como presentadores y tras la respectiva bienvenida anunciaron la intervenci\u00f3n de Juan Jos\u00e9 Rocha, director de Acompa\u00f1amiento al \u00c9xito Acad\u00e9mico, quien destac\u00f3 que lo que se iba presentar en ese recinto era resultado de lo construido durante el periodo de Nivelaci\u00f3n.<\/p>\n\n\n\n<p>\u201cEsta muestra final evidencia el trabajo constante de ustedes, de su familia, de sus profes, de la Jefatura de Nivelaci\u00f3n y de la UArtes. La universidad no para, est\u00e1 en constante movimiento. Hoy es el fin de una etapa e inicia otra en el proceso de vuestra formaci\u00f3n como artistas y profesionales\u201d, refiri\u00f3 Rocha.<\/p>\n\n\n<div class=\"wp-block-image\">\n<figure class=\"aligncenter size-large\"><img fetchpriority=\"high\" decoding=\"async\" width=\"644\" height=\"429\" src=\"https:\/\/www.uartes.edu.ec\/sitio\/wp-content\/uploads\/2025\/03\/01-APERTURA-NIVELACION-644x429.jpg\" alt=\"\" class=\"wp-image-68897\" srcset=\"https:\/\/www.uartes.edu.ec\/sitio\/wp-content\/uploads\/2025\/03\/01-APERTURA-NIVELACION-644x429.jpg 644w, https:\/\/www.uartes.edu.ec\/sitio\/wp-content\/uploads\/2025\/03\/01-APERTURA-NIVELACION-300x200.jpg 300w, https:\/\/www.uartes.edu.ec\/sitio\/wp-content\/uploads\/2025\/03\/01-APERTURA-NIVELACION-768x512.jpg 768w, https:\/\/www.uartes.edu.ec\/sitio\/wp-content\/uploads\/2025\/03\/01-APERTURA-NIVELACION-1536x1024.jpg 1536w, https:\/\/www.uartes.edu.ec\/sitio\/wp-content\/uploads\/2025\/03\/01-APERTURA-NIVELACION-18x12.jpg 18w, https:\/\/www.uartes.edu.ec\/sitio\/wp-content\/uploads\/2025\/03\/01-APERTURA-NIVELACION-600x400.jpg 600w, https:\/\/www.uartes.edu.ec\/sitio\/wp-content\/uploads\/2025\/03\/01-APERTURA-NIVELACION-400x267.jpg 400w, https:\/\/www.uartes.edu.ec\/sitio\/wp-content\/uploads\/2025\/03\/01-APERTURA-NIVELACION.jpg 2000w\" sizes=\"(max-width: 644px) 100vw, 644px\" \/><\/figure>\n<\/div>\n\n\n<p>Seguidamente, la docente Blanca Rivadeneira Kingman, jefa de Nivelaci\u00f3n, se\u00f1al\u00f3 que la jornada celebraba el cierre de un ciclo muy importante, el final de una etapa de creaci\u00f3n que ha sido, sin duda, un viaje de aprendizaje, esfuerzo y transformaci\u00f3n. Expres\u00f3 agradecimientos a las autoridades de la Universidad de las Artes por el apoyo constante para poder hacer posible el proceso. \u201cSu compromiso con la educaci\u00f3n y las artes permite que espacios como este sigan existiendo y creciendo, y dando oportunidades a quienes sue\u00f1an con crear, investigar y expresare el mundo a trav\u00e9s del arte\u201d.<\/p>\n\n\n\n<p>Rivadeneira se refiri\u00f3 al convenio entre la UArtes y el MAAC, cuya vigencia permite tener espacios para la educaci\u00f3n y el arte contempor\u00e1neo. \u201cGracias a Stephanie Garc\u00eda, su directora; gracias tambi\u00e9n a los docentes que han acompa\u00f1ado la Nivelaci\u00f3n\u201d, dijo y mencion\u00f3 a varios de ellos, a cargo de las varias asignaturas de carreras como Artes Musicales, Producci\u00f3n Musical, Literatura, Educaci\u00f3n Art\u00edstica Intercultural, Creaci\u00f3n Teatral, Danza, Artes Visuales y Cine.<\/p>\n\n\n\n<p>\u201cGracias por compartir sus conocimientos con entrega y paciencia; gracias tambi\u00e9n a las familias, a los amigos y amigas que sostienen con su cari\u00f1o y confianza los procesos y, sobre todo, gracias a nuestros queridos y queridas estudiantes que han dado forma a esta experiencia con su dedicaci\u00f3n, su curiosidad, su inter\u00e9s constante, su capacidad de cuestionar, de imaginar y, sobre todo, de reinventar\u201d.<\/p>\n\n\n\n<p>La jefa de Nivelaci\u00f3n refiri\u00f3 que el cierre de todo ciclo siempre es un momento de reflexi\u00f3n. \u201cHemos sembrado, hemos cosechado y ahora estamos disfrutando de esas cosechas, siempre revisando las fortalezas que aprendimos y tambi\u00e9n esos desaf\u00edos y esos retos que nos permiten seguir aprendiendo\u201d.<\/p>\n\n\n<div class=\"wp-block-image\">\n<figure class=\"aligncenter size-large is-resized\"><img decoding=\"async\" width=\"644\" height=\"483\" src=\"https:\/\/www.uartes.edu.ec\/sitio\/wp-content\/uploads\/2025\/03\/Creacion3-644x483.jpg\" alt=\"\" class=\"wp-image-68898\" style=\"width:572px;height:auto\" srcset=\"https:\/\/www.uartes.edu.ec\/sitio\/wp-content\/uploads\/2025\/03\/Creacion3-644x483.jpg 644w, https:\/\/www.uartes.edu.ec\/sitio\/wp-content\/uploads\/2025\/03\/Creacion3-300x225.jpg 300w, https:\/\/www.uartes.edu.ec\/sitio\/wp-content\/uploads\/2025\/03\/Creacion3-768x576.jpg 768w, https:\/\/www.uartes.edu.ec\/sitio\/wp-content\/uploads\/2025\/03\/Creacion3-1536x1152.jpg 1536w, https:\/\/www.uartes.edu.ec\/sitio\/wp-content\/uploads\/2025\/03\/Creacion3-16x12.jpg 16w, https:\/\/www.uartes.edu.ec\/sitio\/wp-content\/uploads\/2025\/03\/Creacion3-400x300.jpg 400w, https:\/\/www.uartes.edu.ec\/sitio\/wp-content\/uploads\/2025\/03\/Creacion3.jpg 1778w\" sizes=\"(max-width: 644px) 100vw, 644px\" \/><\/figure>\n<\/div>\n\n\n<p>Del aprendizaje, Rivadeneira evidenci\u00f3 sus dos caras. Lo que ya sabemos y con lo que nos sentimos fuertes, y los desaf\u00edos y retos que permiten continuar. Junto con los estudiantes, la comunidad universitaria celebra no solo lo que han aprendido, sino lo vivido. \u201cSigamos apostando por el arte como una forma de pensamiento, como una forma de resistencia, como una forma de encuentro y de transformaci\u00f3n\u201d, concluy\u00f3.<\/p>\n\n\n\n<p>Las palabras de la jefa de Nivelaci\u00f3n marcaron el inicio para que los estudiantes de Creaci\u00f3n Teatral pusieron sus cuerpos en movimiento en una presentaci\u00f3n que dio cuenta de sus primeros pasos en la UArtes. Lo hicieron luego de que Abigail Tufi\u00f1o improvisara con su saxof\u00f3n, primero, y luego interpretara el solo de \u201cBaker Street\u201d (de Gerry Rafferty).<\/p>\n\n\n\n<p>Tufi\u00f1o se ubic\u00f3 al fondo de la escena, mientras que en el centro del escenario y dispersos sus compa\u00f1eros fueron abri\u00e9ndose espacio en una constante b\u00fasqueda. Luego interactuaron entre dos, tres y cuatro hasta integrarse y volver a individualizarse, sumergidos en su quehacer, buscando en sus mochilas libros, cuadernos, paraguas que se abrieron, un globo con el que una de las int\u00e9rpretes jugo, mientras otra observaba la mu\u00f1eca que sac\u00f3 de entre sus pertenencias. Hubo quien uso maquillaje y quien tambi\u00e9n, cuidando la apariencia, alisaba una peluca. Todos escribieron luego en un largo lienzo que dejaron en los pelda\u00f1os de una escalera y volvieron a danzar, caminar, paralizarse; danzar y correr; danzar y moverse, y parar.<\/p>\n\n\n\n<p>El saxof\u00f3n volvi\u00f3 a ser interpretado por Tufi\u00f1o, invitando con su sonar a los int\u00e9rpretes y al p\u00fablico hacia el auditorio del MAAC. All\u00ed se proyectaron los cortometrajes que trabajaron los estudiantes de Cine y de Educaci\u00f3n Art\u00edstica Intercultural, que en la jornada tuvo su primera Nivelaci\u00f3n, as\u00ed como los fragmentos graficados de las producciones musicales trabajadas por alumnos de Artes Sonoras; una sesi\u00f3n de escucha que arranc\u00f3 aplausos y v\u00edtores.<\/p>\n\n\n<div class=\"wp-block-image\">\n<figure class=\"aligncenter size-large\"><img decoding=\"async\" width=\"644\" height=\"429\" src=\"https:\/\/www.uartes.edu.ec\/sitio\/wp-content\/uploads\/2025\/03\/06-APERTURA-NIVELACION-644x429.jpg\" alt=\"\" class=\"wp-image-68899\" srcset=\"https:\/\/www.uartes.edu.ec\/sitio\/wp-content\/uploads\/2025\/03\/06-APERTURA-NIVELACION-644x429.jpg 644w, https:\/\/www.uartes.edu.ec\/sitio\/wp-content\/uploads\/2025\/03\/06-APERTURA-NIVELACION-300x200.jpg 300w, https:\/\/www.uartes.edu.ec\/sitio\/wp-content\/uploads\/2025\/03\/06-APERTURA-NIVELACION-768x512.jpg 768w, https:\/\/www.uartes.edu.ec\/sitio\/wp-content\/uploads\/2025\/03\/06-APERTURA-NIVELACION-1536x1024.jpg 1536w, https:\/\/www.uartes.edu.ec\/sitio\/wp-content\/uploads\/2025\/03\/06-APERTURA-NIVELACION-18x12.jpg 18w, https:\/\/www.uartes.edu.ec\/sitio\/wp-content\/uploads\/2025\/03\/06-APERTURA-NIVELACION-600x400.jpg 600w, https:\/\/www.uartes.edu.ec\/sitio\/wp-content\/uploads\/2025\/03\/06-APERTURA-NIVELACION-400x267.jpg 400w, https:\/\/www.uartes.edu.ec\/sitio\/wp-content\/uploads\/2025\/03\/06-APERTURA-NIVELACION.jpg 2000w\" sizes=\"(max-width: 644px) 100vw, 644px\" \/><\/figure>\n<\/div>\n\n\n<p>En el auditorio y antes de que las proyecciones se vieran en pantalla, el vicerrector acad\u00e9mico Bradley Hilgert ofreci\u00f3 unas palabras. Cont\u00f3 que estaba de vacaciones, sin embargo, no pod\u00eda dejar de asistir, puesto que del cierre de Nivelaci\u00f3n no solo disfrutaba de ver los resultados, sino del sentido de comunidad que se experimenta. No perderlo fue su recomendaci\u00f3n al concluir su breve, pero sentida intervenci\u00f3n.<\/p>\n\n\n\n<p>Cabe anotar que, de la nueva carrera de la Escuela de Literatura se mostr\u00f3 durante la jornada \u2013y tambi\u00e9n como resultados del proceso formativo\u2013 un mural interactivo, donde los presentes pod\u00edan dejar mensajes. Antes, deb\u00edan pasar por una estaci\u00f3n de globos que en las manos de un grupo de alumnas adquirieron m\u00faltiples formas, una antesala donde se retiraban, adem\u00e1s, los postis que deb\u00edan adherirse al mural con aquello que espont\u00e1neamente se quer\u00eda transmitir.<\/p>\n\n\n\n<p>Tambi\u00e9n de Educaci\u00f3n Art\u00edstica Intercultural hubo un stand con manufacturas creadas en comunidad y otras muestras del trabajo en territorio. Junto con los alumnos de Cine, los de esta nueva carrera presentaron tambi\u00e9n en el auditorio los proyectos audiovisuales \u201c\u00d1ukanchik\u201d, \u201cNegra\u201d, \u201cSer artista\u201d, \u201cSerendipia\u201d, \u201cAdem\u00e1n\u201d y \u201cRostro perfecto\u201d, cada uno creado y producido con tem\u00e1ticas propias y, a la vez, vinculantes en torno a c\u00f3mo nos vemos, c\u00f3mo nos sentimos, c\u00f3mo nos tratan, c\u00f3mo dejamos ser tratados, qu\u00e9 transmitimos\u2026<\/p>\n\n\n<div class=\"wp-block-image\">\n<figure class=\"aligncenter size-large\"><img loading=\"lazy\" decoding=\"async\" width=\"644\" height=\"429\" src=\"https:\/\/www.uartes.edu.ec\/sitio\/wp-content\/uploads\/2025\/03\/04-APERTURA-NIVELACION-644x429.jpg\" alt=\"\" class=\"wp-image-68900\" srcset=\"https:\/\/www.uartes.edu.ec\/sitio\/wp-content\/uploads\/2025\/03\/04-APERTURA-NIVELACION-644x429.jpg 644w, https:\/\/www.uartes.edu.ec\/sitio\/wp-content\/uploads\/2025\/03\/04-APERTURA-NIVELACION-300x200.jpg 300w, https:\/\/www.uartes.edu.ec\/sitio\/wp-content\/uploads\/2025\/03\/04-APERTURA-NIVELACION-768x512.jpg 768w, https:\/\/www.uartes.edu.ec\/sitio\/wp-content\/uploads\/2025\/03\/04-APERTURA-NIVELACION-1536x1024.jpg 1536w, https:\/\/www.uartes.edu.ec\/sitio\/wp-content\/uploads\/2025\/03\/04-APERTURA-NIVELACION-18x12.jpg 18w, https:\/\/www.uartes.edu.ec\/sitio\/wp-content\/uploads\/2025\/03\/04-APERTURA-NIVELACION-600x400.jpg 600w, https:\/\/www.uartes.edu.ec\/sitio\/wp-content\/uploads\/2025\/03\/04-APERTURA-NIVELACION-400x267.jpg 400w, https:\/\/www.uartes.edu.ec\/sitio\/wp-content\/uploads\/2025\/03\/04-APERTURA-NIVELACION.jpg 2000w\" sizes=\"(max-width: 644px) 100vw, 644px\" \/><\/figure>\n<\/div>\n\n\n<p>Tras las proyecciones, el p\u00fablico fue invitado a retornar al lobby para las presentaciones de los estudiantes de Danza y de Producci\u00f3n Musical, cuyo repertorio puso a bailar no solo a los estudiantes, sino tambi\u00e9n a los familiares y amigos que los acompa\u00f1aron.<\/p>\n\n\n\n<p>Y mientras los estudiantes de Danza y Producci\u00f3n Musical de Nivelaci\u00f3n presentaban los resultados de sus procesos, en la sala de taller del MAAC, ubicada en el primer del edificio (antes all\u00ed funcionaba la Tienda del MAAC), los alumnos de Visuales expon\u00edan tambi\u00e9n sus proyectos, trabajados en diversas t\u00e9cnicas y texturas.<\/p>\n\n\n\n<p>La jornada del cierre de Nivelaci\u00f3n, que arranc\u00f3 pasadas las 09:00, concluy\u00f3 tambi\u00e9n m\u00e1s all\u00e1 de las 14:00, result\u00f3 una invitaci\u00f3n que llen\u00f3 de orgullo no solo a la UArtes, sino a padres y familiares que vieron, algunos por primera vez, el talento de sus hijos.<\/p>\n\n\n\n<p>Fotos: en la imagen de portada consta la docente Blanca Rivadeneira (c), jefa de Nivelaci\u00f3n. En las siguientes gr\u00e1ficas, Juan Jos\u00e9 Rocha, director de Acompa\u00f1amiento al \u00c9xito Acad\u00e9mico; los estudiantes en la muestra de Creaci\u00f3n Teatral; Bradley Hilgert, vicerrector Acad\u00e9mico; y el mural interactivo de Educaci\u00f3n Art\u00edstica Intercultural.<\/p>\n\n\n\n<p><\/p>","protected":false},"excerpt":{"rendered":"<p>El programa de Nivelaci\u00f3n de la Universidad de las Artes tuvo este 26 de febrero su jornada art\u00edstica y creativa de cierre en las instalaciones del Museo Antropol\u00f3gico y de Arte Contempor\u00e1neo. La UArtes mantiene un convenio de cooperaci\u00f3n interinstitucional con la entidad y es por ello que los estudiantes pudieron presentar los resultados de sus procesos formativos en el lobby, el auditorio y sala de taller del MAAC.<\/p>","protected":false},"author":10,"featured_media":68896,"comment_status":"open","ping_status":"open","sticky":false,"template":"","format":"standard","meta":{"_acf_changed":false,"_uag_custom_page_level_css":"","_monsterinsights_skip_tracking":false,"_monsterinsights_sitenote_active":false,"_monsterinsights_sitenote_note":"","_monsterinsights_sitenote_category":0,"cybocfi_hide_featured_image":"","footnotes":""},"categories":[80,82,159,150,157,147,75,76,175],"tags":[517],"infouartes":[],"class_list":["post-68865","post","type-post","status-publish","format-standard","has-post-thumbnail","hentry","category-academico","category-artes","category-artes-escenicas","category-artes-sonoras","category-artes-visuales","category-cine","category-docentes","category-estudiantes","category-literatura","tag-exposicion"],"acf":[],"yoast_head":"<!-- This site is optimized with the Yoast SEO plugin v27.4 - https:\/\/yoast.com\/product\/yoast-seo-wordpress\/ -->\n<title>Universidad de las Artes - Nivelaci\u00f3n de la UArtes cierra con jornada art\u00edstica y creativa; resultados del proceso se presentaron en instalaciones del MAAC<\/title>\n<meta name=\"description\" content=\"Universidad de las Artes - Nivelaci\u00f3n de la UArtes cierra con jornada art\u00edstica y creativa; resultados del proceso se presentaron en instalaciones del MAAC\" \/>\n<meta name=\"robots\" content=\"index, follow, max-snippet:-1, max-image-preview:large, max-video-preview:-1\" \/>\n<link rel=\"canonical\" href=\"https:\/\/www.uartes.edu.ec\/sitio\/fr\/blog\/2025\/02\/27\/nivelacion-uartes-cierra-con-jornada-artistica-y-creativa-resultados-del-proceso-se-presentaron-en-el-maac\/\" \/>\n<meta property=\"og:locale\" content=\"fr_FR\" \/>\n<meta property=\"og:type\" content=\"article\" \/>\n<meta property=\"og:title\" content=\"Universidad de las Artes - Nivelaci\u00f3n de la UArtes cierra con jornada art\u00edstica y creativa; resultados del proceso se presentaron en instalaciones del MAAC\" \/>\n<meta property=\"og:description\" content=\"Universidad de las Artes - Nivelaci\u00f3n de la UArtes cierra con jornada art\u00edstica y creativa; resultados del proceso se presentaron en instalaciones del MAAC\" \/>\n<meta property=\"og:url\" content=\"https:\/\/www.uartes.edu.ec\/sitio\/fr\/blog\/2025\/02\/27\/nivelacion-uartes-cierra-con-jornada-artistica-y-creativa-resultados-del-proceso-se-presentaron-en-el-maac\/\" \/>\n<meta property=\"og:site_name\" content=\"Universidad de las Artes\" \/>\n<meta property=\"article:publisher\" content=\"https:\/\/www.facebook.com\/uartesec\" \/>\n<meta property=\"article:published_time\" content=\"2025-02-27T23:33:00+00:00\" \/>\n<meta property=\"article:modified_time\" content=\"2025-03-05T21:32:19+00:00\" \/>\n<meta property=\"og:image\" content=\"https:\/\/www.uartes.edu.ec\/sitio\/wp-content\/uploads\/2025\/02\/portada-nivelacion.jpg\" \/>\n\t<meta property=\"og:image:width\" content=\"2000\" \/>\n\t<meta property=\"og:image:height\" content=\"1333\" \/>\n\t<meta property=\"og:image:type\" content=\"image\/jpeg\" \/>\n<meta name=\"author\" content=\"ccortez\" \/>\n<meta name=\"twitter:card\" content=\"summary_large_image\" \/>\n<meta name=\"twitter:creator\" content=\"@uartesec\" \/>\n<meta name=\"twitter:site\" content=\"@uartesec\" \/>\n<meta name=\"twitter:label1\" content=\"\u00c9crit par\" \/>\n\t<meta name=\"twitter:data1\" content=\"ccortez\" \/>\n\t<meta name=\"twitter:label2\" content=\"Dur\u00e9e de lecture estim\u00e9e\" \/>\n\t<meta name=\"twitter:data2\" content=\"7 minutes\" \/>\n<script type=\"application\/ld+json\" class=\"yoast-schema-graph\">{\"@context\":\"https:\\\/\\\/schema.org\",\"@graph\":[{\"@type\":\"Article\",\"@id\":\"https:\\\/\\\/www.uartes.edu.ec\\\/sitio\\\/fr\\\/blog\\\/2025\\\/02\\\/27\\\/nivelacion-uartes-cierra-con-jornada-artistica-y-creativa-resultados-del-proceso-se-presentaron-en-el-maac\\\/#article\",\"isPartOf\":{\"@id\":\"https:\\\/\\\/www.uartes.edu.ec\\\/sitio\\\/fr\\\/blog\\\/2025\\\/02\\\/27\\\/nivelacion-uartes-cierra-con-jornada-artistica-y-creativa-resultados-del-proceso-se-presentaron-en-el-maac\\\/\"},\"author\":{\"name\":\"ccortez\",\"@id\":\"https:\\\/\\\/www.uartes.edu.ec\\\/sitio\\\/fr\\\/#\\\/schema\\\/person\\\/efa1b8275797664fd7f13a79ccc0b1f4\"},\"headline\":\"Nivelaci\u00f3n de la UArtes cierra con jornada art\u00edstica y creativa; resultados del proceso se presentaron en instalaciones del MAAC\",\"datePublished\":\"2025-02-27T23:33:00+00:00\",\"dateModified\":\"2025-03-05T21:32:19+00:00\",\"mainEntityOfPage\":{\"@id\":\"https:\\\/\\\/www.uartes.edu.ec\\\/sitio\\\/fr\\\/blog\\\/2025\\\/02\\\/27\\\/nivelacion-uartes-cierra-con-jornada-artistica-y-creativa-resultados-del-proceso-se-presentaron-en-el-maac\\\/\"},\"wordCount\":1325,\"commentCount\":0,\"publisher\":{\"@id\":\"https:\\\/\\\/www.uartes.edu.ec\\\/sitio\\\/fr\\\/#organization\"},\"image\":{\"@id\":\"https:\\\/\\\/www.uartes.edu.ec\\\/sitio\\\/fr\\\/blog\\\/2025\\\/02\\\/27\\\/nivelacion-uartes-cierra-con-jornada-artistica-y-creativa-resultados-del-proceso-se-presentaron-en-el-maac\\\/#primaryimage\"},\"thumbnailUrl\":\"https:\\\/\\\/www.uartes.edu.ec\\\/sitio\\\/wp-content\\\/uploads\\\/2025\\\/02\\\/portada-nivelacion.jpg\",\"keywords\":[\"exposici\u00f3n\"],\"articleSection\":[\"Acad\u00e9mico\",\"Artes\",\"Artes Esc\u00e9nicas\",\"Artes Sonoras\",\"Artes Visuales\",\"Cine\",\"Docentes\",\"Estudiantes\",\"Literatura\"],\"inLanguage\":\"fr-FR\",\"potentialAction\":[{\"@type\":\"CommentAction\",\"name\":\"Comment\",\"target\":[\"https:\\\/\\\/www.uartes.edu.ec\\\/sitio\\\/fr\\\/blog\\\/2025\\\/02\\\/27\\\/nivelacion-uartes-cierra-con-jornada-artistica-y-creativa-resultados-del-proceso-se-presentaron-en-el-maac\\\/#respond\"]}]},{\"@type\":[\"WebPage\",\"ItemPage\"],\"@id\":\"https:\\\/\\\/www.uartes.edu.ec\\\/sitio\\\/fr\\\/blog\\\/2025\\\/02\\\/27\\\/nivelacion-uartes-cierra-con-jornada-artistica-y-creativa-resultados-del-proceso-se-presentaron-en-el-maac\\\/\",\"url\":\"https:\\\/\\\/www.uartes.edu.ec\\\/sitio\\\/fr\\\/blog\\\/2025\\\/02\\\/27\\\/nivelacion-uartes-cierra-con-jornada-artistica-y-creativa-resultados-del-proceso-se-presentaron-en-el-maac\\\/\",\"name\":\"Universidad de las Artes - Nivelaci\u00f3n de la UArtes cierra con jornada art\u00edstica y creativa; resultados del proceso se presentaron en instalaciones del MAAC\",\"isPartOf\":{\"@id\":\"https:\\\/\\\/www.uartes.edu.ec\\\/sitio\\\/fr\\\/#website\"},\"primaryImageOfPage\":{\"@id\":\"https:\\\/\\\/www.uartes.edu.ec\\\/sitio\\\/fr\\\/blog\\\/2025\\\/02\\\/27\\\/nivelacion-uartes-cierra-con-jornada-artistica-y-creativa-resultados-del-proceso-se-presentaron-en-el-maac\\\/#primaryimage\"},\"image\":{\"@id\":\"https:\\\/\\\/www.uartes.edu.ec\\\/sitio\\\/fr\\\/blog\\\/2025\\\/02\\\/27\\\/nivelacion-uartes-cierra-con-jornada-artistica-y-creativa-resultados-del-proceso-se-presentaron-en-el-maac\\\/#primaryimage\"},\"thumbnailUrl\":\"https:\\\/\\\/www.uartes.edu.ec\\\/sitio\\\/wp-content\\\/uploads\\\/2025\\\/02\\\/portada-nivelacion.jpg\",\"datePublished\":\"2025-02-27T23:33:00+00:00\",\"dateModified\":\"2025-03-05T21:32:19+00:00\",\"description\":\"Universidad de las Artes - Nivelaci\u00f3n de la UArtes cierra con jornada art\u00edstica y creativa; resultados del proceso se presentaron en instalaciones del MAAC\",\"breadcrumb\":{\"@id\":\"https:\\\/\\\/www.uartes.edu.ec\\\/sitio\\\/fr\\\/blog\\\/2025\\\/02\\\/27\\\/nivelacion-uartes-cierra-con-jornada-artistica-y-creativa-resultados-del-proceso-se-presentaron-en-el-maac\\\/#breadcrumb\"},\"inLanguage\":\"fr-FR\",\"potentialAction\":[{\"@type\":\"ReadAction\",\"target\":[\"https:\\\/\\\/www.uartes.edu.ec\\\/sitio\\\/fr\\\/blog\\\/2025\\\/02\\\/27\\\/nivelacion-uartes-cierra-con-jornada-artistica-y-creativa-resultados-del-proceso-se-presentaron-en-el-maac\\\/\"]}]},{\"@type\":\"ImageObject\",\"inLanguage\":\"fr-FR\",\"@id\":\"https:\\\/\\\/www.uartes.edu.ec\\\/sitio\\\/fr\\\/blog\\\/2025\\\/02\\\/27\\\/nivelacion-uartes-cierra-con-jornada-artistica-y-creativa-resultados-del-proceso-se-presentaron-en-el-maac\\\/#primaryimage\",\"url\":\"https:\\\/\\\/www.uartes.edu.ec\\\/sitio\\\/wp-content\\\/uploads\\\/2025\\\/02\\\/portada-nivelacion.jpg\",\"contentUrl\":\"https:\\\/\\\/www.uartes.edu.ec\\\/sitio\\\/wp-content\\\/uploads\\\/2025\\\/02\\\/portada-nivelacion.jpg\",\"width\":2000,\"height\":1333},{\"@type\":\"BreadcrumbList\",\"@id\":\"https:\\\/\\\/www.uartes.edu.ec\\\/sitio\\\/fr\\\/blog\\\/2025\\\/02\\\/27\\\/nivelacion-uartes-cierra-con-jornada-artistica-y-creativa-resultados-del-proceso-se-presentaron-en-el-maac\\\/#breadcrumb\",\"itemListElement\":[{\"@type\":\"ListItem\",\"position\":1,\"name\":\"Inicio\",\"item\":\"https:\\\/\\\/www.uartes.edu.ec\\\/sitio\\\/\"},{\"@type\":\"ListItem\",\"position\":2,\"name\":\"Nivelaci\u00f3n de la UArtes cierra con jornada art\u00edstica y creativa; resultados del proceso se presentaron en instalaciones del MAAC\"}]},{\"@type\":\"WebSite\",\"@id\":\"https:\\\/\\\/www.uartes.edu.ec\\\/sitio\\\/fr\\\/#website\",\"url\":\"https:\\\/\\\/www.uartes.edu.ec\\\/sitio\\\/fr\\\/\",\"name\":\"Universidad de las Artes\",\"description\":\"Sitio oficial de la Universidad Nacional de las Artes del Ecuador\",\"publisher\":{\"@id\":\"https:\\\/\\\/www.uartes.edu.ec\\\/sitio\\\/fr\\\/#organization\"},\"potentialAction\":[{\"@type\":\"SearchAction\",\"target\":{\"@type\":\"EntryPoint\",\"urlTemplate\":\"https:\\\/\\\/www.uartes.edu.ec\\\/sitio\\\/fr\\\/?s={search_term_string}\"},\"query-input\":{\"@type\":\"PropertyValueSpecification\",\"valueRequired\":true,\"valueName\":\"search_term_string\"}}],\"inLanguage\":\"fr-FR\"},{\"@type\":\"Organization\",\"@id\":\"https:\\\/\\\/www.uartes.edu.ec\\\/sitio\\\/fr\\\/#organization\",\"name\":\"Universidad de las Artes\",\"url\":\"https:\\\/\\\/www.uartes.edu.ec\\\/sitio\\\/fr\\\/\",\"logo\":{\"@type\":\"ImageObject\",\"inLanguage\":\"fr-FR\",\"@id\":\"https:\\\/\\\/www.uartes.edu.ec\\\/sitio\\\/fr\\\/#\\\/schema\\\/logo\\\/image\\\/\",\"url\":\"https:\\\/\\\/www.uartes.edu.ec\\\/sitio\\\/wp-content\\\/uploads\\\/2022\\\/07\\\/logo-ua-horizontal.png\",\"contentUrl\":\"https:\\\/\\\/www.uartes.edu.ec\\\/sitio\\\/wp-content\\\/uploads\\\/2022\\\/07\\\/logo-ua-horizontal.png\",\"width\":800,\"height\":276,\"caption\":\"Universidad de las Artes\"},\"image\":{\"@id\":\"https:\\\/\\\/www.uartes.edu.ec\\\/sitio\\\/fr\\\/#\\\/schema\\\/logo\\\/image\\\/\"},\"sameAs\":[\"https:\\\/\\\/www.facebook.com\\\/uartesec\",\"https:\\\/\\\/x.com\\\/uartesec\",\"https:\\\/\\\/www.tiktok.com\\\/@uartesec\"]},{\"@type\":\"Person\",\"@id\":\"https:\\\/\\\/www.uartes.edu.ec\\\/sitio\\\/fr\\\/#\\\/schema\\\/person\\\/efa1b8275797664fd7f13a79ccc0b1f4\",\"name\":\"ccortez\",\"image\":{\"@type\":\"ImageObject\",\"inLanguage\":\"fr-FR\",\"@id\":\"https:\\\/\\\/secure.gravatar.com\\\/avatar\\\/b2a6f664a3ae8e074346ef91775736c5ec479e637ecced6842de9dc98b5da9cd?s=96&d=mm&r=g\",\"url\":\"https:\\\/\\\/secure.gravatar.com\\\/avatar\\\/b2a6f664a3ae8e074346ef91775736c5ec479e637ecced6842de9dc98b5da9cd?s=96&d=mm&r=g\",\"contentUrl\":\"https:\\\/\\\/secure.gravatar.com\\\/avatar\\\/b2a6f664a3ae8e074346ef91775736c5ec479e637ecced6842de9dc98b5da9cd?s=96&d=mm&r=g\",\"caption\":\"ccortez\"},\"url\":\"https:\\\/\\\/www.uartes.edu.ec\\\/sitio\\\/fr\\\/blog\\\/author\\\/ccortez\\\/\"}]}<\/script>\n<!-- \/ Yoast SEO plugin. -->","yoast_head_json":{"title":"Universidad de las Artes - Nivelaci\u00f3n de la UArtes cierra con jornada art\u00edstica y creativa; resultados del proceso se presentaron en instalaciones del MAAC","description":"Universidad de las Artes - Nivelaci\u00f3n de la UArtes cierra con jornada art\u00edstica y creativa; resultados del proceso se presentaron en instalaciones del MAAC","robots":{"index":"index","follow":"follow","max-snippet":"max-snippet:-1","max-image-preview":"max-image-preview:large","max-video-preview":"max-video-preview:-1"},"canonical":"https:\/\/www.uartes.edu.ec\/sitio\/fr\/blog\/2025\/02\/27\/nivelacion-uartes-cierra-con-jornada-artistica-y-creativa-resultados-del-proceso-se-presentaron-en-el-maac\/","og_locale":"fr_FR","og_type":"article","og_title":"Universidad de las Artes - Nivelaci\u00f3n de la UArtes cierra con jornada art\u00edstica y creativa; resultados del proceso se presentaron en instalaciones del MAAC","og_description":"Universidad de las Artes - Nivelaci\u00f3n de la UArtes cierra con jornada art\u00edstica y creativa; resultados del proceso se presentaron en instalaciones del MAAC","og_url":"https:\/\/www.uartes.edu.ec\/sitio\/fr\/blog\/2025\/02\/27\/nivelacion-uartes-cierra-con-jornada-artistica-y-creativa-resultados-del-proceso-se-presentaron-en-el-maac\/","og_site_name":"Universidad de las Artes","article_publisher":"https:\/\/www.facebook.com\/uartesec","article_published_time":"2025-02-27T23:33:00+00:00","article_modified_time":"2025-03-05T21:32:19+00:00","og_image":[{"width":2000,"height":1333,"url":"https:\/\/www.uartes.edu.ec\/sitio\/wp-content\/uploads\/2025\/02\/portada-nivelacion.jpg","type":"image\/jpeg"}],"author":"ccortez","twitter_card":"summary_large_image","twitter_creator":"@uartesec","twitter_site":"@uartesec","twitter_misc":{"\u00c9crit par":"ccortez","Dur\u00e9e de lecture estim\u00e9e":"7 minutes"},"schema":{"@context":"https:\/\/schema.org","@graph":[{"@type":"Article","@id":"https:\/\/www.uartes.edu.ec\/sitio\/fr\/blog\/2025\/02\/27\/nivelacion-uartes-cierra-con-jornada-artistica-y-creativa-resultados-del-proceso-se-presentaron-en-el-maac\/#article","isPartOf":{"@id":"https:\/\/www.uartes.edu.ec\/sitio\/fr\/blog\/2025\/02\/27\/nivelacion-uartes-cierra-con-jornada-artistica-y-creativa-resultados-del-proceso-se-presentaron-en-el-maac\/"},"author":{"name":"ccortez","@id":"https:\/\/www.uartes.edu.ec\/sitio\/fr\/#\/schema\/person\/efa1b8275797664fd7f13a79ccc0b1f4"},"headline":"Nivelaci\u00f3n de la UArtes cierra con jornada art\u00edstica y creativa; resultados del proceso se presentaron en instalaciones del MAAC","datePublished":"2025-02-27T23:33:00+00:00","dateModified":"2025-03-05T21:32:19+00:00","mainEntityOfPage":{"@id":"https:\/\/www.uartes.edu.ec\/sitio\/fr\/blog\/2025\/02\/27\/nivelacion-uartes-cierra-con-jornada-artistica-y-creativa-resultados-del-proceso-se-presentaron-en-el-maac\/"},"wordCount":1325,"commentCount":0,"publisher":{"@id":"https:\/\/www.uartes.edu.ec\/sitio\/fr\/#organization"},"image":{"@id":"https:\/\/www.uartes.edu.ec\/sitio\/fr\/blog\/2025\/02\/27\/nivelacion-uartes-cierra-con-jornada-artistica-y-creativa-resultados-del-proceso-se-presentaron-en-el-maac\/#primaryimage"},"thumbnailUrl":"https:\/\/www.uartes.edu.ec\/sitio\/wp-content\/uploads\/2025\/02\/portada-nivelacion.jpg","keywords":["exposici\u00f3n"],"articleSection":["Acad\u00e9mico","Artes","Artes Esc\u00e9nicas","Artes Sonoras","Artes Visuales","Cine","Docentes","Estudiantes","Literatura"],"inLanguage":"fr-FR","potentialAction":[{"@type":"CommentAction","name":"Comment","target":["https:\/\/www.uartes.edu.ec\/sitio\/fr\/blog\/2025\/02\/27\/nivelacion-uartes-cierra-con-jornada-artistica-y-creativa-resultados-del-proceso-se-presentaron-en-el-maac\/#respond"]}]},{"@type":["WebPage","ItemPage"],"@id":"https:\/\/www.uartes.edu.ec\/sitio\/fr\/blog\/2025\/02\/27\/nivelacion-uartes-cierra-con-jornada-artistica-y-creativa-resultados-del-proceso-se-presentaron-en-el-maac\/","url":"https:\/\/www.uartes.edu.ec\/sitio\/fr\/blog\/2025\/02\/27\/nivelacion-uartes-cierra-con-jornada-artistica-y-creativa-resultados-del-proceso-se-presentaron-en-el-maac\/","name":"Universidad de las Artes - Nivelaci\u00f3n de la UArtes cierra con jornada art\u00edstica y creativa; resultados del proceso se presentaron en instalaciones del MAAC","isPartOf":{"@id":"https:\/\/www.uartes.edu.ec\/sitio\/fr\/#website"},"primaryImageOfPage":{"@id":"https:\/\/www.uartes.edu.ec\/sitio\/fr\/blog\/2025\/02\/27\/nivelacion-uartes-cierra-con-jornada-artistica-y-creativa-resultados-del-proceso-se-presentaron-en-el-maac\/#primaryimage"},"image":{"@id":"https:\/\/www.uartes.edu.ec\/sitio\/fr\/blog\/2025\/02\/27\/nivelacion-uartes-cierra-con-jornada-artistica-y-creativa-resultados-del-proceso-se-presentaron-en-el-maac\/#primaryimage"},"thumbnailUrl":"https:\/\/www.uartes.edu.ec\/sitio\/wp-content\/uploads\/2025\/02\/portada-nivelacion.jpg","datePublished":"2025-02-27T23:33:00+00:00","dateModified":"2025-03-05T21:32:19+00:00","description":"Universidad de las Artes - Nivelaci\u00f3n de la UArtes cierra con jornada art\u00edstica y creativa; resultados del proceso se presentaron en instalaciones del MAAC","breadcrumb":{"@id":"https:\/\/www.uartes.edu.ec\/sitio\/fr\/blog\/2025\/02\/27\/nivelacion-uartes-cierra-con-jornada-artistica-y-creativa-resultados-del-proceso-se-presentaron-en-el-maac\/#breadcrumb"},"inLanguage":"fr-FR","potentialAction":[{"@type":"ReadAction","target":["https:\/\/www.uartes.edu.ec\/sitio\/fr\/blog\/2025\/02\/27\/nivelacion-uartes-cierra-con-jornada-artistica-y-creativa-resultados-del-proceso-se-presentaron-en-el-maac\/"]}]},{"@type":"ImageObject","inLanguage":"fr-FR","@id":"https:\/\/www.uartes.edu.ec\/sitio\/fr\/blog\/2025\/02\/27\/nivelacion-uartes-cierra-con-jornada-artistica-y-creativa-resultados-del-proceso-se-presentaron-en-el-maac\/#primaryimage","url":"https:\/\/www.uartes.edu.ec\/sitio\/wp-content\/uploads\/2025\/02\/portada-nivelacion.jpg","contentUrl":"https:\/\/www.uartes.edu.ec\/sitio\/wp-content\/uploads\/2025\/02\/portada-nivelacion.jpg","width":2000,"height":1333},{"@type":"BreadcrumbList","@id":"https:\/\/www.uartes.edu.ec\/sitio\/fr\/blog\/2025\/02\/27\/nivelacion-uartes-cierra-con-jornada-artistica-y-creativa-resultados-del-proceso-se-presentaron-en-el-maac\/#breadcrumb","itemListElement":[{"@type":"ListItem","position":1,"name":"Inicio","item":"https:\/\/www.uartes.edu.ec\/sitio\/"},{"@type":"ListItem","position":2,"name":"Nivelaci\u00f3n de la UArtes cierra con jornada art\u00edstica y creativa; resultados del proceso se presentaron en instalaciones del MAAC"}]},{"@type":"WebSite","@id":"https:\/\/www.uartes.edu.ec\/sitio\/fr\/#website","url":"https:\/\/www.uartes.edu.ec\/sitio\/fr\/","name":"Universidad de las Artes","description":"Sitio oficial de la Universidad Nacional de las Artes del Ecuador","publisher":{"@id":"https:\/\/www.uartes.edu.ec\/sitio\/fr\/#organization"},"potentialAction":[{"@type":"SearchAction","target":{"@type":"EntryPoint","urlTemplate":"https:\/\/www.uartes.edu.ec\/sitio\/fr\/?s={search_term_string}"},"query-input":{"@type":"PropertyValueSpecification","valueRequired":true,"valueName":"search_term_string"}}],"inLanguage":"fr-FR"},{"@type":"Organization","@id":"https:\/\/www.uartes.edu.ec\/sitio\/fr\/#organization","name":"Universidad de las Artes","url":"https:\/\/www.uartes.edu.ec\/sitio\/fr\/","logo":{"@type":"ImageObject","inLanguage":"fr-FR","@id":"https:\/\/www.uartes.edu.ec\/sitio\/fr\/#\/schema\/logo\/image\/","url":"https:\/\/www.uartes.edu.ec\/sitio\/wp-content\/uploads\/2022\/07\/logo-ua-horizontal.png","contentUrl":"https:\/\/www.uartes.edu.ec\/sitio\/wp-content\/uploads\/2022\/07\/logo-ua-horizontal.png","width":800,"height":276,"caption":"Universidad de las Artes"},"image":{"@id":"https:\/\/www.uartes.edu.ec\/sitio\/fr\/#\/schema\/logo\/image\/"},"sameAs":["https:\/\/www.facebook.com\/uartesec","https:\/\/x.com\/uartesec","https:\/\/www.tiktok.com\/@uartesec"]},{"@type":"Person","@id":"https:\/\/www.uartes.edu.ec\/sitio\/fr\/#\/schema\/person\/efa1b8275797664fd7f13a79ccc0b1f4","name":"ccortez","image":{"@type":"ImageObject","inLanguage":"fr-FR","@id":"https:\/\/secure.gravatar.com\/avatar\/b2a6f664a3ae8e074346ef91775736c5ec479e637ecced6842de9dc98b5da9cd?s=96&d=mm&r=g","url":"https:\/\/secure.gravatar.com\/avatar\/b2a6f664a3ae8e074346ef91775736c5ec479e637ecced6842de9dc98b5da9cd?s=96&d=mm&r=g","contentUrl":"https:\/\/secure.gravatar.com\/avatar\/b2a6f664a3ae8e074346ef91775736c5ec479e637ecced6842de9dc98b5da9cd?s=96&d=mm&r=g","caption":"ccortez"},"url":"https:\/\/www.uartes.edu.ec\/sitio\/fr\/blog\/author\/ccortez\/"}]}},"uagb_featured_image_src":{"full":["https:\/\/www.uartes.edu.ec\/sitio\/wp-content\/uploads\/2025\/02\/portada-nivelacion.jpg",2000,1333,false],"thumbnail":["https:\/\/www.uartes.edu.ec\/sitio\/wp-content\/uploads\/2025\/02\/portada-nivelacion-150x150.jpg",150,150,true],"medium":["https:\/\/www.uartes.edu.ec\/sitio\/wp-content\/uploads\/2025\/02\/portada-nivelacion-300x200.jpg",300,200,true],"medium_large":["https:\/\/www.uartes.edu.ec\/sitio\/wp-content\/uploads\/2025\/02\/portada-nivelacion-768x512.jpg",768,512,true],"large":["https:\/\/www.uartes.edu.ec\/sitio\/wp-content\/uploads\/2025\/02\/portada-nivelacion-644x429.jpg",644,429,true],"1536x1536":["https:\/\/www.uartes.edu.ec\/sitio\/wp-content\/uploads\/2025\/02\/portada-nivelacion-1536x1024.jpg",1536,1024,true],"2048x2048":["https:\/\/www.uartes.edu.ec\/sitio\/wp-content\/uploads\/2025\/02\/portada-nivelacion.jpg",2000,1333,false],"trp-custom-language-flag":["https:\/\/www.uartes.edu.ec\/sitio\/wp-content\/uploads\/2025\/02\/portada-nivelacion-18x12.jpg",18,12,true],"htmega_size_585x295":["https:\/\/www.uartes.edu.ec\/sitio\/wp-content\/uploads\/2025\/02\/portada-nivelacion-585x295.jpg",585,295,true],"htmega_size_1170x536":["https:\/\/www.uartes.edu.ec\/sitio\/wp-content\/uploads\/2025\/02\/portada-nivelacion-1170x536.jpg",1170,536,true],"htmega_size_396x360":["https:\/\/www.uartes.edu.ec\/sitio\/wp-content\/uploads\/2025\/02\/portada-nivelacion-396x360.jpg",396,360,true],"gb-block-post-grid-landscape":["https:\/\/www.uartes.edu.ec\/sitio\/wp-content\/uploads\/2025\/02\/portada-nivelacion-600x400.jpg",600,400,true],"gb-block-post-grid-square":["https:\/\/www.uartes.edu.ec\/sitio\/wp-content\/uploads\/2025\/02\/portada-nivelacion-600x600.jpg",600,600,true],"university-hub-thumb":["https:\/\/www.uartes.edu.ec\/sitio\/wp-content\/uploads\/2025\/02\/portada-nivelacion-400x267.jpg",400,267,true]},"uagb_author_info":{"display_name":"ccortez","author_link":"https:\/\/www.uartes.edu.ec\/sitio\/fr\/blog\/author\/ccortez\/"},"uagb_comment_info":0,"uagb_excerpt":"El programa de Nivelaci\u00f3n de la Universidad de las Artes tuvo este 26 de febrero su jornada art\u00edstica y creativa de cierre en las instalaciones del Museo Antropol\u00f3gico y de Arte Contempor\u00e1neo. La UArtes mantiene un convenio de cooperaci\u00f3n interinstitucional con la entidad y es por ello que los estudiantes pudieron presentar los resultados de\u2026","featured_image_src":"https:\/\/www.uartes.edu.ec\/sitio\/wp-content\/uploads\/2025\/02\/portada-nivelacion-600x400.jpg","featured_image_src_square":"https:\/\/www.uartes.edu.ec\/sitio\/wp-content\/uploads\/2025\/02\/portada-nivelacion-600x600.jpg","author_info":{"display_name":"ccortez","author_link":"https:\/\/www.uartes.edu.ec\/sitio\/fr\/blog\/author\/ccortez\/"},"publishpress_future_workflow_manual_trigger":{"enabledWorkflows":[]},"distributor_meta":false,"distributor_terms":false,"distributor_media":false,"distributor_original_site_name":"Universidad de las Artes","distributor_original_site_url":"https:\/\/www.uartes.edu.ec\/sitio\/fr","push-errors":false,"_links":{"self":[{"href":"https:\/\/www.uartes.edu.ec\/sitio\/fr\/wp-json\/wp\/v2\/posts\/68865","targetHints":{"allow":["GET"]}}],"collection":[{"href":"https:\/\/www.uartes.edu.ec\/sitio\/fr\/wp-json\/wp\/v2\/posts"}],"about":[{"href":"https:\/\/www.uartes.edu.ec\/sitio\/fr\/wp-json\/wp\/v2\/types\/post"}],"author":[{"embeddable":true,"href":"https:\/\/www.uartes.edu.ec\/sitio\/fr\/wp-json\/wp\/v2\/users\/10"}],"replies":[{"embeddable":true,"href":"https:\/\/www.uartes.edu.ec\/sitio\/fr\/wp-json\/wp\/v2\/comments?post=68865"}],"version-history":[{"count":7,"href":"https:\/\/www.uartes.edu.ec\/sitio\/fr\/wp-json\/wp\/v2\/posts\/68865\/revisions"}],"predecessor-version":[{"id":68925,"href":"https:\/\/www.uartes.edu.ec\/sitio\/fr\/wp-json\/wp\/v2\/posts\/68865\/revisions\/68925"}],"wp:featuredmedia":[{"embeddable":true,"href":"https:\/\/www.uartes.edu.ec\/sitio\/fr\/wp-json\/wp\/v2\/media\/68896"}],"wp:attachment":[{"href":"https:\/\/www.uartes.edu.ec\/sitio\/fr\/wp-json\/wp\/v2\/media?parent=68865"}],"wp:term":[{"taxonomy":"category","embeddable":true,"href":"https:\/\/www.uartes.edu.ec\/sitio\/fr\/wp-json\/wp\/v2\/categories?post=68865"},{"taxonomy":"post_tag","embeddable":true,"href":"https:\/\/www.uartes.edu.ec\/sitio\/fr\/wp-json\/wp\/v2\/tags?post=68865"},{"taxonomy":"infouartes","embeddable":true,"href":"https:\/\/www.uartes.edu.ec\/sitio\/fr\/wp-json\/wp\/v2\/infouartes?post=68865"}],"curies":[{"name":"wp","href":"https:\/\/api.w.org\/{rel}","templated":true}]}}