{"id":6887,"date":"2020-05-07T09:20:20","date_gmt":"2020-05-07T14:20:20","guid":{"rendered":"http:\/\/www.uartes.edu.ec\/sitio\/?p=6887"},"modified":"2024-07-04T11:43:15","modified_gmt":"2024-07-04T16:43:15","slug":"iluminacion-escenica-en-guayaquil-el-tema-de-tesis-de-aracelly-sanchez","status":"publish","type":"post","link":"https:\/\/www.uartes.edu.ec\/sitio\/fr\/blog\/2020\/05\/07\/iluminacion-escenica-en-guayaquil-el-tema-de-tesis-de-aracelly-sanchez\/","title":{"rendered":"\u201cIluminaci\u00f3n esc\u00e9nica en Guayaquil\u201d,  el tema de tesis de Aracelly S\u00e1nchez"},"content":{"rendered":"<p>La visi\u00f3n que tienen los iluminadores del uso tecno-estil\u00edstico de la luz en escena de Guayaquil es lo que Aracelly Joselyn S\u00e1nchez Moreta, estudiante de la carrera de Creaci\u00f3n Teatral de la Escuela de Artes Esc\u00e9nicas, propuso como tema de tesis de grado. La titul\u00f3 \u201cIluminaci\u00f3n esc\u00e9nica en Guayaquil 2016-2019\u201d y la sustent\u00f3 el 23 de abril de 2020 v\u00eda videoconferencia.&nbsp;<\/p>\n\n\n\n<p>\u201cHe podido conocer a varios t\u00e9cnicos que trabajan en el sector de la iluminaci\u00f3n de Guayaquil, de quienes he aprendido la mayor parte de lo que hoy es mi conocimiento sobre iluminaci\u00f3n, sobre todo la parte t\u00e9cnica. Todo se transmiti\u00f3 de forma oral. Esta tesis logr\u00f3 poner por escrito este conocimiento relacion\u00e1ndolo con&nbsp;referentes bibliogr\u00e1ficos especializados\u201d, detalla.&nbsp;<\/p>\n\n\n\n<p>A su trabajo final le dedic\u00f3 pr\u00e1cticamente dos a\u00f1os. El primero, indica, fue pasivo, destinado a recolectar varios referentes bibliogr\u00e1ficos, algunos de los cuales ley\u00f3. \u201cTambi\u00e9n aprovech\u00e9 cada trabajo de iluminaci\u00f3n que hac\u00eda para acercarme a los futuros entrevistados y seguir un poco preguntando y aprendiendo&nbsp;de ellos y bosquejar qu\u00e9 tema en com\u00fan podr\u00eda plantearme\u201d.&nbsp;<\/p>\n\n\n\n<p>El siguiente a\u00f1o, anota, fue m\u00e1s activo. \u201cCuando inici\u00f3 el semestre de la unidad de titulaci\u00f3n, en noviembre de 2019, junto a mi tutora, Paula Rodr\u00edguez, defin\u00ed utilizar&nbsp;una estrategia de investigaci\u00f3n cualitativa fenomenol\u00f3gica, en la cual es m\u00e1s importante la calidad del muestreo y no su cantidad. Realic\u00e9 ocho entrevistas semiestructuradas.&nbsp;Luego hice un an\u00e1lisis descriptivo, que es lo que m\u00e1s tiempo ha tomado; darle una l\u00ednea argumentativa a toda la informaci\u00f3n que me dieron los entrevistados\u201d.&nbsp;<\/p>\n\n\n\n<p>Para la sustentaci\u00f3n de su tesis, Aracelly S\u00e1nchez comenta que pens\u00f3 en realizar un ejercicio esc\u00e9nico con el m\u00e9todo que se utiliza para iluminar en Guayaquil, que es&nbsp;lo que hall\u00f3 en su investigaci\u00f3n, pero con una est\u00e9tica propia.&nbsp;\u201cCuando se me anunci\u00f3 v\u00eda email que debido a la emergencia sanitaria por COVID-19 la defensa no iba a ser presencial pens\u00e9 en el tiempo de luto que muchos est\u00e1n pasando.&nbsp;Fue complejo, me sent\u00ed un poco ego\u00edsta al aceptar, pero al tener el privilegio de contar con&nbsp;las herramientas necesarias para realizarla de manera virtual&nbsp;y dado lo complicado y aventurado que han sido para m\u00ed estos cinco a\u00f1os de carrera, tomando en cuenta que no podemos saber si ma\u00f1ana seguiremos vivos o no, decid\u00ed hacerlo apostando a que luego de todo esto podr\u00e9 seguir indagando en esta investigaci\u00f3n y llev\u00e1ndola a la pr\u00e1ctica ya sin el peso que implica estar inmerso en el \u00e1mbito acad\u00e9mico\u201d.&nbsp;<\/p>\n\n\n\n<p>A\u00f1ade que el jurado de tesis le hizo notar la importancia de incorporar su experiencia&nbsp;en la investigaci\u00f3n. Le preguntaron por qu\u00e9 la consideraba pertinente y respondi\u00f3 que como universidad era importante relevar el conocimiento que ya existe en el medio al que hace tan poco tiempo se insert\u00f3 la UArtes. \u201cY me parece que desde las otras \u00e1reas y artes es necesario esto, pues hay mucho de esas experiencias que pueden nutrir el \u00e1mbito acad\u00e9mico y viceversa\u201d. Su tutora mencion\u00f3 lo interesante de ir creando n\u00facleos de investigaci\u00f3n por \u00e1reas.&nbsp;<\/p>\n\n\n\n<p>Aracelly S\u00e1nchez dice no pensar mucho en el futuro. Opta eso s\u00ed por seguirse preparando. \u201cEl 4 de mayo iniciar\u00e9 un taller online sobre iluminaci\u00f3n esc\u00e9nica con Daniel Zalamea y sigo registrando un poco c\u00f3mo ha sido la luz en estos d\u00edas para poder llevarla a la escena\u201d.&nbsp;&nbsp;<\/p>\n\n\n\n<p><em>En la foto, el ejercicio de graduaci\u00f3n de la obra Pluma y La Tempestad en la cual Aracelly S\u00e1nchez dise\u00f1\u00f3 la iluminaci\u00f3n.\u00a0<\/em><\/p>","protected":false},"excerpt":{"rendered":"<p>La visi\u00f3n que tienen los iluminadores del uso tecno-estil\u00edstico de la luz en escena de Guayaquil es lo que Aracelly Joselyn S\u00e1nchez Moreta, estudiante de la carrera de Creaci\u00f3n Teatral de la Escuela de Artes Esc\u00e9nicas, propuso como tema de tesis de grado. La titul\u00f3 \u201cIluminaci\u00f3n esc\u00e9nica en Guayaquil 2016-2019\u201d y la sustent\u00f3 el 23 de abril de 2020 v\u00eda videoconferencia. <\/p>","protected":false},"author":1,"featured_media":6888,"comment_status":"closed","ping_status":"closed","sticky":false,"template":"","format":"standard","meta":{"_acf_changed":false,"_uag_custom_page_level_css":"","_monsterinsights_skip_tracking":false,"_monsterinsights_sitenote_active":false,"_monsterinsights_sitenote_note":"","_monsterinsights_sitenote_category":0,"cybocfi_hide_featured_image":"","footnotes":""},"categories":[80,159,76],"tags":[211],"infouartes":[],"class_list":["post-6887","post","type-post","status-publish","format-standard","has-post-thumbnail","hentry","category-academico","category-artes-escenicas","category-estudiantes","tag-covid19"],"acf":[],"yoast_head":"<!-- This site is optimized with the Yoast SEO plugin v27.4 - https:\/\/yoast.com\/product\/yoast-seo-wordpress\/ -->\n<title>Universidad de las Artes - \u201cIluminaci\u00f3n esc\u00e9nica en Guayaquil\u201d, el tema de tesis de Aracelly S\u00e1nchez<\/title>\n<meta name=\"description\" content=\"Universidad de las Artes - \u201cIluminaci\u00f3n esc\u00e9nica en Guayaquil\u201d, el tema de tesis de Aracelly S\u00e1nchez\" \/>\n<meta name=\"robots\" content=\"index, follow, max-snippet:-1, max-image-preview:large, max-video-preview:-1\" \/>\n<link rel=\"canonical\" href=\"https:\/\/www.uartes.edu.ec\/sitio\/fr\/blog\/2020\/05\/07\/iluminacion-escenica-en-guayaquil-el-tema-de-tesis-de-aracelly-sanchez\/\" \/>\n<meta property=\"og:locale\" content=\"fr_FR\" \/>\n<meta property=\"og:type\" content=\"article\" \/>\n<meta property=\"og:title\" content=\"Universidad de las Artes - \u201cIluminaci\u00f3n esc\u00e9nica en Guayaquil\u201d, el tema de tesis de Aracelly S\u00e1nchez\" \/>\n<meta property=\"og:description\" content=\"Universidad de las Artes - \u201cIluminaci\u00f3n esc\u00e9nica en Guayaquil\u201d, el tema de tesis de Aracelly S\u00e1nchez\" \/>\n<meta property=\"og:url\" content=\"https:\/\/www.uartes.edu.ec\/sitio\/fr\/blog\/2020\/05\/07\/iluminacion-escenica-en-guayaquil-el-tema-de-tesis-de-aracelly-sanchez\/\" \/>\n<meta property=\"og:site_name\" content=\"Universidad de las Artes\" \/>\n<meta property=\"article:publisher\" content=\"https:\/\/www.facebook.com\/uartesec\" \/>\n<meta property=\"article:published_time\" content=\"2020-05-07T14:20:20+00:00\" \/>\n<meta property=\"article:modified_time\" content=\"2024-07-04T16:43:15+00:00\" \/>\n<meta property=\"og:image\" content=\"https:\/\/www.uartes.edu.ec\/sitio\/wp-content\/uploads\/2020\/05\/Pluma-y-la-tempestad.jpg\" \/>\n\t<meta property=\"og:image:width\" content=\"2000\" \/>\n\t<meta property=\"og:image:height\" content=\"1333\" \/>\n\t<meta property=\"og:image:type\" content=\"image\/jpeg\" \/>\n<meta name=\"author\" content=\"Universidad de las Artes\" \/>\n<meta name=\"twitter:card\" content=\"summary_large_image\" \/>\n<meta name=\"twitter:creator\" content=\"@uartesec\" \/>\n<meta name=\"twitter:site\" content=\"@uartesec\" \/>\n<meta name=\"twitter:label1\" content=\"\u00c9crit par\" \/>\n\t<meta name=\"twitter:data1\" content=\"Universidad de las Artes\" \/>\n\t<meta name=\"twitter:label2\" content=\"Dur\u00e9e de lecture estim\u00e9e\" \/>\n\t<meta name=\"twitter:data2\" content=\"3 minutes\" \/>\n<script type=\"application\/ld+json\" class=\"yoast-schema-graph\">{\"@context\":\"https:\\\/\\\/schema.org\",\"@graph\":[{\"@type\":\"Article\",\"@id\":\"https:\\\/\\\/www.uartes.edu.ec\\\/sitio\\\/fr\\\/blog\\\/2020\\\/05\\\/07\\\/iluminacion-escenica-en-guayaquil-el-tema-de-tesis-de-aracelly-sanchez\\\/#article\",\"isPartOf\":{\"@id\":\"https:\\\/\\\/www.uartes.edu.ec\\\/sitio\\\/fr\\\/blog\\\/2020\\\/05\\\/07\\\/iluminacion-escenica-en-guayaquil-el-tema-de-tesis-de-aracelly-sanchez\\\/\"},\"author\":{\"name\":\"Universidad de las Artes\",\"@id\":\"https:\\\/\\\/www.uartes.edu.ec\\\/sitio\\\/fr\\\/#\\\/schema\\\/person\\\/f33f8c1d2af0d5c80a38c8abf458184a\"},\"headline\":\"\u201cIluminaci\u00f3n esc\u00e9nica en Guayaquil\u201d, el tema de tesis de Aracelly S\u00e1nchez\",\"datePublished\":\"2020-05-07T14:20:20+00:00\",\"dateModified\":\"2024-07-04T16:43:15+00:00\",\"mainEntityOfPage\":{\"@id\":\"https:\\\/\\\/www.uartes.edu.ec\\\/sitio\\\/fr\\\/blog\\\/2020\\\/05\\\/07\\\/iluminacion-escenica-en-guayaquil-el-tema-de-tesis-de-aracelly-sanchez\\\/\"},\"wordCount\":658,\"publisher\":{\"@id\":\"https:\\\/\\\/www.uartes.edu.ec\\\/sitio\\\/fr\\\/#organization\"},\"image\":{\"@id\":\"https:\\\/\\\/www.uartes.edu.ec\\\/sitio\\\/fr\\\/blog\\\/2020\\\/05\\\/07\\\/iluminacion-escenica-en-guayaquil-el-tema-de-tesis-de-aracelly-sanchez\\\/#primaryimage\"},\"thumbnailUrl\":\"https:\\\/\\\/www.uartes.edu.ec\\\/sitio\\\/wp-content\\\/uploads\\\/2020\\\/05\\\/Pluma-y-la-tempestad.jpg\",\"keywords\":[\"covid19\"],\"articleSection\":[\"Acad\u00e9mico\",\"Artes Esc\u00e9nicas\",\"Estudiantes\"],\"inLanguage\":\"fr-FR\"},{\"@type\":[\"WebPage\",\"ItemPage\"],\"@id\":\"https:\\\/\\\/www.uartes.edu.ec\\\/sitio\\\/fr\\\/blog\\\/2020\\\/05\\\/07\\\/iluminacion-escenica-en-guayaquil-el-tema-de-tesis-de-aracelly-sanchez\\\/\",\"url\":\"https:\\\/\\\/www.uartes.edu.ec\\\/sitio\\\/fr\\\/blog\\\/2020\\\/05\\\/07\\\/iluminacion-escenica-en-guayaquil-el-tema-de-tesis-de-aracelly-sanchez\\\/\",\"name\":\"Universidad de las Artes - \u201cIluminaci\u00f3n esc\u00e9nica en Guayaquil\u201d, el tema de tesis de Aracelly S\u00e1nchez\",\"isPartOf\":{\"@id\":\"https:\\\/\\\/www.uartes.edu.ec\\\/sitio\\\/fr\\\/#website\"},\"primaryImageOfPage\":{\"@id\":\"https:\\\/\\\/www.uartes.edu.ec\\\/sitio\\\/fr\\\/blog\\\/2020\\\/05\\\/07\\\/iluminacion-escenica-en-guayaquil-el-tema-de-tesis-de-aracelly-sanchez\\\/#primaryimage\"},\"image\":{\"@id\":\"https:\\\/\\\/www.uartes.edu.ec\\\/sitio\\\/fr\\\/blog\\\/2020\\\/05\\\/07\\\/iluminacion-escenica-en-guayaquil-el-tema-de-tesis-de-aracelly-sanchez\\\/#primaryimage\"},\"thumbnailUrl\":\"https:\\\/\\\/www.uartes.edu.ec\\\/sitio\\\/wp-content\\\/uploads\\\/2020\\\/05\\\/Pluma-y-la-tempestad.jpg\",\"datePublished\":\"2020-05-07T14:20:20+00:00\",\"dateModified\":\"2024-07-04T16:43:15+00:00\",\"description\":\"Universidad de las Artes - \u201cIluminaci\u00f3n esc\u00e9nica en Guayaquil\u201d, el tema de tesis de Aracelly S\u00e1nchez\",\"breadcrumb\":{\"@id\":\"https:\\\/\\\/www.uartes.edu.ec\\\/sitio\\\/fr\\\/blog\\\/2020\\\/05\\\/07\\\/iluminacion-escenica-en-guayaquil-el-tema-de-tesis-de-aracelly-sanchez\\\/#breadcrumb\"},\"inLanguage\":\"fr-FR\",\"potentialAction\":[{\"@type\":\"ReadAction\",\"target\":[\"https:\\\/\\\/www.uartes.edu.ec\\\/sitio\\\/fr\\\/blog\\\/2020\\\/05\\\/07\\\/iluminacion-escenica-en-guayaquil-el-tema-de-tesis-de-aracelly-sanchez\\\/\"]}]},{\"@type\":\"ImageObject\",\"inLanguage\":\"fr-FR\",\"@id\":\"https:\\\/\\\/www.uartes.edu.ec\\\/sitio\\\/fr\\\/blog\\\/2020\\\/05\\\/07\\\/iluminacion-escenica-en-guayaquil-el-tema-de-tesis-de-aracelly-sanchez\\\/#primaryimage\",\"url\":\"https:\\\/\\\/www.uartes.edu.ec\\\/sitio\\\/wp-content\\\/uploads\\\/2020\\\/05\\\/Pluma-y-la-tempestad.jpg\",\"contentUrl\":\"https:\\\/\\\/www.uartes.edu.ec\\\/sitio\\\/wp-content\\\/uploads\\\/2020\\\/05\\\/Pluma-y-la-tempestad.jpg\",\"width\":2000,\"height\":1333},{\"@type\":\"BreadcrumbList\",\"@id\":\"https:\\\/\\\/www.uartes.edu.ec\\\/sitio\\\/fr\\\/blog\\\/2020\\\/05\\\/07\\\/iluminacion-escenica-en-guayaquil-el-tema-de-tesis-de-aracelly-sanchez\\\/#breadcrumb\",\"itemListElement\":[{\"@type\":\"ListItem\",\"position\":1,\"name\":\"Inicio\",\"item\":\"https:\\\/\\\/www.uartes.edu.ec\\\/sitio\\\/\"},{\"@type\":\"ListItem\",\"position\":2,\"name\":\"\u201cIluminaci\u00f3n esc\u00e9nica en Guayaquil\u201d, el tema de tesis de Aracelly S\u00e1nchez\"}]},{\"@type\":\"WebSite\",\"@id\":\"https:\\\/\\\/www.uartes.edu.ec\\\/sitio\\\/fr\\\/#website\",\"url\":\"https:\\\/\\\/www.uartes.edu.ec\\\/sitio\\\/fr\\\/\",\"name\":\"Universidad de las Artes\",\"description\":\"Sitio oficial de la Universidad Nacional de las Artes del Ecuador\",\"publisher\":{\"@id\":\"https:\\\/\\\/www.uartes.edu.ec\\\/sitio\\\/fr\\\/#organization\"},\"potentialAction\":[{\"@type\":\"SearchAction\",\"target\":{\"@type\":\"EntryPoint\",\"urlTemplate\":\"https:\\\/\\\/www.uartes.edu.ec\\\/sitio\\\/fr\\\/?s={search_term_string}\"},\"query-input\":{\"@type\":\"PropertyValueSpecification\",\"valueRequired\":true,\"valueName\":\"search_term_string\"}}],\"inLanguage\":\"fr-FR\"},{\"@type\":\"Organization\",\"@id\":\"https:\\\/\\\/www.uartes.edu.ec\\\/sitio\\\/fr\\\/#organization\",\"name\":\"Universidad de las Artes\",\"url\":\"https:\\\/\\\/www.uartes.edu.ec\\\/sitio\\\/fr\\\/\",\"logo\":{\"@type\":\"ImageObject\",\"inLanguage\":\"fr-FR\",\"@id\":\"https:\\\/\\\/www.uartes.edu.ec\\\/sitio\\\/fr\\\/#\\\/schema\\\/logo\\\/image\\\/\",\"url\":\"https:\\\/\\\/www.uartes.edu.ec\\\/sitio\\\/wp-content\\\/uploads\\\/2022\\\/07\\\/logo-ua-horizontal.png\",\"contentUrl\":\"https:\\\/\\\/www.uartes.edu.ec\\\/sitio\\\/wp-content\\\/uploads\\\/2022\\\/07\\\/logo-ua-horizontal.png\",\"width\":800,\"height\":276,\"caption\":\"Universidad de las Artes\"},\"image\":{\"@id\":\"https:\\\/\\\/www.uartes.edu.ec\\\/sitio\\\/fr\\\/#\\\/schema\\\/logo\\\/image\\\/\"},\"sameAs\":[\"https:\\\/\\\/www.facebook.com\\\/uartesec\",\"https:\\\/\\\/x.com\\\/uartesec\",\"https:\\\/\\\/www.tiktok.com\\\/@uartesec\"]},{\"@type\":\"Person\",\"@id\":\"https:\\\/\\\/www.uartes.edu.ec\\\/sitio\\\/fr\\\/#\\\/schema\\\/person\\\/f33f8c1d2af0d5c80a38c8abf458184a\",\"name\":\"Universidad de las Artes\",\"image\":{\"@type\":\"ImageObject\",\"inLanguage\":\"fr-FR\",\"@id\":\"https:\\\/\\\/secure.gravatar.com\\\/avatar\\\/52e4757902f5cfa5ac52d020e5be83cae5487519154b6c35482fe08d589f3c13?s=96&d=mm&r=g\",\"url\":\"https:\\\/\\\/secure.gravatar.com\\\/avatar\\\/52e4757902f5cfa5ac52d020e5be83cae5487519154b6c35482fe08d589f3c13?s=96&d=mm&r=g\",\"contentUrl\":\"https:\\\/\\\/secure.gravatar.com\\\/avatar\\\/52e4757902f5cfa5ac52d020e5be83cae5487519154b6c35482fe08d589f3c13?s=96&d=mm&r=g\",\"caption\":\"Universidad de las Artes\"},\"url\":\"https:\\\/\\\/www.uartes.edu.ec\\\/sitio\\\/fr\\\/blog\\\/author\\\/dircomadm\\\/\"}]}<\/script>\n<!-- \/ Yoast SEO plugin. -->","yoast_head_json":{"title":"Universidad de las Artes - \u201cIluminaci\u00f3n esc\u00e9nica en Guayaquil\u201d, el tema de tesis de Aracelly S\u00e1nchez","description":"Universidad de las Artes - \u201cIluminaci\u00f3n esc\u00e9nica en Guayaquil\u201d, el tema de tesis de Aracelly S\u00e1nchez","robots":{"index":"index","follow":"follow","max-snippet":"max-snippet:-1","max-image-preview":"max-image-preview:large","max-video-preview":"max-video-preview:-1"},"canonical":"https:\/\/www.uartes.edu.ec\/sitio\/fr\/blog\/2020\/05\/07\/iluminacion-escenica-en-guayaquil-el-tema-de-tesis-de-aracelly-sanchez\/","og_locale":"fr_FR","og_type":"article","og_title":"Universidad de las Artes - \u201cIluminaci\u00f3n esc\u00e9nica en Guayaquil\u201d, el tema de tesis de Aracelly S\u00e1nchez","og_description":"Universidad de las Artes - \u201cIluminaci\u00f3n esc\u00e9nica en Guayaquil\u201d, el tema de tesis de Aracelly S\u00e1nchez","og_url":"https:\/\/www.uartes.edu.ec\/sitio\/fr\/blog\/2020\/05\/07\/iluminacion-escenica-en-guayaquil-el-tema-de-tesis-de-aracelly-sanchez\/","og_site_name":"Universidad de las Artes","article_publisher":"https:\/\/www.facebook.com\/uartesec","article_published_time":"2020-05-07T14:20:20+00:00","article_modified_time":"2024-07-04T16:43:15+00:00","og_image":[{"width":2000,"height":1333,"url":"https:\/\/www.uartes.edu.ec\/sitio\/wp-content\/uploads\/2020\/05\/Pluma-y-la-tempestad.jpg","type":"image\/jpeg"}],"author":"Universidad de las Artes","twitter_card":"summary_large_image","twitter_creator":"@uartesec","twitter_site":"@uartesec","twitter_misc":{"\u00c9crit par":"Universidad de las Artes","Dur\u00e9e de lecture estim\u00e9e":"3 minutes"},"schema":{"@context":"https:\/\/schema.org","@graph":[{"@type":"Article","@id":"https:\/\/www.uartes.edu.ec\/sitio\/fr\/blog\/2020\/05\/07\/iluminacion-escenica-en-guayaquil-el-tema-de-tesis-de-aracelly-sanchez\/#article","isPartOf":{"@id":"https:\/\/www.uartes.edu.ec\/sitio\/fr\/blog\/2020\/05\/07\/iluminacion-escenica-en-guayaquil-el-tema-de-tesis-de-aracelly-sanchez\/"},"author":{"name":"Universidad de las Artes","@id":"https:\/\/www.uartes.edu.ec\/sitio\/fr\/#\/schema\/person\/f33f8c1d2af0d5c80a38c8abf458184a"},"headline":"\u201cIluminaci\u00f3n esc\u00e9nica en Guayaquil\u201d, el tema de tesis de Aracelly S\u00e1nchez","datePublished":"2020-05-07T14:20:20+00:00","dateModified":"2024-07-04T16:43:15+00:00","mainEntityOfPage":{"@id":"https:\/\/www.uartes.edu.ec\/sitio\/fr\/blog\/2020\/05\/07\/iluminacion-escenica-en-guayaquil-el-tema-de-tesis-de-aracelly-sanchez\/"},"wordCount":658,"publisher":{"@id":"https:\/\/www.uartes.edu.ec\/sitio\/fr\/#organization"},"image":{"@id":"https:\/\/www.uartes.edu.ec\/sitio\/fr\/blog\/2020\/05\/07\/iluminacion-escenica-en-guayaquil-el-tema-de-tesis-de-aracelly-sanchez\/#primaryimage"},"thumbnailUrl":"https:\/\/www.uartes.edu.ec\/sitio\/wp-content\/uploads\/2020\/05\/Pluma-y-la-tempestad.jpg","keywords":["covid19"],"articleSection":["Acad\u00e9mico","Artes Esc\u00e9nicas","Estudiantes"],"inLanguage":"fr-FR"},{"@type":["WebPage","ItemPage"],"@id":"https:\/\/www.uartes.edu.ec\/sitio\/fr\/blog\/2020\/05\/07\/iluminacion-escenica-en-guayaquil-el-tema-de-tesis-de-aracelly-sanchez\/","url":"https:\/\/www.uartes.edu.ec\/sitio\/fr\/blog\/2020\/05\/07\/iluminacion-escenica-en-guayaquil-el-tema-de-tesis-de-aracelly-sanchez\/","name":"Universidad de las Artes - \u201cIluminaci\u00f3n esc\u00e9nica en Guayaquil\u201d, el tema de tesis de Aracelly S\u00e1nchez","isPartOf":{"@id":"https:\/\/www.uartes.edu.ec\/sitio\/fr\/#website"},"primaryImageOfPage":{"@id":"https:\/\/www.uartes.edu.ec\/sitio\/fr\/blog\/2020\/05\/07\/iluminacion-escenica-en-guayaquil-el-tema-de-tesis-de-aracelly-sanchez\/#primaryimage"},"image":{"@id":"https:\/\/www.uartes.edu.ec\/sitio\/fr\/blog\/2020\/05\/07\/iluminacion-escenica-en-guayaquil-el-tema-de-tesis-de-aracelly-sanchez\/#primaryimage"},"thumbnailUrl":"https:\/\/www.uartes.edu.ec\/sitio\/wp-content\/uploads\/2020\/05\/Pluma-y-la-tempestad.jpg","datePublished":"2020-05-07T14:20:20+00:00","dateModified":"2024-07-04T16:43:15+00:00","description":"Universidad de las Artes - \u201cIluminaci\u00f3n esc\u00e9nica en Guayaquil\u201d, el tema de tesis de Aracelly S\u00e1nchez","breadcrumb":{"@id":"https:\/\/www.uartes.edu.ec\/sitio\/fr\/blog\/2020\/05\/07\/iluminacion-escenica-en-guayaquil-el-tema-de-tesis-de-aracelly-sanchez\/#breadcrumb"},"inLanguage":"fr-FR","potentialAction":[{"@type":"ReadAction","target":["https:\/\/www.uartes.edu.ec\/sitio\/fr\/blog\/2020\/05\/07\/iluminacion-escenica-en-guayaquil-el-tema-de-tesis-de-aracelly-sanchez\/"]}]},{"@type":"ImageObject","inLanguage":"fr-FR","@id":"https:\/\/www.uartes.edu.ec\/sitio\/fr\/blog\/2020\/05\/07\/iluminacion-escenica-en-guayaquil-el-tema-de-tesis-de-aracelly-sanchez\/#primaryimage","url":"https:\/\/www.uartes.edu.ec\/sitio\/wp-content\/uploads\/2020\/05\/Pluma-y-la-tempestad.jpg","contentUrl":"https:\/\/www.uartes.edu.ec\/sitio\/wp-content\/uploads\/2020\/05\/Pluma-y-la-tempestad.jpg","width":2000,"height":1333},{"@type":"BreadcrumbList","@id":"https:\/\/www.uartes.edu.ec\/sitio\/fr\/blog\/2020\/05\/07\/iluminacion-escenica-en-guayaquil-el-tema-de-tesis-de-aracelly-sanchez\/#breadcrumb","itemListElement":[{"@type":"ListItem","position":1,"name":"Inicio","item":"https:\/\/www.uartes.edu.ec\/sitio\/"},{"@type":"ListItem","position":2,"name":"\u201cIluminaci\u00f3n esc\u00e9nica en Guayaquil\u201d, el tema de tesis de Aracelly S\u00e1nchez"}]},{"@type":"WebSite","@id":"https:\/\/www.uartes.edu.ec\/sitio\/fr\/#website","url":"https:\/\/www.uartes.edu.ec\/sitio\/fr\/","name":"Universidad de las Artes","description":"Sitio oficial de la Universidad Nacional de las Artes del Ecuador","publisher":{"@id":"https:\/\/www.uartes.edu.ec\/sitio\/fr\/#organization"},"potentialAction":[{"@type":"SearchAction","target":{"@type":"EntryPoint","urlTemplate":"https:\/\/www.uartes.edu.ec\/sitio\/fr\/?s={search_term_string}"},"query-input":{"@type":"PropertyValueSpecification","valueRequired":true,"valueName":"search_term_string"}}],"inLanguage":"fr-FR"},{"@type":"Organization","@id":"https:\/\/www.uartes.edu.ec\/sitio\/fr\/#organization","name":"Universidad de las Artes","url":"https:\/\/www.uartes.edu.ec\/sitio\/fr\/","logo":{"@type":"ImageObject","inLanguage":"fr-FR","@id":"https:\/\/www.uartes.edu.ec\/sitio\/fr\/#\/schema\/logo\/image\/","url":"https:\/\/www.uartes.edu.ec\/sitio\/wp-content\/uploads\/2022\/07\/logo-ua-horizontal.png","contentUrl":"https:\/\/www.uartes.edu.ec\/sitio\/wp-content\/uploads\/2022\/07\/logo-ua-horizontal.png","width":800,"height":276,"caption":"Universidad de las Artes"},"image":{"@id":"https:\/\/www.uartes.edu.ec\/sitio\/fr\/#\/schema\/logo\/image\/"},"sameAs":["https:\/\/www.facebook.com\/uartesec","https:\/\/x.com\/uartesec","https:\/\/www.tiktok.com\/@uartesec"]},{"@type":"Person","@id":"https:\/\/www.uartes.edu.ec\/sitio\/fr\/#\/schema\/person\/f33f8c1d2af0d5c80a38c8abf458184a","name":"Universidad de las Artes","image":{"@type":"ImageObject","inLanguage":"fr-FR","@id":"https:\/\/secure.gravatar.com\/avatar\/52e4757902f5cfa5ac52d020e5be83cae5487519154b6c35482fe08d589f3c13?s=96&d=mm&r=g","url":"https:\/\/secure.gravatar.com\/avatar\/52e4757902f5cfa5ac52d020e5be83cae5487519154b6c35482fe08d589f3c13?s=96&d=mm&r=g","contentUrl":"https:\/\/secure.gravatar.com\/avatar\/52e4757902f5cfa5ac52d020e5be83cae5487519154b6c35482fe08d589f3c13?s=96&d=mm&r=g","caption":"Universidad de las Artes"},"url":"https:\/\/www.uartes.edu.ec\/sitio\/fr\/blog\/author\/dircomadm\/"}]}},"uagb_featured_image_src":{"full":["https:\/\/www.uartes.edu.ec\/sitio\/wp-content\/uploads\/2020\/05\/Pluma-y-la-tempestad.jpg",2000,1333,false],"thumbnail":["https:\/\/www.uartes.edu.ec\/sitio\/wp-content\/uploads\/2020\/05\/Pluma-y-la-tempestad-150x150.jpg",150,150,true],"medium":["https:\/\/www.uartes.edu.ec\/sitio\/wp-content\/uploads\/2020\/05\/Pluma-y-la-tempestad-300x200.jpg",300,200,true],"medium_large":["https:\/\/www.uartes.edu.ec\/sitio\/wp-content\/uploads\/2020\/05\/Pluma-y-la-tempestad-768x512.jpg",768,512,true],"large":["https:\/\/www.uartes.edu.ec\/sitio\/wp-content\/uploads\/2020\/05\/Pluma-y-la-tempestad-644x429.jpg",644,429,true],"1536x1536":["https:\/\/www.uartes.edu.ec\/sitio\/wp-content\/uploads\/2020\/05\/Pluma-y-la-tempestad-1536x1024.jpg",1536,1024,true],"2048x2048":["https:\/\/www.uartes.edu.ec\/sitio\/wp-content\/uploads\/2020\/05\/Pluma-y-la-tempestad.jpg",2000,1333,false],"trp-custom-language-flag":["https:\/\/www.uartes.edu.ec\/sitio\/wp-content\/uploads\/2020\/05\/Pluma-y-la-tempestad.jpg",18,12,false],"htmega_size_585x295":["https:\/\/www.uartes.edu.ec\/sitio\/wp-content\/uploads\/2020\/05\/Pluma-y-la-tempestad.jpg",443,295,false],"htmega_size_1170x536":["https:\/\/www.uartes.edu.ec\/sitio\/wp-content\/uploads\/2020\/05\/Pluma-y-la-tempestad.jpg",804,536,false],"htmega_size_396x360":["https:\/\/www.uartes.edu.ec\/sitio\/wp-content\/uploads\/2020\/05\/Pluma-y-la-tempestad.jpg",396,264,false],"gb-block-post-grid-landscape":["https:\/\/www.uartes.edu.ec\/sitio\/wp-content\/uploads\/2020\/05\/Pluma-y-la-tempestad.jpg",600,400,false],"gb-block-post-grid-square":["https:\/\/www.uartes.edu.ec\/sitio\/wp-content\/uploads\/2020\/05\/Pluma-y-la-tempestad.jpg",600,400,false],"university-hub-thumb":["https:\/\/www.uartes.edu.ec\/sitio\/wp-content\/uploads\/2020\/05\/Pluma-y-la-tempestad-400x267.jpg",400,267,true]},"uagb_author_info":{"display_name":"Universidad de las Artes","author_link":"https:\/\/www.uartes.edu.ec\/sitio\/fr\/blog\/author\/dircomadm\/"},"uagb_comment_info":0,"uagb_excerpt":"La visi\u00f3n que tienen los iluminadores del uso tecno-estil\u00edstico de la luz en escena de Guayaquil es lo que Aracelly Joselyn S\u00e1nchez Moreta, estudiante de la carrera de Creaci\u00f3n Teatral de la Escuela de Artes Esc\u00e9nicas, propuso como tema de tesis de grado. La titul\u00f3 \u201cIluminaci\u00f3n esc\u00e9nica en Guayaquil 2016-2019\u201d y la sustent\u00f3 el 23\u2026","featured_image_src":"https:\/\/www.uartes.edu.ec\/sitio\/wp-content\/uploads\/2020\/05\/Pluma-y-la-tempestad.jpg","featured_image_src_square":"https:\/\/www.uartes.edu.ec\/sitio\/wp-content\/uploads\/2020\/05\/Pluma-y-la-tempestad.jpg","author_info":{"display_name":"Universidad de las Artes","author_link":"https:\/\/www.uartes.edu.ec\/sitio\/fr\/blog\/author\/dircomadm\/"},"publishpress_future_workflow_manual_trigger":{"enabledWorkflows":[]},"distributor_meta":false,"distributor_terms":false,"distributor_media":false,"distributor_original_site_name":"Universidad de las Artes","distributor_original_site_url":"https:\/\/www.uartes.edu.ec\/sitio\/fr","push-errors":false,"_links":{"self":[{"href":"https:\/\/www.uartes.edu.ec\/sitio\/fr\/wp-json\/wp\/v2\/posts\/6887","targetHints":{"allow":["GET"]}}],"collection":[{"href":"https:\/\/www.uartes.edu.ec\/sitio\/fr\/wp-json\/wp\/v2\/posts"}],"about":[{"href":"https:\/\/www.uartes.edu.ec\/sitio\/fr\/wp-json\/wp\/v2\/types\/post"}],"author":[{"embeddable":true,"href":"https:\/\/www.uartes.edu.ec\/sitio\/fr\/wp-json\/wp\/v2\/users\/1"}],"replies":[{"embeddable":true,"href":"https:\/\/www.uartes.edu.ec\/sitio\/fr\/wp-json\/wp\/v2\/comments?post=6887"}],"version-history":[{"count":1,"href":"https:\/\/www.uartes.edu.ec\/sitio\/fr\/wp-json\/wp\/v2\/posts\/6887\/revisions"}],"predecessor-version":[{"id":6889,"href":"https:\/\/www.uartes.edu.ec\/sitio\/fr\/wp-json\/wp\/v2\/posts\/6887\/revisions\/6889"}],"wp:featuredmedia":[{"embeddable":true,"href":"https:\/\/www.uartes.edu.ec\/sitio\/fr\/wp-json\/wp\/v2\/media\/6888"}],"wp:attachment":[{"href":"https:\/\/www.uartes.edu.ec\/sitio\/fr\/wp-json\/wp\/v2\/media?parent=6887"}],"wp:term":[{"taxonomy":"category","embeddable":true,"href":"https:\/\/www.uartes.edu.ec\/sitio\/fr\/wp-json\/wp\/v2\/categories?post=6887"},{"taxonomy":"post_tag","embeddable":true,"href":"https:\/\/www.uartes.edu.ec\/sitio\/fr\/wp-json\/wp\/v2\/tags?post=6887"},{"taxonomy":"infouartes","embeddable":true,"href":"https:\/\/www.uartes.edu.ec\/sitio\/fr\/wp-json\/wp\/v2\/infouartes?post=6887"}],"curies":[{"name":"wp","href":"https:\/\/api.w.org\/{rel}","templated":true}]}}