{"id":6890,"date":"2020-05-07T09:33:37","date_gmt":"2020-05-07T14:33:37","guid":{"rendered":"http:\/\/www.uartes.edu.ec\/sitio\/?p=6890"},"modified":"2024-07-04T11:43:15","modified_gmt":"2024-07-04T16:43:15","slug":"andrea-ramirez-presento-como-tesis-7-obras-en-espacios-deconstruccion","status":"publish","type":"post","link":"https:\/\/www.uartes.edu.ec\/sitio\/fr\/blog\/2020\/05\/07\/andrea-ramirez-presento-como-tesis-7-obras-en-espacios-deconstruccion\/","title":{"rendered":"Andrea Ram\u00edrez present\u00f3 como tesis  7 obras en Espacios De(construcci\u00f3n)"},"content":{"rendered":"<p>Un conjunto de siete obras, conformadas en su mayor\u00eda por pinturas instalativas, trabajadas con materiales como acr\u00edlico, bastidores, tela preparada, hilos previamente pintados, recortes de tela y lienzo crudo es lo que la artista pl\u00e1stica Andrea Viviana Ram\u00edrez Cabrera present\u00f3 como tesis de grado el 17 de abril de 2020. Uno de los \u00faltimos pasos en su preparaci\u00f3n acad\u00e9mica en la Escuela de Artes Visuales de la Universidad de las Artes.<\/p>\n\n\n\n<p>A la exposici\u00f3n la titul\u00f3 <em>Espacios De(construcci\u00f3n)<\/em>, propuesta que, explica, constituy\u00f3 una cierta continuaci\u00f3n a trabajos anteriores&nbsp;en los que desarroll\u00f3 tem\u00e1ticas sobre la cotidianidad, el hogar y lo dom\u00e9stico, los cuales la han llevado a ganar cert\u00e1menes como la edici\u00f3n de este a\u00f1o del Sal\u00f3n de la Mujer de la Casa de la Cultura, n\u00facleo del Guayas.<\/p>\n\n\n\n<p>Para <em>Espacios De(construcci\u00f3n),<\/em> Andrea Ram\u00edrez comenta que explor\u00f3 m\u00e1s en lo instalativo \u201cal recrear sitios cotidianos de los hogares de mis t\u00edas por parte de mi padre y al involucrarme un poco a este trabajo, al resaltar espacios pict\u00f3ricamente\u201d.&nbsp;Desarrollar la tesis le tom\u00f3 casi un a\u00f1o, tiempo que atribuye a las dificultades que experiment\u00f3 en el proceso. Inicialmente ten\u00eda otras ideas de obras, explica, y fue su tutor de tesis, Albert Santos, quien estuvo tras sus pasos para ejecutar el proyecto.&nbsp;&nbsp;<\/p>\n\n\n\n<p>Adem\u00e1s, revela que a la mitad de camino tuvo que cambiar casi en su mayor\u00eda las obras por recomendaci\u00f3n de su tutor, a quien le parec\u00eda exist\u00eda un poco de distancia entre ellas. \u201cAl final las cambi\u00e9 de a poco mediante bocetos previos y viendo c\u00f3mo quedar\u00edan dentro del espacio que utilic\u00e9: las b\u00f3vedas de MZ14, all\u00ed termin\u00e9 de ubicar las obras en poco m\u00e1s de dos meses\u201d.&nbsp;<\/p>\n\n\n\n<p>Sustentar su tesis v\u00eda online no la tom\u00f3 por sorpresa ni le caus\u00f3 inconvenientes, anota Andrea Ram\u00edrez. Todo lo contrario, en la presentaci\u00f3n de su trabajo final se sinti\u00f3 un poco m\u00e1s c\u00f3moda. \u201cAl ser virtual no los ten\u00eda enfrente m\u00edo, no hab\u00eda esa carga de miradas que aumentaban mis nervios. Dur\u00f3 el tiempo establecido, incluso con los comentarios al final de la presentaci\u00f3n. Tambi\u00e9n los miembros de mi jurado de tesis expresaron inquietudes, como por qu\u00e9 el lugar de la exposici\u00f3n; quiz\u00e1s, me indicaron, se hubiera mostrado en otro espacio visualmente m\u00e1s limpio, a fin de que se pudieran destacar los detalles de mis obras\u201d.<\/p>\n\n\n\n<p>De lo que vendr\u00e1 luego de concluir la carrea, Andrea Ram\u00edrez dijo no tenerlo claro por el momento. Lo que s\u00ed har\u00e1 es participar en salones, proyectos o alguna residencia fuera del pa\u00eds, a fin de continuar trabajando en su producci\u00f3n e investigaciones.&nbsp;&nbsp;<\/p>","protected":false},"excerpt":{"rendered":"<p>Un conjunto de siete obras, conformadas en su mayor\u00eda por pinturas instalativas, trabajadas con materiales como acr\u00edlico, bastidores, tela preparada, hilos previamente pintados, recortes de tela y lienzo crudo es lo que la artista pl\u00e1stica Andrea Viviana Ram\u00edrez Cabrera present\u00f3 como tesis de grado el 17 de abril de 2020.<\/p>","protected":false},"author":1,"featured_media":6891,"comment_status":"closed","ping_status":"closed","sticky":false,"template":"","format":"standard","meta":{"_acf_changed":false,"_uag_custom_page_level_css":"","_monsterinsights_skip_tracking":false,"_monsterinsights_sitenote_active":false,"_monsterinsights_sitenote_note":"","_monsterinsights_sitenote_category":0,"cybocfi_hide_featured_image":"","footnotes":""},"categories":[80,157,76],"tags":[211],"infouartes":[],"class_list":["post-6890","post","type-post","status-publish","format-standard","has-post-thumbnail","hentry","category-academico","category-artes-visuales","category-estudiantes","tag-covid19"],"acf":[],"yoast_head":"<!-- This site is optimized with the Yoast SEO plugin v27.4 - https:\/\/yoast.com\/product\/yoast-seo-wordpress\/ -->\n<title>Universidad de las Artes - Andrea Ram\u00edrez present\u00f3 como tesis 7 obras en Espacios De(construcci\u00f3n)<\/title>\n<meta name=\"description\" content=\"Universidad de las Artes - Andrea Ram\u00edrez present\u00f3 como tesis 7 obras en Espacios De(construcci\u00f3n)\" \/>\n<meta name=\"robots\" content=\"index, follow, max-snippet:-1, max-image-preview:large, max-video-preview:-1\" \/>\n<link rel=\"canonical\" href=\"https:\/\/www.uartes.edu.ec\/sitio\/fr\/blog\/2020\/05\/07\/andrea-ramirez-presento-como-tesis-7-obras-en-espacios-deconstruccion\/\" \/>\n<meta property=\"og:locale\" content=\"fr_FR\" \/>\n<meta property=\"og:type\" content=\"article\" \/>\n<meta property=\"og:title\" content=\"Universidad de las Artes - Andrea Ram\u00edrez present\u00f3 como tesis 7 obras en Espacios De(construcci\u00f3n)\" \/>\n<meta property=\"og:description\" content=\"Universidad de las Artes - Andrea Ram\u00edrez present\u00f3 como tesis 7 obras en Espacios De(construcci\u00f3n)\" \/>\n<meta property=\"og:url\" content=\"https:\/\/www.uartes.edu.ec\/sitio\/fr\/blog\/2020\/05\/07\/andrea-ramirez-presento-como-tesis-7-obras-en-espacios-deconstruccion\/\" \/>\n<meta property=\"og:site_name\" content=\"Universidad de las Artes\" \/>\n<meta property=\"article:publisher\" content=\"https:\/\/www.facebook.com\/uartesec\" \/>\n<meta property=\"article:published_time\" content=\"2020-05-07T14:33:37+00:00\" \/>\n<meta property=\"article:modified_time\" content=\"2024-07-04T16:43:15+00:00\" \/>\n<meta property=\"og:image\" content=\"https:\/\/www.uartes.edu.ec\/sitio\/wp-content\/uploads\/2020\/05\/Andrea-Ram\u00edrez.jpg\" \/>\n\t<meta property=\"og:image:width\" content=\"2000\" \/>\n\t<meta property=\"og:image:height\" content=\"1333\" \/>\n\t<meta property=\"og:image:type\" content=\"image\/jpeg\" \/>\n<meta name=\"author\" content=\"Universidad de las Artes\" \/>\n<meta name=\"twitter:card\" content=\"summary_large_image\" \/>\n<meta name=\"twitter:creator\" content=\"@uartesec\" \/>\n<meta name=\"twitter:site\" content=\"@uartesec\" \/>\n<meta name=\"twitter:label1\" content=\"\u00c9crit par\" \/>\n\t<meta name=\"twitter:data1\" content=\"Universidad de las Artes\" \/>\n\t<meta name=\"twitter:label2\" content=\"Dur\u00e9e de lecture estim\u00e9e\" \/>\n\t<meta name=\"twitter:data2\" content=\"2 minutes\" \/>\n<script type=\"application\/ld+json\" class=\"yoast-schema-graph\">{\"@context\":\"https:\\\/\\\/schema.org\",\"@graph\":[{\"@type\":\"Article\",\"@id\":\"https:\\\/\\\/www.uartes.edu.ec\\\/sitio\\\/fr\\\/blog\\\/2020\\\/05\\\/07\\\/andrea-ramirez-presento-como-tesis-7-obras-en-espacios-deconstruccion\\\/#article\",\"isPartOf\":{\"@id\":\"https:\\\/\\\/www.uartes.edu.ec\\\/sitio\\\/fr\\\/blog\\\/2020\\\/05\\\/07\\\/andrea-ramirez-presento-como-tesis-7-obras-en-espacios-deconstruccion\\\/\"},\"author\":{\"name\":\"Universidad de las Artes\",\"@id\":\"https:\\\/\\\/www.uartes.edu.ec\\\/sitio\\\/fr\\\/#\\\/schema\\\/person\\\/f33f8c1d2af0d5c80a38c8abf458184a\"},\"headline\":\"Andrea Ram\u00edrez present\u00f3 como tesis 7 obras en Espacios De(construcci\u00f3n)\",\"datePublished\":\"2020-05-07T14:33:37+00:00\",\"dateModified\":\"2024-07-04T16:43:15+00:00\",\"mainEntityOfPage\":{\"@id\":\"https:\\\/\\\/www.uartes.edu.ec\\\/sitio\\\/fr\\\/blog\\\/2020\\\/05\\\/07\\\/andrea-ramirez-presento-como-tesis-7-obras-en-espacios-deconstruccion\\\/\"},\"wordCount\":495,\"publisher\":{\"@id\":\"https:\\\/\\\/www.uartes.edu.ec\\\/sitio\\\/fr\\\/#organization\"},\"image\":{\"@id\":\"https:\\\/\\\/www.uartes.edu.ec\\\/sitio\\\/fr\\\/blog\\\/2020\\\/05\\\/07\\\/andrea-ramirez-presento-como-tesis-7-obras-en-espacios-deconstruccion\\\/#primaryimage\"},\"thumbnailUrl\":\"https:\\\/\\\/www.uartes.edu.ec\\\/sitio\\\/wp-content\\\/uploads\\\/2020\\\/05\\\/Andrea-Ram\u00edrez.jpg\",\"keywords\":[\"covid19\"],\"articleSection\":[\"Acad\u00e9mico\",\"Artes Visuales\",\"Estudiantes\"],\"inLanguage\":\"fr-FR\"},{\"@type\":[\"WebPage\",\"ItemPage\"],\"@id\":\"https:\\\/\\\/www.uartes.edu.ec\\\/sitio\\\/fr\\\/blog\\\/2020\\\/05\\\/07\\\/andrea-ramirez-presento-como-tesis-7-obras-en-espacios-deconstruccion\\\/\",\"url\":\"https:\\\/\\\/www.uartes.edu.ec\\\/sitio\\\/fr\\\/blog\\\/2020\\\/05\\\/07\\\/andrea-ramirez-presento-como-tesis-7-obras-en-espacios-deconstruccion\\\/\",\"name\":\"Universidad de las Artes - Andrea Ram\u00edrez present\u00f3 como tesis 7 obras en Espacios De(construcci\u00f3n)\",\"isPartOf\":{\"@id\":\"https:\\\/\\\/www.uartes.edu.ec\\\/sitio\\\/fr\\\/#website\"},\"primaryImageOfPage\":{\"@id\":\"https:\\\/\\\/www.uartes.edu.ec\\\/sitio\\\/fr\\\/blog\\\/2020\\\/05\\\/07\\\/andrea-ramirez-presento-como-tesis-7-obras-en-espacios-deconstruccion\\\/#primaryimage\"},\"image\":{\"@id\":\"https:\\\/\\\/www.uartes.edu.ec\\\/sitio\\\/fr\\\/blog\\\/2020\\\/05\\\/07\\\/andrea-ramirez-presento-como-tesis-7-obras-en-espacios-deconstruccion\\\/#primaryimage\"},\"thumbnailUrl\":\"https:\\\/\\\/www.uartes.edu.ec\\\/sitio\\\/wp-content\\\/uploads\\\/2020\\\/05\\\/Andrea-Ram\u00edrez.jpg\",\"datePublished\":\"2020-05-07T14:33:37+00:00\",\"dateModified\":\"2024-07-04T16:43:15+00:00\",\"description\":\"Universidad de las Artes - Andrea Ram\u00edrez present\u00f3 como tesis 7 obras en Espacios De(construcci\u00f3n)\",\"breadcrumb\":{\"@id\":\"https:\\\/\\\/www.uartes.edu.ec\\\/sitio\\\/fr\\\/blog\\\/2020\\\/05\\\/07\\\/andrea-ramirez-presento-como-tesis-7-obras-en-espacios-deconstruccion\\\/#breadcrumb\"},\"inLanguage\":\"fr-FR\",\"potentialAction\":[{\"@type\":\"ReadAction\",\"target\":[\"https:\\\/\\\/www.uartes.edu.ec\\\/sitio\\\/fr\\\/blog\\\/2020\\\/05\\\/07\\\/andrea-ramirez-presento-como-tesis-7-obras-en-espacios-deconstruccion\\\/\"]}]},{\"@type\":\"ImageObject\",\"inLanguage\":\"fr-FR\",\"@id\":\"https:\\\/\\\/www.uartes.edu.ec\\\/sitio\\\/fr\\\/blog\\\/2020\\\/05\\\/07\\\/andrea-ramirez-presento-como-tesis-7-obras-en-espacios-deconstruccion\\\/#primaryimage\",\"url\":\"https:\\\/\\\/www.uartes.edu.ec\\\/sitio\\\/wp-content\\\/uploads\\\/2020\\\/05\\\/Andrea-Ram\u00edrez.jpg\",\"contentUrl\":\"https:\\\/\\\/www.uartes.edu.ec\\\/sitio\\\/wp-content\\\/uploads\\\/2020\\\/05\\\/Andrea-Ram\u00edrez.jpg\",\"width\":2000,\"height\":1333},{\"@type\":\"BreadcrumbList\",\"@id\":\"https:\\\/\\\/www.uartes.edu.ec\\\/sitio\\\/fr\\\/blog\\\/2020\\\/05\\\/07\\\/andrea-ramirez-presento-como-tesis-7-obras-en-espacios-deconstruccion\\\/#breadcrumb\",\"itemListElement\":[{\"@type\":\"ListItem\",\"position\":1,\"name\":\"Inicio\",\"item\":\"https:\\\/\\\/www.uartes.edu.ec\\\/sitio\\\/\"},{\"@type\":\"ListItem\",\"position\":2,\"name\":\"Andrea Ram\u00edrez present\u00f3 como tesis 7 obras en Espacios De(construcci\u00f3n)\"}]},{\"@type\":\"WebSite\",\"@id\":\"https:\\\/\\\/www.uartes.edu.ec\\\/sitio\\\/fr\\\/#website\",\"url\":\"https:\\\/\\\/www.uartes.edu.ec\\\/sitio\\\/fr\\\/\",\"name\":\"Universidad de las Artes\",\"description\":\"Sitio oficial de la Universidad Nacional de las Artes del Ecuador\",\"publisher\":{\"@id\":\"https:\\\/\\\/www.uartes.edu.ec\\\/sitio\\\/fr\\\/#organization\"},\"potentialAction\":[{\"@type\":\"SearchAction\",\"target\":{\"@type\":\"EntryPoint\",\"urlTemplate\":\"https:\\\/\\\/www.uartes.edu.ec\\\/sitio\\\/fr\\\/?s={search_term_string}\"},\"query-input\":{\"@type\":\"PropertyValueSpecification\",\"valueRequired\":true,\"valueName\":\"search_term_string\"}}],\"inLanguage\":\"fr-FR\"},{\"@type\":\"Organization\",\"@id\":\"https:\\\/\\\/www.uartes.edu.ec\\\/sitio\\\/fr\\\/#organization\",\"name\":\"Universidad de las Artes\",\"url\":\"https:\\\/\\\/www.uartes.edu.ec\\\/sitio\\\/fr\\\/\",\"logo\":{\"@type\":\"ImageObject\",\"inLanguage\":\"fr-FR\",\"@id\":\"https:\\\/\\\/www.uartes.edu.ec\\\/sitio\\\/fr\\\/#\\\/schema\\\/logo\\\/image\\\/\",\"url\":\"https:\\\/\\\/www.uartes.edu.ec\\\/sitio\\\/wp-content\\\/uploads\\\/2022\\\/07\\\/logo-ua-horizontal.png\",\"contentUrl\":\"https:\\\/\\\/www.uartes.edu.ec\\\/sitio\\\/wp-content\\\/uploads\\\/2022\\\/07\\\/logo-ua-horizontal.png\",\"width\":800,\"height\":276,\"caption\":\"Universidad de las Artes\"},\"image\":{\"@id\":\"https:\\\/\\\/www.uartes.edu.ec\\\/sitio\\\/fr\\\/#\\\/schema\\\/logo\\\/image\\\/\"},\"sameAs\":[\"https:\\\/\\\/www.facebook.com\\\/uartesec\",\"https:\\\/\\\/x.com\\\/uartesec\",\"https:\\\/\\\/www.tiktok.com\\\/@uartesec\"]},{\"@type\":\"Person\",\"@id\":\"https:\\\/\\\/www.uartes.edu.ec\\\/sitio\\\/fr\\\/#\\\/schema\\\/person\\\/f33f8c1d2af0d5c80a38c8abf458184a\",\"name\":\"Universidad de las Artes\",\"image\":{\"@type\":\"ImageObject\",\"inLanguage\":\"fr-FR\",\"@id\":\"https:\\\/\\\/secure.gravatar.com\\\/avatar\\\/52e4757902f5cfa5ac52d020e5be83cae5487519154b6c35482fe08d589f3c13?s=96&d=mm&r=g\",\"url\":\"https:\\\/\\\/secure.gravatar.com\\\/avatar\\\/52e4757902f5cfa5ac52d020e5be83cae5487519154b6c35482fe08d589f3c13?s=96&d=mm&r=g\",\"contentUrl\":\"https:\\\/\\\/secure.gravatar.com\\\/avatar\\\/52e4757902f5cfa5ac52d020e5be83cae5487519154b6c35482fe08d589f3c13?s=96&d=mm&r=g\",\"caption\":\"Universidad de las Artes\"},\"url\":\"https:\\\/\\\/www.uartes.edu.ec\\\/sitio\\\/fr\\\/blog\\\/author\\\/dircomadm\\\/\"}]}<\/script>\n<!-- \/ Yoast SEO plugin. -->","yoast_head_json":{"title":"Universidad de las Artes - Andrea Ram\u00edrez present\u00f3 como tesis 7 obras en Espacios De(construcci\u00f3n)","description":"Universidad de las Artes - Andrea Ram\u00edrez present\u00f3 como tesis 7 obras en Espacios De(construcci\u00f3n)","robots":{"index":"index","follow":"follow","max-snippet":"max-snippet:-1","max-image-preview":"max-image-preview:large","max-video-preview":"max-video-preview:-1"},"canonical":"https:\/\/www.uartes.edu.ec\/sitio\/fr\/blog\/2020\/05\/07\/andrea-ramirez-presento-como-tesis-7-obras-en-espacios-deconstruccion\/","og_locale":"fr_FR","og_type":"article","og_title":"Universidad de las Artes - Andrea Ram\u00edrez present\u00f3 como tesis 7 obras en Espacios De(construcci\u00f3n)","og_description":"Universidad de las Artes - Andrea Ram\u00edrez present\u00f3 como tesis 7 obras en Espacios De(construcci\u00f3n)","og_url":"https:\/\/www.uartes.edu.ec\/sitio\/fr\/blog\/2020\/05\/07\/andrea-ramirez-presento-como-tesis-7-obras-en-espacios-deconstruccion\/","og_site_name":"Universidad de las Artes","article_publisher":"https:\/\/www.facebook.com\/uartesec","article_published_time":"2020-05-07T14:33:37+00:00","article_modified_time":"2024-07-04T16:43:15+00:00","og_image":[{"width":2000,"height":1333,"url":"https:\/\/www.uartes.edu.ec\/sitio\/wp-content\/uploads\/2020\/05\/Andrea-Ram\u00edrez.jpg","type":"image\/jpeg"}],"author":"Universidad de las Artes","twitter_card":"summary_large_image","twitter_creator":"@uartesec","twitter_site":"@uartesec","twitter_misc":{"\u00c9crit par":"Universidad de las Artes","Dur\u00e9e de lecture estim\u00e9e":"2 minutes"},"schema":{"@context":"https:\/\/schema.org","@graph":[{"@type":"Article","@id":"https:\/\/www.uartes.edu.ec\/sitio\/fr\/blog\/2020\/05\/07\/andrea-ramirez-presento-como-tesis-7-obras-en-espacios-deconstruccion\/#article","isPartOf":{"@id":"https:\/\/www.uartes.edu.ec\/sitio\/fr\/blog\/2020\/05\/07\/andrea-ramirez-presento-como-tesis-7-obras-en-espacios-deconstruccion\/"},"author":{"name":"Universidad de las Artes","@id":"https:\/\/www.uartes.edu.ec\/sitio\/fr\/#\/schema\/person\/f33f8c1d2af0d5c80a38c8abf458184a"},"headline":"Andrea Ram\u00edrez present\u00f3 como tesis 7 obras en Espacios De(construcci\u00f3n)","datePublished":"2020-05-07T14:33:37+00:00","dateModified":"2024-07-04T16:43:15+00:00","mainEntityOfPage":{"@id":"https:\/\/www.uartes.edu.ec\/sitio\/fr\/blog\/2020\/05\/07\/andrea-ramirez-presento-como-tesis-7-obras-en-espacios-deconstruccion\/"},"wordCount":495,"publisher":{"@id":"https:\/\/www.uartes.edu.ec\/sitio\/fr\/#organization"},"image":{"@id":"https:\/\/www.uartes.edu.ec\/sitio\/fr\/blog\/2020\/05\/07\/andrea-ramirez-presento-como-tesis-7-obras-en-espacios-deconstruccion\/#primaryimage"},"thumbnailUrl":"https:\/\/www.uartes.edu.ec\/sitio\/wp-content\/uploads\/2020\/05\/Andrea-Ram\u00edrez.jpg","keywords":["covid19"],"articleSection":["Acad\u00e9mico","Artes Visuales","Estudiantes"],"inLanguage":"fr-FR"},{"@type":["WebPage","ItemPage"],"@id":"https:\/\/www.uartes.edu.ec\/sitio\/fr\/blog\/2020\/05\/07\/andrea-ramirez-presento-como-tesis-7-obras-en-espacios-deconstruccion\/","url":"https:\/\/www.uartes.edu.ec\/sitio\/fr\/blog\/2020\/05\/07\/andrea-ramirez-presento-como-tesis-7-obras-en-espacios-deconstruccion\/","name":"Universidad de las Artes - Andrea Ram\u00edrez present\u00f3 como tesis 7 obras en Espacios De(construcci\u00f3n)","isPartOf":{"@id":"https:\/\/www.uartes.edu.ec\/sitio\/fr\/#website"},"primaryImageOfPage":{"@id":"https:\/\/www.uartes.edu.ec\/sitio\/fr\/blog\/2020\/05\/07\/andrea-ramirez-presento-como-tesis-7-obras-en-espacios-deconstruccion\/#primaryimage"},"image":{"@id":"https:\/\/www.uartes.edu.ec\/sitio\/fr\/blog\/2020\/05\/07\/andrea-ramirez-presento-como-tesis-7-obras-en-espacios-deconstruccion\/#primaryimage"},"thumbnailUrl":"https:\/\/www.uartes.edu.ec\/sitio\/wp-content\/uploads\/2020\/05\/Andrea-Ram\u00edrez.jpg","datePublished":"2020-05-07T14:33:37+00:00","dateModified":"2024-07-04T16:43:15+00:00","description":"Universidad de las Artes - Andrea Ram\u00edrez present\u00f3 como tesis 7 obras en Espacios De(construcci\u00f3n)","breadcrumb":{"@id":"https:\/\/www.uartes.edu.ec\/sitio\/fr\/blog\/2020\/05\/07\/andrea-ramirez-presento-como-tesis-7-obras-en-espacios-deconstruccion\/#breadcrumb"},"inLanguage":"fr-FR","potentialAction":[{"@type":"ReadAction","target":["https:\/\/www.uartes.edu.ec\/sitio\/fr\/blog\/2020\/05\/07\/andrea-ramirez-presento-como-tesis-7-obras-en-espacios-deconstruccion\/"]}]},{"@type":"ImageObject","inLanguage":"fr-FR","@id":"https:\/\/www.uartes.edu.ec\/sitio\/fr\/blog\/2020\/05\/07\/andrea-ramirez-presento-como-tesis-7-obras-en-espacios-deconstruccion\/#primaryimage","url":"https:\/\/www.uartes.edu.ec\/sitio\/wp-content\/uploads\/2020\/05\/Andrea-Ram\u00edrez.jpg","contentUrl":"https:\/\/www.uartes.edu.ec\/sitio\/wp-content\/uploads\/2020\/05\/Andrea-Ram\u00edrez.jpg","width":2000,"height":1333},{"@type":"BreadcrumbList","@id":"https:\/\/www.uartes.edu.ec\/sitio\/fr\/blog\/2020\/05\/07\/andrea-ramirez-presento-como-tesis-7-obras-en-espacios-deconstruccion\/#breadcrumb","itemListElement":[{"@type":"ListItem","position":1,"name":"Inicio","item":"https:\/\/www.uartes.edu.ec\/sitio\/"},{"@type":"ListItem","position":2,"name":"Andrea Ram\u00edrez present\u00f3 como tesis 7 obras en Espacios De(construcci\u00f3n)"}]},{"@type":"WebSite","@id":"https:\/\/www.uartes.edu.ec\/sitio\/fr\/#website","url":"https:\/\/www.uartes.edu.ec\/sitio\/fr\/","name":"Universidad de las Artes","description":"Sitio oficial de la Universidad Nacional de las Artes del Ecuador","publisher":{"@id":"https:\/\/www.uartes.edu.ec\/sitio\/fr\/#organization"},"potentialAction":[{"@type":"SearchAction","target":{"@type":"EntryPoint","urlTemplate":"https:\/\/www.uartes.edu.ec\/sitio\/fr\/?s={search_term_string}"},"query-input":{"@type":"PropertyValueSpecification","valueRequired":true,"valueName":"search_term_string"}}],"inLanguage":"fr-FR"},{"@type":"Organization","@id":"https:\/\/www.uartes.edu.ec\/sitio\/fr\/#organization","name":"Universidad de las Artes","url":"https:\/\/www.uartes.edu.ec\/sitio\/fr\/","logo":{"@type":"ImageObject","inLanguage":"fr-FR","@id":"https:\/\/www.uartes.edu.ec\/sitio\/fr\/#\/schema\/logo\/image\/","url":"https:\/\/www.uartes.edu.ec\/sitio\/wp-content\/uploads\/2022\/07\/logo-ua-horizontal.png","contentUrl":"https:\/\/www.uartes.edu.ec\/sitio\/wp-content\/uploads\/2022\/07\/logo-ua-horizontal.png","width":800,"height":276,"caption":"Universidad de las Artes"},"image":{"@id":"https:\/\/www.uartes.edu.ec\/sitio\/fr\/#\/schema\/logo\/image\/"},"sameAs":["https:\/\/www.facebook.com\/uartesec","https:\/\/x.com\/uartesec","https:\/\/www.tiktok.com\/@uartesec"]},{"@type":"Person","@id":"https:\/\/www.uartes.edu.ec\/sitio\/fr\/#\/schema\/person\/f33f8c1d2af0d5c80a38c8abf458184a","name":"Universidad de las Artes","image":{"@type":"ImageObject","inLanguage":"fr-FR","@id":"https:\/\/secure.gravatar.com\/avatar\/52e4757902f5cfa5ac52d020e5be83cae5487519154b6c35482fe08d589f3c13?s=96&d=mm&r=g","url":"https:\/\/secure.gravatar.com\/avatar\/52e4757902f5cfa5ac52d020e5be83cae5487519154b6c35482fe08d589f3c13?s=96&d=mm&r=g","contentUrl":"https:\/\/secure.gravatar.com\/avatar\/52e4757902f5cfa5ac52d020e5be83cae5487519154b6c35482fe08d589f3c13?s=96&d=mm&r=g","caption":"Universidad de las Artes"},"url":"https:\/\/www.uartes.edu.ec\/sitio\/fr\/blog\/author\/dircomadm\/"}]}},"uagb_featured_image_src":{"full":["https:\/\/www.uartes.edu.ec\/sitio\/wp-content\/uploads\/2020\/05\/Andrea-Ram\u00edrez.jpg",2000,1333,false],"thumbnail":["https:\/\/www.uartes.edu.ec\/sitio\/wp-content\/uploads\/2020\/05\/Andrea-Ram\u00edrez-150x150.jpg",150,150,true],"medium":["https:\/\/www.uartes.edu.ec\/sitio\/wp-content\/uploads\/2020\/05\/Andrea-Ram\u00edrez-300x200.jpg",300,200,true],"medium_large":["https:\/\/www.uartes.edu.ec\/sitio\/wp-content\/uploads\/2020\/05\/Andrea-Ram\u00edrez-768x512.jpg",768,512,true],"large":["https:\/\/www.uartes.edu.ec\/sitio\/wp-content\/uploads\/2020\/05\/Andrea-Ram\u00edrez-644x429.jpg",644,429,true],"1536x1536":["https:\/\/www.uartes.edu.ec\/sitio\/wp-content\/uploads\/2020\/05\/Andrea-Ram\u00edrez-1536x1024.jpg",1536,1024,true],"2048x2048":["https:\/\/www.uartes.edu.ec\/sitio\/wp-content\/uploads\/2020\/05\/Andrea-Ram\u00edrez.jpg",2000,1333,false],"trp-custom-language-flag":["https:\/\/www.uartes.edu.ec\/sitio\/wp-content\/uploads\/2020\/05\/Andrea-Ram\u00edrez.jpg",18,12,false],"htmega_size_585x295":["https:\/\/www.uartes.edu.ec\/sitio\/wp-content\/uploads\/2020\/05\/Andrea-Ram\u00edrez.jpg",443,295,false],"htmega_size_1170x536":["https:\/\/www.uartes.edu.ec\/sitio\/wp-content\/uploads\/2020\/05\/Andrea-Ram\u00edrez.jpg",804,536,false],"htmega_size_396x360":["https:\/\/www.uartes.edu.ec\/sitio\/wp-content\/uploads\/2020\/05\/Andrea-Ram\u00edrez.jpg",396,264,false],"gb-block-post-grid-landscape":["https:\/\/www.uartes.edu.ec\/sitio\/wp-content\/uploads\/2020\/05\/Andrea-Ram\u00edrez.jpg",600,400,false],"gb-block-post-grid-square":["https:\/\/www.uartes.edu.ec\/sitio\/wp-content\/uploads\/2020\/05\/Andrea-Ram\u00edrez.jpg",600,400,false],"university-hub-thumb":["https:\/\/www.uartes.edu.ec\/sitio\/wp-content\/uploads\/2020\/05\/Andrea-Ram\u00edrez-400x267.jpg",400,267,true]},"uagb_author_info":{"display_name":"Universidad de las Artes","author_link":"https:\/\/www.uartes.edu.ec\/sitio\/fr\/blog\/author\/dircomadm\/"},"uagb_comment_info":0,"uagb_excerpt":"Un conjunto de siete obras, conformadas en su mayor\u00eda por pinturas instalativas, trabajadas con materiales como acr\u00edlico, bastidores, tela preparada, hilos previamente pintados, recortes de tela y lienzo crudo es lo que la artista pl\u00e1stica Andrea Viviana Ram\u00edrez Cabrera present\u00f3 como tesis de grado el 17 de abril de 2020.","featured_image_src":"https:\/\/www.uartes.edu.ec\/sitio\/wp-content\/uploads\/2020\/05\/Andrea-Ram\u00edrez.jpg","featured_image_src_square":"https:\/\/www.uartes.edu.ec\/sitio\/wp-content\/uploads\/2020\/05\/Andrea-Ram\u00edrez.jpg","author_info":{"display_name":"Universidad de las Artes","author_link":"https:\/\/www.uartes.edu.ec\/sitio\/fr\/blog\/author\/dircomadm\/"},"publishpress_future_workflow_manual_trigger":{"enabledWorkflows":[]},"distributor_meta":false,"distributor_terms":false,"distributor_media":false,"distributor_original_site_name":"Universidad de las Artes","distributor_original_site_url":"https:\/\/www.uartes.edu.ec\/sitio\/fr","push-errors":false,"_links":{"self":[{"href":"https:\/\/www.uartes.edu.ec\/sitio\/fr\/wp-json\/wp\/v2\/posts\/6890","targetHints":{"allow":["GET"]}}],"collection":[{"href":"https:\/\/www.uartes.edu.ec\/sitio\/fr\/wp-json\/wp\/v2\/posts"}],"about":[{"href":"https:\/\/www.uartes.edu.ec\/sitio\/fr\/wp-json\/wp\/v2\/types\/post"}],"author":[{"embeddable":true,"href":"https:\/\/www.uartes.edu.ec\/sitio\/fr\/wp-json\/wp\/v2\/users\/1"}],"replies":[{"embeddable":true,"href":"https:\/\/www.uartes.edu.ec\/sitio\/fr\/wp-json\/wp\/v2\/comments?post=6890"}],"version-history":[{"count":1,"href":"https:\/\/www.uartes.edu.ec\/sitio\/fr\/wp-json\/wp\/v2\/posts\/6890\/revisions"}],"predecessor-version":[{"id":6892,"href":"https:\/\/www.uartes.edu.ec\/sitio\/fr\/wp-json\/wp\/v2\/posts\/6890\/revisions\/6892"}],"wp:featuredmedia":[{"embeddable":true,"href":"https:\/\/www.uartes.edu.ec\/sitio\/fr\/wp-json\/wp\/v2\/media\/6891"}],"wp:attachment":[{"href":"https:\/\/www.uartes.edu.ec\/sitio\/fr\/wp-json\/wp\/v2\/media?parent=6890"}],"wp:term":[{"taxonomy":"category","embeddable":true,"href":"https:\/\/www.uartes.edu.ec\/sitio\/fr\/wp-json\/wp\/v2\/categories?post=6890"},{"taxonomy":"post_tag","embeddable":true,"href":"https:\/\/www.uartes.edu.ec\/sitio\/fr\/wp-json\/wp\/v2\/tags?post=6890"},{"taxonomy":"infouartes","embeddable":true,"href":"https:\/\/www.uartes.edu.ec\/sitio\/fr\/wp-json\/wp\/v2\/infouartes?post=6890"}],"curies":[{"name":"wp","href":"https:\/\/api.w.org\/{rel}","templated":true}]}}