{"id":68927,"date":"2025-02-27T18:38:00","date_gmt":"2025-02-27T23:38:00","guid":{"rendered":"https:\/\/www.uartes.edu.ec\/sitio\/?p=68927"},"modified":"2025-03-05T18:22:03","modified_gmt":"2025-03-05T23:22:03","slug":"un-proceso-de-mucha-experimentacion","status":"publish","type":"post","link":"https:\/\/www.uartes.edu.ec\/sitio\/fr\/blog\/2025\/02\/27\/un-proceso-de-mucha-experimentacion\/","title":{"rendered":"Un proceso de mucha experimentaci\u00f3n"},"content":{"rendered":"<p>Como el resultado de un trabajo de mucha experimentaci\u00f3n se\u00f1al\u00f3 el docente Luis Ram\u00edrez, de Artes Visuales Nivelaci\u00f3n, a la muestra que el mi\u00e9rcoles 26 de febrero de 2025 se instal\u00f3 en la otrora tienda del Museo Antropol\u00f3gico y de Arte Contempor\u00e1neo (MAAC), en el marco de la jornada art\u00edstica y creativa de cierre del programa de la UArtes.<\/p>\n\n\n\n<p>En el espacio, ahora concebido como una sala de taller, se presentaron alrededor de 25 propuestas elaboradas en materiales no convencionales para la creaci\u00f3n art\u00edstica. \u201cDetr\u00e1s de todo lo que vemos aqu\u00ed, se han dado procesos en que los estudiantes han tenido que salirse de esa zona de confort para poder manipular otros materiales y tener nuevas visualidades con las que pueden discursar m\u00e1s adelante en la carrera\u201d, expres\u00f3.<\/p>\n\n\n\n<p>Ram\u00edrez est\u00e1 junto a la profesora Silvia Quezada a cargo de las asignaturas de Pr\u00e1ctica Disciplinar y Dibujo. Ambos docentes acompa\u00f1aron a InfoUArtes en el recorrido por la exposici\u00f3n. \u201cEs una muestra de procesos m\u00e1s que de productos terminados\u201d, anot\u00f3 Quezada mientras se\u00f1alaba a la entrada de la sala, y del lado izquierdo, la pared que recogi\u00f3 los autorretratos que realizaron los alumnos. Se trat\u00f3 de un antes y un despu\u00e9s, de c\u00f3mo se vieron al llegar y los cambios que fueron dando.<\/p>\n\n\n<div class=\"wp-block-image\">\n<figure class=\"aligncenter size-large\"><img fetchpriority=\"high\" decoding=\"async\" width=\"644\" height=\"429\" src=\"https:\/\/www.uartes.edu.ec\/sitio\/wp-content\/uploads\/2025\/03\/02-NIVELACION-ARTES-VISUALES-644x429.jpg\" alt=\"\" class=\"wp-image-68934\" srcset=\"https:\/\/www.uartes.edu.ec\/sitio\/wp-content\/uploads\/2025\/03\/02-NIVELACION-ARTES-VISUALES-644x429.jpg 644w, https:\/\/www.uartes.edu.ec\/sitio\/wp-content\/uploads\/2025\/03\/02-NIVELACION-ARTES-VISUALES-300x200.jpg 300w, https:\/\/www.uartes.edu.ec\/sitio\/wp-content\/uploads\/2025\/03\/02-NIVELACION-ARTES-VISUALES-768x512.jpg 768w, https:\/\/www.uartes.edu.ec\/sitio\/wp-content\/uploads\/2025\/03\/02-NIVELACION-ARTES-VISUALES-1536x1024.jpg 1536w, https:\/\/www.uartes.edu.ec\/sitio\/wp-content\/uploads\/2025\/03\/02-NIVELACION-ARTES-VISUALES-18x12.jpg 18w, https:\/\/www.uartes.edu.ec\/sitio\/wp-content\/uploads\/2025\/03\/02-NIVELACION-ARTES-VISUALES-600x400.jpg 600w, https:\/\/www.uartes.edu.ec\/sitio\/wp-content\/uploads\/2025\/03\/02-NIVELACION-ARTES-VISUALES-400x267.jpg 400w, https:\/\/www.uartes.edu.ec\/sitio\/wp-content\/uploads\/2025\/03\/02-NIVELACION-ARTES-VISUALES.jpg 2000w\" sizes=\"(max-width: 644px) 100vw, 644px\" \/><figcaption class=\"wp-element-caption\">Juan Jos\u00e9 Rocha, director de Acompa\u00f1amiento al \u00c9xito Acad\u00e9mico, observa autorretratos del antes y despu\u00e9s.<\/figcaption><\/figure>\n<\/div>\n\n\n<p>\u201cHicimos una selecci\u00f3n para evidenciar c\u00f3mo fueron concibi\u00e9ndose (ellos) durante el proceso; de los autorretratos hay un antes y un ahora\u201d, recalc\u00f3 Quezada. Los dem\u00e1s proyectos albergados en el lugar fueron tambi\u00e9n demostrando cambios y exponi\u00e9ndose como una bit\u00e1cora no tradicional, no solo las que se llevan en un cuaderno o una libreta, sino una m\u00e1s creativa, de experimentaci\u00f3n y transformaci\u00f3n de materiales no convencionales para crear.<\/p>\n\n\n\n<p>\u201cHay diferentes materiales que tienen una carga significativa porque surgen del inter\u00e9s personal de los estudiantes e incluye una experimentaci\u00f3n y transformaci\u00f3n. Ellos han ido viendo lo que pod\u00edan hacer con determinados materiales, qu\u00e9 suced\u00eda y qu\u00e9 resultados obtendr\u00edan\u201d, agreg\u00f3 Quezada.<\/p>\n\n\n\n<p>Constaron en el espacio obras creadas con materiales como az\u00facar, sal, mate, huesos de pescado y masas elaboradas con talco, harina, champ\u00fa, entre otros, generando diferentes texturas. Tambi\u00e9n de sand\u00eda, una experimentaci\u00f3n lograda por su creador a partir del tema de la violencia; de la fruta utiliz\u00f3 desde su c\u00e1scara y tintura hasta convertirla en una especie de instalaci\u00f3n, explic\u00f3 la docente, graduada en la UArtes. &nbsp;<\/p>\n\n\n<div class=\"wp-block-image\">\n<figure class=\"aligncenter size-large\"><img decoding=\"async\" width=\"644\" height=\"429\" src=\"https:\/\/www.uartes.edu.ec\/sitio\/wp-content\/uploads\/2025\/03\/06-NIVELACION-ARTES-VISUALES-644x429.jpg\" alt=\"\" class=\"wp-image-68930\" srcset=\"https:\/\/www.uartes.edu.ec\/sitio\/wp-content\/uploads\/2025\/03\/06-NIVELACION-ARTES-VISUALES-644x429.jpg 644w, https:\/\/www.uartes.edu.ec\/sitio\/wp-content\/uploads\/2025\/03\/06-NIVELACION-ARTES-VISUALES-300x200.jpg 300w, https:\/\/www.uartes.edu.ec\/sitio\/wp-content\/uploads\/2025\/03\/06-NIVELACION-ARTES-VISUALES-768x512.jpg 768w, https:\/\/www.uartes.edu.ec\/sitio\/wp-content\/uploads\/2025\/03\/06-NIVELACION-ARTES-VISUALES-1536x1024.jpg 1536w, https:\/\/www.uartes.edu.ec\/sitio\/wp-content\/uploads\/2025\/03\/06-NIVELACION-ARTES-VISUALES-18x12.jpg 18w, https:\/\/www.uartes.edu.ec\/sitio\/wp-content\/uploads\/2025\/03\/06-NIVELACION-ARTES-VISUALES-600x400.jpg 600w, https:\/\/www.uartes.edu.ec\/sitio\/wp-content\/uploads\/2025\/03\/06-NIVELACION-ARTES-VISUALES-400x267.jpg 400w, https:\/\/www.uartes.edu.ec\/sitio\/wp-content\/uploads\/2025\/03\/06-NIVELACION-ARTES-VISUALES.jpg 2000w\" sizes=\"(max-width: 644px) 100vw, 644px\" \/><\/figure>\n<\/div>\n\n\n<figure class=\"wp-block-gallery has-nested-images columns-default is-cropped wp-block-gallery-1 is-layout-flex wp-block-gallery-is-layout-flex\">\n<figure class=\"wp-block-image size-large\"><img decoding=\"async\" width=\"644\" height=\"483\" data-id=\"68939\" src=\"https:\/\/www.uartes.edu.ec\/sitio\/wp-content\/uploads\/2025\/03\/NEE-644x483.jpg\" alt=\"\" class=\"wp-image-68939\" srcset=\"https:\/\/www.uartes.edu.ec\/sitio\/wp-content\/uploads\/2025\/03\/NEE-644x483.jpg 644w, https:\/\/www.uartes.edu.ec\/sitio\/wp-content\/uploads\/2025\/03\/NEE-300x225.jpg 300w, https:\/\/www.uartes.edu.ec\/sitio\/wp-content\/uploads\/2025\/03\/NEE-768x576.jpg 768w, https:\/\/www.uartes.edu.ec\/sitio\/wp-content\/uploads\/2025\/03\/NEE-1536x1152.jpg 1536w, https:\/\/www.uartes.edu.ec\/sitio\/wp-content\/uploads\/2025\/03\/NEE-16x12.jpg 16w, https:\/\/www.uartes.edu.ec\/sitio\/wp-content\/uploads\/2025\/03\/NEE-400x300.jpg 400w, https:\/\/www.uartes.edu.ec\/sitio\/wp-content\/uploads\/2025\/03\/NEE.jpg 1777w\" sizes=\"(max-width: 644px) 100vw, 644px\" \/><\/figure>\n\n\n\n<figure class=\"wp-block-image size-large\"><img loading=\"lazy\" decoding=\"async\" width=\"644\" height=\"483\" data-id=\"68940\" src=\"https:\/\/www.uartes.edu.ec\/sitio\/wp-content\/uploads\/2025\/03\/NEE3-644x483.jpg\" alt=\"\" class=\"wp-image-68940\" srcset=\"https:\/\/www.uartes.edu.ec\/sitio\/wp-content\/uploads\/2025\/03\/NEE3-644x483.jpg 644w, https:\/\/www.uartes.edu.ec\/sitio\/wp-content\/uploads\/2025\/03\/NEE3-300x225.jpg 300w, https:\/\/www.uartes.edu.ec\/sitio\/wp-content\/uploads\/2025\/03\/NEE3-768x576.jpg 768w, https:\/\/www.uartes.edu.ec\/sitio\/wp-content\/uploads\/2025\/03\/NEE3-1536x1152.jpg 1536w, https:\/\/www.uartes.edu.ec\/sitio\/wp-content\/uploads\/2025\/03\/NEE3-16x12.jpg 16w, https:\/\/www.uartes.edu.ec\/sitio\/wp-content\/uploads\/2025\/03\/NEE3-400x300.jpg 400w, https:\/\/www.uartes.edu.ec\/sitio\/wp-content\/uploads\/2025\/03\/NEE3.jpg 1777w\" sizes=\"(max-width: 644px) 100vw, 644px\" \/><\/figure>\n<\/figure>\n\n\n\n<p><\/p>\n\n\n\n<p>De otro de los trabajos coment\u00f3 que una en la que al echarle l\u00edquido generaba formas abstractas, relacionadas por su creador con la Geolog\u00eda.&nbsp;Asimismo, los conocimientos en qu\u00edmica del siguiente expositor \u2013puesto que los proyectos fueron presentados de manera sucesiva\u2013 lo llevaron a trabajar visualidades de colores, mientras que un tercero, con necesidades educativas especiales (NEE), decidi\u00f3 personificar sus traumas en seres monstruosos.<\/p>\n\n\n\n<p>Jeremy Garc\u00eda particip\u00f3 en la muestra de resultados de Artes Visuales con una obra que denomin\u00f3 \u201cDescomposici\u00f3n poshumanista\u201d, visibilizada a trav\u00e9s de un robot al que bautiz\u00f3 El Errante. \u201cEs una persona del futuro que pretende cambiar todas las piezas de su cuerpo para ser mejor que los dem\u00e1s y prevalecer m\u00e1s tiempo en el mundo. Utilic\u00e9 materiales reciclados de computadoras, varillas met\u00e1licas, cables, todo lo que hall\u00e9 en mi casa. Lo arm\u00e9 pensando en el intento de muchos por ser superiores al resto y c\u00f3mo al hacerlo pierden su humanidad\u201d.<\/p>\n\n\n\n<p>Como expositora estuvo tambi\u00e9n Michelle Cuenca, quien decidi\u00f3 experimentar con la parafina, utilizada para la elaboraci\u00f3n de velas. En el proceso sucedi\u00f3 un choque t\u00e9rmico que hay entre esa sustancia s\u00f3lida y blanca y el agua fr\u00eda. \u201cHerv\u00ed el material y lo llev\u00e9 a un balde de agua fr\u00eda y obtuve como resultado distintas formas. Hubo tambi\u00e9n una encapsulaci\u00f3n de tintas de impresora dentro de la parafina. Adquirieron formas de corales y para mostrarlos los coloqu\u00e9 dentro de una pecera\u201d, cont\u00f3.<\/p>\n\n\n\n<p>Britanny Cresp\u00edn, otra estudiante, trabaj\u00f3 en un proyecto enfocado en las articulaciones de las manos, el cual lig\u00f3 a una bit\u00e1cora cuyo contenido (texto) bord\u00f3 a mano, letra por letra. En cuanto al material para las articulaciones, estos fueron variados: arena, papel y cart\u00f3n. Trabaj\u00f3 la maicena para que tuviera la misma textura que la plastilina. Cada uno de los materiales mencionados fueron combinados hasta obtener de ellos masas que permitan el ejercicio articular.<\/p>\n\n\n\n<figure class=\"wp-block-gallery has-nested-images columns-default is-cropped wp-block-gallery-2 is-layout-flex wp-block-gallery-is-layout-flex\">\n<figure class=\"wp-block-image size-large\"><img loading=\"lazy\" decoding=\"async\" width=\"644\" height=\"483\" data-id=\"68932\" src=\"https:\/\/www.uartes.edu.ec\/sitio\/wp-content\/uploads\/2025\/03\/Visuales6-1-644x483.jpeg\" alt=\"\" class=\"wp-image-68932\" srcset=\"https:\/\/www.uartes.edu.ec\/sitio\/wp-content\/uploads\/2025\/03\/Visuales6-1-644x483.jpeg 644w, https:\/\/www.uartes.edu.ec\/sitio\/wp-content\/uploads\/2025\/03\/Visuales6-1-300x225.jpeg 300w, https:\/\/www.uartes.edu.ec\/sitio\/wp-content\/uploads\/2025\/03\/Visuales6-1-768x576.jpeg 768w, https:\/\/www.uartes.edu.ec\/sitio\/wp-content\/uploads\/2025\/03\/Visuales6-1-1536x1152.jpeg 1536w, https:\/\/www.uartes.edu.ec\/sitio\/wp-content\/uploads\/2025\/03\/Visuales6-1-16x12.jpeg 16w, https:\/\/www.uartes.edu.ec\/sitio\/wp-content\/uploads\/2025\/03\/Visuales6-1-400x300.jpeg 400w, https:\/\/www.uartes.edu.ec\/sitio\/wp-content\/uploads\/2025\/03\/Visuales6-1.jpeg 1599w\" sizes=\"(max-width: 644px) 100vw, 644px\" \/><\/figure>\n\n\n\n<figure class=\"wp-block-image size-large\"><img loading=\"lazy\" decoding=\"async\" width=\"644\" height=\"483\" data-id=\"68933\" src=\"https:\/\/www.uartes.edu.ec\/sitio\/wp-content\/uploads\/2025\/03\/Visuales7-644x483.jpeg\" alt=\"\" class=\"wp-image-68933\" srcset=\"https:\/\/www.uartes.edu.ec\/sitio\/wp-content\/uploads\/2025\/03\/Visuales7-644x483.jpeg 644w, https:\/\/www.uartes.edu.ec\/sitio\/wp-content\/uploads\/2025\/03\/Visuales7-300x225.jpeg 300w, https:\/\/www.uartes.edu.ec\/sitio\/wp-content\/uploads\/2025\/03\/Visuales7-768x576.jpeg 768w, https:\/\/www.uartes.edu.ec\/sitio\/wp-content\/uploads\/2025\/03\/Visuales7-1536x1152.jpeg 1536w, https:\/\/www.uartes.edu.ec\/sitio\/wp-content\/uploads\/2025\/03\/Visuales7-16x12.jpeg 16w, https:\/\/www.uartes.edu.ec\/sitio\/wp-content\/uploads\/2025\/03\/Visuales7-400x300.jpeg 400w, https:\/\/www.uartes.edu.ec\/sitio\/wp-content\/uploads\/2025\/03\/Visuales7.jpeg 1599w\" sizes=\"(max-width: 644px) 100vw, 644px\" \/><\/figure>\n<\/figure>\n\n\n\n<p><\/p>\n\n\n\n<p>Jared Osorio, por su parte, trabaj\u00f3 en un proyecto que consisti\u00f3 en la degradaci\u00f3n de frutas y hortalizas bajo el Sol y en la sombra. Escogi\u00f3 cuatro: zapallo, remolacha, zanahoria y mel\u00f3n, de los cuales ocup\u00f3 la c\u00e1scara, la pulpa, el gabazo y el jugo. Del proceso explic\u00f3: \u201cAntes cur\u00e9 primero la cartulina.&nbsp;Tres veces la met\u00ed en agua y la tend\u00ed bajo sombra para que, al tercer d\u00eda, volviera en su normalidad y mejorada, porque p\u00f3ngale lo que le ponga no se torcer\u00e1\u201d, dijo.<\/p>\n\n\n\n<p>Igualmente, Osorio expuso al Sol durante tres y cuatro d\u00edas las c\u00e1scaras de las frutas y hortalizas. \u201cSe secaron y torcieron, parec\u00edan quebrarse. La pulpa se sec\u00f3 totalmente y form\u00f3 especies de l\u00e1minas; los gabazos recibieron la arremetida de moscas y otros insectos y el jugo pr\u00e1cticamente desapareci\u00f3. Estos mismos productos los llev\u00e9 a la sombra por seis y siete d\u00edas\u201d, revel\u00f3, mostrando sus resultados en cartulina y en un tubo de ensayo. De la c\u00e1scara del mel\u00f3n, por ejemplo, hizo la pasta de la bit\u00e1cora donde detall\u00f3 el paso a paso de su experimentaci\u00f3n.&nbsp;<\/p>\n\n\n<div class=\"wp-block-image\">\n<figure class=\"aligncenter size-large\"><img loading=\"lazy\" decoding=\"async\" width=\"644\" height=\"429\" src=\"https:\/\/www.uartes.edu.ec\/sitio\/wp-content\/uploads\/2025\/03\/03-NIVELACION-ARTES-VISUALES-644x429.jpg\" alt=\"\" class=\"wp-image-68937\" srcset=\"https:\/\/www.uartes.edu.ec\/sitio\/wp-content\/uploads\/2025\/03\/03-NIVELACION-ARTES-VISUALES-644x429.jpg 644w, https:\/\/www.uartes.edu.ec\/sitio\/wp-content\/uploads\/2025\/03\/03-NIVELACION-ARTES-VISUALES-300x200.jpg 300w, https:\/\/www.uartes.edu.ec\/sitio\/wp-content\/uploads\/2025\/03\/03-NIVELACION-ARTES-VISUALES-768x512.jpg 768w, https:\/\/www.uartes.edu.ec\/sitio\/wp-content\/uploads\/2025\/03\/03-NIVELACION-ARTES-VISUALES-1536x1024.jpg 1536w, https:\/\/www.uartes.edu.ec\/sitio\/wp-content\/uploads\/2025\/03\/03-NIVELACION-ARTES-VISUALES-18x12.jpg 18w, https:\/\/www.uartes.edu.ec\/sitio\/wp-content\/uploads\/2025\/03\/03-NIVELACION-ARTES-VISUALES-600x400.jpg 600w, https:\/\/www.uartes.edu.ec\/sitio\/wp-content\/uploads\/2025\/03\/03-NIVELACION-ARTES-VISUALES-400x267.jpg 400w, https:\/\/www.uartes.edu.ec\/sitio\/wp-content\/uploads\/2025\/03\/03-NIVELACION-ARTES-VISUALES.jpg 2000w\" sizes=\"(max-width: 644px) 100vw, 644px\" \/><\/figure>\n<\/div>\n\n\n<figure class=\"wp-block-gallery has-nested-images columns-default is-cropped wp-block-gallery-3 is-layout-flex wp-block-gallery-is-layout-flex\">\n<figure class=\"wp-block-image size-large\"><img loading=\"lazy\" decoding=\"async\" width=\"644\" height=\"429\" data-id=\"68936\" src=\"https:\/\/www.uartes.edu.ec\/sitio\/wp-content\/uploads\/2025\/03\/04-NIVELACION-ARTES-VISUALES-644x429.jpg\" alt=\"\" class=\"wp-image-68936\" srcset=\"https:\/\/www.uartes.edu.ec\/sitio\/wp-content\/uploads\/2025\/03\/04-NIVELACION-ARTES-VISUALES-644x429.jpg 644w, https:\/\/www.uartes.edu.ec\/sitio\/wp-content\/uploads\/2025\/03\/04-NIVELACION-ARTES-VISUALES-300x200.jpg 300w, https:\/\/www.uartes.edu.ec\/sitio\/wp-content\/uploads\/2025\/03\/04-NIVELACION-ARTES-VISUALES-768x512.jpg 768w, https:\/\/www.uartes.edu.ec\/sitio\/wp-content\/uploads\/2025\/03\/04-NIVELACION-ARTES-VISUALES-1536x1024.jpg 1536w, https:\/\/www.uartes.edu.ec\/sitio\/wp-content\/uploads\/2025\/03\/04-NIVELACION-ARTES-VISUALES-18x12.jpg 18w, https:\/\/www.uartes.edu.ec\/sitio\/wp-content\/uploads\/2025\/03\/04-NIVELACION-ARTES-VISUALES-600x400.jpg 600w, https:\/\/www.uartes.edu.ec\/sitio\/wp-content\/uploads\/2025\/03\/04-NIVELACION-ARTES-VISUALES-400x267.jpg 400w, https:\/\/www.uartes.edu.ec\/sitio\/wp-content\/uploads\/2025\/03\/04-NIVELACION-ARTES-VISUALES.jpg 2000w\" sizes=\"(max-width: 644px) 100vw, 644px\" \/><\/figure>\n\n\n\n<figure class=\"wp-block-image size-large\"><img loading=\"lazy\" decoding=\"async\" width=\"644\" height=\"429\" data-id=\"68935\" src=\"https:\/\/www.uartes.edu.ec\/sitio\/wp-content\/uploads\/2025\/03\/07-NIVELACION-ARTES-VISUALES-644x429.jpg\" alt=\"\" class=\"wp-image-68935\" srcset=\"https:\/\/www.uartes.edu.ec\/sitio\/wp-content\/uploads\/2025\/03\/07-NIVELACION-ARTES-VISUALES-644x429.jpg 644w, https:\/\/www.uartes.edu.ec\/sitio\/wp-content\/uploads\/2025\/03\/07-NIVELACION-ARTES-VISUALES-300x200.jpg 300w, https:\/\/www.uartes.edu.ec\/sitio\/wp-content\/uploads\/2025\/03\/07-NIVELACION-ARTES-VISUALES-768x512.jpg 768w, https:\/\/www.uartes.edu.ec\/sitio\/wp-content\/uploads\/2025\/03\/07-NIVELACION-ARTES-VISUALES-1536x1024.jpg 1536w, https:\/\/www.uartes.edu.ec\/sitio\/wp-content\/uploads\/2025\/03\/07-NIVELACION-ARTES-VISUALES-18x12.jpg 18w, https:\/\/www.uartes.edu.ec\/sitio\/wp-content\/uploads\/2025\/03\/07-NIVELACION-ARTES-VISUALES-600x400.jpg 600w, https:\/\/www.uartes.edu.ec\/sitio\/wp-content\/uploads\/2025\/03\/07-NIVELACION-ARTES-VISUALES-400x267.jpg 400w, https:\/\/www.uartes.edu.ec\/sitio\/wp-content\/uploads\/2025\/03\/07-NIVELACION-ARTES-VISUALES.jpg 2000w\" sizes=\"(max-width: 644px) 100vw, 644px\" \/><\/figure>\n<\/figure>\n\n\n\n<p><\/p>\n\n\n\n<p>Al p\u00fablico que se acerc\u00f3 a ver su obra, G\u00e9nesis Morales explic\u00f3 que a trav\u00e9s de ella quiso representar las necesidades de las personas de la tercera edad. Con el tiempo van perdiendo visi\u00f3n y ven borroso, lo cual mostr\u00f3 en una hoja cuyas letras eran ilegibles. Habl\u00f3 del uso de yerbas arom\u00e1ticas, como la manzanilla, la cual ubic\u00f3 tras una malla con un fondo negro. \u201cHablamos de una persona de 70 a\u00f1os o m\u00e1s\u201d, mencion\u00f3, mientras levantaba una especie de delantal con manchas y deteriorado, se\u00f1al\u00e1ndolo como la soledad, el descuido y el abandono que muchos adultos mayores reciben de sus familias.<\/p>\n\n\n\n<p>A la sala de taller del MAAC, Daniela Medina llev\u00f3 \u201cProblemas personales\u201d, la obra que titul\u00f3 as\u00ed porque refleja lo que ha tenido en su vida. Con una caja de f\u00f3sforo de gran tama\u00f1o represent\u00f3 a su cuerpo y a un f\u00f3sforo igualmente creado, sobredimensionado y quemado a la carga que ella tiene. \u201cCada pieza es cada uno de los problemas m\u00e1s profundos que he tenido. En el interior de la caja hay una pieza con forma de cabeza humana que se enciende para recrear el estallido que se produce en mi mente y su afectaci\u00f3n\u201d.<\/p>\n\n\n\n<p>En im\u00e1genes, expositores con sus obras y varios de los trabajos que tambi\u00e9n integraron la muestra. <\/p>","protected":false},"excerpt":{"rendered":"<p>Como el resultado de un proceso de mucha experimentaci\u00f3n se\u00f1al\u00f3 el profesor Luis Ram\u00edrez, de Artes Visuales de Nivelaci\u00f3n, a la muestra que el 26 de febrero se instal\u00f3 en la otrora tienda del Museo Antropol\u00f3gico y de Arte Contempor\u00e1neo (MAAC), en el cierre del programa de la UArtes. En el espacio, ahora concebido como una sala de taller, se presentaron alrededor de 25 propuestas elaboradas en materiales no convencionales, dijo la tambi\u00e9n docente Silvia Quezada, quien guio a InfoUArtes en el recorrido por la exposici\u00f3n.<\/p>","protected":false},"author":10,"featured_media":68928,"comment_status":"open","ping_status":"open","sticky":false,"template":"","format":"standard","meta":{"_acf_changed":false,"_uag_custom_page_level_css":"","_monsterinsights_skip_tracking":false,"_monsterinsights_sitenote_active":false,"_monsterinsights_sitenote_note":"","_monsterinsights_sitenote_category":0,"cybocfi_hide_featured_image":"","footnotes":""},"categories":[80,82,157,75,76],"tags":[517],"infouartes":[],"class_list":["post-68927","post","type-post","status-publish","format-standard","has-post-thumbnail","hentry","category-academico","category-artes","category-artes-visuales","category-docentes","category-estudiantes","tag-exposicion"],"acf":[],"yoast_head":"<!-- This site is optimized with the Yoast SEO plugin v27.4 - https:\/\/yoast.com\/product\/yoast-seo-wordpress\/ -->\n<title>Universidad de las Artes - Un proceso de mucha experimentaci\u00f3n<\/title>\n<meta name=\"description\" content=\"Universidad de las Artes - Un proceso de mucha experimentaci\u00f3n\" \/>\n<meta name=\"robots\" content=\"index, follow, max-snippet:-1, max-image-preview:large, max-video-preview:-1\" \/>\n<link rel=\"canonical\" href=\"https:\/\/www.uartes.edu.ec\/sitio\/fr\/blog\/2025\/02\/27\/un-proceso-de-mucha-experimentacion\/\" \/>\n<meta property=\"og:locale\" content=\"fr_FR\" \/>\n<meta property=\"og:type\" content=\"article\" \/>\n<meta property=\"og:title\" content=\"Universidad de las Artes - Un proceso de mucha experimentaci\u00f3n\" \/>\n<meta property=\"og:description\" content=\"Universidad de las Artes - Un proceso de mucha experimentaci\u00f3n\" \/>\n<meta property=\"og:url\" content=\"https:\/\/www.uartes.edu.ec\/sitio\/fr\/blog\/2025\/02\/27\/un-proceso-de-mucha-experimentacion\/\" \/>\n<meta property=\"og:site_name\" content=\"Universidad de las Artes\" \/>\n<meta property=\"article:publisher\" content=\"https:\/\/www.facebook.com\/uartesec\" \/>\n<meta property=\"article:published_time\" content=\"2025-02-27T23:38:00+00:00\" \/>\n<meta property=\"article:modified_time\" content=\"2025-03-05T23:22:03+00:00\" \/>\n<meta property=\"og:image\" content=\"https:\/\/www.uartes.edu.ec\/sitio\/wp-content\/uploads\/2025\/03\/05-NIVELACION-ARTES-VISUALES.jpg\" \/>\n\t<meta property=\"og:image:width\" content=\"2000\" \/>\n\t<meta property=\"og:image:height\" content=\"1333\" \/>\n\t<meta property=\"og:image:type\" content=\"image\/jpeg\" \/>\n<meta name=\"author\" content=\"ccortez\" \/>\n<meta name=\"twitter:card\" content=\"summary_large_image\" \/>\n<meta name=\"twitter:creator\" content=\"@uartesec\" \/>\n<meta name=\"twitter:site\" content=\"@uartesec\" \/>\n<meta name=\"twitter:label1\" content=\"\u00c9crit par\" \/>\n\t<meta name=\"twitter:data1\" content=\"ccortez\" \/>\n\t<meta name=\"twitter:label2\" content=\"Dur\u00e9e de lecture estim\u00e9e\" \/>\n\t<meta name=\"twitter:data2\" content=\"8 minutes\" \/>\n<script type=\"application\/ld+json\" class=\"yoast-schema-graph\">{\"@context\":\"https:\\\/\\\/schema.org\",\"@graph\":[{\"@type\":\"Article\",\"@id\":\"https:\\\/\\\/www.uartes.edu.ec\\\/sitio\\\/fr\\\/blog\\\/2025\\\/02\\\/27\\\/un-proceso-de-mucha-experimentacion\\\/#article\",\"isPartOf\":{\"@id\":\"https:\\\/\\\/www.uartes.edu.ec\\\/sitio\\\/fr\\\/blog\\\/2025\\\/02\\\/27\\\/un-proceso-de-mucha-experimentacion\\\/\"},\"author\":{\"name\":\"ccortez\",\"@id\":\"https:\\\/\\\/www.uartes.edu.ec\\\/sitio\\\/fr\\\/#\\\/schema\\\/person\\\/efa1b8275797664fd7f13a79ccc0b1f4\"},\"headline\":\"Un proceso de mucha experimentaci\u00f3n\",\"datePublished\":\"2025-02-27T23:38:00+00:00\",\"dateModified\":\"2025-03-05T23:22:03+00:00\",\"mainEntityOfPage\":{\"@id\":\"https:\\\/\\\/www.uartes.edu.ec\\\/sitio\\\/fr\\\/blog\\\/2025\\\/02\\\/27\\\/un-proceso-de-mucha-experimentacion\\\/\"},\"wordCount\":1208,\"commentCount\":0,\"publisher\":{\"@id\":\"https:\\\/\\\/www.uartes.edu.ec\\\/sitio\\\/fr\\\/#organization\"},\"image\":{\"@id\":\"https:\\\/\\\/www.uartes.edu.ec\\\/sitio\\\/fr\\\/blog\\\/2025\\\/02\\\/27\\\/un-proceso-de-mucha-experimentacion\\\/#primaryimage\"},\"thumbnailUrl\":\"https:\\\/\\\/www.uartes.edu.ec\\\/sitio\\\/wp-content\\\/uploads\\\/2025\\\/03\\\/05-NIVELACION-ARTES-VISUALES.jpg\",\"keywords\":[\"exposici\u00f3n\"],\"articleSection\":[\"Acad\u00e9mico\",\"Artes\",\"Artes Visuales\",\"Docentes\",\"Estudiantes\"],\"inLanguage\":\"fr-FR\",\"potentialAction\":[{\"@type\":\"CommentAction\",\"name\":\"Comment\",\"target\":[\"https:\\\/\\\/www.uartes.edu.ec\\\/sitio\\\/fr\\\/blog\\\/2025\\\/02\\\/27\\\/un-proceso-de-mucha-experimentacion\\\/#respond\"]}]},{\"@type\":[\"WebPage\",\"ItemPage\"],\"@id\":\"https:\\\/\\\/www.uartes.edu.ec\\\/sitio\\\/fr\\\/blog\\\/2025\\\/02\\\/27\\\/un-proceso-de-mucha-experimentacion\\\/\",\"url\":\"https:\\\/\\\/www.uartes.edu.ec\\\/sitio\\\/fr\\\/blog\\\/2025\\\/02\\\/27\\\/un-proceso-de-mucha-experimentacion\\\/\",\"name\":\"Universidad de las Artes - Un proceso de mucha experimentaci\u00f3n\",\"isPartOf\":{\"@id\":\"https:\\\/\\\/www.uartes.edu.ec\\\/sitio\\\/fr\\\/#website\"},\"primaryImageOfPage\":{\"@id\":\"https:\\\/\\\/www.uartes.edu.ec\\\/sitio\\\/fr\\\/blog\\\/2025\\\/02\\\/27\\\/un-proceso-de-mucha-experimentacion\\\/#primaryimage\"},\"image\":{\"@id\":\"https:\\\/\\\/www.uartes.edu.ec\\\/sitio\\\/fr\\\/blog\\\/2025\\\/02\\\/27\\\/un-proceso-de-mucha-experimentacion\\\/#primaryimage\"},\"thumbnailUrl\":\"https:\\\/\\\/www.uartes.edu.ec\\\/sitio\\\/wp-content\\\/uploads\\\/2025\\\/03\\\/05-NIVELACION-ARTES-VISUALES.jpg\",\"datePublished\":\"2025-02-27T23:38:00+00:00\",\"dateModified\":\"2025-03-05T23:22:03+00:00\",\"description\":\"Universidad de las Artes - Un proceso de mucha experimentaci\u00f3n\",\"breadcrumb\":{\"@id\":\"https:\\\/\\\/www.uartes.edu.ec\\\/sitio\\\/fr\\\/blog\\\/2025\\\/02\\\/27\\\/un-proceso-de-mucha-experimentacion\\\/#breadcrumb\"},\"inLanguage\":\"fr-FR\",\"potentialAction\":[{\"@type\":\"ReadAction\",\"target\":[\"https:\\\/\\\/www.uartes.edu.ec\\\/sitio\\\/fr\\\/blog\\\/2025\\\/02\\\/27\\\/un-proceso-de-mucha-experimentacion\\\/\"]}]},{\"@type\":\"ImageObject\",\"inLanguage\":\"fr-FR\",\"@id\":\"https:\\\/\\\/www.uartes.edu.ec\\\/sitio\\\/fr\\\/blog\\\/2025\\\/02\\\/27\\\/un-proceso-de-mucha-experimentacion\\\/#primaryimage\",\"url\":\"https:\\\/\\\/www.uartes.edu.ec\\\/sitio\\\/wp-content\\\/uploads\\\/2025\\\/03\\\/05-NIVELACION-ARTES-VISUALES.jpg\",\"contentUrl\":\"https:\\\/\\\/www.uartes.edu.ec\\\/sitio\\\/wp-content\\\/uploads\\\/2025\\\/03\\\/05-NIVELACION-ARTES-VISUALES.jpg\",\"width\":2000,\"height\":1333},{\"@type\":\"BreadcrumbList\",\"@id\":\"https:\\\/\\\/www.uartes.edu.ec\\\/sitio\\\/fr\\\/blog\\\/2025\\\/02\\\/27\\\/un-proceso-de-mucha-experimentacion\\\/#breadcrumb\",\"itemListElement\":[{\"@type\":\"ListItem\",\"position\":1,\"name\":\"Inicio\",\"item\":\"https:\\\/\\\/www.uartes.edu.ec\\\/sitio\\\/\"},{\"@type\":\"ListItem\",\"position\":2,\"name\":\"Un proceso de mucha experimentaci\u00f3n\"}]},{\"@type\":\"WebSite\",\"@id\":\"https:\\\/\\\/www.uartes.edu.ec\\\/sitio\\\/fr\\\/#website\",\"url\":\"https:\\\/\\\/www.uartes.edu.ec\\\/sitio\\\/fr\\\/\",\"name\":\"Universidad de las Artes\",\"description\":\"Sitio oficial de la Universidad Nacional de las Artes del Ecuador\",\"publisher\":{\"@id\":\"https:\\\/\\\/www.uartes.edu.ec\\\/sitio\\\/fr\\\/#organization\"},\"potentialAction\":[{\"@type\":\"SearchAction\",\"target\":{\"@type\":\"EntryPoint\",\"urlTemplate\":\"https:\\\/\\\/www.uartes.edu.ec\\\/sitio\\\/fr\\\/?s={search_term_string}\"},\"query-input\":{\"@type\":\"PropertyValueSpecification\",\"valueRequired\":true,\"valueName\":\"search_term_string\"}}],\"inLanguage\":\"fr-FR\"},{\"@type\":\"Organization\",\"@id\":\"https:\\\/\\\/www.uartes.edu.ec\\\/sitio\\\/fr\\\/#organization\",\"name\":\"Universidad de las Artes\",\"url\":\"https:\\\/\\\/www.uartes.edu.ec\\\/sitio\\\/fr\\\/\",\"logo\":{\"@type\":\"ImageObject\",\"inLanguage\":\"fr-FR\",\"@id\":\"https:\\\/\\\/www.uartes.edu.ec\\\/sitio\\\/fr\\\/#\\\/schema\\\/logo\\\/image\\\/\",\"url\":\"https:\\\/\\\/www.uartes.edu.ec\\\/sitio\\\/wp-content\\\/uploads\\\/2022\\\/07\\\/logo-ua-horizontal.png\",\"contentUrl\":\"https:\\\/\\\/www.uartes.edu.ec\\\/sitio\\\/wp-content\\\/uploads\\\/2022\\\/07\\\/logo-ua-horizontal.png\",\"width\":800,\"height\":276,\"caption\":\"Universidad de las Artes\"},\"image\":{\"@id\":\"https:\\\/\\\/www.uartes.edu.ec\\\/sitio\\\/fr\\\/#\\\/schema\\\/logo\\\/image\\\/\"},\"sameAs\":[\"https:\\\/\\\/www.facebook.com\\\/uartesec\",\"https:\\\/\\\/x.com\\\/uartesec\",\"https:\\\/\\\/www.tiktok.com\\\/@uartesec\"]},{\"@type\":\"Person\",\"@id\":\"https:\\\/\\\/www.uartes.edu.ec\\\/sitio\\\/fr\\\/#\\\/schema\\\/person\\\/efa1b8275797664fd7f13a79ccc0b1f4\",\"name\":\"ccortez\",\"image\":{\"@type\":\"ImageObject\",\"inLanguage\":\"fr-FR\",\"@id\":\"https:\\\/\\\/secure.gravatar.com\\\/avatar\\\/b2a6f664a3ae8e074346ef91775736c5ec479e637ecced6842de9dc98b5da9cd?s=96&d=mm&r=g\",\"url\":\"https:\\\/\\\/secure.gravatar.com\\\/avatar\\\/b2a6f664a3ae8e074346ef91775736c5ec479e637ecced6842de9dc98b5da9cd?s=96&d=mm&r=g\",\"contentUrl\":\"https:\\\/\\\/secure.gravatar.com\\\/avatar\\\/b2a6f664a3ae8e074346ef91775736c5ec479e637ecced6842de9dc98b5da9cd?s=96&d=mm&r=g\",\"caption\":\"ccortez\"},\"url\":\"https:\\\/\\\/www.uartes.edu.ec\\\/sitio\\\/fr\\\/blog\\\/author\\\/ccortez\\\/\"}]}<\/script>\n<!-- \/ Yoast SEO plugin. -->","yoast_head_json":{"title":"Universidad de las Artes - Un proceso de mucha experimentaci\u00f3n","description":"Universidad de las Artes - Un proceso de mucha experimentaci\u00f3n","robots":{"index":"index","follow":"follow","max-snippet":"max-snippet:-1","max-image-preview":"max-image-preview:large","max-video-preview":"max-video-preview:-1"},"canonical":"https:\/\/www.uartes.edu.ec\/sitio\/fr\/blog\/2025\/02\/27\/un-proceso-de-mucha-experimentacion\/","og_locale":"fr_FR","og_type":"article","og_title":"Universidad de las Artes - Un proceso de mucha experimentaci\u00f3n","og_description":"Universidad de las Artes - Un proceso de mucha experimentaci\u00f3n","og_url":"https:\/\/www.uartes.edu.ec\/sitio\/fr\/blog\/2025\/02\/27\/un-proceso-de-mucha-experimentacion\/","og_site_name":"Universidad de las Artes","article_publisher":"https:\/\/www.facebook.com\/uartesec","article_published_time":"2025-02-27T23:38:00+00:00","article_modified_time":"2025-03-05T23:22:03+00:00","og_image":[{"width":2000,"height":1333,"url":"https:\/\/www.uartes.edu.ec\/sitio\/wp-content\/uploads\/2025\/03\/05-NIVELACION-ARTES-VISUALES.jpg","type":"image\/jpeg"}],"author":"ccortez","twitter_card":"summary_large_image","twitter_creator":"@uartesec","twitter_site":"@uartesec","twitter_misc":{"\u00c9crit par":"ccortez","Dur\u00e9e de lecture estim\u00e9e":"8 minutes"},"schema":{"@context":"https:\/\/schema.org","@graph":[{"@type":"Article","@id":"https:\/\/www.uartes.edu.ec\/sitio\/fr\/blog\/2025\/02\/27\/un-proceso-de-mucha-experimentacion\/#article","isPartOf":{"@id":"https:\/\/www.uartes.edu.ec\/sitio\/fr\/blog\/2025\/02\/27\/un-proceso-de-mucha-experimentacion\/"},"author":{"name":"ccortez","@id":"https:\/\/www.uartes.edu.ec\/sitio\/fr\/#\/schema\/person\/efa1b8275797664fd7f13a79ccc0b1f4"},"headline":"Un proceso de mucha experimentaci\u00f3n","datePublished":"2025-02-27T23:38:00+00:00","dateModified":"2025-03-05T23:22:03+00:00","mainEntityOfPage":{"@id":"https:\/\/www.uartes.edu.ec\/sitio\/fr\/blog\/2025\/02\/27\/un-proceso-de-mucha-experimentacion\/"},"wordCount":1208,"commentCount":0,"publisher":{"@id":"https:\/\/www.uartes.edu.ec\/sitio\/fr\/#organization"},"image":{"@id":"https:\/\/www.uartes.edu.ec\/sitio\/fr\/blog\/2025\/02\/27\/un-proceso-de-mucha-experimentacion\/#primaryimage"},"thumbnailUrl":"https:\/\/www.uartes.edu.ec\/sitio\/wp-content\/uploads\/2025\/03\/05-NIVELACION-ARTES-VISUALES.jpg","keywords":["exposici\u00f3n"],"articleSection":["Acad\u00e9mico","Artes","Artes Visuales","Docentes","Estudiantes"],"inLanguage":"fr-FR","potentialAction":[{"@type":"CommentAction","name":"Comment","target":["https:\/\/www.uartes.edu.ec\/sitio\/fr\/blog\/2025\/02\/27\/un-proceso-de-mucha-experimentacion\/#respond"]}]},{"@type":["WebPage","ItemPage"],"@id":"https:\/\/www.uartes.edu.ec\/sitio\/fr\/blog\/2025\/02\/27\/un-proceso-de-mucha-experimentacion\/","url":"https:\/\/www.uartes.edu.ec\/sitio\/fr\/blog\/2025\/02\/27\/un-proceso-de-mucha-experimentacion\/","name":"Universidad de las Artes - Un proceso de mucha experimentaci\u00f3n","isPartOf":{"@id":"https:\/\/www.uartes.edu.ec\/sitio\/fr\/#website"},"primaryImageOfPage":{"@id":"https:\/\/www.uartes.edu.ec\/sitio\/fr\/blog\/2025\/02\/27\/un-proceso-de-mucha-experimentacion\/#primaryimage"},"image":{"@id":"https:\/\/www.uartes.edu.ec\/sitio\/fr\/blog\/2025\/02\/27\/un-proceso-de-mucha-experimentacion\/#primaryimage"},"thumbnailUrl":"https:\/\/www.uartes.edu.ec\/sitio\/wp-content\/uploads\/2025\/03\/05-NIVELACION-ARTES-VISUALES.jpg","datePublished":"2025-02-27T23:38:00+00:00","dateModified":"2025-03-05T23:22:03+00:00","description":"Universidad de las Artes - Un proceso de mucha experimentaci\u00f3n","breadcrumb":{"@id":"https:\/\/www.uartes.edu.ec\/sitio\/fr\/blog\/2025\/02\/27\/un-proceso-de-mucha-experimentacion\/#breadcrumb"},"inLanguage":"fr-FR","potentialAction":[{"@type":"ReadAction","target":["https:\/\/www.uartes.edu.ec\/sitio\/fr\/blog\/2025\/02\/27\/un-proceso-de-mucha-experimentacion\/"]}]},{"@type":"ImageObject","inLanguage":"fr-FR","@id":"https:\/\/www.uartes.edu.ec\/sitio\/fr\/blog\/2025\/02\/27\/un-proceso-de-mucha-experimentacion\/#primaryimage","url":"https:\/\/www.uartes.edu.ec\/sitio\/wp-content\/uploads\/2025\/03\/05-NIVELACION-ARTES-VISUALES.jpg","contentUrl":"https:\/\/www.uartes.edu.ec\/sitio\/wp-content\/uploads\/2025\/03\/05-NIVELACION-ARTES-VISUALES.jpg","width":2000,"height":1333},{"@type":"BreadcrumbList","@id":"https:\/\/www.uartes.edu.ec\/sitio\/fr\/blog\/2025\/02\/27\/un-proceso-de-mucha-experimentacion\/#breadcrumb","itemListElement":[{"@type":"ListItem","position":1,"name":"Inicio","item":"https:\/\/www.uartes.edu.ec\/sitio\/"},{"@type":"ListItem","position":2,"name":"Un proceso de mucha experimentaci\u00f3n"}]},{"@type":"WebSite","@id":"https:\/\/www.uartes.edu.ec\/sitio\/fr\/#website","url":"https:\/\/www.uartes.edu.ec\/sitio\/fr\/","name":"Universidad de las Artes","description":"Sitio oficial de la Universidad Nacional de las Artes del Ecuador","publisher":{"@id":"https:\/\/www.uartes.edu.ec\/sitio\/fr\/#organization"},"potentialAction":[{"@type":"SearchAction","target":{"@type":"EntryPoint","urlTemplate":"https:\/\/www.uartes.edu.ec\/sitio\/fr\/?s={search_term_string}"},"query-input":{"@type":"PropertyValueSpecification","valueRequired":true,"valueName":"search_term_string"}}],"inLanguage":"fr-FR"},{"@type":"Organization","@id":"https:\/\/www.uartes.edu.ec\/sitio\/fr\/#organization","name":"Universidad de las Artes","url":"https:\/\/www.uartes.edu.ec\/sitio\/fr\/","logo":{"@type":"ImageObject","inLanguage":"fr-FR","@id":"https:\/\/www.uartes.edu.ec\/sitio\/fr\/#\/schema\/logo\/image\/","url":"https:\/\/www.uartes.edu.ec\/sitio\/wp-content\/uploads\/2022\/07\/logo-ua-horizontal.png","contentUrl":"https:\/\/www.uartes.edu.ec\/sitio\/wp-content\/uploads\/2022\/07\/logo-ua-horizontal.png","width":800,"height":276,"caption":"Universidad de las Artes"},"image":{"@id":"https:\/\/www.uartes.edu.ec\/sitio\/fr\/#\/schema\/logo\/image\/"},"sameAs":["https:\/\/www.facebook.com\/uartesec","https:\/\/x.com\/uartesec","https:\/\/www.tiktok.com\/@uartesec"]},{"@type":"Person","@id":"https:\/\/www.uartes.edu.ec\/sitio\/fr\/#\/schema\/person\/efa1b8275797664fd7f13a79ccc0b1f4","name":"ccortez","image":{"@type":"ImageObject","inLanguage":"fr-FR","@id":"https:\/\/secure.gravatar.com\/avatar\/b2a6f664a3ae8e074346ef91775736c5ec479e637ecced6842de9dc98b5da9cd?s=96&d=mm&r=g","url":"https:\/\/secure.gravatar.com\/avatar\/b2a6f664a3ae8e074346ef91775736c5ec479e637ecced6842de9dc98b5da9cd?s=96&d=mm&r=g","contentUrl":"https:\/\/secure.gravatar.com\/avatar\/b2a6f664a3ae8e074346ef91775736c5ec479e637ecced6842de9dc98b5da9cd?s=96&d=mm&r=g","caption":"ccortez"},"url":"https:\/\/www.uartes.edu.ec\/sitio\/fr\/blog\/author\/ccortez\/"}]}},"uagb_featured_image_src":{"full":["https:\/\/www.uartes.edu.ec\/sitio\/wp-content\/uploads\/2025\/03\/05-NIVELACION-ARTES-VISUALES.jpg",2000,1333,false],"thumbnail":["https:\/\/www.uartes.edu.ec\/sitio\/wp-content\/uploads\/2025\/03\/05-NIVELACION-ARTES-VISUALES-150x150.jpg",150,150,true],"medium":["https:\/\/www.uartes.edu.ec\/sitio\/wp-content\/uploads\/2025\/03\/05-NIVELACION-ARTES-VISUALES-300x200.jpg",300,200,true],"medium_large":["https:\/\/www.uartes.edu.ec\/sitio\/wp-content\/uploads\/2025\/03\/05-NIVELACION-ARTES-VISUALES-768x512.jpg",768,512,true],"large":["https:\/\/www.uartes.edu.ec\/sitio\/wp-content\/uploads\/2025\/03\/05-NIVELACION-ARTES-VISUALES-644x429.jpg",644,429,true],"1536x1536":["https:\/\/www.uartes.edu.ec\/sitio\/wp-content\/uploads\/2025\/03\/05-NIVELACION-ARTES-VISUALES-1536x1024.jpg",1536,1024,true],"2048x2048":["https:\/\/www.uartes.edu.ec\/sitio\/wp-content\/uploads\/2025\/03\/05-NIVELACION-ARTES-VISUALES.jpg",2000,1333,false],"trp-custom-language-flag":["https:\/\/www.uartes.edu.ec\/sitio\/wp-content\/uploads\/2025\/03\/05-NIVELACION-ARTES-VISUALES-18x12.jpg",18,12,true],"htmega_size_585x295":["https:\/\/www.uartes.edu.ec\/sitio\/wp-content\/uploads\/2025\/03\/05-NIVELACION-ARTES-VISUALES-585x295.jpg",585,295,true],"htmega_size_1170x536":["https:\/\/www.uartes.edu.ec\/sitio\/wp-content\/uploads\/2025\/03\/05-NIVELACION-ARTES-VISUALES-1170x536.jpg",1170,536,true],"htmega_size_396x360":["https:\/\/www.uartes.edu.ec\/sitio\/wp-content\/uploads\/2025\/03\/05-NIVELACION-ARTES-VISUALES-396x360.jpg",396,360,true],"gb-block-post-grid-landscape":["https:\/\/www.uartes.edu.ec\/sitio\/wp-content\/uploads\/2025\/03\/05-NIVELACION-ARTES-VISUALES-600x400.jpg",600,400,true],"gb-block-post-grid-square":["https:\/\/www.uartes.edu.ec\/sitio\/wp-content\/uploads\/2025\/03\/05-NIVELACION-ARTES-VISUALES-600x600.jpg",600,600,true],"university-hub-thumb":["https:\/\/www.uartes.edu.ec\/sitio\/wp-content\/uploads\/2025\/03\/05-NIVELACION-ARTES-VISUALES-400x267.jpg",400,267,true]},"uagb_author_info":{"display_name":"ccortez","author_link":"https:\/\/www.uartes.edu.ec\/sitio\/fr\/blog\/author\/ccortez\/"},"uagb_comment_info":0,"uagb_excerpt":"Como el resultado de un proceso de mucha experimentaci\u00f3n se\u00f1al\u00f3 el profesor Luis Ram\u00edrez, de Artes Visuales de Nivelaci\u00f3n, a la muestra que el 26 de febrero se instal\u00f3 en la otrora tienda del Museo Antropol\u00f3gico y de Arte Contempor\u00e1neo (MAAC), en el cierre del programa de la UArtes. En el espacio, ahora concebido como\u2026","featured_image_src":"https:\/\/www.uartes.edu.ec\/sitio\/wp-content\/uploads\/2025\/03\/05-NIVELACION-ARTES-VISUALES-600x400.jpg","featured_image_src_square":"https:\/\/www.uartes.edu.ec\/sitio\/wp-content\/uploads\/2025\/03\/05-NIVELACION-ARTES-VISUALES-600x600.jpg","author_info":{"display_name":"ccortez","author_link":"https:\/\/www.uartes.edu.ec\/sitio\/fr\/blog\/author\/ccortez\/"},"publishpress_future_workflow_manual_trigger":{"enabledWorkflows":[]},"distributor_meta":false,"distributor_terms":false,"distributor_media":false,"distributor_original_site_name":"Universidad de las Artes","distributor_original_site_url":"https:\/\/www.uartes.edu.ec\/sitio\/fr","push-errors":false,"_links":{"self":[{"href":"https:\/\/www.uartes.edu.ec\/sitio\/fr\/wp-json\/wp\/v2\/posts\/68927","targetHints":{"allow":["GET"]}}],"collection":[{"href":"https:\/\/www.uartes.edu.ec\/sitio\/fr\/wp-json\/wp\/v2\/posts"}],"about":[{"href":"https:\/\/www.uartes.edu.ec\/sitio\/fr\/wp-json\/wp\/v2\/types\/post"}],"author":[{"embeddable":true,"href":"https:\/\/www.uartes.edu.ec\/sitio\/fr\/wp-json\/wp\/v2\/users\/10"}],"replies":[{"embeddable":true,"href":"https:\/\/www.uartes.edu.ec\/sitio\/fr\/wp-json\/wp\/v2\/comments?post=68927"}],"version-history":[{"count":5,"href":"https:\/\/www.uartes.edu.ec\/sitio\/fr\/wp-json\/wp\/v2\/posts\/68927\/revisions"}],"predecessor-version":[{"id":68981,"href":"https:\/\/www.uartes.edu.ec\/sitio\/fr\/wp-json\/wp\/v2\/posts\/68927\/revisions\/68981"}],"wp:featuredmedia":[{"embeddable":true,"href":"https:\/\/www.uartes.edu.ec\/sitio\/fr\/wp-json\/wp\/v2\/media\/68928"}],"wp:attachment":[{"href":"https:\/\/www.uartes.edu.ec\/sitio\/fr\/wp-json\/wp\/v2\/media?parent=68927"}],"wp:term":[{"taxonomy":"category","embeddable":true,"href":"https:\/\/www.uartes.edu.ec\/sitio\/fr\/wp-json\/wp\/v2\/categories?post=68927"},{"taxonomy":"post_tag","embeddable":true,"href":"https:\/\/www.uartes.edu.ec\/sitio\/fr\/wp-json\/wp\/v2\/tags?post=68927"},{"taxonomy":"infouartes","embeddable":true,"href":"https:\/\/www.uartes.edu.ec\/sitio\/fr\/wp-json\/wp\/v2\/infouartes?post=68927"}],"curies":[{"name":"wp","href":"https:\/\/api.w.org\/{rel}","templated":true}]}}