{"id":6901,"date":"2020-05-07T11:31:47","date_gmt":"2020-05-07T16:31:47","guid":{"rendered":"http:\/\/www.uartes.edu.ec\/sitio\/?p=6901"},"modified":"2024-07-04T11:43:15","modified_gmt":"2024-07-04T16:43:15","slug":"de-c5-a-t1-investigacion-de-maria-naranjo-sobre-plexopatia-braquial-que-derivo-en-muestra-y-tesis","status":"publish","type":"post","link":"https:\/\/www.uartes.edu.ec\/sitio\/fr\/blog\/2020\/05\/07\/de-c5-a-t1-investigacion-de-maria-naranjo-sobre-plexopatia-braquial-que-derivo-en-muestra-y-tesis\/","title":{"rendered":"De C5 a T1, investigaci\u00f3n de Mar\u00eda Naranjo sobre  plexopat\u00eda braquial que deriv\u00f3 en muestra y tesis"},"content":{"rendered":"<p>Varias instalaciones con esculturas de tela, registro fotogr\u00e1fico del proceso, video-performance y dibujo expandido fueron los recursos expositivos que Mar\u00eda Gracia Naranjo Aguinaga utiliz\u00f3 para presentar <em>De C5 a T1,<\/em> una investigaci\u00f3n que hizo del cuerpo y que surgi\u00f3 a partir de la plexopat\u00eda braquial, patolog\u00eda que le afecta.<\/p>\n\n\n\n<p>La estudiante de la Escuela de Artes Visuales dio a conocer su proyecto de tesis primero con una muestra el 13 de marzo y el 22 de abril, v\u00eda videoconferencia, lo sustent\u00f3 como paso previo para obtener la licenciatura en Artes Pl\u00e1sticas y Aplicadas, menci\u00f3n Investigaci\u00f3n Audiovisual.<\/p>\n\n\n\n<p>La elaboraci\u00f3n art\u00edstica <em>De C5 a T1 <\/em>permite indagar las diferentes sensibilidades que atraviesan al cuerpo an\u00f3malo y de c\u00f3mo la perspectiva m\u00e9dica se contrasta&nbsp;con la performatividad corporal, al no estar categorizado como normal. En ese sentido, la diferencia se vuelve una instancia de creaci\u00f3n. Mediante cartograf\u00edas basadas en la memoria corporal y la sintomatolog\u00eda que presenta la plexopat\u00eda braquial, se genera un atlas personal que se compone de las m\u00faltiples im\u00e1genes y asociaciones de elementos que la investigaci\u00f3n devela procesualmente, detalla Mar\u00eda Gracia Naranjo. \u201cEs un work-in-progress que se nutre de la performatividad del cuerpo que constantemente se resiste a corregirse, se manifiesta como un cuerpo-otro y es capaz de explorar su propia geograf\u00eda irregular y disfuncional\u201d, agrega.<\/p>\n\n\n\n<p>La investigaci\u00f3n que la llev\u00f3 a <em>De C5 a T1, <\/em>revela, surge de una necesidad de querer indagar en las confrontaciones que presenta el cuerpo al estar categorizado como enfermo desde el mundo de la medicina. \u201cDesde ni\u00f1a me he preguntado por qu\u00e9 el cuerpo diferente tiene que adaptarse a una idea de lo normal. En mi investigaci\u00f3n indago sobre las diferentes perspectivas del cuerpo y c\u00f3mo se construye esta idea de normalidad y la confronto con mi percepci\u00f3n del mundo, vista desde un cuerpo an\u00f3malo. Esta confrontaci\u00f3n no busca una reconciliaci\u00f3n con la patolog\u00eda, por el contrario, se reivindica como cuerpo-otro.<\/p>\n\n\n\n<p>Aunque su carrera es de Artes Visuales, Mar\u00eda Gracia Naranjo explica que se articul\u00f3 con la investigaci\u00f3n en artes vivas, pues consider\u00f3 indispensable hablar del cuerpo en movimiento y su interacci\u00f3n con el p\u00fablico. Por ello estima que la mejor opci\u00f3n como tutora de su tesis fue Sara Baranzoni, docente de Danza.<\/p>\n\n\n\n<p>Su tesis la desarroll\u00f3 en dos semestres. En el s\u00e9ptimo vio la materia Catedra I y empez\u00f3 a plantear el proyecto. En el octavo lo desarroll\u00f3 y present\u00f3 por completo. \u201cNo ha sido f\u00e1cil realizarlo, toda la carrera de Artes Visuales es una gran inversi\u00f3n y al ser becada la falta de recursos puede ser una traba para producir, pero tambi\u00e9n puede ser una instancia creativa\u201d.<\/p>\n\n\n\n<p>Debido a la emergencia sanitaria por COVID-19, su proyecto expositivo estuvo a punto de cancelarse, \u201cpero al estar ya todo montado, se pudo llevar a cabo; fue un arduo trabajo que me tom\u00f3 m\u00e1s de una semana y para el cual cont\u00e9 con la colaboraci\u00f3n de mis amigos, personal de la universidad y, por supuesto, de mi tutora, quien ha sido gu\u00eda y apoyo incondicional\u201d.<\/p>\n\n\n\n<p>Durante la sustentaci\u00f3n de tesis, con su familia apoy\u00e1ndola, Mar\u00eda Gracia Naranjo indica que recibi\u00f3 del jurado la recomendaci\u00f3n de registrar en video la experiencia de su exposici\u00f3n. Actualmente, revela, realizar algunos audiovisuales para bandas musicales y desarrollar otras habilidades son sus planes.<\/p>","protected":false},"excerpt":{"rendered":"<p>Varias instalaciones con esculturas de tela, registro fotogr\u00e1fico del proceso, video-performance y dibujo expandido fueron los recursos expositivos que Mar\u00eda Gracia Naranjo Aguinaga utiliz\u00f3 para presentar De C5 a T1, una investigaci\u00f3n que hizo del cuerpo y que surgi\u00f3 a partir de la plexopat\u00eda braquial, patolog\u00eda que le afecta.<\/p>","protected":false},"author":1,"featured_media":6902,"comment_status":"closed","ping_status":"closed","sticky":false,"template":"","format":"standard","meta":{"_acf_changed":false,"_uag_custom_page_level_css":"","_monsterinsights_skip_tracking":false,"_monsterinsights_sitenote_active":false,"_monsterinsights_sitenote_note":"","_monsterinsights_sitenote_category":0,"cybocfi_hide_featured_image":"","footnotes":""},"categories":[80,157,76],"tags":[211],"infouartes":[],"class_list":["post-6901","post","type-post","status-publish","format-standard","has-post-thumbnail","hentry","category-academico","category-artes-visuales","category-estudiantes","tag-covid19"],"acf":[],"yoast_head":"<!-- This site is optimized with the Yoast SEO plugin v27.4 - https:\/\/yoast.com\/product\/yoast-seo-wordpress\/ -->\n<title>Universidad de las Artes - De C5 a T1, investigaci\u00f3n de Mar\u00eda Naranjo sobre plexopat\u00eda braquial que deriv\u00f3 en muestra y tesis<\/title>\n<meta name=\"description\" content=\"Universidad de las Artes - De C5 a T1, investigaci\u00f3n de Mar\u00eda Naranjo sobre plexopat\u00eda braquial que deriv\u00f3 en muestra y tesis\" \/>\n<meta name=\"robots\" content=\"index, follow, max-snippet:-1, max-image-preview:large, max-video-preview:-1\" \/>\n<link rel=\"canonical\" href=\"https:\/\/www.uartes.edu.ec\/sitio\/fr\/blog\/2020\/05\/07\/de-c5-a-t1-investigacion-de-maria-naranjo-sobre-plexopatia-braquial-que-derivo-en-muestra-y-tesis\/\" \/>\n<meta property=\"og:locale\" content=\"fr_FR\" \/>\n<meta property=\"og:type\" content=\"article\" \/>\n<meta property=\"og:title\" content=\"Universidad de las Artes - De C5 a T1, investigaci\u00f3n de Mar\u00eda Naranjo sobre plexopat\u00eda braquial que deriv\u00f3 en muestra y tesis\" \/>\n<meta property=\"og:description\" content=\"Universidad de las Artes - De C5 a T1, investigaci\u00f3n de Mar\u00eda Naranjo sobre plexopat\u00eda braquial que deriv\u00f3 en muestra y tesis\" \/>\n<meta property=\"og:url\" content=\"https:\/\/www.uartes.edu.ec\/sitio\/fr\/blog\/2020\/05\/07\/de-c5-a-t1-investigacion-de-maria-naranjo-sobre-plexopatia-braquial-que-derivo-en-muestra-y-tesis\/\" \/>\n<meta property=\"og:site_name\" content=\"Universidad de las Artes\" \/>\n<meta property=\"article:publisher\" content=\"https:\/\/www.facebook.com\/uartesec\" \/>\n<meta property=\"article:published_time\" content=\"2020-05-07T16:31:47+00:00\" \/>\n<meta property=\"article:modified_time\" content=\"2024-07-04T16:43:15+00:00\" \/>\n<meta property=\"og:image\" content=\"https:\/\/www.uartes.edu.ec\/sitio\/wp-content\/uploads\/2020\/05\/DSC01748.jpg\" \/>\n\t<meta property=\"og:image:width\" content=\"2000\" \/>\n\t<meta property=\"og:image:height\" content=\"1333\" \/>\n\t<meta property=\"og:image:type\" content=\"image\/jpeg\" \/>\n<meta name=\"author\" content=\"Universidad de las Artes\" \/>\n<meta name=\"twitter:card\" content=\"summary_large_image\" \/>\n<meta name=\"twitter:creator\" content=\"@uartesec\" \/>\n<meta name=\"twitter:site\" content=\"@uartesec\" \/>\n<meta name=\"twitter:label1\" content=\"\u00c9crit par\" \/>\n\t<meta name=\"twitter:data1\" content=\"Universidad de las Artes\" \/>\n\t<meta name=\"twitter:label2\" content=\"Dur\u00e9e de lecture estim\u00e9e\" \/>\n\t<meta name=\"twitter:data2\" content=\"3 minutes\" \/>\n<script type=\"application\/ld+json\" class=\"yoast-schema-graph\">{\"@context\":\"https:\\\/\\\/schema.org\",\"@graph\":[{\"@type\":\"Article\",\"@id\":\"https:\\\/\\\/www.uartes.edu.ec\\\/sitio\\\/fr\\\/blog\\\/2020\\\/05\\\/07\\\/de-c5-a-t1-investigacion-de-maria-naranjo-sobre-plexopatia-braquial-que-derivo-en-muestra-y-tesis\\\/#article\",\"isPartOf\":{\"@id\":\"https:\\\/\\\/www.uartes.edu.ec\\\/sitio\\\/fr\\\/blog\\\/2020\\\/05\\\/07\\\/de-c5-a-t1-investigacion-de-maria-naranjo-sobre-plexopatia-braquial-que-derivo-en-muestra-y-tesis\\\/\"},\"author\":{\"name\":\"Universidad de las Artes\",\"@id\":\"https:\\\/\\\/www.uartes.edu.ec\\\/sitio\\\/fr\\\/#\\\/schema\\\/person\\\/f33f8c1d2af0d5c80a38c8abf458184a\"},\"headline\":\"De C5 a T1, investigaci\u00f3n de Mar\u00eda Naranjo sobre plexopat\u00eda braquial que deriv\u00f3 en muestra y tesis\",\"datePublished\":\"2020-05-07T16:31:47+00:00\",\"dateModified\":\"2024-07-04T16:43:15+00:00\",\"mainEntityOfPage\":{\"@id\":\"https:\\\/\\\/www.uartes.edu.ec\\\/sitio\\\/fr\\\/blog\\\/2020\\\/05\\\/07\\\/de-c5-a-t1-investigacion-de-maria-naranjo-sobre-plexopatia-braquial-que-derivo-en-muestra-y-tesis\\\/\"},\"wordCount\":612,\"publisher\":{\"@id\":\"https:\\\/\\\/www.uartes.edu.ec\\\/sitio\\\/fr\\\/#organization\"},\"image\":{\"@id\":\"https:\\\/\\\/www.uartes.edu.ec\\\/sitio\\\/fr\\\/blog\\\/2020\\\/05\\\/07\\\/de-c5-a-t1-investigacion-de-maria-naranjo-sobre-plexopatia-braquial-que-derivo-en-muestra-y-tesis\\\/#primaryimage\"},\"thumbnailUrl\":\"https:\\\/\\\/www.uartes.edu.ec\\\/sitio\\\/wp-content\\\/uploads\\\/2020\\\/05\\\/DSC01748.jpg\",\"keywords\":[\"covid19\"],\"articleSection\":[\"Acad\u00e9mico\",\"Artes Visuales\",\"Estudiantes\"],\"inLanguage\":\"fr-FR\"},{\"@type\":[\"WebPage\",\"ItemPage\"],\"@id\":\"https:\\\/\\\/www.uartes.edu.ec\\\/sitio\\\/fr\\\/blog\\\/2020\\\/05\\\/07\\\/de-c5-a-t1-investigacion-de-maria-naranjo-sobre-plexopatia-braquial-que-derivo-en-muestra-y-tesis\\\/\",\"url\":\"https:\\\/\\\/www.uartes.edu.ec\\\/sitio\\\/fr\\\/blog\\\/2020\\\/05\\\/07\\\/de-c5-a-t1-investigacion-de-maria-naranjo-sobre-plexopatia-braquial-que-derivo-en-muestra-y-tesis\\\/\",\"name\":\"Universidad de las Artes - De C5 a T1, investigaci\u00f3n de Mar\u00eda Naranjo sobre plexopat\u00eda braquial que deriv\u00f3 en muestra y tesis\",\"isPartOf\":{\"@id\":\"https:\\\/\\\/www.uartes.edu.ec\\\/sitio\\\/fr\\\/#website\"},\"primaryImageOfPage\":{\"@id\":\"https:\\\/\\\/www.uartes.edu.ec\\\/sitio\\\/fr\\\/blog\\\/2020\\\/05\\\/07\\\/de-c5-a-t1-investigacion-de-maria-naranjo-sobre-plexopatia-braquial-que-derivo-en-muestra-y-tesis\\\/#primaryimage\"},\"image\":{\"@id\":\"https:\\\/\\\/www.uartes.edu.ec\\\/sitio\\\/fr\\\/blog\\\/2020\\\/05\\\/07\\\/de-c5-a-t1-investigacion-de-maria-naranjo-sobre-plexopatia-braquial-que-derivo-en-muestra-y-tesis\\\/#primaryimage\"},\"thumbnailUrl\":\"https:\\\/\\\/www.uartes.edu.ec\\\/sitio\\\/wp-content\\\/uploads\\\/2020\\\/05\\\/DSC01748.jpg\",\"datePublished\":\"2020-05-07T16:31:47+00:00\",\"dateModified\":\"2024-07-04T16:43:15+00:00\",\"description\":\"Universidad de las Artes - De C5 a T1, investigaci\u00f3n de Mar\u00eda Naranjo sobre plexopat\u00eda braquial que deriv\u00f3 en muestra y tesis\",\"breadcrumb\":{\"@id\":\"https:\\\/\\\/www.uartes.edu.ec\\\/sitio\\\/fr\\\/blog\\\/2020\\\/05\\\/07\\\/de-c5-a-t1-investigacion-de-maria-naranjo-sobre-plexopatia-braquial-que-derivo-en-muestra-y-tesis\\\/#breadcrumb\"},\"inLanguage\":\"fr-FR\",\"potentialAction\":[{\"@type\":\"ReadAction\",\"target\":[\"https:\\\/\\\/www.uartes.edu.ec\\\/sitio\\\/fr\\\/blog\\\/2020\\\/05\\\/07\\\/de-c5-a-t1-investigacion-de-maria-naranjo-sobre-plexopatia-braquial-que-derivo-en-muestra-y-tesis\\\/\"]}]},{\"@type\":\"ImageObject\",\"inLanguage\":\"fr-FR\",\"@id\":\"https:\\\/\\\/www.uartes.edu.ec\\\/sitio\\\/fr\\\/blog\\\/2020\\\/05\\\/07\\\/de-c5-a-t1-investigacion-de-maria-naranjo-sobre-plexopatia-braquial-que-derivo-en-muestra-y-tesis\\\/#primaryimage\",\"url\":\"https:\\\/\\\/www.uartes.edu.ec\\\/sitio\\\/wp-content\\\/uploads\\\/2020\\\/05\\\/DSC01748.jpg\",\"contentUrl\":\"https:\\\/\\\/www.uartes.edu.ec\\\/sitio\\\/wp-content\\\/uploads\\\/2020\\\/05\\\/DSC01748.jpg\",\"width\":2000,\"height\":1333},{\"@type\":\"BreadcrumbList\",\"@id\":\"https:\\\/\\\/www.uartes.edu.ec\\\/sitio\\\/fr\\\/blog\\\/2020\\\/05\\\/07\\\/de-c5-a-t1-investigacion-de-maria-naranjo-sobre-plexopatia-braquial-que-derivo-en-muestra-y-tesis\\\/#breadcrumb\",\"itemListElement\":[{\"@type\":\"ListItem\",\"position\":1,\"name\":\"Inicio\",\"item\":\"https:\\\/\\\/www.uartes.edu.ec\\\/sitio\\\/\"},{\"@type\":\"ListItem\",\"position\":2,\"name\":\"De C5 a T1, investigaci\u00f3n de Mar\u00eda Naranjo sobre plexopat\u00eda braquial que deriv\u00f3 en muestra y tesis\"}]},{\"@type\":\"WebSite\",\"@id\":\"https:\\\/\\\/www.uartes.edu.ec\\\/sitio\\\/fr\\\/#website\",\"url\":\"https:\\\/\\\/www.uartes.edu.ec\\\/sitio\\\/fr\\\/\",\"name\":\"Universidad de las Artes\",\"description\":\"Sitio oficial de la Universidad Nacional de las Artes del Ecuador\",\"publisher\":{\"@id\":\"https:\\\/\\\/www.uartes.edu.ec\\\/sitio\\\/fr\\\/#organization\"},\"potentialAction\":[{\"@type\":\"SearchAction\",\"target\":{\"@type\":\"EntryPoint\",\"urlTemplate\":\"https:\\\/\\\/www.uartes.edu.ec\\\/sitio\\\/fr\\\/?s={search_term_string}\"},\"query-input\":{\"@type\":\"PropertyValueSpecification\",\"valueRequired\":true,\"valueName\":\"search_term_string\"}}],\"inLanguage\":\"fr-FR\"},{\"@type\":\"Organization\",\"@id\":\"https:\\\/\\\/www.uartes.edu.ec\\\/sitio\\\/fr\\\/#organization\",\"name\":\"Universidad de las Artes\",\"url\":\"https:\\\/\\\/www.uartes.edu.ec\\\/sitio\\\/fr\\\/\",\"logo\":{\"@type\":\"ImageObject\",\"inLanguage\":\"fr-FR\",\"@id\":\"https:\\\/\\\/www.uartes.edu.ec\\\/sitio\\\/fr\\\/#\\\/schema\\\/logo\\\/image\\\/\",\"url\":\"https:\\\/\\\/www.uartes.edu.ec\\\/sitio\\\/wp-content\\\/uploads\\\/2022\\\/07\\\/logo-ua-horizontal.png\",\"contentUrl\":\"https:\\\/\\\/www.uartes.edu.ec\\\/sitio\\\/wp-content\\\/uploads\\\/2022\\\/07\\\/logo-ua-horizontal.png\",\"width\":800,\"height\":276,\"caption\":\"Universidad de las Artes\"},\"image\":{\"@id\":\"https:\\\/\\\/www.uartes.edu.ec\\\/sitio\\\/fr\\\/#\\\/schema\\\/logo\\\/image\\\/\"},\"sameAs\":[\"https:\\\/\\\/www.facebook.com\\\/uartesec\",\"https:\\\/\\\/x.com\\\/uartesec\",\"https:\\\/\\\/www.tiktok.com\\\/@uartesec\"]},{\"@type\":\"Person\",\"@id\":\"https:\\\/\\\/www.uartes.edu.ec\\\/sitio\\\/fr\\\/#\\\/schema\\\/person\\\/f33f8c1d2af0d5c80a38c8abf458184a\",\"name\":\"Universidad de las Artes\",\"image\":{\"@type\":\"ImageObject\",\"inLanguage\":\"fr-FR\",\"@id\":\"https:\\\/\\\/secure.gravatar.com\\\/avatar\\\/52e4757902f5cfa5ac52d020e5be83cae5487519154b6c35482fe08d589f3c13?s=96&d=mm&r=g\",\"url\":\"https:\\\/\\\/secure.gravatar.com\\\/avatar\\\/52e4757902f5cfa5ac52d020e5be83cae5487519154b6c35482fe08d589f3c13?s=96&d=mm&r=g\",\"contentUrl\":\"https:\\\/\\\/secure.gravatar.com\\\/avatar\\\/52e4757902f5cfa5ac52d020e5be83cae5487519154b6c35482fe08d589f3c13?s=96&d=mm&r=g\",\"caption\":\"Universidad de las Artes\"},\"url\":\"https:\\\/\\\/www.uartes.edu.ec\\\/sitio\\\/fr\\\/blog\\\/author\\\/dircomadm\\\/\"}]}<\/script>\n<!-- \/ Yoast SEO plugin. -->","yoast_head_json":{"title":"Universidad de las Artes - De C5 a T1, investigaci\u00f3n de Mar\u00eda Naranjo sobre plexopat\u00eda braquial que deriv\u00f3 en muestra y tesis","description":"Universidad de las Artes - De C5 a T1, investigaci\u00f3n de Mar\u00eda Naranjo sobre plexopat\u00eda braquial que deriv\u00f3 en muestra y tesis","robots":{"index":"index","follow":"follow","max-snippet":"max-snippet:-1","max-image-preview":"max-image-preview:large","max-video-preview":"max-video-preview:-1"},"canonical":"https:\/\/www.uartes.edu.ec\/sitio\/fr\/blog\/2020\/05\/07\/de-c5-a-t1-investigacion-de-maria-naranjo-sobre-plexopatia-braquial-que-derivo-en-muestra-y-tesis\/","og_locale":"fr_FR","og_type":"article","og_title":"Universidad de las Artes - De C5 a T1, investigaci\u00f3n de Mar\u00eda Naranjo sobre plexopat\u00eda braquial que deriv\u00f3 en muestra y tesis","og_description":"Universidad de las Artes - De C5 a T1, investigaci\u00f3n de Mar\u00eda Naranjo sobre plexopat\u00eda braquial que deriv\u00f3 en muestra y tesis","og_url":"https:\/\/www.uartes.edu.ec\/sitio\/fr\/blog\/2020\/05\/07\/de-c5-a-t1-investigacion-de-maria-naranjo-sobre-plexopatia-braquial-que-derivo-en-muestra-y-tesis\/","og_site_name":"Universidad de las Artes","article_publisher":"https:\/\/www.facebook.com\/uartesec","article_published_time":"2020-05-07T16:31:47+00:00","article_modified_time":"2024-07-04T16:43:15+00:00","og_image":[{"width":2000,"height":1333,"url":"https:\/\/www.uartes.edu.ec\/sitio\/wp-content\/uploads\/2020\/05\/DSC01748.jpg","type":"image\/jpeg"}],"author":"Universidad de las Artes","twitter_card":"summary_large_image","twitter_creator":"@uartesec","twitter_site":"@uartesec","twitter_misc":{"\u00c9crit par":"Universidad de las Artes","Dur\u00e9e de lecture estim\u00e9e":"3 minutes"},"schema":{"@context":"https:\/\/schema.org","@graph":[{"@type":"Article","@id":"https:\/\/www.uartes.edu.ec\/sitio\/fr\/blog\/2020\/05\/07\/de-c5-a-t1-investigacion-de-maria-naranjo-sobre-plexopatia-braquial-que-derivo-en-muestra-y-tesis\/#article","isPartOf":{"@id":"https:\/\/www.uartes.edu.ec\/sitio\/fr\/blog\/2020\/05\/07\/de-c5-a-t1-investigacion-de-maria-naranjo-sobre-plexopatia-braquial-que-derivo-en-muestra-y-tesis\/"},"author":{"name":"Universidad de las Artes","@id":"https:\/\/www.uartes.edu.ec\/sitio\/fr\/#\/schema\/person\/f33f8c1d2af0d5c80a38c8abf458184a"},"headline":"De C5 a T1, investigaci\u00f3n de Mar\u00eda Naranjo sobre plexopat\u00eda braquial que deriv\u00f3 en muestra y tesis","datePublished":"2020-05-07T16:31:47+00:00","dateModified":"2024-07-04T16:43:15+00:00","mainEntityOfPage":{"@id":"https:\/\/www.uartes.edu.ec\/sitio\/fr\/blog\/2020\/05\/07\/de-c5-a-t1-investigacion-de-maria-naranjo-sobre-plexopatia-braquial-que-derivo-en-muestra-y-tesis\/"},"wordCount":612,"publisher":{"@id":"https:\/\/www.uartes.edu.ec\/sitio\/fr\/#organization"},"image":{"@id":"https:\/\/www.uartes.edu.ec\/sitio\/fr\/blog\/2020\/05\/07\/de-c5-a-t1-investigacion-de-maria-naranjo-sobre-plexopatia-braquial-que-derivo-en-muestra-y-tesis\/#primaryimage"},"thumbnailUrl":"https:\/\/www.uartes.edu.ec\/sitio\/wp-content\/uploads\/2020\/05\/DSC01748.jpg","keywords":["covid19"],"articleSection":["Acad\u00e9mico","Artes Visuales","Estudiantes"],"inLanguage":"fr-FR"},{"@type":["WebPage","ItemPage"],"@id":"https:\/\/www.uartes.edu.ec\/sitio\/fr\/blog\/2020\/05\/07\/de-c5-a-t1-investigacion-de-maria-naranjo-sobre-plexopatia-braquial-que-derivo-en-muestra-y-tesis\/","url":"https:\/\/www.uartes.edu.ec\/sitio\/fr\/blog\/2020\/05\/07\/de-c5-a-t1-investigacion-de-maria-naranjo-sobre-plexopatia-braquial-que-derivo-en-muestra-y-tesis\/","name":"Universidad de las Artes - De C5 a T1, investigaci\u00f3n de Mar\u00eda Naranjo sobre plexopat\u00eda braquial que deriv\u00f3 en muestra y tesis","isPartOf":{"@id":"https:\/\/www.uartes.edu.ec\/sitio\/fr\/#website"},"primaryImageOfPage":{"@id":"https:\/\/www.uartes.edu.ec\/sitio\/fr\/blog\/2020\/05\/07\/de-c5-a-t1-investigacion-de-maria-naranjo-sobre-plexopatia-braquial-que-derivo-en-muestra-y-tesis\/#primaryimage"},"image":{"@id":"https:\/\/www.uartes.edu.ec\/sitio\/fr\/blog\/2020\/05\/07\/de-c5-a-t1-investigacion-de-maria-naranjo-sobre-plexopatia-braquial-que-derivo-en-muestra-y-tesis\/#primaryimage"},"thumbnailUrl":"https:\/\/www.uartes.edu.ec\/sitio\/wp-content\/uploads\/2020\/05\/DSC01748.jpg","datePublished":"2020-05-07T16:31:47+00:00","dateModified":"2024-07-04T16:43:15+00:00","description":"Universidad de las Artes - De C5 a T1, investigaci\u00f3n de Mar\u00eda Naranjo sobre plexopat\u00eda braquial que deriv\u00f3 en muestra y tesis","breadcrumb":{"@id":"https:\/\/www.uartes.edu.ec\/sitio\/fr\/blog\/2020\/05\/07\/de-c5-a-t1-investigacion-de-maria-naranjo-sobre-plexopatia-braquial-que-derivo-en-muestra-y-tesis\/#breadcrumb"},"inLanguage":"fr-FR","potentialAction":[{"@type":"ReadAction","target":["https:\/\/www.uartes.edu.ec\/sitio\/fr\/blog\/2020\/05\/07\/de-c5-a-t1-investigacion-de-maria-naranjo-sobre-plexopatia-braquial-que-derivo-en-muestra-y-tesis\/"]}]},{"@type":"ImageObject","inLanguage":"fr-FR","@id":"https:\/\/www.uartes.edu.ec\/sitio\/fr\/blog\/2020\/05\/07\/de-c5-a-t1-investigacion-de-maria-naranjo-sobre-plexopatia-braquial-que-derivo-en-muestra-y-tesis\/#primaryimage","url":"https:\/\/www.uartes.edu.ec\/sitio\/wp-content\/uploads\/2020\/05\/DSC01748.jpg","contentUrl":"https:\/\/www.uartes.edu.ec\/sitio\/wp-content\/uploads\/2020\/05\/DSC01748.jpg","width":2000,"height":1333},{"@type":"BreadcrumbList","@id":"https:\/\/www.uartes.edu.ec\/sitio\/fr\/blog\/2020\/05\/07\/de-c5-a-t1-investigacion-de-maria-naranjo-sobre-plexopatia-braquial-que-derivo-en-muestra-y-tesis\/#breadcrumb","itemListElement":[{"@type":"ListItem","position":1,"name":"Inicio","item":"https:\/\/www.uartes.edu.ec\/sitio\/"},{"@type":"ListItem","position":2,"name":"De C5 a T1, investigaci\u00f3n de Mar\u00eda Naranjo sobre plexopat\u00eda braquial que deriv\u00f3 en muestra y tesis"}]},{"@type":"WebSite","@id":"https:\/\/www.uartes.edu.ec\/sitio\/fr\/#website","url":"https:\/\/www.uartes.edu.ec\/sitio\/fr\/","name":"Universidad de las Artes","description":"Sitio oficial de la Universidad Nacional de las Artes del Ecuador","publisher":{"@id":"https:\/\/www.uartes.edu.ec\/sitio\/fr\/#organization"},"potentialAction":[{"@type":"SearchAction","target":{"@type":"EntryPoint","urlTemplate":"https:\/\/www.uartes.edu.ec\/sitio\/fr\/?s={search_term_string}"},"query-input":{"@type":"PropertyValueSpecification","valueRequired":true,"valueName":"search_term_string"}}],"inLanguage":"fr-FR"},{"@type":"Organization","@id":"https:\/\/www.uartes.edu.ec\/sitio\/fr\/#organization","name":"Universidad de las Artes","url":"https:\/\/www.uartes.edu.ec\/sitio\/fr\/","logo":{"@type":"ImageObject","inLanguage":"fr-FR","@id":"https:\/\/www.uartes.edu.ec\/sitio\/fr\/#\/schema\/logo\/image\/","url":"https:\/\/www.uartes.edu.ec\/sitio\/wp-content\/uploads\/2022\/07\/logo-ua-horizontal.png","contentUrl":"https:\/\/www.uartes.edu.ec\/sitio\/wp-content\/uploads\/2022\/07\/logo-ua-horizontal.png","width":800,"height":276,"caption":"Universidad de las Artes"},"image":{"@id":"https:\/\/www.uartes.edu.ec\/sitio\/fr\/#\/schema\/logo\/image\/"},"sameAs":["https:\/\/www.facebook.com\/uartesec","https:\/\/x.com\/uartesec","https:\/\/www.tiktok.com\/@uartesec"]},{"@type":"Person","@id":"https:\/\/www.uartes.edu.ec\/sitio\/fr\/#\/schema\/person\/f33f8c1d2af0d5c80a38c8abf458184a","name":"Universidad de las Artes","image":{"@type":"ImageObject","inLanguage":"fr-FR","@id":"https:\/\/secure.gravatar.com\/avatar\/52e4757902f5cfa5ac52d020e5be83cae5487519154b6c35482fe08d589f3c13?s=96&d=mm&r=g","url":"https:\/\/secure.gravatar.com\/avatar\/52e4757902f5cfa5ac52d020e5be83cae5487519154b6c35482fe08d589f3c13?s=96&d=mm&r=g","contentUrl":"https:\/\/secure.gravatar.com\/avatar\/52e4757902f5cfa5ac52d020e5be83cae5487519154b6c35482fe08d589f3c13?s=96&d=mm&r=g","caption":"Universidad de las Artes"},"url":"https:\/\/www.uartes.edu.ec\/sitio\/fr\/blog\/author\/dircomadm\/"}]}},"uagb_featured_image_src":{"full":["https:\/\/www.uartes.edu.ec\/sitio\/wp-content\/uploads\/2020\/05\/DSC01748.jpg",2000,1333,false],"thumbnail":["https:\/\/www.uartes.edu.ec\/sitio\/wp-content\/uploads\/2020\/05\/DSC01748-150x150.jpg",150,150,true],"medium":["https:\/\/www.uartes.edu.ec\/sitio\/wp-content\/uploads\/2020\/05\/DSC01748-300x200.jpg",300,200,true],"medium_large":["https:\/\/www.uartes.edu.ec\/sitio\/wp-content\/uploads\/2020\/05\/DSC01748-768x512.jpg",768,512,true],"large":["https:\/\/www.uartes.edu.ec\/sitio\/wp-content\/uploads\/2020\/05\/DSC01748-644x429.jpg",644,429,true],"1536x1536":["https:\/\/www.uartes.edu.ec\/sitio\/wp-content\/uploads\/2020\/05\/DSC01748-1536x1024.jpg",1536,1024,true],"2048x2048":["https:\/\/www.uartes.edu.ec\/sitio\/wp-content\/uploads\/2020\/05\/DSC01748.jpg",2000,1333,false],"trp-custom-language-flag":["https:\/\/www.uartes.edu.ec\/sitio\/wp-content\/uploads\/2020\/05\/DSC01748.jpg",18,12,false],"htmega_size_585x295":["https:\/\/www.uartes.edu.ec\/sitio\/wp-content\/uploads\/2020\/05\/DSC01748.jpg",443,295,false],"htmega_size_1170x536":["https:\/\/www.uartes.edu.ec\/sitio\/wp-content\/uploads\/2020\/05\/DSC01748.jpg",804,536,false],"htmega_size_396x360":["https:\/\/www.uartes.edu.ec\/sitio\/wp-content\/uploads\/2020\/05\/DSC01748.jpg",396,264,false],"gb-block-post-grid-landscape":["https:\/\/www.uartes.edu.ec\/sitio\/wp-content\/uploads\/2020\/05\/DSC01748.jpg",600,400,false],"gb-block-post-grid-square":["https:\/\/www.uartes.edu.ec\/sitio\/wp-content\/uploads\/2020\/05\/DSC01748.jpg",600,400,false],"university-hub-thumb":["https:\/\/www.uartes.edu.ec\/sitio\/wp-content\/uploads\/2020\/05\/DSC01748-400x267.jpg",400,267,true]},"uagb_author_info":{"display_name":"Universidad de las Artes","author_link":"https:\/\/www.uartes.edu.ec\/sitio\/fr\/blog\/author\/dircomadm\/"},"uagb_comment_info":0,"uagb_excerpt":"Varias instalaciones con esculturas de tela, registro fotogr\u00e1fico del proceso, video-performance y dibujo expandido fueron los recursos expositivos que Mar\u00eda Gracia Naranjo Aguinaga utiliz\u00f3 para presentar De C5 a T1, una investigaci\u00f3n que hizo del cuerpo y que surgi\u00f3 a partir de la plexopat\u00eda braquial, patolog\u00eda que le afecta.","featured_image_src":"https:\/\/www.uartes.edu.ec\/sitio\/wp-content\/uploads\/2020\/05\/DSC01748.jpg","featured_image_src_square":"https:\/\/www.uartes.edu.ec\/sitio\/wp-content\/uploads\/2020\/05\/DSC01748.jpg","author_info":{"display_name":"Universidad de las Artes","author_link":"https:\/\/www.uartes.edu.ec\/sitio\/fr\/blog\/author\/dircomadm\/"},"publishpress_future_workflow_manual_trigger":{"enabledWorkflows":[]},"distributor_meta":false,"distributor_terms":false,"distributor_media":false,"distributor_original_site_name":"Universidad de las Artes","distributor_original_site_url":"https:\/\/www.uartes.edu.ec\/sitio\/fr","push-errors":false,"_links":{"self":[{"href":"https:\/\/www.uartes.edu.ec\/sitio\/fr\/wp-json\/wp\/v2\/posts\/6901","targetHints":{"allow":["GET"]}}],"collection":[{"href":"https:\/\/www.uartes.edu.ec\/sitio\/fr\/wp-json\/wp\/v2\/posts"}],"about":[{"href":"https:\/\/www.uartes.edu.ec\/sitio\/fr\/wp-json\/wp\/v2\/types\/post"}],"author":[{"embeddable":true,"href":"https:\/\/www.uartes.edu.ec\/sitio\/fr\/wp-json\/wp\/v2\/users\/1"}],"replies":[{"embeddable":true,"href":"https:\/\/www.uartes.edu.ec\/sitio\/fr\/wp-json\/wp\/v2\/comments?post=6901"}],"version-history":[{"count":1,"href":"https:\/\/www.uartes.edu.ec\/sitio\/fr\/wp-json\/wp\/v2\/posts\/6901\/revisions"}],"predecessor-version":[{"id":6903,"href":"https:\/\/www.uartes.edu.ec\/sitio\/fr\/wp-json\/wp\/v2\/posts\/6901\/revisions\/6903"}],"wp:featuredmedia":[{"embeddable":true,"href":"https:\/\/www.uartes.edu.ec\/sitio\/fr\/wp-json\/wp\/v2\/media\/6902"}],"wp:attachment":[{"href":"https:\/\/www.uartes.edu.ec\/sitio\/fr\/wp-json\/wp\/v2\/media?parent=6901"}],"wp:term":[{"taxonomy":"category","embeddable":true,"href":"https:\/\/www.uartes.edu.ec\/sitio\/fr\/wp-json\/wp\/v2\/categories?post=6901"},{"taxonomy":"post_tag","embeddable":true,"href":"https:\/\/www.uartes.edu.ec\/sitio\/fr\/wp-json\/wp\/v2\/tags?post=6901"},{"taxonomy":"infouartes","embeddable":true,"href":"https:\/\/www.uartes.edu.ec\/sitio\/fr\/wp-json\/wp\/v2\/infouartes?post=6901"}],"curies":[{"name":"wp","href":"https:\/\/api.w.org\/{rel}","templated":true}]}}