{"id":6904,"date":"2020-05-07T11:40:31","date_gmt":"2020-05-07T16:40:31","guid":{"rendered":"http:\/\/www.uartes.edu.ec\/sitio\/?p=6904"},"modified":"2024-07-04T11:43:15","modified_gmt":"2024-07-04T16:43:15","slug":"implementacion-acustica-y-electroacustica-del-salon-de-usos-multiples-de-la-uartes-tesis-de-joseph-garcia","status":"publish","type":"post","link":"https:\/\/www.uartes.edu.ec\/sitio\/fr\/blog\/2020\/05\/07\/implementacion-acustica-y-electroacustica-del-salon-de-usos-multiples-de-la-uartes-tesis-de-joseph-garcia\/","title":{"rendered":"Implementacio\u0301n acu\u0301stica y electroacu\u0301stica del Salo\u0301n  de Usos Mu\u0301ltiples de la UArtes, tesis de Joseph Garc\u00eda"},"content":{"rendered":"<p>Joseph Javier Garc\u00eda Guzm\u00e1n, estudiante de la carrera deProducci\u00f3n Musical y Sonora, enla Escuela de Artes Sonoras de la Universidad de las Artes, hizo que su experiencia como t\u00e9cnico de sonido se convirtiera en una propuesta para su tesis de grado, la cual sustent\u00f3 el 20 de abril de 2020 v\u00eda videoconferencia.<\/p>\n\n\n\n<p>En di\u00e1logo con InfoUArtes, \u00e9l da detalles del proceso que sigui\u00f3 para su trabajo de grado, de la presentaci\u00f3n que hizo ante el jurado de tesis e incluso de sus planes tras obtener la licenciatura: Mi proyecto de tesis fue t\u00e9cnico. Lo titul\u00e9 \u201cAn\u00e1lisis y propuesta de implementaci\u00f3n ac\u00fastica y electroac\u00fastica para el Sal\u00f3n de Usos M\u00faltiples de la Universidad de las Artes\u201d, motivado justamente por las falencias ac\u00fasticas que percib\u00eda la sala en cuesti\u00f3n, todo en base a las experiencias que tuve como t\u00e9cnico de sonido en las actividades que all\u00ed se programaron. Desarrollarla me tom\u00f3 dos semestres debido a que, por mi trabajo, no dispon\u00eda de mucho tiempo. Utilic\u00e9 como recurso para el an\u00e1lisis y la propuesta un software para realizar la medici\u00f3n, el c\u00e1lculo y la simulaci\u00f3n.<\/p>\n\n\n\n<p>Sustentar la defensa de mi tesis en l\u00ednea, debido a la emergencia sanitaria nacional para evitar la propagaci\u00f3n del COVID-19, fue m\u00e1s c\u00f3moda. Mi exposici\u00f3n era en base a un dise\u00f1o ac\u00fastico y la demostraci\u00f3n cumpli\u00f3 con todos los par\u00e1metros, por ende no hubo dificultades. Adem\u00e1s, he sido part\u00edcipe de las clases v\u00eda online, as\u00ed es que ten\u00eda pr\u00e1ctica con la modalidad virtual.<\/p>\n\n\n\n<p>Los miembros del jurado de tesis tuvieron preguntas relacionadas con el dise\u00f1o propuesto, el aislamiento ac\u00fastico y el impacto de iluminaci\u00f3n artificial para el Sal\u00f3n de Usos M\u00faltiples de la Universidad de las Artes, ubicado en el pabell\u00f3n Araceli Gilbert.<\/p>\n\n\n\n<p>Continuar con mi trabajo como t\u00e9cnico de sonido en vivo y plantear consultor\u00edas para espacios ac\u00fasticos son mis planes a seguir una vez que obtenga el t\u00edtulo de licenciado de Producci\u00f3n Musical y Sonora dela Escuela de Artes Sonoras.<\/p>","protected":false},"excerpt":{"rendered":"<p>Joseph Javier Garc\u00eda Guzm\u00e1n, estudiante de la carrera deProducci\u00f3n Musical y Sonora, enla Escuela de Artes Sonoras de la Universidad de las Artes, hizo que su experiencia como t\u00e9cnico de sonido se convirtiera en una propuesta para su tesis de grado, la cual sustent\u00f3 el 20 de abril de 2020 v\u00eda videoconferencia.<\/p>","protected":false},"author":1,"featured_media":6905,"comment_status":"closed","ping_status":"closed","sticky":false,"template":"","format":"standard","meta":{"_acf_changed":false,"_uag_custom_page_level_css":"","_monsterinsights_skip_tracking":false,"_monsterinsights_sitenote_active":false,"_monsterinsights_sitenote_note":"","_monsterinsights_sitenote_category":0,"cybocfi_hide_featured_image":"","footnotes":""},"categories":[80,150,76],"tags":[211],"infouartes":[],"class_list":["post-6904","post","type-post","status-publish","format-standard","has-post-thumbnail","hentry","category-academico","category-artes-sonoras","category-estudiantes","tag-covid19"],"acf":[],"yoast_head":"<!-- This site is optimized with the Yoast SEO plugin v27.4 - https:\/\/yoast.com\/product\/yoast-seo-wordpress\/ -->\n<title>Universidad de las Artes - Implementacio\u0301n acu\u0301stica y electroacu\u0301stica del Salo\u0301n de Usos Mu\u0301ltiples de la UArtes, tesis de Joseph Garc\u00eda<\/title>\n<meta name=\"description\" content=\"Universidad de las Artes - Implementacio\u0301n acu\u0301stica y electroacu\u0301stica del Salo\u0301n de Usos Mu\u0301ltiples de la UArtes, tesis de Joseph Garc\u00eda\" \/>\n<meta name=\"robots\" content=\"index, follow, max-snippet:-1, max-image-preview:large, max-video-preview:-1\" \/>\n<link rel=\"canonical\" href=\"https:\/\/www.uartes.edu.ec\/sitio\/fr\/blog\/2020\/05\/07\/implementacion-acustica-y-electroacustica-del-salon-de-usos-multiples-de-la-uartes-tesis-de-joseph-garcia\/\" \/>\n<meta property=\"og:locale\" content=\"fr_FR\" \/>\n<meta property=\"og:type\" content=\"article\" \/>\n<meta property=\"og:title\" content=\"Universidad de las Artes - Implementacio\u0301n acu\u0301stica y electroacu\u0301stica del Salo\u0301n de Usos Mu\u0301ltiples de la UArtes, tesis de Joseph Garc\u00eda\" \/>\n<meta property=\"og:description\" content=\"Universidad de las Artes - Implementacio\u0301n acu\u0301stica y electroacu\u0301stica del Salo\u0301n de Usos Mu\u0301ltiples de la UArtes, tesis de Joseph Garc\u00eda\" \/>\n<meta property=\"og:url\" content=\"https:\/\/www.uartes.edu.ec\/sitio\/fr\/blog\/2020\/05\/07\/implementacion-acustica-y-electroacustica-del-salon-de-usos-multiples-de-la-uartes-tesis-de-joseph-garcia\/\" \/>\n<meta property=\"og:site_name\" content=\"Universidad de las Artes\" \/>\n<meta property=\"article:publisher\" content=\"https:\/\/www.facebook.com\/uartesec\" \/>\n<meta property=\"article:published_time\" content=\"2020-05-07T16:40:31+00:00\" \/>\n<meta property=\"article:modified_time\" content=\"2024-07-04T16:43:15+00:00\" \/>\n<meta property=\"og:image\" content=\"https:\/\/www.uartes.edu.ec\/sitio\/wp-content\/uploads\/2020\/05\/Estudiante-Joseph-Garcia.jpg\" \/>\n\t<meta property=\"og:image:width\" content=\"1026\" \/>\n\t<meta property=\"og:image:height\" content=\"684\" \/>\n\t<meta property=\"og:image:type\" content=\"image\/jpeg\" \/>\n<meta name=\"author\" content=\"Universidad de las Artes\" \/>\n<meta name=\"twitter:card\" content=\"summary_large_image\" \/>\n<meta name=\"twitter:creator\" content=\"@uartesec\" \/>\n<meta name=\"twitter:site\" content=\"@uartesec\" \/>\n<meta name=\"twitter:label1\" content=\"\u00c9crit par\" \/>\n\t<meta name=\"twitter:data1\" content=\"Universidad de las Artes\" \/>\n\t<meta name=\"twitter:label2\" content=\"Dur\u00e9e de lecture estim\u00e9e\" \/>\n\t<meta name=\"twitter:data2\" content=\"2 minutes\" \/>\n<script type=\"application\/ld+json\" class=\"yoast-schema-graph\">{\"@context\":\"https:\\\/\\\/schema.org\",\"@graph\":[{\"@type\":\"Article\",\"@id\":\"https:\\\/\\\/www.uartes.edu.ec\\\/sitio\\\/fr\\\/blog\\\/2020\\\/05\\\/07\\\/implementacion-acustica-y-electroacustica-del-salon-de-usos-multiples-de-la-uartes-tesis-de-joseph-garcia\\\/#article\",\"isPartOf\":{\"@id\":\"https:\\\/\\\/www.uartes.edu.ec\\\/sitio\\\/fr\\\/blog\\\/2020\\\/05\\\/07\\\/implementacion-acustica-y-electroacustica-del-salon-de-usos-multiples-de-la-uartes-tesis-de-joseph-garcia\\\/\"},\"author\":{\"name\":\"Universidad de las Artes\",\"@id\":\"https:\\\/\\\/www.uartes.edu.ec\\\/sitio\\\/fr\\\/#\\\/schema\\\/person\\\/f33f8c1d2af0d5c80a38c8abf458184a\"},\"headline\":\"Implementacio\u0301n acu\u0301stica y electroacu\u0301stica del Salo\u0301n de Usos Mu\u0301ltiples de la UArtes, tesis de Joseph Garc\u00eda\",\"datePublished\":\"2020-05-07T16:40:31+00:00\",\"dateModified\":\"2024-07-04T16:43:15+00:00\",\"mainEntityOfPage\":{\"@id\":\"https:\\\/\\\/www.uartes.edu.ec\\\/sitio\\\/fr\\\/blog\\\/2020\\\/05\\\/07\\\/implementacion-acustica-y-electroacustica-del-salon-de-usos-multiples-de-la-uartes-tesis-de-joseph-garcia\\\/\"},\"wordCount\":392,\"publisher\":{\"@id\":\"https:\\\/\\\/www.uartes.edu.ec\\\/sitio\\\/fr\\\/#organization\"},\"image\":{\"@id\":\"https:\\\/\\\/www.uartes.edu.ec\\\/sitio\\\/fr\\\/blog\\\/2020\\\/05\\\/07\\\/implementacion-acustica-y-electroacustica-del-salon-de-usos-multiples-de-la-uartes-tesis-de-joseph-garcia\\\/#primaryimage\"},\"thumbnailUrl\":\"https:\\\/\\\/www.uartes.edu.ec\\\/sitio\\\/wp-content\\\/uploads\\\/2020\\\/05\\\/Estudiante-Joseph-Garcia.jpg\",\"keywords\":[\"covid19\"],\"articleSection\":[\"Acad\u00e9mico\",\"Artes Sonoras\",\"Estudiantes\"],\"inLanguage\":\"fr-FR\"},{\"@type\":[\"WebPage\",\"ItemPage\"],\"@id\":\"https:\\\/\\\/www.uartes.edu.ec\\\/sitio\\\/fr\\\/blog\\\/2020\\\/05\\\/07\\\/implementacion-acustica-y-electroacustica-del-salon-de-usos-multiples-de-la-uartes-tesis-de-joseph-garcia\\\/\",\"url\":\"https:\\\/\\\/www.uartes.edu.ec\\\/sitio\\\/fr\\\/blog\\\/2020\\\/05\\\/07\\\/implementacion-acustica-y-electroacustica-del-salon-de-usos-multiples-de-la-uartes-tesis-de-joseph-garcia\\\/\",\"name\":\"Universidad de las Artes - Implementacio\u0301n acu\u0301stica y electroacu\u0301stica del Salo\u0301n de Usos Mu\u0301ltiples de la UArtes, tesis de Joseph Garc\u00eda\",\"isPartOf\":{\"@id\":\"https:\\\/\\\/www.uartes.edu.ec\\\/sitio\\\/fr\\\/#website\"},\"primaryImageOfPage\":{\"@id\":\"https:\\\/\\\/www.uartes.edu.ec\\\/sitio\\\/fr\\\/blog\\\/2020\\\/05\\\/07\\\/implementacion-acustica-y-electroacustica-del-salon-de-usos-multiples-de-la-uartes-tesis-de-joseph-garcia\\\/#primaryimage\"},\"image\":{\"@id\":\"https:\\\/\\\/www.uartes.edu.ec\\\/sitio\\\/fr\\\/blog\\\/2020\\\/05\\\/07\\\/implementacion-acustica-y-electroacustica-del-salon-de-usos-multiples-de-la-uartes-tesis-de-joseph-garcia\\\/#primaryimage\"},\"thumbnailUrl\":\"https:\\\/\\\/www.uartes.edu.ec\\\/sitio\\\/wp-content\\\/uploads\\\/2020\\\/05\\\/Estudiante-Joseph-Garcia.jpg\",\"datePublished\":\"2020-05-07T16:40:31+00:00\",\"dateModified\":\"2024-07-04T16:43:15+00:00\",\"description\":\"Universidad de las Artes - Implementacio\u0301n acu\u0301stica y electroacu\u0301stica del Salo\u0301n de Usos Mu\u0301ltiples de la UArtes, tesis de Joseph Garc\u00eda\",\"breadcrumb\":{\"@id\":\"https:\\\/\\\/www.uartes.edu.ec\\\/sitio\\\/fr\\\/blog\\\/2020\\\/05\\\/07\\\/implementacion-acustica-y-electroacustica-del-salon-de-usos-multiples-de-la-uartes-tesis-de-joseph-garcia\\\/#breadcrumb\"},\"inLanguage\":\"fr-FR\",\"potentialAction\":[{\"@type\":\"ReadAction\",\"target\":[\"https:\\\/\\\/www.uartes.edu.ec\\\/sitio\\\/fr\\\/blog\\\/2020\\\/05\\\/07\\\/implementacion-acustica-y-electroacustica-del-salon-de-usos-multiples-de-la-uartes-tesis-de-joseph-garcia\\\/\"]}]},{\"@type\":\"ImageObject\",\"inLanguage\":\"fr-FR\",\"@id\":\"https:\\\/\\\/www.uartes.edu.ec\\\/sitio\\\/fr\\\/blog\\\/2020\\\/05\\\/07\\\/implementacion-acustica-y-electroacustica-del-salon-de-usos-multiples-de-la-uartes-tesis-de-joseph-garcia\\\/#primaryimage\",\"url\":\"https:\\\/\\\/www.uartes.edu.ec\\\/sitio\\\/wp-content\\\/uploads\\\/2020\\\/05\\\/Estudiante-Joseph-Garcia.jpg\",\"contentUrl\":\"https:\\\/\\\/www.uartes.edu.ec\\\/sitio\\\/wp-content\\\/uploads\\\/2020\\\/05\\\/Estudiante-Joseph-Garcia.jpg\",\"width\":1026,\"height\":684},{\"@type\":\"BreadcrumbList\",\"@id\":\"https:\\\/\\\/www.uartes.edu.ec\\\/sitio\\\/fr\\\/blog\\\/2020\\\/05\\\/07\\\/implementacion-acustica-y-electroacustica-del-salon-de-usos-multiples-de-la-uartes-tesis-de-joseph-garcia\\\/#breadcrumb\",\"itemListElement\":[{\"@type\":\"ListItem\",\"position\":1,\"name\":\"Inicio\",\"item\":\"https:\\\/\\\/www.uartes.edu.ec\\\/sitio\\\/\"},{\"@type\":\"ListItem\",\"position\":2,\"name\":\"Implementacio\u0301n acu\u0301stica y electroacu\u0301stica del Salo\u0301n de Usos Mu\u0301ltiples de la UArtes, tesis de Joseph Garc\u00eda\"}]},{\"@type\":\"WebSite\",\"@id\":\"https:\\\/\\\/www.uartes.edu.ec\\\/sitio\\\/fr\\\/#website\",\"url\":\"https:\\\/\\\/www.uartes.edu.ec\\\/sitio\\\/fr\\\/\",\"name\":\"Universidad de las Artes\",\"description\":\"Sitio oficial de la Universidad Nacional de las Artes del Ecuador\",\"publisher\":{\"@id\":\"https:\\\/\\\/www.uartes.edu.ec\\\/sitio\\\/fr\\\/#organization\"},\"potentialAction\":[{\"@type\":\"SearchAction\",\"target\":{\"@type\":\"EntryPoint\",\"urlTemplate\":\"https:\\\/\\\/www.uartes.edu.ec\\\/sitio\\\/fr\\\/?s={search_term_string}\"},\"query-input\":{\"@type\":\"PropertyValueSpecification\",\"valueRequired\":true,\"valueName\":\"search_term_string\"}}],\"inLanguage\":\"fr-FR\"},{\"@type\":\"Organization\",\"@id\":\"https:\\\/\\\/www.uartes.edu.ec\\\/sitio\\\/fr\\\/#organization\",\"name\":\"Universidad de las Artes\",\"url\":\"https:\\\/\\\/www.uartes.edu.ec\\\/sitio\\\/fr\\\/\",\"logo\":{\"@type\":\"ImageObject\",\"inLanguage\":\"fr-FR\",\"@id\":\"https:\\\/\\\/www.uartes.edu.ec\\\/sitio\\\/fr\\\/#\\\/schema\\\/logo\\\/image\\\/\",\"url\":\"https:\\\/\\\/www.uartes.edu.ec\\\/sitio\\\/wp-content\\\/uploads\\\/2022\\\/07\\\/logo-ua-horizontal.png\",\"contentUrl\":\"https:\\\/\\\/www.uartes.edu.ec\\\/sitio\\\/wp-content\\\/uploads\\\/2022\\\/07\\\/logo-ua-horizontal.png\",\"width\":800,\"height\":276,\"caption\":\"Universidad de las Artes\"},\"image\":{\"@id\":\"https:\\\/\\\/www.uartes.edu.ec\\\/sitio\\\/fr\\\/#\\\/schema\\\/logo\\\/image\\\/\"},\"sameAs\":[\"https:\\\/\\\/www.facebook.com\\\/uartesec\",\"https:\\\/\\\/x.com\\\/uartesec\",\"https:\\\/\\\/www.tiktok.com\\\/@uartesec\"]},{\"@type\":\"Person\",\"@id\":\"https:\\\/\\\/www.uartes.edu.ec\\\/sitio\\\/fr\\\/#\\\/schema\\\/person\\\/f33f8c1d2af0d5c80a38c8abf458184a\",\"name\":\"Universidad de las Artes\",\"image\":{\"@type\":\"ImageObject\",\"inLanguage\":\"fr-FR\",\"@id\":\"https:\\\/\\\/secure.gravatar.com\\\/avatar\\\/52e4757902f5cfa5ac52d020e5be83cae5487519154b6c35482fe08d589f3c13?s=96&d=mm&r=g\",\"url\":\"https:\\\/\\\/secure.gravatar.com\\\/avatar\\\/52e4757902f5cfa5ac52d020e5be83cae5487519154b6c35482fe08d589f3c13?s=96&d=mm&r=g\",\"contentUrl\":\"https:\\\/\\\/secure.gravatar.com\\\/avatar\\\/52e4757902f5cfa5ac52d020e5be83cae5487519154b6c35482fe08d589f3c13?s=96&d=mm&r=g\",\"caption\":\"Universidad de las Artes\"},\"url\":\"https:\\\/\\\/www.uartes.edu.ec\\\/sitio\\\/fr\\\/blog\\\/author\\\/dircomadm\\\/\"}]}<\/script>\n<!-- \/ Yoast SEO plugin. -->","yoast_head_json":{"title":"Universidad de las Artes - Implementacio\u0301n acu\u0301stica y electroacu\u0301stica del Salo\u0301n de Usos Mu\u0301ltiples de la UArtes, tesis de Joseph Garc\u00eda","description":"Universidad de las Artes - Implementacio\u0301n acu\u0301stica y electroacu\u0301stica del Salo\u0301n de Usos Mu\u0301ltiples de la UArtes, tesis de Joseph Garc\u00eda","robots":{"index":"index","follow":"follow","max-snippet":"max-snippet:-1","max-image-preview":"max-image-preview:large","max-video-preview":"max-video-preview:-1"},"canonical":"https:\/\/www.uartes.edu.ec\/sitio\/fr\/blog\/2020\/05\/07\/implementacion-acustica-y-electroacustica-del-salon-de-usos-multiples-de-la-uartes-tesis-de-joseph-garcia\/","og_locale":"fr_FR","og_type":"article","og_title":"Universidad de las Artes - Implementacio\u0301n acu\u0301stica y electroacu\u0301stica del Salo\u0301n de Usos Mu\u0301ltiples de la UArtes, tesis de Joseph Garc\u00eda","og_description":"Universidad de las Artes - Implementacio\u0301n acu\u0301stica y electroacu\u0301stica del Salo\u0301n de Usos Mu\u0301ltiples de la UArtes, tesis de Joseph Garc\u00eda","og_url":"https:\/\/www.uartes.edu.ec\/sitio\/fr\/blog\/2020\/05\/07\/implementacion-acustica-y-electroacustica-del-salon-de-usos-multiples-de-la-uartes-tesis-de-joseph-garcia\/","og_site_name":"Universidad de las Artes","article_publisher":"https:\/\/www.facebook.com\/uartesec","article_published_time":"2020-05-07T16:40:31+00:00","article_modified_time":"2024-07-04T16:43:15+00:00","og_image":[{"width":1026,"height":684,"url":"https:\/\/www.uartes.edu.ec\/sitio\/wp-content\/uploads\/2020\/05\/Estudiante-Joseph-Garcia.jpg","type":"image\/jpeg"}],"author":"Universidad de las Artes","twitter_card":"summary_large_image","twitter_creator":"@uartesec","twitter_site":"@uartesec","twitter_misc":{"\u00c9crit par":"Universidad de las Artes","Dur\u00e9e de lecture estim\u00e9e":"2 minutes"},"schema":{"@context":"https:\/\/schema.org","@graph":[{"@type":"Article","@id":"https:\/\/www.uartes.edu.ec\/sitio\/fr\/blog\/2020\/05\/07\/implementacion-acustica-y-electroacustica-del-salon-de-usos-multiples-de-la-uartes-tesis-de-joseph-garcia\/#article","isPartOf":{"@id":"https:\/\/www.uartes.edu.ec\/sitio\/fr\/blog\/2020\/05\/07\/implementacion-acustica-y-electroacustica-del-salon-de-usos-multiples-de-la-uartes-tesis-de-joseph-garcia\/"},"author":{"name":"Universidad de las Artes","@id":"https:\/\/www.uartes.edu.ec\/sitio\/fr\/#\/schema\/person\/f33f8c1d2af0d5c80a38c8abf458184a"},"headline":"Implementacio\u0301n acu\u0301stica y electroacu\u0301stica del Salo\u0301n de Usos Mu\u0301ltiples de la UArtes, tesis de Joseph Garc\u00eda","datePublished":"2020-05-07T16:40:31+00:00","dateModified":"2024-07-04T16:43:15+00:00","mainEntityOfPage":{"@id":"https:\/\/www.uartes.edu.ec\/sitio\/fr\/blog\/2020\/05\/07\/implementacion-acustica-y-electroacustica-del-salon-de-usos-multiples-de-la-uartes-tesis-de-joseph-garcia\/"},"wordCount":392,"publisher":{"@id":"https:\/\/www.uartes.edu.ec\/sitio\/fr\/#organization"},"image":{"@id":"https:\/\/www.uartes.edu.ec\/sitio\/fr\/blog\/2020\/05\/07\/implementacion-acustica-y-electroacustica-del-salon-de-usos-multiples-de-la-uartes-tesis-de-joseph-garcia\/#primaryimage"},"thumbnailUrl":"https:\/\/www.uartes.edu.ec\/sitio\/wp-content\/uploads\/2020\/05\/Estudiante-Joseph-Garcia.jpg","keywords":["covid19"],"articleSection":["Acad\u00e9mico","Artes Sonoras","Estudiantes"],"inLanguage":"fr-FR"},{"@type":["WebPage","ItemPage"],"@id":"https:\/\/www.uartes.edu.ec\/sitio\/fr\/blog\/2020\/05\/07\/implementacion-acustica-y-electroacustica-del-salon-de-usos-multiples-de-la-uartes-tesis-de-joseph-garcia\/","url":"https:\/\/www.uartes.edu.ec\/sitio\/fr\/blog\/2020\/05\/07\/implementacion-acustica-y-electroacustica-del-salon-de-usos-multiples-de-la-uartes-tesis-de-joseph-garcia\/","name":"Universidad de las Artes - Implementacio\u0301n acu\u0301stica y electroacu\u0301stica del Salo\u0301n de Usos Mu\u0301ltiples de la UArtes, tesis de Joseph Garc\u00eda","isPartOf":{"@id":"https:\/\/www.uartes.edu.ec\/sitio\/fr\/#website"},"primaryImageOfPage":{"@id":"https:\/\/www.uartes.edu.ec\/sitio\/fr\/blog\/2020\/05\/07\/implementacion-acustica-y-electroacustica-del-salon-de-usos-multiples-de-la-uartes-tesis-de-joseph-garcia\/#primaryimage"},"image":{"@id":"https:\/\/www.uartes.edu.ec\/sitio\/fr\/blog\/2020\/05\/07\/implementacion-acustica-y-electroacustica-del-salon-de-usos-multiples-de-la-uartes-tesis-de-joseph-garcia\/#primaryimage"},"thumbnailUrl":"https:\/\/www.uartes.edu.ec\/sitio\/wp-content\/uploads\/2020\/05\/Estudiante-Joseph-Garcia.jpg","datePublished":"2020-05-07T16:40:31+00:00","dateModified":"2024-07-04T16:43:15+00:00","description":"Universidad de las Artes - Implementacio\u0301n acu\u0301stica y electroacu\u0301stica del Salo\u0301n de Usos Mu\u0301ltiples de la UArtes, tesis de Joseph Garc\u00eda","breadcrumb":{"@id":"https:\/\/www.uartes.edu.ec\/sitio\/fr\/blog\/2020\/05\/07\/implementacion-acustica-y-electroacustica-del-salon-de-usos-multiples-de-la-uartes-tesis-de-joseph-garcia\/#breadcrumb"},"inLanguage":"fr-FR","potentialAction":[{"@type":"ReadAction","target":["https:\/\/www.uartes.edu.ec\/sitio\/fr\/blog\/2020\/05\/07\/implementacion-acustica-y-electroacustica-del-salon-de-usos-multiples-de-la-uartes-tesis-de-joseph-garcia\/"]}]},{"@type":"ImageObject","inLanguage":"fr-FR","@id":"https:\/\/www.uartes.edu.ec\/sitio\/fr\/blog\/2020\/05\/07\/implementacion-acustica-y-electroacustica-del-salon-de-usos-multiples-de-la-uartes-tesis-de-joseph-garcia\/#primaryimage","url":"https:\/\/www.uartes.edu.ec\/sitio\/wp-content\/uploads\/2020\/05\/Estudiante-Joseph-Garcia.jpg","contentUrl":"https:\/\/www.uartes.edu.ec\/sitio\/wp-content\/uploads\/2020\/05\/Estudiante-Joseph-Garcia.jpg","width":1026,"height":684},{"@type":"BreadcrumbList","@id":"https:\/\/www.uartes.edu.ec\/sitio\/fr\/blog\/2020\/05\/07\/implementacion-acustica-y-electroacustica-del-salon-de-usos-multiples-de-la-uartes-tesis-de-joseph-garcia\/#breadcrumb","itemListElement":[{"@type":"ListItem","position":1,"name":"Inicio","item":"https:\/\/www.uartes.edu.ec\/sitio\/"},{"@type":"ListItem","position":2,"name":"Implementacio\u0301n acu\u0301stica y electroacu\u0301stica del Salo\u0301n de Usos Mu\u0301ltiples de la UArtes, tesis de Joseph Garc\u00eda"}]},{"@type":"WebSite","@id":"https:\/\/www.uartes.edu.ec\/sitio\/fr\/#website","url":"https:\/\/www.uartes.edu.ec\/sitio\/fr\/","name":"Universidad de las Artes","description":"Sitio oficial de la Universidad Nacional de las Artes del Ecuador","publisher":{"@id":"https:\/\/www.uartes.edu.ec\/sitio\/fr\/#organization"},"potentialAction":[{"@type":"SearchAction","target":{"@type":"EntryPoint","urlTemplate":"https:\/\/www.uartes.edu.ec\/sitio\/fr\/?s={search_term_string}"},"query-input":{"@type":"PropertyValueSpecification","valueRequired":true,"valueName":"search_term_string"}}],"inLanguage":"fr-FR"},{"@type":"Organization","@id":"https:\/\/www.uartes.edu.ec\/sitio\/fr\/#organization","name":"Universidad de las Artes","url":"https:\/\/www.uartes.edu.ec\/sitio\/fr\/","logo":{"@type":"ImageObject","inLanguage":"fr-FR","@id":"https:\/\/www.uartes.edu.ec\/sitio\/fr\/#\/schema\/logo\/image\/","url":"https:\/\/www.uartes.edu.ec\/sitio\/wp-content\/uploads\/2022\/07\/logo-ua-horizontal.png","contentUrl":"https:\/\/www.uartes.edu.ec\/sitio\/wp-content\/uploads\/2022\/07\/logo-ua-horizontal.png","width":800,"height":276,"caption":"Universidad de las Artes"},"image":{"@id":"https:\/\/www.uartes.edu.ec\/sitio\/fr\/#\/schema\/logo\/image\/"},"sameAs":["https:\/\/www.facebook.com\/uartesec","https:\/\/x.com\/uartesec","https:\/\/www.tiktok.com\/@uartesec"]},{"@type":"Person","@id":"https:\/\/www.uartes.edu.ec\/sitio\/fr\/#\/schema\/person\/f33f8c1d2af0d5c80a38c8abf458184a","name":"Universidad de las Artes","image":{"@type":"ImageObject","inLanguage":"fr-FR","@id":"https:\/\/secure.gravatar.com\/avatar\/52e4757902f5cfa5ac52d020e5be83cae5487519154b6c35482fe08d589f3c13?s=96&d=mm&r=g","url":"https:\/\/secure.gravatar.com\/avatar\/52e4757902f5cfa5ac52d020e5be83cae5487519154b6c35482fe08d589f3c13?s=96&d=mm&r=g","contentUrl":"https:\/\/secure.gravatar.com\/avatar\/52e4757902f5cfa5ac52d020e5be83cae5487519154b6c35482fe08d589f3c13?s=96&d=mm&r=g","caption":"Universidad de las Artes"},"url":"https:\/\/www.uartes.edu.ec\/sitio\/fr\/blog\/author\/dircomadm\/"}]}},"uagb_featured_image_src":{"full":["https:\/\/www.uartes.edu.ec\/sitio\/wp-content\/uploads\/2020\/05\/Estudiante-Joseph-Garcia.jpg",1026,684,false],"thumbnail":["https:\/\/www.uartes.edu.ec\/sitio\/wp-content\/uploads\/2020\/05\/Estudiante-Joseph-Garcia-150x150.jpg",150,150,true],"medium":["https:\/\/www.uartes.edu.ec\/sitio\/wp-content\/uploads\/2020\/05\/Estudiante-Joseph-Garcia-300x200.jpg",300,200,true],"medium_large":["https:\/\/www.uartes.edu.ec\/sitio\/wp-content\/uploads\/2020\/05\/Estudiante-Joseph-Garcia-768x512.jpg",768,512,true],"large":["https:\/\/www.uartes.edu.ec\/sitio\/wp-content\/uploads\/2020\/05\/Estudiante-Joseph-Garcia-644x429.jpg",644,429,true],"1536x1536":["https:\/\/www.uartes.edu.ec\/sitio\/wp-content\/uploads\/2020\/05\/Estudiante-Joseph-Garcia.jpg",1026,684,false],"2048x2048":["https:\/\/www.uartes.edu.ec\/sitio\/wp-content\/uploads\/2020\/05\/Estudiante-Joseph-Garcia.jpg",1026,684,false],"trp-custom-language-flag":["https:\/\/www.uartes.edu.ec\/sitio\/wp-content\/uploads\/2020\/05\/Estudiante-Joseph-Garcia.jpg",18,12,false],"htmega_size_585x295":["https:\/\/www.uartes.edu.ec\/sitio\/wp-content\/uploads\/2020\/05\/Estudiante-Joseph-Garcia.jpg",443,295,false],"htmega_size_1170x536":["https:\/\/www.uartes.edu.ec\/sitio\/wp-content\/uploads\/2020\/05\/Estudiante-Joseph-Garcia.jpg",804,536,false],"htmega_size_396x360":["https:\/\/www.uartes.edu.ec\/sitio\/wp-content\/uploads\/2020\/05\/Estudiante-Joseph-Garcia.jpg",396,264,false],"gb-block-post-grid-landscape":["https:\/\/www.uartes.edu.ec\/sitio\/wp-content\/uploads\/2020\/05\/Estudiante-Joseph-Garcia.jpg",600,400,false],"gb-block-post-grid-square":["https:\/\/www.uartes.edu.ec\/sitio\/wp-content\/uploads\/2020\/05\/Estudiante-Joseph-Garcia.jpg",600,400,false],"university-hub-thumb":["https:\/\/www.uartes.edu.ec\/sitio\/wp-content\/uploads\/2020\/05\/Estudiante-Joseph-Garcia-400x267.jpg",400,267,true]},"uagb_author_info":{"display_name":"Universidad de las Artes","author_link":"https:\/\/www.uartes.edu.ec\/sitio\/fr\/blog\/author\/dircomadm\/"},"uagb_comment_info":0,"uagb_excerpt":"Joseph Javier Garc\u00eda Guzm\u00e1n, estudiante de la carrera deProducci\u00f3n Musical y Sonora, enla Escuela de Artes Sonoras de la Universidad de las Artes, hizo que su experiencia como t\u00e9cnico de sonido se convirtiera en una propuesta para su tesis de grado, la cual sustent\u00f3 el 20 de abril de 2020 v\u00eda videoconferencia.","featured_image_src":"https:\/\/www.uartes.edu.ec\/sitio\/wp-content\/uploads\/2020\/05\/Estudiante-Joseph-Garcia.jpg","featured_image_src_square":"https:\/\/www.uartes.edu.ec\/sitio\/wp-content\/uploads\/2020\/05\/Estudiante-Joseph-Garcia.jpg","author_info":{"display_name":"Universidad de las Artes","author_link":"https:\/\/www.uartes.edu.ec\/sitio\/fr\/blog\/author\/dircomadm\/"},"publishpress_future_workflow_manual_trigger":{"enabledWorkflows":[]},"distributor_meta":false,"distributor_terms":false,"distributor_media":false,"distributor_original_site_name":"Universidad de las Artes","distributor_original_site_url":"https:\/\/www.uartes.edu.ec\/sitio\/fr","push-errors":false,"_links":{"self":[{"href":"https:\/\/www.uartes.edu.ec\/sitio\/fr\/wp-json\/wp\/v2\/posts\/6904","targetHints":{"allow":["GET"]}}],"collection":[{"href":"https:\/\/www.uartes.edu.ec\/sitio\/fr\/wp-json\/wp\/v2\/posts"}],"about":[{"href":"https:\/\/www.uartes.edu.ec\/sitio\/fr\/wp-json\/wp\/v2\/types\/post"}],"author":[{"embeddable":true,"href":"https:\/\/www.uartes.edu.ec\/sitio\/fr\/wp-json\/wp\/v2\/users\/1"}],"replies":[{"embeddable":true,"href":"https:\/\/www.uartes.edu.ec\/sitio\/fr\/wp-json\/wp\/v2\/comments?post=6904"}],"version-history":[{"count":2,"href":"https:\/\/www.uartes.edu.ec\/sitio\/fr\/wp-json\/wp\/v2\/posts\/6904\/revisions"}],"predecessor-version":[{"id":6907,"href":"https:\/\/www.uartes.edu.ec\/sitio\/fr\/wp-json\/wp\/v2\/posts\/6904\/revisions\/6907"}],"wp:featuredmedia":[{"embeddable":true,"href":"https:\/\/www.uartes.edu.ec\/sitio\/fr\/wp-json\/wp\/v2\/media\/6905"}],"wp:attachment":[{"href":"https:\/\/www.uartes.edu.ec\/sitio\/fr\/wp-json\/wp\/v2\/media?parent=6904"}],"wp:term":[{"taxonomy":"category","embeddable":true,"href":"https:\/\/www.uartes.edu.ec\/sitio\/fr\/wp-json\/wp\/v2\/categories?post=6904"},{"taxonomy":"post_tag","embeddable":true,"href":"https:\/\/www.uartes.edu.ec\/sitio\/fr\/wp-json\/wp\/v2\/tags?post=6904"},{"taxonomy":"infouartes","embeddable":true,"href":"https:\/\/www.uartes.edu.ec\/sitio\/fr\/wp-json\/wp\/v2\/infouartes?post=6904"}],"curies":[{"name":"wp","href":"https:\/\/api.w.org\/{rel}","templated":true}]}}