{"id":6908,"date":"2020-05-07T11:54:33","date_gmt":"2020-05-07T16:54:33","guid":{"rendered":"http:\/\/www.uartes.edu.ec\/sitio\/?p=6908"},"modified":"2024-07-04T11:43:14","modified_gmt":"2024-07-04T16:43:14","slug":"sofia-bernal-registra-la-memoria-cultural-andina-en-las-tejedoras-de-palacio-real","status":"publish","type":"post","link":"https:\/\/www.uartes.edu.ec\/sitio\/fr\/blog\/2020\/05\/07\/sofia-bernal-registra-la-memoria-cultural-andina-en-las-tejedoras-de-palacio-real\/","title":{"rendered":"Sof\u00eda Bernal registra la memoria cultural  andina en \u201cLas tejedoras de Palacio Real"},"content":{"rendered":"<p>\u201cSiempre he tenido inter\u00e9s por las comunidades ind\u00edgenas, por su cultura y tradiciones. Pero, sobre todo, por la labor de las mujeres en las comunidades, ya que, seg\u00fan la historia y mi manera de pensar, ellas se apropian y lideran las comunidades\u201d. Sof\u00eda Gabrielle Bernal Gaibor, estudiante de la Escuela de Literatura, sustenta as\u00ed la tem\u00e1tica que propuso como proyecto de tesis de grado, la cual defendi\u00f3 el 16 de abril de 2020 v\u00eda videoconferencia.<\/p>\n\n\n\n<p>A su proyecto lo titul\u00f3 \u201cLas tejedoras de Palacio Real: la pr\u00e1ctica del tejido como meta-texto entretejido que registra la memoria cultural andina\u00bb.<\/p>\n\n\n\n<p>\u201cLo trabaj\u00e9 espec\u00edficamente con las mujeres tejedoras de la comunidad Palacio Real, ya que gracias a su labor han potencializado tur\u00edsticamente a su comunidad\u201d, expresa y se\u00f1ala como objetivo romper con la idea rom\u00e1ntica de que una cultura ind\u00edgena o las labores que se realizan tengan que ser puras, tal cual lo hac\u00edan antiguamente sus madres o abuelas.<\/p>\n\n\n\n<p>\u201cEn las mujeres tejedoras de esta comunidad encontr\u00e9 viva la pr\u00e1ctica del tejido en varias actividades que ellas realizan cotidianamente. As\u00ed, analic\u00e9 la pr\u00e1ctica del tejido como un texto que puede ser simult\u00e1neo y que se configura con extensiones que reafirman que en dicha pr\u00e1ctica se puede hacer una lectura sobre la memoria andina\u201d.<\/p>\n\n\n\n<p>Su tesis fue un trabajo de campo, por ello particip\u00f3 en algunos talleres que las tejedoras recibieron sobre unos nuevos modelos de tejidos y frecuent\u00f3 tambi\u00e9n las actividades de la presidenta de la comunidad Ang\u00e9lica Acalo. \u201cHice muchas entrevistas y, al mismo tiempo, investigaci\u00f3n bibliogr\u00e1fica sobre la figura de la mujer tejedora en la \u00e9poca colonial para mostrar que su labor es un acto de resistencia ante otras culturas hegem\u00f3nicas\u201d.&nbsp;&nbsp;<\/p>\n\n\n\n<p>Considera la interacci\u00f3n personal m\u00e1s productiva, pero defender la tesis en l\u00ednea&nbsp;fue una buena opci\u00f3n para no retrasar m\u00e1s las sustentaciones. \u201cMe quedo agradecida por el esfuerzo que hicieron los profesores y, sobre todo, mi tutor Bradley Hilgert, ya que de forma virtual me ayud\u00f3 a organizar mi defensa y tuvimos algunas tutor\u00edas online\u201d.<\/p>\n\n\n\n<p>Tambi\u00e9n agradece las inquietudes del jurado, enfocadas m\u00e1s que en las fuentes bibliogr\u00e1ficas en lo que sucede en la comunidad de Palacio Real. \u201cEl docente Arturo Muyulema, por ejemplo, pregunt\u00f3&nbsp;c\u00f3mo&nbsp;funciona la educaci\u00f3n biling\u00fce en la escuela de la comunidad. Estas preguntas, adem\u00e1s&nbsp;de permitirme&nbsp;pensar&nbsp;en otras posibilidades de mi tesis, me hicieron dar cuenta de que la Escuela de Literatura se permite repensar m\u00e1s all\u00e1 de lo que puedan decir los textos y explorar otros espacios literarios que est\u00e1n vivos en las pr\u00e1cticas ancestrales y en la vida de una comunidad\u201d.&nbsp;<\/p>\n\n\n\n<p>De sus planes tras obtener la licenciatura, Sof\u00eda Bernal revel\u00f3 que retomar\u00e1 proyectos de escritura pendientes y que estudiar\u00e1 una maestr\u00eda de Antropolog\u00eda Ling\u00fc\u00edstica.&nbsp;<\/p>","protected":false},"excerpt":{"rendered":"<p>\u201cSiempre he tenido inter\u00e9s por las comunidades ind\u00edgenas, por su cultura y tradiciones. Pero, sobre todo, por la labor de las mujeres en las comunidades, ya que, seg\u00fan la historia y mi manera de pensar, ellas se apropian y lideran las comunidades\u201d. Sof\u00eda Gabrielle Bernal Gaibor, estudiante de la Escuela de Literatura, sustenta as\u00ed la tem\u00e1tica que propuso como proyecto de tesis de grado, la cual defendi\u00f3 el 16 de abril de 2020 v\u00eda videoconferencia.<\/p>","protected":false},"author":1,"featured_media":6909,"comment_status":"closed","ping_status":"closed","sticky":false,"template":"","format":"standard","meta":{"_acf_changed":false,"_uag_custom_page_level_css":"","_monsterinsights_skip_tracking":false,"_monsterinsights_sitenote_active":false,"_monsterinsights_sitenote_note":"","_monsterinsights_sitenote_category":0,"cybocfi_hide_featured_image":"","footnotes":""},"categories":[80,76,175],"tags":[211],"infouartes":[],"class_list":["post-6908","post","type-post","status-publish","format-standard","has-post-thumbnail","hentry","category-academico","category-estudiantes","category-literatura","tag-covid19"],"acf":[],"yoast_head":"<!-- This site is optimized with the Yoast SEO plugin v27.4 - https:\/\/yoast.com\/product\/yoast-seo-wordpress\/ -->\n<title>Universidad de las Artes - Sof\u00eda Bernal registra la memoria cultural andina en \u201cLas tejedoras de Palacio Real<\/title>\n<meta name=\"description\" content=\"Universidad de las Artes - Sof\u00eda Bernal registra la memoria cultural andina en \u201cLas tejedoras de Palacio Real\" \/>\n<meta name=\"robots\" content=\"index, follow, max-snippet:-1, max-image-preview:large, max-video-preview:-1\" \/>\n<link rel=\"canonical\" href=\"https:\/\/www.uartes.edu.ec\/sitio\/fr\/blog\/2020\/05\/07\/sofia-bernal-registra-la-memoria-cultural-andina-en-las-tejedoras-de-palacio-real\/\" \/>\n<meta property=\"og:locale\" content=\"fr_FR\" \/>\n<meta property=\"og:type\" content=\"article\" \/>\n<meta property=\"og:title\" content=\"Universidad de las Artes - Sof\u00eda Bernal registra la memoria cultural andina en \u201cLas tejedoras de Palacio Real\" \/>\n<meta property=\"og:description\" content=\"Universidad de las Artes - Sof\u00eda Bernal registra la memoria cultural andina en \u201cLas tejedoras de Palacio Real\" \/>\n<meta property=\"og:url\" content=\"https:\/\/www.uartes.edu.ec\/sitio\/fr\/blog\/2020\/05\/07\/sofia-bernal-registra-la-memoria-cultural-andina-en-las-tejedoras-de-palacio-real\/\" \/>\n<meta property=\"og:site_name\" content=\"Universidad de las Artes\" \/>\n<meta property=\"article:publisher\" content=\"https:\/\/www.facebook.com\/uartesec\" \/>\n<meta property=\"article:published_time\" content=\"2020-05-07T16:54:33+00:00\" \/>\n<meta property=\"article:modified_time\" content=\"2024-07-04T16:43:14+00:00\" \/>\n<meta property=\"og:image\" content=\"https:\/\/www.uartes.edu.ec\/sitio\/wp-content\/uploads\/2020\/05\/Sofia-B.jpg\" \/>\n\t<meta property=\"og:image:width\" content=\"826\" \/>\n\t<meta property=\"og:image:height\" content=\"552\" \/>\n\t<meta property=\"og:image:type\" content=\"image\/jpeg\" \/>\n<meta name=\"author\" content=\"Universidad de las Artes\" \/>\n<meta name=\"twitter:card\" content=\"summary_large_image\" \/>\n<meta name=\"twitter:creator\" content=\"@uartesec\" \/>\n<meta name=\"twitter:site\" content=\"@uartesec\" \/>\n<meta name=\"twitter:label1\" content=\"\u00c9crit par\" \/>\n\t<meta name=\"twitter:data1\" content=\"Universidad de las Artes\" \/>\n\t<meta name=\"twitter:label2\" content=\"Dur\u00e9e de lecture estim\u00e9e\" \/>\n\t<meta name=\"twitter:data2\" content=\"3 minutes\" \/>\n<script type=\"application\/ld+json\" class=\"yoast-schema-graph\">{\"@context\":\"https:\\\/\\\/schema.org\",\"@graph\":[{\"@type\":\"Article\",\"@id\":\"https:\\\/\\\/www.uartes.edu.ec\\\/sitio\\\/fr\\\/blog\\\/2020\\\/05\\\/07\\\/sofia-bernal-registra-la-memoria-cultural-andina-en-las-tejedoras-de-palacio-real\\\/#article\",\"isPartOf\":{\"@id\":\"https:\\\/\\\/www.uartes.edu.ec\\\/sitio\\\/fr\\\/blog\\\/2020\\\/05\\\/07\\\/sofia-bernal-registra-la-memoria-cultural-andina-en-las-tejedoras-de-palacio-real\\\/\"},\"author\":{\"name\":\"Universidad de las Artes\",\"@id\":\"https:\\\/\\\/www.uartes.edu.ec\\\/sitio\\\/fr\\\/#\\\/schema\\\/person\\\/f33f8c1d2af0d5c80a38c8abf458184a\"},\"headline\":\"Sof\u00eda Bernal registra la memoria cultural andina en \u201cLas tejedoras de Palacio Real\",\"datePublished\":\"2020-05-07T16:54:33+00:00\",\"dateModified\":\"2024-07-04T16:43:14+00:00\",\"mainEntityOfPage\":{\"@id\":\"https:\\\/\\\/www.uartes.edu.ec\\\/sitio\\\/fr\\\/blog\\\/2020\\\/05\\\/07\\\/sofia-bernal-registra-la-memoria-cultural-andina-en-las-tejedoras-de-palacio-real\\\/\"},\"wordCount\":517,\"publisher\":{\"@id\":\"https:\\\/\\\/www.uartes.edu.ec\\\/sitio\\\/fr\\\/#organization\"},\"image\":{\"@id\":\"https:\\\/\\\/www.uartes.edu.ec\\\/sitio\\\/fr\\\/blog\\\/2020\\\/05\\\/07\\\/sofia-bernal-registra-la-memoria-cultural-andina-en-las-tejedoras-de-palacio-real\\\/#primaryimage\"},\"thumbnailUrl\":\"https:\\\/\\\/www.uartes.edu.ec\\\/sitio\\\/wp-content\\\/uploads\\\/2020\\\/05\\\/Sofia-B.jpg\",\"keywords\":[\"covid19\"],\"articleSection\":[\"Acad\u00e9mico\",\"Estudiantes\",\"Literatura\"],\"inLanguage\":\"fr-FR\"},{\"@type\":[\"WebPage\",\"ItemPage\"],\"@id\":\"https:\\\/\\\/www.uartes.edu.ec\\\/sitio\\\/fr\\\/blog\\\/2020\\\/05\\\/07\\\/sofia-bernal-registra-la-memoria-cultural-andina-en-las-tejedoras-de-palacio-real\\\/\",\"url\":\"https:\\\/\\\/www.uartes.edu.ec\\\/sitio\\\/fr\\\/blog\\\/2020\\\/05\\\/07\\\/sofia-bernal-registra-la-memoria-cultural-andina-en-las-tejedoras-de-palacio-real\\\/\",\"name\":\"Universidad de las Artes - Sof\u00eda Bernal registra la memoria cultural andina en \u201cLas tejedoras de Palacio Real\",\"isPartOf\":{\"@id\":\"https:\\\/\\\/www.uartes.edu.ec\\\/sitio\\\/fr\\\/#website\"},\"primaryImageOfPage\":{\"@id\":\"https:\\\/\\\/www.uartes.edu.ec\\\/sitio\\\/fr\\\/blog\\\/2020\\\/05\\\/07\\\/sofia-bernal-registra-la-memoria-cultural-andina-en-las-tejedoras-de-palacio-real\\\/#primaryimage\"},\"image\":{\"@id\":\"https:\\\/\\\/www.uartes.edu.ec\\\/sitio\\\/fr\\\/blog\\\/2020\\\/05\\\/07\\\/sofia-bernal-registra-la-memoria-cultural-andina-en-las-tejedoras-de-palacio-real\\\/#primaryimage\"},\"thumbnailUrl\":\"https:\\\/\\\/www.uartes.edu.ec\\\/sitio\\\/wp-content\\\/uploads\\\/2020\\\/05\\\/Sofia-B.jpg\",\"datePublished\":\"2020-05-07T16:54:33+00:00\",\"dateModified\":\"2024-07-04T16:43:14+00:00\",\"description\":\"Universidad de las Artes - Sof\u00eda Bernal registra la memoria cultural andina en \u201cLas tejedoras de Palacio Real\",\"breadcrumb\":{\"@id\":\"https:\\\/\\\/www.uartes.edu.ec\\\/sitio\\\/fr\\\/blog\\\/2020\\\/05\\\/07\\\/sofia-bernal-registra-la-memoria-cultural-andina-en-las-tejedoras-de-palacio-real\\\/#breadcrumb\"},\"inLanguage\":\"fr-FR\",\"potentialAction\":[{\"@type\":\"ReadAction\",\"target\":[\"https:\\\/\\\/www.uartes.edu.ec\\\/sitio\\\/fr\\\/blog\\\/2020\\\/05\\\/07\\\/sofia-bernal-registra-la-memoria-cultural-andina-en-las-tejedoras-de-palacio-real\\\/\"]}]},{\"@type\":\"ImageObject\",\"inLanguage\":\"fr-FR\",\"@id\":\"https:\\\/\\\/www.uartes.edu.ec\\\/sitio\\\/fr\\\/blog\\\/2020\\\/05\\\/07\\\/sofia-bernal-registra-la-memoria-cultural-andina-en-las-tejedoras-de-palacio-real\\\/#primaryimage\",\"url\":\"https:\\\/\\\/www.uartes.edu.ec\\\/sitio\\\/wp-content\\\/uploads\\\/2020\\\/05\\\/Sofia-B.jpg\",\"contentUrl\":\"https:\\\/\\\/www.uartes.edu.ec\\\/sitio\\\/wp-content\\\/uploads\\\/2020\\\/05\\\/Sofia-B.jpg\",\"width\":826,\"height\":552},{\"@type\":\"BreadcrumbList\",\"@id\":\"https:\\\/\\\/www.uartes.edu.ec\\\/sitio\\\/fr\\\/blog\\\/2020\\\/05\\\/07\\\/sofia-bernal-registra-la-memoria-cultural-andina-en-las-tejedoras-de-palacio-real\\\/#breadcrumb\",\"itemListElement\":[{\"@type\":\"ListItem\",\"position\":1,\"name\":\"Inicio\",\"item\":\"https:\\\/\\\/www.uartes.edu.ec\\\/sitio\\\/\"},{\"@type\":\"ListItem\",\"position\":2,\"name\":\"Sof\u00eda Bernal registra la memoria cultural andina en \u201cLas tejedoras de Palacio Real\"}]},{\"@type\":\"WebSite\",\"@id\":\"https:\\\/\\\/www.uartes.edu.ec\\\/sitio\\\/fr\\\/#website\",\"url\":\"https:\\\/\\\/www.uartes.edu.ec\\\/sitio\\\/fr\\\/\",\"name\":\"Universidad de las Artes\",\"description\":\"Sitio oficial de la Universidad Nacional de las Artes del Ecuador\",\"publisher\":{\"@id\":\"https:\\\/\\\/www.uartes.edu.ec\\\/sitio\\\/fr\\\/#organization\"},\"potentialAction\":[{\"@type\":\"SearchAction\",\"target\":{\"@type\":\"EntryPoint\",\"urlTemplate\":\"https:\\\/\\\/www.uartes.edu.ec\\\/sitio\\\/fr\\\/?s={search_term_string}\"},\"query-input\":{\"@type\":\"PropertyValueSpecification\",\"valueRequired\":true,\"valueName\":\"search_term_string\"}}],\"inLanguage\":\"fr-FR\"},{\"@type\":\"Organization\",\"@id\":\"https:\\\/\\\/www.uartes.edu.ec\\\/sitio\\\/fr\\\/#organization\",\"name\":\"Universidad de las Artes\",\"url\":\"https:\\\/\\\/www.uartes.edu.ec\\\/sitio\\\/fr\\\/\",\"logo\":{\"@type\":\"ImageObject\",\"inLanguage\":\"fr-FR\",\"@id\":\"https:\\\/\\\/www.uartes.edu.ec\\\/sitio\\\/fr\\\/#\\\/schema\\\/logo\\\/image\\\/\",\"url\":\"https:\\\/\\\/www.uartes.edu.ec\\\/sitio\\\/wp-content\\\/uploads\\\/2022\\\/07\\\/logo-ua-horizontal.png\",\"contentUrl\":\"https:\\\/\\\/www.uartes.edu.ec\\\/sitio\\\/wp-content\\\/uploads\\\/2022\\\/07\\\/logo-ua-horizontal.png\",\"width\":800,\"height\":276,\"caption\":\"Universidad de las Artes\"},\"image\":{\"@id\":\"https:\\\/\\\/www.uartes.edu.ec\\\/sitio\\\/fr\\\/#\\\/schema\\\/logo\\\/image\\\/\"},\"sameAs\":[\"https:\\\/\\\/www.facebook.com\\\/uartesec\",\"https:\\\/\\\/x.com\\\/uartesec\",\"https:\\\/\\\/www.tiktok.com\\\/@uartesec\"]},{\"@type\":\"Person\",\"@id\":\"https:\\\/\\\/www.uartes.edu.ec\\\/sitio\\\/fr\\\/#\\\/schema\\\/person\\\/f33f8c1d2af0d5c80a38c8abf458184a\",\"name\":\"Universidad de las Artes\",\"image\":{\"@type\":\"ImageObject\",\"inLanguage\":\"fr-FR\",\"@id\":\"https:\\\/\\\/secure.gravatar.com\\\/avatar\\\/52e4757902f5cfa5ac52d020e5be83cae5487519154b6c35482fe08d589f3c13?s=96&d=mm&r=g\",\"url\":\"https:\\\/\\\/secure.gravatar.com\\\/avatar\\\/52e4757902f5cfa5ac52d020e5be83cae5487519154b6c35482fe08d589f3c13?s=96&d=mm&r=g\",\"contentUrl\":\"https:\\\/\\\/secure.gravatar.com\\\/avatar\\\/52e4757902f5cfa5ac52d020e5be83cae5487519154b6c35482fe08d589f3c13?s=96&d=mm&r=g\",\"caption\":\"Universidad de las Artes\"},\"url\":\"https:\\\/\\\/www.uartes.edu.ec\\\/sitio\\\/fr\\\/blog\\\/author\\\/dircomadm\\\/\"}]}<\/script>\n<!-- \/ Yoast SEO plugin. -->","yoast_head_json":{"title":"Universidad de las Artes - Sof\u00eda Bernal registra la memoria cultural andina en \u201cLas tejedoras de Palacio Real","description":"Universidad de las Artes - Sof\u00eda Bernal registra la memoria cultural andina en \u201cLas tejedoras de Palacio Real","robots":{"index":"index","follow":"follow","max-snippet":"max-snippet:-1","max-image-preview":"max-image-preview:large","max-video-preview":"max-video-preview:-1"},"canonical":"https:\/\/www.uartes.edu.ec\/sitio\/fr\/blog\/2020\/05\/07\/sofia-bernal-registra-la-memoria-cultural-andina-en-las-tejedoras-de-palacio-real\/","og_locale":"fr_FR","og_type":"article","og_title":"Universidad de las Artes - Sof\u00eda Bernal registra la memoria cultural andina en \u201cLas tejedoras de Palacio Real","og_description":"Universidad de las Artes - Sof\u00eda Bernal registra la memoria cultural andina en \u201cLas tejedoras de Palacio Real","og_url":"https:\/\/www.uartes.edu.ec\/sitio\/fr\/blog\/2020\/05\/07\/sofia-bernal-registra-la-memoria-cultural-andina-en-las-tejedoras-de-palacio-real\/","og_site_name":"Universidad de las Artes","article_publisher":"https:\/\/www.facebook.com\/uartesec","article_published_time":"2020-05-07T16:54:33+00:00","article_modified_time":"2024-07-04T16:43:14+00:00","og_image":[{"width":826,"height":552,"url":"https:\/\/www.uartes.edu.ec\/sitio\/wp-content\/uploads\/2020\/05\/Sofia-B.jpg","type":"image\/jpeg"}],"author":"Universidad de las Artes","twitter_card":"summary_large_image","twitter_creator":"@uartesec","twitter_site":"@uartesec","twitter_misc":{"\u00c9crit par":"Universidad de las Artes","Dur\u00e9e de lecture estim\u00e9e":"3 minutes"},"schema":{"@context":"https:\/\/schema.org","@graph":[{"@type":"Article","@id":"https:\/\/www.uartes.edu.ec\/sitio\/fr\/blog\/2020\/05\/07\/sofia-bernal-registra-la-memoria-cultural-andina-en-las-tejedoras-de-palacio-real\/#article","isPartOf":{"@id":"https:\/\/www.uartes.edu.ec\/sitio\/fr\/blog\/2020\/05\/07\/sofia-bernal-registra-la-memoria-cultural-andina-en-las-tejedoras-de-palacio-real\/"},"author":{"name":"Universidad de las Artes","@id":"https:\/\/www.uartes.edu.ec\/sitio\/fr\/#\/schema\/person\/f33f8c1d2af0d5c80a38c8abf458184a"},"headline":"Sof\u00eda Bernal registra la memoria cultural andina en \u201cLas tejedoras de Palacio Real","datePublished":"2020-05-07T16:54:33+00:00","dateModified":"2024-07-04T16:43:14+00:00","mainEntityOfPage":{"@id":"https:\/\/www.uartes.edu.ec\/sitio\/fr\/blog\/2020\/05\/07\/sofia-bernal-registra-la-memoria-cultural-andina-en-las-tejedoras-de-palacio-real\/"},"wordCount":517,"publisher":{"@id":"https:\/\/www.uartes.edu.ec\/sitio\/fr\/#organization"},"image":{"@id":"https:\/\/www.uartes.edu.ec\/sitio\/fr\/blog\/2020\/05\/07\/sofia-bernal-registra-la-memoria-cultural-andina-en-las-tejedoras-de-palacio-real\/#primaryimage"},"thumbnailUrl":"https:\/\/www.uartes.edu.ec\/sitio\/wp-content\/uploads\/2020\/05\/Sofia-B.jpg","keywords":["covid19"],"articleSection":["Acad\u00e9mico","Estudiantes","Literatura"],"inLanguage":"fr-FR"},{"@type":["WebPage","ItemPage"],"@id":"https:\/\/www.uartes.edu.ec\/sitio\/fr\/blog\/2020\/05\/07\/sofia-bernal-registra-la-memoria-cultural-andina-en-las-tejedoras-de-palacio-real\/","url":"https:\/\/www.uartes.edu.ec\/sitio\/fr\/blog\/2020\/05\/07\/sofia-bernal-registra-la-memoria-cultural-andina-en-las-tejedoras-de-palacio-real\/","name":"Universidad de las Artes - Sof\u00eda Bernal registra la memoria cultural andina en \u201cLas tejedoras de Palacio Real","isPartOf":{"@id":"https:\/\/www.uartes.edu.ec\/sitio\/fr\/#website"},"primaryImageOfPage":{"@id":"https:\/\/www.uartes.edu.ec\/sitio\/fr\/blog\/2020\/05\/07\/sofia-bernal-registra-la-memoria-cultural-andina-en-las-tejedoras-de-palacio-real\/#primaryimage"},"image":{"@id":"https:\/\/www.uartes.edu.ec\/sitio\/fr\/blog\/2020\/05\/07\/sofia-bernal-registra-la-memoria-cultural-andina-en-las-tejedoras-de-palacio-real\/#primaryimage"},"thumbnailUrl":"https:\/\/www.uartes.edu.ec\/sitio\/wp-content\/uploads\/2020\/05\/Sofia-B.jpg","datePublished":"2020-05-07T16:54:33+00:00","dateModified":"2024-07-04T16:43:14+00:00","description":"Universidad de las Artes - Sof\u00eda Bernal registra la memoria cultural andina en \u201cLas tejedoras de Palacio Real","breadcrumb":{"@id":"https:\/\/www.uartes.edu.ec\/sitio\/fr\/blog\/2020\/05\/07\/sofia-bernal-registra-la-memoria-cultural-andina-en-las-tejedoras-de-palacio-real\/#breadcrumb"},"inLanguage":"fr-FR","potentialAction":[{"@type":"ReadAction","target":["https:\/\/www.uartes.edu.ec\/sitio\/fr\/blog\/2020\/05\/07\/sofia-bernal-registra-la-memoria-cultural-andina-en-las-tejedoras-de-palacio-real\/"]}]},{"@type":"ImageObject","inLanguage":"fr-FR","@id":"https:\/\/www.uartes.edu.ec\/sitio\/fr\/blog\/2020\/05\/07\/sofia-bernal-registra-la-memoria-cultural-andina-en-las-tejedoras-de-palacio-real\/#primaryimage","url":"https:\/\/www.uartes.edu.ec\/sitio\/wp-content\/uploads\/2020\/05\/Sofia-B.jpg","contentUrl":"https:\/\/www.uartes.edu.ec\/sitio\/wp-content\/uploads\/2020\/05\/Sofia-B.jpg","width":826,"height":552},{"@type":"BreadcrumbList","@id":"https:\/\/www.uartes.edu.ec\/sitio\/fr\/blog\/2020\/05\/07\/sofia-bernal-registra-la-memoria-cultural-andina-en-las-tejedoras-de-palacio-real\/#breadcrumb","itemListElement":[{"@type":"ListItem","position":1,"name":"Inicio","item":"https:\/\/www.uartes.edu.ec\/sitio\/"},{"@type":"ListItem","position":2,"name":"Sof\u00eda Bernal registra la memoria cultural andina en \u201cLas tejedoras de Palacio Real"}]},{"@type":"WebSite","@id":"https:\/\/www.uartes.edu.ec\/sitio\/fr\/#website","url":"https:\/\/www.uartes.edu.ec\/sitio\/fr\/","name":"Universidad de las Artes","description":"Sitio oficial de la Universidad Nacional de las Artes del Ecuador","publisher":{"@id":"https:\/\/www.uartes.edu.ec\/sitio\/fr\/#organization"},"potentialAction":[{"@type":"SearchAction","target":{"@type":"EntryPoint","urlTemplate":"https:\/\/www.uartes.edu.ec\/sitio\/fr\/?s={search_term_string}"},"query-input":{"@type":"PropertyValueSpecification","valueRequired":true,"valueName":"search_term_string"}}],"inLanguage":"fr-FR"},{"@type":"Organization","@id":"https:\/\/www.uartes.edu.ec\/sitio\/fr\/#organization","name":"Universidad de las Artes","url":"https:\/\/www.uartes.edu.ec\/sitio\/fr\/","logo":{"@type":"ImageObject","inLanguage":"fr-FR","@id":"https:\/\/www.uartes.edu.ec\/sitio\/fr\/#\/schema\/logo\/image\/","url":"https:\/\/www.uartes.edu.ec\/sitio\/wp-content\/uploads\/2022\/07\/logo-ua-horizontal.png","contentUrl":"https:\/\/www.uartes.edu.ec\/sitio\/wp-content\/uploads\/2022\/07\/logo-ua-horizontal.png","width":800,"height":276,"caption":"Universidad de las Artes"},"image":{"@id":"https:\/\/www.uartes.edu.ec\/sitio\/fr\/#\/schema\/logo\/image\/"},"sameAs":["https:\/\/www.facebook.com\/uartesec","https:\/\/x.com\/uartesec","https:\/\/www.tiktok.com\/@uartesec"]},{"@type":"Person","@id":"https:\/\/www.uartes.edu.ec\/sitio\/fr\/#\/schema\/person\/f33f8c1d2af0d5c80a38c8abf458184a","name":"Universidad de las Artes","image":{"@type":"ImageObject","inLanguage":"fr-FR","@id":"https:\/\/secure.gravatar.com\/avatar\/52e4757902f5cfa5ac52d020e5be83cae5487519154b6c35482fe08d589f3c13?s=96&d=mm&r=g","url":"https:\/\/secure.gravatar.com\/avatar\/52e4757902f5cfa5ac52d020e5be83cae5487519154b6c35482fe08d589f3c13?s=96&d=mm&r=g","contentUrl":"https:\/\/secure.gravatar.com\/avatar\/52e4757902f5cfa5ac52d020e5be83cae5487519154b6c35482fe08d589f3c13?s=96&d=mm&r=g","caption":"Universidad de las Artes"},"url":"https:\/\/www.uartes.edu.ec\/sitio\/fr\/blog\/author\/dircomadm\/"}]}},"uagb_featured_image_src":{"full":["https:\/\/www.uartes.edu.ec\/sitio\/wp-content\/uploads\/2020\/05\/Sofia-B.jpg",826,552,false],"thumbnail":["https:\/\/www.uartes.edu.ec\/sitio\/wp-content\/uploads\/2020\/05\/Sofia-B-150x150.jpg",150,150,true],"medium":["https:\/\/www.uartes.edu.ec\/sitio\/wp-content\/uploads\/2020\/05\/Sofia-B-300x200.jpg",300,200,true],"medium_large":["https:\/\/www.uartes.edu.ec\/sitio\/wp-content\/uploads\/2020\/05\/Sofia-B-768x513.jpg",768,513,true],"large":["https:\/\/www.uartes.edu.ec\/sitio\/wp-content\/uploads\/2020\/05\/Sofia-B-644x430.jpg",644,430,true],"1536x1536":["https:\/\/www.uartes.edu.ec\/sitio\/wp-content\/uploads\/2020\/05\/Sofia-B.jpg",826,552,false],"2048x2048":["https:\/\/www.uartes.edu.ec\/sitio\/wp-content\/uploads\/2020\/05\/Sofia-B.jpg",826,552,false],"trp-custom-language-flag":["https:\/\/www.uartes.edu.ec\/sitio\/wp-content\/uploads\/2020\/05\/Sofia-B.jpg",18,12,false],"htmega_size_585x295":["https:\/\/www.uartes.edu.ec\/sitio\/wp-content\/uploads\/2020\/05\/Sofia-B.jpg",441,295,false],"htmega_size_1170x536":["https:\/\/www.uartes.edu.ec\/sitio\/wp-content\/uploads\/2020\/05\/Sofia-B.jpg",802,536,false],"htmega_size_396x360":["https:\/\/www.uartes.edu.ec\/sitio\/wp-content\/uploads\/2020\/05\/Sofia-B.jpg",396,265,false],"gb-block-post-grid-landscape":["https:\/\/www.uartes.edu.ec\/sitio\/wp-content\/uploads\/2020\/05\/Sofia-B.jpg",600,400,false],"gb-block-post-grid-square":["https:\/\/www.uartes.edu.ec\/sitio\/wp-content\/uploads\/2020\/05\/Sofia-B.jpg",600,401,false],"university-hub-thumb":["https:\/\/www.uartes.edu.ec\/sitio\/wp-content\/uploads\/2020\/05\/Sofia-B-400x267.jpg",400,267,true]},"uagb_author_info":{"display_name":"Universidad de las Artes","author_link":"https:\/\/www.uartes.edu.ec\/sitio\/fr\/blog\/author\/dircomadm\/"},"uagb_comment_info":0,"uagb_excerpt":"\u201cSiempre he tenido inter\u00e9s por las comunidades ind\u00edgenas, por su cultura y tradiciones. Pero, sobre todo, por la labor de las mujeres en las comunidades, ya que, seg\u00fan la historia y mi manera de pensar, ellas se apropian y lideran las comunidades\u201d. Sof\u00eda Gabrielle Bernal Gaibor, estudiante de la Escuela de Literatura, sustenta as\u00ed la\u2026","featured_image_src":"https:\/\/www.uartes.edu.ec\/sitio\/wp-content\/uploads\/2020\/05\/Sofia-B.jpg","featured_image_src_square":"https:\/\/www.uartes.edu.ec\/sitio\/wp-content\/uploads\/2020\/05\/Sofia-B.jpg","author_info":{"display_name":"Universidad de las Artes","author_link":"https:\/\/www.uartes.edu.ec\/sitio\/fr\/blog\/author\/dircomadm\/"},"publishpress_future_workflow_manual_trigger":{"enabledWorkflows":[]},"distributor_meta":false,"distributor_terms":false,"distributor_media":false,"distributor_original_site_name":"Universidad de las Artes","distributor_original_site_url":"https:\/\/www.uartes.edu.ec\/sitio\/fr","push-errors":false,"_links":{"self":[{"href":"https:\/\/www.uartes.edu.ec\/sitio\/fr\/wp-json\/wp\/v2\/posts\/6908","targetHints":{"allow":["GET"]}}],"collection":[{"href":"https:\/\/www.uartes.edu.ec\/sitio\/fr\/wp-json\/wp\/v2\/posts"}],"about":[{"href":"https:\/\/www.uartes.edu.ec\/sitio\/fr\/wp-json\/wp\/v2\/types\/post"}],"author":[{"embeddable":true,"href":"https:\/\/www.uartes.edu.ec\/sitio\/fr\/wp-json\/wp\/v2\/users\/1"}],"replies":[{"embeddable":true,"href":"https:\/\/www.uartes.edu.ec\/sitio\/fr\/wp-json\/wp\/v2\/comments?post=6908"}],"version-history":[{"count":1,"href":"https:\/\/www.uartes.edu.ec\/sitio\/fr\/wp-json\/wp\/v2\/posts\/6908\/revisions"}],"predecessor-version":[{"id":6910,"href":"https:\/\/www.uartes.edu.ec\/sitio\/fr\/wp-json\/wp\/v2\/posts\/6908\/revisions\/6910"}],"wp:featuredmedia":[{"embeddable":true,"href":"https:\/\/www.uartes.edu.ec\/sitio\/fr\/wp-json\/wp\/v2\/media\/6909"}],"wp:attachment":[{"href":"https:\/\/www.uartes.edu.ec\/sitio\/fr\/wp-json\/wp\/v2\/media?parent=6908"}],"wp:term":[{"taxonomy":"category","embeddable":true,"href":"https:\/\/www.uartes.edu.ec\/sitio\/fr\/wp-json\/wp\/v2\/categories?post=6908"},{"taxonomy":"post_tag","embeddable":true,"href":"https:\/\/www.uartes.edu.ec\/sitio\/fr\/wp-json\/wp\/v2\/tags?post=6908"},{"taxonomy":"infouartes","embeddable":true,"href":"https:\/\/www.uartes.edu.ec\/sitio\/fr\/wp-json\/wp\/v2\/infouartes?post=6908"}],"curies":[{"name":"wp","href":"https:\/\/api.w.org\/{rel}","templated":true}]}}