{"id":6911,"date":"2020-05-07T12:00:47","date_gmt":"2020-05-07T17:00:47","guid":{"rendered":"http:\/\/www.uartes.edu.ec\/sitio\/?p=6911"},"modified":"2024-07-04T11:43:14","modified_gmt":"2024-07-04T16:43:14","slug":"un-semestre-le-tomo-a-nicolas-mora-desarrollar-la-cuestion-indigena-en-la-literatura-ecuatoriana","status":"publish","type":"post","link":"https:\/\/www.uartes.edu.ec\/sitio\/fr\/blog\/2020\/05\/07\/un-semestre-le-tomo-a-nicolas-mora-desarrollar-la-cuestion-indigena-en-la-literatura-ecuatoriana\/","title":{"rendered":"Un semestre le tom\u00f3 a Nicol\u00e1s Mora desarrollar   \u201cLa cuesti\u00f3n ind\u00edgena en la literatura ecuatoriana\u201d"},"content":{"rendered":"<p>Revelar los mecanismos de dominaci\u00f3n involucrados en la representaci\u00f3n del sujeto ind\u00edgena y su cultura, para luego volcar tales paradigmas hacia los potenciales de la propia voz ind\u00edgena para reconocerse\/autorrepresentarse es lo que llev\u00f3 a Nicol\u00e1s Mateo Mora Villota, estudiante de la Escuela de Literatura de la Universidad de las Artes, a proponer como proyecto de tesis el tema: La \u201ccuesti\u00f3n ind\u00edgena\u201d en la literatura ecuatoriana. Desde \u201clo ind\u00edgena\u201d construido como subalterno hacia \u201cnuevas\u201d formas de hablar\/representarse en voz ind\u00edgena.<\/p>\n\n\n\n<p>Lo sustent\u00f3 el 11 de abril de 2020 y durante la defensa ante el jurado de tesis indic\u00f3 que escogi\u00f3 la tem\u00e1tica por la aproximaci\u00f3n a las lenguas y culturas ind\u00edgenas a lo largo de su carrera, la misma que ha explorado aquellas vertientes alternativas de conocimiento.&nbsp;\u201cLo ind\u00edgena en una explotaci\u00f3n cr\u00edtica a su representaci\u00f3n en la literatura ecuatoriana y otras propuestas de reconocimiento desde la propia voz del ind\u00edgena\u201d.<\/p>\n\n\n\n<p>Desarrollar la tesis le tom\u00f3 alrededor de seis meses, \u201ctiempo que me met\u00ed de lleno a una investigaci\u00f3n bibliogr\u00e1fica\u201d, expres\u00f3. No hubo mayor diferencia entre la modalidad virtual y la presencial, al momento de presentar su trabajo final, \u201ca excepci\u00f3n de la presencia del p\u00fablico oyente. La defensa se desenvolvi\u00f3 con normalidad y se opt\u00f3 por reemplazar la ronda de preguntas del jurado por una conversaci\u00f3n mucho m\u00e1s provechosa te\u00f3rica y cr\u00edticamente\u201d.&nbsp;<\/p>\n\n\n\n<p>Lo que har\u00e1 despu\u00e9s de obtener el t\u00edtulo Nicol\u00e1s Mora prefiri\u00f3 no adelantar, pues considera que a\u00fan todo es incierto.<\/p>","protected":false},"excerpt":{"rendered":"<p>Revelar los mecanismos de dominaci\u00f3n involucrados en la representaci\u00f3n del sujeto ind\u00edgena y su cultura, para luego volcar tales paradigmas hacia los potenciales de la propia voz ind\u00edgena para reconocerse\/autorrepresentarse es lo que llev\u00f3 a Nicol\u00e1s Mateo Mora Villota, estudiante de la Escuela de Literatura de la Universidad de las Artes, a proponer como proyecto de tesis el tema: La \u201ccuesti\u00f3n ind\u00edgena\u201d en la literatura ecuatoriana.<\/p>","protected":false},"author":1,"featured_media":6912,"comment_status":"closed","ping_status":"closed","sticky":false,"template":"","format":"standard","meta":{"_acf_changed":false,"_uag_custom_page_level_css":"","_monsterinsights_skip_tracking":false,"_monsterinsights_sitenote_active":false,"_monsterinsights_sitenote_note":"","_monsterinsights_sitenote_category":0,"cybocfi_hide_featured_image":"","footnotes":""},"categories":[80,76,175],"tags":[211],"infouartes":[],"class_list":["post-6911","post","type-post","status-publish","format-standard","has-post-thumbnail","hentry","category-academico","category-estudiantes","category-literatura","tag-covid19"],"acf":[],"yoast_head":"<!-- This site is optimized with the Yoast SEO plugin v27.4 - https:\/\/yoast.com\/product\/yoast-seo-wordpress\/ -->\n<title>Universidad de las Artes - Un semestre le tom\u00f3 a Nicol\u00e1s Mora desarrollar  \u201cLa cuesti\u00f3n ind\u00edgena en la literatura ecuatoriana\u201d<\/title>\n<meta name=\"description\" content=\"Universidad de las Artes - Un semestre le tom\u00f3 a Nicol\u00e1s Mora desarrollar  \u201cLa cuesti\u00f3n ind\u00edgena en la literatura ecuatoriana\u201d\" \/>\n<meta name=\"robots\" content=\"index, follow, max-snippet:-1, max-image-preview:large, max-video-preview:-1\" \/>\n<link rel=\"canonical\" href=\"https:\/\/www.uartes.edu.ec\/sitio\/fr\/blog\/2020\/05\/07\/un-semestre-le-tomo-a-nicolas-mora-desarrollar-la-cuestion-indigena-en-la-literatura-ecuatoriana\/\" \/>\n<meta property=\"og:locale\" content=\"fr_FR\" \/>\n<meta property=\"og:type\" content=\"article\" \/>\n<meta property=\"og:title\" content=\"Universidad de las Artes - Un semestre le tom\u00f3 a Nicol\u00e1s Mora desarrollar  \u201cLa cuesti\u00f3n ind\u00edgena en la literatura ecuatoriana\u201d\" \/>\n<meta property=\"og:description\" content=\"Universidad de las Artes - Un semestre le tom\u00f3 a Nicol\u00e1s Mora desarrollar  \u201cLa cuesti\u00f3n ind\u00edgena en la literatura ecuatoriana\u201d\" \/>\n<meta property=\"og:url\" content=\"https:\/\/www.uartes.edu.ec\/sitio\/fr\/blog\/2020\/05\/07\/un-semestre-le-tomo-a-nicolas-mora-desarrollar-la-cuestion-indigena-en-la-literatura-ecuatoriana\/\" \/>\n<meta property=\"og:site_name\" content=\"Universidad de las Artes\" \/>\n<meta property=\"article:publisher\" content=\"https:\/\/www.facebook.com\/uartesec\" \/>\n<meta property=\"article:published_time\" content=\"2020-05-07T17:00:47+00:00\" \/>\n<meta property=\"article:modified_time\" content=\"2024-07-04T16:43:14+00:00\" \/>\n<meta property=\"og:image\" content=\"https:\/\/www.uartes.edu.ec\/sitio\/wp-content\/uploads\/2020\/05\/NICOLAS-MORA.jpg\" \/>\n\t<meta property=\"og:image:width\" content=\"1258\" \/>\n\t<meta property=\"og:image:height\" content=\"838\" \/>\n\t<meta property=\"og:image:type\" content=\"image\/jpeg\" \/>\n<meta name=\"author\" content=\"Universidad de las Artes\" \/>\n<meta name=\"twitter:card\" content=\"summary_large_image\" \/>\n<meta name=\"twitter:creator\" content=\"@uartesec\" \/>\n<meta name=\"twitter:site\" content=\"@uartesec\" \/>\n<meta name=\"twitter:label1\" content=\"\u00c9crit par\" \/>\n\t<meta name=\"twitter:data1\" content=\"Universidad de las Artes\" \/>\n\t<meta name=\"twitter:label2\" content=\"Dur\u00e9e de lecture estim\u00e9e\" \/>\n\t<meta name=\"twitter:data2\" content=\"1 minute\" \/>\n<script type=\"application\/ld+json\" class=\"yoast-schema-graph\">{\"@context\":\"https:\\\/\\\/schema.org\",\"@graph\":[{\"@type\":\"Article\",\"@id\":\"https:\\\/\\\/www.uartes.edu.ec\\\/sitio\\\/fr\\\/blog\\\/2020\\\/05\\\/07\\\/un-semestre-le-tomo-a-nicolas-mora-desarrollar-la-cuestion-indigena-en-la-literatura-ecuatoriana\\\/#article\",\"isPartOf\":{\"@id\":\"https:\\\/\\\/www.uartes.edu.ec\\\/sitio\\\/fr\\\/blog\\\/2020\\\/05\\\/07\\\/un-semestre-le-tomo-a-nicolas-mora-desarrollar-la-cuestion-indigena-en-la-literatura-ecuatoriana\\\/\"},\"author\":{\"name\":\"Universidad de las Artes\",\"@id\":\"https:\\\/\\\/www.uartes.edu.ec\\\/sitio\\\/fr\\\/#\\\/schema\\\/person\\\/f33f8c1d2af0d5c80a38c8abf458184a\"},\"headline\":\"Un semestre le tom\u00f3 a Nicol\u00e1s Mora desarrollar \u201cLa cuesti\u00f3n ind\u00edgena en la literatura ecuatoriana\u201d\",\"datePublished\":\"2020-05-07T17:00:47+00:00\",\"dateModified\":\"2024-07-04T16:43:14+00:00\",\"mainEntityOfPage\":{\"@id\":\"https:\\\/\\\/www.uartes.edu.ec\\\/sitio\\\/fr\\\/blog\\\/2020\\\/05\\\/07\\\/un-semestre-le-tomo-a-nicolas-mora-desarrollar-la-cuestion-indigena-en-la-literatura-ecuatoriana\\\/\"},\"wordCount\":292,\"publisher\":{\"@id\":\"https:\\\/\\\/www.uartes.edu.ec\\\/sitio\\\/fr\\\/#organization\"},\"image\":{\"@id\":\"https:\\\/\\\/www.uartes.edu.ec\\\/sitio\\\/fr\\\/blog\\\/2020\\\/05\\\/07\\\/un-semestre-le-tomo-a-nicolas-mora-desarrollar-la-cuestion-indigena-en-la-literatura-ecuatoriana\\\/#primaryimage\"},\"thumbnailUrl\":\"https:\\\/\\\/www.uartes.edu.ec\\\/sitio\\\/wp-content\\\/uploads\\\/2020\\\/05\\\/NICOLAS-MORA.jpg\",\"keywords\":[\"covid19\"],\"articleSection\":[\"Acad\u00e9mico\",\"Estudiantes\",\"Literatura\"],\"inLanguage\":\"fr-FR\"},{\"@type\":[\"WebPage\",\"ItemPage\"],\"@id\":\"https:\\\/\\\/www.uartes.edu.ec\\\/sitio\\\/fr\\\/blog\\\/2020\\\/05\\\/07\\\/un-semestre-le-tomo-a-nicolas-mora-desarrollar-la-cuestion-indigena-en-la-literatura-ecuatoriana\\\/\",\"url\":\"https:\\\/\\\/www.uartes.edu.ec\\\/sitio\\\/fr\\\/blog\\\/2020\\\/05\\\/07\\\/un-semestre-le-tomo-a-nicolas-mora-desarrollar-la-cuestion-indigena-en-la-literatura-ecuatoriana\\\/\",\"name\":\"Universidad de las Artes - Un semestre le tom\u00f3 a Nicol\u00e1s Mora desarrollar \u201cLa cuesti\u00f3n ind\u00edgena en la literatura ecuatoriana\u201d\",\"isPartOf\":{\"@id\":\"https:\\\/\\\/www.uartes.edu.ec\\\/sitio\\\/fr\\\/#website\"},\"primaryImageOfPage\":{\"@id\":\"https:\\\/\\\/www.uartes.edu.ec\\\/sitio\\\/fr\\\/blog\\\/2020\\\/05\\\/07\\\/un-semestre-le-tomo-a-nicolas-mora-desarrollar-la-cuestion-indigena-en-la-literatura-ecuatoriana\\\/#primaryimage\"},\"image\":{\"@id\":\"https:\\\/\\\/www.uartes.edu.ec\\\/sitio\\\/fr\\\/blog\\\/2020\\\/05\\\/07\\\/un-semestre-le-tomo-a-nicolas-mora-desarrollar-la-cuestion-indigena-en-la-literatura-ecuatoriana\\\/#primaryimage\"},\"thumbnailUrl\":\"https:\\\/\\\/www.uartes.edu.ec\\\/sitio\\\/wp-content\\\/uploads\\\/2020\\\/05\\\/NICOLAS-MORA.jpg\",\"datePublished\":\"2020-05-07T17:00:47+00:00\",\"dateModified\":\"2024-07-04T16:43:14+00:00\",\"description\":\"Universidad de las Artes - Un semestre le tom\u00f3 a Nicol\u00e1s Mora desarrollar \u201cLa cuesti\u00f3n ind\u00edgena en la literatura ecuatoriana\u201d\",\"breadcrumb\":{\"@id\":\"https:\\\/\\\/www.uartes.edu.ec\\\/sitio\\\/fr\\\/blog\\\/2020\\\/05\\\/07\\\/un-semestre-le-tomo-a-nicolas-mora-desarrollar-la-cuestion-indigena-en-la-literatura-ecuatoriana\\\/#breadcrumb\"},\"inLanguage\":\"fr-FR\",\"potentialAction\":[{\"@type\":\"ReadAction\",\"target\":[\"https:\\\/\\\/www.uartes.edu.ec\\\/sitio\\\/fr\\\/blog\\\/2020\\\/05\\\/07\\\/un-semestre-le-tomo-a-nicolas-mora-desarrollar-la-cuestion-indigena-en-la-literatura-ecuatoriana\\\/\"]}]},{\"@type\":\"ImageObject\",\"inLanguage\":\"fr-FR\",\"@id\":\"https:\\\/\\\/www.uartes.edu.ec\\\/sitio\\\/fr\\\/blog\\\/2020\\\/05\\\/07\\\/un-semestre-le-tomo-a-nicolas-mora-desarrollar-la-cuestion-indigena-en-la-literatura-ecuatoriana\\\/#primaryimage\",\"url\":\"https:\\\/\\\/www.uartes.edu.ec\\\/sitio\\\/wp-content\\\/uploads\\\/2020\\\/05\\\/NICOLAS-MORA.jpg\",\"contentUrl\":\"https:\\\/\\\/www.uartes.edu.ec\\\/sitio\\\/wp-content\\\/uploads\\\/2020\\\/05\\\/NICOLAS-MORA.jpg\",\"width\":1258,\"height\":838},{\"@type\":\"BreadcrumbList\",\"@id\":\"https:\\\/\\\/www.uartes.edu.ec\\\/sitio\\\/fr\\\/blog\\\/2020\\\/05\\\/07\\\/un-semestre-le-tomo-a-nicolas-mora-desarrollar-la-cuestion-indigena-en-la-literatura-ecuatoriana\\\/#breadcrumb\",\"itemListElement\":[{\"@type\":\"ListItem\",\"position\":1,\"name\":\"Inicio\",\"item\":\"https:\\\/\\\/www.uartes.edu.ec\\\/sitio\\\/\"},{\"@type\":\"ListItem\",\"position\":2,\"name\":\"Un semestre le tom\u00f3 a Nicol\u00e1s Mora desarrollar \u201cLa cuesti\u00f3n ind\u00edgena en la literatura ecuatoriana\u201d\"}]},{\"@type\":\"WebSite\",\"@id\":\"https:\\\/\\\/www.uartes.edu.ec\\\/sitio\\\/fr\\\/#website\",\"url\":\"https:\\\/\\\/www.uartes.edu.ec\\\/sitio\\\/fr\\\/\",\"name\":\"Universidad de las Artes\",\"description\":\"Sitio oficial de la Universidad Nacional de las Artes del Ecuador\",\"publisher\":{\"@id\":\"https:\\\/\\\/www.uartes.edu.ec\\\/sitio\\\/fr\\\/#organization\"},\"potentialAction\":[{\"@type\":\"SearchAction\",\"target\":{\"@type\":\"EntryPoint\",\"urlTemplate\":\"https:\\\/\\\/www.uartes.edu.ec\\\/sitio\\\/fr\\\/?s={search_term_string}\"},\"query-input\":{\"@type\":\"PropertyValueSpecification\",\"valueRequired\":true,\"valueName\":\"search_term_string\"}}],\"inLanguage\":\"fr-FR\"},{\"@type\":\"Organization\",\"@id\":\"https:\\\/\\\/www.uartes.edu.ec\\\/sitio\\\/fr\\\/#organization\",\"name\":\"Universidad de las Artes\",\"url\":\"https:\\\/\\\/www.uartes.edu.ec\\\/sitio\\\/fr\\\/\",\"logo\":{\"@type\":\"ImageObject\",\"inLanguage\":\"fr-FR\",\"@id\":\"https:\\\/\\\/www.uartes.edu.ec\\\/sitio\\\/fr\\\/#\\\/schema\\\/logo\\\/image\\\/\",\"url\":\"https:\\\/\\\/www.uartes.edu.ec\\\/sitio\\\/wp-content\\\/uploads\\\/2022\\\/07\\\/logo-ua-horizontal.png\",\"contentUrl\":\"https:\\\/\\\/www.uartes.edu.ec\\\/sitio\\\/wp-content\\\/uploads\\\/2022\\\/07\\\/logo-ua-horizontal.png\",\"width\":800,\"height\":276,\"caption\":\"Universidad de las Artes\"},\"image\":{\"@id\":\"https:\\\/\\\/www.uartes.edu.ec\\\/sitio\\\/fr\\\/#\\\/schema\\\/logo\\\/image\\\/\"},\"sameAs\":[\"https:\\\/\\\/www.facebook.com\\\/uartesec\",\"https:\\\/\\\/x.com\\\/uartesec\",\"https:\\\/\\\/www.tiktok.com\\\/@uartesec\"]},{\"@type\":\"Person\",\"@id\":\"https:\\\/\\\/www.uartes.edu.ec\\\/sitio\\\/fr\\\/#\\\/schema\\\/person\\\/f33f8c1d2af0d5c80a38c8abf458184a\",\"name\":\"Universidad de las Artes\",\"image\":{\"@type\":\"ImageObject\",\"inLanguage\":\"fr-FR\",\"@id\":\"https:\\\/\\\/secure.gravatar.com\\\/avatar\\\/52e4757902f5cfa5ac52d020e5be83cae5487519154b6c35482fe08d589f3c13?s=96&d=mm&r=g\",\"url\":\"https:\\\/\\\/secure.gravatar.com\\\/avatar\\\/52e4757902f5cfa5ac52d020e5be83cae5487519154b6c35482fe08d589f3c13?s=96&d=mm&r=g\",\"contentUrl\":\"https:\\\/\\\/secure.gravatar.com\\\/avatar\\\/52e4757902f5cfa5ac52d020e5be83cae5487519154b6c35482fe08d589f3c13?s=96&d=mm&r=g\",\"caption\":\"Universidad de las Artes\"},\"url\":\"https:\\\/\\\/www.uartes.edu.ec\\\/sitio\\\/fr\\\/blog\\\/author\\\/dircomadm\\\/\"}]}<\/script>\n<!-- \/ Yoast SEO plugin. -->","yoast_head_json":{"title":"Universidad de las Artes - Un semestre le tom\u00f3 a Nicol\u00e1s Mora desarrollar  \u201cLa cuesti\u00f3n ind\u00edgena en la literatura ecuatoriana\u201d","description":"Universidad de las Artes - Un semestre le tom\u00f3 a Nicol\u00e1s Mora desarrollar  \u201cLa cuesti\u00f3n ind\u00edgena en la literatura ecuatoriana\u201d","robots":{"index":"index","follow":"follow","max-snippet":"max-snippet:-1","max-image-preview":"max-image-preview:large","max-video-preview":"max-video-preview:-1"},"canonical":"https:\/\/www.uartes.edu.ec\/sitio\/fr\/blog\/2020\/05\/07\/un-semestre-le-tomo-a-nicolas-mora-desarrollar-la-cuestion-indigena-en-la-literatura-ecuatoriana\/","og_locale":"fr_FR","og_type":"article","og_title":"Universidad de las Artes - Un semestre le tom\u00f3 a Nicol\u00e1s Mora desarrollar  \u201cLa cuesti\u00f3n ind\u00edgena en la literatura ecuatoriana\u201d","og_description":"Universidad de las Artes - Un semestre le tom\u00f3 a Nicol\u00e1s Mora desarrollar  \u201cLa cuesti\u00f3n ind\u00edgena en la literatura ecuatoriana\u201d","og_url":"https:\/\/www.uartes.edu.ec\/sitio\/fr\/blog\/2020\/05\/07\/un-semestre-le-tomo-a-nicolas-mora-desarrollar-la-cuestion-indigena-en-la-literatura-ecuatoriana\/","og_site_name":"Universidad de las Artes","article_publisher":"https:\/\/www.facebook.com\/uartesec","article_published_time":"2020-05-07T17:00:47+00:00","article_modified_time":"2024-07-04T16:43:14+00:00","og_image":[{"width":1258,"height":838,"url":"https:\/\/www.uartes.edu.ec\/sitio\/wp-content\/uploads\/2020\/05\/NICOLAS-MORA.jpg","type":"image\/jpeg"}],"author":"Universidad de las Artes","twitter_card":"summary_large_image","twitter_creator":"@uartesec","twitter_site":"@uartesec","twitter_misc":{"\u00c9crit par":"Universidad de las Artes","Dur\u00e9e de lecture estim\u00e9e":"1 minute"},"schema":{"@context":"https:\/\/schema.org","@graph":[{"@type":"Article","@id":"https:\/\/www.uartes.edu.ec\/sitio\/fr\/blog\/2020\/05\/07\/un-semestre-le-tomo-a-nicolas-mora-desarrollar-la-cuestion-indigena-en-la-literatura-ecuatoriana\/#article","isPartOf":{"@id":"https:\/\/www.uartes.edu.ec\/sitio\/fr\/blog\/2020\/05\/07\/un-semestre-le-tomo-a-nicolas-mora-desarrollar-la-cuestion-indigena-en-la-literatura-ecuatoriana\/"},"author":{"name":"Universidad de las Artes","@id":"https:\/\/www.uartes.edu.ec\/sitio\/fr\/#\/schema\/person\/f33f8c1d2af0d5c80a38c8abf458184a"},"headline":"Un semestre le tom\u00f3 a Nicol\u00e1s Mora desarrollar \u201cLa cuesti\u00f3n ind\u00edgena en la literatura ecuatoriana\u201d","datePublished":"2020-05-07T17:00:47+00:00","dateModified":"2024-07-04T16:43:14+00:00","mainEntityOfPage":{"@id":"https:\/\/www.uartes.edu.ec\/sitio\/fr\/blog\/2020\/05\/07\/un-semestre-le-tomo-a-nicolas-mora-desarrollar-la-cuestion-indigena-en-la-literatura-ecuatoriana\/"},"wordCount":292,"publisher":{"@id":"https:\/\/www.uartes.edu.ec\/sitio\/fr\/#organization"},"image":{"@id":"https:\/\/www.uartes.edu.ec\/sitio\/fr\/blog\/2020\/05\/07\/un-semestre-le-tomo-a-nicolas-mora-desarrollar-la-cuestion-indigena-en-la-literatura-ecuatoriana\/#primaryimage"},"thumbnailUrl":"https:\/\/www.uartes.edu.ec\/sitio\/wp-content\/uploads\/2020\/05\/NICOLAS-MORA.jpg","keywords":["covid19"],"articleSection":["Acad\u00e9mico","Estudiantes","Literatura"],"inLanguage":"fr-FR"},{"@type":["WebPage","ItemPage"],"@id":"https:\/\/www.uartes.edu.ec\/sitio\/fr\/blog\/2020\/05\/07\/un-semestre-le-tomo-a-nicolas-mora-desarrollar-la-cuestion-indigena-en-la-literatura-ecuatoriana\/","url":"https:\/\/www.uartes.edu.ec\/sitio\/fr\/blog\/2020\/05\/07\/un-semestre-le-tomo-a-nicolas-mora-desarrollar-la-cuestion-indigena-en-la-literatura-ecuatoriana\/","name":"Universidad de las Artes - Un semestre le tom\u00f3 a Nicol\u00e1s Mora desarrollar \u201cLa cuesti\u00f3n ind\u00edgena en la literatura ecuatoriana\u201d","isPartOf":{"@id":"https:\/\/www.uartes.edu.ec\/sitio\/fr\/#website"},"primaryImageOfPage":{"@id":"https:\/\/www.uartes.edu.ec\/sitio\/fr\/blog\/2020\/05\/07\/un-semestre-le-tomo-a-nicolas-mora-desarrollar-la-cuestion-indigena-en-la-literatura-ecuatoriana\/#primaryimage"},"image":{"@id":"https:\/\/www.uartes.edu.ec\/sitio\/fr\/blog\/2020\/05\/07\/un-semestre-le-tomo-a-nicolas-mora-desarrollar-la-cuestion-indigena-en-la-literatura-ecuatoriana\/#primaryimage"},"thumbnailUrl":"https:\/\/www.uartes.edu.ec\/sitio\/wp-content\/uploads\/2020\/05\/NICOLAS-MORA.jpg","datePublished":"2020-05-07T17:00:47+00:00","dateModified":"2024-07-04T16:43:14+00:00","description":"Universidad de las Artes - Un semestre le tom\u00f3 a Nicol\u00e1s Mora desarrollar \u201cLa cuesti\u00f3n ind\u00edgena en la literatura ecuatoriana\u201d","breadcrumb":{"@id":"https:\/\/www.uartes.edu.ec\/sitio\/fr\/blog\/2020\/05\/07\/un-semestre-le-tomo-a-nicolas-mora-desarrollar-la-cuestion-indigena-en-la-literatura-ecuatoriana\/#breadcrumb"},"inLanguage":"fr-FR","potentialAction":[{"@type":"ReadAction","target":["https:\/\/www.uartes.edu.ec\/sitio\/fr\/blog\/2020\/05\/07\/un-semestre-le-tomo-a-nicolas-mora-desarrollar-la-cuestion-indigena-en-la-literatura-ecuatoriana\/"]}]},{"@type":"ImageObject","inLanguage":"fr-FR","@id":"https:\/\/www.uartes.edu.ec\/sitio\/fr\/blog\/2020\/05\/07\/un-semestre-le-tomo-a-nicolas-mora-desarrollar-la-cuestion-indigena-en-la-literatura-ecuatoriana\/#primaryimage","url":"https:\/\/www.uartes.edu.ec\/sitio\/wp-content\/uploads\/2020\/05\/NICOLAS-MORA.jpg","contentUrl":"https:\/\/www.uartes.edu.ec\/sitio\/wp-content\/uploads\/2020\/05\/NICOLAS-MORA.jpg","width":1258,"height":838},{"@type":"BreadcrumbList","@id":"https:\/\/www.uartes.edu.ec\/sitio\/fr\/blog\/2020\/05\/07\/un-semestre-le-tomo-a-nicolas-mora-desarrollar-la-cuestion-indigena-en-la-literatura-ecuatoriana\/#breadcrumb","itemListElement":[{"@type":"ListItem","position":1,"name":"Inicio","item":"https:\/\/www.uartes.edu.ec\/sitio\/"},{"@type":"ListItem","position":2,"name":"Un semestre le tom\u00f3 a Nicol\u00e1s Mora desarrollar \u201cLa cuesti\u00f3n ind\u00edgena en la literatura ecuatoriana\u201d"}]},{"@type":"WebSite","@id":"https:\/\/www.uartes.edu.ec\/sitio\/fr\/#website","url":"https:\/\/www.uartes.edu.ec\/sitio\/fr\/","name":"Universidad de las Artes","description":"Sitio oficial de la Universidad Nacional de las Artes del Ecuador","publisher":{"@id":"https:\/\/www.uartes.edu.ec\/sitio\/fr\/#organization"},"potentialAction":[{"@type":"SearchAction","target":{"@type":"EntryPoint","urlTemplate":"https:\/\/www.uartes.edu.ec\/sitio\/fr\/?s={search_term_string}"},"query-input":{"@type":"PropertyValueSpecification","valueRequired":true,"valueName":"search_term_string"}}],"inLanguage":"fr-FR"},{"@type":"Organization","@id":"https:\/\/www.uartes.edu.ec\/sitio\/fr\/#organization","name":"Universidad de las Artes","url":"https:\/\/www.uartes.edu.ec\/sitio\/fr\/","logo":{"@type":"ImageObject","inLanguage":"fr-FR","@id":"https:\/\/www.uartes.edu.ec\/sitio\/fr\/#\/schema\/logo\/image\/","url":"https:\/\/www.uartes.edu.ec\/sitio\/wp-content\/uploads\/2022\/07\/logo-ua-horizontal.png","contentUrl":"https:\/\/www.uartes.edu.ec\/sitio\/wp-content\/uploads\/2022\/07\/logo-ua-horizontal.png","width":800,"height":276,"caption":"Universidad de las Artes"},"image":{"@id":"https:\/\/www.uartes.edu.ec\/sitio\/fr\/#\/schema\/logo\/image\/"},"sameAs":["https:\/\/www.facebook.com\/uartesec","https:\/\/x.com\/uartesec","https:\/\/www.tiktok.com\/@uartesec"]},{"@type":"Person","@id":"https:\/\/www.uartes.edu.ec\/sitio\/fr\/#\/schema\/person\/f33f8c1d2af0d5c80a38c8abf458184a","name":"Universidad de las Artes","image":{"@type":"ImageObject","inLanguage":"fr-FR","@id":"https:\/\/secure.gravatar.com\/avatar\/52e4757902f5cfa5ac52d020e5be83cae5487519154b6c35482fe08d589f3c13?s=96&d=mm&r=g","url":"https:\/\/secure.gravatar.com\/avatar\/52e4757902f5cfa5ac52d020e5be83cae5487519154b6c35482fe08d589f3c13?s=96&d=mm&r=g","contentUrl":"https:\/\/secure.gravatar.com\/avatar\/52e4757902f5cfa5ac52d020e5be83cae5487519154b6c35482fe08d589f3c13?s=96&d=mm&r=g","caption":"Universidad de las Artes"},"url":"https:\/\/www.uartes.edu.ec\/sitio\/fr\/blog\/author\/dircomadm\/"}]}},"uagb_featured_image_src":{"full":["https:\/\/www.uartes.edu.ec\/sitio\/wp-content\/uploads\/2020\/05\/NICOLAS-MORA.jpg",1258,838,false],"thumbnail":["https:\/\/www.uartes.edu.ec\/sitio\/wp-content\/uploads\/2020\/05\/NICOLAS-MORA-150x150.jpg",150,150,true],"medium":["https:\/\/www.uartes.edu.ec\/sitio\/wp-content\/uploads\/2020\/05\/NICOLAS-MORA-300x200.jpg",300,200,true],"medium_large":["https:\/\/www.uartes.edu.ec\/sitio\/wp-content\/uploads\/2020\/05\/NICOLAS-MORA-768x512.jpg",768,512,true],"large":["https:\/\/www.uartes.edu.ec\/sitio\/wp-content\/uploads\/2020\/05\/NICOLAS-MORA-644x429.jpg",644,429,true],"1536x1536":["https:\/\/www.uartes.edu.ec\/sitio\/wp-content\/uploads\/2020\/05\/NICOLAS-MORA.jpg",1258,838,false],"2048x2048":["https:\/\/www.uartes.edu.ec\/sitio\/wp-content\/uploads\/2020\/05\/NICOLAS-MORA.jpg",1258,838,false],"trp-custom-language-flag":["https:\/\/www.uartes.edu.ec\/sitio\/wp-content\/uploads\/2020\/05\/NICOLAS-MORA.jpg",18,12,false],"htmega_size_585x295":["https:\/\/www.uartes.edu.ec\/sitio\/wp-content\/uploads\/2020\/05\/NICOLAS-MORA.jpg",443,295,false],"htmega_size_1170x536":["https:\/\/www.uartes.edu.ec\/sitio\/wp-content\/uploads\/2020\/05\/NICOLAS-MORA.jpg",805,536,false],"htmega_size_396x360":["https:\/\/www.uartes.edu.ec\/sitio\/wp-content\/uploads\/2020\/05\/NICOLAS-MORA.jpg",396,264,false],"gb-block-post-grid-landscape":["https:\/\/www.uartes.edu.ec\/sitio\/wp-content\/uploads\/2020\/05\/NICOLAS-MORA.jpg",600,400,false],"gb-block-post-grid-square":["https:\/\/www.uartes.edu.ec\/sitio\/wp-content\/uploads\/2020\/05\/NICOLAS-MORA.jpg",600,400,false],"university-hub-thumb":["https:\/\/www.uartes.edu.ec\/sitio\/wp-content\/uploads\/2020\/05\/NICOLAS-MORA-400x266.jpg",400,266,true]},"uagb_author_info":{"display_name":"Universidad de las Artes","author_link":"https:\/\/www.uartes.edu.ec\/sitio\/fr\/blog\/author\/dircomadm\/"},"uagb_comment_info":0,"uagb_excerpt":"Revelar los mecanismos de dominaci\u00f3n involucrados en la representaci\u00f3n del sujeto ind\u00edgena y su cultura, para luego volcar tales paradigmas hacia los potenciales de la propia voz ind\u00edgena para reconocerse\/autorrepresentarse es lo que llev\u00f3 a Nicol\u00e1s Mateo Mora Villota, estudiante de la Escuela de Literatura de la Universidad de las Artes, a proponer como proyecto\u2026","featured_image_src":"https:\/\/www.uartes.edu.ec\/sitio\/wp-content\/uploads\/2020\/05\/NICOLAS-MORA.jpg","featured_image_src_square":"https:\/\/www.uartes.edu.ec\/sitio\/wp-content\/uploads\/2020\/05\/NICOLAS-MORA.jpg","author_info":{"display_name":"Universidad de las Artes","author_link":"https:\/\/www.uartes.edu.ec\/sitio\/fr\/blog\/author\/dircomadm\/"},"publishpress_future_workflow_manual_trigger":{"enabledWorkflows":[]},"distributor_meta":false,"distributor_terms":false,"distributor_media":false,"distributor_original_site_name":"Universidad de las Artes","distributor_original_site_url":"https:\/\/www.uartes.edu.ec\/sitio\/fr","push-errors":false,"_links":{"self":[{"href":"https:\/\/www.uartes.edu.ec\/sitio\/fr\/wp-json\/wp\/v2\/posts\/6911","targetHints":{"allow":["GET"]}}],"collection":[{"href":"https:\/\/www.uartes.edu.ec\/sitio\/fr\/wp-json\/wp\/v2\/posts"}],"about":[{"href":"https:\/\/www.uartes.edu.ec\/sitio\/fr\/wp-json\/wp\/v2\/types\/post"}],"author":[{"embeddable":true,"href":"https:\/\/www.uartes.edu.ec\/sitio\/fr\/wp-json\/wp\/v2\/users\/1"}],"replies":[{"embeddable":true,"href":"https:\/\/www.uartes.edu.ec\/sitio\/fr\/wp-json\/wp\/v2\/comments?post=6911"}],"version-history":[{"count":1,"href":"https:\/\/www.uartes.edu.ec\/sitio\/fr\/wp-json\/wp\/v2\/posts\/6911\/revisions"}],"predecessor-version":[{"id":6913,"href":"https:\/\/www.uartes.edu.ec\/sitio\/fr\/wp-json\/wp\/v2\/posts\/6911\/revisions\/6913"}],"wp:featuredmedia":[{"embeddable":true,"href":"https:\/\/www.uartes.edu.ec\/sitio\/fr\/wp-json\/wp\/v2\/media\/6912"}],"wp:attachment":[{"href":"https:\/\/www.uartes.edu.ec\/sitio\/fr\/wp-json\/wp\/v2\/media?parent=6911"}],"wp:term":[{"taxonomy":"category","embeddable":true,"href":"https:\/\/www.uartes.edu.ec\/sitio\/fr\/wp-json\/wp\/v2\/categories?post=6911"},{"taxonomy":"post_tag","embeddable":true,"href":"https:\/\/www.uartes.edu.ec\/sitio\/fr\/wp-json\/wp\/v2\/tags?post=6911"},{"taxonomy":"infouartes","embeddable":true,"href":"https:\/\/www.uartes.edu.ec\/sitio\/fr\/wp-json\/wp\/v2\/infouartes?post=6911"}],"curies":[{"name":"wp","href":"https:\/\/api.w.org\/{rel}","templated":true}]}}