{"id":6914,"date":"2020-05-07T12:07:51","date_gmt":"2020-05-07T17:07:51","guid":{"rendered":"http:\/\/www.uartes.edu.ec\/sitio\/?p=6914"},"modified":"2024-07-04T11:43:14","modified_gmt":"2024-07-04T16:43:14","slug":"cronicas-de-medardo-angel-silva-tema-de-tesis-de-jefferson-meza","status":"publish","type":"post","link":"https:\/\/www.uartes.edu.ec\/sitio\/fr\/blog\/2020\/05\/07\/cronicas-de-medardo-angel-silva-tema-de-tesis-de-jefferson-meza\/","title":{"rendered":"Cr\u00f3nicas de Medardo \u00c1ngel Silva, tema de tesis de Jefferson Meza"},"content":{"rendered":"<p>\u00abLa construcci\u00f3n de la ciudad de Guayaquil en las cr\u00f3nicas literarias de Medardo \u00c1ngel Silva y Jorge Martillo\u00bb es el t\u00edtulo de tesis de Jefferson Baldemar Meza Bernal, estudiante de la Escuela de Literatura, quien la sustent\u00f3 en videoconferencia el 9 de abril de 2020. Del contenido de su trabajo final, previo a la obtenci\u00f3n de la licenciatura y las razones que lo motivaron a desarrollarla, \u00e9l revela: \u201cLo propuse porque siempre me ha interesado el g\u00e9nero de la cr\u00f3nica y su construcci\u00f3n. Cuando entr\u00e9 a la UArtes conoc\u00ed las cr\u00f3nicas del escritor guayaquile\u00f1o y he trabajado con ellas constantemente\u201d.<\/p>\n\n\n\n<p>Jefferson Meza comenta haber elaborado algunos trabajos en torno a la obra cron\u00edstica de Medardo \u00c1ngel Silva y menciona <em>La ciudad imaginaria de Jean D\u00b4Agr\u00e9ve,<\/em> una publicaci\u00f3n para la que hizo una selecci\u00f3n de sus cr\u00f3nicas con ilustraciones. &nbsp;<\/p>\n\n\n\n<p>Elaborar el trabajo de titulaci\u00f3n le tom\u00f3 cerca de dos semestres, revela. \u201cEn el primero hice la selecci\u00f3n de las cr\u00f3nicas y en el segundo, su desarrollo\u201d.<\/p>\n\n\n\n<p>Sustentar tesis en videoconferencia lo tom\u00f3 &nbsp;por sorpresa, pues no hab\u00eda tenido la experiencia de una clase online, \u201cpero no cambi\u00e9 el m\u00e9todo de mi defensa. Fue una experiencia interesante, aunque dif\u00edcil de acostumbrarse. D\u00edas antes de la defensa me familiaric\u00e9 con la plataforma; el \u00fanico problema que tuve fue la conexi\u00f3n de internet, lo cual me preocup\u00f3 pudiera suceder durante la defensa, mas no fue el caso\u201d.&nbsp;<\/p>\n\n\n\n<p>Prepararse m\u00e1s sobre la edici\u00f3n y elaboraci\u00f3n del libro es lo que Jefferson Meza planea hacer una vez que obtenga la licenciatura. Por el momento, comenta, apoya a unos amigos con la elaboraci\u00f3n de una revista de cine, a fin de ganar experiencia. \u201cDe aqu\u00ed en dos a\u00f1os, espero realizar una maestr\u00eda fuera del pa\u00eds\u201d.<\/p>","protected":false},"excerpt":{"rendered":"<p>\u00abLa construcci\u00f3n de la ciudad de Guayaquil en las cr\u00f3nicas literarias de Medardo \u00c1ngel Silva y Jorge Martillo\u00bb es el t\u00edtulo de tesis de Jefferson Baldemar Meza Bernal, estudiante de la Escuela de Literatura, quien la sustent\u00f3 en videoconferencia el 9 de abril de 2020. <\/p>","protected":false},"author":1,"featured_media":6915,"comment_status":"closed","ping_status":"closed","sticky":false,"template":"","format":"standard","meta":{"_acf_changed":false,"_uag_custom_page_level_css":"","_monsterinsights_skip_tracking":false,"_monsterinsights_sitenote_active":false,"_monsterinsights_sitenote_note":"","_monsterinsights_sitenote_category":0,"cybocfi_hide_featured_image":"","footnotes":""},"categories":[80,76,175],"tags":[211],"infouartes":[],"class_list":["post-6914","post","type-post","status-publish","format-standard","has-post-thumbnail","hentry","category-academico","category-estudiantes","category-literatura","tag-covid19"],"acf":[],"yoast_head":"<!-- This site is optimized with the Yoast SEO plugin v27.4 - https:\/\/yoast.com\/product\/yoast-seo-wordpress\/ -->\n<title>Universidad de las Artes - Cr\u00f3nicas de Medardo \u00c1ngel Silva, tema de tesis de Jefferson Meza<\/title>\n<meta name=\"description\" content=\"Universidad de las Artes - Cr\u00f3nicas de Medardo \u00c1ngel Silva, tema de tesis de Jefferson Meza\" \/>\n<meta name=\"robots\" content=\"index, follow, max-snippet:-1, max-image-preview:large, max-video-preview:-1\" \/>\n<link rel=\"canonical\" href=\"https:\/\/www.uartes.edu.ec\/sitio\/fr\/blog\/2020\/05\/07\/cronicas-de-medardo-angel-silva-tema-de-tesis-de-jefferson-meza\/\" \/>\n<meta property=\"og:locale\" content=\"fr_FR\" \/>\n<meta property=\"og:type\" content=\"article\" \/>\n<meta property=\"og:title\" content=\"Universidad de las Artes - Cr\u00f3nicas de Medardo \u00c1ngel Silva, tema de tesis de Jefferson Meza\" \/>\n<meta property=\"og:description\" content=\"Universidad de las Artes - Cr\u00f3nicas de Medardo \u00c1ngel Silva, tema de tesis de Jefferson Meza\" \/>\n<meta property=\"og:url\" content=\"https:\/\/www.uartes.edu.ec\/sitio\/fr\/blog\/2020\/05\/07\/cronicas-de-medardo-angel-silva-tema-de-tesis-de-jefferson-meza\/\" \/>\n<meta property=\"og:site_name\" content=\"Universidad de las Artes\" \/>\n<meta property=\"article:publisher\" content=\"https:\/\/www.facebook.com\/uartesec\" \/>\n<meta property=\"article:published_time\" content=\"2020-05-07T17:07:51+00:00\" \/>\n<meta property=\"article:modified_time\" content=\"2024-07-04T16:43:14+00:00\" \/>\n<meta property=\"og:image\" content=\"https:\/\/www.uartes.edu.ec\/sitio\/wp-content\/uploads\/2020\/05\/JEFF.jpg\" \/>\n\t<meta property=\"og:image:width\" content=\"2000\" \/>\n\t<meta property=\"og:image:height\" content=\"1334\" \/>\n\t<meta property=\"og:image:type\" content=\"image\/jpeg\" \/>\n<meta name=\"author\" content=\"Universidad de las Artes\" \/>\n<meta name=\"twitter:card\" content=\"summary_large_image\" \/>\n<meta name=\"twitter:creator\" content=\"@uartesec\" \/>\n<meta name=\"twitter:site\" content=\"@uartesec\" \/>\n<meta name=\"twitter:label1\" content=\"\u00c9crit par\" \/>\n\t<meta name=\"twitter:data1\" content=\"Universidad de las Artes\" \/>\n\t<meta name=\"twitter:label2\" content=\"Dur\u00e9e de lecture estim\u00e9e\" \/>\n\t<meta name=\"twitter:data2\" content=\"2 minutes\" \/>\n<script type=\"application\/ld+json\" class=\"yoast-schema-graph\">{\"@context\":\"https:\\\/\\\/schema.org\",\"@graph\":[{\"@type\":\"Article\",\"@id\":\"https:\\\/\\\/www.uartes.edu.ec\\\/sitio\\\/fr\\\/blog\\\/2020\\\/05\\\/07\\\/cronicas-de-medardo-angel-silva-tema-de-tesis-de-jefferson-meza\\\/#article\",\"isPartOf\":{\"@id\":\"https:\\\/\\\/www.uartes.edu.ec\\\/sitio\\\/fr\\\/blog\\\/2020\\\/05\\\/07\\\/cronicas-de-medardo-angel-silva-tema-de-tesis-de-jefferson-meza\\\/\"},\"author\":{\"name\":\"Universidad de las Artes\",\"@id\":\"https:\\\/\\\/www.uartes.edu.ec\\\/sitio\\\/fr\\\/#\\\/schema\\\/person\\\/f33f8c1d2af0d5c80a38c8abf458184a\"},\"headline\":\"Cr\u00f3nicas de Medardo \u00c1ngel Silva, tema de tesis de Jefferson Meza\",\"datePublished\":\"2020-05-07T17:07:51+00:00\",\"dateModified\":\"2024-07-04T16:43:14+00:00\",\"mainEntityOfPage\":{\"@id\":\"https:\\\/\\\/www.uartes.edu.ec\\\/sitio\\\/fr\\\/blog\\\/2020\\\/05\\\/07\\\/cronicas-de-medardo-angel-silva-tema-de-tesis-de-jefferson-meza\\\/\"},\"wordCount\":331,\"publisher\":{\"@id\":\"https:\\\/\\\/www.uartes.edu.ec\\\/sitio\\\/fr\\\/#organization\"},\"image\":{\"@id\":\"https:\\\/\\\/www.uartes.edu.ec\\\/sitio\\\/fr\\\/blog\\\/2020\\\/05\\\/07\\\/cronicas-de-medardo-angel-silva-tema-de-tesis-de-jefferson-meza\\\/#primaryimage\"},\"thumbnailUrl\":\"https:\\\/\\\/www.uartes.edu.ec\\\/sitio\\\/wp-content\\\/uploads\\\/2020\\\/05\\\/JEFF.jpg\",\"keywords\":[\"covid19\"],\"articleSection\":[\"Acad\u00e9mico\",\"Estudiantes\",\"Literatura\"],\"inLanguage\":\"fr-FR\"},{\"@type\":[\"WebPage\",\"ItemPage\"],\"@id\":\"https:\\\/\\\/www.uartes.edu.ec\\\/sitio\\\/fr\\\/blog\\\/2020\\\/05\\\/07\\\/cronicas-de-medardo-angel-silva-tema-de-tesis-de-jefferson-meza\\\/\",\"url\":\"https:\\\/\\\/www.uartes.edu.ec\\\/sitio\\\/fr\\\/blog\\\/2020\\\/05\\\/07\\\/cronicas-de-medardo-angel-silva-tema-de-tesis-de-jefferson-meza\\\/\",\"name\":\"Universidad de las Artes - Cr\u00f3nicas de Medardo \u00c1ngel Silva, tema de tesis de Jefferson Meza\",\"isPartOf\":{\"@id\":\"https:\\\/\\\/www.uartes.edu.ec\\\/sitio\\\/fr\\\/#website\"},\"primaryImageOfPage\":{\"@id\":\"https:\\\/\\\/www.uartes.edu.ec\\\/sitio\\\/fr\\\/blog\\\/2020\\\/05\\\/07\\\/cronicas-de-medardo-angel-silva-tema-de-tesis-de-jefferson-meza\\\/#primaryimage\"},\"image\":{\"@id\":\"https:\\\/\\\/www.uartes.edu.ec\\\/sitio\\\/fr\\\/blog\\\/2020\\\/05\\\/07\\\/cronicas-de-medardo-angel-silva-tema-de-tesis-de-jefferson-meza\\\/#primaryimage\"},\"thumbnailUrl\":\"https:\\\/\\\/www.uartes.edu.ec\\\/sitio\\\/wp-content\\\/uploads\\\/2020\\\/05\\\/JEFF.jpg\",\"datePublished\":\"2020-05-07T17:07:51+00:00\",\"dateModified\":\"2024-07-04T16:43:14+00:00\",\"description\":\"Universidad de las Artes - Cr\u00f3nicas de Medardo \u00c1ngel Silva, tema de tesis de Jefferson Meza\",\"breadcrumb\":{\"@id\":\"https:\\\/\\\/www.uartes.edu.ec\\\/sitio\\\/fr\\\/blog\\\/2020\\\/05\\\/07\\\/cronicas-de-medardo-angel-silva-tema-de-tesis-de-jefferson-meza\\\/#breadcrumb\"},\"inLanguage\":\"fr-FR\",\"potentialAction\":[{\"@type\":\"ReadAction\",\"target\":[\"https:\\\/\\\/www.uartes.edu.ec\\\/sitio\\\/fr\\\/blog\\\/2020\\\/05\\\/07\\\/cronicas-de-medardo-angel-silva-tema-de-tesis-de-jefferson-meza\\\/\"]}]},{\"@type\":\"ImageObject\",\"inLanguage\":\"fr-FR\",\"@id\":\"https:\\\/\\\/www.uartes.edu.ec\\\/sitio\\\/fr\\\/blog\\\/2020\\\/05\\\/07\\\/cronicas-de-medardo-angel-silva-tema-de-tesis-de-jefferson-meza\\\/#primaryimage\",\"url\":\"https:\\\/\\\/www.uartes.edu.ec\\\/sitio\\\/wp-content\\\/uploads\\\/2020\\\/05\\\/JEFF.jpg\",\"contentUrl\":\"https:\\\/\\\/www.uartes.edu.ec\\\/sitio\\\/wp-content\\\/uploads\\\/2020\\\/05\\\/JEFF.jpg\",\"width\":2000,\"height\":1334},{\"@type\":\"BreadcrumbList\",\"@id\":\"https:\\\/\\\/www.uartes.edu.ec\\\/sitio\\\/fr\\\/blog\\\/2020\\\/05\\\/07\\\/cronicas-de-medardo-angel-silva-tema-de-tesis-de-jefferson-meza\\\/#breadcrumb\",\"itemListElement\":[{\"@type\":\"ListItem\",\"position\":1,\"name\":\"Inicio\",\"item\":\"https:\\\/\\\/www.uartes.edu.ec\\\/sitio\\\/\"},{\"@type\":\"ListItem\",\"position\":2,\"name\":\"Cr\u00f3nicas de Medardo \u00c1ngel Silva, tema de tesis de Jefferson Meza\"}]},{\"@type\":\"WebSite\",\"@id\":\"https:\\\/\\\/www.uartes.edu.ec\\\/sitio\\\/fr\\\/#website\",\"url\":\"https:\\\/\\\/www.uartes.edu.ec\\\/sitio\\\/fr\\\/\",\"name\":\"Universidad de las Artes\",\"description\":\"Sitio oficial de la Universidad Nacional de las Artes del Ecuador\",\"publisher\":{\"@id\":\"https:\\\/\\\/www.uartes.edu.ec\\\/sitio\\\/fr\\\/#organization\"},\"potentialAction\":[{\"@type\":\"SearchAction\",\"target\":{\"@type\":\"EntryPoint\",\"urlTemplate\":\"https:\\\/\\\/www.uartes.edu.ec\\\/sitio\\\/fr\\\/?s={search_term_string}\"},\"query-input\":{\"@type\":\"PropertyValueSpecification\",\"valueRequired\":true,\"valueName\":\"search_term_string\"}}],\"inLanguage\":\"fr-FR\"},{\"@type\":\"Organization\",\"@id\":\"https:\\\/\\\/www.uartes.edu.ec\\\/sitio\\\/fr\\\/#organization\",\"name\":\"Universidad de las Artes\",\"url\":\"https:\\\/\\\/www.uartes.edu.ec\\\/sitio\\\/fr\\\/\",\"logo\":{\"@type\":\"ImageObject\",\"inLanguage\":\"fr-FR\",\"@id\":\"https:\\\/\\\/www.uartes.edu.ec\\\/sitio\\\/fr\\\/#\\\/schema\\\/logo\\\/image\\\/\",\"url\":\"https:\\\/\\\/www.uartes.edu.ec\\\/sitio\\\/wp-content\\\/uploads\\\/2022\\\/07\\\/logo-ua-horizontal.png\",\"contentUrl\":\"https:\\\/\\\/www.uartes.edu.ec\\\/sitio\\\/wp-content\\\/uploads\\\/2022\\\/07\\\/logo-ua-horizontal.png\",\"width\":800,\"height\":276,\"caption\":\"Universidad de las Artes\"},\"image\":{\"@id\":\"https:\\\/\\\/www.uartes.edu.ec\\\/sitio\\\/fr\\\/#\\\/schema\\\/logo\\\/image\\\/\"},\"sameAs\":[\"https:\\\/\\\/www.facebook.com\\\/uartesec\",\"https:\\\/\\\/x.com\\\/uartesec\",\"https:\\\/\\\/www.tiktok.com\\\/@uartesec\"]},{\"@type\":\"Person\",\"@id\":\"https:\\\/\\\/www.uartes.edu.ec\\\/sitio\\\/fr\\\/#\\\/schema\\\/person\\\/f33f8c1d2af0d5c80a38c8abf458184a\",\"name\":\"Universidad de las Artes\",\"image\":{\"@type\":\"ImageObject\",\"inLanguage\":\"fr-FR\",\"@id\":\"https:\\\/\\\/secure.gravatar.com\\\/avatar\\\/52e4757902f5cfa5ac52d020e5be83cae5487519154b6c35482fe08d589f3c13?s=96&d=mm&r=g\",\"url\":\"https:\\\/\\\/secure.gravatar.com\\\/avatar\\\/52e4757902f5cfa5ac52d020e5be83cae5487519154b6c35482fe08d589f3c13?s=96&d=mm&r=g\",\"contentUrl\":\"https:\\\/\\\/secure.gravatar.com\\\/avatar\\\/52e4757902f5cfa5ac52d020e5be83cae5487519154b6c35482fe08d589f3c13?s=96&d=mm&r=g\",\"caption\":\"Universidad de las Artes\"},\"url\":\"https:\\\/\\\/www.uartes.edu.ec\\\/sitio\\\/fr\\\/blog\\\/author\\\/dircomadm\\\/\"}]}<\/script>\n<!-- \/ Yoast SEO plugin. -->","yoast_head_json":{"title":"Universidad de las Artes - Cr\u00f3nicas de Medardo \u00c1ngel Silva, tema de tesis de Jefferson Meza","description":"Universidad de las Artes - Cr\u00f3nicas de Medardo \u00c1ngel Silva, tema de tesis de Jefferson Meza","robots":{"index":"index","follow":"follow","max-snippet":"max-snippet:-1","max-image-preview":"max-image-preview:large","max-video-preview":"max-video-preview:-1"},"canonical":"https:\/\/www.uartes.edu.ec\/sitio\/fr\/blog\/2020\/05\/07\/cronicas-de-medardo-angel-silva-tema-de-tesis-de-jefferson-meza\/","og_locale":"fr_FR","og_type":"article","og_title":"Universidad de las Artes - Cr\u00f3nicas de Medardo \u00c1ngel Silva, tema de tesis de Jefferson Meza","og_description":"Universidad de las Artes - Cr\u00f3nicas de Medardo \u00c1ngel Silva, tema de tesis de Jefferson Meza","og_url":"https:\/\/www.uartes.edu.ec\/sitio\/fr\/blog\/2020\/05\/07\/cronicas-de-medardo-angel-silva-tema-de-tesis-de-jefferson-meza\/","og_site_name":"Universidad de las Artes","article_publisher":"https:\/\/www.facebook.com\/uartesec","article_published_time":"2020-05-07T17:07:51+00:00","article_modified_time":"2024-07-04T16:43:14+00:00","og_image":[{"width":2000,"height":1334,"url":"https:\/\/www.uartes.edu.ec\/sitio\/wp-content\/uploads\/2020\/05\/JEFF.jpg","type":"image\/jpeg"}],"author":"Universidad de las Artes","twitter_card":"summary_large_image","twitter_creator":"@uartesec","twitter_site":"@uartesec","twitter_misc":{"\u00c9crit par":"Universidad de las Artes","Dur\u00e9e de lecture estim\u00e9e":"2 minutes"},"schema":{"@context":"https:\/\/schema.org","@graph":[{"@type":"Article","@id":"https:\/\/www.uartes.edu.ec\/sitio\/fr\/blog\/2020\/05\/07\/cronicas-de-medardo-angel-silva-tema-de-tesis-de-jefferson-meza\/#article","isPartOf":{"@id":"https:\/\/www.uartes.edu.ec\/sitio\/fr\/blog\/2020\/05\/07\/cronicas-de-medardo-angel-silva-tema-de-tesis-de-jefferson-meza\/"},"author":{"name":"Universidad de las Artes","@id":"https:\/\/www.uartes.edu.ec\/sitio\/fr\/#\/schema\/person\/f33f8c1d2af0d5c80a38c8abf458184a"},"headline":"Cr\u00f3nicas de Medardo \u00c1ngel Silva, tema de tesis de Jefferson Meza","datePublished":"2020-05-07T17:07:51+00:00","dateModified":"2024-07-04T16:43:14+00:00","mainEntityOfPage":{"@id":"https:\/\/www.uartes.edu.ec\/sitio\/fr\/blog\/2020\/05\/07\/cronicas-de-medardo-angel-silva-tema-de-tesis-de-jefferson-meza\/"},"wordCount":331,"publisher":{"@id":"https:\/\/www.uartes.edu.ec\/sitio\/fr\/#organization"},"image":{"@id":"https:\/\/www.uartes.edu.ec\/sitio\/fr\/blog\/2020\/05\/07\/cronicas-de-medardo-angel-silva-tema-de-tesis-de-jefferson-meza\/#primaryimage"},"thumbnailUrl":"https:\/\/www.uartes.edu.ec\/sitio\/wp-content\/uploads\/2020\/05\/JEFF.jpg","keywords":["covid19"],"articleSection":["Acad\u00e9mico","Estudiantes","Literatura"],"inLanguage":"fr-FR"},{"@type":["WebPage","ItemPage"],"@id":"https:\/\/www.uartes.edu.ec\/sitio\/fr\/blog\/2020\/05\/07\/cronicas-de-medardo-angel-silva-tema-de-tesis-de-jefferson-meza\/","url":"https:\/\/www.uartes.edu.ec\/sitio\/fr\/blog\/2020\/05\/07\/cronicas-de-medardo-angel-silva-tema-de-tesis-de-jefferson-meza\/","name":"Universidad de las Artes - Cr\u00f3nicas de Medardo \u00c1ngel Silva, tema de tesis de Jefferson Meza","isPartOf":{"@id":"https:\/\/www.uartes.edu.ec\/sitio\/fr\/#website"},"primaryImageOfPage":{"@id":"https:\/\/www.uartes.edu.ec\/sitio\/fr\/blog\/2020\/05\/07\/cronicas-de-medardo-angel-silva-tema-de-tesis-de-jefferson-meza\/#primaryimage"},"image":{"@id":"https:\/\/www.uartes.edu.ec\/sitio\/fr\/blog\/2020\/05\/07\/cronicas-de-medardo-angel-silva-tema-de-tesis-de-jefferson-meza\/#primaryimage"},"thumbnailUrl":"https:\/\/www.uartes.edu.ec\/sitio\/wp-content\/uploads\/2020\/05\/JEFF.jpg","datePublished":"2020-05-07T17:07:51+00:00","dateModified":"2024-07-04T16:43:14+00:00","description":"Universidad de las Artes - Cr\u00f3nicas de Medardo \u00c1ngel Silva, tema de tesis de Jefferson Meza","breadcrumb":{"@id":"https:\/\/www.uartes.edu.ec\/sitio\/fr\/blog\/2020\/05\/07\/cronicas-de-medardo-angel-silva-tema-de-tesis-de-jefferson-meza\/#breadcrumb"},"inLanguage":"fr-FR","potentialAction":[{"@type":"ReadAction","target":["https:\/\/www.uartes.edu.ec\/sitio\/fr\/blog\/2020\/05\/07\/cronicas-de-medardo-angel-silva-tema-de-tesis-de-jefferson-meza\/"]}]},{"@type":"ImageObject","inLanguage":"fr-FR","@id":"https:\/\/www.uartes.edu.ec\/sitio\/fr\/blog\/2020\/05\/07\/cronicas-de-medardo-angel-silva-tema-de-tesis-de-jefferson-meza\/#primaryimage","url":"https:\/\/www.uartes.edu.ec\/sitio\/wp-content\/uploads\/2020\/05\/JEFF.jpg","contentUrl":"https:\/\/www.uartes.edu.ec\/sitio\/wp-content\/uploads\/2020\/05\/JEFF.jpg","width":2000,"height":1334},{"@type":"BreadcrumbList","@id":"https:\/\/www.uartes.edu.ec\/sitio\/fr\/blog\/2020\/05\/07\/cronicas-de-medardo-angel-silva-tema-de-tesis-de-jefferson-meza\/#breadcrumb","itemListElement":[{"@type":"ListItem","position":1,"name":"Inicio","item":"https:\/\/www.uartes.edu.ec\/sitio\/"},{"@type":"ListItem","position":2,"name":"Cr\u00f3nicas de Medardo \u00c1ngel Silva, tema de tesis de Jefferson Meza"}]},{"@type":"WebSite","@id":"https:\/\/www.uartes.edu.ec\/sitio\/fr\/#website","url":"https:\/\/www.uartes.edu.ec\/sitio\/fr\/","name":"Universidad de las Artes","description":"Sitio oficial de la Universidad Nacional de las Artes del Ecuador","publisher":{"@id":"https:\/\/www.uartes.edu.ec\/sitio\/fr\/#organization"},"potentialAction":[{"@type":"SearchAction","target":{"@type":"EntryPoint","urlTemplate":"https:\/\/www.uartes.edu.ec\/sitio\/fr\/?s={search_term_string}"},"query-input":{"@type":"PropertyValueSpecification","valueRequired":true,"valueName":"search_term_string"}}],"inLanguage":"fr-FR"},{"@type":"Organization","@id":"https:\/\/www.uartes.edu.ec\/sitio\/fr\/#organization","name":"Universidad de las Artes","url":"https:\/\/www.uartes.edu.ec\/sitio\/fr\/","logo":{"@type":"ImageObject","inLanguage":"fr-FR","@id":"https:\/\/www.uartes.edu.ec\/sitio\/fr\/#\/schema\/logo\/image\/","url":"https:\/\/www.uartes.edu.ec\/sitio\/wp-content\/uploads\/2022\/07\/logo-ua-horizontal.png","contentUrl":"https:\/\/www.uartes.edu.ec\/sitio\/wp-content\/uploads\/2022\/07\/logo-ua-horizontal.png","width":800,"height":276,"caption":"Universidad de las Artes"},"image":{"@id":"https:\/\/www.uartes.edu.ec\/sitio\/fr\/#\/schema\/logo\/image\/"},"sameAs":["https:\/\/www.facebook.com\/uartesec","https:\/\/x.com\/uartesec","https:\/\/www.tiktok.com\/@uartesec"]},{"@type":"Person","@id":"https:\/\/www.uartes.edu.ec\/sitio\/fr\/#\/schema\/person\/f33f8c1d2af0d5c80a38c8abf458184a","name":"Universidad de las Artes","image":{"@type":"ImageObject","inLanguage":"fr-FR","@id":"https:\/\/secure.gravatar.com\/avatar\/52e4757902f5cfa5ac52d020e5be83cae5487519154b6c35482fe08d589f3c13?s=96&d=mm&r=g","url":"https:\/\/secure.gravatar.com\/avatar\/52e4757902f5cfa5ac52d020e5be83cae5487519154b6c35482fe08d589f3c13?s=96&d=mm&r=g","contentUrl":"https:\/\/secure.gravatar.com\/avatar\/52e4757902f5cfa5ac52d020e5be83cae5487519154b6c35482fe08d589f3c13?s=96&d=mm&r=g","caption":"Universidad de las Artes"},"url":"https:\/\/www.uartes.edu.ec\/sitio\/fr\/blog\/author\/dircomadm\/"}]}},"uagb_featured_image_src":{"full":["https:\/\/www.uartes.edu.ec\/sitio\/wp-content\/uploads\/2020\/05\/JEFF.jpg",2000,1334,false],"thumbnail":["https:\/\/www.uartes.edu.ec\/sitio\/wp-content\/uploads\/2020\/05\/JEFF-150x150.jpg",150,150,true],"medium":["https:\/\/www.uartes.edu.ec\/sitio\/wp-content\/uploads\/2020\/05\/JEFF-300x200.jpg",300,200,true],"medium_large":["https:\/\/www.uartes.edu.ec\/sitio\/wp-content\/uploads\/2020\/05\/JEFF-768x512.jpg",768,512,true],"large":["https:\/\/www.uartes.edu.ec\/sitio\/wp-content\/uploads\/2020\/05\/JEFF-644x430.jpg",644,430,true],"1536x1536":["https:\/\/www.uartes.edu.ec\/sitio\/wp-content\/uploads\/2020\/05\/JEFF-1536x1025.jpg",1536,1025,true],"2048x2048":["https:\/\/www.uartes.edu.ec\/sitio\/wp-content\/uploads\/2020\/05\/JEFF.jpg",2000,1334,false],"trp-custom-language-flag":["https:\/\/www.uartes.edu.ec\/sitio\/wp-content\/uploads\/2020\/05\/JEFF.jpg",18,12,false],"htmega_size_585x295":["https:\/\/www.uartes.edu.ec\/sitio\/wp-content\/uploads\/2020\/05\/JEFF.jpg",442,295,false],"htmega_size_1170x536":["https:\/\/www.uartes.edu.ec\/sitio\/wp-content\/uploads\/2020\/05\/JEFF.jpg",804,536,false],"htmega_size_396x360":["https:\/\/www.uartes.edu.ec\/sitio\/wp-content\/uploads\/2020\/05\/JEFF.jpg",396,264,false],"gb-block-post-grid-landscape":["https:\/\/www.uartes.edu.ec\/sitio\/wp-content\/uploads\/2020\/05\/JEFF.jpg",600,400,false],"gb-block-post-grid-square":["https:\/\/www.uartes.edu.ec\/sitio\/wp-content\/uploads\/2020\/05\/JEFF.jpg",600,400,false],"university-hub-thumb":["https:\/\/www.uartes.edu.ec\/sitio\/wp-content\/uploads\/2020\/05\/JEFF-400x267.jpg",400,267,true]},"uagb_author_info":{"display_name":"Universidad de las Artes","author_link":"https:\/\/www.uartes.edu.ec\/sitio\/fr\/blog\/author\/dircomadm\/"},"uagb_comment_info":0,"uagb_excerpt":"\"La construcci\u00f3n de la ciudad de Guayaquil en las cr\u00f3nicas literarias de Medardo \u00c1ngel Silva y Jorge Martillo\" es el t\u00edtulo de tesis de Jefferson Baldemar Meza Bernal, estudiante de la Escuela de Literatura, quien la sustent\u00f3 en videoconferencia el 9 de abril de 2020.","featured_image_src":"https:\/\/www.uartes.edu.ec\/sitio\/wp-content\/uploads\/2020\/05\/JEFF.jpg","featured_image_src_square":"https:\/\/www.uartes.edu.ec\/sitio\/wp-content\/uploads\/2020\/05\/JEFF.jpg","author_info":{"display_name":"Universidad de las Artes","author_link":"https:\/\/www.uartes.edu.ec\/sitio\/fr\/blog\/author\/dircomadm\/"},"publishpress_future_workflow_manual_trigger":{"enabledWorkflows":[]},"distributor_meta":false,"distributor_terms":false,"distributor_media":false,"distributor_original_site_name":"Universidad de las Artes","distributor_original_site_url":"https:\/\/www.uartes.edu.ec\/sitio\/fr","push-errors":false,"_links":{"self":[{"href":"https:\/\/www.uartes.edu.ec\/sitio\/fr\/wp-json\/wp\/v2\/posts\/6914","targetHints":{"allow":["GET"]}}],"collection":[{"href":"https:\/\/www.uartes.edu.ec\/sitio\/fr\/wp-json\/wp\/v2\/posts"}],"about":[{"href":"https:\/\/www.uartes.edu.ec\/sitio\/fr\/wp-json\/wp\/v2\/types\/post"}],"author":[{"embeddable":true,"href":"https:\/\/www.uartes.edu.ec\/sitio\/fr\/wp-json\/wp\/v2\/users\/1"}],"replies":[{"embeddable":true,"href":"https:\/\/www.uartes.edu.ec\/sitio\/fr\/wp-json\/wp\/v2\/comments?post=6914"}],"version-history":[{"count":1,"href":"https:\/\/www.uartes.edu.ec\/sitio\/fr\/wp-json\/wp\/v2\/posts\/6914\/revisions"}],"predecessor-version":[{"id":6916,"href":"https:\/\/www.uartes.edu.ec\/sitio\/fr\/wp-json\/wp\/v2\/posts\/6914\/revisions\/6916"}],"wp:featuredmedia":[{"embeddable":true,"href":"https:\/\/www.uartes.edu.ec\/sitio\/fr\/wp-json\/wp\/v2\/media\/6915"}],"wp:attachment":[{"href":"https:\/\/www.uartes.edu.ec\/sitio\/fr\/wp-json\/wp\/v2\/media?parent=6914"}],"wp:term":[{"taxonomy":"category","embeddable":true,"href":"https:\/\/www.uartes.edu.ec\/sitio\/fr\/wp-json\/wp\/v2\/categories?post=6914"},{"taxonomy":"post_tag","embeddable":true,"href":"https:\/\/www.uartes.edu.ec\/sitio\/fr\/wp-json\/wp\/v2\/tags?post=6914"},{"taxonomy":"infouartes","embeddable":true,"href":"https:\/\/www.uartes.edu.ec\/sitio\/fr\/wp-json\/wp\/v2\/infouartes?post=6914"}],"curies":[{"name":"wp","href":"https:\/\/api.w.org\/{rel}","templated":true}]}}