{"id":69249,"date":"2025-03-11T15:39:06","date_gmt":"2025-03-11T20:39:06","guid":{"rendered":"https:\/\/www.uartes.edu.ec\/sitio\/?p=69249"},"modified":"2025-03-12T10:39:37","modified_gmt":"2025-03-12T15:39:37","slug":"con-casa-abierta-ruta-saludable-en-ciclo-de-vida-la-uartes-y-el-msp-sensibilizaron-a-comunidad-sobre-riesgos-de-la-obesidad","status":"publish","type":"post","link":"https:\/\/www.uartes.edu.ec\/sitio\/fr\/blog\/2025\/03\/11\/con-casa-abierta-ruta-saludable-en-ciclo-de-vida-la-uartes-y-el-msp-sensibilizaron-a-comunidad-sobre-riesgos-de-la-obesidad\/","title":{"rendered":"Con casa abierta \u201cRuta saludable en ciclo de vida\u201d, la UArtes y el MSP sensibilizaron a comunidad sobre riesgos de la obesidad"},"content":{"rendered":"<p>El pasado 4 de marzo fue el D\u00eda Mundial de la Obesidad, establecido en 2015 por la Federaci\u00f3n Mundial de la Obesidad, y en el marco de la fecha y para sensibilizar a la comunidad universitaria en torno a la enfermedad, la Direcci\u00f3n de Talento Humano de la Universidad de las Artes organiz\u00f3 con el Ministerio de Salud P\u00fablica (MSP) una casa abierta.<\/p>\n\n\n\n<p>Denominada como \u201cRuta saludable en ciclo de vida\u201d tuvo lugar hoy, 11 de marzo, en el Pasaje Illingworth del antiguo Palacio de la Gobernaci\u00f3n, nuestra sede matriz. Desde el Malakita hacia el Malec\u00f3n, se instalaron stands donde nutricionistas y t\u00e9cnicos del MSP dialogaron con el p\u00fablico, dando recomendaciones de c\u00f3mo alimentarse de manera adecuada en todos los ciclos de vida: gestaci\u00f3n, infancia y sus varias etapas, adolescencia, adultez y tercera edad.<\/p>\n\n\n\n<p>\u201cLa Universidad de las Artes viene desarrollando algunas actividades conjuntas con el Ministerio de Salud P\u00fablica, como la charla sobre el VIH y la salud mental que se desarroll\u00f3 el 25 de febrero pasado, y entre las acciones colaborativas que estamos teniendo con la Coordinaci\u00f3n Zonal 8 del MSP estaba la casa abierta \u2018Ruta saludable en ciclo de vida\u2019\u201d, anot\u00f3 J\u00e9ssica Plaza, directora de Talento Humano de la UArtes.<\/p>\n\n\n<div class=\"wp-block-image\">\n<figure class=\"aligncenter size-large\"><img fetchpriority=\"high\" decoding=\"async\" width=\"644\" height=\"429\" src=\"https:\/\/www.uartes.edu.ec\/sitio\/wp-content\/uploads\/2025\/03\/07-DIA-MUNDIAL-CONTRA-LA-OBESIDAD-MINISTERIO-DE-SALUD-PUBLICA-644x429.jpg\" alt=\"\" class=\"wp-image-69251\" srcset=\"https:\/\/www.uartes.edu.ec\/sitio\/wp-content\/uploads\/2025\/03\/07-DIA-MUNDIAL-CONTRA-LA-OBESIDAD-MINISTERIO-DE-SALUD-PUBLICA-644x429.jpg 644w, https:\/\/www.uartes.edu.ec\/sitio\/wp-content\/uploads\/2025\/03\/07-DIA-MUNDIAL-CONTRA-LA-OBESIDAD-MINISTERIO-DE-SALUD-PUBLICA-300x200.jpg 300w, https:\/\/www.uartes.edu.ec\/sitio\/wp-content\/uploads\/2025\/03\/07-DIA-MUNDIAL-CONTRA-LA-OBESIDAD-MINISTERIO-DE-SALUD-PUBLICA-768x512.jpg 768w, https:\/\/www.uartes.edu.ec\/sitio\/wp-content\/uploads\/2025\/03\/07-DIA-MUNDIAL-CONTRA-LA-OBESIDAD-MINISTERIO-DE-SALUD-PUBLICA-1536x1024.jpg 1536w, https:\/\/www.uartes.edu.ec\/sitio\/wp-content\/uploads\/2025\/03\/07-DIA-MUNDIAL-CONTRA-LA-OBESIDAD-MINISTERIO-DE-SALUD-PUBLICA-18x12.jpg 18w, https:\/\/www.uartes.edu.ec\/sitio\/wp-content\/uploads\/2025\/03\/07-DIA-MUNDIAL-CONTRA-LA-OBESIDAD-MINISTERIO-DE-SALUD-PUBLICA-600x400.jpg 600w, https:\/\/www.uartes.edu.ec\/sitio\/wp-content\/uploads\/2025\/03\/07-DIA-MUNDIAL-CONTRA-LA-OBESIDAD-MINISTERIO-DE-SALUD-PUBLICA-400x267.jpg 400w, https:\/\/www.uartes.edu.ec\/sitio\/wp-content\/uploads\/2025\/03\/07-DIA-MUNDIAL-CONTRA-LA-OBESIDAD-MINISTERIO-DE-SALUD-PUBLICA.jpg 2000w\" sizes=\"(max-width: 644px) 100vw, 644px\" \/><\/figure>\n<\/div>\n\n\n<p>Agreg\u00f3 que el MSP solicit\u00f3 el espacio y para la UArtes result\u00f3 importante poder seguir implementando los programas de salud para sus colaboradores y comunidad, las cuales se enmarcan en mejorar las condiciones de vida, \u201cpuesto que no solamente hay que enfocarnos en el riesgo ergon\u00f3mico y en los riesgos espec\u00edficos relacionados con la actividad laboral, sino tambi\u00e9n en las condiciones propias que tienen las personas en sus h\u00e1bitos diarios, las cuales van influyendo de manera cotidiana en su desenvolvimiento\u201d.<\/p>\n\n\n\n<p>En la casa abierta particip\u00f3 no solo la comunidad UArtes, sino el p\u00fablico en general que transita o cumple actividades alrededor del antiguo Palacio de la Gobernaci\u00f3n. As\u00ed, de a poco el Pasaje Illingworth se fue llenando de personas de todas las edades, especialmente de adultos y adultos mayores.<\/p>\n\n\n\n<p>\u00c1lex Benavides, responsable de la gesti\u00f3n zonal de promoci\u00f3n de la salud, manifest\u00f3 que, aunque la actividad desarrollada por el MSP y la UArtes se enfoc\u00f3 en la obesidad como una enfermedad, definida as\u00ed en 1998 por la Organizaci\u00f3n Mundial de la Salud (OMS), en la pr\u00e1ctica se apunt\u00f3 mucho hacia la prevenci\u00f3n. \u201cEs una enfermedad cr\u00f3nica no transmisible y queremos sensibilizar a las personas saludables y a quienes ya tienen alg\u00fan tipo de incidencia\u201d.<\/p>\n\n\n<div class=\"wp-block-image\">\n<figure class=\"aligncenter size-large\"><img decoding=\"async\" width=\"644\" height=\"429\" src=\"https:\/\/www.uartes.edu.ec\/sitio\/wp-content\/uploads\/2025\/03\/02-DIA-MUNDIAL-CONTRA-LA-OBESIDAD-MINISTERIO-DE-SALUD-PUBLICA-644x429.jpg\" alt=\"\" class=\"wp-image-69252\" srcset=\"https:\/\/www.uartes.edu.ec\/sitio\/wp-content\/uploads\/2025\/03\/02-DIA-MUNDIAL-CONTRA-LA-OBESIDAD-MINISTERIO-DE-SALUD-PUBLICA-644x429.jpg 644w, https:\/\/www.uartes.edu.ec\/sitio\/wp-content\/uploads\/2025\/03\/02-DIA-MUNDIAL-CONTRA-LA-OBESIDAD-MINISTERIO-DE-SALUD-PUBLICA-300x200.jpg 300w, https:\/\/www.uartes.edu.ec\/sitio\/wp-content\/uploads\/2025\/03\/02-DIA-MUNDIAL-CONTRA-LA-OBESIDAD-MINISTERIO-DE-SALUD-PUBLICA-768x512.jpg 768w, https:\/\/www.uartes.edu.ec\/sitio\/wp-content\/uploads\/2025\/03\/02-DIA-MUNDIAL-CONTRA-LA-OBESIDAD-MINISTERIO-DE-SALUD-PUBLICA-1536x1024.jpg 1536w, https:\/\/www.uartes.edu.ec\/sitio\/wp-content\/uploads\/2025\/03\/02-DIA-MUNDIAL-CONTRA-LA-OBESIDAD-MINISTERIO-DE-SALUD-PUBLICA-18x12.jpg 18w, https:\/\/www.uartes.edu.ec\/sitio\/wp-content\/uploads\/2025\/03\/02-DIA-MUNDIAL-CONTRA-LA-OBESIDAD-MINISTERIO-DE-SALUD-PUBLICA-600x400.jpg 600w, https:\/\/www.uartes.edu.ec\/sitio\/wp-content\/uploads\/2025\/03\/02-DIA-MUNDIAL-CONTRA-LA-OBESIDAD-MINISTERIO-DE-SALUD-PUBLICA-400x267.jpg 400w, https:\/\/www.uartes.edu.ec\/sitio\/wp-content\/uploads\/2025\/03\/02-DIA-MUNDIAL-CONTRA-LA-OBESIDAD-MINISTERIO-DE-SALUD-PUBLICA.jpg 2000w\" sizes=\"(max-width: 644px) 100vw, 644px\" \/><\/figure>\n<\/div>\n\n\n<p>La obesidad es precursora de otras enfermedades preexistentes, como diabetes, insuficiencia renal e hipertensi\u00f3n, a\u00f1adi\u00f3 Benavides, por ello en la sensibilizaci\u00f3n los especialistas y t\u00e9cnicos del MSP hicieron referencia a todo el ciclo de vida. Explic\u00f3 que como primer paso se busc\u00f3 identificar el problema, de all\u00ed que hubo un stand donde se hizo toma de peso, talla y circunferencia de cintura. Los resultados, dijo, deben animar la b\u00fasqueda de atenci\u00f3n m\u00e9dica para la realizaci\u00f3n de los ex\u00e1menes pertinentes que determinen cada condici\u00f3n.<\/p>\n\n\n\n<p>En el stand mencionado por Benavides, la interna en nutrici\u00f3n Valeria Toasa coment\u00f3 que junto con otros especialistas del MSP se centraron en promover h\u00e1bitos alimentarios saludables, as\u00ed como el ejercicio. \u201cA quienes se acercaron a escucharnos les tomamos las medidas antropom\u00e9tricas: peso, estatura, el \u00edndice de masa corporal con los l\u00edmites de cada uno y la circunferencia de cintura. Los resultados son un indicador de la grasa acumulada y pueden determinar los riesgos cardiovasculares\u201d.<\/p>\n\n\n\n<p>En otro de los stands de la \u201cRuta saludable en ciclo de vida\u201d, los especialistas explicaban acerca de la obesidad durante la gestaci\u00f3n. \u201cLo consideramos importante para poder sensibilizar al p\u00fablico sobre la importancia de una buena alimentaci\u00f3n desde antes del nacimiento. Existe la mala costumbre de decir que la embarazada debe alimentarse por dos, cuando lo correcto es que debe alimentarse para dos. Por dos la lleva a comer m\u00e1s de lo debe, para dos la anima a comer saludable\u201d.<\/p>\n\n\n\n<figure class=\"wp-block-gallery has-nested-images columns-default is-cropped wp-block-gallery-1 is-layout-flex wp-block-gallery-is-layout-flex\">\n<figure class=\"wp-block-image size-large\"><img decoding=\"async\" width=\"644\" height=\"429\" data-id=\"69254\" src=\"https:\/\/www.uartes.edu.ec\/sitio\/wp-content\/uploads\/2025\/03\/01-DIA-MUNDIAL-CONTRA-LA-OBESIDAD-MINISTERIO-DE-SALUD-PUBLICA-644x429.jpg\" alt=\"\" class=\"wp-image-69254\" srcset=\"https:\/\/www.uartes.edu.ec\/sitio\/wp-content\/uploads\/2025\/03\/01-DIA-MUNDIAL-CONTRA-LA-OBESIDAD-MINISTERIO-DE-SALUD-PUBLICA-644x429.jpg 644w, https:\/\/www.uartes.edu.ec\/sitio\/wp-content\/uploads\/2025\/03\/01-DIA-MUNDIAL-CONTRA-LA-OBESIDAD-MINISTERIO-DE-SALUD-PUBLICA-300x200.jpg 300w, https:\/\/www.uartes.edu.ec\/sitio\/wp-content\/uploads\/2025\/03\/01-DIA-MUNDIAL-CONTRA-LA-OBESIDAD-MINISTERIO-DE-SALUD-PUBLICA-768x512.jpg 768w, https:\/\/www.uartes.edu.ec\/sitio\/wp-content\/uploads\/2025\/03\/01-DIA-MUNDIAL-CONTRA-LA-OBESIDAD-MINISTERIO-DE-SALUD-PUBLICA-1536x1024.jpg 1536w, https:\/\/www.uartes.edu.ec\/sitio\/wp-content\/uploads\/2025\/03\/01-DIA-MUNDIAL-CONTRA-LA-OBESIDAD-MINISTERIO-DE-SALUD-PUBLICA-18x12.jpg 18w, https:\/\/www.uartes.edu.ec\/sitio\/wp-content\/uploads\/2025\/03\/01-DIA-MUNDIAL-CONTRA-LA-OBESIDAD-MINISTERIO-DE-SALUD-PUBLICA-600x400.jpg 600w, https:\/\/www.uartes.edu.ec\/sitio\/wp-content\/uploads\/2025\/03\/01-DIA-MUNDIAL-CONTRA-LA-OBESIDAD-MINISTERIO-DE-SALUD-PUBLICA-400x267.jpg 400w, https:\/\/www.uartes.edu.ec\/sitio\/wp-content\/uploads\/2025\/03\/01-DIA-MUNDIAL-CONTRA-LA-OBESIDAD-MINISTERIO-DE-SALUD-PUBLICA.jpg 2000w\" sizes=\"(max-width: 644px) 100vw, 644px\" \/><\/figure>\n\n\n\n<figure class=\"wp-block-image size-large\"><img loading=\"lazy\" decoding=\"async\" width=\"644\" height=\"429\" data-id=\"69253\" src=\"https:\/\/www.uartes.edu.ec\/sitio\/wp-content\/uploads\/2025\/03\/05-DIA-MUNDIAL-CONTRA-LA-OBESIDAD-MINISTERIO-DE-SALUD-PUBLICA-644x429.jpg\" alt=\"\" class=\"wp-image-69253\" srcset=\"https:\/\/www.uartes.edu.ec\/sitio\/wp-content\/uploads\/2025\/03\/05-DIA-MUNDIAL-CONTRA-LA-OBESIDAD-MINISTERIO-DE-SALUD-PUBLICA-644x429.jpg 644w, https:\/\/www.uartes.edu.ec\/sitio\/wp-content\/uploads\/2025\/03\/05-DIA-MUNDIAL-CONTRA-LA-OBESIDAD-MINISTERIO-DE-SALUD-PUBLICA-300x200.jpg 300w, https:\/\/www.uartes.edu.ec\/sitio\/wp-content\/uploads\/2025\/03\/05-DIA-MUNDIAL-CONTRA-LA-OBESIDAD-MINISTERIO-DE-SALUD-PUBLICA-768x512.jpg 768w, https:\/\/www.uartes.edu.ec\/sitio\/wp-content\/uploads\/2025\/03\/05-DIA-MUNDIAL-CONTRA-LA-OBESIDAD-MINISTERIO-DE-SALUD-PUBLICA-1536x1024.jpg 1536w, https:\/\/www.uartes.edu.ec\/sitio\/wp-content\/uploads\/2025\/03\/05-DIA-MUNDIAL-CONTRA-LA-OBESIDAD-MINISTERIO-DE-SALUD-PUBLICA-18x12.jpg 18w, https:\/\/www.uartes.edu.ec\/sitio\/wp-content\/uploads\/2025\/03\/05-DIA-MUNDIAL-CONTRA-LA-OBESIDAD-MINISTERIO-DE-SALUD-PUBLICA-600x400.jpg 600w, https:\/\/www.uartes.edu.ec\/sitio\/wp-content\/uploads\/2025\/03\/05-DIA-MUNDIAL-CONTRA-LA-OBESIDAD-MINISTERIO-DE-SALUD-PUBLICA-400x267.jpg 400w, https:\/\/www.uartes.edu.ec\/sitio\/wp-content\/uploads\/2025\/03\/05-DIA-MUNDIAL-CONTRA-LA-OBESIDAD-MINISTERIO-DE-SALUD-PUBLICA.jpg 2000w\" sizes=\"(max-width: 644px) 100vw, 644px\" \/><\/figure>\n<\/figure>\n\n\n\n<p>Benavides indic\u00f3 que, cuando el ni\u00f1o o la ni\u00f1a nace tiene lactancia materna hasta los seis meses y en adelante se le debe proporcionar alimentos blandos, semiblandos y s\u00f3lidos. Uno de los stands hizo referencia al tema y en el siguiente se trat\u00f3 sobre la alimentaci\u00f3n del ni\u00f1o y del adolescente, considerada una de las etapas m\u00e1s dif\u00edciles. \u201cEstamos proporcionando algunas recomendaciones y tips al respecto y en la \u00faltima mesa de exposiciones hablamos de la alimentaci\u00f3n en el adulto y el adulto mayor\u201d.<\/p>\n\n\n\n<p>En el stand referido por Benavides, la pediatra Marieta Chac\u00f3n mostr\u00f3 con productos lo que debe y no debe llevar la lonchera preescolar y escolar. Una conten\u00eda gaseosas, galletas y varios snacks. Es importante, anot\u00f3 la especialista, observar el sem\u00e1foro nutricional que est\u00e1 impreso en los productos. Es un sistema que permite conocer de manera clara, sencilla y a simple vista la cantidad de calor\u00edas, az\u00facares, grasa, grasa saturada y sal de lo que hemos elegido para consumir.<\/p>\n\n\n\n<p>El sem\u00e1foro es claro: rojo es alto, medio es amarillo y bajo es verde, y cada uno determina la medida que el producto a consumir tiene en grasa, sal y az\u00facar. Significa que estamos consciente de lo que compramos y lo bueno o malo que es para nuestra salud, precis\u00f3.<\/p>\n\n\n<div class=\"wp-block-image\">\n<figure class=\"aligncenter size-large\"><img loading=\"lazy\" decoding=\"async\" width=\"644\" height=\"429\" src=\"https:\/\/www.uartes.edu.ec\/sitio\/wp-content\/uploads\/2025\/03\/03-DIA-MUNDIAL-CONTRA-LA-OBESIDAD-MINISTERIO-DE-SALUD-PUBLICA-644x429.jpg\" alt=\"\" class=\"wp-image-69255\" srcset=\"https:\/\/www.uartes.edu.ec\/sitio\/wp-content\/uploads\/2025\/03\/03-DIA-MUNDIAL-CONTRA-LA-OBESIDAD-MINISTERIO-DE-SALUD-PUBLICA-644x429.jpg 644w, https:\/\/www.uartes.edu.ec\/sitio\/wp-content\/uploads\/2025\/03\/03-DIA-MUNDIAL-CONTRA-LA-OBESIDAD-MINISTERIO-DE-SALUD-PUBLICA-300x200.jpg 300w, https:\/\/www.uartes.edu.ec\/sitio\/wp-content\/uploads\/2025\/03\/03-DIA-MUNDIAL-CONTRA-LA-OBESIDAD-MINISTERIO-DE-SALUD-PUBLICA-768x512.jpg 768w, https:\/\/www.uartes.edu.ec\/sitio\/wp-content\/uploads\/2025\/03\/03-DIA-MUNDIAL-CONTRA-LA-OBESIDAD-MINISTERIO-DE-SALUD-PUBLICA-1536x1024.jpg 1536w, https:\/\/www.uartes.edu.ec\/sitio\/wp-content\/uploads\/2025\/03\/03-DIA-MUNDIAL-CONTRA-LA-OBESIDAD-MINISTERIO-DE-SALUD-PUBLICA-18x12.jpg 18w, https:\/\/www.uartes.edu.ec\/sitio\/wp-content\/uploads\/2025\/03\/03-DIA-MUNDIAL-CONTRA-LA-OBESIDAD-MINISTERIO-DE-SALUD-PUBLICA-600x400.jpg 600w, https:\/\/www.uartes.edu.ec\/sitio\/wp-content\/uploads\/2025\/03\/03-DIA-MUNDIAL-CONTRA-LA-OBESIDAD-MINISTERIO-DE-SALUD-PUBLICA-400x267.jpg 400w, https:\/\/www.uartes.edu.ec\/sitio\/wp-content\/uploads\/2025\/03\/03-DIA-MUNDIAL-CONTRA-LA-OBESIDAD-MINISTERIO-DE-SALUD-PUBLICA.jpg 2000w\" sizes=\"(max-width: 644px) 100vw, 644px\" \/><\/figure>\n<\/div>\n\n\n<p>En el dialog\u00f3 con el p\u00fablico, la pediatra cont\u00f3 con la compa\u00f1\u00eda de un t\u00e9cnico de atenci\u00f3n primaria en salud del MSP, quien mostr\u00f3 otra lonchera que conten\u00eda prote\u00ednas, frutas, cereales, frutos secos y agua, se\u00f1al\u00e1ndola como la recomendable para los ni\u00f1os en etapa preescolar, pero advirti\u00f3 que la lonchera que denomin\u00f3 como saludable no reemplaza el desayuno. \u201cEllos deben romper el ayuno tambi\u00e9n de manera saludable\u201d.<\/p>\n\n\n\n<p>En otro de los stands, los especialistas del MSP ense\u00f1aban acerca de las Gabas, siglas de las Gu\u00edas Alimentarias Basadas en Alimentos, las cuales hacen referencia a la relaci\u00f3n entre alimentos, los patrones de dieta y la salud. Fueron desarrolladas con el fin de incorporar alimentos y tendencias alimentarias en el consumo de los ecuatorianos.&nbsp;<\/p>\n\n\n\n<p>Teniendo como herramienta demostrativa un plato dividido en colores y medidas de un cuarto (1\/4), un sexto (1\/6) y un octavo (1\/8), uno de los t\u00e9cnicos del MSP fue indicando los alimentos que se deben consumir en cada uno de los espacios anotados, entre estos, carbohidratos, prote\u00ednas, frutas, verduras, gram\u00edneas, tub\u00e9rculos y almid\u00f3n.<\/p>\n\n\n\n<p>Benavides reiter\u00f3 que la idea primaria de la casa abierta era la prevenci\u00f3n, \u201cpero si ya existe un diagn\u00f3stico de obesidad en el embarazo, en el ni\u00f1o, en el adolescente, en el adulto y en el adulto mayor, estamos brindando informaci\u00f3n de lo que hay que hacer y qu\u00e9 tipo de ayuda buscar para tratar la enfermedad\u201d. Anot\u00f3, adem\u00e1s, que el Ministerio de Salud P\u00fablica cuenta con la l\u00ednea telef\u00f3nica 171, donde el p\u00fablico marcando la opci\u00f3n dos puede plantear sus inquietudes con respecto a la obesidad y sus afectaciones y recibir gu\u00eda y recomendaciones en torno a la alimentaci\u00f3n\u201d.<\/p>\n\n\n<div class=\"wp-block-image\">\n<figure class=\"aligncenter size-large\"><img loading=\"lazy\" decoding=\"async\" width=\"644\" height=\"429\" src=\"https:\/\/www.uartes.edu.ec\/sitio\/wp-content\/uploads\/2025\/03\/08-DIA-MUNDIAL-CONTRA-LA-OBESIDAD-MINISTERIO-DE-SALUD-PUBLICA-2-644x429.jpg\" alt=\"\" class=\"wp-image-69336\" srcset=\"https:\/\/www.uartes.edu.ec\/sitio\/wp-content\/uploads\/2025\/03\/08-DIA-MUNDIAL-CONTRA-LA-OBESIDAD-MINISTERIO-DE-SALUD-PUBLICA-2-644x429.jpg 644w, https:\/\/www.uartes.edu.ec\/sitio\/wp-content\/uploads\/2025\/03\/08-DIA-MUNDIAL-CONTRA-LA-OBESIDAD-MINISTERIO-DE-SALUD-PUBLICA-2-300x200.jpg 300w, https:\/\/www.uartes.edu.ec\/sitio\/wp-content\/uploads\/2025\/03\/08-DIA-MUNDIAL-CONTRA-LA-OBESIDAD-MINISTERIO-DE-SALUD-PUBLICA-2-768x512.jpg 768w, https:\/\/www.uartes.edu.ec\/sitio\/wp-content\/uploads\/2025\/03\/08-DIA-MUNDIAL-CONTRA-LA-OBESIDAD-MINISTERIO-DE-SALUD-PUBLICA-2-1536x1024.jpg 1536w, https:\/\/www.uartes.edu.ec\/sitio\/wp-content\/uploads\/2025\/03\/08-DIA-MUNDIAL-CONTRA-LA-OBESIDAD-MINISTERIO-DE-SALUD-PUBLICA-2-18x12.jpg 18w, https:\/\/www.uartes.edu.ec\/sitio\/wp-content\/uploads\/2025\/03\/08-DIA-MUNDIAL-CONTRA-LA-OBESIDAD-MINISTERIO-DE-SALUD-PUBLICA-2-600x400.jpg 600w, https:\/\/www.uartes.edu.ec\/sitio\/wp-content\/uploads\/2025\/03\/08-DIA-MUNDIAL-CONTRA-LA-OBESIDAD-MINISTERIO-DE-SALUD-PUBLICA-2-400x267.jpg 400w, https:\/\/www.uartes.edu.ec\/sitio\/wp-content\/uploads\/2025\/03\/08-DIA-MUNDIAL-CONTRA-LA-OBESIDAD-MINISTERIO-DE-SALUD-PUBLICA-2.jpg 2000w\" sizes=\"(max-width: 644px) 100vw, 644px\" \/><\/figure>\n<\/div>\n\n\n<p>Texto y fotos: Carmen Cortez\/Dircom<br>Im\u00e1genes: el ambiente que se vivi\u00f3 en el Pasaje Illingworth durante la casa abierta. Sobre estas l\u00edneas un grupo de funcionarios de la UArtes que acudieron para informarse sobre la \u201cRuta saludable en ciclo de vida\u201d.<\/p>\n\n\n\n<p><\/p>","protected":false},"excerpt":{"rendered":"<p>El pasado 4 de marzo fue el D\u00eda Mundial de la Obesidad y en el marco de la fecha y para sensibilizar a la comunidad sobre la enfermedad, la Direcci\u00f3n de Talento Humano de la UArtes organiz\u00f3 con el Ministerio de Salud P\u00fablica la casa abierta \u201cRuta saludable en ciclo de vida\u201d. Tuvo lugar hoy en el Pasaje Illingworth, donde desde el Malakita hacia el Malec\u00f3n nutricionistas y t\u00e9cnicos del MSP dialogaron del tema con el p\u00fablico.<\/p>","protected":false},"author":10,"featured_media":69250,"comment_status":"open","ping_status":"open","sticky":false,"template":"","format":"standard","meta":{"_acf_changed":false,"_uag_custom_page_level_css":"","_monsterinsights_skip_tracking":false,"_monsterinsights_sitenote_active":false,"_monsterinsights_sitenote_note":"","_monsterinsights_sitenote_category":0,"cybocfi_hide_featured_image":"","footnotes":""},"categories":[438,75,76,77,83],"tags":[517],"infouartes":[],"class_list":["post-69249","post","type-post","status-publish","format-standard","has-post-thumbnail","hentry","category-administrativos","category-docentes","category-estudiantes","category-gestion","category-sedes","tag-exposicion"],"acf":[],"yoast_head":"<!-- This site is optimized with the Yoast SEO plugin v27.4 - https:\/\/yoast.com\/product\/yoast-seo-wordpress\/ -->\n<title>Universidad de las Artes - Con casa abierta \u201cRuta saludable en ciclo de vida\u201d, la UArtes y el MSP sensibilizaron a comunidad sobre riesgos de la obesidad<\/title>\n<meta name=\"description\" content=\"Universidad de las Artes - Con casa abierta \u201cRuta saludable en ciclo de vida\u201d, la UArtes y el MSP sensibilizaron a comunidad sobre riesgos de la obesidad\" \/>\n<meta name=\"robots\" content=\"index, follow, max-snippet:-1, max-image-preview:large, max-video-preview:-1\" \/>\n<link rel=\"canonical\" href=\"https:\/\/www.uartes.edu.ec\/sitio\/fr\/blog\/2025\/03\/11\/con-casa-abierta-ruta-saludable-en-ciclo-de-vida-la-uartes-y-el-msp-sensibilizaron-a-comunidad-sobre-riesgos-de-la-obesidad\/\" \/>\n<meta property=\"og:locale\" content=\"fr_FR\" \/>\n<meta property=\"og:type\" content=\"article\" \/>\n<meta property=\"og:title\" content=\"Universidad de las Artes - Con casa abierta \u201cRuta saludable en ciclo de vida\u201d, la UArtes y el MSP sensibilizaron a comunidad sobre riesgos de la obesidad\" \/>\n<meta property=\"og:description\" content=\"Universidad de las Artes - Con casa abierta \u201cRuta saludable en ciclo de vida\u201d, la UArtes y el MSP sensibilizaron a comunidad sobre riesgos de la obesidad\" \/>\n<meta property=\"og:url\" content=\"https:\/\/www.uartes.edu.ec\/sitio\/fr\/blog\/2025\/03\/11\/con-casa-abierta-ruta-saludable-en-ciclo-de-vida-la-uartes-y-el-msp-sensibilizaron-a-comunidad-sobre-riesgos-de-la-obesidad\/\" \/>\n<meta property=\"og:site_name\" content=\"Universidad de las Artes\" \/>\n<meta property=\"article:publisher\" content=\"https:\/\/www.facebook.com\/uartesec\" \/>\n<meta property=\"article:published_time\" content=\"2025-03-11T20:39:06+00:00\" \/>\n<meta property=\"article:modified_time\" content=\"2025-03-12T15:39:37+00:00\" \/>\n<meta property=\"og:image\" content=\"https:\/\/www.uartes.edu.ec\/sitio\/wp-content\/uploads\/2025\/03\/04-DIA-MUNDIAL-CONTRA-LA-OBESIDAD-MINISTERIO-DE-SALUD-PUBLICA.jpg\" \/>\n\t<meta property=\"og:image:width\" content=\"2000\" \/>\n\t<meta property=\"og:image:height\" content=\"1333\" \/>\n\t<meta property=\"og:image:type\" content=\"image\/jpeg\" \/>\n<meta name=\"author\" content=\"ccortez\" \/>\n<meta name=\"twitter:card\" content=\"summary_large_image\" \/>\n<meta name=\"twitter:creator\" content=\"@uartesec\" \/>\n<meta name=\"twitter:site\" content=\"@uartesec\" \/>\n<meta name=\"twitter:label1\" content=\"\u00c9crit par\" \/>\n\t<meta name=\"twitter:data1\" content=\"ccortez\" \/>\n\t<meta name=\"twitter:label2\" content=\"Dur\u00e9e de lecture estim\u00e9e\" \/>\n\t<meta name=\"twitter:data2\" content=\"7 minutes\" \/>\n<script type=\"application\/ld+json\" class=\"yoast-schema-graph\">{\"@context\":\"https:\\\/\\\/schema.org\",\"@graph\":[{\"@type\":\"Article\",\"@id\":\"https:\\\/\\\/www.uartes.edu.ec\\\/sitio\\\/fr\\\/blog\\\/2025\\\/03\\\/11\\\/con-casa-abierta-ruta-saludable-en-ciclo-de-vida-la-uartes-y-el-msp-sensibilizaron-a-comunidad-sobre-riesgos-de-la-obesidad\\\/#article\",\"isPartOf\":{\"@id\":\"https:\\\/\\\/www.uartes.edu.ec\\\/sitio\\\/fr\\\/blog\\\/2025\\\/03\\\/11\\\/con-casa-abierta-ruta-saludable-en-ciclo-de-vida-la-uartes-y-el-msp-sensibilizaron-a-comunidad-sobre-riesgos-de-la-obesidad\\\/\"},\"author\":{\"name\":\"ccortez\",\"@id\":\"https:\\\/\\\/www.uartes.edu.ec\\\/sitio\\\/fr\\\/#\\\/schema\\\/person\\\/efa1b8275797664fd7f13a79ccc0b1f4\"},\"headline\":\"Con casa abierta \u201cRuta saludable en ciclo de vida\u201d, la UArtes y el MSP sensibilizaron a comunidad sobre riesgos de la obesidad\",\"datePublished\":\"2025-03-11T20:39:06+00:00\",\"dateModified\":\"2025-03-12T15:39:37+00:00\",\"mainEntityOfPage\":{\"@id\":\"https:\\\/\\\/www.uartes.edu.ec\\\/sitio\\\/fr\\\/blog\\\/2025\\\/03\\\/11\\\/con-casa-abierta-ruta-saludable-en-ciclo-de-vida-la-uartes-y-el-msp-sensibilizaron-a-comunidad-sobre-riesgos-de-la-obesidad\\\/\"},\"wordCount\":1278,\"commentCount\":0,\"publisher\":{\"@id\":\"https:\\\/\\\/www.uartes.edu.ec\\\/sitio\\\/fr\\\/#organization\"},\"image\":{\"@id\":\"https:\\\/\\\/www.uartes.edu.ec\\\/sitio\\\/fr\\\/blog\\\/2025\\\/03\\\/11\\\/con-casa-abierta-ruta-saludable-en-ciclo-de-vida-la-uartes-y-el-msp-sensibilizaron-a-comunidad-sobre-riesgos-de-la-obesidad\\\/#primaryimage\"},\"thumbnailUrl\":\"https:\\\/\\\/www.uartes.edu.ec\\\/sitio\\\/wp-content\\\/uploads\\\/2025\\\/03\\\/04-DIA-MUNDIAL-CONTRA-LA-OBESIDAD-MINISTERIO-DE-SALUD-PUBLICA.jpg\",\"keywords\":[\"exposici\u00f3n\"],\"articleSection\":[\"Administrativos\",\"Docentes\",\"Estudiantes\",\"Gesti\u00f3n\",\"Sedes\"],\"inLanguage\":\"fr-FR\",\"potentialAction\":[{\"@type\":\"CommentAction\",\"name\":\"Comment\",\"target\":[\"https:\\\/\\\/www.uartes.edu.ec\\\/sitio\\\/fr\\\/blog\\\/2025\\\/03\\\/11\\\/con-casa-abierta-ruta-saludable-en-ciclo-de-vida-la-uartes-y-el-msp-sensibilizaron-a-comunidad-sobre-riesgos-de-la-obesidad\\\/#respond\"]}]},{\"@type\":[\"WebPage\",\"ItemPage\"],\"@id\":\"https:\\\/\\\/www.uartes.edu.ec\\\/sitio\\\/fr\\\/blog\\\/2025\\\/03\\\/11\\\/con-casa-abierta-ruta-saludable-en-ciclo-de-vida-la-uartes-y-el-msp-sensibilizaron-a-comunidad-sobre-riesgos-de-la-obesidad\\\/\",\"url\":\"https:\\\/\\\/www.uartes.edu.ec\\\/sitio\\\/fr\\\/blog\\\/2025\\\/03\\\/11\\\/con-casa-abierta-ruta-saludable-en-ciclo-de-vida-la-uartes-y-el-msp-sensibilizaron-a-comunidad-sobre-riesgos-de-la-obesidad\\\/\",\"name\":\"Universidad de las Artes - Con casa abierta \u201cRuta saludable en ciclo de vida\u201d, la UArtes y el MSP sensibilizaron a comunidad sobre riesgos de la obesidad\",\"isPartOf\":{\"@id\":\"https:\\\/\\\/www.uartes.edu.ec\\\/sitio\\\/fr\\\/#website\"},\"primaryImageOfPage\":{\"@id\":\"https:\\\/\\\/www.uartes.edu.ec\\\/sitio\\\/fr\\\/blog\\\/2025\\\/03\\\/11\\\/con-casa-abierta-ruta-saludable-en-ciclo-de-vida-la-uartes-y-el-msp-sensibilizaron-a-comunidad-sobre-riesgos-de-la-obesidad\\\/#primaryimage\"},\"image\":{\"@id\":\"https:\\\/\\\/www.uartes.edu.ec\\\/sitio\\\/fr\\\/blog\\\/2025\\\/03\\\/11\\\/con-casa-abierta-ruta-saludable-en-ciclo-de-vida-la-uartes-y-el-msp-sensibilizaron-a-comunidad-sobre-riesgos-de-la-obesidad\\\/#primaryimage\"},\"thumbnailUrl\":\"https:\\\/\\\/www.uartes.edu.ec\\\/sitio\\\/wp-content\\\/uploads\\\/2025\\\/03\\\/04-DIA-MUNDIAL-CONTRA-LA-OBESIDAD-MINISTERIO-DE-SALUD-PUBLICA.jpg\",\"datePublished\":\"2025-03-11T20:39:06+00:00\",\"dateModified\":\"2025-03-12T15:39:37+00:00\",\"description\":\"Universidad de las Artes - Con casa abierta \u201cRuta saludable en ciclo de vida\u201d, la UArtes y el MSP sensibilizaron a comunidad sobre riesgos de la obesidad\",\"breadcrumb\":{\"@id\":\"https:\\\/\\\/www.uartes.edu.ec\\\/sitio\\\/fr\\\/blog\\\/2025\\\/03\\\/11\\\/con-casa-abierta-ruta-saludable-en-ciclo-de-vida-la-uartes-y-el-msp-sensibilizaron-a-comunidad-sobre-riesgos-de-la-obesidad\\\/#breadcrumb\"},\"inLanguage\":\"fr-FR\",\"potentialAction\":[{\"@type\":\"ReadAction\",\"target\":[\"https:\\\/\\\/www.uartes.edu.ec\\\/sitio\\\/fr\\\/blog\\\/2025\\\/03\\\/11\\\/con-casa-abierta-ruta-saludable-en-ciclo-de-vida-la-uartes-y-el-msp-sensibilizaron-a-comunidad-sobre-riesgos-de-la-obesidad\\\/\"]}]},{\"@type\":\"ImageObject\",\"inLanguage\":\"fr-FR\",\"@id\":\"https:\\\/\\\/www.uartes.edu.ec\\\/sitio\\\/fr\\\/blog\\\/2025\\\/03\\\/11\\\/con-casa-abierta-ruta-saludable-en-ciclo-de-vida-la-uartes-y-el-msp-sensibilizaron-a-comunidad-sobre-riesgos-de-la-obesidad\\\/#primaryimage\",\"url\":\"https:\\\/\\\/www.uartes.edu.ec\\\/sitio\\\/wp-content\\\/uploads\\\/2025\\\/03\\\/04-DIA-MUNDIAL-CONTRA-LA-OBESIDAD-MINISTERIO-DE-SALUD-PUBLICA.jpg\",\"contentUrl\":\"https:\\\/\\\/www.uartes.edu.ec\\\/sitio\\\/wp-content\\\/uploads\\\/2025\\\/03\\\/04-DIA-MUNDIAL-CONTRA-LA-OBESIDAD-MINISTERIO-DE-SALUD-PUBLICA.jpg\",\"width\":2000,\"height\":1333},{\"@type\":\"BreadcrumbList\",\"@id\":\"https:\\\/\\\/www.uartes.edu.ec\\\/sitio\\\/fr\\\/blog\\\/2025\\\/03\\\/11\\\/con-casa-abierta-ruta-saludable-en-ciclo-de-vida-la-uartes-y-el-msp-sensibilizaron-a-comunidad-sobre-riesgos-de-la-obesidad\\\/#breadcrumb\",\"itemListElement\":[{\"@type\":\"ListItem\",\"position\":1,\"name\":\"Inicio\",\"item\":\"https:\\\/\\\/www.uartes.edu.ec\\\/sitio\\\/\"},{\"@type\":\"ListItem\",\"position\":2,\"name\":\"Con casa abierta \u201cRuta saludable en ciclo de vida\u201d, la UArtes y el MSP sensibilizaron a comunidad sobre riesgos de la obesidad\"}]},{\"@type\":\"WebSite\",\"@id\":\"https:\\\/\\\/www.uartes.edu.ec\\\/sitio\\\/fr\\\/#website\",\"url\":\"https:\\\/\\\/www.uartes.edu.ec\\\/sitio\\\/fr\\\/\",\"name\":\"Universidad de las Artes\",\"description\":\"Sitio oficial de la Universidad Nacional de las Artes del Ecuador\",\"publisher\":{\"@id\":\"https:\\\/\\\/www.uartes.edu.ec\\\/sitio\\\/fr\\\/#organization\"},\"potentialAction\":[{\"@type\":\"SearchAction\",\"target\":{\"@type\":\"EntryPoint\",\"urlTemplate\":\"https:\\\/\\\/www.uartes.edu.ec\\\/sitio\\\/fr\\\/?s={search_term_string}\"},\"query-input\":{\"@type\":\"PropertyValueSpecification\",\"valueRequired\":true,\"valueName\":\"search_term_string\"}}],\"inLanguage\":\"fr-FR\"},{\"@type\":\"Organization\",\"@id\":\"https:\\\/\\\/www.uartes.edu.ec\\\/sitio\\\/fr\\\/#organization\",\"name\":\"Universidad de las Artes\",\"url\":\"https:\\\/\\\/www.uartes.edu.ec\\\/sitio\\\/fr\\\/\",\"logo\":{\"@type\":\"ImageObject\",\"inLanguage\":\"fr-FR\",\"@id\":\"https:\\\/\\\/www.uartes.edu.ec\\\/sitio\\\/fr\\\/#\\\/schema\\\/logo\\\/image\\\/\",\"url\":\"https:\\\/\\\/www.uartes.edu.ec\\\/sitio\\\/wp-content\\\/uploads\\\/2022\\\/07\\\/logo-ua-horizontal.png\",\"contentUrl\":\"https:\\\/\\\/www.uartes.edu.ec\\\/sitio\\\/wp-content\\\/uploads\\\/2022\\\/07\\\/logo-ua-horizontal.png\",\"width\":800,\"height\":276,\"caption\":\"Universidad de las Artes\"},\"image\":{\"@id\":\"https:\\\/\\\/www.uartes.edu.ec\\\/sitio\\\/fr\\\/#\\\/schema\\\/logo\\\/image\\\/\"},\"sameAs\":[\"https:\\\/\\\/www.facebook.com\\\/uartesec\",\"https:\\\/\\\/x.com\\\/uartesec\",\"https:\\\/\\\/www.tiktok.com\\\/@uartesec\"]},{\"@type\":\"Person\",\"@id\":\"https:\\\/\\\/www.uartes.edu.ec\\\/sitio\\\/fr\\\/#\\\/schema\\\/person\\\/efa1b8275797664fd7f13a79ccc0b1f4\",\"name\":\"ccortez\",\"image\":{\"@type\":\"ImageObject\",\"inLanguage\":\"fr-FR\",\"@id\":\"https:\\\/\\\/secure.gravatar.com\\\/avatar\\\/b2a6f664a3ae8e074346ef91775736c5ec479e637ecced6842de9dc98b5da9cd?s=96&d=mm&r=g\",\"url\":\"https:\\\/\\\/secure.gravatar.com\\\/avatar\\\/b2a6f664a3ae8e074346ef91775736c5ec479e637ecced6842de9dc98b5da9cd?s=96&d=mm&r=g\",\"contentUrl\":\"https:\\\/\\\/secure.gravatar.com\\\/avatar\\\/b2a6f664a3ae8e074346ef91775736c5ec479e637ecced6842de9dc98b5da9cd?s=96&d=mm&r=g\",\"caption\":\"ccortez\"},\"url\":\"https:\\\/\\\/www.uartes.edu.ec\\\/sitio\\\/fr\\\/blog\\\/author\\\/ccortez\\\/\"}]}<\/script>\n<!-- \/ Yoast SEO plugin. -->","yoast_head_json":{"title":"Universidad de las Artes - Con casa abierta \u201cRuta saludable en ciclo de vida\u201d, la UArtes y el MSP sensibilizaron a comunidad sobre riesgos de la obesidad","description":"Universidad de las Artes - Con casa abierta \u201cRuta saludable en ciclo de vida\u201d, la UArtes y el MSP sensibilizaron a comunidad sobre riesgos de la obesidad","robots":{"index":"index","follow":"follow","max-snippet":"max-snippet:-1","max-image-preview":"max-image-preview:large","max-video-preview":"max-video-preview:-1"},"canonical":"https:\/\/www.uartes.edu.ec\/sitio\/fr\/blog\/2025\/03\/11\/con-casa-abierta-ruta-saludable-en-ciclo-de-vida-la-uartes-y-el-msp-sensibilizaron-a-comunidad-sobre-riesgos-de-la-obesidad\/","og_locale":"fr_FR","og_type":"article","og_title":"Universidad de las Artes - Con casa abierta \u201cRuta saludable en ciclo de vida\u201d, la UArtes y el MSP sensibilizaron a comunidad sobre riesgos de la obesidad","og_description":"Universidad de las Artes - Con casa abierta \u201cRuta saludable en ciclo de vida\u201d, la UArtes y el MSP sensibilizaron a comunidad sobre riesgos de la obesidad","og_url":"https:\/\/www.uartes.edu.ec\/sitio\/fr\/blog\/2025\/03\/11\/con-casa-abierta-ruta-saludable-en-ciclo-de-vida-la-uartes-y-el-msp-sensibilizaron-a-comunidad-sobre-riesgos-de-la-obesidad\/","og_site_name":"Universidad de las Artes","article_publisher":"https:\/\/www.facebook.com\/uartesec","article_published_time":"2025-03-11T20:39:06+00:00","article_modified_time":"2025-03-12T15:39:37+00:00","og_image":[{"width":2000,"height":1333,"url":"https:\/\/www.uartes.edu.ec\/sitio\/wp-content\/uploads\/2025\/03\/04-DIA-MUNDIAL-CONTRA-LA-OBESIDAD-MINISTERIO-DE-SALUD-PUBLICA.jpg","type":"image\/jpeg"}],"author":"ccortez","twitter_card":"summary_large_image","twitter_creator":"@uartesec","twitter_site":"@uartesec","twitter_misc":{"\u00c9crit par":"ccortez","Dur\u00e9e de lecture estim\u00e9e":"7 minutes"},"schema":{"@context":"https:\/\/schema.org","@graph":[{"@type":"Article","@id":"https:\/\/www.uartes.edu.ec\/sitio\/fr\/blog\/2025\/03\/11\/con-casa-abierta-ruta-saludable-en-ciclo-de-vida-la-uartes-y-el-msp-sensibilizaron-a-comunidad-sobre-riesgos-de-la-obesidad\/#article","isPartOf":{"@id":"https:\/\/www.uartes.edu.ec\/sitio\/fr\/blog\/2025\/03\/11\/con-casa-abierta-ruta-saludable-en-ciclo-de-vida-la-uartes-y-el-msp-sensibilizaron-a-comunidad-sobre-riesgos-de-la-obesidad\/"},"author":{"name":"ccortez","@id":"https:\/\/www.uartes.edu.ec\/sitio\/fr\/#\/schema\/person\/efa1b8275797664fd7f13a79ccc0b1f4"},"headline":"Con casa abierta \u201cRuta saludable en ciclo de vida\u201d, la UArtes y el MSP sensibilizaron a comunidad sobre riesgos de la obesidad","datePublished":"2025-03-11T20:39:06+00:00","dateModified":"2025-03-12T15:39:37+00:00","mainEntityOfPage":{"@id":"https:\/\/www.uartes.edu.ec\/sitio\/fr\/blog\/2025\/03\/11\/con-casa-abierta-ruta-saludable-en-ciclo-de-vida-la-uartes-y-el-msp-sensibilizaron-a-comunidad-sobre-riesgos-de-la-obesidad\/"},"wordCount":1278,"commentCount":0,"publisher":{"@id":"https:\/\/www.uartes.edu.ec\/sitio\/fr\/#organization"},"image":{"@id":"https:\/\/www.uartes.edu.ec\/sitio\/fr\/blog\/2025\/03\/11\/con-casa-abierta-ruta-saludable-en-ciclo-de-vida-la-uartes-y-el-msp-sensibilizaron-a-comunidad-sobre-riesgos-de-la-obesidad\/#primaryimage"},"thumbnailUrl":"https:\/\/www.uartes.edu.ec\/sitio\/wp-content\/uploads\/2025\/03\/04-DIA-MUNDIAL-CONTRA-LA-OBESIDAD-MINISTERIO-DE-SALUD-PUBLICA.jpg","keywords":["exposici\u00f3n"],"articleSection":["Administrativos","Docentes","Estudiantes","Gesti\u00f3n","Sedes"],"inLanguage":"fr-FR","potentialAction":[{"@type":"CommentAction","name":"Comment","target":["https:\/\/www.uartes.edu.ec\/sitio\/fr\/blog\/2025\/03\/11\/con-casa-abierta-ruta-saludable-en-ciclo-de-vida-la-uartes-y-el-msp-sensibilizaron-a-comunidad-sobre-riesgos-de-la-obesidad\/#respond"]}]},{"@type":["WebPage","ItemPage"],"@id":"https:\/\/www.uartes.edu.ec\/sitio\/fr\/blog\/2025\/03\/11\/con-casa-abierta-ruta-saludable-en-ciclo-de-vida-la-uartes-y-el-msp-sensibilizaron-a-comunidad-sobre-riesgos-de-la-obesidad\/","url":"https:\/\/www.uartes.edu.ec\/sitio\/fr\/blog\/2025\/03\/11\/con-casa-abierta-ruta-saludable-en-ciclo-de-vida-la-uartes-y-el-msp-sensibilizaron-a-comunidad-sobre-riesgos-de-la-obesidad\/","name":"Universidad de las Artes - Con casa abierta \u201cRuta saludable en ciclo de vida\u201d, la UArtes y el MSP sensibilizaron a comunidad sobre riesgos de la obesidad","isPartOf":{"@id":"https:\/\/www.uartes.edu.ec\/sitio\/fr\/#website"},"primaryImageOfPage":{"@id":"https:\/\/www.uartes.edu.ec\/sitio\/fr\/blog\/2025\/03\/11\/con-casa-abierta-ruta-saludable-en-ciclo-de-vida-la-uartes-y-el-msp-sensibilizaron-a-comunidad-sobre-riesgos-de-la-obesidad\/#primaryimage"},"image":{"@id":"https:\/\/www.uartes.edu.ec\/sitio\/fr\/blog\/2025\/03\/11\/con-casa-abierta-ruta-saludable-en-ciclo-de-vida-la-uartes-y-el-msp-sensibilizaron-a-comunidad-sobre-riesgos-de-la-obesidad\/#primaryimage"},"thumbnailUrl":"https:\/\/www.uartes.edu.ec\/sitio\/wp-content\/uploads\/2025\/03\/04-DIA-MUNDIAL-CONTRA-LA-OBESIDAD-MINISTERIO-DE-SALUD-PUBLICA.jpg","datePublished":"2025-03-11T20:39:06+00:00","dateModified":"2025-03-12T15:39:37+00:00","description":"Universidad de las Artes - Con casa abierta \u201cRuta saludable en ciclo de vida\u201d, la UArtes y el MSP sensibilizaron a comunidad sobre riesgos de la obesidad","breadcrumb":{"@id":"https:\/\/www.uartes.edu.ec\/sitio\/fr\/blog\/2025\/03\/11\/con-casa-abierta-ruta-saludable-en-ciclo-de-vida-la-uartes-y-el-msp-sensibilizaron-a-comunidad-sobre-riesgos-de-la-obesidad\/#breadcrumb"},"inLanguage":"fr-FR","potentialAction":[{"@type":"ReadAction","target":["https:\/\/www.uartes.edu.ec\/sitio\/fr\/blog\/2025\/03\/11\/con-casa-abierta-ruta-saludable-en-ciclo-de-vida-la-uartes-y-el-msp-sensibilizaron-a-comunidad-sobre-riesgos-de-la-obesidad\/"]}]},{"@type":"ImageObject","inLanguage":"fr-FR","@id":"https:\/\/www.uartes.edu.ec\/sitio\/fr\/blog\/2025\/03\/11\/con-casa-abierta-ruta-saludable-en-ciclo-de-vida-la-uartes-y-el-msp-sensibilizaron-a-comunidad-sobre-riesgos-de-la-obesidad\/#primaryimage","url":"https:\/\/www.uartes.edu.ec\/sitio\/wp-content\/uploads\/2025\/03\/04-DIA-MUNDIAL-CONTRA-LA-OBESIDAD-MINISTERIO-DE-SALUD-PUBLICA.jpg","contentUrl":"https:\/\/www.uartes.edu.ec\/sitio\/wp-content\/uploads\/2025\/03\/04-DIA-MUNDIAL-CONTRA-LA-OBESIDAD-MINISTERIO-DE-SALUD-PUBLICA.jpg","width":2000,"height":1333},{"@type":"BreadcrumbList","@id":"https:\/\/www.uartes.edu.ec\/sitio\/fr\/blog\/2025\/03\/11\/con-casa-abierta-ruta-saludable-en-ciclo-de-vida-la-uartes-y-el-msp-sensibilizaron-a-comunidad-sobre-riesgos-de-la-obesidad\/#breadcrumb","itemListElement":[{"@type":"ListItem","position":1,"name":"Inicio","item":"https:\/\/www.uartes.edu.ec\/sitio\/"},{"@type":"ListItem","position":2,"name":"Con casa abierta \u201cRuta saludable en ciclo de vida\u201d, la UArtes y el MSP sensibilizaron a comunidad sobre riesgos de la obesidad"}]},{"@type":"WebSite","@id":"https:\/\/www.uartes.edu.ec\/sitio\/fr\/#website","url":"https:\/\/www.uartes.edu.ec\/sitio\/fr\/","name":"Universidad de las Artes","description":"Sitio oficial de la Universidad Nacional de las Artes del Ecuador","publisher":{"@id":"https:\/\/www.uartes.edu.ec\/sitio\/fr\/#organization"},"potentialAction":[{"@type":"SearchAction","target":{"@type":"EntryPoint","urlTemplate":"https:\/\/www.uartes.edu.ec\/sitio\/fr\/?s={search_term_string}"},"query-input":{"@type":"PropertyValueSpecification","valueRequired":true,"valueName":"search_term_string"}}],"inLanguage":"fr-FR"},{"@type":"Organization","@id":"https:\/\/www.uartes.edu.ec\/sitio\/fr\/#organization","name":"Universidad de las Artes","url":"https:\/\/www.uartes.edu.ec\/sitio\/fr\/","logo":{"@type":"ImageObject","inLanguage":"fr-FR","@id":"https:\/\/www.uartes.edu.ec\/sitio\/fr\/#\/schema\/logo\/image\/","url":"https:\/\/www.uartes.edu.ec\/sitio\/wp-content\/uploads\/2022\/07\/logo-ua-horizontal.png","contentUrl":"https:\/\/www.uartes.edu.ec\/sitio\/wp-content\/uploads\/2022\/07\/logo-ua-horizontal.png","width":800,"height":276,"caption":"Universidad de las Artes"},"image":{"@id":"https:\/\/www.uartes.edu.ec\/sitio\/fr\/#\/schema\/logo\/image\/"},"sameAs":["https:\/\/www.facebook.com\/uartesec","https:\/\/x.com\/uartesec","https:\/\/www.tiktok.com\/@uartesec"]},{"@type":"Person","@id":"https:\/\/www.uartes.edu.ec\/sitio\/fr\/#\/schema\/person\/efa1b8275797664fd7f13a79ccc0b1f4","name":"ccortez","image":{"@type":"ImageObject","inLanguage":"fr-FR","@id":"https:\/\/secure.gravatar.com\/avatar\/b2a6f664a3ae8e074346ef91775736c5ec479e637ecced6842de9dc98b5da9cd?s=96&d=mm&r=g","url":"https:\/\/secure.gravatar.com\/avatar\/b2a6f664a3ae8e074346ef91775736c5ec479e637ecced6842de9dc98b5da9cd?s=96&d=mm&r=g","contentUrl":"https:\/\/secure.gravatar.com\/avatar\/b2a6f664a3ae8e074346ef91775736c5ec479e637ecced6842de9dc98b5da9cd?s=96&d=mm&r=g","caption":"ccortez"},"url":"https:\/\/www.uartes.edu.ec\/sitio\/fr\/blog\/author\/ccortez\/"}]}},"uagb_featured_image_src":{"full":["https:\/\/www.uartes.edu.ec\/sitio\/wp-content\/uploads\/2025\/03\/04-DIA-MUNDIAL-CONTRA-LA-OBESIDAD-MINISTERIO-DE-SALUD-PUBLICA.jpg",2000,1333,false],"thumbnail":["https:\/\/www.uartes.edu.ec\/sitio\/wp-content\/uploads\/2025\/03\/04-DIA-MUNDIAL-CONTRA-LA-OBESIDAD-MINISTERIO-DE-SALUD-PUBLICA-150x150.jpg",150,150,true],"medium":["https:\/\/www.uartes.edu.ec\/sitio\/wp-content\/uploads\/2025\/03\/04-DIA-MUNDIAL-CONTRA-LA-OBESIDAD-MINISTERIO-DE-SALUD-PUBLICA-300x200.jpg",300,200,true],"medium_large":["https:\/\/www.uartes.edu.ec\/sitio\/wp-content\/uploads\/2025\/03\/04-DIA-MUNDIAL-CONTRA-LA-OBESIDAD-MINISTERIO-DE-SALUD-PUBLICA-768x512.jpg",768,512,true],"large":["https:\/\/www.uartes.edu.ec\/sitio\/wp-content\/uploads\/2025\/03\/04-DIA-MUNDIAL-CONTRA-LA-OBESIDAD-MINISTERIO-DE-SALUD-PUBLICA-644x429.jpg",644,429,true],"1536x1536":["https:\/\/www.uartes.edu.ec\/sitio\/wp-content\/uploads\/2025\/03\/04-DIA-MUNDIAL-CONTRA-LA-OBESIDAD-MINISTERIO-DE-SALUD-PUBLICA-1536x1024.jpg",1536,1024,true],"2048x2048":["https:\/\/www.uartes.edu.ec\/sitio\/wp-content\/uploads\/2025\/03\/04-DIA-MUNDIAL-CONTRA-LA-OBESIDAD-MINISTERIO-DE-SALUD-PUBLICA.jpg",2000,1333,false],"trp-custom-language-flag":["https:\/\/www.uartes.edu.ec\/sitio\/wp-content\/uploads\/2025\/03\/04-DIA-MUNDIAL-CONTRA-LA-OBESIDAD-MINISTERIO-DE-SALUD-PUBLICA-18x12.jpg",18,12,true],"htmega_size_585x295":["https:\/\/www.uartes.edu.ec\/sitio\/wp-content\/uploads\/2025\/03\/04-DIA-MUNDIAL-CONTRA-LA-OBESIDAD-MINISTERIO-DE-SALUD-PUBLICA-585x295.jpg",585,295,true],"htmega_size_1170x536":["https:\/\/www.uartes.edu.ec\/sitio\/wp-content\/uploads\/2025\/03\/04-DIA-MUNDIAL-CONTRA-LA-OBESIDAD-MINISTERIO-DE-SALUD-PUBLICA-1170x536.jpg",1170,536,true],"htmega_size_396x360":["https:\/\/www.uartes.edu.ec\/sitio\/wp-content\/uploads\/2025\/03\/04-DIA-MUNDIAL-CONTRA-LA-OBESIDAD-MINISTERIO-DE-SALUD-PUBLICA-396x360.jpg",396,360,true],"gb-block-post-grid-landscape":["https:\/\/www.uartes.edu.ec\/sitio\/wp-content\/uploads\/2025\/03\/04-DIA-MUNDIAL-CONTRA-LA-OBESIDAD-MINISTERIO-DE-SALUD-PUBLICA-600x400.jpg",600,400,true],"gb-block-post-grid-square":["https:\/\/www.uartes.edu.ec\/sitio\/wp-content\/uploads\/2025\/03\/04-DIA-MUNDIAL-CONTRA-LA-OBESIDAD-MINISTERIO-DE-SALUD-PUBLICA-600x600.jpg",600,600,true],"university-hub-thumb":["https:\/\/www.uartes.edu.ec\/sitio\/wp-content\/uploads\/2025\/03\/04-DIA-MUNDIAL-CONTRA-LA-OBESIDAD-MINISTERIO-DE-SALUD-PUBLICA-400x267.jpg",400,267,true]},"uagb_author_info":{"display_name":"ccortez","author_link":"https:\/\/www.uartes.edu.ec\/sitio\/fr\/blog\/author\/ccortez\/"},"uagb_comment_info":0,"uagb_excerpt":"El pasado 4 de marzo fue el D\u00eda Mundial de la Obesidad y en el marco de la fecha y para sensibilizar a la comunidad sobre la enfermedad, la Direcci\u00f3n de Talento Humano de la UArtes organiz\u00f3 con el Ministerio de Salud P\u00fablica la casa abierta \u201cRuta saludable en ciclo de vida\u201d. Tuvo lugar hoy\u2026","featured_image_src":"https:\/\/www.uartes.edu.ec\/sitio\/wp-content\/uploads\/2025\/03\/04-DIA-MUNDIAL-CONTRA-LA-OBESIDAD-MINISTERIO-DE-SALUD-PUBLICA-600x400.jpg","featured_image_src_square":"https:\/\/www.uartes.edu.ec\/sitio\/wp-content\/uploads\/2025\/03\/04-DIA-MUNDIAL-CONTRA-LA-OBESIDAD-MINISTERIO-DE-SALUD-PUBLICA-600x600.jpg","author_info":{"display_name":"ccortez","author_link":"https:\/\/www.uartes.edu.ec\/sitio\/fr\/blog\/author\/ccortez\/"},"publishpress_future_workflow_manual_trigger":{"enabledWorkflows":[]},"distributor_meta":false,"distributor_terms":false,"distributor_media":false,"distributor_original_site_name":"Universidad de las Artes","distributor_original_site_url":"https:\/\/www.uartes.edu.ec\/sitio\/fr","push-errors":false,"_links":{"self":[{"href":"https:\/\/www.uartes.edu.ec\/sitio\/fr\/wp-json\/wp\/v2\/posts\/69249","targetHints":{"allow":["GET"]}}],"collection":[{"href":"https:\/\/www.uartes.edu.ec\/sitio\/fr\/wp-json\/wp\/v2\/posts"}],"about":[{"href":"https:\/\/www.uartes.edu.ec\/sitio\/fr\/wp-json\/wp\/v2\/types\/post"}],"author":[{"embeddable":true,"href":"https:\/\/www.uartes.edu.ec\/sitio\/fr\/wp-json\/wp\/v2\/users\/10"}],"replies":[{"embeddable":true,"href":"https:\/\/www.uartes.edu.ec\/sitio\/fr\/wp-json\/wp\/v2\/comments?post=69249"}],"version-history":[{"count":4,"href":"https:\/\/www.uartes.edu.ec\/sitio\/fr\/wp-json\/wp\/v2\/posts\/69249\/revisions"}],"predecessor-version":[{"id":69341,"href":"https:\/\/www.uartes.edu.ec\/sitio\/fr\/wp-json\/wp\/v2\/posts\/69249\/revisions\/69341"}],"wp:featuredmedia":[{"embeddable":true,"href":"https:\/\/www.uartes.edu.ec\/sitio\/fr\/wp-json\/wp\/v2\/media\/69250"}],"wp:attachment":[{"href":"https:\/\/www.uartes.edu.ec\/sitio\/fr\/wp-json\/wp\/v2\/media?parent=69249"}],"wp:term":[{"taxonomy":"category","embeddable":true,"href":"https:\/\/www.uartes.edu.ec\/sitio\/fr\/wp-json\/wp\/v2\/categories?post=69249"},{"taxonomy":"post_tag","embeddable":true,"href":"https:\/\/www.uartes.edu.ec\/sitio\/fr\/wp-json\/wp\/v2\/tags?post=69249"},{"taxonomy":"infouartes","embeddable":true,"href":"https:\/\/www.uartes.edu.ec\/sitio\/fr\/wp-json\/wp\/v2\/infouartes?post=69249"}],"curies":[{"name":"wp","href":"https:\/\/api.w.org\/{rel}","templated":true}]}}