{"id":69348,"date":"2025-02-27T18:27:00","date_gmt":"2025-02-27T23:27:00","guid":{"rendered":"https:\/\/www.uartes.edu.ec\/sitio\/?p=69348"},"modified":"2025-03-12T14:04:09","modified_gmt":"2025-03-12T19:04:09","slug":"alumni-de-posgrado-entre-los-finalistas-y-preseleccionados-del-concurso-professional-2025-de-sony-world-photography-awards","status":"publish","type":"post","link":"https:\/\/www.uartes.edu.ec\/sitio\/fr\/blog\/2025\/02\/27\/alumni-de-posgrado-entre-los-finalistas-y-preseleccionados-del-concurso-professional-2025-de-sony-world-photography-awards\/","title":{"rendered":"Alumni de posgrado entre los finalistas y preseleccionados del concurso Professional 2025 de Sony World Photography Awards"},"content":{"rendered":"<p>Las alumni Yinna Higuera y Mar\u00eda Gabriela Portaluppi, graduadas de la Escuela de Posgrados de la Universidad de las Artes en las maestr\u00edas de Fotograf\u00eda y Sociedad en Am\u00e9rica Latina y de Cine Documental, respectivamente, llegaron a la preselecci\u00f3n y final del concurso Professional 2025 de los Sony World Photography Awards, considerado uno de los m\u00e1s importantes encuentros en el calendario fotogr\u00e1fico mundial.<\/p>\n\n\n\n<p>La informaci\u00f3n la comparti\u00f3 el artista y docente Cristian Villavicencio, director de la Escuela de Posgrados, quien expres\u00f3 su satisfacci\u00f3n, pues evidencia los resultados de sus talentos y de los conocimientos adquiridos y compartidos al cursar las maestr\u00edas de la Universidad de las Artes. Record\u00f3 que las alumni Higuera y Portaluppi han tenido otras experiencias internacionales, como la exposici\u00f3n en la que intervinieron juntas en el marco de la circulaci\u00f3n de obra art\u00edstica efectuada en 2024 en la Universidad de Nari\u00f1o (Colombia).<\/p>\n\n\n\n<p>Del Sony World Photography Awards, vale destacar que es producido por la World Photography Organisation, una plataforma global l\u00edder dedicada al desarrollo y a la promoci\u00f3n de la cultura fotogr\u00e1fica que lleva adelante iniciativas en ese \u00e1mbito, as\u00ed como en cine y arte contempor\u00e1neo. Sus iniciativas de programas y concursos ofrecen valiosas oportunidades para los artistas que trabajan con la fotograf\u00eda y ayudan a ampliar el debate alrededor de su trabajo.<\/p>\n\n\n\n<h3 class=\"wp-block-heading\">Presentes en dos de las 10 categor\u00edas<\/h3>\n\n\n\n<p>La edici\u00f3n a la que Mar\u00eda Gabriela Portaluppi y Yinna Higuera respondieron del Professional 2025 es la decimoctava y tiene diez categor\u00edas: Architecture &amp; Design (Arquitectura Y Dise\u00f1o), Creative (Creatividad), Documentary Projects (Proyectos de Documentaci\u00f3n), Environment (Medioambiente), Landscape (Paisaje), Perspectives (Perspectivas), Portraiture (Retrato), Sport (Deporte), Still Life (Naturaleza Muerta) y Wildlife &amp; Nature (Vida Salvaje y Naturaleza).<\/p>\n\n\n\n<p>Los diez ganadores del Professional 2025 se escoger\u00e1n de entre los 30 finalistas y se anunciar\u00e1n en una ceremonia especial el 16 de abril en Londres. Seg\u00fan el sitio web del certamen, de entre los fot\u00f3grafos finalistas y preseleccionados se har\u00e1 una selecci\u00f3n de im\u00e1genes que se presentar\u00e1 por primera vez como parte de los Sony World Photography Awards 2025 en el centro cultural Somerset House de Londres del 17 de abril al 5 de mayo pr\u00f3ximos, desde donde se trasladar\u00e1 a otras localizaciones.<\/p>\n\n\n\n<p>En el Professional 2025 de los Sony World Photography Awards 2025, la mag\u00edster en Cine Documental Mar\u00eda Gabriela Portaluppi particip\u00f3 en la categor\u00eda Environment (Medioambiente) con el proyecto \u201cLa espera\u201d, un trabajo fotogr\u00e1fico resultado de la investigaci\u00f3n de campo realizada para la ejecuci\u00f3n del documental \u201cLa ciudad que devora cerros y se traga esteros\u201d. Su propuesta se encuentra entre los tres finalistas del apartado, los otros son Crist\u00f3bal Olivares, de Chile, y Nicol\u00e1s Garrido Huguet, de Per\u00fa.<\/p>\n\n\n\n<p>Yinna Higuera, mag\u00edster en Fotograf\u00eda y Sociedad en Am\u00e9rica Latina, particip\u00f3 el Professional 2025 en la categor\u00eda Creative (Creatividad) con el proyecto \u201cHuellas\u201d, en el que explora la profunda relaci\u00f3n entre las mujeres y la tierra. Su obra se encuentra en el apartado entre las propuestas preseleccionadas, junto a las de concursantes de Reino Unido, Brasil, Italia, Uruguay e Italia.<\/p>\n\n\n\n<p>Foto de portada: corresponde a la exposici\u00f3n \u201cEncuentros fronterizos de pr\u00e1cticas art\u00edsticas\u201d que se realiz\u00f3 en el Centro Cultural Palatino de la Universidad de Nari\u00f1o (Udenar) en el 2024 y donde tuvieron destacadas participaci\u00f3n las alumni Yinna Higuera y Mar\u00eda Gabriela Portaluppi.<\/p>\n\n\n\n<p>Texto: con informaci\u00f3n del sitio web <a href=\"https:\/\/www.sony.es\/presscentre\/competicion-profesional-finalistas-y-preseleccionados\">https:\/\/www.sony.es\/presscentre\/competicion-profesional-finalistas-y-preseleccionados<\/a><\/p>\n\n\n\n<p><\/p>","protected":false},"excerpt":{"rendered":"<p>Las alumni Yinna Higuera y Mar\u00eda Gabriela Portaluppi, graduadas de la Escuela de Posgrados de la UArtes en las maestr\u00edas de Fotograf\u00eda y Sociedad en Am\u00e9rica Latina y de Cine Documental, respectivamente, llegaron a la preselecci\u00f3n y final del concurso Professional 2025 de los Sony World Photography Awards. Antes, en mayo de 2024 y en el marco de la circulaci\u00f3n internacional de obra art\u00edstica, expusieron en la Universidad de Nari\u00f1o.<\/p>","protected":false},"author":10,"featured_media":55783,"comment_status":"open","ping_status":"open","sticky":false,"template":"","format":"standard","meta":{"_acf_changed":false,"_uag_custom_page_level_css":"","_monsterinsights_skip_tracking":false,"_monsterinsights_sitenote_active":false,"_monsterinsights_sitenote_note":"","_monsterinsights_sitenote_category":0,"cybocfi_hide_featured_image":"","footnotes":""},"categories":[80,490,82,264],"tags":[1323],"infouartes":[],"class_list":["post-69348","post","type-post","status-publish","format-standard","has-post-thumbnail","hentry","category-academico","category-alumni","category-artes","category-maestrias","tag-internacionalizacion"],"acf":[],"yoast_head":"<!-- This site is optimized with the Yoast SEO plugin v27.4 - https:\/\/yoast.com\/product\/yoast-seo-wordpress\/ -->\n<title>Universidad de las Artes - Alumni de posgrado entre los finalistas y preseleccionados del concurso Professional 2025 de Sony World Photography Awards<\/title>\n<meta name=\"description\" content=\"Universidad de las Artes - Alumni de posgrado entre los finalistas y preseleccionados del concurso Professional 2025 de Sony World Photography Awards\" \/>\n<meta name=\"robots\" content=\"index, follow, max-snippet:-1, max-image-preview:large, max-video-preview:-1\" \/>\n<link rel=\"canonical\" href=\"https:\/\/www.uartes.edu.ec\/sitio\/fr\/blog\/2025\/02\/27\/alumni-de-posgrado-entre-los-finalistas-y-preseleccionados-del-concurso-professional-2025-de-sony-world-photography-awards\/\" \/>\n<meta property=\"og:locale\" content=\"fr_FR\" \/>\n<meta property=\"og:type\" content=\"article\" \/>\n<meta property=\"og:title\" content=\"Universidad de las Artes - Alumni de posgrado entre los finalistas y preseleccionados del concurso Professional 2025 de Sony World Photography Awards\" \/>\n<meta property=\"og:description\" content=\"Universidad de las Artes - Alumni de posgrado entre los finalistas y preseleccionados del concurso Professional 2025 de Sony World Photography Awards\" \/>\n<meta property=\"og:url\" content=\"https:\/\/www.uartes.edu.ec\/sitio\/fr\/blog\/2025\/02\/27\/alumni-de-posgrado-entre-los-finalistas-y-preseleccionados-del-concurso-professional-2025-de-sony-world-photography-awards\/\" \/>\n<meta property=\"og:site_name\" content=\"Universidad de las Artes\" \/>\n<meta property=\"article:publisher\" content=\"https:\/\/www.facebook.com\/uartesec\" \/>\n<meta property=\"article:published_time\" content=\"2025-02-27T23:27:00+00:00\" \/>\n<meta property=\"article:modified_time\" content=\"2025-03-12T19:04:09+00:00\" \/>\n<meta property=\"og:image\" content=\"https:\/\/www.uartes.edu.ec\/sitio\/wp-content\/uploads\/2024\/06\/06-UARTES-NARINO-FOTOS-DE-NARINO-1.jpg\" \/>\n\t<meta property=\"og:image:width\" content=\"2000\" \/>\n\t<meta property=\"og:image:height\" content=\"1333\" \/>\n\t<meta property=\"og:image:type\" content=\"image\/jpeg\" \/>\n<meta name=\"author\" content=\"ccortez\" \/>\n<meta name=\"twitter:card\" content=\"summary_large_image\" \/>\n<meta name=\"twitter:creator\" content=\"@uartesec\" \/>\n<meta name=\"twitter:site\" content=\"@uartesec\" \/>\n<meta name=\"twitter:label1\" content=\"\u00c9crit par\" \/>\n\t<meta name=\"twitter:data1\" content=\"ccortez\" \/>\n\t<meta name=\"twitter:label2\" content=\"Dur\u00e9e de lecture estim\u00e9e\" \/>\n\t<meta name=\"twitter:data2\" content=\"3 minutes\" \/>\n<script type=\"application\/ld+json\" class=\"yoast-schema-graph\">{\"@context\":\"https:\\\/\\\/schema.org\",\"@graph\":[{\"@type\":\"Article\",\"@id\":\"https:\\\/\\\/www.uartes.edu.ec\\\/sitio\\\/fr\\\/blog\\\/2025\\\/02\\\/27\\\/alumni-de-posgrado-entre-los-finalistas-y-preseleccionados-del-concurso-professional-2025-de-sony-world-photography-awards\\\/#article\",\"isPartOf\":{\"@id\":\"https:\\\/\\\/www.uartes.edu.ec\\\/sitio\\\/fr\\\/blog\\\/2025\\\/02\\\/27\\\/alumni-de-posgrado-entre-los-finalistas-y-preseleccionados-del-concurso-professional-2025-de-sony-world-photography-awards\\\/\"},\"author\":{\"name\":\"ccortez\",\"@id\":\"https:\\\/\\\/www.uartes.edu.ec\\\/sitio\\\/fr\\\/#\\\/schema\\\/person\\\/efa1b8275797664fd7f13a79ccc0b1f4\"},\"headline\":\"Alumni de posgrado entre los finalistas y preseleccionados del concurso Professional 2025 de Sony World Photography Awards\",\"datePublished\":\"2025-02-27T23:27:00+00:00\",\"dateModified\":\"2025-03-12T19:04:09+00:00\",\"mainEntityOfPage\":{\"@id\":\"https:\\\/\\\/www.uartes.edu.ec\\\/sitio\\\/fr\\\/blog\\\/2025\\\/02\\\/27\\\/alumni-de-posgrado-entre-los-finalistas-y-preseleccionados-del-concurso-professional-2025-de-sony-world-photography-awards\\\/\"},\"wordCount\":609,\"commentCount\":0,\"publisher\":{\"@id\":\"https:\\\/\\\/www.uartes.edu.ec\\\/sitio\\\/fr\\\/#organization\"},\"image\":{\"@id\":\"https:\\\/\\\/www.uartes.edu.ec\\\/sitio\\\/fr\\\/blog\\\/2025\\\/02\\\/27\\\/alumni-de-posgrado-entre-los-finalistas-y-preseleccionados-del-concurso-professional-2025-de-sony-world-photography-awards\\\/#primaryimage\"},\"thumbnailUrl\":\"https:\\\/\\\/www.uartes.edu.ec\\\/sitio\\\/wp-content\\\/uploads\\\/2024\\\/06\\\/06-UARTES-NARINO-FOTOS-DE-NARINO-1.jpg\",\"keywords\":[\"internacionalizaci\u00f3n\"],\"articleSection\":[\"Acad\u00e9mico\",\"Alumni\",\"Artes\",\"Maestr\u00edas\"],\"inLanguage\":\"fr-FR\",\"potentialAction\":[{\"@type\":\"CommentAction\",\"name\":\"Comment\",\"target\":[\"https:\\\/\\\/www.uartes.edu.ec\\\/sitio\\\/fr\\\/blog\\\/2025\\\/02\\\/27\\\/alumni-de-posgrado-entre-los-finalistas-y-preseleccionados-del-concurso-professional-2025-de-sony-world-photography-awards\\\/#respond\"]}]},{\"@type\":[\"WebPage\",\"ItemPage\"],\"@id\":\"https:\\\/\\\/www.uartes.edu.ec\\\/sitio\\\/fr\\\/blog\\\/2025\\\/02\\\/27\\\/alumni-de-posgrado-entre-los-finalistas-y-preseleccionados-del-concurso-professional-2025-de-sony-world-photography-awards\\\/\",\"url\":\"https:\\\/\\\/www.uartes.edu.ec\\\/sitio\\\/fr\\\/blog\\\/2025\\\/02\\\/27\\\/alumni-de-posgrado-entre-los-finalistas-y-preseleccionados-del-concurso-professional-2025-de-sony-world-photography-awards\\\/\",\"name\":\"Universidad de las Artes - Alumni de posgrado entre los finalistas y preseleccionados del concurso Professional 2025 de Sony World Photography Awards\",\"isPartOf\":{\"@id\":\"https:\\\/\\\/www.uartes.edu.ec\\\/sitio\\\/fr\\\/#website\"},\"primaryImageOfPage\":{\"@id\":\"https:\\\/\\\/www.uartes.edu.ec\\\/sitio\\\/fr\\\/blog\\\/2025\\\/02\\\/27\\\/alumni-de-posgrado-entre-los-finalistas-y-preseleccionados-del-concurso-professional-2025-de-sony-world-photography-awards\\\/#primaryimage\"},\"image\":{\"@id\":\"https:\\\/\\\/www.uartes.edu.ec\\\/sitio\\\/fr\\\/blog\\\/2025\\\/02\\\/27\\\/alumni-de-posgrado-entre-los-finalistas-y-preseleccionados-del-concurso-professional-2025-de-sony-world-photography-awards\\\/#primaryimage\"},\"thumbnailUrl\":\"https:\\\/\\\/www.uartes.edu.ec\\\/sitio\\\/wp-content\\\/uploads\\\/2024\\\/06\\\/06-UARTES-NARINO-FOTOS-DE-NARINO-1.jpg\",\"datePublished\":\"2025-02-27T23:27:00+00:00\",\"dateModified\":\"2025-03-12T19:04:09+00:00\",\"description\":\"Universidad de las Artes - Alumni de posgrado entre los finalistas y preseleccionados del concurso Professional 2025 de Sony World Photography Awards\",\"breadcrumb\":{\"@id\":\"https:\\\/\\\/www.uartes.edu.ec\\\/sitio\\\/fr\\\/blog\\\/2025\\\/02\\\/27\\\/alumni-de-posgrado-entre-los-finalistas-y-preseleccionados-del-concurso-professional-2025-de-sony-world-photography-awards\\\/#breadcrumb\"},\"inLanguage\":\"fr-FR\",\"potentialAction\":[{\"@type\":\"ReadAction\",\"target\":[\"https:\\\/\\\/www.uartes.edu.ec\\\/sitio\\\/fr\\\/blog\\\/2025\\\/02\\\/27\\\/alumni-de-posgrado-entre-los-finalistas-y-preseleccionados-del-concurso-professional-2025-de-sony-world-photography-awards\\\/\"]}]},{\"@type\":\"ImageObject\",\"inLanguage\":\"fr-FR\",\"@id\":\"https:\\\/\\\/www.uartes.edu.ec\\\/sitio\\\/fr\\\/blog\\\/2025\\\/02\\\/27\\\/alumni-de-posgrado-entre-los-finalistas-y-preseleccionados-del-concurso-professional-2025-de-sony-world-photography-awards\\\/#primaryimage\",\"url\":\"https:\\\/\\\/www.uartes.edu.ec\\\/sitio\\\/wp-content\\\/uploads\\\/2024\\\/06\\\/06-UARTES-NARINO-FOTOS-DE-NARINO-1.jpg\",\"contentUrl\":\"https:\\\/\\\/www.uartes.edu.ec\\\/sitio\\\/wp-content\\\/uploads\\\/2024\\\/06\\\/06-UARTES-NARINO-FOTOS-DE-NARINO-1.jpg\",\"width\":2000,\"height\":1333},{\"@type\":\"BreadcrumbList\",\"@id\":\"https:\\\/\\\/www.uartes.edu.ec\\\/sitio\\\/fr\\\/blog\\\/2025\\\/02\\\/27\\\/alumni-de-posgrado-entre-los-finalistas-y-preseleccionados-del-concurso-professional-2025-de-sony-world-photography-awards\\\/#breadcrumb\",\"itemListElement\":[{\"@type\":\"ListItem\",\"position\":1,\"name\":\"Inicio\",\"item\":\"https:\\\/\\\/www.uartes.edu.ec\\\/sitio\\\/\"},{\"@type\":\"ListItem\",\"position\":2,\"name\":\"Alumni de posgrado entre los finalistas y preseleccionados del concurso Professional 2025 de Sony World Photography Awards\"}]},{\"@type\":\"WebSite\",\"@id\":\"https:\\\/\\\/www.uartes.edu.ec\\\/sitio\\\/fr\\\/#website\",\"url\":\"https:\\\/\\\/www.uartes.edu.ec\\\/sitio\\\/fr\\\/\",\"name\":\"Universidad de las Artes\",\"description\":\"Sitio oficial de la Universidad Nacional de las Artes del Ecuador\",\"publisher\":{\"@id\":\"https:\\\/\\\/www.uartes.edu.ec\\\/sitio\\\/fr\\\/#organization\"},\"potentialAction\":[{\"@type\":\"SearchAction\",\"target\":{\"@type\":\"EntryPoint\",\"urlTemplate\":\"https:\\\/\\\/www.uartes.edu.ec\\\/sitio\\\/fr\\\/?s={search_term_string}\"},\"query-input\":{\"@type\":\"PropertyValueSpecification\",\"valueRequired\":true,\"valueName\":\"search_term_string\"}}],\"inLanguage\":\"fr-FR\"},{\"@type\":\"Organization\",\"@id\":\"https:\\\/\\\/www.uartes.edu.ec\\\/sitio\\\/fr\\\/#organization\",\"name\":\"Universidad de las Artes\",\"url\":\"https:\\\/\\\/www.uartes.edu.ec\\\/sitio\\\/fr\\\/\",\"logo\":{\"@type\":\"ImageObject\",\"inLanguage\":\"fr-FR\",\"@id\":\"https:\\\/\\\/www.uartes.edu.ec\\\/sitio\\\/fr\\\/#\\\/schema\\\/logo\\\/image\\\/\",\"url\":\"https:\\\/\\\/www.uartes.edu.ec\\\/sitio\\\/wp-content\\\/uploads\\\/2022\\\/07\\\/logo-ua-horizontal.png\",\"contentUrl\":\"https:\\\/\\\/www.uartes.edu.ec\\\/sitio\\\/wp-content\\\/uploads\\\/2022\\\/07\\\/logo-ua-horizontal.png\",\"width\":800,\"height\":276,\"caption\":\"Universidad de las Artes\"},\"image\":{\"@id\":\"https:\\\/\\\/www.uartes.edu.ec\\\/sitio\\\/fr\\\/#\\\/schema\\\/logo\\\/image\\\/\"},\"sameAs\":[\"https:\\\/\\\/www.facebook.com\\\/uartesec\",\"https:\\\/\\\/x.com\\\/uartesec\",\"https:\\\/\\\/www.tiktok.com\\\/@uartesec\"]},{\"@type\":\"Person\",\"@id\":\"https:\\\/\\\/www.uartes.edu.ec\\\/sitio\\\/fr\\\/#\\\/schema\\\/person\\\/efa1b8275797664fd7f13a79ccc0b1f4\",\"name\":\"ccortez\",\"image\":{\"@type\":\"ImageObject\",\"inLanguage\":\"fr-FR\",\"@id\":\"https:\\\/\\\/secure.gravatar.com\\\/avatar\\\/b2a6f664a3ae8e074346ef91775736c5ec479e637ecced6842de9dc98b5da9cd?s=96&d=mm&r=g\",\"url\":\"https:\\\/\\\/secure.gravatar.com\\\/avatar\\\/b2a6f664a3ae8e074346ef91775736c5ec479e637ecced6842de9dc98b5da9cd?s=96&d=mm&r=g\",\"contentUrl\":\"https:\\\/\\\/secure.gravatar.com\\\/avatar\\\/b2a6f664a3ae8e074346ef91775736c5ec479e637ecced6842de9dc98b5da9cd?s=96&d=mm&r=g\",\"caption\":\"ccortez\"},\"url\":\"https:\\\/\\\/www.uartes.edu.ec\\\/sitio\\\/fr\\\/blog\\\/author\\\/ccortez\\\/\"}]}<\/script>\n<!-- \/ Yoast SEO plugin. -->","yoast_head_json":{"title":"Universidad de las Artes - Alumni de posgrado entre los finalistas y preseleccionados del concurso Professional 2025 de Sony World Photography Awards","description":"Universidad de las Artes - Alumni de posgrado entre los finalistas y preseleccionados del concurso Professional 2025 de Sony World Photography Awards","robots":{"index":"index","follow":"follow","max-snippet":"max-snippet:-1","max-image-preview":"max-image-preview:large","max-video-preview":"max-video-preview:-1"},"canonical":"https:\/\/www.uartes.edu.ec\/sitio\/fr\/blog\/2025\/02\/27\/alumni-de-posgrado-entre-los-finalistas-y-preseleccionados-del-concurso-professional-2025-de-sony-world-photography-awards\/","og_locale":"fr_FR","og_type":"article","og_title":"Universidad de las Artes - Alumni de posgrado entre los finalistas y preseleccionados del concurso Professional 2025 de Sony World Photography Awards","og_description":"Universidad de las Artes - Alumni de posgrado entre los finalistas y preseleccionados del concurso Professional 2025 de Sony World Photography Awards","og_url":"https:\/\/www.uartes.edu.ec\/sitio\/fr\/blog\/2025\/02\/27\/alumni-de-posgrado-entre-los-finalistas-y-preseleccionados-del-concurso-professional-2025-de-sony-world-photography-awards\/","og_site_name":"Universidad de las Artes","article_publisher":"https:\/\/www.facebook.com\/uartesec","article_published_time":"2025-02-27T23:27:00+00:00","article_modified_time":"2025-03-12T19:04:09+00:00","og_image":[{"width":2000,"height":1333,"url":"https:\/\/www.uartes.edu.ec\/sitio\/wp-content\/uploads\/2024\/06\/06-UARTES-NARINO-FOTOS-DE-NARINO-1.jpg","type":"image\/jpeg"}],"author":"ccortez","twitter_card":"summary_large_image","twitter_creator":"@uartesec","twitter_site":"@uartesec","twitter_misc":{"\u00c9crit par":"ccortez","Dur\u00e9e de lecture estim\u00e9e":"3 minutes"},"schema":{"@context":"https:\/\/schema.org","@graph":[{"@type":"Article","@id":"https:\/\/www.uartes.edu.ec\/sitio\/fr\/blog\/2025\/02\/27\/alumni-de-posgrado-entre-los-finalistas-y-preseleccionados-del-concurso-professional-2025-de-sony-world-photography-awards\/#article","isPartOf":{"@id":"https:\/\/www.uartes.edu.ec\/sitio\/fr\/blog\/2025\/02\/27\/alumni-de-posgrado-entre-los-finalistas-y-preseleccionados-del-concurso-professional-2025-de-sony-world-photography-awards\/"},"author":{"name":"ccortez","@id":"https:\/\/www.uartes.edu.ec\/sitio\/fr\/#\/schema\/person\/efa1b8275797664fd7f13a79ccc0b1f4"},"headline":"Alumni de posgrado entre los finalistas y preseleccionados del concurso Professional 2025 de Sony World Photography Awards","datePublished":"2025-02-27T23:27:00+00:00","dateModified":"2025-03-12T19:04:09+00:00","mainEntityOfPage":{"@id":"https:\/\/www.uartes.edu.ec\/sitio\/fr\/blog\/2025\/02\/27\/alumni-de-posgrado-entre-los-finalistas-y-preseleccionados-del-concurso-professional-2025-de-sony-world-photography-awards\/"},"wordCount":609,"commentCount":0,"publisher":{"@id":"https:\/\/www.uartes.edu.ec\/sitio\/fr\/#organization"},"image":{"@id":"https:\/\/www.uartes.edu.ec\/sitio\/fr\/blog\/2025\/02\/27\/alumni-de-posgrado-entre-los-finalistas-y-preseleccionados-del-concurso-professional-2025-de-sony-world-photography-awards\/#primaryimage"},"thumbnailUrl":"https:\/\/www.uartes.edu.ec\/sitio\/wp-content\/uploads\/2024\/06\/06-UARTES-NARINO-FOTOS-DE-NARINO-1.jpg","keywords":["internacionalizaci\u00f3n"],"articleSection":["Acad\u00e9mico","Alumni","Artes","Maestr\u00edas"],"inLanguage":"fr-FR","potentialAction":[{"@type":"CommentAction","name":"Comment","target":["https:\/\/www.uartes.edu.ec\/sitio\/fr\/blog\/2025\/02\/27\/alumni-de-posgrado-entre-los-finalistas-y-preseleccionados-del-concurso-professional-2025-de-sony-world-photography-awards\/#respond"]}]},{"@type":["WebPage","ItemPage"],"@id":"https:\/\/www.uartes.edu.ec\/sitio\/fr\/blog\/2025\/02\/27\/alumni-de-posgrado-entre-los-finalistas-y-preseleccionados-del-concurso-professional-2025-de-sony-world-photography-awards\/","url":"https:\/\/www.uartes.edu.ec\/sitio\/fr\/blog\/2025\/02\/27\/alumni-de-posgrado-entre-los-finalistas-y-preseleccionados-del-concurso-professional-2025-de-sony-world-photography-awards\/","name":"Universidad de las Artes - Alumni de posgrado entre los finalistas y preseleccionados del concurso Professional 2025 de Sony World Photography Awards","isPartOf":{"@id":"https:\/\/www.uartes.edu.ec\/sitio\/fr\/#website"},"primaryImageOfPage":{"@id":"https:\/\/www.uartes.edu.ec\/sitio\/fr\/blog\/2025\/02\/27\/alumni-de-posgrado-entre-los-finalistas-y-preseleccionados-del-concurso-professional-2025-de-sony-world-photography-awards\/#primaryimage"},"image":{"@id":"https:\/\/www.uartes.edu.ec\/sitio\/fr\/blog\/2025\/02\/27\/alumni-de-posgrado-entre-los-finalistas-y-preseleccionados-del-concurso-professional-2025-de-sony-world-photography-awards\/#primaryimage"},"thumbnailUrl":"https:\/\/www.uartes.edu.ec\/sitio\/wp-content\/uploads\/2024\/06\/06-UARTES-NARINO-FOTOS-DE-NARINO-1.jpg","datePublished":"2025-02-27T23:27:00+00:00","dateModified":"2025-03-12T19:04:09+00:00","description":"Universidad de las Artes - Alumni de posgrado entre los finalistas y preseleccionados del concurso Professional 2025 de Sony World Photography Awards","breadcrumb":{"@id":"https:\/\/www.uartes.edu.ec\/sitio\/fr\/blog\/2025\/02\/27\/alumni-de-posgrado-entre-los-finalistas-y-preseleccionados-del-concurso-professional-2025-de-sony-world-photography-awards\/#breadcrumb"},"inLanguage":"fr-FR","potentialAction":[{"@type":"ReadAction","target":["https:\/\/www.uartes.edu.ec\/sitio\/fr\/blog\/2025\/02\/27\/alumni-de-posgrado-entre-los-finalistas-y-preseleccionados-del-concurso-professional-2025-de-sony-world-photography-awards\/"]}]},{"@type":"ImageObject","inLanguage":"fr-FR","@id":"https:\/\/www.uartes.edu.ec\/sitio\/fr\/blog\/2025\/02\/27\/alumni-de-posgrado-entre-los-finalistas-y-preseleccionados-del-concurso-professional-2025-de-sony-world-photography-awards\/#primaryimage","url":"https:\/\/www.uartes.edu.ec\/sitio\/wp-content\/uploads\/2024\/06\/06-UARTES-NARINO-FOTOS-DE-NARINO-1.jpg","contentUrl":"https:\/\/www.uartes.edu.ec\/sitio\/wp-content\/uploads\/2024\/06\/06-UARTES-NARINO-FOTOS-DE-NARINO-1.jpg","width":2000,"height":1333},{"@type":"BreadcrumbList","@id":"https:\/\/www.uartes.edu.ec\/sitio\/fr\/blog\/2025\/02\/27\/alumni-de-posgrado-entre-los-finalistas-y-preseleccionados-del-concurso-professional-2025-de-sony-world-photography-awards\/#breadcrumb","itemListElement":[{"@type":"ListItem","position":1,"name":"Inicio","item":"https:\/\/www.uartes.edu.ec\/sitio\/"},{"@type":"ListItem","position":2,"name":"Alumni de posgrado entre los finalistas y preseleccionados del concurso Professional 2025 de Sony World Photography Awards"}]},{"@type":"WebSite","@id":"https:\/\/www.uartes.edu.ec\/sitio\/fr\/#website","url":"https:\/\/www.uartes.edu.ec\/sitio\/fr\/","name":"Universidad de las Artes","description":"Sitio oficial de la Universidad Nacional de las Artes del Ecuador","publisher":{"@id":"https:\/\/www.uartes.edu.ec\/sitio\/fr\/#organization"},"potentialAction":[{"@type":"SearchAction","target":{"@type":"EntryPoint","urlTemplate":"https:\/\/www.uartes.edu.ec\/sitio\/fr\/?s={search_term_string}"},"query-input":{"@type":"PropertyValueSpecification","valueRequired":true,"valueName":"search_term_string"}}],"inLanguage":"fr-FR"},{"@type":"Organization","@id":"https:\/\/www.uartes.edu.ec\/sitio\/fr\/#organization","name":"Universidad de las Artes","url":"https:\/\/www.uartes.edu.ec\/sitio\/fr\/","logo":{"@type":"ImageObject","inLanguage":"fr-FR","@id":"https:\/\/www.uartes.edu.ec\/sitio\/fr\/#\/schema\/logo\/image\/","url":"https:\/\/www.uartes.edu.ec\/sitio\/wp-content\/uploads\/2022\/07\/logo-ua-horizontal.png","contentUrl":"https:\/\/www.uartes.edu.ec\/sitio\/wp-content\/uploads\/2022\/07\/logo-ua-horizontal.png","width":800,"height":276,"caption":"Universidad de las Artes"},"image":{"@id":"https:\/\/www.uartes.edu.ec\/sitio\/fr\/#\/schema\/logo\/image\/"},"sameAs":["https:\/\/www.facebook.com\/uartesec","https:\/\/x.com\/uartesec","https:\/\/www.tiktok.com\/@uartesec"]},{"@type":"Person","@id":"https:\/\/www.uartes.edu.ec\/sitio\/fr\/#\/schema\/person\/efa1b8275797664fd7f13a79ccc0b1f4","name":"ccortez","image":{"@type":"ImageObject","inLanguage":"fr-FR","@id":"https:\/\/secure.gravatar.com\/avatar\/b2a6f664a3ae8e074346ef91775736c5ec479e637ecced6842de9dc98b5da9cd?s=96&d=mm&r=g","url":"https:\/\/secure.gravatar.com\/avatar\/b2a6f664a3ae8e074346ef91775736c5ec479e637ecced6842de9dc98b5da9cd?s=96&d=mm&r=g","contentUrl":"https:\/\/secure.gravatar.com\/avatar\/b2a6f664a3ae8e074346ef91775736c5ec479e637ecced6842de9dc98b5da9cd?s=96&d=mm&r=g","caption":"ccortez"},"url":"https:\/\/www.uartes.edu.ec\/sitio\/fr\/blog\/author\/ccortez\/"}]}},"uagb_featured_image_src":{"full":["https:\/\/www.uartes.edu.ec\/sitio\/wp-content\/uploads\/2024\/06\/06-UARTES-NARINO-FOTOS-DE-NARINO-1.jpg",2000,1333,false],"thumbnail":["https:\/\/www.uartes.edu.ec\/sitio\/wp-content\/uploads\/2024\/06\/06-UARTES-NARINO-FOTOS-DE-NARINO-1-150x150.jpg",150,150,true],"medium":["https:\/\/www.uartes.edu.ec\/sitio\/wp-content\/uploads\/2024\/06\/06-UARTES-NARINO-FOTOS-DE-NARINO-1-300x200.jpg",300,200,true],"medium_large":["https:\/\/www.uartes.edu.ec\/sitio\/wp-content\/uploads\/2024\/06\/06-UARTES-NARINO-FOTOS-DE-NARINO-1-768x512.jpg",768,512,true],"large":["https:\/\/www.uartes.edu.ec\/sitio\/wp-content\/uploads\/2024\/06\/06-UARTES-NARINO-FOTOS-DE-NARINO-1-644x429.jpg",644,429,true],"1536x1536":["https:\/\/www.uartes.edu.ec\/sitio\/wp-content\/uploads\/2024\/06\/06-UARTES-NARINO-FOTOS-DE-NARINO-1-1536x1024.jpg",1536,1024,true],"2048x2048":["https:\/\/www.uartes.edu.ec\/sitio\/wp-content\/uploads\/2024\/06\/06-UARTES-NARINO-FOTOS-DE-NARINO-1.jpg",2000,1333,false],"trp-custom-language-flag":["https:\/\/www.uartes.edu.ec\/sitio\/wp-content\/uploads\/2024\/06\/06-UARTES-NARINO-FOTOS-DE-NARINO-1-18x12.jpg",18,12,true],"htmega_size_585x295":["https:\/\/www.uartes.edu.ec\/sitio\/wp-content\/uploads\/2024\/06\/06-UARTES-NARINO-FOTOS-DE-NARINO-1-585x295.jpg",585,295,true],"htmega_size_1170x536":["https:\/\/www.uartes.edu.ec\/sitio\/wp-content\/uploads\/2024\/06\/06-UARTES-NARINO-FOTOS-DE-NARINO-1-1170x536.jpg",1170,536,true],"htmega_size_396x360":["https:\/\/www.uartes.edu.ec\/sitio\/wp-content\/uploads\/2024\/06\/06-UARTES-NARINO-FOTOS-DE-NARINO-1-396x360.jpg",396,360,true],"gb-block-post-grid-landscape":["https:\/\/www.uartes.edu.ec\/sitio\/wp-content\/uploads\/2024\/06\/06-UARTES-NARINO-FOTOS-DE-NARINO-1-600x400.jpg",600,400,true],"gb-block-post-grid-square":["https:\/\/www.uartes.edu.ec\/sitio\/wp-content\/uploads\/2024\/06\/06-UARTES-NARINO-FOTOS-DE-NARINO-1-600x600.jpg",600,600,true],"university-hub-thumb":["https:\/\/www.uartes.edu.ec\/sitio\/wp-content\/uploads\/2024\/06\/06-UARTES-NARINO-FOTOS-DE-NARINO-1-400x267.jpg",400,267,true]},"uagb_author_info":{"display_name":"ccortez","author_link":"https:\/\/www.uartes.edu.ec\/sitio\/fr\/blog\/author\/ccortez\/"},"uagb_comment_info":0,"uagb_excerpt":"Las alumni Yinna Higuera y Mar\u00eda Gabriela Portaluppi, graduadas de la Escuela de Posgrados de la UArtes en las maestr\u00edas de Fotograf\u00eda y Sociedad en Am\u00e9rica Latina y de Cine Documental, respectivamente, llegaron a la preselecci\u00f3n y final del concurso Professional 2025 de los Sony World Photography Awards. Antes, en mayo de 2024 y en\u2026","featured_image_src":"https:\/\/www.uartes.edu.ec\/sitio\/wp-content\/uploads\/2024\/06\/06-UARTES-NARINO-FOTOS-DE-NARINO-1-600x400.jpg","featured_image_src_square":"https:\/\/www.uartes.edu.ec\/sitio\/wp-content\/uploads\/2024\/06\/06-UARTES-NARINO-FOTOS-DE-NARINO-1-600x600.jpg","author_info":{"display_name":"ccortez","author_link":"https:\/\/www.uartes.edu.ec\/sitio\/fr\/blog\/author\/ccortez\/"},"publishpress_future_workflow_manual_trigger":{"enabledWorkflows":[]},"distributor_meta":false,"distributor_terms":false,"distributor_media":false,"distributor_original_site_name":"Universidad de las Artes","distributor_original_site_url":"https:\/\/www.uartes.edu.ec\/sitio\/fr","push-errors":false,"_links":{"self":[{"href":"https:\/\/www.uartes.edu.ec\/sitio\/fr\/wp-json\/wp\/v2\/posts\/69348","targetHints":{"allow":["GET"]}}],"collection":[{"href":"https:\/\/www.uartes.edu.ec\/sitio\/fr\/wp-json\/wp\/v2\/posts"}],"about":[{"href":"https:\/\/www.uartes.edu.ec\/sitio\/fr\/wp-json\/wp\/v2\/types\/post"}],"author":[{"embeddable":true,"href":"https:\/\/www.uartes.edu.ec\/sitio\/fr\/wp-json\/wp\/v2\/users\/10"}],"replies":[{"embeddable":true,"href":"https:\/\/www.uartes.edu.ec\/sitio\/fr\/wp-json\/wp\/v2\/comments?post=69348"}],"version-history":[{"count":5,"href":"https:\/\/www.uartes.edu.ec\/sitio\/fr\/wp-json\/wp\/v2\/posts\/69348\/revisions"}],"predecessor-version":[{"id":69363,"href":"https:\/\/www.uartes.edu.ec\/sitio\/fr\/wp-json\/wp\/v2\/posts\/69348\/revisions\/69363"}],"wp:featuredmedia":[{"embeddable":true,"href":"https:\/\/www.uartes.edu.ec\/sitio\/fr\/wp-json\/wp\/v2\/media\/55783"}],"wp:attachment":[{"href":"https:\/\/www.uartes.edu.ec\/sitio\/fr\/wp-json\/wp\/v2\/media?parent=69348"}],"wp:term":[{"taxonomy":"category","embeddable":true,"href":"https:\/\/www.uartes.edu.ec\/sitio\/fr\/wp-json\/wp\/v2\/categories?post=69348"},{"taxonomy":"post_tag","embeddable":true,"href":"https:\/\/www.uartes.edu.ec\/sitio\/fr\/wp-json\/wp\/v2\/tags?post=69348"},{"taxonomy":"infouartes","embeddable":true,"href":"https:\/\/www.uartes.edu.ec\/sitio\/fr\/wp-json\/wp\/v2\/infouartes?post=69348"}],"curies":[{"name":"wp","href":"https:\/\/api.w.org\/{rel}","templated":true}]}}