{"id":69413,"date":"2025-03-13T14:51:33","date_gmt":"2025-03-13T19:51:33","guid":{"rendered":"https:\/\/www.uartes.edu.ec\/sitio\/?p=69413"},"modified":"2025-03-13T15:12:36","modified_gmt":"2025-03-13T20:12:36","slug":"adelhaid-estrena-el-video-animado-de-epilogo-una-representacion-visual-del-conflicto-interno-de-la-mente-humana","status":"publish","type":"post","link":"https:\/\/www.uartes.edu.ec\/sitio\/fr\/blog\/2025\/03\/13\/adelhaid-estrena-el-video-animado-de-epilogo-una-representacion-visual-del-conflicto-interno-de-la-mente-humana\/","title":{"rendered":"Adelhaid estrena el video animado de \u201cEp\u00edlogo\u201d, una representaci\u00f3n visual del conflicto interno de la mente humana"},"content":{"rendered":"<p>La artista y compositora Adelhaid anuncia el estreno del video animado de&nbsp;\u201cEp\u00edlogo\u201d, una producci\u00f3n visual que expande el universo narrativo de su disco hom\u00f3nimo. El video se presentar\u00e1 el&nbsp;mi\u00e9rcoles 19 de marzo, a las 20:00 (hora Ecuador), en YouTube. Este proyecto, desarrollado a lo largo de un a\u00f1o junto a un equipo remoto de animadores de&nbsp;Bark Studio, es una representaci\u00f3n audiovisual del&nbsp;conflicto interno de la mente humana. Inspirado en su propio manga presenta una historia donde la lucha no es contra un enemigo externo, sino contra las propias sombras que habitan dentro de nosotros.<\/p>\n\n\n\n<p>El video animado es un&nbsp;OST visual&nbsp;del manga de Adelhaid, condensando su historia sin di\u00e1logos, pero con la fuerza de la m\u00fasica y la animaci\u00f3n. La narrativa gira en torno a dos versiones del mismo personaje: Adelhaid ni\u00f1a, la esencia m\u00e1s pura, la parte del ser que busca sentirse bien consigo misma y encontrar estabilidad. Y Adelhaid adulta, la representaci\u00f3n de las dudas, miedos, ansiedad, depresi\u00f3n, autosabotaje y la lucha interna, que constantemente intentan tomar el control.<\/p>\n\n\n\n<p>A trav\u00e9s de esta animaci\u00f3n, la artista plasma la batalla interna que muchas personas experimentan a diario: lucha interna y caos dentro de su propia mente. Adelhaid adulta llega para sembrar el caos en el mundo de Adelhaid ni\u00f1a, dejando tras sus ataques una sensaci\u00f3n de destrucci\u00f3n y desorden. Esta destrucci\u00f3n representa los malos sentimientos que inundan la mente, generando inestabilidad y confusi\u00f3n. Sin embargo, al final de la batalla, se revela un mensaje poderoso: independientemente del nivel de destrucci\u00f3n que enfrentemos, seguimos peleando constantemente para seguir adelante.<\/p>\n\n\n<div class=\"wp-block-image\">\n<figure class=\"aligncenter size-large\"><img fetchpriority=\"high\" decoding=\"async\" width=\"644\" height=\"429\" src=\"https:\/\/www.uartes.edu.ec\/sitio\/wp-content\/uploads\/2024\/09\/01-ADELHAID-2024-644x429.jpg\" alt=\"\" class=\"wp-image-62142\" srcset=\"https:\/\/www.uartes.edu.ec\/sitio\/wp-content\/uploads\/2024\/09\/01-ADELHAID-2024-644x429.jpg 644w, https:\/\/www.uartes.edu.ec\/sitio\/wp-content\/uploads\/2024\/09\/01-ADELHAID-2024-300x200.jpg 300w, https:\/\/www.uartes.edu.ec\/sitio\/wp-content\/uploads\/2024\/09\/01-ADELHAID-2024-768x512.jpg 768w, https:\/\/www.uartes.edu.ec\/sitio\/wp-content\/uploads\/2024\/09\/01-ADELHAID-2024-1536x1024.jpg 1536w, https:\/\/www.uartes.edu.ec\/sitio\/wp-content\/uploads\/2024\/09\/01-ADELHAID-2024-18x12.jpg 18w, https:\/\/www.uartes.edu.ec\/sitio\/wp-content\/uploads\/2024\/09\/01-ADELHAID-2024-600x400.jpg 600w, https:\/\/www.uartes.edu.ec\/sitio\/wp-content\/uploads\/2024\/09\/01-ADELHAID-2024-400x267.jpg 400w, https:\/\/www.uartes.edu.ec\/sitio\/wp-content\/uploads\/2024\/09\/01-ADELHAID-2024-272x182.jpg 272w, https:\/\/www.uartes.edu.ec\/sitio\/wp-content\/uploads\/2024\/09\/01-ADELHAID-2024.jpg 2000w\" sizes=\"(max-width: 644px) 100vw, 644px\" \/><\/figure>\n<\/div>\n\n\n<p>Con un enfoque crudo y honesto,&nbsp;\u201cEp\u00edlogo\u201d&nbsp;busca conectar con quienes han sentido que no son suficientes, quienes han enfrentado su propia oscuridad y siguen buscando una salida.<\/p>\n\n\n\n<h3 class=\"wp-block-heading\">M\u00e1s que una canci\u00f3n de desamor<\/h3>\n\n\n\n<p>Aunque la canci\u00f3n&nbsp;\u201cEp\u00edlogo\u201d, escrita y arreglada por Adelhaid, con m\u00fasica de Jos\u00e9 Aguas, nace desde el desamor y la ruptura, su energ\u00eda de&nbsp;liberaci\u00f3n, confrontaci\u00f3n y honestidad&nbsp;la convierte en la banda sonora perfecta para esta historia visual.<\/p>\n\n\n\n<p>Con frases como:&nbsp;\u201cYa no pienso en ti, soy mejor sin ti\u201d&nbsp;y&nbsp;\u201cAhora solo quedas t\u00fa, para m\u00ed no existes m\u00e1s\u201d, la canci\u00f3n expresa un grito de independencia y renacimiento, que resuena con la lucha de Adelhaid contra su propia sombra en la animaci\u00f3n.<\/p>\n\n\n\n<p>Su sonido&nbsp;rockero y en\u00e9rgico&nbsp;refuerza la sensaci\u00f3n de caos, explosi\u00f3n emocional y enfrentamiento que define la historia. La m\u00fasica no solo acompa\u00f1a la animaci\u00f3n, sino que&nbsp;se convierte en el motor que impulsa la narrativa visual, amplificando la intensidad de cada escena.<\/p>\n\n\n\n<h3 class=\"wp-block-heading\">Conversatorio y sorteo especial<\/h3>\n\n\n\n<p>Como parte de la promoci\u00f3n del video animado de&nbsp;\u201cEp\u00edlogo\u201d, el&nbsp;jueves 20 de marzo, a las 17:30, se realizar\u00e1 un&nbsp;conversatorio con el equipo de animadores de Bark Studio&nbsp;en la&nbsp;Sala de Experimentaci\u00f3n Sonora del MZ14 Centro de Producci\u00f3n e Innovaci\u00f3n UArtes.<\/p>\n\n\n<div class=\"wp-block-image\">\n<figure class=\"aligncenter size-large\"><img decoding=\"async\" width=\"644\" height=\"429\" src=\"https:\/\/www.uartes.edu.ec\/sitio\/wp-content\/uploads\/2024\/09\/02-ADELHAID-2024-644x429.jpg\" alt=\"\" class=\"wp-image-62143\" srcset=\"https:\/\/www.uartes.edu.ec\/sitio\/wp-content\/uploads\/2024\/09\/02-ADELHAID-2024-644x429.jpg 644w, https:\/\/www.uartes.edu.ec\/sitio\/wp-content\/uploads\/2024\/09\/02-ADELHAID-2024-300x200.jpg 300w, https:\/\/www.uartes.edu.ec\/sitio\/wp-content\/uploads\/2024\/09\/02-ADELHAID-2024-768x512.jpg 768w, https:\/\/www.uartes.edu.ec\/sitio\/wp-content\/uploads\/2024\/09\/02-ADELHAID-2024-1536x1024.jpg 1536w, https:\/\/www.uartes.edu.ec\/sitio\/wp-content\/uploads\/2024\/09\/02-ADELHAID-2024-18x12.jpg 18w, https:\/\/www.uartes.edu.ec\/sitio\/wp-content\/uploads\/2024\/09\/02-ADELHAID-2024-600x400.jpg 600w, https:\/\/www.uartes.edu.ec\/sitio\/wp-content\/uploads\/2024\/09\/02-ADELHAID-2024-400x267.jpg 400w, https:\/\/www.uartes.edu.ec\/sitio\/wp-content\/uploads\/2024\/09\/02-ADELHAID-2024-272x182.jpg 272w, https:\/\/www.uartes.edu.ec\/sitio\/wp-content\/uploads\/2024\/09\/02-ADELHAID-2024.jpg 2000w\" sizes=\"(max-width: 644px) 100vw, 644px\" \/><\/figure>\n<\/div>\n\n\n<p>Este encuentro ser\u00e1 un espacio para explorar el proceso creativo detr\u00e1s de la animaci\u00f3n de&nbsp;\u201cEp\u00edlogo\u201d, abordando los desaf\u00edos de trasladar una historia de manga a la animaci\u00f3n y de c\u00f3mo la m\u00fasica juega un papel clave en la narrativa visual. Adem\u00e1s, se discutir\u00e1 la importancia de representar la lucha interna y el impacto emocional que busca transmitir este proyecto.<\/p>\n\n\n\n<p>El evento ser\u00e1&nbsp;h\u00edbrido, permitiendo la participaci\u00f3n tanto presencial como virtual. El&nbsp;enlace de acceso para la transmisi\u00f3n en l\u00ednea&nbsp;ser\u00e1 compartido el mismo d\u00eda a trav\u00e9s de las redes oficiales de Adelhaid.<\/p>\n\n\n\n<p>Como parte de la actividad, entre los asistentes presenciales se realizar\u00e1 un&nbsp;sorteo de merch oficial de Adelhaid, como una forma de agradecimiento a la comunidad que ha apoyado el proyecto.<\/p>\n\n\n\n<h3 class=\"wp-block-heading\">Adelhaid, su sentir<\/h3>\n\n\n\n<p>Para Adelhaid, este proyecto representa mucho m\u00e1s que una producci\u00f3n musical y visual. \u201cEste es mi proyecto de vida. Siempre quise hacer un manga y, m\u00e1s a\u00fan, verlo animado. Ver esto hecho realidad es un gran logro personal. Muchas veces no proceso bien las emociones y no logro expresar bien c\u00f3mo me siento en realidad, pero a trav\u00e9s de todo esto salen esas peque\u00f1as partes vulnerables que solo yo enfrento. Si conecto con al menos una sola persona, siento que logr\u00e9 transmitir mi mensaje\u201d.<\/p>\n\n\n\n<p>Texto e im\u00e1genes: colaboraci\u00f3n de Adelhaid.<br>El proyecto se puede seguir en: Instagram:&nbsp;<a href=\"https:\/\/www.instagram.com\/\" target=\"_blank\" rel=\"noreferrer noopener\">@adelhaid<\/a> YouTube:&nbsp;<a href=\"https:\/\/www.youtube.com\/@Adelhaid_\" target=\"_blank\" rel=\"noreferrer noopener\">Adelhaid<\/a> TikTok:&nbsp;<a href=\"https:\/\/www.tiktok.com\/@_adelhaid\" target=\"_blank\" rel=\"noreferrer noopener\">@_adelhaid<\/a><br>El manga completo se puede leer en:&nbsp;<a href=\"https:\/\/adelhaid.com\/comic\/?fbclid=PAZXh0bgNhZW0CMTEAAaZQY7fHxz1XpsNTzKfdgWHJijEHlXN63NbCRNJoedAAf26NZ4CmeJbn6xg_aem_FZbAmCwqTTGiEBE4qX3eYA\" target=\"_blank\" rel=\"noreferrer noopener\">adelhaid.com\/comic<\/a>.<br>Para entrevistas o m\u00e1s informaci\u00f3n, escribir a:&nbsp;adelhaidoficial@hotmail.com&nbsp;o&nbsp;adelhaidofficialchannel@gmail.com<\/p>\n\n\n\n<p><\/p>","protected":false},"excerpt":{"rendered":"<p>Una producci\u00f3n musical y visual que es tambi\u00e9n su proyecto de vida. La artista y compositora Adelhaid define as\u00ed al video animado de \u201cEp\u00edlogo\u201d que estrenar\u00e1 este 19 de marzo, a las 20:00 (hora Ecuador), en YouTube. El tema consta en el disco hom\u00f3nimo de la alumnus UArtes, quien desarroll\u00f3 la propuesta con un equipo remoto de animadores de Bark Studio y representa el conflicto interno de la mente humana. <\/p>","protected":false},"author":10,"featured_media":69414,"comment_status":"open","ping_status":"open","sticky":false,"template":"","format":"standard","meta":{"_acf_changed":false,"_uag_custom_page_level_css":"","_monsterinsights_skip_tracking":false,"_monsterinsights_sitenote_active":false,"_monsterinsights_sitenote_note":"","_monsterinsights_sitenote_category":0,"cybocfi_hide_featured_image":"","footnotes":""},"categories":[490,150,75,83],"tags":[518],"infouartes":[],"class_list":["post-69413","post","type-post","status-publish","format-standard","has-post-thumbnail","hentry","category-alumni","category-artes-sonoras","category-docentes","category-sedes","tag-produccion"],"acf":[],"yoast_head":"<!-- This site is optimized with the Yoast SEO plugin v27.4 - https:\/\/yoast.com\/product\/yoast-seo-wordpress\/ -->\n<title>Universidad de las Artes - Adelhaid estrena el video animado de \u201cEp\u00edlogo\u201d, una representaci\u00f3n visual del conflicto interno de la mente humana<\/title>\n<meta name=\"description\" content=\"Universidad de las Artes - Adelhaid estrena el video animado de \u201cEp\u00edlogo\u201d, una representaci\u00f3n visual del conflicto interno de la mente humana\" \/>\n<meta name=\"robots\" content=\"index, follow, max-snippet:-1, max-image-preview:large, max-video-preview:-1\" \/>\n<link rel=\"canonical\" href=\"https:\/\/www.uartes.edu.ec\/sitio\/fr\/blog\/2025\/03\/13\/adelhaid-estrena-el-video-animado-de-epilogo-una-representacion-visual-del-conflicto-interno-de-la-mente-humana\/\" \/>\n<meta property=\"og:locale\" content=\"fr_FR\" \/>\n<meta property=\"og:type\" content=\"article\" \/>\n<meta property=\"og:title\" content=\"Universidad de las Artes - Adelhaid estrena el video animado de \u201cEp\u00edlogo\u201d, una representaci\u00f3n visual del conflicto interno de la mente humana\" \/>\n<meta property=\"og:description\" content=\"Universidad de las Artes - Adelhaid estrena el video animado de \u201cEp\u00edlogo\u201d, una representaci\u00f3n visual del conflicto interno de la mente humana\" \/>\n<meta property=\"og:url\" content=\"https:\/\/www.uartes.edu.ec\/sitio\/fr\/blog\/2025\/03\/13\/adelhaid-estrena-el-video-animado-de-epilogo-una-representacion-visual-del-conflicto-interno-de-la-mente-humana\/\" \/>\n<meta property=\"og:site_name\" content=\"Universidad de las Artes\" \/>\n<meta property=\"article:publisher\" content=\"https:\/\/www.facebook.com\/uartesec\" \/>\n<meta property=\"article:published_time\" content=\"2025-03-13T19:51:33+00:00\" \/>\n<meta property=\"article:modified_time\" content=\"2025-03-13T20:12:36+00:00\" \/>\n<meta property=\"og:image\" content=\"https:\/\/www.uartes.edu.ec\/sitio\/wp-content\/uploads\/2025\/03\/01-LANZAMIENTO-ADELHAID.jpg\" \/>\n\t<meta property=\"og:image:width\" content=\"2000\" \/>\n\t<meta property=\"og:image:height\" content=\"1333\" \/>\n\t<meta property=\"og:image:type\" content=\"image\/jpeg\" \/>\n<meta name=\"author\" content=\"ccortez\" \/>\n<meta name=\"twitter:card\" content=\"summary_large_image\" \/>\n<meta name=\"twitter:creator\" content=\"@uartesec\" \/>\n<meta name=\"twitter:site\" content=\"@uartesec\" \/>\n<meta name=\"twitter:label1\" content=\"\u00c9crit par\" \/>\n\t<meta name=\"twitter:data1\" content=\"ccortez\" \/>\n\t<meta name=\"twitter:label2\" content=\"Dur\u00e9e de lecture estim\u00e9e\" \/>\n\t<meta name=\"twitter:data2\" content=\"4 minutes\" \/>\n<script type=\"application\/ld+json\" class=\"yoast-schema-graph\">{\"@context\":\"https:\\\/\\\/schema.org\",\"@graph\":[{\"@type\":\"Article\",\"@id\":\"https:\\\/\\\/www.uartes.edu.ec\\\/sitio\\\/fr\\\/blog\\\/2025\\\/03\\\/13\\\/adelhaid-estrena-el-video-animado-de-epilogo-una-representacion-visual-del-conflicto-interno-de-la-mente-humana\\\/#article\",\"isPartOf\":{\"@id\":\"https:\\\/\\\/www.uartes.edu.ec\\\/sitio\\\/fr\\\/blog\\\/2025\\\/03\\\/13\\\/adelhaid-estrena-el-video-animado-de-epilogo-una-representacion-visual-del-conflicto-interno-de-la-mente-humana\\\/\"},\"author\":{\"name\":\"ccortez\",\"@id\":\"https:\\\/\\\/www.uartes.edu.ec\\\/sitio\\\/fr\\\/#\\\/schema\\\/person\\\/efa1b8275797664fd7f13a79ccc0b1f4\"},\"headline\":\"Adelhaid estrena el video animado de \u201cEp\u00edlogo\u201d, una representaci\u00f3n visual del conflicto interno de la mente humana\",\"datePublished\":\"2025-03-13T19:51:33+00:00\",\"dateModified\":\"2025-03-13T20:12:36+00:00\",\"mainEntityOfPage\":{\"@id\":\"https:\\\/\\\/www.uartes.edu.ec\\\/sitio\\\/fr\\\/blog\\\/2025\\\/03\\\/13\\\/adelhaid-estrena-el-video-animado-de-epilogo-una-representacion-visual-del-conflicto-interno-de-la-mente-humana\\\/\"},\"wordCount\":844,\"commentCount\":0,\"publisher\":{\"@id\":\"https:\\\/\\\/www.uartes.edu.ec\\\/sitio\\\/fr\\\/#organization\"},\"image\":{\"@id\":\"https:\\\/\\\/www.uartes.edu.ec\\\/sitio\\\/fr\\\/blog\\\/2025\\\/03\\\/13\\\/adelhaid-estrena-el-video-animado-de-epilogo-una-representacion-visual-del-conflicto-interno-de-la-mente-humana\\\/#primaryimage\"},\"thumbnailUrl\":\"https:\\\/\\\/www.uartes.edu.ec\\\/sitio\\\/wp-content\\\/uploads\\\/2025\\\/03\\\/01-LANZAMIENTO-ADELHAID.jpg\",\"keywords\":[\"producci\u00f3n\"],\"articleSection\":[\"Alumni\",\"Artes Sonoras\",\"Docentes\",\"Sedes\"],\"inLanguage\":\"fr-FR\",\"potentialAction\":[{\"@type\":\"CommentAction\",\"name\":\"Comment\",\"target\":[\"https:\\\/\\\/www.uartes.edu.ec\\\/sitio\\\/fr\\\/blog\\\/2025\\\/03\\\/13\\\/adelhaid-estrena-el-video-animado-de-epilogo-una-representacion-visual-del-conflicto-interno-de-la-mente-humana\\\/#respond\"]}]},{\"@type\":[\"WebPage\",\"ItemPage\"],\"@id\":\"https:\\\/\\\/www.uartes.edu.ec\\\/sitio\\\/fr\\\/blog\\\/2025\\\/03\\\/13\\\/adelhaid-estrena-el-video-animado-de-epilogo-una-representacion-visual-del-conflicto-interno-de-la-mente-humana\\\/\",\"url\":\"https:\\\/\\\/www.uartes.edu.ec\\\/sitio\\\/fr\\\/blog\\\/2025\\\/03\\\/13\\\/adelhaid-estrena-el-video-animado-de-epilogo-una-representacion-visual-del-conflicto-interno-de-la-mente-humana\\\/\",\"name\":\"Universidad de las Artes - Adelhaid estrena el video animado de \u201cEp\u00edlogo\u201d, una representaci\u00f3n visual del conflicto interno de la mente humana\",\"isPartOf\":{\"@id\":\"https:\\\/\\\/www.uartes.edu.ec\\\/sitio\\\/fr\\\/#website\"},\"primaryImageOfPage\":{\"@id\":\"https:\\\/\\\/www.uartes.edu.ec\\\/sitio\\\/fr\\\/blog\\\/2025\\\/03\\\/13\\\/adelhaid-estrena-el-video-animado-de-epilogo-una-representacion-visual-del-conflicto-interno-de-la-mente-humana\\\/#primaryimage\"},\"image\":{\"@id\":\"https:\\\/\\\/www.uartes.edu.ec\\\/sitio\\\/fr\\\/blog\\\/2025\\\/03\\\/13\\\/adelhaid-estrena-el-video-animado-de-epilogo-una-representacion-visual-del-conflicto-interno-de-la-mente-humana\\\/#primaryimage\"},\"thumbnailUrl\":\"https:\\\/\\\/www.uartes.edu.ec\\\/sitio\\\/wp-content\\\/uploads\\\/2025\\\/03\\\/01-LANZAMIENTO-ADELHAID.jpg\",\"datePublished\":\"2025-03-13T19:51:33+00:00\",\"dateModified\":\"2025-03-13T20:12:36+00:00\",\"description\":\"Universidad de las Artes - Adelhaid estrena el video animado de \u201cEp\u00edlogo\u201d, una representaci\u00f3n visual del conflicto interno de la mente humana\",\"breadcrumb\":{\"@id\":\"https:\\\/\\\/www.uartes.edu.ec\\\/sitio\\\/fr\\\/blog\\\/2025\\\/03\\\/13\\\/adelhaid-estrena-el-video-animado-de-epilogo-una-representacion-visual-del-conflicto-interno-de-la-mente-humana\\\/#breadcrumb\"},\"inLanguage\":\"fr-FR\",\"potentialAction\":[{\"@type\":\"ReadAction\",\"target\":[\"https:\\\/\\\/www.uartes.edu.ec\\\/sitio\\\/fr\\\/blog\\\/2025\\\/03\\\/13\\\/adelhaid-estrena-el-video-animado-de-epilogo-una-representacion-visual-del-conflicto-interno-de-la-mente-humana\\\/\"]}]},{\"@type\":\"ImageObject\",\"inLanguage\":\"fr-FR\",\"@id\":\"https:\\\/\\\/www.uartes.edu.ec\\\/sitio\\\/fr\\\/blog\\\/2025\\\/03\\\/13\\\/adelhaid-estrena-el-video-animado-de-epilogo-una-representacion-visual-del-conflicto-interno-de-la-mente-humana\\\/#primaryimage\",\"url\":\"https:\\\/\\\/www.uartes.edu.ec\\\/sitio\\\/wp-content\\\/uploads\\\/2025\\\/03\\\/01-LANZAMIENTO-ADELHAID.jpg\",\"contentUrl\":\"https:\\\/\\\/www.uartes.edu.ec\\\/sitio\\\/wp-content\\\/uploads\\\/2025\\\/03\\\/01-LANZAMIENTO-ADELHAID.jpg\",\"width\":2000,\"height\":1333},{\"@type\":\"BreadcrumbList\",\"@id\":\"https:\\\/\\\/www.uartes.edu.ec\\\/sitio\\\/fr\\\/blog\\\/2025\\\/03\\\/13\\\/adelhaid-estrena-el-video-animado-de-epilogo-una-representacion-visual-del-conflicto-interno-de-la-mente-humana\\\/#breadcrumb\",\"itemListElement\":[{\"@type\":\"ListItem\",\"position\":1,\"name\":\"Inicio\",\"item\":\"https:\\\/\\\/www.uartes.edu.ec\\\/sitio\\\/\"},{\"@type\":\"ListItem\",\"position\":2,\"name\":\"Adelhaid estrena el video animado de \u201cEp\u00edlogo\u201d, una representaci\u00f3n visual del conflicto interno de la mente humana\"}]},{\"@type\":\"WebSite\",\"@id\":\"https:\\\/\\\/www.uartes.edu.ec\\\/sitio\\\/fr\\\/#website\",\"url\":\"https:\\\/\\\/www.uartes.edu.ec\\\/sitio\\\/fr\\\/\",\"name\":\"Universidad de las Artes\",\"description\":\"Sitio oficial de la Universidad Nacional de las Artes del Ecuador\",\"publisher\":{\"@id\":\"https:\\\/\\\/www.uartes.edu.ec\\\/sitio\\\/fr\\\/#organization\"},\"potentialAction\":[{\"@type\":\"SearchAction\",\"target\":{\"@type\":\"EntryPoint\",\"urlTemplate\":\"https:\\\/\\\/www.uartes.edu.ec\\\/sitio\\\/fr\\\/?s={search_term_string}\"},\"query-input\":{\"@type\":\"PropertyValueSpecification\",\"valueRequired\":true,\"valueName\":\"search_term_string\"}}],\"inLanguage\":\"fr-FR\"},{\"@type\":\"Organization\",\"@id\":\"https:\\\/\\\/www.uartes.edu.ec\\\/sitio\\\/fr\\\/#organization\",\"name\":\"Universidad de las Artes\",\"url\":\"https:\\\/\\\/www.uartes.edu.ec\\\/sitio\\\/fr\\\/\",\"logo\":{\"@type\":\"ImageObject\",\"inLanguage\":\"fr-FR\",\"@id\":\"https:\\\/\\\/www.uartes.edu.ec\\\/sitio\\\/fr\\\/#\\\/schema\\\/logo\\\/image\\\/\",\"url\":\"https:\\\/\\\/www.uartes.edu.ec\\\/sitio\\\/wp-content\\\/uploads\\\/2022\\\/07\\\/logo-ua-horizontal.png\",\"contentUrl\":\"https:\\\/\\\/www.uartes.edu.ec\\\/sitio\\\/wp-content\\\/uploads\\\/2022\\\/07\\\/logo-ua-horizontal.png\",\"width\":800,\"height\":276,\"caption\":\"Universidad de las Artes\"},\"image\":{\"@id\":\"https:\\\/\\\/www.uartes.edu.ec\\\/sitio\\\/fr\\\/#\\\/schema\\\/logo\\\/image\\\/\"},\"sameAs\":[\"https:\\\/\\\/www.facebook.com\\\/uartesec\",\"https:\\\/\\\/x.com\\\/uartesec\",\"https:\\\/\\\/www.tiktok.com\\\/@uartesec\"]},{\"@type\":\"Person\",\"@id\":\"https:\\\/\\\/www.uartes.edu.ec\\\/sitio\\\/fr\\\/#\\\/schema\\\/person\\\/efa1b8275797664fd7f13a79ccc0b1f4\",\"name\":\"ccortez\",\"image\":{\"@type\":\"ImageObject\",\"inLanguage\":\"fr-FR\",\"@id\":\"https:\\\/\\\/secure.gravatar.com\\\/avatar\\\/b2a6f664a3ae8e074346ef91775736c5ec479e637ecced6842de9dc98b5da9cd?s=96&d=mm&r=g\",\"url\":\"https:\\\/\\\/secure.gravatar.com\\\/avatar\\\/b2a6f664a3ae8e074346ef91775736c5ec479e637ecced6842de9dc98b5da9cd?s=96&d=mm&r=g\",\"contentUrl\":\"https:\\\/\\\/secure.gravatar.com\\\/avatar\\\/b2a6f664a3ae8e074346ef91775736c5ec479e637ecced6842de9dc98b5da9cd?s=96&d=mm&r=g\",\"caption\":\"ccortez\"},\"url\":\"https:\\\/\\\/www.uartes.edu.ec\\\/sitio\\\/fr\\\/blog\\\/author\\\/ccortez\\\/\"}]}<\/script>\n<!-- \/ Yoast SEO plugin. -->","yoast_head_json":{"title":"Universidad de las Artes - Adelhaid estrena el video animado de \u201cEp\u00edlogo\u201d, una representaci\u00f3n visual del conflicto interno de la mente humana","description":"Universidad de las Artes - Adelhaid estrena el video animado de \u201cEp\u00edlogo\u201d, una representaci\u00f3n visual del conflicto interno de la mente humana","robots":{"index":"index","follow":"follow","max-snippet":"max-snippet:-1","max-image-preview":"max-image-preview:large","max-video-preview":"max-video-preview:-1"},"canonical":"https:\/\/www.uartes.edu.ec\/sitio\/fr\/blog\/2025\/03\/13\/adelhaid-estrena-el-video-animado-de-epilogo-una-representacion-visual-del-conflicto-interno-de-la-mente-humana\/","og_locale":"fr_FR","og_type":"article","og_title":"Universidad de las Artes - Adelhaid estrena el video animado de \u201cEp\u00edlogo\u201d, una representaci\u00f3n visual del conflicto interno de la mente humana","og_description":"Universidad de las Artes - Adelhaid estrena el video animado de \u201cEp\u00edlogo\u201d, una representaci\u00f3n visual del conflicto interno de la mente humana","og_url":"https:\/\/www.uartes.edu.ec\/sitio\/fr\/blog\/2025\/03\/13\/adelhaid-estrena-el-video-animado-de-epilogo-una-representacion-visual-del-conflicto-interno-de-la-mente-humana\/","og_site_name":"Universidad de las Artes","article_publisher":"https:\/\/www.facebook.com\/uartesec","article_published_time":"2025-03-13T19:51:33+00:00","article_modified_time":"2025-03-13T20:12:36+00:00","og_image":[{"width":2000,"height":1333,"url":"https:\/\/www.uartes.edu.ec\/sitio\/wp-content\/uploads\/2025\/03\/01-LANZAMIENTO-ADELHAID.jpg","type":"image\/jpeg"}],"author":"ccortez","twitter_card":"summary_large_image","twitter_creator":"@uartesec","twitter_site":"@uartesec","twitter_misc":{"\u00c9crit par":"ccortez","Dur\u00e9e de lecture estim\u00e9e":"4 minutes"},"schema":{"@context":"https:\/\/schema.org","@graph":[{"@type":"Article","@id":"https:\/\/www.uartes.edu.ec\/sitio\/fr\/blog\/2025\/03\/13\/adelhaid-estrena-el-video-animado-de-epilogo-una-representacion-visual-del-conflicto-interno-de-la-mente-humana\/#article","isPartOf":{"@id":"https:\/\/www.uartes.edu.ec\/sitio\/fr\/blog\/2025\/03\/13\/adelhaid-estrena-el-video-animado-de-epilogo-una-representacion-visual-del-conflicto-interno-de-la-mente-humana\/"},"author":{"name":"ccortez","@id":"https:\/\/www.uartes.edu.ec\/sitio\/fr\/#\/schema\/person\/efa1b8275797664fd7f13a79ccc0b1f4"},"headline":"Adelhaid estrena el video animado de \u201cEp\u00edlogo\u201d, una representaci\u00f3n visual del conflicto interno de la mente humana","datePublished":"2025-03-13T19:51:33+00:00","dateModified":"2025-03-13T20:12:36+00:00","mainEntityOfPage":{"@id":"https:\/\/www.uartes.edu.ec\/sitio\/fr\/blog\/2025\/03\/13\/adelhaid-estrena-el-video-animado-de-epilogo-una-representacion-visual-del-conflicto-interno-de-la-mente-humana\/"},"wordCount":844,"commentCount":0,"publisher":{"@id":"https:\/\/www.uartes.edu.ec\/sitio\/fr\/#organization"},"image":{"@id":"https:\/\/www.uartes.edu.ec\/sitio\/fr\/blog\/2025\/03\/13\/adelhaid-estrena-el-video-animado-de-epilogo-una-representacion-visual-del-conflicto-interno-de-la-mente-humana\/#primaryimage"},"thumbnailUrl":"https:\/\/www.uartes.edu.ec\/sitio\/wp-content\/uploads\/2025\/03\/01-LANZAMIENTO-ADELHAID.jpg","keywords":["producci\u00f3n"],"articleSection":["Alumni","Artes Sonoras","Docentes","Sedes"],"inLanguage":"fr-FR","potentialAction":[{"@type":"CommentAction","name":"Comment","target":["https:\/\/www.uartes.edu.ec\/sitio\/fr\/blog\/2025\/03\/13\/adelhaid-estrena-el-video-animado-de-epilogo-una-representacion-visual-del-conflicto-interno-de-la-mente-humana\/#respond"]}]},{"@type":["WebPage","ItemPage"],"@id":"https:\/\/www.uartes.edu.ec\/sitio\/fr\/blog\/2025\/03\/13\/adelhaid-estrena-el-video-animado-de-epilogo-una-representacion-visual-del-conflicto-interno-de-la-mente-humana\/","url":"https:\/\/www.uartes.edu.ec\/sitio\/fr\/blog\/2025\/03\/13\/adelhaid-estrena-el-video-animado-de-epilogo-una-representacion-visual-del-conflicto-interno-de-la-mente-humana\/","name":"Universidad de las Artes - Adelhaid estrena el video animado de \u201cEp\u00edlogo\u201d, una representaci\u00f3n visual del conflicto interno de la mente humana","isPartOf":{"@id":"https:\/\/www.uartes.edu.ec\/sitio\/fr\/#website"},"primaryImageOfPage":{"@id":"https:\/\/www.uartes.edu.ec\/sitio\/fr\/blog\/2025\/03\/13\/adelhaid-estrena-el-video-animado-de-epilogo-una-representacion-visual-del-conflicto-interno-de-la-mente-humana\/#primaryimage"},"image":{"@id":"https:\/\/www.uartes.edu.ec\/sitio\/fr\/blog\/2025\/03\/13\/adelhaid-estrena-el-video-animado-de-epilogo-una-representacion-visual-del-conflicto-interno-de-la-mente-humana\/#primaryimage"},"thumbnailUrl":"https:\/\/www.uartes.edu.ec\/sitio\/wp-content\/uploads\/2025\/03\/01-LANZAMIENTO-ADELHAID.jpg","datePublished":"2025-03-13T19:51:33+00:00","dateModified":"2025-03-13T20:12:36+00:00","description":"Universidad de las Artes - Adelhaid estrena el video animado de \u201cEp\u00edlogo\u201d, una representaci\u00f3n visual del conflicto interno de la mente humana","breadcrumb":{"@id":"https:\/\/www.uartes.edu.ec\/sitio\/fr\/blog\/2025\/03\/13\/adelhaid-estrena-el-video-animado-de-epilogo-una-representacion-visual-del-conflicto-interno-de-la-mente-humana\/#breadcrumb"},"inLanguage":"fr-FR","potentialAction":[{"@type":"ReadAction","target":["https:\/\/www.uartes.edu.ec\/sitio\/fr\/blog\/2025\/03\/13\/adelhaid-estrena-el-video-animado-de-epilogo-una-representacion-visual-del-conflicto-interno-de-la-mente-humana\/"]}]},{"@type":"ImageObject","inLanguage":"fr-FR","@id":"https:\/\/www.uartes.edu.ec\/sitio\/fr\/blog\/2025\/03\/13\/adelhaid-estrena-el-video-animado-de-epilogo-una-representacion-visual-del-conflicto-interno-de-la-mente-humana\/#primaryimage","url":"https:\/\/www.uartes.edu.ec\/sitio\/wp-content\/uploads\/2025\/03\/01-LANZAMIENTO-ADELHAID.jpg","contentUrl":"https:\/\/www.uartes.edu.ec\/sitio\/wp-content\/uploads\/2025\/03\/01-LANZAMIENTO-ADELHAID.jpg","width":2000,"height":1333},{"@type":"BreadcrumbList","@id":"https:\/\/www.uartes.edu.ec\/sitio\/fr\/blog\/2025\/03\/13\/adelhaid-estrena-el-video-animado-de-epilogo-una-representacion-visual-del-conflicto-interno-de-la-mente-humana\/#breadcrumb","itemListElement":[{"@type":"ListItem","position":1,"name":"Inicio","item":"https:\/\/www.uartes.edu.ec\/sitio\/"},{"@type":"ListItem","position":2,"name":"Adelhaid estrena el video animado de \u201cEp\u00edlogo\u201d, una representaci\u00f3n visual del conflicto interno de la mente humana"}]},{"@type":"WebSite","@id":"https:\/\/www.uartes.edu.ec\/sitio\/fr\/#website","url":"https:\/\/www.uartes.edu.ec\/sitio\/fr\/","name":"Universidad de las Artes","description":"Sitio oficial de la Universidad Nacional de las Artes del Ecuador","publisher":{"@id":"https:\/\/www.uartes.edu.ec\/sitio\/fr\/#organization"},"potentialAction":[{"@type":"SearchAction","target":{"@type":"EntryPoint","urlTemplate":"https:\/\/www.uartes.edu.ec\/sitio\/fr\/?s={search_term_string}"},"query-input":{"@type":"PropertyValueSpecification","valueRequired":true,"valueName":"search_term_string"}}],"inLanguage":"fr-FR"},{"@type":"Organization","@id":"https:\/\/www.uartes.edu.ec\/sitio\/fr\/#organization","name":"Universidad de las Artes","url":"https:\/\/www.uartes.edu.ec\/sitio\/fr\/","logo":{"@type":"ImageObject","inLanguage":"fr-FR","@id":"https:\/\/www.uartes.edu.ec\/sitio\/fr\/#\/schema\/logo\/image\/","url":"https:\/\/www.uartes.edu.ec\/sitio\/wp-content\/uploads\/2022\/07\/logo-ua-horizontal.png","contentUrl":"https:\/\/www.uartes.edu.ec\/sitio\/wp-content\/uploads\/2022\/07\/logo-ua-horizontal.png","width":800,"height":276,"caption":"Universidad de las Artes"},"image":{"@id":"https:\/\/www.uartes.edu.ec\/sitio\/fr\/#\/schema\/logo\/image\/"},"sameAs":["https:\/\/www.facebook.com\/uartesec","https:\/\/x.com\/uartesec","https:\/\/www.tiktok.com\/@uartesec"]},{"@type":"Person","@id":"https:\/\/www.uartes.edu.ec\/sitio\/fr\/#\/schema\/person\/efa1b8275797664fd7f13a79ccc0b1f4","name":"ccortez","image":{"@type":"ImageObject","inLanguage":"fr-FR","@id":"https:\/\/secure.gravatar.com\/avatar\/b2a6f664a3ae8e074346ef91775736c5ec479e637ecced6842de9dc98b5da9cd?s=96&d=mm&r=g","url":"https:\/\/secure.gravatar.com\/avatar\/b2a6f664a3ae8e074346ef91775736c5ec479e637ecced6842de9dc98b5da9cd?s=96&d=mm&r=g","contentUrl":"https:\/\/secure.gravatar.com\/avatar\/b2a6f664a3ae8e074346ef91775736c5ec479e637ecced6842de9dc98b5da9cd?s=96&d=mm&r=g","caption":"ccortez"},"url":"https:\/\/www.uartes.edu.ec\/sitio\/fr\/blog\/author\/ccortez\/"}]}},"uagb_featured_image_src":{"full":["https:\/\/www.uartes.edu.ec\/sitio\/wp-content\/uploads\/2025\/03\/01-LANZAMIENTO-ADELHAID.jpg",2000,1333,false],"thumbnail":["https:\/\/www.uartes.edu.ec\/sitio\/wp-content\/uploads\/2025\/03\/01-LANZAMIENTO-ADELHAID-150x150.jpg",150,150,true],"medium":["https:\/\/www.uartes.edu.ec\/sitio\/wp-content\/uploads\/2025\/03\/01-LANZAMIENTO-ADELHAID-300x200.jpg",300,200,true],"medium_large":["https:\/\/www.uartes.edu.ec\/sitio\/wp-content\/uploads\/2025\/03\/01-LANZAMIENTO-ADELHAID-768x512.jpg",768,512,true],"large":["https:\/\/www.uartes.edu.ec\/sitio\/wp-content\/uploads\/2025\/03\/01-LANZAMIENTO-ADELHAID-644x429.jpg",644,429,true],"1536x1536":["https:\/\/www.uartes.edu.ec\/sitio\/wp-content\/uploads\/2025\/03\/01-LANZAMIENTO-ADELHAID-1536x1024.jpg",1536,1024,true],"2048x2048":["https:\/\/www.uartes.edu.ec\/sitio\/wp-content\/uploads\/2025\/03\/01-LANZAMIENTO-ADELHAID.jpg",2000,1333,false],"trp-custom-language-flag":["https:\/\/www.uartes.edu.ec\/sitio\/wp-content\/uploads\/2025\/03\/01-LANZAMIENTO-ADELHAID-18x12.jpg",18,12,true],"htmega_size_585x295":["https:\/\/www.uartes.edu.ec\/sitio\/wp-content\/uploads\/2025\/03\/01-LANZAMIENTO-ADELHAID-585x295.jpg",585,295,true],"htmega_size_1170x536":["https:\/\/www.uartes.edu.ec\/sitio\/wp-content\/uploads\/2025\/03\/01-LANZAMIENTO-ADELHAID-1170x536.jpg",1170,536,true],"htmega_size_396x360":["https:\/\/www.uartes.edu.ec\/sitio\/wp-content\/uploads\/2025\/03\/01-LANZAMIENTO-ADELHAID-396x360.jpg",396,360,true],"gb-block-post-grid-landscape":["https:\/\/www.uartes.edu.ec\/sitio\/wp-content\/uploads\/2025\/03\/01-LANZAMIENTO-ADELHAID-600x400.jpg",600,400,true],"gb-block-post-grid-square":["https:\/\/www.uartes.edu.ec\/sitio\/wp-content\/uploads\/2025\/03\/01-LANZAMIENTO-ADELHAID-600x600.jpg",600,600,true],"university-hub-thumb":["https:\/\/www.uartes.edu.ec\/sitio\/wp-content\/uploads\/2025\/03\/01-LANZAMIENTO-ADELHAID-400x267.jpg",400,267,true]},"uagb_author_info":{"display_name":"ccortez","author_link":"https:\/\/www.uartes.edu.ec\/sitio\/fr\/blog\/author\/ccortez\/"},"uagb_comment_info":0,"uagb_excerpt":"Una producci\u00f3n musical y visual que es tambi\u00e9n su proyecto de vida. La artista y compositora Adelhaid define as\u00ed al video animado de \u201cEp\u00edlogo\u201d que estrenar\u00e1 este 19 de marzo, a las 20:00 (hora Ecuador), en YouTube. El tema consta en el disco hom\u00f3nimo de la alumnus UArtes, quien desarroll\u00f3 la propuesta con un equipo\u2026","featured_image_src":"https:\/\/www.uartes.edu.ec\/sitio\/wp-content\/uploads\/2025\/03\/01-LANZAMIENTO-ADELHAID-600x400.jpg","featured_image_src_square":"https:\/\/www.uartes.edu.ec\/sitio\/wp-content\/uploads\/2025\/03\/01-LANZAMIENTO-ADELHAID-600x600.jpg","author_info":{"display_name":"ccortez","author_link":"https:\/\/www.uartes.edu.ec\/sitio\/fr\/blog\/author\/ccortez\/"},"publishpress_future_workflow_manual_trigger":{"enabledWorkflows":[]},"distributor_meta":false,"distributor_terms":false,"distributor_media":false,"distributor_original_site_name":"Universidad de las Artes","distributor_original_site_url":"https:\/\/www.uartes.edu.ec\/sitio\/fr","push-errors":false,"_links":{"self":[{"href":"https:\/\/www.uartes.edu.ec\/sitio\/fr\/wp-json\/wp\/v2\/posts\/69413","targetHints":{"allow":["GET"]}}],"collection":[{"href":"https:\/\/www.uartes.edu.ec\/sitio\/fr\/wp-json\/wp\/v2\/posts"}],"about":[{"href":"https:\/\/www.uartes.edu.ec\/sitio\/fr\/wp-json\/wp\/v2\/types\/post"}],"author":[{"embeddable":true,"href":"https:\/\/www.uartes.edu.ec\/sitio\/fr\/wp-json\/wp\/v2\/users\/10"}],"replies":[{"embeddable":true,"href":"https:\/\/www.uartes.edu.ec\/sitio\/fr\/wp-json\/wp\/v2\/comments?post=69413"}],"version-history":[{"count":6,"href":"https:\/\/www.uartes.edu.ec\/sitio\/fr\/wp-json\/wp\/v2\/posts\/69413\/revisions"}],"predecessor-version":[{"id":69438,"href":"https:\/\/www.uartes.edu.ec\/sitio\/fr\/wp-json\/wp\/v2\/posts\/69413\/revisions\/69438"}],"wp:featuredmedia":[{"embeddable":true,"href":"https:\/\/www.uartes.edu.ec\/sitio\/fr\/wp-json\/wp\/v2\/media\/69414"}],"wp:attachment":[{"href":"https:\/\/www.uartes.edu.ec\/sitio\/fr\/wp-json\/wp\/v2\/media?parent=69413"}],"wp:term":[{"taxonomy":"category","embeddable":true,"href":"https:\/\/www.uartes.edu.ec\/sitio\/fr\/wp-json\/wp\/v2\/categories?post=69413"},{"taxonomy":"post_tag","embeddable":true,"href":"https:\/\/www.uartes.edu.ec\/sitio\/fr\/wp-json\/wp\/v2\/tags?post=69413"},{"taxonomy":"infouartes","embeddable":true,"href":"https:\/\/www.uartes.edu.ec\/sitio\/fr\/wp-json\/wp\/v2\/infouartes?post=69413"}],"curies":[{"name":"wp","href":"https:\/\/api.w.org\/{rel}","templated":true}]}}