{"id":69440,"date":"2025-03-13T16:45:00","date_gmt":"2025-03-13T21:45:00","guid":{"rendered":"https:\/\/www.uartes.edu.ec\/sitio\/?p=69440"},"modified":"2025-03-31T18:35:46","modified_gmt":"2025-03-31T23:35:46","slug":"trabajo-de-yinna-higuera-entre-la-fotografia-artistica-y-el-documental-alumnus-de-posgrado-en-concurso-internacional-professional-2025","status":"publish","type":"post","link":"https:\/\/www.uartes.edu.ec\/sitio\/fr\/blog\/2025\/03\/13\/trabajo-de-yinna-higuera-entre-la-fotografia-artistica-y-el-documental-alumnus-de-posgrado-en-concurso-internacional-professional-2025\/","title":{"rendered":"Obra de Yinna Higuera entre fotograf\u00eda art\u00edstica y documental; alumnus de posgrado, en concurso internacional"},"content":{"rendered":"<p>Yinna Higuera es una fot\u00f3grafa colombo-ecuatoriana que curs\u00f3 en la Universidad de las Artes la maestr\u00eda de Fotograf\u00eda y Sociedad en Am\u00e9rica Latina. Su trabajo, se\u00f1ala, se encuentra en la intersecci\u00f3n entre la fotograf\u00eda art\u00edstica y el documental, y el proyecto \u201cHuellas\u201d que concibi\u00f3 en tiempos de la pandemia por COVID-19 las fusiona. Convertida en serie, su propuesta explora la profunda relaci\u00f3n entre las mujeres y la tierra, as\u00ed como la huella indeleble que dejan la una en la otra.<\/p>\n\n\n\n<p>A trav\u00e9s de retratos de mujeres rurales ecuatorianas, Yinna Higuera resalta su resiliencia y su conexi\u00f3n profunda con la naturaleza, mostrando su papel fundamental como guardianas de la tradici\u00f3n, la comunidad y el medioambiente. La alumnus de posgrado UArtes particip\u00f3 con \u201cHuellas\u201d en el concurso Professional 2025 de los Sony World Photography Awards y su obra est\u00e1 en la final.<\/p>\n\n\n\n<p>La felicidad que manifiesta saberse en esa recta del certamen internacional le confirma el camino que ha recorrido en la fotograf\u00eda. \u201cEste reconocimiento me motiva profundamente por la visibilidad que da a mi trabajo y porque\u00a0refuerza la importancia de contar historias que resalten la conexi\u00f3n entre las mujeres, la memoria y el territorio. Es gratificante ver c\u00f3mo un proyecto con un enfoque tan \u00edntimo y socialmente comprometido logra resonar en audiencias internacionales\u201d.<\/p>\n\n\n\n<p>Comenta tambi\u00e9n que el reconocimiento constituye para ella la oportunidad de visibilizar las narrativas de mujeres rurales ecuatorianas y su relaci\u00f3n con la tierra, destacando su resistencia, sabidur\u00eda ancestral y el papel fundamental que desempe\u00f1an en la preservaci\u00f3n de la cultura y el medioambiente.<\/p>\n\n\n\n<figure class=\"wp-block-gallery has-nested-images columns-default is-cropped wp-block-gallery-1 is-layout-flex wp-block-gallery-is-layout-flex\">\n<figure class=\"wp-block-image size-large\"><img fetchpriority=\"high\" decoding=\"async\" width=\"397\" height=\"390\" data-id=\"69448\" src=\"https:\/\/www.uartes.edu.ec\/sitio\/wp-content\/uploads\/2025\/03\/Yinna22.png\" alt=\"\" class=\"wp-image-69448\" srcset=\"https:\/\/www.uartes.edu.ec\/sitio\/wp-content\/uploads\/2025\/03\/Yinna22.png 397w, https:\/\/www.uartes.edu.ec\/sitio\/wp-content\/uploads\/2025\/03\/Yinna22-300x295.png 300w, https:\/\/www.uartes.edu.ec\/sitio\/wp-content\/uploads\/2025\/03\/Yinna22-12x12.png 12w, https:\/\/www.uartes.edu.ec\/sitio\/wp-content\/uploads\/2025\/03\/Yinna22-305x300.png 305w\" sizes=\"(max-width: 397px) 100vw, 397px\" \/><\/figure>\n\n\n\n<figure class=\"wp-block-image size-large\"><img decoding=\"async\" width=\"644\" height=\"429\" data-id=\"69443\" src=\"https:\/\/www.uartes.edu.ec\/sitio\/wp-content\/uploads\/2025\/03\/03-FOTOGRAFIAS-YINNA-HIGUERA-SIA-644x429.jpg\" alt=\"\" class=\"wp-image-69443\" srcset=\"https:\/\/www.uartes.edu.ec\/sitio\/wp-content\/uploads\/2025\/03\/03-FOTOGRAFIAS-YINNA-HIGUERA-SIA-644x429.jpg 644w, https:\/\/www.uartes.edu.ec\/sitio\/wp-content\/uploads\/2025\/03\/03-FOTOGRAFIAS-YINNA-HIGUERA-SIA-300x200.jpg 300w, https:\/\/www.uartes.edu.ec\/sitio\/wp-content\/uploads\/2025\/03\/03-FOTOGRAFIAS-YINNA-HIGUERA-SIA-768x512.jpg 768w, https:\/\/www.uartes.edu.ec\/sitio\/wp-content\/uploads\/2025\/03\/03-FOTOGRAFIAS-YINNA-HIGUERA-SIA-1536x1024.jpg 1536w, https:\/\/www.uartes.edu.ec\/sitio\/wp-content\/uploads\/2025\/03\/03-FOTOGRAFIAS-YINNA-HIGUERA-SIA-18x12.jpg 18w, https:\/\/www.uartes.edu.ec\/sitio\/wp-content\/uploads\/2025\/03\/03-FOTOGRAFIAS-YINNA-HIGUERA-SIA-600x400.jpg 600w, https:\/\/www.uartes.edu.ec\/sitio\/wp-content\/uploads\/2025\/03\/03-FOTOGRAFIAS-YINNA-HIGUERA-SIA-400x267.jpg 400w, https:\/\/www.uartes.edu.ec\/sitio\/wp-content\/uploads\/2025\/03\/03-FOTOGRAFIAS-YINNA-HIGUERA-SIA.jpg 2000w\" sizes=\"(max-width: 644px) 100vw, 644px\" \/><\/figure>\n\n\n\n<figure class=\"wp-block-image size-large\"><img decoding=\"async\" width=\"644\" height=\"429\" data-id=\"69442\" src=\"https:\/\/www.uartes.edu.ec\/sitio\/wp-content\/uploads\/2025\/03\/02-FOTOGRAFIAS-YINNA-HIGUERA-SIA-644x429.jpg\" alt=\"\" class=\"wp-image-69442\" srcset=\"https:\/\/www.uartes.edu.ec\/sitio\/wp-content\/uploads\/2025\/03\/02-FOTOGRAFIAS-YINNA-HIGUERA-SIA-644x429.jpg 644w, https:\/\/www.uartes.edu.ec\/sitio\/wp-content\/uploads\/2025\/03\/02-FOTOGRAFIAS-YINNA-HIGUERA-SIA-300x200.jpg 300w, https:\/\/www.uartes.edu.ec\/sitio\/wp-content\/uploads\/2025\/03\/02-FOTOGRAFIAS-YINNA-HIGUERA-SIA-768x512.jpg 768w, https:\/\/www.uartes.edu.ec\/sitio\/wp-content\/uploads\/2025\/03\/02-FOTOGRAFIAS-YINNA-HIGUERA-SIA-1536x1024.jpg 1536w, https:\/\/www.uartes.edu.ec\/sitio\/wp-content\/uploads\/2025\/03\/02-FOTOGRAFIAS-YINNA-HIGUERA-SIA-18x12.jpg 18w, https:\/\/www.uartes.edu.ec\/sitio\/wp-content\/uploads\/2025\/03\/02-FOTOGRAFIAS-YINNA-HIGUERA-SIA-600x400.jpg 600w, https:\/\/www.uartes.edu.ec\/sitio\/wp-content\/uploads\/2025\/03\/02-FOTOGRAFIAS-YINNA-HIGUERA-SIA-400x267.jpg 400w, https:\/\/www.uartes.edu.ec\/sitio\/wp-content\/uploads\/2025\/03\/02-FOTOGRAFIAS-YINNA-HIGUERA-SIA.jpg 2000w\" sizes=\"(max-width: 644px) 100vw, 644px\" \/><\/figure>\n<\/figure>\n\n\n\n<p><\/p>\n\n\n\n<p>Explica que las im\u00e1genes de \u201cHuellas\u201d se imprimen utilizando la fotosensibilidad de materiales vegetales sobre hojas de pl\u00e1tano, cacao, caf\u00e9, vegetales y hierbas provenientes de sus propios huertos, plantas que sustentan su vida cotidiana y simbolizan su v\u00ednculo con la tierra. El uso de materiales org\u00e1nicos es intencional, reflejando ciclos de crecimiento y renovaci\u00f3n, en un paralelismo con su trabajo agr\u00edcola y su sabidur\u00eda generacional.<\/p>\n\n\n\n<p>Ahondando en la g\u00e9nesis de su proyecto, la alumnus UArtes revela que en tiempos de pandemia y cuando el mundo se deten\u00eda, la vida en el campo continuaba con su propio ritmo resiliente. \u201cObserv\u00e9 c\u00f3mo las mujeres rurales se convirtieron en el pilar de sus comunidades, afianzando la seguridad alimentaria no solo para sus familias, sino para regiones enteras. Mientras tanto, en nuestros hogares muchos redescubrimos el poder silencioso de las plantas, que nos brindaban alimento, sanaci\u00f3n y una renovada conexi\u00f3n con la tierra, volviendo a lo esencial\u201d.<\/p>\n\n\n\n<p>Fue entonces cuando comprendi\u00f3 verdaderamente la profundidad de esta relaci\u00f3n entre las mujeres y la naturaleza, su v\u00ednculo ancestral con la tierra que las sustenta y que ellas, a su vez, cuidan con devoci\u00f3n. \u201cSent\u00ed la necesidad de contar esta historia, de capturar las huellas que dejan la una en la otra, y as\u00ed naci\u00f3 \u2018Huellas\u2019\u201d.<\/p>\n\n\n\n<p>Higuera sostiene que las mujeres en los retratos son guardianas de la tierra, herederas de un conocimiento ancestral transmitido de generaci\u00f3n en generaci\u00f3n. Pertenecen a la comunidad de Zuleta, que forma parte del cant\u00f3n Ibarra, en la provincia ecuatoriana de Imbabura, donde la agricultura es m\u00e1s que un trabajo: es un acto de resistencia, memoria e identidad. Siguen viviendo hoy como lo hac\u00edan hace cientos de a\u00f1os.<\/p>\n\n\n<div class=\"wp-block-image\">\n<figure class=\"aligncenter size-large\"><img loading=\"lazy\" decoding=\"async\" width=\"644\" height=\"429\" src=\"https:\/\/www.uartes.edu.ec\/sitio\/wp-content\/uploads\/2025\/03\/07-YINNA-HIGERA-644x429.jpg\" alt=\"\" class=\"wp-image-69445\" srcset=\"https:\/\/www.uartes.edu.ec\/sitio\/wp-content\/uploads\/2025\/03\/07-YINNA-HIGERA-644x429.jpg 644w, https:\/\/www.uartes.edu.ec\/sitio\/wp-content\/uploads\/2025\/03\/07-YINNA-HIGERA-300x200.jpg 300w, https:\/\/www.uartes.edu.ec\/sitio\/wp-content\/uploads\/2025\/03\/07-YINNA-HIGERA-768x512.jpg 768w, https:\/\/www.uartes.edu.ec\/sitio\/wp-content\/uploads\/2025\/03\/07-YINNA-HIGERA-1536x1024.jpg 1536w, https:\/\/www.uartes.edu.ec\/sitio\/wp-content\/uploads\/2025\/03\/07-YINNA-HIGERA-18x12.jpg 18w, https:\/\/www.uartes.edu.ec\/sitio\/wp-content\/uploads\/2025\/03\/07-YINNA-HIGERA-600x400.jpg 600w, https:\/\/www.uartes.edu.ec\/sitio\/wp-content\/uploads\/2025\/03\/07-YINNA-HIGERA-400x267.jpg 400w, https:\/\/www.uartes.edu.ec\/sitio\/wp-content\/uploads\/2025\/03\/07-YINNA-HIGERA.jpg 2000w\" sizes=\"(max-width: 644px) 100vw, 644px\" \/><\/figure>\n<\/div>\n\n\n<p>\u201cMi trabajo como fot\u00f3grafa documental y educadora me ha permitido acercarme a ellas de manera org\u00e1nica, a trav\u00e9s de la confianza construida con el tiempo. Como parte del colectivo SolipsisArt, viajo por Ecuador colaborando con mujeres rurales, apoyando sus iniciativas de emprendimiento y brindando formaci\u00f3n fotogr\u00e1fica tanto a ellas como a sus comunidades\u201d.<\/p>\n\n\n\n<p>Cada una de estas mujeres tiene una historia \u00fanica, pero todas comparten un v\u00ednculo profundo con la tierra. \u201cA trav\u00e9s de estos retratos mi objetivo es visibilizar su fuerza y sabidur\u00eda, honrando su papel como guardianas de la tierra. Cuando las visito me comparten generosamente sus conocimientos, su entendimiento sobre las plantas medicinales y los cultivos nativos de generaciones. Como parte de este acto de compartir, me regalan hojas de sus huertos, plantas que tienen un significado especial en sus vidas y en su historia\u201d.<\/p>\n\n\n\n<p>Una vez capturados sus retratos, Yinna Higuera comienza un proceso de paciencia y conexi\u00f3n profunda con la naturaleza. \u201cUtilizando la impresi\u00f3n con clorofila (t\u00e9cnica del clorotipo), expongo las im\u00e1genes sobre las hojas a trav\u00e9s de la luz del sol, permitiendo que el material org\u00e1nico absorba la esencia de sus rostros. Es un proceso delicado, casi alqu\u00edmico, donde la fotograf\u00eda se fusiona con la esencia misma de la tierra. En estas im\u00e1genes, el tiempo queda suspendido y la naturaleza se convierte tanto en el medio como en la narradora de sus vidas\u201d.<\/p>\n\n\n\n<p>Nuestra graduada de la Escuela de Posgrados sostiene que la fotograf\u00eda es m\u00e1s que una imagen, es un puente entre historias, memorias y realidades, y a trav\u00e9s de \u201cHuellas\u201d espera generar una conversaci\u00f3n sobre la importancia del v\u00ednculo ancestral entre las mujeres y la tierra. \u201cEs un recordatorio de que cada semilla plantada, cada hoja que crece y cada historia compartida es parte de un legado colectivo. Al mirar estos retratos, invito al espectador a ver m\u00e1s all\u00e1 de la imagen, a reconocer en ellas la fuerza de quienes han sostenido la vida a trav\u00e9s de su trabajo silencioso y su v\u00ednculo inquebrantable con la naturaleza\u201d.<\/p>\n\n\n<div class=\"wp-block-image\">\n<figure class=\"aligncenter size-large\"><img loading=\"lazy\" decoding=\"async\" width=\"644\" height=\"429\" src=\"https:\/\/www.uartes.edu.ec\/sitio\/wp-content\/uploads\/2025\/03\/05-YINNA-HIGERA-644x429.jpg\" alt=\"\" class=\"wp-image-69446\" srcset=\"https:\/\/www.uartes.edu.ec\/sitio\/wp-content\/uploads\/2025\/03\/05-YINNA-HIGERA-644x429.jpg 644w, https:\/\/www.uartes.edu.ec\/sitio\/wp-content\/uploads\/2025\/03\/05-YINNA-HIGERA-300x200.jpg 300w, https:\/\/www.uartes.edu.ec\/sitio\/wp-content\/uploads\/2025\/03\/05-YINNA-HIGERA-768x512.jpg 768w, https:\/\/www.uartes.edu.ec\/sitio\/wp-content\/uploads\/2025\/03\/05-YINNA-HIGERA-1536x1024.jpg 1536w, https:\/\/www.uartes.edu.ec\/sitio\/wp-content\/uploads\/2025\/03\/05-YINNA-HIGERA-18x12.jpg 18w, https:\/\/www.uartes.edu.ec\/sitio\/wp-content\/uploads\/2025\/03\/05-YINNA-HIGERA-600x400.jpg 600w, https:\/\/www.uartes.edu.ec\/sitio\/wp-content\/uploads\/2025\/03\/05-YINNA-HIGERA-400x267.jpg 400w, https:\/\/www.uartes.edu.ec\/sitio\/wp-content\/uploads\/2025\/03\/05-YINNA-HIGERA.jpg 2000w\" sizes=\"(max-width: 644px) 100vw, 644px\" \/><\/figure>\n<\/div>\n\n\n<p>Para Yinna Higuera estudiar la&nbsp;maestr\u00eda en Fotograf\u00eda y Sociedad en Am\u00e9rica Latina&nbsp;en la UArtes fue un punto de inflexi\u00f3n en su carrera. \u201cMe permiti\u00f3&nbsp;entender con mayor profundidad el impacto de la imagen en la construcci\u00f3n de la memoria social y consolidar un enfoque de investigaci\u00f3n aplicado a la fotograf\u00eda\u201d.<\/p>\n\n\n\n<p>Desde entonces ha trabajado en diversos proyectos que integran la fotograf\u00eda con la exploraci\u00f3n de la identidad, la migraci\u00f3n y el territorio. Ha desarrollado propuestas de&nbsp;formaci\u00f3n a j\u00f3venes, mujeres y comunidades en Ecuador y ampliado su pr\u00e1ctica art\u00edstica incorporando t\u00e9cnicas experimentales.<\/p>\n\n\n\n<p>Es un recorrido que la ha llevado a participar en exposiciones internacionales, coordinar iniciativas de formaci\u00f3n y fortalecer el trabajo colaborativo a trav\u00e9s del colectivo&nbsp;SolipsisArt Ecuador que promueve la fotograf\u00eda como herramienta de construcci\u00f3n de memoria y transformaci\u00f3n social.<\/p>\n\n\n\n<h3 class=\"wp-block-heading\">Serie \u00abHuellas\u00bb, parte de nuevos proyectos<\/h3>\n\n\n\n<p>Actualmente, Yinna Higuera contin\u00faa desarrollando la serie&nbsp;\u201cHuellas\u201d&nbsp;y explorando nuevas formas de materialidad en la fotograf\u00eda. \u201cTambi\u00e9n estoy trabajando en&nbsp;\u2018Dualidades migrantes\u2019, un proyecto que aborda la experiencia migratoria desde una perspectiva introspectiva, utilizando t\u00e9cnicas h\u00edbridas para explorar la fragmentaci\u00f3n y reconstrucci\u00f3n de la identidad\u201d.<\/p>\n\n\n\n<p>Afirma seguir comprometida con la formaci\u00f3n y el fortalecimiento de redes entre fot\u00f3grafas y artistas visuales en la regi\u00f3n, participando en espacios de mentor\u00eda y gesti\u00f3n cultural. \u201cUno de mis objetivos es expandir el alcance de mi trabajo hacia plataformas internacionales, fomentando di\u00e1logos sobre la imagen, la memoria y la transformaci\u00f3n social a trav\u00e9s del arte\u201d.<\/p>\n\n\n\n<p>\u201cCada proyecto que emprendo es un intento por entender y visibilizar realidades que muchas veces han sido ignoradas. Como profesional, busco seguir investigando sobre la relaci\u00f3n entre imagen, identidad y sociedad, y aportar a la formaci\u00f3n de nuevas generaciones de narradores visuales. Como ser humano, simplemente aspiro a seguir aprendiendo, creando y compartiendo, siempre con la convicci\u00f3n de que la fotograf\u00eda puede transformar miradas y construir memorias duraderas\u201d.<\/p>\n\n\n\n<p>Fotos: cortes\u00eda Yinna Higuera. Las portada y primeras im\u00e1genes corresponden a \u201cHuellas\u201d. Las siguientes son gr\u00e1ficas proporcionadas por la Escuela de Posgrados UArtes y corresponden a la intervenci\u00f3n de la alumnus en la exposici\u00f3n que se efectu\u00f3 en 2024 en la Universidad de Nari\u00f1o (Colombia), en el marco de la circulaci\u00f3n internacional de obra art\u00edstica.<\/p>\n\n\n\n<p>En el enlace, sinopsis e im\u00e1genes del trabajo fotogr\u00e1fico con el que Yinna Higuera participa en el certamen internacional:<br><a href=\"https:\/\/www.worldphoto.org\/sony-world-photography-awards\/winners-galleries\/2025\/professional\/traces-yinna-higuera\" target=\"_blank\" rel=\"noreferrer noopener\">Traces by Yinna Higuera | World Photography Organisation<\/a> <\/p>\n\n\n\n<p><\/p>","protected":false},"excerpt":{"rendered":"<p>Yinna Higuera es una fot\u00f3grafa colombo-ecuatoriana que curs\u00f3 en la UArtes la maestr\u00eda de Fotograf\u00eda y Sociedad en Am\u00e9rica Latina. Su trabajo se encuentra en la intersecci\u00f3n entre la fotograf\u00eda art\u00edstica y el documental, y su proyecto \u201cHuellas\u201d concebido en tiempos de la pandemia las fusiona. Convertida en serie, su propuesta est\u00e1 en la final del concurso internacional Professional 2025 de los Sony World Photography Awards.<\/p>","protected":false},"author":10,"featured_media":69441,"comment_status":"open","ping_status":"open","sticky":false,"template":"","format":"standard","meta":{"_acf_changed":false,"_uag_custom_page_level_css":"","_monsterinsights_skip_tracking":false,"_monsterinsights_sitenote_active":false,"_monsterinsights_sitenote_note":"","_monsterinsights_sitenote_category":0,"cybocfi_hide_featured_image":"","footnotes":""},"categories":[80,490,264],"tags":[518],"infouartes":[],"class_list":["post-69440","post","type-post","status-publish","format-standard","has-post-thumbnail","hentry","category-academico","category-alumni","category-maestrias","tag-produccion"],"acf":[],"yoast_head":"<!-- This site is optimized with the Yoast SEO plugin v27.4 - https:\/\/yoast.com\/product\/yoast-seo-wordpress\/ -->\n<title>Universidad de las Artes - Obra de Yinna Higuera entre fotograf\u00eda art\u00edstica y documental; alumnus de posgrado, en concurso internacional<\/title>\n<meta name=\"description\" content=\"Universidad de las Artes - Obra de Yinna Higuera entre fotograf\u00eda art\u00edstica y documental; alumnus de posgrado, en concurso internacional\" \/>\n<meta name=\"robots\" content=\"index, follow, max-snippet:-1, max-image-preview:large, max-video-preview:-1\" \/>\n<link rel=\"canonical\" href=\"https:\/\/www.uartes.edu.ec\/sitio\/fr\/blog\/2025\/03\/13\/trabajo-de-yinna-higuera-entre-la-fotografia-artistica-y-el-documental-alumnus-de-posgrado-en-concurso-internacional-professional-2025\/\" \/>\n<meta property=\"og:locale\" content=\"fr_FR\" \/>\n<meta property=\"og:type\" content=\"article\" \/>\n<meta property=\"og:title\" content=\"Universidad de las Artes - Obra de Yinna Higuera entre fotograf\u00eda art\u00edstica y documental; alumnus de posgrado, en concurso internacional\" \/>\n<meta property=\"og:description\" content=\"Universidad de las Artes - Obra de Yinna Higuera entre fotograf\u00eda art\u00edstica y documental; alumnus de posgrado, en concurso internacional\" \/>\n<meta property=\"og:url\" content=\"https:\/\/www.uartes.edu.ec\/sitio\/fr\/blog\/2025\/03\/13\/trabajo-de-yinna-higuera-entre-la-fotografia-artistica-y-el-documental-alumnus-de-posgrado-en-concurso-internacional-professional-2025\/\" \/>\n<meta property=\"og:site_name\" content=\"Universidad de las Artes\" \/>\n<meta property=\"article:publisher\" content=\"https:\/\/www.facebook.com\/uartesec\" \/>\n<meta property=\"article:published_time\" content=\"2025-03-13T21:45:00+00:00\" \/>\n<meta property=\"article:modified_time\" content=\"2025-03-31T23:35:46+00:00\" \/>\n<meta property=\"og:image\" content=\"https:\/\/www.uartes.edu.ec\/sitio\/wp-content\/uploads\/2025\/03\/01-FOTOGRAFIAS-YINNA-HIGUERA-SIA.jpg\" \/>\n\t<meta property=\"og:image:width\" content=\"2000\" \/>\n\t<meta property=\"og:image:height\" content=\"1333\" \/>\n\t<meta property=\"og:image:type\" content=\"image\/jpeg\" \/>\n<meta name=\"author\" content=\"ccortez\" \/>\n<meta name=\"twitter:card\" content=\"summary_large_image\" \/>\n<meta name=\"twitter:creator\" content=\"@uartesec\" \/>\n<meta name=\"twitter:site\" content=\"@uartesec\" \/>\n<meta name=\"twitter:label1\" content=\"\u00c9crit par\" \/>\n\t<meta name=\"twitter:data1\" content=\"ccortez\" \/>\n\t<meta name=\"twitter:label2\" content=\"Dur\u00e9e de lecture estim\u00e9e\" \/>\n\t<meta name=\"twitter:data2\" content=\"7 minutes\" \/>\n<script type=\"application\/ld+json\" class=\"yoast-schema-graph\">{\"@context\":\"https:\\\/\\\/schema.org\",\"@graph\":[{\"@type\":\"Article\",\"@id\":\"https:\\\/\\\/www.uartes.edu.ec\\\/sitio\\\/fr\\\/blog\\\/2025\\\/03\\\/13\\\/trabajo-de-yinna-higuera-entre-la-fotografia-artistica-y-el-documental-alumnus-de-posgrado-en-concurso-internacional-professional-2025\\\/#article\",\"isPartOf\":{\"@id\":\"https:\\\/\\\/www.uartes.edu.ec\\\/sitio\\\/fr\\\/blog\\\/2025\\\/03\\\/13\\\/trabajo-de-yinna-higuera-entre-la-fotografia-artistica-y-el-documental-alumnus-de-posgrado-en-concurso-internacional-professional-2025\\\/\"},\"author\":{\"name\":\"ccortez\",\"@id\":\"https:\\\/\\\/www.uartes.edu.ec\\\/sitio\\\/fr\\\/#\\\/schema\\\/person\\\/efa1b8275797664fd7f13a79ccc0b1f4\"},\"headline\":\"Obra de Yinna Higuera entre fotograf\u00eda art\u00edstica y documental; alumnus de posgrado, en concurso internacional\",\"datePublished\":\"2025-03-13T21:45:00+00:00\",\"dateModified\":\"2025-03-31T23:35:46+00:00\",\"mainEntityOfPage\":{\"@id\":\"https:\\\/\\\/www.uartes.edu.ec\\\/sitio\\\/fr\\\/blog\\\/2025\\\/03\\\/13\\\/trabajo-de-yinna-higuera-entre-la-fotografia-artistica-y-el-documental-alumnus-de-posgrado-en-concurso-internacional-professional-2025\\\/\"},\"wordCount\":1397,\"commentCount\":0,\"publisher\":{\"@id\":\"https:\\\/\\\/www.uartes.edu.ec\\\/sitio\\\/fr\\\/#organization\"},\"image\":{\"@id\":\"https:\\\/\\\/www.uartes.edu.ec\\\/sitio\\\/fr\\\/blog\\\/2025\\\/03\\\/13\\\/trabajo-de-yinna-higuera-entre-la-fotografia-artistica-y-el-documental-alumnus-de-posgrado-en-concurso-internacional-professional-2025\\\/#primaryimage\"},\"thumbnailUrl\":\"https:\\\/\\\/www.uartes.edu.ec\\\/sitio\\\/wp-content\\\/uploads\\\/2025\\\/03\\\/01-FOTOGRAFIAS-YINNA-HIGUERA-SIA.jpg\",\"keywords\":[\"producci\u00f3n\"],\"articleSection\":[\"Acad\u00e9mico\",\"Alumni\",\"Maestr\u00edas\"],\"inLanguage\":\"fr-FR\",\"potentialAction\":[{\"@type\":\"CommentAction\",\"name\":\"Comment\",\"target\":[\"https:\\\/\\\/www.uartes.edu.ec\\\/sitio\\\/fr\\\/blog\\\/2025\\\/03\\\/13\\\/trabajo-de-yinna-higuera-entre-la-fotografia-artistica-y-el-documental-alumnus-de-posgrado-en-concurso-internacional-professional-2025\\\/#respond\"]}]},{\"@type\":[\"WebPage\",\"ItemPage\"],\"@id\":\"https:\\\/\\\/www.uartes.edu.ec\\\/sitio\\\/fr\\\/blog\\\/2025\\\/03\\\/13\\\/trabajo-de-yinna-higuera-entre-la-fotografia-artistica-y-el-documental-alumnus-de-posgrado-en-concurso-internacional-professional-2025\\\/\",\"url\":\"https:\\\/\\\/www.uartes.edu.ec\\\/sitio\\\/fr\\\/blog\\\/2025\\\/03\\\/13\\\/trabajo-de-yinna-higuera-entre-la-fotografia-artistica-y-el-documental-alumnus-de-posgrado-en-concurso-internacional-professional-2025\\\/\",\"name\":\"Universidad de las Artes - Obra de Yinna Higuera entre fotograf\u00eda art\u00edstica y documental; alumnus de posgrado, en concurso internacional\",\"isPartOf\":{\"@id\":\"https:\\\/\\\/www.uartes.edu.ec\\\/sitio\\\/fr\\\/#website\"},\"primaryImageOfPage\":{\"@id\":\"https:\\\/\\\/www.uartes.edu.ec\\\/sitio\\\/fr\\\/blog\\\/2025\\\/03\\\/13\\\/trabajo-de-yinna-higuera-entre-la-fotografia-artistica-y-el-documental-alumnus-de-posgrado-en-concurso-internacional-professional-2025\\\/#primaryimage\"},\"image\":{\"@id\":\"https:\\\/\\\/www.uartes.edu.ec\\\/sitio\\\/fr\\\/blog\\\/2025\\\/03\\\/13\\\/trabajo-de-yinna-higuera-entre-la-fotografia-artistica-y-el-documental-alumnus-de-posgrado-en-concurso-internacional-professional-2025\\\/#primaryimage\"},\"thumbnailUrl\":\"https:\\\/\\\/www.uartes.edu.ec\\\/sitio\\\/wp-content\\\/uploads\\\/2025\\\/03\\\/01-FOTOGRAFIAS-YINNA-HIGUERA-SIA.jpg\",\"datePublished\":\"2025-03-13T21:45:00+00:00\",\"dateModified\":\"2025-03-31T23:35:46+00:00\",\"description\":\"Universidad de las Artes - Obra de Yinna Higuera entre fotograf\u00eda art\u00edstica y documental; alumnus de posgrado, en concurso internacional\",\"breadcrumb\":{\"@id\":\"https:\\\/\\\/www.uartes.edu.ec\\\/sitio\\\/fr\\\/blog\\\/2025\\\/03\\\/13\\\/trabajo-de-yinna-higuera-entre-la-fotografia-artistica-y-el-documental-alumnus-de-posgrado-en-concurso-internacional-professional-2025\\\/#breadcrumb\"},\"inLanguage\":\"fr-FR\",\"potentialAction\":[{\"@type\":\"ReadAction\",\"target\":[\"https:\\\/\\\/www.uartes.edu.ec\\\/sitio\\\/fr\\\/blog\\\/2025\\\/03\\\/13\\\/trabajo-de-yinna-higuera-entre-la-fotografia-artistica-y-el-documental-alumnus-de-posgrado-en-concurso-internacional-professional-2025\\\/\"]}]},{\"@type\":\"ImageObject\",\"inLanguage\":\"fr-FR\",\"@id\":\"https:\\\/\\\/www.uartes.edu.ec\\\/sitio\\\/fr\\\/blog\\\/2025\\\/03\\\/13\\\/trabajo-de-yinna-higuera-entre-la-fotografia-artistica-y-el-documental-alumnus-de-posgrado-en-concurso-internacional-professional-2025\\\/#primaryimage\",\"url\":\"https:\\\/\\\/www.uartes.edu.ec\\\/sitio\\\/wp-content\\\/uploads\\\/2025\\\/03\\\/01-FOTOGRAFIAS-YINNA-HIGUERA-SIA.jpg\",\"contentUrl\":\"https:\\\/\\\/www.uartes.edu.ec\\\/sitio\\\/wp-content\\\/uploads\\\/2025\\\/03\\\/01-FOTOGRAFIAS-YINNA-HIGUERA-SIA.jpg\",\"width\":2000,\"height\":1333},{\"@type\":\"BreadcrumbList\",\"@id\":\"https:\\\/\\\/www.uartes.edu.ec\\\/sitio\\\/fr\\\/blog\\\/2025\\\/03\\\/13\\\/trabajo-de-yinna-higuera-entre-la-fotografia-artistica-y-el-documental-alumnus-de-posgrado-en-concurso-internacional-professional-2025\\\/#breadcrumb\",\"itemListElement\":[{\"@type\":\"ListItem\",\"position\":1,\"name\":\"Inicio\",\"item\":\"https:\\\/\\\/www.uartes.edu.ec\\\/sitio\\\/\"},{\"@type\":\"ListItem\",\"position\":2,\"name\":\"Obra de Yinna Higuera entre fotograf\u00eda art\u00edstica y documental; alumnus de posgrado, en concurso internacional\"}]},{\"@type\":\"WebSite\",\"@id\":\"https:\\\/\\\/www.uartes.edu.ec\\\/sitio\\\/fr\\\/#website\",\"url\":\"https:\\\/\\\/www.uartes.edu.ec\\\/sitio\\\/fr\\\/\",\"name\":\"Universidad de las Artes\",\"description\":\"Sitio oficial de la Universidad Nacional de las Artes del Ecuador\",\"publisher\":{\"@id\":\"https:\\\/\\\/www.uartes.edu.ec\\\/sitio\\\/fr\\\/#organization\"},\"potentialAction\":[{\"@type\":\"SearchAction\",\"target\":{\"@type\":\"EntryPoint\",\"urlTemplate\":\"https:\\\/\\\/www.uartes.edu.ec\\\/sitio\\\/fr\\\/?s={search_term_string}\"},\"query-input\":{\"@type\":\"PropertyValueSpecification\",\"valueRequired\":true,\"valueName\":\"search_term_string\"}}],\"inLanguage\":\"fr-FR\"},{\"@type\":\"Organization\",\"@id\":\"https:\\\/\\\/www.uartes.edu.ec\\\/sitio\\\/fr\\\/#organization\",\"name\":\"Universidad de las Artes\",\"url\":\"https:\\\/\\\/www.uartes.edu.ec\\\/sitio\\\/fr\\\/\",\"logo\":{\"@type\":\"ImageObject\",\"inLanguage\":\"fr-FR\",\"@id\":\"https:\\\/\\\/www.uartes.edu.ec\\\/sitio\\\/fr\\\/#\\\/schema\\\/logo\\\/image\\\/\",\"url\":\"https:\\\/\\\/www.uartes.edu.ec\\\/sitio\\\/wp-content\\\/uploads\\\/2022\\\/07\\\/logo-ua-horizontal.png\",\"contentUrl\":\"https:\\\/\\\/www.uartes.edu.ec\\\/sitio\\\/wp-content\\\/uploads\\\/2022\\\/07\\\/logo-ua-horizontal.png\",\"width\":800,\"height\":276,\"caption\":\"Universidad de las Artes\"},\"image\":{\"@id\":\"https:\\\/\\\/www.uartes.edu.ec\\\/sitio\\\/fr\\\/#\\\/schema\\\/logo\\\/image\\\/\"},\"sameAs\":[\"https:\\\/\\\/www.facebook.com\\\/uartesec\",\"https:\\\/\\\/x.com\\\/uartesec\",\"https:\\\/\\\/www.tiktok.com\\\/@uartesec\"]},{\"@type\":\"Person\",\"@id\":\"https:\\\/\\\/www.uartes.edu.ec\\\/sitio\\\/fr\\\/#\\\/schema\\\/person\\\/efa1b8275797664fd7f13a79ccc0b1f4\",\"name\":\"ccortez\",\"image\":{\"@type\":\"ImageObject\",\"inLanguage\":\"fr-FR\",\"@id\":\"https:\\\/\\\/secure.gravatar.com\\\/avatar\\\/b2a6f664a3ae8e074346ef91775736c5ec479e637ecced6842de9dc98b5da9cd?s=96&d=mm&r=g\",\"url\":\"https:\\\/\\\/secure.gravatar.com\\\/avatar\\\/b2a6f664a3ae8e074346ef91775736c5ec479e637ecced6842de9dc98b5da9cd?s=96&d=mm&r=g\",\"contentUrl\":\"https:\\\/\\\/secure.gravatar.com\\\/avatar\\\/b2a6f664a3ae8e074346ef91775736c5ec479e637ecced6842de9dc98b5da9cd?s=96&d=mm&r=g\",\"caption\":\"ccortez\"},\"url\":\"https:\\\/\\\/www.uartes.edu.ec\\\/sitio\\\/fr\\\/blog\\\/author\\\/ccortez\\\/\"}]}<\/script>\n<!-- \/ Yoast SEO plugin. -->","yoast_head_json":{"title":"Universidad de las Artes - Obra de Yinna Higuera entre fotograf\u00eda art\u00edstica y documental; alumnus de posgrado, en concurso internacional","description":"Universidad de las Artes - Obra de Yinna Higuera entre fotograf\u00eda art\u00edstica y documental; alumnus de posgrado, en concurso internacional","robots":{"index":"index","follow":"follow","max-snippet":"max-snippet:-1","max-image-preview":"max-image-preview:large","max-video-preview":"max-video-preview:-1"},"canonical":"https:\/\/www.uartes.edu.ec\/sitio\/fr\/blog\/2025\/03\/13\/trabajo-de-yinna-higuera-entre-la-fotografia-artistica-y-el-documental-alumnus-de-posgrado-en-concurso-internacional-professional-2025\/","og_locale":"fr_FR","og_type":"article","og_title":"Universidad de las Artes - Obra de Yinna Higuera entre fotograf\u00eda art\u00edstica y documental; alumnus de posgrado, en concurso internacional","og_description":"Universidad de las Artes - Obra de Yinna Higuera entre fotograf\u00eda art\u00edstica y documental; alumnus de posgrado, en concurso internacional","og_url":"https:\/\/www.uartes.edu.ec\/sitio\/fr\/blog\/2025\/03\/13\/trabajo-de-yinna-higuera-entre-la-fotografia-artistica-y-el-documental-alumnus-de-posgrado-en-concurso-internacional-professional-2025\/","og_site_name":"Universidad de las Artes","article_publisher":"https:\/\/www.facebook.com\/uartesec","article_published_time":"2025-03-13T21:45:00+00:00","article_modified_time":"2025-03-31T23:35:46+00:00","og_image":[{"width":2000,"height":1333,"url":"https:\/\/www.uartes.edu.ec\/sitio\/wp-content\/uploads\/2025\/03\/01-FOTOGRAFIAS-YINNA-HIGUERA-SIA.jpg","type":"image\/jpeg"}],"author":"ccortez","twitter_card":"summary_large_image","twitter_creator":"@uartesec","twitter_site":"@uartesec","twitter_misc":{"\u00c9crit par":"ccortez","Dur\u00e9e de lecture estim\u00e9e":"7 minutes"},"schema":{"@context":"https:\/\/schema.org","@graph":[{"@type":"Article","@id":"https:\/\/www.uartes.edu.ec\/sitio\/fr\/blog\/2025\/03\/13\/trabajo-de-yinna-higuera-entre-la-fotografia-artistica-y-el-documental-alumnus-de-posgrado-en-concurso-internacional-professional-2025\/#article","isPartOf":{"@id":"https:\/\/www.uartes.edu.ec\/sitio\/fr\/blog\/2025\/03\/13\/trabajo-de-yinna-higuera-entre-la-fotografia-artistica-y-el-documental-alumnus-de-posgrado-en-concurso-internacional-professional-2025\/"},"author":{"name":"ccortez","@id":"https:\/\/www.uartes.edu.ec\/sitio\/fr\/#\/schema\/person\/efa1b8275797664fd7f13a79ccc0b1f4"},"headline":"Obra de Yinna Higuera entre fotograf\u00eda art\u00edstica y documental; alumnus de posgrado, en concurso internacional","datePublished":"2025-03-13T21:45:00+00:00","dateModified":"2025-03-31T23:35:46+00:00","mainEntityOfPage":{"@id":"https:\/\/www.uartes.edu.ec\/sitio\/fr\/blog\/2025\/03\/13\/trabajo-de-yinna-higuera-entre-la-fotografia-artistica-y-el-documental-alumnus-de-posgrado-en-concurso-internacional-professional-2025\/"},"wordCount":1397,"commentCount":0,"publisher":{"@id":"https:\/\/www.uartes.edu.ec\/sitio\/fr\/#organization"},"image":{"@id":"https:\/\/www.uartes.edu.ec\/sitio\/fr\/blog\/2025\/03\/13\/trabajo-de-yinna-higuera-entre-la-fotografia-artistica-y-el-documental-alumnus-de-posgrado-en-concurso-internacional-professional-2025\/#primaryimage"},"thumbnailUrl":"https:\/\/www.uartes.edu.ec\/sitio\/wp-content\/uploads\/2025\/03\/01-FOTOGRAFIAS-YINNA-HIGUERA-SIA.jpg","keywords":["producci\u00f3n"],"articleSection":["Acad\u00e9mico","Alumni","Maestr\u00edas"],"inLanguage":"fr-FR","potentialAction":[{"@type":"CommentAction","name":"Comment","target":["https:\/\/www.uartes.edu.ec\/sitio\/fr\/blog\/2025\/03\/13\/trabajo-de-yinna-higuera-entre-la-fotografia-artistica-y-el-documental-alumnus-de-posgrado-en-concurso-internacional-professional-2025\/#respond"]}]},{"@type":["WebPage","ItemPage"],"@id":"https:\/\/www.uartes.edu.ec\/sitio\/fr\/blog\/2025\/03\/13\/trabajo-de-yinna-higuera-entre-la-fotografia-artistica-y-el-documental-alumnus-de-posgrado-en-concurso-internacional-professional-2025\/","url":"https:\/\/www.uartes.edu.ec\/sitio\/fr\/blog\/2025\/03\/13\/trabajo-de-yinna-higuera-entre-la-fotografia-artistica-y-el-documental-alumnus-de-posgrado-en-concurso-internacional-professional-2025\/","name":"Universidad de las Artes - Obra de Yinna Higuera entre fotograf\u00eda art\u00edstica y documental; alumnus de posgrado, en concurso internacional","isPartOf":{"@id":"https:\/\/www.uartes.edu.ec\/sitio\/fr\/#website"},"primaryImageOfPage":{"@id":"https:\/\/www.uartes.edu.ec\/sitio\/fr\/blog\/2025\/03\/13\/trabajo-de-yinna-higuera-entre-la-fotografia-artistica-y-el-documental-alumnus-de-posgrado-en-concurso-internacional-professional-2025\/#primaryimage"},"image":{"@id":"https:\/\/www.uartes.edu.ec\/sitio\/fr\/blog\/2025\/03\/13\/trabajo-de-yinna-higuera-entre-la-fotografia-artistica-y-el-documental-alumnus-de-posgrado-en-concurso-internacional-professional-2025\/#primaryimage"},"thumbnailUrl":"https:\/\/www.uartes.edu.ec\/sitio\/wp-content\/uploads\/2025\/03\/01-FOTOGRAFIAS-YINNA-HIGUERA-SIA.jpg","datePublished":"2025-03-13T21:45:00+00:00","dateModified":"2025-03-31T23:35:46+00:00","description":"Universidad de las Artes - Obra de Yinna Higuera entre fotograf\u00eda art\u00edstica y documental; alumnus de posgrado, en concurso internacional","breadcrumb":{"@id":"https:\/\/www.uartes.edu.ec\/sitio\/fr\/blog\/2025\/03\/13\/trabajo-de-yinna-higuera-entre-la-fotografia-artistica-y-el-documental-alumnus-de-posgrado-en-concurso-internacional-professional-2025\/#breadcrumb"},"inLanguage":"fr-FR","potentialAction":[{"@type":"ReadAction","target":["https:\/\/www.uartes.edu.ec\/sitio\/fr\/blog\/2025\/03\/13\/trabajo-de-yinna-higuera-entre-la-fotografia-artistica-y-el-documental-alumnus-de-posgrado-en-concurso-internacional-professional-2025\/"]}]},{"@type":"ImageObject","inLanguage":"fr-FR","@id":"https:\/\/www.uartes.edu.ec\/sitio\/fr\/blog\/2025\/03\/13\/trabajo-de-yinna-higuera-entre-la-fotografia-artistica-y-el-documental-alumnus-de-posgrado-en-concurso-internacional-professional-2025\/#primaryimage","url":"https:\/\/www.uartes.edu.ec\/sitio\/wp-content\/uploads\/2025\/03\/01-FOTOGRAFIAS-YINNA-HIGUERA-SIA.jpg","contentUrl":"https:\/\/www.uartes.edu.ec\/sitio\/wp-content\/uploads\/2025\/03\/01-FOTOGRAFIAS-YINNA-HIGUERA-SIA.jpg","width":2000,"height":1333},{"@type":"BreadcrumbList","@id":"https:\/\/www.uartes.edu.ec\/sitio\/fr\/blog\/2025\/03\/13\/trabajo-de-yinna-higuera-entre-la-fotografia-artistica-y-el-documental-alumnus-de-posgrado-en-concurso-internacional-professional-2025\/#breadcrumb","itemListElement":[{"@type":"ListItem","position":1,"name":"Inicio","item":"https:\/\/www.uartes.edu.ec\/sitio\/"},{"@type":"ListItem","position":2,"name":"Obra de Yinna Higuera entre fotograf\u00eda art\u00edstica y documental; alumnus de posgrado, en concurso internacional"}]},{"@type":"WebSite","@id":"https:\/\/www.uartes.edu.ec\/sitio\/fr\/#website","url":"https:\/\/www.uartes.edu.ec\/sitio\/fr\/","name":"Universidad de las Artes","description":"Sitio oficial de la Universidad Nacional de las Artes del Ecuador","publisher":{"@id":"https:\/\/www.uartes.edu.ec\/sitio\/fr\/#organization"},"potentialAction":[{"@type":"SearchAction","target":{"@type":"EntryPoint","urlTemplate":"https:\/\/www.uartes.edu.ec\/sitio\/fr\/?s={search_term_string}"},"query-input":{"@type":"PropertyValueSpecification","valueRequired":true,"valueName":"search_term_string"}}],"inLanguage":"fr-FR"},{"@type":"Organization","@id":"https:\/\/www.uartes.edu.ec\/sitio\/fr\/#organization","name":"Universidad de las Artes","url":"https:\/\/www.uartes.edu.ec\/sitio\/fr\/","logo":{"@type":"ImageObject","inLanguage":"fr-FR","@id":"https:\/\/www.uartes.edu.ec\/sitio\/fr\/#\/schema\/logo\/image\/","url":"https:\/\/www.uartes.edu.ec\/sitio\/wp-content\/uploads\/2022\/07\/logo-ua-horizontal.png","contentUrl":"https:\/\/www.uartes.edu.ec\/sitio\/wp-content\/uploads\/2022\/07\/logo-ua-horizontal.png","width":800,"height":276,"caption":"Universidad de las Artes"},"image":{"@id":"https:\/\/www.uartes.edu.ec\/sitio\/fr\/#\/schema\/logo\/image\/"},"sameAs":["https:\/\/www.facebook.com\/uartesec","https:\/\/x.com\/uartesec","https:\/\/www.tiktok.com\/@uartesec"]},{"@type":"Person","@id":"https:\/\/www.uartes.edu.ec\/sitio\/fr\/#\/schema\/person\/efa1b8275797664fd7f13a79ccc0b1f4","name":"ccortez","image":{"@type":"ImageObject","inLanguage":"fr-FR","@id":"https:\/\/secure.gravatar.com\/avatar\/b2a6f664a3ae8e074346ef91775736c5ec479e637ecced6842de9dc98b5da9cd?s=96&d=mm&r=g","url":"https:\/\/secure.gravatar.com\/avatar\/b2a6f664a3ae8e074346ef91775736c5ec479e637ecced6842de9dc98b5da9cd?s=96&d=mm&r=g","contentUrl":"https:\/\/secure.gravatar.com\/avatar\/b2a6f664a3ae8e074346ef91775736c5ec479e637ecced6842de9dc98b5da9cd?s=96&d=mm&r=g","caption":"ccortez"},"url":"https:\/\/www.uartes.edu.ec\/sitio\/fr\/blog\/author\/ccortez\/"}]}},"uagb_featured_image_src":{"full":["https:\/\/www.uartes.edu.ec\/sitio\/wp-content\/uploads\/2025\/03\/01-FOTOGRAFIAS-YINNA-HIGUERA-SIA.jpg",2000,1333,false],"thumbnail":["https:\/\/www.uartes.edu.ec\/sitio\/wp-content\/uploads\/2025\/03\/01-FOTOGRAFIAS-YINNA-HIGUERA-SIA-150x150.jpg",150,150,true],"medium":["https:\/\/www.uartes.edu.ec\/sitio\/wp-content\/uploads\/2025\/03\/01-FOTOGRAFIAS-YINNA-HIGUERA-SIA-300x200.jpg",300,200,true],"medium_large":["https:\/\/www.uartes.edu.ec\/sitio\/wp-content\/uploads\/2025\/03\/01-FOTOGRAFIAS-YINNA-HIGUERA-SIA-768x512.jpg",768,512,true],"large":["https:\/\/www.uartes.edu.ec\/sitio\/wp-content\/uploads\/2025\/03\/01-FOTOGRAFIAS-YINNA-HIGUERA-SIA-644x429.jpg",644,429,true],"1536x1536":["https:\/\/www.uartes.edu.ec\/sitio\/wp-content\/uploads\/2025\/03\/01-FOTOGRAFIAS-YINNA-HIGUERA-SIA-1536x1024.jpg",1536,1024,true],"2048x2048":["https:\/\/www.uartes.edu.ec\/sitio\/wp-content\/uploads\/2025\/03\/01-FOTOGRAFIAS-YINNA-HIGUERA-SIA.jpg",2000,1333,false],"trp-custom-language-flag":["https:\/\/www.uartes.edu.ec\/sitio\/wp-content\/uploads\/2025\/03\/01-FOTOGRAFIAS-YINNA-HIGUERA-SIA-18x12.jpg",18,12,true],"htmega_size_585x295":["https:\/\/www.uartes.edu.ec\/sitio\/wp-content\/uploads\/2025\/03\/01-FOTOGRAFIAS-YINNA-HIGUERA-SIA-585x295.jpg",585,295,true],"htmega_size_1170x536":["https:\/\/www.uartes.edu.ec\/sitio\/wp-content\/uploads\/2025\/03\/01-FOTOGRAFIAS-YINNA-HIGUERA-SIA-1170x536.jpg",1170,536,true],"htmega_size_396x360":["https:\/\/www.uartes.edu.ec\/sitio\/wp-content\/uploads\/2025\/03\/01-FOTOGRAFIAS-YINNA-HIGUERA-SIA-396x360.jpg",396,360,true],"gb-block-post-grid-landscape":["https:\/\/www.uartes.edu.ec\/sitio\/wp-content\/uploads\/2025\/03\/01-FOTOGRAFIAS-YINNA-HIGUERA-SIA-600x400.jpg",600,400,true],"gb-block-post-grid-square":["https:\/\/www.uartes.edu.ec\/sitio\/wp-content\/uploads\/2025\/03\/01-FOTOGRAFIAS-YINNA-HIGUERA-SIA-600x600.jpg",600,600,true],"university-hub-thumb":["https:\/\/www.uartes.edu.ec\/sitio\/wp-content\/uploads\/2025\/03\/01-FOTOGRAFIAS-YINNA-HIGUERA-SIA-400x267.jpg",400,267,true]},"uagb_author_info":{"display_name":"ccortez","author_link":"https:\/\/www.uartes.edu.ec\/sitio\/fr\/blog\/author\/ccortez\/"},"uagb_comment_info":0,"uagb_excerpt":"Yinna Higuera es una fot\u00f3grafa colombo-ecuatoriana que curs\u00f3 en la UArtes la maestr\u00eda de Fotograf\u00eda y Sociedad en Am\u00e9rica Latina. Su trabajo se encuentra en la intersecci\u00f3n entre la fotograf\u00eda art\u00edstica y el documental, y su proyecto \u201cHuellas\u201d concebido en tiempos de la pandemia las fusiona. Convertida en serie, su propuesta est\u00e1 en la final\u2026","featured_image_src":"https:\/\/www.uartes.edu.ec\/sitio\/wp-content\/uploads\/2025\/03\/01-FOTOGRAFIAS-YINNA-HIGUERA-SIA-600x400.jpg","featured_image_src_square":"https:\/\/www.uartes.edu.ec\/sitio\/wp-content\/uploads\/2025\/03\/01-FOTOGRAFIAS-YINNA-HIGUERA-SIA-600x600.jpg","author_info":{"display_name":"ccortez","author_link":"https:\/\/www.uartes.edu.ec\/sitio\/fr\/blog\/author\/ccortez\/"},"publishpress_future_workflow_manual_trigger":{"enabledWorkflows":[]},"distributor_meta":false,"distributor_terms":false,"distributor_media":false,"distributor_original_site_name":"Universidad de las Artes","distributor_original_site_url":"https:\/\/www.uartes.edu.ec\/sitio\/fr","push-errors":false,"_links":{"self":[{"href":"https:\/\/www.uartes.edu.ec\/sitio\/fr\/wp-json\/wp\/v2\/posts\/69440","targetHints":{"allow":["GET"]}}],"collection":[{"href":"https:\/\/www.uartes.edu.ec\/sitio\/fr\/wp-json\/wp\/v2\/posts"}],"about":[{"href":"https:\/\/www.uartes.edu.ec\/sitio\/fr\/wp-json\/wp\/v2\/types\/post"}],"author":[{"embeddable":true,"href":"https:\/\/www.uartes.edu.ec\/sitio\/fr\/wp-json\/wp\/v2\/users\/10"}],"replies":[{"embeddable":true,"href":"https:\/\/www.uartes.edu.ec\/sitio\/fr\/wp-json\/wp\/v2\/comments?post=69440"}],"version-history":[{"count":5,"href":"https:\/\/www.uartes.edu.ec\/sitio\/fr\/wp-json\/wp\/v2\/posts\/69440\/revisions"}],"predecessor-version":[{"id":69460,"href":"https:\/\/www.uartes.edu.ec\/sitio\/fr\/wp-json\/wp\/v2\/posts\/69440\/revisions\/69460"}],"wp:featuredmedia":[{"embeddable":true,"href":"https:\/\/www.uartes.edu.ec\/sitio\/fr\/wp-json\/wp\/v2\/media\/69441"}],"wp:attachment":[{"href":"https:\/\/www.uartes.edu.ec\/sitio\/fr\/wp-json\/wp\/v2\/media?parent=69440"}],"wp:term":[{"taxonomy":"category","embeddable":true,"href":"https:\/\/www.uartes.edu.ec\/sitio\/fr\/wp-json\/wp\/v2\/categories?post=69440"},{"taxonomy":"post_tag","embeddable":true,"href":"https:\/\/www.uartes.edu.ec\/sitio\/fr\/wp-json\/wp\/v2\/tags?post=69440"},{"taxonomy":"infouartes","embeddable":true,"href":"https:\/\/www.uartes.edu.ec\/sitio\/fr\/wp-json\/wp\/v2\/infouartes?post=69440"}],"curies":[{"name":"wp","href":"https:\/\/api.w.org\/{rel}","templated":true}]}}