{"id":69805,"date":"2025-03-21T19:15:00","date_gmt":"2025-03-22T00:15:00","guid":{"rendered":"https:\/\/www.uartes.edu.ec\/sitio\/?p=69805"},"modified":"2025-03-28T15:45:50","modified_gmt":"2025-03-28T20:45:50","slug":"alas-de-papel-actividad-conjunta-de-la-direccion-de-la-mujer-del-municipio-y-la-biblioteca-de-las-artes","status":"publish","type":"post","link":"https:\/\/www.uartes.edu.ec\/sitio\/fr\/blog\/2025\/03\/21\/alas-de-papel-actividad-conjunta-de-la-direccion-de-la-mujer-del-municipio-y-la-biblioteca-de-las-artes\/","title":{"rendered":"\u201cAlas de papel: sue\u00f1os en cuerpo y letras\u201d"},"content":{"rendered":"<p>Un recorrido por la Biblioteca de las Artes de las ni\u00f1as de la Casa Hogar Perpetuo Socorro y de la Casa Hogar Chambers marc\u00f3 el inicio de la actividad \u201cAlas de papel: sue\u00f1os en cuerpo y letras\u201d, proyecto que lleva adelante la alumnus Esmeralda Mu\u00f1oz y que el repositorio de la Universidad de las Artes realiz\u00f3 conjuntamente con la Direcci\u00f3n General de la Mujer del Municipio de Guayaquil, donde la graduada de posgrado est\u00e1 al frente de la jefatura de Estudios y Cooperaci\u00f3n.&nbsp;<\/p>\n\n\n\n<p>Se efectu\u00f3 hoy, viernes 21 de marzo, en la Sala R\u00eda, en el marco del D\u00eda Internacional de la Mujer que se celebra cada 8 de marzo; no se dio precisamente en esa fecha, pero s\u00ed en su mes, anot\u00f3 la presentadora de la cita, concebida para fomentar la creatividad, el aprendizaje y el disfrute de las ni\u00f1as a trav\u00e9s de diversas actividades dise\u00f1adas especialmente para ellas.<\/p>\n\n\n\n<p>Este espacio es vuestro, un lugar donde pueden explorar, imaginar y compartir momentos inolvidables. Queremos que disfruten cada experiencia, cuento, juego y expresi\u00f3n art\u00edstica, porque sabemos que en cada una de ustedes hay un mundo lleno de ideas, sue\u00f1os y talentos, dijo la presentadora a las peque\u00f1as, ubicadas en el centro de la Sala R\u00eda, pensada justamente por la UArtes como un espacio de creaci\u00f3n y educaci\u00f3n en artes con ni\u00f1as y ni\u00f1os.<\/p>\n\n\n\n<p>El rector William Herrera presidi\u00f3 la apertura de la cita y tras la bienvenida cont\u00f3 a las ni\u00f1as que la UArtes es una universidad p\u00fablica cuyo prop\u00f3sito es formar a las futuras artistas del pa\u00eds. \u201cLa conformamos una comunidad muy amplia de artistas, docentes y estudiantes comprometidos no solo con la educaci\u00f3n, sino en trabajar cada vez m\u00e1s con la ni\u00f1ez\u201d.<\/p>\n\n\n<div class=\"wp-block-image\">\n<figure class=\"aligncenter size-large\"><img fetchpriority=\"high\" decoding=\"async\" width=\"644\" height=\"429\" src=\"https:\/\/www.uartes.edu.ec\/sitio\/wp-content\/uploads\/2025\/03\/02-ALAS-DE-PAPEL-644x429.jpg\" alt=\"\" class=\"wp-image-69807\" srcset=\"https:\/\/www.uartes.edu.ec\/sitio\/wp-content\/uploads\/2025\/03\/02-ALAS-DE-PAPEL-644x429.jpg 644w, https:\/\/www.uartes.edu.ec\/sitio\/wp-content\/uploads\/2025\/03\/02-ALAS-DE-PAPEL-300x200.jpg 300w, https:\/\/www.uartes.edu.ec\/sitio\/wp-content\/uploads\/2025\/03\/02-ALAS-DE-PAPEL-768x512.jpg 768w, https:\/\/www.uartes.edu.ec\/sitio\/wp-content\/uploads\/2025\/03\/02-ALAS-DE-PAPEL-1536x1024.jpg 1536w, https:\/\/www.uartes.edu.ec\/sitio\/wp-content\/uploads\/2025\/03\/02-ALAS-DE-PAPEL-18x12.jpg 18w, https:\/\/www.uartes.edu.ec\/sitio\/wp-content\/uploads\/2025\/03\/02-ALAS-DE-PAPEL-600x400.jpg 600w, https:\/\/www.uartes.edu.ec\/sitio\/wp-content\/uploads\/2025\/03\/02-ALAS-DE-PAPEL-400x267.jpg 400w, https:\/\/www.uartes.edu.ec\/sitio\/wp-content\/uploads\/2025\/03\/02-ALAS-DE-PAPEL.jpg 2000w\" sizes=\"(max-width: 644px) 100vw, 644px\" \/><\/figure>\n<\/div>\n\n\n<p>La Biblioteca de las Artes es suya, les reiter\u00f3 a las ni\u00f1as e hizo \u00e9nfasis en lo especial que es la Sala R\u00eda, a la que pueden llegar cuando gusten, descubrir la colecci\u00f3n de literatura infantil que posee y participar en los talleres y dem\u00e1s actividades que all\u00ed se desarrollan. \u201cPueden desde aqu\u00ed explorar en distintas maneras el mundo y las realidades que nos rodean\u201d.<\/p>\n\n\n\n<p>El rector agradeci\u00f3 a la Direcci\u00f3n General de la Mujer del Municipio de Guayaquil por la iniciativa y recalc\u00f3 el fuerte compromiso que nuestra instituci\u00f3n de educaci\u00f3n superior tiene con la igualdad de g\u00e9nero y la igualdad de oportunidades.<\/p>\n\n\n\n<p>Tambi\u00e9n en la actividad estuvo presente Soraya Campos, directora de Asuntos Bibliotecarios, quien se\u00f1al\u00f3 que en colaboraci\u00f3n con la direcci\u00f3n municipal mencionada la UArtes se comprometi\u00f3 a apoyar a las ni\u00f1as de las casas hogares  Chambers y Perpetuo Socorro proporcionando transporte seguro, a fin de que pudieran participar en \u00abAlas de papel: sue\u00f1os en cuerpo y letras\u00bb.<\/p>\n\n\n\n<p>Coment\u00f3 tambi\u00e9n que, acorde al programa, como una de las actividades l\u00fadicas de la jornada const\u00f3 la intervenci\u00f3n del proyecto de narraci\u00f3n oral esc\u00e9nica Pompo, integrado por las actrices Sandy Villalba, Josefina Veliz y \u00c1ngeles Beltr\u00e1n, egresadas de la Escuela de Artes Esc\u00e9nicas UArtes, quienes compartieron su talento y entusiasmo con las ni\u00f1as. \u00abSon propuestas que no solo fomentan la diversi\u00f3n y el aprendizaje, sino que tambi\u00e9n las ayudan a desarrollar una mayor autoestima y confianza en s\u00ed mismas, aspectos fundamentales para su crecimiento emocional y social\u00bb.<\/p>\n\n\n<div class=\"wp-block-image\">\n<figure class=\"aligncenter size-large\"><img decoding=\"async\" width=\"644\" height=\"429\" src=\"https:\/\/www.uartes.edu.ec\/sitio\/wp-content\/uploads\/2025\/03\/01-ALAS-DE-PAPEL-644x429.jpg\" alt=\"\" class=\"wp-image-69808\" srcset=\"https:\/\/www.uartes.edu.ec\/sitio\/wp-content\/uploads\/2025\/03\/01-ALAS-DE-PAPEL-644x429.jpg 644w, https:\/\/www.uartes.edu.ec\/sitio\/wp-content\/uploads\/2025\/03\/01-ALAS-DE-PAPEL-300x200.jpg 300w, https:\/\/www.uartes.edu.ec\/sitio\/wp-content\/uploads\/2025\/03\/01-ALAS-DE-PAPEL-768x512.jpg 768w, https:\/\/www.uartes.edu.ec\/sitio\/wp-content\/uploads\/2025\/03\/01-ALAS-DE-PAPEL-1536x1024.jpg 1536w, https:\/\/www.uartes.edu.ec\/sitio\/wp-content\/uploads\/2025\/03\/01-ALAS-DE-PAPEL-18x12.jpg 18w, https:\/\/www.uartes.edu.ec\/sitio\/wp-content\/uploads\/2025\/03\/01-ALAS-DE-PAPEL-600x400.jpg 600w, https:\/\/www.uartes.edu.ec\/sitio\/wp-content\/uploads\/2025\/03\/01-ALAS-DE-PAPEL-400x267.jpg 400w, https:\/\/www.uartes.edu.ec\/sitio\/wp-content\/uploads\/2025\/03\/01-ALAS-DE-PAPEL.jpg 2000w\" sizes=\"(max-width: 644px) 100vw, 644px\" \/><\/figure>\n<\/div>\n\n\n<p>Como biblioteca universitaria, Soraya Campos agreg\u00f3 que \u00abmediante actividades infantiles como &#8216;Alas de papel: sue\u00f1os en cuerpos y letras&#8217; demostramos nuestro compromiso con la responsabilidad social y la promoci\u00f3n de la inclusi\u00f3n y la igualdad de oportunidades para todas las ni\u00f1as, independientemente de su situaci\u00f3n socioecon\u00f3mica.<\/p>\n\n\n\n<p>Junto con la intervenci\u00f3n de Pompo, se programaron para la cita las charlas \u201cProyecto de vida\u201d, con las licenciadas Mishell Buste y Valentina Mena, y \u201cBienvenida tu menstruaci\u00f3n\u201d, con la mag\u00edster Xiomara Crespo.<\/p>\n\n\n\n<p>Leticia Becilla Garc\u00eda, coordinadora de la Direcci\u00f3n General de la Mujer, indic\u00f3 al InfoUArtes del trabajo constante que realizan con ni\u00f1os, mujeres y adultos mayores, a fin de fortalecer sus capacidades y promover el empoderamiento de cada uno. \u201cCon esta actividad queremos que las ni\u00f1as est\u00e9n conscientes de su poder y rol en la sociedad\u201d.<\/p>\n\n\n\n<p>A\u00f1adi\u00f3 que el prop\u00f3sito de estar en la Biblioteca de la Universidad de las Artes es que conozcan la oportunidad que tienen de acceder a la educaci\u00f3n p\u00fablica en una carrera enfocada en el arte, el cual \u201cayuda a la educaci\u00f3n porque fomenta la libertad de expresarse, un tema en el que trabajamos\u201d.<\/p>\n\n\n\n<h3 class=\"wp-block-heading\">El proyecto y su prop\u00f3sito<\/h3>\n\n\n\n<p>Acerca del proyecto \u201cAlas de papel: sue\u00f1os en cuerpo y letras\u201d, Esmeralda Mu\u00f1oz manifest\u00f3 que fue concebido para que las ni\u00f1as comiencen a desarrollar sus habilidades blandas mediante el arte y las diferentes actividades que se pueden encontrar en la Sala R\u00eda.<\/p>\n\n\n\n<p>\u201cOrganizamos la actividad pensando en las diferentes edades de las ni\u00f1as que han venido. De all\u00ed la charla \u2018Plan de vida\u2019, dise\u00f1ada para que ellas puedan trabajar en su liderazgo y la forma de ver el mundo a futuro, que pueden ir encontrando y potenciando sus gustos; es un di\u00e1logo con ellas para que puedan reconocer en lo que son buenas\u201d.<\/p>\n\n\n\n<p>De la charla \u201cBienvenida tu menstruaci\u00f3n\u201d, Mu\u00f1oz indic\u00f3 que fue pensada para poderles explicar sobre los cambios que ir\u00e1n teniendo sus cuerpos y que es algo natural que debe ser aceptado. \u201cEs un tema que a\u00fan en estos d\u00edas sigue siendo tab\u00fa\u201d. Agreg\u00f3 la alumnus de posgrado que, si bien de las casas hogares que acudieron a la cita, se encontraban ni\u00f1as desde los 6 a\u00f1os, tambi\u00e9n estaban j\u00f3venes que bordean los 20 y que se quedan en estos refugios para apoyar a las m\u00e1s peque\u00f1as; ellas trabajan mucho en la parte de comunidad.<\/p>\n\n\n\n<p>Fotos: Harold Maridue\u00f1a\/Biblioteca de las Artes<\/p>\n\n\n\n<p><\/p>","protected":false},"excerpt":{"rendered":"<p>Un recorrido por la Biblioteca de las Artes de las ni\u00f1as de la Casa Hogar Perpetuo Socorro y de la Casa Hogar Chambers marc\u00f3 el inicio de la actividad \u201cAlas de papel: sue\u00f1os en cuerpo y letras\u201d, proyecto que lleva adelante la alumnus Esmeralda Mu\u00f1oz y que el repositorio de la Universidad de las Artes realiz\u00f3 conjuntamente con la Direcci\u00f3n General de la Mujer del Municipio de Guayaquil, donde la graduada de posgrado est\u00e1 al frente de la jefatura de Estudios y Cooperaci\u00f3n. Hubo intervenciones l\u00fadicas y dos charlas.<\/p>","protected":false},"author":10,"featured_media":69806,"comment_status":"open","ping_status":"open","sticky":false,"template":"","format":"standard","meta":{"_acf_changed":false,"_uag_custom_page_level_css":"","_monsterinsights_skip_tracking":false,"_monsterinsights_sitenote_active":false,"_monsterinsights_sitenote_note":"","_monsterinsights_sitenote_category":0,"cybocfi_hide_featured_image":"","footnotes":""},"categories":[82,77,83,79],"tags":[41],"infouartes":[],"class_list":["post-69805","post","type-post","status-publish","format-standard","has-post-thumbnail","hentry","category-artes","category-gestion","category-sedes","category-vinculo","tag-biblioteca"],"acf":[],"yoast_head":"<!-- This site is optimized with the Yoast SEO plugin v27.4 - https:\/\/yoast.com\/product\/yoast-seo-wordpress\/ -->\n<title>Universidad de las Artes - \u201cAlas de papel: sue\u00f1os en cuerpo y letras\u201d<\/title>\n<meta name=\"description\" content=\"Universidad de las Artes - \u201cAlas de papel: sue\u00f1os en cuerpo y letras\u201d\" \/>\n<meta name=\"robots\" content=\"index, follow, max-snippet:-1, max-image-preview:large, max-video-preview:-1\" \/>\n<link rel=\"canonical\" href=\"https:\/\/www.uartes.edu.ec\/sitio\/fr\/blog\/2025\/03\/21\/alas-de-papel-actividad-conjunta-de-la-direccion-de-la-mujer-del-municipio-y-la-biblioteca-de-las-artes\/\" \/>\n<meta property=\"og:locale\" content=\"fr_FR\" \/>\n<meta property=\"og:type\" content=\"article\" \/>\n<meta property=\"og:title\" content=\"Universidad de las Artes - \u201cAlas de papel: sue\u00f1os en cuerpo y letras\u201d\" \/>\n<meta property=\"og:description\" content=\"Universidad de las Artes - \u201cAlas de papel: sue\u00f1os en cuerpo y letras\u201d\" \/>\n<meta property=\"og:url\" content=\"https:\/\/www.uartes.edu.ec\/sitio\/fr\/blog\/2025\/03\/21\/alas-de-papel-actividad-conjunta-de-la-direccion-de-la-mujer-del-municipio-y-la-biblioteca-de-las-artes\/\" \/>\n<meta property=\"og:site_name\" content=\"Universidad de las Artes\" \/>\n<meta property=\"article:publisher\" content=\"https:\/\/www.facebook.com\/uartesec\" \/>\n<meta property=\"article:published_time\" content=\"2025-03-22T00:15:00+00:00\" \/>\n<meta property=\"article:modified_time\" content=\"2025-03-28T20:45:50+00:00\" \/>\n<meta property=\"og:image\" content=\"https:\/\/www.uartes.edu.ec\/sitio\/wp-content\/uploads\/2025\/03\/03-ALAS-DE-PAPEL.jpg\" \/>\n\t<meta property=\"og:image:width\" content=\"2000\" \/>\n\t<meta property=\"og:image:height\" content=\"1333\" \/>\n\t<meta property=\"og:image:type\" content=\"image\/jpeg\" \/>\n<meta name=\"author\" content=\"ccortez\" \/>\n<meta name=\"twitter:card\" content=\"summary_large_image\" \/>\n<meta name=\"twitter:creator\" content=\"@uartesec\" \/>\n<meta name=\"twitter:site\" content=\"@uartesec\" \/>\n<meta name=\"twitter:label1\" content=\"\u00c9crit par\" \/>\n\t<meta name=\"twitter:data1\" content=\"ccortez\" \/>\n\t<meta name=\"twitter:label2\" content=\"Dur\u00e9e de lecture estim\u00e9e\" \/>\n\t<meta name=\"twitter:data2\" content=\"5 minutes\" \/>\n<script type=\"application\/ld+json\" class=\"yoast-schema-graph\">{\"@context\":\"https:\\\/\\\/schema.org\",\"@graph\":[{\"@type\":\"Article\",\"@id\":\"https:\\\/\\\/www.uartes.edu.ec\\\/sitio\\\/fr\\\/blog\\\/2025\\\/03\\\/21\\\/alas-de-papel-actividad-conjunta-de-la-direccion-de-la-mujer-del-municipio-y-la-biblioteca-de-las-artes\\\/#article\",\"isPartOf\":{\"@id\":\"https:\\\/\\\/www.uartes.edu.ec\\\/sitio\\\/fr\\\/blog\\\/2025\\\/03\\\/21\\\/alas-de-papel-actividad-conjunta-de-la-direccion-de-la-mujer-del-municipio-y-la-biblioteca-de-las-artes\\\/\"},\"author\":{\"name\":\"ccortez\",\"@id\":\"https:\\\/\\\/www.uartes.edu.ec\\\/sitio\\\/fr\\\/#\\\/schema\\\/person\\\/efa1b8275797664fd7f13a79ccc0b1f4\"},\"headline\":\"\u201cAlas de papel: sue\u00f1os en cuerpo y letras\u201d\",\"datePublished\":\"2025-03-22T00:15:00+00:00\",\"dateModified\":\"2025-03-28T20:45:50+00:00\",\"mainEntityOfPage\":{\"@id\":\"https:\\\/\\\/www.uartes.edu.ec\\\/sitio\\\/fr\\\/blog\\\/2025\\\/03\\\/21\\\/alas-de-papel-actividad-conjunta-de-la-direccion-de-la-mujer-del-municipio-y-la-biblioteca-de-las-artes\\\/\"},\"wordCount\":1023,\"commentCount\":0,\"publisher\":{\"@id\":\"https:\\\/\\\/www.uartes.edu.ec\\\/sitio\\\/fr\\\/#organization\"},\"image\":{\"@id\":\"https:\\\/\\\/www.uartes.edu.ec\\\/sitio\\\/fr\\\/blog\\\/2025\\\/03\\\/21\\\/alas-de-papel-actividad-conjunta-de-la-direccion-de-la-mujer-del-municipio-y-la-biblioteca-de-las-artes\\\/#primaryimage\"},\"thumbnailUrl\":\"https:\\\/\\\/www.uartes.edu.ec\\\/sitio\\\/wp-content\\\/uploads\\\/2025\\\/03\\\/03-ALAS-DE-PAPEL.jpg\",\"keywords\":[\"biblioteca\"],\"articleSection\":[\"Artes\",\"Gesti\u00f3n\",\"Sedes\",\"V\u00ednculo\"],\"inLanguage\":\"fr-FR\",\"potentialAction\":[{\"@type\":\"CommentAction\",\"name\":\"Comment\",\"target\":[\"https:\\\/\\\/www.uartes.edu.ec\\\/sitio\\\/fr\\\/blog\\\/2025\\\/03\\\/21\\\/alas-de-papel-actividad-conjunta-de-la-direccion-de-la-mujer-del-municipio-y-la-biblioteca-de-las-artes\\\/#respond\"]}]},{\"@type\":[\"WebPage\",\"ItemPage\"],\"@id\":\"https:\\\/\\\/www.uartes.edu.ec\\\/sitio\\\/fr\\\/blog\\\/2025\\\/03\\\/21\\\/alas-de-papel-actividad-conjunta-de-la-direccion-de-la-mujer-del-municipio-y-la-biblioteca-de-las-artes\\\/\",\"url\":\"https:\\\/\\\/www.uartes.edu.ec\\\/sitio\\\/fr\\\/blog\\\/2025\\\/03\\\/21\\\/alas-de-papel-actividad-conjunta-de-la-direccion-de-la-mujer-del-municipio-y-la-biblioteca-de-las-artes\\\/\",\"name\":\"Universidad de las Artes - \u201cAlas de papel: sue\u00f1os en cuerpo y letras\u201d\",\"isPartOf\":{\"@id\":\"https:\\\/\\\/www.uartes.edu.ec\\\/sitio\\\/fr\\\/#website\"},\"primaryImageOfPage\":{\"@id\":\"https:\\\/\\\/www.uartes.edu.ec\\\/sitio\\\/fr\\\/blog\\\/2025\\\/03\\\/21\\\/alas-de-papel-actividad-conjunta-de-la-direccion-de-la-mujer-del-municipio-y-la-biblioteca-de-las-artes\\\/#primaryimage\"},\"image\":{\"@id\":\"https:\\\/\\\/www.uartes.edu.ec\\\/sitio\\\/fr\\\/blog\\\/2025\\\/03\\\/21\\\/alas-de-papel-actividad-conjunta-de-la-direccion-de-la-mujer-del-municipio-y-la-biblioteca-de-las-artes\\\/#primaryimage\"},\"thumbnailUrl\":\"https:\\\/\\\/www.uartes.edu.ec\\\/sitio\\\/wp-content\\\/uploads\\\/2025\\\/03\\\/03-ALAS-DE-PAPEL.jpg\",\"datePublished\":\"2025-03-22T00:15:00+00:00\",\"dateModified\":\"2025-03-28T20:45:50+00:00\",\"description\":\"Universidad de las Artes - \u201cAlas de papel: sue\u00f1os en cuerpo y letras\u201d\",\"breadcrumb\":{\"@id\":\"https:\\\/\\\/www.uartes.edu.ec\\\/sitio\\\/fr\\\/blog\\\/2025\\\/03\\\/21\\\/alas-de-papel-actividad-conjunta-de-la-direccion-de-la-mujer-del-municipio-y-la-biblioteca-de-las-artes\\\/#breadcrumb\"},\"inLanguage\":\"fr-FR\",\"potentialAction\":[{\"@type\":\"ReadAction\",\"target\":[\"https:\\\/\\\/www.uartes.edu.ec\\\/sitio\\\/fr\\\/blog\\\/2025\\\/03\\\/21\\\/alas-de-papel-actividad-conjunta-de-la-direccion-de-la-mujer-del-municipio-y-la-biblioteca-de-las-artes\\\/\"]}]},{\"@type\":\"ImageObject\",\"inLanguage\":\"fr-FR\",\"@id\":\"https:\\\/\\\/www.uartes.edu.ec\\\/sitio\\\/fr\\\/blog\\\/2025\\\/03\\\/21\\\/alas-de-papel-actividad-conjunta-de-la-direccion-de-la-mujer-del-municipio-y-la-biblioteca-de-las-artes\\\/#primaryimage\",\"url\":\"https:\\\/\\\/www.uartes.edu.ec\\\/sitio\\\/wp-content\\\/uploads\\\/2025\\\/03\\\/03-ALAS-DE-PAPEL.jpg\",\"contentUrl\":\"https:\\\/\\\/www.uartes.edu.ec\\\/sitio\\\/wp-content\\\/uploads\\\/2025\\\/03\\\/03-ALAS-DE-PAPEL.jpg\",\"width\":2000,\"height\":1333},{\"@type\":\"BreadcrumbList\",\"@id\":\"https:\\\/\\\/www.uartes.edu.ec\\\/sitio\\\/fr\\\/blog\\\/2025\\\/03\\\/21\\\/alas-de-papel-actividad-conjunta-de-la-direccion-de-la-mujer-del-municipio-y-la-biblioteca-de-las-artes\\\/#breadcrumb\",\"itemListElement\":[{\"@type\":\"ListItem\",\"position\":1,\"name\":\"Inicio\",\"item\":\"https:\\\/\\\/www.uartes.edu.ec\\\/sitio\\\/\"},{\"@type\":\"ListItem\",\"position\":2,\"name\":\"\u201cAlas de papel: sue\u00f1os en cuerpo y letras\u201d\"}]},{\"@type\":\"WebSite\",\"@id\":\"https:\\\/\\\/www.uartes.edu.ec\\\/sitio\\\/fr\\\/#website\",\"url\":\"https:\\\/\\\/www.uartes.edu.ec\\\/sitio\\\/fr\\\/\",\"name\":\"Universidad de las Artes\",\"description\":\"Sitio oficial de la Universidad Nacional de las Artes del Ecuador\",\"publisher\":{\"@id\":\"https:\\\/\\\/www.uartes.edu.ec\\\/sitio\\\/fr\\\/#organization\"},\"potentialAction\":[{\"@type\":\"SearchAction\",\"target\":{\"@type\":\"EntryPoint\",\"urlTemplate\":\"https:\\\/\\\/www.uartes.edu.ec\\\/sitio\\\/fr\\\/?s={search_term_string}\"},\"query-input\":{\"@type\":\"PropertyValueSpecification\",\"valueRequired\":true,\"valueName\":\"search_term_string\"}}],\"inLanguage\":\"fr-FR\"},{\"@type\":\"Organization\",\"@id\":\"https:\\\/\\\/www.uartes.edu.ec\\\/sitio\\\/fr\\\/#organization\",\"name\":\"Universidad de las Artes\",\"url\":\"https:\\\/\\\/www.uartes.edu.ec\\\/sitio\\\/fr\\\/\",\"logo\":{\"@type\":\"ImageObject\",\"inLanguage\":\"fr-FR\",\"@id\":\"https:\\\/\\\/www.uartes.edu.ec\\\/sitio\\\/fr\\\/#\\\/schema\\\/logo\\\/image\\\/\",\"url\":\"https:\\\/\\\/www.uartes.edu.ec\\\/sitio\\\/wp-content\\\/uploads\\\/2022\\\/07\\\/logo-ua-horizontal.png\",\"contentUrl\":\"https:\\\/\\\/www.uartes.edu.ec\\\/sitio\\\/wp-content\\\/uploads\\\/2022\\\/07\\\/logo-ua-horizontal.png\",\"width\":800,\"height\":276,\"caption\":\"Universidad de las Artes\"},\"image\":{\"@id\":\"https:\\\/\\\/www.uartes.edu.ec\\\/sitio\\\/fr\\\/#\\\/schema\\\/logo\\\/image\\\/\"},\"sameAs\":[\"https:\\\/\\\/www.facebook.com\\\/uartesec\",\"https:\\\/\\\/x.com\\\/uartesec\",\"https:\\\/\\\/www.tiktok.com\\\/@uartesec\"]},{\"@type\":\"Person\",\"@id\":\"https:\\\/\\\/www.uartes.edu.ec\\\/sitio\\\/fr\\\/#\\\/schema\\\/person\\\/efa1b8275797664fd7f13a79ccc0b1f4\",\"name\":\"ccortez\",\"image\":{\"@type\":\"ImageObject\",\"inLanguage\":\"fr-FR\",\"@id\":\"https:\\\/\\\/secure.gravatar.com\\\/avatar\\\/b2a6f664a3ae8e074346ef91775736c5ec479e637ecced6842de9dc98b5da9cd?s=96&d=mm&r=g\",\"url\":\"https:\\\/\\\/secure.gravatar.com\\\/avatar\\\/b2a6f664a3ae8e074346ef91775736c5ec479e637ecced6842de9dc98b5da9cd?s=96&d=mm&r=g\",\"contentUrl\":\"https:\\\/\\\/secure.gravatar.com\\\/avatar\\\/b2a6f664a3ae8e074346ef91775736c5ec479e637ecced6842de9dc98b5da9cd?s=96&d=mm&r=g\",\"caption\":\"ccortez\"},\"url\":\"https:\\\/\\\/www.uartes.edu.ec\\\/sitio\\\/fr\\\/blog\\\/author\\\/ccortez\\\/\"}]}<\/script>\n<!-- \/ Yoast SEO plugin. -->","yoast_head_json":{"title":"Universidad de las Artes - \u201cAlas de papel: sue\u00f1os en cuerpo y letras\u201d","description":"Universidad de las Artes - \u201cAlas de papel: sue\u00f1os en cuerpo y letras\u201d","robots":{"index":"index","follow":"follow","max-snippet":"max-snippet:-1","max-image-preview":"max-image-preview:large","max-video-preview":"max-video-preview:-1"},"canonical":"https:\/\/www.uartes.edu.ec\/sitio\/fr\/blog\/2025\/03\/21\/alas-de-papel-actividad-conjunta-de-la-direccion-de-la-mujer-del-municipio-y-la-biblioteca-de-las-artes\/","og_locale":"fr_FR","og_type":"article","og_title":"Universidad de las Artes - \u201cAlas de papel: sue\u00f1os en cuerpo y letras\u201d","og_description":"Universidad de las Artes - \u201cAlas de papel: sue\u00f1os en cuerpo y letras\u201d","og_url":"https:\/\/www.uartes.edu.ec\/sitio\/fr\/blog\/2025\/03\/21\/alas-de-papel-actividad-conjunta-de-la-direccion-de-la-mujer-del-municipio-y-la-biblioteca-de-las-artes\/","og_site_name":"Universidad de las Artes","article_publisher":"https:\/\/www.facebook.com\/uartesec","article_published_time":"2025-03-22T00:15:00+00:00","article_modified_time":"2025-03-28T20:45:50+00:00","og_image":[{"width":2000,"height":1333,"url":"https:\/\/www.uartes.edu.ec\/sitio\/wp-content\/uploads\/2025\/03\/03-ALAS-DE-PAPEL.jpg","type":"image\/jpeg"}],"author":"ccortez","twitter_card":"summary_large_image","twitter_creator":"@uartesec","twitter_site":"@uartesec","twitter_misc":{"\u00c9crit par":"ccortez","Dur\u00e9e de lecture estim\u00e9e":"5 minutes"},"schema":{"@context":"https:\/\/schema.org","@graph":[{"@type":"Article","@id":"https:\/\/www.uartes.edu.ec\/sitio\/fr\/blog\/2025\/03\/21\/alas-de-papel-actividad-conjunta-de-la-direccion-de-la-mujer-del-municipio-y-la-biblioteca-de-las-artes\/#article","isPartOf":{"@id":"https:\/\/www.uartes.edu.ec\/sitio\/fr\/blog\/2025\/03\/21\/alas-de-papel-actividad-conjunta-de-la-direccion-de-la-mujer-del-municipio-y-la-biblioteca-de-las-artes\/"},"author":{"name":"ccortez","@id":"https:\/\/www.uartes.edu.ec\/sitio\/fr\/#\/schema\/person\/efa1b8275797664fd7f13a79ccc0b1f4"},"headline":"\u201cAlas de papel: sue\u00f1os en cuerpo y letras\u201d","datePublished":"2025-03-22T00:15:00+00:00","dateModified":"2025-03-28T20:45:50+00:00","mainEntityOfPage":{"@id":"https:\/\/www.uartes.edu.ec\/sitio\/fr\/blog\/2025\/03\/21\/alas-de-papel-actividad-conjunta-de-la-direccion-de-la-mujer-del-municipio-y-la-biblioteca-de-las-artes\/"},"wordCount":1023,"commentCount":0,"publisher":{"@id":"https:\/\/www.uartes.edu.ec\/sitio\/fr\/#organization"},"image":{"@id":"https:\/\/www.uartes.edu.ec\/sitio\/fr\/blog\/2025\/03\/21\/alas-de-papel-actividad-conjunta-de-la-direccion-de-la-mujer-del-municipio-y-la-biblioteca-de-las-artes\/#primaryimage"},"thumbnailUrl":"https:\/\/www.uartes.edu.ec\/sitio\/wp-content\/uploads\/2025\/03\/03-ALAS-DE-PAPEL.jpg","keywords":["biblioteca"],"articleSection":["Artes","Gesti\u00f3n","Sedes","V\u00ednculo"],"inLanguage":"fr-FR","potentialAction":[{"@type":"CommentAction","name":"Comment","target":["https:\/\/www.uartes.edu.ec\/sitio\/fr\/blog\/2025\/03\/21\/alas-de-papel-actividad-conjunta-de-la-direccion-de-la-mujer-del-municipio-y-la-biblioteca-de-las-artes\/#respond"]}]},{"@type":["WebPage","ItemPage"],"@id":"https:\/\/www.uartes.edu.ec\/sitio\/fr\/blog\/2025\/03\/21\/alas-de-papel-actividad-conjunta-de-la-direccion-de-la-mujer-del-municipio-y-la-biblioteca-de-las-artes\/","url":"https:\/\/www.uartes.edu.ec\/sitio\/fr\/blog\/2025\/03\/21\/alas-de-papel-actividad-conjunta-de-la-direccion-de-la-mujer-del-municipio-y-la-biblioteca-de-las-artes\/","name":"Universidad de las Artes - \u201cAlas de papel: sue\u00f1os en cuerpo y letras\u201d","isPartOf":{"@id":"https:\/\/www.uartes.edu.ec\/sitio\/fr\/#website"},"primaryImageOfPage":{"@id":"https:\/\/www.uartes.edu.ec\/sitio\/fr\/blog\/2025\/03\/21\/alas-de-papel-actividad-conjunta-de-la-direccion-de-la-mujer-del-municipio-y-la-biblioteca-de-las-artes\/#primaryimage"},"image":{"@id":"https:\/\/www.uartes.edu.ec\/sitio\/fr\/blog\/2025\/03\/21\/alas-de-papel-actividad-conjunta-de-la-direccion-de-la-mujer-del-municipio-y-la-biblioteca-de-las-artes\/#primaryimage"},"thumbnailUrl":"https:\/\/www.uartes.edu.ec\/sitio\/wp-content\/uploads\/2025\/03\/03-ALAS-DE-PAPEL.jpg","datePublished":"2025-03-22T00:15:00+00:00","dateModified":"2025-03-28T20:45:50+00:00","description":"Universidad de las Artes - \u201cAlas de papel: sue\u00f1os en cuerpo y letras\u201d","breadcrumb":{"@id":"https:\/\/www.uartes.edu.ec\/sitio\/fr\/blog\/2025\/03\/21\/alas-de-papel-actividad-conjunta-de-la-direccion-de-la-mujer-del-municipio-y-la-biblioteca-de-las-artes\/#breadcrumb"},"inLanguage":"fr-FR","potentialAction":[{"@type":"ReadAction","target":["https:\/\/www.uartes.edu.ec\/sitio\/fr\/blog\/2025\/03\/21\/alas-de-papel-actividad-conjunta-de-la-direccion-de-la-mujer-del-municipio-y-la-biblioteca-de-las-artes\/"]}]},{"@type":"ImageObject","inLanguage":"fr-FR","@id":"https:\/\/www.uartes.edu.ec\/sitio\/fr\/blog\/2025\/03\/21\/alas-de-papel-actividad-conjunta-de-la-direccion-de-la-mujer-del-municipio-y-la-biblioteca-de-las-artes\/#primaryimage","url":"https:\/\/www.uartes.edu.ec\/sitio\/wp-content\/uploads\/2025\/03\/03-ALAS-DE-PAPEL.jpg","contentUrl":"https:\/\/www.uartes.edu.ec\/sitio\/wp-content\/uploads\/2025\/03\/03-ALAS-DE-PAPEL.jpg","width":2000,"height":1333},{"@type":"BreadcrumbList","@id":"https:\/\/www.uartes.edu.ec\/sitio\/fr\/blog\/2025\/03\/21\/alas-de-papel-actividad-conjunta-de-la-direccion-de-la-mujer-del-municipio-y-la-biblioteca-de-las-artes\/#breadcrumb","itemListElement":[{"@type":"ListItem","position":1,"name":"Inicio","item":"https:\/\/www.uartes.edu.ec\/sitio\/"},{"@type":"ListItem","position":2,"name":"\u201cAlas de papel: sue\u00f1os en cuerpo y letras\u201d"}]},{"@type":"WebSite","@id":"https:\/\/www.uartes.edu.ec\/sitio\/fr\/#website","url":"https:\/\/www.uartes.edu.ec\/sitio\/fr\/","name":"Universidad de las Artes","description":"Sitio oficial de la Universidad Nacional de las Artes del Ecuador","publisher":{"@id":"https:\/\/www.uartes.edu.ec\/sitio\/fr\/#organization"},"potentialAction":[{"@type":"SearchAction","target":{"@type":"EntryPoint","urlTemplate":"https:\/\/www.uartes.edu.ec\/sitio\/fr\/?s={search_term_string}"},"query-input":{"@type":"PropertyValueSpecification","valueRequired":true,"valueName":"search_term_string"}}],"inLanguage":"fr-FR"},{"@type":"Organization","@id":"https:\/\/www.uartes.edu.ec\/sitio\/fr\/#organization","name":"Universidad de las Artes","url":"https:\/\/www.uartes.edu.ec\/sitio\/fr\/","logo":{"@type":"ImageObject","inLanguage":"fr-FR","@id":"https:\/\/www.uartes.edu.ec\/sitio\/fr\/#\/schema\/logo\/image\/","url":"https:\/\/www.uartes.edu.ec\/sitio\/wp-content\/uploads\/2022\/07\/logo-ua-horizontal.png","contentUrl":"https:\/\/www.uartes.edu.ec\/sitio\/wp-content\/uploads\/2022\/07\/logo-ua-horizontal.png","width":800,"height":276,"caption":"Universidad de las Artes"},"image":{"@id":"https:\/\/www.uartes.edu.ec\/sitio\/fr\/#\/schema\/logo\/image\/"},"sameAs":["https:\/\/www.facebook.com\/uartesec","https:\/\/x.com\/uartesec","https:\/\/www.tiktok.com\/@uartesec"]},{"@type":"Person","@id":"https:\/\/www.uartes.edu.ec\/sitio\/fr\/#\/schema\/person\/efa1b8275797664fd7f13a79ccc0b1f4","name":"ccortez","image":{"@type":"ImageObject","inLanguage":"fr-FR","@id":"https:\/\/secure.gravatar.com\/avatar\/b2a6f664a3ae8e074346ef91775736c5ec479e637ecced6842de9dc98b5da9cd?s=96&d=mm&r=g","url":"https:\/\/secure.gravatar.com\/avatar\/b2a6f664a3ae8e074346ef91775736c5ec479e637ecced6842de9dc98b5da9cd?s=96&d=mm&r=g","contentUrl":"https:\/\/secure.gravatar.com\/avatar\/b2a6f664a3ae8e074346ef91775736c5ec479e637ecced6842de9dc98b5da9cd?s=96&d=mm&r=g","caption":"ccortez"},"url":"https:\/\/www.uartes.edu.ec\/sitio\/fr\/blog\/author\/ccortez\/"}]}},"uagb_featured_image_src":{"full":["https:\/\/www.uartes.edu.ec\/sitio\/wp-content\/uploads\/2025\/03\/03-ALAS-DE-PAPEL.jpg",2000,1333,false],"thumbnail":["https:\/\/www.uartes.edu.ec\/sitio\/wp-content\/uploads\/2025\/03\/03-ALAS-DE-PAPEL-150x150.jpg",150,150,true],"medium":["https:\/\/www.uartes.edu.ec\/sitio\/wp-content\/uploads\/2025\/03\/03-ALAS-DE-PAPEL-300x200.jpg",300,200,true],"medium_large":["https:\/\/www.uartes.edu.ec\/sitio\/wp-content\/uploads\/2025\/03\/03-ALAS-DE-PAPEL-768x512.jpg",768,512,true],"large":["https:\/\/www.uartes.edu.ec\/sitio\/wp-content\/uploads\/2025\/03\/03-ALAS-DE-PAPEL-644x429.jpg",644,429,true],"1536x1536":["https:\/\/www.uartes.edu.ec\/sitio\/wp-content\/uploads\/2025\/03\/03-ALAS-DE-PAPEL-1536x1024.jpg",1536,1024,true],"2048x2048":["https:\/\/www.uartes.edu.ec\/sitio\/wp-content\/uploads\/2025\/03\/03-ALAS-DE-PAPEL.jpg",2000,1333,false],"trp-custom-language-flag":["https:\/\/www.uartes.edu.ec\/sitio\/wp-content\/uploads\/2025\/03\/03-ALAS-DE-PAPEL-18x12.jpg",18,12,true],"htmega_size_585x295":["https:\/\/www.uartes.edu.ec\/sitio\/wp-content\/uploads\/2025\/03\/03-ALAS-DE-PAPEL-585x295.jpg",585,295,true],"htmega_size_1170x536":["https:\/\/www.uartes.edu.ec\/sitio\/wp-content\/uploads\/2025\/03\/03-ALAS-DE-PAPEL-1170x536.jpg",1170,536,true],"htmega_size_396x360":["https:\/\/www.uartes.edu.ec\/sitio\/wp-content\/uploads\/2025\/03\/03-ALAS-DE-PAPEL-396x360.jpg",396,360,true],"gb-block-post-grid-landscape":["https:\/\/www.uartes.edu.ec\/sitio\/wp-content\/uploads\/2025\/03\/03-ALAS-DE-PAPEL-600x400.jpg",600,400,true],"gb-block-post-grid-square":["https:\/\/www.uartes.edu.ec\/sitio\/wp-content\/uploads\/2025\/03\/03-ALAS-DE-PAPEL-600x600.jpg",600,600,true],"university-hub-thumb":["https:\/\/www.uartes.edu.ec\/sitio\/wp-content\/uploads\/2025\/03\/03-ALAS-DE-PAPEL-400x267.jpg",400,267,true],"mailpoet_newsletter_max":["https:\/\/www.uartes.edu.ec\/sitio\/wp-content\/uploads\/2025\/03\/03-ALAS-DE-PAPEL.jpg",1320,880,false]},"uagb_author_info":{"display_name":"ccortez","author_link":"https:\/\/www.uartes.edu.ec\/sitio\/fr\/blog\/author\/ccortez\/"},"uagb_comment_info":0,"uagb_excerpt":"Un recorrido por la Biblioteca de las Artes de las ni\u00f1as de la Casa Hogar Perpetuo Socorro y de la Casa Hogar Chambers marc\u00f3 el inicio de la actividad \u201cAlas de papel: sue\u00f1os en cuerpo y letras\u201d, proyecto que lleva adelante la alumnus Esmeralda Mu\u00f1oz y que el repositorio de la Universidad de las Artes\u2026","featured_image_src":"https:\/\/www.uartes.edu.ec\/sitio\/wp-content\/uploads\/2025\/03\/03-ALAS-DE-PAPEL-600x400.jpg","featured_image_src_square":"https:\/\/www.uartes.edu.ec\/sitio\/wp-content\/uploads\/2025\/03\/03-ALAS-DE-PAPEL-600x600.jpg","author_info":{"display_name":"ccortez","author_link":"https:\/\/www.uartes.edu.ec\/sitio\/fr\/blog\/author\/ccortez\/"},"publishpress_future_workflow_manual_trigger":{"enabledWorkflows":[]},"distributor_meta":false,"distributor_terms":false,"distributor_media":false,"distributor_original_site_name":"Universidad de las Artes","distributor_original_site_url":"https:\/\/www.uartes.edu.ec\/sitio\/fr","push-errors":false,"_links":{"self":[{"href":"https:\/\/www.uartes.edu.ec\/sitio\/fr\/wp-json\/wp\/v2\/posts\/69805","targetHints":{"allow":["GET"]}}],"collection":[{"href":"https:\/\/www.uartes.edu.ec\/sitio\/fr\/wp-json\/wp\/v2\/posts"}],"about":[{"href":"https:\/\/www.uartes.edu.ec\/sitio\/fr\/wp-json\/wp\/v2\/types\/post"}],"author":[{"embeddable":true,"href":"https:\/\/www.uartes.edu.ec\/sitio\/fr\/wp-json\/wp\/v2\/users\/10"}],"replies":[{"embeddable":true,"href":"https:\/\/www.uartes.edu.ec\/sitio\/fr\/wp-json\/wp\/v2\/comments?post=69805"}],"version-history":[{"count":9,"href":"https:\/\/www.uartes.edu.ec\/sitio\/fr\/wp-json\/wp\/v2\/posts\/69805\/revisions"}],"predecessor-version":[{"id":69982,"href":"https:\/\/www.uartes.edu.ec\/sitio\/fr\/wp-json\/wp\/v2\/posts\/69805\/revisions\/69982"}],"wp:featuredmedia":[{"embeddable":true,"href":"https:\/\/www.uartes.edu.ec\/sitio\/fr\/wp-json\/wp\/v2\/media\/69806"}],"wp:attachment":[{"href":"https:\/\/www.uartes.edu.ec\/sitio\/fr\/wp-json\/wp\/v2\/media?parent=69805"}],"wp:term":[{"taxonomy":"category","embeddable":true,"href":"https:\/\/www.uartes.edu.ec\/sitio\/fr\/wp-json\/wp\/v2\/categories?post=69805"},{"taxonomy":"post_tag","embeddable":true,"href":"https:\/\/www.uartes.edu.ec\/sitio\/fr\/wp-json\/wp\/v2\/tags?post=69805"},{"taxonomy":"infouartes","embeddable":true,"href":"https:\/\/www.uartes.edu.ec\/sitio\/fr\/wp-json\/wp\/v2\/infouartes?post=69805"}],"curies":[{"name":"wp","href":"https:\/\/api.w.org\/{rel}","templated":true}]}}