{"id":6999,"date":"2020-05-16T15:42:02","date_gmt":"2020-05-16T20:42:02","guid":{"rendered":"http:\/\/www.uartes.edu.ec\/sitio\/?p=6999"},"modified":"2024-07-04T11:43:10","modified_gmt":"2024-07-04T16:43:10","slug":"selene-chavez-ahonda-en-la-sensacion-del-duelo-en-el-guion-del-corto-negrita","status":"publish","type":"post","link":"https:\/\/www.uartes.edu.ec\/sitio\/fr\/blog\/2020\/05\/16\/selene-chavez-ahonda-en-la-sensacion-del-duelo-en-el-guion-del-corto-negrita\/","title":{"rendered":"Selene Ch\u00e1vez ahonda en la sensaci\u00f3n  del duelo en el guion del corto \u201cNegrita\u201d"},"content":{"rendered":"<p>\u201cLa composici\u00f3n visual sobre el duelo desde el punto de vista del personaje principal del\u00a0cortometraje <em>Negrita\u201d<\/em>. Selene Ch\u00e1vez J\u00e1tiva, estudiante de la Escuela de Cine, da detalles de este proyecto, el cual present\u00f3 como tesis de grado y lo sustent\u00f3 el 21 de abril v\u00eda videoconferencia.<\/p>\n\n\n\n<p>\u201cAl principio estaba enfocada en una tesis te\u00f3rica sobre producci\u00f3n, \u00e1rea en la que m\u00e1s me desenvolv\u00ed en mi vida universitaria. Un compa\u00f1ero me propuso trabajar en el proyecto pr\u00e1ctico para la tesis con un guion que escrib\u00ed en sexto semestre y que trabaj\u00e9 en todas las materias posibles. Este guion, al que llam\u00e9 <em>Negrita<\/em>, parte de un sentimiento a ra\u00edz de la muerte de mi abuela materna por quien quer\u00eda que no fuera una historia cualquiera o un filme fallido. Con mi compa\u00f1ero trabajamos en el dossier y la propuesta visual de <em>Negrita,<\/em> sin embargo, yo a\u00fan no me hab\u00eda planteado un tema al respecto porque no quer\u00eda ilusionarme con la idea de que pasar\u00eda el pitch para fondos que la Universidad de las Artes ofrec\u00eda\u201d.<\/p>\n\n\n\n<p>Explica que con la grata noticia de que estaban entre los seleccionados para los fondos, empez\u00f3 a buscar un tema. \u201cSinceramente no fue f\u00e1cil, pues no estaba segura de lo que quer\u00eda investigar. Solo sab\u00eda que ten\u00eda la necesidad de mostrar una sensaci\u00f3n del duelo, por lo cual el trabajo pr\u00e1ctico fluy\u00f3 bastante bien. De a poco el tema escrito tom\u00f3 algo de forma y supe que quer\u00eda investigar y exponer los elementos que mejor funcionen en <em>Negrita <\/em>para la representaci\u00f3n del duelo de una ni\u00f1a de 14 a\u00f1os. Lo propuse porque sent\u00ed necesario traducir a im\u00e1genes un sentimiento que la mayor\u00eda ha pasado: perder un ser querido. Lo tom\u00e9, a la vez, como un proceso cat\u00e1rtico de mi propio duelo. Me parece importante tratar de retratar una sensaci\u00f3n y poder llegar a la sensibilidad del espectador\u201d.<\/p>\n\n\n\n<p>Desarrollar el proyecto dur\u00f3 dos semestres. La preproducci\u00f3n del cortometraje inici\u00f3 en abril del 2019. Del fondo de la UArtes estaba estipulado recibir ayuda con los recursos t\u00e9cnicos (equipos cinematogr\u00e1ficos), aparte del recurso econ\u00f3mico. Filmar en Cotacachi (Imbabura) tomar\u00eda una semana completa y las materias y los laboratorios de rodaje se quedaban sin equipos, por ello el rodaje de <em>Negrita <\/em>qued\u00f3 para el final del primer semestre. La etapa de posproducci\u00f3n se realiz\u00f3 en Guayaquil en la UArtes, con la colaboraci\u00f3n de estudiantes y a lo largo del segundo semestre 2019.<\/p>\n\n\n\n<div class=\"wp-block-image\"><figure class=\"aligncenter size-large\"><img fetchpriority=\"high\" decoding=\"async\" width=\"644\" height=\"430\" src=\"http:\/\/www.uartes.edu.ec\/sitio\/wp-content\/uploads\/2020\/05\/NEGRITA-4-644x430.jpg\" alt=\"\" class=\"wp-image-7001\" srcset=\"https:\/\/www.uartes.edu.ec\/sitio\/wp-content\/uploads\/2020\/05\/NEGRITA-4-644x430.jpg 644w, https:\/\/www.uartes.edu.ec\/sitio\/wp-content\/uploads\/2020\/05\/NEGRITA-4-300x200.jpg 300w, https:\/\/www.uartes.edu.ec\/sitio\/wp-content\/uploads\/2020\/05\/NEGRITA-4-600x400.jpg 600w, https:\/\/www.uartes.edu.ec\/sitio\/wp-content\/uploads\/2020\/05\/NEGRITA-4-400x267.jpg 400w, https:\/\/www.uartes.edu.ec\/sitio\/wp-content\/uploads\/2020\/05\/NEGRITA-4-272x182.jpg 272w, https:\/\/www.uartes.edu.ec\/sitio\/wp-content\/uploads\/2020\/05\/NEGRITA-4.jpg 664w\" sizes=\"(max-width: 644px) 100vw, 644px\" \/><\/figure><\/div>\n\n\n\n<p>Durante la defensa de su tesis, a\u00f1ade, los miembros del jurado y su tutor le ped\u00edan el cortometraje para observarlo, \u201cpero no tengo a\u00fan el proyecto final porque la semana del 16 de marzo \u00edbamos a realizar el export final del corto en la universidad y ya no fue posible por la cuarentena. Todo el material qued\u00f3 en el terrablock de la UArtes. Encontr\u00e9 entre mis archivos la versi\u00f3n que se present\u00f3 en el preestreno y envi\u00e9 eso. La ma\u00f1ana de la defensa me comunicaron que no hab\u00eda llegado nada y justo ese d\u00eda a mi internet fall\u00f3. Fui a la casa de mi t\u00eda, que vive al lado de la m\u00eda, y con la ayuda de mis primos pude enviar el corto un par de horas antes de la sustentaci\u00f3n\u201d.<\/p>\n\n\n\n<p>En el momento de la defensa sinti\u00f3 nervios, pero al conectarse unos minutos antes pudo conversar con su tutor y otra docente y tuvo un poco de calma. \u201cEl jurado me hizo tres preguntas: la direcci\u00f3n de actores y mi trabajo t\u00e9cnico con ellos; qu\u00e9 rescataba de la realizaci\u00f3n del cortometraje y en qu\u00e9 deber\u00eda trabajar m\u00e1s en mi vida profesional. Respondiendo a las dos primeras, siempre me pareci\u00f3 interesante el mundo de la actuaci\u00f3n, ya en la UArtes aprovech\u00e9 y tom\u00e9 clases en la Escuela de Artes Esc\u00e9nicas y entr\u00e9 a talleres. Esto me ayud\u00f3 a saber c\u00f3mo piensa un actor, por lo tanto, mi trabajo con actores vino desde la preproducci\u00f3n. Formar v\u00ednculos entre los actores, compartir con ellos mi experiencia y hablar c\u00f3mo sent\u00edan la historia ayud\u00f3 para la construcci\u00f3n del personaje desde la sensibilidad y las sensaciones. A la tercera interrogante dije que le prestar\u00eda m\u00e1s atenci\u00f3n al sonido y que tras esta experiencia podr\u00e9 expresar lo que quiero en una historia desde el guion\u201d.<\/p>\n\n\n\n<div class=\"wp-block-image\"><figure class=\"aligncenter size-large\"><img decoding=\"async\" width=\"644\" height=\"429\" src=\"http:\/\/www.uartes.edu.ec\/sitio\/wp-content\/uploads\/2020\/05\/NEGRITA-3-644x429.jpg\" alt=\"\" class=\"wp-image-7000\" srcset=\"https:\/\/www.uartes.edu.ec\/sitio\/wp-content\/uploads\/2020\/05\/NEGRITA-3-644x429.jpg 644w, https:\/\/www.uartes.edu.ec\/sitio\/wp-content\/uploads\/2020\/05\/NEGRITA-3-300x200.jpg 300w, https:\/\/www.uartes.edu.ec\/sitio\/wp-content\/uploads\/2020\/05\/NEGRITA-3-768x512.jpg 768w, https:\/\/www.uartes.edu.ec\/sitio\/wp-content\/uploads\/2020\/05\/NEGRITA-3-600x400.jpg 600w, https:\/\/www.uartes.edu.ec\/sitio\/wp-content\/uploads\/2020\/05\/NEGRITA-3-400x267.jpg 400w, https:\/\/www.uartes.edu.ec\/sitio\/wp-content\/uploads\/2020\/05\/NEGRITA-3-272x182.jpg 272w, https:\/\/www.uartes.edu.ec\/sitio\/wp-content\/uploads\/2020\/05\/NEGRITA-3.jpg 960w\" sizes=\"(max-width: 644px) 100vw, 644px\" \/><\/figure><\/div>\n\n\n\n<p>\u201c\u00bfQu\u00e9 har\u00e9 tras obtener el t\u00edtulo?, creo que mis planes tomar\u00e1n m\u00e1s tiempo. He pensado en buscar becas o el recurso econ\u00f3mico para estudiar una maestr\u00eda en producci\u00f3n, distribuci\u00f3n, marketing en el cine o alguna de actuaci\u00f3n. Adem\u00e1s, tengo dos proyectos por desarrollar\u201d, concluye.<\/p>","protected":false},"excerpt":{"rendered":"<p>\u201cLa composici\u00f3n visual sobre el duelo desde el punto de vista del personaje principal del ortometraje Negrita\u201d. Selene Ch\u00e1vez J\u00e1tiva, estudiante de la Escuela de Cine, da detalles de este proyecto, el cual present\u00f3 como tesis de grado y lo sustent\u00f3 el 21 de abril v\u00eda videoconferencia.<\/p>","protected":false},"author":1,"featured_media":7002,"comment_status":"closed","ping_status":"closed","sticky":false,"template":"","format":"standard","meta":{"_acf_changed":false,"_uag_custom_page_level_css":"","_monsterinsights_skip_tracking":false,"_monsterinsights_sitenote_active":false,"_monsterinsights_sitenote_note":"","_monsterinsights_sitenote_category":0,"cybocfi_hide_featured_image":"","footnotes":""},"categories":[80,147,76],"tags":[211],"infouartes":[],"class_list":["post-6999","post","type-post","status-publish","format-standard","has-post-thumbnail","hentry","category-academico","category-cine","category-estudiantes","tag-covid19"],"acf":[],"yoast_head":"<!-- This site is optimized with the Yoast SEO plugin v27.4 - https:\/\/yoast.com\/product\/yoast-seo-wordpress\/ -->\n<title>Universidad de las Artes - Selene Ch\u00e1vez ahonda en la sensaci\u00f3n del duelo en el guion del corto \u201cNegrita\u201d<\/title>\n<meta name=\"description\" content=\"Universidad de las Artes - Selene Ch\u00e1vez ahonda en la sensaci\u00f3n del duelo en el guion del corto \u201cNegrita\u201d\" \/>\n<meta name=\"robots\" content=\"index, follow, max-snippet:-1, max-image-preview:large, max-video-preview:-1\" \/>\n<link rel=\"canonical\" href=\"https:\/\/www.uartes.edu.ec\/sitio\/fr\/blog\/2020\/05\/16\/selene-chavez-ahonda-en-la-sensacion-del-duelo-en-el-guion-del-corto-negrita\/\" \/>\n<meta property=\"og:locale\" content=\"fr_FR\" \/>\n<meta property=\"og:type\" content=\"article\" \/>\n<meta property=\"og:title\" content=\"Universidad de las Artes - Selene Ch\u00e1vez ahonda en la sensaci\u00f3n del duelo en el guion del corto \u201cNegrita\u201d\" \/>\n<meta property=\"og:description\" content=\"Universidad de las Artes - Selene Ch\u00e1vez ahonda en la sensaci\u00f3n del duelo en el guion del corto \u201cNegrita\u201d\" \/>\n<meta property=\"og:url\" content=\"https:\/\/www.uartes.edu.ec\/sitio\/fr\/blog\/2020\/05\/16\/selene-chavez-ahonda-en-la-sensacion-del-duelo-en-el-guion-del-corto-negrita\/\" \/>\n<meta property=\"og:site_name\" content=\"Universidad de las Artes\" \/>\n<meta property=\"article:publisher\" content=\"https:\/\/www.facebook.com\/uartesec\" \/>\n<meta property=\"article:published_time\" content=\"2020-05-16T20:42:02+00:00\" \/>\n<meta property=\"article:modified_time\" content=\"2024-07-04T16:43:10+00:00\" \/>\n<meta property=\"og:image\" content=\"https:\/\/www.uartes.edu.ec\/sitio\/wp-content\/uploads\/2020\/05\/NEGRITA-2.jpg\" \/>\n\t<meta property=\"og:image:width\" content=\"960\" \/>\n\t<meta property=\"og:image:height\" content=\"640\" \/>\n\t<meta property=\"og:image:type\" content=\"image\/jpeg\" \/>\n<meta name=\"author\" content=\"Universidad de las Artes\" \/>\n<meta name=\"twitter:card\" content=\"summary_large_image\" \/>\n<meta name=\"twitter:creator\" content=\"@uartesec\" \/>\n<meta name=\"twitter:site\" content=\"@uartesec\" \/>\n<meta name=\"twitter:label1\" content=\"\u00c9crit par\" \/>\n\t<meta name=\"twitter:data1\" content=\"Universidad de las Artes\" \/>\n\t<meta name=\"twitter:label2\" content=\"Dur\u00e9e de lecture estim\u00e9e\" \/>\n\t<meta name=\"twitter:data2\" content=\"4 minutes\" \/>\n<script type=\"application\/ld+json\" class=\"yoast-schema-graph\">{\"@context\":\"https:\\\/\\\/schema.org\",\"@graph\":[{\"@type\":\"Article\",\"@id\":\"https:\\\/\\\/www.uartes.edu.ec\\\/sitio\\\/fr\\\/blog\\\/2020\\\/05\\\/16\\\/selene-chavez-ahonda-en-la-sensacion-del-duelo-en-el-guion-del-corto-negrita\\\/#article\",\"isPartOf\":{\"@id\":\"https:\\\/\\\/www.uartes.edu.ec\\\/sitio\\\/fr\\\/blog\\\/2020\\\/05\\\/16\\\/selene-chavez-ahonda-en-la-sensacion-del-duelo-en-el-guion-del-corto-negrita\\\/\"},\"author\":{\"name\":\"Universidad de las Artes\",\"@id\":\"https:\\\/\\\/www.uartes.edu.ec\\\/sitio\\\/fr\\\/#\\\/schema\\\/person\\\/f33f8c1d2af0d5c80a38c8abf458184a\"},\"headline\":\"Selene Ch\u00e1vez ahonda en la sensaci\u00f3n del duelo en el guion del corto \u201cNegrita\u201d\",\"datePublished\":\"2020-05-16T20:42:02+00:00\",\"dateModified\":\"2024-07-04T16:43:10+00:00\",\"mainEntityOfPage\":{\"@id\":\"https:\\\/\\\/www.uartes.edu.ec\\\/sitio\\\/fr\\\/blog\\\/2020\\\/05\\\/16\\\/selene-chavez-ahonda-en-la-sensacion-del-duelo-en-el-guion-del-corto-negrita\\\/\"},\"wordCount\":830,\"publisher\":{\"@id\":\"https:\\\/\\\/www.uartes.edu.ec\\\/sitio\\\/fr\\\/#organization\"},\"image\":{\"@id\":\"https:\\\/\\\/www.uartes.edu.ec\\\/sitio\\\/fr\\\/blog\\\/2020\\\/05\\\/16\\\/selene-chavez-ahonda-en-la-sensacion-del-duelo-en-el-guion-del-corto-negrita\\\/#primaryimage\"},\"thumbnailUrl\":\"https:\\\/\\\/www.uartes.edu.ec\\\/sitio\\\/wp-content\\\/uploads\\\/2020\\\/05\\\/NEGRITA-2.jpg\",\"keywords\":[\"covid19\"],\"articleSection\":[\"Acad\u00e9mico\",\"Cine\",\"Estudiantes\"],\"inLanguage\":\"fr-FR\"},{\"@type\":[\"WebPage\",\"ItemPage\"],\"@id\":\"https:\\\/\\\/www.uartes.edu.ec\\\/sitio\\\/fr\\\/blog\\\/2020\\\/05\\\/16\\\/selene-chavez-ahonda-en-la-sensacion-del-duelo-en-el-guion-del-corto-negrita\\\/\",\"url\":\"https:\\\/\\\/www.uartes.edu.ec\\\/sitio\\\/fr\\\/blog\\\/2020\\\/05\\\/16\\\/selene-chavez-ahonda-en-la-sensacion-del-duelo-en-el-guion-del-corto-negrita\\\/\",\"name\":\"Universidad de las Artes - Selene Ch\u00e1vez ahonda en la sensaci\u00f3n del duelo en el guion del corto \u201cNegrita\u201d\",\"isPartOf\":{\"@id\":\"https:\\\/\\\/www.uartes.edu.ec\\\/sitio\\\/fr\\\/#website\"},\"primaryImageOfPage\":{\"@id\":\"https:\\\/\\\/www.uartes.edu.ec\\\/sitio\\\/fr\\\/blog\\\/2020\\\/05\\\/16\\\/selene-chavez-ahonda-en-la-sensacion-del-duelo-en-el-guion-del-corto-negrita\\\/#primaryimage\"},\"image\":{\"@id\":\"https:\\\/\\\/www.uartes.edu.ec\\\/sitio\\\/fr\\\/blog\\\/2020\\\/05\\\/16\\\/selene-chavez-ahonda-en-la-sensacion-del-duelo-en-el-guion-del-corto-negrita\\\/#primaryimage\"},\"thumbnailUrl\":\"https:\\\/\\\/www.uartes.edu.ec\\\/sitio\\\/wp-content\\\/uploads\\\/2020\\\/05\\\/NEGRITA-2.jpg\",\"datePublished\":\"2020-05-16T20:42:02+00:00\",\"dateModified\":\"2024-07-04T16:43:10+00:00\",\"description\":\"Universidad de las Artes - Selene Ch\u00e1vez ahonda en la sensaci\u00f3n del duelo en el guion del corto \u201cNegrita\u201d\",\"breadcrumb\":{\"@id\":\"https:\\\/\\\/www.uartes.edu.ec\\\/sitio\\\/fr\\\/blog\\\/2020\\\/05\\\/16\\\/selene-chavez-ahonda-en-la-sensacion-del-duelo-en-el-guion-del-corto-negrita\\\/#breadcrumb\"},\"inLanguage\":\"fr-FR\",\"potentialAction\":[{\"@type\":\"ReadAction\",\"target\":[\"https:\\\/\\\/www.uartes.edu.ec\\\/sitio\\\/fr\\\/blog\\\/2020\\\/05\\\/16\\\/selene-chavez-ahonda-en-la-sensacion-del-duelo-en-el-guion-del-corto-negrita\\\/\"]}]},{\"@type\":\"ImageObject\",\"inLanguage\":\"fr-FR\",\"@id\":\"https:\\\/\\\/www.uartes.edu.ec\\\/sitio\\\/fr\\\/blog\\\/2020\\\/05\\\/16\\\/selene-chavez-ahonda-en-la-sensacion-del-duelo-en-el-guion-del-corto-negrita\\\/#primaryimage\",\"url\":\"https:\\\/\\\/www.uartes.edu.ec\\\/sitio\\\/wp-content\\\/uploads\\\/2020\\\/05\\\/NEGRITA-2.jpg\",\"contentUrl\":\"https:\\\/\\\/www.uartes.edu.ec\\\/sitio\\\/wp-content\\\/uploads\\\/2020\\\/05\\\/NEGRITA-2.jpg\",\"width\":960,\"height\":640},{\"@type\":\"BreadcrumbList\",\"@id\":\"https:\\\/\\\/www.uartes.edu.ec\\\/sitio\\\/fr\\\/blog\\\/2020\\\/05\\\/16\\\/selene-chavez-ahonda-en-la-sensacion-del-duelo-en-el-guion-del-corto-negrita\\\/#breadcrumb\",\"itemListElement\":[{\"@type\":\"ListItem\",\"position\":1,\"name\":\"Inicio\",\"item\":\"https:\\\/\\\/www.uartes.edu.ec\\\/sitio\\\/\"},{\"@type\":\"ListItem\",\"position\":2,\"name\":\"Selene Ch\u00e1vez ahonda en la sensaci\u00f3n del duelo en el guion del corto \u201cNegrita\u201d\"}]},{\"@type\":\"WebSite\",\"@id\":\"https:\\\/\\\/www.uartes.edu.ec\\\/sitio\\\/fr\\\/#website\",\"url\":\"https:\\\/\\\/www.uartes.edu.ec\\\/sitio\\\/fr\\\/\",\"name\":\"Universidad de las Artes\",\"description\":\"Sitio oficial de la Universidad Nacional de las Artes del Ecuador\",\"publisher\":{\"@id\":\"https:\\\/\\\/www.uartes.edu.ec\\\/sitio\\\/fr\\\/#organization\"},\"potentialAction\":[{\"@type\":\"SearchAction\",\"target\":{\"@type\":\"EntryPoint\",\"urlTemplate\":\"https:\\\/\\\/www.uartes.edu.ec\\\/sitio\\\/fr\\\/?s={search_term_string}\"},\"query-input\":{\"@type\":\"PropertyValueSpecification\",\"valueRequired\":true,\"valueName\":\"search_term_string\"}}],\"inLanguage\":\"fr-FR\"},{\"@type\":\"Organization\",\"@id\":\"https:\\\/\\\/www.uartes.edu.ec\\\/sitio\\\/fr\\\/#organization\",\"name\":\"Universidad de las Artes\",\"url\":\"https:\\\/\\\/www.uartes.edu.ec\\\/sitio\\\/fr\\\/\",\"logo\":{\"@type\":\"ImageObject\",\"inLanguage\":\"fr-FR\",\"@id\":\"https:\\\/\\\/www.uartes.edu.ec\\\/sitio\\\/fr\\\/#\\\/schema\\\/logo\\\/image\\\/\",\"url\":\"https:\\\/\\\/www.uartes.edu.ec\\\/sitio\\\/wp-content\\\/uploads\\\/2022\\\/07\\\/logo-ua-horizontal.png\",\"contentUrl\":\"https:\\\/\\\/www.uartes.edu.ec\\\/sitio\\\/wp-content\\\/uploads\\\/2022\\\/07\\\/logo-ua-horizontal.png\",\"width\":800,\"height\":276,\"caption\":\"Universidad de las Artes\"},\"image\":{\"@id\":\"https:\\\/\\\/www.uartes.edu.ec\\\/sitio\\\/fr\\\/#\\\/schema\\\/logo\\\/image\\\/\"},\"sameAs\":[\"https:\\\/\\\/www.facebook.com\\\/uartesec\",\"https:\\\/\\\/x.com\\\/uartesec\",\"https:\\\/\\\/www.tiktok.com\\\/@uartesec\"]},{\"@type\":\"Person\",\"@id\":\"https:\\\/\\\/www.uartes.edu.ec\\\/sitio\\\/fr\\\/#\\\/schema\\\/person\\\/f33f8c1d2af0d5c80a38c8abf458184a\",\"name\":\"Universidad de las Artes\",\"image\":{\"@type\":\"ImageObject\",\"inLanguage\":\"fr-FR\",\"@id\":\"https:\\\/\\\/secure.gravatar.com\\\/avatar\\\/52e4757902f5cfa5ac52d020e5be83cae5487519154b6c35482fe08d589f3c13?s=96&d=mm&r=g\",\"url\":\"https:\\\/\\\/secure.gravatar.com\\\/avatar\\\/52e4757902f5cfa5ac52d020e5be83cae5487519154b6c35482fe08d589f3c13?s=96&d=mm&r=g\",\"contentUrl\":\"https:\\\/\\\/secure.gravatar.com\\\/avatar\\\/52e4757902f5cfa5ac52d020e5be83cae5487519154b6c35482fe08d589f3c13?s=96&d=mm&r=g\",\"caption\":\"Universidad de las Artes\"},\"url\":\"https:\\\/\\\/www.uartes.edu.ec\\\/sitio\\\/fr\\\/blog\\\/author\\\/dircomadm\\\/\"}]}<\/script>\n<!-- \/ Yoast SEO plugin. -->","yoast_head_json":{"title":"Universidad de las Artes - Selene Ch\u00e1vez ahonda en la sensaci\u00f3n del duelo en el guion del corto \u201cNegrita\u201d","description":"Universidad de las Artes - Selene Ch\u00e1vez ahonda en la sensaci\u00f3n del duelo en el guion del corto \u201cNegrita\u201d","robots":{"index":"index","follow":"follow","max-snippet":"max-snippet:-1","max-image-preview":"max-image-preview:large","max-video-preview":"max-video-preview:-1"},"canonical":"https:\/\/www.uartes.edu.ec\/sitio\/fr\/blog\/2020\/05\/16\/selene-chavez-ahonda-en-la-sensacion-del-duelo-en-el-guion-del-corto-negrita\/","og_locale":"fr_FR","og_type":"article","og_title":"Universidad de las Artes - Selene Ch\u00e1vez ahonda en la sensaci\u00f3n del duelo en el guion del corto \u201cNegrita\u201d","og_description":"Universidad de las Artes - Selene Ch\u00e1vez ahonda en la sensaci\u00f3n del duelo en el guion del corto \u201cNegrita\u201d","og_url":"https:\/\/www.uartes.edu.ec\/sitio\/fr\/blog\/2020\/05\/16\/selene-chavez-ahonda-en-la-sensacion-del-duelo-en-el-guion-del-corto-negrita\/","og_site_name":"Universidad de las Artes","article_publisher":"https:\/\/www.facebook.com\/uartesec","article_published_time":"2020-05-16T20:42:02+00:00","article_modified_time":"2024-07-04T16:43:10+00:00","og_image":[{"width":960,"height":640,"url":"https:\/\/www.uartes.edu.ec\/sitio\/wp-content\/uploads\/2020\/05\/NEGRITA-2.jpg","type":"image\/jpeg"}],"author":"Universidad de las Artes","twitter_card":"summary_large_image","twitter_creator":"@uartesec","twitter_site":"@uartesec","twitter_misc":{"\u00c9crit par":"Universidad de las Artes","Dur\u00e9e de lecture estim\u00e9e":"4 minutes"},"schema":{"@context":"https:\/\/schema.org","@graph":[{"@type":"Article","@id":"https:\/\/www.uartes.edu.ec\/sitio\/fr\/blog\/2020\/05\/16\/selene-chavez-ahonda-en-la-sensacion-del-duelo-en-el-guion-del-corto-negrita\/#article","isPartOf":{"@id":"https:\/\/www.uartes.edu.ec\/sitio\/fr\/blog\/2020\/05\/16\/selene-chavez-ahonda-en-la-sensacion-del-duelo-en-el-guion-del-corto-negrita\/"},"author":{"name":"Universidad de las Artes","@id":"https:\/\/www.uartes.edu.ec\/sitio\/fr\/#\/schema\/person\/f33f8c1d2af0d5c80a38c8abf458184a"},"headline":"Selene Ch\u00e1vez ahonda en la sensaci\u00f3n del duelo en el guion del corto \u201cNegrita\u201d","datePublished":"2020-05-16T20:42:02+00:00","dateModified":"2024-07-04T16:43:10+00:00","mainEntityOfPage":{"@id":"https:\/\/www.uartes.edu.ec\/sitio\/fr\/blog\/2020\/05\/16\/selene-chavez-ahonda-en-la-sensacion-del-duelo-en-el-guion-del-corto-negrita\/"},"wordCount":830,"publisher":{"@id":"https:\/\/www.uartes.edu.ec\/sitio\/fr\/#organization"},"image":{"@id":"https:\/\/www.uartes.edu.ec\/sitio\/fr\/blog\/2020\/05\/16\/selene-chavez-ahonda-en-la-sensacion-del-duelo-en-el-guion-del-corto-negrita\/#primaryimage"},"thumbnailUrl":"https:\/\/www.uartes.edu.ec\/sitio\/wp-content\/uploads\/2020\/05\/NEGRITA-2.jpg","keywords":["covid19"],"articleSection":["Acad\u00e9mico","Cine","Estudiantes"],"inLanguage":"fr-FR"},{"@type":["WebPage","ItemPage"],"@id":"https:\/\/www.uartes.edu.ec\/sitio\/fr\/blog\/2020\/05\/16\/selene-chavez-ahonda-en-la-sensacion-del-duelo-en-el-guion-del-corto-negrita\/","url":"https:\/\/www.uartes.edu.ec\/sitio\/fr\/blog\/2020\/05\/16\/selene-chavez-ahonda-en-la-sensacion-del-duelo-en-el-guion-del-corto-negrita\/","name":"Universidad de las Artes - Selene Ch\u00e1vez ahonda en la sensaci\u00f3n del duelo en el guion del corto \u201cNegrita\u201d","isPartOf":{"@id":"https:\/\/www.uartes.edu.ec\/sitio\/fr\/#website"},"primaryImageOfPage":{"@id":"https:\/\/www.uartes.edu.ec\/sitio\/fr\/blog\/2020\/05\/16\/selene-chavez-ahonda-en-la-sensacion-del-duelo-en-el-guion-del-corto-negrita\/#primaryimage"},"image":{"@id":"https:\/\/www.uartes.edu.ec\/sitio\/fr\/blog\/2020\/05\/16\/selene-chavez-ahonda-en-la-sensacion-del-duelo-en-el-guion-del-corto-negrita\/#primaryimage"},"thumbnailUrl":"https:\/\/www.uartes.edu.ec\/sitio\/wp-content\/uploads\/2020\/05\/NEGRITA-2.jpg","datePublished":"2020-05-16T20:42:02+00:00","dateModified":"2024-07-04T16:43:10+00:00","description":"Universidad de las Artes - Selene Ch\u00e1vez ahonda en la sensaci\u00f3n del duelo en el guion del corto \u201cNegrita\u201d","breadcrumb":{"@id":"https:\/\/www.uartes.edu.ec\/sitio\/fr\/blog\/2020\/05\/16\/selene-chavez-ahonda-en-la-sensacion-del-duelo-en-el-guion-del-corto-negrita\/#breadcrumb"},"inLanguage":"fr-FR","potentialAction":[{"@type":"ReadAction","target":["https:\/\/www.uartes.edu.ec\/sitio\/fr\/blog\/2020\/05\/16\/selene-chavez-ahonda-en-la-sensacion-del-duelo-en-el-guion-del-corto-negrita\/"]}]},{"@type":"ImageObject","inLanguage":"fr-FR","@id":"https:\/\/www.uartes.edu.ec\/sitio\/fr\/blog\/2020\/05\/16\/selene-chavez-ahonda-en-la-sensacion-del-duelo-en-el-guion-del-corto-negrita\/#primaryimage","url":"https:\/\/www.uartes.edu.ec\/sitio\/wp-content\/uploads\/2020\/05\/NEGRITA-2.jpg","contentUrl":"https:\/\/www.uartes.edu.ec\/sitio\/wp-content\/uploads\/2020\/05\/NEGRITA-2.jpg","width":960,"height":640},{"@type":"BreadcrumbList","@id":"https:\/\/www.uartes.edu.ec\/sitio\/fr\/blog\/2020\/05\/16\/selene-chavez-ahonda-en-la-sensacion-del-duelo-en-el-guion-del-corto-negrita\/#breadcrumb","itemListElement":[{"@type":"ListItem","position":1,"name":"Inicio","item":"https:\/\/www.uartes.edu.ec\/sitio\/"},{"@type":"ListItem","position":2,"name":"Selene Ch\u00e1vez ahonda en la sensaci\u00f3n del duelo en el guion del corto \u201cNegrita\u201d"}]},{"@type":"WebSite","@id":"https:\/\/www.uartes.edu.ec\/sitio\/fr\/#website","url":"https:\/\/www.uartes.edu.ec\/sitio\/fr\/","name":"Universidad de las Artes","description":"Sitio oficial de la Universidad Nacional de las Artes del Ecuador","publisher":{"@id":"https:\/\/www.uartes.edu.ec\/sitio\/fr\/#organization"},"potentialAction":[{"@type":"SearchAction","target":{"@type":"EntryPoint","urlTemplate":"https:\/\/www.uartes.edu.ec\/sitio\/fr\/?s={search_term_string}"},"query-input":{"@type":"PropertyValueSpecification","valueRequired":true,"valueName":"search_term_string"}}],"inLanguage":"fr-FR"},{"@type":"Organization","@id":"https:\/\/www.uartes.edu.ec\/sitio\/fr\/#organization","name":"Universidad de las Artes","url":"https:\/\/www.uartes.edu.ec\/sitio\/fr\/","logo":{"@type":"ImageObject","inLanguage":"fr-FR","@id":"https:\/\/www.uartes.edu.ec\/sitio\/fr\/#\/schema\/logo\/image\/","url":"https:\/\/www.uartes.edu.ec\/sitio\/wp-content\/uploads\/2022\/07\/logo-ua-horizontal.png","contentUrl":"https:\/\/www.uartes.edu.ec\/sitio\/wp-content\/uploads\/2022\/07\/logo-ua-horizontal.png","width":800,"height":276,"caption":"Universidad de las Artes"},"image":{"@id":"https:\/\/www.uartes.edu.ec\/sitio\/fr\/#\/schema\/logo\/image\/"},"sameAs":["https:\/\/www.facebook.com\/uartesec","https:\/\/x.com\/uartesec","https:\/\/www.tiktok.com\/@uartesec"]},{"@type":"Person","@id":"https:\/\/www.uartes.edu.ec\/sitio\/fr\/#\/schema\/person\/f33f8c1d2af0d5c80a38c8abf458184a","name":"Universidad de las Artes","image":{"@type":"ImageObject","inLanguage":"fr-FR","@id":"https:\/\/secure.gravatar.com\/avatar\/52e4757902f5cfa5ac52d020e5be83cae5487519154b6c35482fe08d589f3c13?s=96&d=mm&r=g","url":"https:\/\/secure.gravatar.com\/avatar\/52e4757902f5cfa5ac52d020e5be83cae5487519154b6c35482fe08d589f3c13?s=96&d=mm&r=g","contentUrl":"https:\/\/secure.gravatar.com\/avatar\/52e4757902f5cfa5ac52d020e5be83cae5487519154b6c35482fe08d589f3c13?s=96&d=mm&r=g","caption":"Universidad de las Artes"},"url":"https:\/\/www.uartes.edu.ec\/sitio\/fr\/blog\/author\/dircomadm\/"}]}},"uagb_featured_image_src":{"full":["https:\/\/www.uartes.edu.ec\/sitio\/wp-content\/uploads\/2020\/05\/NEGRITA-2.jpg",960,640,false],"thumbnail":["https:\/\/www.uartes.edu.ec\/sitio\/wp-content\/uploads\/2020\/05\/NEGRITA-2-150x150.jpg",150,150,true],"medium":["https:\/\/www.uartes.edu.ec\/sitio\/wp-content\/uploads\/2020\/05\/NEGRITA-2-300x200.jpg",300,200,true],"medium_large":["https:\/\/www.uartes.edu.ec\/sitio\/wp-content\/uploads\/2020\/05\/NEGRITA-2-768x512.jpg",768,512,true],"large":["https:\/\/www.uartes.edu.ec\/sitio\/wp-content\/uploads\/2020\/05\/NEGRITA-2-644x429.jpg",644,429,true],"1536x1536":["https:\/\/www.uartes.edu.ec\/sitio\/wp-content\/uploads\/2020\/05\/NEGRITA-2.jpg",960,640,false],"2048x2048":["https:\/\/www.uartes.edu.ec\/sitio\/wp-content\/uploads\/2020\/05\/NEGRITA-2.jpg",960,640,false],"trp-custom-language-flag":["https:\/\/www.uartes.edu.ec\/sitio\/wp-content\/uploads\/2020\/05\/NEGRITA-2.jpg",18,12,false],"htmega_size_585x295":["https:\/\/www.uartes.edu.ec\/sitio\/wp-content\/uploads\/2020\/05\/NEGRITA-2.jpg",443,295,false],"htmega_size_1170x536":["https:\/\/www.uartes.edu.ec\/sitio\/wp-content\/uploads\/2020\/05\/NEGRITA-2.jpg",804,536,false],"htmega_size_396x360":["https:\/\/www.uartes.edu.ec\/sitio\/wp-content\/uploads\/2020\/05\/NEGRITA-2.jpg",396,264,false],"gb-block-post-grid-landscape":["https:\/\/www.uartes.edu.ec\/sitio\/wp-content\/uploads\/2020\/05\/NEGRITA-2.jpg",600,400,false],"gb-block-post-grid-square":["https:\/\/www.uartes.edu.ec\/sitio\/wp-content\/uploads\/2020\/05\/NEGRITA-2.jpg",600,400,false],"university-hub-thumb":["https:\/\/www.uartes.edu.ec\/sitio\/wp-content\/uploads\/2020\/05\/NEGRITA-2-400x267.jpg",400,267,true]},"uagb_author_info":{"display_name":"Universidad de las Artes","author_link":"https:\/\/www.uartes.edu.ec\/sitio\/fr\/blog\/author\/dircomadm\/"},"uagb_comment_info":0,"uagb_excerpt":"\u201cLa composici\u00f3n visual sobre el duelo desde el punto de vista del personaje principal del ortometraje Negrita\u201d. Selene Ch\u00e1vez J\u00e1tiva, estudiante de la Escuela de Cine, da detalles de este proyecto, el cual present\u00f3 como tesis de grado y lo sustent\u00f3 el 21 de abril v\u00eda videoconferencia.","featured_image_src":"https:\/\/www.uartes.edu.ec\/sitio\/wp-content\/uploads\/2020\/05\/NEGRITA-2.jpg","featured_image_src_square":"https:\/\/www.uartes.edu.ec\/sitio\/wp-content\/uploads\/2020\/05\/NEGRITA-2.jpg","author_info":{"display_name":"Universidad de las Artes","author_link":"https:\/\/www.uartes.edu.ec\/sitio\/fr\/blog\/author\/dircomadm\/"},"publishpress_future_workflow_manual_trigger":{"enabledWorkflows":[]},"distributor_meta":false,"distributor_terms":false,"distributor_media":false,"distributor_original_site_name":"Universidad de las Artes","distributor_original_site_url":"https:\/\/www.uartes.edu.ec\/sitio\/fr","push-errors":false,"_links":{"self":[{"href":"https:\/\/www.uartes.edu.ec\/sitio\/fr\/wp-json\/wp\/v2\/posts\/6999","targetHints":{"allow":["GET"]}}],"collection":[{"href":"https:\/\/www.uartes.edu.ec\/sitio\/fr\/wp-json\/wp\/v2\/posts"}],"about":[{"href":"https:\/\/www.uartes.edu.ec\/sitio\/fr\/wp-json\/wp\/v2\/types\/post"}],"author":[{"embeddable":true,"href":"https:\/\/www.uartes.edu.ec\/sitio\/fr\/wp-json\/wp\/v2\/users\/1"}],"replies":[{"embeddable":true,"href":"https:\/\/www.uartes.edu.ec\/sitio\/fr\/wp-json\/wp\/v2\/comments?post=6999"}],"version-history":[{"count":3,"href":"https:\/\/www.uartes.edu.ec\/sitio\/fr\/wp-json\/wp\/v2\/posts\/6999\/revisions"}],"predecessor-version":[{"id":57632,"href":"https:\/\/www.uartes.edu.ec\/sitio\/fr\/wp-json\/wp\/v2\/posts\/6999\/revisions\/57632"}],"wp:featuredmedia":[{"embeddable":true,"href":"https:\/\/www.uartes.edu.ec\/sitio\/fr\/wp-json\/wp\/v2\/media\/7002"}],"wp:attachment":[{"href":"https:\/\/www.uartes.edu.ec\/sitio\/fr\/wp-json\/wp\/v2\/media?parent=6999"}],"wp:term":[{"taxonomy":"category","embeddable":true,"href":"https:\/\/www.uartes.edu.ec\/sitio\/fr\/wp-json\/wp\/v2\/categories?post=6999"},{"taxonomy":"post_tag","embeddable":true,"href":"https:\/\/www.uartes.edu.ec\/sitio\/fr\/wp-json\/wp\/v2\/tags?post=6999"},{"taxonomy":"infouartes","embeddable":true,"href":"https:\/\/www.uartes.edu.ec\/sitio\/fr\/wp-json\/wp\/v2\/infouartes?post=6999"}],"curies":[{"name":"wp","href":"https:\/\/api.w.org\/{rel}","templated":true}]}}