{"id":70119,"date":"2025-04-01T14:21:48","date_gmt":"2025-04-01T19:21:48","guid":{"rendered":"https:\/\/www.uartes.edu.ec\/sitio\/?p=70119"},"modified":"2025-04-01T14:40:22","modified_gmt":"2025-04-01T19:40:22","slug":"manglares-muestra-del-docente-diego-falconi-que-descubre-vida-de-los-cangrejeros-de-cerrito-de-los-morrenos","status":"publish","type":"post","link":"https:\/\/www.uartes.edu.ec\/sitio\/fr\/blog\/2025\/04\/01\/manglares-muestra-del-docente-diego-falconi-que-descubre-vida-de-los-cangrejeros-de-cerrito-de-los-morrenos\/","title":{"rendered":"\u201cManglares\u201d, exposici\u00f3n del docente de Cine Diego Falcon\u00ed que descubre la vida de los cangrejeros de Cerrito de los Morre\u00f1os"},"content":{"rendered":"<p>La Sala Proceso de la Casa de la Cultura N\u00facleo del Azuay, en Cuenca,&nbsp;ser\u00e1 este mi\u00e9rcoles 2 de abril, a partir de las 19:00, el espacio expositivo donde se inaugure la muestra \u201cManglares\u201d, del docente Diego Falcon\u00ed Averhoff, de la Escuela de Cine de la Universidad de las Artes, producida por la tambi\u00e9n acad\u00e9mica UArtes Priscilla Aguirre y el estudiante Juan Montenegro. En su contenido, la propuesta descubre la vida de los cangrejeros de Cerrito de los Morre\u00f1os, una comunidad pesquera del Golfo de Guayaquil. &nbsp;<\/p>\n\n\n\n<p>Acerca de la exposici\u00f3n, Priscilla Aguirre, cineasta y coordinadora de la maestr\u00eda de Cine Documental de la Escuela de Posgrado de la UArtes, revela que a trav\u00e9s de una serie de fotograf\u00edas in\u00e9ditas tomadas en 1983 y en la actualidad, \u201c\u2019Manglares\u2019\u201d nos sumerge en la espesura del manglar, en sus silencios y en la memoria de un oficio que ha perdurado por generaciones. La exposici\u00f3n tambi\u00e9n incluye una instalaci\u00f3n audiovisual que entrelaza sonidos del entorno con un carrusel de im\u00e1genes, evocando el ciclo natural del cangrejo y la conexi\u00f3n profunda entre el hombre y su paisaje\u201d.<\/p>\n\n\n\n<p>A\u00f1ade que su dise\u00f1o sonoro lo realizaron los estudiantes Pablo Espinoza y Carlos Morante, bajo la asesor\u00eda del docente Raymi Morales. El material audiovisual lo edit\u00f3 el estudiante Emilio Llerena y la construcci\u00f3n del dispositivo de la instalaci\u00f3n corri\u00f3 a cargo de los alumnos Josu\u00e9 y Miguel Le\u00f3n, y la curadur\u00eda de la docente Tamara Mej\u00eda.<\/p>\n\n\n\n<p>En suma, la exposici\u00f3n \u201cManglares\u201d es el resultado de una investigaci\u00f3n desarrollada por docentes y estudiantes de la Universidad de las Artes en el marco del proyecto \u201cAtlas: Laboratorio de creaci\u00f3n e investigaci\u00f3n cinematogr\u00e1fica\u201d, en un esfuerzo por rescatar la memoria de una comunidad cuya historia se cuenta a trav\u00e9s de su relaci\u00f3n con el manglar. &nbsp;<\/p>\n\n\n<div class=\"wp-block-image\">\n<figure class=\"aligncenter size-large\"><img fetchpriority=\"high\" decoding=\"async\" width=\"644\" height=\"429\" src=\"https:\/\/www.uartes.edu.ec\/sitio\/wp-content\/uploads\/2025\/04\/02-MANGLARES-644x429.jpg\" alt=\"\" class=\"wp-image-70121\" srcset=\"https:\/\/www.uartes.edu.ec\/sitio\/wp-content\/uploads\/2025\/04\/02-MANGLARES-644x429.jpg 644w, https:\/\/www.uartes.edu.ec\/sitio\/wp-content\/uploads\/2025\/04\/02-MANGLARES-300x200.jpg 300w, https:\/\/www.uartes.edu.ec\/sitio\/wp-content\/uploads\/2025\/04\/02-MANGLARES-768x512.jpg 768w, https:\/\/www.uartes.edu.ec\/sitio\/wp-content\/uploads\/2025\/04\/02-MANGLARES-1536x1024.jpg 1536w, https:\/\/www.uartes.edu.ec\/sitio\/wp-content\/uploads\/2025\/04\/02-MANGLARES-18x12.jpg 18w, https:\/\/www.uartes.edu.ec\/sitio\/wp-content\/uploads\/2025\/04\/02-MANGLARES-600x400.jpg 600w, https:\/\/www.uartes.edu.ec\/sitio\/wp-content\/uploads\/2025\/04\/02-MANGLARES-400x267.jpg 400w, https:\/\/www.uartes.edu.ec\/sitio\/wp-content\/uploads\/2025\/04\/02-MANGLARES.jpg 2000w\" sizes=\"(max-width: 644px) 100vw, 644px\" \/><\/figure>\n<\/div>\n\n\n<p>\u201cEs uno de los productos art\u00edsticos del proyecto de investigaci\u00f3n (arriba mencionado), el cual estuvo desde el 2023 hasta febrero 2025 bajo mi direcci\u00f3n y que por este a\u00f1o estar\u00e1 bajo la direcci\u00f3n de Diego Falcon\u00ed\u201d, indic\u00f3 Aguirre.<\/p>\n\n\n\n<p>Cabe anotar que tras la inauguraci\u00f3n en la Sala Proceso de la Casa de la Cultura del Azuay se propiciar\u00e1 un di\u00e1logo entre el p\u00fablico, Diego Falcon\u00ed, Tamara Mej\u00eda y los estudiantes que han sido parte del equipo de producci\u00f3n y realizaci\u00f3n de la muestra, la cual se mantendr\u00e1 abierta de manera gratuita hasta el 4 de mayo pr\u00f3ximo.<\/p>\n\n\n\n<p>Junto con el apoyo de la UArtes, la exposici\u00f3n cuenta con el respaldo de la Alcald\u00eda de Cuenca a trav\u00e9s de su Direcci\u00f3n General de Cultura, Recreaci\u00f3n y Conocimiento; de la Sala Proceso y de la Casa de la Cultura N\u00facleo del Azuay, se\u00f1ala Aguirre. Las fotograf\u00edas que se expondr\u00e1n ser\u00e1n vendidas con sus marcos a partir del 4 de mayo.&nbsp;<\/p>\n\n\n\n<h3 class=\"wp-block-heading\">El texto curatorial<\/h3>\n\n\n\n<p>De la muestra, Tamara Mej\u00eda, su curadora, se\u00f1ala: \u00abManglares busca revelar, a trav\u00e9s de la fotograf\u00eda documental, las din\u00e1micas cotidianas y la interdependencia entre las personas y el entorno natural. Las im\u00e1genes de Falcon\u00ed capturan la tensi\u00f3n entre la resistencia humana y la fragilidad ambiental, planteando a trav\u00e9s de ic\u00f3nicas im\u00e1genes c\u00f3mo las entretejidas ra\u00edces de los manglares replican un di\u00e1logo silencioso entre la contemplaci\u00f3n y el pulso del mangle.<\/p>\n\n\n\n<p>El manglar es un espacio de adaptaci\u00f3n para los habitantes de Cerrito de los Morre\u00f1os, caracterizado por la extracci\u00f3n de recursos como los cangrejos y el marisco, actividades que exigen navegar entre el lodo. La mirada del fot\u00f3grafo muestra a los cangrejeros como los habitantes de un territorio suspendido, marcados por la atemporalidad de una actividad ancestral guiada por pulsos c\u00edclicos, cuya sincron\u00eda deben entender para encontrar las pausas que permiten la supervivencia de la pr\u00e1ctica.<\/p>\n\n\n<div class=\"wp-block-image\">\n<figure class=\"aligncenter size-large is-resized\"><img decoding=\"async\" width=\"644\" height=\"543\" src=\"https:\/\/www.uartes.edu.ec\/sitio\/wp-content\/uploads\/2025\/04\/Manglares2-Falconi-644x543.png\" alt=\"\" class=\"wp-image-70122\" style=\"width:471px;height:auto\" srcset=\"https:\/\/www.uartes.edu.ec\/sitio\/wp-content\/uploads\/2025\/04\/Manglares2-Falconi-644x543.png 644w, https:\/\/www.uartes.edu.ec\/sitio\/wp-content\/uploads\/2025\/04\/Manglares2-Falconi-300x253.png 300w, https:\/\/www.uartes.edu.ec\/sitio\/wp-content\/uploads\/2025\/04\/Manglares2-Falconi-768x647.png 768w, https:\/\/www.uartes.edu.ec\/sitio\/wp-content\/uploads\/2025\/04\/Manglares2-Falconi-14x12.png 14w, https:\/\/www.uartes.edu.ec\/sitio\/wp-content\/uploads\/2025\/04\/Manglares2-Falconi-356x300.png 356w, https:\/\/www.uartes.edu.ec\/sitio\/wp-content\/uploads\/2025\/04\/Manglares2-Falconi.png 1206w\" sizes=\"(max-width: 644px) 100vw, 644px\" \/><\/figure>\n<\/div>\n\n\n<p>Esta serie de im\u00e1genes sugieren la relaci\u00f3n simbi\u00f3tica y la complejidad del trabajo en los manglares, donde la continuidad depende tanto de la destreza f\u00edsica, como del conocimiento ancestral y es ah\u00ed donde la fotograf\u00eda construye un discurso desde las huellas y las marcas de lo real que nos permite acercarnos a esta esfera distante y parad\u00f3jicamente presente en la cultura popular.<\/p>\n\n\n\n<p>Las im\u00e1genes de Falcon\u00ed proponen una doble mirada: por un lado, la visi\u00f3n de los cuerpos que se desplazan entre las ra\u00edces y el barro y una comunidad que parece vivir como anclada en el tiempo, replicando un ritmo de vida inalterado por d\u00e9cadas, adem\u00e1s de la sensaci\u00f3n de ser observados por la escena misma: el barro, las ra\u00edces y las manos curtidas por el trabajo devuelven la mirada, generando una reflexi\u00f3n sobre vivir al margen de la modernidad, siguiendo un comp\u00e1s lento y pausado, ajeno a las urgencias del mundo contempor\u00e1neo, es as\u00ed que las im\u00e1genes nos interpelan cuestionando nuestro rol frente a la belleza de la fragilidad y la resistencia de este ecosistema.<\/p>\n\n\n\n<p>\u2018Manglares\u2019 evidencia lo real, lo tangible y lo simb\u00f3lico de una comunidad y nos invita a contemplar este ecosistema, para conocer sobre las tensiones entre la conservaci\u00f3n y la explotaci\u00f3n, la tradici\u00f3n y el cambio. Las im\u00e1genes proponen una mirada sensible hacia el futuro de los manglares, sugiriendo que la supervivencia de estos espacios naturales est\u00e1 intr\u00ednsecamente ligada a la continuidad de las comunidades que los habitan\u201d.<\/p>\n\n\n\n<p>Texto e im\u00e1genes: colaboraci\u00f3n Priscilla Aguirre, docente y coordinadora de la maestr\u00eda en Cine Documental.<\/p>\n\n\n\n<p>Enlaces de difusi\u00f3n de la Casa de la Cultura N\u00facleo del Azuay, en Cuenca:<br><a href=\"https:\/\/x.com\/CulturaCUE\/status\/1906360005588086956?t=JAWQ_DqoEtYs7xb9es7lRQ&amp;s=19\">https:\/\/x.com\/CulturaCUE\/status\/1906360005588086956?t=JAWQ_DqoEtYs7xb9es7lRQ&amp;s=19<\/a><br><a href=\"https:\/\/www.facebook.com\/share\/p\/12E4ichMgqc\/\">https:\/\/www.facebook.com\/share\/p\/12E4ichMgqc\/<\/a><br><a href=\"https:\/\/www.instagram.com\/p\/DH09AG9Mf_-\/?igsh=MWIyZWZvMnEwbzR0cg==\">https:\/\/www.instagram.com\/p\/DH09AG9Mf_-\/?igsh=MWIyZWZvMnEwbzR0cg==<\/a><\/p>","protected":false},"excerpt":{"rendered":"<p>En Cuenca, en la Sala Proceso de la Casa de la Cultura N\u00facleo del Azuay, se inaugura este mi\u00e9rcoles 2 de abril la muestra \u201cManglares\u201d del docente Diego Falcon\u00ed. El producto art\u00edstico resulta del proyecto \u201cAtlas: Laboratorio de creaci\u00f3n e investigaci\u00f3n cinematogr\u00e1fica\u201d, desarrollado por profesores y estudiantes de la UArtes. Constan fotograf\u00edas in\u00e9ditas tomadas en 1983 y en la actualidad, e incluye una instalaci\u00f3n audiovisual.  <\/p>","protected":false},"author":10,"featured_media":70120,"comment_status":"open","ping_status":"open","sticky":false,"template":"","format":"standard","meta":{"_acf_changed":false,"_uag_custom_page_level_css":"","_monsterinsights_skip_tracking":false,"_monsterinsights_sitenote_active":false,"_monsterinsights_sitenote_note":"","_monsterinsights_sitenote_category":0,"cybocfi_hide_featured_image":"","footnotes":""},"categories":[80,82,147,75,76,284],"tags":[540],"infouartes":[],"class_list":["post-70119","post","type-post","status-publish","format-standard","has-post-thumbnail","hentry","category-academico","category-artes","category-cine","category-docentes","category-estudiantes","category-investigacion","tag-proyecto"],"acf":[],"yoast_head":"<!-- This site is optimized with the Yoast SEO plugin v27.4 - https:\/\/yoast.com\/product\/yoast-seo-wordpress\/ -->\n<title>Universidad de las Artes - \u201cManglares\u201d, exposici\u00f3n del docente de Cine Diego Falcon\u00ed que descubre la vida de los cangrejeros de Cerrito de los Morre\u00f1os<\/title>\n<meta name=\"description\" content=\"Universidad de las Artes - \u201cManglares\u201d, exposici\u00f3n del docente de Cine Diego Falcon\u00ed que descubre la vida de los cangrejeros de Cerrito de los Morre\u00f1os\" \/>\n<meta name=\"robots\" content=\"index, follow, max-snippet:-1, max-image-preview:large, max-video-preview:-1\" \/>\n<link rel=\"canonical\" href=\"https:\/\/www.uartes.edu.ec\/sitio\/fr\/blog\/2025\/04\/01\/manglares-muestra-del-docente-diego-falconi-que-descubre-vida-de-los-cangrejeros-de-cerrito-de-los-morrenos\/\" \/>\n<meta property=\"og:locale\" content=\"fr_FR\" \/>\n<meta property=\"og:type\" content=\"article\" \/>\n<meta property=\"og:title\" content=\"Universidad de las Artes - \u201cManglares\u201d, exposici\u00f3n del docente de Cine Diego Falcon\u00ed que descubre la vida de los cangrejeros de Cerrito de los Morre\u00f1os\" \/>\n<meta property=\"og:description\" content=\"Universidad de las Artes - \u201cManglares\u201d, exposici\u00f3n del docente de Cine Diego Falcon\u00ed que descubre la vida de los cangrejeros de Cerrito de los Morre\u00f1os\" \/>\n<meta property=\"og:url\" content=\"https:\/\/www.uartes.edu.ec\/sitio\/fr\/blog\/2025\/04\/01\/manglares-muestra-del-docente-diego-falconi-que-descubre-vida-de-los-cangrejeros-de-cerrito-de-los-morrenos\/\" \/>\n<meta property=\"og:site_name\" content=\"Universidad de las Artes\" \/>\n<meta property=\"article:publisher\" content=\"https:\/\/www.facebook.com\/uartesec\" \/>\n<meta property=\"article:published_time\" content=\"2025-04-01T19:21:48+00:00\" \/>\n<meta property=\"article:modified_time\" content=\"2025-04-01T19:40:22+00:00\" \/>\n<meta property=\"og:image\" content=\"https:\/\/www.uartes.edu.ec\/sitio\/wp-content\/uploads\/2025\/04\/01-MANGLARES.jpg\" \/>\n\t<meta property=\"og:image:width\" content=\"2000\" \/>\n\t<meta property=\"og:image:height\" content=\"1333\" \/>\n\t<meta property=\"og:image:type\" content=\"image\/jpeg\" \/>\n<meta name=\"author\" content=\"ccortez\" \/>\n<meta name=\"twitter:card\" content=\"summary_large_image\" \/>\n<meta name=\"twitter:creator\" content=\"@uartesec\" \/>\n<meta name=\"twitter:site\" content=\"@uartesec\" \/>\n<meta name=\"twitter:label1\" content=\"\u00c9crit par\" \/>\n\t<meta name=\"twitter:data1\" content=\"ccortez\" \/>\n\t<meta name=\"twitter:label2\" content=\"Dur\u00e9e de lecture estim\u00e9e\" \/>\n\t<meta name=\"twitter:data2\" content=\"5 minutes\" \/>\n<script type=\"application\/ld+json\" class=\"yoast-schema-graph\">{\"@context\":\"https:\\\/\\\/schema.org\",\"@graph\":[{\"@type\":\"Article\",\"@id\":\"https:\\\/\\\/www.uartes.edu.ec\\\/sitio\\\/fr\\\/blog\\\/2025\\\/04\\\/01\\\/manglares-muestra-del-docente-diego-falconi-que-descubre-vida-de-los-cangrejeros-de-cerrito-de-los-morrenos\\\/#article\",\"isPartOf\":{\"@id\":\"https:\\\/\\\/www.uartes.edu.ec\\\/sitio\\\/fr\\\/blog\\\/2025\\\/04\\\/01\\\/manglares-muestra-del-docente-diego-falconi-que-descubre-vida-de-los-cangrejeros-de-cerrito-de-los-morrenos\\\/\"},\"author\":{\"name\":\"ccortez\",\"@id\":\"https:\\\/\\\/www.uartes.edu.ec\\\/sitio\\\/fr\\\/#\\\/schema\\\/person\\\/efa1b8275797664fd7f13a79ccc0b1f4\"},\"headline\":\"\u201cManglares\u201d, exposici\u00f3n del docente de Cine Diego Falcon\u00ed que descubre la vida de los cangrejeros de Cerrito de los Morre\u00f1os\",\"datePublished\":\"2025-04-01T19:21:48+00:00\",\"dateModified\":\"2025-04-01T19:40:22+00:00\",\"mainEntityOfPage\":{\"@id\":\"https:\\\/\\\/www.uartes.edu.ec\\\/sitio\\\/fr\\\/blog\\\/2025\\\/04\\\/01\\\/manglares-muestra-del-docente-diego-falconi-que-descubre-vida-de-los-cangrejeros-de-cerrito-de-los-morrenos\\\/\"},\"wordCount\":1027,\"commentCount\":0,\"publisher\":{\"@id\":\"https:\\\/\\\/www.uartes.edu.ec\\\/sitio\\\/fr\\\/#organization\"},\"image\":{\"@id\":\"https:\\\/\\\/www.uartes.edu.ec\\\/sitio\\\/fr\\\/blog\\\/2025\\\/04\\\/01\\\/manglares-muestra-del-docente-diego-falconi-que-descubre-vida-de-los-cangrejeros-de-cerrito-de-los-morrenos\\\/#primaryimage\"},\"thumbnailUrl\":\"https:\\\/\\\/www.uartes.edu.ec\\\/sitio\\\/wp-content\\\/uploads\\\/2025\\\/04\\\/01-MANGLARES.jpg\",\"keywords\":[\"proyecto\"],\"articleSection\":[\"Acad\u00e9mico\",\"Artes\",\"Cine\",\"Docentes\",\"Estudiantes\",\"Investigaci\u00f3n\"],\"inLanguage\":\"fr-FR\",\"potentialAction\":[{\"@type\":\"CommentAction\",\"name\":\"Comment\",\"target\":[\"https:\\\/\\\/www.uartes.edu.ec\\\/sitio\\\/fr\\\/blog\\\/2025\\\/04\\\/01\\\/manglares-muestra-del-docente-diego-falconi-que-descubre-vida-de-los-cangrejeros-de-cerrito-de-los-morrenos\\\/#respond\"]}]},{\"@type\":[\"WebPage\",\"ItemPage\"],\"@id\":\"https:\\\/\\\/www.uartes.edu.ec\\\/sitio\\\/fr\\\/blog\\\/2025\\\/04\\\/01\\\/manglares-muestra-del-docente-diego-falconi-que-descubre-vida-de-los-cangrejeros-de-cerrito-de-los-morrenos\\\/\",\"url\":\"https:\\\/\\\/www.uartes.edu.ec\\\/sitio\\\/fr\\\/blog\\\/2025\\\/04\\\/01\\\/manglares-muestra-del-docente-diego-falconi-que-descubre-vida-de-los-cangrejeros-de-cerrito-de-los-morrenos\\\/\",\"name\":\"Universidad de las Artes - \u201cManglares\u201d, exposici\u00f3n del docente de Cine Diego Falcon\u00ed que descubre la vida de los cangrejeros de Cerrito de los Morre\u00f1os\",\"isPartOf\":{\"@id\":\"https:\\\/\\\/www.uartes.edu.ec\\\/sitio\\\/fr\\\/#website\"},\"primaryImageOfPage\":{\"@id\":\"https:\\\/\\\/www.uartes.edu.ec\\\/sitio\\\/fr\\\/blog\\\/2025\\\/04\\\/01\\\/manglares-muestra-del-docente-diego-falconi-que-descubre-vida-de-los-cangrejeros-de-cerrito-de-los-morrenos\\\/#primaryimage\"},\"image\":{\"@id\":\"https:\\\/\\\/www.uartes.edu.ec\\\/sitio\\\/fr\\\/blog\\\/2025\\\/04\\\/01\\\/manglares-muestra-del-docente-diego-falconi-que-descubre-vida-de-los-cangrejeros-de-cerrito-de-los-morrenos\\\/#primaryimage\"},\"thumbnailUrl\":\"https:\\\/\\\/www.uartes.edu.ec\\\/sitio\\\/wp-content\\\/uploads\\\/2025\\\/04\\\/01-MANGLARES.jpg\",\"datePublished\":\"2025-04-01T19:21:48+00:00\",\"dateModified\":\"2025-04-01T19:40:22+00:00\",\"description\":\"Universidad de las Artes - \u201cManglares\u201d, exposici\u00f3n del docente de Cine Diego Falcon\u00ed que descubre la vida de los cangrejeros de Cerrito de los Morre\u00f1os\",\"breadcrumb\":{\"@id\":\"https:\\\/\\\/www.uartes.edu.ec\\\/sitio\\\/fr\\\/blog\\\/2025\\\/04\\\/01\\\/manglares-muestra-del-docente-diego-falconi-que-descubre-vida-de-los-cangrejeros-de-cerrito-de-los-morrenos\\\/#breadcrumb\"},\"inLanguage\":\"fr-FR\",\"potentialAction\":[{\"@type\":\"ReadAction\",\"target\":[\"https:\\\/\\\/www.uartes.edu.ec\\\/sitio\\\/fr\\\/blog\\\/2025\\\/04\\\/01\\\/manglares-muestra-del-docente-diego-falconi-que-descubre-vida-de-los-cangrejeros-de-cerrito-de-los-morrenos\\\/\"]}]},{\"@type\":\"ImageObject\",\"inLanguage\":\"fr-FR\",\"@id\":\"https:\\\/\\\/www.uartes.edu.ec\\\/sitio\\\/fr\\\/blog\\\/2025\\\/04\\\/01\\\/manglares-muestra-del-docente-diego-falconi-que-descubre-vida-de-los-cangrejeros-de-cerrito-de-los-morrenos\\\/#primaryimage\",\"url\":\"https:\\\/\\\/www.uartes.edu.ec\\\/sitio\\\/wp-content\\\/uploads\\\/2025\\\/04\\\/01-MANGLARES.jpg\",\"contentUrl\":\"https:\\\/\\\/www.uartes.edu.ec\\\/sitio\\\/wp-content\\\/uploads\\\/2025\\\/04\\\/01-MANGLARES.jpg\",\"width\":2000,\"height\":1333},{\"@type\":\"BreadcrumbList\",\"@id\":\"https:\\\/\\\/www.uartes.edu.ec\\\/sitio\\\/fr\\\/blog\\\/2025\\\/04\\\/01\\\/manglares-muestra-del-docente-diego-falconi-que-descubre-vida-de-los-cangrejeros-de-cerrito-de-los-morrenos\\\/#breadcrumb\",\"itemListElement\":[{\"@type\":\"ListItem\",\"position\":1,\"name\":\"Inicio\",\"item\":\"https:\\\/\\\/www.uartes.edu.ec\\\/sitio\\\/\"},{\"@type\":\"ListItem\",\"position\":2,\"name\":\"\u201cManglares\u201d, exposici\u00f3n del docente de Cine Diego Falcon\u00ed que descubre la vida de los cangrejeros de Cerrito de los Morre\u00f1os\"}]},{\"@type\":\"WebSite\",\"@id\":\"https:\\\/\\\/www.uartes.edu.ec\\\/sitio\\\/fr\\\/#website\",\"url\":\"https:\\\/\\\/www.uartes.edu.ec\\\/sitio\\\/fr\\\/\",\"name\":\"Universidad de las Artes\",\"description\":\"Sitio oficial de la Universidad Nacional de las Artes del Ecuador\",\"publisher\":{\"@id\":\"https:\\\/\\\/www.uartes.edu.ec\\\/sitio\\\/fr\\\/#organization\"},\"potentialAction\":[{\"@type\":\"SearchAction\",\"target\":{\"@type\":\"EntryPoint\",\"urlTemplate\":\"https:\\\/\\\/www.uartes.edu.ec\\\/sitio\\\/fr\\\/?s={search_term_string}\"},\"query-input\":{\"@type\":\"PropertyValueSpecification\",\"valueRequired\":true,\"valueName\":\"search_term_string\"}}],\"inLanguage\":\"fr-FR\"},{\"@type\":\"Organization\",\"@id\":\"https:\\\/\\\/www.uartes.edu.ec\\\/sitio\\\/fr\\\/#organization\",\"name\":\"Universidad de las Artes\",\"url\":\"https:\\\/\\\/www.uartes.edu.ec\\\/sitio\\\/fr\\\/\",\"logo\":{\"@type\":\"ImageObject\",\"inLanguage\":\"fr-FR\",\"@id\":\"https:\\\/\\\/www.uartes.edu.ec\\\/sitio\\\/fr\\\/#\\\/schema\\\/logo\\\/image\\\/\",\"url\":\"https:\\\/\\\/www.uartes.edu.ec\\\/sitio\\\/wp-content\\\/uploads\\\/2022\\\/07\\\/logo-ua-horizontal.png\",\"contentUrl\":\"https:\\\/\\\/www.uartes.edu.ec\\\/sitio\\\/wp-content\\\/uploads\\\/2022\\\/07\\\/logo-ua-horizontal.png\",\"width\":800,\"height\":276,\"caption\":\"Universidad de las Artes\"},\"image\":{\"@id\":\"https:\\\/\\\/www.uartes.edu.ec\\\/sitio\\\/fr\\\/#\\\/schema\\\/logo\\\/image\\\/\"},\"sameAs\":[\"https:\\\/\\\/www.facebook.com\\\/uartesec\",\"https:\\\/\\\/x.com\\\/uartesec\",\"https:\\\/\\\/www.tiktok.com\\\/@uartesec\"]},{\"@type\":\"Person\",\"@id\":\"https:\\\/\\\/www.uartes.edu.ec\\\/sitio\\\/fr\\\/#\\\/schema\\\/person\\\/efa1b8275797664fd7f13a79ccc0b1f4\",\"name\":\"ccortez\",\"image\":{\"@type\":\"ImageObject\",\"inLanguage\":\"fr-FR\",\"@id\":\"https:\\\/\\\/secure.gravatar.com\\\/avatar\\\/b2a6f664a3ae8e074346ef91775736c5ec479e637ecced6842de9dc98b5da9cd?s=96&d=mm&r=g\",\"url\":\"https:\\\/\\\/secure.gravatar.com\\\/avatar\\\/b2a6f664a3ae8e074346ef91775736c5ec479e637ecced6842de9dc98b5da9cd?s=96&d=mm&r=g\",\"contentUrl\":\"https:\\\/\\\/secure.gravatar.com\\\/avatar\\\/b2a6f664a3ae8e074346ef91775736c5ec479e637ecced6842de9dc98b5da9cd?s=96&d=mm&r=g\",\"caption\":\"ccortez\"},\"url\":\"https:\\\/\\\/www.uartes.edu.ec\\\/sitio\\\/fr\\\/blog\\\/author\\\/ccortez\\\/\"}]}<\/script>\n<!-- \/ Yoast SEO plugin. -->","yoast_head_json":{"title":"Universidad de las Artes - \u201cManglares\u201d, exposici\u00f3n del docente de Cine Diego Falcon\u00ed que descubre la vida de los cangrejeros de Cerrito de los Morre\u00f1os","description":"Universidad de las Artes - \u201cManglares\u201d, exposici\u00f3n del docente de Cine Diego Falcon\u00ed que descubre la vida de los cangrejeros de Cerrito de los Morre\u00f1os","robots":{"index":"index","follow":"follow","max-snippet":"max-snippet:-1","max-image-preview":"max-image-preview:large","max-video-preview":"max-video-preview:-1"},"canonical":"https:\/\/www.uartes.edu.ec\/sitio\/fr\/blog\/2025\/04\/01\/manglares-muestra-del-docente-diego-falconi-que-descubre-vida-de-los-cangrejeros-de-cerrito-de-los-morrenos\/","og_locale":"fr_FR","og_type":"article","og_title":"Universidad de las Artes - \u201cManglares\u201d, exposici\u00f3n del docente de Cine Diego Falcon\u00ed que descubre la vida de los cangrejeros de Cerrito de los Morre\u00f1os","og_description":"Universidad de las Artes - \u201cManglares\u201d, exposici\u00f3n del docente de Cine Diego Falcon\u00ed que descubre la vida de los cangrejeros de Cerrito de los Morre\u00f1os","og_url":"https:\/\/www.uartes.edu.ec\/sitio\/fr\/blog\/2025\/04\/01\/manglares-muestra-del-docente-diego-falconi-que-descubre-vida-de-los-cangrejeros-de-cerrito-de-los-morrenos\/","og_site_name":"Universidad de las Artes","article_publisher":"https:\/\/www.facebook.com\/uartesec","article_published_time":"2025-04-01T19:21:48+00:00","article_modified_time":"2025-04-01T19:40:22+00:00","og_image":[{"width":2000,"height":1333,"url":"https:\/\/www.uartes.edu.ec\/sitio\/wp-content\/uploads\/2025\/04\/01-MANGLARES.jpg","type":"image\/jpeg"}],"author":"ccortez","twitter_card":"summary_large_image","twitter_creator":"@uartesec","twitter_site":"@uartesec","twitter_misc":{"\u00c9crit par":"ccortez","Dur\u00e9e de lecture estim\u00e9e":"5 minutes"},"schema":{"@context":"https:\/\/schema.org","@graph":[{"@type":"Article","@id":"https:\/\/www.uartes.edu.ec\/sitio\/fr\/blog\/2025\/04\/01\/manglares-muestra-del-docente-diego-falconi-que-descubre-vida-de-los-cangrejeros-de-cerrito-de-los-morrenos\/#article","isPartOf":{"@id":"https:\/\/www.uartes.edu.ec\/sitio\/fr\/blog\/2025\/04\/01\/manglares-muestra-del-docente-diego-falconi-que-descubre-vida-de-los-cangrejeros-de-cerrito-de-los-morrenos\/"},"author":{"name":"ccortez","@id":"https:\/\/www.uartes.edu.ec\/sitio\/fr\/#\/schema\/person\/efa1b8275797664fd7f13a79ccc0b1f4"},"headline":"\u201cManglares\u201d, exposici\u00f3n del docente de Cine Diego Falcon\u00ed que descubre la vida de los cangrejeros de Cerrito de los Morre\u00f1os","datePublished":"2025-04-01T19:21:48+00:00","dateModified":"2025-04-01T19:40:22+00:00","mainEntityOfPage":{"@id":"https:\/\/www.uartes.edu.ec\/sitio\/fr\/blog\/2025\/04\/01\/manglares-muestra-del-docente-diego-falconi-que-descubre-vida-de-los-cangrejeros-de-cerrito-de-los-morrenos\/"},"wordCount":1027,"commentCount":0,"publisher":{"@id":"https:\/\/www.uartes.edu.ec\/sitio\/fr\/#organization"},"image":{"@id":"https:\/\/www.uartes.edu.ec\/sitio\/fr\/blog\/2025\/04\/01\/manglares-muestra-del-docente-diego-falconi-que-descubre-vida-de-los-cangrejeros-de-cerrito-de-los-morrenos\/#primaryimage"},"thumbnailUrl":"https:\/\/www.uartes.edu.ec\/sitio\/wp-content\/uploads\/2025\/04\/01-MANGLARES.jpg","keywords":["proyecto"],"articleSection":["Acad\u00e9mico","Artes","Cine","Docentes","Estudiantes","Investigaci\u00f3n"],"inLanguage":"fr-FR","potentialAction":[{"@type":"CommentAction","name":"Comment","target":["https:\/\/www.uartes.edu.ec\/sitio\/fr\/blog\/2025\/04\/01\/manglares-muestra-del-docente-diego-falconi-que-descubre-vida-de-los-cangrejeros-de-cerrito-de-los-morrenos\/#respond"]}]},{"@type":["WebPage","ItemPage"],"@id":"https:\/\/www.uartes.edu.ec\/sitio\/fr\/blog\/2025\/04\/01\/manglares-muestra-del-docente-diego-falconi-que-descubre-vida-de-los-cangrejeros-de-cerrito-de-los-morrenos\/","url":"https:\/\/www.uartes.edu.ec\/sitio\/fr\/blog\/2025\/04\/01\/manglares-muestra-del-docente-diego-falconi-que-descubre-vida-de-los-cangrejeros-de-cerrito-de-los-morrenos\/","name":"Universidad de las Artes - \u201cManglares\u201d, exposici\u00f3n del docente de Cine Diego Falcon\u00ed que descubre la vida de los cangrejeros de Cerrito de los Morre\u00f1os","isPartOf":{"@id":"https:\/\/www.uartes.edu.ec\/sitio\/fr\/#website"},"primaryImageOfPage":{"@id":"https:\/\/www.uartes.edu.ec\/sitio\/fr\/blog\/2025\/04\/01\/manglares-muestra-del-docente-diego-falconi-que-descubre-vida-de-los-cangrejeros-de-cerrito-de-los-morrenos\/#primaryimage"},"image":{"@id":"https:\/\/www.uartes.edu.ec\/sitio\/fr\/blog\/2025\/04\/01\/manglares-muestra-del-docente-diego-falconi-que-descubre-vida-de-los-cangrejeros-de-cerrito-de-los-morrenos\/#primaryimage"},"thumbnailUrl":"https:\/\/www.uartes.edu.ec\/sitio\/wp-content\/uploads\/2025\/04\/01-MANGLARES.jpg","datePublished":"2025-04-01T19:21:48+00:00","dateModified":"2025-04-01T19:40:22+00:00","description":"Universidad de las Artes - \u201cManglares\u201d, exposici\u00f3n del docente de Cine Diego Falcon\u00ed que descubre la vida de los cangrejeros de Cerrito de los Morre\u00f1os","breadcrumb":{"@id":"https:\/\/www.uartes.edu.ec\/sitio\/fr\/blog\/2025\/04\/01\/manglares-muestra-del-docente-diego-falconi-que-descubre-vida-de-los-cangrejeros-de-cerrito-de-los-morrenos\/#breadcrumb"},"inLanguage":"fr-FR","potentialAction":[{"@type":"ReadAction","target":["https:\/\/www.uartes.edu.ec\/sitio\/fr\/blog\/2025\/04\/01\/manglares-muestra-del-docente-diego-falconi-que-descubre-vida-de-los-cangrejeros-de-cerrito-de-los-morrenos\/"]}]},{"@type":"ImageObject","inLanguage":"fr-FR","@id":"https:\/\/www.uartes.edu.ec\/sitio\/fr\/blog\/2025\/04\/01\/manglares-muestra-del-docente-diego-falconi-que-descubre-vida-de-los-cangrejeros-de-cerrito-de-los-morrenos\/#primaryimage","url":"https:\/\/www.uartes.edu.ec\/sitio\/wp-content\/uploads\/2025\/04\/01-MANGLARES.jpg","contentUrl":"https:\/\/www.uartes.edu.ec\/sitio\/wp-content\/uploads\/2025\/04\/01-MANGLARES.jpg","width":2000,"height":1333},{"@type":"BreadcrumbList","@id":"https:\/\/www.uartes.edu.ec\/sitio\/fr\/blog\/2025\/04\/01\/manglares-muestra-del-docente-diego-falconi-que-descubre-vida-de-los-cangrejeros-de-cerrito-de-los-morrenos\/#breadcrumb","itemListElement":[{"@type":"ListItem","position":1,"name":"Inicio","item":"https:\/\/www.uartes.edu.ec\/sitio\/"},{"@type":"ListItem","position":2,"name":"\u201cManglares\u201d, exposici\u00f3n del docente de Cine Diego Falcon\u00ed que descubre la vida de los cangrejeros de Cerrito de los Morre\u00f1os"}]},{"@type":"WebSite","@id":"https:\/\/www.uartes.edu.ec\/sitio\/fr\/#website","url":"https:\/\/www.uartes.edu.ec\/sitio\/fr\/","name":"Universidad de las Artes","description":"Sitio oficial de la Universidad Nacional de las Artes del Ecuador","publisher":{"@id":"https:\/\/www.uartes.edu.ec\/sitio\/fr\/#organization"},"potentialAction":[{"@type":"SearchAction","target":{"@type":"EntryPoint","urlTemplate":"https:\/\/www.uartes.edu.ec\/sitio\/fr\/?s={search_term_string}"},"query-input":{"@type":"PropertyValueSpecification","valueRequired":true,"valueName":"search_term_string"}}],"inLanguage":"fr-FR"},{"@type":"Organization","@id":"https:\/\/www.uartes.edu.ec\/sitio\/fr\/#organization","name":"Universidad de las Artes","url":"https:\/\/www.uartes.edu.ec\/sitio\/fr\/","logo":{"@type":"ImageObject","inLanguage":"fr-FR","@id":"https:\/\/www.uartes.edu.ec\/sitio\/fr\/#\/schema\/logo\/image\/","url":"https:\/\/www.uartes.edu.ec\/sitio\/wp-content\/uploads\/2022\/07\/logo-ua-horizontal.png","contentUrl":"https:\/\/www.uartes.edu.ec\/sitio\/wp-content\/uploads\/2022\/07\/logo-ua-horizontal.png","width":800,"height":276,"caption":"Universidad de las Artes"},"image":{"@id":"https:\/\/www.uartes.edu.ec\/sitio\/fr\/#\/schema\/logo\/image\/"},"sameAs":["https:\/\/www.facebook.com\/uartesec","https:\/\/x.com\/uartesec","https:\/\/www.tiktok.com\/@uartesec"]},{"@type":"Person","@id":"https:\/\/www.uartes.edu.ec\/sitio\/fr\/#\/schema\/person\/efa1b8275797664fd7f13a79ccc0b1f4","name":"ccortez","image":{"@type":"ImageObject","inLanguage":"fr-FR","@id":"https:\/\/secure.gravatar.com\/avatar\/b2a6f664a3ae8e074346ef91775736c5ec479e637ecced6842de9dc98b5da9cd?s=96&d=mm&r=g","url":"https:\/\/secure.gravatar.com\/avatar\/b2a6f664a3ae8e074346ef91775736c5ec479e637ecced6842de9dc98b5da9cd?s=96&d=mm&r=g","contentUrl":"https:\/\/secure.gravatar.com\/avatar\/b2a6f664a3ae8e074346ef91775736c5ec479e637ecced6842de9dc98b5da9cd?s=96&d=mm&r=g","caption":"ccortez"},"url":"https:\/\/www.uartes.edu.ec\/sitio\/fr\/blog\/author\/ccortez\/"}]}},"uagb_featured_image_src":{"full":["https:\/\/www.uartes.edu.ec\/sitio\/wp-content\/uploads\/2025\/04\/01-MANGLARES.jpg",2000,1333,false],"thumbnail":["https:\/\/www.uartes.edu.ec\/sitio\/wp-content\/uploads\/2025\/04\/01-MANGLARES-150x150.jpg",150,150,true],"medium":["https:\/\/www.uartes.edu.ec\/sitio\/wp-content\/uploads\/2025\/04\/01-MANGLARES-300x200.jpg",300,200,true],"medium_large":["https:\/\/www.uartes.edu.ec\/sitio\/wp-content\/uploads\/2025\/04\/01-MANGLARES-768x512.jpg",768,512,true],"large":["https:\/\/www.uartes.edu.ec\/sitio\/wp-content\/uploads\/2025\/04\/01-MANGLARES-644x429.jpg",644,429,true],"1536x1536":["https:\/\/www.uartes.edu.ec\/sitio\/wp-content\/uploads\/2025\/04\/01-MANGLARES-1536x1024.jpg",1536,1024,true],"2048x2048":["https:\/\/www.uartes.edu.ec\/sitio\/wp-content\/uploads\/2025\/04\/01-MANGLARES.jpg",2000,1333,false],"trp-custom-language-flag":["https:\/\/www.uartes.edu.ec\/sitio\/wp-content\/uploads\/2025\/04\/01-MANGLARES-18x12.jpg",18,12,true],"htmega_size_585x295":["https:\/\/www.uartes.edu.ec\/sitio\/wp-content\/uploads\/2025\/04\/01-MANGLARES-585x295.jpg",585,295,true],"htmega_size_1170x536":["https:\/\/www.uartes.edu.ec\/sitio\/wp-content\/uploads\/2025\/04\/01-MANGLARES-1170x536.jpg",1170,536,true],"htmega_size_396x360":["https:\/\/www.uartes.edu.ec\/sitio\/wp-content\/uploads\/2025\/04\/01-MANGLARES-396x360.jpg",396,360,true],"gb-block-post-grid-landscape":["https:\/\/www.uartes.edu.ec\/sitio\/wp-content\/uploads\/2025\/04\/01-MANGLARES-600x400.jpg",600,400,true],"gb-block-post-grid-square":["https:\/\/www.uartes.edu.ec\/sitio\/wp-content\/uploads\/2025\/04\/01-MANGLARES-600x600.jpg",600,600,true],"university-hub-thumb":["https:\/\/www.uartes.edu.ec\/sitio\/wp-content\/uploads\/2025\/04\/01-MANGLARES-400x267.jpg",400,267,true]},"uagb_author_info":{"display_name":"ccortez","author_link":"https:\/\/www.uartes.edu.ec\/sitio\/fr\/blog\/author\/ccortez\/"},"uagb_comment_info":0,"uagb_excerpt":"En Cuenca, en la Sala Proceso de la Casa de la Cultura N\u00facleo del Azuay, se inaugura este mi\u00e9rcoles 2 de abril la muestra \u201cManglares\u201d del docente Diego Falcon\u00ed. El producto art\u00edstico resulta del proyecto \u201cAtlas: Laboratorio de creaci\u00f3n e investigaci\u00f3n cinematogr\u00e1fica\u201d, desarrollado por profesores y estudiantes de la UArtes. Constan fotograf\u00edas in\u00e9ditas tomadas en\u2026","featured_image_src":"https:\/\/www.uartes.edu.ec\/sitio\/wp-content\/uploads\/2025\/04\/01-MANGLARES-600x400.jpg","featured_image_src_square":"https:\/\/www.uartes.edu.ec\/sitio\/wp-content\/uploads\/2025\/04\/01-MANGLARES-600x600.jpg","author_info":{"display_name":"ccortez","author_link":"https:\/\/www.uartes.edu.ec\/sitio\/fr\/blog\/author\/ccortez\/"},"publishpress_future_workflow_manual_trigger":{"enabledWorkflows":[]},"distributor_meta":false,"distributor_terms":false,"distributor_media":false,"distributor_original_site_name":"Universidad de las Artes","distributor_original_site_url":"https:\/\/www.uartes.edu.ec\/sitio\/fr","push-errors":false,"_links":{"self":[{"href":"https:\/\/www.uartes.edu.ec\/sitio\/fr\/wp-json\/wp\/v2\/posts\/70119","targetHints":{"allow":["GET"]}}],"collection":[{"href":"https:\/\/www.uartes.edu.ec\/sitio\/fr\/wp-json\/wp\/v2\/posts"}],"about":[{"href":"https:\/\/www.uartes.edu.ec\/sitio\/fr\/wp-json\/wp\/v2\/types\/post"}],"author":[{"embeddable":true,"href":"https:\/\/www.uartes.edu.ec\/sitio\/fr\/wp-json\/wp\/v2\/users\/10"}],"replies":[{"embeddable":true,"href":"https:\/\/www.uartes.edu.ec\/sitio\/fr\/wp-json\/wp\/v2\/comments?post=70119"}],"version-history":[{"count":7,"href":"https:\/\/www.uartes.edu.ec\/sitio\/fr\/wp-json\/wp\/v2\/posts\/70119\/revisions"}],"predecessor-version":[{"id":70150,"href":"https:\/\/www.uartes.edu.ec\/sitio\/fr\/wp-json\/wp\/v2\/posts\/70119\/revisions\/70150"}],"wp:featuredmedia":[{"embeddable":true,"href":"https:\/\/www.uartes.edu.ec\/sitio\/fr\/wp-json\/wp\/v2\/media\/70120"}],"wp:attachment":[{"href":"https:\/\/www.uartes.edu.ec\/sitio\/fr\/wp-json\/wp\/v2\/media?parent=70119"}],"wp:term":[{"taxonomy":"category","embeddable":true,"href":"https:\/\/www.uartes.edu.ec\/sitio\/fr\/wp-json\/wp\/v2\/categories?post=70119"},{"taxonomy":"post_tag","embeddable":true,"href":"https:\/\/www.uartes.edu.ec\/sitio\/fr\/wp-json\/wp\/v2\/tags?post=70119"},{"taxonomy":"infouartes","embeddable":true,"href":"https:\/\/www.uartes.edu.ec\/sitio\/fr\/wp-json\/wp\/v2\/infouartes?post=70119"}],"curies":[{"name":"wp","href":"https:\/\/api.w.org\/{rel}","templated":true}]}}