{"id":70198,"date":"2025-04-03T19:05:00","date_gmt":"2025-04-04T00:05:00","guid":{"rendered":"https:\/\/www.uartes.edu.ec\/sitio\/?p=70198"},"modified":"2025-04-07T18:21:37","modified_gmt":"2025-04-07T23:21:37","slug":"escuela-de-artes-sonoras-dio-la-bienvenida-a-sus-estudiantes-al-semestre-a-2025","status":"publish","type":"post","link":"https:\/\/www.uartes.edu.ec\/sitio\/fr\/blog\/2025\/04\/03\/escuela-de-artes-sonoras-dio-la-bienvenida-a-sus-estudiantes-al-semestre-a-2025\/","title":{"rendered":"Escuela de Artes Sonoras dio la bienvenida a sus estudiantes al Semestre A 2025"},"content":{"rendered":"\n<p>Audiovisuales con testimonios de estudiantes de las carreras de pregrado de Producci\u00f3n Musical y Artes Musicales marcaron el inicio de la bienvenida que la Escuela de Artes Sonoras (EAS) dio a sus alumnos, quienes no solo recibieron abundante informaci\u00f3n de lo que se desarrollar\u00eda a lo largo del presente semestre y a\u00f1o en curso, sino que fueron motivados a mantener un permanente contacto con la direcci\u00f3n, los docentes, coordinadores, consejeros y tutores, y expresar sus inquietudes con la certeza de que ser\u00e1n escuchados y atendidos.&nbsp;<\/p>\n\n\n\n<p>El recibimiento EAS al Semestre A 2025, iniciado este lunes 31 de marzo, tuvo lugar hoy, jueves 3 de abril, en la Sala de Cine del MZ14 Centro de Producci\u00f3n e Innovaci\u00f3n UArtes. En su intervenci\u00f3n, Javier Ocampo, director de la escuela, plante\u00f3 cuestionamientos reflexivos en torno a la preparaci\u00f3n acad\u00e9mica y la visi\u00f3n a futuro de los estudiantes tras obtener la licenciatura. \u00bfQu\u00e9 vamos a hacer, cu\u00e1les son nuestros proyectos y c\u00f3mo los cumpliremos, cu\u00e1les son las decisiones de vida que tomaremos? (\u2026) Desde esa perspectiva quer\u00edamos todo el equipo primero saludarlos y decirles que estamos atentos a sus inquietudes, que queremos escucharlos y conocerlos, dijo.<\/p>\n\n\n\n<p>Junto con Ocampo estuvieron las coordinadoras de Producci\u00f3n Musical y Artes Musicales, Ivonne Jerez y Bernarda Ubidia; los docentes a cargo del Departamento de Producci\u00f3n T\u00e9cnica de Audio, Dar\u00edo Buitr\u00f3n y Carlos Mej\u00eda; de los espacios de la EAS en el MZ14, Dario D\u00e1valos; la analista de direcci\u00f3n, Denisse Lalama; y de los laboratorios, Camila Guerrero, adem\u00e1s de docentes y estudiantes en PPP integrando el equipo que produjo la cita. &nbsp;<\/p>\n\n\n<div class=\"wp-block-image\">\n<figure class=\"aligncenter size-large\"><img fetchpriority=\"high\" decoding=\"async\" width=\"644\" height=\"483\" src=\"https:\/\/www.uartes.edu.ec\/sitio\/wp-content\/uploads\/2025\/04\/EAS-1-644x483.jpg\" alt=\"\" class=\"wp-image-70204\" srcset=\"https:\/\/www.uartes.edu.ec\/sitio\/wp-content\/uploads\/2025\/04\/EAS-1-644x483.jpg 644w, https:\/\/www.uartes.edu.ec\/sitio\/wp-content\/uploads\/2025\/04\/EAS-1-300x225.jpg 300w, https:\/\/www.uartes.edu.ec\/sitio\/wp-content\/uploads\/2025\/04\/EAS-1-768x576.jpg 768w, https:\/\/www.uartes.edu.ec\/sitio\/wp-content\/uploads\/2025\/04\/EAS-1-1536x1152.jpg 1536w, https:\/\/www.uartes.edu.ec\/sitio\/wp-content\/uploads\/2025\/04\/EAS-1-16x12.jpg 16w, https:\/\/www.uartes.edu.ec\/sitio\/wp-content\/uploads\/2025\/04\/EAS-1-400x300.jpg 400w, https:\/\/www.uartes.edu.ec\/sitio\/wp-content\/uploads\/2025\/04\/EAS-1.jpg 1777w\" sizes=\"(max-width: 644px) 100vw, 644px\" \/><\/figure>\n<\/div>\n\n\n<p>Ocampo les cont\u00f3 que es saxofonista y est\u00e1 desde julio pasado en la direcci\u00f3n de la escuela, rol que antes desempe\u00f1\u00f3 Andrey Astaiza. Adelant\u00f3 que en este 2025, la EAS no tendr\u00e1 los eventos hito desarrollados en a\u00f1os anteriores por temas de presupuesto: CASE, Piano ma non solo y Universos Sonoros. La Minga Multimedia de Arte y Tecnolog\u00eda (mMAT) se realizar\u00e1 en distintos momentos gracias a un acuerdo interinstitucional en el que intervienen universidades externas y se mantendr\u00e1n, asimismo, los Jueves EAS.<\/p>\n\n\n\n<p>La Escuela de Artes Sonoras tendr\u00e1 sus actividades hito dentro de Inter[\u2022]actos, los Encuentros P\u00fablicos de Artes que tuvieron su primera edici\u00f3n en 2016 y realiz\u00f3 hasta 2019, y que en este 2025 se los retoma. Para la propuesta, la EAS ha planteando cuatro l\u00edneas: m\u00fasicas acad\u00e9micas ecuatorianas, hip hop urbanas, m\u00fasicas de fusi\u00f3n tambi\u00e9n ecuatorianas y los ensambles. \u201cY el ejercicio que vamos a hacer es que todos realicen pr\u00e1cticas colectivas\u201d, anot\u00f3 Ocampo.<\/p>\n\n\n\n<p>Se refiri\u00f3 tambi\u00e9n al trabajo de cooperaci\u00f3n con varias instituciones de educaci\u00f3n superior, como las universidades de Cuenca y Esp\u00edritu Santo, y otras internacionales. Habl\u00f3 de talleres, de tem\u00e1ticas de m\u00fasicas del otro lado del mundo, como de China, y del gamel\u00e1n, instrumento tradicional de Indonesia que por convenio con la embajada de ese pa\u00eds asi\u00e1tico est\u00e1 en la UArtes, en la Sala de Etnomusicolog\u00eda del MZ14.<\/p>\n\n\n<div class=\"wp-block-image\">\n<figure class=\"aligncenter size-large\"><img decoding=\"async\" width=\"644\" height=\"429\" src=\"https:\/\/www.uartes.edu.ec\/sitio\/wp-content\/uploads\/2025\/04\/04-BIENVENIDAS-ESTUDIANTES-EAS-DOCENTES-644x429.jpg\" alt=\"\" class=\"wp-image-70200\" srcset=\"https:\/\/www.uartes.edu.ec\/sitio\/wp-content\/uploads\/2025\/04\/04-BIENVENIDAS-ESTUDIANTES-EAS-DOCENTES-644x429.jpg 644w, https:\/\/www.uartes.edu.ec\/sitio\/wp-content\/uploads\/2025\/04\/04-BIENVENIDAS-ESTUDIANTES-EAS-DOCENTES-300x200.jpg 300w, https:\/\/www.uartes.edu.ec\/sitio\/wp-content\/uploads\/2025\/04\/04-BIENVENIDAS-ESTUDIANTES-EAS-DOCENTES-768x512.jpg 768w, https:\/\/www.uartes.edu.ec\/sitio\/wp-content\/uploads\/2025\/04\/04-BIENVENIDAS-ESTUDIANTES-EAS-DOCENTES-1536x1024.jpg 1536w, https:\/\/www.uartes.edu.ec\/sitio\/wp-content\/uploads\/2025\/04\/04-BIENVENIDAS-ESTUDIANTES-EAS-DOCENTES-18x12.jpg 18w, https:\/\/www.uartes.edu.ec\/sitio\/wp-content\/uploads\/2025\/04\/04-BIENVENIDAS-ESTUDIANTES-EAS-DOCENTES-600x400.jpg 600w, https:\/\/www.uartes.edu.ec\/sitio\/wp-content\/uploads\/2025\/04\/04-BIENVENIDAS-ESTUDIANTES-EAS-DOCENTES-400x267.jpg 400w, https:\/\/www.uartes.edu.ec\/sitio\/wp-content\/uploads\/2025\/04\/04-BIENVENIDAS-ESTUDIANTES-EAS-DOCENTES.jpg 2000w\" sizes=\"(max-width: 644px) 100vw, 644px\" \/><\/figure>\n<\/div>\n\n\n<p>Bernarda Ubidia reiter\u00f3 la predisposici\u00f3n expuesta por Ocampo para atenderlos y dio cuenta del trabajo de las coordinaciones de la escuela, en su caso de Producci\u00f3n Musical. Es un puente entre estudiantes y docentes y otras instancias, como las secretar\u00edas Acad\u00e9mica y de Bienestar Universitario. \u00bfQu\u00e9 temas pueden hablar con nosotros?, pregunt\u00f3 y enumer\u00f3: acad\u00e9micos, de cupo, horarios, paralelos, cambios. \u201cEstamos tambi\u00e9n para atender cosas personales. Si tienen, por ejemplo, alg\u00fan incidente con un docente, no duden en acercarse a conversarlo; vamos a solucionar los problemas que pudieran tener\u201d.<\/p>\n\n\n\n<p>Les pidi\u00f3 unir esfuerzos para la realizaci\u00f3n de Inter[\u2022]actos y revel\u00f3 que, para que todos puedan acudir y participar, la clase se trasladar\u00e1 a los eventos que lo componen para todos estar en esta gran fiesta universitaria. Ubidia les record\u00f3 hacer las Pr\u00e1cticas PreProfesionales con tiempo, pues pueden desarrollarlas desde primer semestre \u2013para lo cual se lanzan varias convocatorias de los estudios de grabaci\u00f3n, producci\u00f3n t\u00e9cnica de audio, laboratorios\u2013, as\u00ed como las horas de idiomas.&nbsp;<\/p>\n\n\n\n<p>Ivonne Jerez comparti\u00f3 con los alumnos que lleva cuatro a\u00f1os como docente en la UArtes y que asumi\u00f3 la coordinaci\u00f3n de Artes Musicales como un reto que la emociona, pues le permite conocer la otra carrera de la EAS. Antes estuvo el docente Fredy Vallejo, a quien reconoci\u00f3 el trabajo desempe\u00f1ado, del cual ahora entiende su complejidad.<\/p>\n\n\n<div class=\"wp-block-image\">\n<figure class=\"aligncenter size-large\"><img decoding=\"async\" width=\"644\" height=\"429\" src=\"https:\/\/www.uartes.edu.ec\/sitio\/wp-content\/uploads\/2025\/04\/03-BIENVENIDAS-ESTUDIANTES-EAS-DOCENTES-644x429.jpg\" alt=\"\" class=\"wp-image-70201\" srcset=\"https:\/\/www.uartes.edu.ec\/sitio\/wp-content\/uploads\/2025\/04\/03-BIENVENIDAS-ESTUDIANTES-EAS-DOCENTES-644x429.jpg 644w, https:\/\/www.uartes.edu.ec\/sitio\/wp-content\/uploads\/2025\/04\/03-BIENVENIDAS-ESTUDIANTES-EAS-DOCENTES-300x200.jpg 300w, https:\/\/www.uartes.edu.ec\/sitio\/wp-content\/uploads\/2025\/04\/03-BIENVENIDAS-ESTUDIANTES-EAS-DOCENTES-768x512.jpg 768w, https:\/\/www.uartes.edu.ec\/sitio\/wp-content\/uploads\/2025\/04\/03-BIENVENIDAS-ESTUDIANTES-EAS-DOCENTES-1536x1024.jpg 1536w, https:\/\/www.uartes.edu.ec\/sitio\/wp-content\/uploads\/2025\/04\/03-BIENVENIDAS-ESTUDIANTES-EAS-DOCENTES-18x12.jpg 18w, https:\/\/www.uartes.edu.ec\/sitio\/wp-content\/uploads\/2025\/04\/03-BIENVENIDAS-ESTUDIANTES-EAS-DOCENTES-600x400.jpg 600w, https:\/\/www.uartes.edu.ec\/sitio\/wp-content\/uploads\/2025\/04\/03-BIENVENIDAS-ESTUDIANTES-EAS-DOCENTES-400x267.jpg 400w, https:\/\/www.uartes.edu.ec\/sitio\/wp-content\/uploads\/2025\/04\/03-BIENVENIDAS-ESTUDIANTES-EAS-DOCENTES.jpg 2000w\" sizes=\"(max-width: 644px) 100vw, 644px\" \/><\/figure>\n<\/div>\n\n\n<p>Jerez anot\u00f3 ser productora musical y haber dado clases en ese \u00e1mbito, de all\u00ed que pidi\u00f3 le tuvieran paciencia en su desaf\u00edo en la coordinaci\u00f3n. Coment\u00f3, adem\u00e1s, de cambios en los ensambles, cuyas audiciones ser\u00e1n entre las semanas 10 y 12 del presente periodo acad\u00e9mico. Ocampo abon\u00f3 que el prop\u00f3sito es promover la alta calidad de los mismos. \u201cQue los objetivos est\u00e1n claros para entender y generar en ustedes la responsabilidad necesaria\u201d.<\/p>\n\n\n\n<p>La idea es tambi\u00e9n que los ensambles sean tanto para Artes Musicales como para Producci\u00f3n Musical y que todos puedan ser parte de ese ejercicio, concluy\u00f3 Ocampo y convoc\u00f3 a Denisse Lalama, analista de la direcci\u00f3n de la EAS, artista y alumnus, quien dijo a los estudiantes estar presta para atender sus requerimientos.<\/p>\n\n\n\n<p>Carlos Mej\u00eda explic\u00f3 que, como analista de log\u00edstica y eventos, est\u00e1 a cargo de las reservas de espacios junto con Camila Guerrero; en su caso del edificio de la Gobernaci\u00f3n y Guerrero, del T\u00e1bara. A\u00f1adi\u00f3 que en las cabinas y salas de ensayo hay c\u00f3digos QR que al escanearlos con el celular llevan a una p\u00e1gina donde verificar los sitios en menci\u00f3n, llenar un formulario y enviarlo al correo reservas.eas@uartes.edu.ec \u201cPresencialmente tambi\u00e9n pueden solicitar los espacios, equipos e instrumentos: guitarras ac\u00fasticas, el\u00e9ctricas, bajo, interfaces, aud\u00edfonos, cables. La atenci\u00f3n es de 09:00 a 11:00 y de 14:00 a 16:00. Tenemos, asimismo, la cabina 3 de producci\u00f3n para hacer las mezclas edici\u00f3n de audio\u201d.<\/p>\n\n\n<div class=\"wp-block-image\">\n<figure class=\"aligncenter size-large\"><img loading=\"lazy\" decoding=\"async\" width=\"644\" height=\"429\" src=\"https:\/\/www.uartes.edu.ec\/sitio\/wp-content\/uploads\/2025\/04\/01-BIENVENIDAS-ESTUDIANTES-EAS-DOCENTES-644x429.jpg\" alt=\"\" class=\"wp-image-70202\" srcset=\"https:\/\/www.uartes.edu.ec\/sitio\/wp-content\/uploads\/2025\/04\/01-BIENVENIDAS-ESTUDIANTES-EAS-DOCENTES-644x429.jpg 644w, https:\/\/www.uartes.edu.ec\/sitio\/wp-content\/uploads\/2025\/04\/01-BIENVENIDAS-ESTUDIANTES-EAS-DOCENTES-300x200.jpg 300w, https:\/\/www.uartes.edu.ec\/sitio\/wp-content\/uploads\/2025\/04\/01-BIENVENIDAS-ESTUDIANTES-EAS-DOCENTES-768x512.jpg 768w, https:\/\/www.uartes.edu.ec\/sitio\/wp-content\/uploads\/2025\/04\/01-BIENVENIDAS-ESTUDIANTES-EAS-DOCENTES-1536x1024.jpg 1536w, https:\/\/www.uartes.edu.ec\/sitio\/wp-content\/uploads\/2025\/04\/01-BIENVENIDAS-ESTUDIANTES-EAS-DOCENTES-18x12.jpg 18w, https:\/\/www.uartes.edu.ec\/sitio\/wp-content\/uploads\/2025\/04\/01-BIENVENIDAS-ESTUDIANTES-EAS-DOCENTES-600x400.jpg 600w, https:\/\/www.uartes.edu.ec\/sitio\/wp-content\/uploads\/2025\/04\/01-BIENVENIDAS-ESTUDIANTES-EAS-DOCENTES-400x267.jpg 400w, https:\/\/www.uartes.edu.ec\/sitio\/wp-content\/uploads\/2025\/04\/01-BIENVENIDAS-ESTUDIANTES-EAS-DOCENTES.jpg 2000w\" sizes=\"(max-width: 644px) 100vw, 644px\" \/><\/figure>\n<\/div>\n\n\n<p>En el T\u00e1bara est\u00e1n los laboratorios, agreg\u00f3 Mej\u00eda. \u201cTenemos la sala de ensayo, el sal\u00f3n de teclados, el cub\u00edculo de guitarra, la sala de instrumentos ancestrales. Todo pueden solicitar y a trav\u00e9s de los c\u00f3digos QR que est\u00e1n colocados en los diferentes espacios\u201d.&nbsp;<\/p>\n\n\n\n<p>Dario D\u00e1valos refiri\u00f3 que en el MZ14 la EAS tiene siete espacios: dos estudios de grabaci\u00f3n, sala de ensambles, de etnomusicolog\u00eda, el taller de electroac\u00fastica y las dos salas de composici\u00f3n. \u201cIdeal tanto para estudiantes de Artes Musicales como de Producci\u00f3n Musical. Tenemos all\u00ed un piano vertical, uno electr\u00f3nico y una estaci\u00f3n donde trabajar producciones. El protocolo es igual, pues hay c\u00f3digos QR donde revisar la disponibilidad, llenar el formulario y enviarlo al correo de reservas, cuentan hasta con v\u00eddeos tutoriales\u201d.<\/p>\n\n\n\n<p>Aunque D\u00e1valos record\u00f3 que la prioridad son las clases y los proyectos de clases, tambi\u00e9n se receptan solicitudes para proyectos externos, para lo cual est\u00e1 reci\u00e9n aprobado un protocolo donde simplemente hay que seguir lineamientos: solicitar, firmar una carta de compromiso y entregar un producto al final de su proyecto.<\/p>\n\n\n\n<p>En la bienvenida se habl\u00f3 tambi\u00e9n del Consejo Directivo de Escuela (CDE), del cual D\u00e1valos es secretario, y del Consejo Estudiantil (CE), a cuya presidenta, Andrea Abad, se la invit\u00f3 a presentarse y ella, en su corta intervenci\u00f3n, anim\u00f3 a los compa\u00f1eros a integrarse y lograr en este semestre la ansiada unidad. Se mencion\u00f3, adem\u00e1s, que en los pr\u00f3ximos d\u00edas tendr\u00eda lugar la primera asamblea del presente periodo acad\u00e9mico y que entre los prop\u00f3sitos del CE est\u00e1 conformar la FEUE UArtes.<\/p>\n\n\n<div class=\"wp-block-image\">\n<figure class=\"aligncenter size-large\"><img loading=\"lazy\" decoding=\"async\" width=\"644\" height=\"483\" src=\"https:\/\/www.uartes.edu.ec\/sitio\/wp-content\/uploads\/2025\/04\/EAS-2-644x483.jpg\" alt=\"\" class=\"wp-image-70203\" srcset=\"https:\/\/www.uartes.edu.ec\/sitio\/wp-content\/uploads\/2025\/04\/EAS-2-644x483.jpg 644w, https:\/\/www.uartes.edu.ec\/sitio\/wp-content\/uploads\/2025\/04\/EAS-2-300x225.jpg 300w, https:\/\/www.uartes.edu.ec\/sitio\/wp-content\/uploads\/2025\/04\/EAS-2-768x576.jpg 768w, https:\/\/www.uartes.edu.ec\/sitio\/wp-content\/uploads\/2025\/04\/EAS-2-1536x1152.jpg 1536w, https:\/\/www.uartes.edu.ec\/sitio\/wp-content\/uploads\/2025\/04\/EAS-2-16x12.jpg 16w, https:\/\/www.uartes.edu.ec\/sitio\/wp-content\/uploads\/2025\/04\/EAS-2-400x300.jpg 400w, https:\/\/www.uartes.edu.ec\/sitio\/wp-content\/uploads\/2025\/04\/EAS-2.jpg 1777w\" sizes=\"(max-width: 644px) 100vw, 644px\" \/><\/figure>\n<\/div>\n\n\n<p>Dar\u00edo Buitr\u00f3n tuvo tambi\u00e9n su intervenci\u00f3n. Junto con la docencia se desempe\u00f1a como jefe de Producci\u00f3n T\u00e9cnica y de Audio de la EAS, por lo cual coordina la producci\u00f3n de los eventos. Habl\u00f3 del Open MAIC, que se realiza todos los martes en el Pasaje Illingworth, donde los estudiantes pueden tocar en vivo. Mencion\u00f3 al \u00d3rgano Colegiado Superior (OCS) del cual es representante acad\u00e9mico, por ello los anim\u00f3 a expresar sugerencias o necesidades en general que consideren importante de comunicar hasta ese seno, lo que har\u00eda gustoso.&nbsp;<\/p>\n\n\n\n<p>Junto a los estudiantes estuvieron varios docentes. Uno de ellos, Omar Dom\u00ednguez, habl\u00f3 de consejer\u00edas y tutores. A cada estudiante se le asigna un consejero, cuya funci\u00f3n principal es guiarlos y revisar en el sistema c\u00f3mo est\u00e1n y a quien pueden acudir con sus inquietudes. En cuanto a las tutor\u00edas, los profesores tienen un horario designado para darlas. \u201cQuien tenga un problema en alguna materia tiene que cont\u00e1rselo al docente de la materia y solicitarla. En mi caso, yo doy lenguaje 1, 2 y 3, pero si necesitan tutor\u00edas de arreglo o producci\u00f3n, m\u00fasica\u2026 estar\u00e9 abierto para darlas y en eso estamos alineados todos los profesores.<\/p>\n\n\n\n<p>La bienvenida de la EAS concluy\u00f3 con inquietudes de los estudiantes con respecto a los espacios y a c\u00f3mo poder aprovecharlos para poner en pr\u00e1ctica los conocimientos que reciben en las aulas.<\/p>\n\n\n<div class=\"wp-block-image\">\n<figure class=\"aligncenter size-large\"><img loading=\"lazy\" decoding=\"async\" width=\"644\" height=\"374\" src=\"https:\/\/www.uartes.edu.ec\/sitio\/wp-content\/uploads\/2025\/04\/EAS-3-644x374.jpg\" alt=\"\" class=\"wp-image-70205\" srcset=\"https:\/\/www.uartes.edu.ec\/sitio\/wp-content\/uploads\/2025\/04\/EAS-3-644x374.jpg 644w, https:\/\/www.uartes.edu.ec\/sitio\/wp-content\/uploads\/2025\/04\/EAS-3-300x174.jpg 300w, https:\/\/www.uartes.edu.ec\/sitio\/wp-content\/uploads\/2025\/04\/EAS-3-768x446.jpg 768w, https:\/\/www.uartes.edu.ec\/sitio\/wp-content\/uploads\/2025\/04\/EAS-3-1536x892.jpg 1536w, https:\/\/www.uartes.edu.ec\/sitio\/wp-content\/uploads\/2025\/04\/EAS-3-18x10.jpg 18w, https:\/\/www.uartes.edu.ec\/sitio\/wp-content\/uploads\/2025\/04\/EAS-3-400x232.jpg 400w, https:\/\/www.uartes.edu.ec\/sitio\/wp-content\/uploads\/2025\/04\/EAS-3.jpg 2000w\" sizes=\"(max-width: 644px) 100vw, 644px\" \/><\/figure>\n<\/div>","protected":false},"excerpt":{"rendered":"<p>Audiovisuales con testimonios de estudiantes de las carreras de Producci\u00f3n Musical y Artes Musicales marcaron el inicio de la bienvenida que la Escuela de Artes Sonoras dio a sus alumnos, quienes no solo recibieron informaci\u00f3n de lo que se desarrollar\u00eda a lo largo del presente semestre y a\u00f1o, sino que fueron motivados a mantener un permanente contacto con la direcci\u00f3n, los docentes, coordinadores, consejeros y tutores, y expresar sus inquietudes.  <\/p>","protected":false},"author":10,"featured_media":70199,"comment_status":"open","ping_status":"open","sticky":false,"template":"","format":"standard","meta":{"_acf_changed":false,"_uag_custom_page_level_css":"","_monsterinsights_skip_tracking":false,"_monsterinsights_sitenote_active":false,"_monsterinsights_sitenote_note":"","_monsterinsights_sitenote_category":0,"cybocfi_hide_featured_image":"","footnotes":""},"categories":[80,150,75,76],"tags":[521],"infouartes":[],"class_list":["post-70198","post","type-post","status-publish","format-standard","has-post-thumbnail","hentry","category-academico","category-artes-sonoras","category-docentes","category-estudiantes","tag-encuentro"],"acf":[],"yoast_head":"<!-- This site is optimized with the Yoast SEO plugin v27.4 - https:\/\/yoast.com\/product\/yoast-seo-wordpress\/ -->\n<title>Universidad de las Artes - Escuela de Artes Sonoras dio la bienvenida a sus estudiantes al Semestre A 2025<\/title>\n<meta name=\"description\" content=\"Universidad de las Artes - Escuela de Artes Sonoras dio la bienvenida a sus estudiantes al Semestre A 2025\" \/>\n<meta name=\"robots\" content=\"index, follow, max-snippet:-1, max-image-preview:large, max-video-preview:-1\" \/>\n<link rel=\"canonical\" href=\"https:\/\/www.uartes.edu.ec\/sitio\/fr\/blog\/2025\/04\/03\/escuela-de-artes-sonoras-dio-la-bienvenida-a-sus-estudiantes-al-semestre-a-2025\/\" \/>\n<meta property=\"og:locale\" content=\"fr_FR\" \/>\n<meta property=\"og:type\" content=\"article\" \/>\n<meta property=\"og:title\" content=\"Universidad de las Artes - Escuela de Artes Sonoras dio la bienvenida a sus estudiantes al Semestre A 2025\" \/>\n<meta property=\"og:description\" content=\"Universidad de las Artes - Escuela de Artes Sonoras dio la bienvenida a sus estudiantes al Semestre A 2025\" \/>\n<meta property=\"og:url\" content=\"https:\/\/www.uartes.edu.ec\/sitio\/fr\/blog\/2025\/04\/03\/escuela-de-artes-sonoras-dio-la-bienvenida-a-sus-estudiantes-al-semestre-a-2025\/\" \/>\n<meta property=\"og:site_name\" content=\"Universidad de las Artes\" \/>\n<meta property=\"article:publisher\" content=\"https:\/\/www.facebook.com\/uartesec\" \/>\n<meta property=\"article:published_time\" content=\"2025-04-04T00:05:00+00:00\" \/>\n<meta property=\"article:modified_time\" content=\"2025-04-07T23:21:37+00:00\" \/>\n<meta property=\"og:image\" content=\"https:\/\/www.uartes.edu.ec\/sitio\/wp-content\/uploads\/2025\/04\/07-BIENVENIDAS-ESTUDIANTES-EAS-DOCENTES.jpg\" \/>\n\t<meta property=\"og:image:width\" content=\"2000\" \/>\n\t<meta property=\"og:image:height\" content=\"1333\" \/>\n\t<meta property=\"og:image:type\" content=\"image\/jpeg\" \/>\n<meta name=\"author\" content=\"ccortez\" \/>\n<meta name=\"twitter:card\" content=\"summary_large_image\" \/>\n<meta name=\"twitter:creator\" content=\"@uartesec\" \/>\n<meta name=\"twitter:site\" content=\"@uartesec\" \/>\n<meta name=\"twitter:label1\" content=\"\u00c9crit par\" \/>\n\t<meta name=\"twitter:data1\" content=\"ccortez\" \/>\n\t<meta name=\"twitter:label2\" content=\"Dur\u00e9e de lecture estim\u00e9e\" \/>\n\t<meta name=\"twitter:data2\" content=\"8 minutes\" \/>\n<script type=\"application\/ld+json\" class=\"yoast-schema-graph\">{\"@context\":\"https:\\\/\\\/schema.org\",\"@graph\":[{\"@type\":\"Article\",\"@id\":\"https:\\\/\\\/www.uartes.edu.ec\\\/sitio\\\/fr\\\/blog\\\/2025\\\/04\\\/03\\\/escuela-de-artes-sonoras-dio-la-bienvenida-a-sus-estudiantes-al-semestre-a-2025\\\/#article\",\"isPartOf\":{\"@id\":\"https:\\\/\\\/www.uartes.edu.ec\\\/sitio\\\/fr\\\/blog\\\/2025\\\/04\\\/03\\\/escuela-de-artes-sonoras-dio-la-bienvenida-a-sus-estudiantes-al-semestre-a-2025\\\/\"},\"author\":{\"name\":\"ccortez\",\"@id\":\"https:\\\/\\\/www.uartes.edu.ec\\\/sitio\\\/fr\\\/#\\\/schema\\\/person\\\/efa1b8275797664fd7f13a79ccc0b1f4\"},\"headline\":\"Escuela de Artes Sonoras dio la bienvenida a sus estudiantes al Semestre A 2025\",\"datePublished\":\"2025-04-04T00:05:00+00:00\",\"dateModified\":\"2025-04-07T23:21:37+00:00\",\"mainEntityOfPage\":{\"@id\":\"https:\\\/\\\/www.uartes.edu.ec\\\/sitio\\\/fr\\\/blog\\\/2025\\\/04\\\/03\\\/escuela-de-artes-sonoras-dio-la-bienvenida-a-sus-estudiantes-al-semestre-a-2025\\\/\"},\"wordCount\":1570,\"commentCount\":0,\"publisher\":{\"@id\":\"https:\\\/\\\/www.uartes.edu.ec\\\/sitio\\\/fr\\\/#organization\"},\"image\":{\"@id\":\"https:\\\/\\\/www.uartes.edu.ec\\\/sitio\\\/fr\\\/blog\\\/2025\\\/04\\\/03\\\/escuela-de-artes-sonoras-dio-la-bienvenida-a-sus-estudiantes-al-semestre-a-2025\\\/#primaryimage\"},\"thumbnailUrl\":\"https:\\\/\\\/www.uartes.edu.ec\\\/sitio\\\/wp-content\\\/uploads\\\/2025\\\/04\\\/07-BIENVENIDAS-ESTUDIANTES-EAS-DOCENTES.jpg\",\"keywords\":[\"encuentro\"],\"articleSection\":[\"Acad\u00e9mico\",\"Artes Sonoras\",\"Docentes\",\"Estudiantes\"],\"inLanguage\":\"fr-FR\",\"potentialAction\":[{\"@type\":\"CommentAction\",\"name\":\"Comment\",\"target\":[\"https:\\\/\\\/www.uartes.edu.ec\\\/sitio\\\/fr\\\/blog\\\/2025\\\/04\\\/03\\\/escuela-de-artes-sonoras-dio-la-bienvenida-a-sus-estudiantes-al-semestre-a-2025\\\/#respond\"]}]},{\"@type\":[\"WebPage\",\"ItemPage\"],\"@id\":\"https:\\\/\\\/www.uartes.edu.ec\\\/sitio\\\/fr\\\/blog\\\/2025\\\/04\\\/03\\\/escuela-de-artes-sonoras-dio-la-bienvenida-a-sus-estudiantes-al-semestre-a-2025\\\/\",\"url\":\"https:\\\/\\\/www.uartes.edu.ec\\\/sitio\\\/fr\\\/blog\\\/2025\\\/04\\\/03\\\/escuela-de-artes-sonoras-dio-la-bienvenida-a-sus-estudiantes-al-semestre-a-2025\\\/\",\"name\":\"Universidad de las Artes - Escuela de Artes Sonoras dio la bienvenida a sus estudiantes al Semestre A 2025\",\"isPartOf\":{\"@id\":\"https:\\\/\\\/www.uartes.edu.ec\\\/sitio\\\/fr\\\/#website\"},\"primaryImageOfPage\":{\"@id\":\"https:\\\/\\\/www.uartes.edu.ec\\\/sitio\\\/fr\\\/blog\\\/2025\\\/04\\\/03\\\/escuela-de-artes-sonoras-dio-la-bienvenida-a-sus-estudiantes-al-semestre-a-2025\\\/#primaryimage\"},\"image\":{\"@id\":\"https:\\\/\\\/www.uartes.edu.ec\\\/sitio\\\/fr\\\/blog\\\/2025\\\/04\\\/03\\\/escuela-de-artes-sonoras-dio-la-bienvenida-a-sus-estudiantes-al-semestre-a-2025\\\/#primaryimage\"},\"thumbnailUrl\":\"https:\\\/\\\/www.uartes.edu.ec\\\/sitio\\\/wp-content\\\/uploads\\\/2025\\\/04\\\/07-BIENVENIDAS-ESTUDIANTES-EAS-DOCENTES.jpg\",\"datePublished\":\"2025-04-04T00:05:00+00:00\",\"dateModified\":\"2025-04-07T23:21:37+00:00\",\"description\":\"Universidad de las Artes - Escuela de Artes Sonoras dio la bienvenida a sus estudiantes al Semestre A 2025\",\"breadcrumb\":{\"@id\":\"https:\\\/\\\/www.uartes.edu.ec\\\/sitio\\\/fr\\\/blog\\\/2025\\\/04\\\/03\\\/escuela-de-artes-sonoras-dio-la-bienvenida-a-sus-estudiantes-al-semestre-a-2025\\\/#breadcrumb\"},\"inLanguage\":\"fr-FR\",\"potentialAction\":[{\"@type\":\"ReadAction\",\"target\":[\"https:\\\/\\\/www.uartes.edu.ec\\\/sitio\\\/fr\\\/blog\\\/2025\\\/04\\\/03\\\/escuela-de-artes-sonoras-dio-la-bienvenida-a-sus-estudiantes-al-semestre-a-2025\\\/\"]}]},{\"@type\":\"ImageObject\",\"inLanguage\":\"fr-FR\",\"@id\":\"https:\\\/\\\/www.uartes.edu.ec\\\/sitio\\\/fr\\\/blog\\\/2025\\\/04\\\/03\\\/escuela-de-artes-sonoras-dio-la-bienvenida-a-sus-estudiantes-al-semestre-a-2025\\\/#primaryimage\",\"url\":\"https:\\\/\\\/www.uartes.edu.ec\\\/sitio\\\/wp-content\\\/uploads\\\/2025\\\/04\\\/07-BIENVENIDAS-ESTUDIANTES-EAS-DOCENTES.jpg\",\"contentUrl\":\"https:\\\/\\\/www.uartes.edu.ec\\\/sitio\\\/wp-content\\\/uploads\\\/2025\\\/04\\\/07-BIENVENIDAS-ESTUDIANTES-EAS-DOCENTES.jpg\",\"width\":2000,\"height\":1333},{\"@type\":\"BreadcrumbList\",\"@id\":\"https:\\\/\\\/www.uartes.edu.ec\\\/sitio\\\/fr\\\/blog\\\/2025\\\/04\\\/03\\\/escuela-de-artes-sonoras-dio-la-bienvenida-a-sus-estudiantes-al-semestre-a-2025\\\/#breadcrumb\",\"itemListElement\":[{\"@type\":\"ListItem\",\"position\":1,\"name\":\"Inicio\",\"item\":\"https:\\\/\\\/www.uartes.edu.ec\\\/sitio\\\/\"},{\"@type\":\"ListItem\",\"position\":2,\"name\":\"Escuela de Artes Sonoras dio la bienvenida a sus estudiantes al Semestre A 2025\"}]},{\"@type\":\"WebSite\",\"@id\":\"https:\\\/\\\/www.uartes.edu.ec\\\/sitio\\\/fr\\\/#website\",\"url\":\"https:\\\/\\\/www.uartes.edu.ec\\\/sitio\\\/fr\\\/\",\"name\":\"Universidad de las Artes\",\"description\":\"Sitio oficial de la Universidad Nacional de las Artes del Ecuador\",\"publisher\":{\"@id\":\"https:\\\/\\\/www.uartes.edu.ec\\\/sitio\\\/fr\\\/#organization\"},\"potentialAction\":[{\"@type\":\"SearchAction\",\"target\":{\"@type\":\"EntryPoint\",\"urlTemplate\":\"https:\\\/\\\/www.uartes.edu.ec\\\/sitio\\\/fr\\\/?s={search_term_string}\"},\"query-input\":{\"@type\":\"PropertyValueSpecification\",\"valueRequired\":true,\"valueName\":\"search_term_string\"}}],\"inLanguage\":\"fr-FR\"},{\"@type\":\"Organization\",\"@id\":\"https:\\\/\\\/www.uartes.edu.ec\\\/sitio\\\/fr\\\/#organization\",\"name\":\"Universidad de las Artes\",\"url\":\"https:\\\/\\\/www.uartes.edu.ec\\\/sitio\\\/fr\\\/\",\"logo\":{\"@type\":\"ImageObject\",\"inLanguage\":\"fr-FR\",\"@id\":\"https:\\\/\\\/www.uartes.edu.ec\\\/sitio\\\/fr\\\/#\\\/schema\\\/logo\\\/image\\\/\",\"url\":\"https:\\\/\\\/www.uartes.edu.ec\\\/sitio\\\/wp-content\\\/uploads\\\/2022\\\/07\\\/logo-ua-horizontal.png\",\"contentUrl\":\"https:\\\/\\\/www.uartes.edu.ec\\\/sitio\\\/wp-content\\\/uploads\\\/2022\\\/07\\\/logo-ua-horizontal.png\",\"width\":800,\"height\":276,\"caption\":\"Universidad de las Artes\"},\"image\":{\"@id\":\"https:\\\/\\\/www.uartes.edu.ec\\\/sitio\\\/fr\\\/#\\\/schema\\\/logo\\\/image\\\/\"},\"sameAs\":[\"https:\\\/\\\/www.facebook.com\\\/uartesec\",\"https:\\\/\\\/x.com\\\/uartesec\",\"https:\\\/\\\/www.tiktok.com\\\/@uartesec\"]},{\"@type\":\"Person\",\"@id\":\"https:\\\/\\\/www.uartes.edu.ec\\\/sitio\\\/fr\\\/#\\\/schema\\\/person\\\/efa1b8275797664fd7f13a79ccc0b1f4\",\"name\":\"ccortez\",\"image\":{\"@type\":\"ImageObject\",\"inLanguage\":\"fr-FR\",\"@id\":\"https:\\\/\\\/secure.gravatar.com\\\/avatar\\\/b2a6f664a3ae8e074346ef91775736c5ec479e637ecced6842de9dc98b5da9cd?s=96&d=mm&r=g\",\"url\":\"https:\\\/\\\/secure.gravatar.com\\\/avatar\\\/b2a6f664a3ae8e074346ef91775736c5ec479e637ecced6842de9dc98b5da9cd?s=96&d=mm&r=g\",\"contentUrl\":\"https:\\\/\\\/secure.gravatar.com\\\/avatar\\\/b2a6f664a3ae8e074346ef91775736c5ec479e637ecced6842de9dc98b5da9cd?s=96&d=mm&r=g\",\"caption\":\"ccortez\"},\"url\":\"https:\\\/\\\/www.uartes.edu.ec\\\/sitio\\\/fr\\\/blog\\\/author\\\/ccortez\\\/\"}]}<\/script>\n<!-- \/ Yoast SEO plugin. -->","yoast_head_json":{"title":"Universidad de las Artes - Escuela de Artes Sonoras dio la bienvenida a sus estudiantes al Semestre A 2025","description":"Universidad de las Artes - Escuela de Artes Sonoras dio la bienvenida a sus estudiantes al Semestre A 2025","robots":{"index":"index","follow":"follow","max-snippet":"max-snippet:-1","max-image-preview":"max-image-preview:large","max-video-preview":"max-video-preview:-1"},"canonical":"https:\/\/www.uartes.edu.ec\/sitio\/fr\/blog\/2025\/04\/03\/escuela-de-artes-sonoras-dio-la-bienvenida-a-sus-estudiantes-al-semestre-a-2025\/","og_locale":"fr_FR","og_type":"article","og_title":"Universidad de las Artes - Escuela de Artes Sonoras dio la bienvenida a sus estudiantes al Semestre A 2025","og_description":"Universidad de las Artes - Escuela de Artes Sonoras dio la bienvenida a sus estudiantes al Semestre A 2025","og_url":"https:\/\/www.uartes.edu.ec\/sitio\/fr\/blog\/2025\/04\/03\/escuela-de-artes-sonoras-dio-la-bienvenida-a-sus-estudiantes-al-semestre-a-2025\/","og_site_name":"Universidad de las Artes","article_publisher":"https:\/\/www.facebook.com\/uartesec","article_published_time":"2025-04-04T00:05:00+00:00","article_modified_time":"2025-04-07T23:21:37+00:00","og_image":[{"width":2000,"height":1333,"url":"https:\/\/www.uartes.edu.ec\/sitio\/wp-content\/uploads\/2025\/04\/07-BIENVENIDAS-ESTUDIANTES-EAS-DOCENTES.jpg","type":"image\/jpeg"}],"author":"ccortez","twitter_card":"summary_large_image","twitter_creator":"@uartesec","twitter_site":"@uartesec","twitter_misc":{"\u00c9crit par":"ccortez","Dur\u00e9e de lecture estim\u00e9e":"8 minutes"},"schema":{"@context":"https:\/\/schema.org","@graph":[{"@type":"Article","@id":"https:\/\/www.uartes.edu.ec\/sitio\/fr\/blog\/2025\/04\/03\/escuela-de-artes-sonoras-dio-la-bienvenida-a-sus-estudiantes-al-semestre-a-2025\/#article","isPartOf":{"@id":"https:\/\/www.uartes.edu.ec\/sitio\/fr\/blog\/2025\/04\/03\/escuela-de-artes-sonoras-dio-la-bienvenida-a-sus-estudiantes-al-semestre-a-2025\/"},"author":{"name":"ccortez","@id":"https:\/\/www.uartes.edu.ec\/sitio\/fr\/#\/schema\/person\/efa1b8275797664fd7f13a79ccc0b1f4"},"headline":"Escuela de Artes Sonoras dio la bienvenida a sus estudiantes al Semestre A 2025","datePublished":"2025-04-04T00:05:00+00:00","dateModified":"2025-04-07T23:21:37+00:00","mainEntityOfPage":{"@id":"https:\/\/www.uartes.edu.ec\/sitio\/fr\/blog\/2025\/04\/03\/escuela-de-artes-sonoras-dio-la-bienvenida-a-sus-estudiantes-al-semestre-a-2025\/"},"wordCount":1570,"commentCount":0,"publisher":{"@id":"https:\/\/www.uartes.edu.ec\/sitio\/fr\/#organization"},"image":{"@id":"https:\/\/www.uartes.edu.ec\/sitio\/fr\/blog\/2025\/04\/03\/escuela-de-artes-sonoras-dio-la-bienvenida-a-sus-estudiantes-al-semestre-a-2025\/#primaryimage"},"thumbnailUrl":"https:\/\/www.uartes.edu.ec\/sitio\/wp-content\/uploads\/2025\/04\/07-BIENVENIDAS-ESTUDIANTES-EAS-DOCENTES.jpg","keywords":["encuentro"],"articleSection":["Acad\u00e9mico","Artes Sonoras","Docentes","Estudiantes"],"inLanguage":"fr-FR","potentialAction":[{"@type":"CommentAction","name":"Comment","target":["https:\/\/www.uartes.edu.ec\/sitio\/fr\/blog\/2025\/04\/03\/escuela-de-artes-sonoras-dio-la-bienvenida-a-sus-estudiantes-al-semestre-a-2025\/#respond"]}]},{"@type":["WebPage","ItemPage"],"@id":"https:\/\/www.uartes.edu.ec\/sitio\/fr\/blog\/2025\/04\/03\/escuela-de-artes-sonoras-dio-la-bienvenida-a-sus-estudiantes-al-semestre-a-2025\/","url":"https:\/\/www.uartes.edu.ec\/sitio\/fr\/blog\/2025\/04\/03\/escuela-de-artes-sonoras-dio-la-bienvenida-a-sus-estudiantes-al-semestre-a-2025\/","name":"Universidad de las Artes - Escuela de Artes Sonoras dio la bienvenida a sus estudiantes al Semestre A 2025","isPartOf":{"@id":"https:\/\/www.uartes.edu.ec\/sitio\/fr\/#website"},"primaryImageOfPage":{"@id":"https:\/\/www.uartes.edu.ec\/sitio\/fr\/blog\/2025\/04\/03\/escuela-de-artes-sonoras-dio-la-bienvenida-a-sus-estudiantes-al-semestre-a-2025\/#primaryimage"},"image":{"@id":"https:\/\/www.uartes.edu.ec\/sitio\/fr\/blog\/2025\/04\/03\/escuela-de-artes-sonoras-dio-la-bienvenida-a-sus-estudiantes-al-semestre-a-2025\/#primaryimage"},"thumbnailUrl":"https:\/\/www.uartes.edu.ec\/sitio\/wp-content\/uploads\/2025\/04\/07-BIENVENIDAS-ESTUDIANTES-EAS-DOCENTES.jpg","datePublished":"2025-04-04T00:05:00+00:00","dateModified":"2025-04-07T23:21:37+00:00","description":"Universidad de las Artes - Escuela de Artes Sonoras dio la bienvenida a sus estudiantes al Semestre A 2025","breadcrumb":{"@id":"https:\/\/www.uartes.edu.ec\/sitio\/fr\/blog\/2025\/04\/03\/escuela-de-artes-sonoras-dio-la-bienvenida-a-sus-estudiantes-al-semestre-a-2025\/#breadcrumb"},"inLanguage":"fr-FR","potentialAction":[{"@type":"ReadAction","target":["https:\/\/www.uartes.edu.ec\/sitio\/fr\/blog\/2025\/04\/03\/escuela-de-artes-sonoras-dio-la-bienvenida-a-sus-estudiantes-al-semestre-a-2025\/"]}]},{"@type":"ImageObject","inLanguage":"fr-FR","@id":"https:\/\/www.uartes.edu.ec\/sitio\/fr\/blog\/2025\/04\/03\/escuela-de-artes-sonoras-dio-la-bienvenida-a-sus-estudiantes-al-semestre-a-2025\/#primaryimage","url":"https:\/\/www.uartes.edu.ec\/sitio\/wp-content\/uploads\/2025\/04\/07-BIENVENIDAS-ESTUDIANTES-EAS-DOCENTES.jpg","contentUrl":"https:\/\/www.uartes.edu.ec\/sitio\/wp-content\/uploads\/2025\/04\/07-BIENVENIDAS-ESTUDIANTES-EAS-DOCENTES.jpg","width":2000,"height":1333},{"@type":"BreadcrumbList","@id":"https:\/\/www.uartes.edu.ec\/sitio\/fr\/blog\/2025\/04\/03\/escuela-de-artes-sonoras-dio-la-bienvenida-a-sus-estudiantes-al-semestre-a-2025\/#breadcrumb","itemListElement":[{"@type":"ListItem","position":1,"name":"Inicio","item":"https:\/\/www.uartes.edu.ec\/sitio\/"},{"@type":"ListItem","position":2,"name":"Escuela de Artes Sonoras dio la bienvenida a sus estudiantes al Semestre A 2025"}]},{"@type":"WebSite","@id":"https:\/\/www.uartes.edu.ec\/sitio\/fr\/#website","url":"https:\/\/www.uartes.edu.ec\/sitio\/fr\/","name":"Universidad de las Artes","description":"Sitio oficial de la Universidad Nacional de las Artes del Ecuador","publisher":{"@id":"https:\/\/www.uartes.edu.ec\/sitio\/fr\/#organization"},"potentialAction":[{"@type":"SearchAction","target":{"@type":"EntryPoint","urlTemplate":"https:\/\/www.uartes.edu.ec\/sitio\/fr\/?s={search_term_string}"},"query-input":{"@type":"PropertyValueSpecification","valueRequired":true,"valueName":"search_term_string"}}],"inLanguage":"fr-FR"},{"@type":"Organization","@id":"https:\/\/www.uartes.edu.ec\/sitio\/fr\/#organization","name":"Universidad de las Artes","url":"https:\/\/www.uartes.edu.ec\/sitio\/fr\/","logo":{"@type":"ImageObject","inLanguage":"fr-FR","@id":"https:\/\/www.uartes.edu.ec\/sitio\/fr\/#\/schema\/logo\/image\/","url":"https:\/\/www.uartes.edu.ec\/sitio\/wp-content\/uploads\/2022\/07\/logo-ua-horizontal.png","contentUrl":"https:\/\/www.uartes.edu.ec\/sitio\/wp-content\/uploads\/2022\/07\/logo-ua-horizontal.png","width":800,"height":276,"caption":"Universidad de las Artes"},"image":{"@id":"https:\/\/www.uartes.edu.ec\/sitio\/fr\/#\/schema\/logo\/image\/"},"sameAs":["https:\/\/www.facebook.com\/uartesec","https:\/\/x.com\/uartesec","https:\/\/www.tiktok.com\/@uartesec"]},{"@type":"Person","@id":"https:\/\/www.uartes.edu.ec\/sitio\/fr\/#\/schema\/person\/efa1b8275797664fd7f13a79ccc0b1f4","name":"ccortez","image":{"@type":"ImageObject","inLanguage":"fr-FR","@id":"https:\/\/secure.gravatar.com\/avatar\/b2a6f664a3ae8e074346ef91775736c5ec479e637ecced6842de9dc98b5da9cd?s=96&d=mm&r=g","url":"https:\/\/secure.gravatar.com\/avatar\/b2a6f664a3ae8e074346ef91775736c5ec479e637ecced6842de9dc98b5da9cd?s=96&d=mm&r=g","contentUrl":"https:\/\/secure.gravatar.com\/avatar\/b2a6f664a3ae8e074346ef91775736c5ec479e637ecced6842de9dc98b5da9cd?s=96&d=mm&r=g","caption":"ccortez"},"url":"https:\/\/www.uartes.edu.ec\/sitio\/fr\/blog\/author\/ccortez\/"}]}},"uagb_featured_image_src":{"full":["https:\/\/www.uartes.edu.ec\/sitio\/wp-content\/uploads\/2025\/04\/07-BIENVENIDAS-ESTUDIANTES-EAS-DOCENTES.jpg",2000,1333,false],"thumbnail":["https:\/\/www.uartes.edu.ec\/sitio\/wp-content\/uploads\/2025\/04\/07-BIENVENIDAS-ESTUDIANTES-EAS-DOCENTES-150x150.jpg",150,150,true],"medium":["https:\/\/www.uartes.edu.ec\/sitio\/wp-content\/uploads\/2025\/04\/07-BIENVENIDAS-ESTUDIANTES-EAS-DOCENTES-300x200.jpg",300,200,true],"medium_large":["https:\/\/www.uartes.edu.ec\/sitio\/wp-content\/uploads\/2025\/04\/07-BIENVENIDAS-ESTUDIANTES-EAS-DOCENTES-768x512.jpg",768,512,true],"large":["https:\/\/www.uartes.edu.ec\/sitio\/wp-content\/uploads\/2025\/04\/07-BIENVENIDAS-ESTUDIANTES-EAS-DOCENTES-644x429.jpg",644,429,true],"1536x1536":["https:\/\/www.uartes.edu.ec\/sitio\/wp-content\/uploads\/2025\/04\/07-BIENVENIDAS-ESTUDIANTES-EAS-DOCENTES-1536x1024.jpg",1536,1024,true],"2048x2048":["https:\/\/www.uartes.edu.ec\/sitio\/wp-content\/uploads\/2025\/04\/07-BIENVENIDAS-ESTUDIANTES-EAS-DOCENTES.jpg",2000,1333,false],"trp-custom-language-flag":["https:\/\/www.uartes.edu.ec\/sitio\/wp-content\/uploads\/2025\/04\/07-BIENVENIDAS-ESTUDIANTES-EAS-DOCENTES-18x12.jpg",18,12,true],"htmega_size_585x295":["https:\/\/www.uartes.edu.ec\/sitio\/wp-content\/uploads\/2025\/04\/07-BIENVENIDAS-ESTUDIANTES-EAS-DOCENTES-585x295.jpg",585,295,true],"htmega_size_1170x536":["https:\/\/www.uartes.edu.ec\/sitio\/wp-content\/uploads\/2025\/04\/07-BIENVENIDAS-ESTUDIANTES-EAS-DOCENTES-1170x536.jpg",1170,536,true],"htmega_size_396x360":["https:\/\/www.uartes.edu.ec\/sitio\/wp-content\/uploads\/2025\/04\/07-BIENVENIDAS-ESTUDIANTES-EAS-DOCENTES-396x360.jpg",396,360,true],"gb-block-post-grid-landscape":["https:\/\/www.uartes.edu.ec\/sitio\/wp-content\/uploads\/2025\/04\/07-BIENVENIDAS-ESTUDIANTES-EAS-DOCENTES-600x400.jpg",600,400,true],"gb-block-post-grid-square":["https:\/\/www.uartes.edu.ec\/sitio\/wp-content\/uploads\/2025\/04\/07-BIENVENIDAS-ESTUDIANTES-EAS-DOCENTES-600x600.jpg",600,600,true],"university-hub-thumb":["https:\/\/www.uartes.edu.ec\/sitio\/wp-content\/uploads\/2025\/04\/07-BIENVENIDAS-ESTUDIANTES-EAS-DOCENTES-400x267.jpg",400,267,true]},"uagb_author_info":{"display_name":"ccortez","author_link":"https:\/\/www.uartes.edu.ec\/sitio\/fr\/blog\/author\/ccortez\/"},"uagb_comment_info":0,"uagb_excerpt":"Audiovisuales con testimonios de estudiantes de las carreras de Producci\u00f3n Musical y Artes Musicales marcaron el inicio de la bienvenida que la Escuela de Artes Sonoras dio a sus alumnos, quienes no solo recibieron informaci\u00f3n de lo que se desarrollar\u00eda a lo largo del presente semestre y a\u00f1o, sino que fueron motivados a mantener un\u2026","featured_image_src":"https:\/\/www.uartes.edu.ec\/sitio\/wp-content\/uploads\/2025\/04\/07-BIENVENIDAS-ESTUDIANTES-EAS-DOCENTES-600x400.jpg","featured_image_src_square":"https:\/\/www.uartes.edu.ec\/sitio\/wp-content\/uploads\/2025\/04\/07-BIENVENIDAS-ESTUDIANTES-EAS-DOCENTES-600x600.jpg","author_info":{"display_name":"ccortez","author_link":"https:\/\/www.uartes.edu.ec\/sitio\/fr\/blog\/author\/ccortez\/"},"publishpress_future_workflow_manual_trigger":{"enabledWorkflows":[]},"distributor_meta":false,"distributor_terms":false,"distributor_media":false,"distributor_original_site_name":"Universidad de las Artes","distributor_original_site_url":"https:\/\/www.uartes.edu.ec\/sitio\/fr","push-errors":false,"_links":{"self":[{"href":"https:\/\/www.uartes.edu.ec\/sitio\/fr\/wp-json\/wp\/v2\/posts\/70198","targetHints":{"allow":["GET"]}}],"collection":[{"href":"https:\/\/www.uartes.edu.ec\/sitio\/fr\/wp-json\/wp\/v2\/posts"}],"about":[{"href":"https:\/\/www.uartes.edu.ec\/sitio\/fr\/wp-json\/wp\/v2\/types\/post"}],"author":[{"embeddable":true,"href":"https:\/\/www.uartes.edu.ec\/sitio\/fr\/wp-json\/wp\/v2\/users\/10"}],"replies":[{"embeddable":true,"href":"https:\/\/www.uartes.edu.ec\/sitio\/fr\/wp-json\/wp\/v2\/comments?post=70198"}],"version-history":[{"count":6,"href":"https:\/\/www.uartes.edu.ec\/sitio\/fr\/wp-json\/wp\/v2\/posts\/70198\/revisions"}],"predecessor-version":[{"id":70278,"href":"https:\/\/www.uartes.edu.ec\/sitio\/fr\/wp-json\/wp\/v2\/posts\/70198\/revisions\/70278"}],"wp:featuredmedia":[{"embeddable":true,"href":"https:\/\/www.uartes.edu.ec\/sitio\/fr\/wp-json\/wp\/v2\/media\/70199"}],"wp:attachment":[{"href":"https:\/\/www.uartes.edu.ec\/sitio\/fr\/wp-json\/wp\/v2\/media?parent=70198"}],"wp:term":[{"taxonomy":"category","embeddable":true,"href":"https:\/\/www.uartes.edu.ec\/sitio\/fr\/wp-json\/wp\/v2\/categories?post=70198"},{"taxonomy":"post_tag","embeddable":true,"href":"https:\/\/www.uartes.edu.ec\/sitio\/fr\/wp-json\/wp\/v2\/tags?post=70198"},{"taxonomy":"infouartes","embeddable":true,"href":"https:\/\/www.uartes.edu.ec\/sitio\/fr\/wp-json\/wp\/v2\/infouartes?post=70198"}],"curies":[{"name":"wp","href":"https:\/\/api.w.org\/{rel}","templated":true}]}}