{"id":7025,"date":"2020-05-17T08:22:51","date_gmt":"2020-05-17T13:22:51","guid":{"rendered":"http:\/\/www.uartes.edu.ec\/sitio\/?p=7025"},"modified":"2024-07-04T11:43:09","modified_gmt":"2024-07-04T16:43:09","slug":"ray-medina-reyes-y-la-investigacion-que-lo-llevo-a-spectrum-su-tesis-de-grado","status":"publish","type":"post","link":"https:\/\/www.uartes.edu.ec\/sitio\/fr\/blog\/2020\/05\/17\/ray-medina-reyes-y-la-investigacion-que-lo-llevo-a-spectrum-su-tesis-de-grado\/","title":{"rendered":"Ray Medina Reyes y la investigaci\u00f3n que lo llev\u00f3 a \u201cSPECTRUM\u201d, su tesis de grado"},"content":{"rendered":"<p>El 28 de abril de 2020, v\u00eda videoconferencia, Ray Medina Reyes sustent\u00f3 la tesis <em>SPECTRUM. <\/em>Del contenido de su proyecto, de su concepci\u00f3n y de las ense\u00f1anzas que le dej\u00f3 el proceso, es el estudiante de la Escuela de Artes Visuales quien detalla:&nbsp;<\/p>\n\n\n\n<p>\u201cSiempre me sent\u00ed atra\u00eddo con la idea del alter ego para abordar otro tipo de comportamientos y emociones que se manejan en un mismo individuo; de manera que he tenido la necesidad de crearme otro yo. Por ejemplo, Batman es un empresario de d\u00eda y un justiciero en la noche; en este caso, yo soy una persona ordinaria, pero que hace uso de su alter ego, el fantasma. Y es este personaje el que concede sentidos que me permiten abordar y generar esta investigaci\u00f3n. Al mismo tiempo, me abre un camino para indagar sobre el tiempo, la muerte y lo trivial; lo cruel, lo rom\u00e1ntico y lo banal que supone participar en la experiencia de la vida\u201d.<\/p>\n\n\n\n<p>Su proyecto de tesis cuenta con obras pict\u00f3ricas, objetos recreados que operan como memorias afectivas. \u201cCon&nbsp; la pintura hago un recorrido de recuerdos, donde muestro paisajes que ofrecen interpretaciones a dibujos animados que ve\u00eda desde mi infancia\u201d.<\/p>\n\n\n\n<p>\u00bfCu\u00e1nto tiempo te tom\u00f3 desarrollar <em>SPECTRUM<\/em> y qu\u00e9 recursos utiliz\u00f3? Ray Medina Reyes sostiene que cuando entr\u00f3 al proceso de titulaci\u00f3n ya ten\u00eda en claro lo que quer\u00eda hacer, \u201cas\u00ed que fui directo a trabajar en la estructura de las obras y me demor\u00e9 lo que dura un semestre: alrededor de seis meses. Para expresar el cuerpo de obra de la propuesta utilic\u00e9 pintura, instalaci\u00f3n art\u00edstica y dibujo.<\/p>\n\n\n\n<p>Ray Medina Reyes comenta que ya hab\u00eda realizado la predefensa de su tesis cuando, por el COVID-19, se decret\u00f3 la emergencia sanitaria nacional y la cuarentena. \u201cLo coment\u00f3 porque la sustentaci\u00f3n en modalidad virtual no me caus\u00f3 conflictos, puesto que yo manejaba mi tema muy bien y no hubo dificultad de exponerlo v\u00eda internet. Me adapt\u00e9 al proceso f\u00e1cilmente, ya que, adem\u00e1s, practiqu\u00e9 con compa\u00f1eros en el programa Zoom\u201d.<\/p>\n\n\n\n<p>El ahora egresado de la Escuela de Artes Visuales indica que no recibi\u00f3 clases virtual porque ya solo le restaba la sustentaci\u00f3n de tesis, \u201cpero imagino que no muchos cuentan con internet en casa, por lo que pienso que se debe subir las clases a una plataforma de defunci\u00f3n m\u00e1s accesible&nbsp; (YouTube)\u201d.<\/p>\n\n\n\n<p>Siempre ha trabajado la pintura, por lo que para su exposici\u00f3n concibi\u00f3 que sus obras se alejaran del concepto de la pintura tradicional. Entre sus planes inmediatos est\u00e1 el seguir trabajando con la pintura e investigar en el video. \u201cSeguir trabajando en mi taller y participar en las exposiciones que se vienen\u201d.<\/p>","protected":false},"excerpt":{"rendered":"<p>El 28 de abril de 2020, v\u00eda videoconferencia, Ray Medina Reyes sustent\u00f3 la tesis SPECTRUM. Del contenido de su proyecto, de su concepci\u00f3n y de las ense\u00f1anzas que le dej\u00f3 el proceso, es el estudiante de la Escuela de Artes Visuales.<\/p>","protected":false},"author":1,"featured_media":7026,"comment_status":"closed","ping_status":"closed","sticky":false,"template":"","format":"standard","meta":{"_acf_changed":false,"_uag_custom_page_level_css":"","_monsterinsights_skip_tracking":false,"_monsterinsights_sitenote_active":false,"_monsterinsights_sitenote_note":"","_monsterinsights_sitenote_category":0,"cybocfi_hide_featured_image":"","footnotes":""},"categories":[80,157,76],"tags":[211],"infouartes":[],"class_list":["post-7025","post","type-post","status-publish","format-standard","has-post-thumbnail","hentry","category-academico","category-artes-visuales","category-estudiantes","tag-covid19"],"acf":[],"yoast_head":"<!-- This site is optimized with the Yoast SEO plugin v27.4 - https:\/\/yoast.com\/product\/yoast-seo-wordpress\/ -->\n<title>Universidad de las Artes - Ray Medina Reyes y la investigaci\u00f3n que lo llev\u00f3 a \u201cSPECTRUM\u201d, su tesis de grado<\/title>\n<meta name=\"description\" content=\"Universidad de las Artes - Ray Medina Reyes y la investigaci\u00f3n que lo llev\u00f3 a \u201cSPECTRUM\u201d, su tesis de grado\" \/>\n<meta name=\"robots\" content=\"index, follow, max-snippet:-1, max-image-preview:large, max-video-preview:-1\" \/>\n<link rel=\"canonical\" href=\"https:\/\/www.uartes.edu.ec\/sitio\/fr\/blog\/2020\/05\/17\/ray-medina-reyes-y-la-investigacion-que-lo-llevo-a-spectrum-su-tesis-de-grado\/\" \/>\n<meta property=\"og:locale\" content=\"fr_FR\" \/>\n<meta property=\"og:type\" content=\"article\" \/>\n<meta property=\"og:title\" content=\"Universidad de las Artes - Ray Medina Reyes y la investigaci\u00f3n que lo llev\u00f3 a \u201cSPECTRUM\u201d, su tesis de grado\" \/>\n<meta property=\"og:description\" content=\"Universidad de las Artes - Ray Medina Reyes y la investigaci\u00f3n que lo llev\u00f3 a \u201cSPECTRUM\u201d, su tesis de grado\" \/>\n<meta property=\"og:url\" content=\"https:\/\/www.uartes.edu.ec\/sitio\/fr\/blog\/2020\/05\/17\/ray-medina-reyes-y-la-investigacion-que-lo-llevo-a-spectrum-su-tesis-de-grado\/\" \/>\n<meta property=\"og:site_name\" content=\"Universidad de las Artes\" \/>\n<meta property=\"article:publisher\" content=\"https:\/\/www.facebook.com\/uartesec\" \/>\n<meta property=\"article:published_time\" content=\"2020-05-17T13:22:51+00:00\" \/>\n<meta property=\"article:modified_time\" content=\"2024-07-04T16:43:09+00:00\" \/>\n<meta property=\"og:image\" content=\"https:\/\/www.uartes.edu.ec\/sitio\/wp-content\/uploads\/2020\/05\/RAY-ADRIANO-MEDINA-REYES.jpg\" \/>\n\t<meta property=\"og:image:width\" content=\"2000\" \/>\n\t<meta property=\"og:image:height\" content=\"1333\" \/>\n\t<meta property=\"og:image:type\" content=\"image\/jpeg\" \/>\n<meta name=\"author\" content=\"Universidad de las Artes\" \/>\n<meta name=\"twitter:card\" content=\"summary_large_image\" \/>\n<meta name=\"twitter:creator\" content=\"@uartesec\" \/>\n<meta name=\"twitter:site\" content=\"@uartesec\" \/>\n<meta name=\"twitter:label1\" content=\"\u00c9crit par\" \/>\n\t<meta name=\"twitter:data1\" content=\"Universidad de las Artes\" \/>\n\t<meta name=\"twitter:label2\" content=\"Dur\u00e9e de lecture estim\u00e9e\" \/>\n\t<meta name=\"twitter:data2\" content=\"2 minutes\" \/>\n<script type=\"application\/ld+json\" class=\"yoast-schema-graph\">{\"@context\":\"https:\\\/\\\/schema.org\",\"@graph\":[{\"@type\":\"Article\",\"@id\":\"https:\\\/\\\/www.uartes.edu.ec\\\/sitio\\\/fr\\\/blog\\\/2020\\\/05\\\/17\\\/ray-medina-reyes-y-la-investigacion-que-lo-llevo-a-spectrum-su-tesis-de-grado\\\/#article\",\"isPartOf\":{\"@id\":\"https:\\\/\\\/www.uartes.edu.ec\\\/sitio\\\/fr\\\/blog\\\/2020\\\/05\\\/17\\\/ray-medina-reyes-y-la-investigacion-que-lo-llevo-a-spectrum-su-tesis-de-grado\\\/\"},\"author\":{\"name\":\"Universidad de las Artes\",\"@id\":\"https:\\\/\\\/www.uartes.edu.ec\\\/sitio\\\/fr\\\/#\\\/schema\\\/person\\\/f33f8c1d2af0d5c80a38c8abf458184a\"},\"headline\":\"Ray Medina Reyes y la investigaci\u00f3n que lo llev\u00f3 a \u201cSPECTRUM\u201d, su tesis de grado\",\"datePublished\":\"2020-05-17T13:22:51+00:00\",\"dateModified\":\"2024-07-04T16:43:09+00:00\",\"mainEntityOfPage\":{\"@id\":\"https:\\\/\\\/www.uartes.edu.ec\\\/sitio\\\/fr\\\/blog\\\/2020\\\/05\\\/17\\\/ray-medina-reyes-y-la-investigacion-que-lo-llevo-a-spectrum-su-tesis-de-grado\\\/\"},\"wordCount\":480,\"publisher\":{\"@id\":\"https:\\\/\\\/www.uartes.edu.ec\\\/sitio\\\/fr\\\/#organization\"},\"image\":{\"@id\":\"https:\\\/\\\/www.uartes.edu.ec\\\/sitio\\\/fr\\\/blog\\\/2020\\\/05\\\/17\\\/ray-medina-reyes-y-la-investigacion-que-lo-llevo-a-spectrum-su-tesis-de-grado\\\/#primaryimage\"},\"thumbnailUrl\":\"https:\\\/\\\/www.uartes.edu.ec\\\/sitio\\\/wp-content\\\/uploads\\\/2020\\\/05\\\/RAY-ADRIANO-MEDINA-REYES.jpg\",\"keywords\":[\"covid19\"],\"articleSection\":[\"Acad\u00e9mico\",\"Artes Visuales\",\"Estudiantes\"],\"inLanguage\":\"fr-FR\"},{\"@type\":[\"WebPage\",\"ItemPage\"],\"@id\":\"https:\\\/\\\/www.uartes.edu.ec\\\/sitio\\\/fr\\\/blog\\\/2020\\\/05\\\/17\\\/ray-medina-reyes-y-la-investigacion-que-lo-llevo-a-spectrum-su-tesis-de-grado\\\/\",\"url\":\"https:\\\/\\\/www.uartes.edu.ec\\\/sitio\\\/fr\\\/blog\\\/2020\\\/05\\\/17\\\/ray-medina-reyes-y-la-investigacion-que-lo-llevo-a-spectrum-su-tesis-de-grado\\\/\",\"name\":\"Universidad de las Artes - Ray Medina Reyes y la investigaci\u00f3n que lo llev\u00f3 a \u201cSPECTRUM\u201d, su tesis de grado\",\"isPartOf\":{\"@id\":\"https:\\\/\\\/www.uartes.edu.ec\\\/sitio\\\/fr\\\/#website\"},\"primaryImageOfPage\":{\"@id\":\"https:\\\/\\\/www.uartes.edu.ec\\\/sitio\\\/fr\\\/blog\\\/2020\\\/05\\\/17\\\/ray-medina-reyes-y-la-investigacion-que-lo-llevo-a-spectrum-su-tesis-de-grado\\\/#primaryimage\"},\"image\":{\"@id\":\"https:\\\/\\\/www.uartes.edu.ec\\\/sitio\\\/fr\\\/blog\\\/2020\\\/05\\\/17\\\/ray-medina-reyes-y-la-investigacion-que-lo-llevo-a-spectrum-su-tesis-de-grado\\\/#primaryimage\"},\"thumbnailUrl\":\"https:\\\/\\\/www.uartes.edu.ec\\\/sitio\\\/wp-content\\\/uploads\\\/2020\\\/05\\\/RAY-ADRIANO-MEDINA-REYES.jpg\",\"datePublished\":\"2020-05-17T13:22:51+00:00\",\"dateModified\":\"2024-07-04T16:43:09+00:00\",\"description\":\"Universidad de las Artes - Ray Medina Reyes y la investigaci\u00f3n que lo llev\u00f3 a \u201cSPECTRUM\u201d, su tesis de grado\",\"breadcrumb\":{\"@id\":\"https:\\\/\\\/www.uartes.edu.ec\\\/sitio\\\/fr\\\/blog\\\/2020\\\/05\\\/17\\\/ray-medina-reyes-y-la-investigacion-que-lo-llevo-a-spectrum-su-tesis-de-grado\\\/#breadcrumb\"},\"inLanguage\":\"fr-FR\",\"potentialAction\":[{\"@type\":\"ReadAction\",\"target\":[\"https:\\\/\\\/www.uartes.edu.ec\\\/sitio\\\/fr\\\/blog\\\/2020\\\/05\\\/17\\\/ray-medina-reyes-y-la-investigacion-que-lo-llevo-a-spectrum-su-tesis-de-grado\\\/\"]}]},{\"@type\":\"ImageObject\",\"inLanguage\":\"fr-FR\",\"@id\":\"https:\\\/\\\/www.uartes.edu.ec\\\/sitio\\\/fr\\\/blog\\\/2020\\\/05\\\/17\\\/ray-medina-reyes-y-la-investigacion-que-lo-llevo-a-spectrum-su-tesis-de-grado\\\/#primaryimage\",\"url\":\"https:\\\/\\\/www.uartes.edu.ec\\\/sitio\\\/wp-content\\\/uploads\\\/2020\\\/05\\\/RAY-ADRIANO-MEDINA-REYES.jpg\",\"contentUrl\":\"https:\\\/\\\/www.uartes.edu.ec\\\/sitio\\\/wp-content\\\/uploads\\\/2020\\\/05\\\/RAY-ADRIANO-MEDINA-REYES.jpg\",\"width\":2000,\"height\":1333},{\"@type\":\"BreadcrumbList\",\"@id\":\"https:\\\/\\\/www.uartes.edu.ec\\\/sitio\\\/fr\\\/blog\\\/2020\\\/05\\\/17\\\/ray-medina-reyes-y-la-investigacion-que-lo-llevo-a-spectrum-su-tesis-de-grado\\\/#breadcrumb\",\"itemListElement\":[{\"@type\":\"ListItem\",\"position\":1,\"name\":\"Inicio\",\"item\":\"https:\\\/\\\/www.uartes.edu.ec\\\/sitio\\\/\"},{\"@type\":\"ListItem\",\"position\":2,\"name\":\"Ray Medina Reyes y la investigaci\u00f3n que lo llev\u00f3 a \u201cSPECTRUM\u201d, su tesis de grado\"}]},{\"@type\":\"WebSite\",\"@id\":\"https:\\\/\\\/www.uartes.edu.ec\\\/sitio\\\/fr\\\/#website\",\"url\":\"https:\\\/\\\/www.uartes.edu.ec\\\/sitio\\\/fr\\\/\",\"name\":\"Universidad de las Artes\",\"description\":\"Sitio oficial de la Universidad Nacional de las Artes del Ecuador\",\"publisher\":{\"@id\":\"https:\\\/\\\/www.uartes.edu.ec\\\/sitio\\\/fr\\\/#organization\"},\"potentialAction\":[{\"@type\":\"SearchAction\",\"target\":{\"@type\":\"EntryPoint\",\"urlTemplate\":\"https:\\\/\\\/www.uartes.edu.ec\\\/sitio\\\/fr\\\/?s={search_term_string}\"},\"query-input\":{\"@type\":\"PropertyValueSpecification\",\"valueRequired\":true,\"valueName\":\"search_term_string\"}}],\"inLanguage\":\"fr-FR\"},{\"@type\":\"Organization\",\"@id\":\"https:\\\/\\\/www.uartes.edu.ec\\\/sitio\\\/fr\\\/#organization\",\"name\":\"Universidad de las Artes\",\"url\":\"https:\\\/\\\/www.uartes.edu.ec\\\/sitio\\\/fr\\\/\",\"logo\":{\"@type\":\"ImageObject\",\"inLanguage\":\"fr-FR\",\"@id\":\"https:\\\/\\\/www.uartes.edu.ec\\\/sitio\\\/fr\\\/#\\\/schema\\\/logo\\\/image\\\/\",\"url\":\"https:\\\/\\\/www.uartes.edu.ec\\\/sitio\\\/wp-content\\\/uploads\\\/2022\\\/07\\\/logo-ua-horizontal.png\",\"contentUrl\":\"https:\\\/\\\/www.uartes.edu.ec\\\/sitio\\\/wp-content\\\/uploads\\\/2022\\\/07\\\/logo-ua-horizontal.png\",\"width\":800,\"height\":276,\"caption\":\"Universidad de las Artes\"},\"image\":{\"@id\":\"https:\\\/\\\/www.uartes.edu.ec\\\/sitio\\\/fr\\\/#\\\/schema\\\/logo\\\/image\\\/\"},\"sameAs\":[\"https:\\\/\\\/www.facebook.com\\\/uartesec\",\"https:\\\/\\\/x.com\\\/uartesec\",\"https:\\\/\\\/www.tiktok.com\\\/@uartesec\"]},{\"@type\":\"Person\",\"@id\":\"https:\\\/\\\/www.uartes.edu.ec\\\/sitio\\\/fr\\\/#\\\/schema\\\/person\\\/f33f8c1d2af0d5c80a38c8abf458184a\",\"name\":\"Universidad de las Artes\",\"image\":{\"@type\":\"ImageObject\",\"inLanguage\":\"fr-FR\",\"@id\":\"https:\\\/\\\/secure.gravatar.com\\\/avatar\\\/52e4757902f5cfa5ac52d020e5be83cae5487519154b6c35482fe08d589f3c13?s=96&d=mm&r=g\",\"url\":\"https:\\\/\\\/secure.gravatar.com\\\/avatar\\\/52e4757902f5cfa5ac52d020e5be83cae5487519154b6c35482fe08d589f3c13?s=96&d=mm&r=g\",\"contentUrl\":\"https:\\\/\\\/secure.gravatar.com\\\/avatar\\\/52e4757902f5cfa5ac52d020e5be83cae5487519154b6c35482fe08d589f3c13?s=96&d=mm&r=g\",\"caption\":\"Universidad de las Artes\"},\"url\":\"https:\\\/\\\/www.uartes.edu.ec\\\/sitio\\\/fr\\\/blog\\\/author\\\/dircomadm\\\/\"}]}<\/script>\n<!-- \/ Yoast SEO plugin. -->","yoast_head_json":{"title":"Universidad de las Artes - Ray Medina Reyes y la investigaci\u00f3n que lo llev\u00f3 a \u201cSPECTRUM\u201d, su tesis de grado","description":"Universidad de las Artes - Ray Medina Reyes y la investigaci\u00f3n que lo llev\u00f3 a \u201cSPECTRUM\u201d, su tesis de grado","robots":{"index":"index","follow":"follow","max-snippet":"max-snippet:-1","max-image-preview":"max-image-preview:large","max-video-preview":"max-video-preview:-1"},"canonical":"https:\/\/www.uartes.edu.ec\/sitio\/fr\/blog\/2020\/05\/17\/ray-medina-reyes-y-la-investigacion-que-lo-llevo-a-spectrum-su-tesis-de-grado\/","og_locale":"fr_FR","og_type":"article","og_title":"Universidad de las Artes - Ray Medina Reyes y la investigaci\u00f3n que lo llev\u00f3 a \u201cSPECTRUM\u201d, su tesis de grado","og_description":"Universidad de las Artes - Ray Medina Reyes y la investigaci\u00f3n que lo llev\u00f3 a \u201cSPECTRUM\u201d, su tesis de grado","og_url":"https:\/\/www.uartes.edu.ec\/sitio\/fr\/blog\/2020\/05\/17\/ray-medina-reyes-y-la-investigacion-que-lo-llevo-a-spectrum-su-tesis-de-grado\/","og_site_name":"Universidad de las Artes","article_publisher":"https:\/\/www.facebook.com\/uartesec","article_published_time":"2020-05-17T13:22:51+00:00","article_modified_time":"2024-07-04T16:43:09+00:00","og_image":[{"width":2000,"height":1333,"url":"https:\/\/www.uartes.edu.ec\/sitio\/wp-content\/uploads\/2020\/05\/RAY-ADRIANO-MEDINA-REYES.jpg","type":"image\/jpeg"}],"author":"Universidad de las Artes","twitter_card":"summary_large_image","twitter_creator":"@uartesec","twitter_site":"@uartesec","twitter_misc":{"\u00c9crit par":"Universidad de las Artes","Dur\u00e9e de lecture estim\u00e9e":"2 minutes"},"schema":{"@context":"https:\/\/schema.org","@graph":[{"@type":"Article","@id":"https:\/\/www.uartes.edu.ec\/sitio\/fr\/blog\/2020\/05\/17\/ray-medina-reyes-y-la-investigacion-que-lo-llevo-a-spectrum-su-tesis-de-grado\/#article","isPartOf":{"@id":"https:\/\/www.uartes.edu.ec\/sitio\/fr\/blog\/2020\/05\/17\/ray-medina-reyes-y-la-investigacion-que-lo-llevo-a-spectrum-su-tesis-de-grado\/"},"author":{"name":"Universidad de las Artes","@id":"https:\/\/www.uartes.edu.ec\/sitio\/fr\/#\/schema\/person\/f33f8c1d2af0d5c80a38c8abf458184a"},"headline":"Ray Medina Reyes y la investigaci\u00f3n que lo llev\u00f3 a \u201cSPECTRUM\u201d, su tesis de grado","datePublished":"2020-05-17T13:22:51+00:00","dateModified":"2024-07-04T16:43:09+00:00","mainEntityOfPage":{"@id":"https:\/\/www.uartes.edu.ec\/sitio\/fr\/blog\/2020\/05\/17\/ray-medina-reyes-y-la-investigacion-que-lo-llevo-a-spectrum-su-tesis-de-grado\/"},"wordCount":480,"publisher":{"@id":"https:\/\/www.uartes.edu.ec\/sitio\/fr\/#organization"},"image":{"@id":"https:\/\/www.uartes.edu.ec\/sitio\/fr\/blog\/2020\/05\/17\/ray-medina-reyes-y-la-investigacion-que-lo-llevo-a-spectrum-su-tesis-de-grado\/#primaryimage"},"thumbnailUrl":"https:\/\/www.uartes.edu.ec\/sitio\/wp-content\/uploads\/2020\/05\/RAY-ADRIANO-MEDINA-REYES.jpg","keywords":["covid19"],"articleSection":["Acad\u00e9mico","Artes Visuales","Estudiantes"],"inLanguage":"fr-FR"},{"@type":["WebPage","ItemPage"],"@id":"https:\/\/www.uartes.edu.ec\/sitio\/fr\/blog\/2020\/05\/17\/ray-medina-reyes-y-la-investigacion-que-lo-llevo-a-spectrum-su-tesis-de-grado\/","url":"https:\/\/www.uartes.edu.ec\/sitio\/fr\/blog\/2020\/05\/17\/ray-medina-reyes-y-la-investigacion-que-lo-llevo-a-spectrum-su-tesis-de-grado\/","name":"Universidad de las Artes - Ray Medina Reyes y la investigaci\u00f3n que lo llev\u00f3 a \u201cSPECTRUM\u201d, su tesis de grado","isPartOf":{"@id":"https:\/\/www.uartes.edu.ec\/sitio\/fr\/#website"},"primaryImageOfPage":{"@id":"https:\/\/www.uartes.edu.ec\/sitio\/fr\/blog\/2020\/05\/17\/ray-medina-reyes-y-la-investigacion-que-lo-llevo-a-spectrum-su-tesis-de-grado\/#primaryimage"},"image":{"@id":"https:\/\/www.uartes.edu.ec\/sitio\/fr\/blog\/2020\/05\/17\/ray-medina-reyes-y-la-investigacion-que-lo-llevo-a-spectrum-su-tesis-de-grado\/#primaryimage"},"thumbnailUrl":"https:\/\/www.uartes.edu.ec\/sitio\/wp-content\/uploads\/2020\/05\/RAY-ADRIANO-MEDINA-REYES.jpg","datePublished":"2020-05-17T13:22:51+00:00","dateModified":"2024-07-04T16:43:09+00:00","description":"Universidad de las Artes - Ray Medina Reyes y la investigaci\u00f3n que lo llev\u00f3 a \u201cSPECTRUM\u201d, su tesis de grado","breadcrumb":{"@id":"https:\/\/www.uartes.edu.ec\/sitio\/fr\/blog\/2020\/05\/17\/ray-medina-reyes-y-la-investigacion-que-lo-llevo-a-spectrum-su-tesis-de-grado\/#breadcrumb"},"inLanguage":"fr-FR","potentialAction":[{"@type":"ReadAction","target":["https:\/\/www.uartes.edu.ec\/sitio\/fr\/blog\/2020\/05\/17\/ray-medina-reyes-y-la-investigacion-que-lo-llevo-a-spectrum-su-tesis-de-grado\/"]}]},{"@type":"ImageObject","inLanguage":"fr-FR","@id":"https:\/\/www.uartes.edu.ec\/sitio\/fr\/blog\/2020\/05\/17\/ray-medina-reyes-y-la-investigacion-que-lo-llevo-a-spectrum-su-tesis-de-grado\/#primaryimage","url":"https:\/\/www.uartes.edu.ec\/sitio\/wp-content\/uploads\/2020\/05\/RAY-ADRIANO-MEDINA-REYES.jpg","contentUrl":"https:\/\/www.uartes.edu.ec\/sitio\/wp-content\/uploads\/2020\/05\/RAY-ADRIANO-MEDINA-REYES.jpg","width":2000,"height":1333},{"@type":"BreadcrumbList","@id":"https:\/\/www.uartes.edu.ec\/sitio\/fr\/blog\/2020\/05\/17\/ray-medina-reyes-y-la-investigacion-que-lo-llevo-a-spectrum-su-tesis-de-grado\/#breadcrumb","itemListElement":[{"@type":"ListItem","position":1,"name":"Inicio","item":"https:\/\/www.uartes.edu.ec\/sitio\/"},{"@type":"ListItem","position":2,"name":"Ray Medina Reyes y la investigaci\u00f3n que lo llev\u00f3 a \u201cSPECTRUM\u201d, su tesis de grado"}]},{"@type":"WebSite","@id":"https:\/\/www.uartes.edu.ec\/sitio\/fr\/#website","url":"https:\/\/www.uartes.edu.ec\/sitio\/fr\/","name":"Universidad de las Artes","description":"Sitio oficial de la Universidad Nacional de las Artes del Ecuador","publisher":{"@id":"https:\/\/www.uartes.edu.ec\/sitio\/fr\/#organization"},"potentialAction":[{"@type":"SearchAction","target":{"@type":"EntryPoint","urlTemplate":"https:\/\/www.uartes.edu.ec\/sitio\/fr\/?s={search_term_string}"},"query-input":{"@type":"PropertyValueSpecification","valueRequired":true,"valueName":"search_term_string"}}],"inLanguage":"fr-FR"},{"@type":"Organization","@id":"https:\/\/www.uartes.edu.ec\/sitio\/fr\/#organization","name":"Universidad de las Artes","url":"https:\/\/www.uartes.edu.ec\/sitio\/fr\/","logo":{"@type":"ImageObject","inLanguage":"fr-FR","@id":"https:\/\/www.uartes.edu.ec\/sitio\/fr\/#\/schema\/logo\/image\/","url":"https:\/\/www.uartes.edu.ec\/sitio\/wp-content\/uploads\/2022\/07\/logo-ua-horizontal.png","contentUrl":"https:\/\/www.uartes.edu.ec\/sitio\/wp-content\/uploads\/2022\/07\/logo-ua-horizontal.png","width":800,"height":276,"caption":"Universidad de las Artes"},"image":{"@id":"https:\/\/www.uartes.edu.ec\/sitio\/fr\/#\/schema\/logo\/image\/"},"sameAs":["https:\/\/www.facebook.com\/uartesec","https:\/\/x.com\/uartesec","https:\/\/www.tiktok.com\/@uartesec"]},{"@type":"Person","@id":"https:\/\/www.uartes.edu.ec\/sitio\/fr\/#\/schema\/person\/f33f8c1d2af0d5c80a38c8abf458184a","name":"Universidad de las Artes","image":{"@type":"ImageObject","inLanguage":"fr-FR","@id":"https:\/\/secure.gravatar.com\/avatar\/52e4757902f5cfa5ac52d020e5be83cae5487519154b6c35482fe08d589f3c13?s=96&d=mm&r=g","url":"https:\/\/secure.gravatar.com\/avatar\/52e4757902f5cfa5ac52d020e5be83cae5487519154b6c35482fe08d589f3c13?s=96&d=mm&r=g","contentUrl":"https:\/\/secure.gravatar.com\/avatar\/52e4757902f5cfa5ac52d020e5be83cae5487519154b6c35482fe08d589f3c13?s=96&d=mm&r=g","caption":"Universidad de las Artes"},"url":"https:\/\/www.uartes.edu.ec\/sitio\/fr\/blog\/author\/dircomadm\/"}]}},"uagb_featured_image_src":{"full":["https:\/\/www.uartes.edu.ec\/sitio\/wp-content\/uploads\/2020\/05\/RAY-ADRIANO-MEDINA-REYES.jpg",2000,1333,false],"thumbnail":["https:\/\/www.uartes.edu.ec\/sitio\/wp-content\/uploads\/2020\/05\/RAY-ADRIANO-MEDINA-REYES-150x150.jpg",150,150,true],"medium":["https:\/\/www.uartes.edu.ec\/sitio\/wp-content\/uploads\/2020\/05\/RAY-ADRIANO-MEDINA-REYES-300x200.jpg",300,200,true],"medium_large":["https:\/\/www.uartes.edu.ec\/sitio\/wp-content\/uploads\/2020\/05\/RAY-ADRIANO-MEDINA-REYES-768x512.jpg",768,512,true],"large":["https:\/\/www.uartes.edu.ec\/sitio\/wp-content\/uploads\/2020\/05\/RAY-ADRIANO-MEDINA-REYES-644x429.jpg",644,429,true],"1536x1536":["https:\/\/www.uartes.edu.ec\/sitio\/wp-content\/uploads\/2020\/05\/RAY-ADRIANO-MEDINA-REYES-1536x1024.jpg",1536,1024,true],"2048x2048":["https:\/\/www.uartes.edu.ec\/sitio\/wp-content\/uploads\/2020\/05\/RAY-ADRIANO-MEDINA-REYES.jpg",2000,1333,false],"trp-custom-language-flag":["https:\/\/www.uartes.edu.ec\/sitio\/wp-content\/uploads\/2020\/05\/RAY-ADRIANO-MEDINA-REYES.jpg",18,12,false],"htmega_size_585x295":["https:\/\/www.uartes.edu.ec\/sitio\/wp-content\/uploads\/2020\/05\/RAY-ADRIANO-MEDINA-REYES.jpg",443,295,false],"htmega_size_1170x536":["https:\/\/www.uartes.edu.ec\/sitio\/wp-content\/uploads\/2020\/05\/RAY-ADRIANO-MEDINA-REYES.jpg",804,536,false],"htmega_size_396x360":["https:\/\/www.uartes.edu.ec\/sitio\/wp-content\/uploads\/2020\/05\/RAY-ADRIANO-MEDINA-REYES.jpg",396,264,false],"gb-block-post-grid-landscape":["https:\/\/www.uartes.edu.ec\/sitio\/wp-content\/uploads\/2020\/05\/RAY-ADRIANO-MEDINA-REYES.jpg",600,400,false],"gb-block-post-grid-square":["https:\/\/www.uartes.edu.ec\/sitio\/wp-content\/uploads\/2020\/05\/RAY-ADRIANO-MEDINA-REYES.jpg",600,400,false],"university-hub-thumb":["https:\/\/www.uartes.edu.ec\/sitio\/wp-content\/uploads\/2020\/05\/RAY-ADRIANO-MEDINA-REYES-400x267.jpg",400,267,true]},"uagb_author_info":{"display_name":"Universidad de las Artes","author_link":"https:\/\/www.uartes.edu.ec\/sitio\/fr\/blog\/author\/dircomadm\/"},"uagb_comment_info":0,"uagb_excerpt":"El 28 de abril de 2020, v\u00eda videoconferencia, Ray Medina Reyes sustent\u00f3 la tesis SPECTRUM. Del contenido de su proyecto, de su concepci\u00f3n y de las ense\u00f1anzas que le dej\u00f3 el proceso, es el estudiante de la Escuela de Artes Visuales.","featured_image_src":"https:\/\/www.uartes.edu.ec\/sitio\/wp-content\/uploads\/2020\/05\/RAY-ADRIANO-MEDINA-REYES.jpg","featured_image_src_square":"https:\/\/www.uartes.edu.ec\/sitio\/wp-content\/uploads\/2020\/05\/RAY-ADRIANO-MEDINA-REYES.jpg","author_info":{"display_name":"Universidad de las Artes","author_link":"https:\/\/www.uartes.edu.ec\/sitio\/fr\/blog\/author\/dircomadm\/"},"publishpress_future_workflow_manual_trigger":{"enabledWorkflows":[]},"distributor_meta":false,"distributor_terms":false,"distributor_media":false,"distributor_original_site_name":"Universidad de las Artes","distributor_original_site_url":"https:\/\/www.uartes.edu.ec\/sitio\/fr","push-errors":false,"_links":{"self":[{"href":"https:\/\/www.uartes.edu.ec\/sitio\/fr\/wp-json\/wp\/v2\/posts\/7025","targetHints":{"allow":["GET"]}}],"collection":[{"href":"https:\/\/www.uartes.edu.ec\/sitio\/fr\/wp-json\/wp\/v2\/posts"}],"about":[{"href":"https:\/\/www.uartes.edu.ec\/sitio\/fr\/wp-json\/wp\/v2\/types\/post"}],"author":[{"embeddable":true,"href":"https:\/\/www.uartes.edu.ec\/sitio\/fr\/wp-json\/wp\/v2\/users\/1"}],"replies":[{"embeddable":true,"href":"https:\/\/www.uartes.edu.ec\/sitio\/fr\/wp-json\/wp\/v2\/comments?post=7025"}],"version-history":[{"count":1,"href":"https:\/\/www.uartes.edu.ec\/sitio\/fr\/wp-json\/wp\/v2\/posts\/7025\/revisions"}],"predecessor-version":[{"id":7027,"href":"https:\/\/www.uartes.edu.ec\/sitio\/fr\/wp-json\/wp\/v2\/posts\/7025\/revisions\/7027"}],"wp:featuredmedia":[{"embeddable":true,"href":"https:\/\/www.uartes.edu.ec\/sitio\/fr\/wp-json\/wp\/v2\/media\/7026"}],"wp:attachment":[{"href":"https:\/\/www.uartes.edu.ec\/sitio\/fr\/wp-json\/wp\/v2\/media?parent=7025"}],"wp:term":[{"taxonomy":"category","embeddable":true,"href":"https:\/\/www.uartes.edu.ec\/sitio\/fr\/wp-json\/wp\/v2\/categories?post=7025"},{"taxonomy":"post_tag","embeddable":true,"href":"https:\/\/www.uartes.edu.ec\/sitio\/fr\/wp-json\/wp\/v2\/tags?post=7025"},{"taxonomy":"infouartes","embeddable":true,"href":"https:\/\/www.uartes.edu.ec\/sitio\/fr\/wp-json\/wp\/v2\/infouartes?post=7025"}],"curies":[{"name":"wp","href":"https:\/\/api.w.org\/{rel}","templated":true}]}}