{"id":70356,"date":"2025-04-09T15:33:00","date_gmt":"2025-04-09T20:33:00","guid":{"rendered":"https:\/\/www.uartes.edu.ec\/sitio\/?p=70356"},"modified":"2025-04-10T17:26:06","modified_gmt":"2025-04-10T22:26:06","slug":"uartes-dio-la-bienvenida-a-los-estudiantes-de-la-espol-y-la-ucg-como-parte-del-programa-de-movilidad-estudiantil-2025-a","status":"publish","type":"post","link":"https:\/\/www.uartes.edu.ec\/sitio\/fr\/blog\/2025\/04\/09\/uartes-dio-la-bienvenida-a-los-estudiantes-de-la-espol-y-la-ucg-como-parte-del-programa-de-movilidad-estudiantil-2025-a\/","title":{"rendered":"UArtes dio la bienvenida a los estudiantes de la Espol y la UCG como parte del Programa de Movilidad Estudiantil 2025 A"},"content":{"rendered":"<p>Con un recorrido por los edificios de la Universidad de las Artes, la Secretar\u00eda Acad\u00e9mica dio la bienvenida a los estudiantes que forman parte del&nbsp;Programa de Movilidad&nbsp;Estudiantil a nivel nacional, correspondiente al per\u00edodo acad\u00e9mico&nbsp;2025 A. Sucedi\u00f3 el pasado&nbsp;lunes 31 de marzo, d\u00eda en que nuestra instituci\u00f3n dio inicio al primer semestre del a\u00f1o en curso.<\/p>\n\n\n\n<p>Los programas de movilidad entre universidades permiten a sus estudiantes el intercambio acad\u00e9mico, consistente en tomar asignaturas para complementar, reforzar y enriquecer su experiencia y preparaci\u00f3n en carreras de pregrado.<\/p>\n\n\n\n<p>En el recorrido por la UArtes participaron estudiantes de la Escuela Superior Polit\u00e9cnica del Litoral (Espol) y de la Universidad Casa Grande (UCG). Con el acompa\u00f1amiento de mag\u00edster Mishell Paredes, funcionaria de la Secretar\u00eda Acad\u00e9mica, las instalaciones visitadas fueron, entre otras, la Biblioteca de las Artes, el MZ14 Centro de Producci\u00f3n e Innovaci\u00f3n, los pabellones Araceli Gilbert y Pablo Palacio, as\u00ed como el Pasaje Illingworth, ubicados en el antiguo Palacio de la Gobernaci\u00f3n, nuestra sede matriz.<\/p>\n\n\n<div class=\"wp-block-image\">\n<figure class=\"aligncenter size-large is-resized\"><img fetchpriority=\"high\" decoding=\"async\" width=\"644\" height=\"429\" src=\"https:\/\/www.uartes.edu.ec\/sitio\/wp-content\/uploads\/2025\/04\/07-MOVILIDAD-ESTUDIANTIL-2025-WEB-644x429.jpg\" alt=\"\" class=\"wp-image-70358\" style=\"aspect-ratio:1.5012147105637932;width:606px;height:auto\" srcset=\"https:\/\/www.uartes.edu.ec\/sitio\/wp-content\/uploads\/2025\/04\/07-MOVILIDAD-ESTUDIANTIL-2025-WEB-644x429.jpg 644w, https:\/\/www.uartes.edu.ec\/sitio\/wp-content\/uploads\/2025\/04\/07-MOVILIDAD-ESTUDIANTIL-2025-WEB-300x200.jpg 300w, https:\/\/www.uartes.edu.ec\/sitio\/wp-content\/uploads\/2025\/04\/07-MOVILIDAD-ESTUDIANTIL-2025-WEB-768x512.jpg 768w, https:\/\/www.uartes.edu.ec\/sitio\/wp-content\/uploads\/2025\/04\/07-MOVILIDAD-ESTUDIANTIL-2025-WEB-1536x1024.jpg 1536w, https:\/\/www.uartes.edu.ec\/sitio\/wp-content\/uploads\/2025\/04\/07-MOVILIDAD-ESTUDIANTIL-2025-WEB-18x12.jpg 18w, https:\/\/www.uartes.edu.ec\/sitio\/wp-content\/uploads\/2025\/04\/07-MOVILIDAD-ESTUDIANTIL-2025-WEB-600x400.jpg 600w, https:\/\/www.uartes.edu.ec\/sitio\/wp-content\/uploads\/2025\/04\/07-MOVILIDAD-ESTUDIANTIL-2025-WEB-400x267.jpg 400w, https:\/\/www.uartes.edu.ec\/sitio\/wp-content\/uploads\/2025\/04\/07-MOVILIDAD-ESTUDIANTIL-2025-WEB.jpg 2000w\" sizes=\"(max-width: 644px) 100vw, 644px\" \/><\/figure>\n<\/div>\n\n\n<figure class=\"wp-block-gallery has-nested-images columns-default is-cropped wp-block-gallery-1 is-layout-flex wp-block-gallery-is-layout-flex\">\n<figure class=\"wp-block-image size-large\"><img decoding=\"async\" width=\"644\" height=\"429\" data-id=\"70359\" src=\"https:\/\/www.uartes.edu.ec\/sitio\/wp-content\/uploads\/2025\/04\/09-MOVILIDAD-ESTUDIANTIL-2025-WEB-644x429.jpg\" alt=\"\" class=\"wp-image-70359\" srcset=\"https:\/\/www.uartes.edu.ec\/sitio\/wp-content\/uploads\/2025\/04\/09-MOVILIDAD-ESTUDIANTIL-2025-WEB-644x429.jpg 644w, https:\/\/www.uartes.edu.ec\/sitio\/wp-content\/uploads\/2025\/04\/09-MOVILIDAD-ESTUDIANTIL-2025-WEB-300x200.jpg 300w, https:\/\/www.uartes.edu.ec\/sitio\/wp-content\/uploads\/2025\/04\/09-MOVILIDAD-ESTUDIANTIL-2025-WEB-768x512.jpg 768w, https:\/\/www.uartes.edu.ec\/sitio\/wp-content\/uploads\/2025\/04\/09-MOVILIDAD-ESTUDIANTIL-2025-WEB-1536x1024.jpg 1536w, https:\/\/www.uartes.edu.ec\/sitio\/wp-content\/uploads\/2025\/04\/09-MOVILIDAD-ESTUDIANTIL-2025-WEB-18x12.jpg 18w, https:\/\/www.uartes.edu.ec\/sitio\/wp-content\/uploads\/2025\/04\/09-MOVILIDAD-ESTUDIANTIL-2025-WEB-600x400.jpg 600w, https:\/\/www.uartes.edu.ec\/sitio\/wp-content\/uploads\/2025\/04\/09-MOVILIDAD-ESTUDIANTIL-2025-WEB-400x267.jpg 400w, https:\/\/www.uartes.edu.ec\/sitio\/wp-content\/uploads\/2025\/04\/09-MOVILIDAD-ESTUDIANTIL-2025-WEB.jpg 2000w\" sizes=\"(max-width: 644px) 100vw, 644px\" \/><\/figure>\n\n\n\n<figure class=\"wp-block-image size-large\"><img decoding=\"async\" width=\"644\" height=\"429\" data-id=\"70360\" src=\"https:\/\/www.uartes.edu.ec\/sitio\/wp-content\/uploads\/2025\/04\/06-MOVILIDAD-ESTUDIANTIL-2025-WEB-644x429.jpg\" alt=\"\" class=\"wp-image-70360\" srcset=\"https:\/\/www.uartes.edu.ec\/sitio\/wp-content\/uploads\/2025\/04\/06-MOVILIDAD-ESTUDIANTIL-2025-WEB-644x429.jpg 644w, https:\/\/www.uartes.edu.ec\/sitio\/wp-content\/uploads\/2025\/04\/06-MOVILIDAD-ESTUDIANTIL-2025-WEB-300x200.jpg 300w, https:\/\/www.uartes.edu.ec\/sitio\/wp-content\/uploads\/2025\/04\/06-MOVILIDAD-ESTUDIANTIL-2025-WEB-768x512.jpg 768w, https:\/\/www.uartes.edu.ec\/sitio\/wp-content\/uploads\/2025\/04\/06-MOVILIDAD-ESTUDIANTIL-2025-WEB-1536x1024.jpg 1536w, https:\/\/www.uartes.edu.ec\/sitio\/wp-content\/uploads\/2025\/04\/06-MOVILIDAD-ESTUDIANTIL-2025-WEB-18x12.jpg 18w, https:\/\/www.uartes.edu.ec\/sitio\/wp-content\/uploads\/2025\/04\/06-MOVILIDAD-ESTUDIANTIL-2025-WEB-600x400.jpg 600w, https:\/\/www.uartes.edu.ec\/sitio\/wp-content\/uploads\/2025\/04\/06-MOVILIDAD-ESTUDIANTIL-2025-WEB-400x267.jpg 400w, https:\/\/www.uartes.edu.ec\/sitio\/wp-content\/uploads\/2025\/04\/06-MOVILIDAD-ESTUDIANTIL-2025-WEB.jpg 2000w\" sizes=\"(max-width: 644px) 100vw, 644px\" \/><\/figure>\n<\/figure>\n\n\n\n<p>Actualmente, son&nbsp;catorce los estudiantes de la Espol&nbsp;y&nbsp;cinco de la UCG que cursan asignaturas en la UArtes y nuestros alumnos lo har\u00e1n en las instituciones mencionadas cuando estas inicien su periodo acad\u00e9mico 2025. \u201cEstamos actualmente en la etapa de&nbsp;preinscripci\u00f3n, proceso que estar\u00e1 vigente hasta este&nbsp;10 de abril\u201d, refiri\u00f3 la mag\u00edster Paredes.<\/p>\n\n\n\n<p>Agreg\u00f3 que las asignaturas de inter\u00e9s en la UArtes por parte de los estudiantes de la Espol son: \u201cLaboratorio de Arte y Tecnolog\u00eda\u201d y \u201cPol\u00edtica y Cultura en Am\u00e9rica Latina\u201d, del Departamento Transversal de Teor\u00edas Cr\u00edticas y Pr\u00e1cticas Experimentales; \u201cFotograf\u00eda b\u00e1sica\u201d, \u201cDibujo b\u00e1sico\u201d y \u201cEdici\u00f3n de imagen en movimiento\u201d, de Artes Visuales; \u201cTaller-laboratorio voz para la escena\u201d, de Danza; y \u201cGuion 1\u201d, de Cine.<\/p>\n\n\n\n<p>De la Universidad Casa Grande, sus estudiantes tienen inter\u00e9s por las materias: \u201cElectivas 1: Problemas contempor\u00e1neos de las artes (Ciudad, espacio p\u00fablico y pr\u00e1cticas art\u00edsticas y Debates sobre artes, feminismo y g\u00e9nero)\u201d y \u201cPol\u00edtica y Cultura en Am\u00e9rica Latina\u201d, del Departamento Transversal; y \u201cArte moderno\u201d, de Artes Visuales.<\/p>\n\n\n\n<figure class=\"wp-block-gallery has-nested-images columns-default is-cropped wp-block-gallery-2 is-layout-flex wp-block-gallery-is-layout-flex\">\n<figure class=\"wp-block-image size-large\"><img loading=\"lazy\" decoding=\"async\" width=\"644\" height=\"429\" data-id=\"70361\" src=\"https:\/\/www.uartes.edu.ec\/sitio\/wp-content\/uploads\/2025\/04\/05-MOVILIDAD-ESTUDIANTIL-2025-WEB-644x429.jpg\" alt=\"\" class=\"wp-image-70361\" srcset=\"https:\/\/www.uartes.edu.ec\/sitio\/wp-content\/uploads\/2025\/04\/05-MOVILIDAD-ESTUDIANTIL-2025-WEB-644x429.jpg 644w, https:\/\/www.uartes.edu.ec\/sitio\/wp-content\/uploads\/2025\/04\/05-MOVILIDAD-ESTUDIANTIL-2025-WEB-300x200.jpg 300w, https:\/\/www.uartes.edu.ec\/sitio\/wp-content\/uploads\/2025\/04\/05-MOVILIDAD-ESTUDIANTIL-2025-WEB-768x512.jpg 768w, https:\/\/www.uartes.edu.ec\/sitio\/wp-content\/uploads\/2025\/04\/05-MOVILIDAD-ESTUDIANTIL-2025-WEB-1536x1024.jpg 1536w, https:\/\/www.uartes.edu.ec\/sitio\/wp-content\/uploads\/2025\/04\/05-MOVILIDAD-ESTUDIANTIL-2025-WEB-18x12.jpg 18w, https:\/\/www.uartes.edu.ec\/sitio\/wp-content\/uploads\/2025\/04\/05-MOVILIDAD-ESTUDIANTIL-2025-WEB-600x400.jpg 600w, https:\/\/www.uartes.edu.ec\/sitio\/wp-content\/uploads\/2025\/04\/05-MOVILIDAD-ESTUDIANTIL-2025-WEB-400x267.jpg 400w, https:\/\/www.uartes.edu.ec\/sitio\/wp-content\/uploads\/2025\/04\/05-MOVILIDAD-ESTUDIANTIL-2025-WEB.jpg 2000w\" sizes=\"(max-width: 644px) 100vw, 644px\" \/><\/figure>\n\n\n\n<figure class=\"wp-block-image size-large\"><img loading=\"lazy\" decoding=\"async\" width=\"644\" height=\"429\" data-id=\"70362\" src=\"https:\/\/www.uartes.edu.ec\/sitio\/wp-content\/uploads\/2025\/04\/04-MOVILIDAD-ESTUDIANTIL-2025-WEB-644x429.jpg\" alt=\"\" class=\"wp-image-70362\" srcset=\"https:\/\/www.uartes.edu.ec\/sitio\/wp-content\/uploads\/2025\/04\/04-MOVILIDAD-ESTUDIANTIL-2025-WEB-644x429.jpg 644w, https:\/\/www.uartes.edu.ec\/sitio\/wp-content\/uploads\/2025\/04\/04-MOVILIDAD-ESTUDIANTIL-2025-WEB-300x200.jpg 300w, https:\/\/www.uartes.edu.ec\/sitio\/wp-content\/uploads\/2025\/04\/04-MOVILIDAD-ESTUDIANTIL-2025-WEB-768x512.jpg 768w, https:\/\/www.uartes.edu.ec\/sitio\/wp-content\/uploads\/2025\/04\/04-MOVILIDAD-ESTUDIANTIL-2025-WEB-1536x1024.jpg 1536w, https:\/\/www.uartes.edu.ec\/sitio\/wp-content\/uploads\/2025\/04\/04-MOVILIDAD-ESTUDIANTIL-2025-WEB-18x12.jpg 18w, https:\/\/www.uartes.edu.ec\/sitio\/wp-content\/uploads\/2025\/04\/04-MOVILIDAD-ESTUDIANTIL-2025-WEB-600x400.jpg 600w, https:\/\/www.uartes.edu.ec\/sitio\/wp-content\/uploads\/2025\/04\/04-MOVILIDAD-ESTUDIANTIL-2025-WEB-400x267.jpg 400w, https:\/\/www.uartes.edu.ec\/sitio\/wp-content\/uploads\/2025\/04\/04-MOVILIDAD-ESTUDIANTIL-2025-WEB.jpg 2000w\" sizes=\"(max-width: 644px) 100vw, 644px\" \/><\/figure>\n<\/figure>\n\n\n\n<p>Tambi\u00e9n son parte del Programa de Movilidad Estudiantil a nivel nacional la Universidad del R\u00edo (UDR) y la Universidad Tecnol\u00f3gica Empresarial de Guayaquil (UTEG). La UDR recibir\u00e1 por primera vez a nuestros estudiantes para el periodo 2025 A en mayo pr\u00f3ximo. Con la UTEG se prepara, en cambio, una master class dirigida para alumnos de las carreras de Cine y Artes Visuales con el objetivo de compartir experiencias, espacios y conocimientos acad\u00e9micos.<\/p>\n\n\n\n<p>Vale anotar que, con la UTEG est\u00e1 programada tambi\u00e9n una feria de Artes Visuales en la que podr\u00e1n participar nuestros estudiantes; la fecha y las sedes est\u00e1n por definirse.<\/p>\n\n\n<div class=\"wp-block-image\">\n<figure class=\"aligncenter size-large is-resized\"><img loading=\"lazy\" decoding=\"async\" width=\"644\" height=\"429\" src=\"https:\/\/www.uartes.edu.ec\/sitio\/wp-content\/uploads\/2025\/04\/03-MOVILIDAD-ESTUDIANTIL-2025-WEB-644x429.jpg\" alt=\"\" class=\"wp-image-70363\" style=\"width:596px;height:auto\" srcset=\"https:\/\/www.uartes.edu.ec\/sitio\/wp-content\/uploads\/2025\/04\/03-MOVILIDAD-ESTUDIANTIL-2025-WEB-644x429.jpg 644w, https:\/\/www.uartes.edu.ec\/sitio\/wp-content\/uploads\/2025\/04\/03-MOVILIDAD-ESTUDIANTIL-2025-WEB-300x200.jpg 300w, https:\/\/www.uartes.edu.ec\/sitio\/wp-content\/uploads\/2025\/04\/03-MOVILIDAD-ESTUDIANTIL-2025-WEB-768x512.jpg 768w, https:\/\/www.uartes.edu.ec\/sitio\/wp-content\/uploads\/2025\/04\/03-MOVILIDAD-ESTUDIANTIL-2025-WEB-1536x1024.jpg 1536w, https:\/\/www.uartes.edu.ec\/sitio\/wp-content\/uploads\/2025\/04\/03-MOVILIDAD-ESTUDIANTIL-2025-WEB-18x12.jpg 18w, https:\/\/www.uartes.edu.ec\/sitio\/wp-content\/uploads\/2025\/04\/03-MOVILIDAD-ESTUDIANTIL-2025-WEB-600x400.jpg 600w, https:\/\/www.uartes.edu.ec\/sitio\/wp-content\/uploads\/2025\/04\/03-MOVILIDAD-ESTUDIANTIL-2025-WEB-400x267.jpg 400w, https:\/\/www.uartes.edu.ec\/sitio\/wp-content\/uploads\/2025\/04\/03-MOVILIDAD-ESTUDIANTIL-2025-WEB.jpg 2000w\" sizes=\"(max-width: 644px) 100vw, 644px\" \/><\/figure>\n<\/div>\n\n\n<p>Texto y fotos: colaboraci\u00f3n de mag\u00edster Mishell Paredes, funcionaria de la Secretar\u00eda Acad\u00e9mica de la UArtes.<\/p>","protected":false},"excerpt":{"rendered":"<p>La Biblioteca de las Artes, el MZ14 Centro de Producci\u00f3n e Innovaci\u00f3n y la Gobernaci\u00f3n, nuestra sede matriz, fueron visitados por los estudiantes de la Espol y la UCG en el recorrido con el cual la UArtes les dio la bienvenida en el marco del Programa de Movilidad Estudiantil 2025 a nivel nacional. Tambi\u00e9n forman parte de esta propuesta la Universidad del R\u00edo (UDR) y la Universidad Tecnol\u00f3gica Empresarial de Guayaquil (UTEG). <\/p>","protected":false},"author":10,"featured_media":70357,"comment_status":"open","ping_status":"open","sticky":false,"template":"","format":"standard","meta":{"_acf_changed":false,"_uag_custom_page_level_css":"","_monsterinsights_skip_tracking":false,"_monsterinsights_sitenote_active":false,"_monsterinsights_sitenote_note":"","_monsterinsights_sitenote_category":0,"cybocfi_hide_featured_image":"","footnotes":""},"categories":[80,438,76,77,83],"tags":[1325],"infouartes":[],"class_list":["post-70356","post","type-post","status-publish","format-standard","has-post-thumbnail","hentry","category-academico","category-administrativos","category-estudiantes","category-gestion","category-sedes","tag-recorrido"],"acf":[],"yoast_head":"<!-- This site is optimized with the Yoast SEO plugin v27.4 - https:\/\/yoast.com\/product\/yoast-seo-wordpress\/ -->\n<title>Universidad de las Artes - UArtes dio la bienvenida a los estudiantes de la Espol y la UCG como parte del Programa de Movilidad Estudiantil 2025 A<\/title>\n<meta name=\"description\" content=\"Universidad de las Artes - UArtes dio la bienvenida a los estudiantes de la Espol y la UCG como parte del Programa de Movilidad Estudiantil 2025 A\" \/>\n<meta name=\"robots\" content=\"index, follow, max-snippet:-1, max-image-preview:large, max-video-preview:-1\" \/>\n<link rel=\"canonical\" href=\"https:\/\/www.uartes.edu.ec\/sitio\/fr\/blog\/2025\/04\/09\/uartes-dio-la-bienvenida-a-los-estudiantes-de-la-espol-y-la-ucg-como-parte-del-programa-de-movilidad-estudiantil-2025-a\/\" \/>\n<meta property=\"og:locale\" content=\"fr_FR\" \/>\n<meta property=\"og:type\" content=\"article\" \/>\n<meta property=\"og:title\" content=\"Universidad de las Artes - UArtes dio la bienvenida a los estudiantes de la Espol y la UCG como parte del Programa de Movilidad Estudiantil 2025 A\" \/>\n<meta property=\"og:description\" content=\"Universidad de las Artes - UArtes dio la bienvenida a los estudiantes de la Espol y la UCG como parte del Programa de Movilidad Estudiantil 2025 A\" \/>\n<meta property=\"og:url\" content=\"https:\/\/www.uartes.edu.ec\/sitio\/fr\/blog\/2025\/04\/09\/uartes-dio-la-bienvenida-a-los-estudiantes-de-la-espol-y-la-ucg-como-parte-del-programa-de-movilidad-estudiantil-2025-a\/\" \/>\n<meta property=\"og:site_name\" content=\"Universidad de las Artes\" \/>\n<meta property=\"article:publisher\" content=\"https:\/\/www.facebook.com\/uartesec\" \/>\n<meta property=\"article:published_time\" content=\"2025-04-09T20:33:00+00:00\" \/>\n<meta property=\"article:modified_time\" content=\"2025-04-10T22:26:06+00:00\" \/>\n<meta property=\"og:image\" content=\"https:\/\/www.uartes.edu.ec\/sitio\/wp-content\/uploads\/2025\/04\/10-MOVILIDAD-ESTUDIANTIL-2025-WEB.jpg\" \/>\n\t<meta property=\"og:image:width\" content=\"2000\" \/>\n\t<meta property=\"og:image:height\" content=\"1333\" \/>\n\t<meta property=\"og:image:type\" content=\"image\/jpeg\" \/>\n<meta name=\"author\" content=\"ccortez\" \/>\n<meta name=\"twitter:card\" content=\"summary_large_image\" \/>\n<meta name=\"twitter:creator\" content=\"@uartesec\" \/>\n<meta name=\"twitter:site\" content=\"@uartesec\" \/>\n<meta name=\"twitter:label1\" content=\"\u00c9crit par\" \/>\n\t<meta name=\"twitter:data1\" content=\"ccortez\" \/>\n\t<meta name=\"twitter:label2\" content=\"Dur\u00e9e de lecture estim\u00e9e\" \/>\n\t<meta name=\"twitter:data2\" content=\"4 minutes\" \/>\n<script type=\"application\/ld+json\" class=\"yoast-schema-graph\">{\"@context\":\"https:\\\/\\\/schema.org\",\"@graph\":[{\"@type\":\"Article\",\"@id\":\"https:\\\/\\\/www.uartes.edu.ec\\\/sitio\\\/fr\\\/blog\\\/2025\\\/04\\\/09\\\/uartes-dio-la-bienvenida-a-los-estudiantes-de-la-espol-y-la-ucg-como-parte-del-programa-de-movilidad-estudiantil-2025-a\\\/#article\",\"isPartOf\":{\"@id\":\"https:\\\/\\\/www.uartes.edu.ec\\\/sitio\\\/fr\\\/blog\\\/2025\\\/04\\\/09\\\/uartes-dio-la-bienvenida-a-los-estudiantes-de-la-espol-y-la-ucg-como-parte-del-programa-de-movilidad-estudiantil-2025-a\\\/\"},\"author\":{\"name\":\"ccortez\",\"@id\":\"https:\\\/\\\/www.uartes.edu.ec\\\/sitio\\\/fr\\\/#\\\/schema\\\/person\\\/efa1b8275797664fd7f13a79ccc0b1f4\"},\"headline\":\"UArtes dio la bienvenida a los estudiantes de la Espol y la UCG como parte del Programa de Movilidad Estudiantil 2025 A\",\"datePublished\":\"2025-04-09T20:33:00+00:00\",\"dateModified\":\"2025-04-10T22:26:06+00:00\",\"mainEntityOfPage\":{\"@id\":\"https:\\\/\\\/www.uartes.edu.ec\\\/sitio\\\/fr\\\/blog\\\/2025\\\/04\\\/09\\\/uartes-dio-la-bienvenida-a-los-estudiantes-de-la-espol-y-la-ucg-como-parte-del-programa-de-movilidad-estudiantil-2025-a\\\/\"},\"wordCount\":524,\"commentCount\":0,\"publisher\":{\"@id\":\"https:\\\/\\\/www.uartes.edu.ec\\\/sitio\\\/fr\\\/#organization\"},\"image\":{\"@id\":\"https:\\\/\\\/www.uartes.edu.ec\\\/sitio\\\/fr\\\/blog\\\/2025\\\/04\\\/09\\\/uartes-dio-la-bienvenida-a-los-estudiantes-de-la-espol-y-la-ucg-como-parte-del-programa-de-movilidad-estudiantil-2025-a\\\/#primaryimage\"},\"thumbnailUrl\":\"https:\\\/\\\/www.uartes.edu.ec\\\/sitio\\\/wp-content\\\/uploads\\\/2025\\\/04\\\/10-MOVILIDAD-ESTUDIANTIL-2025-WEB.jpg\",\"keywords\":[\"recorrido\"],\"articleSection\":[\"Acad\u00e9mico\",\"Administrativos\",\"Estudiantes\",\"Gesti\u00f3n\",\"Sedes\"],\"inLanguage\":\"fr-FR\",\"potentialAction\":[{\"@type\":\"CommentAction\",\"name\":\"Comment\",\"target\":[\"https:\\\/\\\/www.uartes.edu.ec\\\/sitio\\\/fr\\\/blog\\\/2025\\\/04\\\/09\\\/uartes-dio-la-bienvenida-a-los-estudiantes-de-la-espol-y-la-ucg-como-parte-del-programa-de-movilidad-estudiantil-2025-a\\\/#respond\"]}]},{\"@type\":[\"WebPage\",\"ItemPage\"],\"@id\":\"https:\\\/\\\/www.uartes.edu.ec\\\/sitio\\\/fr\\\/blog\\\/2025\\\/04\\\/09\\\/uartes-dio-la-bienvenida-a-los-estudiantes-de-la-espol-y-la-ucg-como-parte-del-programa-de-movilidad-estudiantil-2025-a\\\/\",\"url\":\"https:\\\/\\\/www.uartes.edu.ec\\\/sitio\\\/fr\\\/blog\\\/2025\\\/04\\\/09\\\/uartes-dio-la-bienvenida-a-los-estudiantes-de-la-espol-y-la-ucg-como-parte-del-programa-de-movilidad-estudiantil-2025-a\\\/\",\"name\":\"Universidad de las Artes - UArtes dio la bienvenida a los estudiantes de la Espol y la UCG como parte del Programa de Movilidad Estudiantil 2025 A\",\"isPartOf\":{\"@id\":\"https:\\\/\\\/www.uartes.edu.ec\\\/sitio\\\/fr\\\/#website\"},\"primaryImageOfPage\":{\"@id\":\"https:\\\/\\\/www.uartes.edu.ec\\\/sitio\\\/fr\\\/blog\\\/2025\\\/04\\\/09\\\/uartes-dio-la-bienvenida-a-los-estudiantes-de-la-espol-y-la-ucg-como-parte-del-programa-de-movilidad-estudiantil-2025-a\\\/#primaryimage\"},\"image\":{\"@id\":\"https:\\\/\\\/www.uartes.edu.ec\\\/sitio\\\/fr\\\/blog\\\/2025\\\/04\\\/09\\\/uartes-dio-la-bienvenida-a-los-estudiantes-de-la-espol-y-la-ucg-como-parte-del-programa-de-movilidad-estudiantil-2025-a\\\/#primaryimage\"},\"thumbnailUrl\":\"https:\\\/\\\/www.uartes.edu.ec\\\/sitio\\\/wp-content\\\/uploads\\\/2025\\\/04\\\/10-MOVILIDAD-ESTUDIANTIL-2025-WEB.jpg\",\"datePublished\":\"2025-04-09T20:33:00+00:00\",\"dateModified\":\"2025-04-10T22:26:06+00:00\",\"description\":\"Universidad de las Artes - UArtes dio la bienvenida a los estudiantes de la Espol y la UCG como parte del Programa de Movilidad Estudiantil 2025 A\",\"breadcrumb\":{\"@id\":\"https:\\\/\\\/www.uartes.edu.ec\\\/sitio\\\/fr\\\/blog\\\/2025\\\/04\\\/09\\\/uartes-dio-la-bienvenida-a-los-estudiantes-de-la-espol-y-la-ucg-como-parte-del-programa-de-movilidad-estudiantil-2025-a\\\/#breadcrumb\"},\"inLanguage\":\"fr-FR\",\"potentialAction\":[{\"@type\":\"ReadAction\",\"target\":[\"https:\\\/\\\/www.uartes.edu.ec\\\/sitio\\\/fr\\\/blog\\\/2025\\\/04\\\/09\\\/uartes-dio-la-bienvenida-a-los-estudiantes-de-la-espol-y-la-ucg-como-parte-del-programa-de-movilidad-estudiantil-2025-a\\\/\"]}]},{\"@type\":\"ImageObject\",\"inLanguage\":\"fr-FR\",\"@id\":\"https:\\\/\\\/www.uartes.edu.ec\\\/sitio\\\/fr\\\/blog\\\/2025\\\/04\\\/09\\\/uartes-dio-la-bienvenida-a-los-estudiantes-de-la-espol-y-la-ucg-como-parte-del-programa-de-movilidad-estudiantil-2025-a\\\/#primaryimage\",\"url\":\"https:\\\/\\\/www.uartes.edu.ec\\\/sitio\\\/wp-content\\\/uploads\\\/2025\\\/04\\\/10-MOVILIDAD-ESTUDIANTIL-2025-WEB.jpg\",\"contentUrl\":\"https:\\\/\\\/www.uartes.edu.ec\\\/sitio\\\/wp-content\\\/uploads\\\/2025\\\/04\\\/10-MOVILIDAD-ESTUDIANTIL-2025-WEB.jpg\",\"width\":2000,\"height\":1333},{\"@type\":\"BreadcrumbList\",\"@id\":\"https:\\\/\\\/www.uartes.edu.ec\\\/sitio\\\/fr\\\/blog\\\/2025\\\/04\\\/09\\\/uartes-dio-la-bienvenida-a-los-estudiantes-de-la-espol-y-la-ucg-como-parte-del-programa-de-movilidad-estudiantil-2025-a\\\/#breadcrumb\",\"itemListElement\":[{\"@type\":\"ListItem\",\"position\":1,\"name\":\"Inicio\",\"item\":\"https:\\\/\\\/www.uartes.edu.ec\\\/sitio\\\/\"},{\"@type\":\"ListItem\",\"position\":2,\"name\":\"UArtes dio la bienvenida a los estudiantes de la Espol y la UCG como parte del Programa de Movilidad Estudiantil 2025 A\"}]},{\"@type\":\"WebSite\",\"@id\":\"https:\\\/\\\/www.uartes.edu.ec\\\/sitio\\\/fr\\\/#website\",\"url\":\"https:\\\/\\\/www.uartes.edu.ec\\\/sitio\\\/fr\\\/\",\"name\":\"Universidad de las Artes\",\"description\":\"Sitio oficial de la Universidad Nacional de las Artes del Ecuador\",\"publisher\":{\"@id\":\"https:\\\/\\\/www.uartes.edu.ec\\\/sitio\\\/fr\\\/#organization\"},\"potentialAction\":[{\"@type\":\"SearchAction\",\"target\":{\"@type\":\"EntryPoint\",\"urlTemplate\":\"https:\\\/\\\/www.uartes.edu.ec\\\/sitio\\\/fr\\\/?s={search_term_string}\"},\"query-input\":{\"@type\":\"PropertyValueSpecification\",\"valueRequired\":true,\"valueName\":\"search_term_string\"}}],\"inLanguage\":\"fr-FR\"},{\"@type\":\"Organization\",\"@id\":\"https:\\\/\\\/www.uartes.edu.ec\\\/sitio\\\/fr\\\/#organization\",\"name\":\"Universidad de las Artes\",\"url\":\"https:\\\/\\\/www.uartes.edu.ec\\\/sitio\\\/fr\\\/\",\"logo\":{\"@type\":\"ImageObject\",\"inLanguage\":\"fr-FR\",\"@id\":\"https:\\\/\\\/www.uartes.edu.ec\\\/sitio\\\/fr\\\/#\\\/schema\\\/logo\\\/image\\\/\",\"url\":\"https:\\\/\\\/www.uartes.edu.ec\\\/sitio\\\/wp-content\\\/uploads\\\/2022\\\/07\\\/logo-ua-horizontal.png\",\"contentUrl\":\"https:\\\/\\\/www.uartes.edu.ec\\\/sitio\\\/wp-content\\\/uploads\\\/2022\\\/07\\\/logo-ua-horizontal.png\",\"width\":800,\"height\":276,\"caption\":\"Universidad de las Artes\"},\"image\":{\"@id\":\"https:\\\/\\\/www.uartes.edu.ec\\\/sitio\\\/fr\\\/#\\\/schema\\\/logo\\\/image\\\/\"},\"sameAs\":[\"https:\\\/\\\/www.facebook.com\\\/uartesec\",\"https:\\\/\\\/x.com\\\/uartesec\",\"https:\\\/\\\/www.tiktok.com\\\/@uartesec\"]},{\"@type\":\"Person\",\"@id\":\"https:\\\/\\\/www.uartes.edu.ec\\\/sitio\\\/fr\\\/#\\\/schema\\\/person\\\/efa1b8275797664fd7f13a79ccc0b1f4\",\"name\":\"ccortez\",\"image\":{\"@type\":\"ImageObject\",\"inLanguage\":\"fr-FR\",\"@id\":\"https:\\\/\\\/secure.gravatar.com\\\/avatar\\\/b2a6f664a3ae8e074346ef91775736c5ec479e637ecced6842de9dc98b5da9cd?s=96&d=mm&r=g\",\"url\":\"https:\\\/\\\/secure.gravatar.com\\\/avatar\\\/b2a6f664a3ae8e074346ef91775736c5ec479e637ecced6842de9dc98b5da9cd?s=96&d=mm&r=g\",\"contentUrl\":\"https:\\\/\\\/secure.gravatar.com\\\/avatar\\\/b2a6f664a3ae8e074346ef91775736c5ec479e637ecced6842de9dc98b5da9cd?s=96&d=mm&r=g\",\"caption\":\"ccortez\"},\"url\":\"https:\\\/\\\/www.uartes.edu.ec\\\/sitio\\\/fr\\\/blog\\\/author\\\/ccortez\\\/\"}]}<\/script>\n<!-- \/ Yoast SEO plugin. -->","yoast_head_json":{"title":"Universidad de las Artes - UArtes dio la bienvenida a los estudiantes de la Espol y la UCG como parte del Programa de Movilidad Estudiantil 2025 A","description":"Universidad de las Artes - UArtes dio la bienvenida a los estudiantes de la Espol y la UCG como parte del Programa de Movilidad Estudiantil 2025 A","robots":{"index":"index","follow":"follow","max-snippet":"max-snippet:-1","max-image-preview":"max-image-preview:large","max-video-preview":"max-video-preview:-1"},"canonical":"https:\/\/www.uartes.edu.ec\/sitio\/fr\/blog\/2025\/04\/09\/uartes-dio-la-bienvenida-a-los-estudiantes-de-la-espol-y-la-ucg-como-parte-del-programa-de-movilidad-estudiantil-2025-a\/","og_locale":"fr_FR","og_type":"article","og_title":"Universidad de las Artes - UArtes dio la bienvenida a los estudiantes de la Espol y la UCG como parte del Programa de Movilidad Estudiantil 2025 A","og_description":"Universidad de las Artes - UArtes dio la bienvenida a los estudiantes de la Espol y la UCG como parte del Programa de Movilidad Estudiantil 2025 A","og_url":"https:\/\/www.uartes.edu.ec\/sitio\/fr\/blog\/2025\/04\/09\/uartes-dio-la-bienvenida-a-los-estudiantes-de-la-espol-y-la-ucg-como-parte-del-programa-de-movilidad-estudiantil-2025-a\/","og_site_name":"Universidad de las Artes","article_publisher":"https:\/\/www.facebook.com\/uartesec","article_published_time":"2025-04-09T20:33:00+00:00","article_modified_time":"2025-04-10T22:26:06+00:00","og_image":[{"width":2000,"height":1333,"url":"https:\/\/www.uartes.edu.ec\/sitio\/wp-content\/uploads\/2025\/04\/10-MOVILIDAD-ESTUDIANTIL-2025-WEB.jpg","type":"image\/jpeg"}],"author":"ccortez","twitter_card":"summary_large_image","twitter_creator":"@uartesec","twitter_site":"@uartesec","twitter_misc":{"\u00c9crit par":"ccortez","Dur\u00e9e de lecture estim\u00e9e":"4 minutes"},"schema":{"@context":"https:\/\/schema.org","@graph":[{"@type":"Article","@id":"https:\/\/www.uartes.edu.ec\/sitio\/fr\/blog\/2025\/04\/09\/uartes-dio-la-bienvenida-a-los-estudiantes-de-la-espol-y-la-ucg-como-parte-del-programa-de-movilidad-estudiantil-2025-a\/#article","isPartOf":{"@id":"https:\/\/www.uartes.edu.ec\/sitio\/fr\/blog\/2025\/04\/09\/uartes-dio-la-bienvenida-a-los-estudiantes-de-la-espol-y-la-ucg-como-parte-del-programa-de-movilidad-estudiantil-2025-a\/"},"author":{"name":"ccortez","@id":"https:\/\/www.uartes.edu.ec\/sitio\/fr\/#\/schema\/person\/efa1b8275797664fd7f13a79ccc0b1f4"},"headline":"UArtes dio la bienvenida a los estudiantes de la Espol y la UCG como parte del Programa de Movilidad Estudiantil 2025 A","datePublished":"2025-04-09T20:33:00+00:00","dateModified":"2025-04-10T22:26:06+00:00","mainEntityOfPage":{"@id":"https:\/\/www.uartes.edu.ec\/sitio\/fr\/blog\/2025\/04\/09\/uartes-dio-la-bienvenida-a-los-estudiantes-de-la-espol-y-la-ucg-como-parte-del-programa-de-movilidad-estudiantil-2025-a\/"},"wordCount":524,"commentCount":0,"publisher":{"@id":"https:\/\/www.uartes.edu.ec\/sitio\/fr\/#organization"},"image":{"@id":"https:\/\/www.uartes.edu.ec\/sitio\/fr\/blog\/2025\/04\/09\/uartes-dio-la-bienvenida-a-los-estudiantes-de-la-espol-y-la-ucg-como-parte-del-programa-de-movilidad-estudiantil-2025-a\/#primaryimage"},"thumbnailUrl":"https:\/\/www.uartes.edu.ec\/sitio\/wp-content\/uploads\/2025\/04\/10-MOVILIDAD-ESTUDIANTIL-2025-WEB.jpg","keywords":["recorrido"],"articleSection":["Acad\u00e9mico","Administrativos","Estudiantes","Gesti\u00f3n","Sedes"],"inLanguage":"fr-FR","potentialAction":[{"@type":"CommentAction","name":"Comment","target":["https:\/\/www.uartes.edu.ec\/sitio\/fr\/blog\/2025\/04\/09\/uartes-dio-la-bienvenida-a-los-estudiantes-de-la-espol-y-la-ucg-como-parte-del-programa-de-movilidad-estudiantil-2025-a\/#respond"]}]},{"@type":["WebPage","ItemPage"],"@id":"https:\/\/www.uartes.edu.ec\/sitio\/fr\/blog\/2025\/04\/09\/uartes-dio-la-bienvenida-a-los-estudiantes-de-la-espol-y-la-ucg-como-parte-del-programa-de-movilidad-estudiantil-2025-a\/","url":"https:\/\/www.uartes.edu.ec\/sitio\/fr\/blog\/2025\/04\/09\/uartes-dio-la-bienvenida-a-los-estudiantes-de-la-espol-y-la-ucg-como-parte-del-programa-de-movilidad-estudiantil-2025-a\/","name":"Universidad de las Artes - UArtes dio la bienvenida a los estudiantes de la Espol y la UCG como parte del Programa de Movilidad Estudiantil 2025 A","isPartOf":{"@id":"https:\/\/www.uartes.edu.ec\/sitio\/fr\/#website"},"primaryImageOfPage":{"@id":"https:\/\/www.uartes.edu.ec\/sitio\/fr\/blog\/2025\/04\/09\/uartes-dio-la-bienvenida-a-los-estudiantes-de-la-espol-y-la-ucg-como-parte-del-programa-de-movilidad-estudiantil-2025-a\/#primaryimage"},"image":{"@id":"https:\/\/www.uartes.edu.ec\/sitio\/fr\/blog\/2025\/04\/09\/uartes-dio-la-bienvenida-a-los-estudiantes-de-la-espol-y-la-ucg-como-parte-del-programa-de-movilidad-estudiantil-2025-a\/#primaryimage"},"thumbnailUrl":"https:\/\/www.uartes.edu.ec\/sitio\/wp-content\/uploads\/2025\/04\/10-MOVILIDAD-ESTUDIANTIL-2025-WEB.jpg","datePublished":"2025-04-09T20:33:00+00:00","dateModified":"2025-04-10T22:26:06+00:00","description":"Universidad de las Artes - UArtes dio la bienvenida a los estudiantes de la Espol y la UCG como parte del Programa de Movilidad Estudiantil 2025 A","breadcrumb":{"@id":"https:\/\/www.uartes.edu.ec\/sitio\/fr\/blog\/2025\/04\/09\/uartes-dio-la-bienvenida-a-los-estudiantes-de-la-espol-y-la-ucg-como-parte-del-programa-de-movilidad-estudiantil-2025-a\/#breadcrumb"},"inLanguage":"fr-FR","potentialAction":[{"@type":"ReadAction","target":["https:\/\/www.uartes.edu.ec\/sitio\/fr\/blog\/2025\/04\/09\/uartes-dio-la-bienvenida-a-los-estudiantes-de-la-espol-y-la-ucg-como-parte-del-programa-de-movilidad-estudiantil-2025-a\/"]}]},{"@type":"ImageObject","inLanguage":"fr-FR","@id":"https:\/\/www.uartes.edu.ec\/sitio\/fr\/blog\/2025\/04\/09\/uartes-dio-la-bienvenida-a-los-estudiantes-de-la-espol-y-la-ucg-como-parte-del-programa-de-movilidad-estudiantil-2025-a\/#primaryimage","url":"https:\/\/www.uartes.edu.ec\/sitio\/wp-content\/uploads\/2025\/04\/10-MOVILIDAD-ESTUDIANTIL-2025-WEB.jpg","contentUrl":"https:\/\/www.uartes.edu.ec\/sitio\/wp-content\/uploads\/2025\/04\/10-MOVILIDAD-ESTUDIANTIL-2025-WEB.jpg","width":2000,"height":1333},{"@type":"BreadcrumbList","@id":"https:\/\/www.uartes.edu.ec\/sitio\/fr\/blog\/2025\/04\/09\/uartes-dio-la-bienvenida-a-los-estudiantes-de-la-espol-y-la-ucg-como-parte-del-programa-de-movilidad-estudiantil-2025-a\/#breadcrumb","itemListElement":[{"@type":"ListItem","position":1,"name":"Inicio","item":"https:\/\/www.uartes.edu.ec\/sitio\/"},{"@type":"ListItem","position":2,"name":"UArtes dio la bienvenida a los estudiantes de la Espol y la UCG como parte del Programa de Movilidad Estudiantil 2025 A"}]},{"@type":"WebSite","@id":"https:\/\/www.uartes.edu.ec\/sitio\/fr\/#website","url":"https:\/\/www.uartes.edu.ec\/sitio\/fr\/","name":"Universidad de las Artes","description":"Sitio oficial de la Universidad Nacional de las Artes del Ecuador","publisher":{"@id":"https:\/\/www.uartes.edu.ec\/sitio\/fr\/#organization"},"potentialAction":[{"@type":"SearchAction","target":{"@type":"EntryPoint","urlTemplate":"https:\/\/www.uartes.edu.ec\/sitio\/fr\/?s={search_term_string}"},"query-input":{"@type":"PropertyValueSpecification","valueRequired":true,"valueName":"search_term_string"}}],"inLanguage":"fr-FR"},{"@type":"Organization","@id":"https:\/\/www.uartes.edu.ec\/sitio\/fr\/#organization","name":"Universidad de las Artes","url":"https:\/\/www.uartes.edu.ec\/sitio\/fr\/","logo":{"@type":"ImageObject","inLanguage":"fr-FR","@id":"https:\/\/www.uartes.edu.ec\/sitio\/fr\/#\/schema\/logo\/image\/","url":"https:\/\/www.uartes.edu.ec\/sitio\/wp-content\/uploads\/2022\/07\/logo-ua-horizontal.png","contentUrl":"https:\/\/www.uartes.edu.ec\/sitio\/wp-content\/uploads\/2022\/07\/logo-ua-horizontal.png","width":800,"height":276,"caption":"Universidad de las Artes"},"image":{"@id":"https:\/\/www.uartes.edu.ec\/sitio\/fr\/#\/schema\/logo\/image\/"},"sameAs":["https:\/\/www.facebook.com\/uartesec","https:\/\/x.com\/uartesec","https:\/\/www.tiktok.com\/@uartesec"]},{"@type":"Person","@id":"https:\/\/www.uartes.edu.ec\/sitio\/fr\/#\/schema\/person\/efa1b8275797664fd7f13a79ccc0b1f4","name":"ccortez","image":{"@type":"ImageObject","inLanguage":"fr-FR","@id":"https:\/\/secure.gravatar.com\/avatar\/b2a6f664a3ae8e074346ef91775736c5ec479e637ecced6842de9dc98b5da9cd?s=96&d=mm&r=g","url":"https:\/\/secure.gravatar.com\/avatar\/b2a6f664a3ae8e074346ef91775736c5ec479e637ecced6842de9dc98b5da9cd?s=96&d=mm&r=g","contentUrl":"https:\/\/secure.gravatar.com\/avatar\/b2a6f664a3ae8e074346ef91775736c5ec479e637ecced6842de9dc98b5da9cd?s=96&d=mm&r=g","caption":"ccortez"},"url":"https:\/\/www.uartes.edu.ec\/sitio\/fr\/blog\/author\/ccortez\/"}]}},"uagb_featured_image_src":{"full":["https:\/\/www.uartes.edu.ec\/sitio\/wp-content\/uploads\/2025\/04\/10-MOVILIDAD-ESTUDIANTIL-2025-WEB.jpg",2000,1333,false],"thumbnail":["https:\/\/www.uartes.edu.ec\/sitio\/wp-content\/uploads\/2025\/04\/10-MOVILIDAD-ESTUDIANTIL-2025-WEB-150x150.jpg",150,150,true],"medium":["https:\/\/www.uartes.edu.ec\/sitio\/wp-content\/uploads\/2025\/04\/10-MOVILIDAD-ESTUDIANTIL-2025-WEB-300x200.jpg",300,200,true],"medium_large":["https:\/\/www.uartes.edu.ec\/sitio\/wp-content\/uploads\/2025\/04\/10-MOVILIDAD-ESTUDIANTIL-2025-WEB-768x512.jpg",768,512,true],"large":["https:\/\/www.uartes.edu.ec\/sitio\/wp-content\/uploads\/2025\/04\/10-MOVILIDAD-ESTUDIANTIL-2025-WEB-644x429.jpg",644,429,true],"1536x1536":["https:\/\/www.uartes.edu.ec\/sitio\/wp-content\/uploads\/2025\/04\/10-MOVILIDAD-ESTUDIANTIL-2025-WEB-1536x1024.jpg",1536,1024,true],"2048x2048":["https:\/\/www.uartes.edu.ec\/sitio\/wp-content\/uploads\/2025\/04\/10-MOVILIDAD-ESTUDIANTIL-2025-WEB.jpg",2000,1333,false],"trp-custom-language-flag":["https:\/\/www.uartes.edu.ec\/sitio\/wp-content\/uploads\/2025\/04\/10-MOVILIDAD-ESTUDIANTIL-2025-WEB-18x12.jpg",18,12,true],"htmega_size_585x295":["https:\/\/www.uartes.edu.ec\/sitio\/wp-content\/uploads\/2025\/04\/10-MOVILIDAD-ESTUDIANTIL-2025-WEB-585x295.jpg",585,295,true],"htmega_size_1170x536":["https:\/\/www.uartes.edu.ec\/sitio\/wp-content\/uploads\/2025\/04\/10-MOVILIDAD-ESTUDIANTIL-2025-WEB-1170x536.jpg",1170,536,true],"htmega_size_396x360":["https:\/\/www.uartes.edu.ec\/sitio\/wp-content\/uploads\/2025\/04\/10-MOVILIDAD-ESTUDIANTIL-2025-WEB-396x360.jpg",396,360,true],"gb-block-post-grid-landscape":["https:\/\/www.uartes.edu.ec\/sitio\/wp-content\/uploads\/2025\/04\/10-MOVILIDAD-ESTUDIANTIL-2025-WEB-600x400.jpg",600,400,true],"gb-block-post-grid-square":["https:\/\/www.uartes.edu.ec\/sitio\/wp-content\/uploads\/2025\/04\/10-MOVILIDAD-ESTUDIANTIL-2025-WEB-600x600.jpg",600,600,true],"university-hub-thumb":["https:\/\/www.uartes.edu.ec\/sitio\/wp-content\/uploads\/2025\/04\/10-MOVILIDAD-ESTUDIANTIL-2025-WEB-400x267.jpg",400,267,true]},"uagb_author_info":{"display_name":"ccortez","author_link":"https:\/\/www.uartes.edu.ec\/sitio\/fr\/blog\/author\/ccortez\/"},"uagb_comment_info":0,"uagb_excerpt":"La Biblioteca de las Artes, el MZ14 Centro de Producci\u00f3n e Innovaci\u00f3n y la Gobernaci\u00f3n, nuestra sede matriz, fueron visitados por los estudiantes de la Espol y la UCG en el recorrido con el cual la UArtes les dio la bienvenida en el marco del Programa de Movilidad Estudiantil 2025 a nivel nacional. Tambi\u00e9n forman\u2026","featured_image_src":"https:\/\/www.uartes.edu.ec\/sitio\/wp-content\/uploads\/2025\/04\/10-MOVILIDAD-ESTUDIANTIL-2025-WEB-600x400.jpg","featured_image_src_square":"https:\/\/www.uartes.edu.ec\/sitio\/wp-content\/uploads\/2025\/04\/10-MOVILIDAD-ESTUDIANTIL-2025-WEB-600x600.jpg","author_info":{"display_name":"ccortez","author_link":"https:\/\/www.uartes.edu.ec\/sitio\/fr\/blog\/author\/ccortez\/"},"publishpress_future_workflow_manual_trigger":{"enabledWorkflows":[]},"distributor_meta":false,"distributor_terms":false,"distributor_media":false,"distributor_original_site_name":"Universidad de las Artes","distributor_original_site_url":"https:\/\/www.uartes.edu.ec\/sitio\/fr","push-errors":false,"_links":{"self":[{"href":"https:\/\/www.uartes.edu.ec\/sitio\/fr\/wp-json\/wp\/v2\/posts\/70356","targetHints":{"allow":["GET"]}}],"collection":[{"href":"https:\/\/www.uartes.edu.ec\/sitio\/fr\/wp-json\/wp\/v2\/posts"}],"about":[{"href":"https:\/\/www.uartes.edu.ec\/sitio\/fr\/wp-json\/wp\/v2\/types\/post"}],"author":[{"embeddable":true,"href":"https:\/\/www.uartes.edu.ec\/sitio\/fr\/wp-json\/wp\/v2\/users\/10"}],"replies":[{"embeddable":true,"href":"https:\/\/www.uartes.edu.ec\/sitio\/fr\/wp-json\/wp\/v2\/comments?post=70356"}],"version-history":[{"count":2,"href":"https:\/\/www.uartes.edu.ec\/sitio\/fr\/wp-json\/wp\/v2\/posts\/70356\/revisions"}],"predecessor-version":[{"id":70368,"href":"https:\/\/www.uartes.edu.ec\/sitio\/fr\/wp-json\/wp\/v2\/posts\/70356\/revisions\/70368"}],"wp:featuredmedia":[{"embeddable":true,"href":"https:\/\/www.uartes.edu.ec\/sitio\/fr\/wp-json\/wp\/v2\/media\/70357"}],"wp:attachment":[{"href":"https:\/\/www.uartes.edu.ec\/sitio\/fr\/wp-json\/wp\/v2\/media?parent=70356"}],"wp:term":[{"taxonomy":"category","embeddable":true,"href":"https:\/\/www.uartes.edu.ec\/sitio\/fr\/wp-json\/wp\/v2\/categories?post=70356"},{"taxonomy":"post_tag","embeddable":true,"href":"https:\/\/www.uartes.edu.ec\/sitio\/fr\/wp-json\/wp\/v2\/tags?post=70356"},{"taxonomy":"infouartes","embeddable":true,"href":"https:\/\/www.uartes.edu.ec\/sitio\/fr\/wp-json\/wp\/v2\/infouartes?post=70356"}],"curies":[{"name":"wp","href":"https:\/\/api.w.org\/{rel}","templated":true}]}}