{"id":7036,"date":"2020-05-17T09:32:05","date_gmt":"2020-05-17T14:32:05","guid":{"rendered":"http:\/\/www.uartes.edu.ec\/sitio\/?p=7036"},"modified":"2024-07-04T11:43:09","modified_gmt":"2024-07-04T16:43:09","slug":"karen-nunez-analiza-en-tesis-la-evolucion-de-la-estetica-y-dramaturgia-surrealista","status":"publish","type":"post","link":"https:\/\/www.uartes.edu.ec\/sitio\/fr\/blog\/2020\/05\/17\/karen-nunez-analiza-en-tesis-la-evolucion-de-la-estetica-y-dramaturgia-surrealista\/","title":{"rendered":"Karen N\u00fa\u00f1ez analiza en tesis la evoluci\u00f3n  de la est\u00e9tica y dramaturgia surrealista"},"content":{"rendered":"<p>\u201cProceso de creaci\u00f3n de una est\u00e9tica on\u00edrica dentro del guion de largometraje de ficci\u00f3n <em>Bilocaci\u00f3n<\/em> a trav\u00e9s del an\u00e1lisis de la corriente surrealista a lo largo de la historia del cine\u201d. Es el t\u00edtulo que Karen Gissela N\u00fa\u00f1ez Guerrero, estudiante de la Escuela de Cine, dio al trabajo final que, previo a la obtenci\u00f3n de la licenciatura, sustent\u00f3 el 1 de mayo v\u00eda videoconferencia.<\/p>\n\n\n\n<p>En el contenido de su tesis, cuyo documento entreg\u00f3 a la Secretar\u00eda Acad\u00e9mica de la UArtes, la ahora egresada se\u00f1ala: \u201cEst\u00e1 orientada a la creaci\u00f3n de una est\u00e9tica on\u00edrica dentro del guion de largometraje de ficci\u00f3n <em>Bilocaci\u00f3n,<\/em> a trav\u00e9s del uso de los recursos dramat\u00fargicos investigados dentro de la corriente surrealista, aplicada a lo largo de la historia del cine y que tiene su \u00e1pice en la poes\u00eda, composici\u00f3n literaria que describe con palabras las im\u00e1genes que se construyen en el subconsciente con la libertad de un so\u00f1ador, por tanto, este trabajo propone la versatilidad del uso de las met\u00e1foras visuales dentro de los procesos f\u00edlmicos, desapeg\u00e1ndose de las estructuras l\u00f3gicas de la verdad\u201d.<\/p>\n\n\n\n<p>Agrega que el guion narra la historia de Alessa, una mujer inconforme con su realidad, que se refugiar\u00e1 en sus sue\u00f1os para vivir una historia de amor que pueda cruzar los l\u00edmites del tiempo y del espacio. \u201cLa obra ha sido desarrollada con la intenci\u00f3n de abrir un camino para la creaci\u00f3n de futuros proyectos que manejen esta est\u00e9tica dentro del cine ecuatoriano a partir una mirada femenina\u201d.<\/p>\n\n\n\n<div class=\"wp-block-image\"><figure class=\"aligncenter size-large\"><img fetchpriority=\"high\" decoding=\"async\" width=\"422\" height=\"281\" src=\"http:\/\/www.uartes.edu.ec\/sitio\/wp-content\/uploads\/2020\/05\/Evento-Ren\u00e9-Mey.jpg\" alt=\"\" class=\"wp-image-7037\" srcset=\"https:\/\/www.uartes.edu.ec\/sitio\/wp-content\/uploads\/2020\/05\/Evento-Ren\u00e9-Mey.jpg 422w, https:\/\/www.uartes.edu.ec\/sitio\/wp-content\/uploads\/2020\/05\/Evento-Ren\u00e9-Mey-300x200.jpg 300w, https:\/\/www.uartes.edu.ec\/sitio\/wp-content\/uploads\/2020\/05\/Evento-Ren\u00e9-Mey-400x266.jpg 400w, https:\/\/www.uartes.edu.ec\/sitio\/wp-content\/uploads\/2020\/05\/Evento-Ren\u00e9-Mey-272x182.jpg 272w\" sizes=\"(max-width: 422px) 100vw, 422px\" \/><\/figure><\/div>\n\n\n\n<p>Karen N\u00fa\u00f1ez menciona que el proyecto busca \u201canalizar la evoluci\u00f3n de la est\u00e9tica y dramaturgia surrealista a lo largo de la historia del cine y utilizar los resultados de este estudio para elaborar un guion de largometraje que aproveche estos recursos como herramientas para ampliar las posibilidades dramat\u00fargicas y est\u00e9ticas del relato cinematogr\u00e1fico\u201d.<\/p>\n\n\n\n<p>Precisa que para su proyecto cont\u00f3 con el estudio y an\u00e1lisis de pel\u00edculas ecuatorianas y extranjeras, as\u00ed como de obras literarias que retratan est\u00e9ticas surrealistas pertinentes a los objetivos del proyecto.<\/p>\n\n\n\n<p>En su trabajo, la ahora egresada de la UArtes hace la descripci\u00f3n de una serie de obras que se aproximan est\u00e9ticamente a los prop\u00f3sitos de su proyecto. Ofrece, adem\u00e1s, una mirada general los inicios del cine surrealista, a fin de esclarecer cu\u00e1les fueron sus or\u00edgenes. Menciona tambi\u00e9n que \u201c<em>Bilocaci\u00f3n<\/em>\u201d es una palabra que abarca la intenci\u00f3n que tiene la trama y la est\u00e9tica del guion de mostrar esta ambivalencia entre dos mundos y su relaci\u00f3n con lo m\u00edstico y espiritual: \u201cBilocaci\u00f3n (de bi- y del lat\u00edn loc\u0101re \u2018colocar\u2019) es el t\u00e9rmino utilizado para describir un fen\u00f3meno paranormal, sobrenatural o divino, seg\u00fan el cual una persona u objeto estar\u00eda ubicado en dos lugares diferentes al mismo tiempo\u201d.<\/p>\n\n\n\n<div class=\"wp-block-image\"><figure class=\"aligncenter size-large\"><img decoding=\"async\" width=\"353\" height=\"529\" src=\"http:\/\/www.uartes.edu.ec\/sitio\/wp-content\/uploads\/2020\/05\/Chaman.jpg\" alt=\"\" class=\"wp-image-7038\" srcset=\"https:\/\/www.uartes.edu.ec\/sitio\/wp-content\/uploads\/2020\/05\/Chaman.jpg 353w, https:\/\/www.uartes.edu.ec\/sitio\/wp-content\/uploads\/2020\/05\/Chaman-200x300.jpg 200w\" sizes=\"(max-width: 353px) 100vw, 353px\" \/><\/figure><\/div>\n\n\n\n<p>En el documento de su proyecto, Karen N\u00fa\u00f1ez indica que para beneficio de la escritura de la obra se present\u00f3 en Ecuador Ren\u00e9 Mey, un franc\u00e9s que asegura poder realizar la bilocaci\u00f3n y que da su testimonio a trav\u00e9s de su 37 pel\u00edcula titulada <em>Evoluci\u00f3n: La Nueva Inteligencia.<\/em> \u201cFue una oportunidad asistir a su conferencia en la que habl\u00f3 sobre sus experiencias en este campo. Tuvo lugar en Quito, en febrero de 2020, goz\u00f3 de una gran concurrencia y se pudo descubrir que son muchas personas de la cultura contempor\u00e1nea las que creen es la posibilidad de controlar el subcontinente y a trav\u00e9s de este curar cualquier dolencia f\u00edsica (\u2026). Esta experiencia de campo enriqueci\u00f3 el entendimiento acerca de la bilocaci\u00f3n para poder describirla de modo preciso dentro del guion y mostrar lo que sucede cuando el cuerpo f\u00edsico se separa del espiritual. A la vez esto permiti\u00f3 la aceptaci\u00f3n de que existe la posibilidad de mantener una vida fuera del cuerpo f\u00edsico y que va m\u00e1s all\u00e1 del entendimiento l\u00f3gico que se tiene de la realidad\u201d. <\/p>\n\n\n\n<p>(En las fotos: el registro escrito que Karen N\u00fa\u00f1ez hizo de cada experiencia y aprendizaje de la investigaci\u00f3n y creaci\u00f3n de la obra. Su asistencia a la conferencia del franc\u00e9s Ren\u00e9 Mey. Y, su viaje a la Reserva Cuyabeno, donde all\u00ed la estudiante aprendi\u00f3 sobre la cultura Siona y su cosmovisi\u00f3n ancestral).<\/p>","protected":false},"excerpt":{"rendered":"<p>\u201cProceso de creaci\u00f3n de una est\u00e9tica on\u00edrica dentro del guion de largometraje de ficci\u00f3n Bilocaci\u00f3n a trav\u00e9s del an\u00e1lisis de la corriente surrealista a lo largo de la historia del cine\u201d. Es el t\u00edtulo que Karen Gissela N\u00fa\u00f1ez Guerrero, estudiante de la Escuela de Cine, dio al trabajo final que, previo a la obtenci\u00f3n de la licenciatura, sustent\u00f3 el 1 de mayo v\u00eda videoconferencia.<\/p>","protected":false},"author":1,"featured_media":7039,"comment_status":"closed","ping_status":"closed","sticky":false,"template":"","format":"standard","meta":{"_acf_changed":false,"_uag_custom_page_level_css":"","_monsterinsights_skip_tracking":false,"_monsterinsights_sitenote_active":false,"_monsterinsights_sitenote_note":"","_monsterinsights_sitenote_category":0,"cybocfi_hide_featured_image":"","footnotes":""},"categories":[80,147,76],"tags":[211],"infouartes":[],"class_list":["post-7036","post","type-post","status-publish","format-standard","has-post-thumbnail","hentry","category-academico","category-cine","category-estudiantes","tag-covid19"],"acf":[],"yoast_head":"<!-- This site is optimized with the Yoast SEO plugin v27.4 - https:\/\/yoast.com\/product\/yoast-seo-wordpress\/ -->\n<title>Universidad de las Artes - Karen N\u00fa\u00f1ez analiza en tesis la evoluci\u00f3n de la est\u00e9tica y dramaturgia surrealista<\/title>\n<meta name=\"description\" content=\"Universidad de las Artes - Karen N\u00fa\u00f1ez analiza en tesis la evoluci\u00f3n de la est\u00e9tica y dramaturgia surrealista\" \/>\n<meta name=\"robots\" content=\"index, follow, max-snippet:-1, max-image-preview:large, max-video-preview:-1\" \/>\n<link rel=\"canonical\" href=\"https:\/\/www.uartes.edu.ec\/sitio\/fr\/blog\/2020\/05\/17\/karen-nunez-analiza-en-tesis-la-evolucion-de-la-estetica-y-dramaturgia-surrealista\/\" \/>\n<meta property=\"og:locale\" content=\"fr_FR\" \/>\n<meta property=\"og:type\" content=\"article\" \/>\n<meta property=\"og:title\" content=\"Universidad de las Artes - Karen N\u00fa\u00f1ez analiza en tesis la evoluci\u00f3n de la est\u00e9tica y dramaturgia surrealista\" \/>\n<meta property=\"og:description\" content=\"Universidad de las Artes - Karen N\u00fa\u00f1ez analiza en tesis la evoluci\u00f3n de la est\u00e9tica y dramaturgia surrealista\" \/>\n<meta property=\"og:url\" content=\"https:\/\/www.uartes.edu.ec\/sitio\/fr\/blog\/2020\/05\/17\/karen-nunez-analiza-en-tesis-la-evolucion-de-la-estetica-y-dramaturgia-surrealista\/\" \/>\n<meta property=\"og:site_name\" content=\"Universidad de las Artes\" \/>\n<meta property=\"article:publisher\" content=\"https:\/\/www.facebook.com\/uartesec\" \/>\n<meta property=\"article:published_time\" content=\"2020-05-17T14:32:05+00:00\" \/>\n<meta property=\"article:modified_time\" content=\"2024-07-04T16:43:09+00:00\" \/>\n<meta property=\"og:image\" content=\"https:\/\/www.uartes.edu.ec\/sitio\/wp-content\/uploads\/2020\/05\/Diario-de-Notas.jpg\" \/>\n\t<meta property=\"og:image:width\" content=\"532\" \/>\n\t<meta property=\"og:image:height\" content=\"355\" \/>\n\t<meta property=\"og:image:type\" content=\"image\/jpeg\" \/>\n<meta name=\"author\" content=\"Universidad de las Artes\" \/>\n<meta name=\"twitter:card\" content=\"summary_large_image\" \/>\n<meta name=\"twitter:creator\" content=\"@uartesec\" \/>\n<meta name=\"twitter:site\" content=\"@uartesec\" \/>\n<meta name=\"twitter:label1\" content=\"\u00c9crit par\" \/>\n\t<meta name=\"twitter:data1\" content=\"Universidad de las Artes\" \/>\n\t<meta name=\"twitter:label2\" content=\"Dur\u00e9e de lecture estim\u00e9e\" \/>\n\t<meta name=\"twitter:data2\" content=\"4 minutes\" \/>\n<script type=\"application\/ld+json\" class=\"yoast-schema-graph\">{\"@context\":\"https:\\\/\\\/schema.org\",\"@graph\":[{\"@type\":\"Article\",\"@id\":\"https:\\\/\\\/www.uartes.edu.ec\\\/sitio\\\/fr\\\/blog\\\/2020\\\/05\\\/17\\\/karen-nunez-analiza-en-tesis-la-evolucion-de-la-estetica-y-dramaturgia-surrealista\\\/#article\",\"isPartOf\":{\"@id\":\"https:\\\/\\\/www.uartes.edu.ec\\\/sitio\\\/fr\\\/blog\\\/2020\\\/05\\\/17\\\/karen-nunez-analiza-en-tesis-la-evolucion-de-la-estetica-y-dramaturgia-surrealista\\\/\"},\"author\":{\"name\":\"Universidad de las Artes\",\"@id\":\"https:\\\/\\\/www.uartes.edu.ec\\\/sitio\\\/fr\\\/#\\\/schema\\\/person\\\/f33f8c1d2af0d5c80a38c8abf458184a\"},\"headline\":\"Karen N\u00fa\u00f1ez analiza en tesis la evoluci\u00f3n de la est\u00e9tica y dramaturgia surrealista\",\"datePublished\":\"2020-05-17T14:32:05+00:00\",\"dateModified\":\"2024-07-04T16:43:09+00:00\",\"mainEntityOfPage\":{\"@id\":\"https:\\\/\\\/www.uartes.edu.ec\\\/sitio\\\/fr\\\/blog\\\/2020\\\/05\\\/17\\\/karen-nunez-analiza-en-tesis-la-evolucion-de-la-estetica-y-dramaturgia-surrealista\\\/\"},\"wordCount\":769,\"publisher\":{\"@id\":\"https:\\\/\\\/www.uartes.edu.ec\\\/sitio\\\/fr\\\/#organization\"},\"image\":{\"@id\":\"https:\\\/\\\/www.uartes.edu.ec\\\/sitio\\\/fr\\\/blog\\\/2020\\\/05\\\/17\\\/karen-nunez-analiza-en-tesis-la-evolucion-de-la-estetica-y-dramaturgia-surrealista\\\/#primaryimage\"},\"thumbnailUrl\":\"https:\\\/\\\/www.uartes.edu.ec\\\/sitio\\\/wp-content\\\/uploads\\\/2020\\\/05\\\/Diario-de-Notas.jpg\",\"keywords\":[\"covid19\"],\"articleSection\":[\"Acad\u00e9mico\",\"Cine\",\"Estudiantes\"],\"inLanguage\":\"fr-FR\"},{\"@type\":[\"WebPage\",\"ItemPage\"],\"@id\":\"https:\\\/\\\/www.uartes.edu.ec\\\/sitio\\\/fr\\\/blog\\\/2020\\\/05\\\/17\\\/karen-nunez-analiza-en-tesis-la-evolucion-de-la-estetica-y-dramaturgia-surrealista\\\/\",\"url\":\"https:\\\/\\\/www.uartes.edu.ec\\\/sitio\\\/fr\\\/blog\\\/2020\\\/05\\\/17\\\/karen-nunez-analiza-en-tesis-la-evolucion-de-la-estetica-y-dramaturgia-surrealista\\\/\",\"name\":\"Universidad de las Artes - Karen N\u00fa\u00f1ez analiza en tesis la evoluci\u00f3n de la est\u00e9tica y dramaturgia surrealista\",\"isPartOf\":{\"@id\":\"https:\\\/\\\/www.uartes.edu.ec\\\/sitio\\\/fr\\\/#website\"},\"primaryImageOfPage\":{\"@id\":\"https:\\\/\\\/www.uartes.edu.ec\\\/sitio\\\/fr\\\/blog\\\/2020\\\/05\\\/17\\\/karen-nunez-analiza-en-tesis-la-evolucion-de-la-estetica-y-dramaturgia-surrealista\\\/#primaryimage\"},\"image\":{\"@id\":\"https:\\\/\\\/www.uartes.edu.ec\\\/sitio\\\/fr\\\/blog\\\/2020\\\/05\\\/17\\\/karen-nunez-analiza-en-tesis-la-evolucion-de-la-estetica-y-dramaturgia-surrealista\\\/#primaryimage\"},\"thumbnailUrl\":\"https:\\\/\\\/www.uartes.edu.ec\\\/sitio\\\/wp-content\\\/uploads\\\/2020\\\/05\\\/Diario-de-Notas.jpg\",\"datePublished\":\"2020-05-17T14:32:05+00:00\",\"dateModified\":\"2024-07-04T16:43:09+00:00\",\"description\":\"Universidad de las Artes - Karen N\u00fa\u00f1ez analiza en tesis la evoluci\u00f3n de la est\u00e9tica y dramaturgia surrealista\",\"breadcrumb\":{\"@id\":\"https:\\\/\\\/www.uartes.edu.ec\\\/sitio\\\/fr\\\/blog\\\/2020\\\/05\\\/17\\\/karen-nunez-analiza-en-tesis-la-evolucion-de-la-estetica-y-dramaturgia-surrealista\\\/#breadcrumb\"},\"inLanguage\":\"fr-FR\",\"potentialAction\":[{\"@type\":\"ReadAction\",\"target\":[\"https:\\\/\\\/www.uartes.edu.ec\\\/sitio\\\/fr\\\/blog\\\/2020\\\/05\\\/17\\\/karen-nunez-analiza-en-tesis-la-evolucion-de-la-estetica-y-dramaturgia-surrealista\\\/\"]}]},{\"@type\":\"ImageObject\",\"inLanguage\":\"fr-FR\",\"@id\":\"https:\\\/\\\/www.uartes.edu.ec\\\/sitio\\\/fr\\\/blog\\\/2020\\\/05\\\/17\\\/karen-nunez-analiza-en-tesis-la-evolucion-de-la-estetica-y-dramaturgia-surrealista\\\/#primaryimage\",\"url\":\"https:\\\/\\\/www.uartes.edu.ec\\\/sitio\\\/wp-content\\\/uploads\\\/2020\\\/05\\\/Diario-de-Notas.jpg\",\"contentUrl\":\"https:\\\/\\\/www.uartes.edu.ec\\\/sitio\\\/wp-content\\\/uploads\\\/2020\\\/05\\\/Diario-de-Notas.jpg\",\"width\":532,\"height\":355},{\"@type\":\"BreadcrumbList\",\"@id\":\"https:\\\/\\\/www.uartes.edu.ec\\\/sitio\\\/fr\\\/blog\\\/2020\\\/05\\\/17\\\/karen-nunez-analiza-en-tesis-la-evolucion-de-la-estetica-y-dramaturgia-surrealista\\\/#breadcrumb\",\"itemListElement\":[{\"@type\":\"ListItem\",\"position\":1,\"name\":\"Inicio\",\"item\":\"https:\\\/\\\/www.uartes.edu.ec\\\/sitio\\\/\"},{\"@type\":\"ListItem\",\"position\":2,\"name\":\"Karen N\u00fa\u00f1ez analiza en tesis la evoluci\u00f3n de la est\u00e9tica y dramaturgia surrealista\"}]},{\"@type\":\"WebSite\",\"@id\":\"https:\\\/\\\/www.uartes.edu.ec\\\/sitio\\\/fr\\\/#website\",\"url\":\"https:\\\/\\\/www.uartes.edu.ec\\\/sitio\\\/fr\\\/\",\"name\":\"Universidad de las Artes\",\"description\":\"Sitio oficial de la Universidad Nacional de las Artes del Ecuador\",\"publisher\":{\"@id\":\"https:\\\/\\\/www.uartes.edu.ec\\\/sitio\\\/fr\\\/#organization\"},\"potentialAction\":[{\"@type\":\"SearchAction\",\"target\":{\"@type\":\"EntryPoint\",\"urlTemplate\":\"https:\\\/\\\/www.uartes.edu.ec\\\/sitio\\\/fr\\\/?s={search_term_string}\"},\"query-input\":{\"@type\":\"PropertyValueSpecification\",\"valueRequired\":true,\"valueName\":\"search_term_string\"}}],\"inLanguage\":\"fr-FR\"},{\"@type\":\"Organization\",\"@id\":\"https:\\\/\\\/www.uartes.edu.ec\\\/sitio\\\/fr\\\/#organization\",\"name\":\"Universidad de las Artes\",\"url\":\"https:\\\/\\\/www.uartes.edu.ec\\\/sitio\\\/fr\\\/\",\"logo\":{\"@type\":\"ImageObject\",\"inLanguage\":\"fr-FR\",\"@id\":\"https:\\\/\\\/www.uartes.edu.ec\\\/sitio\\\/fr\\\/#\\\/schema\\\/logo\\\/image\\\/\",\"url\":\"https:\\\/\\\/www.uartes.edu.ec\\\/sitio\\\/wp-content\\\/uploads\\\/2022\\\/07\\\/logo-ua-horizontal.png\",\"contentUrl\":\"https:\\\/\\\/www.uartes.edu.ec\\\/sitio\\\/wp-content\\\/uploads\\\/2022\\\/07\\\/logo-ua-horizontal.png\",\"width\":800,\"height\":276,\"caption\":\"Universidad de las Artes\"},\"image\":{\"@id\":\"https:\\\/\\\/www.uartes.edu.ec\\\/sitio\\\/fr\\\/#\\\/schema\\\/logo\\\/image\\\/\"},\"sameAs\":[\"https:\\\/\\\/www.facebook.com\\\/uartesec\",\"https:\\\/\\\/x.com\\\/uartesec\",\"https:\\\/\\\/www.tiktok.com\\\/@uartesec\"]},{\"@type\":\"Person\",\"@id\":\"https:\\\/\\\/www.uartes.edu.ec\\\/sitio\\\/fr\\\/#\\\/schema\\\/person\\\/f33f8c1d2af0d5c80a38c8abf458184a\",\"name\":\"Universidad de las Artes\",\"image\":{\"@type\":\"ImageObject\",\"inLanguage\":\"fr-FR\",\"@id\":\"https:\\\/\\\/secure.gravatar.com\\\/avatar\\\/52e4757902f5cfa5ac52d020e5be83cae5487519154b6c35482fe08d589f3c13?s=96&d=mm&r=g\",\"url\":\"https:\\\/\\\/secure.gravatar.com\\\/avatar\\\/52e4757902f5cfa5ac52d020e5be83cae5487519154b6c35482fe08d589f3c13?s=96&d=mm&r=g\",\"contentUrl\":\"https:\\\/\\\/secure.gravatar.com\\\/avatar\\\/52e4757902f5cfa5ac52d020e5be83cae5487519154b6c35482fe08d589f3c13?s=96&d=mm&r=g\",\"caption\":\"Universidad de las Artes\"},\"url\":\"https:\\\/\\\/www.uartes.edu.ec\\\/sitio\\\/fr\\\/blog\\\/author\\\/dircomadm\\\/\"}]}<\/script>\n<!-- \/ Yoast SEO plugin. -->","yoast_head_json":{"title":"Universidad de las Artes - Karen N\u00fa\u00f1ez analiza en tesis la evoluci\u00f3n de la est\u00e9tica y dramaturgia surrealista","description":"Universidad de las Artes - Karen N\u00fa\u00f1ez analiza en tesis la evoluci\u00f3n de la est\u00e9tica y dramaturgia surrealista","robots":{"index":"index","follow":"follow","max-snippet":"max-snippet:-1","max-image-preview":"max-image-preview:large","max-video-preview":"max-video-preview:-1"},"canonical":"https:\/\/www.uartes.edu.ec\/sitio\/fr\/blog\/2020\/05\/17\/karen-nunez-analiza-en-tesis-la-evolucion-de-la-estetica-y-dramaturgia-surrealista\/","og_locale":"fr_FR","og_type":"article","og_title":"Universidad de las Artes - Karen N\u00fa\u00f1ez analiza en tesis la evoluci\u00f3n de la est\u00e9tica y dramaturgia surrealista","og_description":"Universidad de las Artes - Karen N\u00fa\u00f1ez analiza en tesis la evoluci\u00f3n de la est\u00e9tica y dramaturgia surrealista","og_url":"https:\/\/www.uartes.edu.ec\/sitio\/fr\/blog\/2020\/05\/17\/karen-nunez-analiza-en-tesis-la-evolucion-de-la-estetica-y-dramaturgia-surrealista\/","og_site_name":"Universidad de las Artes","article_publisher":"https:\/\/www.facebook.com\/uartesec","article_published_time":"2020-05-17T14:32:05+00:00","article_modified_time":"2024-07-04T16:43:09+00:00","og_image":[{"width":532,"height":355,"url":"https:\/\/www.uartes.edu.ec\/sitio\/wp-content\/uploads\/2020\/05\/Diario-de-Notas.jpg","type":"image\/jpeg"}],"author":"Universidad de las Artes","twitter_card":"summary_large_image","twitter_creator":"@uartesec","twitter_site":"@uartesec","twitter_misc":{"\u00c9crit par":"Universidad de las Artes","Dur\u00e9e de lecture estim\u00e9e":"4 minutes"},"schema":{"@context":"https:\/\/schema.org","@graph":[{"@type":"Article","@id":"https:\/\/www.uartes.edu.ec\/sitio\/fr\/blog\/2020\/05\/17\/karen-nunez-analiza-en-tesis-la-evolucion-de-la-estetica-y-dramaturgia-surrealista\/#article","isPartOf":{"@id":"https:\/\/www.uartes.edu.ec\/sitio\/fr\/blog\/2020\/05\/17\/karen-nunez-analiza-en-tesis-la-evolucion-de-la-estetica-y-dramaturgia-surrealista\/"},"author":{"name":"Universidad de las Artes","@id":"https:\/\/www.uartes.edu.ec\/sitio\/fr\/#\/schema\/person\/f33f8c1d2af0d5c80a38c8abf458184a"},"headline":"Karen N\u00fa\u00f1ez analiza en tesis la evoluci\u00f3n de la est\u00e9tica y dramaturgia surrealista","datePublished":"2020-05-17T14:32:05+00:00","dateModified":"2024-07-04T16:43:09+00:00","mainEntityOfPage":{"@id":"https:\/\/www.uartes.edu.ec\/sitio\/fr\/blog\/2020\/05\/17\/karen-nunez-analiza-en-tesis-la-evolucion-de-la-estetica-y-dramaturgia-surrealista\/"},"wordCount":769,"publisher":{"@id":"https:\/\/www.uartes.edu.ec\/sitio\/fr\/#organization"},"image":{"@id":"https:\/\/www.uartes.edu.ec\/sitio\/fr\/blog\/2020\/05\/17\/karen-nunez-analiza-en-tesis-la-evolucion-de-la-estetica-y-dramaturgia-surrealista\/#primaryimage"},"thumbnailUrl":"https:\/\/www.uartes.edu.ec\/sitio\/wp-content\/uploads\/2020\/05\/Diario-de-Notas.jpg","keywords":["covid19"],"articleSection":["Acad\u00e9mico","Cine","Estudiantes"],"inLanguage":"fr-FR"},{"@type":["WebPage","ItemPage"],"@id":"https:\/\/www.uartes.edu.ec\/sitio\/fr\/blog\/2020\/05\/17\/karen-nunez-analiza-en-tesis-la-evolucion-de-la-estetica-y-dramaturgia-surrealista\/","url":"https:\/\/www.uartes.edu.ec\/sitio\/fr\/blog\/2020\/05\/17\/karen-nunez-analiza-en-tesis-la-evolucion-de-la-estetica-y-dramaturgia-surrealista\/","name":"Universidad de las Artes - Karen N\u00fa\u00f1ez analiza en tesis la evoluci\u00f3n de la est\u00e9tica y dramaturgia surrealista","isPartOf":{"@id":"https:\/\/www.uartes.edu.ec\/sitio\/fr\/#website"},"primaryImageOfPage":{"@id":"https:\/\/www.uartes.edu.ec\/sitio\/fr\/blog\/2020\/05\/17\/karen-nunez-analiza-en-tesis-la-evolucion-de-la-estetica-y-dramaturgia-surrealista\/#primaryimage"},"image":{"@id":"https:\/\/www.uartes.edu.ec\/sitio\/fr\/blog\/2020\/05\/17\/karen-nunez-analiza-en-tesis-la-evolucion-de-la-estetica-y-dramaturgia-surrealista\/#primaryimage"},"thumbnailUrl":"https:\/\/www.uartes.edu.ec\/sitio\/wp-content\/uploads\/2020\/05\/Diario-de-Notas.jpg","datePublished":"2020-05-17T14:32:05+00:00","dateModified":"2024-07-04T16:43:09+00:00","description":"Universidad de las Artes - Karen N\u00fa\u00f1ez analiza en tesis la evoluci\u00f3n de la est\u00e9tica y dramaturgia surrealista","breadcrumb":{"@id":"https:\/\/www.uartes.edu.ec\/sitio\/fr\/blog\/2020\/05\/17\/karen-nunez-analiza-en-tesis-la-evolucion-de-la-estetica-y-dramaturgia-surrealista\/#breadcrumb"},"inLanguage":"fr-FR","potentialAction":[{"@type":"ReadAction","target":["https:\/\/www.uartes.edu.ec\/sitio\/fr\/blog\/2020\/05\/17\/karen-nunez-analiza-en-tesis-la-evolucion-de-la-estetica-y-dramaturgia-surrealista\/"]}]},{"@type":"ImageObject","inLanguage":"fr-FR","@id":"https:\/\/www.uartes.edu.ec\/sitio\/fr\/blog\/2020\/05\/17\/karen-nunez-analiza-en-tesis-la-evolucion-de-la-estetica-y-dramaturgia-surrealista\/#primaryimage","url":"https:\/\/www.uartes.edu.ec\/sitio\/wp-content\/uploads\/2020\/05\/Diario-de-Notas.jpg","contentUrl":"https:\/\/www.uartes.edu.ec\/sitio\/wp-content\/uploads\/2020\/05\/Diario-de-Notas.jpg","width":532,"height":355},{"@type":"BreadcrumbList","@id":"https:\/\/www.uartes.edu.ec\/sitio\/fr\/blog\/2020\/05\/17\/karen-nunez-analiza-en-tesis-la-evolucion-de-la-estetica-y-dramaturgia-surrealista\/#breadcrumb","itemListElement":[{"@type":"ListItem","position":1,"name":"Inicio","item":"https:\/\/www.uartes.edu.ec\/sitio\/"},{"@type":"ListItem","position":2,"name":"Karen N\u00fa\u00f1ez analiza en tesis la evoluci\u00f3n de la est\u00e9tica y dramaturgia surrealista"}]},{"@type":"WebSite","@id":"https:\/\/www.uartes.edu.ec\/sitio\/fr\/#website","url":"https:\/\/www.uartes.edu.ec\/sitio\/fr\/","name":"Universidad de las Artes","description":"Sitio oficial de la Universidad Nacional de las Artes del Ecuador","publisher":{"@id":"https:\/\/www.uartes.edu.ec\/sitio\/fr\/#organization"},"potentialAction":[{"@type":"SearchAction","target":{"@type":"EntryPoint","urlTemplate":"https:\/\/www.uartes.edu.ec\/sitio\/fr\/?s={search_term_string}"},"query-input":{"@type":"PropertyValueSpecification","valueRequired":true,"valueName":"search_term_string"}}],"inLanguage":"fr-FR"},{"@type":"Organization","@id":"https:\/\/www.uartes.edu.ec\/sitio\/fr\/#organization","name":"Universidad de las Artes","url":"https:\/\/www.uartes.edu.ec\/sitio\/fr\/","logo":{"@type":"ImageObject","inLanguage":"fr-FR","@id":"https:\/\/www.uartes.edu.ec\/sitio\/fr\/#\/schema\/logo\/image\/","url":"https:\/\/www.uartes.edu.ec\/sitio\/wp-content\/uploads\/2022\/07\/logo-ua-horizontal.png","contentUrl":"https:\/\/www.uartes.edu.ec\/sitio\/wp-content\/uploads\/2022\/07\/logo-ua-horizontal.png","width":800,"height":276,"caption":"Universidad de las Artes"},"image":{"@id":"https:\/\/www.uartes.edu.ec\/sitio\/fr\/#\/schema\/logo\/image\/"},"sameAs":["https:\/\/www.facebook.com\/uartesec","https:\/\/x.com\/uartesec","https:\/\/www.tiktok.com\/@uartesec"]},{"@type":"Person","@id":"https:\/\/www.uartes.edu.ec\/sitio\/fr\/#\/schema\/person\/f33f8c1d2af0d5c80a38c8abf458184a","name":"Universidad de las Artes","image":{"@type":"ImageObject","inLanguage":"fr-FR","@id":"https:\/\/secure.gravatar.com\/avatar\/52e4757902f5cfa5ac52d020e5be83cae5487519154b6c35482fe08d589f3c13?s=96&d=mm&r=g","url":"https:\/\/secure.gravatar.com\/avatar\/52e4757902f5cfa5ac52d020e5be83cae5487519154b6c35482fe08d589f3c13?s=96&d=mm&r=g","contentUrl":"https:\/\/secure.gravatar.com\/avatar\/52e4757902f5cfa5ac52d020e5be83cae5487519154b6c35482fe08d589f3c13?s=96&d=mm&r=g","caption":"Universidad de las Artes"},"url":"https:\/\/www.uartes.edu.ec\/sitio\/fr\/blog\/author\/dircomadm\/"}]}},"uagb_featured_image_src":{"full":["https:\/\/www.uartes.edu.ec\/sitio\/wp-content\/uploads\/2020\/05\/Diario-de-Notas.jpg",532,355,false],"thumbnail":["https:\/\/www.uartes.edu.ec\/sitio\/wp-content\/uploads\/2020\/05\/Diario-de-Notas-150x150.jpg",150,150,true],"medium":["https:\/\/www.uartes.edu.ec\/sitio\/wp-content\/uploads\/2020\/05\/Diario-de-Notas-300x200.jpg",300,200,true],"medium_large":["https:\/\/www.uartes.edu.ec\/sitio\/wp-content\/uploads\/2020\/05\/Diario-de-Notas.jpg",532,355,false],"large":["https:\/\/www.uartes.edu.ec\/sitio\/wp-content\/uploads\/2020\/05\/Diario-de-Notas.jpg",532,355,false],"1536x1536":["https:\/\/www.uartes.edu.ec\/sitio\/wp-content\/uploads\/2020\/05\/Diario-de-Notas.jpg",532,355,false],"2048x2048":["https:\/\/www.uartes.edu.ec\/sitio\/wp-content\/uploads\/2020\/05\/Diario-de-Notas.jpg",532,355,false],"trp-custom-language-flag":["https:\/\/www.uartes.edu.ec\/sitio\/wp-content\/uploads\/2020\/05\/Diario-de-Notas.jpg",18,12,false],"htmega_size_585x295":["https:\/\/www.uartes.edu.ec\/sitio\/wp-content\/uploads\/2020\/05\/Diario-de-Notas.jpg",442,295,false],"htmega_size_1170x536":["https:\/\/www.uartes.edu.ec\/sitio\/wp-content\/uploads\/2020\/05\/Diario-de-Notas.jpg",532,355,false],"htmega_size_396x360":["https:\/\/www.uartes.edu.ec\/sitio\/wp-content\/uploads\/2020\/05\/Diario-de-Notas.jpg",396,264,false],"gb-block-post-grid-landscape":["https:\/\/www.uartes.edu.ec\/sitio\/wp-content\/uploads\/2020\/05\/Diario-de-Notas.jpg",532,355,false],"gb-block-post-grid-square":["https:\/\/www.uartes.edu.ec\/sitio\/wp-content\/uploads\/2020\/05\/Diario-de-Notas.jpg",532,355,false],"university-hub-thumb":["https:\/\/www.uartes.edu.ec\/sitio\/wp-content\/uploads\/2020\/05\/Diario-de-Notas-400x267.jpg",400,267,true]},"uagb_author_info":{"display_name":"Universidad de las Artes","author_link":"https:\/\/www.uartes.edu.ec\/sitio\/fr\/blog\/author\/dircomadm\/"},"uagb_comment_info":0,"uagb_excerpt":"\u201cProceso de creaci\u00f3n de una est\u00e9tica on\u00edrica dentro del guion de largometraje de ficci\u00f3n Bilocaci\u00f3n a trav\u00e9s del an\u00e1lisis de la corriente surrealista a lo largo de la historia del cine\u201d. Es el t\u00edtulo que Karen Gissela N\u00fa\u00f1ez Guerrero, estudiante de la Escuela de Cine, dio al trabajo final que, previo a la obtenci\u00f3n de\u2026","featured_image_src":"https:\/\/www.uartes.edu.ec\/sitio\/wp-content\/uploads\/2020\/05\/Diario-de-Notas.jpg","featured_image_src_square":"https:\/\/www.uartes.edu.ec\/sitio\/wp-content\/uploads\/2020\/05\/Diario-de-Notas.jpg","author_info":{"display_name":"Universidad de las Artes","author_link":"https:\/\/www.uartes.edu.ec\/sitio\/fr\/blog\/author\/dircomadm\/"},"publishpress_future_workflow_manual_trigger":{"enabledWorkflows":[]},"distributor_meta":false,"distributor_terms":false,"distributor_media":false,"distributor_original_site_name":"Universidad de las Artes","distributor_original_site_url":"https:\/\/www.uartes.edu.ec\/sitio\/fr","push-errors":false,"_links":{"self":[{"href":"https:\/\/www.uartes.edu.ec\/sitio\/fr\/wp-json\/wp\/v2\/posts\/7036","targetHints":{"allow":["GET"]}}],"collection":[{"href":"https:\/\/www.uartes.edu.ec\/sitio\/fr\/wp-json\/wp\/v2\/posts"}],"about":[{"href":"https:\/\/www.uartes.edu.ec\/sitio\/fr\/wp-json\/wp\/v2\/types\/post"}],"author":[{"embeddable":true,"href":"https:\/\/www.uartes.edu.ec\/sitio\/fr\/wp-json\/wp\/v2\/users\/1"}],"replies":[{"embeddable":true,"href":"https:\/\/www.uartes.edu.ec\/sitio\/fr\/wp-json\/wp\/v2\/comments?post=7036"}],"version-history":[{"count":2,"href":"https:\/\/www.uartes.edu.ec\/sitio\/fr\/wp-json\/wp\/v2\/posts\/7036\/revisions"}],"predecessor-version":[{"id":57624,"href":"https:\/\/www.uartes.edu.ec\/sitio\/fr\/wp-json\/wp\/v2\/posts\/7036\/revisions\/57624"}],"wp:featuredmedia":[{"embeddable":true,"href":"https:\/\/www.uartes.edu.ec\/sitio\/fr\/wp-json\/wp\/v2\/media\/7039"}],"wp:attachment":[{"href":"https:\/\/www.uartes.edu.ec\/sitio\/fr\/wp-json\/wp\/v2\/media?parent=7036"}],"wp:term":[{"taxonomy":"category","embeddable":true,"href":"https:\/\/www.uartes.edu.ec\/sitio\/fr\/wp-json\/wp\/v2\/categories?post=7036"},{"taxonomy":"post_tag","embeddable":true,"href":"https:\/\/www.uartes.edu.ec\/sitio\/fr\/wp-json\/wp\/v2\/tags?post=7036"},{"taxonomy":"infouartes","embeddable":true,"href":"https:\/\/www.uartes.edu.ec\/sitio\/fr\/wp-json\/wp\/v2\/infouartes?post=7036"}],"curies":[{"name":"wp","href":"https:\/\/api.w.org\/{rel}","templated":true}]}}