{"id":70424,"date":"2025-04-11T09:13:06","date_gmt":"2025-04-11T14:13:06","guid":{"rendered":"https:\/\/www.uartes.edu.ec\/sitio\/?p=70424"},"modified":"2025-04-11T09:16:14","modified_gmt":"2025-04-11T14:16:14","slug":"tribunal-electoral-de-la-uartes-con-nuevos-miembros","status":"publish","type":"post","link":"https:\/\/www.uartes.edu.ec\/sitio\/fr\/blog\/2025\/04\/11\/tribunal-electoral-de-la-uartes-con-nuevos-miembros\/","title":{"rendered":"Tribunal Electoral UArtes, nuevos miembros"},"content":{"rendered":"<p>El Tribunal Electoral de la Universidad de las Artes tiene nuevos miembros. De conformidad con el art\u00edculo 5 del Reglamento de Elecciones, el martes 8 de abril se eligi\u00f3 de entre sus miembros a la docente Siomara Espa\u00f1a como su presidenta y tambi\u00e9n en representaci\u00f3n de los acad\u00e9micos participan como vocales principales Vanessa P\u00e9rez y Juan Caguana, y como alterno Fredy Vallejos; en representaci\u00f3n del personal administrativo, por los servidores y trabajadores, Mar\u00eda Fernanda \u00c1lvarez, principal, y Segundo Benites, alterno; y Estela Narv\u00e1ez, secretaria.&nbsp;<\/p>\n\n\n\n<p>Narv\u00e1ez indic\u00f3 que en la sesi\u00f3n se conoci\u00f3 de la resoluci\u00f3n por parte del \u00d3rgano Colegiado Superior (OCS) para que el docente Juan Caguana contin\u00fae un periodo m\u00e1s en el Tribunal Electoral UArtes, puesto que su periodo concluir\u00e1 en diciembre pr\u00f3ximo, fecha en que se realizar\u00e1 el proceso de elecciones de las primeras autoridades: el rector y los vicerrectores Acad\u00e9mico y de Posgrado e Investigaci\u00f3n en Artes.<\/p>\n\n\n\n<p>\u201cEl docente Juan Caguana fue elegido en diciembre de 2023, por tanto, sigue en funciones, las cuales concluir\u00e1n en este diciembre, pero los miembros del OCS consideraron pertinente su ratificaci\u00f3n para otro periodo, a fin de que su t\u00e9rmino no afecte el proceso eleccionario que se dar\u00e1 justo en ese mes. Es un sentido de transparencia\u201d, expres\u00f3 Narv\u00e1ez.<\/p>\n\n\n\n<p>En la secci\u00f3n del pasado 8 de abril fueron tambi\u00e9n convocados los representantes estudiantiles, pero no asistieron, agreg\u00f3 Narv\u00e1ez. Sin embargo, el qu\u00f3rum fue pertinente y la elecci\u00f3n de Siomara Espa\u00f1a para la presidencia del TE un\u00e1nime.<\/p>\n\n\n\n<p>Narv\u00e1ez indic\u00f3 tambi\u00e9n que el 28 de febrero pasado concluyeron sus periodos como miembros del tribunal los docentes David Villarreal, entonces su presidente, y Mar\u00eda Fernanda L\u00f3pez, vocal principal, as\u00ed como la representante del personal administrativo Soraya Campos.<\/p>\n\n\n\n<p>\u201cTodav\u00eda no tenemos los representantes estudiantiles elegidos, puesto que quienes est\u00e1n vigentes no han participado en ninguna sesi\u00f3n. Entonces, se ha considerado pertinente nombrar a otros representantes\u201d. Record\u00f3, adem\u00e1s, que de conformidad con el art\u00edculo 5 del Reglamento de Elecciones los representantes acad\u00e9micos ante el Tribunal Electoral UArtes son mocionados por sus pares ante el \u00d3rgano Colegio Superior\u201d.<\/p>","protected":false},"excerpt":{"rendered":"<p>El Tribunal Electoral de la Universidad de las Artes tiene nuevos miembros. De conformidad con el art\u00edculo 5 del Reglamento de Elecciones, el martes 8 de abril se eligi\u00f3 de entre sus miembros a la docente Siomara Espa\u00f1a como su presidenta y tambi\u00e9n en representaci\u00f3n de los acad\u00e9micos participan como vocales principales Vanessa P\u00e9rez y Juan Caguana, y como alterno Fredy Vallejos; en representaci\u00f3n del personal de servidores y trabajadores, Mar\u00eda Fernanda \u00c1lvarez, principal, y Segundo Benites, alterno; y Estela Narv\u00e1ez, secretaria.  <\/p>","protected":false},"author":10,"featured_media":70426,"comment_status":"open","ping_status":"open","sticky":false,"template":"","format":"standard","meta":{"_acf_changed":false,"_uag_custom_page_level_css":"","_monsterinsights_skip_tracking":false,"_monsterinsights_sitenote_active":false,"_monsterinsights_sitenote_note":"","_monsterinsights_sitenote_category":0,"cybocfi_hide_featured_image":"","footnotes":""},"categories":[80,438,159,150,157,147,75,76,77,175],"tags":[602],"infouartes":[],"class_list":["post-70424","post","type-post","status-publish","format-standard","has-post-thumbnail","hentry","category-academico","category-administrativos","category-artes-escenicas","category-artes-sonoras","category-artes-visuales","category-cine","category-docentes","category-estudiantes","category-gestion","category-literatura","tag-proceso"],"acf":[],"yoast_head":"<!-- This site is optimized with the Yoast SEO plugin v27.4 - https:\/\/yoast.com\/product\/yoast-seo-wordpress\/ -->\n<title>Universidad de las Artes - Tribunal Electoral UArtes, nuevos miembros<\/title>\n<meta name=\"description\" content=\"Universidad de las Artes - Tribunal Electoral UArtes, nuevos miembros\" \/>\n<meta name=\"robots\" content=\"index, follow, max-snippet:-1, max-image-preview:large, max-video-preview:-1\" \/>\n<link rel=\"canonical\" href=\"https:\/\/www.uartes.edu.ec\/sitio\/fr\/blog\/2025\/04\/11\/tribunal-electoral-de-la-uartes-con-nuevos-miembros\/\" \/>\n<meta property=\"og:locale\" content=\"fr_FR\" \/>\n<meta property=\"og:type\" content=\"article\" \/>\n<meta property=\"og:title\" content=\"Universidad de las Artes - Tribunal Electoral UArtes, nuevos miembros\" \/>\n<meta property=\"og:description\" content=\"Universidad de las Artes - Tribunal Electoral UArtes, nuevos miembros\" \/>\n<meta property=\"og:url\" content=\"https:\/\/www.uartes.edu.ec\/sitio\/fr\/blog\/2025\/04\/11\/tribunal-electoral-de-la-uartes-con-nuevos-miembros\/\" \/>\n<meta property=\"og:site_name\" content=\"Universidad de las Artes\" \/>\n<meta property=\"article:publisher\" content=\"https:\/\/www.facebook.com\/uartesec\" \/>\n<meta property=\"article:published_time\" content=\"2025-04-11T14:13:06+00:00\" \/>\n<meta property=\"article:modified_time\" content=\"2025-04-11T14:16:14+00:00\" \/>\n<meta property=\"og:image\" content=\"https:\/\/www.uartes.edu.ec\/sitio\/wp-content\/uploads\/2025\/04\/Tribunal-Electoral-UArtes-2025-ok.jpg\" \/>\n\t<meta property=\"og:image:width\" content=\"2000\" \/>\n\t<meta property=\"og:image:height\" content=\"1333\" \/>\n\t<meta property=\"og:image:type\" content=\"image\/jpeg\" \/>\n<meta name=\"author\" content=\"ccortez\" \/>\n<meta name=\"twitter:card\" content=\"summary_large_image\" \/>\n<meta name=\"twitter:creator\" content=\"@uartesec\" \/>\n<meta name=\"twitter:site\" content=\"@uartesec\" \/>\n<meta name=\"twitter:label1\" content=\"\u00c9crit par\" \/>\n\t<meta name=\"twitter:data1\" content=\"ccortez\" \/>\n\t<meta name=\"twitter:label2\" content=\"Dur\u00e9e de lecture estim\u00e9e\" \/>\n\t<meta name=\"twitter:data2\" content=\"2 minutes\" \/>\n<script type=\"application\/ld+json\" class=\"yoast-schema-graph\">{\"@context\":\"https:\\\/\\\/schema.org\",\"@graph\":[{\"@type\":\"Article\",\"@id\":\"https:\\\/\\\/www.uartes.edu.ec\\\/sitio\\\/fr\\\/blog\\\/2025\\\/04\\\/11\\\/tribunal-electoral-de-la-uartes-con-nuevos-miembros\\\/#article\",\"isPartOf\":{\"@id\":\"https:\\\/\\\/www.uartes.edu.ec\\\/sitio\\\/fr\\\/blog\\\/2025\\\/04\\\/11\\\/tribunal-electoral-de-la-uartes-con-nuevos-miembros\\\/\"},\"author\":{\"name\":\"ccortez\",\"@id\":\"https:\\\/\\\/www.uartes.edu.ec\\\/sitio\\\/fr\\\/#\\\/schema\\\/person\\\/efa1b8275797664fd7f13a79ccc0b1f4\"},\"headline\":\"Tribunal Electoral UArtes, nuevos miembros\",\"datePublished\":\"2025-04-11T14:13:06+00:00\",\"dateModified\":\"2025-04-11T14:16:14+00:00\",\"mainEntityOfPage\":{\"@id\":\"https:\\\/\\\/www.uartes.edu.ec\\\/sitio\\\/fr\\\/blog\\\/2025\\\/04\\\/11\\\/tribunal-electoral-de-la-uartes-con-nuevos-miembros\\\/\"},\"wordCount\":380,\"commentCount\":0,\"publisher\":{\"@id\":\"https:\\\/\\\/www.uartes.edu.ec\\\/sitio\\\/fr\\\/#organization\"},\"image\":{\"@id\":\"https:\\\/\\\/www.uartes.edu.ec\\\/sitio\\\/fr\\\/blog\\\/2025\\\/04\\\/11\\\/tribunal-electoral-de-la-uartes-con-nuevos-miembros\\\/#primaryimage\"},\"thumbnailUrl\":\"https:\\\/\\\/www.uartes.edu.ec\\\/sitio\\\/wp-content\\\/uploads\\\/2025\\\/04\\\/Tribunal-Electoral-UArtes-2025-ok.jpg\",\"keywords\":[\"proceso\"],\"articleSection\":[\"Acad\u00e9mico\",\"Administrativos\",\"Artes Esc\u00e9nicas\",\"Artes Sonoras\",\"Artes Visuales\",\"Cine\",\"Docentes\",\"Estudiantes\",\"Gesti\u00f3n\",\"Literatura\"],\"inLanguage\":\"fr-FR\",\"potentialAction\":[{\"@type\":\"CommentAction\",\"name\":\"Comment\",\"target\":[\"https:\\\/\\\/www.uartes.edu.ec\\\/sitio\\\/fr\\\/blog\\\/2025\\\/04\\\/11\\\/tribunal-electoral-de-la-uartes-con-nuevos-miembros\\\/#respond\"]}]},{\"@type\":[\"WebPage\",\"ItemPage\"],\"@id\":\"https:\\\/\\\/www.uartes.edu.ec\\\/sitio\\\/fr\\\/blog\\\/2025\\\/04\\\/11\\\/tribunal-electoral-de-la-uartes-con-nuevos-miembros\\\/\",\"url\":\"https:\\\/\\\/www.uartes.edu.ec\\\/sitio\\\/fr\\\/blog\\\/2025\\\/04\\\/11\\\/tribunal-electoral-de-la-uartes-con-nuevos-miembros\\\/\",\"name\":\"Universidad de las Artes - Tribunal Electoral UArtes, nuevos miembros\",\"isPartOf\":{\"@id\":\"https:\\\/\\\/www.uartes.edu.ec\\\/sitio\\\/fr\\\/#website\"},\"primaryImageOfPage\":{\"@id\":\"https:\\\/\\\/www.uartes.edu.ec\\\/sitio\\\/fr\\\/blog\\\/2025\\\/04\\\/11\\\/tribunal-electoral-de-la-uartes-con-nuevos-miembros\\\/#primaryimage\"},\"image\":{\"@id\":\"https:\\\/\\\/www.uartes.edu.ec\\\/sitio\\\/fr\\\/blog\\\/2025\\\/04\\\/11\\\/tribunal-electoral-de-la-uartes-con-nuevos-miembros\\\/#primaryimage\"},\"thumbnailUrl\":\"https:\\\/\\\/www.uartes.edu.ec\\\/sitio\\\/wp-content\\\/uploads\\\/2025\\\/04\\\/Tribunal-Electoral-UArtes-2025-ok.jpg\",\"datePublished\":\"2025-04-11T14:13:06+00:00\",\"dateModified\":\"2025-04-11T14:16:14+00:00\",\"description\":\"Universidad de las Artes - Tribunal Electoral UArtes, nuevos miembros\",\"breadcrumb\":{\"@id\":\"https:\\\/\\\/www.uartes.edu.ec\\\/sitio\\\/fr\\\/blog\\\/2025\\\/04\\\/11\\\/tribunal-electoral-de-la-uartes-con-nuevos-miembros\\\/#breadcrumb\"},\"inLanguage\":\"fr-FR\",\"potentialAction\":[{\"@type\":\"ReadAction\",\"target\":[\"https:\\\/\\\/www.uartes.edu.ec\\\/sitio\\\/fr\\\/blog\\\/2025\\\/04\\\/11\\\/tribunal-electoral-de-la-uartes-con-nuevos-miembros\\\/\"]}]},{\"@type\":\"ImageObject\",\"inLanguage\":\"fr-FR\",\"@id\":\"https:\\\/\\\/www.uartes.edu.ec\\\/sitio\\\/fr\\\/blog\\\/2025\\\/04\\\/11\\\/tribunal-electoral-de-la-uartes-con-nuevos-miembros\\\/#primaryimage\",\"url\":\"https:\\\/\\\/www.uartes.edu.ec\\\/sitio\\\/wp-content\\\/uploads\\\/2025\\\/04\\\/Tribunal-Electoral-UArtes-2025-ok.jpg\",\"contentUrl\":\"https:\\\/\\\/www.uartes.edu.ec\\\/sitio\\\/wp-content\\\/uploads\\\/2025\\\/04\\\/Tribunal-Electoral-UArtes-2025-ok.jpg\",\"width\":2000,\"height\":1333},{\"@type\":\"BreadcrumbList\",\"@id\":\"https:\\\/\\\/www.uartes.edu.ec\\\/sitio\\\/fr\\\/blog\\\/2025\\\/04\\\/11\\\/tribunal-electoral-de-la-uartes-con-nuevos-miembros\\\/#breadcrumb\",\"itemListElement\":[{\"@type\":\"ListItem\",\"position\":1,\"name\":\"Inicio\",\"item\":\"https:\\\/\\\/www.uartes.edu.ec\\\/sitio\\\/\"},{\"@type\":\"ListItem\",\"position\":2,\"name\":\"Tribunal Electoral UArtes, nuevos miembros\"}]},{\"@type\":\"WebSite\",\"@id\":\"https:\\\/\\\/www.uartes.edu.ec\\\/sitio\\\/fr\\\/#website\",\"url\":\"https:\\\/\\\/www.uartes.edu.ec\\\/sitio\\\/fr\\\/\",\"name\":\"Universidad de las Artes\",\"description\":\"Sitio oficial de la Universidad Nacional de las Artes del Ecuador\",\"publisher\":{\"@id\":\"https:\\\/\\\/www.uartes.edu.ec\\\/sitio\\\/fr\\\/#organization\"},\"potentialAction\":[{\"@type\":\"SearchAction\",\"target\":{\"@type\":\"EntryPoint\",\"urlTemplate\":\"https:\\\/\\\/www.uartes.edu.ec\\\/sitio\\\/fr\\\/?s={search_term_string}\"},\"query-input\":{\"@type\":\"PropertyValueSpecification\",\"valueRequired\":true,\"valueName\":\"search_term_string\"}}],\"inLanguage\":\"fr-FR\"},{\"@type\":\"Organization\",\"@id\":\"https:\\\/\\\/www.uartes.edu.ec\\\/sitio\\\/fr\\\/#organization\",\"name\":\"Universidad de las Artes\",\"url\":\"https:\\\/\\\/www.uartes.edu.ec\\\/sitio\\\/fr\\\/\",\"logo\":{\"@type\":\"ImageObject\",\"inLanguage\":\"fr-FR\",\"@id\":\"https:\\\/\\\/www.uartes.edu.ec\\\/sitio\\\/fr\\\/#\\\/schema\\\/logo\\\/image\\\/\",\"url\":\"https:\\\/\\\/www.uartes.edu.ec\\\/sitio\\\/wp-content\\\/uploads\\\/2022\\\/07\\\/logo-ua-horizontal.png\",\"contentUrl\":\"https:\\\/\\\/www.uartes.edu.ec\\\/sitio\\\/wp-content\\\/uploads\\\/2022\\\/07\\\/logo-ua-horizontal.png\",\"width\":800,\"height\":276,\"caption\":\"Universidad de las Artes\"},\"image\":{\"@id\":\"https:\\\/\\\/www.uartes.edu.ec\\\/sitio\\\/fr\\\/#\\\/schema\\\/logo\\\/image\\\/\"},\"sameAs\":[\"https:\\\/\\\/www.facebook.com\\\/uartesec\",\"https:\\\/\\\/x.com\\\/uartesec\",\"https:\\\/\\\/www.tiktok.com\\\/@uartesec\"]},{\"@type\":\"Person\",\"@id\":\"https:\\\/\\\/www.uartes.edu.ec\\\/sitio\\\/fr\\\/#\\\/schema\\\/person\\\/efa1b8275797664fd7f13a79ccc0b1f4\",\"name\":\"ccortez\",\"image\":{\"@type\":\"ImageObject\",\"inLanguage\":\"fr-FR\",\"@id\":\"https:\\\/\\\/secure.gravatar.com\\\/avatar\\\/b2a6f664a3ae8e074346ef91775736c5ec479e637ecced6842de9dc98b5da9cd?s=96&d=mm&r=g\",\"url\":\"https:\\\/\\\/secure.gravatar.com\\\/avatar\\\/b2a6f664a3ae8e074346ef91775736c5ec479e637ecced6842de9dc98b5da9cd?s=96&d=mm&r=g\",\"contentUrl\":\"https:\\\/\\\/secure.gravatar.com\\\/avatar\\\/b2a6f664a3ae8e074346ef91775736c5ec479e637ecced6842de9dc98b5da9cd?s=96&d=mm&r=g\",\"caption\":\"ccortez\"},\"url\":\"https:\\\/\\\/www.uartes.edu.ec\\\/sitio\\\/fr\\\/blog\\\/author\\\/ccortez\\\/\"}]}<\/script>\n<!-- \/ Yoast SEO plugin. -->","yoast_head_json":{"title":"Universidad de las Artes - Tribunal Electoral UArtes, nuevos miembros","description":"Universidad de las Artes - Tribunal Electoral UArtes, nuevos miembros","robots":{"index":"index","follow":"follow","max-snippet":"max-snippet:-1","max-image-preview":"max-image-preview:large","max-video-preview":"max-video-preview:-1"},"canonical":"https:\/\/www.uartes.edu.ec\/sitio\/fr\/blog\/2025\/04\/11\/tribunal-electoral-de-la-uartes-con-nuevos-miembros\/","og_locale":"fr_FR","og_type":"article","og_title":"Universidad de las Artes - Tribunal Electoral UArtes, nuevos miembros","og_description":"Universidad de las Artes - Tribunal Electoral UArtes, nuevos miembros","og_url":"https:\/\/www.uartes.edu.ec\/sitio\/fr\/blog\/2025\/04\/11\/tribunal-electoral-de-la-uartes-con-nuevos-miembros\/","og_site_name":"Universidad de las Artes","article_publisher":"https:\/\/www.facebook.com\/uartesec","article_published_time":"2025-04-11T14:13:06+00:00","article_modified_time":"2025-04-11T14:16:14+00:00","og_image":[{"width":2000,"height":1333,"url":"https:\/\/www.uartes.edu.ec\/sitio\/wp-content\/uploads\/2025\/04\/Tribunal-Electoral-UArtes-2025-ok.jpg","type":"image\/jpeg"}],"author":"ccortez","twitter_card":"summary_large_image","twitter_creator":"@uartesec","twitter_site":"@uartesec","twitter_misc":{"\u00c9crit par":"ccortez","Dur\u00e9e de lecture estim\u00e9e":"2 minutes"},"schema":{"@context":"https:\/\/schema.org","@graph":[{"@type":"Article","@id":"https:\/\/www.uartes.edu.ec\/sitio\/fr\/blog\/2025\/04\/11\/tribunal-electoral-de-la-uartes-con-nuevos-miembros\/#article","isPartOf":{"@id":"https:\/\/www.uartes.edu.ec\/sitio\/fr\/blog\/2025\/04\/11\/tribunal-electoral-de-la-uartes-con-nuevos-miembros\/"},"author":{"name":"ccortez","@id":"https:\/\/www.uartes.edu.ec\/sitio\/fr\/#\/schema\/person\/efa1b8275797664fd7f13a79ccc0b1f4"},"headline":"Tribunal Electoral UArtes, nuevos miembros","datePublished":"2025-04-11T14:13:06+00:00","dateModified":"2025-04-11T14:16:14+00:00","mainEntityOfPage":{"@id":"https:\/\/www.uartes.edu.ec\/sitio\/fr\/blog\/2025\/04\/11\/tribunal-electoral-de-la-uartes-con-nuevos-miembros\/"},"wordCount":380,"commentCount":0,"publisher":{"@id":"https:\/\/www.uartes.edu.ec\/sitio\/fr\/#organization"},"image":{"@id":"https:\/\/www.uartes.edu.ec\/sitio\/fr\/blog\/2025\/04\/11\/tribunal-electoral-de-la-uartes-con-nuevos-miembros\/#primaryimage"},"thumbnailUrl":"https:\/\/www.uartes.edu.ec\/sitio\/wp-content\/uploads\/2025\/04\/Tribunal-Electoral-UArtes-2025-ok.jpg","keywords":["proceso"],"articleSection":["Acad\u00e9mico","Administrativos","Artes Esc\u00e9nicas","Artes Sonoras","Artes Visuales","Cine","Docentes","Estudiantes","Gesti\u00f3n","Literatura"],"inLanguage":"fr-FR","potentialAction":[{"@type":"CommentAction","name":"Comment","target":["https:\/\/www.uartes.edu.ec\/sitio\/fr\/blog\/2025\/04\/11\/tribunal-electoral-de-la-uartes-con-nuevos-miembros\/#respond"]}]},{"@type":["WebPage","ItemPage"],"@id":"https:\/\/www.uartes.edu.ec\/sitio\/fr\/blog\/2025\/04\/11\/tribunal-electoral-de-la-uartes-con-nuevos-miembros\/","url":"https:\/\/www.uartes.edu.ec\/sitio\/fr\/blog\/2025\/04\/11\/tribunal-electoral-de-la-uartes-con-nuevos-miembros\/","name":"Universidad de las Artes - Tribunal Electoral UArtes, nuevos miembros","isPartOf":{"@id":"https:\/\/www.uartes.edu.ec\/sitio\/fr\/#website"},"primaryImageOfPage":{"@id":"https:\/\/www.uartes.edu.ec\/sitio\/fr\/blog\/2025\/04\/11\/tribunal-electoral-de-la-uartes-con-nuevos-miembros\/#primaryimage"},"image":{"@id":"https:\/\/www.uartes.edu.ec\/sitio\/fr\/blog\/2025\/04\/11\/tribunal-electoral-de-la-uartes-con-nuevos-miembros\/#primaryimage"},"thumbnailUrl":"https:\/\/www.uartes.edu.ec\/sitio\/wp-content\/uploads\/2025\/04\/Tribunal-Electoral-UArtes-2025-ok.jpg","datePublished":"2025-04-11T14:13:06+00:00","dateModified":"2025-04-11T14:16:14+00:00","description":"Universidad de las Artes - Tribunal Electoral UArtes, nuevos miembros","breadcrumb":{"@id":"https:\/\/www.uartes.edu.ec\/sitio\/fr\/blog\/2025\/04\/11\/tribunal-electoral-de-la-uartes-con-nuevos-miembros\/#breadcrumb"},"inLanguage":"fr-FR","potentialAction":[{"@type":"ReadAction","target":["https:\/\/www.uartes.edu.ec\/sitio\/fr\/blog\/2025\/04\/11\/tribunal-electoral-de-la-uartes-con-nuevos-miembros\/"]}]},{"@type":"ImageObject","inLanguage":"fr-FR","@id":"https:\/\/www.uartes.edu.ec\/sitio\/fr\/blog\/2025\/04\/11\/tribunal-electoral-de-la-uartes-con-nuevos-miembros\/#primaryimage","url":"https:\/\/www.uartes.edu.ec\/sitio\/wp-content\/uploads\/2025\/04\/Tribunal-Electoral-UArtes-2025-ok.jpg","contentUrl":"https:\/\/www.uartes.edu.ec\/sitio\/wp-content\/uploads\/2025\/04\/Tribunal-Electoral-UArtes-2025-ok.jpg","width":2000,"height":1333},{"@type":"BreadcrumbList","@id":"https:\/\/www.uartes.edu.ec\/sitio\/fr\/blog\/2025\/04\/11\/tribunal-electoral-de-la-uartes-con-nuevos-miembros\/#breadcrumb","itemListElement":[{"@type":"ListItem","position":1,"name":"Inicio","item":"https:\/\/www.uartes.edu.ec\/sitio\/"},{"@type":"ListItem","position":2,"name":"Tribunal Electoral UArtes, nuevos miembros"}]},{"@type":"WebSite","@id":"https:\/\/www.uartes.edu.ec\/sitio\/fr\/#website","url":"https:\/\/www.uartes.edu.ec\/sitio\/fr\/","name":"Universidad de las Artes","description":"Sitio oficial de la Universidad Nacional de las Artes del Ecuador","publisher":{"@id":"https:\/\/www.uartes.edu.ec\/sitio\/fr\/#organization"},"potentialAction":[{"@type":"SearchAction","target":{"@type":"EntryPoint","urlTemplate":"https:\/\/www.uartes.edu.ec\/sitio\/fr\/?s={search_term_string}"},"query-input":{"@type":"PropertyValueSpecification","valueRequired":true,"valueName":"search_term_string"}}],"inLanguage":"fr-FR"},{"@type":"Organization","@id":"https:\/\/www.uartes.edu.ec\/sitio\/fr\/#organization","name":"Universidad de las Artes","url":"https:\/\/www.uartes.edu.ec\/sitio\/fr\/","logo":{"@type":"ImageObject","inLanguage":"fr-FR","@id":"https:\/\/www.uartes.edu.ec\/sitio\/fr\/#\/schema\/logo\/image\/","url":"https:\/\/www.uartes.edu.ec\/sitio\/wp-content\/uploads\/2022\/07\/logo-ua-horizontal.png","contentUrl":"https:\/\/www.uartes.edu.ec\/sitio\/wp-content\/uploads\/2022\/07\/logo-ua-horizontal.png","width":800,"height":276,"caption":"Universidad de las Artes"},"image":{"@id":"https:\/\/www.uartes.edu.ec\/sitio\/fr\/#\/schema\/logo\/image\/"},"sameAs":["https:\/\/www.facebook.com\/uartesec","https:\/\/x.com\/uartesec","https:\/\/www.tiktok.com\/@uartesec"]},{"@type":"Person","@id":"https:\/\/www.uartes.edu.ec\/sitio\/fr\/#\/schema\/person\/efa1b8275797664fd7f13a79ccc0b1f4","name":"ccortez","image":{"@type":"ImageObject","inLanguage":"fr-FR","@id":"https:\/\/secure.gravatar.com\/avatar\/b2a6f664a3ae8e074346ef91775736c5ec479e637ecced6842de9dc98b5da9cd?s=96&d=mm&r=g","url":"https:\/\/secure.gravatar.com\/avatar\/b2a6f664a3ae8e074346ef91775736c5ec479e637ecced6842de9dc98b5da9cd?s=96&d=mm&r=g","contentUrl":"https:\/\/secure.gravatar.com\/avatar\/b2a6f664a3ae8e074346ef91775736c5ec479e637ecced6842de9dc98b5da9cd?s=96&d=mm&r=g","caption":"ccortez"},"url":"https:\/\/www.uartes.edu.ec\/sitio\/fr\/blog\/author\/ccortez\/"}]}},"uagb_featured_image_src":{"full":["https:\/\/www.uartes.edu.ec\/sitio\/wp-content\/uploads\/2025\/04\/Tribunal-Electoral-UArtes-2025-ok.jpg",2000,1333,false],"thumbnail":["https:\/\/www.uartes.edu.ec\/sitio\/wp-content\/uploads\/2025\/04\/Tribunal-Electoral-UArtes-2025-ok-150x150.jpg",150,150,true],"medium":["https:\/\/www.uartes.edu.ec\/sitio\/wp-content\/uploads\/2025\/04\/Tribunal-Electoral-UArtes-2025-ok-300x200.jpg",300,200,true],"medium_large":["https:\/\/www.uartes.edu.ec\/sitio\/wp-content\/uploads\/2025\/04\/Tribunal-Electoral-UArtes-2025-ok-768x512.jpg",768,512,true],"large":["https:\/\/www.uartes.edu.ec\/sitio\/wp-content\/uploads\/2025\/04\/Tribunal-Electoral-UArtes-2025-ok-644x429.jpg",644,429,true],"1536x1536":["https:\/\/www.uartes.edu.ec\/sitio\/wp-content\/uploads\/2025\/04\/Tribunal-Electoral-UArtes-2025-ok-1536x1024.jpg",1536,1024,true],"2048x2048":["https:\/\/www.uartes.edu.ec\/sitio\/wp-content\/uploads\/2025\/04\/Tribunal-Electoral-UArtes-2025-ok.jpg",2000,1333,false],"trp-custom-language-flag":["https:\/\/www.uartes.edu.ec\/sitio\/wp-content\/uploads\/2025\/04\/Tribunal-Electoral-UArtes-2025-ok-18x12.jpg",18,12,true],"htmega_size_585x295":["https:\/\/www.uartes.edu.ec\/sitio\/wp-content\/uploads\/2025\/04\/Tribunal-Electoral-UArtes-2025-ok-585x295.jpg",585,295,true],"htmega_size_1170x536":["https:\/\/www.uartes.edu.ec\/sitio\/wp-content\/uploads\/2025\/04\/Tribunal-Electoral-UArtes-2025-ok-1170x536.jpg",1170,536,true],"htmega_size_396x360":["https:\/\/www.uartes.edu.ec\/sitio\/wp-content\/uploads\/2025\/04\/Tribunal-Electoral-UArtes-2025-ok-396x360.jpg",396,360,true],"gb-block-post-grid-landscape":["https:\/\/www.uartes.edu.ec\/sitio\/wp-content\/uploads\/2025\/04\/Tribunal-Electoral-UArtes-2025-ok-600x400.jpg",600,400,true],"gb-block-post-grid-square":["https:\/\/www.uartes.edu.ec\/sitio\/wp-content\/uploads\/2025\/04\/Tribunal-Electoral-UArtes-2025-ok-600x600.jpg",600,600,true],"university-hub-thumb":["https:\/\/www.uartes.edu.ec\/sitio\/wp-content\/uploads\/2025\/04\/Tribunal-Electoral-UArtes-2025-ok-400x267.jpg",400,267,true]},"uagb_author_info":{"display_name":"ccortez","author_link":"https:\/\/www.uartes.edu.ec\/sitio\/fr\/blog\/author\/ccortez\/"},"uagb_comment_info":0,"uagb_excerpt":"El Tribunal Electoral de la Universidad de las Artes tiene nuevos miembros. De conformidad con el art\u00edculo 5 del Reglamento de Elecciones, el martes 8 de abril se eligi\u00f3 de entre sus miembros a la docente Siomara Espa\u00f1a como su presidenta y tambi\u00e9n en representaci\u00f3n de los acad\u00e9micos participan como vocales principales Vanessa P\u00e9rez y\u2026","featured_image_src":"https:\/\/www.uartes.edu.ec\/sitio\/wp-content\/uploads\/2025\/04\/Tribunal-Electoral-UArtes-2025-ok-600x400.jpg","featured_image_src_square":"https:\/\/www.uartes.edu.ec\/sitio\/wp-content\/uploads\/2025\/04\/Tribunal-Electoral-UArtes-2025-ok-600x600.jpg","author_info":{"display_name":"ccortez","author_link":"https:\/\/www.uartes.edu.ec\/sitio\/fr\/blog\/author\/ccortez\/"},"publishpress_future_workflow_manual_trigger":{"enabledWorkflows":[]},"distributor_meta":false,"distributor_terms":false,"distributor_media":false,"distributor_original_site_name":"Universidad de las Artes","distributor_original_site_url":"https:\/\/www.uartes.edu.ec\/sitio\/fr","push-errors":false,"_links":{"self":[{"href":"https:\/\/www.uartes.edu.ec\/sitio\/fr\/wp-json\/wp\/v2\/posts\/70424","targetHints":{"allow":["GET"]}}],"collection":[{"href":"https:\/\/www.uartes.edu.ec\/sitio\/fr\/wp-json\/wp\/v2\/posts"}],"about":[{"href":"https:\/\/www.uartes.edu.ec\/sitio\/fr\/wp-json\/wp\/v2\/types\/post"}],"author":[{"embeddable":true,"href":"https:\/\/www.uartes.edu.ec\/sitio\/fr\/wp-json\/wp\/v2\/users\/10"}],"replies":[{"embeddable":true,"href":"https:\/\/www.uartes.edu.ec\/sitio\/fr\/wp-json\/wp\/v2\/comments?post=70424"}],"version-history":[{"count":4,"href":"https:\/\/www.uartes.edu.ec\/sitio\/fr\/wp-json\/wp\/v2\/posts\/70424\/revisions"}],"predecessor-version":[{"id":70437,"href":"https:\/\/www.uartes.edu.ec\/sitio\/fr\/wp-json\/wp\/v2\/posts\/70424\/revisions\/70437"}],"wp:featuredmedia":[{"embeddable":true,"href":"https:\/\/www.uartes.edu.ec\/sitio\/fr\/wp-json\/wp\/v2\/media\/70426"}],"wp:attachment":[{"href":"https:\/\/www.uartes.edu.ec\/sitio\/fr\/wp-json\/wp\/v2\/media?parent=70424"}],"wp:term":[{"taxonomy":"category","embeddable":true,"href":"https:\/\/www.uartes.edu.ec\/sitio\/fr\/wp-json\/wp\/v2\/categories?post=70424"},{"taxonomy":"post_tag","embeddable":true,"href":"https:\/\/www.uartes.edu.ec\/sitio\/fr\/wp-json\/wp\/v2\/tags?post=70424"},{"taxonomy":"infouartes","embeddable":true,"href":"https:\/\/www.uartes.edu.ec\/sitio\/fr\/wp-json\/wp\/v2\/infouartes?post=70424"}],"curies":[{"name":"wp","href":"https:\/\/api.w.org\/{rel}","templated":true}]}}