{"id":7055,"date":"2020-05-18T15:56:54","date_gmt":"2020-05-18T20:56:54","guid":{"rendered":"http:\/\/www.uartes.edu.ec\/sitio\/?p=7055"},"modified":"2024-07-04T11:43:08","modified_gmt":"2024-07-04T16:43:08","slug":"el-club-de-ingles-iniciativa-de-estudiantes-uartes-retoma-actividades-este-semestre","status":"publish","type":"post","link":"https:\/\/www.uartes.edu.ec\/sitio\/fr\/blog\/2020\/05\/18\/el-club-de-ingles-iniciativa-de-estudiantes-uartes-retoma-actividades-este-semestre\/","title":{"rendered":"El Club de Ingl\u00e9s, iniciativa de estudiantes UArtes, retoma actividades este semestre"},"content":{"rendered":"<p>\u201cEspero escuchar pronto de ti\u201d escribi\u00f3 Dami\u00e1n Rosero Cazar al final de la invitaci\u00f3n que mediante correo electr\u00f3nico hizo recientemente a cada uno de los estudiantes de la Universidad de las Artes, para que sumen al Club de Ingl\u00e9s que conform\u00f3 en 2019 junto a compa\u00f1eros de varias escuelas. \u00c9l cursa el noveno semestre (ya en titulaci\u00f3n) en la de Artes Sonoras.<\/p>\n\n\n\n<p>En el cuerpo del mensaje electr\u00f3nico, Dami\u00e1n Rosero se\u00f1ala que la iniciativa surgi\u00f3 el semestre pasado como una forma de practicar el ingl\u00e9s y que, a diferencia del ciclo anterior, en el presente ese compartir de conocimientos del idioma y su pr\u00e1ctica ser\u00e1 de manera virtual, una modalidad en la que la UArtes inici\u00f3 el pasado 4 de mayo las clases del I Semestre 2020, adoptando as\u00ed las medidas aprobadas por su Comisi\u00f3n Gestora (el 30 de marzo), en cumplimiento de las disposiciones del Estado ecuatoriano por la emergencia sanitaria nacional debido a la pandemia del COVID-19.<\/p>\n\n\n\n<p>\u201cSi quieres unirte a nosotros, \u00a1eres m\u00e1s que bienvenido! Tendremos reuniones todos los s\u00e1bados a trav\u00e9s de (la plataforma) Zoom, de 15:00 a 17:00, y haremos algunas actividades para que podamos poner nuestro ingl\u00e9s en pr\u00e1ctica. Tambi\u00e9n puedes traer tus propias ideas de cosas que podemos hacer. Este es un espacio muy informal, en el que no tienes que preocuparte por obtener buenas calificaciones, aprobar o reprobar el curso\u201d, expresa Dami\u00e1n Rosero en la invitaci\u00f3n electr\u00f3nica. Por esa misma v\u00eda, en di\u00e1logo con InfoUArtes, indica que el Club de Ingl\u00e9s est\u00e1 abierto a toda la comunidad universitaria: estudiantes, profesores y administrativos. Los interesados solo deben enviarle un mensaje de texto a trav\u00e9s de whatsapp (al n\u00famero 0998-071-840), a fin de ser agregados al grupo.<\/p>\n\n\n\n<p>De c\u00f3mo nace la iniciativa, Dami\u00e1n Rosero explica que antes de iniciar sus estudios en la carrera de Artes Musicales y Sonoras se desempe\u00f1aba como docente de ingl\u00e9s de la Universidad T\u00e9cnica de Ambato y en la Universidad Cat\u00f3lica de la misma ciudad (capital de la provincia de Tungurahua), \u201centonces se me ocurri\u00f3 que se pod\u00eda generar un espacio para practicar ingl\u00e9s fuera del aula tradicional; una pr\u00e1ctica m\u00e1s libre y l\u00fadica, sin la preocupaci\u00f3n de notas\u201d. Hicieron la convocatoria y fue tal la respuesta que tuvieron que desarrollar dos niveles; las reuniones se dieron, de manera presencial, los s\u00e1bados al mediod\u00eda.<\/p>\n\n\n\n<p>Una vez iniciado el I Semestre 2020 y frente a la cuarentena por COVID-19, debido a lo cual la ense\u00f1anza en la UArtes es virtual, Dami\u00e1n Rosero indica que decidieron retomar el Club de Ingl\u00e9s y ajustarse a que las reuniones sean en l\u00ednea y, como lo hicieron antes, mantendr\u00e1n di\u00e1logos en ingl\u00e9s, propiciar\u00e1n debates y una serie de actividades para una pr\u00e1ctica efectiva del idioma. \u201cHemos recibido la respuesta de m\u00e1s de 50 interesados; no son solo estudiantes, sino tambi\u00e9n profesores y administrativos\u201d, revela.<\/p>\n\n\n\n<p>En la coordinaci\u00f3n del Club de Ingl\u00e9s lo acompa\u00f1an Diana Lozano y Elian Villavicencio, de la carrera de Creaci\u00f3n Teatral, de la Escuela de Artes Esc\u00e9nicas; Karen Ortega, de la Escuela de Artes Sonoras; Mandy Rodas, de la Escuela de Cine; y Ariana Castillo, de la Escuela de Literatura.<\/p>","protected":false},"excerpt":{"rendered":"<p>\u201cEspero escuchar pronto de ti\u201d escribi\u00f3 Dami\u00e1n Rosero Cazar al final de la invitaci\u00f3n que mediante correo electr\u00f3nico hizo recientemente a cada uno de los estudiantes de la Universidad de las Artes, para que sumen al Club de Ingl\u00e9s que conform\u00f3 en 2019 junto a compa\u00f1eros de varias escuelas. \u00c9l cursa el noveno semestre (ya en titulaci\u00f3n) en la de Artes Sonoras.<\/p>","protected":false},"author":1,"featured_media":7056,"comment_status":"closed","ping_status":"closed","sticky":false,"template":"","format":"standard","meta":{"_acf_changed":false,"_uag_custom_page_level_css":"","_monsterinsights_skip_tracking":false,"_monsterinsights_sitenote_active":false,"_monsterinsights_sitenote_note":"","_monsterinsights_sitenote_category":0,"cybocfi_hide_featured_image":"","footnotes":""},"categories":[80,76,154],"tags":[211],"infouartes":[],"class_list":["post-7055","post","type-post","status-publish","format-standard","has-post-thumbnail","hentry","category-academico","category-estudiantes","category-lenguas-extranjeras","tag-covid19"],"acf":[],"yoast_head":"<!-- This site is optimized with the Yoast SEO plugin v27.4 - https:\/\/yoast.com\/product\/yoast-seo-wordpress\/ -->\n<title>Universidad de las Artes - El Club de Ingl\u00e9s, iniciativa de estudiantes UArtes, retoma actividades este semestre<\/title>\n<meta name=\"description\" content=\"Universidad de las Artes - El Club de Ingl\u00e9s, iniciativa de estudiantes UArtes, retoma actividades este semestre\" \/>\n<meta name=\"robots\" content=\"index, follow, max-snippet:-1, max-image-preview:large, max-video-preview:-1\" \/>\n<link rel=\"canonical\" href=\"https:\/\/www.uartes.edu.ec\/sitio\/fr\/blog\/2020\/05\/18\/el-club-de-ingles-iniciativa-de-estudiantes-uartes-retoma-actividades-este-semestre\/\" \/>\n<meta property=\"og:locale\" content=\"fr_FR\" \/>\n<meta property=\"og:type\" content=\"article\" \/>\n<meta property=\"og:title\" content=\"Universidad de las Artes - El Club de Ingl\u00e9s, iniciativa de estudiantes UArtes, retoma actividades este semestre\" \/>\n<meta property=\"og:description\" content=\"Universidad de las Artes - El Club de Ingl\u00e9s, iniciativa de estudiantes UArtes, retoma actividades este semestre\" \/>\n<meta property=\"og:url\" content=\"https:\/\/www.uartes.edu.ec\/sitio\/fr\/blog\/2020\/05\/18\/el-club-de-ingles-iniciativa-de-estudiantes-uartes-retoma-actividades-este-semestre\/\" \/>\n<meta property=\"og:site_name\" content=\"Universidad de las Artes\" \/>\n<meta property=\"article:publisher\" content=\"https:\/\/www.facebook.com\/uartesec\" \/>\n<meta property=\"article:published_time\" content=\"2020-05-18T20:56:54+00:00\" \/>\n<meta property=\"article:modified_time\" content=\"2024-07-04T16:43:08+00:00\" \/>\n<meta property=\"og:image\" content=\"https:\/\/www.uartes.edu.ec\/sitio\/wp-content\/uploads\/2020\/05\/DAMIAN-ROSERO.jpg\" \/>\n\t<meta property=\"og:image:width\" content=\"1238\" \/>\n\t<meta property=\"og:image:height\" content=\"825\" \/>\n\t<meta property=\"og:image:type\" content=\"image\/jpeg\" \/>\n<meta name=\"author\" content=\"Universidad de las Artes\" \/>\n<meta name=\"twitter:card\" content=\"summary_large_image\" \/>\n<meta name=\"twitter:creator\" content=\"@uartesec\" \/>\n<meta name=\"twitter:site\" content=\"@uartesec\" \/>\n<meta name=\"twitter:label1\" content=\"\u00c9crit par\" \/>\n\t<meta name=\"twitter:data1\" content=\"Universidad de las Artes\" \/>\n\t<meta name=\"twitter:label2\" content=\"Dur\u00e9e de lecture estim\u00e9e\" \/>\n\t<meta name=\"twitter:data2\" content=\"3 minutes\" \/>\n<script type=\"application\/ld+json\" class=\"yoast-schema-graph\">{\"@context\":\"https:\\\/\\\/schema.org\",\"@graph\":[{\"@type\":\"Article\",\"@id\":\"https:\\\/\\\/www.uartes.edu.ec\\\/sitio\\\/fr\\\/blog\\\/2020\\\/05\\\/18\\\/el-club-de-ingles-iniciativa-de-estudiantes-uartes-retoma-actividades-este-semestre\\\/#article\",\"isPartOf\":{\"@id\":\"https:\\\/\\\/www.uartes.edu.ec\\\/sitio\\\/fr\\\/blog\\\/2020\\\/05\\\/18\\\/el-club-de-ingles-iniciativa-de-estudiantes-uartes-retoma-actividades-este-semestre\\\/\"},\"author\":{\"name\":\"Universidad de las Artes\",\"@id\":\"https:\\\/\\\/www.uartes.edu.ec\\\/sitio\\\/fr\\\/#\\\/schema\\\/person\\\/f33f8c1d2af0d5c80a38c8abf458184a\"},\"headline\":\"El Club de Ingl\u00e9s, iniciativa de estudiantes UArtes, retoma actividades este semestre\",\"datePublished\":\"2020-05-18T20:56:54+00:00\",\"dateModified\":\"2024-07-04T16:43:08+00:00\",\"mainEntityOfPage\":{\"@id\":\"https:\\\/\\\/www.uartes.edu.ec\\\/sitio\\\/fr\\\/blog\\\/2020\\\/05\\\/18\\\/el-club-de-ingles-iniciativa-de-estudiantes-uartes-retoma-actividades-este-semestre\\\/\"},\"wordCount\":581,\"publisher\":{\"@id\":\"https:\\\/\\\/www.uartes.edu.ec\\\/sitio\\\/fr\\\/#organization\"},\"image\":{\"@id\":\"https:\\\/\\\/www.uartes.edu.ec\\\/sitio\\\/fr\\\/blog\\\/2020\\\/05\\\/18\\\/el-club-de-ingles-iniciativa-de-estudiantes-uartes-retoma-actividades-este-semestre\\\/#primaryimage\"},\"thumbnailUrl\":\"https:\\\/\\\/www.uartes.edu.ec\\\/sitio\\\/wp-content\\\/uploads\\\/2020\\\/05\\\/DAMIAN-ROSERO.jpg\",\"keywords\":[\"covid19\"],\"articleSection\":[\"Acad\u00e9mico\",\"Estudiantes\",\"Lenguas Extranjeras\"],\"inLanguage\":\"fr-FR\"},{\"@type\":[\"WebPage\",\"ItemPage\"],\"@id\":\"https:\\\/\\\/www.uartes.edu.ec\\\/sitio\\\/fr\\\/blog\\\/2020\\\/05\\\/18\\\/el-club-de-ingles-iniciativa-de-estudiantes-uartes-retoma-actividades-este-semestre\\\/\",\"url\":\"https:\\\/\\\/www.uartes.edu.ec\\\/sitio\\\/fr\\\/blog\\\/2020\\\/05\\\/18\\\/el-club-de-ingles-iniciativa-de-estudiantes-uartes-retoma-actividades-este-semestre\\\/\",\"name\":\"Universidad de las Artes - El Club de Ingl\u00e9s, iniciativa de estudiantes UArtes, retoma actividades este semestre\",\"isPartOf\":{\"@id\":\"https:\\\/\\\/www.uartes.edu.ec\\\/sitio\\\/fr\\\/#website\"},\"primaryImageOfPage\":{\"@id\":\"https:\\\/\\\/www.uartes.edu.ec\\\/sitio\\\/fr\\\/blog\\\/2020\\\/05\\\/18\\\/el-club-de-ingles-iniciativa-de-estudiantes-uartes-retoma-actividades-este-semestre\\\/#primaryimage\"},\"image\":{\"@id\":\"https:\\\/\\\/www.uartes.edu.ec\\\/sitio\\\/fr\\\/blog\\\/2020\\\/05\\\/18\\\/el-club-de-ingles-iniciativa-de-estudiantes-uartes-retoma-actividades-este-semestre\\\/#primaryimage\"},\"thumbnailUrl\":\"https:\\\/\\\/www.uartes.edu.ec\\\/sitio\\\/wp-content\\\/uploads\\\/2020\\\/05\\\/DAMIAN-ROSERO.jpg\",\"datePublished\":\"2020-05-18T20:56:54+00:00\",\"dateModified\":\"2024-07-04T16:43:08+00:00\",\"description\":\"Universidad de las Artes - El Club de Ingl\u00e9s, iniciativa de estudiantes UArtes, retoma actividades este semestre\",\"breadcrumb\":{\"@id\":\"https:\\\/\\\/www.uartes.edu.ec\\\/sitio\\\/fr\\\/blog\\\/2020\\\/05\\\/18\\\/el-club-de-ingles-iniciativa-de-estudiantes-uartes-retoma-actividades-este-semestre\\\/#breadcrumb\"},\"inLanguage\":\"fr-FR\",\"potentialAction\":[{\"@type\":\"ReadAction\",\"target\":[\"https:\\\/\\\/www.uartes.edu.ec\\\/sitio\\\/fr\\\/blog\\\/2020\\\/05\\\/18\\\/el-club-de-ingles-iniciativa-de-estudiantes-uartes-retoma-actividades-este-semestre\\\/\"]}]},{\"@type\":\"ImageObject\",\"inLanguage\":\"fr-FR\",\"@id\":\"https:\\\/\\\/www.uartes.edu.ec\\\/sitio\\\/fr\\\/blog\\\/2020\\\/05\\\/18\\\/el-club-de-ingles-iniciativa-de-estudiantes-uartes-retoma-actividades-este-semestre\\\/#primaryimage\",\"url\":\"https:\\\/\\\/www.uartes.edu.ec\\\/sitio\\\/wp-content\\\/uploads\\\/2020\\\/05\\\/DAMIAN-ROSERO.jpg\",\"contentUrl\":\"https:\\\/\\\/www.uartes.edu.ec\\\/sitio\\\/wp-content\\\/uploads\\\/2020\\\/05\\\/DAMIAN-ROSERO.jpg\",\"width\":1238,\"height\":825},{\"@type\":\"BreadcrumbList\",\"@id\":\"https:\\\/\\\/www.uartes.edu.ec\\\/sitio\\\/fr\\\/blog\\\/2020\\\/05\\\/18\\\/el-club-de-ingles-iniciativa-de-estudiantes-uartes-retoma-actividades-este-semestre\\\/#breadcrumb\",\"itemListElement\":[{\"@type\":\"ListItem\",\"position\":1,\"name\":\"Inicio\",\"item\":\"https:\\\/\\\/www.uartes.edu.ec\\\/sitio\\\/\"},{\"@type\":\"ListItem\",\"position\":2,\"name\":\"El Club de Ingl\u00e9s, iniciativa de estudiantes UArtes, retoma actividades este semestre\"}]},{\"@type\":\"WebSite\",\"@id\":\"https:\\\/\\\/www.uartes.edu.ec\\\/sitio\\\/fr\\\/#website\",\"url\":\"https:\\\/\\\/www.uartes.edu.ec\\\/sitio\\\/fr\\\/\",\"name\":\"Universidad de las Artes\",\"description\":\"Sitio oficial de la Universidad Nacional de las Artes del Ecuador\",\"publisher\":{\"@id\":\"https:\\\/\\\/www.uartes.edu.ec\\\/sitio\\\/fr\\\/#organization\"},\"potentialAction\":[{\"@type\":\"SearchAction\",\"target\":{\"@type\":\"EntryPoint\",\"urlTemplate\":\"https:\\\/\\\/www.uartes.edu.ec\\\/sitio\\\/fr\\\/?s={search_term_string}\"},\"query-input\":{\"@type\":\"PropertyValueSpecification\",\"valueRequired\":true,\"valueName\":\"search_term_string\"}}],\"inLanguage\":\"fr-FR\"},{\"@type\":\"Organization\",\"@id\":\"https:\\\/\\\/www.uartes.edu.ec\\\/sitio\\\/fr\\\/#organization\",\"name\":\"Universidad de las Artes\",\"url\":\"https:\\\/\\\/www.uartes.edu.ec\\\/sitio\\\/fr\\\/\",\"logo\":{\"@type\":\"ImageObject\",\"inLanguage\":\"fr-FR\",\"@id\":\"https:\\\/\\\/www.uartes.edu.ec\\\/sitio\\\/fr\\\/#\\\/schema\\\/logo\\\/image\\\/\",\"url\":\"https:\\\/\\\/www.uartes.edu.ec\\\/sitio\\\/wp-content\\\/uploads\\\/2022\\\/07\\\/logo-ua-horizontal.png\",\"contentUrl\":\"https:\\\/\\\/www.uartes.edu.ec\\\/sitio\\\/wp-content\\\/uploads\\\/2022\\\/07\\\/logo-ua-horizontal.png\",\"width\":800,\"height\":276,\"caption\":\"Universidad de las Artes\"},\"image\":{\"@id\":\"https:\\\/\\\/www.uartes.edu.ec\\\/sitio\\\/fr\\\/#\\\/schema\\\/logo\\\/image\\\/\"},\"sameAs\":[\"https:\\\/\\\/www.facebook.com\\\/uartesec\",\"https:\\\/\\\/x.com\\\/uartesec\",\"https:\\\/\\\/www.tiktok.com\\\/@uartesec\"]},{\"@type\":\"Person\",\"@id\":\"https:\\\/\\\/www.uartes.edu.ec\\\/sitio\\\/fr\\\/#\\\/schema\\\/person\\\/f33f8c1d2af0d5c80a38c8abf458184a\",\"name\":\"Universidad de las Artes\",\"image\":{\"@type\":\"ImageObject\",\"inLanguage\":\"fr-FR\",\"@id\":\"https:\\\/\\\/secure.gravatar.com\\\/avatar\\\/52e4757902f5cfa5ac52d020e5be83cae5487519154b6c35482fe08d589f3c13?s=96&d=mm&r=g\",\"url\":\"https:\\\/\\\/secure.gravatar.com\\\/avatar\\\/52e4757902f5cfa5ac52d020e5be83cae5487519154b6c35482fe08d589f3c13?s=96&d=mm&r=g\",\"contentUrl\":\"https:\\\/\\\/secure.gravatar.com\\\/avatar\\\/52e4757902f5cfa5ac52d020e5be83cae5487519154b6c35482fe08d589f3c13?s=96&d=mm&r=g\",\"caption\":\"Universidad de las Artes\"},\"url\":\"https:\\\/\\\/www.uartes.edu.ec\\\/sitio\\\/fr\\\/blog\\\/author\\\/dircomadm\\\/\"}]}<\/script>\n<!-- \/ Yoast SEO plugin. -->","yoast_head_json":{"title":"Universidad de las Artes - El Club de Ingl\u00e9s, iniciativa de estudiantes UArtes, retoma actividades este semestre","description":"Universidad de las Artes - El Club de Ingl\u00e9s, iniciativa de estudiantes UArtes, retoma actividades este semestre","robots":{"index":"index","follow":"follow","max-snippet":"max-snippet:-1","max-image-preview":"max-image-preview:large","max-video-preview":"max-video-preview:-1"},"canonical":"https:\/\/www.uartes.edu.ec\/sitio\/fr\/blog\/2020\/05\/18\/el-club-de-ingles-iniciativa-de-estudiantes-uartes-retoma-actividades-este-semestre\/","og_locale":"fr_FR","og_type":"article","og_title":"Universidad de las Artes - El Club de Ingl\u00e9s, iniciativa de estudiantes UArtes, retoma actividades este semestre","og_description":"Universidad de las Artes - El Club de Ingl\u00e9s, iniciativa de estudiantes UArtes, retoma actividades este semestre","og_url":"https:\/\/www.uartes.edu.ec\/sitio\/fr\/blog\/2020\/05\/18\/el-club-de-ingles-iniciativa-de-estudiantes-uartes-retoma-actividades-este-semestre\/","og_site_name":"Universidad de las Artes","article_publisher":"https:\/\/www.facebook.com\/uartesec","article_published_time":"2020-05-18T20:56:54+00:00","article_modified_time":"2024-07-04T16:43:08+00:00","og_image":[{"width":1238,"height":825,"url":"https:\/\/www.uartes.edu.ec\/sitio\/wp-content\/uploads\/2020\/05\/DAMIAN-ROSERO.jpg","type":"image\/jpeg"}],"author":"Universidad de las Artes","twitter_card":"summary_large_image","twitter_creator":"@uartesec","twitter_site":"@uartesec","twitter_misc":{"\u00c9crit par":"Universidad de las Artes","Dur\u00e9e de lecture estim\u00e9e":"3 minutes"},"schema":{"@context":"https:\/\/schema.org","@graph":[{"@type":"Article","@id":"https:\/\/www.uartes.edu.ec\/sitio\/fr\/blog\/2020\/05\/18\/el-club-de-ingles-iniciativa-de-estudiantes-uartes-retoma-actividades-este-semestre\/#article","isPartOf":{"@id":"https:\/\/www.uartes.edu.ec\/sitio\/fr\/blog\/2020\/05\/18\/el-club-de-ingles-iniciativa-de-estudiantes-uartes-retoma-actividades-este-semestre\/"},"author":{"name":"Universidad de las Artes","@id":"https:\/\/www.uartes.edu.ec\/sitio\/fr\/#\/schema\/person\/f33f8c1d2af0d5c80a38c8abf458184a"},"headline":"El Club de Ingl\u00e9s, iniciativa de estudiantes UArtes, retoma actividades este semestre","datePublished":"2020-05-18T20:56:54+00:00","dateModified":"2024-07-04T16:43:08+00:00","mainEntityOfPage":{"@id":"https:\/\/www.uartes.edu.ec\/sitio\/fr\/blog\/2020\/05\/18\/el-club-de-ingles-iniciativa-de-estudiantes-uartes-retoma-actividades-este-semestre\/"},"wordCount":581,"publisher":{"@id":"https:\/\/www.uartes.edu.ec\/sitio\/fr\/#organization"},"image":{"@id":"https:\/\/www.uartes.edu.ec\/sitio\/fr\/blog\/2020\/05\/18\/el-club-de-ingles-iniciativa-de-estudiantes-uartes-retoma-actividades-este-semestre\/#primaryimage"},"thumbnailUrl":"https:\/\/www.uartes.edu.ec\/sitio\/wp-content\/uploads\/2020\/05\/DAMIAN-ROSERO.jpg","keywords":["covid19"],"articleSection":["Acad\u00e9mico","Estudiantes","Lenguas Extranjeras"],"inLanguage":"fr-FR"},{"@type":["WebPage","ItemPage"],"@id":"https:\/\/www.uartes.edu.ec\/sitio\/fr\/blog\/2020\/05\/18\/el-club-de-ingles-iniciativa-de-estudiantes-uartes-retoma-actividades-este-semestre\/","url":"https:\/\/www.uartes.edu.ec\/sitio\/fr\/blog\/2020\/05\/18\/el-club-de-ingles-iniciativa-de-estudiantes-uartes-retoma-actividades-este-semestre\/","name":"Universidad de las Artes - El Club de Ingl\u00e9s, iniciativa de estudiantes UArtes, retoma actividades este semestre","isPartOf":{"@id":"https:\/\/www.uartes.edu.ec\/sitio\/fr\/#website"},"primaryImageOfPage":{"@id":"https:\/\/www.uartes.edu.ec\/sitio\/fr\/blog\/2020\/05\/18\/el-club-de-ingles-iniciativa-de-estudiantes-uartes-retoma-actividades-este-semestre\/#primaryimage"},"image":{"@id":"https:\/\/www.uartes.edu.ec\/sitio\/fr\/blog\/2020\/05\/18\/el-club-de-ingles-iniciativa-de-estudiantes-uartes-retoma-actividades-este-semestre\/#primaryimage"},"thumbnailUrl":"https:\/\/www.uartes.edu.ec\/sitio\/wp-content\/uploads\/2020\/05\/DAMIAN-ROSERO.jpg","datePublished":"2020-05-18T20:56:54+00:00","dateModified":"2024-07-04T16:43:08+00:00","description":"Universidad de las Artes - El Club de Ingl\u00e9s, iniciativa de estudiantes UArtes, retoma actividades este semestre","breadcrumb":{"@id":"https:\/\/www.uartes.edu.ec\/sitio\/fr\/blog\/2020\/05\/18\/el-club-de-ingles-iniciativa-de-estudiantes-uartes-retoma-actividades-este-semestre\/#breadcrumb"},"inLanguage":"fr-FR","potentialAction":[{"@type":"ReadAction","target":["https:\/\/www.uartes.edu.ec\/sitio\/fr\/blog\/2020\/05\/18\/el-club-de-ingles-iniciativa-de-estudiantes-uartes-retoma-actividades-este-semestre\/"]}]},{"@type":"ImageObject","inLanguage":"fr-FR","@id":"https:\/\/www.uartes.edu.ec\/sitio\/fr\/blog\/2020\/05\/18\/el-club-de-ingles-iniciativa-de-estudiantes-uartes-retoma-actividades-este-semestre\/#primaryimage","url":"https:\/\/www.uartes.edu.ec\/sitio\/wp-content\/uploads\/2020\/05\/DAMIAN-ROSERO.jpg","contentUrl":"https:\/\/www.uartes.edu.ec\/sitio\/wp-content\/uploads\/2020\/05\/DAMIAN-ROSERO.jpg","width":1238,"height":825},{"@type":"BreadcrumbList","@id":"https:\/\/www.uartes.edu.ec\/sitio\/fr\/blog\/2020\/05\/18\/el-club-de-ingles-iniciativa-de-estudiantes-uartes-retoma-actividades-este-semestre\/#breadcrumb","itemListElement":[{"@type":"ListItem","position":1,"name":"Inicio","item":"https:\/\/www.uartes.edu.ec\/sitio\/"},{"@type":"ListItem","position":2,"name":"El Club de Ingl\u00e9s, iniciativa de estudiantes UArtes, retoma actividades este semestre"}]},{"@type":"WebSite","@id":"https:\/\/www.uartes.edu.ec\/sitio\/fr\/#website","url":"https:\/\/www.uartes.edu.ec\/sitio\/fr\/","name":"Universidad de las Artes","description":"Sitio oficial de la Universidad Nacional de las Artes del Ecuador","publisher":{"@id":"https:\/\/www.uartes.edu.ec\/sitio\/fr\/#organization"},"potentialAction":[{"@type":"SearchAction","target":{"@type":"EntryPoint","urlTemplate":"https:\/\/www.uartes.edu.ec\/sitio\/fr\/?s={search_term_string}"},"query-input":{"@type":"PropertyValueSpecification","valueRequired":true,"valueName":"search_term_string"}}],"inLanguage":"fr-FR"},{"@type":"Organization","@id":"https:\/\/www.uartes.edu.ec\/sitio\/fr\/#organization","name":"Universidad de las Artes","url":"https:\/\/www.uartes.edu.ec\/sitio\/fr\/","logo":{"@type":"ImageObject","inLanguage":"fr-FR","@id":"https:\/\/www.uartes.edu.ec\/sitio\/fr\/#\/schema\/logo\/image\/","url":"https:\/\/www.uartes.edu.ec\/sitio\/wp-content\/uploads\/2022\/07\/logo-ua-horizontal.png","contentUrl":"https:\/\/www.uartes.edu.ec\/sitio\/wp-content\/uploads\/2022\/07\/logo-ua-horizontal.png","width":800,"height":276,"caption":"Universidad de las Artes"},"image":{"@id":"https:\/\/www.uartes.edu.ec\/sitio\/fr\/#\/schema\/logo\/image\/"},"sameAs":["https:\/\/www.facebook.com\/uartesec","https:\/\/x.com\/uartesec","https:\/\/www.tiktok.com\/@uartesec"]},{"@type":"Person","@id":"https:\/\/www.uartes.edu.ec\/sitio\/fr\/#\/schema\/person\/f33f8c1d2af0d5c80a38c8abf458184a","name":"Universidad de las Artes","image":{"@type":"ImageObject","inLanguage":"fr-FR","@id":"https:\/\/secure.gravatar.com\/avatar\/52e4757902f5cfa5ac52d020e5be83cae5487519154b6c35482fe08d589f3c13?s=96&d=mm&r=g","url":"https:\/\/secure.gravatar.com\/avatar\/52e4757902f5cfa5ac52d020e5be83cae5487519154b6c35482fe08d589f3c13?s=96&d=mm&r=g","contentUrl":"https:\/\/secure.gravatar.com\/avatar\/52e4757902f5cfa5ac52d020e5be83cae5487519154b6c35482fe08d589f3c13?s=96&d=mm&r=g","caption":"Universidad de las Artes"},"url":"https:\/\/www.uartes.edu.ec\/sitio\/fr\/blog\/author\/dircomadm\/"}]}},"uagb_featured_image_src":{"full":["https:\/\/www.uartes.edu.ec\/sitio\/wp-content\/uploads\/2020\/05\/DAMIAN-ROSERO.jpg",1238,825,false],"thumbnail":["https:\/\/www.uartes.edu.ec\/sitio\/wp-content\/uploads\/2020\/05\/DAMIAN-ROSERO-150x150.jpg",150,150,true],"medium":["https:\/\/www.uartes.edu.ec\/sitio\/wp-content\/uploads\/2020\/05\/DAMIAN-ROSERO-300x200.jpg",300,200,true],"medium_large":["https:\/\/www.uartes.edu.ec\/sitio\/wp-content\/uploads\/2020\/05\/DAMIAN-ROSERO-768x512.jpg",768,512,true],"large":["https:\/\/www.uartes.edu.ec\/sitio\/wp-content\/uploads\/2020\/05\/DAMIAN-ROSERO-644x429.jpg",644,429,true],"1536x1536":["https:\/\/www.uartes.edu.ec\/sitio\/wp-content\/uploads\/2020\/05\/DAMIAN-ROSERO.jpg",1238,825,false],"2048x2048":["https:\/\/www.uartes.edu.ec\/sitio\/wp-content\/uploads\/2020\/05\/DAMIAN-ROSERO.jpg",1238,825,false],"trp-custom-language-flag":["https:\/\/www.uartes.edu.ec\/sitio\/wp-content\/uploads\/2020\/05\/DAMIAN-ROSERO.jpg",18,12,false],"htmega_size_585x295":["https:\/\/www.uartes.edu.ec\/sitio\/wp-content\/uploads\/2020\/05\/DAMIAN-ROSERO.jpg",443,295,false],"htmega_size_1170x536":["https:\/\/www.uartes.edu.ec\/sitio\/wp-content\/uploads\/2020\/05\/DAMIAN-ROSERO.jpg",804,536,false],"htmega_size_396x360":["https:\/\/www.uartes.edu.ec\/sitio\/wp-content\/uploads\/2020\/05\/DAMIAN-ROSERO.jpg",396,264,false],"gb-block-post-grid-landscape":["https:\/\/www.uartes.edu.ec\/sitio\/wp-content\/uploads\/2020\/05\/DAMIAN-ROSERO.jpg",600,400,false],"gb-block-post-grid-square":["https:\/\/www.uartes.edu.ec\/sitio\/wp-content\/uploads\/2020\/05\/DAMIAN-ROSERO.jpg",600,400,false],"university-hub-thumb":["https:\/\/www.uartes.edu.ec\/sitio\/wp-content\/uploads\/2020\/05\/DAMIAN-ROSERO-400x267.jpg",400,267,true]},"uagb_author_info":{"display_name":"Universidad de las Artes","author_link":"https:\/\/www.uartes.edu.ec\/sitio\/fr\/blog\/author\/dircomadm\/"},"uagb_comment_info":0,"uagb_excerpt":"\u201cEspero escuchar pronto de ti\u201d escribi\u00f3 Dami\u00e1n Rosero Cazar al final de la invitaci\u00f3n que mediante correo electr\u00f3nico hizo recientemente a cada uno de los estudiantes de la Universidad de las Artes, para que sumen al Club de Ingl\u00e9s que conform\u00f3 en 2019 junto a compa\u00f1eros de varias escuelas. \u00c9l cursa el noveno semestre (ya\u2026","featured_image_src":"https:\/\/www.uartes.edu.ec\/sitio\/wp-content\/uploads\/2020\/05\/DAMIAN-ROSERO.jpg","featured_image_src_square":"https:\/\/www.uartes.edu.ec\/sitio\/wp-content\/uploads\/2020\/05\/DAMIAN-ROSERO.jpg","author_info":{"display_name":"Universidad de las Artes","author_link":"https:\/\/www.uartes.edu.ec\/sitio\/fr\/blog\/author\/dircomadm\/"},"publishpress_future_workflow_manual_trigger":{"enabledWorkflows":[]},"distributor_meta":false,"distributor_terms":false,"distributor_media":false,"distributor_original_site_name":"Universidad de las Artes","distributor_original_site_url":"https:\/\/www.uartes.edu.ec\/sitio\/fr","push-errors":false,"_links":{"self":[{"href":"https:\/\/www.uartes.edu.ec\/sitio\/fr\/wp-json\/wp\/v2\/posts\/7055","targetHints":{"allow":["GET"]}}],"collection":[{"href":"https:\/\/www.uartes.edu.ec\/sitio\/fr\/wp-json\/wp\/v2\/posts"}],"about":[{"href":"https:\/\/www.uartes.edu.ec\/sitio\/fr\/wp-json\/wp\/v2\/types\/post"}],"author":[{"embeddable":true,"href":"https:\/\/www.uartes.edu.ec\/sitio\/fr\/wp-json\/wp\/v2\/users\/1"}],"replies":[{"embeddable":true,"href":"https:\/\/www.uartes.edu.ec\/sitio\/fr\/wp-json\/wp\/v2\/comments?post=7055"}],"version-history":[{"count":1,"href":"https:\/\/www.uartes.edu.ec\/sitio\/fr\/wp-json\/wp\/v2\/posts\/7055\/revisions"}],"predecessor-version":[{"id":7057,"href":"https:\/\/www.uartes.edu.ec\/sitio\/fr\/wp-json\/wp\/v2\/posts\/7055\/revisions\/7057"}],"wp:featuredmedia":[{"embeddable":true,"href":"https:\/\/www.uartes.edu.ec\/sitio\/fr\/wp-json\/wp\/v2\/media\/7056"}],"wp:attachment":[{"href":"https:\/\/www.uartes.edu.ec\/sitio\/fr\/wp-json\/wp\/v2\/media?parent=7055"}],"wp:term":[{"taxonomy":"category","embeddable":true,"href":"https:\/\/www.uartes.edu.ec\/sitio\/fr\/wp-json\/wp\/v2\/categories?post=7055"},{"taxonomy":"post_tag","embeddable":true,"href":"https:\/\/www.uartes.edu.ec\/sitio\/fr\/wp-json\/wp\/v2\/tags?post=7055"},{"taxonomy":"infouartes","embeddable":true,"href":"https:\/\/www.uartes.edu.ec\/sitio\/fr\/wp-json\/wp\/v2\/infouartes?post=7055"}],"curies":[{"name":"wp","href":"https:\/\/api.w.org\/{rel}","templated":true}]}}