{"id":70578,"date":"2025-04-16T10:12:50","date_gmt":"2025-04-16T15:12:50","guid":{"rendered":"https:\/\/www.uartes.edu.ec\/sitio\/?p=70578"},"modified":"2025-04-16T10:26:50","modified_gmt":"2025-04-16T15:26:50","slug":"uartes-se-integra-a-la-mesa-de-dialogo-del-componente-academico-del-xxix-festival-de-musica-del-pacifico-petronio-alvarez","status":"publish","type":"post","link":"https:\/\/www.uartes.edu.ec\/sitio\/fr\/blog\/2025\/04\/16\/uartes-se-integra-a-la-mesa-de-dialogo-del-componente-academico-del-xxix-festival-de-musica-del-pacifico-petronio-alvarez\/","title":{"rendered":"UArtes se integra a la Mesa de Di\u00e1logo del Componente Acad\u00e9mico del XXIX Festival de M\u00fasica del Pac\u00edfico Petronio \u00c1lvarez"},"content":{"rendered":"<p>El Festival de M\u00fasica del Pac\u00edfico Petronio \u00c1lvarez es uno de los eventos culturales m\u00e1s relevantes de la cultura afro de Am\u00e9rica Latina y del mundo. De car\u00e1cter anual, el evento destaca la rica diversidad cultural de la regi\u00f3n Pac\u00edfica colombiana y ecuatoriana, ofreciendo al p\u00fablico una muestra vibrante de su m\u00fasica, gastronom\u00eda, artesan\u00edas y saberes ancestrales de la comunidad afrodescendiente.<\/p>\n\n\n\n<p>La participaci\u00f3n de la Universidad de las Artes en este prestigioso festival es el resultado de un trabajo sostenido de acompa\u00f1amiento y colaboraci\u00f3n con la poblaci\u00f3n y organizaciones afrodescendientes de Guayaquil, iniciado por los docentes Ana Carrillo y Bradley Hilgert.<\/p>\n\n\n\n<p>El proyecto pedag\u00f3gico en vinculaci\u00f3n con la sociedad \u201cNigeria\u201d, tuvo como contraparte a la agrupaci\u00f3n cultural \u201cReviviendo los tambores\u201d, poniendo la m\u00fasica y el baile de la tradici\u00f3n afrodescendiente como eje de los aprendizajes. En ese contexto, la marimba y sus toques sirvieron como medio de reflexi\u00f3n cr\u00edtica sobre las relaciones que entablamos con el contexto en donde creamos y educamos.<\/p>\n\n\n<div class=\"wp-block-image\">\n<figure class=\"aligncenter size-large\"><img fetchpriority=\"high\" decoding=\"async\" width=\"644\" height=\"429\" src=\"https:\/\/www.uartes.edu.ec\/sitio\/wp-content\/uploads\/2025\/04\/02-BARRIO-NIGERIA-OK-644x429.jpg\" alt=\"\" class=\"wp-image-70581\" srcset=\"https:\/\/www.uartes.edu.ec\/sitio\/wp-content\/uploads\/2025\/04\/02-BARRIO-NIGERIA-OK-644x429.jpg 644w, https:\/\/www.uartes.edu.ec\/sitio\/wp-content\/uploads\/2025\/04\/02-BARRIO-NIGERIA-OK-300x200.jpg 300w, https:\/\/www.uartes.edu.ec\/sitio\/wp-content\/uploads\/2025\/04\/02-BARRIO-NIGERIA-OK-768x512.jpg 768w, https:\/\/www.uartes.edu.ec\/sitio\/wp-content\/uploads\/2025\/04\/02-BARRIO-NIGERIA-OK-1536x1024.jpg 1536w, https:\/\/www.uartes.edu.ec\/sitio\/wp-content\/uploads\/2025\/04\/02-BARRIO-NIGERIA-OK-18x12.jpg 18w, https:\/\/www.uartes.edu.ec\/sitio\/wp-content\/uploads\/2025\/04\/02-BARRIO-NIGERIA-OK-600x400.jpg 600w, https:\/\/www.uartes.edu.ec\/sitio\/wp-content\/uploads\/2025\/04\/02-BARRIO-NIGERIA-OK-400x267.jpg 400w, https:\/\/www.uartes.edu.ec\/sitio\/wp-content\/uploads\/2025\/04\/02-BARRIO-NIGERIA-OK.jpg 2000w\" sizes=\"(max-width: 644px) 100vw, 644px\" \/><\/figure>\n<\/div>\n\n\n<p>A su vez, docentes y artistas de la Escuela de Artes Sonoras han realizado aportes art\u00edsticos e investigativos sobre las m\u00fasicas del Pac\u00edfico Sur.&nbsp; En este sentido, el docente Fredy Vallejos ha participado en varias ocasiones en el festival, como artista invitado (Banda Departamental del Valle del Cauca, Orquesta Sinf\u00f3nica del Valle, Proyecto Coraz\u00f3n Pac\u00edfico-Liliana Montes&#8230;) y como miembro del grupo Percusi\u00f3n Pac\u00edfica (ganador del tercer lugar en modalidad libre y premio a los mejores arreglos).<\/p>\n\n\n\n<p>De la misma manera, el trabajo compositivo de Fredy Vallejos se basa en estudios musicol\u00f3gicos que desembocan en la modelizaci\u00f3n de m\u00fasicas de tradici\u00f3n oral afroamericana. Igualmente, el docente Andrey Astaiza public\u00f3 un disco donde se experimenta con sonoridades contempor\u00e1neas alrededor de la marimba; se titula \u201cChonta Madre\u201d. En la producci\u00f3n musical participan, adem\u00e1s de Astaiza y Vallejos, varios docentes de la UArtes y miembros externos.<\/p>\n\n\n\n<p>As\u00ed mismo, dentro de la carrera de Artes Musicales y Sonoras de la Escuela de Artes Sonoras, se imparten las c\u00e1tedras de \u201cConstrucci\u00f3n e interpretaci\u00f3n de instrumentos ancestrales\u201d y \u201cEnsamble de Marimba\u201d, a cargo del docente Orlin Monta\u00f1o, quien dirigi\u00f3, adem\u00e1s, varias agrupaciones locales, como Anjoa.<\/p>\n\n\n<div class=\"wp-block-image\">\n<figure class=\"aligncenter size-large\"><img decoding=\"async\" width=\"644\" height=\"429\" src=\"https:\/\/www.uartes.edu.ec\/sitio\/wp-content\/uploads\/2025\/04\/f6c957aa-f3f1-4158-8c18-8d821b09f6c1-644x429.jpg\" alt=\"\" class=\"wp-image-70582\" srcset=\"https:\/\/www.uartes.edu.ec\/sitio\/wp-content\/uploads\/2025\/04\/f6c957aa-f3f1-4158-8c18-8d821b09f6c1-644x429.jpg 644w, https:\/\/www.uartes.edu.ec\/sitio\/wp-content\/uploads\/2025\/04\/f6c957aa-f3f1-4158-8c18-8d821b09f6c1-300x200.jpg 300w, https:\/\/www.uartes.edu.ec\/sitio\/wp-content\/uploads\/2025\/04\/f6c957aa-f3f1-4158-8c18-8d821b09f6c1-768x512.jpg 768w, https:\/\/www.uartes.edu.ec\/sitio\/wp-content\/uploads\/2025\/04\/f6c957aa-f3f1-4158-8c18-8d821b09f6c1-1536x1024.jpg 1536w, https:\/\/www.uartes.edu.ec\/sitio\/wp-content\/uploads\/2025\/04\/f6c957aa-f3f1-4158-8c18-8d821b09f6c1-18x12.jpg 18w, https:\/\/www.uartes.edu.ec\/sitio\/wp-content\/uploads\/2025\/04\/f6c957aa-f3f1-4158-8c18-8d821b09f6c1-600x400.jpg 600w, https:\/\/www.uartes.edu.ec\/sitio\/wp-content\/uploads\/2025\/04\/f6c957aa-f3f1-4158-8c18-8d821b09f6c1-400x267.jpg 400w, https:\/\/www.uartes.edu.ec\/sitio\/wp-content\/uploads\/2025\/04\/f6c957aa-f3f1-4158-8c18-8d821b09f6c1.jpg 2000w\" sizes=\"(max-width: 644px) 100vw, 644px\" \/><\/figure>\n<\/div>\n\n\n<p>Por su parte, la Direcci\u00f3n de Relaciones Internacionales gestion\u00f3 una agenda estrat\u00e9gica en Cali, Colombia, durante noviembre de 2024, en el marco de la participaci\u00f3n de estudiantes y una delegaci\u00f3n de la Universidad de las Artes en Interculturarte. Este encuentro, organizado por diversas instituciones de educaci\u00f3n superior colombianas y la UArtes, trat\u00f3 temas relacionados con la interculturalidad.<\/p>\n\n\n\n<p>Durante la agenda estrat\u00e9gica en menci\u00f3n, se concret\u00f3 el di\u00e1logo con el Festival de M\u00fasica del Pac\u00edfico Petronio \u00c1lvarez, con el objetivo de explorar posibles oportunidades de cooperaci\u00f3n. En este contexto, la UArtes ha sido invitada a formar parte de la Mesa de Di\u00e1logo del Componente Acad\u00e9mico del XXIX Festival Petronio \u00c1lvarez, lo que marca un hito hist\u00f3rico, ya que se convierte en la primera instituci\u00f3n de educaci\u00f3n superior internacional en integrarse a esta mesa.<\/p>\n\n\n\n<p>La UArtes tendr\u00e1 entre sus responsabilidades la facultad de analizar y seleccionar propuestas art\u00edsticas para participar en el festival, as\u00ed como generar propuestas de reflexi\u00f3n en torno a la cultura afro del Pac\u00edfico colombo-ecuatoriano.<\/p>\n\n\n\n<p>La inclusi\u00f3n de la Universidad de las Artes en esta mesa consolida sus proyectos de investigaci\u00f3n y su vinculaci\u00f3n con la sociedad a nivel internacional. Representa tambi\u00e9n un reconocimiento a los valiosos aportes realizados en la preservaci\u00f3n y difusi\u00f3n de la m\u00fasica del Pac\u00edfico, tanto en Colombia como en Ecuador, contribuyendo al enriquecimiento de las tradiciones culturales compartidas por ambos pa\u00edses. Esta participaci\u00f3n recalca el compromiso de la UArtes con el fortalecimiento de las artes en la regi\u00f3n, especialmente en lo que respecta a las m\u00fasicas ancestrales. <\/p>\n\n\n<div class=\"wp-block-image\">\n<figure class=\"aligncenter size-large\"><img decoding=\"async\" width=\"644\" height=\"429\" src=\"https:\/\/www.uartes.edu.ec\/sitio\/wp-content\/uploads\/2025\/04\/04-CUARTA-EDICION-COLOMBIA-1-644x429.jpg\" alt=\"\" class=\"wp-image-70583\" srcset=\"https:\/\/www.uartes.edu.ec\/sitio\/wp-content\/uploads\/2025\/04\/04-CUARTA-EDICION-COLOMBIA-1-644x429.jpg 644w, https:\/\/www.uartes.edu.ec\/sitio\/wp-content\/uploads\/2025\/04\/04-CUARTA-EDICION-COLOMBIA-1-300x200.jpg 300w, https:\/\/www.uartes.edu.ec\/sitio\/wp-content\/uploads\/2025\/04\/04-CUARTA-EDICION-COLOMBIA-1-768x512.jpg 768w, https:\/\/www.uartes.edu.ec\/sitio\/wp-content\/uploads\/2025\/04\/04-CUARTA-EDICION-COLOMBIA-1-1536x1024.jpg 1536w, https:\/\/www.uartes.edu.ec\/sitio\/wp-content\/uploads\/2025\/04\/04-CUARTA-EDICION-COLOMBIA-1-18x12.jpg 18w, https:\/\/www.uartes.edu.ec\/sitio\/wp-content\/uploads\/2025\/04\/04-CUARTA-EDICION-COLOMBIA-1-600x400.jpg 600w, https:\/\/www.uartes.edu.ec\/sitio\/wp-content\/uploads\/2025\/04\/04-CUARTA-EDICION-COLOMBIA-1-400x267.jpg 400w, https:\/\/www.uartes.edu.ec\/sitio\/wp-content\/uploads\/2025\/04\/04-CUARTA-EDICION-COLOMBIA-1.jpg 2000w\" sizes=\"(max-width: 644px) 100vw, 644px\" \/><\/figure>\n<\/div>\n\n\n<p>Texto: Direcci\u00f3n de Relaciones Internacionales UArtes.<br>Fotos: en la principal y la siguiente el barrio Nigeria, donde la UArtes desarroll\u00f3 junto con la comunidad un proyecto de vinculaci\u00f3n con la sociedad. La siguiente imagen es de una de las ediciones del Festival de M\u00fasica del Pac\u00edfico Petronio \u00c1lvarez. Sobre estas l\u00edneas, el vicerrector acad\u00e9mico Bradley Hilgert, el docente Fredy Vallejos y Susan Togra, directora de Relaciones Internacionales UArtes. <\/p>","protected":false},"excerpt":{"rendered":"<p>La UArtes ha sido invitada a formar parte de la Mesa de Di\u00e1logo del Componente Acad\u00e9mico del XXIX Festival Petronio \u00c1lvarez, convirti\u00e9ndose en la primera instituci\u00f3n de educaci\u00f3n superior internacional en integr\u00e1rsele. La participaci\u00f3n resulta de un trabajo sostenido con la poblaci\u00f3n y organizaciones afrodescendientes de Guayaquil, iniciado por Ana Carrillo y Bradley Hilgert con el proyecto pedag\u00f3gico \u00abNigeria\u00bb (en la foto).<\/p>","protected":false},"author":10,"featured_media":70580,"comment_status":"open","ping_status":"open","sticky":false,"template":"","format":"standard","meta":{"_acf_changed":false,"_uag_custom_page_level_css":"","_monsterinsights_skip_tracking":false,"_monsterinsights_sitenote_active":false,"_monsterinsights_sitenote_note":"","_monsterinsights_sitenote_category":0,"cybocfi_hide_featured_image":"","footnotes":""},"categories":[80,490,150,75,76,77],"tags":[279],"infouartes":[],"class_list":["post-70578","post","type-post","status-publish","format-standard","has-post-thumbnail","hentry","category-academico","category-alumni","category-artes-sonoras","category-docentes","category-estudiantes","category-gestion","tag-relaciones-internacionales"],"acf":[],"yoast_head":"<!-- This site is optimized with the Yoast SEO plugin v27.4 - https:\/\/yoast.com\/product\/yoast-seo-wordpress\/ -->\n<title>Universidad de las Artes - UArtes se integra a la Mesa de Di\u00e1logo del Componente Acad\u00e9mico del XXIX Festival de M\u00fasica del Pac\u00edfico Petronio \u00c1lvarez<\/title>\n<meta name=\"description\" content=\"Universidad de las Artes - UArtes se integra a la Mesa de Di\u00e1logo del Componente Acad\u00e9mico del XXIX Festival de M\u00fasica del Pac\u00edfico Petronio \u00c1lvarez\" \/>\n<meta name=\"robots\" content=\"index, follow, max-snippet:-1, max-image-preview:large, max-video-preview:-1\" \/>\n<link rel=\"canonical\" href=\"https:\/\/www.uartes.edu.ec\/sitio\/fr\/blog\/2025\/04\/16\/uartes-se-integra-a-la-mesa-de-dialogo-del-componente-academico-del-xxix-festival-de-musica-del-pacifico-petronio-alvarez\/\" \/>\n<meta property=\"og:locale\" content=\"fr_FR\" \/>\n<meta property=\"og:type\" content=\"article\" \/>\n<meta property=\"og:title\" content=\"Universidad de las Artes - UArtes se integra a la Mesa de Di\u00e1logo del Componente Acad\u00e9mico del XXIX Festival de M\u00fasica del Pac\u00edfico Petronio \u00c1lvarez\" \/>\n<meta property=\"og:description\" content=\"Universidad de las Artes - UArtes se integra a la Mesa de Di\u00e1logo del Componente Acad\u00e9mico del XXIX Festival de M\u00fasica del Pac\u00edfico Petronio \u00c1lvarez\" \/>\n<meta property=\"og:url\" content=\"https:\/\/www.uartes.edu.ec\/sitio\/fr\/blog\/2025\/04\/16\/uartes-se-integra-a-la-mesa-de-dialogo-del-componente-academico-del-xxix-festival-de-musica-del-pacifico-petronio-alvarez\/\" \/>\n<meta property=\"og:site_name\" content=\"Universidad de las Artes\" \/>\n<meta property=\"article:publisher\" content=\"https:\/\/www.facebook.com\/uartesec\" \/>\n<meta property=\"article:published_time\" content=\"2025-04-16T15:12:50+00:00\" \/>\n<meta property=\"article:modified_time\" content=\"2025-04-16T15:26:50+00:00\" \/>\n<meta property=\"og:image\" content=\"https:\/\/www.uartes.edu.ec\/sitio\/wp-content\/uploads\/2025\/04\/01-BARRIO-NIGERIA-OK.jpg\" \/>\n\t<meta property=\"og:image:width\" content=\"2000\" \/>\n\t<meta property=\"og:image:height\" content=\"1333\" \/>\n\t<meta property=\"og:image:type\" content=\"image\/jpeg\" \/>\n<meta name=\"author\" content=\"ccortez\" \/>\n<meta name=\"twitter:card\" content=\"summary_large_image\" \/>\n<meta name=\"twitter:creator\" content=\"@uartesec\" \/>\n<meta name=\"twitter:site\" content=\"@uartesec\" \/>\n<meta name=\"twitter:label1\" content=\"\u00c9crit par\" \/>\n\t<meta name=\"twitter:data1\" content=\"ccortez\" \/>\n\t<meta name=\"twitter:label2\" content=\"Dur\u00e9e de lecture estim\u00e9e\" \/>\n\t<meta name=\"twitter:data2\" content=\"4 minutes\" \/>\n<script type=\"application\/ld+json\" class=\"yoast-schema-graph\">{\"@context\":\"https:\\\/\\\/schema.org\",\"@graph\":[{\"@type\":\"Article\",\"@id\":\"https:\\\/\\\/www.uartes.edu.ec\\\/sitio\\\/fr\\\/blog\\\/2025\\\/04\\\/16\\\/uartes-se-integra-a-la-mesa-de-dialogo-del-componente-academico-del-xxix-festival-de-musica-del-pacifico-petronio-alvarez\\\/#article\",\"isPartOf\":{\"@id\":\"https:\\\/\\\/www.uartes.edu.ec\\\/sitio\\\/fr\\\/blog\\\/2025\\\/04\\\/16\\\/uartes-se-integra-a-la-mesa-de-dialogo-del-componente-academico-del-xxix-festival-de-musica-del-pacifico-petronio-alvarez\\\/\"},\"author\":{\"name\":\"ccortez\",\"@id\":\"https:\\\/\\\/www.uartes.edu.ec\\\/sitio\\\/fr\\\/#\\\/schema\\\/person\\\/efa1b8275797664fd7f13a79ccc0b1f4\"},\"headline\":\"UArtes se integra a la Mesa de Di\u00e1logo del Componente Acad\u00e9mico del XXIX Festival de M\u00fasica del Pac\u00edfico Petronio \u00c1lvarez\",\"datePublished\":\"2025-04-16T15:12:50+00:00\",\"dateModified\":\"2025-04-16T15:26:50+00:00\",\"mainEntityOfPage\":{\"@id\":\"https:\\\/\\\/www.uartes.edu.ec\\\/sitio\\\/fr\\\/blog\\\/2025\\\/04\\\/16\\\/uartes-se-integra-a-la-mesa-de-dialogo-del-componente-academico-del-xxix-festival-de-musica-del-pacifico-petronio-alvarez\\\/\"},\"wordCount\":774,\"commentCount\":0,\"publisher\":{\"@id\":\"https:\\\/\\\/www.uartes.edu.ec\\\/sitio\\\/fr\\\/#organization\"},\"image\":{\"@id\":\"https:\\\/\\\/www.uartes.edu.ec\\\/sitio\\\/fr\\\/blog\\\/2025\\\/04\\\/16\\\/uartes-se-integra-a-la-mesa-de-dialogo-del-componente-academico-del-xxix-festival-de-musica-del-pacifico-petronio-alvarez\\\/#primaryimage\"},\"thumbnailUrl\":\"https:\\\/\\\/www.uartes.edu.ec\\\/sitio\\\/wp-content\\\/uploads\\\/2025\\\/04\\\/01-BARRIO-NIGERIA-OK.jpg\",\"keywords\":[\"relaciones internacionales\"],\"articleSection\":[\"Acad\u00e9mico\",\"Alumni\",\"Artes Sonoras\",\"Docentes\",\"Estudiantes\",\"Gesti\u00f3n\"],\"inLanguage\":\"fr-FR\",\"potentialAction\":[{\"@type\":\"CommentAction\",\"name\":\"Comment\",\"target\":[\"https:\\\/\\\/www.uartes.edu.ec\\\/sitio\\\/fr\\\/blog\\\/2025\\\/04\\\/16\\\/uartes-se-integra-a-la-mesa-de-dialogo-del-componente-academico-del-xxix-festival-de-musica-del-pacifico-petronio-alvarez\\\/#respond\"]}]},{\"@type\":[\"WebPage\",\"ItemPage\"],\"@id\":\"https:\\\/\\\/www.uartes.edu.ec\\\/sitio\\\/fr\\\/blog\\\/2025\\\/04\\\/16\\\/uartes-se-integra-a-la-mesa-de-dialogo-del-componente-academico-del-xxix-festival-de-musica-del-pacifico-petronio-alvarez\\\/\",\"url\":\"https:\\\/\\\/www.uartes.edu.ec\\\/sitio\\\/fr\\\/blog\\\/2025\\\/04\\\/16\\\/uartes-se-integra-a-la-mesa-de-dialogo-del-componente-academico-del-xxix-festival-de-musica-del-pacifico-petronio-alvarez\\\/\",\"name\":\"Universidad de las Artes - UArtes se integra a la Mesa de Di\u00e1logo del Componente Acad\u00e9mico del XXIX Festival de M\u00fasica del Pac\u00edfico Petronio \u00c1lvarez\",\"isPartOf\":{\"@id\":\"https:\\\/\\\/www.uartes.edu.ec\\\/sitio\\\/fr\\\/#website\"},\"primaryImageOfPage\":{\"@id\":\"https:\\\/\\\/www.uartes.edu.ec\\\/sitio\\\/fr\\\/blog\\\/2025\\\/04\\\/16\\\/uartes-se-integra-a-la-mesa-de-dialogo-del-componente-academico-del-xxix-festival-de-musica-del-pacifico-petronio-alvarez\\\/#primaryimage\"},\"image\":{\"@id\":\"https:\\\/\\\/www.uartes.edu.ec\\\/sitio\\\/fr\\\/blog\\\/2025\\\/04\\\/16\\\/uartes-se-integra-a-la-mesa-de-dialogo-del-componente-academico-del-xxix-festival-de-musica-del-pacifico-petronio-alvarez\\\/#primaryimage\"},\"thumbnailUrl\":\"https:\\\/\\\/www.uartes.edu.ec\\\/sitio\\\/wp-content\\\/uploads\\\/2025\\\/04\\\/01-BARRIO-NIGERIA-OK.jpg\",\"datePublished\":\"2025-04-16T15:12:50+00:00\",\"dateModified\":\"2025-04-16T15:26:50+00:00\",\"description\":\"Universidad de las Artes - UArtes se integra a la Mesa de Di\u00e1logo del Componente Acad\u00e9mico del XXIX Festival de M\u00fasica del Pac\u00edfico Petronio \u00c1lvarez\",\"breadcrumb\":{\"@id\":\"https:\\\/\\\/www.uartes.edu.ec\\\/sitio\\\/fr\\\/blog\\\/2025\\\/04\\\/16\\\/uartes-se-integra-a-la-mesa-de-dialogo-del-componente-academico-del-xxix-festival-de-musica-del-pacifico-petronio-alvarez\\\/#breadcrumb\"},\"inLanguage\":\"fr-FR\",\"potentialAction\":[{\"@type\":\"ReadAction\",\"target\":[\"https:\\\/\\\/www.uartes.edu.ec\\\/sitio\\\/fr\\\/blog\\\/2025\\\/04\\\/16\\\/uartes-se-integra-a-la-mesa-de-dialogo-del-componente-academico-del-xxix-festival-de-musica-del-pacifico-petronio-alvarez\\\/\"]}]},{\"@type\":\"ImageObject\",\"inLanguage\":\"fr-FR\",\"@id\":\"https:\\\/\\\/www.uartes.edu.ec\\\/sitio\\\/fr\\\/blog\\\/2025\\\/04\\\/16\\\/uartes-se-integra-a-la-mesa-de-dialogo-del-componente-academico-del-xxix-festival-de-musica-del-pacifico-petronio-alvarez\\\/#primaryimage\",\"url\":\"https:\\\/\\\/www.uartes.edu.ec\\\/sitio\\\/wp-content\\\/uploads\\\/2025\\\/04\\\/01-BARRIO-NIGERIA-OK.jpg\",\"contentUrl\":\"https:\\\/\\\/www.uartes.edu.ec\\\/sitio\\\/wp-content\\\/uploads\\\/2025\\\/04\\\/01-BARRIO-NIGERIA-OK.jpg\",\"width\":2000,\"height\":1333},{\"@type\":\"BreadcrumbList\",\"@id\":\"https:\\\/\\\/www.uartes.edu.ec\\\/sitio\\\/fr\\\/blog\\\/2025\\\/04\\\/16\\\/uartes-se-integra-a-la-mesa-de-dialogo-del-componente-academico-del-xxix-festival-de-musica-del-pacifico-petronio-alvarez\\\/#breadcrumb\",\"itemListElement\":[{\"@type\":\"ListItem\",\"position\":1,\"name\":\"Inicio\",\"item\":\"https:\\\/\\\/www.uartes.edu.ec\\\/sitio\\\/\"},{\"@type\":\"ListItem\",\"position\":2,\"name\":\"UArtes se integra a la Mesa de Di\u00e1logo del Componente Acad\u00e9mico del XXIX Festival de M\u00fasica del Pac\u00edfico Petronio \u00c1lvarez\"}]},{\"@type\":\"WebSite\",\"@id\":\"https:\\\/\\\/www.uartes.edu.ec\\\/sitio\\\/fr\\\/#website\",\"url\":\"https:\\\/\\\/www.uartes.edu.ec\\\/sitio\\\/fr\\\/\",\"name\":\"Universidad de las Artes\",\"description\":\"Sitio oficial de la Universidad Nacional de las Artes del Ecuador\",\"publisher\":{\"@id\":\"https:\\\/\\\/www.uartes.edu.ec\\\/sitio\\\/fr\\\/#organization\"},\"potentialAction\":[{\"@type\":\"SearchAction\",\"target\":{\"@type\":\"EntryPoint\",\"urlTemplate\":\"https:\\\/\\\/www.uartes.edu.ec\\\/sitio\\\/fr\\\/?s={search_term_string}\"},\"query-input\":{\"@type\":\"PropertyValueSpecification\",\"valueRequired\":true,\"valueName\":\"search_term_string\"}}],\"inLanguage\":\"fr-FR\"},{\"@type\":\"Organization\",\"@id\":\"https:\\\/\\\/www.uartes.edu.ec\\\/sitio\\\/fr\\\/#organization\",\"name\":\"Universidad de las Artes\",\"url\":\"https:\\\/\\\/www.uartes.edu.ec\\\/sitio\\\/fr\\\/\",\"logo\":{\"@type\":\"ImageObject\",\"inLanguage\":\"fr-FR\",\"@id\":\"https:\\\/\\\/www.uartes.edu.ec\\\/sitio\\\/fr\\\/#\\\/schema\\\/logo\\\/image\\\/\",\"url\":\"https:\\\/\\\/www.uartes.edu.ec\\\/sitio\\\/wp-content\\\/uploads\\\/2022\\\/07\\\/logo-ua-horizontal.png\",\"contentUrl\":\"https:\\\/\\\/www.uartes.edu.ec\\\/sitio\\\/wp-content\\\/uploads\\\/2022\\\/07\\\/logo-ua-horizontal.png\",\"width\":800,\"height\":276,\"caption\":\"Universidad de las Artes\"},\"image\":{\"@id\":\"https:\\\/\\\/www.uartes.edu.ec\\\/sitio\\\/fr\\\/#\\\/schema\\\/logo\\\/image\\\/\"},\"sameAs\":[\"https:\\\/\\\/www.facebook.com\\\/uartesec\",\"https:\\\/\\\/x.com\\\/uartesec\",\"https:\\\/\\\/www.tiktok.com\\\/@uartesec\"]},{\"@type\":\"Person\",\"@id\":\"https:\\\/\\\/www.uartes.edu.ec\\\/sitio\\\/fr\\\/#\\\/schema\\\/person\\\/efa1b8275797664fd7f13a79ccc0b1f4\",\"name\":\"ccortez\",\"image\":{\"@type\":\"ImageObject\",\"inLanguage\":\"fr-FR\",\"@id\":\"https:\\\/\\\/secure.gravatar.com\\\/avatar\\\/b2a6f664a3ae8e074346ef91775736c5ec479e637ecced6842de9dc98b5da9cd?s=96&d=mm&r=g\",\"url\":\"https:\\\/\\\/secure.gravatar.com\\\/avatar\\\/b2a6f664a3ae8e074346ef91775736c5ec479e637ecced6842de9dc98b5da9cd?s=96&d=mm&r=g\",\"contentUrl\":\"https:\\\/\\\/secure.gravatar.com\\\/avatar\\\/b2a6f664a3ae8e074346ef91775736c5ec479e637ecced6842de9dc98b5da9cd?s=96&d=mm&r=g\",\"caption\":\"ccortez\"},\"url\":\"https:\\\/\\\/www.uartes.edu.ec\\\/sitio\\\/fr\\\/blog\\\/author\\\/ccortez\\\/\"}]}<\/script>\n<!-- \/ Yoast SEO plugin. -->","yoast_head_json":{"title":"Universidad de las Artes - UArtes se integra a la Mesa de Di\u00e1logo del Componente Acad\u00e9mico del XXIX Festival de M\u00fasica del Pac\u00edfico Petronio \u00c1lvarez","description":"Universidad de las Artes - UArtes se integra a la Mesa de Di\u00e1logo del Componente Acad\u00e9mico del XXIX Festival de M\u00fasica del Pac\u00edfico Petronio \u00c1lvarez","robots":{"index":"index","follow":"follow","max-snippet":"max-snippet:-1","max-image-preview":"max-image-preview:large","max-video-preview":"max-video-preview:-1"},"canonical":"https:\/\/www.uartes.edu.ec\/sitio\/fr\/blog\/2025\/04\/16\/uartes-se-integra-a-la-mesa-de-dialogo-del-componente-academico-del-xxix-festival-de-musica-del-pacifico-petronio-alvarez\/","og_locale":"fr_FR","og_type":"article","og_title":"Universidad de las Artes - UArtes se integra a la Mesa de Di\u00e1logo del Componente Acad\u00e9mico del XXIX Festival de M\u00fasica del Pac\u00edfico Petronio \u00c1lvarez","og_description":"Universidad de las Artes - UArtes se integra a la Mesa de Di\u00e1logo del Componente Acad\u00e9mico del XXIX Festival de M\u00fasica del Pac\u00edfico Petronio \u00c1lvarez","og_url":"https:\/\/www.uartes.edu.ec\/sitio\/fr\/blog\/2025\/04\/16\/uartes-se-integra-a-la-mesa-de-dialogo-del-componente-academico-del-xxix-festival-de-musica-del-pacifico-petronio-alvarez\/","og_site_name":"Universidad de las Artes","article_publisher":"https:\/\/www.facebook.com\/uartesec","article_published_time":"2025-04-16T15:12:50+00:00","article_modified_time":"2025-04-16T15:26:50+00:00","og_image":[{"width":2000,"height":1333,"url":"https:\/\/www.uartes.edu.ec\/sitio\/wp-content\/uploads\/2025\/04\/01-BARRIO-NIGERIA-OK.jpg","type":"image\/jpeg"}],"author":"ccortez","twitter_card":"summary_large_image","twitter_creator":"@uartesec","twitter_site":"@uartesec","twitter_misc":{"\u00c9crit par":"ccortez","Dur\u00e9e de lecture estim\u00e9e":"4 minutes"},"schema":{"@context":"https:\/\/schema.org","@graph":[{"@type":"Article","@id":"https:\/\/www.uartes.edu.ec\/sitio\/fr\/blog\/2025\/04\/16\/uartes-se-integra-a-la-mesa-de-dialogo-del-componente-academico-del-xxix-festival-de-musica-del-pacifico-petronio-alvarez\/#article","isPartOf":{"@id":"https:\/\/www.uartes.edu.ec\/sitio\/fr\/blog\/2025\/04\/16\/uartes-se-integra-a-la-mesa-de-dialogo-del-componente-academico-del-xxix-festival-de-musica-del-pacifico-petronio-alvarez\/"},"author":{"name":"ccortez","@id":"https:\/\/www.uartes.edu.ec\/sitio\/fr\/#\/schema\/person\/efa1b8275797664fd7f13a79ccc0b1f4"},"headline":"UArtes se integra a la Mesa de Di\u00e1logo del Componente Acad\u00e9mico del XXIX Festival de M\u00fasica del Pac\u00edfico Petronio \u00c1lvarez","datePublished":"2025-04-16T15:12:50+00:00","dateModified":"2025-04-16T15:26:50+00:00","mainEntityOfPage":{"@id":"https:\/\/www.uartes.edu.ec\/sitio\/fr\/blog\/2025\/04\/16\/uartes-se-integra-a-la-mesa-de-dialogo-del-componente-academico-del-xxix-festival-de-musica-del-pacifico-petronio-alvarez\/"},"wordCount":774,"commentCount":0,"publisher":{"@id":"https:\/\/www.uartes.edu.ec\/sitio\/fr\/#organization"},"image":{"@id":"https:\/\/www.uartes.edu.ec\/sitio\/fr\/blog\/2025\/04\/16\/uartes-se-integra-a-la-mesa-de-dialogo-del-componente-academico-del-xxix-festival-de-musica-del-pacifico-petronio-alvarez\/#primaryimage"},"thumbnailUrl":"https:\/\/www.uartes.edu.ec\/sitio\/wp-content\/uploads\/2025\/04\/01-BARRIO-NIGERIA-OK.jpg","keywords":["relaciones internacionales"],"articleSection":["Acad\u00e9mico","Alumni","Artes Sonoras","Docentes","Estudiantes","Gesti\u00f3n"],"inLanguage":"fr-FR","potentialAction":[{"@type":"CommentAction","name":"Comment","target":["https:\/\/www.uartes.edu.ec\/sitio\/fr\/blog\/2025\/04\/16\/uartes-se-integra-a-la-mesa-de-dialogo-del-componente-academico-del-xxix-festival-de-musica-del-pacifico-petronio-alvarez\/#respond"]}]},{"@type":["WebPage","ItemPage"],"@id":"https:\/\/www.uartes.edu.ec\/sitio\/fr\/blog\/2025\/04\/16\/uartes-se-integra-a-la-mesa-de-dialogo-del-componente-academico-del-xxix-festival-de-musica-del-pacifico-petronio-alvarez\/","url":"https:\/\/www.uartes.edu.ec\/sitio\/fr\/blog\/2025\/04\/16\/uartes-se-integra-a-la-mesa-de-dialogo-del-componente-academico-del-xxix-festival-de-musica-del-pacifico-petronio-alvarez\/","name":"Universidad de las Artes - UArtes se integra a la Mesa de Di\u00e1logo del Componente Acad\u00e9mico del XXIX Festival de M\u00fasica del Pac\u00edfico Petronio \u00c1lvarez","isPartOf":{"@id":"https:\/\/www.uartes.edu.ec\/sitio\/fr\/#website"},"primaryImageOfPage":{"@id":"https:\/\/www.uartes.edu.ec\/sitio\/fr\/blog\/2025\/04\/16\/uartes-se-integra-a-la-mesa-de-dialogo-del-componente-academico-del-xxix-festival-de-musica-del-pacifico-petronio-alvarez\/#primaryimage"},"image":{"@id":"https:\/\/www.uartes.edu.ec\/sitio\/fr\/blog\/2025\/04\/16\/uartes-se-integra-a-la-mesa-de-dialogo-del-componente-academico-del-xxix-festival-de-musica-del-pacifico-petronio-alvarez\/#primaryimage"},"thumbnailUrl":"https:\/\/www.uartes.edu.ec\/sitio\/wp-content\/uploads\/2025\/04\/01-BARRIO-NIGERIA-OK.jpg","datePublished":"2025-04-16T15:12:50+00:00","dateModified":"2025-04-16T15:26:50+00:00","description":"Universidad de las Artes - UArtes se integra a la Mesa de Di\u00e1logo del Componente Acad\u00e9mico del XXIX Festival de M\u00fasica del Pac\u00edfico Petronio \u00c1lvarez","breadcrumb":{"@id":"https:\/\/www.uartes.edu.ec\/sitio\/fr\/blog\/2025\/04\/16\/uartes-se-integra-a-la-mesa-de-dialogo-del-componente-academico-del-xxix-festival-de-musica-del-pacifico-petronio-alvarez\/#breadcrumb"},"inLanguage":"fr-FR","potentialAction":[{"@type":"ReadAction","target":["https:\/\/www.uartes.edu.ec\/sitio\/fr\/blog\/2025\/04\/16\/uartes-se-integra-a-la-mesa-de-dialogo-del-componente-academico-del-xxix-festival-de-musica-del-pacifico-petronio-alvarez\/"]}]},{"@type":"ImageObject","inLanguage":"fr-FR","@id":"https:\/\/www.uartes.edu.ec\/sitio\/fr\/blog\/2025\/04\/16\/uartes-se-integra-a-la-mesa-de-dialogo-del-componente-academico-del-xxix-festival-de-musica-del-pacifico-petronio-alvarez\/#primaryimage","url":"https:\/\/www.uartes.edu.ec\/sitio\/wp-content\/uploads\/2025\/04\/01-BARRIO-NIGERIA-OK.jpg","contentUrl":"https:\/\/www.uartes.edu.ec\/sitio\/wp-content\/uploads\/2025\/04\/01-BARRIO-NIGERIA-OK.jpg","width":2000,"height":1333},{"@type":"BreadcrumbList","@id":"https:\/\/www.uartes.edu.ec\/sitio\/fr\/blog\/2025\/04\/16\/uartes-se-integra-a-la-mesa-de-dialogo-del-componente-academico-del-xxix-festival-de-musica-del-pacifico-petronio-alvarez\/#breadcrumb","itemListElement":[{"@type":"ListItem","position":1,"name":"Inicio","item":"https:\/\/www.uartes.edu.ec\/sitio\/"},{"@type":"ListItem","position":2,"name":"UArtes se integra a la Mesa de Di\u00e1logo del Componente Acad\u00e9mico del XXIX Festival de M\u00fasica del Pac\u00edfico Petronio \u00c1lvarez"}]},{"@type":"WebSite","@id":"https:\/\/www.uartes.edu.ec\/sitio\/fr\/#website","url":"https:\/\/www.uartes.edu.ec\/sitio\/fr\/","name":"Universidad de las Artes","description":"Sitio oficial de la Universidad Nacional de las Artes del Ecuador","publisher":{"@id":"https:\/\/www.uartes.edu.ec\/sitio\/fr\/#organization"},"potentialAction":[{"@type":"SearchAction","target":{"@type":"EntryPoint","urlTemplate":"https:\/\/www.uartes.edu.ec\/sitio\/fr\/?s={search_term_string}"},"query-input":{"@type":"PropertyValueSpecification","valueRequired":true,"valueName":"search_term_string"}}],"inLanguage":"fr-FR"},{"@type":"Organization","@id":"https:\/\/www.uartes.edu.ec\/sitio\/fr\/#organization","name":"Universidad de las Artes","url":"https:\/\/www.uartes.edu.ec\/sitio\/fr\/","logo":{"@type":"ImageObject","inLanguage":"fr-FR","@id":"https:\/\/www.uartes.edu.ec\/sitio\/fr\/#\/schema\/logo\/image\/","url":"https:\/\/www.uartes.edu.ec\/sitio\/wp-content\/uploads\/2022\/07\/logo-ua-horizontal.png","contentUrl":"https:\/\/www.uartes.edu.ec\/sitio\/wp-content\/uploads\/2022\/07\/logo-ua-horizontal.png","width":800,"height":276,"caption":"Universidad de las Artes"},"image":{"@id":"https:\/\/www.uartes.edu.ec\/sitio\/fr\/#\/schema\/logo\/image\/"},"sameAs":["https:\/\/www.facebook.com\/uartesec","https:\/\/x.com\/uartesec","https:\/\/www.tiktok.com\/@uartesec"]},{"@type":"Person","@id":"https:\/\/www.uartes.edu.ec\/sitio\/fr\/#\/schema\/person\/efa1b8275797664fd7f13a79ccc0b1f4","name":"ccortez","image":{"@type":"ImageObject","inLanguage":"fr-FR","@id":"https:\/\/secure.gravatar.com\/avatar\/b2a6f664a3ae8e074346ef91775736c5ec479e637ecced6842de9dc98b5da9cd?s=96&d=mm&r=g","url":"https:\/\/secure.gravatar.com\/avatar\/b2a6f664a3ae8e074346ef91775736c5ec479e637ecced6842de9dc98b5da9cd?s=96&d=mm&r=g","contentUrl":"https:\/\/secure.gravatar.com\/avatar\/b2a6f664a3ae8e074346ef91775736c5ec479e637ecced6842de9dc98b5da9cd?s=96&d=mm&r=g","caption":"ccortez"},"url":"https:\/\/www.uartes.edu.ec\/sitio\/fr\/blog\/author\/ccortez\/"}]}},"uagb_featured_image_src":{"full":["https:\/\/www.uartes.edu.ec\/sitio\/wp-content\/uploads\/2025\/04\/01-BARRIO-NIGERIA-OK.jpg",2000,1333,false],"thumbnail":["https:\/\/www.uartes.edu.ec\/sitio\/wp-content\/uploads\/2025\/04\/01-BARRIO-NIGERIA-OK-150x150.jpg",150,150,true],"medium":["https:\/\/www.uartes.edu.ec\/sitio\/wp-content\/uploads\/2025\/04\/01-BARRIO-NIGERIA-OK-300x200.jpg",300,200,true],"medium_large":["https:\/\/www.uartes.edu.ec\/sitio\/wp-content\/uploads\/2025\/04\/01-BARRIO-NIGERIA-OK-768x512.jpg",768,512,true],"large":["https:\/\/www.uartes.edu.ec\/sitio\/wp-content\/uploads\/2025\/04\/01-BARRIO-NIGERIA-OK-644x429.jpg",644,429,true],"1536x1536":["https:\/\/www.uartes.edu.ec\/sitio\/wp-content\/uploads\/2025\/04\/01-BARRIO-NIGERIA-OK-1536x1024.jpg",1536,1024,true],"2048x2048":["https:\/\/www.uartes.edu.ec\/sitio\/wp-content\/uploads\/2025\/04\/01-BARRIO-NIGERIA-OK.jpg",2000,1333,false],"trp-custom-language-flag":["https:\/\/www.uartes.edu.ec\/sitio\/wp-content\/uploads\/2025\/04\/01-BARRIO-NIGERIA-OK-18x12.jpg",18,12,true],"htmega_size_585x295":["https:\/\/www.uartes.edu.ec\/sitio\/wp-content\/uploads\/2025\/04\/01-BARRIO-NIGERIA-OK-585x295.jpg",585,295,true],"htmega_size_1170x536":["https:\/\/www.uartes.edu.ec\/sitio\/wp-content\/uploads\/2025\/04\/01-BARRIO-NIGERIA-OK-1170x536.jpg",1170,536,true],"htmega_size_396x360":["https:\/\/www.uartes.edu.ec\/sitio\/wp-content\/uploads\/2025\/04\/01-BARRIO-NIGERIA-OK-396x360.jpg",396,360,true],"gb-block-post-grid-landscape":["https:\/\/www.uartes.edu.ec\/sitio\/wp-content\/uploads\/2025\/04\/01-BARRIO-NIGERIA-OK-600x400.jpg",600,400,true],"gb-block-post-grid-square":["https:\/\/www.uartes.edu.ec\/sitio\/wp-content\/uploads\/2025\/04\/01-BARRIO-NIGERIA-OK-600x600.jpg",600,600,true],"university-hub-thumb":["https:\/\/www.uartes.edu.ec\/sitio\/wp-content\/uploads\/2025\/04\/01-BARRIO-NIGERIA-OK-400x267.jpg",400,267,true]},"uagb_author_info":{"display_name":"ccortez","author_link":"https:\/\/www.uartes.edu.ec\/sitio\/fr\/blog\/author\/ccortez\/"},"uagb_comment_info":0,"uagb_excerpt":"La UArtes ha sido invitada a formar parte de la Mesa de Di\u00e1logo del Componente Acad\u00e9mico del XXIX Festival Petronio \u00c1lvarez, convirti\u00e9ndose en la primera instituci\u00f3n de educaci\u00f3n superior internacional en integr\u00e1rsele. La participaci\u00f3n resulta de un trabajo sostenido con la poblaci\u00f3n y organizaciones afrodescendientes de Guayaquil, iniciado por Ana Carrillo y Bradley Hilgert con\u2026","featured_image_src":"https:\/\/www.uartes.edu.ec\/sitio\/wp-content\/uploads\/2025\/04\/01-BARRIO-NIGERIA-OK-600x400.jpg","featured_image_src_square":"https:\/\/www.uartes.edu.ec\/sitio\/wp-content\/uploads\/2025\/04\/01-BARRIO-NIGERIA-OK-600x600.jpg","author_info":{"display_name":"ccortez","author_link":"https:\/\/www.uartes.edu.ec\/sitio\/fr\/blog\/author\/ccortez\/"},"publishpress_future_workflow_manual_trigger":{"enabledWorkflows":[]},"distributor_meta":false,"distributor_terms":false,"distributor_media":false,"distributor_original_site_name":"Universidad de las Artes","distributor_original_site_url":"https:\/\/www.uartes.edu.ec\/sitio\/fr","push-errors":false,"_links":{"self":[{"href":"https:\/\/www.uartes.edu.ec\/sitio\/fr\/wp-json\/wp\/v2\/posts\/70578","targetHints":{"allow":["GET"]}}],"collection":[{"href":"https:\/\/www.uartes.edu.ec\/sitio\/fr\/wp-json\/wp\/v2\/posts"}],"about":[{"href":"https:\/\/www.uartes.edu.ec\/sitio\/fr\/wp-json\/wp\/v2\/types\/post"}],"author":[{"embeddable":true,"href":"https:\/\/www.uartes.edu.ec\/sitio\/fr\/wp-json\/wp\/v2\/users\/10"}],"replies":[{"embeddable":true,"href":"https:\/\/www.uartes.edu.ec\/sitio\/fr\/wp-json\/wp\/v2\/comments?post=70578"}],"version-history":[{"count":7,"href":"https:\/\/www.uartes.edu.ec\/sitio\/fr\/wp-json\/wp\/v2\/posts\/70578\/revisions"}],"predecessor-version":[{"id":70605,"href":"https:\/\/www.uartes.edu.ec\/sitio\/fr\/wp-json\/wp\/v2\/posts\/70578\/revisions\/70605"}],"wp:featuredmedia":[{"embeddable":true,"href":"https:\/\/www.uartes.edu.ec\/sitio\/fr\/wp-json\/wp\/v2\/media\/70580"}],"wp:attachment":[{"href":"https:\/\/www.uartes.edu.ec\/sitio\/fr\/wp-json\/wp\/v2\/media?parent=70578"}],"wp:term":[{"taxonomy":"category","embeddable":true,"href":"https:\/\/www.uartes.edu.ec\/sitio\/fr\/wp-json\/wp\/v2\/categories?post=70578"},{"taxonomy":"post_tag","embeddable":true,"href":"https:\/\/www.uartes.edu.ec\/sitio\/fr\/wp-json\/wp\/v2\/tags?post=70578"},{"taxonomy":"infouartes","embeddable":true,"href":"https:\/\/www.uartes.edu.ec\/sitio\/fr\/wp-json\/wp\/v2\/infouartes?post=70578"}],"curies":[{"name":"wp","href":"https:\/\/api.w.org\/{rel}","templated":true}]}}