{"id":7080,"date":"2020-05-20T15:54:49","date_gmt":"2020-05-20T20:54:49","guid":{"rendered":"http:\/\/www.uartes.edu.ec\/sitio\/?p=7080"},"modified":"2024-07-04T11:43:08","modified_gmt":"2024-07-04T16:43:08","slug":"la-construccion-narrativa-de-espacios-a-traves-del-color-en-el-cine-tesis-de-mychaella-suarez","status":"publish","type":"post","link":"https:\/\/www.uartes.edu.ec\/sitio\/fr\/blog\/2020\/05\/20\/la-construccion-narrativa-de-espacios-a-traves-del-color-en-el-cine-tesis-de-mychaella-suarez\/","title":{"rendered":"\u201cLa construcci\u00f3n narrativa de espacios a trav\u00e9s  del color en el cine\u201d, tesis de Mychaella Su\u00e1rez"},"content":{"rendered":"<p>13 de abril de 2020. Mychaella Marena Su\u00e1rez Alc\u00edvar, estudiante de la Escuela de Cine, defiende ante los miembros el tribunal de tesis, integrado por Alejandra Bueno de Santiago, su tutora; Agust\u00edn Garc\u00e9s y Abel Arcos, los resultados de la investigaci\u00f3n \u201cLa construcci\u00f3n narrativa de espacios a trav\u00e9s del color en el cine\u201d.<\/p>\n\n\n\n<p>Mediante videoconferencia, la ahora egresada detalla que su investigaci\u00f3n aborda composiciones visuales y diferentes teor\u00edas para demostrar c\u00f3mo el color y la luz poseen una importancia que recae dentro la narrativa y caracterizaci\u00f3n. En su tesis, la cual entreg\u00f3 a la Secretar\u00eda Acad\u00e9mica de la UArtes, se\u00f1ala: \u201cA partir de la necesidad creativa de visualizar un mundo interior nunca visto, surge el objetivo de determinar lenguajes de color en el cine y sus herramientas. Como resultado, el poder psicol\u00f3gico de la luz, su color y del cine, es palpable para un an\u00e1lisis y la creaci\u00f3n\u201d.<\/p>\n\n\n\n<p>Su trabajo final se centra en la construcci\u00f3n narrativa de los espacios a trav\u00e9s del color en el cortometraje <em>El Bar<\/em> (Carlett Decker), del cual fue su directora de fotograf\u00eda. Su investigaci\u00f3n te\u00f3rica va acompa\u00f1ada del producto audiovisual, grabado del 10 al 14 de diciembre de 2018 en Guayaquil. \u201cLa tesis involucra diversas teor\u00edas de color que han sido elaboradas previamente por diferentes autores. El desarrollo del presente trabajo escrito no consiste en describir c\u00f3mo el color se ha considerado un mero acercamiento a reproducir la realidad con el cinemat\u00f3grafo, sino de mostrar a trav\u00e9s de creaciones visuales el poder que tiene el cine, el encuadre de espacios-tiempos, de narrar experiencias, emociones con su luz para un espectador\u201d.<\/p>\n\n\n\n<p>Mychaella Su\u00e1rez acota en su tesis que ser de Manab\u00ed y vivir en Guayaquil desde temprana edad caus\u00f3 en su vida un gran impacto visual al ver tantos colores. \u201cEl estar en una ciudad compuesta en su mayor\u00eda por tonos opacos y, en cerca de cuatro horas, poder trasladarme a un ambiente totalmente diferente, siempre me caus\u00f3 una gran emoci\u00f3n. Actualmente, saber c\u00f3mo funcionan y se perciben los colores seg\u00fan las texturas, la luz y los fondos dentro del cine, ha despertado mi inter\u00e9s. Conocer c\u00f3mo el espectro de luz interviene emocionalmente en la psiquis humana hace posible realizar un enfoque con las diversas posibilidades acerca de c\u00f3mo transmitir o narrar en los espacios cinematogr\u00e1ficos, una historia mediante el color\u201d.<\/p>\n\n\n\n<p>Revela que su trabajo como directora de fotograf\u00eda y colorista en el proyecto se conform\u00f3 de diferentes etapas dentro del proceso de realizaci\u00f3n del producto audiovisual. \u201cEl formato de teor\u00eda est\u00e1 estrechamente ligado a mi inter\u00e9s acerca de las diferentes formas de componer im\u00e1genes con la luz, para despu\u00e9s reforzarla con la colorizaci\u00f3n junto al proceso investigativo y creativo como estudiante de cine con un acercamiento a la fotograf\u00eda\u201d.<\/p>\n\n\n\n<div class=\"wp-block-image\"><figure class=\"aligncenter size-large\"><img fetchpriority=\"high\" decoding=\"async\" width=\"644\" height=\"429\" src=\"http:\/\/www.uartes.edu.ec\/sitio\/wp-content\/uploads\/2020\/05\/MYCHAELLA-MARENA-2-644x429.jpg\" alt=\"\" class=\"wp-image-7081\" srcset=\"https:\/\/www.uartes.edu.ec\/sitio\/wp-content\/uploads\/2020\/05\/MYCHAELLA-MARENA-2-644x429.jpg 644w, https:\/\/www.uartes.edu.ec\/sitio\/wp-content\/uploads\/2020\/05\/MYCHAELLA-MARENA-2-300x200.jpg 300w, https:\/\/www.uartes.edu.ec\/sitio\/wp-content\/uploads\/2020\/05\/MYCHAELLA-MARENA-2-768x512.jpg 768w, https:\/\/www.uartes.edu.ec\/sitio\/wp-content\/uploads\/2020\/05\/MYCHAELLA-MARENA-2-600x400.jpg 600w, https:\/\/www.uartes.edu.ec\/sitio\/wp-content\/uploads\/2020\/05\/MYCHAELLA-MARENA-2-400x267.jpg 400w, https:\/\/www.uartes.edu.ec\/sitio\/wp-content\/uploads\/2020\/05\/MYCHAELLA-MARENA-2-272x182.jpg 272w, https:\/\/www.uartes.edu.ec\/sitio\/wp-content\/uploads\/2020\/05\/MYCHAELLA-MARENA-2.jpg 810w\" sizes=\"(max-width: 644px) 100vw, 644px\" \/><\/figure><\/div>\n\n\n\n<p>Carecer en Ecuador de una industria cinematogr\u00e1fica repercute en la dificultad que tienen algunas pel\u00edculas y cortometrajes de continuar sus procesos de posproducci\u00f3n de manera profesional y especializada. \u201cEsto causa que muchas veces en las obras audiovisuales la colorizaci\u00f3n no sea realizada, o que no haya profesionales especializados que contengan un conocimiento te\u00f3rico m\u00e1s all\u00e1 del t\u00e9cnico. El desconocimiento del rol importante que puede tener todo el uso del color puede ocasionar tambi\u00e9n que veamos al trabajo del fot\u00f3grafo y colorista como un aspecto meramente t\u00e9cnico y no creativo-narrativo al momento de hacer cine de encuadrar y tratar la imagen\u201d. Su tesis, recalca, est\u00e1 enfocada en apropiarse de t\u00e9cnicas, describir y proponer acerca de c\u00f3mo act\u00faa el color para as\u00ed interactuar entre los espacios de un producto art\u00edstico.<\/p>","protected":false},"excerpt":{"rendered":"<p>13 de abril de 2020. Mychaella Marena Su\u00e1rez Alc\u00edvar, estudiante de la Escuela de Cine, defiende ante los miembros el tribunal de tesis, integrado por Alejandra Bueno de Santiago, su tutora; Agust\u00edn Garc\u00e9s y Abel Arcos, los resultados de la investigaci\u00f3n \u201cLa construcci\u00f3n narrativa de espacios a trav\u00e9s del color en el cine\u201d.<\/p>","protected":false},"author":1,"featured_media":7082,"comment_status":"closed","ping_status":"closed","sticky":false,"template":"","format":"standard","meta":{"_acf_changed":false,"_uag_custom_page_level_css":"","_monsterinsights_skip_tracking":false,"_monsterinsights_sitenote_active":false,"_monsterinsights_sitenote_note":"","_monsterinsights_sitenote_category":0,"cybocfi_hide_featured_image":"","footnotes":""},"categories":[80,147,76],"tags":[211],"infouartes":[],"class_list":["post-7080","post","type-post","status-publish","format-standard","has-post-thumbnail","hentry","category-academico","category-cine","category-estudiantes","tag-covid19"],"acf":[],"yoast_head":"<!-- This site is optimized with the Yoast SEO plugin v27.4 - https:\/\/yoast.com\/product\/yoast-seo-wordpress\/ -->\n<title>Universidad de las Artes - \u201cLa construcci\u00f3n narrativa de espacios a trav\u00e9s del color en el cine\u201d, tesis de Mychaella Su\u00e1rez<\/title>\n<meta name=\"description\" content=\"Universidad de las Artes - \u201cLa construcci\u00f3n narrativa de espacios a trav\u00e9s del color en el cine\u201d, tesis de Mychaella Su\u00e1rez\" \/>\n<meta name=\"robots\" content=\"index, follow, max-snippet:-1, max-image-preview:large, max-video-preview:-1\" \/>\n<link rel=\"canonical\" href=\"https:\/\/www.uartes.edu.ec\/sitio\/fr\/blog\/2020\/05\/20\/la-construccion-narrativa-de-espacios-a-traves-del-color-en-el-cine-tesis-de-mychaella-suarez\/\" \/>\n<meta property=\"og:locale\" content=\"fr_FR\" \/>\n<meta property=\"og:type\" content=\"article\" \/>\n<meta property=\"og:title\" content=\"Universidad de las Artes - \u201cLa construcci\u00f3n narrativa de espacios a trav\u00e9s del color en el cine\u201d, tesis de Mychaella Su\u00e1rez\" \/>\n<meta property=\"og:description\" content=\"Universidad de las Artes - \u201cLa construcci\u00f3n narrativa de espacios a trav\u00e9s del color en el cine\u201d, tesis de Mychaella Su\u00e1rez\" \/>\n<meta property=\"og:url\" content=\"https:\/\/www.uartes.edu.ec\/sitio\/fr\/blog\/2020\/05\/20\/la-construccion-narrativa-de-espacios-a-traves-del-color-en-el-cine-tesis-de-mychaella-suarez\/\" \/>\n<meta property=\"og:site_name\" content=\"Universidad de las Artes\" \/>\n<meta property=\"article:publisher\" content=\"https:\/\/www.facebook.com\/uartesec\" \/>\n<meta property=\"article:published_time\" content=\"2020-05-20T20:54:49+00:00\" \/>\n<meta property=\"article:modified_time\" content=\"2024-07-04T16:43:08+00:00\" \/>\n<meta property=\"og:image\" content=\"https:\/\/www.uartes.edu.ec\/sitio\/wp-content\/uploads\/2020\/05\/PORTADA-MYCHAELLA-MARENA.jpg\" \/>\n\t<meta property=\"og:image:width\" content=\"960\" \/>\n\t<meta property=\"og:image:height\" content=\"640\" \/>\n\t<meta property=\"og:image:type\" content=\"image\/jpeg\" \/>\n<meta name=\"author\" content=\"Universidad de las Artes\" \/>\n<meta name=\"twitter:card\" content=\"summary_large_image\" \/>\n<meta name=\"twitter:creator\" content=\"@uartesec\" \/>\n<meta name=\"twitter:site\" content=\"@uartesec\" \/>\n<meta name=\"twitter:label1\" content=\"\u00c9crit par\" \/>\n\t<meta name=\"twitter:data1\" content=\"Universidad de las Artes\" \/>\n\t<meta name=\"twitter:label2\" content=\"Dur\u00e9e de lecture estim\u00e9e\" \/>\n\t<meta name=\"twitter:data2\" content=\"3 minutes\" \/>\n<script type=\"application\/ld+json\" class=\"yoast-schema-graph\">{\"@context\":\"https:\\\/\\\/schema.org\",\"@graph\":[{\"@type\":\"Article\",\"@id\":\"https:\\\/\\\/www.uartes.edu.ec\\\/sitio\\\/fr\\\/blog\\\/2020\\\/05\\\/20\\\/la-construccion-narrativa-de-espacios-a-traves-del-color-en-el-cine-tesis-de-mychaella-suarez\\\/#article\",\"isPartOf\":{\"@id\":\"https:\\\/\\\/www.uartes.edu.ec\\\/sitio\\\/fr\\\/blog\\\/2020\\\/05\\\/20\\\/la-construccion-narrativa-de-espacios-a-traves-del-color-en-el-cine-tesis-de-mychaella-suarez\\\/\"},\"author\":{\"name\":\"Universidad de las Artes\",\"@id\":\"https:\\\/\\\/www.uartes.edu.ec\\\/sitio\\\/fr\\\/#\\\/schema\\\/person\\\/f33f8c1d2af0d5c80a38c8abf458184a\"},\"headline\":\"\u201cLa construcci\u00f3n narrativa de espacios a trav\u00e9s del color en el cine\u201d, tesis de Mychaella Su\u00e1rez\",\"datePublished\":\"2020-05-20T20:54:49+00:00\",\"dateModified\":\"2024-07-04T16:43:08+00:00\",\"mainEntityOfPage\":{\"@id\":\"https:\\\/\\\/www.uartes.edu.ec\\\/sitio\\\/fr\\\/blog\\\/2020\\\/05\\\/20\\\/la-construccion-narrativa-de-espacios-a-traves-del-color-en-el-cine-tesis-de-mychaella-suarez\\\/\"},\"wordCount\":655,\"publisher\":{\"@id\":\"https:\\\/\\\/www.uartes.edu.ec\\\/sitio\\\/fr\\\/#organization\"},\"image\":{\"@id\":\"https:\\\/\\\/www.uartes.edu.ec\\\/sitio\\\/fr\\\/blog\\\/2020\\\/05\\\/20\\\/la-construccion-narrativa-de-espacios-a-traves-del-color-en-el-cine-tesis-de-mychaella-suarez\\\/#primaryimage\"},\"thumbnailUrl\":\"https:\\\/\\\/www.uartes.edu.ec\\\/sitio\\\/wp-content\\\/uploads\\\/2020\\\/05\\\/PORTADA-MYCHAELLA-MARENA.jpg\",\"keywords\":[\"covid19\"],\"articleSection\":[\"Acad\u00e9mico\",\"Cine\",\"Estudiantes\"],\"inLanguage\":\"fr-FR\"},{\"@type\":[\"WebPage\",\"ItemPage\"],\"@id\":\"https:\\\/\\\/www.uartes.edu.ec\\\/sitio\\\/fr\\\/blog\\\/2020\\\/05\\\/20\\\/la-construccion-narrativa-de-espacios-a-traves-del-color-en-el-cine-tesis-de-mychaella-suarez\\\/\",\"url\":\"https:\\\/\\\/www.uartes.edu.ec\\\/sitio\\\/fr\\\/blog\\\/2020\\\/05\\\/20\\\/la-construccion-narrativa-de-espacios-a-traves-del-color-en-el-cine-tesis-de-mychaella-suarez\\\/\",\"name\":\"Universidad de las Artes - \u201cLa construcci\u00f3n narrativa de espacios a trav\u00e9s del color en el cine\u201d, tesis de Mychaella Su\u00e1rez\",\"isPartOf\":{\"@id\":\"https:\\\/\\\/www.uartes.edu.ec\\\/sitio\\\/fr\\\/#website\"},\"primaryImageOfPage\":{\"@id\":\"https:\\\/\\\/www.uartes.edu.ec\\\/sitio\\\/fr\\\/blog\\\/2020\\\/05\\\/20\\\/la-construccion-narrativa-de-espacios-a-traves-del-color-en-el-cine-tesis-de-mychaella-suarez\\\/#primaryimage\"},\"image\":{\"@id\":\"https:\\\/\\\/www.uartes.edu.ec\\\/sitio\\\/fr\\\/blog\\\/2020\\\/05\\\/20\\\/la-construccion-narrativa-de-espacios-a-traves-del-color-en-el-cine-tesis-de-mychaella-suarez\\\/#primaryimage\"},\"thumbnailUrl\":\"https:\\\/\\\/www.uartes.edu.ec\\\/sitio\\\/wp-content\\\/uploads\\\/2020\\\/05\\\/PORTADA-MYCHAELLA-MARENA.jpg\",\"datePublished\":\"2020-05-20T20:54:49+00:00\",\"dateModified\":\"2024-07-04T16:43:08+00:00\",\"description\":\"Universidad de las Artes - \u201cLa construcci\u00f3n narrativa de espacios a trav\u00e9s del color en el cine\u201d, tesis de Mychaella Su\u00e1rez\",\"breadcrumb\":{\"@id\":\"https:\\\/\\\/www.uartes.edu.ec\\\/sitio\\\/fr\\\/blog\\\/2020\\\/05\\\/20\\\/la-construccion-narrativa-de-espacios-a-traves-del-color-en-el-cine-tesis-de-mychaella-suarez\\\/#breadcrumb\"},\"inLanguage\":\"fr-FR\",\"potentialAction\":[{\"@type\":\"ReadAction\",\"target\":[\"https:\\\/\\\/www.uartes.edu.ec\\\/sitio\\\/fr\\\/blog\\\/2020\\\/05\\\/20\\\/la-construccion-narrativa-de-espacios-a-traves-del-color-en-el-cine-tesis-de-mychaella-suarez\\\/\"]}]},{\"@type\":\"ImageObject\",\"inLanguage\":\"fr-FR\",\"@id\":\"https:\\\/\\\/www.uartes.edu.ec\\\/sitio\\\/fr\\\/blog\\\/2020\\\/05\\\/20\\\/la-construccion-narrativa-de-espacios-a-traves-del-color-en-el-cine-tesis-de-mychaella-suarez\\\/#primaryimage\",\"url\":\"https:\\\/\\\/www.uartes.edu.ec\\\/sitio\\\/wp-content\\\/uploads\\\/2020\\\/05\\\/PORTADA-MYCHAELLA-MARENA.jpg\",\"contentUrl\":\"https:\\\/\\\/www.uartes.edu.ec\\\/sitio\\\/wp-content\\\/uploads\\\/2020\\\/05\\\/PORTADA-MYCHAELLA-MARENA.jpg\",\"width\":960,\"height\":640},{\"@type\":\"BreadcrumbList\",\"@id\":\"https:\\\/\\\/www.uartes.edu.ec\\\/sitio\\\/fr\\\/blog\\\/2020\\\/05\\\/20\\\/la-construccion-narrativa-de-espacios-a-traves-del-color-en-el-cine-tesis-de-mychaella-suarez\\\/#breadcrumb\",\"itemListElement\":[{\"@type\":\"ListItem\",\"position\":1,\"name\":\"Inicio\",\"item\":\"https:\\\/\\\/www.uartes.edu.ec\\\/sitio\\\/\"},{\"@type\":\"ListItem\",\"position\":2,\"name\":\"\u201cLa construcci\u00f3n narrativa de espacios a trav\u00e9s del color en el cine\u201d, tesis de Mychaella Su\u00e1rez\"}]},{\"@type\":\"WebSite\",\"@id\":\"https:\\\/\\\/www.uartes.edu.ec\\\/sitio\\\/fr\\\/#website\",\"url\":\"https:\\\/\\\/www.uartes.edu.ec\\\/sitio\\\/fr\\\/\",\"name\":\"Universidad de las Artes\",\"description\":\"Sitio oficial de la Universidad Nacional de las Artes del Ecuador\",\"publisher\":{\"@id\":\"https:\\\/\\\/www.uartes.edu.ec\\\/sitio\\\/fr\\\/#organization\"},\"potentialAction\":[{\"@type\":\"SearchAction\",\"target\":{\"@type\":\"EntryPoint\",\"urlTemplate\":\"https:\\\/\\\/www.uartes.edu.ec\\\/sitio\\\/fr\\\/?s={search_term_string}\"},\"query-input\":{\"@type\":\"PropertyValueSpecification\",\"valueRequired\":true,\"valueName\":\"search_term_string\"}}],\"inLanguage\":\"fr-FR\"},{\"@type\":\"Organization\",\"@id\":\"https:\\\/\\\/www.uartes.edu.ec\\\/sitio\\\/fr\\\/#organization\",\"name\":\"Universidad de las Artes\",\"url\":\"https:\\\/\\\/www.uartes.edu.ec\\\/sitio\\\/fr\\\/\",\"logo\":{\"@type\":\"ImageObject\",\"inLanguage\":\"fr-FR\",\"@id\":\"https:\\\/\\\/www.uartes.edu.ec\\\/sitio\\\/fr\\\/#\\\/schema\\\/logo\\\/image\\\/\",\"url\":\"https:\\\/\\\/www.uartes.edu.ec\\\/sitio\\\/wp-content\\\/uploads\\\/2022\\\/07\\\/logo-ua-horizontal.png\",\"contentUrl\":\"https:\\\/\\\/www.uartes.edu.ec\\\/sitio\\\/wp-content\\\/uploads\\\/2022\\\/07\\\/logo-ua-horizontal.png\",\"width\":800,\"height\":276,\"caption\":\"Universidad de las Artes\"},\"image\":{\"@id\":\"https:\\\/\\\/www.uartes.edu.ec\\\/sitio\\\/fr\\\/#\\\/schema\\\/logo\\\/image\\\/\"},\"sameAs\":[\"https:\\\/\\\/www.facebook.com\\\/uartesec\",\"https:\\\/\\\/x.com\\\/uartesec\",\"https:\\\/\\\/www.tiktok.com\\\/@uartesec\"]},{\"@type\":\"Person\",\"@id\":\"https:\\\/\\\/www.uartes.edu.ec\\\/sitio\\\/fr\\\/#\\\/schema\\\/person\\\/f33f8c1d2af0d5c80a38c8abf458184a\",\"name\":\"Universidad de las Artes\",\"image\":{\"@type\":\"ImageObject\",\"inLanguage\":\"fr-FR\",\"@id\":\"https:\\\/\\\/secure.gravatar.com\\\/avatar\\\/52e4757902f5cfa5ac52d020e5be83cae5487519154b6c35482fe08d589f3c13?s=96&d=mm&r=g\",\"url\":\"https:\\\/\\\/secure.gravatar.com\\\/avatar\\\/52e4757902f5cfa5ac52d020e5be83cae5487519154b6c35482fe08d589f3c13?s=96&d=mm&r=g\",\"contentUrl\":\"https:\\\/\\\/secure.gravatar.com\\\/avatar\\\/52e4757902f5cfa5ac52d020e5be83cae5487519154b6c35482fe08d589f3c13?s=96&d=mm&r=g\",\"caption\":\"Universidad de las Artes\"},\"url\":\"https:\\\/\\\/www.uartes.edu.ec\\\/sitio\\\/fr\\\/blog\\\/author\\\/dircomadm\\\/\"}]}<\/script>\n<!-- \/ Yoast SEO plugin. -->","yoast_head_json":{"title":"Universidad de las Artes - \u201cLa construcci\u00f3n narrativa de espacios a trav\u00e9s del color en el cine\u201d, tesis de Mychaella Su\u00e1rez","description":"Universidad de las Artes - \u201cLa construcci\u00f3n narrativa de espacios a trav\u00e9s del color en el cine\u201d, tesis de Mychaella Su\u00e1rez","robots":{"index":"index","follow":"follow","max-snippet":"max-snippet:-1","max-image-preview":"max-image-preview:large","max-video-preview":"max-video-preview:-1"},"canonical":"https:\/\/www.uartes.edu.ec\/sitio\/fr\/blog\/2020\/05\/20\/la-construccion-narrativa-de-espacios-a-traves-del-color-en-el-cine-tesis-de-mychaella-suarez\/","og_locale":"fr_FR","og_type":"article","og_title":"Universidad de las Artes - \u201cLa construcci\u00f3n narrativa de espacios a trav\u00e9s del color en el cine\u201d, tesis de Mychaella Su\u00e1rez","og_description":"Universidad de las Artes - \u201cLa construcci\u00f3n narrativa de espacios a trav\u00e9s del color en el cine\u201d, tesis de Mychaella Su\u00e1rez","og_url":"https:\/\/www.uartes.edu.ec\/sitio\/fr\/blog\/2020\/05\/20\/la-construccion-narrativa-de-espacios-a-traves-del-color-en-el-cine-tesis-de-mychaella-suarez\/","og_site_name":"Universidad de las Artes","article_publisher":"https:\/\/www.facebook.com\/uartesec","article_published_time":"2020-05-20T20:54:49+00:00","article_modified_time":"2024-07-04T16:43:08+00:00","og_image":[{"width":960,"height":640,"url":"https:\/\/www.uartes.edu.ec\/sitio\/wp-content\/uploads\/2020\/05\/PORTADA-MYCHAELLA-MARENA.jpg","type":"image\/jpeg"}],"author":"Universidad de las Artes","twitter_card":"summary_large_image","twitter_creator":"@uartesec","twitter_site":"@uartesec","twitter_misc":{"\u00c9crit par":"Universidad de las Artes","Dur\u00e9e de lecture estim\u00e9e":"3 minutes"},"schema":{"@context":"https:\/\/schema.org","@graph":[{"@type":"Article","@id":"https:\/\/www.uartes.edu.ec\/sitio\/fr\/blog\/2020\/05\/20\/la-construccion-narrativa-de-espacios-a-traves-del-color-en-el-cine-tesis-de-mychaella-suarez\/#article","isPartOf":{"@id":"https:\/\/www.uartes.edu.ec\/sitio\/fr\/blog\/2020\/05\/20\/la-construccion-narrativa-de-espacios-a-traves-del-color-en-el-cine-tesis-de-mychaella-suarez\/"},"author":{"name":"Universidad de las Artes","@id":"https:\/\/www.uartes.edu.ec\/sitio\/fr\/#\/schema\/person\/f33f8c1d2af0d5c80a38c8abf458184a"},"headline":"\u201cLa construcci\u00f3n narrativa de espacios a trav\u00e9s del color en el cine\u201d, tesis de Mychaella Su\u00e1rez","datePublished":"2020-05-20T20:54:49+00:00","dateModified":"2024-07-04T16:43:08+00:00","mainEntityOfPage":{"@id":"https:\/\/www.uartes.edu.ec\/sitio\/fr\/blog\/2020\/05\/20\/la-construccion-narrativa-de-espacios-a-traves-del-color-en-el-cine-tesis-de-mychaella-suarez\/"},"wordCount":655,"publisher":{"@id":"https:\/\/www.uartes.edu.ec\/sitio\/fr\/#organization"},"image":{"@id":"https:\/\/www.uartes.edu.ec\/sitio\/fr\/blog\/2020\/05\/20\/la-construccion-narrativa-de-espacios-a-traves-del-color-en-el-cine-tesis-de-mychaella-suarez\/#primaryimage"},"thumbnailUrl":"https:\/\/www.uartes.edu.ec\/sitio\/wp-content\/uploads\/2020\/05\/PORTADA-MYCHAELLA-MARENA.jpg","keywords":["covid19"],"articleSection":["Acad\u00e9mico","Cine","Estudiantes"],"inLanguage":"fr-FR"},{"@type":["WebPage","ItemPage"],"@id":"https:\/\/www.uartes.edu.ec\/sitio\/fr\/blog\/2020\/05\/20\/la-construccion-narrativa-de-espacios-a-traves-del-color-en-el-cine-tesis-de-mychaella-suarez\/","url":"https:\/\/www.uartes.edu.ec\/sitio\/fr\/blog\/2020\/05\/20\/la-construccion-narrativa-de-espacios-a-traves-del-color-en-el-cine-tesis-de-mychaella-suarez\/","name":"Universidad de las Artes - \u201cLa construcci\u00f3n narrativa de espacios a trav\u00e9s del color en el cine\u201d, tesis de Mychaella Su\u00e1rez","isPartOf":{"@id":"https:\/\/www.uartes.edu.ec\/sitio\/fr\/#website"},"primaryImageOfPage":{"@id":"https:\/\/www.uartes.edu.ec\/sitio\/fr\/blog\/2020\/05\/20\/la-construccion-narrativa-de-espacios-a-traves-del-color-en-el-cine-tesis-de-mychaella-suarez\/#primaryimage"},"image":{"@id":"https:\/\/www.uartes.edu.ec\/sitio\/fr\/blog\/2020\/05\/20\/la-construccion-narrativa-de-espacios-a-traves-del-color-en-el-cine-tesis-de-mychaella-suarez\/#primaryimage"},"thumbnailUrl":"https:\/\/www.uartes.edu.ec\/sitio\/wp-content\/uploads\/2020\/05\/PORTADA-MYCHAELLA-MARENA.jpg","datePublished":"2020-05-20T20:54:49+00:00","dateModified":"2024-07-04T16:43:08+00:00","description":"Universidad de las Artes - \u201cLa construcci\u00f3n narrativa de espacios a trav\u00e9s del color en el cine\u201d, tesis de Mychaella Su\u00e1rez","breadcrumb":{"@id":"https:\/\/www.uartes.edu.ec\/sitio\/fr\/blog\/2020\/05\/20\/la-construccion-narrativa-de-espacios-a-traves-del-color-en-el-cine-tesis-de-mychaella-suarez\/#breadcrumb"},"inLanguage":"fr-FR","potentialAction":[{"@type":"ReadAction","target":["https:\/\/www.uartes.edu.ec\/sitio\/fr\/blog\/2020\/05\/20\/la-construccion-narrativa-de-espacios-a-traves-del-color-en-el-cine-tesis-de-mychaella-suarez\/"]}]},{"@type":"ImageObject","inLanguage":"fr-FR","@id":"https:\/\/www.uartes.edu.ec\/sitio\/fr\/blog\/2020\/05\/20\/la-construccion-narrativa-de-espacios-a-traves-del-color-en-el-cine-tesis-de-mychaella-suarez\/#primaryimage","url":"https:\/\/www.uartes.edu.ec\/sitio\/wp-content\/uploads\/2020\/05\/PORTADA-MYCHAELLA-MARENA.jpg","contentUrl":"https:\/\/www.uartes.edu.ec\/sitio\/wp-content\/uploads\/2020\/05\/PORTADA-MYCHAELLA-MARENA.jpg","width":960,"height":640},{"@type":"BreadcrumbList","@id":"https:\/\/www.uartes.edu.ec\/sitio\/fr\/blog\/2020\/05\/20\/la-construccion-narrativa-de-espacios-a-traves-del-color-en-el-cine-tesis-de-mychaella-suarez\/#breadcrumb","itemListElement":[{"@type":"ListItem","position":1,"name":"Inicio","item":"https:\/\/www.uartes.edu.ec\/sitio\/"},{"@type":"ListItem","position":2,"name":"\u201cLa construcci\u00f3n narrativa de espacios a trav\u00e9s del color en el cine\u201d, tesis de Mychaella Su\u00e1rez"}]},{"@type":"WebSite","@id":"https:\/\/www.uartes.edu.ec\/sitio\/fr\/#website","url":"https:\/\/www.uartes.edu.ec\/sitio\/fr\/","name":"Universidad de las Artes","description":"Sitio oficial de la Universidad Nacional de las Artes del Ecuador","publisher":{"@id":"https:\/\/www.uartes.edu.ec\/sitio\/fr\/#organization"},"potentialAction":[{"@type":"SearchAction","target":{"@type":"EntryPoint","urlTemplate":"https:\/\/www.uartes.edu.ec\/sitio\/fr\/?s={search_term_string}"},"query-input":{"@type":"PropertyValueSpecification","valueRequired":true,"valueName":"search_term_string"}}],"inLanguage":"fr-FR"},{"@type":"Organization","@id":"https:\/\/www.uartes.edu.ec\/sitio\/fr\/#organization","name":"Universidad de las Artes","url":"https:\/\/www.uartes.edu.ec\/sitio\/fr\/","logo":{"@type":"ImageObject","inLanguage":"fr-FR","@id":"https:\/\/www.uartes.edu.ec\/sitio\/fr\/#\/schema\/logo\/image\/","url":"https:\/\/www.uartes.edu.ec\/sitio\/wp-content\/uploads\/2022\/07\/logo-ua-horizontal.png","contentUrl":"https:\/\/www.uartes.edu.ec\/sitio\/wp-content\/uploads\/2022\/07\/logo-ua-horizontal.png","width":800,"height":276,"caption":"Universidad de las Artes"},"image":{"@id":"https:\/\/www.uartes.edu.ec\/sitio\/fr\/#\/schema\/logo\/image\/"},"sameAs":["https:\/\/www.facebook.com\/uartesec","https:\/\/x.com\/uartesec","https:\/\/www.tiktok.com\/@uartesec"]},{"@type":"Person","@id":"https:\/\/www.uartes.edu.ec\/sitio\/fr\/#\/schema\/person\/f33f8c1d2af0d5c80a38c8abf458184a","name":"Universidad de las Artes","image":{"@type":"ImageObject","inLanguage":"fr-FR","@id":"https:\/\/secure.gravatar.com\/avatar\/52e4757902f5cfa5ac52d020e5be83cae5487519154b6c35482fe08d589f3c13?s=96&d=mm&r=g","url":"https:\/\/secure.gravatar.com\/avatar\/52e4757902f5cfa5ac52d020e5be83cae5487519154b6c35482fe08d589f3c13?s=96&d=mm&r=g","contentUrl":"https:\/\/secure.gravatar.com\/avatar\/52e4757902f5cfa5ac52d020e5be83cae5487519154b6c35482fe08d589f3c13?s=96&d=mm&r=g","caption":"Universidad de las Artes"},"url":"https:\/\/www.uartes.edu.ec\/sitio\/fr\/blog\/author\/dircomadm\/"}]}},"uagb_featured_image_src":{"full":["https:\/\/www.uartes.edu.ec\/sitio\/wp-content\/uploads\/2020\/05\/PORTADA-MYCHAELLA-MARENA.jpg",960,640,false],"thumbnail":["https:\/\/www.uartes.edu.ec\/sitio\/wp-content\/uploads\/2020\/05\/PORTADA-MYCHAELLA-MARENA-150x150.jpg",150,150,true],"medium":["https:\/\/www.uartes.edu.ec\/sitio\/wp-content\/uploads\/2020\/05\/PORTADA-MYCHAELLA-MARENA-300x200.jpg",300,200,true],"medium_large":["https:\/\/www.uartes.edu.ec\/sitio\/wp-content\/uploads\/2020\/05\/PORTADA-MYCHAELLA-MARENA-768x512.jpg",768,512,true],"large":["https:\/\/www.uartes.edu.ec\/sitio\/wp-content\/uploads\/2020\/05\/PORTADA-MYCHAELLA-MARENA-644x429.jpg",644,429,true],"1536x1536":["https:\/\/www.uartes.edu.ec\/sitio\/wp-content\/uploads\/2020\/05\/PORTADA-MYCHAELLA-MARENA.jpg",960,640,false],"2048x2048":["https:\/\/www.uartes.edu.ec\/sitio\/wp-content\/uploads\/2020\/05\/PORTADA-MYCHAELLA-MARENA.jpg",960,640,false],"trp-custom-language-flag":["https:\/\/www.uartes.edu.ec\/sitio\/wp-content\/uploads\/2020\/05\/PORTADA-MYCHAELLA-MARENA.jpg",18,12,false],"htmega_size_585x295":["https:\/\/www.uartes.edu.ec\/sitio\/wp-content\/uploads\/2020\/05\/PORTADA-MYCHAELLA-MARENA.jpg",443,295,false],"htmega_size_1170x536":["https:\/\/www.uartes.edu.ec\/sitio\/wp-content\/uploads\/2020\/05\/PORTADA-MYCHAELLA-MARENA.jpg",804,536,false],"htmega_size_396x360":["https:\/\/www.uartes.edu.ec\/sitio\/wp-content\/uploads\/2020\/05\/PORTADA-MYCHAELLA-MARENA.jpg",396,264,false],"gb-block-post-grid-landscape":["https:\/\/www.uartes.edu.ec\/sitio\/wp-content\/uploads\/2020\/05\/PORTADA-MYCHAELLA-MARENA.jpg",600,400,false],"gb-block-post-grid-square":["https:\/\/www.uartes.edu.ec\/sitio\/wp-content\/uploads\/2020\/05\/PORTADA-MYCHAELLA-MARENA.jpg",600,400,false],"university-hub-thumb":["https:\/\/www.uartes.edu.ec\/sitio\/wp-content\/uploads\/2020\/05\/PORTADA-MYCHAELLA-MARENA-400x267.jpg",400,267,true]},"uagb_author_info":{"display_name":"Universidad de las Artes","author_link":"https:\/\/www.uartes.edu.ec\/sitio\/fr\/blog\/author\/dircomadm\/"},"uagb_comment_info":0,"uagb_excerpt":"13 de abril de 2020. Mychaella Marena Su\u00e1rez Alc\u00edvar, estudiante de la Escuela de Cine, defiende ante los miembros el tribunal de tesis, integrado por Alejandra Bueno de Santiago, su tutora; Agust\u00edn Garc\u00e9s y Abel Arcos, los resultados de la investigaci\u00f3n \u201cLa construcci\u00f3n narrativa de espacios a trav\u00e9s del color en el cine\u201d.","featured_image_src":"https:\/\/www.uartes.edu.ec\/sitio\/wp-content\/uploads\/2020\/05\/PORTADA-MYCHAELLA-MARENA.jpg","featured_image_src_square":"https:\/\/www.uartes.edu.ec\/sitio\/wp-content\/uploads\/2020\/05\/PORTADA-MYCHAELLA-MARENA.jpg","author_info":{"display_name":"Universidad de las Artes","author_link":"https:\/\/www.uartes.edu.ec\/sitio\/fr\/blog\/author\/dircomadm\/"},"publishpress_future_workflow_manual_trigger":{"enabledWorkflows":[]},"distributor_meta":false,"distributor_terms":false,"distributor_media":false,"distributor_original_site_name":"Universidad de las Artes","distributor_original_site_url":"https:\/\/www.uartes.edu.ec\/sitio\/fr","push-errors":false,"_links":{"self":[{"href":"https:\/\/www.uartes.edu.ec\/sitio\/fr\/wp-json\/wp\/v2\/posts\/7080","targetHints":{"allow":["GET"]}}],"collection":[{"href":"https:\/\/www.uartes.edu.ec\/sitio\/fr\/wp-json\/wp\/v2\/posts"}],"about":[{"href":"https:\/\/www.uartes.edu.ec\/sitio\/fr\/wp-json\/wp\/v2\/types\/post"}],"author":[{"embeddable":true,"href":"https:\/\/www.uartes.edu.ec\/sitio\/fr\/wp-json\/wp\/v2\/users\/1"}],"replies":[{"embeddable":true,"href":"https:\/\/www.uartes.edu.ec\/sitio\/fr\/wp-json\/wp\/v2\/comments?post=7080"}],"version-history":[{"count":2,"href":"https:\/\/www.uartes.edu.ec\/sitio\/fr\/wp-json\/wp\/v2\/posts\/7080\/revisions"}],"predecessor-version":[{"id":57618,"href":"https:\/\/www.uartes.edu.ec\/sitio\/fr\/wp-json\/wp\/v2\/posts\/7080\/revisions\/57618"}],"wp:featuredmedia":[{"embeddable":true,"href":"https:\/\/www.uartes.edu.ec\/sitio\/fr\/wp-json\/wp\/v2\/media\/7082"}],"wp:attachment":[{"href":"https:\/\/www.uartes.edu.ec\/sitio\/fr\/wp-json\/wp\/v2\/media?parent=7080"}],"wp:term":[{"taxonomy":"category","embeddable":true,"href":"https:\/\/www.uartes.edu.ec\/sitio\/fr\/wp-json\/wp\/v2\/categories?post=7080"},{"taxonomy":"post_tag","embeddable":true,"href":"https:\/\/www.uartes.edu.ec\/sitio\/fr\/wp-json\/wp\/v2\/tags?post=7080"},{"taxonomy":"infouartes","embeddable":true,"href":"https:\/\/www.uartes.edu.ec\/sitio\/fr\/wp-json\/wp\/v2\/infouartes?post=7080"}],"curies":[{"name":"wp","href":"https:\/\/api.w.org\/{rel}","templated":true}]}}