{"id":70821,"date":"2025-04-23T20:05:00","date_gmt":"2025-04-24T01:05:00","guid":{"rendered":"https:\/\/www.uartes.edu.ec\/sitio\/?p=70821"},"modified":"2025-08-07T11:57:17","modified_gmt":"2025-08-07T16:57:17","slug":"desaprender-para-volver-a-ser-presentacion-de-libro-y-dialogo-con-michael-handelsman","status":"publish","type":"post","link":"https:\/\/www.uartes.edu.ec\/sitio\/fr\/blog\/2025\/04\/23\/desaprender-para-volver-a-ser-presentacion-de-libro-y-dialogo-con-michael-handelsman\/","title":{"rendered":"Michael Handelsman present\u00f3 su libro \u201cDesaprender para volver a ser\u201d y dialog\u00f3 con Ra\u00fal Vallejo y Yuliana Ortiz Ruano"},"content":{"rendered":"<p>\u201cDesaprender para volver a ser\u201d del escritor estadounidense Michael Handelsman marc\u00f3 el inicio de la cuarta edici\u00f3n de Lanfor Abierta, iniciativa con la cual la Biblioteca de las Artes celebra el D\u00eda Mundial del Libro y del Derecho de Autor. Sucedi\u00f3 justamente hoy, mi\u00e9rcoles 23 de abril, fecha establecida por la Unesco para la mencionada conmemoraci\u00f3n.<\/p>\n\n\n\n<p>En su libro, cuya presentaci\u00f3n tuvo lugar en el tercer piso del repositorio de la Universidad de las Artes, Handelsman aborda apuestas decoloniales desde y con voces afro del Ecuador y Colombia, invitando al lector a reflexionar sobre la interculturalidad, la memoria y la reexistencia desde perspectivas cr\u00edticas y \u00e9ticas.<\/p>\n\n\n\n<p>Michael Handelsman, un reconocido acad\u00e9mico de Literatura Hispanoamericana y considerado pionero en los estudios de la literatura afroecuatoriana, mantuvo en la presentaci\u00f3n un di\u00e1logo con los escritores ecuatorianos Ra\u00fal Vallejo y Yuliana Ortiz Ruano. En la UArtes, Vallejo fue director de la Escuela de Literatura, en la cual Ortiz, alumnus, es docente.<\/p>\n\n\n<div class=\"wp-block-image\">\n<figure class=\"aligncenter size-large\"><img fetchpriority=\"high\" decoding=\"async\" width=\"644\" height=\"429\" src=\"https:\/\/www.uartes.edu.ec\/sitio\/wp-content\/uploads\/2025\/04\/02-CONVERSATORIO-MICHAEL-HANDELSMAN-644x429.jpg\" alt=\"\" class=\"wp-image-70823\" srcset=\"https:\/\/www.uartes.edu.ec\/sitio\/wp-content\/uploads\/2025\/04\/02-CONVERSATORIO-MICHAEL-HANDELSMAN-644x429.jpg 644w, https:\/\/www.uartes.edu.ec\/sitio\/wp-content\/uploads\/2025\/04\/02-CONVERSATORIO-MICHAEL-HANDELSMAN-300x200.jpg 300w, https:\/\/www.uartes.edu.ec\/sitio\/wp-content\/uploads\/2025\/04\/02-CONVERSATORIO-MICHAEL-HANDELSMAN-768x512.jpg 768w, https:\/\/www.uartes.edu.ec\/sitio\/wp-content\/uploads\/2025\/04\/02-CONVERSATORIO-MICHAEL-HANDELSMAN-1536x1024.jpg 1536w, https:\/\/www.uartes.edu.ec\/sitio\/wp-content\/uploads\/2025\/04\/02-CONVERSATORIO-MICHAEL-HANDELSMAN-18x12.jpg 18w, https:\/\/www.uartes.edu.ec\/sitio\/wp-content\/uploads\/2025\/04\/02-CONVERSATORIO-MICHAEL-HANDELSMAN-600x400.jpg 600w, https:\/\/www.uartes.edu.ec\/sitio\/wp-content\/uploads\/2025\/04\/02-CONVERSATORIO-MICHAEL-HANDELSMAN-400x267.jpg 400w, https:\/\/www.uartes.edu.ec\/sitio\/wp-content\/uploads\/2025\/04\/02-CONVERSATORIO-MICHAEL-HANDELSMAN.jpg 2000w\" sizes=\"(max-width: 644px) 100vw, 644px\" \/><\/figure>\n<\/div>\n\n\n<p>De la obra, Yuliana Ortiz indic\u00f3 que \u201cDesaprender para volver a ser. Apuestas decoloniales desde y con voces afro del Ecuador y Colombia\u201d emerge como una herramienta cr\u00edtica, fundamental para repensar las estructuras epist\u00e9micas que sostienen la exclusi\u00f3n de saberes y sujetos racializados. El libro propone un giro radical a la forma en la que entendemos la educaci\u00f3n, la historia, la memoria y la representaci\u00f3n, particularmente en contextos marcados por la colonialidad del poder y del saber.<\/p>\n\n\n\n<p>Desde las primeras p\u00e1ginas, Handelsman se posiciona no como un traductor de las voces negras, sino como un c\u00f3mplice activo en la tarea urgente de desaprender. Este acto, m\u00e1s que una consigna perform\u00e1tica, se convierte en el eje metodol\u00f3gico y \u00e9tico del texto. Su propuesta no se queda en la cr\u00edtica abstracta, sino que se arraiga en un di\u00e1logo comprometido con figuras y procesos concretos de resistencia. Referencias como las del maestro Juan Garc\u00eda, el <em>Bambero Mayor<\/em>, que nos dej\u00f3 el legado de cultivar casa adentro, sirve para pensar una descolonialidad que no se impone desde afuera ni desde arriba, sino que se gesta en lo cotidiano, en las pr\u00e1cticas comunitarias, en las genealog\u00edas orales y afectivas.<\/p>\n\n\n\n<p>Handelsman se pregunta por la ausencia constante de lxs otrxs (porque utiliza la x) en los relatos oficiales, en las academias, en las pol\u00edticas p\u00fablicas. Y m\u00e1s all\u00e1 de solo registrar esa ausencia, propone formas activas de contrarrestarla, entendiendo las apuestas interculturales no como metas, sino como procesos siempre inacabados, gestos y actos en los que insistimos d\u00eda a d\u00eda. En ese sentido, su texto se convierte en un espacio para lo que podr\u00eda llamarse una escucha radical. No se trata simplemente de incluir en las voces negras en los s\u00edlabos, tampoco de insistir en educarnos o infantilizarnos, sino de permitir que estas desestabilicen el orden del discurso. Es un ejercicio de desapropiaci\u00f3n del privilegio blanco dentro de la producci\u00f3n de conocimiento, lo cual resulta especialmente significativo viniendo de un autor blanco que ha optado por alentar una posici\u00f3n \u00e9tica de incomodidad y reconfiguraci\u00f3n.<\/p>\n\n\n<div class=\"wp-block-image\">\n<figure class=\"aligncenter size-large is-resized\"><img decoding=\"async\" width=\"644\" height=\"483\" src=\"https:\/\/www.uartes.edu.ec\/sitio\/wp-content\/uploads\/2025\/04\/Handelsman1-644x483.jpg\" alt=\"\" class=\"wp-image-70827\" style=\"width:529px;height:auto\" srcset=\"https:\/\/www.uartes.edu.ec\/sitio\/wp-content\/uploads\/2025\/04\/Handelsman1-644x483.jpg 644w, https:\/\/www.uartes.edu.ec\/sitio\/wp-content\/uploads\/2025\/04\/Handelsman1-300x225.jpg 300w, https:\/\/www.uartes.edu.ec\/sitio\/wp-content\/uploads\/2025\/04\/Handelsman1-768x576.jpg 768w, https:\/\/www.uartes.edu.ec\/sitio\/wp-content\/uploads\/2025\/04\/Handelsman1-1536x1152.jpg 1536w, https:\/\/www.uartes.edu.ec\/sitio\/wp-content\/uploads\/2025\/04\/Handelsman1-16x12.jpg 16w, https:\/\/www.uartes.edu.ec\/sitio\/wp-content\/uploads\/2025\/04\/Handelsman1-400x300.jpg 400w, https:\/\/www.uartes.edu.ec\/sitio\/wp-content\/uploads\/2025\/04\/Handelsman1.jpg 1777w\" sizes=\"(max-width: 644px) 100vw, 644px\" \/><\/figure>\n<\/div>\n\n\n<p>A lo largo de su recorrido por experiencias afrodiasp\u00f3ricas en Ecuador y Colombia, Handelsman insiste en que la descolonialidad no puede convertirse en una moda acad\u00e9mica m\u00e1s. Tiene que doler, descolocar, comprometer. En ese sentido, el libro puede leerse como un llamado a pensar los proyectos educativos, culturales e incluso literarios hacia una \u00f3ptica insurgente, que no tema al descentramiento, a la contradicci\u00f3n, al cuestionamiento radical de lo aprendido, a inventar y tejer una lengua de desobediente.<\/p>\n\n\n\n<p>El autor asume que, si aprendimos a excluir, tambi\u00e9n podemos \u00ad\u2013y me atrevo a decir, debemos\u2013 aprender a vivir desde otros c\u00f3digos, otras sensibilidades, otras memorias, y para eso es indispensable la escucha activa de quienes han sido hist\u00f3ricamente negados. No para representarles, sino para acompa\u00f1arlos en la apertura de espacios donde su palabra sea en s\u00ed misma centro y frontera de un nuevo saber.<\/p>\n\n\n\n<p>Con una escritura honesta, a ratos inc\u00f3moda, siempre cr\u00edtica, Handelsman nos entrega un libro que no se lee sin consecuencias, porque leerlo es tambi\u00e9n confrontar las formas en que hemos sido educados, educadas y educamos para negar y para callar. Leerlo es, en definitiva, un primer paso hacia ese volver a ser del que habla el t\u00edtulo. Un ser despojado del peso colonial que insiste en callar nuestras voces m\u00e1s profundas.<\/p>\n\n\n\n<p>Ra\u00fal Vallejo inici\u00f3 su intervenci\u00f3n se\u00f1alando que \u00abDesaprender para volver a ser\u00bb es un desaf\u00edo no solo intelectual, sino pol\u00edtico. Es una provocaci\u00f3n a la rigidez de la academia, escrito desde un proceso cr\u00edtico y autocr\u00edtico del propio quehacer de la cr\u00edtica literaria. Es un libro que, desde una perspectiva decolonial, explora algunos textos producidos por autoras y autores afro de Ecuador y Colombia.<\/p>\n\n\n<div class=\"wp-block-image\">\n<figure class=\"aligncenter size-large\"><img decoding=\"async\" width=\"644\" height=\"429\" src=\"https:\/\/www.uartes.edu.ec\/sitio\/wp-content\/uploads\/2025\/04\/05-CONVERSATORIO-MICHAEL-HANDELSMAN-644x429.jpg\" alt=\"\" class=\"wp-image-70825\" srcset=\"https:\/\/www.uartes.edu.ec\/sitio\/wp-content\/uploads\/2025\/04\/05-CONVERSATORIO-MICHAEL-HANDELSMAN-644x429.jpg 644w, https:\/\/www.uartes.edu.ec\/sitio\/wp-content\/uploads\/2025\/04\/05-CONVERSATORIO-MICHAEL-HANDELSMAN-300x200.jpg 300w, https:\/\/www.uartes.edu.ec\/sitio\/wp-content\/uploads\/2025\/04\/05-CONVERSATORIO-MICHAEL-HANDELSMAN-768x512.jpg 768w, https:\/\/www.uartes.edu.ec\/sitio\/wp-content\/uploads\/2025\/04\/05-CONVERSATORIO-MICHAEL-HANDELSMAN-1536x1024.jpg 1536w, https:\/\/www.uartes.edu.ec\/sitio\/wp-content\/uploads\/2025\/04\/05-CONVERSATORIO-MICHAEL-HANDELSMAN-18x12.jpg 18w, https:\/\/www.uartes.edu.ec\/sitio\/wp-content\/uploads\/2025\/04\/05-CONVERSATORIO-MICHAEL-HANDELSMAN-600x400.jpg 600w, https:\/\/www.uartes.edu.ec\/sitio\/wp-content\/uploads\/2025\/04\/05-CONVERSATORIO-MICHAEL-HANDELSMAN-400x267.jpg 400w, https:\/\/www.uartes.edu.ec\/sitio\/wp-content\/uploads\/2025\/04\/05-CONVERSATORIO-MICHAEL-HANDELSMAN.jpg 2000w\" sizes=\"(max-width: 644px) 100vw, 644px\" \/><\/figure>\n<\/div>\n\n\n<p>\u201cHandelsman hace una pregunta esencial y tambi\u00e9n provocadora: qu\u00e9 significa pensar afro sin ser afro. La sencillez que asume el cr\u00edtico se concentra en su enunciado. Lo m\u00edo, dice, ha de entenderse como un muy modesto intento por dejarme atravesar por las resonancias de las m\u00faltiples voces afro, siempre protagonista de historias que han sido silenciadas y hasta borradas, pero nunca apagadas o ausentes de la memoria colectiva a lo largo y ancho de la di\u00e1spora afroamericana\u201d.<\/p>\n\n\n\n<p>Vallejo analiz\u00f3 cada uno de los cap\u00edtulos que componen la obra de Handelsman. Literatura e interculturalidad, una propuesta para posibles lecturas otras, plantea que vivimos un analfabetismo intercultural y que es necesario un reaprendizaje para leernos con gram\u00e1ticas otras. En el cap\u00edtulo dos, desarrolla un doloroso di\u00e1logo entre el pensamiento de Juan Monta\u00f1o en su art\u00edculo \u201cLas vidas negras importan\u201d y los ocho minutos 46 segundos que dur\u00f3 el asesinato de George Floyd Jr. y su ag\u00f3nico no puedo respirar, aquel 25 de mayo de 2020, perpetrado por el polic\u00eda blanco Derek Chauvin, en medio en el encierro en que se hallaba el mundo por la pandemia del COVID-19.<\/p>\n\n\n\n<p>Del tercer cap\u00edtulo de la obra de Handelsman, Vallejo mencion\u00f3 la lectura de algunas poetas afrocolombianas, la cual parte de la pregunta de una activista, Sojourner Truth, en un improvisado discurso en la Convenci\u00f3n de los Derechos de la Mujer en Ohio, en 1851: \u201cNo soy una mujer?\u201d (o \u201c\u00bfAcaso no soy una mujer?\u201d). Handelsman dialoga con Betty Ruth Lozano Lerma que al criticar el proceso de deshumanizaci\u00f3n de las mujeres negras se\u00f1ala que no tienen g\u00e9nero, tienen raza y las mujeres blancas no tienen raza, tienen g\u00e9nero.<\/p>\n\n\n<div class=\"wp-block-image\">\n<figure class=\"aligncenter size-large\"><img loading=\"lazy\" decoding=\"async\" width=\"644\" height=\"429\" src=\"https:\/\/www.uartes.edu.ec\/sitio\/wp-content\/uploads\/2025\/04\/04-CONVERSATORIO-MICHAEL-HANDELSMAN-644x429.jpg\" alt=\"\" class=\"wp-image-70824\" srcset=\"https:\/\/www.uartes.edu.ec\/sitio\/wp-content\/uploads\/2025\/04\/04-CONVERSATORIO-MICHAEL-HANDELSMAN-644x429.jpg 644w, https:\/\/www.uartes.edu.ec\/sitio\/wp-content\/uploads\/2025\/04\/04-CONVERSATORIO-MICHAEL-HANDELSMAN-300x200.jpg 300w, https:\/\/www.uartes.edu.ec\/sitio\/wp-content\/uploads\/2025\/04\/04-CONVERSATORIO-MICHAEL-HANDELSMAN-768x512.jpg 768w, https:\/\/www.uartes.edu.ec\/sitio\/wp-content\/uploads\/2025\/04\/04-CONVERSATORIO-MICHAEL-HANDELSMAN-1536x1024.jpg 1536w, https:\/\/www.uartes.edu.ec\/sitio\/wp-content\/uploads\/2025\/04\/04-CONVERSATORIO-MICHAEL-HANDELSMAN-18x12.jpg 18w, https:\/\/www.uartes.edu.ec\/sitio\/wp-content\/uploads\/2025\/04\/04-CONVERSATORIO-MICHAEL-HANDELSMAN-600x400.jpg 600w, https:\/\/www.uartes.edu.ec\/sitio\/wp-content\/uploads\/2025\/04\/04-CONVERSATORIO-MICHAEL-HANDELSMAN-400x267.jpg 400w, https:\/\/www.uartes.edu.ec\/sitio\/wp-content\/uploads\/2025\/04\/04-CONVERSATORIO-MICHAEL-HANDELSMAN.jpg 2000w\" sizes=\"(max-width: 644px) 100vw, 644px\" \/><\/figure>\n<\/div>\n\n\n<p>En cap\u00edtulo final de \u201cDesaprender para volver a ser\u201d est\u00e1 dedicado a la obra de Yuliana Ortiz, quien naci\u00f3 en Limones, provincia de Esmeraldas en 1992; hace un recorrido por sus poemarios de \u201cSOVOZ\u201d, 2016; \u201cCanciones desde el fin del mundo\u201d, 2020; y \u201cCuadernos de posible retorno a Pangea\u201d, 2021; y la novela \u201cFiebre de carnaval\u201d, 2022.<\/p>\n\n\n\n<p>\u201cAcompa\u00f1a el camino de la palabra de la escritura con la lectura de la obra de Yuliana Ortiz con un complejo entretejido de historias y experiencias en permanente reconstrucci\u00f3n de la memoria ancestral, la misma que entiende como un sitio de lucha\u201d, expres\u00f3 Vallejo.<\/p>\n\n\n\n<p>El escritor ecuatoriano concluy\u00f3 su presentaci\u00f3n sobre la obra de Michael Handelsman indicando que es un trabajo cr\u00edtico desarrollado con la lucidez de quien asume el desaf\u00edo de lecturas otras para, desde el poder del lenguaje, enfrentar al lenguaje del poder y acompa\u00f1arlas las obras de varios poetas, mujeres negras colombianas, del intelectual Juan Monta\u00f1o y de la escritora Yuliana Ortiz. En este libro el aparato cr\u00edtico de la academia es puesto en tensi\u00f3n, desde un proceso de desaprendizaje por parte del acad\u00e9mico para no hablar sobre, sino con las voces afro que nos permiten asumir nuestra propia afrobetizaci\u00f3n como un lugar de lucha por libertad, a plenitud de nuestra colectiva reexistencia y volver a ser.<\/p>\n\n\n\n<p>Tras agradecer a Ortiz, Vallejo y al p\u00fablico, Michael Handelsman confes\u00f3 que no sab\u00eda qu\u00e9 decir tras los comentarios tan generoso. \u201cPara m\u00ed, el libro es sobre m\u00ed mismo, mi propia aspiraci\u00f3n a desaprender para volver a ser. Hace a\u00f1os un soci\u00f3logo peruano dec\u00eda que ya es hora de dejar de ser lo que no somos. Eso, combinado con las ense\u00f1anzas del abuelo Zen\u00f3n y de Juan Garc\u00eda me invitaron a repensarme a m\u00ed mismo\u201d.<\/p>\n\n\n<div class=\"wp-block-image\">\n<figure class=\"aligncenter size-large is-resized\"><img loading=\"lazy\" decoding=\"async\" width=\"644\" height=\"483\" src=\"https:\/\/www.uartes.edu.ec\/sitio\/wp-content\/uploads\/2025\/04\/Handelsman-644x483.jpg\" alt=\"\" class=\"wp-image-70826\" style=\"width:652px;height:auto\" srcset=\"https:\/\/www.uartes.edu.ec\/sitio\/wp-content\/uploads\/2025\/04\/Handelsman-644x483.jpg 644w, https:\/\/www.uartes.edu.ec\/sitio\/wp-content\/uploads\/2025\/04\/Handelsman-300x225.jpg 300w, https:\/\/www.uartes.edu.ec\/sitio\/wp-content\/uploads\/2025\/04\/Handelsman-768x576.jpg 768w, https:\/\/www.uartes.edu.ec\/sitio\/wp-content\/uploads\/2025\/04\/Handelsman-1536x1152.jpg 1536w, https:\/\/www.uartes.edu.ec\/sitio\/wp-content\/uploads\/2025\/04\/Handelsman-16x12.jpg 16w, https:\/\/www.uartes.edu.ec\/sitio\/wp-content\/uploads\/2025\/04\/Handelsman-400x300.jpg 400w, https:\/\/www.uartes.edu.ec\/sitio\/wp-content\/uploads\/2025\/04\/Handelsman.jpg 1777w\" sizes=\"(max-width: 644px) 100vw, 644px\" \/><\/figure>\n<\/div>\n\n\n<p>A trav\u00e9s de todas sus lecturas que ha tratado de comentar y ponderar en su libro, de una manera u otra es un cuestionamiento y una autocr\u00edtica de su propia imaginaci\u00f3n, que es la imaginaci\u00f3n de todos los blancos y blancos mestizos. El libro tambi\u00e9n gira o es impulsado por una pregunta que se hizo: qu\u00e9 significa pensar afro sin ser afro, la cual en su exposici\u00f3n la dio el car\u00e1cter de condicional: qu\u00e9 significar\u00eda. \u201cEs muy importante porque hablar en presente y dar\u00eda la impresi\u00f3n de que de alguna forma u otra he logrado pensar afro y no es as\u00ed\u201d.<\/p>\n\n\n\n<p>La pregunta que se plante\u00f3, dijo Handelsman lo llev\u00f3 a un siguiente cuestionamiento: qu\u00e9 significar\u00eda ser blanco pensando desde\/con lo afro \u201cy b\u00e1sicamente este libro es un modesto testimonio de mi esfuerzo por responderme a ese pregunto, qu\u00e9 significa ser blanco pensando desde\/con lo afro. Lo que he tratado de rescatar de mis propios vac\u00edos internos de lo que yo hab\u00eda aprendido a trav\u00e9s de mi vida es lo que Juan Monta\u00f1o llama la biblioteca de los mayores.<\/p>\n\n\n\n<p>\u201cUno de sus textos dice que los poderes coloniales no han logrado borrar, eliminar, silenciar la biblioteca de los mayores y ah\u00ed la recuperaci\u00f3n de esas voces perdidas y silenciadas, y es una imagen para m\u00ed muy importante porque combina esa imagen del poema \u2018Carbono 14\u2019 de Antonio Preciado. Tiene en sus manos una calavera de un ancestro y \u00e9l se da cuenta que ese ancestro est\u00e1 hablando, pero no se escucha la voz y \u00e9l, como poeta, asume la responsabilidad de dar voz a esas palabras y en cierta forma, m\u00e1s adelante, en uno de los poemas de Yuliana, ella hace referencia al coro un\u00edsono. Todas esas voces de los mayores, de los ancestros, que est\u00e1n cantando juntos a trav\u00e9s de los tiempos y las generaciones\u201d.<\/p>\n\n\n\n<p>Lo que ha tratado de hacer, refiri\u00f3, es escuchar esas voces a trav\u00e9s del libro, \u201cpero lo curioso es que las voces que he escuchado en las obras de Juan Monta\u00f1o, Juan Garc\u00eda, Yuliana (Ortiz) y Antonio Preciado, me llevaron a otras voces, las voces de mi propio pa\u00eds\u201d. Handelsman mencion\u00f3 a varios personajes y al llegar a lo sucedido con George Floyd Jr. y el grito \u201cno puedo respirar m\u00e1s\u201d lo podemos escuchar a trav\u00e9s de toda la di\u00e1spora, desde la llegada de los primeros esclavizados a las Am\u00e9ricas.<\/p>\n\n\n<div class=\"wp-block-image\">\n<figure class=\"aligncenter size-large is-resized\"><img loading=\"lazy\" decoding=\"async\" width=\"644\" height=\"429\" src=\"https:\/\/www.uartes.edu.ec\/sitio\/wp-content\/uploads\/2025\/04\/01-CONVERSATORIO-MICHAEL-HANDELSMAN-644x429.jpg\" alt=\"\" class=\"wp-image-70828\" style=\"width:644px;height:auto\" srcset=\"https:\/\/www.uartes.edu.ec\/sitio\/wp-content\/uploads\/2025\/04\/01-CONVERSATORIO-MICHAEL-HANDELSMAN-644x429.jpg 644w, https:\/\/www.uartes.edu.ec\/sitio\/wp-content\/uploads\/2025\/04\/01-CONVERSATORIO-MICHAEL-HANDELSMAN-300x200.jpg 300w, https:\/\/www.uartes.edu.ec\/sitio\/wp-content\/uploads\/2025\/04\/01-CONVERSATORIO-MICHAEL-HANDELSMAN-768x512.jpg 768w, https:\/\/www.uartes.edu.ec\/sitio\/wp-content\/uploads\/2025\/04\/01-CONVERSATORIO-MICHAEL-HANDELSMAN-1536x1024.jpg 1536w, https:\/\/www.uartes.edu.ec\/sitio\/wp-content\/uploads\/2025\/04\/01-CONVERSATORIO-MICHAEL-HANDELSMAN-18x12.jpg 18w, https:\/\/www.uartes.edu.ec\/sitio\/wp-content\/uploads\/2025\/04\/01-CONVERSATORIO-MICHAEL-HANDELSMAN-600x400.jpg 600w, https:\/\/www.uartes.edu.ec\/sitio\/wp-content\/uploads\/2025\/04\/01-CONVERSATORIO-MICHAEL-HANDELSMAN-400x267.jpg 400w, https:\/\/www.uartes.edu.ec\/sitio\/wp-content\/uploads\/2025\/04\/01-CONVERSATORIO-MICHAEL-HANDELSMAN.jpg 2000w\" sizes=\"(max-width: 644px) 100vw, 644px\" \/><\/figure>\n<\/div>\n\n\n<p>Durante la presentaci\u00f3n del libro, adem\u00e1s del di\u00e1logo entre los escritores, el p\u00fablico intercambi\u00f3 opiniones con ellos e hizo preguntas. Tambi\u00e9n hubo la oportunidad de adquirir un ejemplar de la obra.<\/p>","protected":false},"excerpt":{"rendered":"<p>Como un desaf\u00edo no solo intelectual, sino pol\u00edtico y una provocaci\u00f3n a la rigidez de la academia, escrito desde un proceso cr\u00edtico y autocr\u00edtico, se\u00f1al\u00f3 el escritor Ra\u00fal Vallejo al libro \u201cDesaprender para volver a ser\u201d de Michael Handelsman (USA), el cual se present\u00f3 hoy en el inicio de Lanfor Abierta, propuesta de la Biblioteca de las Artes. Hubo con ellos y la escritora Yuliana Ortiz un enriquecedor di\u00e1logo. <\/p>","protected":false},"author":10,"featured_media":70822,"comment_status":"open","ping_status":"open","sticky":false,"template":"","format":"standard","meta":{"_acf_changed":false,"_uag_custom_page_level_css":"","_monsterinsights_skip_tracking":false,"_monsterinsights_sitenote_active":false,"_monsterinsights_sitenote_note":"","_monsterinsights_sitenote_category":0,"cybocfi_hide_featured_image":"","footnotes":""},"categories":[80,438,490,75,76,77,83],"tags":[41],"infouartes":[],"class_list":["post-70821","post","type-post","status-publish","format-standard","has-post-thumbnail","hentry","category-academico","category-administrativos","category-alumni","category-docentes","category-estudiantes","category-gestion","category-sedes","tag-biblioteca"],"acf":[],"yoast_head":"<!-- This site is optimized with the Yoast SEO plugin v27.4 - https:\/\/yoast.com\/product\/yoast-seo-wordpress\/ -->\n<title>Universidad de las Artes - Michael Handelsman present\u00f3 su libro \u201cDesaprender para volver a ser\u201d y dialog\u00f3 con Ra\u00fal Vallejo y Yuliana Ortiz Ruano<\/title>\n<meta name=\"description\" content=\"Universidad de las Artes - Michael Handelsman present\u00f3 su libro \u201cDesaprender para volver a ser\u201d y dialog\u00f3 con Ra\u00fal Vallejo y Yuliana Ortiz Ruano\" \/>\n<meta name=\"robots\" content=\"index, follow, max-snippet:-1, max-image-preview:large, max-video-preview:-1\" \/>\n<link rel=\"canonical\" href=\"https:\/\/www.uartes.edu.ec\/sitio\/fr\/blog\/2025\/04\/23\/desaprender-para-volver-a-ser-presentacion-de-libro-y-dialogo-con-michael-handelsman\/\" \/>\n<meta property=\"og:locale\" content=\"fr_FR\" \/>\n<meta property=\"og:type\" content=\"article\" \/>\n<meta property=\"og:title\" content=\"Universidad de las Artes - Michael Handelsman present\u00f3 su libro \u201cDesaprender para volver a ser\u201d y dialog\u00f3 con Ra\u00fal Vallejo y Yuliana Ortiz Ruano\" \/>\n<meta property=\"og:description\" content=\"Universidad de las Artes - Michael Handelsman present\u00f3 su libro \u201cDesaprender para volver a ser\u201d y dialog\u00f3 con Ra\u00fal Vallejo y Yuliana Ortiz Ruano\" \/>\n<meta property=\"og:url\" content=\"https:\/\/www.uartes.edu.ec\/sitio\/fr\/blog\/2025\/04\/23\/desaprender-para-volver-a-ser-presentacion-de-libro-y-dialogo-con-michael-handelsman\/\" \/>\n<meta property=\"og:site_name\" content=\"Universidad de las Artes\" \/>\n<meta property=\"article:publisher\" content=\"https:\/\/www.facebook.com\/uartesec\" \/>\n<meta property=\"article:published_time\" content=\"2025-04-24T01:05:00+00:00\" \/>\n<meta property=\"article:modified_time\" content=\"2025-08-07T16:57:17+00:00\" \/>\n<meta property=\"og:image\" content=\"https:\/\/www.uartes.edu.ec\/sitio\/wp-content\/uploads\/2025\/04\/03-CONVERSATORIO-MICHAEL-HANDELSMAN.jpg\" \/>\n\t<meta property=\"og:image:width\" content=\"2000\" \/>\n\t<meta property=\"og:image:height\" content=\"1333\" \/>\n\t<meta property=\"og:image:type\" content=\"image\/jpeg\" \/>\n<meta name=\"author\" content=\"ccortez\" \/>\n<meta name=\"twitter:card\" content=\"summary_large_image\" \/>\n<meta name=\"twitter:creator\" content=\"@uartesec\" \/>\n<meta name=\"twitter:site\" content=\"@uartesec\" \/>\n<meta name=\"twitter:label1\" content=\"\u00c9crit par\" \/>\n\t<meta name=\"twitter:data1\" content=\"ccortez\" \/>\n\t<meta name=\"twitter:label2\" content=\"Dur\u00e9e de lecture estim\u00e9e\" \/>\n\t<meta name=\"twitter:data2\" content=\"9 minutes\" \/>\n<script type=\"application\/ld+json\" class=\"yoast-schema-graph\">{\"@context\":\"https:\\\/\\\/schema.org\",\"@graph\":[{\"@type\":\"Article\",\"@id\":\"https:\\\/\\\/www.uartes.edu.ec\\\/sitio\\\/fr\\\/blog\\\/2025\\\/04\\\/23\\\/desaprender-para-volver-a-ser-presentacion-de-libro-y-dialogo-con-michael-handelsman\\\/#article\",\"isPartOf\":{\"@id\":\"https:\\\/\\\/www.uartes.edu.ec\\\/sitio\\\/fr\\\/blog\\\/2025\\\/04\\\/23\\\/desaprender-para-volver-a-ser-presentacion-de-libro-y-dialogo-con-michael-handelsman\\\/\"},\"author\":{\"name\":\"ccortez\",\"@id\":\"https:\\\/\\\/www.uartes.edu.ec\\\/sitio\\\/fr\\\/#\\\/schema\\\/person\\\/efa1b8275797664fd7f13a79ccc0b1f4\"},\"headline\":\"Michael Handelsman present\u00f3 su libro \u201cDesaprender para volver a ser\u201d y dialog\u00f3 con Ra\u00fal Vallejo y Yuliana Ortiz Ruano\",\"datePublished\":\"2025-04-24T01:05:00+00:00\",\"dateModified\":\"2025-08-07T16:57:17+00:00\",\"mainEntityOfPage\":{\"@id\":\"https:\\\/\\\/www.uartes.edu.ec\\\/sitio\\\/fr\\\/blog\\\/2025\\\/04\\\/23\\\/desaprender-para-volver-a-ser-presentacion-de-libro-y-dialogo-con-michael-handelsman\\\/\"},\"wordCount\":1909,\"commentCount\":0,\"publisher\":{\"@id\":\"https:\\\/\\\/www.uartes.edu.ec\\\/sitio\\\/fr\\\/#organization\"},\"image\":{\"@id\":\"https:\\\/\\\/www.uartes.edu.ec\\\/sitio\\\/fr\\\/blog\\\/2025\\\/04\\\/23\\\/desaprender-para-volver-a-ser-presentacion-de-libro-y-dialogo-con-michael-handelsman\\\/#primaryimage\"},\"thumbnailUrl\":\"https:\\\/\\\/www.uartes.edu.ec\\\/sitio\\\/wp-content\\\/uploads\\\/2025\\\/04\\\/03-CONVERSATORIO-MICHAEL-HANDELSMAN.jpg\",\"keywords\":[\"biblioteca\"],\"articleSection\":[\"Acad\u00e9mico\",\"Administrativos\",\"Alumni\",\"Docentes\",\"Estudiantes\",\"Gesti\u00f3n\",\"Sedes\"],\"inLanguage\":\"fr-FR\",\"potentialAction\":[{\"@type\":\"CommentAction\",\"name\":\"Comment\",\"target\":[\"https:\\\/\\\/www.uartes.edu.ec\\\/sitio\\\/fr\\\/blog\\\/2025\\\/04\\\/23\\\/desaprender-para-volver-a-ser-presentacion-de-libro-y-dialogo-con-michael-handelsman\\\/#respond\"]}]},{\"@type\":[\"WebPage\",\"ItemPage\"],\"@id\":\"https:\\\/\\\/www.uartes.edu.ec\\\/sitio\\\/fr\\\/blog\\\/2025\\\/04\\\/23\\\/desaprender-para-volver-a-ser-presentacion-de-libro-y-dialogo-con-michael-handelsman\\\/\",\"url\":\"https:\\\/\\\/www.uartes.edu.ec\\\/sitio\\\/fr\\\/blog\\\/2025\\\/04\\\/23\\\/desaprender-para-volver-a-ser-presentacion-de-libro-y-dialogo-con-michael-handelsman\\\/\",\"name\":\"Universidad de las Artes - Michael Handelsman present\u00f3 su libro \u201cDesaprender para volver a ser\u201d y dialog\u00f3 con Ra\u00fal Vallejo y Yuliana Ortiz Ruano\",\"isPartOf\":{\"@id\":\"https:\\\/\\\/www.uartes.edu.ec\\\/sitio\\\/fr\\\/#website\"},\"primaryImageOfPage\":{\"@id\":\"https:\\\/\\\/www.uartes.edu.ec\\\/sitio\\\/fr\\\/blog\\\/2025\\\/04\\\/23\\\/desaprender-para-volver-a-ser-presentacion-de-libro-y-dialogo-con-michael-handelsman\\\/#primaryimage\"},\"image\":{\"@id\":\"https:\\\/\\\/www.uartes.edu.ec\\\/sitio\\\/fr\\\/blog\\\/2025\\\/04\\\/23\\\/desaprender-para-volver-a-ser-presentacion-de-libro-y-dialogo-con-michael-handelsman\\\/#primaryimage\"},\"thumbnailUrl\":\"https:\\\/\\\/www.uartes.edu.ec\\\/sitio\\\/wp-content\\\/uploads\\\/2025\\\/04\\\/03-CONVERSATORIO-MICHAEL-HANDELSMAN.jpg\",\"datePublished\":\"2025-04-24T01:05:00+00:00\",\"dateModified\":\"2025-08-07T16:57:17+00:00\",\"description\":\"Universidad de las Artes - Michael Handelsman present\u00f3 su libro \u201cDesaprender para volver a ser\u201d y dialog\u00f3 con Ra\u00fal Vallejo y Yuliana Ortiz Ruano\",\"breadcrumb\":{\"@id\":\"https:\\\/\\\/www.uartes.edu.ec\\\/sitio\\\/fr\\\/blog\\\/2025\\\/04\\\/23\\\/desaprender-para-volver-a-ser-presentacion-de-libro-y-dialogo-con-michael-handelsman\\\/#breadcrumb\"},\"inLanguage\":\"fr-FR\",\"potentialAction\":[{\"@type\":\"ReadAction\",\"target\":[\"https:\\\/\\\/www.uartes.edu.ec\\\/sitio\\\/fr\\\/blog\\\/2025\\\/04\\\/23\\\/desaprender-para-volver-a-ser-presentacion-de-libro-y-dialogo-con-michael-handelsman\\\/\"]}]},{\"@type\":\"ImageObject\",\"inLanguage\":\"fr-FR\",\"@id\":\"https:\\\/\\\/www.uartes.edu.ec\\\/sitio\\\/fr\\\/blog\\\/2025\\\/04\\\/23\\\/desaprender-para-volver-a-ser-presentacion-de-libro-y-dialogo-con-michael-handelsman\\\/#primaryimage\",\"url\":\"https:\\\/\\\/www.uartes.edu.ec\\\/sitio\\\/wp-content\\\/uploads\\\/2025\\\/04\\\/03-CONVERSATORIO-MICHAEL-HANDELSMAN.jpg\",\"contentUrl\":\"https:\\\/\\\/www.uartes.edu.ec\\\/sitio\\\/wp-content\\\/uploads\\\/2025\\\/04\\\/03-CONVERSATORIO-MICHAEL-HANDELSMAN.jpg\",\"width\":2000,\"height\":1333},{\"@type\":\"BreadcrumbList\",\"@id\":\"https:\\\/\\\/www.uartes.edu.ec\\\/sitio\\\/fr\\\/blog\\\/2025\\\/04\\\/23\\\/desaprender-para-volver-a-ser-presentacion-de-libro-y-dialogo-con-michael-handelsman\\\/#breadcrumb\",\"itemListElement\":[{\"@type\":\"ListItem\",\"position\":1,\"name\":\"Inicio\",\"item\":\"https:\\\/\\\/www.uartes.edu.ec\\\/sitio\\\/\"},{\"@type\":\"ListItem\",\"position\":2,\"name\":\"Michael Handelsman present\u00f3 su libro \u201cDesaprender para volver a ser\u201d y dialog\u00f3 con Ra\u00fal Vallejo y Yuliana Ortiz Ruano\"}]},{\"@type\":\"WebSite\",\"@id\":\"https:\\\/\\\/www.uartes.edu.ec\\\/sitio\\\/fr\\\/#website\",\"url\":\"https:\\\/\\\/www.uartes.edu.ec\\\/sitio\\\/fr\\\/\",\"name\":\"Universidad de las Artes\",\"description\":\"Sitio oficial de la Universidad Nacional de las Artes del Ecuador\",\"publisher\":{\"@id\":\"https:\\\/\\\/www.uartes.edu.ec\\\/sitio\\\/fr\\\/#organization\"},\"potentialAction\":[{\"@type\":\"SearchAction\",\"target\":{\"@type\":\"EntryPoint\",\"urlTemplate\":\"https:\\\/\\\/www.uartes.edu.ec\\\/sitio\\\/fr\\\/?s={search_term_string}\"},\"query-input\":{\"@type\":\"PropertyValueSpecification\",\"valueRequired\":true,\"valueName\":\"search_term_string\"}}],\"inLanguage\":\"fr-FR\"},{\"@type\":\"Organization\",\"@id\":\"https:\\\/\\\/www.uartes.edu.ec\\\/sitio\\\/fr\\\/#organization\",\"name\":\"Universidad de las Artes\",\"url\":\"https:\\\/\\\/www.uartes.edu.ec\\\/sitio\\\/fr\\\/\",\"logo\":{\"@type\":\"ImageObject\",\"inLanguage\":\"fr-FR\",\"@id\":\"https:\\\/\\\/www.uartes.edu.ec\\\/sitio\\\/fr\\\/#\\\/schema\\\/logo\\\/image\\\/\",\"url\":\"https:\\\/\\\/www.uartes.edu.ec\\\/sitio\\\/wp-content\\\/uploads\\\/2022\\\/07\\\/logo-ua-horizontal.png\",\"contentUrl\":\"https:\\\/\\\/www.uartes.edu.ec\\\/sitio\\\/wp-content\\\/uploads\\\/2022\\\/07\\\/logo-ua-horizontal.png\",\"width\":800,\"height\":276,\"caption\":\"Universidad de las Artes\"},\"image\":{\"@id\":\"https:\\\/\\\/www.uartes.edu.ec\\\/sitio\\\/fr\\\/#\\\/schema\\\/logo\\\/image\\\/\"},\"sameAs\":[\"https:\\\/\\\/www.facebook.com\\\/uartesec\",\"https:\\\/\\\/x.com\\\/uartesec\",\"https:\\\/\\\/www.tiktok.com\\\/@uartesec\"]},{\"@type\":\"Person\",\"@id\":\"https:\\\/\\\/www.uartes.edu.ec\\\/sitio\\\/fr\\\/#\\\/schema\\\/person\\\/efa1b8275797664fd7f13a79ccc0b1f4\",\"name\":\"ccortez\",\"image\":{\"@type\":\"ImageObject\",\"inLanguage\":\"fr-FR\",\"@id\":\"https:\\\/\\\/secure.gravatar.com\\\/avatar\\\/b2a6f664a3ae8e074346ef91775736c5ec479e637ecced6842de9dc98b5da9cd?s=96&d=mm&r=g\",\"url\":\"https:\\\/\\\/secure.gravatar.com\\\/avatar\\\/b2a6f664a3ae8e074346ef91775736c5ec479e637ecced6842de9dc98b5da9cd?s=96&d=mm&r=g\",\"contentUrl\":\"https:\\\/\\\/secure.gravatar.com\\\/avatar\\\/b2a6f664a3ae8e074346ef91775736c5ec479e637ecced6842de9dc98b5da9cd?s=96&d=mm&r=g\",\"caption\":\"ccortez\"},\"url\":\"https:\\\/\\\/www.uartes.edu.ec\\\/sitio\\\/fr\\\/blog\\\/author\\\/ccortez\\\/\"}]}<\/script>\n<!-- \/ Yoast SEO plugin. -->","yoast_head_json":{"title":"Universidad de las Artes - Michael Handelsman present\u00f3 su libro \u201cDesaprender para volver a ser\u201d y dialog\u00f3 con Ra\u00fal Vallejo y Yuliana Ortiz Ruano","description":"Universidad de las Artes - Michael Handelsman present\u00f3 su libro \u201cDesaprender para volver a ser\u201d y dialog\u00f3 con Ra\u00fal Vallejo y Yuliana Ortiz Ruano","robots":{"index":"index","follow":"follow","max-snippet":"max-snippet:-1","max-image-preview":"max-image-preview:large","max-video-preview":"max-video-preview:-1"},"canonical":"https:\/\/www.uartes.edu.ec\/sitio\/fr\/blog\/2025\/04\/23\/desaprender-para-volver-a-ser-presentacion-de-libro-y-dialogo-con-michael-handelsman\/","og_locale":"fr_FR","og_type":"article","og_title":"Universidad de las Artes - Michael Handelsman present\u00f3 su libro \u201cDesaprender para volver a ser\u201d y dialog\u00f3 con Ra\u00fal Vallejo y Yuliana Ortiz Ruano","og_description":"Universidad de las Artes - Michael Handelsman present\u00f3 su libro \u201cDesaprender para volver a ser\u201d y dialog\u00f3 con Ra\u00fal Vallejo y Yuliana Ortiz Ruano","og_url":"https:\/\/www.uartes.edu.ec\/sitio\/fr\/blog\/2025\/04\/23\/desaprender-para-volver-a-ser-presentacion-de-libro-y-dialogo-con-michael-handelsman\/","og_site_name":"Universidad de las Artes","article_publisher":"https:\/\/www.facebook.com\/uartesec","article_published_time":"2025-04-24T01:05:00+00:00","article_modified_time":"2025-08-07T16:57:17+00:00","og_image":[{"width":2000,"height":1333,"url":"https:\/\/www.uartes.edu.ec\/sitio\/wp-content\/uploads\/2025\/04\/03-CONVERSATORIO-MICHAEL-HANDELSMAN.jpg","type":"image\/jpeg"}],"author":"ccortez","twitter_card":"summary_large_image","twitter_creator":"@uartesec","twitter_site":"@uartesec","twitter_misc":{"\u00c9crit par":"ccortez","Dur\u00e9e de lecture estim\u00e9e":"9 minutes"},"schema":{"@context":"https:\/\/schema.org","@graph":[{"@type":"Article","@id":"https:\/\/www.uartes.edu.ec\/sitio\/fr\/blog\/2025\/04\/23\/desaprender-para-volver-a-ser-presentacion-de-libro-y-dialogo-con-michael-handelsman\/#article","isPartOf":{"@id":"https:\/\/www.uartes.edu.ec\/sitio\/fr\/blog\/2025\/04\/23\/desaprender-para-volver-a-ser-presentacion-de-libro-y-dialogo-con-michael-handelsman\/"},"author":{"name":"ccortez","@id":"https:\/\/www.uartes.edu.ec\/sitio\/fr\/#\/schema\/person\/efa1b8275797664fd7f13a79ccc0b1f4"},"headline":"Michael Handelsman present\u00f3 su libro \u201cDesaprender para volver a ser\u201d y dialog\u00f3 con Ra\u00fal Vallejo y Yuliana Ortiz Ruano","datePublished":"2025-04-24T01:05:00+00:00","dateModified":"2025-08-07T16:57:17+00:00","mainEntityOfPage":{"@id":"https:\/\/www.uartes.edu.ec\/sitio\/fr\/blog\/2025\/04\/23\/desaprender-para-volver-a-ser-presentacion-de-libro-y-dialogo-con-michael-handelsman\/"},"wordCount":1909,"commentCount":0,"publisher":{"@id":"https:\/\/www.uartes.edu.ec\/sitio\/fr\/#organization"},"image":{"@id":"https:\/\/www.uartes.edu.ec\/sitio\/fr\/blog\/2025\/04\/23\/desaprender-para-volver-a-ser-presentacion-de-libro-y-dialogo-con-michael-handelsman\/#primaryimage"},"thumbnailUrl":"https:\/\/www.uartes.edu.ec\/sitio\/wp-content\/uploads\/2025\/04\/03-CONVERSATORIO-MICHAEL-HANDELSMAN.jpg","keywords":["biblioteca"],"articleSection":["Acad\u00e9mico","Administrativos","Alumni","Docentes","Estudiantes","Gesti\u00f3n","Sedes"],"inLanguage":"fr-FR","potentialAction":[{"@type":"CommentAction","name":"Comment","target":["https:\/\/www.uartes.edu.ec\/sitio\/fr\/blog\/2025\/04\/23\/desaprender-para-volver-a-ser-presentacion-de-libro-y-dialogo-con-michael-handelsman\/#respond"]}]},{"@type":["WebPage","ItemPage"],"@id":"https:\/\/www.uartes.edu.ec\/sitio\/fr\/blog\/2025\/04\/23\/desaprender-para-volver-a-ser-presentacion-de-libro-y-dialogo-con-michael-handelsman\/","url":"https:\/\/www.uartes.edu.ec\/sitio\/fr\/blog\/2025\/04\/23\/desaprender-para-volver-a-ser-presentacion-de-libro-y-dialogo-con-michael-handelsman\/","name":"Universidad de las Artes - Michael Handelsman present\u00f3 su libro \u201cDesaprender para volver a ser\u201d y dialog\u00f3 con Ra\u00fal Vallejo y Yuliana Ortiz Ruano","isPartOf":{"@id":"https:\/\/www.uartes.edu.ec\/sitio\/fr\/#website"},"primaryImageOfPage":{"@id":"https:\/\/www.uartes.edu.ec\/sitio\/fr\/blog\/2025\/04\/23\/desaprender-para-volver-a-ser-presentacion-de-libro-y-dialogo-con-michael-handelsman\/#primaryimage"},"image":{"@id":"https:\/\/www.uartes.edu.ec\/sitio\/fr\/blog\/2025\/04\/23\/desaprender-para-volver-a-ser-presentacion-de-libro-y-dialogo-con-michael-handelsman\/#primaryimage"},"thumbnailUrl":"https:\/\/www.uartes.edu.ec\/sitio\/wp-content\/uploads\/2025\/04\/03-CONVERSATORIO-MICHAEL-HANDELSMAN.jpg","datePublished":"2025-04-24T01:05:00+00:00","dateModified":"2025-08-07T16:57:17+00:00","description":"Universidad de las Artes - Michael Handelsman present\u00f3 su libro \u201cDesaprender para volver a ser\u201d y dialog\u00f3 con Ra\u00fal Vallejo y Yuliana Ortiz Ruano","breadcrumb":{"@id":"https:\/\/www.uartes.edu.ec\/sitio\/fr\/blog\/2025\/04\/23\/desaprender-para-volver-a-ser-presentacion-de-libro-y-dialogo-con-michael-handelsman\/#breadcrumb"},"inLanguage":"fr-FR","potentialAction":[{"@type":"ReadAction","target":["https:\/\/www.uartes.edu.ec\/sitio\/fr\/blog\/2025\/04\/23\/desaprender-para-volver-a-ser-presentacion-de-libro-y-dialogo-con-michael-handelsman\/"]}]},{"@type":"ImageObject","inLanguage":"fr-FR","@id":"https:\/\/www.uartes.edu.ec\/sitio\/fr\/blog\/2025\/04\/23\/desaprender-para-volver-a-ser-presentacion-de-libro-y-dialogo-con-michael-handelsman\/#primaryimage","url":"https:\/\/www.uartes.edu.ec\/sitio\/wp-content\/uploads\/2025\/04\/03-CONVERSATORIO-MICHAEL-HANDELSMAN.jpg","contentUrl":"https:\/\/www.uartes.edu.ec\/sitio\/wp-content\/uploads\/2025\/04\/03-CONVERSATORIO-MICHAEL-HANDELSMAN.jpg","width":2000,"height":1333},{"@type":"BreadcrumbList","@id":"https:\/\/www.uartes.edu.ec\/sitio\/fr\/blog\/2025\/04\/23\/desaprender-para-volver-a-ser-presentacion-de-libro-y-dialogo-con-michael-handelsman\/#breadcrumb","itemListElement":[{"@type":"ListItem","position":1,"name":"Inicio","item":"https:\/\/www.uartes.edu.ec\/sitio\/"},{"@type":"ListItem","position":2,"name":"Michael Handelsman present\u00f3 su libro \u201cDesaprender para volver a ser\u201d y dialog\u00f3 con Ra\u00fal Vallejo y Yuliana Ortiz Ruano"}]},{"@type":"WebSite","@id":"https:\/\/www.uartes.edu.ec\/sitio\/fr\/#website","url":"https:\/\/www.uartes.edu.ec\/sitio\/fr\/","name":"Universidad de las Artes","description":"Sitio oficial de la Universidad Nacional de las Artes del Ecuador","publisher":{"@id":"https:\/\/www.uartes.edu.ec\/sitio\/fr\/#organization"},"potentialAction":[{"@type":"SearchAction","target":{"@type":"EntryPoint","urlTemplate":"https:\/\/www.uartes.edu.ec\/sitio\/fr\/?s={search_term_string}"},"query-input":{"@type":"PropertyValueSpecification","valueRequired":true,"valueName":"search_term_string"}}],"inLanguage":"fr-FR"},{"@type":"Organization","@id":"https:\/\/www.uartes.edu.ec\/sitio\/fr\/#organization","name":"Universidad de las Artes","url":"https:\/\/www.uartes.edu.ec\/sitio\/fr\/","logo":{"@type":"ImageObject","inLanguage":"fr-FR","@id":"https:\/\/www.uartes.edu.ec\/sitio\/fr\/#\/schema\/logo\/image\/","url":"https:\/\/www.uartes.edu.ec\/sitio\/wp-content\/uploads\/2022\/07\/logo-ua-horizontal.png","contentUrl":"https:\/\/www.uartes.edu.ec\/sitio\/wp-content\/uploads\/2022\/07\/logo-ua-horizontal.png","width":800,"height":276,"caption":"Universidad de las Artes"},"image":{"@id":"https:\/\/www.uartes.edu.ec\/sitio\/fr\/#\/schema\/logo\/image\/"},"sameAs":["https:\/\/www.facebook.com\/uartesec","https:\/\/x.com\/uartesec","https:\/\/www.tiktok.com\/@uartesec"]},{"@type":"Person","@id":"https:\/\/www.uartes.edu.ec\/sitio\/fr\/#\/schema\/person\/efa1b8275797664fd7f13a79ccc0b1f4","name":"ccortez","image":{"@type":"ImageObject","inLanguage":"fr-FR","@id":"https:\/\/secure.gravatar.com\/avatar\/b2a6f664a3ae8e074346ef91775736c5ec479e637ecced6842de9dc98b5da9cd?s=96&d=mm&r=g","url":"https:\/\/secure.gravatar.com\/avatar\/b2a6f664a3ae8e074346ef91775736c5ec479e637ecced6842de9dc98b5da9cd?s=96&d=mm&r=g","contentUrl":"https:\/\/secure.gravatar.com\/avatar\/b2a6f664a3ae8e074346ef91775736c5ec479e637ecced6842de9dc98b5da9cd?s=96&d=mm&r=g","caption":"ccortez"},"url":"https:\/\/www.uartes.edu.ec\/sitio\/fr\/blog\/author\/ccortez\/"}]}},"uagb_featured_image_src":{"full":["https:\/\/www.uartes.edu.ec\/sitio\/wp-content\/uploads\/2025\/04\/03-CONVERSATORIO-MICHAEL-HANDELSMAN.jpg",2000,1333,false],"thumbnail":["https:\/\/www.uartes.edu.ec\/sitio\/wp-content\/uploads\/2025\/04\/03-CONVERSATORIO-MICHAEL-HANDELSMAN-150x150.jpg",150,150,true],"medium":["https:\/\/www.uartes.edu.ec\/sitio\/wp-content\/uploads\/2025\/04\/03-CONVERSATORIO-MICHAEL-HANDELSMAN-300x200.jpg",300,200,true],"medium_large":["https:\/\/www.uartes.edu.ec\/sitio\/wp-content\/uploads\/2025\/04\/03-CONVERSATORIO-MICHAEL-HANDELSMAN-768x512.jpg",768,512,true],"large":["https:\/\/www.uartes.edu.ec\/sitio\/wp-content\/uploads\/2025\/04\/03-CONVERSATORIO-MICHAEL-HANDELSMAN-644x429.jpg",644,429,true],"1536x1536":["https:\/\/www.uartes.edu.ec\/sitio\/wp-content\/uploads\/2025\/04\/03-CONVERSATORIO-MICHAEL-HANDELSMAN-1536x1024.jpg",1536,1024,true],"2048x2048":["https:\/\/www.uartes.edu.ec\/sitio\/wp-content\/uploads\/2025\/04\/03-CONVERSATORIO-MICHAEL-HANDELSMAN.jpg",2000,1333,false],"trp-custom-language-flag":["https:\/\/www.uartes.edu.ec\/sitio\/wp-content\/uploads\/2025\/04\/03-CONVERSATORIO-MICHAEL-HANDELSMAN-18x12.jpg",18,12,true],"htmega_size_585x295":["https:\/\/www.uartes.edu.ec\/sitio\/wp-content\/uploads\/2025\/04\/03-CONVERSATORIO-MICHAEL-HANDELSMAN-585x295.jpg",585,295,true],"htmega_size_1170x536":["https:\/\/www.uartes.edu.ec\/sitio\/wp-content\/uploads\/2025\/04\/03-CONVERSATORIO-MICHAEL-HANDELSMAN-1170x536.jpg",1170,536,true],"htmega_size_396x360":["https:\/\/www.uartes.edu.ec\/sitio\/wp-content\/uploads\/2025\/04\/03-CONVERSATORIO-MICHAEL-HANDELSMAN-396x360.jpg",396,360,true],"gb-block-post-grid-landscape":["https:\/\/www.uartes.edu.ec\/sitio\/wp-content\/uploads\/2025\/04\/03-CONVERSATORIO-MICHAEL-HANDELSMAN-600x400.jpg",600,400,true],"gb-block-post-grid-square":["https:\/\/www.uartes.edu.ec\/sitio\/wp-content\/uploads\/2025\/04\/03-CONVERSATORIO-MICHAEL-HANDELSMAN-600x600.jpg",600,600,true],"university-hub-thumb":["https:\/\/www.uartes.edu.ec\/sitio\/wp-content\/uploads\/2025\/04\/03-CONVERSATORIO-MICHAEL-HANDELSMAN-400x267.jpg",400,267,true],"mailpoet_newsletter_max":["https:\/\/www.uartes.edu.ec\/sitio\/wp-content\/uploads\/2025\/04\/03-CONVERSATORIO-MICHAEL-HANDELSMAN.jpg",1320,880,false]},"uagb_author_info":{"display_name":"ccortez","author_link":"https:\/\/www.uartes.edu.ec\/sitio\/fr\/blog\/author\/ccortez\/"},"uagb_comment_info":0,"uagb_excerpt":"Como un desaf\u00edo no solo intelectual, sino pol\u00edtico y una provocaci\u00f3n a la rigidez de la academia, escrito desde un proceso cr\u00edtico y autocr\u00edtico, se\u00f1al\u00f3 el escritor Ra\u00fal Vallejo al libro \u201cDesaprender para volver a ser\u201d de Michael Handelsman (USA), el cual se present\u00f3 hoy en el inicio de Lanfor Abierta, propuesta de la Biblioteca\u2026","featured_image_src":"https:\/\/www.uartes.edu.ec\/sitio\/wp-content\/uploads\/2025\/04\/03-CONVERSATORIO-MICHAEL-HANDELSMAN-600x400.jpg","featured_image_src_square":"https:\/\/www.uartes.edu.ec\/sitio\/wp-content\/uploads\/2025\/04\/03-CONVERSATORIO-MICHAEL-HANDELSMAN-600x600.jpg","author_info":{"display_name":"ccortez","author_link":"https:\/\/www.uartes.edu.ec\/sitio\/fr\/blog\/author\/ccortez\/"},"publishpress_future_workflow_manual_trigger":{"enabledWorkflows":[]},"distributor_meta":false,"distributor_terms":false,"distributor_media":false,"distributor_original_site_name":"Universidad de las Artes","distributor_original_site_url":"https:\/\/www.uartes.edu.ec\/sitio\/fr","push-errors":false,"_links":{"self":[{"href":"https:\/\/www.uartes.edu.ec\/sitio\/fr\/wp-json\/wp\/v2\/posts\/70821","targetHints":{"allow":["GET"]}}],"collection":[{"href":"https:\/\/www.uartes.edu.ec\/sitio\/fr\/wp-json\/wp\/v2\/posts"}],"about":[{"href":"https:\/\/www.uartes.edu.ec\/sitio\/fr\/wp-json\/wp\/v2\/types\/post"}],"author":[{"embeddable":true,"href":"https:\/\/www.uartes.edu.ec\/sitio\/fr\/wp-json\/wp\/v2\/users\/10"}],"replies":[{"embeddable":true,"href":"https:\/\/www.uartes.edu.ec\/sitio\/fr\/wp-json\/wp\/v2\/comments?post=70821"}],"version-history":[{"count":9,"href":"https:\/\/www.uartes.edu.ec\/sitio\/fr\/wp-json\/wp\/v2\/posts\/70821\/revisions"}],"predecessor-version":[{"id":76494,"href":"https:\/\/www.uartes.edu.ec\/sitio\/fr\/wp-json\/wp\/v2\/posts\/70821\/revisions\/76494"}],"wp:featuredmedia":[{"embeddable":true,"href":"https:\/\/www.uartes.edu.ec\/sitio\/fr\/wp-json\/wp\/v2\/media\/70822"}],"wp:attachment":[{"href":"https:\/\/www.uartes.edu.ec\/sitio\/fr\/wp-json\/wp\/v2\/media?parent=70821"}],"wp:term":[{"taxonomy":"category","embeddable":true,"href":"https:\/\/www.uartes.edu.ec\/sitio\/fr\/wp-json\/wp\/v2\/categories?post=70821"},{"taxonomy":"post_tag","embeddable":true,"href":"https:\/\/www.uartes.edu.ec\/sitio\/fr\/wp-json\/wp\/v2\/tags?post=70821"},{"taxonomy":"infouartes","embeddable":true,"href":"https:\/\/www.uartes.edu.ec\/sitio\/fr\/wp-json\/wp\/v2\/infouartes?post=70821"}],"curies":[{"name":"wp","href":"https:\/\/api.w.org\/{rel}","templated":true}]}}