{"id":7084,"date":"2020-05-20T16:39:59","date_gmt":"2020-05-20T21:39:59","guid":{"rendered":"http:\/\/www.uartes.edu.ec\/sitio\/?p=7084"},"modified":"2024-07-04T11:43:08","modified_gmt":"2024-07-04T16:43:08","slug":"john-rodriguez-y-la-propuesta-de-una-narrativa-documental-para-sacre","status":"publish","type":"post","link":"https:\/\/www.uartes.edu.ec\/sitio\/fr\/blog\/2020\/05\/20\/john-rodriguez-y-la-propuesta-de-una-narrativa-documental-para-sacre\/","title":{"rendered":"John Rodr\u00edguez y la propuesta de una  narrativa documental para \u201cSacre\u201d"},"content":{"rendered":"<p>Ante el tribunal de tesis, integrado por Julie Tom\u00e9, su tutora; Arturo Serrano y Abel Arcos, el estudiante de la Escuela de Cine, John Enrique Rodr\u00edguez Sarmiento,defendi\u00f3 el 2 de mayo en videoconferencia la<strong> \u201c<\/strong>Propuesta de una narrativa documental para el proyecto <em>Sacre\u201d<\/em>.<\/p>\n\n\n\n<p>En el texto de su proyecto art\u00edstico, que entreg\u00f3 a la Secretar\u00eda Acad\u00e9mica de la UArtes, \u00e9l detalla que <em>Sacre<\/em> es un documental acerca de don Juan, su abuelo, quien naci\u00f3 y vivi\u00f3 toda su vida en Sacre, en la provincia de Azuay. \u201cEste peque\u00f1o pueblo es causante de recuerdos de mi infancia, los cuales forman parte de aquella percepci\u00f3n que tuve hacia don Juan desde mi ni\u00f1ez hasta parte de mi adolescencia, pero cuya historia cambia cuando se vuelve mi investigaci\u00f3n de adulto. Don Juan, nacido en 1932, fue pintado en mi mente inocente como un revolucionario y protector que peleaba con el mundo y que por la fuerza se alej\u00f3 en cada paso de esta sociedad manoseada, pero un opresor, retr\u00f3grado y violento nace despu\u00e9s. Sin embargo, el patriarca siempre fue el h\u00e9roe de cada historia, el protagonista principal de cada leyenda familiar\u201d.<\/p>\n\n\n\n<p>Agrega que en su familia, como en muchas, el abuelo ocupa aquel espacio de la figura legendaria, casi como un patrimonio que carga con un historial compuesto por valent\u00eda, lucha, verdad, obediencia y dem\u00e1s adjetivos, valores que por respeto se cumplen, pero en muchos casos aquel historial magnifico es suprimido por la realidad que se oculta detr\u00e1s de cada relato familiar. \u201cCuando fuimos ni\u00f1os fue casi un hecho que escuchamos de nuestros primeros maestros la frase \u00b4cuenta la leyenda\u00b4, que se origina mediante la transmisi\u00f3n verbal y, que posteriormente, se percibe y codifica en nosotros con im\u00e1genes alusivas al hecho. La resultante de tal actividad desemboca en la reflexi\u00f3n, y la cual es contaminada por nuestra subjetividad en modo de interpretaci\u00f3n\u201d.<\/p>\n\n\n\n<p>Antes de profundizar en el expl\u00edcito an\u00e1lisis de su tesis, John Rodr\u00edguez recuerda que el cine documental de este tipo se torna en un inevitable estudio etnogr\u00e1fico, el cual desnuda la realidad y expone abiertamente nuevas perspectivas que reubican o que ofrecen nuevos caminos dirigidos hacia un punto hist\u00f3rico. \u201cLa mirada antropol\u00f3gica data desde el momento en que el realizador tan solo pretende captar un espacio, ya sea por simple intenci\u00f3n est\u00e9tica este ser\u00e1 alusivo a movimiento mediante la codificaci\u00f3n del lenguaje visual. Es pertinente fijarse en lo supuestamente banal de una imagen, en lo f\u00e1cil, en los elementos m\u00e1s simples que la conforman y aunque esto d\u00e9 como resultado una simple perspectiva est\u00e9tica, ya propone el proceso de la imagen codificada que ubica y descubre\u201d.<\/p>\n\n\n\n<p>Agrega que el primitivismo en la captura de la imagen va m\u00e1s all\u00e1 del precario juicio que le pueda ofrecer un espectador pasivo a una obra, \u201cya que por m\u00e1s que se intente escapar de la comunicaci\u00f3n visual y su posterior codificaci\u00f3n es casi imposible conseguirlo. La abstracci\u00f3n de la imagen ya sea en un estado ornamental o en su etapa virgen genera simbolismos y puntos de atenci\u00f3n que se vuelven una interacci\u00f3n semi\u00f3tica de la imagen hacia el espectador. La sucesi\u00f3n de los planos tiende a formar un discurso en el seno del cual el plano en particular desempe\u00f1a el papel de signo inteligible. Dicho de otro modo, el cine desarrolla un sistema de abstracci\u00f3n, de ideaci\u00f3n. Segrega un lenguaje, es decir, una l\u00f3gica y un orden: Una raz\u00f3n\u201d.<\/p>","protected":false},"excerpt":{"rendered":"<p>Ante el tribunal de tesis, integrado por Julie Tom\u00e9, su tutora; Arturo Serrano y Abel Arcos, el estudiante de la Escuela de Cine, John Enrique Rodr\u00edguez Sarmiento,defendi\u00f3 el 2 de mayo en videoconferencia la \u201cPropuesta de una narrativa documental para el proyecto Sacre\u201d.<\/p>","protected":false},"author":1,"featured_media":7085,"comment_status":"closed","ping_status":"closed","sticky":false,"template":"","format":"standard","meta":{"_acf_changed":false,"_uag_custom_page_level_css":"","_monsterinsights_skip_tracking":false,"_monsterinsights_sitenote_active":false,"_monsterinsights_sitenote_note":"","_monsterinsights_sitenote_category":0,"cybocfi_hide_featured_image":"","footnotes":""},"categories":[80,147,76],"tags":[211],"infouartes":[],"class_list":["post-7084","post","type-post","status-publish","format-standard","has-post-thumbnail","hentry","category-academico","category-cine","category-estudiantes","tag-covid19"],"acf":[],"yoast_head":"<!-- This site is optimized with the Yoast SEO plugin v27.4 - https:\/\/yoast.com\/product\/yoast-seo-wordpress\/ -->\n<title>Universidad de las Artes - John Rodr\u00edguez y la propuesta de una narrativa documental para \u201cSacre\u201d<\/title>\n<meta name=\"description\" content=\"Universidad de las Artes - John Rodr\u00edguez y la propuesta de una narrativa documental para \u201cSacre\u201d\" \/>\n<meta name=\"robots\" content=\"index, follow, max-snippet:-1, max-image-preview:large, max-video-preview:-1\" \/>\n<link rel=\"canonical\" href=\"https:\/\/www.uartes.edu.ec\/sitio\/fr\/blog\/2020\/05\/20\/john-rodriguez-y-la-propuesta-de-una-narrativa-documental-para-sacre\/\" \/>\n<meta property=\"og:locale\" content=\"fr_FR\" \/>\n<meta property=\"og:type\" content=\"article\" \/>\n<meta property=\"og:title\" content=\"Universidad de las Artes - John Rodr\u00edguez y la propuesta de una narrativa documental para \u201cSacre\u201d\" \/>\n<meta property=\"og:description\" content=\"Universidad de las Artes - John Rodr\u00edguez y la propuesta de una narrativa documental para \u201cSacre\u201d\" \/>\n<meta property=\"og:url\" content=\"https:\/\/www.uartes.edu.ec\/sitio\/fr\/blog\/2020\/05\/20\/john-rodriguez-y-la-propuesta-de-una-narrativa-documental-para-sacre\/\" \/>\n<meta property=\"og:site_name\" content=\"Universidad de las Artes\" \/>\n<meta property=\"article:publisher\" content=\"https:\/\/www.facebook.com\/uartesec\" \/>\n<meta property=\"article:published_time\" content=\"2020-05-20T21:39:59+00:00\" \/>\n<meta property=\"article:modified_time\" content=\"2024-07-04T16:43:08+00:00\" \/>\n<meta property=\"og:image\" content=\"https:\/\/www.uartes.edu.ec\/sitio\/wp-content\/uploads\/2020\/05\/JOHN-RODRIGUEZ.jpg\" \/>\n\t<meta property=\"og:image:width\" content=\"974\" \/>\n\t<meta property=\"og:image:height\" content=\"650\" \/>\n\t<meta property=\"og:image:type\" content=\"image\/jpeg\" \/>\n<meta name=\"author\" content=\"Universidad de las Artes\" \/>\n<meta name=\"twitter:card\" content=\"summary_large_image\" \/>\n<meta name=\"twitter:creator\" content=\"@uartesec\" \/>\n<meta name=\"twitter:site\" content=\"@uartesec\" \/>\n<meta name=\"twitter:label1\" content=\"\u00c9crit par\" \/>\n\t<meta name=\"twitter:data1\" content=\"Universidad de las Artes\" \/>\n\t<meta name=\"twitter:label2\" content=\"Dur\u00e9e de lecture estim\u00e9e\" \/>\n\t<meta name=\"twitter:data2\" content=\"3 minutes\" \/>\n<script type=\"application\/ld+json\" class=\"yoast-schema-graph\">{\"@context\":\"https:\\\/\\\/schema.org\",\"@graph\":[{\"@type\":\"Article\",\"@id\":\"https:\\\/\\\/www.uartes.edu.ec\\\/sitio\\\/fr\\\/blog\\\/2020\\\/05\\\/20\\\/john-rodriguez-y-la-propuesta-de-una-narrativa-documental-para-sacre\\\/#article\",\"isPartOf\":{\"@id\":\"https:\\\/\\\/www.uartes.edu.ec\\\/sitio\\\/fr\\\/blog\\\/2020\\\/05\\\/20\\\/john-rodriguez-y-la-propuesta-de-una-narrativa-documental-para-sacre\\\/\"},\"author\":{\"name\":\"Universidad de las Artes\",\"@id\":\"https:\\\/\\\/www.uartes.edu.ec\\\/sitio\\\/fr\\\/#\\\/schema\\\/person\\\/f33f8c1d2af0d5c80a38c8abf458184a\"},\"headline\":\"John Rodr\u00edguez y la propuesta de una narrativa documental para \u201cSacre\u201d\",\"datePublished\":\"2020-05-20T21:39:59+00:00\",\"dateModified\":\"2024-07-04T16:43:08+00:00\",\"mainEntityOfPage\":{\"@id\":\"https:\\\/\\\/www.uartes.edu.ec\\\/sitio\\\/fr\\\/blog\\\/2020\\\/05\\\/20\\\/john-rodriguez-y-la-propuesta-de-una-narrativa-documental-para-sacre\\\/\"},\"wordCount\":621,\"publisher\":{\"@id\":\"https:\\\/\\\/www.uartes.edu.ec\\\/sitio\\\/fr\\\/#organization\"},\"image\":{\"@id\":\"https:\\\/\\\/www.uartes.edu.ec\\\/sitio\\\/fr\\\/blog\\\/2020\\\/05\\\/20\\\/john-rodriguez-y-la-propuesta-de-una-narrativa-documental-para-sacre\\\/#primaryimage\"},\"thumbnailUrl\":\"https:\\\/\\\/www.uartes.edu.ec\\\/sitio\\\/wp-content\\\/uploads\\\/2020\\\/05\\\/JOHN-RODRIGUEZ.jpg\",\"keywords\":[\"covid19\"],\"articleSection\":[\"Acad\u00e9mico\",\"Cine\",\"Estudiantes\"],\"inLanguage\":\"fr-FR\"},{\"@type\":[\"WebPage\",\"ItemPage\"],\"@id\":\"https:\\\/\\\/www.uartes.edu.ec\\\/sitio\\\/fr\\\/blog\\\/2020\\\/05\\\/20\\\/john-rodriguez-y-la-propuesta-de-una-narrativa-documental-para-sacre\\\/\",\"url\":\"https:\\\/\\\/www.uartes.edu.ec\\\/sitio\\\/fr\\\/blog\\\/2020\\\/05\\\/20\\\/john-rodriguez-y-la-propuesta-de-una-narrativa-documental-para-sacre\\\/\",\"name\":\"Universidad de las Artes - John Rodr\u00edguez y la propuesta de una narrativa documental para \u201cSacre\u201d\",\"isPartOf\":{\"@id\":\"https:\\\/\\\/www.uartes.edu.ec\\\/sitio\\\/fr\\\/#website\"},\"primaryImageOfPage\":{\"@id\":\"https:\\\/\\\/www.uartes.edu.ec\\\/sitio\\\/fr\\\/blog\\\/2020\\\/05\\\/20\\\/john-rodriguez-y-la-propuesta-de-una-narrativa-documental-para-sacre\\\/#primaryimage\"},\"image\":{\"@id\":\"https:\\\/\\\/www.uartes.edu.ec\\\/sitio\\\/fr\\\/blog\\\/2020\\\/05\\\/20\\\/john-rodriguez-y-la-propuesta-de-una-narrativa-documental-para-sacre\\\/#primaryimage\"},\"thumbnailUrl\":\"https:\\\/\\\/www.uartes.edu.ec\\\/sitio\\\/wp-content\\\/uploads\\\/2020\\\/05\\\/JOHN-RODRIGUEZ.jpg\",\"datePublished\":\"2020-05-20T21:39:59+00:00\",\"dateModified\":\"2024-07-04T16:43:08+00:00\",\"description\":\"Universidad de las Artes - John Rodr\u00edguez y la propuesta de una narrativa documental para \u201cSacre\u201d\",\"breadcrumb\":{\"@id\":\"https:\\\/\\\/www.uartes.edu.ec\\\/sitio\\\/fr\\\/blog\\\/2020\\\/05\\\/20\\\/john-rodriguez-y-la-propuesta-de-una-narrativa-documental-para-sacre\\\/#breadcrumb\"},\"inLanguage\":\"fr-FR\",\"potentialAction\":[{\"@type\":\"ReadAction\",\"target\":[\"https:\\\/\\\/www.uartes.edu.ec\\\/sitio\\\/fr\\\/blog\\\/2020\\\/05\\\/20\\\/john-rodriguez-y-la-propuesta-de-una-narrativa-documental-para-sacre\\\/\"]}]},{\"@type\":\"ImageObject\",\"inLanguage\":\"fr-FR\",\"@id\":\"https:\\\/\\\/www.uartes.edu.ec\\\/sitio\\\/fr\\\/blog\\\/2020\\\/05\\\/20\\\/john-rodriguez-y-la-propuesta-de-una-narrativa-documental-para-sacre\\\/#primaryimage\",\"url\":\"https:\\\/\\\/www.uartes.edu.ec\\\/sitio\\\/wp-content\\\/uploads\\\/2020\\\/05\\\/JOHN-RODRIGUEZ.jpg\",\"contentUrl\":\"https:\\\/\\\/www.uartes.edu.ec\\\/sitio\\\/wp-content\\\/uploads\\\/2020\\\/05\\\/JOHN-RODRIGUEZ.jpg\",\"width\":974,\"height\":650},{\"@type\":\"BreadcrumbList\",\"@id\":\"https:\\\/\\\/www.uartes.edu.ec\\\/sitio\\\/fr\\\/blog\\\/2020\\\/05\\\/20\\\/john-rodriguez-y-la-propuesta-de-una-narrativa-documental-para-sacre\\\/#breadcrumb\",\"itemListElement\":[{\"@type\":\"ListItem\",\"position\":1,\"name\":\"Inicio\",\"item\":\"https:\\\/\\\/www.uartes.edu.ec\\\/sitio\\\/\"},{\"@type\":\"ListItem\",\"position\":2,\"name\":\"John Rodr\u00edguez y la propuesta de una narrativa documental para \u201cSacre\u201d\"}]},{\"@type\":\"WebSite\",\"@id\":\"https:\\\/\\\/www.uartes.edu.ec\\\/sitio\\\/fr\\\/#website\",\"url\":\"https:\\\/\\\/www.uartes.edu.ec\\\/sitio\\\/fr\\\/\",\"name\":\"Universidad de las Artes\",\"description\":\"Sitio oficial de la Universidad Nacional de las Artes del Ecuador\",\"publisher\":{\"@id\":\"https:\\\/\\\/www.uartes.edu.ec\\\/sitio\\\/fr\\\/#organization\"},\"potentialAction\":[{\"@type\":\"SearchAction\",\"target\":{\"@type\":\"EntryPoint\",\"urlTemplate\":\"https:\\\/\\\/www.uartes.edu.ec\\\/sitio\\\/fr\\\/?s={search_term_string}\"},\"query-input\":{\"@type\":\"PropertyValueSpecification\",\"valueRequired\":true,\"valueName\":\"search_term_string\"}}],\"inLanguage\":\"fr-FR\"},{\"@type\":\"Organization\",\"@id\":\"https:\\\/\\\/www.uartes.edu.ec\\\/sitio\\\/fr\\\/#organization\",\"name\":\"Universidad de las Artes\",\"url\":\"https:\\\/\\\/www.uartes.edu.ec\\\/sitio\\\/fr\\\/\",\"logo\":{\"@type\":\"ImageObject\",\"inLanguage\":\"fr-FR\",\"@id\":\"https:\\\/\\\/www.uartes.edu.ec\\\/sitio\\\/fr\\\/#\\\/schema\\\/logo\\\/image\\\/\",\"url\":\"https:\\\/\\\/www.uartes.edu.ec\\\/sitio\\\/wp-content\\\/uploads\\\/2022\\\/07\\\/logo-ua-horizontal.png\",\"contentUrl\":\"https:\\\/\\\/www.uartes.edu.ec\\\/sitio\\\/wp-content\\\/uploads\\\/2022\\\/07\\\/logo-ua-horizontal.png\",\"width\":800,\"height\":276,\"caption\":\"Universidad de las Artes\"},\"image\":{\"@id\":\"https:\\\/\\\/www.uartes.edu.ec\\\/sitio\\\/fr\\\/#\\\/schema\\\/logo\\\/image\\\/\"},\"sameAs\":[\"https:\\\/\\\/www.facebook.com\\\/uartesec\",\"https:\\\/\\\/x.com\\\/uartesec\",\"https:\\\/\\\/www.tiktok.com\\\/@uartesec\"]},{\"@type\":\"Person\",\"@id\":\"https:\\\/\\\/www.uartes.edu.ec\\\/sitio\\\/fr\\\/#\\\/schema\\\/person\\\/f33f8c1d2af0d5c80a38c8abf458184a\",\"name\":\"Universidad de las Artes\",\"image\":{\"@type\":\"ImageObject\",\"inLanguage\":\"fr-FR\",\"@id\":\"https:\\\/\\\/secure.gravatar.com\\\/avatar\\\/52e4757902f5cfa5ac52d020e5be83cae5487519154b6c35482fe08d589f3c13?s=96&d=mm&r=g\",\"url\":\"https:\\\/\\\/secure.gravatar.com\\\/avatar\\\/52e4757902f5cfa5ac52d020e5be83cae5487519154b6c35482fe08d589f3c13?s=96&d=mm&r=g\",\"contentUrl\":\"https:\\\/\\\/secure.gravatar.com\\\/avatar\\\/52e4757902f5cfa5ac52d020e5be83cae5487519154b6c35482fe08d589f3c13?s=96&d=mm&r=g\",\"caption\":\"Universidad de las Artes\"},\"url\":\"https:\\\/\\\/www.uartes.edu.ec\\\/sitio\\\/fr\\\/blog\\\/author\\\/dircomadm\\\/\"}]}<\/script>\n<!-- \/ Yoast SEO plugin. -->","yoast_head_json":{"title":"Universidad de las Artes - John Rodr\u00edguez y la propuesta de una narrativa documental para \u201cSacre\u201d","description":"Universidad de las Artes - John Rodr\u00edguez y la propuesta de una narrativa documental para \u201cSacre\u201d","robots":{"index":"index","follow":"follow","max-snippet":"max-snippet:-1","max-image-preview":"max-image-preview:large","max-video-preview":"max-video-preview:-1"},"canonical":"https:\/\/www.uartes.edu.ec\/sitio\/fr\/blog\/2020\/05\/20\/john-rodriguez-y-la-propuesta-de-una-narrativa-documental-para-sacre\/","og_locale":"fr_FR","og_type":"article","og_title":"Universidad de las Artes - John Rodr\u00edguez y la propuesta de una narrativa documental para \u201cSacre\u201d","og_description":"Universidad de las Artes - John Rodr\u00edguez y la propuesta de una narrativa documental para \u201cSacre\u201d","og_url":"https:\/\/www.uartes.edu.ec\/sitio\/fr\/blog\/2020\/05\/20\/john-rodriguez-y-la-propuesta-de-una-narrativa-documental-para-sacre\/","og_site_name":"Universidad de las Artes","article_publisher":"https:\/\/www.facebook.com\/uartesec","article_published_time":"2020-05-20T21:39:59+00:00","article_modified_time":"2024-07-04T16:43:08+00:00","og_image":[{"width":974,"height":650,"url":"https:\/\/www.uartes.edu.ec\/sitio\/wp-content\/uploads\/2020\/05\/JOHN-RODRIGUEZ.jpg","type":"image\/jpeg"}],"author":"Universidad de las Artes","twitter_card":"summary_large_image","twitter_creator":"@uartesec","twitter_site":"@uartesec","twitter_misc":{"\u00c9crit par":"Universidad de las Artes","Dur\u00e9e de lecture estim\u00e9e":"3 minutes"},"schema":{"@context":"https:\/\/schema.org","@graph":[{"@type":"Article","@id":"https:\/\/www.uartes.edu.ec\/sitio\/fr\/blog\/2020\/05\/20\/john-rodriguez-y-la-propuesta-de-una-narrativa-documental-para-sacre\/#article","isPartOf":{"@id":"https:\/\/www.uartes.edu.ec\/sitio\/fr\/blog\/2020\/05\/20\/john-rodriguez-y-la-propuesta-de-una-narrativa-documental-para-sacre\/"},"author":{"name":"Universidad de las Artes","@id":"https:\/\/www.uartes.edu.ec\/sitio\/fr\/#\/schema\/person\/f33f8c1d2af0d5c80a38c8abf458184a"},"headline":"John Rodr\u00edguez y la propuesta de una narrativa documental para \u201cSacre\u201d","datePublished":"2020-05-20T21:39:59+00:00","dateModified":"2024-07-04T16:43:08+00:00","mainEntityOfPage":{"@id":"https:\/\/www.uartes.edu.ec\/sitio\/fr\/blog\/2020\/05\/20\/john-rodriguez-y-la-propuesta-de-una-narrativa-documental-para-sacre\/"},"wordCount":621,"publisher":{"@id":"https:\/\/www.uartes.edu.ec\/sitio\/fr\/#organization"},"image":{"@id":"https:\/\/www.uartes.edu.ec\/sitio\/fr\/blog\/2020\/05\/20\/john-rodriguez-y-la-propuesta-de-una-narrativa-documental-para-sacre\/#primaryimage"},"thumbnailUrl":"https:\/\/www.uartes.edu.ec\/sitio\/wp-content\/uploads\/2020\/05\/JOHN-RODRIGUEZ.jpg","keywords":["covid19"],"articleSection":["Acad\u00e9mico","Cine","Estudiantes"],"inLanguage":"fr-FR"},{"@type":["WebPage","ItemPage"],"@id":"https:\/\/www.uartes.edu.ec\/sitio\/fr\/blog\/2020\/05\/20\/john-rodriguez-y-la-propuesta-de-una-narrativa-documental-para-sacre\/","url":"https:\/\/www.uartes.edu.ec\/sitio\/fr\/blog\/2020\/05\/20\/john-rodriguez-y-la-propuesta-de-una-narrativa-documental-para-sacre\/","name":"Universidad de las Artes - John Rodr\u00edguez y la propuesta de una narrativa documental para \u201cSacre\u201d","isPartOf":{"@id":"https:\/\/www.uartes.edu.ec\/sitio\/fr\/#website"},"primaryImageOfPage":{"@id":"https:\/\/www.uartes.edu.ec\/sitio\/fr\/blog\/2020\/05\/20\/john-rodriguez-y-la-propuesta-de-una-narrativa-documental-para-sacre\/#primaryimage"},"image":{"@id":"https:\/\/www.uartes.edu.ec\/sitio\/fr\/blog\/2020\/05\/20\/john-rodriguez-y-la-propuesta-de-una-narrativa-documental-para-sacre\/#primaryimage"},"thumbnailUrl":"https:\/\/www.uartes.edu.ec\/sitio\/wp-content\/uploads\/2020\/05\/JOHN-RODRIGUEZ.jpg","datePublished":"2020-05-20T21:39:59+00:00","dateModified":"2024-07-04T16:43:08+00:00","description":"Universidad de las Artes - John Rodr\u00edguez y la propuesta de una narrativa documental para \u201cSacre\u201d","breadcrumb":{"@id":"https:\/\/www.uartes.edu.ec\/sitio\/fr\/blog\/2020\/05\/20\/john-rodriguez-y-la-propuesta-de-una-narrativa-documental-para-sacre\/#breadcrumb"},"inLanguage":"fr-FR","potentialAction":[{"@type":"ReadAction","target":["https:\/\/www.uartes.edu.ec\/sitio\/fr\/blog\/2020\/05\/20\/john-rodriguez-y-la-propuesta-de-una-narrativa-documental-para-sacre\/"]}]},{"@type":"ImageObject","inLanguage":"fr-FR","@id":"https:\/\/www.uartes.edu.ec\/sitio\/fr\/blog\/2020\/05\/20\/john-rodriguez-y-la-propuesta-de-una-narrativa-documental-para-sacre\/#primaryimage","url":"https:\/\/www.uartes.edu.ec\/sitio\/wp-content\/uploads\/2020\/05\/JOHN-RODRIGUEZ.jpg","contentUrl":"https:\/\/www.uartes.edu.ec\/sitio\/wp-content\/uploads\/2020\/05\/JOHN-RODRIGUEZ.jpg","width":974,"height":650},{"@type":"BreadcrumbList","@id":"https:\/\/www.uartes.edu.ec\/sitio\/fr\/blog\/2020\/05\/20\/john-rodriguez-y-la-propuesta-de-una-narrativa-documental-para-sacre\/#breadcrumb","itemListElement":[{"@type":"ListItem","position":1,"name":"Inicio","item":"https:\/\/www.uartes.edu.ec\/sitio\/"},{"@type":"ListItem","position":2,"name":"John Rodr\u00edguez y la propuesta de una narrativa documental para \u201cSacre\u201d"}]},{"@type":"WebSite","@id":"https:\/\/www.uartes.edu.ec\/sitio\/fr\/#website","url":"https:\/\/www.uartes.edu.ec\/sitio\/fr\/","name":"Universidad de las Artes","description":"Sitio oficial de la Universidad Nacional de las Artes del Ecuador","publisher":{"@id":"https:\/\/www.uartes.edu.ec\/sitio\/fr\/#organization"},"potentialAction":[{"@type":"SearchAction","target":{"@type":"EntryPoint","urlTemplate":"https:\/\/www.uartes.edu.ec\/sitio\/fr\/?s={search_term_string}"},"query-input":{"@type":"PropertyValueSpecification","valueRequired":true,"valueName":"search_term_string"}}],"inLanguage":"fr-FR"},{"@type":"Organization","@id":"https:\/\/www.uartes.edu.ec\/sitio\/fr\/#organization","name":"Universidad de las Artes","url":"https:\/\/www.uartes.edu.ec\/sitio\/fr\/","logo":{"@type":"ImageObject","inLanguage":"fr-FR","@id":"https:\/\/www.uartes.edu.ec\/sitio\/fr\/#\/schema\/logo\/image\/","url":"https:\/\/www.uartes.edu.ec\/sitio\/wp-content\/uploads\/2022\/07\/logo-ua-horizontal.png","contentUrl":"https:\/\/www.uartes.edu.ec\/sitio\/wp-content\/uploads\/2022\/07\/logo-ua-horizontal.png","width":800,"height":276,"caption":"Universidad de las Artes"},"image":{"@id":"https:\/\/www.uartes.edu.ec\/sitio\/fr\/#\/schema\/logo\/image\/"},"sameAs":["https:\/\/www.facebook.com\/uartesec","https:\/\/x.com\/uartesec","https:\/\/www.tiktok.com\/@uartesec"]},{"@type":"Person","@id":"https:\/\/www.uartes.edu.ec\/sitio\/fr\/#\/schema\/person\/f33f8c1d2af0d5c80a38c8abf458184a","name":"Universidad de las Artes","image":{"@type":"ImageObject","inLanguage":"fr-FR","@id":"https:\/\/secure.gravatar.com\/avatar\/52e4757902f5cfa5ac52d020e5be83cae5487519154b6c35482fe08d589f3c13?s=96&d=mm&r=g","url":"https:\/\/secure.gravatar.com\/avatar\/52e4757902f5cfa5ac52d020e5be83cae5487519154b6c35482fe08d589f3c13?s=96&d=mm&r=g","contentUrl":"https:\/\/secure.gravatar.com\/avatar\/52e4757902f5cfa5ac52d020e5be83cae5487519154b6c35482fe08d589f3c13?s=96&d=mm&r=g","caption":"Universidad de las Artes"},"url":"https:\/\/www.uartes.edu.ec\/sitio\/fr\/blog\/author\/dircomadm\/"}]}},"uagb_featured_image_src":{"full":["https:\/\/www.uartes.edu.ec\/sitio\/wp-content\/uploads\/2020\/05\/JOHN-RODRIGUEZ.jpg",974,650,false],"thumbnail":["https:\/\/www.uartes.edu.ec\/sitio\/wp-content\/uploads\/2020\/05\/JOHN-RODRIGUEZ-150x150.jpg",150,150,true],"medium":["https:\/\/www.uartes.edu.ec\/sitio\/wp-content\/uploads\/2020\/05\/JOHN-RODRIGUEZ-300x200.jpg",300,200,true],"medium_large":["https:\/\/www.uartes.edu.ec\/sitio\/wp-content\/uploads\/2020\/05\/JOHN-RODRIGUEZ-768x513.jpg",768,513,true],"large":["https:\/\/www.uartes.edu.ec\/sitio\/wp-content\/uploads\/2020\/05\/JOHN-RODRIGUEZ-644x430.jpg",644,430,true],"1536x1536":["https:\/\/www.uartes.edu.ec\/sitio\/wp-content\/uploads\/2020\/05\/JOHN-RODRIGUEZ.jpg",974,650,false],"2048x2048":["https:\/\/www.uartes.edu.ec\/sitio\/wp-content\/uploads\/2020\/05\/JOHN-RODRIGUEZ.jpg",974,650,false],"trp-custom-language-flag":["https:\/\/www.uartes.edu.ec\/sitio\/wp-content\/uploads\/2020\/05\/JOHN-RODRIGUEZ.jpg",18,12,false],"htmega_size_585x295":["https:\/\/www.uartes.edu.ec\/sitio\/wp-content\/uploads\/2020\/05\/JOHN-RODRIGUEZ.jpg",442,295,false],"htmega_size_1170x536":["https:\/\/www.uartes.edu.ec\/sitio\/wp-content\/uploads\/2020\/05\/JOHN-RODRIGUEZ.jpg",803,536,false],"htmega_size_396x360":["https:\/\/www.uartes.edu.ec\/sitio\/wp-content\/uploads\/2020\/05\/JOHN-RODRIGUEZ.jpg",396,264,false],"gb-block-post-grid-landscape":["https:\/\/www.uartes.edu.ec\/sitio\/wp-content\/uploads\/2020\/05\/JOHN-RODRIGUEZ.jpg",600,400,false],"gb-block-post-grid-square":["https:\/\/www.uartes.edu.ec\/sitio\/wp-content\/uploads\/2020\/05\/JOHN-RODRIGUEZ.jpg",600,400,false],"university-hub-thumb":["https:\/\/www.uartes.edu.ec\/sitio\/wp-content\/uploads\/2020\/05\/JOHN-RODRIGUEZ-400x267.jpg",400,267,true]},"uagb_author_info":{"display_name":"Universidad de las Artes","author_link":"https:\/\/www.uartes.edu.ec\/sitio\/fr\/blog\/author\/dircomadm\/"},"uagb_comment_info":0,"uagb_excerpt":"Ante el tribunal de tesis, integrado por Julie Tom\u00e9, su tutora; Arturo Serrano y Abel Arcos, el estudiante de la Escuela de Cine, John Enrique Rodr\u00edguez Sarmiento,defendi\u00f3 el 2 de mayo en videoconferencia la \u201cPropuesta de una narrativa documental para el proyecto Sacre\u201d.","featured_image_src":"https:\/\/www.uartes.edu.ec\/sitio\/wp-content\/uploads\/2020\/05\/JOHN-RODRIGUEZ.jpg","featured_image_src_square":"https:\/\/www.uartes.edu.ec\/sitio\/wp-content\/uploads\/2020\/05\/JOHN-RODRIGUEZ.jpg","author_info":{"display_name":"Universidad de las Artes","author_link":"https:\/\/www.uartes.edu.ec\/sitio\/fr\/blog\/author\/dircomadm\/"},"publishpress_future_workflow_manual_trigger":{"enabledWorkflows":[]},"distributor_meta":false,"distributor_terms":false,"distributor_media":false,"distributor_original_site_name":"Universidad de las Artes","distributor_original_site_url":"https:\/\/www.uartes.edu.ec\/sitio\/fr","push-errors":false,"_links":{"self":[{"href":"https:\/\/www.uartes.edu.ec\/sitio\/fr\/wp-json\/wp\/v2\/posts\/7084","targetHints":{"allow":["GET"]}}],"collection":[{"href":"https:\/\/www.uartes.edu.ec\/sitio\/fr\/wp-json\/wp\/v2\/posts"}],"about":[{"href":"https:\/\/www.uartes.edu.ec\/sitio\/fr\/wp-json\/wp\/v2\/types\/post"}],"author":[{"embeddable":true,"href":"https:\/\/www.uartes.edu.ec\/sitio\/fr\/wp-json\/wp\/v2\/users\/1"}],"replies":[{"embeddable":true,"href":"https:\/\/www.uartes.edu.ec\/sitio\/fr\/wp-json\/wp\/v2\/comments?post=7084"}],"version-history":[{"count":1,"href":"https:\/\/www.uartes.edu.ec\/sitio\/fr\/wp-json\/wp\/v2\/posts\/7084\/revisions"}],"predecessor-version":[{"id":7086,"href":"https:\/\/www.uartes.edu.ec\/sitio\/fr\/wp-json\/wp\/v2\/posts\/7084\/revisions\/7086"}],"wp:featuredmedia":[{"embeddable":true,"href":"https:\/\/www.uartes.edu.ec\/sitio\/fr\/wp-json\/wp\/v2\/media\/7085"}],"wp:attachment":[{"href":"https:\/\/www.uartes.edu.ec\/sitio\/fr\/wp-json\/wp\/v2\/media?parent=7084"}],"wp:term":[{"taxonomy":"category","embeddable":true,"href":"https:\/\/www.uartes.edu.ec\/sitio\/fr\/wp-json\/wp\/v2\/categories?post=7084"},{"taxonomy":"post_tag","embeddable":true,"href":"https:\/\/www.uartes.edu.ec\/sitio\/fr\/wp-json\/wp\/v2\/tags?post=7084"},{"taxonomy":"infouartes","embeddable":true,"href":"https:\/\/www.uartes.edu.ec\/sitio\/fr\/wp-json\/wp\/v2\/infouartes?post=7084"}],"curies":[{"name":"wp","href":"https:\/\/api.w.org\/{rel}","templated":true}]}}