{"id":70943,"date":"2025-04-24T16:21:00","date_gmt":"2025-04-24T21:21:00","guid":{"rendered":"https:\/\/www.uartes.edu.ec\/sitio\/?p=70943"},"modified":"2025-05-01T11:25:56","modified_gmt":"2025-05-01T16:25:56","slug":"charla-literaria-en-los-pasos-de-adso-de-melk-dio-en-lanfor-abierta-otra-mirada-a-el-nombre-de-la-rosa","status":"publish","type":"post","link":"https:\/\/www.uartes.edu.ec\/sitio\/fr\/blog\/2025\/04\/24\/charla-literaria-en-los-pasos-de-adso-de-melk-dio-en-lanfor-abierta-otra-mirada-a-el-nombre-de-la-rosa\/","title":{"rendered":"Charla literaria \u201cEn los pasos de Adso de Melk\u201d dio en Lanfor Abierta otra mirada a \u201cEl nombre de la rosa\u201d de Umberto Eco"},"content":{"rendered":"<p>\u201cEn los pasos de Adso de Melk\u201d. Para quienes gustan de la lectura seguramente el t\u00edtulo que la acad\u00e9mica Katherine Mart\u00ednez dio a la charla literaria con la que particip\u00f3 en la cuarta edici\u00f3n de Lanfor Abierta les traiga a la memoria la novela emblem\u00e1tica de Umberto Eco: \u201cEl nombre de la rosa\u201d, obra que inspir\u00f3 la pel\u00edcula hom\u00f3nima de suspenso y drama estrenada en 1986, coproducida entre Italia, Francia y Alemania, y dirigida por Jean-Jacques Annaud. \u00a0<\/p>\n\n\n\n<p>Ciertamente, Adso de Melk es el narrador principal de la novela que el escritor italiano public\u00f3 en 1980 y cuyo contenido lleva al lector a explorar temas como la b\u00fasqueda del conocimiento, el poder, la religi\u00f3n, la historia y la filosof\u00eda. La charla se desarroll\u00f3 el 23 de abril, en el primer d\u00eda de la actividad con la cual la Biblioteca de las Artes celebra el D\u00eda Mundial del Libro y Derechos de Autor.<\/p>\n\n\n\n<p>Katherine Mart\u00ednez es licenciada en Comunicaci\u00f3n Social, mag\u00edster en Estudios de la Cultura y profesora de Literatura a tiempo completo. Antes de ahondar en \u201cEl nombre de la rosa\u201d, coment\u00f3 que al recibir la invitaci\u00f3n para tomar parte en la programaci\u00f3n de Lanfor Abierta no dudo en aceptar, pese a que de la obra poco conoc\u00eda.<\/p>\n\n\n\n<p>Asumi\u00f3 no solo el reto de leerla, releerla y repensarla, confes\u00f3, sino de escudri\u00f1ar en sus personajes, historias y misterios. Decidi\u00f3, entonces, hacer una especie de panor\u00e1mica de una novela hist\u00f3rica, semi\u00f3tica, filos\u00f3fica, pol\u00edtica y policiaca por todo lo que entra\u00f1a.<\/p>\n\n\n\n<p>En su intervenci\u00f3n, Mart\u00ednez sustent\u00f3 razones y tambi\u00e9n anot\u00f3 por qu\u00e9 escogi\u00f3 a Adso de Melk, m\u00e1s all\u00e1 de que sea la voz narrativa de la obra del italiano Umberto Eco. \u201cEs quien nos cuenta desde los 80 a\u00f1os lo que vivi\u00f3 a los 18. Adem\u00e1s, el novicio benedictino es el disc\u00edpulo y aprendiz del franciscano Guillermo de Baskerville y tiene tantas capas (el personaje y la novela) que resulta interesante ir demenuz\u00e1ndolo todo\u201d.<\/p>\n\n\n\n<p>En su trama, \u201cEl nombre de la rosa\u201d se centra en un monasterio medieval donde suceden atroces asesinatos, de all\u00ed el tinte policiaco que Mart\u00ednez le atribuy\u00f3 a la novela de Umberto Eco. Mencion\u00f3, adem\u00e1s, que pese a ser situaciones totalmente distintas, la relectura le trajo a la memoria otra pel\u00edcula relacionada con lo religioso y que gan\u00f3 el Oscar: \u201cC\u00f3nclave\u201d, dirigida por Edward Berger y protagonizada por Ralph Fiennes, donde se suscita la muerte de un Sumo Pont\u00edfice, as\u00ed como el fallecimiento del papa Francisco, registrada el reciente 21 de abril.<\/p>\n\n\n\n<p>No es posible enmarcar lo mencionado como coincidencias, sostuvo Mart\u00ednez, puesto que no lo son \u2013a\u00f1adi\u00f3\u2013; no obstante, el entorno contribuy\u00f3 en su relectura de \u201cEl nombre de la rosa\u201d, cuyo an\u00e1lisis llevado a Lanfor Abierta anim\u00f3 al p\u00fablico que se congreg\u00f3 en el primer piso de la Biblioteca de las Artes para participar en la charla a leerla o volverla a leer. Al t\u00e9rmino de la cita hubo preguntas e hicieron reflexiones, las cuales le dio una nueva mirada a la obra del italiano Umberto Eco (1932-2016).<\/p>","protected":false},"excerpt":{"rendered":"<p>\u201cEn los pasos de Adso de Melk\u201d. Para quienes gustan de la lectura seguramente el t\u00edtulo que la acad\u00e9mica Katherine Mart\u00ednez dio a la charla literaria con la que particip\u00f3 en Lanfor Abierta les traiga a la memoria la novela de Umberto Eco: \u201cEl nombre de la rosa\u201d, obra que inspir\u00f3 la pel\u00edcula hom\u00f3nima que se estren\u00f3 en 1986. El personaje es el narrador de la novela publicada en 1980 y cuyo contenido gener\u00f3 en la cita nuevas miradas.<\/p>","protected":false},"author":10,"featured_media":70944,"comment_status":"open","ping_status":"open","sticky":false,"template":"","format":"standard","meta":{"_acf_changed":false,"_uag_custom_page_level_css":"","_monsterinsights_skip_tracking":false,"_monsterinsights_sitenote_active":false,"_monsterinsights_sitenote_note":"","_monsterinsights_sitenote_category":0,"cybocfi_hide_featured_image":"","footnotes":""},"categories":[80,490,75,76,83],"tags":[41],"infouartes":[],"class_list":["post-70943","post","type-post","status-publish","format-standard","has-post-thumbnail","hentry","category-academico","category-alumni","category-docentes","category-estudiantes","category-sedes","tag-biblioteca"],"acf":[],"yoast_head":"<!-- This site is optimized with the Yoast SEO plugin v27.4 - https:\/\/yoast.com\/product\/yoast-seo-wordpress\/ -->\n<title>Universidad de las Artes - Charla literaria \u201cEn los pasos de Adso de Melk\u201d dio en Lanfor Abierta otra mirada a \u201cEl nombre de la rosa\u201d de Umberto Eco<\/title>\n<meta name=\"description\" content=\"Universidad de las Artes - Charla literaria \u201cEn los pasos de Adso de Melk\u201d dio en Lanfor Abierta otra mirada a \u201cEl nombre de la rosa\u201d de Umberto Eco\" \/>\n<meta name=\"robots\" content=\"index, follow, max-snippet:-1, max-image-preview:large, max-video-preview:-1\" \/>\n<link rel=\"canonical\" href=\"https:\/\/www.uartes.edu.ec\/sitio\/fr\/blog\/2025\/04\/24\/charla-literaria-en-los-pasos-de-adso-de-melk-dio-en-lanfor-abierta-otra-mirada-a-el-nombre-de-la-rosa\/\" \/>\n<meta property=\"og:locale\" content=\"fr_FR\" \/>\n<meta property=\"og:type\" content=\"article\" \/>\n<meta property=\"og:title\" content=\"Universidad de las Artes - Charla literaria \u201cEn los pasos de Adso de Melk\u201d dio en Lanfor Abierta otra mirada a \u201cEl nombre de la rosa\u201d de Umberto Eco\" \/>\n<meta property=\"og:description\" content=\"Universidad de las Artes - Charla literaria \u201cEn los pasos de Adso de Melk\u201d dio en Lanfor Abierta otra mirada a \u201cEl nombre de la rosa\u201d de Umberto Eco\" \/>\n<meta property=\"og:url\" content=\"https:\/\/www.uartes.edu.ec\/sitio\/fr\/blog\/2025\/04\/24\/charla-literaria-en-los-pasos-de-adso-de-melk-dio-en-lanfor-abierta-otra-mirada-a-el-nombre-de-la-rosa\/\" \/>\n<meta property=\"og:site_name\" content=\"Universidad de las Artes\" \/>\n<meta property=\"article:publisher\" content=\"https:\/\/www.facebook.com\/uartesec\" \/>\n<meta property=\"article:published_time\" content=\"2025-04-24T21:21:00+00:00\" \/>\n<meta property=\"article:modified_time\" content=\"2025-05-01T16:25:56+00:00\" \/>\n<meta property=\"og:image\" content=\"https:\/\/www.uartes.edu.ec\/sitio\/wp-content\/uploads\/2025\/05\/01-CHARLA-LANFOR-Katehrine-Martinez.jpg\" \/>\n\t<meta property=\"og:image:width\" content=\"2000\" \/>\n\t<meta property=\"og:image:height\" content=\"1333\" \/>\n\t<meta property=\"og:image:type\" content=\"image\/jpeg\" \/>\n<meta name=\"author\" content=\"ccortez\" \/>\n<meta name=\"twitter:card\" content=\"summary_large_image\" \/>\n<meta name=\"twitter:creator\" content=\"@uartesec\" \/>\n<meta name=\"twitter:site\" content=\"@uartesec\" \/>\n<meta name=\"twitter:label1\" content=\"\u00c9crit par\" \/>\n\t<meta name=\"twitter:data1\" content=\"ccortez\" \/>\n\t<meta name=\"twitter:label2\" content=\"Dur\u00e9e de lecture estim\u00e9e\" \/>\n\t<meta name=\"twitter:data2\" content=\"3 minutes\" \/>\n<script type=\"application\/ld+json\" class=\"yoast-schema-graph\">{\"@context\":\"https:\\\/\\\/schema.org\",\"@graph\":[{\"@type\":\"Article\",\"@id\":\"https:\\\/\\\/www.uartes.edu.ec\\\/sitio\\\/fr\\\/blog\\\/2025\\\/04\\\/24\\\/charla-literaria-en-los-pasos-de-adso-de-melk-dio-en-lanfor-abierta-otra-mirada-a-el-nombre-de-la-rosa\\\/#article\",\"isPartOf\":{\"@id\":\"https:\\\/\\\/www.uartes.edu.ec\\\/sitio\\\/fr\\\/blog\\\/2025\\\/04\\\/24\\\/charla-literaria-en-los-pasos-de-adso-de-melk-dio-en-lanfor-abierta-otra-mirada-a-el-nombre-de-la-rosa\\\/\"},\"author\":{\"name\":\"ccortez\",\"@id\":\"https:\\\/\\\/www.uartes.edu.ec\\\/sitio\\\/fr\\\/#\\\/schema\\\/person\\\/efa1b8275797664fd7f13a79ccc0b1f4\"},\"headline\":\"Charla literaria \u201cEn los pasos de Adso de Melk\u201d dio en Lanfor Abierta otra mirada a \u201cEl nombre de la rosa\u201d de Umberto Eco\",\"datePublished\":\"2025-04-24T21:21:00+00:00\",\"dateModified\":\"2025-05-01T16:25:56+00:00\",\"mainEntityOfPage\":{\"@id\":\"https:\\\/\\\/www.uartes.edu.ec\\\/sitio\\\/fr\\\/blog\\\/2025\\\/04\\\/24\\\/charla-literaria-en-los-pasos-de-adso-de-melk-dio-en-lanfor-abierta-otra-mirada-a-el-nombre-de-la-rosa\\\/\"},\"wordCount\":563,\"commentCount\":0,\"publisher\":{\"@id\":\"https:\\\/\\\/www.uartes.edu.ec\\\/sitio\\\/fr\\\/#organization\"},\"image\":{\"@id\":\"https:\\\/\\\/www.uartes.edu.ec\\\/sitio\\\/fr\\\/blog\\\/2025\\\/04\\\/24\\\/charla-literaria-en-los-pasos-de-adso-de-melk-dio-en-lanfor-abierta-otra-mirada-a-el-nombre-de-la-rosa\\\/#primaryimage\"},\"thumbnailUrl\":\"https:\\\/\\\/www.uartes.edu.ec\\\/sitio\\\/wp-content\\\/uploads\\\/2025\\\/05\\\/01-CHARLA-LANFOR-Katehrine-Martinez.jpg\",\"keywords\":[\"biblioteca\"],\"articleSection\":[\"Acad\u00e9mico\",\"Alumni\",\"Docentes\",\"Estudiantes\",\"Sedes\"],\"inLanguage\":\"fr-FR\",\"potentialAction\":[{\"@type\":\"CommentAction\",\"name\":\"Comment\",\"target\":[\"https:\\\/\\\/www.uartes.edu.ec\\\/sitio\\\/fr\\\/blog\\\/2025\\\/04\\\/24\\\/charla-literaria-en-los-pasos-de-adso-de-melk-dio-en-lanfor-abierta-otra-mirada-a-el-nombre-de-la-rosa\\\/#respond\"]}]},{\"@type\":[\"WebPage\",\"ItemPage\"],\"@id\":\"https:\\\/\\\/www.uartes.edu.ec\\\/sitio\\\/fr\\\/blog\\\/2025\\\/04\\\/24\\\/charla-literaria-en-los-pasos-de-adso-de-melk-dio-en-lanfor-abierta-otra-mirada-a-el-nombre-de-la-rosa\\\/\",\"url\":\"https:\\\/\\\/www.uartes.edu.ec\\\/sitio\\\/fr\\\/blog\\\/2025\\\/04\\\/24\\\/charla-literaria-en-los-pasos-de-adso-de-melk-dio-en-lanfor-abierta-otra-mirada-a-el-nombre-de-la-rosa\\\/\",\"name\":\"Universidad de las Artes - Charla literaria \u201cEn los pasos de Adso de Melk\u201d dio en Lanfor Abierta otra mirada a \u201cEl nombre de la rosa\u201d de Umberto Eco\",\"isPartOf\":{\"@id\":\"https:\\\/\\\/www.uartes.edu.ec\\\/sitio\\\/fr\\\/#website\"},\"primaryImageOfPage\":{\"@id\":\"https:\\\/\\\/www.uartes.edu.ec\\\/sitio\\\/fr\\\/blog\\\/2025\\\/04\\\/24\\\/charla-literaria-en-los-pasos-de-adso-de-melk-dio-en-lanfor-abierta-otra-mirada-a-el-nombre-de-la-rosa\\\/#primaryimage\"},\"image\":{\"@id\":\"https:\\\/\\\/www.uartes.edu.ec\\\/sitio\\\/fr\\\/blog\\\/2025\\\/04\\\/24\\\/charla-literaria-en-los-pasos-de-adso-de-melk-dio-en-lanfor-abierta-otra-mirada-a-el-nombre-de-la-rosa\\\/#primaryimage\"},\"thumbnailUrl\":\"https:\\\/\\\/www.uartes.edu.ec\\\/sitio\\\/wp-content\\\/uploads\\\/2025\\\/05\\\/01-CHARLA-LANFOR-Katehrine-Martinez.jpg\",\"datePublished\":\"2025-04-24T21:21:00+00:00\",\"dateModified\":\"2025-05-01T16:25:56+00:00\",\"description\":\"Universidad de las Artes - Charla literaria \u201cEn los pasos de Adso de Melk\u201d dio en Lanfor Abierta otra mirada a \u201cEl nombre de la rosa\u201d de Umberto Eco\",\"breadcrumb\":{\"@id\":\"https:\\\/\\\/www.uartes.edu.ec\\\/sitio\\\/fr\\\/blog\\\/2025\\\/04\\\/24\\\/charla-literaria-en-los-pasos-de-adso-de-melk-dio-en-lanfor-abierta-otra-mirada-a-el-nombre-de-la-rosa\\\/#breadcrumb\"},\"inLanguage\":\"fr-FR\",\"potentialAction\":[{\"@type\":\"ReadAction\",\"target\":[\"https:\\\/\\\/www.uartes.edu.ec\\\/sitio\\\/fr\\\/blog\\\/2025\\\/04\\\/24\\\/charla-literaria-en-los-pasos-de-adso-de-melk-dio-en-lanfor-abierta-otra-mirada-a-el-nombre-de-la-rosa\\\/\"]}]},{\"@type\":\"ImageObject\",\"inLanguage\":\"fr-FR\",\"@id\":\"https:\\\/\\\/www.uartes.edu.ec\\\/sitio\\\/fr\\\/blog\\\/2025\\\/04\\\/24\\\/charla-literaria-en-los-pasos-de-adso-de-melk-dio-en-lanfor-abierta-otra-mirada-a-el-nombre-de-la-rosa\\\/#primaryimage\",\"url\":\"https:\\\/\\\/www.uartes.edu.ec\\\/sitio\\\/wp-content\\\/uploads\\\/2025\\\/05\\\/01-CHARLA-LANFOR-Katehrine-Martinez.jpg\",\"contentUrl\":\"https:\\\/\\\/www.uartes.edu.ec\\\/sitio\\\/wp-content\\\/uploads\\\/2025\\\/05\\\/01-CHARLA-LANFOR-Katehrine-Martinez.jpg\",\"width\":2000,\"height\":1333},{\"@type\":\"BreadcrumbList\",\"@id\":\"https:\\\/\\\/www.uartes.edu.ec\\\/sitio\\\/fr\\\/blog\\\/2025\\\/04\\\/24\\\/charla-literaria-en-los-pasos-de-adso-de-melk-dio-en-lanfor-abierta-otra-mirada-a-el-nombre-de-la-rosa\\\/#breadcrumb\",\"itemListElement\":[{\"@type\":\"ListItem\",\"position\":1,\"name\":\"Inicio\",\"item\":\"https:\\\/\\\/www.uartes.edu.ec\\\/sitio\\\/\"},{\"@type\":\"ListItem\",\"position\":2,\"name\":\"Charla literaria \u201cEn los pasos de Adso de Melk\u201d dio en Lanfor Abierta otra mirada a \u201cEl nombre de la rosa\u201d de Umberto Eco\"}]},{\"@type\":\"WebSite\",\"@id\":\"https:\\\/\\\/www.uartes.edu.ec\\\/sitio\\\/fr\\\/#website\",\"url\":\"https:\\\/\\\/www.uartes.edu.ec\\\/sitio\\\/fr\\\/\",\"name\":\"Universidad de las Artes\",\"description\":\"Sitio oficial de la Universidad Nacional de las Artes del Ecuador\",\"publisher\":{\"@id\":\"https:\\\/\\\/www.uartes.edu.ec\\\/sitio\\\/fr\\\/#organization\"},\"potentialAction\":[{\"@type\":\"SearchAction\",\"target\":{\"@type\":\"EntryPoint\",\"urlTemplate\":\"https:\\\/\\\/www.uartes.edu.ec\\\/sitio\\\/fr\\\/?s={search_term_string}\"},\"query-input\":{\"@type\":\"PropertyValueSpecification\",\"valueRequired\":true,\"valueName\":\"search_term_string\"}}],\"inLanguage\":\"fr-FR\"},{\"@type\":\"Organization\",\"@id\":\"https:\\\/\\\/www.uartes.edu.ec\\\/sitio\\\/fr\\\/#organization\",\"name\":\"Universidad de las Artes\",\"url\":\"https:\\\/\\\/www.uartes.edu.ec\\\/sitio\\\/fr\\\/\",\"logo\":{\"@type\":\"ImageObject\",\"inLanguage\":\"fr-FR\",\"@id\":\"https:\\\/\\\/www.uartes.edu.ec\\\/sitio\\\/fr\\\/#\\\/schema\\\/logo\\\/image\\\/\",\"url\":\"https:\\\/\\\/www.uartes.edu.ec\\\/sitio\\\/wp-content\\\/uploads\\\/2022\\\/07\\\/logo-ua-horizontal.png\",\"contentUrl\":\"https:\\\/\\\/www.uartes.edu.ec\\\/sitio\\\/wp-content\\\/uploads\\\/2022\\\/07\\\/logo-ua-horizontal.png\",\"width\":800,\"height\":276,\"caption\":\"Universidad de las Artes\"},\"image\":{\"@id\":\"https:\\\/\\\/www.uartes.edu.ec\\\/sitio\\\/fr\\\/#\\\/schema\\\/logo\\\/image\\\/\"},\"sameAs\":[\"https:\\\/\\\/www.facebook.com\\\/uartesec\",\"https:\\\/\\\/x.com\\\/uartesec\",\"https:\\\/\\\/www.tiktok.com\\\/@uartesec\"]},{\"@type\":\"Person\",\"@id\":\"https:\\\/\\\/www.uartes.edu.ec\\\/sitio\\\/fr\\\/#\\\/schema\\\/person\\\/efa1b8275797664fd7f13a79ccc0b1f4\",\"name\":\"ccortez\",\"image\":{\"@type\":\"ImageObject\",\"inLanguage\":\"fr-FR\",\"@id\":\"https:\\\/\\\/secure.gravatar.com\\\/avatar\\\/b2a6f664a3ae8e074346ef91775736c5ec479e637ecced6842de9dc98b5da9cd?s=96&d=mm&r=g\",\"url\":\"https:\\\/\\\/secure.gravatar.com\\\/avatar\\\/b2a6f664a3ae8e074346ef91775736c5ec479e637ecced6842de9dc98b5da9cd?s=96&d=mm&r=g\",\"contentUrl\":\"https:\\\/\\\/secure.gravatar.com\\\/avatar\\\/b2a6f664a3ae8e074346ef91775736c5ec479e637ecced6842de9dc98b5da9cd?s=96&d=mm&r=g\",\"caption\":\"ccortez\"},\"url\":\"https:\\\/\\\/www.uartes.edu.ec\\\/sitio\\\/fr\\\/blog\\\/author\\\/ccortez\\\/\"}]}<\/script>\n<!-- \/ Yoast SEO plugin. -->","yoast_head_json":{"title":"Universidad de las Artes - Charla literaria \u201cEn los pasos de Adso de Melk\u201d dio en Lanfor Abierta otra mirada a \u201cEl nombre de la rosa\u201d de Umberto Eco","description":"Universidad de las Artes - Charla literaria \u201cEn los pasos de Adso de Melk\u201d dio en Lanfor Abierta otra mirada a \u201cEl nombre de la rosa\u201d de Umberto Eco","robots":{"index":"index","follow":"follow","max-snippet":"max-snippet:-1","max-image-preview":"max-image-preview:large","max-video-preview":"max-video-preview:-1"},"canonical":"https:\/\/www.uartes.edu.ec\/sitio\/fr\/blog\/2025\/04\/24\/charla-literaria-en-los-pasos-de-adso-de-melk-dio-en-lanfor-abierta-otra-mirada-a-el-nombre-de-la-rosa\/","og_locale":"fr_FR","og_type":"article","og_title":"Universidad de las Artes - Charla literaria \u201cEn los pasos de Adso de Melk\u201d dio en Lanfor Abierta otra mirada a \u201cEl nombre de la rosa\u201d de Umberto Eco","og_description":"Universidad de las Artes - Charla literaria \u201cEn los pasos de Adso de Melk\u201d dio en Lanfor Abierta otra mirada a \u201cEl nombre de la rosa\u201d de Umberto Eco","og_url":"https:\/\/www.uartes.edu.ec\/sitio\/fr\/blog\/2025\/04\/24\/charla-literaria-en-los-pasos-de-adso-de-melk-dio-en-lanfor-abierta-otra-mirada-a-el-nombre-de-la-rosa\/","og_site_name":"Universidad de las Artes","article_publisher":"https:\/\/www.facebook.com\/uartesec","article_published_time":"2025-04-24T21:21:00+00:00","article_modified_time":"2025-05-01T16:25:56+00:00","og_image":[{"width":2000,"height":1333,"url":"https:\/\/www.uartes.edu.ec\/sitio\/wp-content\/uploads\/2025\/05\/01-CHARLA-LANFOR-Katehrine-Martinez.jpg","type":"image\/jpeg"}],"author":"ccortez","twitter_card":"summary_large_image","twitter_creator":"@uartesec","twitter_site":"@uartesec","twitter_misc":{"\u00c9crit par":"ccortez","Dur\u00e9e de lecture estim\u00e9e":"3 minutes"},"schema":{"@context":"https:\/\/schema.org","@graph":[{"@type":"Article","@id":"https:\/\/www.uartes.edu.ec\/sitio\/fr\/blog\/2025\/04\/24\/charla-literaria-en-los-pasos-de-adso-de-melk-dio-en-lanfor-abierta-otra-mirada-a-el-nombre-de-la-rosa\/#article","isPartOf":{"@id":"https:\/\/www.uartes.edu.ec\/sitio\/fr\/blog\/2025\/04\/24\/charla-literaria-en-los-pasos-de-adso-de-melk-dio-en-lanfor-abierta-otra-mirada-a-el-nombre-de-la-rosa\/"},"author":{"name":"ccortez","@id":"https:\/\/www.uartes.edu.ec\/sitio\/fr\/#\/schema\/person\/efa1b8275797664fd7f13a79ccc0b1f4"},"headline":"Charla literaria \u201cEn los pasos de Adso de Melk\u201d dio en Lanfor Abierta otra mirada a \u201cEl nombre de la rosa\u201d de Umberto Eco","datePublished":"2025-04-24T21:21:00+00:00","dateModified":"2025-05-01T16:25:56+00:00","mainEntityOfPage":{"@id":"https:\/\/www.uartes.edu.ec\/sitio\/fr\/blog\/2025\/04\/24\/charla-literaria-en-los-pasos-de-adso-de-melk-dio-en-lanfor-abierta-otra-mirada-a-el-nombre-de-la-rosa\/"},"wordCount":563,"commentCount":0,"publisher":{"@id":"https:\/\/www.uartes.edu.ec\/sitio\/fr\/#organization"},"image":{"@id":"https:\/\/www.uartes.edu.ec\/sitio\/fr\/blog\/2025\/04\/24\/charla-literaria-en-los-pasos-de-adso-de-melk-dio-en-lanfor-abierta-otra-mirada-a-el-nombre-de-la-rosa\/#primaryimage"},"thumbnailUrl":"https:\/\/www.uartes.edu.ec\/sitio\/wp-content\/uploads\/2025\/05\/01-CHARLA-LANFOR-Katehrine-Martinez.jpg","keywords":["biblioteca"],"articleSection":["Acad\u00e9mico","Alumni","Docentes","Estudiantes","Sedes"],"inLanguage":"fr-FR","potentialAction":[{"@type":"CommentAction","name":"Comment","target":["https:\/\/www.uartes.edu.ec\/sitio\/fr\/blog\/2025\/04\/24\/charla-literaria-en-los-pasos-de-adso-de-melk-dio-en-lanfor-abierta-otra-mirada-a-el-nombre-de-la-rosa\/#respond"]}]},{"@type":["WebPage","ItemPage"],"@id":"https:\/\/www.uartes.edu.ec\/sitio\/fr\/blog\/2025\/04\/24\/charla-literaria-en-los-pasos-de-adso-de-melk-dio-en-lanfor-abierta-otra-mirada-a-el-nombre-de-la-rosa\/","url":"https:\/\/www.uartes.edu.ec\/sitio\/fr\/blog\/2025\/04\/24\/charla-literaria-en-los-pasos-de-adso-de-melk-dio-en-lanfor-abierta-otra-mirada-a-el-nombre-de-la-rosa\/","name":"Universidad de las Artes - Charla literaria \u201cEn los pasos de Adso de Melk\u201d dio en Lanfor Abierta otra mirada a \u201cEl nombre de la rosa\u201d de Umberto Eco","isPartOf":{"@id":"https:\/\/www.uartes.edu.ec\/sitio\/fr\/#website"},"primaryImageOfPage":{"@id":"https:\/\/www.uartes.edu.ec\/sitio\/fr\/blog\/2025\/04\/24\/charla-literaria-en-los-pasos-de-adso-de-melk-dio-en-lanfor-abierta-otra-mirada-a-el-nombre-de-la-rosa\/#primaryimage"},"image":{"@id":"https:\/\/www.uartes.edu.ec\/sitio\/fr\/blog\/2025\/04\/24\/charla-literaria-en-los-pasos-de-adso-de-melk-dio-en-lanfor-abierta-otra-mirada-a-el-nombre-de-la-rosa\/#primaryimage"},"thumbnailUrl":"https:\/\/www.uartes.edu.ec\/sitio\/wp-content\/uploads\/2025\/05\/01-CHARLA-LANFOR-Katehrine-Martinez.jpg","datePublished":"2025-04-24T21:21:00+00:00","dateModified":"2025-05-01T16:25:56+00:00","description":"Universidad de las Artes - Charla literaria \u201cEn los pasos de Adso de Melk\u201d dio en Lanfor Abierta otra mirada a \u201cEl nombre de la rosa\u201d de Umberto Eco","breadcrumb":{"@id":"https:\/\/www.uartes.edu.ec\/sitio\/fr\/blog\/2025\/04\/24\/charla-literaria-en-los-pasos-de-adso-de-melk-dio-en-lanfor-abierta-otra-mirada-a-el-nombre-de-la-rosa\/#breadcrumb"},"inLanguage":"fr-FR","potentialAction":[{"@type":"ReadAction","target":["https:\/\/www.uartes.edu.ec\/sitio\/fr\/blog\/2025\/04\/24\/charla-literaria-en-los-pasos-de-adso-de-melk-dio-en-lanfor-abierta-otra-mirada-a-el-nombre-de-la-rosa\/"]}]},{"@type":"ImageObject","inLanguage":"fr-FR","@id":"https:\/\/www.uartes.edu.ec\/sitio\/fr\/blog\/2025\/04\/24\/charla-literaria-en-los-pasos-de-adso-de-melk-dio-en-lanfor-abierta-otra-mirada-a-el-nombre-de-la-rosa\/#primaryimage","url":"https:\/\/www.uartes.edu.ec\/sitio\/wp-content\/uploads\/2025\/05\/01-CHARLA-LANFOR-Katehrine-Martinez.jpg","contentUrl":"https:\/\/www.uartes.edu.ec\/sitio\/wp-content\/uploads\/2025\/05\/01-CHARLA-LANFOR-Katehrine-Martinez.jpg","width":2000,"height":1333},{"@type":"BreadcrumbList","@id":"https:\/\/www.uartes.edu.ec\/sitio\/fr\/blog\/2025\/04\/24\/charla-literaria-en-los-pasos-de-adso-de-melk-dio-en-lanfor-abierta-otra-mirada-a-el-nombre-de-la-rosa\/#breadcrumb","itemListElement":[{"@type":"ListItem","position":1,"name":"Inicio","item":"https:\/\/www.uartes.edu.ec\/sitio\/"},{"@type":"ListItem","position":2,"name":"Charla literaria \u201cEn los pasos de Adso de Melk\u201d dio en Lanfor Abierta otra mirada a \u201cEl nombre de la rosa\u201d de Umberto Eco"}]},{"@type":"WebSite","@id":"https:\/\/www.uartes.edu.ec\/sitio\/fr\/#website","url":"https:\/\/www.uartes.edu.ec\/sitio\/fr\/","name":"Universidad de las Artes","description":"Sitio oficial de la Universidad Nacional de las Artes del Ecuador","publisher":{"@id":"https:\/\/www.uartes.edu.ec\/sitio\/fr\/#organization"},"potentialAction":[{"@type":"SearchAction","target":{"@type":"EntryPoint","urlTemplate":"https:\/\/www.uartes.edu.ec\/sitio\/fr\/?s={search_term_string}"},"query-input":{"@type":"PropertyValueSpecification","valueRequired":true,"valueName":"search_term_string"}}],"inLanguage":"fr-FR"},{"@type":"Organization","@id":"https:\/\/www.uartes.edu.ec\/sitio\/fr\/#organization","name":"Universidad de las Artes","url":"https:\/\/www.uartes.edu.ec\/sitio\/fr\/","logo":{"@type":"ImageObject","inLanguage":"fr-FR","@id":"https:\/\/www.uartes.edu.ec\/sitio\/fr\/#\/schema\/logo\/image\/","url":"https:\/\/www.uartes.edu.ec\/sitio\/wp-content\/uploads\/2022\/07\/logo-ua-horizontal.png","contentUrl":"https:\/\/www.uartes.edu.ec\/sitio\/wp-content\/uploads\/2022\/07\/logo-ua-horizontal.png","width":800,"height":276,"caption":"Universidad de las Artes"},"image":{"@id":"https:\/\/www.uartes.edu.ec\/sitio\/fr\/#\/schema\/logo\/image\/"},"sameAs":["https:\/\/www.facebook.com\/uartesec","https:\/\/x.com\/uartesec","https:\/\/www.tiktok.com\/@uartesec"]},{"@type":"Person","@id":"https:\/\/www.uartes.edu.ec\/sitio\/fr\/#\/schema\/person\/efa1b8275797664fd7f13a79ccc0b1f4","name":"ccortez","image":{"@type":"ImageObject","inLanguage":"fr-FR","@id":"https:\/\/secure.gravatar.com\/avatar\/b2a6f664a3ae8e074346ef91775736c5ec479e637ecced6842de9dc98b5da9cd?s=96&d=mm&r=g","url":"https:\/\/secure.gravatar.com\/avatar\/b2a6f664a3ae8e074346ef91775736c5ec479e637ecced6842de9dc98b5da9cd?s=96&d=mm&r=g","contentUrl":"https:\/\/secure.gravatar.com\/avatar\/b2a6f664a3ae8e074346ef91775736c5ec479e637ecced6842de9dc98b5da9cd?s=96&d=mm&r=g","caption":"ccortez"},"url":"https:\/\/www.uartes.edu.ec\/sitio\/fr\/blog\/author\/ccortez\/"}]}},"uagb_featured_image_src":{"full":["https:\/\/www.uartes.edu.ec\/sitio\/wp-content\/uploads\/2025\/05\/01-CHARLA-LANFOR-Katehrine-Martinez.jpg",2000,1333,false],"thumbnail":["https:\/\/www.uartes.edu.ec\/sitio\/wp-content\/uploads\/2025\/05\/01-CHARLA-LANFOR-Katehrine-Martinez-150x150.jpg",150,150,true],"medium":["https:\/\/www.uartes.edu.ec\/sitio\/wp-content\/uploads\/2025\/05\/01-CHARLA-LANFOR-Katehrine-Martinez-300x200.jpg",300,200,true],"medium_large":["https:\/\/www.uartes.edu.ec\/sitio\/wp-content\/uploads\/2025\/05\/01-CHARLA-LANFOR-Katehrine-Martinez-768x512.jpg",768,512,true],"large":["https:\/\/www.uartes.edu.ec\/sitio\/wp-content\/uploads\/2025\/05\/01-CHARLA-LANFOR-Katehrine-Martinez-644x429.jpg",644,429,true],"1536x1536":["https:\/\/www.uartes.edu.ec\/sitio\/wp-content\/uploads\/2025\/05\/01-CHARLA-LANFOR-Katehrine-Martinez-1536x1024.jpg",1536,1024,true],"2048x2048":["https:\/\/www.uartes.edu.ec\/sitio\/wp-content\/uploads\/2025\/05\/01-CHARLA-LANFOR-Katehrine-Martinez.jpg",2000,1333,false],"trp-custom-language-flag":["https:\/\/www.uartes.edu.ec\/sitio\/wp-content\/uploads\/2025\/05\/01-CHARLA-LANFOR-Katehrine-Martinez-18x12.jpg",18,12,true],"htmega_size_585x295":["https:\/\/www.uartes.edu.ec\/sitio\/wp-content\/uploads\/2025\/05\/01-CHARLA-LANFOR-Katehrine-Martinez-585x295.jpg",585,295,true],"htmega_size_1170x536":["https:\/\/www.uartes.edu.ec\/sitio\/wp-content\/uploads\/2025\/05\/01-CHARLA-LANFOR-Katehrine-Martinez-1170x536.jpg",1170,536,true],"htmega_size_396x360":["https:\/\/www.uartes.edu.ec\/sitio\/wp-content\/uploads\/2025\/05\/01-CHARLA-LANFOR-Katehrine-Martinez-396x360.jpg",396,360,true],"gb-block-post-grid-landscape":["https:\/\/www.uartes.edu.ec\/sitio\/wp-content\/uploads\/2025\/05\/01-CHARLA-LANFOR-Katehrine-Martinez-600x400.jpg",600,400,true],"gb-block-post-grid-square":["https:\/\/www.uartes.edu.ec\/sitio\/wp-content\/uploads\/2025\/05\/01-CHARLA-LANFOR-Katehrine-Martinez-600x600.jpg",600,600,true],"university-hub-thumb":["https:\/\/www.uartes.edu.ec\/sitio\/wp-content\/uploads\/2025\/05\/01-CHARLA-LANFOR-Katehrine-Martinez-400x267.jpg",400,267,true],"mailpoet_newsletter_max":["https:\/\/www.uartes.edu.ec\/sitio\/wp-content\/uploads\/2025\/05\/01-CHARLA-LANFOR-Katehrine-Martinez.jpg",1320,880,false]},"uagb_author_info":{"display_name":"ccortez","author_link":"https:\/\/www.uartes.edu.ec\/sitio\/fr\/blog\/author\/ccortez\/"},"uagb_comment_info":0,"uagb_excerpt":"\u201cEn los pasos de Adso de Melk\u201d. Para quienes gustan de la lectura seguramente el t\u00edtulo que la acad\u00e9mica Katherine Mart\u00ednez dio a la charla literaria con la que particip\u00f3 en Lanfor Abierta les traiga a la memoria la novela de Umberto Eco: \u201cEl nombre de la rosa\u201d, obra que inspir\u00f3 la pel\u00edcula hom\u00f3nima que\u2026","featured_image_src":"https:\/\/www.uartes.edu.ec\/sitio\/wp-content\/uploads\/2025\/05\/01-CHARLA-LANFOR-Katehrine-Martinez-600x400.jpg","featured_image_src_square":"https:\/\/www.uartes.edu.ec\/sitio\/wp-content\/uploads\/2025\/05\/01-CHARLA-LANFOR-Katehrine-Martinez-600x600.jpg","author_info":{"display_name":"ccortez","author_link":"https:\/\/www.uartes.edu.ec\/sitio\/fr\/blog\/author\/ccortez\/"},"publishpress_future_workflow_manual_trigger":{"enabledWorkflows":[]},"distributor_meta":false,"distributor_terms":false,"distributor_media":false,"distributor_original_site_name":"Universidad de las Artes","distributor_original_site_url":"https:\/\/www.uartes.edu.ec\/sitio\/fr","push-errors":false,"_links":{"self":[{"href":"https:\/\/www.uartes.edu.ec\/sitio\/fr\/wp-json\/wp\/v2\/posts\/70943","targetHints":{"allow":["GET"]}}],"collection":[{"href":"https:\/\/www.uartes.edu.ec\/sitio\/fr\/wp-json\/wp\/v2\/posts"}],"about":[{"href":"https:\/\/www.uartes.edu.ec\/sitio\/fr\/wp-json\/wp\/v2\/types\/post"}],"author":[{"embeddable":true,"href":"https:\/\/www.uartes.edu.ec\/sitio\/fr\/wp-json\/wp\/v2\/users\/10"}],"replies":[{"embeddable":true,"href":"https:\/\/www.uartes.edu.ec\/sitio\/fr\/wp-json\/wp\/v2\/comments?post=70943"}],"version-history":[{"count":6,"href":"https:\/\/www.uartes.edu.ec\/sitio\/fr\/wp-json\/wp\/v2\/posts\/70943\/revisions"}],"predecessor-version":[{"id":70965,"href":"https:\/\/www.uartes.edu.ec\/sitio\/fr\/wp-json\/wp\/v2\/posts\/70943\/revisions\/70965"}],"wp:featuredmedia":[{"embeddable":true,"href":"https:\/\/www.uartes.edu.ec\/sitio\/fr\/wp-json\/wp\/v2\/media\/70944"}],"wp:attachment":[{"href":"https:\/\/www.uartes.edu.ec\/sitio\/fr\/wp-json\/wp\/v2\/media?parent=70943"}],"wp:term":[{"taxonomy":"category","embeddable":true,"href":"https:\/\/www.uartes.edu.ec\/sitio\/fr\/wp-json\/wp\/v2\/categories?post=70943"},{"taxonomy":"post_tag","embeddable":true,"href":"https:\/\/www.uartes.edu.ec\/sitio\/fr\/wp-json\/wp\/v2\/tags?post=70943"},{"taxonomy":"infouartes","embeddable":true,"href":"https:\/\/www.uartes.edu.ec\/sitio\/fr\/wp-json\/wp\/v2\/infouartes?post=70943"}],"curies":[{"name":"wp","href":"https:\/\/api.w.org\/{rel}","templated":true}]}}