{"id":7112,"date":"2020-05-21T21:58:00","date_gmt":"2020-05-22T02:58:00","guid":{"rendered":"http:\/\/www.uartes.edu.ec\/sitio\/?p=7112"},"modified":"2024-07-04T11:43:07","modified_gmt":"2024-07-04T16:43:07","slug":"bienvenida-e-induccion-virtual-a-los-estudiantes-de-nivelacion","status":"publish","type":"post","link":"https:\/\/www.uartes.edu.ec\/sitio\/fr\/blog\/2020\/05\/21\/bienvenida-e-induccion-virtual-a-los-estudiantes-de-nivelacion\/","title":{"rendered":"Bienvenida e inducci\u00f3n virtual a los estudiantes de Nivelaci\u00f3n"},"content":{"rendered":"<p>El Departamento de Nivelaci\u00f3n de la Universidad de las Artes dio este mi\u00e9rcoles 20 de mayo de 2020 la bienvenida a los estudiantes que dar\u00e1n \u2013desde el pr\u00f3ximo martes 26, con el inicio de clases\u2013 el primer paso de su ingreso a la UArtes. La inducci\u00f3n se realiz\u00f3 de manera virtual, v\u00eda videoconferencia y a trav\u00e9s de la plataforma Zoom. El anfitri\u00f3n, Jefferson Cabrera, inici\u00f3 la reuni\u00f3n recibiendo a los m\u00e1s de 100 alumnos que se conectaron en cada una de las dos citas que tuvo la actividad, a las 11:00 y 15:00.<\/p>\n\n\n\n<p>La representante de Secretar\u00eda Acad\u00e9mica, Doris Romero, se\u00f1al\u00f3 las competencias de su \u00e1rea, qui\u00e9nes la integran y la predisposici\u00f3n para colaborar con todos. Por su parte, la docente Lisbeth D\u00e1vila, jefa del Departamento de Nivelaci\u00f3n, coment\u00f3 lo complicado que ha sido proceso. \u201cMuchos de ustedes escrib\u00edan preguntando qu\u00e9 iba a pasar porque mientras la Senescyt no daba paso a la asignaci\u00f3n de cupos, no se pod\u00eda hacer nada. Este se dio y los felicit\u00f3 por obtener un cupo. Lograron pasar el proceso de admisi\u00f3n, el cual tiene sus etapas porque en la UArtes este paso no es como en las dem\u00e1s instituciones acad\u00e9micas; en la etapa previa hay audiciones y entrevistas\u201d.<\/p>\n\n\n\n<p>Acorde al cronograma de Secretar\u00eda Acad\u00e9mica de la UArtes, del lunes 11 al mi\u00e9rcoles 13 de mayo se realiz\u00f3 la encuesta de accesibilidad para educaci\u00f3n en l\u00ednea; el jueves 14, se hizo el env\u00edo del instructivo de matriculaci\u00f3n a aspirantes que aceptaron cupo; y, hasta el domingo 17, se efectu\u00f3 tanto el env\u00edo como la recepci\u00f3n de la ficha de registro de matr\u00edcula, as\u00ed como los documentos habilitantes. Las matr\u00edculas son hoy, jueves 21 de mayo, y ma\u00f1ana, viernes 22, las capacitaciones y creaci\u00f3n de perfiles en campo virtual.<\/p>\n\n\n\n<p>Lisbeth D\u00e1vila indic\u00f3 a los estudiantes de Nivelaci\u00f3n que de ellos depend\u00eda mantenerse y aprobar el curso, participando en&nbsp; las diferentes actividades y entregando la tarea de la manera correcta. \u201cPor favor demuestren que el cupo fue asignado a alguien que lo valor\u00f3\u201d, recomend\u00f3 en las dos reuniones que presidi\u00f3. Indic\u00f3 tambi\u00e9n c\u00f3mo funciona el Sistema de Gesti\u00f3n Acad\u00e9mica (SGA) y la plataforma de educaci\u00f3n virtual para el I Semestre 2020.<\/p>\n\n\n\n<p>Uno a uno se present\u00f3 a varios de los docentes, quienes dieron la bienvenida al alumnado y detallaron las asignaturas a su cargo, el proceso acad\u00e9mico a seguir y lo que representa dar el primer paso en su preparaci\u00f3n. Joaqu\u00edn Serrano, Jaime Silva, Elena Gui, Janina Su\u00e1rez, Andrea Crespo, Cristian Armijos, entre otros, tomaron la palabra e interactuaron respondiendo a varias de las inquietudes de los conectados.<\/p>\n\n\n\n<p>Joaqu\u00edn Serrano, de la Escuela de Artes Visuales, invit\u00f3 a tomar iniciativas para crear grupos en whatssapp y mantenerse comunicados la mayor parte del tiempo. Tambi\u00e9n se refiri\u00f3 al dibujo, el cual, anot\u00f3, es comunicaci\u00f3n. \u201cHace dibujos con el cuerpo el artista de la danza en el escenario al hacer una coreograf\u00eda; el actor de teatro que sigue un trazo que da el guion; el que patina y va dejando una l\u00ednea\u201d.<\/p>\n\n\n\n<p>Jaime Silva mencion\u00f3 que estos entornos virtuales permiten la cercan\u00eda y el enlace en los momentos actuales marcados por la cuarentena. \u201cEntrar a la UArtes representa la posibilidad de llegar a tener una formaci\u00f3n libre, culta, con criterio, independiente y juiciosa; esta situaci\u00f3n hace que tengamos un panorama abierto de lo que es el mundo\u201d.<\/p>\n\n\n\n<p>Anot\u00f3 que las dudas e inquietudes que tengan, referente a materias y a los docentes que las impartir\u00e1n, las ir\u00e1n despejando poco a poco y en la medida en que entren a la plataforma virtual en la que trabajar\u00e1n. \u201cCon la asignatura Introducci\u00f3n a la Comunicaci\u00f3n Acad\u00e9mica van a desarrollar emprendimientos\u201d, dijo y pidi\u00f3 predisposici\u00f3n para acceder a la plataforma. \u201cVamos a poner de nuestra parte para que las actividades a desarrollar sean a conciencia. Tener conciencia de la oportunidad que tenemos entre manos, es lo que m\u00e1s podemos rescatar del momento dif\u00edcil que atraviesa el pa\u00eds y el mundo\u201d.<\/p>\n\n\n\n<p>Elena Gui tuvo problemas con su c\u00e1mara y pese a que solo se la pudo escuchar, supo transmitir mucha energ\u00eda. Que tendr\u00eda como materia Proyecto Transdisciplinar, se\u00f1al\u00f3 y detall\u00f3 que su prop\u00f3sito ser\u00e1 ense\u00f1ar a trabajar desde uno mismo, en el autodescubrimiento. \u201cNo habr\u00e1 cercan\u00eda ni presencia, pero s\u00ed un trabajo colaborativo\u201d, expres\u00f3.<\/p>\n\n\n\n<p>Janina Su\u00e1rez coment\u00f3 lo agradable y significativo de tener Nivelaci\u00f3n. \u201cDesde la pr\u00f3xima semana aprender\u00e1n todos a adaptarse a las nuevas circunstancias\u201d, sostuvo y mencion\u00f3 que la distancia social debe ser vista como una oportunidad para crear. \u201cHacer un buceo de la resiliencia, entendida como que todo lo que hemos pasado sirva para darnos mayor fuerza, cuidarnos y afrontar la adversidad desde otra perspectiva\u201d, subray\u00f3 mientras en la pantalla se le\u00eda el contenido de la diapositiva que prepar\u00f3: \u201cLos proyectos integran saberes, competencias y desempe\u00f1os del proceso nivelatorio. Dichos proyectos engloban la din\u00e1mica del trabajo y esfuerzos colaborativos, as\u00ed como experiencias para que cada estudiante construya una lectura propia y abordaje de la realidad, contextualiz\u00e1ndola, transversaliz\u00e1ndola y aplic\u00e1ndola al mundo de la vida\u201d.<\/p>\n\n\n\n<p>Andrea Crespo, en sus dos intervenciones, mencion\u00f3 que tendr\u00e1 a su cargo las materias Introducci\u00f3n a la Comunicaci\u00f3n Academia (ICA) y Proyecto Transdisciplinar. La primera tiene que ver con el lenguaje, \u201caprender\u00e1n a reflexionar sobre \u00e9l y la escritura correcta, pero no es solo una clase de gram\u00e1tica (\u2026). Vamos a ver el lenguaje con mucha sospecha, vamos a ver el an\u00e1lisis del discurso\u201d. Su segunda asignatura es una clase nueva que mezcla dos materias. \u201cHar\u00e1n una obra de arte desde la escritura, una pieza musical, una pintura\u2026 vamos a crear un museo virtual cuyo eje ser\u00e1 c\u00f3mo sobrevivimos la pandemia\u201d.<\/p>\n\n\n\n<p>Cristian Armijo, de Literatura, resalt\u00f3 la importancia del di\u00e1logo. \u201cEn la coyuntura de esta pandemia es a trav\u00e9s de estas lecturas de la plataforma virtual que vamos a crear di\u00e1logo; vamos a hacer peque\u00f1os textos, bas\u00e1ndonos en caracter\u00edsticas propias de cada uno de estos referentes. Haremos poemas medievales, cuentos g\u00f3ticos, rom\u00e1nticos, m\u00e1s realistas; haremos estos di\u00e1logos para conocer m\u00e1s de la Literatura e ir respondiendo a estos vastos conocimientos\u201d.<\/p>","protected":false},"excerpt":{"rendered":"<p>El Departamento de Nivelaci\u00f3n de la Universidad de las Artes dio este mi\u00e9rcoles 20 de mayo de 2020 la bienvenida a los estudiantes que dar\u00e1n \u2013desde el pr\u00f3ximo martes 26, con el inicio de clases\u2013 el primer paso de su ingreso a la UArtes. La inducci\u00f3n se realiz\u00f3 de manera virtual, v\u00eda videoconferencia y a trav\u00e9s de la plataforma Zoom. El anfitri\u00f3n, Jefferson Cabrera, inici\u00f3 la reuni\u00f3n recibiendo a los m\u00e1s de 100 alumnos que se conectaron en cada una de las dos citas que tuvo la actividad, a las 11:00 y 15:00. <\/p>","protected":false},"author":1,"featured_media":7114,"comment_status":"closed","ping_status":"closed","sticky":false,"template":"","format":"standard","meta":{"_acf_changed":false,"_uag_custom_page_level_css":"","_monsterinsights_skip_tracking":false,"_monsterinsights_sitenote_active":false,"_monsterinsights_sitenote_note":"","_monsterinsights_sitenote_category":0,"cybocfi_hide_featured_image":"","footnotes":""},"categories":[80,76],"tags":[211],"infouartes":[],"class_list":["post-7112","post","type-post","status-publish","format-standard","has-post-thumbnail","hentry","category-academico","category-estudiantes","tag-covid19"],"acf":[],"yoast_head":"<!-- This site is optimized with the Yoast SEO plugin v27.4 - https:\/\/yoast.com\/product\/yoast-seo-wordpress\/ -->\n<title>Universidad de las Artes - Bienvenida e inducci\u00f3n virtual a los estudiantes de Nivelaci\u00f3n<\/title>\n<meta name=\"description\" content=\"Universidad de las Artes - Bienvenida e inducci\u00f3n virtual a los estudiantes de Nivelaci\u00f3n\" \/>\n<meta name=\"robots\" content=\"index, follow, max-snippet:-1, max-image-preview:large, max-video-preview:-1\" \/>\n<link rel=\"canonical\" href=\"https:\/\/www.uartes.edu.ec\/sitio\/fr\/blog\/2020\/05\/21\/bienvenida-e-induccion-virtual-a-los-estudiantes-de-nivelacion\/\" \/>\n<meta property=\"og:locale\" content=\"fr_FR\" \/>\n<meta property=\"og:type\" content=\"article\" \/>\n<meta property=\"og:title\" content=\"Universidad de las Artes - Bienvenida e inducci\u00f3n virtual a los estudiantes de Nivelaci\u00f3n\" \/>\n<meta property=\"og:description\" content=\"Universidad de las Artes - Bienvenida e inducci\u00f3n virtual a los estudiantes de Nivelaci\u00f3n\" \/>\n<meta property=\"og:url\" content=\"https:\/\/www.uartes.edu.ec\/sitio\/fr\/blog\/2020\/05\/21\/bienvenida-e-induccion-virtual-a-los-estudiantes-de-nivelacion\/\" \/>\n<meta property=\"og:site_name\" content=\"Universidad de las Artes\" \/>\n<meta property=\"article:publisher\" content=\"https:\/\/www.facebook.com\/uartesec\" \/>\n<meta property=\"article:published_time\" content=\"2020-05-22T02:58:00+00:00\" \/>\n<meta property=\"article:modified_time\" content=\"2024-07-04T16:43:07+00:00\" \/>\n<meta property=\"og:image\" content=\"https:\/\/www.uartes.edu.ec\/sitio\/wp-content\/uploads\/2020\/05\/NIVELACION-1.jpg\" \/>\n\t<meta property=\"og:image:width\" content=\"1030\" \/>\n\t<meta property=\"og:image:height\" content=\"686\" \/>\n\t<meta property=\"og:image:type\" content=\"image\/jpeg\" \/>\n<meta name=\"author\" content=\"Universidad de las Artes\" \/>\n<meta name=\"twitter:card\" content=\"summary_large_image\" \/>\n<meta name=\"twitter:creator\" content=\"@uartesec\" \/>\n<meta name=\"twitter:site\" content=\"@uartesec\" \/>\n<meta name=\"twitter:label1\" content=\"\u00c9crit par\" \/>\n\t<meta name=\"twitter:data1\" content=\"Universidad de las Artes\" \/>\n\t<meta name=\"twitter:label2\" content=\"Dur\u00e9e de lecture estim\u00e9e\" \/>\n\t<meta name=\"twitter:data2\" content=\"5 minutes\" \/>\n<script type=\"application\/ld+json\" class=\"yoast-schema-graph\">{\"@context\":\"https:\\\/\\\/schema.org\",\"@graph\":[{\"@type\":\"Article\",\"@id\":\"https:\\\/\\\/www.uartes.edu.ec\\\/sitio\\\/fr\\\/blog\\\/2020\\\/05\\\/21\\\/bienvenida-e-induccion-virtual-a-los-estudiantes-de-nivelacion\\\/#article\",\"isPartOf\":{\"@id\":\"https:\\\/\\\/www.uartes.edu.ec\\\/sitio\\\/fr\\\/blog\\\/2020\\\/05\\\/21\\\/bienvenida-e-induccion-virtual-a-los-estudiantes-de-nivelacion\\\/\"},\"author\":{\"name\":\"Universidad de las Artes\",\"@id\":\"https:\\\/\\\/www.uartes.edu.ec\\\/sitio\\\/fr\\\/#\\\/schema\\\/person\\\/f33f8c1d2af0d5c80a38c8abf458184a\"},\"headline\":\"Bienvenida e inducci\u00f3n virtual a los estudiantes de Nivelaci\u00f3n\",\"datePublished\":\"2020-05-22T02:58:00+00:00\",\"dateModified\":\"2024-07-04T16:43:07+00:00\",\"mainEntityOfPage\":{\"@id\":\"https:\\\/\\\/www.uartes.edu.ec\\\/sitio\\\/fr\\\/blog\\\/2020\\\/05\\\/21\\\/bienvenida-e-induccion-virtual-a-los-estudiantes-de-nivelacion\\\/\"},\"wordCount\":1103,\"publisher\":{\"@id\":\"https:\\\/\\\/www.uartes.edu.ec\\\/sitio\\\/fr\\\/#organization\"},\"image\":{\"@id\":\"https:\\\/\\\/www.uartes.edu.ec\\\/sitio\\\/fr\\\/blog\\\/2020\\\/05\\\/21\\\/bienvenida-e-induccion-virtual-a-los-estudiantes-de-nivelacion\\\/#primaryimage\"},\"thumbnailUrl\":\"https:\\\/\\\/www.uartes.edu.ec\\\/sitio\\\/wp-content\\\/uploads\\\/2020\\\/05\\\/NIVELACION-1.jpg\",\"keywords\":[\"covid19\"],\"articleSection\":[\"Acad\u00e9mico\",\"Estudiantes\"],\"inLanguage\":\"fr-FR\"},{\"@type\":[\"WebPage\",\"ItemPage\"],\"@id\":\"https:\\\/\\\/www.uartes.edu.ec\\\/sitio\\\/fr\\\/blog\\\/2020\\\/05\\\/21\\\/bienvenida-e-induccion-virtual-a-los-estudiantes-de-nivelacion\\\/\",\"url\":\"https:\\\/\\\/www.uartes.edu.ec\\\/sitio\\\/fr\\\/blog\\\/2020\\\/05\\\/21\\\/bienvenida-e-induccion-virtual-a-los-estudiantes-de-nivelacion\\\/\",\"name\":\"Universidad de las Artes - Bienvenida e inducci\u00f3n virtual a los estudiantes de Nivelaci\u00f3n\",\"isPartOf\":{\"@id\":\"https:\\\/\\\/www.uartes.edu.ec\\\/sitio\\\/fr\\\/#website\"},\"primaryImageOfPage\":{\"@id\":\"https:\\\/\\\/www.uartes.edu.ec\\\/sitio\\\/fr\\\/blog\\\/2020\\\/05\\\/21\\\/bienvenida-e-induccion-virtual-a-los-estudiantes-de-nivelacion\\\/#primaryimage\"},\"image\":{\"@id\":\"https:\\\/\\\/www.uartes.edu.ec\\\/sitio\\\/fr\\\/blog\\\/2020\\\/05\\\/21\\\/bienvenida-e-induccion-virtual-a-los-estudiantes-de-nivelacion\\\/#primaryimage\"},\"thumbnailUrl\":\"https:\\\/\\\/www.uartes.edu.ec\\\/sitio\\\/wp-content\\\/uploads\\\/2020\\\/05\\\/NIVELACION-1.jpg\",\"datePublished\":\"2020-05-22T02:58:00+00:00\",\"dateModified\":\"2024-07-04T16:43:07+00:00\",\"description\":\"Universidad de las Artes - Bienvenida e inducci\u00f3n virtual a los estudiantes de Nivelaci\u00f3n\",\"breadcrumb\":{\"@id\":\"https:\\\/\\\/www.uartes.edu.ec\\\/sitio\\\/fr\\\/blog\\\/2020\\\/05\\\/21\\\/bienvenida-e-induccion-virtual-a-los-estudiantes-de-nivelacion\\\/#breadcrumb\"},\"inLanguage\":\"fr-FR\",\"potentialAction\":[{\"@type\":\"ReadAction\",\"target\":[\"https:\\\/\\\/www.uartes.edu.ec\\\/sitio\\\/fr\\\/blog\\\/2020\\\/05\\\/21\\\/bienvenida-e-induccion-virtual-a-los-estudiantes-de-nivelacion\\\/\"]}]},{\"@type\":\"ImageObject\",\"inLanguage\":\"fr-FR\",\"@id\":\"https:\\\/\\\/www.uartes.edu.ec\\\/sitio\\\/fr\\\/blog\\\/2020\\\/05\\\/21\\\/bienvenida-e-induccion-virtual-a-los-estudiantes-de-nivelacion\\\/#primaryimage\",\"url\":\"https:\\\/\\\/www.uartes.edu.ec\\\/sitio\\\/wp-content\\\/uploads\\\/2020\\\/05\\\/NIVELACION-1.jpg\",\"contentUrl\":\"https:\\\/\\\/www.uartes.edu.ec\\\/sitio\\\/wp-content\\\/uploads\\\/2020\\\/05\\\/NIVELACION-1.jpg\",\"width\":1030,\"height\":686},{\"@type\":\"BreadcrumbList\",\"@id\":\"https:\\\/\\\/www.uartes.edu.ec\\\/sitio\\\/fr\\\/blog\\\/2020\\\/05\\\/21\\\/bienvenida-e-induccion-virtual-a-los-estudiantes-de-nivelacion\\\/#breadcrumb\",\"itemListElement\":[{\"@type\":\"ListItem\",\"position\":1,\"name\":\"Inicio\",\"item\":\"https:\\\/\\\/www.uartes.edu.ec\\\/sitio\\\/\"},{\"@type\":\"ListItem\",\"position\":2,\"name\":\"Bienvenida e inducci\u00f3n virtual a los estudiantes de Nivelaci\u00f3n\"}]},{\"@type\":\"WebSite\",\"@id\":\"https:\\\/\\\/www.uartes.edu.ec\\\/sitio\\\/fr\\\/#website\",\"url\":\"https:\\\/\\\/www.uartes.edu.ec\\\/sitio\\\/fr\\\/\",\"name\":\"Universidad de las Artes\",\"description\":\"Sitio oficial de la Universidad Nacional de las Artes del Ecuador\",\"publisher\":{\"@id\":\"https:\\\/\\\/www.uartes.edu.ec\\\/sitio\\\/fr\\\/#organization\"},\"potentialAction\":[{\"@type\":\"SearchAction\",\"target\":{\"@type\":\"EntryPoint\",\"urlTemplate\":\"https:\\\/\\\/www.uartes.edu.ec\\\/sitio\\\/fr\\\/?s={search_term_string}\"},\"query-input\":{\"@type\":\"PropertyValueSpecification\",\"valueRequired\":true,\"valueName\":\"search_term_string\"}}],\"inLanguage\":\"fr-FR\"},{\"@type\":\"Organization\",\"@id\":\"https:\\\/\\\/www.uartes.edu.ec\\\/sitio\\\/fr\\\/#organization\",\"name\":\"Universidad de las Artes\",\"url\":\"https:\\\/\\\/www.uartes.edu.ec\\\/sitio\\\/fr\\\/\",\"logo\":{\"@type\":\"ImageObject\",\"inLanguage\":\"fr-FR\",\"@id\":\"https:\\\/\\\/www.uartes.edu.ec\\\/sitio\\\/fr\\\/#\\\/schema\\\/logo\\\/image\\\/\",\"url\":\"https:\\\/\\\/www.uartes.edu.ec\\\/sitio\\\/wp-content\\\/uploads\\\/2022\\\/07\\\/logo-ua-horizontal.png\",\"contentUrl\":\"https:\\\/\\\/www.uartes.edu.ec\\\/sitio\\\/wp-content\\\/uploads\\\/2022\\\/07\\\/logo-ua-horizontal.png\",\"width\":800,\"height\":276,\"caption\":\"Universidad de las Artes\"},\"image\":{\"@id\":\"https:\\\/\\\/www.uartes.edu.ec\\\/sitio\\\/fr\\\/#\\\/schema\\\/logo\\\/image\\\/\"},\"sameAs\":[\"https:\\\/\\\/www.facebook.com\\\/uartesec\",\"https:\\\/\\\/x.com\\\/uartesec\",\"https:\\\/\\\/www.tiktok.com\\\/@uartesec\"]},{\"@type\":\"Person\",\"@id\":\"https:\\\/\\\/www.uartes.edu.ec\\\/sitio\\\/fr\\\/#\\\/schema\\\/person\\\/f33f8c1d2af0d5c80a38c8abf458184a\",\"name\":\"Universidad de las Artes\",\"image\":{\"@type\":\"ImageObject\",\"inLanguage\":\"fr-FR\",\"@id\":\"https:\\\/\\\/secure.gravatar.com\\\/avatar\\\/52e4757902f5cfa5ac52d020e5be83cae5487519154b6c35482fe08d589f3c13?s=96&d=mm&r=g\",\"url\":\"https:\\\/\\\/secure.gravatar.com\\\/avatar\\\/52e4757902f5cfa5ac52d020e5be83cae5487519154b6c35482fe08d589f3c13?s=96&d=mm&r=g\",\"contentUrl\":\"https:\\\/\\\/secure.gravatar.com\\\/avatar\\\/52e4757902f5cfa5ac52d020e5be83cae5487519154b6c35482fe08d589f3c13?s=96&d=mm&r=g\",\"caption\":\"Universidad de las Artes\"},\"url\":\"https:\\\/\\\/www.uartes.edu.ec\\\/sitio\\\/fr\\\/blog\\\/author\\\/dircomadm\\\/\"}]}<\/script>\n<!-- \/ Yoast SEO plugin. -->","yoast_head_json":{"title":"Universidad de las Artes - Bienvenida e inducci\u00f3n virtual a los estudiantes de Nivelaci\u00f3n","description":"Universidad de las Artes - Bienvenida e inducci\u00f3n virtual a los estudiantes de Nivelaci\u00f3n","robots":{"index":"index","follow":"follow","max-snippet":"max-snippet:-1","max-image-preview":"max-image-preview:large","max-video-preview":"max-video-preview:-1"},"canonical":"https:\/\/www.uartes.edu.ec\/sitio\/fr\/blog\/2020\/05\/21\/bienvenida-e-induccion-virtual-a-los-estudiantes-de-nivelacion\/","og_locale":"fr_FR","og_type":"article","og_title":"Universidad de las Artes - Bienvenida e inducci\u00f3n virtual a los estudiantes de Nivelaci\u00f3n","og_description":"Universidad de las Artes - Bienvenida e inducci\u00f3n virtual a los estudiantes de Nivelaci\u00f3n","og_url":"https:\/\/www.uartes.edu.ec\/sitio\/fr\/blog\/2020\/05\/21\/bienvenida-e-induccion-virtual-a-los-estudiantes-de-nivelacion\/","og_site_name":"Universidad de las Artes","article_publisher":"https:\/\/www.facebook.com\/uartesec","article_published_time":"2020-05-22T02:58:00+00:00","article_modified_time":"2024-07-04T16:43:07+00:00","og_image":[{"width":1030,"height":686,"url":"https:\/\/www.uartes.edu.ec\/sitio\/wp-content\/uploads\/2020\/05\/NIVELACION-1.jpg","type":"image\/jpeg"}],"author":"Universidad de las Artes","twitter_card":"summary_large_image","twitter_creator":"@uartesec","twitter_site":"@uartesec","twitter_misc":{"\u00c9crit par":"Universidad de las Artes","Dur\u00e9e de lecture estim\u00e9e":"5 minutes"},"schema":{"@context":"https:\/\/schema.org","@graph":[{"@type":"Article","@id":"https:\/\/www.uartes.edu.ec\/sitio\/fr\/blog\/2020\/05\/21\/bienvenida-e-induccion-virtual-a-los-estudiantes-de-nivelacion\/#article","isPartOf":{"@id":"https:\/\/www.uartes.edu.ec\/sitio\/fr\/blog\/2020\/05\/21\/bienvenida-e-induccion-virtual-a-los-estudiantes-de-nivelacion\/"},"author":{"name":"Universidad de las Artes","@id":"https:\/\/www.uartes.edu.ec\/sitio\/fr\/#\/schema\/person\/f33f8c1d2af0d5c80a38c8abf458184a"},"headline":"Bienvenida e inducci\u00f3n virtual a los estudiantes de Nivelaci\u00f3n","datePublished":"2020-05-22T02:58:00+00:00","dateModified":"2024-07-04T16:43:07+00:00","mainEntityOfPage":{"@id":"https:\/\/www.uartes.edu.ec\/sitio\/fr\/blog\/2020\/05\/21\/bienvenida-e-induccion-virtual-a-los-estudiantes-de-nivelacion\/"},"wordCount":1103,"publisher":{"@id":"https:\/\/www.uartes.edu.ec\/sitio\/fr\/#organization"},"image":{"@id":"https:\/\/www.uartes.edu.ec\/sitio\/fr\/blog\/2020\/05\/21\/bienvenida-e-induccion-virtual-a-los-estudiantes-de-nivelacion\/#primaryimage"},"thumbnailUrl":"https:\/\/www.uartes.edu.ec\/sitio\/wp-content\/uploads\/2020\/05\/NIVELACION-1.jpg","keywords":["covid19"],"articleSection":["Acad\u00e9mico","Estudiantes"],"inLanguage":"fr-FR"},{"@type":["WebPage","ItemPage"],"@id":"https:\/\/www.uartes.edu.ec\/sitio\/fr\/blog\/2020\/05\/21\/bienvenida-e-induccion-virtual-a-los-estudiantes-de-nivelacion\/","url":"https:\/\/www.uartes.edu.ec\/sitio\/fr\/blog\/2020\/05\/21\/bienvenida-e-induccion-virtual-a-los-estudiantes-de-nivelacion\/","name":"Universidad de las Artes - Bienvenida e inducci\u00f3n virtual a los estudiantes de Nivelaci\u00f3n","isPartOf":{"@id":"https:\/\/www.uartes.edu.ec\/sitio\/fr\/#website"},"primaryImageOfPage":{"@id":"https:\/\/www.uartes.edu.ec\/sitio\/fr\/blog\/2020\/05\/21\/bienvenida-e-induccion-virtual-a-los-estudiantes-de-nivelacion\/#primaryimage"},"image":{"@id":"https:\/\/www.uartes.edu.ec\/sitio\/fr\/blog\/2020\/05\/21\/bienvenida-e-induccion-virtual-a-los-estudiantes-de-nivelacion\/#primaryimage"},"thumbnailUrl":"https:\/\/www.uartes.edu.ec\/sitio\/wp-content\/uploads\/2020\/05\/NIVELACION-1.jpg","datePublished":"2020-05-22T02:58:00+00:00","dateModified":"2024-07-04T16:43:07+00:00","description":"Universidad de las Artes - Bienvenida e inducci\u00f3n virtual a los estudiantes de Nivelaci\u00f3n","breadcrumb":{"@id":"https:\/\/www.uartes.edu.ec\/sitio\/fr\/blog\/2020\/05\/21\/bienvenida-e-induccion-virtual-a-los-estudiantes-de-nivelacion\/#breadcrumb"},"inLanguage":"fr-FR","potentialAction":[{"@type":"ReadAction","target":["https:\/\/www.uartes.edu.ec\/sitio\/fr\/blog\/2020\/05\/21\/bienvenida-e-induccion-virtual-a-los-estudiantes-de-nivelacion\/"]}]},{"@type":"ImageObject","inLanguage":"fr-FR","@id":"https:\/\/www.uartes.edu.ec\/sitio\/fr\/blog\/2020\/05\/21\/bienvenida-e-induccion-virtual-a-los-estudiantes-de-nivelacion\/#primaryimage","url":"https:\/\/www.uartes.edu.ec\/sitio\/wp-content\/uploads\/2020\/05\/NIVELACION-1.jpg","contentUrl":"https:\/\/www.uartes.edu.ec\/sitio\/wp-content\/uploads\/2020\/05\/NIVELACION-1.jpg","width":1030,"height":686},{"@type":"BreadcrumbList","@id":"https:\/\/www.uartes.edu.ec\/sitio\/fr\/blog\/2020\/05\/21\/bienvenida-e-induccion-virtual-a-los-estudiantes-de-nivelacion\/#breadcrumb","itemListElement":[{"@type":"ListItem","position":1,"name":"Inicio","item":"https:\/\/www.uartes.edu.ec\/sitio\/"},{"@type":"ListItem","position":2,"name":"Bienvenida e inducci\u00f3n virtual a los estudiantes de Nivelaci\u00f3n"}]},{"@type":"WebSite","@id":"https:\/\/www.uartes.edu.ec\/sitio\/fr\/#website","url":"https:\/\/www.uartes.edu.ec\/sitio\/fr\/","name":"Universidad de las Artes","description":"Sitio oficial de la Universidad Nacional de las Artes del Ecuador","publisher":{"@id":"https:\/\/www.uartes.edu.ec\/sitio\/fr\/#organization"},"potentialAction":[{"@type":"SearchAction","target":{"@type":"EntryPoint","urlTemplate":"https:\/\/www.uartes.edu.ec\/sitio\/fr\/?s={search_term_string}"},"query-input":{"@type":"PropertyValueSpecification","valueRequired":true,"valueName":"search_term_string"}}],"inLanguage":"fr-FR"},{"@type":"Organization","@id":"https:\/\/www.uartes.edu.ec\/sitio\/fr\/#organization","name":"Universidad de las Artes","url":"https:\/\/www.uartes.edu.ec\/sitio\/fr\/","logo":{"@type":"ImageObject","inLanguage":"fr-FR","@id":"https:\/\/www.uartes.edu.ec\/sitio\/fr\/#\/schema\/logo\/image\/","url":"https:\/\/www.uartes.edu.ec\/sitio\/wp-content\/uploads\/2022\/07\/logo-ua-horizontal.png","contentUrl":"https:\/\/www.uartes.edu.ec\/sitio\/wp-content\/uploads\/2022\/07\/logo-ua-horizontal.png","width":800,"height":276,"caption":"Universidad de las Artes"},"image":{"@id":"https:\/\/www.uartes.edu.ec\/sitio\/fr\/#\/schema\/logo\/image\/"},"sameAs":["https:\/\/www.facebook.com\/uartesec","https:\/\/x.com\/uartesec","https:\/\/www.tiktok.com\/@uartesec"]},{"@type":"Person","@id":"https:\/\/www.uartes.edu.ec\/sitio\/fr\/#\/schema\/person\/f33f8c1d2af0d5c80a38c8abf458184a","name":"Universidad de las Artes","image":{"@type":"ImageObject","inLanguage":"fr-FR","@id":"https:\/\/secure.gravatar.com\/avatar\/52e4757902f5cfa5ac52d020e5be83cae5487519154b6c35482fe08d589f3c13?s=96&d=mm&r=g","url":"https:\/\/secure.gravatar.com\/avatar\/52e4757902f5cfa5ac52d020e5be83cae5487519154b6c35482fe08d589f3c13?s=96&d=mm&r=g","contentUrl":"https:\/\/secure.gravatar.com\/avatar\/52e4757902f5cfa5ac52d020e5be83cae5487519154b6c35482fe08d589f3c13?s=96&d=mm&r=g","caption":"Universidad de las Artes"},"url":"https:\/\/www.uartes.edu.ec\/sitio\/fr\/blog\/author\/dircomadm\/"}]}},"uagb_featured_image_src":{"full":["https:\/\/www.uartes.edu.ec\/sitio\/wp-content\/uploads\/2020\/05\/NIVELACION-1.jpg",1030,686,false],"thumbnail":["https:\/\/www.uartes.edu.ec\/sitio\/wp-content\/uploads\/2020\/05\/NIVELACION-1-150x150.jpg",150,150,true],"medium":["https:\/\/www.uartes.edu.ec\/sitio\/wp-content\/uploads\/2020\/05\/NIVELACION-1-300x200.jpg",300,200,true],"medium_large":["https:\/\/www.uartes.edu.ec\/sitio\/wp-content\/uploads\/2020\/05\/NIVELACION-1-768x512.jpg",768,512,true],"large":["https:\/\/www.uartes.edu.ec\/sitio\/wp-content\/uploads\/2020\/05\/NIVELACION-1-644x429.jpg",644,429,true],"1536x1536":["https:\/\/www.uartes.edu.ec\/sitio\/wp-content\/uploads\/2020\/05\/NIVELACION-1.jpg",1030,686,false],"2048x2048":["https:\/\/www.uartes.edu.ec\/sitio\/wp-content\/uploads\/2020\/05\/NIVELACION-1.jpg",1030,686,false],"trp-custom-language-flag":["https:\/\/www.uartes.edu.ec\/sitio\/wp-content\/uploads\/2020\/05\/NIVELACION-1.jpg",18,12,false],"htmega_size_585x295":["https:\/\/www.uartes.edu.ec\/sitio\/wp-content\/uploads\/2020\/05\/NIVELACION-1.jpg",443,295,false],"htmega_size_1170x536":["https:\/\/www.uartes.edu.ec\/sitio\/wp-content\/uploads\/2020\/05\/NIVELACION-1.jpg",805,536,false],"htmega_size_396x360":["https:\/\/www.uartes.edu.ec\/sitio\/wp-content\/uploads\/2020\/05\/NIVELACION-1.jpg",396,264,false],"gb-block-post-grid-landscape":["https:\/\/www.uartes.edu.ec\/sitio\/wp-content\/uploads\/2020\/05\/NIVELACION-1.jpg",600,400,false],"gb-block-post-grid-square":["https:\/\/www.uartes.edu.ec\/sitio\/wp-content\/uploads\/2020\/05\/NIVELACION-1.jpg",600,400,false],"university-hub-thumb":["https:\/\/www.uartes.edu.ec\/sitio\/wp-content\/uploads\/2020\/05\/NIVELACION-1-400x266.jpg",400,266,true]},"uagb_author_info":{"display_name":"Universidad de las Artes","author_link":"https:\/\/www.uartes.edu.ec\/sitio\/fr\/blog\/author\/dircomadm\/"},"uagb_comment_info":0,"uagb_excerpt":"El Departamento de Nivelaci\u00f3n de la Universidad de las Artes dio este mi\u00e9rcoles 20 de mayo de 2020 la bienvenida a los estudiantes que dar\u00e1n \u2013desde el pr\u00f3ximo martes 26, con el inicio de clases\u2013 el primer paso de su ingreso a la UArtes. La inducci\u00f3n se realiz\u00f3 de manera virtual, v\u00eda videoconferencia y a\u2026","featured_image_src":"https:\/\/www.uartes.edu.ec\/sitio\/wp-content\/uploads\/2020\/05\/NIVELACION-1.jpg","featured_image_src_square":"https:\/\/www.uartes.edu.ec\/sitio\/wp-content\/uploads\/2020\/05\/NIVELACION-1.jpg","author_info":{"display_name":"Universidad de las Artes","author_link":"https:\/\/www.uartes.edu.ec\/sitio\/fr\/blog\/author\/dircomadm\/"},"publishpress_future_workflow_manual_trigger":{"enabledWorkflows":[]},"distributor_meta":false,"distributor_terms":false,"distributor_media":false,"distributor_original_site_name":"Universidad de las Artes","distributor_original_site_url":"https:\/\/www.uartes.edu.ec\/sitio\/fr","push-errors":false,"_links":{"self":[{"href":"https:\/\/www.uartes.edu.ec\/sitio\/fr\/wp-json\/wp\/v2\/posts\/7112","targetHints":{"allow":["GET"]}}],"collection":[{"href":"https:\/\/www.uartes.edu.ec\/sitio\/fr\/wp-json\/wp\/v2\/posts"}],"about":[{"href":"https:\/\/www.uartes.edu.ec\/sitio\/fr\/wp-json\/wp\/v2\/types\/post"}],"author":[{"embeddable":true,"href":"https:\/\/www.uartes.edu.ec\/sitio\/fr\/wp-json\/wp\/v2\/users\/1"}],"replies":[{"embeddable":true,"href":"https:\/\/www.uartes.edu.ec\/sitio\/fr\/wp-json\/wp\/v2\/comments?post=7112"}],"version-history":[{"count":1,"href":"https:\/\/www.uartes.edu.ec\/sitio\/fr\/wp-json\/wp\/v2\/posts\/7112\/revisions"}],"predecessor-version":[{"id":7116,"href":"https:\/\/www.uartes.edu.ec\/sitio\/fr\/wp-json\/wp\/v2\/posts\/7112\/revisions\/7116"}],"wp:featuredmedia":[{"embeddable":true,"href":"https:\/\/www.uartes.edu.ec\/sitio\/fr\/wp-json\/wp\/v2\/media\/7114"}],"wp:attachment":[{"href":"https:\/\/www.uartes.edu.ec\/sitio\/fr\/wp-json\/wp\/v2\/media?parent=7112"}],"wp:term":[{"taxonomy":"category","embeddable":true,"href":"https:\/\/www.uartes.edu.ec\/sitio\/fr\/wp-json\/wp\/v2\/categories?post=7112"},{"taxonomy":"post_tag","embeddable":true,"href":"https:\/\/www.uartes.edu.ec\/sitio\/fr\/wp-json\/wp\/v2\/tags?post=7112"},{"taxonomy":"infouartes","embeddable":true,"href":"https:\/\/www.uartes.edu.ec\/sitio\/fr\/wp-json\/wp\/v2\/infouartes?post=7112"}],"curies":[{"name":"wp","href":"https:\/\/api.w.org\/{rel}","templated":true}]}}