{"id":71332,"date":"2025-05-01T15:22:00","date_gmt":"2025-05-01T20:22:00","guid":{"rendered":"https:\/\/www.uartes.edu.ec\/sitio\/?p=71332"},"modified":"2025-05-14T13:17:56","modified_gmt":"2025-05-14T18:17:56","slug":"domenica-alcivar-y-nadia-shupingahua-dialogaron-sobre-sus-procesos-de-titulacion-en-alumni-uartes","status":"publish","type":"post","link":"https:\/\/www.uartes.edu.ec\/sitio\/fr\/blog\/2025\/05\/01\/domenica-alcivar-y-nadia-shupingahua-dialogaron-sobre-sus-procesos-de-titulacion-en-alumni-uartes\/","title":{"rendered":"Dom\u00e9nica Alc\u00edvar y Nadia Shupingahua, graduadas de Danza, dialogaron sobre sus procesos de titulaci\u00f3n en \u201cAlumni UArtes\u201d"},"content":{"rendered":"<p>Por el D\u00eda Internacional de la Danza, que se celebr\u00f3 el pasado 29 de abril, la Escuela de Artes Esc\u00e9nicas de la Universidad de las Artes prepar\u00f3 para la fecha varias actividades con sus docentes y estudiantes. El conversatorio Alumni UArtes, en el que participaron las graduadas Dom\u00e9nica Alc\u00edvar y Nadia Shupingahua; un Flashmob abierto al p\u00fablico; un Jam Improm\u00f3vil, con la docente Carolina Pepper; y la presentaci\u00f3n de la obra \u201cChigualo para un angelito\u201d, con la tambi\u00e9n alumnus Khrystel Ortiz. &nbsp;<\/p>\n\n\n\n<p>Del conversatorio Alumni UArtes, que comparti\u00f3 con Nadia Shupingahua y tuvo lugar en la Biblioteca de las Artes, Dom\u00e9nica Alc\u00edvar anota haber notado el inter\u00e9s de quienes asistieron sobre las metodolog\u00edas en las que llevan a cabo sus proyectos de investigaci\u00f3n. \u201cMuchos de los estudiantes presentes se encontraban dentro o pr\u00f3ximos a ingresar a tesis, as\u00ed que las preguntas que se realizan giraban en torno a ese proceso indagatorio, de selecci\u00f3n y de estructuraci\u00f3n\u201d.<\/p>\n\n\n\n<p>Igualmente, agrega Alc\u00edvar, saltaron inquietudes en torno a los conceptos abordados en sus trabajos. \u201cEn lo que respecta a m\u00edo, se hicieron consultas sobre c\u00f3mo se abord\u00f3 la cotidianidad en la escena y tambi\u00e9n sobre c\u00f3mo desarroll\u00e9 mi concepto de cuerpo. Personalmente, disfrut\u00e9 mucho del conversatorio ya que me permiti\u00f3 volver a vivir la investigaci\u00f3n y, al mismo tiempo, reafirmar mis ideas, defenderlas y justificar toda esta investigaci\u00f3n que surge del saber que poseen los cuerpos\u201d.<\/p>\n\n\n\n<p>Nadia Shupingahua, por su parte, indic\u00f3 que participar como expositora fue una experiencia profundamente significativa. \u201cMe permiti\u00f3 volver sobre los pasos que recorr\u00ed durante mi proceso de titulaci\u00f3n, no solo desde una perspectiva t\u00e9cnica, sino humana y creativa. Compartir este trayecto frente a otros estudiantes y docentes me ayud\u00f3 a dimensionar la complejidad de lo vivido y, sobre todo, a reafirmar ciertos aprendizajes fundamentales que deseo transmitir\u201d.<\/p>\n\n\n<div class=\"wp-block-image\">\n<figure class=\"aligncenter size-large is-resized\"><img fetchpriority=\"high\" decoding=\"async\" width=\"644\" height=\"483\" src=\"https:\/\/www.uartes.edu.ec\/sitio\/wp-content\/uploads\/2025\/05\/Conversatorio-danza1-644x483.jpeg\" alt=\"\" class=\"wp-image-71333\" style=\"width:596px;height:auto\" srcset=\"https:\/\/www.uartes.edu.ec\/sitio\/wp-content\/uploads\/2025\/05\/Conversatorio-danza1-644x483.jpeg 644w, https:\/\/www.uartes.edu.ec\/sitio\/wp-content\/uploads\/2025\/05\/Conversatorio-danza1-300x225.jpeg 300w, https:\/\/www.uartes.edu.ec\/sitio\/wp-content\/uploads\/2025\/05\/Conversatorio-danza1-768x576.jpeg 768w, https:\/\/www.uartes.edu.ec\/sitio\/wp-content\/uploads\/2025\/05\/Conversatorio-danza1-1536x1152.jpeg 1536w, https:\/\/www.uartes.edu.ec\/sitio\/wp-content\/uploads\/2025\/05\/Conversatorio-danza1-16x12.jpeg 16w, https:\/\/www.uartes.edu.ec\/sitio\/wp-content\/uploads\/2025\/05\/Conversatorio-danza1-400x300.jpeg 400w, https:\/\/www.uartes.edu.ec\/sitio\/wp-content\/uploads\/2025\/05\/Conversatorio-danza1.jpeg 1600w\" sizes=\"(max-width: 644px) 100vw, 644px\" \/><\/figure>\n<\/div>\n\n\n<p>Uno de los puntos que Shupingahua destac\u00f3 en su intervenci\u00f3n fue la importancia de elegir cuidadosamente al equipo de trabajo, ya que estar en el proceso de titulaci\u00f3n significa estar bajo una gran presi\u00f3n y el tiempo es corto. \u201cDe tal manera que, contar con personas que sepan apoyarte y sostenerte en momentos de frustraci\u00f3n o bloqueos es fundamental. Tambi\u00e9n coment\u00e9 lo afortunada que fui con mis tutores, dado que ambos supieron comprender la sensibilidad de mi proceso y me acompa\u00f1aron sin imponer nada, para m\u00ed aquello es invaluable. Tanto mi tutora, Blanca Rivadeneira, como mi cotutor, Jorge Parra, me ofrecieron confianza, respeto y una libertad esencial por mi b\u00fasqueda. Gracias a ese acompa\u00f1amiento, pude sostener un proceso delicado, sin sentirme sola\u201d, expres\u00f3.<\/p>\n\n\n\n<p>Otro aspecto que enfatiz\u00f3 en el conversatorio \u201cAlumni UArtes\u201d fue lo dif\u00edcil que puede resultar realizar entrevistas sobre temas personales. \u201cHablar con mujeres de mi familia sobre el dolor, el silencio o el cuerpo herido implic\u00f3 una \u00e9tica de la escucha, una disposici\u00f3n al cuidado que va m\u00e1s all\u00e1 de lo acad\u00e9mico. En este tipo de procesos no basta con saber qu\u00e9 preguntar; hay que saber c\u00f3mo, cu\u00e1ndo y, sobre todo, desde d\u00f3nde. El respeto por quien comparte su historia es el primer paso para que la creaci\u00f3n tenga un sentido profundo y verdadero\u201d.<\/p>\n\n\n\n<p>La graduada Nadia Shupingahua pudo compartir con el p\u00fablico lo necesario que es valorar la etapa de exploraci\u00f3n dentro del proceso creativo. Muchas veces, dijo, se pretende llegar r\u00e1pido a resultados visibles, \u201cpero en experiencias como la m\u00eda \u2013donde el cuerpo, el archivo sensible y la memoria son el material de trabajo\u2013, la exploraci\u00f3n es en s\u00ed misma un hallazgo. Es en esos momentos de prueba, de intuici\u00f3n, de error incluso, donde emergen los lenguajes propios, los signos que luego dan sentido a la escena\u201d.<\/p>\n\n\n\n<p>Su tesis, \u201cEl cuerpo habitando las memorias de su linaje femenino: vestigios de abuso y violencia que afectan el movimiento en la danza\u201d, no solo fue un proyecto acad\u00e9mico, sino un acto de recuperaci\u00f3n, de reapropiaci\u00f3n del cuerpo como territorio po\u00e9tico y pol\u00edtico. \u201cEn la charla, sent\u00ed que esa experiencia tambi\u00e9n pod\u00eda dialogar con otras b\u00fasquedas, que mis preguntas pod\u00edan resonar en los procesos ajenos, y eso me pareci\u00f3 profundamente valioso\u201d.<\/p>\n\n\n\n<p>La alumnus dijo agradecer a la carrera de Danza y a quienes hicieron posible el espacio de di\u00e1logo junto con Dom\u00e9nica Alc\u00edvar. \u00b7Escuchar otras experiencias de titulaci\u00f3n tambi\u00e9n me record\u00f3 que, aunque cada camino es distinto, todos compartimos la necesidad de crear desde un lugar genuino. Ojal\u00e1 que quienes est\u00e1n comenzando este viaje se animen a habitar su proceso con la misma entrega y confianza\u201d.<\/p>\n\n\n\n<p>Im\u00e1genes, cortes\u00eda: la foto de portada la tom\u00f3 Emilio Llerena y corresponde a los ensayos para la obra \u00abYaya\u00bb que dirigi\u00f3 Nadia Shupingahua y en la que tambi\u00e9n intervino como int\u00e9rprete Dom\u00e9nica Alc\u00edvar. La segunda gr\u00e1fica corresponde al conversatorio \u00abAlumni UArtes\u00bb que mantuvieron ambas graduadas de la carrera de Danza.<\/p>","protected":false},"excerpt":{"rendered":"<p>Por el D\u00eda Internacional de la Danza, que se celebr\u00f3 el 29 de abril, la Escuela de Artes Esc\u00e9nicas prepar\u00f3 varias actividades con sus docentes y estudiantes. El conversatorio \u00abAlumni UArtes\u00bb, con Dom\u00e9nica Alc\u00edvar y Nadia Shupingahua; un Flashmob abierto al p\u00fablico; un Jam Improm\u00f3vil, con la docente Carolina Pepper; y la presentaci\u00f3n de la obra \u201cChigualo para un angelito\u201d, con la tambi\u00e9n alumnus Khrystel Ortiz.  <\/p>","protected":false},"author":10,"featured_media":71334,"comment_status":"open","ping_status":"open","sticky":false,"template":"","format":"standard","meta":{"_acf_changed":false,"_uag_custom_page_level_css":"","_monsterinsights_skip_tracking":false,"_monsterinsights_sitenote_active":false,"_monsterinsights_sitenote_note":"","_monsterinsights_sitenote_category":0,"cybocfi_hide_featured_image":"","footnotes":""},"categories":[80,490,82,159,75,76],"tags":[521],"infouartes":[],"class_list":["post-71332","post","type-post","status-publish","format-standard","has-post-thumbnail","hentry","category-academico","category-alumni","category-artes","category-artes-escenicas","category-docentes","category-estudiantes","tag-encuentro"],"acf":[],"yoast_head":"<!-- This site is optimized with the Yoast SEO plugin v27.4 - https:\/\/yoast.com\/product\/yoast-seo-wordpress\/ -->\n<title>Universidad de las Artes - Dom\u00e9nica Alc\u00edvar y Nadia Shupingahua, graduadas de Danza, dialogaron sobre sus procesos de titulaci\u00f3n en \u201cAlumni UArtes\u201d<\/title>\n<meta name=\"description\" content=\"Universidad de las Artes - Dom\u00e9nica Alc\u00edvar y Nadia Shupingahua, graduadas de Danza, dialogaron sobre sus procesos de titulaci\u00f3n en \u201cAlumni UArtes\u201d\" \/>\n<meta name=\"robots\" content=\"index, follow, max-snippet:-1, max-image-preview:large, max-video-preview:-1\" \/>\n<link rel=\"canonical\" href=\"https:\/\/www.uartes.edu.ec\/sitio\/fr\/blog\/2025\/05\/01\/domenica-alcivar-y-nadia-shupingahua-dialogaron-sobre-sus-procesos-de-titulacion-en-alumni-uartes\/\" \/>\n<meta property=\"og:locale\" content=\"fr_FR\" \/>\n<meta property=\"og:type\" content=\"article\" \/>\n<meta property=\"og:title\" content=\"Universidad de las Artes - Dom\u00e9nica Alc\u00edvar y Nadia Shupingahua, graduadas de Danza, dialogaron sobre sus procesos de titulaci\u00f3n en \u201cAlumni UArtes\u201d\" \/>\n<meta property=\"og:description\" content=\"Universidad de las Artes - Dom\u00e9nica Alc\u00edvar y Nadia Shupingahua, graduadas de Danza, dialogaron sobre sus procesos de titulaci\u00f3n en \u201cAlumni UArtes\u201d\" \/>\n<meta property=\"og:url\" content=\"https:\/\/www.uartes.edu.ec\/sitio\/fr\/blog\/2025\/05\/01\/domenica-alcivar-y-nadia-shupingahua-dialogaron-sobre-sus-procesos-de-titulacion-en-alumni-uartes\/\" \/>\n<meta property=\"og:site_name\" content=\"Universidad de las Artes\" \/>\n<meta property=\"article:publisher\" content=\"https:\/\/www.facebook.com\/uartesec\" \/>\n<meta property=\"article:published_time\" content=\"2025-05-01T20:22:00+00:00\" \/>\n<meta property=\"article:modified_time\" content=\"2025-05-14T18:17:56+00:00\" \/>\n<meta property=\"og:image\" content=\"https:\/\/www.uartes.edu.ec\/sitio\/wp-content\/uploads\/2025\/05\/02-Nadie-Shupingahua-ALUMNI-1.jpg\" \/>\n\t<meta property=\"og:image:width\" content=\"2000\" \/>\n\t<meta property=\"og:image:height\" content=\"1333\" \/>\n\t<meta property=\"og:image:type\" content=\"image\/jpeg\" \/>\n<meta name=\"author\" content=\"ccortez\" \/>\n<meta name=\"twitter:card\" content=\"summary_large_image\" \/>\n<meta name=\"twitter:creator\" content=\"@uartesec\" \/>\n<meta name=\"twitter:site\" content=\"@uartesec\" \/>\n<meta name=\"twitter:label1\" content=\"\u00c9crit par\" \/>\n\t<meta name=\"twitter:data1\" content=\"ccortez\" \/>\n\t<meta name=\"twitter:label2\" content=\"Dur\u00e9e de lecture estim\u00e9e\" \/>\n\t<meta name=\"twitter:data2\" content=\"4 minutes\" \/>\n<script type=\"application\/ld+json\" class=\"yoast-schema-graph\">{\"@context\":\"https:\\\/\\\/schema.org\",\"@graph\":[{\"@type\":\"Article\",\"@id\":\"https:\\\/\\\/www.uartes.edu.ec\\\/sitio\\\/fr\\\/blog\\\/2025\\\/05\\\/01\\\/domenica-alcivar-y-nadia-shupingahua-dialogaron-sobre-sus-procesos-de-titulacion-en-alumni-uartes\\\/#article\",\"isPartOf\":{\"@id\":\"https:\\\/\\\/www.uartes.edu.ec\\\/sitio\\\/fr\\\/blog\\\/2025\\\/05\\\/01\\\/domenica-alcivar-y-nadia-shupingahua-dialogaron-sobre-sus-procesos-de-titulacion-en-alumni-uartes\\\/\"},\"author\":{\"name\":\"ccortez\",\"@id\":\"https:\\\/\\\/www.uartes.edu.ec\\\/sitio\\\/fr\\\/#\\\/schema\\\/person\\\/efa1b8275797664fd7f13a79ccc0b1f4\"},\"headline\":\"Dom\u00e9nica Alc\u00edvar y Nadia Shupingahua, graduadas de Danza, dialogaron sobre sus procesos de titulaci\u00f3n en \u201cAlumni UArtes\u201d\",\"datePublished\":\"2025-05-01T20:22:00+00:00\",\"dateModified\":\"2025-05-14T18:17:56+00:00\",\"mainEntityOfPage\":{\"@id\":\"https:\\\/\\\/www.uartes.edu.ec\\\/sitio\\\/fr\\\/blog\\\/2025\\\/05\\\/01\\\/domenica-alcivar-y-nadia-shupingahua-dialogaron-sobre-sus-procesos-de-titulacion-en-alumni-uartes\\\/\"},\"wordCount\":875,\"commentCount\":0,\"publisher\":{\"@id\":\"https:\\\/\\\/www.uartes.edu.ec\\\/sitio\\\/fr\\\/#organization\"},\"image\":{\"@id\":\"https:\\\/\\\/www.uartes.edu.ec\\\/sitio\\\/fr\\\/blog\\\/2025\\\/05\\\/01\\\/domenica-alcivar-y-nadia-shupingahua-dialogaron-sobre-sus-procesos-de-titulacion-en-alumni-uartes\\\/#primaryimage\"},\"thumbnailUrl\":\"https:\\\/\\\/www.uartes.edu.ec\\\/sitio\\\/wp-content\\\/uploads\\\/2025\\\/05\\\/02-Nadie-Shupingahua-ALUMNI-1.jpg\",\"keywords\":[\"encuentro\"],\"articleSection\":[\"Acad\u00e9mico\",\"Alumni\",\"Artes\",\"Artes Esc\u00e9nicas\",\"Docentes\",\"Estudiantes\"],\"inLanguage\":\"fr-FR\",\"potentialAction\":[{\"@type\":\"CommentAction\",\"name\":\"Comment\",\"target\":[\"https:\\\/\\\/www.uartes.edu.ec\\\/sitio\\\/fr\\\/blog\\\/2025\\\/05\\\/01\\\/domenica-alcivar-y-nadia-shupingahua-dialogaron-sobre-sus-procesos-de-titulacion-en-alumni-uartes\\\/#respond\"]}]},{\"@type\":[\"WebPage\",\"ItemPage\"],\"@id\":\"https:\\\/\\\/www.uartes.edu.ec\\\/sitio\\\/fr\\\/blog\\\/2025\\\/05\\\/01\\\/domenica-alcivar-y-nadia-shupingahua-dialogaron-sobre-sus-procesos-de-titulacion-en-alumni-uartes\\\/\",\"url\":\"https:\\\/\\\/www.uartes.edu.ec\\\/sitio\\\/fr\\\/blog\\\/2025\\\/05\\\/01\\\/domenica-alcivar-y-nadia-shupingahua-dialogaron-sobre-sus-procesos-de-titulacion-en-alumni-uartes\\\/\",\"name\":\"Universidad de las Artes - Dom\u00e9nica Alc\u00edvar y Nadia Shupingahua, graduadas de Danza, dialogaron sobre sus procesos de titulaci\u00f3n en \u201cAlumni UArtes\u201d\",\"isPartOf\":{\"@id\":\"https:\\\/\\\/www.uartes.edu.ec\\\/sitio\\\/fr\\\/#website\"},\"primaryImageOfPage\":{\"@id\":\"https:\\\/\\\/www.uartes.edu.ec\\\/sitio\\\/fr\\\/blog\\\/2025\\\/05\\\/01\\\/domenica-alcivar-y-nadia-shupingahua-dialogaron-sobre-sus-procesos-de-titulacion-en-alumni-uartes\\\/#primaryimage\"},\"image\":{\"@id\":\"https:\\\/\\\/www.uartes.edu.ec\\\/sitio\\\/fr\\\/blog\\\/2025\\\/05\\\/01\\\/domenica-alcivar-y-nadia-shupingahua-dialogaron-sobre-sus-procesos-de-titulacion-en-alumni-uartes\\\/#primaryimage\"},\"thumbnailUrl\":\"https:\\\/\\\/www.uartes.edu.ec\\\/sitio\\\/wp-content\\\/uploads\\\/2025\\\/05\\\/02-Nadie-Shupingahua-ALUMNI-1.jpg\",\"datePublished\":\"2025-05-01T20:22:00+00:00\",\"dateModified\":\"2025-05-14T18:17:56+00:00\",\"description\":\"Universidad de las Artes - Dom\u00e9nica Alc\u00edvar y Nadia Shupingahua, graduadas de Danza, dialogaron sobre sus procesos de titulaci\u00f3n en \u201cAlumni UArtes\u201d\",\"breadcrumb\":{\"@id\":\"https:\\\/\\\/www.uartes.edu.ec\\\/sitio\\\/fr\\\/blog\\\/2025\\\/05\\\/01\\\/domenica-alcivar-y-nadia-shupingahua-dialogaron-sobre-sus-procesos-de-titulacion-en-alumni-uartes\\\/#breadcrumb\"},\"inLanguage\":\"fr-FR\",\"potentialAction\":[{\"@type\":\"ReadAction\",\"target\":[\"https:\\\/\\\/www.uartes.edu.ec\\\/sitio\\\/fr\\\/blog\\\/2025\\\/05\\\/01\\\/domenica-alcivar-y-nadia-shupingahua-dialogaron-sobre-sus-procesos-de-titulacion-en-alumni-uartes\\\/\"]}]},{\"@type\":\"ImageObject\",\"inLanguage\":\"fr-FR\",\"@id\":\"https:\\\/\\\/www.uartes.edu.ec\\\/sitio\\\/fr\\\/blog\\\/2025\\\/05\\\/01\\\/domenica-alcivar-y-nadia-shupingahua-dialogaron-sobre-sus-procesos-de-titulacion-en-alumni-uartes\\\/#primaryimage\",\"url\":\"https:\\\/\\\/www.uartes.edu.ec\\\/sitio\\\/wp-content\\\/uploads\\\/2025\\\/05\\\/02-Nadie-Shupingahua-ALUMNI-1.jpg\",\"contentUrl\":\"https:\\\/\\\/www.uartes.edu.ec\\\/sitio\\\/wp-content\\\/uploads\\\/2025\\\/05\\\/02-Nadie-Shupingahua-ALUMNI-1.jpg\",\"width\":2000,\"height\":1333},{\"@type\":\"BreadcrumbList\",\"@id\":\"https:\\\/\\\/www.uartes.edu.ec\\\/sitio\\\/fr\\\/blog\\\/2025\\\/05\\\/01\\\/domenica-alcivar-y-nadia-shupingahua-dialogaron-sobre-sus-procesos-de-titulacion-en-alumni-uartes\\\/#breadcrumb\",\"itemListElement\":[{\"@type\":\"ListItem\",\"position\":1,\"name\":\"Inicio\",\"item\":\"https:\\\/\\\/www.uartes.edu.ec\\\/sitio\\\/\"},{\"@type\":\"ListItem\",\"position\":2,\"name\":\"Dom\u00e9nica Alc\u00edvar y Nadia Shupingahua, graduadas de Danza, dialogaron sobre sus procesos de titulaci\u00f3n en \u201cAlumni UArtes\u201d\"}]},{\"@type\":\"WebSite\",\"@id\":\"https:\\\/\\\/www.uartes.edu.ec\\\/sitio\\\/fr\\\/#website\",\"url\":\"https:\\\/\\\/www.uartes.edu.ec\\\/sitio\\\/fr\\\/\",\"name\":\"Universidad de las Artes\",\"description\":\"Sitio oficial de la Universidad Nacional de las Artes del Ecuador\",\"publisher\":{\"@id\":\"https:\\\/\\\/www.uartes.edu.ec\\\/sitio\\\/fr\\\/#organization\"},\"potentialAction\":[{\"@type\":\"SearchAction\",\"target\":{\"@type\":\"EntryPoint\",\"urlTemplate\":\"https:\\\/\\\/www.uartes.edu.ec\\\/sitio\\\/fr\\\/?s={search_term_string}\"},\"query-input\":{\"@type\":\"PropertyValueSpecification\",\"valueRequired\":true,\"valueName\":\"search_term_string\"}}],\"inLanguage\":\"fr-FR\"},{\"@type\":\"Organization\",\"@id\":\"https:\\\/\\\/www.uartes.edu.ec\\\/sitio\\\/fr\\\/#organization\",\"name\":\"Universidad de las Artes\",\"url\":\"https:\\\/\\\/www.uartes.edu.ec\\\/sitio\\\/fr\\\/\",\"logo\":{\"@type\":\"ImageObject\",\"inLanguage\":\"fr-FR\",\"@id\":\"https:\\\/\\\/www.uartes.edu.ec\\\/sitio\\\/fr\\\/#\\\/schema\\\/logo\\\/image\\\/\",\"url\":\"https:\\\/\\\/www.uartes.edu.ec\\\/sitio\\\/wp-content\\\/uploads\\\/2022\\\/07\\\/logo-ua-horizontal.png\",\"contentUrl\":\"https:\\\/\\\/www.uartes.edu.ec\\\/sitio\\\/wp-content\\\/uploads\\\/2022\\\/07\\\/logo-ua-horizontal.png\",\"width\":800,\"height\":276,\"caption\":\"Universidad de las Artes\"},\"image\":{\"@id\":\"https:\\\/\\\/www.uartes.edu.ec\\\/sitio\\\/fr\\\/#\\\/schema\\\/logo\\\/image\\\/\"},\"sameAs\":[\"https:\\\/\\\/www.facebook.com\\\/uartesec\",\"https:\\\/\\\/x.com\\\/uartesec\",\"https:\\\/\\\/www.tiktok.com\\\/@uartesec\"]},{\"@type\":\"Person\",\"@id\":\"https:\\\/\\\/www.uartes.edu.ec\\\/sitio\\\/fr\\\/#\\\/schema\\\/person\\\/efa1b8275797664fd7f13a79ccc0b1f4\",\"name\":\"ccortez\",\"image\":{\"@type\":\"ImageObject\",\"inLanguage\":\"fr-FR\",\"@id\":\"https:\\\/\\\/secure.gravatar.com\\\/avatar\\\/b2a6f664a3ae8e074346ef91775736c5ec479e637ecced6842de9dc98b5da9cd?s=96&d=mm&r=g\",\"url\":\"https:\\\/\\\/secure.gravatar.com\\\/avatar\\\/b2a6f664a3ae8e074346ef91775736c5ec479e637ecced6842de9dc98b5da9cd?s=96&d=mm&r=g\",\"contentUrl\":\"https:\\\/\\\/secure.gravatar.com\\\/avatar\\\/b2a6f664a3ae8e074346ef91775736c5ec479e637ecced6842de9dc98b5da9cd?s=96&d=mm&r=g\",\"caption\":\"ccortez\"},\"url\":\"https:\\\/\\\/www.uartes.edu.ec\\\/sitio\\\/fr\\\/blog\\\/author\\\/ccortez\\\/\"}]}<\/script>\n<!-- \/ Yoast SEO plugin. -->","yoast_head_json":{"title":"Universidad de las Artes - Dom\u00e9nica Alc\u00edvar y Nadia Shupingahua, graduadas de Danza, dialogaron sobre sus procesos de titulaci\u00f3n en \u201cAlumni UArtes\u201d","description":"Universidad de las Artes - Dom\u00e9nica Alc\u00edvar y Nadia Shupingahua, graduadas de Danza, dialogaron sobre sus procesos de titulaci\u00f3n en \u201cAlumni UArtes\u201d","robots":{"index":"index","follow":"follow","max-snippet":"max-snippet:-1","max-image-preview":"max-image-preview:large","max-video-preview":"max-video-preview:-1"},"canonical":"https:\/\/www.uartes.edu.ec\/sitio\/fr\/blog\/2025\/05\/01\/domenica-alcivar-y-nadia-shupingahua-dialogaron-sobre-sus-procesos-de-titulacion-en-alumni-uartes\/","og_locale":"fr_FR","og_type":"article","og_title":"Universidad de las Artes - Dom\u00e9nica Alc\u00edvar y Nadia Shupingahua, graduadas de Danza, dialogaron sobre sus procesos de titulaci\u00f3n en \u201cAlumni UArtes\u201d","og_description":"Universidad de las Artes - Dom\u00e9nica Alc\u00edvar y Nadia Shupingahua, graduadas de Danza, dialogaron sobre sus procesos de titulaci\u00f3n en \u201cAlumni UArtes\u201d","og_url":"https:\/\/www.uartes.edu.ec\/sitio\/fr\/blog\/2025\/05\/01\/domenica-alcivar-y-nadia-shupingahua-dialogaron-sobre-sus-procesos-de-titulacion-en-alumni-uartes\/","og_site_name":"Universidad de las Artes","article_publisher":"https:\/\/www.facebook.com\/uartesec","article_published_time":"2025-05-01T20:22:00+00:00","article_modified_time":"2025-05-14T18:17:56+00:00","og_image":[{"width":2000,"height":1333,"url":"https:\/\/www.uartes.edu.ec\/sitio\/wp-content\/uploads\/2025\/05\/02-Nadie-Shupingahua-ALUMNI-1.jpg","type":"image\/jpeg"}],"author":"ccortez","twitter_card":"summary_large_image","twitter_creator":"@uartesec","twitter_site":"@uartesec","twitter_misc":{"\u00c9crit par":"ccortez","Dur\u00e9e de lecture estim\u00e9e":"4 minutes"},"schema":{"@context":"https:\/\/schema.org","@graph":[{"@type":"Article","@id":"https:\/\/www.uartes.edu.ec\/sitio\/fr\/blog\/2025\/05\/01\/domenica-alcivar-y-nadia-shupingahua-dialogaron-sobre-sus-procesos-de-titulacion-en-alumni-uartes\/#article","isPartOf":{"@id":"https:\/\/www.uartes.edu.ec\/sitio\/fr\/blog\/2025\/05\/01\/domenica-alcivar-y-nadia-shupingahua-dialogaron-sobre-sus-procesos-de-titulacion-en-alumni-uartes\/"},"author":{"name":"ccortez","@id":"https:\/\/www.uartes.edu.ec\/sitio\/fr\/#\/schema\/person\/efa1b8275797664fd7f13a79ccc0b1f4"},"headline":"Dom\u00e9nica Alc\u00edvar y Nadia Shupingahua, graduadas de Danza, dialogaron sobre sus procesos de titulaci\u00f3n en \u201cAlumni UArtes\u201d","datePublished":"2025-05-01T20:22:00+00:00","dateModified":"2025-05-14T18:17:56+00:00","mainEntityOfPage":{"@id":"https:\/\/www.uartes.edu.ec\/sitio\/fr\/blog\/2025\/05\/01\/domenica-alcivar-y-nadia-shupingahua-dialogaron-sobre-sus-procesos-de-titulacion-en-alumni-uartes\/"},"wordCount":875,"commentCount":0,"publisher":{"@id":"https:\/\/www.uartes.edu.ec\/sitio\/fr\/#organization"},"image":{"@id":"https:\/\/www.uartes.edu.ec\/sitio\/fr\/blog\/2025\/05\/01\/domenica-alcivar-y-nadia-shupingahua-dialogaron-sobre-sus-procesos-de-titulacion-en-alumni-uartes\/#primaryimage"},"thumbnailUrl":"https:\/\/www.uartes.edu.ec\/sitio\/wp-content\/uploads\/2025\/05\/02-Nadie-Shupingahua-ALUMNI-1.jpg","keywords":["encuentro"],"articleSection":["Acad\u00e9mico","Alumni","Artes","Artes Esc\u00e9nicas","Docentes","Estudiantes"],"inLanguage":"fr-FR","potentialAction":[{"@type":"CommentAction","name":"Comment","target":["https:\/\/www.uartes.edu.ec\/sitio\/fr\/blog\/2025\/05\/01\/domenica-alcivar-y-nadia-shupingahua-dialogaron-sobre-sus-procesos-de-titulacion-en-alumni-uartes\/#respond"]}]},{"@type":["WebPage","ItemPage"],"@id":"https:\/\/www.uartes.edu.ec\/sitio\/fr\/blog\/2025\/05\/01\/domenica-alcivar-y-nadia-shupingahua-dialogaron-sobre-sus-procesos-de-titulacion-en-alumni-uartes\/","url":"https:\/\/www.uartes.edu.ec\/sitio\/fr\/blog\/2025\/05\/01\/domenica-alcivar-y-nadia-shupingahua-dialogaron-sobre-sus-procesos-de-titulacion-en-alumni-uartes\/","name":"Universidad de las Artes - Dom\u00e9nica Alc\u00edvar y Nadia Shupingahua, graduadas de Danza, dialogaron sobre sus procesos de titulaci\u00f3n en \u201cAlumni UArtes\u201d","isPartOf":{"@id":"https:\/\/www.uartes.edu.ec\/sitio\/fr\/#website"},"primaryImageOfPage":{"@id":"https:\/\/www.uartes.edu.ec\/sitio\/fr\/blog\/2025\/05\/01\/domenica-alcivar-y-nadia-shupingahua-dialogaron-sobre-sus-procesos-de-titulacion-en-alumni-uartes\/#primaryimage"},"image":{"@id":"https:\/\/www.uartes.edu.ec\/sitio\/fr\/blog\/2025\/05\/01\/domenica-alcivar-y-nadia-shupingahua-dialogaron-sobre-sus-procesos-de-titulacion-en-alumni-uartes\/#primaryimage"},"thumbnailUrl":"https:\/\/www.uartes.edu.ec\/sitio\/wp-content\/uploads\/2025\/05\/02-Nadie-Shupingahua-ALUMNI-1.jpg","datePublished":"2025-05-01T20:22:00+00:00","dateModified":"2025-05-14T18:17:56+00:00","description":"Universidad de las Artes - Dom\u00e9nica Alc\u00edvar y Nadia Shupingahua, graduadas de Danza, dialogaron sobre sus procesos de titulaci\u00f3n en \u201cAlumni UArtes\u201d","breadcrumb":{"@id":"https:\/\/www.uartes.edu.ec\/sitio\/fr\/blog\/2025\/05\/01\/domenica-alcivar-y-nadia-shupingahua-dialogaron-sobre-sus-procesos-de-titulacion-en-alumni-uartes\/#breadcrumb"},"inLanguage":"fr-FR","potentialAction":[{"@type":"ReadAction","target":["https:\/\/www.uartes.edu.ec\/sitio\/fr\/blog\/2025\/05\/01\/domenica-alcivar-y-nadia-shupingahua-dialogaron-sobre-sus-procesos-de-titulacion-en-alumni-uartes\/"]}]},{"@type":"ImageObject","inLanguage":"fr-FR","@id":"https:\/\/www.uartes.edu.ec\/sitio\/fr\/blog\/2025\/05\/01\/domenica-alcivar-y-nadia-shupingahua-dialogaron-sobre-sus-procesos-de-titulacion-en-alumni-uartes\/#primaryimage","url":"https:\/\/www.uartes.edu.ec\/sitio\/wp-content\/uploads\/2025\/05\/02-Nadie-Shupingahua-ALUMNI-1.jpg","contentUrl":"https:\/\/www.uartes.edu.ec\/sitio\/wp-content\/uploads\/2025\/05\/02-Nadie-Shupingahua-ALUMNI-1.jpg","width":2000,"height":1333},{"@type":"BreadcrumbList","@id":"https:\/\/www.uartes.edu.ec\/sitio\/fr\/blog\/2025\/05\/01\/domenica-alcivar-y-nadia-shupingahua-dialogaron-sobre-sus-procesos-de-titulacion-en-alumni-uartes\/#breadcrumb","itemListElement":[{"@type":"ListItem","position":1,"name":"Inicio","item":"https:\/\/www.uartes.edu.ec\/sitio\/"},{"@type":"ListItem","position":2,"name":"Dom\u00e9nica Alc\u00edvar y Nadia Shupingahua, graduadas de Danza, dialogaron sobre sus procesos de titulaci\u00f3n en \u201cAlumni UArtes\u201d"}]},{"@type":"WebSite","@id":"https:\/\/www.uartes.edu.ec\/sitio\/fr\/#website","url":"https:\/\/www.uartes.edu.ec\/sitio\/fr\/","name":"Universidad de las Artes","description":"Sitio oficial de la Universidad Nacional de las Artes del Ecuador","publisher":{"@id":"https:\/\/www.uartes.edu.ec\/sitio\/fr\/#organization"},"potentialAction":[{"@type":"SearchAction","target":{"@type":"EntryPoint","urlTemplate":"https:\/\/www.uartes.edu.ec\/sitio\/fr\/?s={search_term_string}"},"query-input":{"@type":"PropertyValueSpecification","valueRequired":true,"valueName":"search_term_string"}}],"inLanguage":"fr-FR"},{"@type":"Organization","@id":"https:\/\/www.uartes.edu.ec\/sitio\/fr\/#organization","name":"Universidad de las Artes","url":"https:\/\/www.uartes.edu.ec\/sitio\/fr\/","logo":{"@type":"ImageObject","inLanguage":"fr-FR","@id":"https:\/\/www.uartes.edu.ec\/sitio\/fr\/#\/schema\/logo\/image\/","url":"https:\/\/www.uartes.edu.ec\/sitio\/wp-content\/uploads\/2022\/07\/logo-ua-horizontal.png","contentUrl":"https:\/\/www.uartes.edu.ec\/sitio\/wp-content\/uploads\/2022\/07\/logo-ua-horizontal.png","width":800,"height":276,"caption":"Universidad de las Artes"},"image":{"@id":"https:\/\/www.uartes.edu.ec\/sitio\/fr\/#\/schema\/logo\/image\/"},"sameAs":["https:\/\/www.facebook.com\/uartesec","https:\/\/x.com\/uartesec","https:\/\/www.tiktok.com\/@uartesec"]},{"@type":"Person","@id":"https:\/\/www.uartes.edu.ec\/sitio\/fr\/#\/schema\/person\/efa1b8275797664fd7f13a79ccc0b1f4","name":"ccortez","image":{"@type":"ImageObject","inLanguage":"fr-FR","@id":"https:\/\/secure.gravatar.com\/avatar\/b2a6f664a3ae8e074346ef91775736c5ec479e637ecced6842de9dc98b5da9cd?s=96&d=mm&r=g","url":"https:\/\/secure.gravatar.com\/avatar\/b2a6f664a3ae8e074346ef91775736c5ec479e637ecced6842de9dc98b5da9cd?s=96&d=mm&r=g","contentUrl":"https:\/\/secure.gravatar.com\/avatar\/b2a6f664a3ae8e074346ef91775736c5ec479e637ecced6842de9dc98b5da9cd?s=96&d=mm&r=g","caption":"ccortez"},"url":"https:\/\/www.uartes.edu.ec\/sitio\/fr\/blog\/author\/ccortez\/"}]}},"uagb_featured_image_src":{"full":["https:\/\/www.uartes.edu.ec\/sitio\/wp-content\/uploads\/2025\/05\/02-Nadie-Shupingahua-ALUMNI-1.jpg",2000,1333,false],"thumbnail":["https:\/\/www.uartes.edu.ec\/sitio\/wp-content\/uploads\/2025\/05\/02-Nadie-Shupingahua-ALUMNI-1-150x150.jpg",150,150,true],"medium":["https:\/\/www.uartes.edu.ec\/sitio\/wp-content\/uploads\/2025\/05\/02-Nadie-Shupingahua-ALUMNI-1-300x200.jpg",300,200,true],"medium_large":["https:\/\/www.uartes.edu.ec\/sitio\/wp-content\/uploads\/2025\/05\/02-Nadie-Shupingahua-ALUMNI-1-768x512.jpg",768,512,true],"large":["https:\/\/www.uartes.edu.ec\/sitio\/wp-content\/uploads\/2025\/05\/02-Nadie-Shupingahua-ALUMNI-1-644x429.jpg",644,429,true],"1536x1536":["https:\/\/www.uartes.edu.ec\/sitio\/wp-content\/uploads\/2025\/05\/02-Nadie-Shupingahua-ALUMNI-1-1536x1024.jpg",1536,1024,true],"2048x2048":["https:\/\/www.uartes.edu.ec\/sitio\/wp-content\/uploads\/2025\/05\/02-Nadie-Shupingahua-ALUMNI-1.jpg",2000,1333,false],"trp-custom-language-flag":["https:\/\/www.uartes.edu.ec\/sitio\/wp-content\/uploads\/2025\/05\/02-Nadie-Shupingahua-ALUMNI-1-18x12.jpg",18,12,true],"htmega_size_585x295":["https:\/\/www.uartes.edu.ec\/sitio\/wp-content\/uploads\/2025\/05\/02-Nadie-Shupingahua-ALUMNI-1-585x295.jpg",585,295,true],"htmega_size_1170x536":["https:\/\/www.uartes.edu.ec\/sitio\/wp-content\/uploads\/2025\/05\/02-Nadie-Shupingahua-ALUMNI-1-1170x536.jpg",1170,536,true],"htmega_size_396x360":["https:\/\/www.uartes.edu.ec\/sitio\/wp-content\/uploads\/2025\/05\/02-Nadie-Shupingahua-ALUMNI-1-396x360.jpg",396,360,true],"gb-block-post-grid-landscape":["https:\/\/www.uartes.edu.ec\/sitio\/wp-content\/uploads\/2025\/05\/02-Nadie-Shupingahua-ALUMNI-1-600x400.jpg",600,400,true],"gb-block-post-grid-square":["https:\/\/www.uartes.edu.ec\/sitio\/wp-content\/uploads\/2025\/05\/02-Nadie-Shupingahua-ALUMNI-1-600x600.jpg",600,600,true],"university-hub-thumb":["https:\/\/www.uartes.edu.ec\/sitio\/wp-content\/uploads\/2025\/05\/02-Nadie-Shupingahua-ALUMNI-1-400x267.jpg",400,267,true],"mailpoet_newsletter_max":["https:\/\/www.uartes.edu.ec\/sitio\/wp-content\/uploads\/2025\/05\/02-Nadie-Shupingahua-ALUMNI-1.jpg",1320,880,false]},"uagb_author_info":{"display_name":"ccortez","author_link":"https:\/\/www.uartes.edu.ec\/sitio\/fr\/blog\/author\/ccortez\/"},"uagb_comment_info":0,"uagb_excerpt":"Por el D\u00eda Internacional de la Danza, que se celebr\u00f3 el 29 de abril, la Escuela de Artes Esc\u00e9nicas prepar\u00f3 varias actividades con sus docentes y estudiantes. El conversatorio \"Alumni UArtes\", con Dom\u00e9nica Alc\u00edvar y Nadia Shupingahua; un Flashmob abierto al p\u00fablico; un Jam Improm\u00f3vil, con la docente Carolina Pepper; y la presentaci\u00f3n de la\u2026","featured_image_src":"https:\/\/www.uartes.edu.ec\/sitio\/wp-content\/uploads\/2025\/05\/02-Nadie-Shupingahua-ALUMNI-1-600x400.jpg","featured_image_src_square":"https:\/\/www.uartes.edu.ec\/sitio\/wp-content\/uploads\/2025\/05\/02-Nadie-Shupingahua-ALUMNI-1-600x600.jpg","author_info":{"display_name":"ccortez","author_link":"https:\/\/www.uartes.edu.ec\/sitio\/fr\/blog\/author\/ccortez\/"},"publishpress_future_workflow_manual_trigger":{"enabledWorkflows":[]},"distributor_meta":false,"distributor_terms":false,"distributor_media":false,"distributor_original_site_name":"Universidad de las Artes","distributor_original_site_url":"https:\/\/www.uartes.edu.ec\/sitio\/fr","push-errors":false,"_links":{"self":[{"href":"https:\/\/www.uartes.edu.ec\/sitio\/fr\/wp-json\/wp\/v2\/posts\/71332","targetHints":{"allow":["GET"]}}],"collection":[{"href":"https:\/\/www.uartes.edu.ec\/sitio\/fr\/wp-json\/wp\/v2\/posts"}],"about":[{"href":"https:\/\/www.uartes.edu.ec\/sitio\/fr\/wp-json\/wp\/v2\/types\/post"}],"author":[{"embeddable":true,"href":"https:\/\/www.uartes.edu.ec\/sitio\/fr\/wp-json\/wp\/v2\/users\/10"}],"replies":[{"embeddable":true,"href":"https:\/\/www.uartes.edu.ec\/sitio\/fr\/wp-json\/wp\/v2\/comments?post=71332"}],"version-history":[{"count":6,"href":"https:\/\/www.uartes.edu.ec\/sitio\/fr\/wp-json\/wp\/v2\/posts\/71332\/revisions"}],"predecessor-version":[{"id":71431,"href":"https:\/\/www.uartes.edu.ec\/sitio\/fr\/wp-json\/wp\/v2\/posts\/71332\/revisions\/71431"}],"wp:featuredmedia":[{"embeddable":true,"href":"https:\/\/www.uartes.edu.ec\/sitio\/fr\/wp-json\/wp\/v2\/media\/71334"}],"wp:attachment":[{"href":"https:\/\/www.uartes.edu.ec\/sitio\/fr\/wp-json\/wp\/v2\/media?parent=71332"}],"wp:term":[{"taxonomy":"category","embeddable":true,"href":"https:\/\/www.uartes.edu.ec\/sitio\/fr\/wp-json\/wp\/v2\/categories?post=71332"},{"taxonomy":"post_tag","embeddable":true,"href":"https:\/\/www.uartes.edu.ec\/sitio\/fr\/wp-json\/wp\/v2\/tags?post=71332"},{"taxonomy":"infouartes","embeddable":true,"href":"https:\/\/www.uartes.edu.ec\/sitio\/fr\/wp-json\/wp\/v2\/infouartes?post=71332"}],"curies":[{"name":"wp","href":"https:\/\/api.w.org\/{rel}","templated":true}]}}