{"id":7139,"date":"2020-05-20T19:12:00","date_gmt":"2020-05-21T00:12:00","guid":{"rendered":"http:\/\/www.uartes.edu.ec\/sitio\/?p=7139"},"modified":"2024-07-04T11:43:07","modified_gmt":"2024-07-04T16:43:07","slug":"gissela-carlos-se-propone-componer-la-musica-para-el-guion-de-corto-animado","status":"publish","type":"post","link":"https:\/\/www.uartes.edu.ec\/sitio\/fr\/blog\/2020\/05\/20\/gissela-carlos-se-propone-componer-la-musica-para-el-guion-de-corto-animado\/","title":{"rendered":"Gissela Carlos se propone componer la m\u00fasica para el guion de corto animado"},"content":{"rendered":"<p>\u201cLa presente investigaci\u00f3n tiene como finalidad componer la m\u00fasica para el guion del animado <em>El ni\u00f1o que com\u00eda mariposas<\/em>, utilizando como modelo los recursos compositivos del poema sinf\u00f3nico <em>Danza macabra<\/em>, de Camille Saint-Sa\u00ebns\u201d. Gissela Maribel Carlos Espinoza detalla as\u00ed, en el contenido de sus tesis de grado, los prop\u00f3sitos del trabajo final que sustent\u00f3 el 15 de abril, en videoconferencia, ante el tribunal de defensa integrado por Rafael Guzm\u00e1n, su tutor; Bernarda Ubidia y Norberto Bayo. Todos docentes de la UArtes.<\/p>\n\n\n\n<p>A su proyecto art\u00edstico la ahora egresada de la Escuela de Artes Sonoras lo titul\u00f3&nbsp; \u201cLa m\u00fasica para el guion del cortometraje animado <em>El ni\u00f1o que com\u00eda mariposas\u201d<\/em> y explica que para su propuesta emple\u00f3 la investigaci\u00f3n documental, a partir del trabajo con archivos, audios y partituras, lo cual le tom\u00f3 cuatro meses para la composici\u00f3n y siete para la indagaci\u00f3n. \u201cLa plataforma conceptual que se maneja y aborda son temas relacionados con m\u00fasica program\u00e1tica, m\u00fasica incidental, poema sinf\u00f3nico, funci\u00f3n musivisual y funci\u00f3n musitextual, an\u00e1lisis historiogr\u00e1ficos\u201d.<\/p>\n\n\n\n<p><em>Danza macabra<\/em>, agrega, es un g\u00e9nero art\u00edstico literario dram\u00e1tico nacido a finales de la edad media, que subraya el poder unificador de la muerte ante la sociedad. \u201cHenri Cazalis, para escribir este poema, se basa en conceptos de este g\u00e9nero y en su experiencia vivida al visitar las catacumbas de Par\u00eds. A\u00f1os despu\u00e9s Camille Saint-Sa\u00ebns lo refleja en su poema sinf\u00f3nico. La composici\u00f3n <em>El ni\u00f1o que com\u00eda mariposas<\/em> ha sido concebida a partir de los rasgos y recursos del poema sinf\u00f3nico <em>Danza macabra, <\/em>pero con ideas y dise\u00f1os sonoros personales y originales\u201d.<\/p>\n\n\n\n<p>La composici\u00f3n expresar\u00e1 la historia del guion <em>El ni\u00f1o que com\u00eda mariposas. <\/em>Este proyecto se enfoca en el estudio de recursos y herramientas para componer m\u00fasica destinada a una animaci\u00f3n, acompa\u00f1ada de un proceso de investigaci\u00f3n y an\u00e1lisis, ya que no existen muchas creaciones musicales ecuatorianas para animados, y mucho menos investigaciones sobre esa tem\u00e1tica. De esta manera, se pretende enriquecer el patrimonio audiovisual del Ecuador contribuyendo con la creaci\u00f3n de m\u00fasica para el cine animado.<\/p>\n\n\n\n<div class=\"wp-block-image\"><figure class=\"aligncenter size-large\"><img fetchpriority=\"high\" decoding=\"async\" width=\"644\" height=\"430\" src=\"http:\/\/www.uartes.edu.ec\/sitio\/wp-content\/uploads\/2020\/05\/GC-2-644x430.jpg\" alt=\"\" class=\"wp-image-7140\" srcset=\"https:\/\/www.uartes.edu.ec\/sitio\/wp-content\/uploads\/2020\/05\/GC-2-644x430.jpg 644w, https:\/\/www.uartes.edu.ec\/sitio\/wp-content\/uploads\/2020\/05\/GC-2-300x200.jpg 300w, https:\/\/www.uartes.edu.ec\/sitio\/wp-content\/uploads\/2020\/05\/GC-2-768x512.jpg 768w, https:\/\/www.uartes.edu.ec\/sitio\/wp-content\/uploads\/2020\/05\/GC-2-600x400.jpg 600w, https:\/\/www.uartes.edu.ec\/sitio\/wp-content\/uploads\/2020\/05\/GC-2-400x267.jpg 400w, https:\/\/www.uartes.edu.ec\/sitio\/wp-content\/uploads\/2020\/05\/GC-2-272x182.jpg 272w, https:\/\/www.uartes.edu.ec\/sitio\/wp-content\/uploads\/2020\/05\/GC-2.jpg 898w\" sizes=\"(max-width: 644px) 100vw, 644px\" \/><\/figure><\/div>\n\n\n\n<p>Gissela Maribel Carlos refiere que espera que este producto art\u00edstico permita facilitar estas herramientas para futuras creaciones y, en efecto, generar conocimientos tanto desde la utilizaci\u00f3n de conceptos, como de recursos que se obtendr\u00e1n. Como proyectos a futuro, una vez se grad\u00fae, se\u00f1ala estudiar una maestr\u00eda concerniente a la m\u00fasica para dibujos animados.<\/p>","protected":false},"excerpt":{"rendered":"<p>\u201cLa presente investigaci\u00f3n tiene como finalidad componer la m\u00fasica para el guion del animado El ni\u00f1o que com\u00eda mariposas, utilizando como modelo los recursos compositivos del poema sinf\u00f3nico Danza macabra, de Camille Saint-Sa\u00ebns\u201d. Gissela Maribel Carlos Espinoza detalla as\u00ed, en el contenido de sus tesis de grado, los prop\u00f3sitos del trabajo final que sustent\u00f3 el 15 de abril, en videoconferencia, ante el tribunal de defensa integrado por Rafael Guzm\u00e1n, su tutor; Bernarda Ubidia y Norberto Bayo. Todos docentes de la UArtes.<\/p>","protected":false},"author":1,"featured_media":7141,"comment_status":"closed","ping_status":"closed","sticky":false,"template":"","format":"standard","meta":{"_acf_changed":false,"_uag_custom_page_level_css":"","_monsterinsights_skip_tracking":false,"_monsterinsights_sitenote_active":false,"_monsterinsights_sitenote_note":"","_monsterinsights_sitenote_category":0,"cybocfi_hide_featured_image":"","footnotes":""},"categories":[80,150,76],"tags":[211],"infouartes":[],"class_list":["post-7139","post","type-post","status-publish","format-standard","has-post-thumbnail","hentry","category-academico","category-artes-sonoras","category-estudiantes","tag-covid19"],"acf":[],"yoast_head":"<!-- This site is optimized with the Yoast SEO plugin v27.4 - https:\/\/yoast.com\/product\/yoast-seo-wordpress\/ -->\n<title>Universidad de las Artes - Gissela Carlos se propone componer la m\u00fasica para el guion de corto animado<\/title>\n<meta name=\"description\" content=\"Universidad de las Artes - Gissela Carlos se propone componer la m\u00fasica para el guion de corto animado\" \/>\n<meta name=\"robots\" content=\"index, follow, max-snippet:-1, max-image-preview:large, max-video-preview:-1\" \/>\n<link rel=\"canonical\" href=\"https:\/\/www.uartes.edu.ec\/sitio\/fr\/blog\/2020\/05\/20\/gissela-carlos-se-propone-componer-la-musica-para-el-guion-de-corto-animado\/\" \/>\n<meta property=\"og:locale\" content=\"fr_FR\" \/>\n<meta property=\"og:type\" content=\"article\" \/>\n<meta property=\"og:title\" content=\"Universidad de las Artes - Gissela Carlos se propone componer la m\u00fasica para el guion de corto animado\" \/>\n<meta property=\"og:description\" content=\"Universidad de las Artes - Gissela Carlos se propone componer la m\u00fasica para el guion de corto animado\" \/>\n<meta property=\"og:url\" content=\"https:\/\/www.uartes.edu.ec\/sitio\/fr\/blog\/2020\/05\/20\/gissela-carlos-se-propone-componer-la-musica-para-el-guion-de-corto-animado\/\" \/>\n<meta property=\"og:site_name\" content=\"Universidad de las Artes\" \/>\n<meta property=\"article:publisher\" content=\"https:\/\/www.facebook.com\/uartesec\" \/>\n<meta property=\"article:published_time\" content=\"2020-05-21T00:12:00+00:00\" \/>\n<meta property=\"article:modified_time\" content=\"2024-07-04T16:43:07+00:00\" \/>\n<meta property=\"og:image\" content=\"https:\/\/www.uartes.edu.ec\/sitio\/wp-content\/uploads\/2020\/05\/GC-1.jpg\" \/>\n\t<meta property=\"og:image:width\" content=\"820\" \/>\n\t<meta property=\"og:image:height\" content=\"547\" \/>\n\t<meta property=\"og:image:type\" content=\"image\/jpeg\" \/>\n<meta name=\"author\" content=\"Universidad de las Artes\" \/>\n<meta name=\"twitter:card\" content=\"summary_large_image\" \/>\n<meta name=\"twitter:creator\" content=\"@uartesec\" \/>\n<meta name=\"twitter:site\" content=\"@uartesec\" \/>\n<meta name=\"twitter:label1\" content=\"\u00c9crit par\" \/>\n\t<meta name=\"twitter:data1\" content=\"Universidad de las Artes\" \/>\n\t<meta name=\"twitter:label2\" content=\"Dur\u00e9e de lecture estim\u00e9e\" \/>\n\t<meta name=\"twitter:data2\" content=\"2 minutes\" \/>\n<script type=\"application\/ld+json\" class=\"yoast-schema-graph\">{\"@context\":\"https:\\\/\\\/schema.org\",\"@graph\":[{\"@type\":\"Article\",\"@id\":\"https:\\\/\\\/www.uartes.edu.ec\\\/sitio\\\/fr\\\/blog\\\/2020\\\/05\\\/20\\\/gissela-carlos-se-propone-componer-la-musica-para-el-guion-de-corto-animado\\\/#article\",\"isPartOf\":{\"@id\":\"https:\\\/\\\/www.uartes.edu.ec\\\/sitio\\\/fr\\\/blog\\\/2020\\\/05\\\/20\\\/gissela-carlos-se-propone-componer-la-musica-para-el-guion-de-corto-animado\\\/\"},\"author\":{\"name\":\"Universidad de las Artes\",\"@id\":\"https:\\\/\\\/www.uartes.edu.ec\\\/sitio\\\/fr\\\/#\\\/schema\\\/person\\\/f33f8c1d2af0d5c80a38c8abf458184a\"},\"headline\":\"Gissela Carlos se propone componer la m\u00fasica para el guion de corto animado\",\"datePublished\":\"2020-05-21T00:12:00+00:00\",\"dateModified\":\"2024-07-04T16:43:07+00:00\",\"mainEntityOfPage\":{\"@id\":\"https:\\\/\\\/www.uartes.edu.ec\\\/sitio\\\/fr\\\/blog\\\/2020\\\/05\\\/20\\\/gissela-carlos-se-propone-componer-la-musica-para-el-guion-de-corto-animado\\\/\"},\"wordCount\":457,\"publisher\":{\"@id\":\"https:\\\/\\\/www.uartes.edu.ec\\\/sitio\\\/fr\\\/#organization\"},\"image\":{\"@id\":\"https:\\\/\\\/www.uartes.edu.ec\\\/sitio\\\/fr\\\/blog\\\/2020\\\/05\\\/20\\\/gissela-carlos-se-propone-componer-la-musica-para-el-guion-de-corto-animado\\\/#primaryimage\"},\"thumbnailUrl\":\"https:\\\/\\\/www.uartes.edu.ec\\\/sitio\\\/wp-content\\\/uploads\\\/2020\\\/05\\\/GC-1.jpg\",\"keywords\":[\"covid19\"],\"articleSection\":[\"Acad\u00e9mico\",\"Artes Sonoras\",\"Estudiantes\"],\"inLanguage\":\"fr-FR\"},{\"@type\":[\"WebPage\",\"ItemPage\"],\"@id\":\"https:\\\/\\\/www.uartes.edu.ec\\\/sitio\\\/fr\\\/blog\\\/2020\\\/05\\\/20\\\/gissela-carlos-se-propone-componer-la-musica-para-el-guion-de-corto-animado\\\/\",\"url\":\"https:\\\/\\\/www.uartes.edu.ec\\\/sitio\\\/fr\\\/blog\\\/2020\\\/05\\\/20\\\/gissela-carlos-se-propone-componer-la-musica-para-el-guion-de-corto-animado\\\/\",\"name\":\"Universidad de las Artes - Gissela Carlos se propone componer la m\u00fasica para el guion de corto animado\",\"isPartOf\":{\"@id\":\"https:\\\/\\\/www.uartes.edu.ec\\\/sitio\\\/fr\\\/#website\"},\"primaryImageOfPage\":{\"@id\":\"https:\\\/\\\/www.uartes.edu.ec\\\/sitio\\\/fr\\\/blog\\\/2020\\\/05\\\/20\\\/gissela-carlos-se-propone-componer-la-musica-para-el-guion-de-corto-animado\\\/#primaryimage\"},\"image\":{\"@id\":\"https:\\\/\\\/www.uartes.edu.ec\\\/sitio\\\/fr\\\/blog\\\/2020\\\/05\\\/20\\\/gissela-carlos-se-propone-componer-la-musica-para-el-guion-de-corto-animado\\\/#primaryimage\"},\"thumbnailUrl\":\"https:\\\/\\\/www.uartes.edu.ec\\\/sitio\\\/wp-content\\\/uploads\\\/2020\\\/05\\\/GC-1.jpg\",\"datePublished\":\"2020-05-21T00:12:00+00:00\",\"dateModified\":\"2024-07-04T16:43:07+00:00\",\"description\":\"Universidad de las Artes - Gissela Carlos se propone componer la m\u00fasica para el guion de corto animado\",\"breadcrumb\":{\"@id\":\"https:\\\/\\\/www.uartes.edu.ec\\\/sitio\\\/fr\\\/blog\\\/2020\\\/05\\\/20\\\/gissela-carlos-se-propone-componer-la-musica-para-el-guion-de-corto-animado\\\/#breadcrumb\"},\"inLanguage\":\"fr-FR\",\"potentialAction\":[{\"@type\":\"ReadAction\",\"target\":[\"https:\\\/\\\/www.uartes.edu.ec\\\/sitio\\\/fr\\\/blog\\\/2020\\\/05\\\/20\\\/gissela-carlos-se-propone-componer-la-musica-para-el-guion-de-corto-animado\\\/\"]}]},{\"@type\":\"ImageObject\",\"inLanguage\":\"fr-FR\",\"@id\":\"https:\\\/\\\/www.uartes.edu.ec\\\/sitio\\\/fr\\\/blog\\\/2020\\\/05\\\/20\\\/gissela-carlos-se-propone-componer-la-musica-para-el-guion-de-corto-animado\\\/#primaryimage\",\"url\":\"https:\\\/\\\/www.uartes.edu.ec\\\/sitio\\\/wp-content\\\/uploads\\\/2020\\\/05\\\/GC-1.jpg\",\"contentUrl\":\"https:\\\/\\\/www.uartes.edu.ec\\\/sitio\\\/wp-content\\\/uploads\\\/2020\\\/05\\\/GC-1.jpg\",\"width\":820,\"height\":547},{\"@type\":\"BreadcrumbList\",\"@id\":\"https:\\\/\\\/www.uartes.edu.ec\\\/sitio\\\/fr\\\/blog\\\/2020\\\/05\\\/20\\\/gissela-carlos-se-propone-componer-la-musica-para-el-guion-de-corto-animado\\\/#breadcrumb\",\"itemListElement\":[{\"@type\":\"ListItem\",\"position\":1,\"name\":\"Inicio\",\"item\":\"https:\\\/\\\/www.uartes.edu.ec\\\/sitio\\\/\"},{\"@type\":\"ListItem\",\"position\":2,\"name\":\"Gissela Carlos se propone componer la m\u00fasica para el guion de corto animado\"}]},{\"@type\":\"WebSite\",\"@id\":\"https:\\\/\\\/www.uartes.edu.ec\\\/sitio\\\/fr\\\/#website\",\"url\":\"https:\\\/\\\/www.uartes.edu.ec\\\/sitio\\\/fr\\\/\",\"name\":\"Universidad de las Artes\",\"description\":\"Sitio oficial de la Universidad Nacional de las Artes del Ecuador\",\"publisher\":{\"@id\":\"https:\\\/\\\/www.uartes.edu.ec\\\/sitio\\\/fr\\\/#organization\"},\"potentialAction\":[{\"@type\":\"SearchAction\",\"target\":{\"@type\":\"EntryPoint\",\"urlTemplate\":\"https:\\\/\\\/www.uartes.edu.ec\\\/sitio\\\/fr\\\/?s={search_term_string}\"},\"query-input\":{\"@type\":\"PropertyValueSpecification\",\"valueRequired\":true,\"valueName\":\"search_term_string\"}}],\"inLanguage\":\"fr-FR\"},{\"@type\":\"Organization\",\"@id\":\"https:\\\/\\\/www.uartes.edu.ec\\\/sitio\\\/fr\\\/#organization\",\"name\":\"Universidad de las Artes\",\"url\":\"https:\\\/\\\/www.uartes.edu.ec\\\/sitio\\\/fr\\\/\",\"logo\":{\"@type\":\"ImageObject\",\"inLanguage\":\"fr-FR\",\"@id\":\"https:\\\/\\\/www.uartes.edu.ec\\\/sitio\\\/fr\\\/#\\\/schema\\\/logo\\\/image\\\/\",\"url\":\"https:\\\/\\\/www.uartes.edu.ec\\\/sitio\\\/wp-content\\\/uploads\\\/2022\\\/07\\\/logo-ua-horizontal.png\",\"contentUrl\":\"https:\\\/\\\/www.uartes.edu.ec\\\/sitio\\\/wp-content\\\/uploads\\\/2022\\\/07\\\/logo-ua-horizontal.png\",\"width\":800,\"height\":276,\"caption\":\"Universidad de las Artes\"},\"image\":{\"@id\":\"https:\\\/\\\/www.uartes.edu.ec\\\/sitio\\\/fr\\\/#\\\/schema\\\/logo\\\/image\\\/\"},\"sameAs\":[\"https:\\\/\\\/www.facebook.com\\\/uartesec\",\"https:\\\/\\\/x.com\\\/uartesec\",\"https:\\\/\\\/www.tiktok.com\\\/@uartesec\"]},{\"@type\":\"Person\",\"@id\":\"https:\\\/\\\/www.uartes.edu.ec\\\/sitio\\\/fr\\\/#\\\/schema\\\/person\\\/f33f8c1d2af0d5c80a38c8abf458184a\",\"name\":\"Universidad de las Artes\",\"image\":{\"@type\":\"ImageObject\",\"inLanguage\":\"fr-FR\",\"@id\":\"https:\\\/\\\/secure.gravatar.com\\\/avatar\\\/52e4757902f5cfa5ac52d020e5be83cae5487519154b6c35482fe08d589f3c13?s=96&d=mm&r=g\",\"url\":\"https:\\\/\\\/secure.gravatar.com\\\/avatar\\\/52e4757902f5cfa5ac52d020e5be83cae5487519154b6c35482fe08d589f3c13?s=96&d=mm&r=g\",\"contentUrl\":\"https:\\\/\\\/secure.gravatar.com\\\/avatar\\\/52e4757902f5cfa5ac52d020e5be83cae5487519154b6c35482fe08d589f3c13?s=96&d=mm&r=g\",\"caption\":\"Universidad de las Artes\"},\"url\":\"https:\\\/\\\/www.uartes.edu.ec\\\/sitio\\\/fr\\\/blog\\\/author\\\/dircomadm\\\/\"}]}<\/script>\n<!-- \/ Yoast SEO plugin. -->","yoast_head_json":{"title":"Universidad de las Artes - Gissela Carlos se propone componer la m\u00fasica para el guion de corto animado","description":"Universidad de las Artes - Gissela Carlos se propone componer la m\u00fasica para el guion de corto animado","robots":{"index":"index","follow":"follow","max-snippet":"max-snippet:-1","max-image-preview":"max-image-preview:large","max-video-preview":"max-video-preview:-1"},"canonical":"https:\/\/www.uartes.edu.ec\/sitio\/fr\/blog\/2020\/05\/20\/gissela-carlos-se-propone-componer-la-musica-para-el-guion-de-corto-animado\/","og_locale":"fr_FR","og_type":"article","og_title":"Universidad de las Artes - Gissela Carlos se propone componer la m\u00fasica para el guion de corto animado","og_description":"Universidad de las Artes - Gissela Carlos se propone componer la m\u00fasica para el guion de corto animado","og_url":"https:\/\/www.uartes.edu.ec\/sitio\/fr\/blog\/2020\/05\/20\/gissela-carlos-se-propone-componer-la-musica-para-el-guion-de-corto-animado\/","og_site_name":"Universidad de las Artes","article_publisher":"https:\/\/www.facebook.com\/uartesec","article_published_time":"2020-05-21T00:12:00+00:00","article_modified_time":"2024-07-04T16:43:07+00:00","og_image":[{"width":820,"height":547,"url":"https:\/\/www.uartes.edu.ec\/sitio\/wp-content\/uploads\/2020\/05\/GC-1.jpg","type":"image\/jpeg"}],"author":"Universidad de las Artes","twitter_card":"summary_large_image","twitter_creator":"@uartesec","twitter_site":"@uartesec","twitter_misc":{"\u00c9crit par":"Universidad de las Artes","Dur\u00e9e de lecture estim\u00e9e":"2 minutes"},"schema":{"@context":"https:\/\/schema.org","@graph":[{"@type":"Article","@id":"https:\/\/www.uartes.edu.ec\/sitio\/fr\/blog\/2020\/05\/20\/gissela-carlos-se-propone-componer-la-musica-para-el-guion-de-corto-animado\/#article","isPartOf":{"@id":"https:\/\/www.uartes.edu.ec\/sitio\/fr\/blog\/2020\/05\/20\/gissela-carlos-se-propone-componer-la-musica-para-el-guion-de-corto-animado\/"},"author":{"name":"Universidad de las Artes","@id":"https:\/\/www.uartes.edu.ec\/sitio\/fr\/#\/schema\/person\/f33f8c1d2af0d5c80a38c8abf458184a"},"headline":"Gissela Carlos se propone componer la m\u00fasica para el guion de corto animado","datePublished":"2020-05-21T00:12:00+00:00","dateModified":"2024-07-04T16:43:07+00:00","mainEntityOfPage":{"@id":"https:\/\/www.uartes.edu.ec\/sitio\/fr\/blog\/2020\/05\/20\/gissela-carlos-se-propone-componer-la-musica-para-el-guion-de-corto-animado\/"},"wordCount":457,"publisher":{"@id":"https:\/\/www.uartes.edu.ec\/sitio\/fr\/#organization"},"image":{"@id":"https:\/\/www.uartes.edu.ec\/sitio\/fr\/blog\/2020\/05\/20\/gissela-carlos-se-propone-componer-la-musica-para-el-guion-de-corto-animado\/#primaryimage"},"thumbnailUrl":"https:\/\/www.uartes.edu.ec\/sitio\/wp-content\/uploads\/2020\/05\/GC-1.jpg","keywords":["covid19"],"articleSection":["Acad\u00e9mico","Artes Sonoras","Estudiantes"],"inLanguage":"fr-FR"},{"@type":["WebPage","ItemPage"],"@id":"https:\/\/www.uartes.edu.ec\/sitio\/fr\/blog\/2020\/05\/20\/gissela-carlos-se-propone-componer-la-musica-para-el-guion-de-corto-animado\/","url":"https:\/\/www.uartes.edu.ec\/sitio\/fr\/blog\/2020\/05\/20\/gissela-carlos-se-propone-componer-la-musica-para-el-guion-de-corto-animado\/","name":"Universidad de las Artes - Gissela Carlos se propone componer la m\u00fasica para el guion de corto animado","isPartOf":{"@id":"https:\/\/www.uartes.edu.ec\/sitio\/fr\/#website"},"primaryImageOfPage":{"@id":"https:\/\/www.uartes.edu.ec\/sitio\/fr\/blog\/2020\/05\/20\/gissela-carlos-se-propone-componer-la-musica-para-el-guion-de-corto-animado\/#primaryimage"},"image":{"@id":"https:\/\/www.uartes.edu.ec\/sitio\/fr\/blog\/2020\/05\/20\/gissela-carlos-se-propone-componer-la-musica-para-el-guion-de-corto-animado\/#primaryimage"},"thumbnailUrl":"https:\/\/www.uartes.edu.ec\/sitio\/wp-content\/uploads\/2020\/05\/GC-1.jpg","datePublished":"2020-05-21T00:12:00+00:00","dateModified":"2024-07-04T16:43:07+00:00","description":"Universidad de las Artes - Gissela Carlos se propone componer la m\u00fasica para el guion de corto animado","breadcrumb":{"@id":"https:\/\/www.uartes.edu.ec\/sitio\/fr\/blog\/2020\/05\/20\/gissela-carlos-se-propone-componer-la-musica-para-el-guion-de-corto-animado\/#breadcrumb"},"inLanguage":"fr-FR","potentialAction":[{"@type":"ReadAction","target":["https:\/\/www.uartes.edu.ec\/sitio\/fr\/blog\/2020\/05\/20\/gissela-carlos-se-propone-componer-la-musica-para-el-guion-de-corto-animado\/"]}]},{"@type":"ImageObject","inLanguage":"fr-FR","@id":"https:\/\/www.uartes.edu.ec\/sitio\/fr\/blog\/2020\/05\/20\/gissela-carlos-se-propone-componer-la-musica-para-el-guion-de-corto-animado\/#primaryimage","url":"https:\/\/www.uartes.edu.ec\/sitio\/wp-content\/uploads\/2020\/05\/GC-1.jpg","contentUrl":"https:\/\/www.uartes.edu.ec\/sitio\/wp-content\/uploads\/2020\/05\/GC-1.jpg","width":820,"height":547},{"@type":"BreadcrumbList","@id":"https:\/\/www.uartes.edu.ec\/sitio\/fr\/blog\/2020\/05\/20\/gissela-carlos-se-propone-componer-la-musica-para-el-guion-de-corto-animado\/#breadcrumb","itemListElement":[{"@type":"ListItem","position":1,"name":"Inicio","item":"https:\/\/www.uartes.edu.ec\/sitio\/"},{"@type":"ListItem","position":2,"name":"Gissela Carlos se propone componer la m\u00fasica para el guion de corto animado"}]},{"@type":"WebSite","@id":"https:\/\/www.uartes.edu.ec\/sitio\/fr\/#website","url":"https:\/\/www.uartes.edu.ec\/sitio\/fr\/","name":"Universidad de las Artes","description":"Sitio oficial de la Universidad Nacional de las Artes del Ecuador","publisher":{"@id":"https:\/\/www.uartes.edu.ec\/sitio\/fr\/#organization"},"potentialAction":[{"@type":"SearchAction","target":{"@type":"EntryPoint","urlTemplate":"https:\/\/www.uartes.edu.ec\/sitio\/fr\/?s={search_term_string}"},"query-input":{"@type":"PropertyValueSpecification","valueRequired":true,"valueName":"search_term_string"}}],"inLanguage":"fr-FR"},{"@type":"Organization","@id":"https:\/\/www.uartes.edu.ec\/sitio\/fr\/#organization","name":"Universidad de las Artes","url":"https:\/\/www.uartes.edu.ec\/sitio\/fr\/","logo":{"@type":"ImageObject","inLanguage":"fr-FR","@id":"https:\/\/www.uartes.edu.ec\/sitio\/fr\/#\/schema\/logo\/image\/","url":"https:\/\/www.uartes.edu.ec\/sitio\/wp-content\/uploads\/2022\/07\/logo-ua-horizontal.png","contentUrl":"https:\/\/www.uartes.edu.ec\/sitio\/wp-content\/uploads\/2022\/07\/logo-ua-horizontal.png","width":800,"height":276,"caption":"Universidad de las Artes"},"image":{"@id":"https:\/\/www.uartes.edu.ec\/sitio\/fr\/#\/schema\/logo\/image\/"},"sameAs":["https:\/\/www.facebook.com\/uartesec","https:\/\/x.com\/uartesec","https:\/\/www.tiktok.com\/@uartesec"]},{"@type":"Person","@id":"https:\/\/www.uartes.edu.ec\/sitio\/fr\/#\/schema\/person\/f33f8c1d2af0d5c80a38c8abf458184a","name":"Universidad de las Artes","image":{"@type":"ImageObject","inLanguage":"fr-FR","@id":"https:\/\/secure.gravatar.com\/avatar\/52e4757902f5cfa5ac52d020e5be83cae5487519154b6c35482fe08d589f3c13?s=96&d=mm&r=g","url":"https:\/\/secure.gravatar.com\/avatar\/52e4757902f5cfa5ac52d020e5be83cae5487519154b6c35482fe08d589f3c13?s=96&d=mm&r=g","contentUrl":"https:\/\/secure.gravatar.com\/avatar\/52e4757902f5cfa5ac52d020e5be83cae5487519154b6c35482fe08d589f3c13?s=96&d=mm&r=g","caption":"Universidad de las Artes"},"url":"https:\/\/www.uartes.edu.ec\/sitio\/fr\/blog\/author\/dircomadm\/"}]}},"uagb_featured_image_src":{"full":["https:\/\/www.uartes.edu.ec\/sitio\/wp-content\/uploads\/2020\/05\/GC-1.jpg",820,547,false],"thumbnail":["https:\/\/www.uartes.edu.ec\/sitio\/wp-content\/uploads\/2020\/05\/GC-1-150x150.jpg",150,150,true],"medium":["https:\/\/www.uartes.edu.ec\/sitio\/wp-content\/uploads\/2020\/05\/GC-1-300x200.jpg",300,200,true],"medium_large":["https:\/\/www.uartes.edu.ec\/sitio\/wp-content\/uploads\/2020\/05\/GC-1-768x512.jpg",768,512,true],"large":["https:\/\/www.uartes.edu.ec\/sitio\/wp-content\/uploads\/2020\/05\/GC-1-644x430.jpg",644,430,true],"1536x1536":["https:\/\/www.uartes.edu.ec\/sitio\/wp-content\/uploads\/2020\/05\/GC-1.jpg",820,547,false],"2048x2048":["https:\/\/www.uartes.edu.ec\/sitio\/wp-content\/uploads\/2020\/05\/GC-1.jpg",820,547,false],"trp-custom-language-flag":["https:\/\/www.uartes.edu.ec\/sitio\/wp-content\/uploads\/2020\/05\/GC-1.jpg",18,12,false],"htmega_size_585x295":["https:\/\/www.uartes.edu.ec\/sitio\/wp-content\/uploads\/2020\/05\/GC-1.jpg",442,295,false],"htmega_size_1170x536":["https:\/\/www.uartes.edu.ec\/sitio\/wp-content\/uploads\/2020\/05\/GC-1.jpg",804,536,false],"htmega_size_396x360":["https:\/\/www.uartes.edu.ec\/sitio\/wp-content\/uploads\/2020\/05\/GC-1.jpg",396,264,false],"gb-block-post-grid-landscape":["https:\/\/www.uartes.edu.ec\/sitio\/wp-content\/uploads\/2020\/05\/GC-1.jpg",600,400,false],"gb-block-post-grid-square":["https:\/\/www.uartes.edu.ec\/sitio\/wp-content\/uploads\/2020\/05\/GC-1.jpg",600,400,false],"university-hub-thumb":["https:\/\/www.uartes.edu.ec\/sitio\/wp-content\/uploads\/2020\/05\/GC-1-400x267.jpg",400,267,true]},"uagb_author_info":{"display_name":"Universidad de las Artes","author_link":"https:\/\/www.uartes.edu.ec\/sitio\/fr\/blog\/author\/dircomadm\/"},"uagb_comment_info":0,"uagb_excerpt":"\u201cLa presente investigaci\u00f3n tiene como finalidad componer la m\u00fasica para el guion del animado El ni\u00f1o que com\u00eda mariposas, utilizando como modelo los recursos compositivos del poema sinf\u00f3nico Danza macabra, de Camille Saint-Sa\u00ebns\u201d. Gissela Maribel Carlos Espinoza detalla as\u00ed, en el contenido de sus tesis de grado, los prop\u00f3sitos del trabajo final que sustent\u00f3 el\u2026","featured_image_src":"https:\/\/www.uartes.edu.ec\/sitio\/wp-content\/uploads\/2020\/05\/GC-1.jpg","featured_image_src_square":"https:\/\/www.uartes.edu.ec\/sitio\/wp-content\/uploads\/2020\/05\/GC-1.jpg","author_info":{"display_name":"Universidad de las Artes","author_link":"https:\/\/www.uartes.edu.ec\/sitio\/fr\/blog\/author\/dircomadm\/"},"publishpress_future_workflow_manual_trigger":{"enabledWorkflows":[]},"distributor_meta":false,"distributor_terms":false,"distributor_media":false,"distributor_original_site_name":"Universidad de las Artes","distributor_original_site_url":"https:\/\/www.uartes.edu.ec\/sitio\/fr","push-errors":false,"_links":{"self":[{"href":"https:\/\/www.uartes.edu.ec\/sitio\/fr\/wp-json\/wp\/v2\/posts\/7139","targetHints":{"allow":["GET"]}}],"collection":[{"href":"https:\/\/www.uartes.edu.ec\/sitio\/fr\/wp-json\/wp\/v2\/posts"}],"about":[{"href":"https:\/\/www.uartes.edu.ec\/sitio\/fr\/wp-json\/wp\/v2\/types\/post"}],"author":[{"embeddable":true,"href":"https:\/\/www.uartes.edu.ec\/sitio\/fr\/wp-json\/wp\/v2\/users\/1"}],"replies":[{"embeddable":true,"href":"https:\/\/www.uartes.edu.ec\/sitio\/fr\/wp-json\/wp\/v2\/comments?post=7139"}],"version-history":[{"count":2,"href":"https:\/\/www.uartes.edu.ec\/sitio\/fr\/wp-json\/wp\/v2\/posts\/7139\/revisions"}],"predecessor-version":[{"id":57617,"href":"https:\/\/www.uartes.edu.ec\/sitio\/fr\/wp-json\/wp\/v2\/posts\/7139\/revisions\/57617"}],"wp:featuredmedia":[{"embeddable":true,"href":"https:\/\/www.uartes.edu.ec\/sitio\/fr\/wp-json\/wp\/v2\/media\/7141"}],"wp:attachment":[{"href":"https:\/\/www.uartes.edu.ec\/sitio\/fr\/wp-json\/wp\/v2\/media?parent=7139"}],"wp:term":[{"taxonomy":"category","embeddable":true,"href":"https:\/\/www.uartes.edu.ec\/sitio\/fr\/wp-json\/wp\/v2\/categories?post=7139"},{"taxonomy":"post_tag","embeddable":true,"href":"https:\/\/www.uartes.edu.ec\/sitio\/fr\/wp-json\/wp\/v2\/tags?post=7139"},{"taxonomy":"infouartes","embeddable":true,"href":"https:\/\/www.uartes.edu.ec\/sitio\/fr\/wp-json\/wp\/v2\/infouartes?post=7139"}],"curies":[{"name":"wp","href":"https:\/\/api.w.org\/{rel}","templated":true}]}}