{"id":7153,"date":"2020-05-29T15:59:45","date_gmt":"2020-05-29T20:59:45","guid":{"rendered":"http:\/\/www.uartes.edu.ec\/sitio\/?p=7153"},"modified":"2024-07-04T11:43:05","modified_gmt":"2024-07-04T16:43:05","slug":"escuela-de-literatura-uartes-inicio-de-manera-virtual-la-quinta-edicion-de-su-escuela-abierta","status":"publish","type":"post","link":"https:\/\/www.uartes.edu.ec\/sitio\/fr\/blog\/2020\/05\/29\/escuela-de-literatura-uartes-inicio-de-manera-virtual-la-quinta-edicion-de-su-escuela-abierta\/","title":{"rendered":"Escuela de Literatura UArtes inici\u00f3 de manera virtual la quinta edici\u00f3n de su Escuela Abierta"},"content":{"rendered":"<p class=\"has-text-align-right\"><em>&nbsp;\u201cLa Emancipada\u201d, de Miguel Riofr\u00edo, analizada por el docente Andr\u00e9s Land\u00e1zuri, dio inicio a la quinta edici\u00f3n de la Escuela Abierta. La siguiente sesi\u00f3n virtual ser\u00e1 el 2 de junio; Cristian Armijos dialogar\u00e1 sobre la obra \u201cUn matrimonio inconveniente\u201d, de Juan Le\u00f3n Mera.<\/em><\/p>\n\n\n\n<p>Con la participaci\u00f3n del docente Andr\u00e9s Land\u00e1zuri, quien dialog\u00f3 sobre la obra <em>La Emancipada,<\/em> de Miguel Riofr\u00edo, la Escuela de Literatura de la Universidad de las Artes inici\u00f3 el martes 19 de mayo de 2020 la quinta edici\u00f3n de su Escuela Abierta: Encuentro con autores ecuatorianos.<\/p>\n\n\n\n<p>A la cita virtual, que se desarroll\u00f3 entre las 18:00 y 20:00 v\u00eda Facebook Live de @liteuartes, se conectaron estudiantes, docentes y un p\u00fablico dispuesto a explorar los temas relacionados con el mundo de las letras. Es de anotar que la iniciada quinta edici\u00f3n se relaciona con las jornadas sobre la ciudad que se realizar\u00e1n en julio pr\u00f3ximo con el tema \u201cGuayaquil: verano invencible\u201d; su eje centro ser\u00e1 el g\u00e9nero de la novela breve.<\/p>\n\n\n\n<p>Kendra Lindao, de la Escuela de Literatura, fue una de las estudiantes conectadas. Dijo que ya estaba familiarizada con la lectura de <em>La Emancipada,<\/em> pues la estudi\u00f3 en clases. Ponder\u00f3, por ello, que el p\u00fablico que se enlaz\u00f3 pudiera conocer m\u00e1s acerca de la obra, \u201cespecialmente porque la primera novela ecuatoriana no fue <em>Cumand\u00e1<\/em>, aunque tenga m\u00e1s antecedentes de serlo\u201d. Que ya ha participado en otras sesiones de Escuela Abierta y que la virtual marc\u00f3 sus diferencias, agreg\u00f3, \u201cempezando porque no tuve inconvenientes con el horario. Algunas sesiones me perd\u00ed porque el tiempo no me daba, ahora pude estar y desde casa\u201d.<\/p>\n\n\n\n<p>Angie Cobos, tambi\u00e9n estudiante de Literatura, coincidi\u00f3 en que son muchas las posibilidades que se abren con una Escuela Abierta online, ya que permite que otros interesados en la literatura ecuatoriana puedan acceder desde la comodidad de sus hogares. \u201cSe pudo, adem\u00e1s, visibilizar el n\u00famero de participantes que estuvo todo el tiempo conectado en el Facebook Live\u201d. Celebr\u00f3 las preguntas que se hicieron al final del enlace virtual y que iban desde el contenido de la novela hasta c\u00f3mo incentivar la lectura en los j\u00f3venes.<\/p>\n\n\n\n<p><strong>Pr\u00f3ximas sesiones<\/strong><\/p>\n\n\n\n<p>Como en las anteriores ediciones de Escuela Abierta, las sesiones se realizan cada quince d\u00edas, los d\u00edas martes. Las pr\u00f3ximas reuniones virtuales ser\u00e1n el 2 de junio con el docente Cristian Armijos, quien dialogar\u00e1 sobre la obra <em>Un matrimonio inconveniente<\/em> de Juan Le\u00f3n Mera; el 16, Siomara Espa\u00f1a analizar\u00e1 <em>D\u00e9bora,<\/em> novela de Pablo Palacio; y el 30, har\u00e1 lo propio, como escritor invitado, Ra\u00fal Vallejo, con <em>Los Sangurimas,<\/em> de Jos\u00e9 de la Cuadra.<\/p>\n\n\n\n<p>En el mes de julio, las sesiones de Escuela Abierta se har\u00e1n el 14, con Cecilia Velasco, quien dialogar\u00e1 sobre <em>La ca\u00edda y la noche,<\/em> de Vladimir Rivas Iturralde; y, el 28, Fernando Montenegro abordar\u00e1 <em>El secreto, <\/em>de Javier V\u00e1sconez.<\/p>\n\n\n\n<p>En agosto, las reuniones ser\u00e1n el 11 y 25, con las docentes Mar\u00eda Paulina Briones, quien hablar\u00e1 de <em>Los senos maravillosos,<\/em> de la autor\u00eda de Karina S\u00e1nchez; y, Solange Rodr\u00edguez Pappe, <em>Un sue\u00f1o extra\u00f1o,<\/em> de Sandra Araya.<\/p>","protected":false},"excerpt":{"rendered":"<p> \u201cLa Emancipada\u201d, de Miguel Riofr\u00edo, analizada por el docente Andr\u00e9s Land\u00e1zuri, dio inicio a la quinta edici\u00f3n de la Escuela Abierta. La siguiente sesi\u00f3n virtual ser\u00e1 el 2 de junio; Cristian Armijos dialogar\u00e1 sobre la obra \u201cUn matrimonio inconveniente\u201d, de Juan Le\u00f3n Mera.<\/p>","protected":false},"author":1,"featured_media":7148,"comment_status":"closed","ping_status":"closed","sticky":false,"template":"","format":"standard","meta":{"_acf_changed":false,"_uag_custom_page_level_css":"","_monsterinsights_skip_tracking":false,"_monsterinsights_sitenote_active":false,"_monsterinsights_sitenote_note":"","_monsterinsights_sitenote_category":0,"cybocfi_hide_featured_image":"","footnotes":""},"categories":[82,75,175,79],"tags":[211,118],"infouartes":[],"class_list":["post-7153","post","type-post","status-publish","format-standard","has-post-thumbnail","hentry","category-artes","category-docentes","category-literatura","category-vinculo","tag-covid19","tag-escuelabierta"],"acf":[],"yoast_head":"<!-- This site is optimized with the Yoast SEO plugin v27.4 - https:\/\/yoast.com\/product\/yoast-seo-wordpress\/ -->\n<title>Universidad de las Artes - Escuela de Literatura UArtes inici\u00f3 de manera virtual la quinta edici\u00f3n de su Escuela Abierta<\/title>\n<meta name=\"description\" content=\"Universidad de las Artes - Escuela de Literatura UArtes inici\u00f3 de manera virtual la quinta edici\u00f3n de su Escuela Abierta\" \/>\n<meta name=\"robots\" content=\"index, follow, max-snippet:-1, max-image-preview:large, max-video-preview:-1\" \/>\n<link rel=\"canonical\" href=\"https:\/\/www.uartes.edu.ec\/sitio\/fr\/blog\/2020\/05\/29\/escuela-de-literatura-uartes-inicio-de-manera-virtual-la-quinta-edicion-de-su-escuela-abierta\/\" \/>\n<meta property=\"og:locale\" content=\"fr_FR\" \/>\n<meta property=\"og:type\" content=\"article\" \/>\n<meta property=\"og:title\" content=\"Universidad de las Artes - Escuela de Literatura UArtes inici\u00f3 de manera virtual la quinta edici\u00f3n de su Escuela Abierta\" \/>\n<meta property=\"og:description\" content=\"Universidad de las Artes - Escuela de Literatura UArtes inici\u00f3 de manera virtual la quinta edici\u00f3n de su Escuela Abierta\" \/>\n<meta property=\"og:url\" content=\"https:\/\/www.uartes.edu.ec\/sitio\/fr\/blog\/2020\/05\/29\/escuela-de-literatura-uartes-inicio-de-manera-virtual-la-quinta-edicion-de-su-escuela-abierta\/\" \/>\n<meta property=\"og:site_name\" content=\"Universidad de las Artes\" \/>\n<meta property=\"article:publisher\" content=\"https:\/\/www.facebook.com\/uartesec\" \/>\n<meta property=\"article:published_time\" content=\"2020-05-29T20:59:45+00:00\" \/>\n<meta property=\"article:modified_time\" content=\"2024-07-04T16:43:05+00:00\" \/>\n<meta property=\"og:image\" content=\"https:\/\/www.uartes.edu.ec\/sitio\/wp-content\/uploads\/2020\/05\/ESCUELA-ABIERTA-280520.jpg\" \/>\n\t<meta property=\"og:image:width\" content=\"1035\" \/>\n\t<meta property=\"og:image:height\" content=\"690\" \/>\n\t<meta property=\"og:image:type\" content=\"image\/jpeg\" \/>\n<meta name=\"author\" content=\"Universidad de las Artes\" \/>\n<meta name=\"twitter:card\" content=\"summary_large_image\" \/>\n<meta name=\"twitter:creator\" content=\"@uartesec\" \/>\n<meta name=\"twitter:site\" content=\"@uartesec\" \/>\n<meta name=\"twitter:label1\" content=\"\u00c9crit par\" \/>\n\t<meta name=\"twitter:data1\" content=\"Universidad de las Artes\" \/>\n\t<meta name=\"twitter:label2\" content=\"Dur\u00e9e de lecture estim\u00e9e\" \/>\n\t<meta name=\"twitter:data2\" content=\"3 minutes\" \/>\n<script type=\"application\/ld+json\" class=\"yoast-schema-graph\">{\"@context\":\"https:\\\/\\\/schema.org\",\"@graph\":[{\"@type\":\"Article\",\"@id\":\"https:\\\/\\\/www.uartes.edu.ec\\\/sitio\\\/fr\\\/blog\\\/2020\\\/05\\\/29\\\/escuela-de-literatura-uartes-inicio-de-manera-virtual-la-quinta-edicion-de-su-escuela-abierta\\\/#article\",\"isPartOf\":{\"@id\":\"https:\\\/\\\/www.uartes.edu.ec\\\/sitio\\\/fr\\\/blog\\\/2020\\\/05\\\/29\\\/escuela-de-literatura-uartes-inicio-de-manera-virtual-la-quinta-edicion-de-su-escuela-abierta\\\/\"},\"author\":{\"name\":\"Universidad de las Artes\",\"@id\":\"https:\\\/\\\/www.uartes.edu.ec\\\/sitio\\\/fr\\\/#\\\/schema\\\/person\\\/f33f8c1d2af0d5c80a38c8abf458184a\"},\"headline\":\"Escuela de Literatura UArtes inici\u00f3 de manera virtual la quinta edici\u00f3n de su Escuela Abierta\",\"datePublished\":\"2020-05-29T20:59:45+00:00\",\"dateModified\":\"2024-07-04T16:43:05+00:00\",\"mainEntityOfPage\":{\"@id\":\"https:\\\/\\\/www.uartes.edu.ec\\\/sitio\\\/fr\\\/blog\\\/2020\\\/05\\\/29\\\/escuela-de-literatura-uartes-inicio-de-manera-virtual-la-quinta-edicion-de-su-escuela-abierta\\\/\"},\"wordCount\":551,\"publisher\":{\"@id\":\"https:\\\/\\\/www.uartes.edu.ec\\\/sitio\\\/fr\\\/#organization\"},\"image\":{\"@id\":\"https:\\\/\\\/www.uartes.edu.ec\\\/sitio\\\/fr\\\/blog\\\/2020\\\/05\\\/29\\\/escuela-de-literatura-uartes-inicio-de-manera-virtual-la-quinta-edicion-de-su-escuela-abierta\\\/#primaryimage\"},\"thumbnailUrl\":\"https:\\\/\\\/www.uartes.edu.ec\\\/sitio\\\/wp-content\\\/uploads\\\/2020\\\/05\\\/ESCUELA-ABIERTA-280520.jpg\",\"keywords\":[\"covid19\",\"escuelabierta\"],\"articleSection\":[\"Artes\",\"Docentes\",\"Literatura\",\"V\u00ednculo\"],\"inLanguage\":\"fr-FR\"},{\"@type\":[\"WebPage\",\"ItemPage\"],\"@id\":\"https:\\\/\\\/www.uartes.edu.ec\\\/sitio\\\/fr\\\/blog\\\/2020\\\/05\\\/29\\\/escuela-de-literatura-uartes-inicio-de-manera-virtual-la-quinta-edicion-de-su-escuela-abierta\\\/\",\"url\":\"https:\\\/\\\/www.uartes.edu.ec\\\/sitio\\\/fr\\\/blog\\\/2020\\\/05\\\/29\\\/escuela-de-literatura-uartes-inicio-de-manera-virtual-la-quinta-edicion-de-su-escuela-abierta\\\/\",\"name\":\"Universidad de las Artes - Escuela de Literatura UArtes inici\u00f3 de manera virtual la quinta edici\u00f3n de su Escuela Abierta\",\"isPartOf\":{\"@id\":\"https:\\\/\\\/www.uartes.edu.ec\\\/sitio\\\/fr\\\/#website\"},\"primaryImageOfPage\":{\"@id\":\"https:\\\/\\\/www.uartes.edu.ec\\\/sitio\\\/fr\\\/blog\\\/2020\\\/05\\\/29\\\/escuela-de-literatura-uartes-inicio-de-manera-virtual-la-quinta-edicion-de-su-escuela-abierta\\\/#primaryimage\"},\"image\":{\"@id\":\"https:\\\/\\\/www.uartes.edu.ec\\\/sitio\\\/fr\\\/blog\\\/2020\\\/05\\\/29\\\/escuela-de-literatura-uartes-inicio-de-manera-virtual-la-quinta-edicion-de-su-escuela-abierta\\\/#primaryimage\"},\"thumbnailUrl\":\"https:\\\/\\\/www.uartes.edu.ec\\\/sitio\\\/wp-content\\\/uploads\\\/2020\\\/05\\\/ESCUELA-ABIERTA-280520.jpg\",\"datePublished\":\"2020-05-29T20:59:45+00:00\",\"dateModified\":\"2024-07-04T16:43:05+00:00\",\"description\":\"Universidad de las Artes - Escuela de Literatura UArtes inici\u00f3 de manera virtual la quinta edici\u00f3n de su Escuela Abierta\",\"breadcrumb\":{\"@id\":\"https:\\\/\\\/www.uartes.edu.ec\\\/sitio\\\/fr\\\/blog\\\/2020\\\/05\\\/29\\\/escuela-de-literatura-uartes-inicio-de-manera-virtual-la-quinta-edicion-de-su-escuela-abierta\\\/#breadcrumb\"},\"inLanguage\":\"fr-FR\",\"potentialAction\":[{\"@type\":\"ReadAction\",\"target\":[\"https:\\\/\\\/www.uartes.edu.ec\\\/sitio\\\/fr\\\/blog\\\/2020\\\/05\\\/29\\\/escuela-de-literatura-uartes-inicio-de-manera-virtual-la-quinta-edicion-de-su-escuela-abierta\\\/\"]}]},{\"@type\":\"ImageObject\",\"inLanguage\":\"fr-FR\",\"@id\":\"https:\\\/\\\/www.uartes.edu.ec\\\/sitio\\\/fr\\\/blog\\\/2020\\\/05\\\/29\\\/escuela-de-literatura-uartes-inicio-de-manera-virtual-la-quinta-edicion-de-su-escuela-abierta\\\/#primaryimage\",\"url\":\"https:\\\/\\\/www.uartes.edu.ec\\\/sitio\\\/wp-content\\\/uploads\\\/2020\\\/05\\\/ESCUELA-ABIERTA-280520.jpg\",\"contentUrl\":\"https:\\\/\\\/www.uartes.edu.ec\\\/sitio\\\/wp-content\\\/uploads\\\/2020\\\/05\\\/ESCUELA-ABIERTA-280520.jpg\",\"width\":1035,\"height\":690},{\"@type\":\"BreadcrumbList\",\"@id\":\"https:\\\/\\\/www.uartes.edu.ec\\\/sitio\\\/fr\\\/blog\\\/2020\\\/05\\\/29\\\/escuela-de-literatura-uartes-inicio-de-manera-virtual-la-quinta-edicion-de-su-escuela-abierta\\\/#breadcrumb\",\"itemListElement\":[{\"@type\":\"ListItem\",\"position\":1,\"name\":\"Inicio\",\"item\":\"https:\\\/\\\/www.uartes.edu.ec\\\/sitio\\\/\"},{\"@type\":\"ListItem\",\"position\":2,\"name\":\"Escuela de Literatura UArtes inici\u00f3 de manera virtual la quinta edici\u00f3n de su Escuela Abierta\"}]},{\"@type\":\"WebSite\",\"@id\":\"https:\\\/\\\/www.uartes.edu.ec\\\/sitio\\\/fr\\\/#website\",\"url\":\"https:\\\/\\\/www.uartes.edu.ec\\\/sitio\\\/fr\\\/\",\"name\":\"Universidad de las Artes\",\"description\":\"Sitio oficial de la Universidad Nacional de las Artes del Ecuador\",\"publisher\":{\"@id\":\"https:\\\/\\\/www.uartes.edu.ec\\\/sitio\\\/fr\\\/#organization\"},\"potentialAction\":[{\"@type\":\"SearchAction\",\"target\":{\"@type\":\"EntryPoint\",\"urlTemplate\":\"https:\\\/\\\/www.uartes.edu.ec\\\/sitio\\\/fr\\\/?s={search_term_string}\"},\"query-input\":{\"@type\":\"PropertyValueSpecification\",\"valueRequired\":true,\"valueName\":\"search_term_string\"}}],\"inLanguage\":\"fr-FR\"},{\"@type\":\"Organization\",\"@id\":\"https:\\\/\\\/www.uartes.edu.ec\\\/sitio\\\/fr\\\/#organization\",\"name\":\"Universidad de las Artes\",\"url\":\"https:\\\/\\\/www.uartes.edu.ec\\\/sitio\\\/fr\\\/\",\"logo\":{\"@type\":\"ImageObject\",\"inLanguage\":\"fr-FR\",\"@id\":\"https:\\\/\\\/www.uartes.edu.ec\\\/sitio\\\/fr\\\/#\\\/schema\\\/logo\\\/image\\\/\",\"url\":\"https:\\\/\\\/www.uartes.edu.ec\\\/sitio\\\/wp-content\\\/uploads\\\/2022\\\/07\\\/logo-ua-horizontal.png\",\"contentUrl\":\"https:\\\/\\\/www.uartes.edu.ec\\\/sitio\\\/wp-content\\\/uploads\\\/2022\\\/07\\\/logo-ua-horizontal.png\",\"width\":800,\"height\":276,\"caption\":\"Universidad de las Artes\"},\"image\":{\"@id\":\"https:\\\/\\\/www.uartes.edu.ec\\\/sitio\\\/fr\\\/#\\\/schema\\\/logo\\\/image\\\/\"},\"sameAs\":[\"https:\\\/\\\/www.facebook.com\\\/uartesec\",\"https:\\\/\\\/x.com\\\/uartesec\",\"https:\\\/\\\/www.tiktok.com\\\/@uartesec\"]},{\"@type\":\"Person\",\"@id\":\"https:\\\/\\\/www.uartes.edu.ec\\\/sitio\\\/fr\\\/#\\\/schema\\\/person\\\/f33f8c1d2af0d5c80a38c8abf458184a\",\"name\":\"Universidad de las Artes\",\"image\":{\"@type\":\"ImageObject\",\"inLanguage\":\"fr-FR\",\"@id\":\"https:\\\/\\\/secure.gravatar.com\\\/avatar\\\/52e4757902f5cfa5ac52d020e5be83cae5487519154b6c35482fe08d589f3c13?s=96&d=mm&r=g\",\"url\":\"https:\\\/\\\/secure.gravatar.com\\\/avatar\\\/52e4757902f5cfa5ac52d020e5be83cae5487519154b6c35482fe08d589f3c13?s=96&d=mm&r=g\",\"contentUrl\":\"https:\\\/\\\/secure.gravatar.com\\\/avatar\\\/52e4757902f5cfa5ac52d020e5be83cae5487519154b6c35482fe08d589f3c13?s=96&d=mm&r=g\",\"caption\":\"Universidad de las Artes\"},\"url\":\"https:\\\/\\\/www.uartes.edu.ec\\\/sitio\\\/fr\\\/blog\\\/author\\\/dircomadm\\\/\"}]}<\/script>\n<!-- \/ Yoast SEO plugin. -->","yoast_head_json":{"title":"Universidad de las Artes - Escuela de Literatura UArtes inici\u00f3 de manera virtual la quinta edici\u00f3n de su Escuela Abierta","description":"Universidad de las Artes - Escuela de Literatura UArtes inici\u00f3 de manera virtual la quinta edici\u00f3n de su Escuela Abierta","robots":{"index":"index","follow":"follow","max-snippet":"max-snippet:-1","max-image-preview":"max-image-preview:large","max-video-preview":"max-video-preview:-1"},"canonical":"https:\/\/www.uartes.edu.ec\/sitio\/fr\/blog\/2020\/05\/29\/escuela-de-literatura-uartes-inicio-de-manera-virtual-la-quinta-edicion-de-su-escuela-abierta\/","og_locale":"fr_FR","og_type":"article","og_title":"Universidad de las Artes - Escuela de Literatura UArtes inici\u00f3 de manera virtual la quinta edici\u00f3n de su Escuela Abierta","og_description":"Universidad de las Artes - Escuela de Literatura UArtes inici\u00f3 de manera virtual la quinta edici\u00f3n de su Escuela Abierta","og_url":"https:\/\/www.uartes.edu.ec\/sitio\/fr\/blog\/2020\/05\/29\/escuela-de-literatura-uartes-inicio-de-manera-virtual-la-quinta-edicion-de-su-escuela-abierta\/","og_site_name":"Universidad de las Artes","article_publisher":"https:\/\/www.facebook.com\/uartesec","article_published_time":"2020-05-29T20:59:45+00:00","article_modified_time":"2024-07-04T16:43:05+00:00","og_image":[{"width":1035,"height":690,"url":"https:\/\/www.uartes.edu.ec\/sitio\/wp-content\/uploads\/2020\/05\/ESCUELA-ABIERTA-280520.jpg","type":"image\/jpeg"}],"author":"Universidad de las Artes","twitter_card":"summary_large_image","twitter_creator":"@uartesec","twitter_site":"@uartesec","twitter_misc":{"\u00c9crit par":"Universidad de las Artes","Dur\u00e9e de lecture estim\u00e9e":"3 minutes"},"schema":{"@context":"https:\/\/schema.org","@graph":[{"@type":"Article","@id":"https:\/\/www.uartes.edu.ec\/sitio\/fr\/blog\/2020\/05\/29\/escuela-de-literatura-uartes-inicio-de-manera-virtual-la-quinta-edicion-de-su-escuela-abierta\/#article","isPartOf":{"@id":"https:\/\/www.uartes.edu.ec\/sitio\/fr\/blog\/2020\/05\/29\/escuela-de-literatura-uartes-inicio-de-manera-virtual-la-quinta-edicion-de-su-escuela-abierta\/"},"author":{"name":"Universidad de las Artes","@id":"https:\/\/www.uartes.edu.ec\/sitio\/fr\/#\/schema\/person\/f33f8c1d2af0d5c80a38c8abf458184a"},"headline":"Escuela de Literatura UArtes inici\u00f3 de manera virtual la quinta edici\u00f3n de su Escuela Abierta","datePublished":"2020-05-29T20:59:45+00:00","dateModified":"2024-07-04T16:43:05+00:00","mainEntityOfPage":{"@id":"https:\/\/www.uartes.edu.ec\/sitio\/fr\/blog\/2020\/05\/29\/escuela-de-literatura-uartes-inicio-de-manera-virtual-la-quinta-edicion-de-su-escuela-abierta\/"},"wordCount":551,"publisher":{"@id":"https:\/\/www.uartes.edu.ec\/sitio\/fr\/#organization"},"image":{"@id":"https:\/\/www.uartes.edu.ec\/sitio\/fr\/blog\/2020\/05\/29\/escuela-de-literatura-uartes-inicio-de-manera-virtual-la-quinta-edicion-de-su-escuela-abierta\/#primaryimage"},"thumbnailUrl":"https:\/\/www.uartes.edu.ec\/sitio\/wp-content\/uploads\/2020\/05\/ESCUELA-ABIERTA-280520.jpg","keywords":["covid19","escuelabierta"],"articleSection":["Artes","Docentes","Literatura","V\u00ednculo"],"inLanguage":"fr-FR"},{"@type":["WebPage","ItemPage"],"@id":"https:\/\/www.uartes.edu.ec\/sitio\/fr\/blog\/2020\/05\/29\/escuela-de-literatura-uartes-inicio-de-manera-virtual-la-quinta-edicion-de-su-escuela-abierta\/","url":"https:\/\/www.uartes.edu.ec\/sitio\/fr\/blog\/2020\/05\/29\/escuela-de-literatura-uartes-inicio-de-manera-virtual-la-quinta-edicion-de-su-escuela-abierta\/","name":"Universidad de las Artes - Escuela de Literatura UArtes inici\u00f3 de manera virtual la quinta edici\u00f3n de su Escuela Abierta","isPartOf":{"@id":"https:\/\/www.uartes.edu.ec\/sitio\/fr\/#website"},"primaryImageOfPage":{"@id":"https:\/\/www.uartes.edu.ec\/sitio\/fr\/blog\/2020\/05\/29\/escuela-de-literatura-uartes-inicio-de-manera-virtual-la-quinta-edicion-de-su-escuela-abierta\/#primaryimage"},"image":{"@id":"https:\/\/www.uartes.edu.ec\/sitio\/fr\/blog\/2020\/05\/29\/escuela-de-literatura-uartes-inicio-de-manera-virtual-la-quinta-edicion-de-su-escuela-abierta\/#primaryimage"},"thumbnailUrl":"https:\/\/www.uartes.edu.ec\/sitio\/wp-content\/uploads\/2020\/05\/ESCUELA-ABIERTA-280520.jpg","datePublished":"2020-05-29T20:59:45+00:00","dateModified":"2024-07-04T16:43:05+00:00","description":"Universidad de las Artes - Escuela de Literatura UArtes inici\u00f3 de manera virtual la quinta edici\u00f3n de su Escuela Abierta","breadcrumb":{"@id":"https:\/\/www.uartes.edu.ec\/sitio\/fr\/blog\/2020\/05\/29\/escuela-de-literatura-uartes-inicio-de-manera-virtual-la-quinta-edicion-de-su-escuela-abierta\/#breadcrumb"},"inLanguage":"fr-FR","potentialAction":[{"@type":"ReadAction","target":["https:\/\/www.uartes.edu.ec\/sitio\/fr\/blog\/2020\/05\/29\/escuela-de-literatura-uartes-inicio-de-manera-virtual-la-quinta-edicion-de-su-escuela-abierta\/"]}]},{"@type":"ImageObject","inLanguage":"fr-FR","@id":"https:\/\/www.uartes.edu.ec\/sitio\/fr\/blog\/2020\/05\/29\/escuela-de-literatura-uartes-inicio-de-manera-virtual-la-quinta-edicion-de-su-escuela-abierta\/#primaryimage","url":"https:\/\/www.uartes.edu.ec\/sitio\/wp-content\/uploads\/2020\/05\/ESCUELA-ABIERTA-280520.jpg","contentUrl":"https:\/\/www.uartes.edu.ec\/sitio\/wp-content\/uploads\/2020\/05\/ESCUELA-ABIERTA-280520.jpg","width":1035,"height":690},{"@type":"BreadcrumbList","@id":"https:\/\/www.uartes.edu.ec\/sitio\/fr\/blog\/2020\/05\/29\/escuela-de-literatura-uartes-inicio-de-manera-virtual-la-quinta-edicion-de-su-escuela-abierta\/#breadcrumb","itemListElement":[{"@type":"ListItem","position":1,"name":"Inicio","item":"https:\/\/www.uartes.edu.ec\/sitio\/"},{"@type":"ListItem","position":2,"name":"Escuela de Literatura UArtes inici\u00f3 de manera virtual la quinta edici\u00f3n de su Escuela Abierta"}]},{"@type":"WebSite","@id":"https:\/\/www.uartes.edu.ec\/sitio\/fr\/#website","url":"https:\/\/www.uartes.edu.ec\/sitio\/fr\/","name":"Universidad de las Artes","description":"Sitio oficial de la Universidad Nacional de las Artes del Ecuador","publisher":{"@id":"https:\/\/www.uartes.edu.ec\/sitio\/fr\/#organization"},"potentialAction":[{"@type":"SearchAction","target":{"@type":"EntryPoint","urlTemplate":"https:\/\/www.uartes.edu.ec\/sitio\/fr\/?s={search_term_string}"},"query-input":{"@type":"PropertyValueSpecification","valueRequired":true,"valueName":"search_term_string"}}],"inLanguage":"fr-FR"},{"@type":"Organization","@id":"https:\/\/www.uartes.edu.ec\/sitio\/fr\/#organization","name":"Universidad de las Artes","url":"https:\/\/www.uartes.edu.ec\/sitio\/fr\/","logo":{"@type":"ImageObject","inLanguage":"fr-FR","@id":"https:\/\/www.uartes.edu.ec\/sitio\/fr\/#\/schema\/logo\/image\/","url":"https:\/\/www.uartes.edu.ec\/sitio\/wp-content\/uploads\/2022\/07\/logo-ua-horizontal.png","contentUrl":"https:\/\/www.uartes.edu.ec\/sitio\/wp-content\/uploads\/2022\/07\/logo-ua-horizontal.png","width":800,"height":276,"caption":"Universidad de las Artes"},"image":{"@id":"https:\/\/www.uartes.edu.ec\/sitio\/fr\/#\/schema\/logo\/image\/"},"sameAs":["https:\/\/www.facebook.com\/uartesec","https:\/\/x.com\/uartesec","https:\/\/www.tiktok.com\/@uartesec"]},{"@type":"Person","@id":"https:\/\/www.uartes.edu.ec\/sitio\/fr\/#\/schema\/person\/f33f8c1d2af0d5c80a38c8abf458184a","name":"Universidad de las Artes","image":{"@type":"ImageObject","inLanguage":"fr-FR","@id":"https:\/\/secure.gravatar.com\/avatar\/52e4757902f5cfa5ac52d020e5be83cae5487519154b6c35482fe08d589f3c13?s=96&d=mm&r=g","url":"https:\/\/secure.gravatar.com\/avatar\/52e4757902f5cfa5ac52d020e5be83cae5487519154b6c35482fe08d589f3c13?s=96&d=mm&r=g","contentUrl":"https:\/\/secure.gravatar.com\/avatar\/52e4757902f5cfa5ac52d020e5be83cae5487519154b6c35482fe08d589f3c13?s=96&d=mm&r=g","caption":"Universidad de las Artes"},"url":"https:\/\/www.uartes.edu.ec\/sitio\/fr\/blog\/author\/dircomadm\/"}]}},"uagb_featured_image_src":{"full":["https:\/\/www.uartes.edu.ec\/sitio\/wp-content\/uploads\/2020\/05\/ESCUELA-ABIERTA-280520.jpg",1035,690,false],"thumbnail":["https:\/\/www.uartes.edu.ec\/sitio\/wp-content\/uploads\/2020\/05\/ESCUELA-ABIERTA-280520-150x150.jpg",150,150,true],"medium":["https:\/\/www.uartes.edu.ec\/sitio\/wp-content\/uploads\/2020\/05\/ESCUELA-ABIERTA-280520-300x200.jpg",300,200,true],"medium_large":["https:\/\/www.uartes.edu.ec\/sitio\/wp-content\/uploads\/2020\/05\/ESCUELA-ABIERTA-280520-768x512.jpg",768,512,true],"large":["https:\/\/www.uartes.edu.ec\/sitio\/wp-content\/uploads\/2020\/05\/ESCUELA-ABIERTA-280520-644x429.jpg",644,429,true],"1536x1536":["https:\/\/www.uartes.edu.ec\/sitio\/wp-content\/uploads\/2020\/05\/ESCUELA-ABIERTA-280520.jpg",1035,690,false],"2048x2048":["https:\/\/www.uartes.edu.ec\/sitio\/wp-content\/uploads\/2020\/05\/ESCUELA-ABIERTA-280520.jpg",1035,690,false],"trp-custom-language-flag":["https:\/\/www.uartes.edu.ec\/sitio\/wp-content\/uploads\/2020\/05\/ESCUELA-ABIERTA-280520.jpg",18,12,false],"htmega_size_585x295":["https:\/\/www.uartes.edu.ec\/sitio\/wp-content\/uploads\/2020\/05\/ESCUELA-ABIERTA-280520.jpg",443,295,false],"htmega_size_1170x536":["https:\/\/www.uartes.edu.ec\/sitio\/wp-content\/uploads\/2020\/05\/ESCUELA-ABIERTA-280520.jpg",804,536,false],"htmega_size_396x360":["https:\/\/www.uartes.edu.ec\/sitio\/wp-content\/uploads\/2020\/05\/ESCUELA-ABIERTA-280520.jpg",396,264,false],"gb-block-post-grid-landscape":["https:\/\/www.uartes.edu.ec\/sitio\/wp-content\/uploads\/2020\/05\/ESCUELA-ABIERTA-280520.jpg",600,400,false],"gb-block-post-grid-square":["https:\/\/www.uartes.edu.ec\/sitio\/wp-content\/uploads\/2020\/05\/ESCUELA-ABIERTA-280520.jpg",600,400,false],"university-hub-thumb":["https:\/\/www.uartes.edu.ec\/sitio\/wp-content\/uploads\/2020\/05\/ESCUELA-ABIERTA-280520-400x267.jpg",400,267,true],"mailpoet_newsletter_max":["https:\/\/www.uartes.edu.ec\/sitio\/wp-content\/uploads\/2020\/05\/ESCUELA-ABIERTA-280520.jpg",1035,690,false]},"uagb_author_info":{"display_name":"Universidad de las Artes","author_link":"https:\/\/www.uartes.edu.ec\/sitio\/fr\/blog\/author\/dircomadm\/"},"uagb_comment_info":0,"uagb_excerpt":"\u201cLa Emancipada\u201d, de Miguel Riofr\u00edo, analizada por el docente Andr\u00e9s Land\u00e1zuri, dio inicio a la quinta edici\u00f3n de la Escuela Abierta. La siguiente sesi\u00f3n virtual ser\u00e1 el 2 de junio; Cristian Armijos dialogar\u00e1 sobre la obra \u201cUn matrimonio inconveniente\u201d, de Juan Le\u00f3n Mera.","featured_image_src":"https:\/\/www.uartes.edu.ec\/sitio\/wp-content\/uploads\/2020\/05\/ESCUELA-ABIERTA-280520.jpg","featured_image_src_square":"https:\/\/www.uartes.edu.ec\/sitio\/wp-content\/uploads\/2020\/05\/ESCUELA-ABIERTA-280520.jpg","author_info":{"display_name":"Universidad de las Artes","author_link":"https:\/\/www.uartes.edu.ec\/sitio\/fr\/blog\/author\/dircomadm\/"},"publishpress_future_workflow_manual_trigger":{"enabledWorkflows":[]},"distributor_meta":false,"distributor_terms":false,"distributor_media":false,"distributor_original_site_name":"Universidad de las Artes","distributor_original_site_url":"https:\/\/www.uartes.edu.ec\/sitio\/fr","push-errors":false,"_links":{"self":[{"href":"https:\/\/www.uartes.edu.ec\/sitio\/fr\/wp-json\/wp\/v2\/posts\/7153","targetHints":{"allow":["GET"]}}],"collection":[{"href":"https:\/\/www.uartes.edu.ec\/sitio\/fr\/wp-json\/wp\/v2\/posts"}],"about":[{"href":"https:\/\/www.uartes.edu.ec\/sitio\/fr\/wp-json\/wp\/v2\/types\/post"}],"author":[{"embeddable":true,"href":"https:\/\/www.uartes.edu.ec\/sitio\/fr\/wp-json\/wp\/v2\/users\/1"}],"replies":[{"embeddable":true,"href":"https:\/\/www.uartes.edu.ec\/sitio\/fr\/wp-json\/wp\/v2\/comments?post=7153"}],"version-history":[{"count":1,"href":"https:\/\/www.uartes.edu.ec\/sitio\/fr\/wp-json\/wp\/v2\/posts\/7153\/revisions"}],"predecessor-version":[{"id":7154,"href":"https:\/\/www.uartes.edu.ec\/sitio\/fr\/wp-json\/wp\/v2\/posts\/7153\/revisions\/7154"}],"wp:featuredmedia":[{"embeddable":true,"href":"https:\/\/www.uartes.edu.ec\/sitio\/fr\/wp-json\/wp\/v2\/media\/7148"}],"wp:attachment":[{"href":"https:\/\/www.uartes.edu.ec\/sitio\/fr\/wp-json\/wp\/v2\/media?parent=7153"}],"wp:term":[{"taxonomy":"category","embeddable":true,"href":"https:\/\/www.uartes.edu.ec\/sitio\/fr\/wp-json\/wp\/v2\/categories?post=7153"},{"taxonomy":"post_tag","embeddable":true,"href":"https:\/\/www.uartes.edu.ec\/sitio\/fr\/wp-json\/wp\/v2\/tags?post=7153"},{"taxonomy":"infouartes","embeddable":true,"href":"https:\/\/www.uartes.edu.ec\/sitio\/fr\/wp-json\/wp\/v2\/infouartes?post=7153"}],"curies":[{"name":"wp","href":"https:\/\/api.w.org\/{rel}","templated":true}]}}