{"id":71632,"date":"2025-05-15T17:17:00","date_gmt":"2025-05-15T22:17:00","guid":{"rendered":"https:\/\/www.uartes.edu.ec\/sitio\/?p=71632"},"modified":"2025-05-16T10:04:04","modified_gmt":"2025-05-16T15:04:04","slug":"paola-espinoza-magister-en-cine-documental-estudiar-artes-es-un-derecho-una-pasion-un-compromiso","status":"publish","type":"post","link":"https:\/\/www.uartes.edu.ec\/sitio\/fr\/blog\/2025\/05\/15\/paola-espinoza-magister-en-cine-documental-estudiar-artes-es-un-derecho-una-pasion-un-compromiso\/","title":{"rendered":"Paola Espinoza Salamea, mag\u00edster en Cine Documental: Estudiar artes es un derecho y no un pasatiempo; es pasi\u00f3n y compromiso"},"content":{"rendered":"<p>\u201c\u00bfQu\u00e9 palabras puedo ofrecerles ahora que logren condensar los sentimientos de haber finalizado esta etapa de nuestras vidas?\u201d. La mag\u00edster en Cine Documental Paola Espinoza Salamea inici\u00f3 con esa interrogante su intervenci\u00f3n en la ceremonia de graduaci\u00f3n en la que recibi\u00f3 junto con sus compa\u00f1eros de carrera el t\u00edtulo de cuarto nivel. Con ellos, los hoy tambi\u00e9n mag\u00edsteres en Artes Esc\u00e9nicas, Composici\u00f3n Musical y Artes Sonoras, Fotograf\u00eda y Sociedad en Am\u00e9rica Latina, y Pol\u00edticas Culturales y Gesti\u00f3n de las Artes.<\/p>\n\n\n\n<p>\u201cLo primero y lo m\u00e1s obvio, creo es el alivio de haber escrito la tesis. Ya sea esas 8.000 palabras sobre el proceso creativo, o la investigaci\u00f3n te\u00f3rica de 24.000 palabras (para quien se haya animado a escoger esa opci\u00f3n). Y claro, todo con las respectivas citas al estilo Chicago. Ese alivio no es menor porque es un cierre formal, pero sabemos que detr\u00e1s de eso hubo muchos d\u00edas de escritura con dudas, de materiales que no encajaban, de intuiciones que no sab\u00edamos c\u00f3mo ponerlas en la computadora\u201d.<\/p>\n\n\n\n<p>Lo segundo y menos obvio, agreg\u00f3, es haber encontrado personas que hacen arte desde lugares profundamente honestos. \u201cCreo que, a diferencia de otras disciplinas m\u00e1s tradicionales, donde se espera que haya respuestas claras y concretas, en las artes, y especialmente en el cine documental, el proceso se mueve entre la incertidumbre y la b\u00fasqueda constante, en un proceso de gran vulnerabilidad\u201d.<\/p>\n\n\n\n<p>\u201cHemos tenido que estar dispuestxs a hacer y deshacer ideas. A mirar nuestras propias historias, y la de nuestros compa\u00f1erxs, con una atenci\u00f3n particular. Muchas veces, eso implic\u00f3 acercarse a zonas sensibles, incluso dolorosas, y donde no siempre fue f\u00e1cil saber qu\u00e9 hacer con lo que aparec\u00eda\u201d.<\/p>\n\n\n<div class=\"wp-block-image\">\n<figure class=\"aligncenter size-large\"><img fetchpriority=\"high\" decoding=\"async\" width=\"644\" height=\"429\" src=\"https:\/\/www.uartes.edu.ec\/sitio\/wp-content\/uploads\/2025\/05\/Paola3-644x429.jpg\" alt=\"\" class=\"wp-image-71634\" srcset=\"https:\/\/www.uartes.edu.ec\/sitio\/wp-content\/uploads\/2025\/05\/Paola3-644x429.jpg 644w, https:\/\/www.uartes.edu.ec\/sitio\/wp-content\/uploads\/2025\/05\/Paola3-300x200.jpg 300w, https:\/\/www.uartes.edu.ec\/sitio\/wp-content\/uploads\/2025\/05\/Paola3-768x512.jpg 768w, https:\/\/www.uartes.edu.ec\/sitio\/wp-content\/uploads\/2025\/05\/Paola3-1536x1024.jpg 1536w, https:\/\/www.uartes.edu.ec\/sitio\/wp-content\/uploads\/2025\/05\/Paola3-18x12.jpg 18w, https:\/\/www.uartes.edu.ec\/sitio\/wp-content\/uploads\/2025\/05\/Paola3-600x400.jpg 600w, https:\/\/www.uartes.edu.ec\/sitio\/wp-content\/uploads\/2025\/05\/Paola3-400x267.jpg 400w, https:\/\/www.uartes.edu.ec\/sitio\/wp-content\/uploads\/2025\/05\/Paola3.jpg 2000w\" sizes=\"(max-width: 644px) 100vw, 644px\" \/><\/figure>\n<\/div>\n\n\n<p>\u201cEn ese sentido, agradezco el acompa\u00f1amiento de docentes y tutorxs que nos ofrecieron sus comentarios con mucho respeto y generosidad\u201d.<\/p>\n\n\n\n<p>\u201cY claro, este logro no es solo el resultado de un trabajo individual, sino que est\u00e1 sostenido por cada conversaci\u00f3n en clase, por cada comentario que nos hizo ver algo que no hab\u00edamos considerado, por cada pel\u00edcula que vimos juntxs y que nos dej\u00f3 pensando, que nos incomod\u00f3 o que nos inspir\u00f3\u201d.<\/p>\n\n\n\n<p>\u201cPero creo tambi\u00e9n que es importante estar conscientes de que esta experiencia no ocurri\u00f3 en un contexto cualquiera. Mientras estudi\u00e1bamos, el mundo segu\u00eda su curso convulso. Ahora mismo estamos viviendo tiempos marcados por m\u00faltiples crisis: pol\u00edticas, sociales, ambientales, afectivas\u201d.<\/p>\n\n\n\n<p>\u201cTiempos donde los gobiernos enaltecen al individuo y lo privado, y poco a poco se desmantelan las redes colectivas, los v\u00ednculos, lo p\u00fablico. Tiempos en los que estamos normalizando lo insoportable: genocidios en curso, desapariciones forzadas&#8230; de ni\u00f1os, desigualdades que se profundizan. Y digo esto no como algo ajeno, sino porque esta realidad nos atraviesa y porque tenemos que estar conscientes constantemente de que no hacemos cine desde una burbuja, sino desde este presente que nos afecta\u201d.<\/p>\n\n\n\n<h3 class=\"wp-block-heading\">Formarse en artes es tambi\u00e9n una forma de resistencia<\/h3>\n\n\n\n<p>\u201cPor eso creo profundamente en destacar la importancia de que esta ceremonia est\u00e9 pasando en una universidad p\u00fablica. Porque a veces se nos olvida que estudiar y que estudiar artes es un derecho, no es un pasatiempo o solamente una pasi\u00f3n que perseguimos, es un compromiso que hacemos por escuchar y dar voces a todo lo que nos rodea. Yo personalmente no hubiera podido estudiar esta maestr\u00eda de otra forma\u201d.<\/p>\n\n\n\n<p>\u201cEn un pa\u00eds donde estos espacios est\u00e1n cada vez m\u00e1s amenazados, formarse en una Universidad de las Artes es tambi\u00e9n una forma de resistencia. Aqu\u00ed aprendimos no solo a filmar, sino a mirar. A pensar cr\u00edticamente. A escuchar con atenci\u00f3n. A preguntamos para qu\u00e9 hacemos cine, desde donde lo hacemos y con quienes\u201d.<\/p>\n\n\n<div class=\"wp-block-image\">\n<figure class=\"aligncenter size-large\"><img decoding=\"async\" width=\"644\" height=\"429\" src=\"https:\/\/www.uartes.edu.ec\/sitio\/wp-content\/uploads\/2025\/05\/03-GRADUACION-POSGRADOS-CINE-2025-WEB-644x429.jpg\" alt=\"\" class=\"wp-image-71757\" srcset=\"https:\/\/www.uartes.edu.ec\/sitio\/wp-content\/uploads\/2025\/05\/03-GRADUACION-POSGRADOS-CINE-2025-WEB-644x429.jpg 644w, https:\/\/www.uartes.edu.ec\/sitio\/wp-content\/uploads\/2025\/05\/03-GRADUACION-POSGRADOS-CINE-2025-WEB-300x200.jpg 300w, https:\/\/www.uartes.edu.ec\/sitio\/wp-content\/uploads\/2025\/05\/03-GRADUACION-POSGRADOS-CINE-2025-WEB-768x512.jpg 768w, https:\/\/www.uartes.edu.ec\/sitio\/wp-content\/uploads\/2025\/05\/03-GRADUACION-POSGRADOS-CINE-2025-WEB-1536x1024.jpg 1536w, https:\/\/www.uartes.edu.ec\/sitio\/wp-content\/uploads\/2025\/05\/03-GRADUACION-POSGRADOS-CINE-2025-WEB-18x12.jpg 18w, https:\/\/www.uartes.edu.ec\/sitio\/wp-content\/uploads\/2025\/05\/03-GRADUACION-POSGRADOS-CINE-2025-WEB-600x400.jpg 600w, https:\/\/www.uartes.edu.ec\/sitio\/wp-content\/uploads\/2025\/05\/03-GRADUACION-POSGRADOS-CINE-2025-WEB-400x267.jpg 400w, https:\/\/www.uartes.edu.ec\/sitio\/wp-content\/uploads\/2025\/05\/03-GRADUACION-POSGRADOS-CINE-2025-WEB.jpg 2000w\" sizes=\"(max-width: 644px) 100vw, 644px\" \/><\/figure>\n<\/div>\n\n\n<p>\u201cParte de esas preguntas tambi\u00e9n surgieron en la experiencia de estudiar en Guayaquil. Muchas veces, entre compa\u00f1erxs, conversamos de lo significativo que es estudiar en una ciudad y un espacio descentralizado, m\u00e1s a\u00fan en un pa\u00eds donde muchas veces el conocimiento y oportunidades se concentran en pocos lugares. Aunque gran parte de la maestr\u00eda fue en modalidad virtual, tuvimos que mirar esta ciudad con otros ojos, dejar atr\u00e1s ciertos prejuicios que tralamos casi sin darnos cuenta-y construir una relaci\u00f3n nueva con este territorio\u201d.<\/p>\n\n\n\n<p>Casi al final de su discurso, Espinoza anunci\u00f3 que compartir\u00eda con los presentes el extracto de un correo que enviamos a nuestro director, antes de viajar por primera vez a Guayaquil: Querido Manolo, quisi\u00e9ramos saber horarios, medidas de seguridad y alguna recomendaci\u00f3n de viviendas para quienes viajaremos al puerto. Nuestras familias est\u00e1n preocupadas al escuchar tantas malas noticias en Guayaquil&#8230;.<\/p>\n\n\n\n<p>\u201cBueno, al siguiente d\u00eda de llegar est\u00e1bamos todxs juntxs caminando en las calles del centro por la noche y creo que puedo decir, sin exagerar, que le hemos cogido cari\u00f1o a esta ciudad dejando ese miedo constante que nos infunden por las noticias\u201d.<\/p>\n\n\n\n<p>\u201cPor \u00faltimo, gracias, de verdad, a quienes hoy se dan el tiempo de escuchar estas palabras. Estoy segura de que muchxs otrxs compa\u00f1erxs habr\u00edan podido ofrecerles palabras m\u00e1s sabias, m\u00e1s l\u00facidas, o m\u00e1s precisas\u201d.<\/p>\n\n\n\n<p>\u201cPero hoy me toca a m\u00ed, y hablo desde este lugar de tr\u00e1nsito, con la esperanza de que lo que lo que aprendimos aqu\u00ed no se va a quedar en las aulas ni en las tesis, Que nuestros proyectos est\u00e1n comprometidos con lo que est\u00e1 pasando, con las comunidades ind\u00edgenas, con los grupos feministas, ambientalistas, animalistas y muchos m\u00e1s. Que nuestro arte pueda sembrar preguntas donde todo parece cerrado. Que sigamos haciendo a pesar de todo, y sobre todo: juntxs&#8230;con generosidad\u201d.<\/p>","protected":false},"excerpt":{"rendered":"<p>\u201c\u00bfQu\u00e9 palabras puedo ofrecerles ahora que logren condensar los sentimientos de haber finalizado esta etapa de nuestras vidas?\u201d. La mag\u00edster en Cine Documental Paola Espinoza inici\u00f3 con esa interrogante su intervenci\u00f3n en la ceremonia donde recibi\u00f3 junto con sus compa\u00f1eros de carrera el t\u00edtulo de cuarto nivel, al igual que los maestrandos de otros cuatro programas de posgrados de la UArtes. <\/p>","protected":false},"author":10,"featured_media":71633,"comment_status":"open","ping_status":"open","sticky":false,"template":"","format":"standard","meta":{"_acf_changed":false,"_uag_custom_page_level_css":"","_monsterinsights_skip_tracking":false,"_monsterinsights_sitenote_active":false,"_monsterinsights_sitenote_note":"","_monsterinsights_sitenote_category":0,"cybocfi_hide_featured_image":"","footnotes":""},"categories":[80,75,76,83],"tags":[1332],"infouartes":[],"class_list":["post-71632","post","type-post","status-publish","format-standard","has-post-thumbnail","hentry","category-academico","category-docentes","category-estudiantes","category-sedes","tag-graduacion-posgrados"],"acf":[],"yoast_head":"<!-- This site is optimized with the Yoast SEO plugin v27.4 - https:\/\/yoast.com\/product\/yoast-seo-wordpress\/ -->\n<title>Universidad de las Artes - Paola Espinoza Salamea, mag\u00edster en Cine Documental: Estudiar artes es un derecho y no un pasatiempo; es pasi\u00f3n y compromiso<\/title>\n<meta name=\"description\" content=\"Universidad de las Artes - Paola Espinoza Salamea, mag\u00edster en Cine Documental: Estudiar artes es un derecho y no un pasatiempo; es pasi\u00f3n y compromiso\" \/>\n<meta name=\"robots\" content=\"index, follow, max-snippet:-1, max-image-preview:large, max-video-preview:-1\" \/>\n<link rel=\"canonical\" href=\"https:\/\/www.uartes.edu.ec\/sitio\/fr\/blog\/2025\/05\/15\/paola-espinoza-magister-en-cine-documental-estudiar-artes-es-un-derecho-una-pasion-un-compromiso\/\" \/>\n<meta property=\"og:locale\" content=\"fr_FR\" \/>\n<meta property=\"og:type\" content=\"article\" \/>\n<meta property=\"og:title\" content=\"Universidad de las Artes - Paola Espinoza Salamea, mag\u00edster en Cine Documental: Estudiar artes es un derecho y no un pasatiempo; es pasi\u00f3n y compromiso\" \/>\n<meta property=\"og:description\" content=\"Universidad de las Artes - Paola Espinoza Salamea, mag\u00edster en Cine Documental: Estudiar artes es un derecho y no un pasatiempo; es pasi\u00f3n y compromiso\" \/>\n<meta property=\"og:url\" content=\"https:\/\/www.uartes.edu.ec\/sitio\/fr\/blog\/2025\/05\/15\/paola-espinoza-magister-en-cine-documental-estudiar-artes-es-un-derecho-una-pasion-un-compromiso\/\" \/>\n<meta property=\"og:site_name\" content=\"Universidad de las Artes\" \/>\n<meta property=\"article:publisher\" content=\"https:\/\/www.facebook.com\/uartesec\" \/>\n<meta property=\"article:published_time\" content=\"2025-05-15T22:17:00+00:00\" \/>\n<meta property=\"article:modified_time\" content=\"2025-05-16T15:04:04+00:00\" \/>\n<meta property=\"og:image\" content=\"https:\/\/www.uartes.edu.ec\/sitio\/wp-content\/uploads\/2025\/05\/Paola1.jpg\" \/>\n\t<meta property=\"og:image:width\" content=\"2000\" \/>\n\t<meta property=\"og:image:height\" content=\"1333\" \/>\n\t<meta property=\"og:image:type\" content=\"image\/jpeg\" \/>\n<meta name=\"author\" content=\"ccortez\" \/>\n<meta name=\"twitter:card\" content=\"summary_large_image\" \/>\n<meta name=\"twitter:creator\" content=\"@uartesec\" \/>\n<meta name=\"twitter:site\" content=\"@uartesec\" \/>\n<meta name=\"twitter:label1\" content=\"\u00c9crit par\" \/>\n\t<meta name=\"twitter:data1\" content=\"ccortez\" \/>\n\t<meta name=\"twitter:label2\" content=\"Dur\u00e9e de lecture estim\u00e9e\" \/>\n\t<meta name=\"twitter:data2\" content=\"5 minutes\" \/>\n<script type=\"application\/ld+json\" class=\"yoast-schema-graph\">{\"@context\":\"https:\\\/\\\/schema.org\",\"@graph\":[{\"@type\":\"Article\",\"@id\":\"https:\\\/\\\/www.uartes.edu.ec\\\/sitio\\\/fr\\\/blog\\\/2025\\\/05\\\/15\\\/paola-espinoza-magister-en-cine-documental-estudiar-artes-es-un-derecho-una-pasion-un-compromiso\\\/#article\",\"isPartOf\":{\"@id\":\"https:\\\/\\\/www.uartes.edu.ec\\\/sitio\\\/fr\\\/blog\\\/2025\\\/05\\\/15\\\/paola-espinoza-magister-en-cine-documental-estudiar-artes-es-un-derecho-una-pasion-un-compromiso\\\/\"},\"author\":{\"name\":\"ccortez\",\"@id\":\"https:\\\/\\\/www.uartes.edu.ec\\\/sitio\\\/fr\\\/#\\\/schema\\\/person\\\/efa1b8275797664fd7f13a79ccc0b1f4\"},\"headline\":\"Paola Espinoza Salamea, mag\u00edster en Cine Documental: Estudiar artes es un derecho y no un pasatiempo; es pasi\u00f3n y compromiso\",\"datePublished\":\"2025-05-15T22:17:00+00:00\",\"dateModified\":\"2025-05-16T15:04:04+00:00\",\"mainEntityOfPage\":{\"@id\":\"https:\\\/\\\/www.uartes.edu.ec\\\/sitio\\\/fr\\\/blog\\\/2025\\\/05\\\/15\\\/paola-espinoza-magister-en-cine-documental-estudiar-artes-es-un-derecho-una-pasion-un-compromiso\\\/\"},\"wordCount\":992,\"commentCount\":0,\"publisher\":{\"@id\":\"https:\\\/\\\/www.uartes.edu.ec\\\/sitio\\\/fr\\\/#organization\"},\"image\":{\"@id\":\"https:\\\/\\\/www.uartes.edu.ec\\\/sitio\\\/fr\\\/blog\\\/2025\\\/05\\\/15\\\/paola-espinoza-magister-en-cine-documental-estudiar-artes-es-un-derecho-una-pasion-un-compromiso\\\/#primaryimage\"},\"thumbnailUrl\":\"https:\\\/\\\/www.uartes.edu.ec\\\/sitio\\\/wp-content\\\/uploads\\\/2025\\\/05\\\/Paola1.jpg\",\"keywords\":[\"graduaci\u00f3n posgrados\"],\"articleSection\":[\"Acad\u00e9mico\",\"Docentes\",\"Estudiantes\",\"Sedes\"],\"inLanguage\":\"fr-FR\",\"potentialAction\":[{\"@type\":\"CommentAction\",\"name\":\"Comment\",\"target\":[\"https:\\\/\\\/www.uartes.edu.ec\\\/sitio\\\/fr\\\/blog\\\/2025\\\/05\\\/15\\\/paola-espinoza-magister-en-cine-documental-estudiar-artes-es-un-derecho-una-pasion-un-compromiso\\\/#respond\"]}]},{\"@type\":[\"WebPage\",\"ItemPage\"],\"@id\":\"https:\\\/\\\/www.uartes.edu.ec\\\/sitio\\\/fr\\\/blog\\\/2025\\\/05\\\/15\\\/paola-espinoza-magister-en-cine-documental-estudiar-artes-es-un-derecho-una-pasion-un-compromiso\\\/\",\"url\":\"https:\\\/\\\/www.uartes.edu.ec\\\/sitio\\\/fr\\\/blog\\\/2025\\\/05\\\/15\\\/paola-espinoza-magister-en-cine-documental-estudiar-artes-es-un-derecho-una-pasion-un-compromiso\\\/\",\"name\":\"Universidad de las Artes - Paola Espinoza Salamea, mag\u00edster en Cine Documental: Estudiar artes es un derecho y no un pasatiempo; es pasi\u00f3n y compromiso\",\"isPartOf\":{\"@id\":\"https:\\\/\\\/www.uartes.edu.ec\\\/sitio\\\/fr\\\/#website\"},\"primaryImageOfPage\":{\"@id\":\"https:\\\/\\\/www.uartes.edu.ec\\\/sitio\\\/fr\\\/blog\\\/2025\\\/05\\\/15\\\/paola-espinoza-magister-en-cine-documental-estudiar-artes-es-un-derecho-una-pasion-un-compromiso\\\/#primaryimage\"},\"image\":{\"@id\":\"https:\\\/\\\/www.uartes.edu.ec\\\/sitio\\\/fr\\\/blog\\\/2025\\\/05\\\/15\\\/paola-espinoza-magister-en-cine-documental-estudiar-artes-es-un-derecho-una-pasion-un-compromiso\\\/#primaryimage\"},\"thumbnailUrl\":\"https:\\\/\\\/www.uartes.edu.ec\\\/sitio\\\/wp-content\\\/uploads\\\/2025\\\/05\\\/Paola1.jpg\",\"datePublished\":\"2025-05-15T22:17:00+00:00\",\"dateModified\":\"2025-05-16T15:04:04+00:00\",\"description\":\"Universidad de las Artes - Paola Espinoza Salamea, mag\u00edster en Cine Documental: Estudiar artes es un derecho y no un pasatiempo; es pasi\u00f3n y compromiso\",\"breadcrumb\":{\"@id\":\"https:\\\/\\\/www.uartes.edu.ec\\\/sitio\\\/fr\\\/blog\\\/2025\\\/05\\\/15\\\/paola-espinoza-magister-en-cine-documental-estudiar-artes-es-un-derecho-una-pasion-un-compromiso\\\/#breadcrumb\"},\"inLanguage\":\"fr-FR\",\"potentialAction\":[{\"@type\":\"ReadAction\",\"target\":[\"https:\\\/\\\/www.uartes.edu.ec\\\/sitio\\\/fr\\\/blog\\\/2025\\\/05\\\/15\\\/paola-espinoza-magister-en-cine-documental-estudiar-artes-es-un-derecho-una-pasion-un-compromiso\\\/\"]}]},{\"@type\":\"ImageObject\",\"inLanguage\":\"fr-FR\",\"@id\":\"https:\\\/\\\/www.uartes.edu.ec\\\/sitio\\\/fr\\\/blog\\\/2025\\\/05\\\/15\\\/paola-espinoza-magister-en-cine-documental-estudiar-artes-es-un-derecho-una-pasion-un-compromiso\\\/#primaryimage\",\"url\":\"https:\\\/\\\/www.uartes.edu.ec\\\/sitio\\\/wp-content\\\/uploads\\\/2025\\\/05\\\/Paola1.jpg\",\"contentUrl\":\"https:\\\/\\\/www.uartes.edu.ec\\\/sitio\\\/wp-content\\\/uploads\\\/2025\\\/05\\\/Paola1.jpg\",\"width\":2000,\"height\":1333},{\"@type\":\"BreadcrumbList\",\"@id\":\"https:\\\/\\\/www.uartes.edu.ec\\\/sitio\\\/fr\\\/blog\\\/2025\\\/05\\\/15\\\/paola-espinoza-magister-en-cine-documental-estudiar-artes-es-un-derecho-una-pasion-un-compromiso\\\/#breadcrumb\",\"itemListElement\":[{\"@type\":\"ListItem\",\"position\":1,\"name\":\"Inicio\",\"item\":\"https:\\\/\\\/www.uartes.edu.ec\\\/sitio\\\/\"},{\"@type\":\"ListItem\",\"position\":2,\"name\":\"Paola Espinoza Salamea, mag\u00edster en Cine Documental: Estudiar artes es un derecho y no un pasatiempo; es pasi\u00f3n y compromiso\"}]},{\"@type\":\"WebSite\",\"@id\":\"https:\\\/\\\/www.uartes.edu.ec\\\/sitio\\\/fr\\\/#website\",\"url\":\"https:\\\/\\\/www.uartes.edu.ec\\\/sitio\\\/fr\\\/\",\"name\":\"Universidad de las Artes\",\"description\":\"Sitio oficial de la Universidad Nacional de las Artes del Ecuador\",\"publisher\":{\"@id\":\"https:\\\/\\\/www.uartes.edu.ec\\\/sitio\\\/fr\\\/#organization\"},\"potentialAction\":[{\"@type\":\"SearchAction\",\"target\":{\"@type\":\"EntryPoint\",\"urlTemplate\":\"https:\\\/\\\/www.uartes.edu.ec\\\/sitio\\\/fr\\\/?s={search_term_string}\"},\"query-input\":{\"@type\":\"PropertyValueSpecification\",\"valueRequired\":true,\"valueName\":\"search_term_string\"}}],\"inLanguage\":\"fr-FR\"},{\"@type\":\"Organization\",\"@id\":\"https:\\\/\\\/www.uartes.edu.ec\\\/sitio\\\/fr\\\/#organization\",\"name\":\"Universidad de las Artes\",\"url\":\"https:\\\/\\\/www.uartes.edu.ec\\\/sitio\\\/fr\\\/\",\"logo\":{\"@type\":\"ImageObject\",\"inLanguage\":\"fr-FR\",\"@id\":\"https:\\\/\\\/www.uartes.edu.ec\\\/sitio\\\/fr\\\/#\\\/schema\\\/logo\\\/image\\\/\",\"url\":\"https:\\\/\\\/www.uartes.edu.ec\\\/sitio\\\/wp-content\\\/uploads\\\/2022\\\/07\\\/logo-ua-horizontal.png\",\"contentUrl\":\"https:\\\/\\\/www.uartes.edu.ec\\\/sitio\\\/wp-content\\\/uploads\\\/2022\\\/07\\\/logo-ua-horizontal.png\",\"width\":800,\"height\":276,\"caption\":\"Universidad de las Artes\"},\"image\":{\"@id\":\"https:\\\/\\\/www.uartes.edu.ec\\\/sitio\\\/fr\\\/#\\\/schema\\\/logo\\\/image\\\/\"},\"sameAs\":[\"https:\\\/\\\/www.facebook.com\\\/uartesec\",\"https:\\\/\\\/x.com\\\/uartesec\",\"https:\\\/\\\/www.tiktok.com\\\/@uartesec\"]},{\"@type\":\"Person\",\"@id\":\"https:\\\/\\\/www.uartes.edu.ec\\\/sitio\\\/fr\\\/#\\\/schema\\\/person\\\/efa1b8275797664fd7f13a79ccc0b1f4\",\"name\":\"ccortez\",\"image\":{\"@type\":\"ImageObject\",\"inLanguage\":\"fr-FR\",\"@id\":\"https:\\\/\\\/secure.gravatar.com\\\/avatar\\\/b2a6f664a3ae8e074346ef91775736c5ec479e637ecced6842de9dc98b5da9cd?s=96&d=mm&r=g\",\"url\":\"https:\\\/\\\/secure.gravatar.com\\\/avatar\\\/b2a6f664a3ae8e074346ef91775736c5ec479e637ecced6842de9dc98b5da9cd?s=96&d=mm&r=g\",\"contentUrl\":\"https:\\\/\\\/secure.gravatar.com\\\/avatar\\\/b2a6f664a3ae8e074346ef91775736c5ec479e637ecced6842de9dc98b5da9cd?s=96&d=mm&r=g\",\"caption\":\"ccortez\"},\"url\":\"https:\\\/\\\/www.uartes.edu.ec\\\/sitio\\\/fr\\\/blog\\\/author\\\/ccortez\\\/\"}]}<\/script>\n<!-- \/ Yoast SEO plugin. -->","yoast_head_json":{"title":"Universidad de las Artes - Paola Espinoza Salamea, mag\u00edster en Cine Documental: Estudiar artes es un derecho y no un pasatiempo; es pasi\u00f3n y compromiso","description":"Universidad de las Artes - Paola Espinoza Salamea, mag\u00edster en Cine Documental: Estudiar artes es un derecho y no un pasatiempo; es pasi\u00f3n y compromiso","robots":{"index":"index","follow":"follow","max-snippet":"max-snippet:-1","max-image-preview":"max-image-preview:large","max-video-preview":"max-video-preview:-1"},"canonical":"https:\/\/www.uartes.edu.ec\/sitio\/fr\/blog\/2025\/05\/15\/paola-espinoza-magister-en-cine-documental-estudiar-artes-es-un-derecho-una-pasion-un-compromiso\/","og_locale":"fr_FR","og_type":"article","og_title":"Universidad de las Artes - Paola Espinoza Salamea, mag\u00edster en Cine Documental: Estudiar artes es un derecho y no un pasatiempo; es pasi\u00f3n y compromiso","og_description":"Universidad de las Artes - Paola Espinoza Salamea, mag\u00edster en Cine Documental: Estudiar artes es un derecho y no un pasatiempo; es pasi\u00f3n y compromiso","og_url":"https:\/\/www.uartes.edu.ec\/sitio\/fr\/blog\/2025\/05\/15\/paola-espinoza-magister-en-cine-documental-estudiar-artes-es-un-derecho-una-pasion-un-compromiso\/","og_site_name":"Universidad de las Artes","article_publisher":"https:\/\/www.facebook.com\/uartesec","article_published_time":"2025-05-15T22:17:00+00:00","article_modified_time":"2025-05-16T15:04:04+00:00","og_image":[{"width":2000,"height":1333,"url":"https:\/\/www.uartes.edu.ec\/sitio\/wp-content\/uploads\/2025\/05\/Paola1.jpg","type":"image\/jpeg"}],"author":"ccortez","twitter_card":"summary_large_image","twitter_creator":"@uartesec","twitter_site":"@uartesec","twitter_misc":{"\u00c9crit par":"ccortez","Dur\u00e9e de lecture estim\u00e9e":"5 minutes"},"schema":{"@context":"https:\/\/schema.org","@graph":[{"@type":"Article","@id":"https:\/\/www.uartes.edu.ec\/sitio\/fr\/blog\/2025\/05\/15\/paola-espinoza-magister-en-cine-documental-estudiar-artes-es-un-derecho-una-pasion-un-compromiso\/#article","isPartOf":{"@id":"https:\/\/www.uartes.edu.ec\/sitio\/fr\/blog\/2025\/05\/15\/paola-espinoza-magister-en-cine-documental-estudiar-artes-es-un-derecho-una-pasion-un-compromiso\/"},"author":{"name":"ccortez","@id":"https:\/\/www.uartes.edu.ec\/sitio\/fr\/#\/schema\/person\/efa1b8275797664fd7f13a79ccc0b1f4"},"headline":"Paola Espinoza Salamea, mag\u00edster en Cine Documental: Estudiar artes es un derecho y no un pasatiempo; es pasi\u00f3n y compromiso","datePublished":"2025-05-15T22:17:00+00:00","dateModified":"2025-05-16T15:04:04+00:00","mainEntityOfPage":{"@id":"https:\/\/www.uartes.edu.ec\/sitio\/fr\/blog\/2025\/05\/15\/paola-espinoza-magister-en-cine-documental-estudiar-artes-es-un-derecho-una-pasion-un-compromiso\/"},"wordCount":992,"commentCount":0,"publisher":{"@id":"https:\/\/www.uartes.edu.ec\/sitio\/fr\/#organization"},"image":{"@id":"https:\/\/www.uartes.edu.ec\/sitio\/fr\/blog\/2025\/05\/15\/paola-espinoza-magister-en-cine-documental-estudiar-artes-es-un-derecho-una-pasion-un-compromiso\/#primaryimage"},"thumbnailUrl":"https:\/\/www.uartes.edu.ec\/sitio\/wp-content\/uploads\/2025\/05\/Paola1.jpg","keywords":["graduaci\u00f3n posgrados"],"articleSection":["Acad\u00e9mico","Docentes","Estudiantes","Sedes"],"inLanguage":"fr-FR","potentialAction":[{"@type":"CommentAction","name":"Comment","target":["https:\/\/www.uartes.edu.ec\/sitio\/fr\/blog\/2025\/05\/15\/paola-espinoza-magister-en-cine-documental-estudiar-artes-es-un-derecho-una-pasion-un-compromiso\/#respond"]}]},{"@type":["WebPage","ItemPage"],"@id":"https:\/\/www.uartes.edu.ec\/sitio\/fr\/blog\/2025\/05\/15\/paola-espinoza-magister-en-cine-documental-estudiar-artes-es-un-derecho-una-pasion-un-compromiso\/","url":"https:\/\/www.uartes.edu.ec\/sitio\/fr\/blog\/2025\/05\/15\/paola-espinoza-magister-en-cine-documental-estudiar-artes-es-un-derecho-una-pasion-un-compromiso\/","name":"Universidad de las Artes - Paola Espinoza Salamea, mag\u00edster en Cine Documental: Estudiar artes es un derecho y no un pasatiempo; es pasi\u00f3n y compromiso","isPartOf":{"@id":"https:\/\/www.uartes.edu.ec\/sitio\/fr\/#website"},"primaryImageOfPage":{"@id":"https:\/\/www.uartes.edu.ec\/sitio\/fr\/blog\/2025\/05\/15\/paola-espinoza-magister-en-cine-documental-estudiar-artes-es-un-derecho-una-pasion-un-compromiso\/#primaryimage"},"image":{"@id":"https:\/\/www.uartes.edu.ec\/sitio\/fr\/blog\/2025\/05\/15\/paola-espinoza-magister-en-cine-documental-estudiar-artes-es-un-derecho-una-pasion-un-compromiso\/#primaryimage"},"thumbnailUrl":"https:\/\/www.uartes.edu.ec\/sitio\/wp-content\/uploads\/2025\/05\/Paola1.jpg","datePublished":"2025-05-15T22:17:00+00:00","dateModified":"2025-05-16T15:04:04+00:00","description":"Universidad de las Artes - Paola Espinoza Salamea, mag\u00edster en Cine Documental: Estudiar artes es un derecho y no un pasatiempo; es pasi\u00f3n y compromiso","breadcrumb":{"@id":"https:\/\/www.uartes.edu.ec\/sitio\/fr\/blog\/2025\/05\/15\/paola-espinoza-magister-en-cine-documental-estudiar-artes-es-un-derecho-una-pasion-un-compromiso\/#breadcrumb"},"inLanguage":"fr-FR","potentialAction":[{"@type":"ReadAction","target":["https:\/\/www.uartes.edu.ec\/sitio\/fr\/blog\/2025\/05\/15\/paola-espinoza-magister-en-cine-documental-estudiar-artes-es-un-derecho-una-pasion-un-compromiso\/"]}]},{"@type":"ImageObject","inLanguage":"fr-FR","@id":"https:\/\/www.uartes.edu.ec\/sitio\/fr\/blog\/2025\/05\/15\/paola-espinoza-magister-en-cine-documental-estudiar-artes-es-un-derecho-una-pasion-un-compromiso\/#primaryimage","url":"https:\/\/www.uartes.edu.ec\/sitio\/wp-content\/uploads\/2025\/05\/Paola1.jpg","contentUrl":"https:\/\/www.uartes.edu.ec\/sitio\/wp-content\/uploads\/2025\/05\/Paola1.jpg","width":2000,"height":1333},{"@type":"BreadcrumbList","@id":"https:\/\/www.uartes.edu.ec\/sitio\/fr\/blog\/2025\/05\/15\/paola-espinoza-magister-en-cine-documental-estudiar-artes-es-un-derecho-una-pasion-un-compromiso\/#breadcrumb","itemListElement":[{"@type":"ListItem","position":1,"name":"Inicio","item":"https:\/\/www.uartes.edu.ec\/sitio\/"},{"@type":"ListItem","position":2,"name":"Paola Espinoza Salamea, mag\u00edster en Cine Documental: Estudiar artes es un derecho y no un pasatiempo; es pasi\u00f3n y compromiso"}]},{"@type":"WebSite","@id":"https:\/\/www.uartes.edu.ec\/sitio\/fr\/#website","url":"https:\/\/www.uartes.edu.ec\/sitio\/fr\/","name":"Universidad de las Artes","description":"Sitio oficial de la Universidad Nacional de las Artes del Ecuador","publisher":{"@id":"https:\/\/www.uartes.edu.ec\/sitio\/fr\/#organization"},"potentialAction":[{"@type":"SearchAction","target":{"@type":"EntryPoint","urlTemplate":"https:\/\/www.uartes.edu.ec\/sitio\/fr\/?s={search_term_string}"},"query-input":{"@type":"PropertyValueSpecification","valueRequired":true,"valueName":"search_term_string"}}],"inLanguage":"fr-FR"},{"@type":"Organization","@id":"https:\/\/www.uartes.edu.ec\/sitio\/fr\/#organization","name":"Universidad de las Artes","url":"https:\/\/www.uartes.edu.ec\/sitio\/fr\/","logo":{"@type":"ImageObject","inLanguage":"fr-FR","@id":"https:\/\/www.uartes.edu.ec\/sitio\/fr\/#\/schema\/logo\/image\/","url":"https:\/\/www.uartes.edu.ec\/sitio\/wp-content\/uploads\/2022\/07\/logo-ua-horizontal.png","contentUrl":"https:\/\/www.uartes.edu.ec\/sitio\/wp-content\/uploads\/2022\/07\/logo-ua-horizontal.png","width":800,"height":276,"caption":"Universidad de las Artes"},"image":{"@id":"https:\/\/www.uartes.edu.ec\/sitio\/fr\/#\/schema\/logo\/image\/"},"sameAs":["https:\/\/www.facebook.com\/uartesec","https:\/\/x.com\/uartesec","https:\/\/www.tiktok.com\/@uartesec"]},{"@type":"Person","@id":"https:\/\/www.uartes.edu.ec\/sitio\/fr\/#\/schema\/person\/efa1b8275797664fd7f13a79ccc0b1f4","name":"ccortez","image":{"@type":"ImageObject","inLanguage":"fr-FR","@id":"https:\/\/secure.gravatar.com\/avatar\/b2a6f664a3ae8e074346ef91775736c5ec479e637ecced6842de9dc98b5da9cd?s=96&d=mm&r=g","url":"https:\/\/secure.gravatar.com\/avatar\/b2a6f664a3ae8e074346ef91775736c5ec479e637ecced6842de9dc98b5da9cd?s=96&d=mm&r=g","contentUrl":"https:\/\/secure.gravatar.com\/avatar\/b2a6f664a3ae8e074346ef91775736c5ec479e637ecced6842de9dc98b5da9cd?s=96&d=mm&r=g","caption":"ccortez"},"url":"https:\/\/www.uartes.edu.ec\/sitio\/fr\/blog\/author\/ccortez\/"}]}},"uagb_featured_image_src":{"full":["https:\/\/www.uartes.edu.ec\/sitio\/wp-content\/uploads\/2025\/05\/Paola1.jpg",2000,1333,false],"thumbnail":["https:\/\/www.uartes.edu.ec\/sitio\/wp-content\/uploads\/2025\/05\/Paola1-150x150.jpg",150,150,true],"medium":["https:\/\/www.uartes.edu.ec\/sitio\/wp-content\/uploads\/2025\/05\/Paola1-300x200.jpg",300,200,true],"medium_large":["https:\/\/www.uartes.edu.ec\/sitio\/wp-content\/uploads\/2025\/05\/Paola1-768x512.jpg",768,512,true],"large":["https:\/\/www.uartes.edu.ec\/sitio\/wp-content\/uploads\/2025\/05\/Paola1-644x429.jpg",644,429,true],"1536x1536":["https:\/\/www.uartes.edu.ec\/sitio\/wp-content\/uploads\/2025\/05\/Paola1-1536x1024.jpg",1536,1024,true],"2048x2048":["https:\/\/www.uartes.edu.ec\/sitio\/wp-content\/uploads\/2025\/05\/Paola1.jpg",2000,1333,false],"trp-custom-language-flag":["https:\/\/www.uartes.edu.ec\/sitio\/wp-content\/uploads\/2025\/05\/Paola1-18x12.jpg",18,12,true],"htmega_size_585x295":["https:\/\/www.uartes.edu.ec\/sitio\/wp-content\/uploads\/2025\/05\/Paola1-585x295.jpg",585,295,true],"htmega_size_1170x536":["https:\/\/www.uartes.edu.ec\/sitio\/wp-content\/uploads\/2025\/05\/Paola1-1170x536.jpg",1170,536,true],"htmega_size_396x360":["https:\/\/www.uartes.edu.ec\/sitio\/wp-content\/uploads\/2025\/05\/Paola1-396x360.jpg",396,360,true],"gb-block-post-grid-landscape":["https:\/\/www.uartes.edu.ec\/sitio\/wp-content\/uploads\/2025\/05\/Paola1-600x400.jpg",600,400,true],"gb-block-post-grid-square":["https:\/\/www.uartes.edu.ec\/sitio\/wp-content\/uploads\/2025\/05\/Paola1-600x600.jpg",600,600,true],"university-hub-thumb":["https:\/\/www.uartes.edu.ec\/sitio\/wp-content\/uploads\/2025\/05\/Paola1-400x267.jpg",400,267,true]},"uagb_author_info":{"display_name":"ccortez","author_link":"https:\/\/www.uartes.edu.ec\/sitio\/fr\/blog\/author\/ccortez\/"},"uagb_comment_info":0,"uagb_excerpt":"\u201c\u00bfQu\u00e9 palabras puedo ofrecerles ahora que logren condensar los sentimientos de haber finalizado esta etapa de nuestras vidas?\u201d. La mag\u00edster en Cine Documental Paola Espinoza inici\u00f3 con esa interrogante su intervenci\u00f3n en la ceremonia donde recibi\u00f3 junto con sus compa\u00f1eros de carrera el t\u00edtulo de cuarto nivel, al igual que los maestrandos de otros cuatro\u2026","featured_image_src":"https:\/\/www.uartes.edu.ec\/sitio\/wp-content\/uploads\/2025\/05\/Paola1-600x400.jpg","featured_image_src_square":"https:\/\/www.uartes.edu.ec\/sitio\/wp-content\/uploads\/2025\/05\/Paola1-600x600.jpg","author_info":{"display_name":"ccortez","author_link":"https:\/\/www.uartes.edu.ec\/sitio\/fr\/blog\/author\/ccortez\/"},"publishpress_future_workflow_manual_trigger":{"enabledWorkflows":[]},"distributor_meta":false,"distributor_terms":false,"distributor_media":false,"distributor_original_site_name":"Universidad de las Artes","distributor_original_site_url":"https:\/\/www.uartes.edu.ec\/sitio\/fr","push-errors":false,"_links":{"self":[{"href":"https:\/\/www.uartes.edu.ec\/sitio\/fr\/wp-json\/wp\/v2\/posts\/71632","targetHints":{"allow":["GET"]}}],"collection":[{"href":"https:\/\/www.uartes.edu.ec\/sitio\/fr\/wp-json\/wp\/v2\/posts"}],"about":[{"href":"https:\/\/www.uartes.edu.ec\/sitio\/fr\/wp-json\/wp\/v2\/types\/post"}],"author":[{"embeddable":true,"href":"https:\/\/www.uartes.edu.ec\/sitio\/fr\/wp-json\/wp\/v2\/users\/10"}],"replies":[{"embeddable":true,"href":"https:\/\/www.uartes.edu.ec\/sitio\/fr\/wp-json\/wp\/v2\/comments?post=71632"}],"version-history":[{"count":7,"href":"https:\/\/www.uartes.edu.ec\/sitio\/fr\/wp-json\/wp\/v2\/posts\/71632\/revisions"}],"predecessor-version":[{"id":71778,"href":"https:\/\/www.uartes.edu.ec\/sitio\/fr\/wp-json\/wp\/v2\/posts\/71632\/revisions\/71778"}],"wp:featuredmedia":[{"embeddable":true,"href":"https:\/\/www.uartes.edu.ec\/sitio\/fr\/wp-json\/wp\/v2\/media\/71633"}],"wp:attachment":[{"href":"https:\/\/www.uartes.edu.ec\/sitio\/fr\/wp-json\/wp\/v2\/media?parent=71632"}],"wp:term":[{"taxonomy":"category","embeddable":true,"href":"https:\/\/www.uartes.edu.ec\/sitio\/fr\/wp-json\/wp\/v2\/categories?post=71632"},{"taxonomy":"post_tag","embeddable":true,"href":"https:\/\/www.uartes.edu.ec\/sitio\/fr\/wp-json\/wp\/v2\/tags?post=71632"},{"taxonomy":"infouartes","embeddable":true,"href":"https:\/\/www.uartes.edu.ec\/sitio\/fr\/wp-json\/wp\/v2\/infouartes?post=71632"}],"curies":[{"name":"wp","href":"https:\/\/api.w.org\/{rel}","templated":true}]}}