{"id":72479,"date":"2025-05-24T17:38:00","date_gmt":"2025-05-24T22:38:00","guid":{"rendered":"https:\/\/www.uartes.edu.ec\/sitio\/?p=72479"},"modified":"2025-05-28T15:31:27","modified_gmt":"2025-05-28T20:31:27","slug":"los-talleres-mesas-de-trabajo-y-de-dialogo-del-5to-encuentro-del-observatorio-uartes","status":"publish","type":"post","link":"https:\/\/www.uartes.edu.ec\/sitio\/fr\/blog\/2025\/05\/24\/los-talleres-mesas-de-trabajo-y-de-dialogo-del-5to-encuentro-del-observatorio-uartes\/","title":{"rendered":"Los talleres, mesas de trabajo y de di\u00e1logo del 5to Encuentro del Observatorio UArtes"},"content":{"rendered":"<p>El taller \u201cPatrimonio alimentario y gastron\u00f3mico: innovaci\u00f3n que nace de la identidad\u201d, a cargo de la colombiana M\u00f3nica Pulido, presidenta del Programa IberCocinas, marc\u00f3 el inicio de actividades similares, de mesas de trabajo y de di\u00e1logos en el 5to Encuentro de Pol\u00edticas y Econom\u00eda de la Cultura del Observatorio de la Universidad de las Artes, coorganizado con la OEI (Organizaci\u00f3n de Estados Iberoamericanos) e instituciones seccionales, culturales y acad\u00e9micas de Manab\u00ed, siendo las ciudades anfitrionas Manta y Portoviejo.<\/p>\n\n\n\n<p>Con experiencia de m\u00e1s de doce a\u00f1os en el sector cultural, donde se ha desempe\u00f1ado en el dise\u00f1o e implementaci\u00f3n de pol\u00edticas p\u00fablicas y proyectos socioculturales, M\u00f3nica Pulido desarroll\u00f3 el taller entre el martes 20 y el mi\u00e9rcoles 21 de mayo en las universidades Laica Eloy Alfaro de Manab\u00ed, ubicada en Manta, y San Gregorio de Portoviejo, y se enfoc\u00f3 en identificar acciones para fortalecer la creatividad e innovaci\u00f3n en la gesti\u00f3n de los patrimonios alimentarios y gastron\u00f3micos, en funci\u00f3n de las necesidades territoriales.<\/p>\n\n\n<div class=\"wp-block-image\">\n<figure class=\"aligncenter size-large\"><img fetchpriority=\"high\" decoding=\"async\" width=\"644\" height=\"429\" src=\"https:\/\/www.uartes.edu.ec\/sitio\/wp-content\/uploads\/2025\/05\/Proyecto-Cambiar-tamano-de-imagen-24-644x429.jpeg\" alt=\"\" class=\"wp-image-72486\" srcset=\"https:\/\/www.uartes.edu.ec\/sitio\/wp-content\/uploads\/2025\/05\/Proyecto-Cambiar-tamano-de-imagen-24-644x429.jpeg 644w, https:\/\/www.uartes.edu.ec\/sitio\/wp-content\/uploads\/2025\/05\/Proyecto-Cambiar-tamano-de-imagen-24-300x200.jpeg 300w, https:\/\/www.uartes.edu.ec\/sitio\/wp-content\/uploads\/2025\/05\/Proyecto-Cambiar-tamano-de-imagen-24-768x512.jpeg 768w, https:\/\/www.uartes.edu.ec\/sitio\/wp-content\/uploads\/2025\/05\/Proyecto-Cambiar-tamano-de-imagen-24-1536x1024.jpeg 1536w, https:\/\/www.uartes.edu.ec\/sitio\/wp-content\/uploads\/2025\/05\/Proyecto-Cambiar-tamano-de-imagen-24-18x12.jpeg 18w, https:\/\/www.uartes.edu.ec\/sitio\/wp-content\/uploads\/2025\/05\/Proyecto-Cambiar-tamano-de-imagen-24-600x400.jpeg 600w, https:\/\/www.uartes.edu.ec\/sitio\/wp-content\/uploads\/2025\/05\/Proyecto-Cambiar-tamano-de-imagen-24-400x267.jpeg 400w, https:\/\/www.uartes.edu.ec\/sitio\/wp-content\/uploads\/2025\/05\/Proyecto-Cambiar-tamano-de-imagen-24.jpeg 2000w\" sizes=\"(max-width: 644px) 100vw, 644px\" \/><\/figure>\n<\/div>\n\n\n<figure class=\"wp-block-gallery has-nested-images columns-default is-cropped wp-block-gallery-1 is-layout-flex wp-block-gallery-is-layout-flex\">\n<figure class=\"wp-block-image size-large\"><img decoding=\"async\" width=\"644\" height=\"429\" data-id=\"72487\" src=\"https:\/\/www.uartes.edu.ec\/sitio\/wp-content\/uploads\/2025\/05\/Proyecto-Cambiar-tamano-de-imagen-28-644x429.jpeg\" alt=\"\" class=\"wp-image-72487\" srcset=\"https:\/\/www.uartes.edu.ec\/sitio\/wp-content\/uploads\/2025\/05\/Proyecto-Cambiar-tamano-de-imagen-28-644x429.jpeg 644w, https:\/\/www.uartes.edu.ec\/sitio\/wp-content\/uploads\/2025\/05\/Proyecto-Cambiar-tamano-de-imagen-28-300x200.jpeg 300w, https:\/\/www.uartes.edu.ec\/sitio\/wp-content\/uploads\/2025\/05\/Proyecto-Cambiar-tamano-de-imagen-28-768x512.jpeg 768w, https:\/\/www.uartes.edu.ec\/sitio\/wp-content\/uploads\/2025\/05\/Proyecto-Cambiar-tamano-de-imagen-28-1536x1024.jpeg 1536w, https:\/\/www.uartes.edu.ec\/sitio\/wp-content\/uploads\/2025\/05\/Proyecto-Cambiar-tamano-de-imagen-28-18x12.jpeg 18w, https:\/\/www.uartes.edu.ec\/sitio\/wp-content\/uploads\/2025\/05\/Proyecto-Cambiar-tamano-de-imagen-28-600x400.jpeg 600w, https:\/\/www.uartes.edu.ec\/sitio\/wp-content\/uploads\/2025\/05\/Proyecto-Cambiar-tamano-de-imagen-28-400x267.jpeg 400w, https:\/\/www.uartes.edu.ec\/sitio\/wp-content\/uploads\/2025\/05\/Proyecto-Cambiar-tamano-de-imagen-28.jpeg 2000w\" sizes=\"(max-width: 644px) 100vw, 644px\" \/><\/figure>\n\n\n\n<figure class=\"wp-block-image size-large\"><img decoding=\"async\" width=\"644\" height=\"429\" data-id=\"72488\" src=\"https:\/\/www.uartes.edu.ec\/sitio\/wp-content\/uploads\/2025\/05\/Proyecto-Cambiar-tamano-de-imagen-26-644x429.jpeg\" alt=\"\" class=\"wp-image-72488\" srcset=\"https:\/\/www.uartes.edu.ec\/sitio\/wp-content\/uploads\/2025\/05\/Proyecto-Cambiar-tamano-de-imagen-26-644x429.jpeg 644w, https:\/\/www.uartes.edu.ec\/sitio\/wp-content\/uploads\/2025\/05\/Proyecto-Cambiar-tamano-de-imagen-26-300x200.jpeg 300w, https:\/\/www.uartes.edu.ec\/sitio\/wp-content\/uploads\/2025\/05\/Proyecto-Cambiar-tamano-de-imagen-26-768x512.jpeg 768w, https:\/\/www.uartes.edu.ec\/sitio\/wp-content\/uploads\/2025\/05\/Proyecto-Cambiar-tamano-de-imagen-26-1536x1024.jpeg 1536w, https:\/\/www.uartes.edu.ec\/sitio\/wp-content\/uploads\/2025\/05\/Proyecto-Cambiar-tamano-de-imagen-26-18x12.jpeg 18w, https:\/\/www.uartes.edu.ec\/sitio\/wp-content\/uploads\/2025\/05\/Proyecto-Cambiar-tamano-de-imagen-26-600x400.jpeg 600w, https:\/\/www.uartes.edu.ec\/sitio\/wp-content\/uploads\/2025\/05\/Proyecto-Cambiar-tamano-de-imagen-26-400x267.jpeg 400w, https:\/\/www.uartes.edu.ec\/sitio\/wp-content\/uploads\/2025\/05\/Proyecto-Cambiar-tamano-de-imagen-26.jpeg 2000w\" sizes=\"(max-width: 644px) 100vw, 644px\" \/><\/figure>\n<\/figure>\n\n\n\n<p>Con el taller se busc\u00f3 tambi\u00e9n sumar esfuerzos al trabajo sostenido y articulado que ha tenido la provincia de Manab\u00ed en los recientes a\u00f1os, llegando a ser reconocida internacionalmente por el Instituto de Gastronom\u00eda Cultura, Arte y Turismo (IGCAT) como Regi\u00f3n Mundial de Gastronom\u00eda 2026.<\/p>\n\n\n\n<p>Asimismo, dos d\u00edas de desarrollo \u2013el 20 y 21 de mayo\u2013 tuvo en el 5to Encuentro taller del \u201cProyecto Entre Panas: Arte y espacio p\u00fablico: di\u00e1logos que activan la ciudad y el tejido social\u201d. Lo dirigi\u00f3 P\u00eda Alc\u00edvar, comunicadora social, realizadora audiovisual, m\u00e1ster en gesti\u00f3n cultural y presidenta de la Fundaci\u00f3n Cultural Clave, una instituci\u00f3n orientada a la realizaci\u00f3n de programas y proyectos en los \u00e1mbitos de gesti\u00f3n cultural y patrimonio, participaci\u00f3n ciudadana y dise\u00f1o colaborativo de pol\u00edtica p\u00fablica, trabajo que articula con gobiernos locales, empresa privada y comunidad.<\/p>\n\n\n\n<p>Junto con Alc\u00edvar particip\u00f3 el cineasta Manolo Sarmiento, docente de la Universidad de las Artes. El taller tom\u00f3 como punto de partida el di\u00e1logo entre actores culturales alrededor del uso del espacio p\u00fablico para manifestaciones art\u00edsticas y propuestas de intervenci\u00f3n basadas en la herencia cultural manabita.<\/p>\n\n\n<div class=\"wp-block-image\">\n<figure class=\"aligncenter size-large\"><img loading=\"lazy\" decoding=\"async\" width=\"644\" height=\"429\" src=\"https:\/\/www.uartes.edu.ec\/sitio\/wp-content\/uploads\/2025\/05\/Proyecto-Cambiar-tamano-de-imagen-30-644x429.jpeg\" alt=\"\" class=\"wp-image-72489\" srcset=\"https:\/\/www.uartes.edu.ec\/sitio\/wp-content\/uploads\/2025\/05\/Proyecto-Cambiar-tamano-de-imagen-30-644x429.jpeg 644w, https:\/\/www.uartes.edu.ec\/sitio\/wp-content\/uploads\/2025\/05\/Proyecto-Cambiar-tamano-de-imagen-30-300x200.jpeg 300w, https:\/\/www.uartes.edu.ec\/sitio\/wp-content\/uploads\/2025\/05\/Proyecto-Cambiar-tamano-de-imagen-30-768x512.jpeg 768w, https:\/\/www.uartes.edu.ec\/sitio\/wp-content\/uploads\/2025\/05\/Proyecto-Cambiar-tamano-de-imagen-30-1536x1024.jpeg 1536w, https:\/\/www.uartes.edu.ec\/sitio\/wp-content\/uploads\/2025\/05\/Proyecto-Cambiar-tamano-de-imagen-30-18x12.jpeg 18w, https:\/\/www.uartes.edu.ec\/sitio\/wp-content\/uploads\/2025\/05\/Proyecto-Cambiar-tamano-de-imagen-30-600x400.jpeg 600w, https:\/\/www.uartes.edu.ec\/sitio\/wp-content\/uploads\/2025\/05\/Proyecto-Cambiar-tamano-de-imagen-30-400x267.jpeg 400w, https:\/\/www.uartes.edu.ec\/sitio\/wp-content\/uploads\/2025\/05\/Proyecto-Cambiar-tamano-de-imagen-30.jpeg 2000w\" sizes=\"(max-width: 644px) 100vw, 644px\" \/><\/figure>\n<\/div>\n\n\n<figure class=\"wp-block-gallery has-nested-images columns-default is-cropped wp-block-gallery-2 is-layout-flex wp-block-gallery-is-layout-flex\">\n<figure class=\"wp-block-image size-large\"><img loading=\"lazy\" decoding=\"async\" width=\"644\" height=\"429\" data-id=\"72492\" src=\"https:\/\/www.uartes.edu.ec\/sitio\/wp-content\/uploads\/2025\/05\/Proyecto-Cambiar-tamano-de-imagen-59-644x429.jpeg\" alt=\"\" class=\"wp-image-72492\" srcset=\"https:\/\/www.uartes.edu.ec\/sitio\/wp-content\/uploads\/2025\/05\/Proyecto-Cambiar-tamano-de-imagen-59-644x429.jpeg 644w, https:\/\/www.uartes.edu.ec\/sitio\/wp-content\/uploads\/2025\/05\/Proyecto-Cambiar-tamano-de-imagen-59-300x200.jpeg 300w, https:\/\/www.uartes.edu.ec\/sitio\/wp-content\/uploads\/2025\/05\/Proyecto-Cambiar-tamano-de-imagen-59-768x512.jpeg 768w, https:\/\/www.uartes.edu.ec\/sitio\/wp-content\/uploads\/2025\/05\/Proyecto-Cambiar-tamano-de-imagen-59-1536x1024.jpeg 1536w, https:\/\/www.uartes.edu.ec\/sitio\/wp-content\/uploads\/2025\/05\/Proyecto-Cambiar-tamano-de-imagen-59-18x12.jpeg 18w, https:\/\/www.uartes.edu.ec\/sitio\/wp-content\/uploads\/2025\/05\/Proyecto-Cambiar-tamano-de-imagen-59-600x400.jpeg 600w, https:\/\/www.uartes.edu.ec\/sitio\/wp-content\/uploads\/2025\/05\/Proyecto-Cambiar-tamano-de-imagen-59-400x267.jpeg 400w, https:\/\/www.uartes.edu.ec\/sitio\/wp-content\/uploads\/2025\/05\/Proyecto-Cambiar-tamano-de-imagen-59.jpeg 2000w\" sizes=\"(max-width: 644px) 100vw, 644px\" \/><\/figure>\n\n\n\n<figure class=\"wp-block-image size-large\"><img loading=\"lazy\" decoding=\"async\" width=\"644\" height=\"429\" data-id=\"72493\" src=\"https:\/\/www.uartes.edu.ec\/sitio\/wp-content\/uploads\/2025\/05\/Proyecto-Cambiar-tamano-de-imagen-60-644x429.jpeg\" alt=\"\" class=\"wp-image-72493\" srcset=\"https:\/\/www.uartes.edu.ec\/sitio\/wp-content\/uploads\/2025\/05\/Proyecto-Cambiar-tamano-de-imagen-60-644x429.jpeg 644w, https:\/\/www.uartes.edu.ec\/sitio\/wp-content\/uploads\/2025\/05\/Proyecto-Cambiar-tamano-de-imagen-60-300x200.jpeg 300w, https:\/\/www.uartes.edu.ec\/sitio\/wp-content\/uploads\/2025\/05\/Proyecto-Cambiar-tamano-de-imagen-60-768x512.jpeg 768w, https:\/\/www.uartes.edu.ec\/sitio\/wp-content\/uploads\/2025\/05\/Proyecto-Cambiar-tamano-de-imagen-60-1536x1024.jpeg 1536w, https:\/\/www.uartes.edu.ec\/sitio\/wp-content\/uploads\/2025\/05\/Proyecto-Cambiar-tamano-de-imagen-60-18x12.jpeg 18w, https:\/\/www.uartes.edu.ec\/sitio\/wp-content\/uploads\/2025\/05\/Proyecto-Cambiar-tamano-de-imagen-60-600x400.jpeg 600w, https:\/\/www.uartes.edu.ec\/sitio\/wp-content\/uploads\/2025\/05\/Proyecto-Cambiar-tamano-de-imagen-60-400x267.jpeg 400w, https:\/\/www.uartes.edu.ec\/sitio\/wp-content\/uploads\/2025\/05\/Proyecto-Cambiar-tamano-de-imagen-60.jpeg 2000w\" sizes=\"(max-width: 644px) 100vw, 644px\" \/><\/figure>\n<\/figure>\n\n\n\n<p>Igualmente, el 20 y 21 de mayo, entre las universidades Laica Eloy Alfaro de Manab\u00ed, en Manta, y T\u00e9cnica de Manab\u00ed, en Portoviejo, se efectu\u00f3 el taller \u201cTejiendo una canasta cultural manabita para el siglo XXI\u201d, a cargo de la colombiana Clara M\u00f3nica Zapata, quien es directora de la Corporaci\u00f3n Banasta Mediaciones Arte y Cultura de Medell\u00edn, y Pavel Villamar Hern\u00e1ndez, artista y gestor cultural manabita, graduado en la UArtes.<\/p>\n\n\n\n<p>Este taller se enfoc\u00f3 en la b\u00fasqueda de herramientas para generar una reconexi\u00f3n cultural en los territorios y relaciones efectivas entre diferentes territorios para fortalecer el tejido cultural.<\/p>\n\n\n\n<p>El cuarto taller del 5to Encuentro \u2013que tuvo lugar el martes 20 de mayo en la Universidad Laica Eloy Alfaro de Manab\u00ed, en Manta\u2013 fue \u201cEvaluaci\u00f3n de pol\u00edticas culturales: Pol\u00edtica Nacional de Fomento a la Lectura, Oralidad y Acceso al Libro\u201d, y lo dictaron Jos\u00e9 Daniel Flores, investigador y economista de la cultura, y Wilmer Su\u00e1rez, director del Observatorio Territorial Multidisciplinario de la Universidad Laica Eloy Alfaro de Manab\u00ed.<\/p>\n\n\n\n<p>En su desarrollo, este taller tom\u00f3 a la pol\u00edtica nacional de fomento, a la lectura oralidad y al acceso al libro como un caso representativo para la implementaci\u00f3n de una metodolog\u00eda de evaluaci\u00f3n de pol\u00edticas culturales.<\/p>\n\n\n\n<figure class=\"wp-block-gallery has-nested-images columns-default is-cropped wp-block-gallery-3 is-layout-flex wp-block-gallery-is-layout-flex\">\n<figure class=\"wp-block-image size-large\"><img loading=\"lazy\" decoding=\"async\" width=\"644\" height=\"429\" data-id=\"72490\" src=\"https:\/\/www.uartes.edu.ec\/sitio\/wp-content\/uploads\/2025\/05\/Proyecto-Cambiar-tamano-de-imagen-41-644x429.jpeg\" alt=\"\" class=\"wp-image-72490\" srcset=\"https:\/\/www.uartes.edu.ec\/sitio\/wp-content\/uploads\/2025\/05\/Proyecto-Cambiar-tamano-de-imagen-41-644x429.jpeg 644w, https:\/\/www.uartes.edu.ec\/sitio\/wp-content\/uploads\/2025\/05\/Proyecto-Cambiar-tamano-de-imagen-41-300x200.jpeg 300w, https:\/\/www.uartes.edu.ec\/sitio\/wp-content\/uploads\/2025\/05\/Proyecto-Cambiar-tamano-de-imagen-41-768x512.jpeg 768w, https:\/\/www.uartes.edu.ec\/sitio\/wp-content\/uploads\/2025\/05\/Proyecto-Cambiar-tamano-de-imagen-41-1536x1024.jpeg 1536w, https:\/\/www.uartes.edu.ec\/sitio\/wp-content\/uploads\/2025\/05\/Proyecto-Cambiar-tamano-de-imagen-41-18x12.jpeg 18w, https:\/\/www.uartes.edu.ec\/sitio\/wp-content\/uploads\/2025\/05\/Proyecto-Cambiar-tamano-de-imagen-41-600x400.jpeg 600w, https:\/\/www.uartes.edu.ec\/sitio\/wp-content\/uploads\/2025\/05\/Proyecto-Cambiar-tamano-de-imagen-41-400x267.jpeg 400w, https:\/\/www.uartes.edu.ec\/sitio\/wp-content\/uploads\/2025\/05\/Proyecto-Cambiar-tamano-de-imagen-41.jpeg 2000w\" sizes=\"(max-width: 644px) 100vw, 644px\" \/><\/figure>\n\n\n\n<figure class=\"wp-block-image size-large\"><img loading=\"lazy\" decoding=\"async\" width=\"644\" height=\"429\" data-id=\"72491\" src=\"https:\/\/www.uartes.edu.ec\/sitio\/wp-content\/uploads\/2025\/05\/Proyecto-Cambiar-tamano-de-imagen-39-644x429.jpeg\" alt=\"\" class=\"wp-image-72491\" srcset=\"https:\/\/www.uartes.edu.ec\/sitio\/wp-content\/uploads\/2025\/05\/Proyecto-Cambiar-tamano-de-imagen-39-644x429.jpeg 644w, https:\/\/www.uartes.edu.ec\/sitio\/wp-content\/uploads\/2025\/05\/Proyecto-Cambiar-tamano-de-imagen-39-300x200.jpeg 300w, https:\/\/www.uartes.edu.ec\/sitio\/wp-content\/uploads\/2025\/05\/Proyecto-Cambiar-tamano-de-imagen-39-768x512.jpeg 768w, https:\/\/www.uartes.edu.ec\/sitio\/wp-content\/uploads\/2025\/05\/Proyecto-Cambiar-tamano-de-imagen-39-1536x1024.jpeg 1536w, https:\/\/www.uartes.edu.ec\/sitio\/wp-content\/uploads\/2025\/05\/Proyecto-Cambiar-tamano-de-imagen-39-18x12.jpeg 18w, https:\/\/www.uartes.edu.ec\/sitio\/wp-content\/uploads\/2025\/05\/Proyecto-Cambiar-tamano-de-imagen-39-600x400.jpeg 600w, https:\/\/www.uartes.edu.ec\/sitio\/wp-content\/uploads\/2025\/05\/Proyecto-Cambiar-tamano-de-imagen-39-400x267.jpeg 400w, https:\/\/www.uartes.edu.ec\/sitio\/wp-content\/uploads\/2025\/05\/Proyecto-Cambiar-tamano-de-imagen-39.jpeg 2000w\" sizes=\"(max-width: 644px) 100vw, 644px\" \/><\/figure>\n<\/figure>\n\n\n\n<figure class=\"wp-block-gallery has-nested-images columns-default is-cropped wp-block-gallery-4 is-layout-flex wp-block-gallery-is-layout-flex\">\n<figure class=\"wp-block-image size-large\"><img loading=\"lazy\" decoding=\"async\" width=\"644\" height=\"483\" data-id=\"72484\" src=\"https:\/\/www.uartes.edu.ec\/sitio\/wp-content\/uploads\/2025\/05\/WhatsApp-Image-2025-05-20-at-10.39.02-644x483.jpeg\" alt=\"\" class=\"wp-image-72484\" srcset=\"https:\/\/www.uartes.edu.ec\/sitio\/wp-content\/uploads\/2025\/05\/WhatsApp-Image-2025-05-20-at-10.39.02-644x483.jpeg 644w, https:\/\/www.uartes.edu.ec\/sitio\/wp-content\/uploads\/2025\/05\/WhatsApp-Image-2025-05-20-at-10.39.02-300x225.jpeg 300w, https:\/\/www.uartes.edu.ec\/sitio\/wp-content\/uploads\/2025\/05\/WhatsApp-Image-2025-05-20-at-10.39.02-768x576.jpeg 768w, https:\/\/www.uartes.edu.ec\/sitio\/wp-content\/uploads\/2025\/05\/WhatsApp-Image-2025-05-20-at-10.39.02-1536x1152.jpeg 1536w, https:\/\/www.uartes.edu.ec\/sitio\/wp-content\/uploads\/2025\/05\/WhatsApp-Image-2025-05-20-at-10.39.02-2048x1536.jpeg 2048w, https:\/\/www.uartes.edu.ec\/sitio\/wp-content\/uploads\/2025\/05\/WhatsApp-Image-2025-05-20-at-10.39.02-16x12.jpeg 16w, https:\/\/www.uartes.edu.ec\/sitio\/wp-content\/uploads\/2025\/05\/WhatsApp-Image-2025-05-20-at-10.39.02-400x300.jpeg 400w\" sizes=\"(max-width: 644px) 100vw, 644px\" \/><\/figure>\n\n\n\n<figure class=\"wp-block-image size-large\"><img loading=\"lazy\" decoding=\"async\" width=\"644\" height=\"429\" data-id=\"72485\" src=\"https:\/\/www.uartes.edu.ec\/sitio\/wp-content\/uploads\/2025\/05\/Proyecto-Cambiar-tamano-de-imagen-36-644x429.jpeg\" alt=\"\" class=\"wp-image-72485\" srcset=\"https:\/\/www.uartes.edu.ec\/sitio\/wp-content\/uploads\/2025\/05\/Proyecto-Cambiar-tamano-de-imagen-36-644x429.jpeg 644w, https:\/\/www.uartes.edu.ec\/sitio\/wp-content\/uploads\/2025\/05\/Proyecto-Cambiar-tamano-de-imagen-36-300x200.jpeg 300w, https:\/\/www.uartes.edu.ec\/sitio\/wp-content\/uploads\/2025\/05\/Proyecto-Cambiar-tamano-de-imagen-36-768x512.jpeg 768w, https:\/\/www.uartes.edu.ec\/sitio\/wp-content\/uploads\/2025\/05\/Proyecto-Cambiar-tamano-de-imagen-36-1536x1024.jpeg 1536w, https:\/\/www.uartes.edu.ec\/sitio\/wp-content\/uploads\/2025\/05\/Proyecto-Cambiar-tamano-de-imagen-36-18x12.jpeg 18w, https:\/\/www.uartes.edu.ec\/sitio\/wp-content\/uploads\/2025\/05\/Proyecto-Cambiar-tamano-de-imagen-36-600x400.jpeg 600w, https:\/\/www.uartes.edu.ec\/sitio\/wp-content\/uploads\/2025\/05\/Proyecto-Cambiar-tamano-de-imagen-36-400x267.jpeg 400w, https:\/\/www.uartes.edu.ec\/sitio\/wp-content\/uploads\/2025\/05\/Proyecto-Cambiar-tamano-de-imagen-36.jpeg 2000w\" sizes=\"(max-width: 644px) 100vw, 644px\" \/><\/figure>\n<\/figure>\n\n\n\n<p>El mismo 20 de mayo, desde la Sala MAC de la Casa de la Cultura N\u00facleo de Manab\u00ed, ubicada en Manta, se instal\u00f3 una mesa de trabajo para el \u201c2do Encuentro de Red de GAD por la Cultura del Ecuador\u201d, la cual cont\u00f3 con la participaci\u00f3n de los representantes de las direcciones de Cultura de municipios y prefecturas del pa\u00eds. Su facilitador fue el Observatorio UArtes, conjuntamente con Miguel Viera, coordinador de la Unidad de Gesti\u00f3n Social (Congope). El punto de encuentro fue el auditorio de la Facultad Agropecuaria de la Universidad Laica Eloy Alfaro de Manab\u00ed.<\/p>\n\n\n\n<p>Teniendo como anfitri\u00f3n a Fidel Intriago, director de la Casa de la Cultura N\u00facleo de Manab\u00ed, en el \u00faltimo d\u00eda del encuentro, el jueves 22 de mayo, tuvo lugar una mesa de autoridades para dialogar en torno a los desaf\u00edos y la viabilidad de la construcci\u00f3n de la nueva sede de la CCE-Portoviejo.<\/p>\n\n\n\n<p>De igual manera, para el mismo 22 de mayo el 5to Encuentro propici\u00f3 en la Casa de la Cultura N\u00facleo de Manab\u00ed una mesa de trabajo con los programadores de salas y de los proyectos de exhibici\u00f3n de cine independiente en Ecuador. La cita, que fue concebida para fortalecer redes, compartir experiencias y trazar nuevos caminos para el audiovisual nacional, estuvo a cargo del artista y docente UArtes Javier Izquierdo, quien es programador de la Sala de Cine del MZ14, nuestro Centro de Producci\u00f3n e Innovaci\u00f3n.<\/p>\n\n\n\n<figure class=\"wp-block-gallery has-nested-images columns-default is-cropped wp-block-gallery-5 is-layout-flex wp-block-gallery-is-layout-flex\">\n<figure class=\"wp-block-image size-large\"><img loading=\"lazy\" decoding=\"async\" width=\"644\" height=\"429\" data-id=\"72482\" src=\"https:\/\/www.uartes.edu.ec\/sitio\/wp-content\/uploads\/2025\/05\/Proyecto-Cambiar-tamano-de-imagen-90-644x429.jpeg\" alt=\"\" class=\"wp-image-72482\" srcset=\"https:\/\/www.uartes.edu.ec\/sitio\/wp-content\/uploads\/2025\/05\/Proyecto-Cambiar-tamano-de-imagen-90-644x429.jpeg 644w, https:\/\/www.uartes.edu.ec\/sitio\/wp-content\/uploads\/2025\/05\/Proyecto-Cambiar-tamano-de-imagen-90-300x200.jpeg 300w, https:\/\/www.uartes.edu.ec\/sitio\/wp-content\/uploads\/2025\/05\/Proyecto-Cambiar-tamano-de-imagen-90-768x512.jpeg 768w, https:\/\/www.uartes.edu.ec\/sitio\/wp-content\/uploads\/2025\/05\/Proyecto-Cambiar-tamano-de-imagen-90-1536x1024.jpeg 1536w, https:\/\/www.uartes.edu.ec\/sitio\/wp-content\/uploads\/2025\/05\/Proyecto-Cambiar-tamano-de-imagen-90-18x12.jpeg 18w, https:\/\/www.uartes.edu.ec\/sitio\/wp-content\/uploads\/2025\/05\/Proyecto-Cambiar-tamano-de-imagen-90-600x400.jpeg 600w, https:\/\/www.uartes.edu.ec\/sitio\/wp-content\/uploads\/2025\/05\/Proyecto-Cambiar-tamano-de-imagen-90-400x267.jpeg 400w, https:\/\/www.uartes.edu.ec\/sitio\/wp-content\/uploads\/2025\/05\/Proyecto-Cambiar-tamano-de-imagen-90.jpeg 2000w\" sizes=\"(max-width: 644px) 100vw, 644px\" \/><\/figure>\n\n\n\n<figure class=\"wp-block-image size-large\"><img loading=\"lazy\" decoding=\"async\" width=\"644\" height=\"429\" data-id=\"72481\" src=\"https:\/\/www.uartes.edu.ec\/sitio\/wp-content\/uploads\/2025\/05\/Proyecto-Cambiar-tamano-de-imagen-91-644x429.jpeg\" alt=\"\" class=\"wp-image-72481\" srcset=\"https:\/\/www.uartes.edu.ec\/sitio\/wp-content\/uploads\/2025\/05\/Proyecto-Cambiar-tamano-de-imagen-91-644x429.jpeg 644w, https:\/\/www.uartes.edu.ec\/sitio\/wp-content\/uploads\/2025\/05\/Proyecto-Cambiar-tamano-de-imagen-91-300x200.jpeg 300w, https:\/\/www.uartes.edu.ec\/sitio\/wp-content\/uploads\/2025\/05\/Proyecto-Cambiar-tamano-de-imagen-91-768x512.jpeg 768w, https:\/\/www.uartes.edu.ec\/sitio\/wp-content\/uploads\/2025\/05\/Proyecto-Cambiar-tamano-de-imagen-91-1536x1024.jpeg 1536w, https:\/\/www.uartes.edu.ec\/sitio\/wp-content\/uploads\/2025\/05\/Proyecto-Cambiar-tamano-de-imagen-91-18x12.jpeg 18w, https:\/\/www.uartes.edu.ec\/sitio\/wp-content\/uploads\/2025\/05\/Proyecto-Cambiar-tamano-de-imagen-91-600x400.jpeg 600w, https:\/\/www.uartes.edu.ec\/sitio\/wp-content\/uploads\/2025\/05\/Proyecto-Cambiar-tamano-de-imagen-91-400x267.jpeg 400w, https:\/\/www.uartes.edu.ec\/sitio\/wp-content\/uploads\/2025\/05\/Proyecto-Cambiar-tamano-de-imagen-91.jpeg 2000w\" sizes=\"(max-width: 644px) 100vw, 644px\" \/><\/figure>\n<\/figure>\n\n\n\n<p>Intervinieron: Mariuxi Alem\u00e1n, directora de la Cinemateca Nacional; Antonio Cede\u00f1o, director de Cine a Orillas del Mar; Marina Le\u00f3n y Hern\u00e1n Cede\u00f1o, programadores de Cine R\u00edo; Mariana Andrade, directora de la sala de cine Ochoymedio; Rafael Plaza, programador de CinemaScape y de MAAC Cine; Isabela Parra, presidenta de EGEDA-Ecuador; Tito Molina, cineasta y gestor cultural; y los artistas y docentes de nuestra instituci\u00f3n de educaci\u00f3n superior Javier Andrade y Manolo Sarmiento.<\/p>\n\n\n\n<p>Texto: Carmen Cortez\/Dircom. Fotos: Tyrone Maridue\u00f1a\/Dircom.<\/p>","protected":false},"excerpt":{"rendered":"<p>El taller \u201cPatrimonio alimentario y gastron\u00f3mico: innovaci\u00f3n que nace de la identidad\u201d, a cargo de la colombiana M\u00f3nica Pulido, presidenta del Programa IberCocinas, marc\u00f3 el inicio de actividades similares, de mesas de trabajo y de di\u00e1logos en el 5to Encuentro de Pol\u00edticas y Econom\u00eda de la Cultura del Observatorio de la Universidad de las Artes, coorganizado con la OEI e instituciones seccionales, culturales y acad\u00e9micas de Manta y Portoviejo, en Manab\u00ed.<\/p>","protected":false},"author":10,"featured_media":72512,"comment_status":"open","ping_status":"open","sticky":false,"template":"","format":"standard","meta":{"_acf_changed":false,"_uag_custom_page_level_css":"","_monsterinsights_skip_tracking":false,"_monsterinsights_sitenote_active":false,"_monsterinsights_sitenote_note":"","_monsterinsights_sitenote_category":0,"cybocfi_hide_featured_image":"","footnotes":""},"categories":[80,82,77,284],"tags":[],"infouartes":[],"class_list":["post-72479","post","type-post","status-publish","format-standard","has-post-thumbnail","hentry","category-academico","category-artes","category-gestion","category-investigacion"],"acf":[],"yoast_head":"<!-- This site is optimized with the Yoast SEO plugin v27.4 - https:\/\/yoast.com\/product\/yoast-seo-wordpress\/ -->\n<title>Universidad de las Artes - Los talleres, mesas de trabajo y de di\u00e1logo del 5to Encuentro del Observatorio UArtes<\/title>\n<meta name=\"description\" content=\"Universidad de las Artes - Los talleres, mesas de trabajo y de di\u00e1logo del 5to Encuentro del Observatorio UArtes\" \/>\n<meta name=\"robots\" content=\"index, follow, max-snippet:-1, max-image-preview:large, max-video-preview:-1\" \/>\n<link rel=\"canonical\" href=\"https:\/\/www.uartes.edu.ec\/sitio\/fr\/blog\/2025\/05\/24\/los-talleres-mesas-de-trabajo-y-de-dialogo-del-5to-encuentro-del-observatorio-uartes\/\" \/>\n<meta property=\"og:locale\" content=\"fr_FR\" \/>\n<meta property=\"og:type\" content=\"article\" \/>\n<meta property=\"og:title\" content=\"Universidad de las Artes - Los talleres, mesas de trabajo y de di\u00e1logo del 5to Encuentro del Observatorio UArtes\" \/>\n<meta property=\"og:description\" content=\"Universidad de las Artes - Los talleres, mesas de trabajo y de di\u00e1logo del 5to Encuentro del Observatorio UArtes\" \/>\n<meta property=\"og:url\" content=\"https:\/\/www.uartes.edu.ec\/sitio\/fr\/blog\/2025\/05\/24\/los-talleres-mesas-de-trabajo-y-de-dialogo-del-5to-encuentro-del-observatorio-uartes\/\" \/>\n<meta property=\"og:site_name\" content=\"Universidad de las Artes\" \/>\n<meta property=\"article:publisher\" content=\"https:\/\/www.facebook.com\/uartesec\" \/>\n<meta property=\"article:published_time\" content=\"2025-05-24T22:38:00+00:00\" \/>\n<meta property=\"article:modified_time\" content=\"2025-05-28T20:31:27+00:00\" \/>\n<meta property=\"og:image\" content=\"https:\/\/www.uartes.edu.ec\/sitio\/wp-content\/uploads\/2025\/05\/Proyecto-Cambiar-tamano-de-imagen-54-644x429.jpeg\" \/>\n\t<meta property=\"og:image:width\" content=\"644\" \/>\n\t<meta property=\"og:image:height\" content=\"429\" \/>\n\t<meta property=\"og:image:type\" content=\"image\/jpeg\" \/>\n<meta name=\"author\" content=\"ccortez\" \/>\n<meta name=\"twitter:card\" content=\"summary_large_image\" \/>\n<meta name=\"twitter:creator\" content=\"@uartesec\" \/>\n<meta name=\"twitter:site\" content=\"@uartesec\" \/>\n<meta name=\"twitter:label1\" content=\"\u00c9crit par\" \/>\n\t<meta name=\"twitter:data1\" content=\"ccortez\" \/>\n\t<meta name=\"twitter:label2\" content=\"Dur\u00e9e de lecture estim\u00e9e\" \/>\n\t<meta name=\"twitter:data2\" content=\"5 minutes\" \/>\n<script type=\"application\/ld+json\" class=\"yoast-schema-graph\">{\"@context\":\"https:\\\/\\\/schema.org\",\"@graph\":[{\"@type\":\"Article\",\"@id\":\"https:\\\/\\\/www.uartes.edu.ec\\\/sitio\\\/fr\\\/blog\\\/2025\\\/05\\\/24\\\/los-talleres-mesas-de-trabajo-y-de-dialogo-del-5to-encuentro-del-observatorio-uartes\\\/#article\",\"isPartOf\":{\"@id\":\"https:\\\/\\\/www.uartes.edu.ec\\\/sitio\\\/fr\\\/blog\\\/2025\\\/05\\\/24\\\/los-talleres-mesas-de-trabajo-y-de-dialogo-del-5to-encuentro-del-observatorio-uartes\\\/\"},\"author\":{\"name\":\"ccortez\",\"@id\":\"https:\\\/\\\/www.uartes.edu.ec\\\/sitio\\\/fr\\\/#\\\/schema\\\/person\\\/efa1b8275797664fd7f13a79ccc0b1f4\"},\"headline\":\"Los talleres, mesas de trabajo y de di\u00e1logo del 5to Encuentro del Observatorio UArtes\",\"datePublished\":\"2025-05-24T22:38:00+00:00\",\"dateModified\":\"2025-05-28T20:31:27+00:00\",\"mainEntityOfPage\":{\"@id\":\"https:\\\/\\\/www.uartes.edu.ec\\\/sitio\\\/fr\\\/blog\\\/2025\\\/05\\\/24\\\/los-talleres-mesas-de-trabajo-y-de-dialogo-del-5to-encuentro-del-observatorio-uartes\\\/\"},\"wordCount\":948,\"commentCount\":0,\"publisher\":{\"@id\":\"https:\\\/\\\/www.uartes.edu.ec\\\/sitio\\\/fr\\\/#organization\"},\"image\":{\"@id\":\"https:\\\/\\\/www.uartes.edu.ec\\\/sitio\\\/fr\\\/blog\\\/2025\\\/05\\\/24\\\/los-talleres-mesas-de-trabajo-y-de-dialogo-del-5to-encuentro-del-observatorio-uartes\\\/#primaryimage\"},\"thumbnailUrl\":\"https:\\\/\\\/www.uartes.edu.ec\\\/sitio\\\/wp-content\\\/uploads\\\/2025\\\/05\\\/Proyecto-Cambiar-tamano-de-imagen-54.jpeg\",\"articleSection\":[\"Acad\u00e9mico\",\"Artes\",\"Gesti\u00f3n\",\"Investigaci\u00f3n\"],\"inLanguage\":\"fr-FR\",\"potentialAction\":[{\"@type\":\"CommentAction\",\"name\":\"Comment\",\"target\":[\"https:\\\/\\\/www.uartes.edu.ec\\\/sitio\\\/fr\\\/blog\\\/2025\\\/05\\\/24\\\/los-talleres-mesas-de-trabajo-y-de-dialogo-del-5to-encuentro-del-observatorio-uartes\\\/#respond\"]}]},{\"@type\":[\"WebPage\",\"ItemPage\"],\"@id\":\"https:\\\/\\\/www.uartes.edu.ec\\\/sitio\\\/fr\\\/blog\\\/2025\\\/05\\\/24\\\/los-talleres-mesas-de-trabajo-y-de-dialogo-del-5to-encuentro-del-observatorio-uartes\\\/\",\"url\":\"https:\\\/\\\/www.uartes.edu.ec\\\/sitio\\\/fr\\\/blog\\\/2025\\\/05\\\/24\\\/los-talleres-mesas-de-trabajo-y-de-dialogo-del-5to-encuentro-del-observatorio-uartes\\\/\",\"name\":\"Universidad de las Artes - Los talleres, mesas de trabajo y de di\u00e1logo del 5to Encuentro del Observatorio UArtes\",\"isPartOf\":{\"@id\":\"https:\\\/\\\/www.uartes.edu.ec\\\/sitio\\\/fr\\\/#website\"},\"primaryImageOfPage\":{\"@id\":\"https:\\\/\\\/www.uartes.edu.ec\\\/sitio\\\/fr\\\/blog\\\/2025\\\/05\\\/24\\\/los-talleres-mesas-de-trabajo-y-de-dialogo-del-5to-encuentro-del-observatorio-uartes\\\/#primaryimage\"},\"image\":{\"@id\":\"https:\\\/\\\/www.uartes.edu.ec\\\/sitio\\\/fr\\\/blog\\\/2025\\\/05\\\/24\\\/los-talleres-mesas-de-trabajo-y-de-dialogo-del-5to-encuentro-del-observatorio-uartes\\\/#primaryimage\"},\"thumbnailUrl\":\"https:\\\/\\\/www.uartes.edu.ec\\\/sitio\\\/wp-content\\\/uploads\\\/2025\\\/05\\\/Proyecto-Cambiar-tamano-de-imagen-54.jpeg\",\"datePublished\":\"2025-05-24T22:38:00+00:00\",\"dateModified\":\"2025-05-28T20:31:27+00:00\",\"description\":\"Universidad de las Artes - Los talleres, mesas de trabajo y de di\u00e1logo del 5to Encuentro del Observatorio UArtes\",\"breadcrumb\":{\"@id\":\"https:\\\/\\\/www.uartes.edu.ec\\\/sitio\\\/fr\\\/blog\\\/2025\\\/05\\\/24\\\/los-talleres-mesas-de-trabajo-y-de-dialogo-del-5to-encuentro-del-observatorio-uartes\\\/#breadcrumb\"},\"inLanguage\":\"fr-FR\",\"potentialAction\":[{\"@type\":\"ReadAction\",\"target\":[\"https:\\\/\\\/www.uartes.edu.ec\\\/sitio\\\/fr\\\/blog\\\/2025\\\/05\\\/24\\\/los-talleres-mesas-de-trabajo-y-de-dialogo-del-5to-encuentro-del-observatorio-uartes\\\/\"]}]},{\"@type\":\"ImageObject\",\"inLanguage\":\"fr-FR\",\"@id\":\"https:\\\/\\\/www.uartes.edu.ec\\\/sitio\\\/fr\\\/blog\\\/2025\\\/05\\\/24\\\/los-talleres-mesas-de-trabajo-y-de-dialogo-del-5to-encuentro-del-observatorio-uartes\\\/#primaryimage\",\"url\":\"https:\\\/\\\/www.uartes.edu.ec\\\/sitio\\\/wp-content\\\/uploads\\\/2025\\\/05\\\/Proyecto-Cambiar-tamano-de-imagen-54.jpeg\",\"contentUrl\":\"https:\\\/\\\/www.uartes.edu.ec\\\/sitio\\\/wp-content\\\/uploads\\\/2025\\\/05\\\/Proyecto-Cambiar-tamano-de-imagen-54.jpeg\",\"width\":2000,\"height\":1333},{\"@type\":\"BreadcrumbList\",\"@id\":\"https:\\\/\\\/www.uartes.edu.ec\\\/sitio\\\/fr\\\/blog\\\/2025\\\/05\\\/24\\\/los-talleres-mesas-de-trabajo-y-de-dialogo-del-5to-encuentro-del-observatorio-uartes\\\/#breadcrumb\",\"itemListElement\":[{\"@type\":\"ListItem\",\"position\":1,\"name\":\"Inicio\",\"item\":\"https:\\\/\\\/www.uartes.edu.ec\\\/sitio\\\/\"},{\"@type\":\"ListItem\",\"position\":2,\"name\":\"Los talleres, mesas de trabajo y de di\u00e1logo del 5to Encuentro del Observatorio UArtes\"}]},{\"@type\":\"WebSite\",\"@id\":\"https:\\\/\\\/www.uartes.edu.ec\\\/sitio\\\/fr\\\/#website\",\"url\":\"https:\\\/\\\/www.uartes.edu.ec\\\/sitio\\\/fr\\\/\",\"name\":\"Universidad de las Artes\",\"description\":\"Sitio oficial de la Universidad Nacional de las Artes del Ecuador\",\"publisher\":{\"@id\":\"https:\\\/\\\/www.uartes.edu.ec\\\/sitio\\\/fr\\\/#organization\"},\"potentialAction\":[{\"@type\":\"SearchAction\",\"target\":{\"@type\":\"EntryPoint\",\"urlTemplate\":\"https:\\\/\\\/www.uartes.edu.ec\\\/sitio\\\/fr\\\/?s={search_term_string}\"},\"query-input\":{\"@type\":\"PropertyValueSpecification\",\"valueRequired\":true,\"valueName\":\"search_term_string\"}}],\"inLanguage\":\"fr-FR\"},{\"@type\":\"Organization\",\"@id\":\"https:\\\/\\\/www.uartes.edu.ec\\\/sitio\\\/fr\\\/#organization\",\"name\":\"Universidad de las Artes\",\"url\":\"https:\\\/\\\/www.uartes.edu.ec\\\/sitio\\\/fr\\\/\",\"logo\":{\"@type\":\"ImageObject\",\"inLanguage\":\"fr-FR\",\"@id\":\"https:\\\/\\\/www.uartes.edu.ec\\\/sitio\\\/fr\\\/#\\\/schema\\\/logo\\\/image\\\/\",\"url\":\"https:\\\/\\\/www.uartes.edu.ec\\\/sitio\\\/wp-content\\\/uploads\\\/2022\\\/07\\\/logo-ua-horizontal.png\",\"contentUrl\":\"https:\\\/\\\/www.uartes.edu.ec\\\/sitio\\\/wp-content\\\/uploads\\\/2022\\\/07\\\/logo-ua-horizontal.png\",\"width\":800,\"height\":276,\"caption\":\"Universidad de las Artes\"},\"image\":{\"@id\":\"https:\\\/\\\/www.uartes.edu.ec\\\/sitio\\\/fr\\\/#\\\/schema\\\/logo\\\/image\\\/\"},\"sameAs\":[\"https:\\\/\\\/www.facebook.com\\\/uartesec\",\"https:\\\/\\\/x.com\\\/uartesec\",\"https:\\\/\\\/www.tiktok.com\\\/@uartesec\"]},{\"@type\":\"Person\",\"@id\":\"https:\\\/\\\/www.uartes.edu.ec\\\/sitio\\\/fr\\\/#\\\/schema\\\/person\\\/efa1b8275797664fd7f13a79ccc0b1f4\",\"name\":\"ccortez\",\"image\":{\"@type\":\"ImageObject\",\"inLanguage\":\"fr-FR\",\"@id\":\"https:\\\/\\\/secure.gravatar.com\\\/avatar\\\/b2a6f664a3ae8e074346ef91775736c5ec479e637ecced6842de9dc98b5da9cd?s=96&d=mm&r=g\",\"url\":\"https:\\\/\\\/secure.gravatar.com\\\/avatar\\\/b2a6f664a3ae8e074346ef91775736c5ec479e637ecced6842de9dc98b5da9cd?s=96&d=mm&r=g\",\"contentUrl\":\"https:\\\/\\\/secure.gravatar.com\\\/avatar\\\/b2a6f664a3ae8e074346ef91775736c5ec479e637ecced6842de9dc98b5da9cd?s=96&d=mm&r=g\",\"caption\":\"ccortez\"},\"url\":\"https:\\\/\\\/www.uartes.edu.ec\\\/sitio\\\/fr\\\/blog\\\/author\\\/ccortez\\\/\"}]}<\/script>\n<!-- \/ Yoast SEO plugin. -->","yoast_head_json":{"title":"Universidad de las Artes - Los talleres, mesas de trabajo y de di\u00e1logo del 5to Encuentro del Observatorio UArtes","description":"Universidad de las Artes - Los talleres, mesas de trabajo y de di\u00e1logo del 5to Encuentro del Observatorio UArtes","robots":{"index":"index","follow":"follow","max-snippet":"max-snippet:-1","max-image-preview":"max-image-preview:large","max-video-preview":"max-video-preview:-1"},"canonical":"https:\/\/www.uartes.edu.ec\/sitio\/fr\/blog\/2025\/05\/24\/los-talleres-mesas-de-trabajo-y-de-dialogo-del-5to-encuentro-del-observatorio-uartes\/","og_locale":"fr_FR","og_type":"article","og_title":"Universidad de las Artes - Los talleres, mesas de trabajo y de di\u00e1logo del 5to Encuentro del Observatorio UArtes","og_description":"Universidad de las Artes - Los talleres, mesas de trabajo y de di\u00e1logo del 5to Encuentro del Observatorio UArtes","og_url":"https:\/\/www.uartes.edu.ec\/sitio\/fr\/blog\/2025\/05\/24\/los-talleres-mesas-de-trabajo-y-de-dialogo-del-5to-encuentro-del-observatorio-uartes\/","og_site_name":"Universidad de las Artes","article_publisher":"https:\/\/www.facebook.com\/uartesec","article_published_time":"2025-05-24T22:38:00+00:00","article_modified_time":"2025-05-28T20:31:27+00:00","og_image":[{"width":644,"height":429,"url":"https:\/\/www.uartes.edu.ec\/sitio\/wp-content\/uploads\/2025\/05\/Proyecto-Cambiar-tamano-de-imagen-54-644x429.jpeg","type":"image\/jpeg"}],"author":"ccortez","twitter_card":"summary_large_image","twitter_creator":"@uartesec","twitter_site":"@uartesec","twitter_misc":{"\u00c9crit par":"ccortez","Dur\u00e9e de lecture estim\u00e9e":"5 minutes"},"schema":{"@context":"https:\/\/schema.org","@graph":[{"@type":"Article","@id":"https:\/\/www.uartes.edu.ec\/sitio\/fr\/blog\/2025\/05\/24\/los-talleres-mesas-de-trabajo-y-de-dialogo-del-5to-encuentro-del-observatorio-uartes\/#article","isPartOf":{"@id":"https:\/\/www.uartes.edu.ec\/sitio\/fr\/blog\/2025\/05\/24\/los-talleres-mesas-de-trabajo-y-de-dialogo-del-5to-encuentro-del-observatorio-uartes\/"},"author":{"name":"ccortez","@id":"https:\/\/www.uartes.edu.ec\/sitio\/fr\/#\/schema\/person\/efa1b8275797664fd7f13a79ccc0b1f4"},"headline":"Los talleres, mesas de trabajo y de di\u00e1logo del 5to Encuentro del Observatorio UArtes","datePublished":"2025-05-24T22:38:00+00:00","dateModified":"2025-05-28T20:31:27+00:00","mainEntityOfPage":{"@id":"https:\/\/www.uartes.edu.ec\/sitio\/fr\/blog\/2025\/05\/24\/los-talleres-mesas-de-trabajo-y-de-dialogo-del-5to-encuentro-del-observatorio-uartes\/"},"wordCount":948,"commentCount":0,"publisher":{"@id":"https:\/\/www.uartes.edu.ec\/sitio\/fr\/#organization"},"image":{"@id":"https:\/\/www.uartes.edu.ec\/sitio\/fr\/blog\/2025\/05\/24\/los-talleres-mesas-de-trabajo-y-de-dialogo-del-5to-encuentro-del-observatorio-uartes\/#primaryimage"},"thumbnailUrl":"https:\/\/www.uartes.edu.ec\/sitio\/wp-content\/uploads\/2025\/05\/Proyecto-Cambiar-tamano-de-imagen-54.jpeg","articleSection":["Acad\u00e9mico","Artes","Gesti\u00f3n","Investigaci\u00f3n"],"inLanguage":"fr-FR","potentialAction":[{"@type":"CommentAction","name":"Comment","target":["https:\/\/www.uartes.edu.ec\/sitio\/fr\/blog\/2025\/05\/24\/los-talleres-mesas-de-trabajo-y-de-dialogo-del-5to-encuentro-del-observatorio-uartes\/#respond"]}]},{"@type":["WebPage","ItemPage"],"@id":"https:\/\/www.uartes.edu.ec\/sitio\/fr\/blog\/2025\/05\/24\/los-talleres-mesas-de-trabajo-y-de-dialogo-del-5to-encuentro-del-observatorio-uartes\/","url":"https:\/\/www.uartes.edu.ec\/sitio\/fr\/blog\/2025\/05\/24\/los-talleres-mesas-de-trabajo-y-de-dialogo-del-5to-encuentro-del-observatorio-uartes\/","name":"Universidad de las Artes - Los talleres, mesas de trabajo y de di\u00e1logo del 5to Encuentro del Observatorio UArtes","isPartOf":{"@id":"https:\/\/www.uartes.edu.ec\/sitio\/fr\/#website"},"primaryImageOfPage":{"@id":"https:\/\/www.uartes.edu.ec\/sitio\/fr\/blog\/2025\/05\/24\/los-talleres-mesas-de-trabajo-y-de-dialogo-del-5to-encuentro-del-observatorio-uartes\/#primaryimage"},"image":{"@id":"https:\/\/www.uartes.edu.ec\/sitio\/fr\/blog\/2025\/05\/24\/los-talleres-mesas-de-trabajo-y-de-dialogo-del-5to-encuentro-del-observatorio-uartes\/#primaryimage"},"thumbnailUrl":"https:\/\/www.uartes.edu.ec\/sitio\/wp-content\/uploads\/2025\/05\/Proyecto-Cambiar-tamano-de-imagen-54.jpeg","datePublished":"2025-05-24T22:38:00+00:00","dateModified":"2025-05-28T20:31:27+00:00","description":"Universidad de las Artes - Los talleres, mesas de trabajo y de di\u00e1logo del 5to Encuentro del Observatorio UArtes","breadcrumb":{"@id":"https:\/\/www.uartes.edu.ec\/sitio\/fr\/blog\/2025\/05\/24\/los-talleres-mesas-de-trabajo-y-de-dialogo-del-5to-encuentro-del-observatorio-uartes\/#breadcrumb"},"inLanguage":"fr-FR","potentialAction":[{"@type":"ReadAction","target":["https:\/\/www.uartes.edu.ec\/sitio\/fr\/blog\/2025\/05\/24\/los-talleres-mesas-de-trabajo-y-de-dialogo-del-5to-encuentro-del-observatorio-uartes\/"]}]},{"@type":"ImageObject","inLanguage":"fr-FR","@id":"https:\/\/www.uartes.edu.ec\/sitio\/fr\/blog\/2025\/05\/24\/los-talleres-mesas-de-trabajo-y-de-dialogo-del-5to-encuentro-del-observatorio-uartes\/#primaryimage","url":"https:\/\/www.uartes.edu.ec\/sitio\/wp-content\/uploads\/2025\/05\/Proyecto-Cambiar-tamano-de-imagen-54.jpeg","contentUrl":"https:\/\/www.uartes.edu.ec\/sitio\/wp-content\/uploads\/2025\/05\/Proyecto-Cambiar-tamano-de-imagen-54.jpeg","width":2000,"height":1333},{"@type":"BreadcrumbList","@id":"https:\/\/www.uartes.edu.ec\/sitio\/fr\/blog\/2025\/05\/24\/los-talleres-mesas-de-trabajo-y-de-dialogo-del-5to-encuentro-del-observatorio-uartes\/#breadcrumb","itemListElement":[{"@type":"ListItem","position":1,"name":"Inicio","item":"https:\/\/www.uartes.edu.ec\/sitio\/"},{"@type":"ListItem","position":2,"name":"Los talleres, mesas de trabajo y de di\u00e1logo del 5to Encuentro del Observatorio UArtes"}]},{"@type":"WebSite","@id":"https:\/\/www.uartes.edu.ec\/sitio\/fr\/#website","url":"https:\/\/www.uartes.edu.ec\/sitio\/fr\/","name":"Universidad de las Artes","description":"Sitio oficial de la Universidad Nacional de las Artes del Ecuador","publisher":{"@id":"https:\/\/www.uartes.edu.ec\/sitio\/fr\/#organization"},"potentialAction":[{"@type":"SearchAction","target":{"@type":"EntryPoint","urlTemplate":"https:\/\/www.uartes.edu.ec\/sitio\/fr\/?s={search_term_string}"},"query-input":{"@type":"PropertyValueSpecification","valueRequired":true,"valueName":"search_term_string"}}],"inLanguage":"fr-FR"},{"@type":"Organization","@id":"https:\/\/www.uartes.edu.ec\/sitio\/fr\/#organization","name":"Universidad de las Artes","url":"https:\/\/www.uartes.edu.ec\/sitio\/fr\/","logo":{"@type":"ImageObject","inLanguage":"fr-FR","@id":"https:\/\/www.uartes.edu.ec\/sitio\/fr\/#\/schema\/logo\/image\/","url":"https:\/\/www.uartes.edu.ec\/sitio\/wp-content\/uploads\/2022\/07\/logo-ua-horizontal.png","contentUrl":"https:\/\/www.uartes.edu.ec\/sitio\/wp-content\/uploads\/2022\/07\/logo-ua-horizontal.png","width":800,"height":276,"caption":"Universidad de las Artes"},"image":{"@id":"https:\/\/www.uartes.edu.ec\/sitio\/fr\/#\/schema\/logo\/image\/"},"sameAs":["https:\/\/www.facebook.com\/uartesec","https:\/\/x.com\/uartesec","https:\/\/www.tiktok.com\/@uartesec"]},{"@type":"Person","@id":"https:\/\/www.uartes.edu.ec\/sitio\/fr\/#\/schema\/person\/efa1b8275797664fd7f13a79ccc0b1f4","name":"ccortez","image":{"@type":"ImageObject","inLanguage":"fr-FR","@id":"https:\/\/secure.gravatar.com\/avatar\/b2a6f664a3ae8e074346ef91775736c5ec479e637ecced6842de9dc98b5da9cd?s=96&d=mm&r=g","url":"https:\/\/secure.gravatar.com\/avatar\/b2a6f664a3ae8e074346ef91775736c5ec479e637ecced6842de9dc98b5da9cd?s=96&d=mm&r=g","contentUrl":"https:\/\/secure.gravatar.com\/avatar\/b2a6f664a3ae8e074346ef91775736c5ec479e637ecced6842de9dc98b5da9cd?s=96&d=mm&r=g","caption":"ccortez"},"url":"https:\/\/www.uartes.edu.ec\/sitio\/fr\/blog\/author\/ccortez\/"}]}},"uagb_featured_image_src":{"full":["https:\/\/www.uartes.edu.ec\/sitio\/wp-content\/uploads\/2025\/05\/Proyecto-Cambiar-tamano-de-imagen-54.jpeg",2000,1333,false],"thumbnail":["https:\/\/www.uartes.edu.ec\/sitio\/wp-content\/uploads\/2025\/05\/Proyecto-Cambiar-tamano-de-imagen-54-150x150.jpeg",150,150,true],"medium":["https:\/\/www.uartes.edu.ec\/sitio\/wp-content\/uploads\/2025\/05\/Proyecto-Cambiar-tamano-de-imagen-54-300x200.jpeg",300,200,true],"medium_large":["https:\/\/www.uartes.edu.ec\/sitio\/wp-content\/uploads\/2025\/05\/Proyecto-Cambiar-tamano-de-imagen-54-768x512.jpeg",768,512,true],"large":["https:\/\/www.uartes.edu.ec\/sitio\/wp-content\/uploads\/2025\/05\/Proyecto-Cambiar-tamano-de-imagen-54-644x429.jpeg",644,429,true],"1536x1536":["https:\/\/www.uartes.edu.ec\/sitio\/wp-content\/uploads\/2025\/05\/Proyecto-Cambiar-tamano-de-imagen-54-1536x1024.jpeg",1536,1024,true],"2048x2048":["https:\/\/www.uartes.edu.ec\/sitio\/wp-content\/uploads\/2025\/05\/Proyecto-Cambiar-tamano-de-imagen-54.jpeg",2000,1333,false],"trp-custom-language-flag":["https:\/\/www.uartes.edu.ec\/sitio\/wp-content\/uploads\/2025\/05\/Proyecto-Cambiar-tamano-de-imagen-54-18x12.jpeg",18,12,true],"htmega_size_585x295":["https:\/\/www.uartes.edu.ec\/sitio\/wp-content\/uploads\/2025\/05\/Proyecto-Cambiar-tamano-de-imagen-54-585x295.jpeg",585,295,true],"htmega_size_1170x536":["https:\/\/www.uartes.edu.ec\/sitio\/wp-content\/uploads\/2025\/05\/Proyecto-Cambiar-tamano-de-imagen-54-1170x536.jpeg",1170,536,true],"htmega_size_396x360":["https:\/\/www.uartes.edu.ec\/sitio\/wp-content\/uploads\/2025\/05\/Proyecto-Cambiar-tamano-de-imagen-54-396x360.jpeg",396,360,true],"gb-block-post-grid-landscape":["https:\/\/www.uartes.edu.ec\/sitio\/wp-content\/uploads\/2025\/05\/Proyecto-Cambiar-tamano-de-imagen-54-600x400.jpeg",600,400,true],"gb-block-post-grid-square":["https:\/\/www.uartes.edu.ec\/sitio\/wp-content\/uploads\/2025\/05\/Proyecto-Cambiar-tamano-de-imagen-54-600x600.jpeg",600,600,true],"university-hub-thumb":["https:\/\/www.uartes.edu.ec\/sitio\/wp-content\/uploads\/2025\/05\/Proyecto-Cambiar-tamano-de-imagen-54-400x267.jpeg",400,267,true],"mailpoet_newsletter_max":["https:\/\/www.uartes.edu.ec\/sitio\/wp-content\/uploads\/2025\/05\/Proyecto-Cambiar-tamano-de-imagen-54.jpeg",1320,880,false]},"uagb_author_info":{"display_name":"ccortez","author_link":"https:\/\/www.uartes.edu.ec\/sitio\/fr\/blog\/author\/ccortez\/"},"uagb_comment_info":0,"uagb_excerpt":"El taller \u201cPatrimonio alimentario y gastron\u00f3mico: innovaci\u00f3n que nace de la identidad\u201d, a cargo de la colombiana M\u00f3nica Pulido, presidenta del Programa IberCocinas, marc\u00f3 el inicio de actividades similares, de mesas de trabajo y de di\u00e1logos en el 5to Encuentro de Pol\u00edticas y Econom\u00eda de la Cultura del Observatorio de la Universidad de las Artes,\u2026","featured_image_src":"https:\/\/www.uartes.edu.ec\/sitio\/wp-content\/uploads\/2025\/05\/Proyecto-Cambiar-tamano-de-imagen-54-600x400.jpeg","featured_image_src_square":"https:\/\/www.uartes.edu.ec\/sitio\/wp-content\/uploads\/2025\/05\/Proyecto-Cambiar-tamano-de-imagen-54-600x600.jpeg","author_info":{"display_name":"ccortez","author_link":"https:\/\/www.uartes.edu.ec\/sitio\/fr\/blog\/author\/ccortez\/"},"publishpress_future_workflow_manual_trigger":{"enabledWorkflows":[]},"distributor_meta":false,"distributor_terms":false,"distributor_media":false,"distributor_original_site_name":"Universidad de las Artes","distributor_original_site_url":"https:\/\/www.uartes.edu.ec\/sitio\/fr","push-errors":false,"_links":{"self":[{"href":"https:\/\/www.uartes.edu.ec\/sitio\/fr\/wp-json\/wp\/v2\/posts\/72479","targetHints":{"allow":["GET"]}}],"collection":[{"href":"https:\/\/www.uartes.edu.ec\/sitio\/fr\/wp-json\/wp\/v2\/posts"}],"about":[{"href":"https:\/\/www.uartes.edu.ec\/sitio\/fr\/wp-json\/wp\/v2\/types\/post"}],"author":[{"embeddable":true,"href":"https:\/\/www.uartes.edu.ec\/sitio\/fr\/wp-json\/wp\/v2\/users\/10"}],"replies":[{"embeddable":true,"href":"https:\/\/www.uartes.edu.ec\/sitio\/fr\/wp-json\/wp\/v2\/comments?post=72479"}],"version-history":[{"count":4,"href":"https:\/\/www.uartes.edu.ec\/sitio\/fr\/wp-json\/wp\/v2\/posts\/72479\/revisions"}],"predecessor-version":[{"id":72523,"href":"https:\/\/www.uartes.edu.ec\/sitio\/fr\/wp-json\/wp\/v2\/posts\/72479\/revisions\/72523"}],"wp:featuredmedia":[{"embeddable":true,"href":"https:\/\/www.uartes.edu.ec\/sitio\/fr\/wp-json\/wp\/v2\/media\/72512"}],"wp:attachment":[{"href":"https:\/\/www.uartes.edu.ec\/sitio\/fr\/wp-json\/wp\/v2\/media?parent=72479"}],"wp:term":[{"taxonomy":"category","embeddable":true,"href":"https:\/\/www.uartes.edu.ec\/sitio\/fr\/wp-json\/wp\/v2\/categories?post=72479"},{"taxonomy":"post_tag","embeddable":true,"href":"https:\/\/www.uartes.edu.ec\/sitio\/fr\/wp-json\/wp\/v2\/tags?post=72479"},{"taxonomy":"infouartes","embeddable":true,"href":"https:\/\/www.uartes.edu.ec\/sitio\/fr\/wp-json\/wp\/v2\/infouartes?post=72479"}],"curies":[{"name":"wp","href":"https:\/\/api.w.org\/{rel}","templated":true}]}}