{"id":72532,"date":"2025-05-27T14:29:00","date_gmt":"2025-05-27T19:29:00","guid":{"rendered":"https:\/\/www.uartes.edu.ec\/sitio\/?p=72532"},"modified":"2025-06-01T16:47:08","modified_gmt":"2025-06-01T21:47:08","slug":"su-primer-lugar-en-concurso-de-poesia-de-la-ucg-la-pone-en-una-antologia-estudiante-cesia-moran-comparte-experiencia","status":"publish","type":"post","link":"https:\/\/www.uartes.edu.ec\/sitio\/fr\/blog\/2025\/05\/27\/su-primer-lugar-en-concurso-de-poesia-de-la-ucg-la-pone-en-una-antologia-estudiante-cesia-moran-comparte-experiencia\/","title":{"rendered":"Su primer lugar en concurso de poes\u00eda de la UCG la pone en una antolog\u00eda; estudiante UArtes Cesia Mor\u00e1n comparte experiencia"},"content":{"rendered":"<p>La convocatoria la hizo la Universidad Casa Grande (UCG) y const\u00f3 entre las actividades que organiz\u00f3 por el mes dedicado al libro. Se trata de su sexto concurso de poes\u00eda, el cual desarroll\u00f3 con la colaboraci\u00f3n del Casal Catal\u00e1 de Guayaquil y dirigi\u00f3 a j\u00f3venes creadores. La Universidad de las Artes tuvo presencia en la propuesta, pues de la Escuela de Literatura participaron las estudiantes Camila Valdivieso y Cesia Mor\u00e1n, as\u00ed como los alumni Antonio Acosta Muss\u00f3 y Andrea Carabajos, quedando todos como finalistas.<\/p>\n\n\n\n<p>Cesia Mor\u00e1n se alz\u00f3 con el primer lugar y su poes\u00eda, al igual que las creaciones literarias de Valdivieso, Acosta y Carabajos, integrar\u00e1n una antolog\u00eda de poemas. De la experiencia, InfoUArtes solicit\u00f3 a la ganadora una rese\u00f1a en primera persona, a fin de conocer desde el momento en que conoci\u00f3 de la convocatoria de la UCG, qu\u00e9 la anim\u00f3 a participar y si hab\u00eda tomado parte antes en cert\u00e1menes similares, entre otras inquietudes.<\/p>\n\n\n\n<p>\u201cMe enter\u00e9 de la convocatoria de la editorial Canutero gracias a Rebeca y Alexandra, mis amigas m\u00e1s cercanas con las que comparto clases. Rebeca incluso mencion\u00f3 tener un buen presentimiento acerca de ello y termin\u00f3 contagi\u00e1ndomelo, as\u00ed que revis\u00e9 los par\u00e1metros para participar. Descubr\u00ed que se trataba de una colaboraci\u00f3n entre el Casal Catal\u00e1 de Guayaquil con la editorial universitaria e investigu\u00e9 acerca del autor al que homenajeaba la convocatoria: Josep M. Llompart. Su trayectoria gira en torno al amor y la muerte, por esa raz\u00f3n, el tema escogido para la sexta edici\u00f3n de la convocatoria de poes\u00eda fue el desamor\u201d.<\/p>\n\n\n<div class=\"wp-block-image\">\n<figure class=\"aligncenter size-large\"><img fetchpriority=\"high\" decoding=\"async\" width=\"644\" height=\"429\" src=\"https:\/\/www.uartes.edu.ec\/sitio\/wp-content\/uploads\/2025\/05\/Proyecto-Cambiar-tamano-de-imagen-14-644x429.jpeg\" alt=\"\" class=\"wp-image-72534\" srcset=\"https:\/\/www.uartes.edu.ec\/sitio\/wp-content\/uploads\/2025\/05\/Proyecto-Cambiar-tamano-de-imagen-14-644x429.jpeg 644w, https:\/\/www.uartes.edu.ec\/sitio\/wp-content\/uploads\/2025\/05\/Proyecto-Cambiar-tamano-de-imagen-14-300x200.jpeg 300w, https:\/\/www.uartes.edu.ec\/sitio\/wp-content\/uploads\/2025\/05\/Proyecto-Cambiar-tamano-de-imagen-14-768x512.jpeg 768w, https:\/\/www.uartes.edu.ec\/sitio\/wp-content\/uploads\/2025\/05\/Proyecto-Cambiar-tamano-de-imagen-14-1536x1024.jpeg 1536w, https:\/\/www.uartes.edu.ec\/sitio\/wp-content\/uploads\/2025\/05\/Proyecto-Cambiar-tamano-de-imagen-14-18x12.jpeg 18w, https:\/\/www.uartes.edu.ec\/sitio\/wp-content\/uploads\/2025\/05\/Proyecto-Cambiar-tamano-de-imagen-14-600x400.jpeg 600w, https:\/\/www.uartes.edu.ec\/sitio\/wp-content\/uploads\/2025\/05\/Proyecto-Cambiar-tamano-de-imagen-14-400x267.jpeg 400w, https:\/\/www.uartes.edu.ec\/sitio\/wp-content\/uploads\/2025\/05\/Proyecto-Cambiar-tamano-de-imagen-14.jpeg 2000w\" sizes=\"(max-width: 644px) 100vw, 644px\" \/><\/figure>\n<\/div>\n\n\n<p>\u201cPor lo general, tengo versos sueltos escritos por todas partes: en las notas de mi celular, al borde de las hojas de los cuadernos o al fondo de mi bolso, en papeles doblados y olvidados. Empec\u00e9 por ah\u00ed, con una de esas anotaciones a las que solo les he ense\u00f1ado a esperar: \u201cEl canal salobre del t\u00f3rax se enhebra a sus anchas en la humareda de la cantina\u201d. Pens\u00e9 en que el desamor expon\u00eda al ser a un escrutinio bochornoso, hay un rechazo existente de fondo a un otro que genera malestar. \u201cGu\u00eda de disecciones\u201d naci\u00f3 a partir del verse examinado para buscar la ra\u00edz de amargura que nunca debi\u00f3 estar ah\u00ed y de c\u00f3mo la escritura pod\u00eda llegar a ser quien ejecute el procedimiento al intentar arrancarte de s\u00ed misma. Una no pertenencia a la que te aferras y te apropias\u201d.<\/p>\n\n\n\n<p>\u201cAl enviar mi poema, unas semanas antes del cierre, el nerviosismo me hizo pretender que no estaba participando en ning\u00fan concurso para permanecer tranquila. Aun as\u00ed, mantuve los ojos fijos en el futuro anuncio de finalistas. Refrescando la cuenta de la editorial un par de veces hasta que, sin buscarlo, apareci\u00f3 oficialmente\u201d.<\/p>\n\n\n\n<p>\u201cDe setenta participantes, seg\u00fan lo contado por uno de los editores de Canutero el d\u00eda del evento, quedaron cinco finalistas y el poema ganador se anunciar\u00eda la semana entrante para el homenaje del autor catal\u00e1n\u201d.<\/p>\n\n\n\n<p>\u201cLa lectura de poemas de los finalistas me ten\u00eda con el coraz\u00f3n en la garganta. Nunca hab\u00eda le\u00eddo alguno de mis poemas frente a otras personas que no sean mis compa\u00f1eras de clase en los talleres de escritura. Ya no solo eran diez pares de ojos sobre m\u00ed y tampoco habr\u00eda retroalimentaci\u00f3n al terminar la lectura. Eran dos c\u00e1maras captando mi respirar nervioso y un teatro lleno escuchando lo que los finalistas ten\u00edamos que decir. Si encontraba una coma mal colocada o una rima soltada sin querer que me causara ruido, ya no pod\u00eda hacer demasiado. Pero la experiencia de escuchar a mis compa\u00f1eras finalistas y ser escuchada todav\u00eda me emociona, fue la primera vez que asist\u00eda a un evento como finalista. Las ansias de ver nuestros nombres en la antolog\u00eda de poemas la compart\u00edamos las cinco\u201d.<\/p>\n\n\n\n<p>Fotos: cortes\u00eda Cesia Mor\u00e1n, estudiante de la Escuela de Literatura.<\/p>","protected":false},"excerpt":{"rendered":"<p>La convocatoria la hizo la Universidad Casa Grande (UCG) por el mes dedicado al libro. Fue su sexto concurso de poes\u00eda dirigido a j\u00f3venes creadores y lo desarroll\u00f3 con Casal Catal\u00e1 de Guayaquil. La UArtes tuvo presencia, pues de Literatura participaron estudiantes y alumni; entre ellos, Camila Valdivieso, Cesia Mor\u00e1n, Antonio Acosta Muss\u00f3 y Andrea Carabajos. El premio para el primer lugar es constar en una antolog\u00eda.<\/p>","protected":false},"author":10,"featured_media":72535,"comment_status":"open","ping_status":"open","sticky":false,"template":"","format":"standard","meta":{"_acf_changed":false,"_uag_custom_page_level_css":"","_monsterinsights_skip_tracking":false,"_monsterinsights_sitenote_active":false,"_monsterinsights_sitenote_note":"","_monsterinsights_sitenote_category":0,"cybocfi_hide_featured_image":"","footnotes":""},"categories":[80,490,82,76,175],"tags":[1055],"infouartes":[],"class_list":["post-72532","post","type-post","status-publish","format-standard","has-post-thumbnail","hentry","category-academico","category-alumni","category-artes","category-estudiantes","category-literatura","tag-participacion"],"acf":[],"yoast_head":"<!-- This site is optimized with the Yoast SEO plugin v27.4 - https:\/\/yoast.com\/product\/yoast-seo-wordpress\/ -->\n<title>Universidad de las Artes - Su primer lugar en concurso de poes\u00eda de la UCG la pone en una antolog\u00eda; estudiante UArtes Cesia Mor\u00e1n comparte experiencia<\/title>\n<meta name=\"description\" content=\"Universidad de las Artes - Su primer lugar en concurso de poes\u00eda de la UCG la pone en una antolog\u00eda; estudiante UArtes Cesia Mor\u00e1n comparte experiencia\" \/>\n<meta name=\"robots\" content=\"index, follow, max-snippet:-1, max-image-preview:large, max-video-preview:-1\" \/>\n<link rel=\"canonical\" href=\"https:\/\/www.uartes.edu.ec\/sitio\/fr\/blog\/2025\/05\/27\/su-primer-lugar-en-concurso-de-poesia-de-la-ucg-la-pone-en-una-antologia-estudiante-cesia-moran-comparte-experiencia\/\" \/>\n<meta property=\"og:locale\" content=\"fr_FR\" \/>\n<meta property=\"og:type\" content=\"article\" \/>\n<meta property=\"og:title\" content=\"Universidad de las Artes - Su primer lugar en concurso de poes\u00eda de la UCG la pone en una antolog\u00eda; estudiante UArtes Cesia Mor\u00e1n comparte experiencia\" \/>\n<meta property=\"og:description\" content=\"Universidad de las Artes - Su primer lugar en concurso de poes\u00eda de la UCG la pone en una antolog\u00eda; estudiante UArtes Cesia Mor\u00e1n comparte experiencia\" \/>\n<meta property=\"og:url\" content=\"https:\/\/www.uartes.edu.ec\/sitio\/fr\/blog\/2025\/05\/27\/su-primer-lugar-en-concurso-de-poesia-de-la-ucg-la-pone-en-una-antologia-estudiante-cesia-moran-comparte-experiencia\/\" \/>\n<meta property=\"og:site_name\" content=\"Universidad de las Artes\" \/>\n<meta property=\"article:publisher\" content=\"https:\/\/www.facebook.com\/uartesec\" \/>\n<meta property=\"article:published_time\" content=\"2025-05-27T19:29:00+00:00\" \/>\n<meta property=\"article:modified_time\" content=\"2025-06-01T21:47:08+00:00\" \/>\n<meta property=\"og:image\" content=\"https:\/\/www.uartes.edu.ec\/sitio\/wp-content\/uploads\/2025\/05\/Adobe-Express-file-1.jpg\" \/>\n\t<meta property=\"og:image:width\" content=\"2000\" \/>\n\t<meta property=\"og:image:height\" content=\"1333\" \/>\n\t<meta property=\"og:image:type\" content=\"image\/jpeg\" \/>\n<meta name=\"author\" content=\"ccortez\" \/>\n<meta name=\"twitter:card\" content=\"summary_large_image\" \/>\n<meta name=\"twitter:creator\" content=\"@uartesec\" \/>\n<meta name=\"twitter:site\" content=\"@uartesec\" \/>\n<meta name=\"twitter:label1\" content=\"\u00c9crit par\" \/>\n\t<meta name=\"twitter:data1\" content=\"ccortez\" \/>\n\t<meta name=\"twitter:label2\" content=\"Dur\u00e9e de lecture estim\u00e9e\" \/>\n\t<meta name=\"twitter:data2\" content=\"3 minutes\" \/>\n<script type=\"application\/ld+json\" class=\"yoast-schema-graph\">{\"@context\":\"https:\\\/\\\/schema.org\",\"@graph\":[{\"@type\":\"Article\",\"@id\":\"https:\\\/\\\/www.uartes.edu.ec\\\/sitio\\\/fr\\\/blog\\\/2025\\\/05\\\/27\\\/su-primer-lugar-en-concurso-de-poesia-de-la-ucg-la-pone-en-una-antologia-estudiante-cesia-moran-comparte-experiencia\\\/#article\",\"isPartOf\":{\"@id\":\"https:\\\/\\\/www.uartes.edu.ec\\\/sitio\\\/fr\\\/blog\\\/2025\\\/05\\\/27\\\/su-primer-lugar-en-concurso-de-poesia-de-la-ucg-la-pone-en-una-antologia-estudiante-cesia-moran-comparte-experiencia\\\/\"},\"author\":{\"name\":\"ccortez\",\"@id\":\"https:\\\/\\\/www.uartes.edu.ec\\\/sitio\\\/fr\\\/#\\\/schema\\\/person\\\/efa1b8275797664fd7f13a79ccc0b1f4\"},\"headline\":\"Su primer lugar en concurso de poes\u00eda de la UCG la pone en una antolog\u00eda; estudiante UArtes Cesia Mor\u00e1n comparte experiencia\",\"datePublished\":\"2025-05-27T19:29:00+00:00\",\"dateModified\":\"2025-06-01T21:47:08+00:00\",\"mainEntityOfPage\":{\"@id\":\"https:\\\/\\\/www.uartes.edu.ec\\\/sitio\\\/fr\\\/blog\\\/2025\\\/05\\\/27\\\/su-primer-lugar-en-concurso-de-poesia-de-la-ucg-la-pone-en-una-antologia-estudiante-cesia-moran-comparte-experiencia\\\/\"},\"wordCount\":705,\"commentCount\":0,\"publisher\":{\"@id\":\"https:\\\/\\\/www.uartes.edu.ec\\\/sitio\\\/fr\\\/#organization\"},\"image\":{\"@id\":\"https:\\\/\\\/www.uartes.edu.ec\\\/sitio\\\/fr\\\/blog\\\/2025\\\/05\\\/27\\\/su-primer-lugar-en-concurso-de-poesia-de-la-ucg-la-pone-en-una-antologia-estudiante-cesia-moran-comparte-experiencia\\\/#primaryimage\"},\"thumbnailUrl\":\"https:\\\/\\\/www.uartes.edu.ec\\\/sitio\\\/wp-content\\\/uploads\\\/2025\\\/05\\\/Adobe-Express-file-1.jpg\",\"keywords\":[\"participaci\u00f3n\"],\"articleSection\":[\"Acad\u00e9mico\",\"Alumni\",\"Artes\",\"Estudiantes\",\"Literatura\"],\"inLanguage\":\"fr-FR\",\"potentialAction\":[{\"@type\":\"CommentAction\",\"name\":\"Comment\",\"target\":[\"https:\\\/\\\/www.uartes.edu.ec\\\/sitio\\\/fr\\\/blog\\\/2025\\\/05\\\/27\\\/su-primer-lugar-en-concurso-de-poesia-de-la-ucg-la-pone-en-una-antologia-estudiante-cesia-moran-comparte-experiencia\\\/#respond\"]}]},{\"@type\":[\"WebPage\",\"ItemPage\"],\"@id\":\"https:\\\/\\\/www.uartes.edu.ec\\\/sitio\\\/fr\\\/blog\\\/2025\\\/05\\\/27\\\/su-primer-lugar-en-concurso-de-poesia-de-la-ucg-la-pone-en-una-antologia-estudiante-cesia-moran-comparte-experiencia\\\/\",\"url\":\"https:\\\/\\\/www.uartes.edu.ec\\\/sitio\\\/fr\\\/blog\\\/2025\\\/05\\\/27\\\/su-primer-lugar-en-concurso-de-poesia-de-la-ucg-la-pone-en-una-antologia-estudiante-cesia-moran-comparte-experiencia\\\/\",\"name\":\"Universidad de las Artes - Su primer lugar en concurso de poes\u00eda de la UCG la pone en una antolog\u00eda; estudiante UArtes Cesia Mor\u00e1n comparte experiencia\",\"isPartOf\":{\"@id\":\"https:\\\/\\\/www.uartes.edu.ec\\\/sitio\\\/fr\\\/#website\"},\"primaryImageOfPage\":{\"@id\":\"https:\\\/\\\/www.uartes.edu.ec\\\/sitio\\\/fr\\\/blog\\\/2025\\\/05\\\/27\\\/su-primer-lugar-en-concurso-de-poesia-de-la-ucg-la-pone-en-una-antologia-estudiante-cesia-moran-comparte-experiencia\\\/#primaryimage\"},\"image\":{\"@id\":\"https:\\\/\\\/www.uartes.edu.ec\\\/sitio\\\/fr\\\/blog\\\/2025\\\/05\\\/27\\\/su-primer-lugar-en-concurso-de-poesia-de-la-ucg-la-pone-en-una-antologia-estudiante-cesia-moran-comparte-experiencia\\\/#primaryimage\"},\"thumbnailUrl\":\"https:\\\/\\\/www.uartes.edu.ec\\\/sitio\\\/wp-content\\\/uploads\\\/2025\\\/05\\\/Adobe-Express-file-1.jpg\",\"datePublished\":\"2025-05-27T19:29:00+00:00\",\"dateModified\":\"2025-06-01T21:47:08+00:00\",\"description\":\"Universidad de las Artes - Su primer lugar en concurso de poes\u00eda de la UCG la pone en una antolog\u00eda; estudiante UArtes Cesia Mor\u00e1n comparte experiencia\",\"breadcrumb\":{\"@id\":\"https:\\\/\\\/www.uartes.edu.ec\\\/sitio\\\/fr\\\/blog\\\/2025\\\/05\\\/27\\\/su-primer-lugar-en-concurso-de-poesia-de-la-ucg-la-pone-en-una-antologia-estudiante-cesia-moran-comparte-experiencia\\\/#breadcrumb\"},\"inLanguage\":\"fr-FR\",\"potentialAction\":[{\"@type\":\"ReadAction\",\"target\":[\"https:\\\/\\\/www.uartes.edu.ec\\\/sitio\\\/fr\\\/blog\\\/2025\\\/05\\\/27\\\/su-primer-lugar-en-concurso-de-poesia-de-la-ucg-la-pone-en-una-antologia-estudiante-cesia-moran-comparte-experiencia\\\/\"]}]},{\"@type\":\"ImageObject\",\"inLanguage\":\"fr-FR\",\"@id\":\"https:\\\/\\\/www.uartes.edu.ec\\\/sitio\\\/fr\\\/blog\\\/2025\\\/05\\\/27\\\/su-primer-lugar-en-concurso-de-poesia-de-la-ucg-la-pone-en-una-antologia-estudiante-cesia-moran-comparte-experiencia\\\/#primaryimage\",\"url\":\"https:\\\/\\\/www.uartes.edu.ec\\\/sitio\\\/wp-content\\\/uploads\\\/2025\\\/05\\\/Adobe-Express-file-1.jpg\",\"contentUrl\":\"https:\\\/\\\/www.uartes.edu.ec\\\/sitio\\\/wp-content\\\/uploads\\\/2025\\\/05\\\/Adobe-Express-file-1.jpg\",\"width\":2000,\"height\":1333},{\"@type\":\"BreadcrumbList\",\"@id\":\"https:\\\/\\\/www.uartes.edu.ec\\\/sitio\\\/fr\\\/blog\\\/2025\\\/05\\\/27\\\/su-primer-lugar-en-concurso-de-poesia-de-la-ucg-la-pone-en-una-antologia-estudiante-cesia-moran-comparte-experiencia\\\/#breadcrumb\",\"itemListElement\":[{\"@type\":\"ListItem\",\"position\":1,\"name\":\"Inicio\",\"item\":\"https:\\\/\\\/www.uartes.edu.ec\\\/sitio\\\/\"},{\"@type\":\"ListItem\",\"position\":2,\"name\":\"Su primer lugar en concurso de poes\u00eda de la UCG la pone en una antolog\u00eda; estudiante UArtes Cesia Mor\u00e1n comparte experiencia\"}]},{\"@type\":\"WebSite\",\"@id\":\"https:\\\/\\\/www.uartes.edu.ec\\\/sitio\\\/fr\\\/#website\",\"url\":\"https:\\\/\\\/www.uartes.edu.ec\\\/sitio\\\/fr\\\/\",\"name\":\"Universidad de las Artes\",\"description\":\"Sitio oficial de la Universidad Nacional de las Artes del Ecuador\",\"publisher\":{\"@id\":\"https:\\\/\\\/www.uartes.edu.ec\\\/sitio\\\/fr\\\/#organization\"},\"potentialAction\":[{\"@type\":\"SearchAction\",\"target\":{\"@type\":\"EntryPoint\",\"urlTemplate\":\"https:\\\/\\\/www.uartes.edu.ec\\\/sitio\\\/fr\\\/?s={search_term_string}\"},\"query-input\":{\"@type\":\"PropertyValueSpecification\",\"valueRequired\":true,\"valueName\":\"search_term_string\"}}],\"inLanguage\":\"fr-FR\"},{\"@type\":\"Organization\",\"@id\":\"https:\\\/\\\/www.uartes.edu.ec\\\/sitio\\\/fr\\\/#organization\",\"name\":\"Universidad de las Artes\",\"url\":\"https:\\\/\\\/www.uartes.edu.ec\\\/sitio\\\/fr\\\/\",\"logo\":{\"@type\":\"ImageObject\",\"inLanguage\":\"fr-FR\",\"@id\":\"https:\\\/\\\/www.uartes.edu.ec\\\/sitio\\\/fr\\\/#\\\/schema\\\/logo\\\/image\\\/\",\"url\":\"https:\\\/\\\/www.uartes.edu.ec\\\/sitio\\\/wp-content\\\/uploads\\\/2022\\\/07\\\/logo-ua-horizontal.png\",\"contentUrl\":\"https:\\\/\\\/www.uartes.edu.ec\\\/sitio\\\/wp-content\\\/uploads\\\/2022\\\/07\\\/logo-ua-horizontal.png\",\"width\":800,\"height\":276,\"caption\":\"Universidad de las Artes\"},\"image\":{\"@id\":\"https:\\\/\\\/www.uartes.edu.ec\\\/sitio\\\/fr\\\/#\\\/schema\\\/logo\\\/image\\\/\"},\"sameAs\":[\"https:\\\/\\\/www.facebook.com\\\/uartesec\",\"https:\\\/\\\/x.com\\\/uartesec\",\"https:\\\/\\\/www.tiktok.com\\\/@uartesec\"]},{\"@type\":\"Person\",\"@id\":\"https:\\\/\\\/www.uartes.edu.ec\\\/sitio\\\/fr\\\/#\\\/schema\\\/person\\\/efa1b8275797664fd7f13a79ccc0b1f4\",\"name\":\"ccortez\",\"image\":{\"@type\":\"ImageObject\",\"inLanguage\":\"fr-FR\",\"@id\":\"https:\\\/\\\/secure.gravatar.com\\\/avatar\\\/b2a6f664a3ae8e074346ef91775736c5ec479e637ecced6842de9dc98b5da9cd?s=96&d=mm&r=g\",\"url\":\"https:\\\/\\\/secure.gravatar.com\\\/avatar\\\/b2a6f664a3ae8e074346ef91775736c5ec479e637ecced6842de9dc98b5da9cd?s=96&d=mm&r=g\",\"contentUrl\":\"https:\\\/\\\/secure.gravatar.com\\\/avatar\\\/b2a6f664a3ae8e074346ef91775736c5ec479e637ecced6842de9dc98b5da9cd?s=96&d=mm&r=g\",\"caption\":\"ccortez\"},\"url\":\"https:\\\/\\\/www.uartes.edu.ec\\\/sitio\\\/fr\\\/blog\\\/author\\\/ccortez\\\/\"}]}<\/script>\n<!-- \/ Yoast SEO plugin. -->","yoast_head_json":{"title":"Universidad de las Artes - Su primer lugar en concurso de poes\u00eda de la UCG la pone en una antolog\u00eda; estudiante UArtes Cesia Mor\u00e1n comparte experiencia","description":"Universidad de las Artes - Su primer lugar en concurso de poes\u00eda de la UCG la pone en una antolog\u00eda; estudiante UArtes Cesia Mor\u00e1n comparte experiencia","robots":{"index":"index","follow":"follow","max-snippet":"max-snippet:-1","max-image-preview":"max-image-preview:large","max-video-preview":"max-video-preview:-1"},"canonical":"https:\/\/www.uartes.edu.ec\/sitio\/fr\/blog\/2025\/05\/27\/su-primer-lugar-en-concurso-de-poesia-de-la-ucg-la-pone-en-una-antologia-estudiante-cesia-moran-comparte-experiencia\/","og_locale":"fr_FR","og_type":"article","og_title":"Universidad de las Artes - Su primer lugar en concurso de poes\u00eda de la UCG la pone en una antolog\u00eda; estudiante UArtes Cesia Mor\u00e1n comparte experiencia","og_description":"Universidad de las Artes - Su primer lugar en concurso de poes\u00eda de la UCG la pone en una antolog\u00eda; estudiante UArtes Cesia Mor\u00e1n comparte experiencia","og_url":"https:\/\/www.uartes.edu.ec\/sitio\/fr\/blog\/2025\/05\/27\/su-primer-lugar-en-concurso-de-poesia-de-la-ucg-la-pone-en-una-antologia-estudiante-cesia-moran-comparte-experiencia\/","og_site_name":"Universidad de las Artes","article_publisher":"https:\/\/www.facebook.com\/uartesec","article_published_time":"2025-05-27T19:29:00+00:00","article_modified_time":"2025-06-01T21:47:08+00:00","og_image":[{"width":2000,"height":1333,"url":"https:\/\/www.uartes.edu.ec\/sitio\/wp-content\/uploads\/2025\/05\/Adobe-Express-file-1.jpg","type":"image\/jpeg"}],"author":"ccortez","twitter_card":"summary_large_image","twitter_creator":"@uartesec","twitter_site":"@uartesec","twitter_misc":{"\u00c9crit par":"ccortez","Dur\u00e9e de lecture estim\u00e9e":"3 minutes"},"schema":{"@context":"https:\/\/schema.org","@graph":[{"@type":"Article","@id":"https:\/\/www.uartes.edu.ec\/sitio\/fr\/blog\/2025\/05\/27\/su-primer-lugar-en-concurso-de-poesia-de-la-ucg-la-pone-en-una-antologia-estudiante-cesia-moran-comparte-experiencia\/#article","isPartOf":{"@id":"https:\/\/www.uartes.edu.ec\/sitio\/fr\/blog\/2025\/05\/27\/su-primer-lugar-en-concurso-de-poesia-de-la-ucg-la-pone-en-una-antologia-estudiante-cesia-moran-comparte-experiencia\/"},"author":{"name":"ccortez","@id":"https:\/\/www.uartes.edu.ec\/sitio\/fr\/#\/schema\/person\/efa1b8275797664fd7f13a79ccc0b1f4"},"headline":"Su primer lugar en concurso de poes\u00eda de la UCG la pone en una antolog\u00eda; estudiante UArtes Cesia Mor\u00e1n comparte experiencia","datePublished":"2025-05-27T19:29:00+00:00","dateModified":"2025-06-01T21:47:08+00:00","mainEntityOfPage":{"@id":"https:\/\/www.uartes.edu.ec\/sitio\/fr\/blog\/2025\/05\/27\/su-primer-lugar-en-concurso-de-poesia-de-la-ucg-la-pone-en-una-antologia-estudiante-cesia-moran-comparte-experiencia\/"},"wordCount":705,"commentCount":0,"publisher":{"@id":"https:\/\/www.uartes.edu.ec\/sitio\/fr\/#organization"},"image":{"@id":"https:\/\/www.uartes.edu.ec\/sitio\/fr\/blog\/2025\/05\/27\/su-primer-lugar-en-concurso-de-poesia-de-la-ucg-la-pone-en-una-antologia-estudiante-cesia-moran-comparte-experiencia\/#primaryimage"},"thumbnailUrl":"https:\/\/www.uartes.edu.ec\/sitio\/wp-content\/uploads\/2025\/05\/Adobe-Express-file-1.jpg","keywords":["participaci\u00f3n"],"articleSection":["Acad\u00e9mico","Alumni","Artes","Estudiantes","Literatura"],"inLanguage":"fr-FR","potentialAction":[{"@type":"CommentAction","name":"Comment","target":["https:\/\/www.uartes.edu.ec\/sitio\/fr\/blog\/2025\/05\/27\/su-primer-lugar-en-concurso-de-poesia-de-la-ucg-la-pone-en-una-antologia-estudiante-cesia-moran-comparte-experiencia\/#respond"]}]},{"@type":["WebPage","ItemPage"],"@id":"https:\/\/www.uartes.edu.ec\/sitio\/fr\/blog\/2025\/05\/27\/su-primer-lugar-en-concurso-de-poesia-de-la-ucg-la-pone-en-una-antologia-estudiante-cesia-moran-comparte-experiencia\/","url":"https:\/\/www.uartes.edu.ec\/sitio\/fr\/blog\/2025\/05\/27\/su-primer-lugar-en-concurso-de-poesia-de-la-ucg-la-pone-en-una-antologia-estudiante-cesia-moran-comparte-experiencia\/","name":"Universidad de las Artes - Su primer lugar en concurso de poes\u00eda de la UCG la pone en una antolog\u00eda; estudiante UArtes Cesia Mor\u00e1n comparte experiencia","isPartOf":{"@id":"https:\/\/www.uartes.edu.ec\/sitio\/fr\/#website"},"primaryImageOfPage":{"@id":"https:\/\/www.uartes.edu.ec\/sitio\/fr\/blog\/2025\/05\/27\/su-primer-lugar-en-concurso-de-poesia-de-la-ucg-la-pone-en-una-antologia-estudiante-cesia-moran-comparte-experiencia\/#primaryimage"},"image":{"@id":"https:\/\/www.uartes.edu.ec\/sitio\/fr\/blog\/2025\/05\/27\/su-primer-lugar-en-concurso-de-poesia-de-la-ucg-la-pone-en-una-antologia-estudiante-cesia-moran-comparte-experiencia\/#primaryimage"},"thumbnailUrl":"https:\/\/www.uartes.edu.ec\/sitio\/wp-content\/uploads\/2025\/05\/Adobe-Express-file-1.jpg","datePublished":"2025-05-27T19:29:00+00:00","dateModified":"2025-06-01T21:47:08+00:00","description":"Universidad de las Artes - Su primer lugar en concurso de poes\u00eda de la UCG la pone en una antolog\u00eda; estudiante UArtes Cesia Mor\u00e1n comparte experiencia","breadcrumb":{"@id":"https:\/\/www.uartes.edu.ec\/sitio\/fr\/blog\/2025\/05\/27\/su-primer-lugar-en-concurso-de-poesia-de-la-ucg-la-pone-en-una-antologia-estudiante-cesia-moran-comparte-experiencia\/#breadcrumb"},"inLanguage":"fr-FR","potentialAction":[{"@type":"ReadAction","target":["https:\/\/www.uartes.edu.ec\/sitio\/fr\/blog\/2025\/05\/27\/su-primer-lugar-en-concurso-de-poesia-de-la-ucg-la-pone-en-una-antologia-estudiante-cesia-moran-comparte-experiencia\/"]}]},{"@type":"ImageObject","inLanguage":"fr-FR","@id":"https:\/\/www.uartes.edu.ec\/sitio\/fr\/blog\/2025\/05\/27\/su-primer-lugar-en-concurso-de-poesia-de-la-ucg-la-pone-en-una-antologia-estudiante-cesia-moran-comparte-experiencia\/#primaryimage","url":"https:\/\/www.uartes.edu.ec\/sitio\/wp-content\/uploads\/2025\/05\/Adobe-Express-file-1.jpg","contentUrl":"https:\/\/www.uartes.edu.ec\/sitio\/wp-content\/uploads\/2025\/05\/Adobe-Express-file-1.jpg","width":2000,"height":1333},{"@type":"BreadcrumbList","@id":"https:\/\/www.uartes.edu.ec\/sitio\/fr\/blog\/2025\/05\/27\/su-primer-lugar-en-concurso-de-poesia-de-la-ucg-la-pone-en-una-antologia-estudiante-cesia-moran-comparte-experiencia\/#breadcrumb","itemListElement":[{"@type":"ListItem","position":1,"name":"Inicio","item":"https:\/\/www.uartes.edu.ec\/sitio\/"},{"@type":"ListItem","position":2,"name":"Su primer lugar en concurso de poes\u00eda de la UCG la pone en una antolog\u00eda; estudiante UArtes Cesia Mor\u00e1n comparte experiencia"}]},{"@type":"WebSite","@id":"https:\/\/www.uartes.edu.ec\/sitio\/fr\/#website","url":"https:\/\/www.uartes.edu.ec\/sitio\/fr\/","name":"Universidad de las Artes","description":"Sitio oficial de la Universidad Nacional de las Artes del Ecuador","publisher":{"@id":"https:\/\/www.uartes.edu.ec\/sitio\/fr\/#organization"},"potentialAction":[{"@type":"SearchAction","target":{"@type":"EntryPoint","urlTemplate":"https:\/\/www.uartes.edu.ec\/sitio\/fr\/?s={search_term_string}"},"query-input":{"@type":"PropertyValueSpecification","valueRequired":true,"valueName":"search_term_string"}}],"inLanguage":"fr-FR"},{"@type":"Organization","@id":"https:\/\/www.uartes.edu.ec\/sitio\/fr\/#organization","name":"Universidad de las Artes","url":"https:\/\/www.uartes.edu.ec\/sitio\/fr\/","logo":{"@type":"ImageObject","inLanguage":"fr-FR","@id":"https:\/\/www.uartes.edu.ec\/sitio\/fr\/#\/schema\/logo\/image\/","url":"https:\/\/www.uartes.edu.ec\/sitio\/wp-content\/uploads\/2022\/07\/logo-ua-horizontal.png","contentUrl":"https:\/\/www.uartes.edu.ec\/sitio\/wp-content\/uploads\/2022\/07\/logo-ua-horizontal.png","width":800,"height":276,"caption":"Universidad de las Artes"},"image":{"@id":"https:\/\/www.uartes.edu.ec\/sitio\/fr\/#\/schema\/logo\/image\/"},"sameAs":["https:\/\/www.facebook.com\/uartesec","https:\/\/x.com\/uartesec","https:\/\/www.tiktok.com\/@uartesec"]},{"@type":"Person","@id":"https:\/\/www.uartes.edu.ec\/sitio\/fr\/#\/schema\/person\/efa1b8275797664fd7f13a79ccc0b1f4","name":"ccortez","image":{"@type":"ImageObject","inLanguage":"fr-FR","@id":"https:\/\/secure.gravatar.com\/avatar\/b2a6f664a3ae8e074346ef91775736c5ec479e637ecced6842de9dc98b5da9cd?s=96&d=mm&r=g","url":"https:\/\/secure.gravatar.com\/avatar\/b2a6f664a3ae8e074346ef91775736c5ec479e637ecced6842de9dc98b5da9cd?s=96&d=mm&r=g","contentUrl":"https:\/\/secure.gravatar.com\/avatar\/b2a6f664a3ae8e074346ef91775736c5ec479e637ecced6842de9dc98b5da9cd?s=96&d=mm&r=g","caption":"ccortez"},"url":"https:\/\/www.uartes.edu.ec\/sitio\/fr\/blog\/author\/ccortez\/"}]}},"uagb_featured_image_src":{"full":["https:\/\/www.uartes.edu.ec\/sitio\/wp-content\/uploads\/2025\/05\/Adobe-Express-file-1.jpg",2000,1333,false],"thumbnail":["https:\/\/www.uartes.edu.ec\/sitio\/wp-content\/uploads\/2025\/05\/Adobe-Express-file-1-150x150.jpg",150,150,true],"medium":["https:\/\/www.uartes.edu.ec\/sitio\/wp-content\/uploads\/2025\/05\/Adobe-Express-file-1-300x200.jpg",300,200,true],"medium_large":["https:\/\/www.uartes.edu.ec\/sitio\/wp-content\/uploads\/2025\/05\/Adobe-Express-file-1-768x512.jpg",768,512,true],"large":["https:\/\/www.uartes.edu.ec\/sitio\/wp-content\/uploads\/2025\/05\/Adobe-Express-file-1-644x429.jpg",644,429,true],"1536x1536":["https:\/\/www.uartes.edu.ec\/sitio\/wp-content\/uploads\/2025\/05\/Adobe-Express-file-1-1536x1024.jpg",1536,1024,true],"2048x2048":["https:\/\/www.uartes.edu.ec\/sitio\/wp-content\/uploads\/2025\/05\/Adobe-Express-file-1.jpg",2000,1333,false],"trp-custom-language-flag":["https:\/\/www.uartes.edu.ec\/sitio\/wp-content\/uploads\/2025\/05\/Adobe-Express-file-1-18x12.jpg",18,12,true],"htmega_size_585x295":["https:\/\/www.uartes.edu.ec\/sitio\/wp-content\/uploads\/2025\/05\/Adobe-Express-file-1-585x295.jpg",585,295,true],"htmega_size_1170x536":["https:\/\/www.uartes.edu.ec\/sitio\/wp-content\/uploads\/2025\/05\/Adobe-Express-file-1-1170x536.jpg",1170,536,true],"htmega_size_396x360":["https:\/\/www.uartes.edu.ec\/sitio\/wp-content\/uploads\/2025\/05\/Adobe-Express-file-1-396x360.jpg",396,360,true],"gb-block-post-grid-landscape":["https:\/\/www.uartes.edu.ec\/sitio\/wp-content\/uploads\/2025\/05\/Adobe-Express-file-1-600x400.jpg",600,400,true],"gb-block-post-grid-square":["https:\/\/www.uartes.edu.ec\/sitio\/wp-content\/uploads\/2025\/05\/Adobe-Express-file-1-600x600.jpg",600,600,true],"university-hub-thumb":["https:\/\/www.uartes.edu.ec\/sitio\/wp-content\/uploads\/2025\/05\/Adobe-Express-file-1-400x267.jpg",400,267,true],"mailpoet_newsletter_max":["https:\/\/www.uartes.edu.ec\/sitio\/wp-content\/uploads\/2025\/05\/Adobe-Express-file-1.jpg",1320,880,false]},"uagb_author_info":{"display_name":"ccortez","author_link":"https:\/\/www.uartes.edu.ec\/sitio\/fr\/blog\/author\/ccortez\/"},"uagb_comment_info":0,"uagb_excerpt":"La convocatoria la hizo la Universidad Casa Grande (UCG) por el mes dedicado al libro. Fue su sexto concurso de poes\u00eda dirigido a j\u00f3venes creadores y lo desarroll\u00f3 con Casal Catal\u00e1 de Guayaquil. La UArtes tuvo presencia, pues de Literatura participaron estudiantes y alumni; entre ellos, Camila Valdivieso, Cesia Mor\u00e1n, Antonio Acosta Muss\u00f3 y Andrea\u2026","featured_image_src":"https:\/\/www.uartes.edu.ec\/sitio\/wp-content\/uploads\/2025\/05\/Adobe-Express-file-1-600x400.jpg","featured_image_src_square":"https:\/\/www.uartes.edu.ec\/sitio\/wp-content\/uploads\/2025\/05\/Adobe-Express-file-1-600x600.jpg","author_info":{"display_name":"ccortez","author_link":"https:\/\/www.uartes.edu.ec\/sitio\/fr\/blog\/author\/ccortez\/"},"publishpress_future_workflow_manual_trigger":{"enabledWorkflows":[]},"distributor_meta":false,"distributor_terms":false,"distributor_media":false,"distributor_original_site_name":"Universidad de las Artes","distributor_original_site_url":"https:\/\/www.uartes.edu.ec\/sitio\/fr","push-errors":false,"_links":{"self":[{"href":"https:\/\/www.uartes.edu.ec\/sitio\/fr\/wp-json\/wp\/v2\/posts\/72532","targetHints":{"allow":["GET"]}}],"collection":[{"href":"https:\/\/www.uartes.edu.ec\/sitio\/fr\/wp-json\/wp\/v2\/posts"}],"about":[{"href":"https:\/\/www.uartes.edu.ec\/sitio\/fr\/wp-json\/wp\/v2\/types\/post"}],"author":[{"embeddable":true,"href":"https:\/\/www.uartes.edu.ec\/sitio\/fr\/wp-json\/wp\/v2\/users\/10"}],"replies":[{"embeddable":true,"href":"https:\/\/www.uartes.edu.ec\/sitio\/fr\/wp-json\/wp\/v2\/comments?post=72532"}],"version-history":[{"count":5,"href":"https:\/\/www.uartes.edu.ec\/sitio\/fr\/wp-json\/wp\/v2\/posts\/72532\/revisions"}],"predecessor-version":[{"id":72652,"href":"https:\/\/www.uartes.edu.ec\/sitio\/fr\/wp-json\/wp\/v2\/posts\/72532\/revisions\/72652"}],"wp:featuredmedia":[{"embeddable":true,"href":"https:\/\/www.uartes.edu.ec\/sitio\/fr\/wp-json\/wp\/v2\/media\/72535"}],"wp:attachment":[{"href":"https:\/\/www.uartes.edu.ec\/sitio\/fr\/wp-json\/wp\/v2\/media?parent=72532"}],"wp:term":[{"taxonomy":"category","embeddable":true,"href":"https:\/\/www.uartes.edu.ec\/sitio\/fr\/wp-json\/wp\/v2\/categories?post=72532"},{"taxonomy":"post_tag","embeddable":true,"href":"https:\/\/www.uartes.edu.ec\/sitio\/fr\/wp-json\/wp\/v2\/tags?post=72532"},{"taxonomy":"infouartes","embeddable":true,"href":"https:\/\/www.uartes.edu.ec\/sitio\/fr\/wp-json\/wp\/v2\/infouartes?post=72532"}],"curies":[{"name":"wp","href":"https:\/\/api.w.org\/{rel}","templated":true}]}}