{"id":7257,"date":"2020-06-15T11:58:28","date_gmt":"2020-06-15T16:58:28","guid":{"rendered":"http:\/\/www.uartes.edu.ec\/sitio\/?p=7257"},"modified":"2024-07-04T11:43:01","modified_gmt":"2024-07-04T16:43:01","slug":"seccion-estudiantil-de-la-aes-organiza-4-webinars-mensuales-con-docentes-uartes","status":"publish","type":"post","link":"https:\/\/www.uartes.edu.ec\/sitio\/fr\/blog\/2020\/06\/15\/seccion-estudiantil-de-la-aes-organiza-4-webinars-mensuales-con-docentes-uartes\/","title":{"rendered":"Secci\u00f3n Estudiantil de la AES organiza 4 webinars mensuales con docentes UArtes"},"content":{"rendered":"<p>Realizar cuatro charlas mensuales con docentes de la Escuela de Artes Sonoras de la Universidad de las Artes y con profesionales del \u00e1mbito musical nacional e internacional es lo que AES UArtes Secci\u00f3n Estudiantil se ha propuesto. La finalidad, explica Jonathan Chafla, quien preside la directiva, \u201ces utilizar al m\u00e1ximo el conocimiento de nuestros profesores, de la industria de la producci\u00f3n y de la m\u00fasica\u201d. &nbsp;<\/p>\n\n\n\n<p>Debido a la emergencia sanitaria por el COVID-19 los encuentros son virtuales y, seg\u00fan explica Jonathan Chafla, la colaboraci\u00f3n de los docentes de la UArtes es doble, pues no solamente los apoyan al participar como exponentes, sino que conecta a la Secci\u00f3n Estudiantil de la Asociaci\u00f3n de Ingenieros de Audio (Audio Engineering Society) con profesionales amigos tanto del pa\u00eds, como del exterior. \u201cAES UArtes se autofinancia, por lo tanto no contamos con tantos recursos como para costear webinars con productores internacionales\u201d.<\/p>\n\n\n\n<p>No obstante, para estar al d\u00eda en todo a lo que producci\u00f3n musical se refiere, \u201ccomo asociados la AES UArtes actualiza constantemente sus redes ofreciendo todo tipo de informaci\u00f3n que abone en el conocimiento de socios y estudiantes en general de la Universidad de las Artes. La idea es tener una retroalimentaci\u00f3n permanente\u201d.<\/p>\n\n\n\n<p>Los webinars son abiertos y sus tem\u00e1ticas libres, sujetas a lo que el o los exponentes quieran abordar. \u201cTambi\u00e9n nos planteamos temas y cuando lo hacemos procuramos invitar a un docente especializado en dichas tem\u00e1ticas\u201d, indica Jonathan Chafla. El mi\u00e9rcoles 10 de junio AES UArtes invit\u00f3, por ejemplo, al docente Andr\u00e9s Bracero, quien es baterista y productor musical: \u201cnos interesaba justamente conocer su experiencia en el tema de grabaci\u00f3n de bater\u00edas\u201d.<\/p>\n\n\n\n<p>En su charla, Andr\u00e9s Bracero proporcion\u00f3 tips de grabaci\u00f3n, comparti\u00f3 su experiencia, mostr\u00f3 MultiTracks, Pro Tools, marcas de bater\u00edas. \u201cMe emocion\u00f3 la invitaci\u00f3n de AES UArtes y poder seguir compartiendo mis conocimientos, que es lo que me motiva a seguir en la docencia\u201d, dijo el invitado.<\/p>","protected":false},"excerpt":{"rendered":"<p>Realizar cuatro charlas mensuales con docentes de la Escuela de Artes Sonoras de la Universidad de las Artes y con profesionales del \u00e1mbito musical nacional e internacional es lo que AES UArtes Secci\u00f3n Estudiantil se ha propuesto. La finalidad, explica Jonathan Chafla, quien preside la directiva, \u201ces utilizar al m\u00e1ximo el conocimiento de nuestros profesores, de la industria de la producci\u00f3n y de la m\u00fasica\u201d.  <\/p>","protected":false},"author":1,"featured_media":7254,"comment_status":"closed","ping_status":"closed","sticky":false,"template":"","format":"standard","meta":{"_acf_changed":false,"_uag_custom_page_level_css":"","_monsterinsights_skip_tracking":false,"_monsterinsights_sitenote_active":false,"_monsterinsights_sitenote_note":"","_monsterinsights_sitenote_category":0,"cybocfi_hide_featured_image":"","footnotes":""},"categories":[80,150,75],"tags":[211],"infouartes":[],"class_list":["post-7257","post","type-post","status-publish","format-standard","has-post-thumbnail","hentry","category-academico","category-artes-sonoras","category-docentes","tag-covid19"],"acf":[],"yoast_head":"<!-- This site is optimized with the Yoast SEO plugin v27.4 - https:\/\/yoast.com\/product\/yoast-seo-wordpress\/ -->\n<title>Universidad de las Artes - Secci\u00f3n Estudiantil de la AES organiza 4 webinars mensuales con docentes UArtes<\/title>\n<meta name=\"description\" content=\"Universidad de las Artes - Secci\u00f3n Estudiantil de la AES organiza 4 webinars mensuales con docentes UArtes\" \/>\n<meta name=\"robots\" content=\"index, follow, max-snippet:-1, max-image-preview:large, max-video-preview:-1\" \/>\n<link rel=\"canonical\" href=\"https:\/\/www.uartes.edu.ec\/sitio\/fr\/blog\/2020\/06\/15\/seccion-estudiantil-de-la-aes-organiza-4-webinars-mensuales-con-docentes-uartes\/\" \/>\n<meta property=\"og:locale\" content=\"fr_FR\" \/>\n<meta property=\"og:type\" content=\"article\" \/>\n<meta property=\"og:title\" content=\"Universidad de las Artes - Secci\u00f3n Estudiantil de la AES organiza 4 webinars mensuales con docentes UArtes\" \/>\n<meta property=\"og:description\" content=\"Universidad de las Artes - Secci\u00f3n Estudiantil de la AES organiza 4 webinars mensuales con docentes UArtes\" \/>\n<meta property=\"og:url\" content=\"https:\/\/www.uartes.edu.ec\/sitio\/fr\/blog\/2020\/06\/15\/seccion-estudiantil-de-la-aes-organiza-4-webinars-mensuales-con-docentes-uartes\/\" \/>\n<meta property=\"og:site_name\" content=\"Universidad de las Artes\" \/>\n<meta property=\"article:publisher\" content=\"https:\/\/www.facebook.com\/uartesec\" \/>\n<meta property=\"article:published_time\" content=\"2020-06-15T16:58:28+00:00\" \/>\n<meta property=\"article:modified_time\" content=\"2024-07-04T16:43:01+00:00\" \/>\n<meta property=\"og:image\" content=\"https:\/\/www.uartes.edu.ec\/sitio\/wp-content\/uploads\/2020\/06\/WhatsApp-Image-2020-06-12-at-13.33.jpg\" \/>\n\t<meta property=\"og:image:width\" content=\"1280\" \/>\n\t<meta property=\"og:image:height\" content=\"854\" \/>\n\t<meta property=\"og:image:type\" content=\"image\/jpeg\" \/>\n<meta name=\"author\" content=\"Universidad de las Artes\" \/>\n<meta name=\"twitter:card\" content=\"summary_large_image\" \/>\n<meta name=\"twitter:creator\" content=\"@uartesec\" \/>\n<meta name=\"twitter:site\" content=\"@uartesec\" \/>\n<meta name=\"twitter:label1\" content=\"\u00c9crit par\" \/>\n\t<meta name=\"twitter:data1\" content=\"Universidad de las Artes\" \/>\n\t<meta name=\"twitter:label2\" content=\"Dur\u00e9e de lecture estim\u00e9e\" \/>\n\t<meta name=\"twitter:data2\" content=\"2 minutes\" \/>\n<script type=\"application\/ld+json\" class=\"yoast-schema-graph\">{\"@context\":\"https:\\\/\\\/schema.org\",\"@graph\":[{\"@type\":\"Article\",\"@id\":\"https:\\\/\\\/www.uartes.edu.ec\\\/sitio\\\/fr\\\/blog\\\/2020\\\/06\\\/15\\\/seccion-estudiantil-de-la-aes-organiza-4-webinars-mensuales-con-docentes-uartes\\\/#article\",\"isPartOf\":{\"@id\":\"https:\\\/\\\/www.uartes.edu.ec\\\/sitio\\\/fr\\\/blog\\\/2020\\\/06\\\/15\\\/seccion-estudiantil-de-la-aes-organiza-4-webinars-mensuales-con-docentes-uartes\\\/\"},\"author\":{\"name\":\"Universidad de las Artes\",\"@id\":\"https:\\\/\\\/www.uartes.edu.ec\\\/sitio\\\/fr\\\/#\\\/schema\\\/person\\\/f33f8c1d2af0d5c80a38c8abf458184a\"},\"headline\":\"Secci\u00f3n Estudiantil de la AES organiza 4 webinars mensuales con docentes UArtes\",\"datePublished\":\"2020-06-15T16:58:28+00:00\",\"dateModified\":\"2024-07-04T16:43:01+00:00\",\"mainEntityOfPage\":{\"@id\":\"https:\\\/\\\/www.uartes.edu.ec\\\/sitio\\\/fr\\\/blog\\\/2020\\\/06\\\/15\\\/seccion-estudiantil-de-la-aes-organiza-4-webinars-mensuales-con-docentes-uartes\\\/\"},\"wordCount\":352,\"publisher\":{\"@id\":\"https:\\\/\\\/www.uartes.edu.ec\\\/sitio\\\/fr\\\/#organization\"},\"image\":{\"@id\":\"https:\\\/\\\/www.uartes.edu.ec\\\/sitio\\\/fr\\\/blog\\\/2020\\\/06\\\/15\\\/seccion-estudiantil-de-la-aes-organiza-4-webinars-mensuales-con-docentes-uartes\\\/#primaryimage\"},\"thumbnailUrl\":\"https:\\\/\\\/www.uartes.edu.ec\\\/sitio\\\/wp-content\\\/uploads\\\/2020\\\/06\\\/WhatsApp-Image-2020-06-12-at-13.33.jpg\",\"keywords\":[\"covid19\"],\"articleSection\":[\"Acad\u00e9mico\",\"Artes Sonoras\",\"Docentes\"],\"inLanguage\":\"fr-FR\"},{\"@type\":[\"WebPage\",\"ItemPage\"],\"@id\":\"https:\\\/\\\/www.uartes.edu.ec\\\/sitio\\\/fr\\\/blog\\\/2020\\\/06\\\/15\\\/seccion-estudiantil-de-la-aes-organiza-4-webinars-mensuales-con-docentes-uartes\\\/\",\"url\":\"https:\\\/\\\/www.uartes.edu.ec\\\/sitio\\\/fr\\\/blog\\\/2020\\\/06\\\/15\\\/seccion-estudiantil-de-la-aes-organiza-4-webinars-mensuales-con-docentes-uartes\\\/\",\"name\":\"Universidad de las Artes - Secci\u00f3n Estudiantil de la AES organiza 4 webinars mensuales con docentes UArtes\",\"isPartOf\":{\"@id\":\"https:\\\/\\\/www.uartes.edu.ec\\\/sitio\\\/fr\\\/#website\"},\"primaryImageOfPage\":{\"@id\":\"https:\\\/\\\/www.uartes.edu.ec\\\/sitio\\\/fr\\\/blog\\\/2020\\\/06\\\/15\\\/seccion-estudiantil-de-la-aes-organiza-4-webinars-mensuales-con-docentes-uartes\\\/#primaryimage\"},\"image\":{\"@id\":\"https:\\\/\\\/www.uartes.edu.ec\\\/sitio\\\/fr\\\/blog\\\/2020\\\/06\\\/15\\\/seccion-estudiantil-de-la-aes-organiza-4-webinars-mensuales-con-docentes-uartes\\\/#primaryimage\"},\"thumbnailUrl\":\"https:\\\/\\\/www.uartes.edu.ec\\\/sitio\\\/wp-content\\\/uploads\\\/2020\\\/06\\\/WhatsApp-Image-2020-06-12-at-13.33.jpg\",\"datePublished\":\"2020-06-15T16:58:28+00:00\",\"dateModified\":\"2024-07-04T16:43:01+00:00\",\"description\":\"Universidad de las Artes - Secci\u00f3n Estudiantil de la AES organiza 4 webinars mensuales con docentes UArtes\",\"breadcrumb\":{\"@id\":\"https:\\\/\\\/www.uartes.edu.ec\\\/sitio\\\/fr\\\/blog\\\/2020\\\/06\\\/15\\\/seccion-estudiantil-de-la-aes-organiza-4-webinars-mensuales-con-docentes-uartes\\\/#breadcrumb\"},\"inLanguage\":\"fr-FR\",\"potentialAction\":[{\"@type\":\"ReadAction\",\"target\":[\"https:\\\/\\\/www.uartes.edu.ec\\\/sitio\\\/fr\\\/blog\\\/2020\\\/06\\\/15\\\/seccion-estudiantil-de-la-aes-organiza-4-webinars-mensuales-con-docentes-uartes\\\/\"]}]},{\"@type\":\"ImageObject\",\"inLanguage\":\"fr-FR\",\"@id\":\"https:\\\/\\\/www.uartes.edu.ec\\\/sitio\\\/fr\\\/blog\\\/2020\\\/06\\\/15\\\/seccion-estudiantil-de-la-aes-organiza-4-webinars-mensuales-con-docentes-uartes\\\/#primaryimage\",\"url\":\"https:\\\/\\\/www.uartes.edu.ec\\\/sitio\\\/wp-content\\\/uploads\\\/2020\\\/06\\\/WhatsApp-Image-2020-06-12-at-13.33.jpg\",\"contentUrl\":\"https:\\\/\\\/www.uartes.edu.ec\\\/sitio\\\/wp-content\\\/uploads\\\/2020\\\/06\\\/WhatsApp-Image-2020-06-12-at-13.33.jpg\",\"width\":1280,\"height\":854},{\"@type\":\"BreadcrumbList\",\"@id\":\"https:\\\/\\\/www.uartes.edu.ec\\\/sitio\\\/fr\\\/blog\\\/2020\\\/06\\\/15\\\/seccion-estudiantil-de-la-aes-organiza-4-webinars-mensuales-con-docentes-uartes\\\/#breadcrumb\",\"itemListElement\":[{\"@type\":\"ListItem\",\"position\":1,\"name\":\"Inicio\",\"item\":\"https:\\\/\\\/www.uartes.edu.ec\\\/sitio\\\/\"},{\"@type\":\"ListItem\",\"position\":2,\"name\":\"Secci\u00f3n Estudiantil de la AES organiza 4 webinars mensuales con docentes UArtes\"}]},{\"@type\":\"WebSite\",\"@id\":\"https:\\\/\\\/www.uartes.edu.ec\\\/sitio\\\/fr\\\/#website\",\"url\":\"https:\\\/\\\/www.uartes.edu.ec\\\/sitio\\\/fr\\\/\",\"name\":\"Universidad de las Artes\",\"description\":\"Sitio oficial de la Universidad Nacional de las Artes del Ecuador\",\"publisher\":{\"@id\":\"https:\\\/\\\/www.uartes.edu.ec\\\/sitio\\\/fr\\\/#organization\"},\"potentialAction\":[{\"@type\":\"SearchAction\",\"target\":{\"@type\":\"EntryPoint\",\"urlTemplate\":\"https:\\\/\\\/www.uartes.edu.ec\\\/sitio\\\/fr\\\/?s={search_term_string}\"},\"query-input\":{\"@type\":\"PropertyValueSpecification\",\"valueRequired\":true,\"valueName\":\"search_term_string\"}}],\"inLanguage\":\"fr-FR\"},{\"@type\":\"Organization\",\"@id\":\"https:\\\/\\\/www.uartes.edu.ec\\\/sitio\\\/fr\\\/#organization\",\"name\":\"Universidad de las Artes\",\"url\":\"https:\\\/\\\/www.uartes.edu.ec\\\/sitio\\\/fr\\\/\",\"logo\":{\"@type\":\"ImageObject\",\"inLanguage\":\"fr-FR\",\"@id\":\"https:\\\/\\\/www.uartes.edu.ec\\\/sitio\\\/fr\\\/#\\\/schema\\\/logo\\\/image\\\/\",\"url\":\"https:\\\/\\\/www.uartes.edu.ec\\\/sitio\\\/wp-content\\\/uploads\\\/2022\\\/07\\\/logo-ua-horizontal.png\",\"contentUrl\":\"https:\\\/\\\/www.uartes.edu.ec\\\/sitio\\\/wp-content\\\/uploads\\\/2022\\\/07\\\/logo-ua-horizontal.png\",\"width\":800,\"height\":276,\"caption\":\"Universidad de las Artes\"},\"image\":{\"@id\":\"https:\\\/\\\/www.uartes.edu.ec\\\/sitio\\\/fr\\\/#\\\/schema\\\/logo\\\/image\\\/\"},\"sameAs\":[\"https:\\\/\\\/www.facebook.com\\\/uartesec\",\"https:\\\/\\\/x.com\\\/uartesec\",\"https:\\\/\\\/www.tiktok.com\\\/@uartesec\"]},{\"@type\":\"Person\",\"@id\":\"https:\\\/\\\/www.uartes.edu.ec\\\/sitio\\\/fr\\\/#\\\/schema\\\/person\\\/f33f8c1d2af0d5c80a38c8abf458184a\",\"name\":\"Universidad de las Artes\",\"image\":{\"@type\":\"ImageObject\",\"inLanguage\":\"fr-FR\",\"@id\":\"https:\\\/\\\/secure.gravatar.com\\\/avatar\\\/52e4757902f5cfa5ac52d020e5be83cae5487519154b6c35482fe08d589f3c13?s=96&d=mm&r=g\",\"url\":\"https:\\\/\\\/secure.gravatar.com\\\/avatar\\\/52e4757902f5cfa5ac52d020e5be83cae5487519154b6c35482fe08d589f3c13?s=96&d=mm&r=g\",\"contentUrl\":\"https:\\\/\\\/secure.gravatar.com\\\/avatar\\\/52e4757902f5cfa5ac52d020e5be83cae5487519154b6c35482fe08d589f3c13?s=96&d=mm&r=g\",\"caption\":\"Universidad de las Artes\"},\"url\":\"https:\\\/\\\/www.uartes.edu.ec\\\/sitio\\\/fr\\\/blog\\\/author\\\/dircomadm\\\/\"}]}<\/script>\n<!-- \/ Yoast SEO plugin. -->","yoast_head_json":{"title":"Universidad de las Artes - Secci\u00f3n Estudiantil de la AES organiza 4 webinars mensuales con docentes UArtes","description":"Universidad de las Artes - Secci\u00f3n Estudiantil de la AES organiza 4 webinars mensuales con docentes UArtes","robots":{"index":"index","follow":"follow","max-snippet":"max-snippet:-1","max-image-preview":"max-image-preview:large","max-video-preview":"max-video-preview:-1"},"canonical":"https:\/\/www.uartes.edu.ec\/sitio\/fr\/blog\/2020\/06\/15\/seccion-estudiantil-de-la-aes-organiza-4-webinars-mensuales-con-docentes-uartes\/","og_locale":"fr_FR","og_type":"article","og_title":"Universidad de las Artes - Secci\u00f3n Estudiantil de la AES organiza 4 webinars mensuales con docentes UArtes","og_description":"Universidad de las Artes - Secci\u00f3n Estudiantil de la AES organiza 4 webinars mensuales con docentes UArtes","og_url":"https:\/\/www.uartes.edu.ec\/sitio\/fr\/blog\/2020\/06\/15\/seccion-estudiantil-de-la-aes-organiza-4-webinars-mensuales-con-docentes-uartes\/","og_site_name":"Universidad de las Artes","article_publisher":"https:\/\/www.facebook.com\/uartesec","article_published_time":"2020-06-15T16:58:28+00:00","article_modified_time":"2024-07-04T16:43:01+00:00","og_image":[{"width":1280,"height":854,"url":"https:\/\/www.uartes.edu.ec\/sitio\/wp-content\/uploads\/2020\/06\/WhatsApp-Image-2020-06-12-at-13.33.jpg","type":"image\/jpeg"}],"author":"Universidad de las Artes","twitter_card":"summary_large_image","twitter_creator":"@uartesec","twitter_site":"@uartesec","twitter_misc":{"\u00c9crit par":"Universidad de las Artes","Dur\u00e9e de lecture estim\u00e9e":"2 minutes"},"schema":{"@context":"https:\/\/schema.org","@graph":[{"@type":"Article","@id":"https:\/\/www.uartes.edu.ec\/sitio\/fr\/blog\/2020\/06\/15\/seccion-estudiantil-de-la-aes-organiza-4-webinars-mensuales-con-docentes-uartes\/#article","isPartOf":{"@id":"https:\/\/www.uartes.edu.ec\/sitio\/fr\/blog\/2020\/06\/15\/seccion-estudiantil-de-la-aes-organiza-4-webinars-mensuales-con-docentes-uartes\/"},"author":{"name":"Universidad de las Artes","@id":"https:\/\/www.uartes.edu.ec\/sitio\/fr\/#\/schema\/person\/f33f8c1d2af0d5c80a38c8abf458184a"},"headline":"Secci\u00f3n Estudiantil de la AES organiza 4 webinars mensuales con docentes UArtes","datePublished":"2020-06-15T16:58:28+00:00","dateModified":"2024-07-04T16:43:01+00:00","mainEntityOfPage":{"@id":"https:\/\/www.uartes.edu.ec\/sitio\/fr\/blog\/2020\/06\/15\/seccion-estudiantil-de-la-aes-organiza-4-webinars-mensuales-con-docentes-uartes\/"},"wordCount":352,"publisher":{"@id":"https:\/\/www.uartes.edu.ec\/sitio\/fr\/#organization"},"image":{"@id":"https:\/\/www.uartes.edu.ec\/sitio\/fr\/blog\/2020\/06\/15\/seccion-estudiantil-de-la-aes-organiza-4-webinars-mensuales-con-docentes-uartes\/#primaryimage"},"thumbnailUrl":"https:\/\/www.uartes.edu.ec\/sitio\/wp-content\/uploads\/2020\/06\/WhatsApp-Image-2020-06-12-at-13.33.jpg","keywords":["covid19"],"articleSection":["Acad\u00e9mico","Artes Sonoras","Docentes"],"inLanguage":"fr-FR"},{"@type":["WebPage","ItemPage"],"@id":"https:\/\/www.uartes.edu.ec\/sitio\/fr\/blog\/2020\/06\/15\/seccion-estudiantil-de-la-aes-organiza-4-webinars-mensuales-con-docentes-uartes\/","url":"https:\/\/www.uartes.edu.ec\/sitio\/fr\/blog\/2020\/06\/15\/seccion-estudiantil-de-la-aes-organiza-4-webinars-mensuales-con-docentes-uartes\/","name":"Universidad de las Artes - Secci\u00f3n Estudiantil de la AES organiza 4 webinars mensuales con docentes UArtes","isPartOf":{"@id":"https:\/\/www.uartes.edu.ec\/sitio\/fr\/#website"},"primaryImageOfPage":{"@id":"https:\/\/www.uartes.edu.ec\/sitio\/fr\/blog\/2020\/06\/15\/seccion-estudiantil-de-la-aes-organiza-4-webinars-mensuales-con-docentes-uartes\/#primaryimage"},"image":{"@id":"https:\/\/www.uartes.edu.ec\/sitio\/fr\/blog\/2020\/06\/15\/seccion-estudiantil-de-la-aes-organiza-4-webinars-mensuales-con-docentes-uartes\/#primaryimage"},"thumbnailUrl":"https:\/\/www.uartes.edu.ec\/sitio\/wp-content\/uploads\/2020\/06\/WhatsApp-Image-2020-06-12-at-13.33.jpg","datePublished":"2020-06-15T16:58:28+00:00","dateModified":"2024-07-04T16:43:01+00:00","description":"Universidad de las Artes - Secci\u00f3n Estudiantil de la AES organiza 4 webinars mensuales con docentes UArtes","breadcrumb":{"@id":"https:\/\/www.uartes.edu.ec\/sitio\/fr\/blog\/2020\/06\/15\/seccion-estudiantil-de-la-aes-organiza-4-webinars-mensuales-con-docentes-uartes\/#breadcrumb"},"inLanguage":"fr-FR","potentialAction":[{"@type":"ReadAction","target":["https:\/\/www.uartes.edu.ec\/sitio\/fr\/blog\/2020\/06\/15\/seccion-estudiantil-de-la-aes-organiza-4-webinars-mensuales-con-docentes-uartes\/"]}]},{"@type":"ImageObject","inLanguage":"fr-FR","@id":"https:\/\/www.uartes.edu.ec\/sitio\/fr\/blog\/2020\/06\/15\/seccion-estudiantil-de-la-aes-organiza-4-webinars-mensuales-con-docentes-uartes\/#primaryimage","url":"https:\/\/www.uartes.edu.ec\/sitio\/wp-content\/uploads\/2020\/06\/WhatsApp-Image-2020-06-12-at-13.33.jpg","contentUrl":"https:\/\/www.uartes.edu.ec\/sitio\/wp-content\/uploads\/2020\/06\/WhatsApp-Image-2020-06-12-at-13.33.jpg","width":1280,"height":854},{"@type":"BreadcrumbList","@id":"https:\/\/www.uartes.edu.ec\/sitio\/fr\/blog\/2020\/06\/15\/seccion-estudiantil-de-la-aes-organiza-4-webinars-mensuales-con-docentes-uartes\/#breadcrumb","itemListElement":[{"@type":"ListItem","position":1,"name":"Inicio","item":"https:\/\/www.uartes.edu.ec\/sitio\/"},{"@type":"ListItem","position":2,"name":"Secci\u00f3n Estudiantil de la AES organiza 4 webinars mensuales con docentes UArtes"}]},{"@type":"WebSite","@id":"https:\/\/www.uartes.edu.ec\/sitio\/fr\/#website","url":"https:\/\/www.uartes.edu.ec\/sitio\/fr\/","name":"Universidad de las Artes","description":"Sitio oficial de la Universidad Nacional de las Artes del Ecuador","publisher":{"@id":"https:\/\/www.uartes.edu.ec\/sitio\/fr\/#organization"},"potentialAction":[{"@type":"SearchAction","target":{"@type":"EntryPoint","urlTemplate":"https:\/\/www.uartes.edu.ec\/sitio\/fr\/?s={search_term_string}"},"query-input":{"@type":"PropertyValueSpecification","valueRequired":true,"valueName":"search_term_string"}}],"inLanguage":"fr-FR"},{"@type":"Organization","@id":"https:\/\/www.uartes.edu.ec\/sitio\/fr\/#organization","name":"Universidad de las Artes","url":"https:\/\/www.uartes.edu.ec\/sitio\/fr\/","logo":{"@type":"ImageObject","inLanguage":"fr-FR","@id":"https:\/\/www.uartes.edu.ec\/sitio\/fr\/#\/schema\/logo\/image\/","url":"https:\/\/www.uartes.edu.ec\/sitio\/wp-content\/uploads\/2022\/07\/logo-ua-horizontal.png","contentUrl":"https:\/\/www.uartes.edu.ec\/sitio\/wp-content\/uploads\/2022\/07\/logo-ua-horizontal.png","width":800,"height":276,"caption":"Universidad de las Artes"},"image":{"@id":"https:\/\/www.uartes.edu.ec\/sitio\/fr\/#\/schema\/logo\/image\/"},"sameAs":["https:\/\/www.facebook.com\/uartesec","https:\/\/x.com\/uartesec","https:\/\/www.tiktok.com\/@uartesec"]},{"@type":"Person","@id":"https:\/\/www.uartes.edu.ec\/sitio\/fr\/#\/schema\/person\/f33f8c1d2af0d5c80a38c8abf458184a","name":"Universidad de las Artes","image":{"@type":"ImageObject","inLanguage":"fr-FR","@id":"https:\/\/secure.gravatar.com\/avatar\/52e4757902f5cfa5ac52d020e5be83cae5487519154b6c35482fe08d589f3c13?s=96&d=mm&r=g","url":"https:\/\/secure.gravatar.com\/avatar\/52e4757902f5cfa5ac52d020e5be83cae5487519154b6c35482fe08d589f3c13?s=96&d=mm&r=g","contentUrl":"https:\/\/secure.gravatar.com\/avatar\/52e4757902f5cfa5ac52d020e5be83cae5487519154b6c35482fe08d589f3c13?s=96&d=mm&r=g","caption":"Universidad de las Artes"},"url":"https:\/\/www.uartes.edu.ec\/sitio\/fr\/blog\/author\/dircomadm\/"}]}},"uagb_featured_image_src":{"full":["https:\/\/www.uartes.edu.ec\/sitio\/wp-content\/uploads\/2020\/06\/WhatsApp-Image-2020-06-12-at-13.33.jpg",1280,854,false],"thumbnail":["https:\/\/www.uartes.edu.ec\/sitio\/wp-content\/uploads\/2020\/06\/WhatsApp-Image-2020-06-12-at-13.33-150x150.jpg",150,150,true],"medium":["https:\/\/www.uartes.edu.ec\/sitio\/wp-content\/uploads\/2020\/06\/WhatsApp-Image-2020-06-12-at-13.33-300x200.jpg",300,200,true],"medium_large":["https:\/\/www.uartes.edu.ec\/sitio\/wp-content\/uploads\/2020\/06\/WhatsApp-Image-2020-06-12-at-13.33-768x512.jpg",768,512,true],"large":["https:\/\/www.uartes.edu.ec\/sitio\/wp-content\/uploads\/2020\/06\/WhatsApp-Image-2020-06-12-at-13.33-644x430.jpg",644,430,true],"1536x1536":["https:\/\/www.uartes.edu.ec\/sitio\/wp-content\/uploads\/2020\/06\/WhatsApp-Image-2020-06-12-at-13.33.jpg",1280,854,false],"2048x2048":["https:\/\/www.uartes.edu.ec\/sitio\/wp-content\/uploads\/2020\/06\/WhatsApp-Image-2020-06-12-at-13.33.jpg",1280,854,false],"trp-custom-language-flag":["https:\/\/www.uartes.edu.ec\/sitio\/wp-content\/uploads\/2020\/06\/WhatsApp-Image-2020-06-12-at-13.33.jpg",18,12,false],"htmega_size_585x295":["https:\/\/www.uartes.edu.ec\/sitio\/wp-content\/uploads\/2020\/06\/WhatsApp-Image-2020-06-12-at-13.33.jpg",442,295,false],"htmega_size_1170x536":["https:\/\/www.uartes.edu.ec\/sitio\/wp-content\/uploads\/2020\/06\/WhatsApp-Image-2020-06-12-at-13.33.jpg",803,536,false],"htmega_size_396x360":["https:\/\/www.uartes.edu.ec\/sitio\/wp-content\/uploads\/2020\/06\/WhatsApp-Image-2020-06-12-at-13.33.jpg",396,264,false],"gb-block-post-grid-landscape":["https:\/\/www.uartes.edu.ec\/sitio\/wp-content\/uploads\/2020\/06\/WhatsApp-Image-2020-06-12-at-13.33.jpg",600,400,false],"gb-block-post-grid-square":["https:\/\/www.uartes.edu.ec\/sitio\/wp-content\/uploads\/2020\/06\/WhatsApp-Image-2020-06-12-at-13.33.jpg",600,400,false],"university-hub-thumb":["https:\/\/www.uartes.edu.ec\/sitio\/wp-content\/uploads\/2020\/06\/WhatsApp-Image-2020-06-12-at-13.33-400x267.jpg",400,267,true]},"uagb_author_info":{"display_name":"Universidad de las Artes","author_link":"https:\/\/www.uartes.edu.ec\/sitio\/fr\/blog\/author\/dircomadm\/"},"uagb_comment_info":0,"uagb_excerpt":"Realizar cuatro charlas mensuales con docentes de la Escuela de Artes Sonoras de la Universidad de las Artes y con profesionales del \u00e1mbito musical nacional e internacional es lo que AES UArtes Secci\u00f3n Estudiantil se ha propuesto. La finalidad, explica Jonathan Chafla, quien preside la directiva, \u201ces utilizar al m\u00e1ximo el conocimiento de nuestros profesores,\u2026","featured_image_src":"https:\/\/www.uartes.edu.ec\/sitio\/wp-content\/uploads\/2020\/06\/WhatsApp-Image-2020-06-12-at-13.33.jpg","featured_image_src_square":"https:\/\/www.uartes.edu.ec\/sitio\/wp-content\/uploads\/2020\/06\/WhatsApp-Image-2020-06-12-at-13.33.jpg","author_info":{"display_name":"Universidad de las Artes","author_link":"https:\/\/www.uartes.edu.ec\/sitio\/fr\/blog\/author\/dircomadm\/"},"publishpress_future_workflow_manual_trigger":{"enabledWorkflows":[]},"distributor_meta":false,"distributor_terms":false,"distributor_media":false,"distributor_original_site_name":"Universidad de las Artes","distributor_original_site_url":"https:\/\/www.uartes.edu.ec\/sitio\/fr","push-errors":false,"_links":{"self":[{"href":"https:\/\/www.uartes.edu.ec\/sitio\/fr\/wp-json\/wp\/v2\/posts\/7257","targetHints":{"allow":["GET"]}}],"collection":[{"href":"https:\/\/www.uartes.edu.ec\/sitio\/fr\/wp-json\/wp\/v2\/posts"}],"about":[{"href":"https:\/\/www.uartes.edu.ec\/sitio\/fr\/wp-json\/wp\/v2\/types\/post"}],"author":[{"embeddable":true,"href":"https:\/\/www.uartes.edu.ec\/sitio\/fr\/wp-json\/wp\/v2\/users\/1"}],"replies":[{"embeddable":true,"href":"https:\/\/www.uartes.edu.ec\/sitio\/fr\/wp-json\/wp\/v2\/comments?post=7257"}],"version-history":[{"count":1,"href":"https:\/\/www.uartes.edu.ec\/sitio\/fr\/wp-json\/wp\/v2\/posts\/7257\/revisions"}],"predecessor-version":[{"id":7258,"href":"https:\/\/www.uartes.edu.ec\/sitio\/fr\/wp-json\/wp\/v2\/posts\/7257\/revisions\/7258"}],"wp:featuredmedia":[{"embeddable":true,"href":"https:\/\/www.uartes.edu.ec\/sitio\/fr\/wp-json\/wp\/v2\/media\/7254"}],"wp:attachment":[{"href":"https:\/\/www.uartes.edu.ec\/sitio\/fr\/wp-json\/wp\/v2\/media?parent=7257"}],"wp:term":[{"taxonomy":"category","embeddable":true,"href":"https:\/\/www.uartes.edu.ec\/sitio\/fr\/wp-json\/wp\/v2\/categories?post=7257"},{"taxonomy":"post_tag","embeddable":true,"href":"https:\/\/www.uartes.edu.ec\/sitio\/fr\/wp-json\/wp\/v2\/tags?post=7257"},{"taxonomy":"infouartes","embeddable":true,"href":"https:\/\/www.uartes.edu.ec\/sitio\/fr\/wp-json\/wp\/v2\/infouartes?post=7257"}],"curies":[{"name":"wp","href":"https:\/\/api.w.org\/{rel}","templated":true}]}}