{"id":7263,"date":"2020-06-15T13:58:19","date_gmt":"2020-06-15T18:58:19","guid":{"rendered":"http:\/\/www.uartes.edu.ec\/sitio\/?p=7263"},"modified":"2024-07-04T11:43:01","modified_gmt":"2024-07-04T16:43:01","slug":"universidad-veracruzana-invita-a-la-uartes-a-su-serie-webinarios","status":"publish","type":"post","link":"https:\/\/www.uartes.edu.ec\/sitio\/fr\/blog\/2020\/06\/15\/universidad-veracruzana-invita-a-la-uartes-a-su-serie-webinarios\/","title":{"rendered":"Universidad Veracruzana invita a la UArtes a su Serie Webinarios"},"content":{"rendered":"<p>La Universidad de las Artes ha sido invitada a participar en la Serie Webinarios Educaci\u00f3n Superior y Estrategias para la Internacionalizaci\u00f3n en Casa, desarrollada por la Universidad Veracruzana (UV), en coordinaci\u00f3n con la Organizaci\u00f3n Universitaria Interamericana (OUI).<\/p>\n\n\n\n<p>El encuentro virtual ser\u00e1 este viernes 19 de junio de 2020, a las 10:00. En representaci\u00f3n de la UArtes intervendr\u00e1 su rectora, Dra. Mar\u00eda Paulina Soto, quien junto al Dr. Manuel Gil Ant\u00f3n, investigador de El Colegio de M\u00e9xico (Colmex); y, el Mtro. Sergio Rommel Alfonso, del Centro Estatal de las Artes (CEART), tratar\u00e1 el tema \u201cDe la escuela tradicional al autoaprendizaje: Educaci\u00f3n en l\u00ednea y conectivismo\u201d. Intervendr\u00e1 como moderador, el Dr. Miguel Flores Covarrubias, director del \u00c1rea Acad\u00e9mica de Artes de la UV.<\/p>\n\n\n\n<p>Los webinarios Educaci\u00f3n Superior y Estrategias para la Internacionalizaci\u00f3n en Casa se realizan con el prop\u00f3sito de generar espacios de reflexi\u00f3n y compartir experiencias exitosas que permitan a la educaci\u00f3n superior enfrentar los retos ante circunstancias in\u00e9ditas e inciertas. En ese marco, el 6 de mayo, asimismo con expositores internacionales invitados, se analiz\u00f3 acerca de los \u201cEscenarios y \u00e1reas de oportunidad de la educaci\u00f3n superior ante contingencias globales\u201d; el 4 de junio se habl\u00f3 sobre la \u201cMovilidad e internacionalizaci\u00f3n virtual: Experiencias y perspectivas en la educaci\u00f3n superior\u201d.<\/p>\n\n\n\n<p>La Serie Webinarios de la Universidad Veracruzana est\u00e1 dirigida a profesores, estudiantes, investigadores, funcionarios y todos los interesados en los retos que enfrenta la educaci\u00f3n superior.<\/p>\n\n\n\n<p><strong>Los organizadores<\/strong><\/p>\n\n\n\n<p>La Universidad Veracruzana (UV) es una instituci\u00f3n de educaci\u00f3n superior p\u00fablica con distintas sedes a lo largo del estado de Veracruz, M\u00e9xico.<\/p>\n\n\n\n<p>La Organizaci\u00f3n Universitaria Interamericana (OUI) agrupa a m\u00e1s de 350 instituciones y asociaciones de educaci\u00f3n superior de las Am\u00e9ricas. Sus miembros se encuentran en 28 pa\u00edses del continente divididos en nueve regiones: Am\u00e9rica Central, Brasil, Canad\u00e1, Caribe, Colombia, Cono Sur, Estados Unidos, M\u00e9xico y Pa\u00edses Andinos.<\/p>\n\n\n\n<p><strong>Registro<\/strong><\/p>\n\n\n\n<p>Para participar en el webinar Educaci\u00f3n Superior y Estrategias para la Internacionalizaci\u00f3n en Casa \u201cDe la escuela tradicional al autoaprendizaje: Educaci\u00f3n en l\u00ednea y conectivismo\u201d, hay que registrarse en: <a href=\"https:\/\/www.uv.mx\/internacional\/registro\/\">https:\/\/www.uv.mx\/internacional\/registro\/<\/a><\/p>","protected":false},"excerpt":{"rendered":"<p>La Universidad de las Artes ha sido invitada a participar en la Serie Webinarios Educaci\u00f3n Superior y Estrategias para la Internacionalizaci\u00f3n en Casa, desarrollada por la Universidad Veracruzana (UV), en coordinaci\u00f3n con la Organizaci\u00f3n Universitaria Interamericana (OUI).<\/p>","protected":false},"author":1,"featured_media":7264,"comment_status":"closed","ping_status":"closed","sticky":false,"template":"","format":"standard","meta":{"_acf_changed":false,"_uag_custom_page_level_css":"","_monsterinsights_skip_tracking":false,"_monsterinsights_sitenote_active":false,"_monsterinsights_sitenote_note":"","_monsterinsights_sitenote_category":0,"cybocfi_hide_featured_image":"","footnotes":""},"categories":[80,77,84],"tags":[211],"infouartes":[],"class_list":["post-7263","post","type-post","status-publish","format-standard","has-post-thumbnail","hentry","category-academico","category-gestion","category-rectorado","tag-covid19"],"acf":[],"yoast_head":"<!-- This site is optimized with the Yoast SEO plugin v27.4 - https:\/\/yoast.com\/product\/yoast-seo-wordpress\/ -->\n<title>Universidad de las Artes - Universidad Veracruzana invita a la UArtes a su Serie Webinarios<\/title>\n<meta name=\"description\" content=\"Universidad de las Artes - Universidad Veracruzana invita a la UArtes a su Serie Webinarios\" \/>\n<meta name=\"robots\" content=\"index, follow, max-snippet:-1, max-image-preview:large, max-video-preview:-1\" \/>\n<link rel=\"canonical\" href=\"https:\/\/www.uartes.edu.ec\/sitio\/fr\/blog\/2020\/06\/15\/universidad-veracruzana-invita-a-la-uartes-a-su-serie-webinarios\/\" \/>\n<meta property=\"og:locale\" content=\"fr_FR\" \/>\n<meta property=\"og:type\" content=\"article\" \/>\n<meta property=\"og:title\" content=\"Universidad de las Artes - Universidad Veracruzana invita a la UArtes a su Serie Webinarios\" \/>\n<meta property=\"og:description\" content=\"Universidad de las Artes - Universidad Veracruzana invita a la UArtes a su Serie Webinarios\" \/>\n<meta property=\"og:url\" content=\"https:\/\/www.uartes.edu.ec\/sitio\/fr\/blog\/2020\/06\/15\/universidad-veracruzana-invita-a-la-uartes-a-su-serie-webinarios\/\" \/>\n<meta property=\"og:site_name\" content=\"Universidad de las Artes\" \/>\n<meta property=\"article:publisher\" content=\"https:\/\/www.facebook.com\/uartesec\" \/>\n<meta property=\"article:published_time\" content=\"2020-06-15T18:58:19+00:00\" \/>\n<meta property=\"article:modified_time\" content=\"2024-07-04T16:43:01+00:00\" \/>\n<meta property=\"og:image\" content=\"https:\/\/www.uartes.edu.ec\/sitio\/wp-content\/uploads\/2020\/06\/MARIA-PAULINA-SOTO-PERFIL.jpg\" \/>\n\t<meta property=\"og:image:width\" content=\"1500\" \/>\n\t<meta property=\"og:image:height\" content=\"1000\" \/>\n\t<meta property=\"og:image:type\" content=\"image\/jpeg\" \/>\n<meta name=\"author\" content=\"Universidad de las Artes\" \/>\n<meta name=\"twitter:card\" content=\"summary_large_image\" \/>\n<meta name=\"twitter:creator\" content=\"@uartesec\" \/>\n<meta name=\"twitter:site\" content=\"@uartesec\" \/>\n<meta name=\"twitter:label1\" content=\"\u00c9crit par\" \/>\n\t<meta name=\"twitter:data1\" content=\"Universidad de las Artes\" \/>\n\t<meta name=\"twitter:label2\" content=\"Dur\u00e9e de lecture estim\u00e9e\" \/>\n\t<meta name=\"twitter:data2\" content=\"2 minutes\" \/>\n<script type=\"application\/ld+json\" class=\"yoast-schema-graph\">{\"@context\":\"https:\\\/\\\/schema.org\",\"@graph\":[{\"@type\":\"Article\",\"@id\":\"https:\\\/\\\/www.uartes.edu.ec\\\/sitio\\\/fr\\\/blog\\\/2020\\\/06\\\/15\\\/universidad-veracruzana-invita-a-la-uartes-a-su-serie-webinarios\\\/#article\",\"isPartOf\":{\"@id\":\"https:\\\/\\\/www.uartes.edu.ec\\\/sitio\\\/fr\\\/blog\\\/2020\\\/06\\\/15\\\/universidad-veracruzana-invita-a-la-uartes-a-su-serie-webinarios\\\/\"},\"author\":{\"name\":\"Universidad de las Artes\",\"@id\":\"https:\\\/\\\/www.uartes.edu.ec\\\/sitio\\\/fr\\\/#\\\/schema\\\/person\\\/f33f8c1d2af0d5c80a38c8abf458184a\"},\"headline\":\"Universidad Veracruzana invita a la UArtes a su Serie Webinarios\",\"datePublished\":\"2020-06-15T18:58:19+00:00\",\"dateModified\":\"2024-07-04T16:43:01+00:00\",\"mainEntityOfPage\":{\"@id\":\"https:\\\/\\\/www.uartes.edu.ec\\\/sitio\\\/fr\\\/blog\\\/2020\\\/06\\\/15\\\/universidad-veracruzana-invita-a-la-uartes-a-su-serie-webinarios\\\/\"},\"wordCount\":380,\"publisher\":{\"@id\":\"https:\\\/\\\/www.uartes.edu.ec\\\/sitio\\\/fr\\\/#organization\"},\"image\":{\"@id\":\"https:\\\/\\\/www.uartes.edu.ec\\\/sitio\\\/fr\\\/blog\\\/2020\\\/06\\\/15\\\/universidad-veracruzana-invita-a-la-uartes-a-su-serie-webinarios\\\/#primaryimage\"},\"thumbnailUrl\":\"https:\\\/\\\/www.uartes.edu.ec\\\/sitio\\\/wp-content\\\/uploads\\\/2020\\\/06\\\/MARIA-PAULINA-SOTO-PERFIL.jpg\",\"keywords\":[\"covid19\"],\"articleSection\":[\"Acad\u00e9mico\",\"Gesti\u00f3n\",\"Rectorado\"],\"inLanguage\":\"fr-FR\"},{\"@type\":[\"WebPage\",\"ItemPage\"],\"@id\":\"https:\\\/\\\/www.uartes.edu.ec\\\/sitio\\\/fr\\\/blog\\\/2020\\\/06\\\/15\\\/universidad-veracruzana-invita-a-la-uartes-a-su-serie-webinarios\\\/\",\"url\":\"https:\\\/\\\/www.uartes.edu.ec\\\/sitio\\\/fr\\\/blog\\\/2020\\\/06\\\/15\\\/universidad-veracruzana-invita-a-la-uartes-a-su-serie-webinarios\\\/\",\"name\":\"Universidad de las Artes - Universidad Veracruzana invita a la UArtes a su Serie Webinarios\",\"isPartOf\":{\"@id\":\"https:\\\/\\\/www.uartes.edu.ec\\\/sitio\\\/fr\\\/#website\"},\"primaryImageOfPage\":{\"@id\":\"https:\\\/\\\/www.uartes.edu.ec\\\/sitio\\\/fr\\\/blog\\\/2020\\\/06\\\/15\\\/universidad-veracruzana-invita-a-la-uartes-a-su-serie-webinarios\\\/#primaryimage\"},\"image\":{\"@id\":\"https:\\\/\\\/www.uartes.edu.ec\\\/sitio\\\/fr\\\/blog\\\/2020\\\/06\\\/15\\\/universidad-veracruzana-invita-a-la-uartes-a-su-serie-webinarios\\\/#primaryimage\"},\"thumbnailUrl\":\"https:\\\/\\\/www.uartes.edu.ec\\\/sitio\\\/wp-content\\\/uploads\\\/2020\\\/06\\\/MARIA-PAULINA-SOTO-PERFIL.jpg\",\"datePublished\":\"2020-06-15T18:58:19+00:00\",\"dateModified\":\"2024-07-04T16:43:01+00:00\",\"description\":\"Universidad de las Artes - Universidad Veracruzana invita a la UArtes a su Serie Webinarios\",\"breadcrumb\":{\"@id\":\"https:\\\/\\\/www.uartes.edu.ec\\\/sitio\\\/fr\\\/blog\\\/2020\\\/06\\\/15\\\/universidad-veracruzana-invita-a-la-uartes-a-su-serie-webinarios\\\/#breadcrumb\"},\"inLanguage\":\"fr-FR\",\"potentialAction\":[{\"@type\":\"ReadAction\",\"target\":[\"https:\\\/\\\/www.uartes.edu.ec\\\/sitio\\\/fr\\\/blog\\\/2020\\\/06\\\/15\\\/universidad-veracruzana-invita-a-la-uartes-a-su-serie-webinarios\\\/\"]}]},{\"@type\":\"ImageObject\",\"inLanguage\":\"fr-FR\",\"@id\":\"https:\\\/\\\/www.uartes.edu.ec\\\/sitio\\\/fr\\\/blog\\\/2020\\\/06\\\/15\\\/universidad-veracruzana-invita-a-la-uartes-a-su-serie-webinarios\\\/#primaryimage\",\"url\":\"https:\\\/\\\/www.uartes.edu.ec\\\/sitio\\\/wp-content\\\/uploads\\\/2020\\\/06\\\/MARIA-PAULINA-SOTO-PERFIL.jpg\",\"contentUrl\":\"https:\\\/\\\/www.uartes.edu.ec\\\/sitio\\\/wp-content\\\/uploads\\\/2020\\\/06\\\/MARIA-PAULINA-SOTO-PERFIL.jpg\",\"width\":1500,\"height\":1000},{\"@type\":\"BreadcrumbList\",\"@id\":\"https:\\\/\\\/www.uartes.edu.ec\\\/sitio\\\/fr\\\/blog\\\/2020\\\/06\\\/15\\\/universidad-veracruzana-invita-a-la-uartes-a-su-serie-webinarios\\\/#breadcrumb\",\"itemListElement\":[{\"@type\":\"ListItem\",\"position\":1,\"name\":\"Inicio\",\"item\":\"https:\\\/\\\/www.uartes.edu.ec\\\/sitio\\\/\"},{\"@type\":\"ListItem\",\"position\":2,\"name\":\"Universidad Veracruzana invita a la UArtes a su Serie Webinarios\"}]},{\"@type\":\"WebSite\",\"@id\":\"https:\\\/\\\/www.uartes.edu.ec\\\/sitio\\\/fr\\\/#website\",\"url\":\"https:\\\/\\\/www.uartes.edu.ec\\\/sitio\\\/fr\\\/\",\"name\":\"Universidad de las Artes\",\"description\":\"Sitio oficial de la Universidad Nacional de las Artes del Ecuador\",\"publisher\":{\"@id\":\"https:\\\/\\\/www.uartes.edu.ec\\\/sitio\\\/fr\\\/#organization\"},\"potentialAction\":[{\"@type\":\"SearchAction\",\"target\":{\"@type\":\"EntryPoint\",\"urlTemplate\":\"https:\\\/\\\/www.uartes.edu.ec\\\/sitio\\\/fr\\\/?s={search_term_string}\"},\"query-input\":{\"@type\":\"PropertyValueSpecification\",\"valueRequired\":true,\"valueName\":\"search_term_string\"}}],\"inLanguage\":\"fr-FR\"},{\"@type\":\"Organization\",\"@id\":\"https:\\\/\\\/www.uartes.edu.ec\\\/sitio\\\/fr\\\/#organization\",\"name\":\"Universidad de las Artes\",\"url\":\"https:\\\/\\\/www.uartes.edu.ec\\\/sitio\\\/fr\\\/\",\"logo\":{\"@type\":\"ImageObject\",\"inLanguage\":\"fr-FR\",\"@id\":\"https:\\\/\\\/www.uartes.edu.ec\\\/sitio\\\/fr\\\/#\\\/schema\\\/logo\\\/image\\\/\",\"url\":\"https:\\\/\\\/www.uartes.edu.ec\\\/sitio\\\/wp-content\\\/uploads\\\/2022\\\/07\\\/logo-ua-horizontal.png\",\"contentUrl\":\"https:\\\/\\\/www.uartes.edu.ec\\\/sitio\\\/wp-content\\\/uploads\\\/2022\\\/07\\\/logo-ua-horizontal.png\",\"width\":800,\"height\":276,\"caption\":\"Universidad de las Artes\"},\"image\":{\"@id\":\"https:\\\/\\\/www.uartes.edu.ec\\\/sitio\\\/fr\\\/#\\\/schema\\\/logo\\\/image\\\/\"},\"sameAs\":[\"https:\\\/\\\/www.facebook.com\\\/uartesec\",\"https:\\\/\\\/x.com\\\/uartesec\",\"https:\\\/\\\/www.tiktok.com\\\/@uartesec\"]},{\"@type\":\"Person\",\"@id\":\"https:\\\/\\\/www.uartes.edu.ec\\\/sitio\\\/fr\\\/#\\\/schema\\\/person\\\/f33f8c1d2af0d5c80a38c8abf458184a\",\"name\":\"Universidad de las Artes\",\"image\":{\"@type\":\"ImageObject\",\"inLanguage\":\"fr-FR\",\"@id\":\"https:\\\/\\\/secure.gravatar.com\\\/avatar\\\/52e4757902f5cfa5ac52d020e5be83cae5487519154b6c35482fe08d589f3c13?s=96&d=mm&r=g\",\"url\":\"https:\\\/\\\/secure.gravatar.com\\\/avatar\\\/52e4757902f5cfa5ac52d020e5be83cae5487519154b6c35482fe08d589f3c13?s=96&d=mm&r=g\",\"contentUrl\":\"https:\\\/\\\/secure.gravatar.com\\\/avatar\\\/52e4757902f5cfa5ac52d020e5be83cae5487519154b6c35482fe08d589f3c13?s=96&d=mm&r=g\",\"caption\":\"Universidad de las Artes\"},\"url\":\"https:\\\/\\\/www.uartes.edu.ec\\\/sitio\\\/fr\\\/blog\\\/author\\\/dircomadm\\\/\"}]}<\/script>\n<!-- \/ Yoast SEO plugin. -->","yoast_head_json":{"title":"Universidad de las Artes - Universidad Veracruzana invita a la UArtes a su Serie Webinarios","description":"Universidad de las Artes - Universidad Veracruzana invita a la UArtes a su Serie Webinarios","robots":{"index":"index","follow":"follow","max-snippet":"max-snippet:-1","max-image-preview":"max-image-preview:large","max-video-preview":"max-video-preview:-1"},"canonical":"https:\/\/www.uartes.edu.ec\/sitio\/fr\/blog\/2020\/06\/15\/universidad-veracruzana-invita-a-la-uartes-a-su-serie-webinarios\/","og_locale":"fr_FR","og_type":"article","og_title":"Universidad de las Artes - Universidad Veracruzana invita a la UArtes a su Serie Webinarios","og_description":"Universidad de las Artes - Universidad Veracruzana invita a la UArtes a su Serie Webinarios","og_url":"https:\/\/www.uartes.edu.ec\/sitio\/fr\/blog\/2020\/06\/15\/universidad-veracruzana-invita-a-la-uartes-a-su-serie-webinarios\/","og_site_name":"Universidad de las Artes","article_publisher":"https:\/\/www.facebook.com\/uartesec","article_published_time":"2020-06-15T18:58:19+00:00","article_modified_time":"2024-07-04T16:43:01+00:00","og_image":[{"width":1500,"height":1000,"url":"https:\/\/www.uartes.edu.ec\/sitio\/wp-content\/uploads\/2020\/06\/MARIA-PAULINA-SOTO-PERFIL.jpg","type":"image\/jpeg"}],"author":"Universidad de las Artes","twitter_card":"summary_large_image","twitter_creator":"@uartesec","twitter_site":"@uartesec","twitter_misc":{"\u00c9crit par":"Universidad de las Artes","Dur\u00e9e de lecture estim\u00e9e":"2 minutes"},"schema":{"@context":"https:\/\/schema.org","@graph":[{"@type":"Article","@id":"https:\/\/www.uartes.edu.ec\/sitio\/fr\/blog\/2020\/06\/15\/universidad-veracruzana-invita-a-la-uartes-a-su-serie-webinarios\/#article","isPartOf":{"@id":"https:\/\/www.uartes.edu.ec\/sitio\/fr\/blog\/2020\/06\/15\/universidad-veracruzana-invita-a-la-uartes-a-su-serie-webinarios\/"},"author":{"name":"Universidad de las Artes","@id":"https:\/\/www.uartes.edu.ec\/sitio\/fr\/#\/schema\/person\/f33f8c1d2af0d5c80a38c8abf458184a"},"headline":"Universidad Veracruzana invita a la UArtes a su Serie Webinarios","datePublished":"2020-06-15T18:58:19+00:00","dateModified":"2024-07-04T16:43:01+00:00","mainEntityOfPage":{"@id":"https:\/\/www.uartes.edu.ec\/sitio\/fr\/blog\/2020\/06\/15\/universidad-veracruzana-invita-a-la-uartes-a-su-serie-webinarios\/"},"wordCount":380,"publisher":{"@id":"https:\/\/www.uartes.edu.ec\/sitio\/fr\/#organization"},"image":{"@id":"https:\/\/www.uartes.edu.ec\/sitio\/fr\/blog\/2020\/06\/15\/universidad-veracruzana-invita-a-la-uartes-a-su-serie-webinarios\/#primaryimage"},"thumbnailUrl":"https:\/\/www.uartes.edu.ec\/sitio\/wp-content\/uploads\/2020\/06\/MARIA-PAULINA-SOTO-PERFIL.jpg","keywords":["covid19"],"articleSection":["Acad\u00e9mico","Gesti\u00f3n","Rectorado"],"inLanguage":"fr-FR"},{"@type":["WebPage","ItemPage"],"@id":"https:\/\/www.uartes.edu.ec\/sitio\/fr\/blog\/2020\/06\/15\/universidad-veracruzana-invita-a-la-uartes-a-su-serie-webinarios\/","url":"https:\/\/www.uartes.edu.ec\/sitio\/fr\/blog\/2020\/06\/15\/universidad-veracruzana-invita-a-la-uartes-a-su-serie-webinarios\/","name":"Universidad de las Artes - Universidad Veracruzana invita a la UArtes a su Serie Webinarios","isPartOf":{"@id":"https:\/\/www.uartes.edu.ec\/sitio\/fr\/#website"},"primaryImageOfPage":{"@id":"https:\/\/www.uartes.edu.ec\/sitio\/fr\/blog\/2020\/06\/15\/universidad-veracruzana-invita-a-la-uartes-a-su-serie-webinarios\/#primaryimage"},"image":{"@id":"https:\/\/www.uartes.edu.ec\/sitio\/fr\/blog\/2020\/06\/15\/universidad-veracruzana-invita-a-la-uartes-a-su-serie-webinarios\/#primaryimage"},"thumbnailUrl":"https:\/\/www.uartes.edu.ec\/sitio\/wp-content\/uploads\/2020\/06\/MARIA-PAULINA-SOTO-PERFIL.jpg","datePublished":"2020-06-15T18:58:19+00:00","dateModified":"2024-07-04T16:43:01+00:00","description":"Universidad de las Artes - Universidad Veracruzana invita a la UArtes a su Serie Webinarios","breadcrumb":{"@id":"https:\/\/www.uartes.edu.ec\/sitio\/fr\/blog\/2020\/06\/15\/universidad-veracruzana-invita-a-la-uartes-a-su-serie-webinarios\/#breadcrumb"},"inLanguage":"fr-FR","potentialAction":[{"@type":"ReadAction","target":["https:\/\/www.uartes.edu.ec\/sitio\/fr\/blog\/2020\/06\/15\/universidad-veracruzana-invita-a-la-uartes-a-su-serie-webinarios\/"]}]},{"@type":"ImageObject","inLanguage":"fr-FR","@id":"https:\/\/www.uartes.edu.ec\/sitio\/fr\/blog\/2020\/06\/15\/universidad-veracruzana-invita-a-la-uartes-a-su-serie-webinarios\/#primaryimage","url":"https:\/\/www.uartes.edu.ec\/sitio\/wp-content\/uploads\/2020\/06\/MARIA-PAULINA-SOTO-PERFIL.jpg","contentUrl":"https:\/\/www.uartes.edu.ec\/sitio\/wp-content\/uploads\/2020\/06\/MARIA-PAULINA-SOTO-PERFIL.jpg","width":1500,"height":1000},{"@type":"BreadcrumbList","@id":"https:\/\/www.uartes.edu.ec\/sitio\/fr\/blog\/2020\/06\/15\/universidad-veracruzana-invita-a-la-uartes-a-su-serie-webinarios\/#breadcrumb","itemListElement":[{"@type":"ListItem","position":1,"name":"Inicio","item":"https:\/\/www.uartes.edu.ec\/sitio\/"},{"@type":"ListItem","position":2,"name":"Universidad Veracruzana invita a la UArtes a su Serie Webinarios"}]},{"@type":"WebSite","@id":"https:\/\/www.uartes.edu.ec\/sitio\/fr\/#website","url":"https:\/\/www.uartes.edu.ec\/sitio\/fr\/","name":"Universidad de las Artes","description":"Sitio oficial de la Universidad Nacional de las Artes del Ecuador","publisher":{"@id":"https:\/\/www.uartes.edu.ec\/sitio\/fr\/#organization"},"potentialAction":[{"@type":"SearchAction","target":{"@type":"EntryPoint","urlTemplate":"https:\/\/www.uartes.edu.ec\/sitio\/fr\/?s={search_term_string}"},"query-input":{"@type":"PropertyValueSpecification","valueRequired":true,"valueName":"search_term_string"}}],"inLanguage":"fr-FR"},{"@type":"Organization","@id":"https:\/\/www.uartes.edu.ec\/sitio\/fr\/#organization","name":"Universidad de las Artes","url":"https:\/\/www.uartes.edu.ec\/sitio\/fr\/","logo":{"@type":"ImageObject","inLanguage":"fr-FR","@id":"https:\/\/www.uartes.edu.ec\/sitio\/fr\/#\/schema\/logo\/image\/","url":"https:\/\/www.uartes.edu.ec\/sitio\/wp-content\/uploads\/2022\/07\/logo-ua-horizontal.png","contentUrl":"https:\/\/www.uartes.edu.ec\/sitio\/wp-content\/uploads\/2022\/07\/logo-ua-horizontal.png","width":800,"height":276,"caption":"Universidad de las Artes"},"image":{"@id":"https:\/\/www.uartes.edu.ec\/sitio\/fr\/#\/schema\/logo\/image\/"},"sameAs":["https:\/\/www.facebook.com\/uartesec","https:\/\/x.com\/uartesec","https:\/\/www.tiktok.com\/@uartesec"]},{"@type":"Person","@id":"https:\/\/www.uartes.edu.ec\/sitio\/fr\/#\/schema\/person\/f33f8c1d2af0d5c80a38c8abf458184a","name":"Universidad de las Artes","image":{"@type":"ImageObject","inLanguage":"fr-FR","@id":"https:\/\/secure.gravatar.com\/avatar\/52e4757902f5cfa5ac52d020e5be83cae5487519154b6c35482fe08d589f3c13?s=96&d=mm&r=g","url":"https:\/\/secure.gravatar.com\/avatar\/52e4757902f5cfa5ac52d020e5be83cae5487519154b6c35482fe08d589f3c13?s=96&d=mm&r=g","contentUrl":"https:\/\/secure.gravatar.com\/avatar\/52e4757902f5cfa5ac52d020e5be83cae5487519154b6c35482fe08d589f3c13?s=96&d=mm&r=g","caption":"Universidad de las Artes"},"url":"https:\/\/www.uartes.edu.ec\/sitio\/fr\/blog\/author\/dircomadm\/"}]}},"uagb_featured_image_src":{"full":["https:\/\/www.uartes.edu.ec\/sitio\/wp-content\/uploads\/2020\/06\/MARIA-PAULINA-SOTO-PERFIL.jpg",1500,1000,false],"thumbnail":["https:\/\/www.uartes.edu.ec\/sitio\/wp-content\/uploads\/2020\/06\/MARIA-PAULINA-SOTO-PERFIL-150x150.jpg",150,150,true],"medium":["https:\/\/www.uartes.edu.ec\/sitio\/wp-content\/uploads\/2020\/06\/MARIA-PAULINA-SOTO-PERFIL-300x200.jpg",300,200,true],"medium_large":["https:\/\/www.uartes.edu.ec\/sitio\/wp-content\/uploads\/2020\/06\/MARIA-PAULINA-SOTO-PERFIL-768x512.jpg",768,512,true],"large":["https:\/\/www.uartes.edu.ec\/sitio\/wp-content\/uploads\/2020\/06\/MARIA-PAULINA-SOTO-PERFIL-644x429.jpg",644,429,true],"1536x1536":["https:\/\/www.uartes.edu.ec\/sitio\/wp-content\/uploads\/2020\/06\/MARIA-PAULINA-SOTO-PERFIL.jpg",1500,1000,false],"2048x2048":["https:\/\/www.uartes.edu.ec\/sitio\/wp-content\/uploads\/2020\/06\/MARIA-PAULINA-SOTO-PERFIL.jpg",1500,1000,false],"trp-custom-language-flag":["https:\/\/www.uartes.edu.ec\/sitio\/wp-content\/uploads\/2020\/06\/MARIA-PAULINA-SOTO-PERFIL.jpg",18,12,false],"htmega_size_585x295":["https:\/\/www.uartes.edu.ec\/sitio\/wp-content\/uploads\/2020\/06\/MARIA-PAULINA-SOTO-PERFIL.jpg",443,295,false],"htmega_size_1170x536":["https:\/\/www.uartes.edu.ec\/sitio\/wp-content\/uploads\/2020\/06\/MARIA-PAULINA-SOTO-PERFIL.jpg",804,536,false],"htmega_size_396x360":["https:\/\/www.uartes.edu.ec\/sitio\/wp-content\/uploads\/2020\/06\/MARIA-PAULINA-SOTO-PERFIL.jpg",396,264,false],"gb-block-post-grid-landscape":["https:\/\/www.uartes.edu.ec\/sitio\/wp-content\/uploads\/2020\/06\/MARIA-PAULINA-SOTO-PERFIL.jpg",600,400,false],"gb-block-post-grid-square":["https:\/\/www.uartes.edu.ec\/sitio\/wp-content\/uploads\/2020\/06\/MARIA-PAULINA-SOTO-PERFIL.jpg",600,400,false],"university-hub-thumb":["https:\/\/www.uartes.edu.ec\/sitio\/wp-content\/uploads\/2020\/06\/MARIA-PAULINA-SOTO-PERFIL-400x267.jpg",400,267,true]},"uagb_author_info":{"display_name":"Universidad de las Artes","author_link":"https:\/\/www.uartes.edu.ec\/sitio\/fr\/blog\/author\/dircomadm\/"},"uagb_comment_info":0,"uagb_excerpt":"La Universidad de las Artes ha sido invitada a participar en la Serie Webinarios Educaci\u00f3n Superior y Estrategias para la Internacionalizaci\u00f3n en Casa, desarrollada por la Universidad Veracruzana (UV), en coordinaci\u00f3n con la Organizaci\u00f3n Universitaria Interamericana (OUI).","featured_image_src":"https:\/\/www.uartes.edu.ec\/sitio\/wp-content\/uploads\/2020\/06\/MARIA-PAULINA-SOTO-PERFIL.jpg","featured_image_src_square":"https:\/\/www.uartes.edu.ec\/sitio\/wp-content\/uploads\/2020\/06\/MARIA-PAULINA-SOTO-PERFIL.jpg","author_info":{"display_name":"Universidad de las Artes","author_link":"https:\/\/www.uartes.edu.ec\/sitio\/fr\/blog\/author\/dircomadm\/"},"publishpress_future_workflow_manual_trigger":{"enabledWorkflows":[]},"distributor_meta":false,"distributor_terms":false,"distributor_media":false,"distributor_original_site_name":"Universidad de las Artes","distributor_original_site_url":"https:\/\/www.uartes.edu.ec\/sitio\/fr","push-errors":false,"_links":{"self":[{"href":"https:\/\/www.uartes.edu.ec\/sitio\/fr\/wp-json\/wp\/v2\/posts\/7263","targetHints":{"allow":["GET"]}}],"collection":[{"href":"https:\/\/www.uartes.edu.ec\/sitio\/fr\/wp-json\/wp\/v2\/posts"}],"about":[{"href":"https:\/\/www.uartes.edu.ec\/sitio\/fr\/wp-json\/wp\/v2\/types\/post"}],"author":[{"embeddable":true,"href":"https:\/\/www.uartes.edu.ec\/sitio\/fr\/wp-json\/wp\/v2\/users\/1"}],"replies":[{"embeddable":true,"href":"https:\/\/www.uartes.edu.ec\/sitio\/fr\/wp-json\/wp\/v2\/comments?post=7263"}],"version-history":[{"count":1,"href":"https:\/\/www.uartes.edu.ec\/sitio\/fr\/wp-json\/wp\/v2\/posts\/7263\/revisions"}],"predecessor-version":[{"id":7266,"href":"https:\/\/www.uartes.edu.ec\/sitio\/fr\/wp-json\/wp\/v2\/posts\/7263\/revisions\/7266"}],"wp:featuredmedia":[{"embeddable":true,"href":"https:\/\/www.uartes.edu.ec\/sitio\/fr\/wp-json\/wp\/v2\/media\/7264"}],"wp:attachment":[{"href":"https:\/\/www.uartes.edu.ec\/sitio\/fr\/wp-json\/wp\/v2\/media?parent=7263"}],"wp:term":[{"taxonomy":"category","embeddable":true,"href":"https:\/\/www.uartes.edu.ec\/sitio\/fr\/wp-json\/wp\/v2\/categories?post=7263"},{"taxonomy":"post_tag","embeddable":true,"href":"https:\/\/www.uartes.edu.ec\/sitio\/fr\/wp-json\/wp\/v2\/tags?post=7263"},{"taxonomy":"infouartes","embeddable":true,"href":"https:\/\/www.uartes.edu.ec\/sitio\/fr\/wp-json\/wp\/v2\/infouartes?post=7263"}],"curies":[{"name":"wp","href":"https:\/\/api.w.org\/{rel}","templated":true}]}}