{"id":72715,"date":"2025-05-29T11:05:00","date_gmt":"2025-05-29T16:05:00","guid":{"rendered":"https:\/\/www.uartes.edu.ec\/sitio\/?p=72715"},"modified":"2025-06-02T09:54:08","modified_gmt":"2025-06-02T14:54:08","slug":"en-el-escenario-y-dia-del-open-maic-la-comunidad-uartes-recibio-al-cantautor-chileno-manuel-garcia","status":"publish","type":"post","link":"https:\/\/www.uartes.edu.ec\/sitio\/fr\/blog\/2025\/05\/29\/en-el-escenario-y-dia-del-open-maic-la-comunidad-uartes-recibio-al-cantautor-chileno-manuel-garcia\/","title":{"rendered":"En el escenario del Open MAIC, que la EAS realiza cada martes, la comunidad UArtes recibi\u00f3 al cantautor chileno Manuel Garc\u00eda"},"content":{"rendered":"<p>El cantante y compositor chileno Manuel Garc\u00eda vino al pa\u00eds para ofrecer presentaciones en Quito y Guayaquil como parte de una gira con la cual celebra los 20 a\u00f1os del estreno de su disco debut \u201cP\u00e1nico\u201d, un trabajo compuesto por trece canciones que, seg\u00fan ha se\u00f1alado, marc\u00f3 el inicio de su carrera como solista.<\/p>\n\n\n\n<p>Las presentaciones se programaron el martes 27 de mayo en el Teatro S\u00e1nchez Aguilar de esta ciudad y el jueves 29, en el Teatro Nacional Sucre de Quito. Y mientras los seguidores de Manuel Garc\u00eda se preparaban para su encuentro con \u00e9l, en el escenario del Malakita del antiguo Palacio de la Gobernaci\u00f3n, sede matriz de la UArtes, nuestra comunidad universitaria pudo vivirlo por anticipado.<\/p>\n\n\n\n<p>Invitado por la Escuela de Literatura UArtes, Manuel Garc\u00eda se present\u00f3 en el marco del Open MAIC que cada martes nos congrega para disfrutar y atestiguar del talento de estudiantes, alumni e incluso docentes. El espacio fue concebido por la Escuela de Artes Sonoras como un escenario abierto que acoge en comunidad a todas las expresiones art\u00edsticas.<\/p>\n\n\n\n<p>En la presentaci\u00f3n del cantautor chileno, la directora de la Escuela de Literatura, Mar\u00eda Alejandra Zambrano, se\u00f1al\u00f3 que su presencia era un sue\u00f1o cumplido, un sue\u00f1o que el mismo Manuel Garc\u00eda anot\u00f3 compartir. Evidente fue su emoci\u00f3n y la del p\u00fablico presente. Tanta hermosa juventud, anot\u00f3, le trajo recuerdos de su \u00e9poca de estudiantil y lo llev\u00f3 a compartir canciones sacadas del ba\u00fal de las a\u00f1oranzas.<\/p>\n\n\n<div class=\"wp-block-image\">\n<figure class=\"aligncenter size-large\"><img fetchpriority=\"high\" decoding=\"async\" width=\"644\" height=\"429\" src=\"https:\/\/www.uartes.edu.ec\/sitio\/wp-content\/uploads\/2025\/06\/Proyecto-Cambiar-tamano-de-imagen-2025-05-29T162400.892-644x429.jpeg\" alt=\"\" class=\"wp-image-72716\" srcset=\"https:\/\/www.uartes.edu.ec\/sitio\/wp-content\/uploads\/2025\/06\/Proyecto-Cambiar-tamano-de-imagen-2025-05-29T162400.892-644x429.jpeg 644w, https:\/\/www.uartes.edu.ec\/sitio\/wp-content\/uploads\/2025\/06\/Proyecto-Cambiar-tamano-de-imagen-2025-05-29T162400.892-300x200.jpeg 300w, https:\/\/www.uartes.edu.ec\/sitio\/wp-content\/uploads\/2025\/06\/Proyecto-Cambiar-tamano-de-imagen-2025-05-29T162400.892-768x512.jpeg 768w, https:\/\/www.uartes.edu.ec\/sitio\/wp-content\/uploads\/2025\/06\/Proyecto-Cambiar-tamano-de-imagen-2025-05-29T162400.892-1536x1024.jpeg 1536w, https:\/\/www.uartes.edu.ec\/sitio\/wp-content\/uploads\/2025\/06\/Proyecto-Cambiar-tamano-de-imagen-2025-05-29T162400.892-18x12.jpeg 18w, https:\/\/www.uartes.edu.ec\/sitio\/wp-content\/uploads\/2025\/06\/Proyecto-Cambiar-tamano-de-imagen-2025-05-29T162400.892-600x400.jpeg 600w, https:\/\/www.uartes.edu.ec\/sitio\/wp-content\/uploads\/2025\/06\/Proyecto-Cambiar-tamano-de-imagen-2025-05-29T162400.892-400x267.jpeg 400w, https:\/\/www.uartes.edu.ec\/sitio\/wp-content\/uploads\/2025\/06\/Proyecto-Cambiar-tamano-de-imagen-2025-05-29T162400.892.jpeg 2000w\" sizes=\"(max-width: 644px) 100vw, 644px\" \/><\/figure>\n<\/div>\n\n\n<p>\u201cSoy el trovador chileno viejo ya y aprend\u00ed en el camino que lo mejor que uno puede recoger, que la mayor bendici\u00f3n que uno puede tener como artista, es aprender a escucharnos entre todos y todas, a valorar nuestras culturas ancestrales, a buscar aquello que es invisible y que es m\u00e1gico y siempre creer en qui\u00e9nes somos como pueblo latinoamericano; traspasar la frontera, intentar pensar con el coraz\u00f3n y la mente tambi\u00e9n, ponerla al servicio de la emoci\u00f3n\u201d.<\/p>\n\n\n\n<p>Las palabras e interpretaciones de Manuel Garc\u00eda fueron, ciertamente, ense\u00f1anzas y reflexiones de vida; de aquello que se va aprendiendo en el diario trajinar y, en su caso, de una trayectoria marcada por la canci\u00f3n de autor, la trova, la m\u00fasica de ra\u00edz, el folk-rock latino, la canci\u00f3n popular, el nuevo folclor y el pop-rock electr\u00f3nico.<\/p>\n\n\n\n<p>En el Open MAIC, el artista de 55 a\u00f1os, originario de Arica, Chile, comparti\u00f3 con los estudiantes, docentes y funcionarios UArtes, una hora de canciones que fueron coreadas, aplaudidas y vitoreadas. \u201cMe es muy honrado estar con ustedes y que el camino siempre nos encuentre. Un saludo de Chile para el pueblo ecuatoriano\u201d, expres\u00f3.<\/p>\n\n\n<div class=\"wp-block-image\">\n<figure class=\"aligncenter size-large\"><img decoding=\"async\" width=\"644\" height=\"429\" src=\"https:\/\/www.uartes.edu.ec\/sitio\/wp-content\/uploads\/2025\/06\/Proyecto-Cambiar-tamano-de-imagen-2025-05-29T163148.962-644x429.jpeg\" alt=\"\" class=\"wp-image-72719\" srcset=\"https:\/\/www.uartes.edu.ec\/sitio\/wp-content\/uploads\/2025\/06\/Proyecto-Cambiar-tamano-de-imagen-2025-05-29T163148.962-644x429.jpeg 644w, https:\/\/www.uartes.edu.ec\/sitio\/wp-content\/uploads\/2025\/06\/Proyecto-Cambiar-tamano-de-imagen-2025-05-29T163148.962-300x200.jpeg 300w, https:\/\/www.uartes.edu.ec\/sitio\/wp-content\/uploads\/2025\/06\/Proyecto-Cambiar-tamano-de-imagen-2025-05-29T163148.962-768x512.jpeg 768w, https:\/\/www.uartes.edu.ec\/sitio\/wp-content\/uploads\/2025\/06\/Proyecto-Cambiar-tamano-de-imagen-2025-05-29T163148.962-1536x1024.jpeg 1536w, https:\/\/www.uartes.edu.ec\/sitio\/wp-content\/uploads\/2025\/06\/Proyecto-Cambiar-tamano-de-imagen-2025-05-29T163148.962-18x12.jpeg 18w, https:\/\/www.uartes.edu.ec\/sitio\/wp-content\/uploads\/2025\/06\/Proyecto-Cambiar-tamano-de-imagen-2025-05-29T163148.962-600x400.jpeg 600w, https:\/\/www.uartes.edu.ec\/sitio\/wp-content\/uploads\/2025\/06\/Proyecto-Cambiar-tamano-de-imagen-2025-05-29T163148.962-400x267.jpeg 400w, https:\/\/www.uartes.edu.ec\/sitio\/wp-content\/uploads\/2025\/06\/Proyecto-Cambiar-tamano-de-imagen-2025-05-29T163148.962.jpeg 2000w\" sizes=\"(max-width: 644px) 100vw, 644px\" \/><\/figure>\n<\/div>","protected":false},"excerpt":{"rendered":"<p>El cantautor chileno Manuel Garc\u00eda vino al pa\u00eds para ofrecer conciertos en Quito y Guayaquil dentro de una gira por los 20 a\u00f1os del estreno de su disco debut, \u201cP\u00e1nico\u201d. Se programaron el martes 27 y para hoy, jueves 29, y mientras sus seguidores se preparaban para verlo, en el escenario del Malakita la comunidad UArtes lo disfrut\u00f3 por anticipado gracias a la invitaci\u00f3n que le hizo la Escuela de Literatura.<\/p>","protected":false},"author":10,"featured_media":72818,"comment_status":"open","ping_status":"open","sticky":false,"template":"","format":"standard","meta":{"_acf_changed":false,"_uag_custom_page_level_css":"","_monsterinsights_skip_tracking":false,"_monsterinsights_sitenote_active":false,"_monsterinsights_sitenote_note":"","_monsterinsights_sitenote_category":0,"cybocfi_hide_featured_image":"","footnotes":""},"categories":[82,150,175,83],"tags":[533],"infouartes":[],"class_list":["post-72715","post","type-post","status-publish","format-standard","has-post-thumbnail","hentry","category-artes","category-artes-sonoras","category-literatura","category-sedes","tag-presentacion"],"acf":[],"yoast_head":"<!-- This site is optimized with the Yoast SEO plugin v27.4 - https:\/\/yoast.com\/product\/yoast-seo-wordpress\/ -->\n<title>Universidad de las Artes - En el escenario del Open MAIC, que la EAS realiza cada martes, la comunidad UArtes recibi\u00f3 al cantautor chileno Manuel Garc\u00eda<\/title>\n<meta name=\"description\" content=\"Universidad de las Artes - En el escenario del Open MAIC, que la EAS realiza cada martes, la comunidad UArtes recibi\u00f3 al cantautor chileno Manuel Garc\u00eda\" \/>\n<meta name=\"robots\" content=\"index, follow, max-snippet:-1, max-image-preview:large, max-video-preview:-1\" \/>\n<link rel=\"canonical\" href=\"https:\/\/www.uartes.edu.ec\/sitio\/fr\/blog\/2025\/05\/29\/en-el-escenario-y-dia-del-open-maic-la-comunidad-uartes-recibio-al-cantautor-chileno-manuel-garcia\/\" \/>\n<meta property=\"og:locale\" content=\"fr_FR\" \/>\n<meta property=\"og:type\" content=\"article\" \/>\n<meta property=\"og:title\" content=\"Universidad de las Artes - En el escenario del Open MAIC, que la EAS realiza cada martes, la comunidad UArtes recibi\u00f3 al cantautor chileno Manuel Garc\u00eda\" \/>\n<meta property=\"og:description\" content=\"Universidad de las Artes - En el escenario del Open MAIC, que la EAS realiza cada martes, la comunidad UArtes recibi\u00f3 al cantautor chileno Manuel Garc\u00eda\" \/>\n<meta property=\"og:url\" content=\"https:\/\/www.uartes.edu.ec\/sitio\/fr\/blog\/2025\/05\/29\/en-el-escenario-y-dia-del-open-maic-la-comunidad-uartes-recibio-al-cantautor-chileno-manuel-garcia\/\" \/>\n<meta property=\"og:site_name\" content=\"Universidad de las Artes\" \/>\n<meta property=\"article:publisher\" content=\"https:\/\/www.facebook.com\/uartesec\" \/>\n<meta property=\"article:published_time\" content=\"2025-05-29T16:05:00+00:00\" \/>\n<meta property=\"article:modified_time\" content=\"2025-06-02T14:54:08+00:00\" \/>\n<meta property=\"og:image\" content=\"https:\/\/www.uartes.edu.ec\/sitio\/wp-content\/uploads\/2025\/05\/Proyecto-Cambiar-tamano-de-imagen-2025-06-02T095516.862-644x429.jpeg\" \/>\n\t<meta property=\"og:image:width\" content=\"644\" \/>\n\t<meta property=\"og:image:height\" content=\"429\" \/>\n\t<meta property=\"og:image:type\" content=\"image\/jpeg\" \/>\n<meta name=\"author\" content=\"ccortez\" \/>\n<meta name=\"twitter:card\" content=\"summary_large_image\" \/>\n<meta name=\"twitter:creator\" content=\"@uartesec\" \/>\n<meta name=\"twitter:site\" content=\"@uartesec\" \/>\n<meta name=\"twitter:label1\" content=\"\u00c9crit par\" \/>\n\t<meta name=\"twitter:data1\" content=\"ccortez\" \/>\n\t<meta name=\"twitter:label2\" content=\"Dur\u00e9e de lecture estim\u00e9e\" \/>\n\t<meta name=\"twitter:data2\" content=\"2 minutes\" \/>\n<script type=\"application\/ld+json\" class=\"yoast-schema-graph\">{\"@context\":\"https:\\\/\\\/schema.org\",\"@graph\":[{\"@type\":\"Article\",\"@id\":\"https:\\\/\\\/www.uartes.edu.ec\\\/sitio\\\/fr\\\/blog\\\/2025\\\/05\\\/29\\\/en-el-escenario-y-dia-del-open-maic-la-comunidad-uartes-recibio-al-cantautor-chileno-manuel-garcia\\\/#article\",\"isPartOf\":{\"@id\":\"https:\\\/\\\/www.uartes.edu.ec\\\/sitio\\\/fr\\\/blog\\\/2025\\\/05\\\/29\\\/en-el-escenario-y-dia-del-open-maic-la-comunidad-uartes-recibio-al-cantautor-chileno-manuel-garcia\\\/\"},\"author\":{\"name\":\"ccortez\",\"@id\":\"https:\\\/\\\/www.uartes.edu.ec\\\/sitio\\\/fr\\\/#\\\/schema\\\/person\\\/efa1b8275797664fd7f13a79ccc0b1f4\"},\"headline\":\"En el escenario del Open MAIC, que la EAS realiza cada martes, la comunidad UArtes recibi\u00f3 al cantautor chileno Manuel Garc\u00eda\",\"datePublished\":\"2025-05-29T16:05:00+00:00\",\"dateModified\":\"2025-06-02T14:54:08+00:00\",\"mainEntityOfPage\":{\"@id\":\"https:\\\/\\\/www.uartes.edu.ec\\\/sitio\\\/fr\\\/blog\\\/2025\\\/05\\\/29\\\/en-el-escenario-y-dia-del-open-maic-la-comunidad-uartes-recibio-al-cantautor-chileno-manuel-garcia\\\/\"},\"wordCount\":483,\"commentCount\":0,\"publisher\":{\"@id\":\"https:\\\/\\\/www.uartes.edu.ec\\\/sitio\\\/fr\\\/#organization\"},\"image\":{\"@id\":\"https:\\\/\\\/www.uartes.edu.ec\\\/sitio\\\/fr\\\/blog\\\/2025\\\/05\\\/29\\\/en-el-escenario-y-dia-del-open-maic-la-comunidad-uartes-recibio-al-cantautor-chileno-manuel-garcia\\\/#primaryimage\"},\"thumbnailUrl\":\"https:\\\/\\\/www.uartes.edu.ec\\\/sitio\\\/wp-content\\\/uploads\\\/2025\\\/05\\\/Proyecto-Cambiar-tamano-de-imagen-2025-06-02T095516.862.jpeg\",\"keywords\":[\"presentaci\u00f3n\"],\"articleSection\":[\"Artes\",\"Artes Sonoras\",\"Literatura\",\"Sedes\"],\"inLanguage\":\"fr-FR\",\"potentialAction\":[{\"@type\":\"CommentAction\",\"name\":\"Comment\",\"target\":[\"https:\\\/\\\/www.uartes.edu.ec\\\/sitio\\\/fr\\\/blog\\\/2025\\\/05\\\/29\\\/en-el-escenario-y-dia-del-open-maic-la-comunidad-uartes-recibio-al-cantautor-chileno-manuel-garcia\\\/#respond\"]}]},{\"@type\":[\"WebPage\",\"ItemPage\"],\"@id\":\"https:\\\/\\\/www.uartes.edu.ec\\\/sitio\\\/fr\\\/blog\\\/2025\\\/05\\\/29\\\/en-el-escenario-y-dia-del-open-maic-la-comunidad-uartes-recibio-al-cantautor-chileno-manuel-garcia\\\/\",\"url\":\"https:\\\/\\\/www.uartes.edu.ec\\\/sitio\\\/fr\\\/blog\\\/2025\\\/05\\\/29\\\/en-el-escenario-y-dia-del-open-maic-la-comunidad-uartes-recibio-al-cantautor-chileno-manuel-garcia\\\/\",\"name\":\"Universidad de las Artes - En el escenario del Open MAIC, que la EAS realiza cada martes, la comunidad UArtes recibi\u00f3 al cantautor chileno Manuel Garc\u00eda\",\"isPartOf\":{\"@id\":\"https:\\\/\\\/www.uartes.edu.ec\\\/sitio\\\/fr\\\/#website\"},\"primaryImageOfPage\":{\"@id\":\"https:\\\/\\\/www.uartes.edu.ec\\\/sitio\\\/fr\\\/blog\\\/2025\\\/05\\\/29\\\/en-el-escenario-y-dia-del-open-maic-la-comunidad-uartes-recibio-al-cantautor-chileno-manuel-garcia\\\/#primaryimage\"},\"image\":{\"@id\":\"https:\\\/\\\/www.uartes.edu.ec\\\/sitio\\\/fr\\\/blog\\\/2025\\\/05\\\/29\\\/en-el-escenario-y-dia-del-open-maic-la-comunidad-uartes-recibio-al-cantautor-chileno-manuel-garcia\\\/#primaryimage\"},\"thumbnailUrl\":\"https:\\\/\\\/www.uartes.edu.ec\\\/sitio\\\/wp-content\\\/uploads\\\/2025\\\/05\\\/Proyecto-Cambiar-tamano-de-imagen-2025-06-02T095516.862.jpeg\",\"datePublished\":\"2025-05-29T16:05:00+00:00\",\"dateModified\":\"2025-06-02T14:54:08+00:00\",\"description\":\"Universidad de las Artes - En el escenario del Open MAIC, que la EAS realiza cada martes, la comunidad UArtes recibi\u00f3 al cantautor chileno Manuel Garc\u00eda\",\"breadcrumb\":{\"@id\":\"https:\\\/\\\/www.uartes.edu.ec\\\/sitio\\\/fr\\\/blog\\\/2025\\\/05\\\/29\\\/en-el-escenario-y-dia-del-open-maic-la-comunidad-uartes-recibio-al-cantautor-chileno-manuel-garcia\\\/#breadcrumb\"},\"inLanguage\":\"fr-FR\",\"potentialAction\":[{\"@type\":\"ReadAction\",\"target\":[\"https:\\\/\\\/www.uartes.edu.ec\\\/sitio\\\/fr\\\/blog\\\/2025\\\/05\\\/29\\\/en-el-escenario-y-dia-del-open-maic-la-comunidad-uartes-recibio-al-cantautor-chileno-manuel-garcia\\\/\"]}]},{\"@type\":\"ImageObject\",\"inLanguage\":\"fr-FR\",\"@id\":\"https:\\\/\\\/www.uartes.edu.ec\\\/sitio\\\/fr\\\/blog\\\/2025\\\/05\\\/29\\\/en-el-escenario-y-dia-del-open-maic-la-comunidad-uartes-recibio-al-cantautor-chileno-manuel-garcia\\\/#primaryimage\",\"url\":\"https:\\\/\\\/www.uartes.edu.ec\\\/sitio\\\/wp-content\\\/uploads\\\/2025\\\/05\\\/Proyecto-Cambiar-tamano-de-imagen-2025-06-02T095516.862.jpeg\",\"contentUrl\":\"https:\\\/\\\/www.uartes.edu.ec\\\/sitio\\\/wp-content\\\/uploads\\\/2025\\\/05\\\/Proyecto-Cambiar-tamano-de-imagen-2025-06-02T095516.862.jpeg\",\"width\":2000,\"height\":1333},{\"@type\":\"BreadcrumbList\",\"@id\":\"https:\\\/\\\/www.uartes.edu.ec\\\/sitio\\\/fr\\\/blog\\\/2025\\\/05\\\/29\\\/en-el-escenario-y-dia-del-open-maic-la-comunidad-uartes-recibio-al-cantautor-chileno-manuel-garcia\\\/#breadcrumb\",\"itemListElement\":[{\"@type\":\"ListItem\",\"position\":1,\"name\":\"Inicio\",\"item\":\"https:\\\/\\\/www.uartes.edu.ec\\\/sitio\\\/\"},{\"@type\":\"ListItem\",\"position\":2,\"name\":\"En el escenario del Open MAIC, que la EAS realiza cada martes, la comunidad UArtes recibi\u00f3 al cantautor chileno Manuel Garc\u00eda\"}]},{\"@type\":\"WebSite\",\"@id\":\"https:\\\/\\\/www.uartes.edu.ec\\\/sitio\\\/fr\\\/#website\",\"url\":\"https:\\\/\\\/www.uartes.edu.ec\\\/sitio\\\/fr\\\/\",\"name\":\"Universidad de las Artes\",\"description\":\"Sitio oficial de la Universidad Nacional de las Artes del Ecuador\",\"publisher\":{\"@id\":\"https:\\\/\\\/www.uartes.edu.ec\\\/sitio\\\/fr\\\/#organization\"},\"potentialAction\":[{\"@type\":\"SearchAction\",\"target\":{\"@type\":\"EntryPoint\",\"urlTemplate\":\"https:\\\/\\\/www.uartes.edu.ec\\\/sitio\\\/fr\\\/?s={search_term_string}\"},\"query-input\":{\"@type\":\"PropertyValueSpecification\",\"valueRequired\":true,\"valueName\":\"search_term_string\"}}],\"inLanguage\":\"fr-FR\"},{\"@type\":\"Organization\",\"@id\":\"https:\\\/\\\/www.uartes.edu.ec\\\/sitio\\\/fr\\\/#organization\",\"name\":\"Universidad de las Artes\",\"url\":\"https:\\\/\\\/www.uartes.edu.ec\\\/sitio\\\/fr\\\/\",\"logo\":{\"@type\":\"ImageObject\",\"inLanguage\":\"fr-FR\",\"@id\":\"https:\\\/\\\/www.uartes.edu.ec\\\/sitio\\\/fr\\\/#\\\/schema\\\/logo\\\/image\\\/\",\"url\":\"https:\\\/\\\/www.uartes.edu.ec\\\/sitio\\\/wp-content\\\/uploads\\\/2022\\\/07\\\/logo-ua-horizontal.png\",\"contentUrl\":\"https:\\\/\\\/www.uartes.edu.ec\\\/sitio\\\/wp-content\\\/uploads\\\/2022\\\/07\\\/logo-ua-horizontal.png\",\"width\":800,\"height\":276,\"caption\":\"Universidad de las Artes\"},\"image\":{\"@id\":\"https:\\\/\\\/www.uartes.edu.ec\\\/sitio\\\/fr\\\/#\\\/schema\\\/logo\\\/image\\\/\"},\"sameAs\":[\"https:\\\/\\\/www.facebook.com\\\/uartesec\",\"https:\\\/\\\/x.com\\\/uartesec\",\"https:\\\/\\\/www.tiktok.com\\\/@uartesec\"]},{\"@type\":\"Person\",\"@id\":\"https:\\\/\\\/www.uartes.edu.ec\\\/sitio\\\/fr\\\/#\\\/schema\\\/person\\\/efa1b8275797664fd7f13a79ccc0b1f4\",\"name\":\"ccortez\",\"image\":{\"@type\":\"ImageObject\",\"inLanguage\":\"fr-FR\",\"@id\":\"https:\\\/\\\/secure.gravatar.com\\\/avatar\\\/b2a6f664a3ae8e074346ef91775736c5ec479e637ecced6842de9dc98b5da9cd?s=96&d=mm&r=g\",\"url\":\"https:\\\/\\\/secure.gravatar.com\\\/avatar\\\/b2a6f664a3ae8e074346ef91775736c5ec479e637ecced6842de9dc98b5da9cd?s=96&d=mm&r=g\",\"contentUrl\":\"https:\\\/\\\/secure.gravatar.com\\\/avatar\\\/b2a6f664a3ae8e074346ef91775736c5ec479e637ecced6842de9dc98b5da9cd?s=96&d=mm&r=g\",\"caption\":\"ccortez\"},\"url\":\"https:\\\/\\\/www.uartes.edu.ec\\\/sitio\\\/fr\\\/blog\\\/author\\\/ccortez\\\/\"}]}<\/script>\n<!-- \/ Yoast SEO plugin. -->","yoast_head_json":{"title":"Universidad de las Artes - En el escenario del Open MAIC, que la EAS realiza cada martes, la comunidad UArtes recibi\u00f3 al cantautor chileno Manuel Garc\u00eda","description":"Universidad de las Artes - En el escenario del Open MAIC, que la EAS realiza cada martes, la comunidad UArtes recibi\u00f3 al cantautor chileno Manuel Garc\u00eda","robots":{"index":"index","follow":"follow","max-snippet":"max-snippet:-1","max-image-preview":"max-image-preview:large","max-video-preview":"max-video-preview:-1"},"canonical":"https:\/\/www.uartes.edu.ec\/sitio\/fr\/blog\/2025\/05\/29\/en-el-escenario-y-dia-del-open-maic-la-comunidad-uartes-recibio-al-cantautor-chileno-manuel-garcia\/","og_locale":"fr_FR","og_type":"article","og_title":"Universidad de las Artes - En el escenario del Open MAIC, que la EAS realiza cada martes, la comunidad UArtes recibi\u00f3 al cantautor chileno Manuel Garc\u00eda","og_description":"Universidad de las Artes - En el escenario del Open MAIC, que la EAS realiza cada martes, la comunidad UArtes recibi\u00f3 al cantautor chileno Manuel Garc\u00eda","og_url":"https:\/\/www.uartes.edu.ec\/sitio\/fr\/blog\/2025\/05\/29\/en-el-escenario-y-dia-del-open-maic-la-comunidad-uartes-recibio-al-cantautor-chileno-manuel-garcia\/","og_site_name":"Universidad de las Artes","article_publisher":"https:\/\/www.facebook.com\/uartesec","article_published_time":"2025-05-29T16:05:00+00:00","article_modified_time":"2025-06-02T14:54:08+00:00","og_image":[{"width":644,"height":429,"url":"https:\/\/www.uartes.edu.ec\/sitio\/wp-content\/uploads\/2025\/05\/Proyecto-Cambiar-tamano-de-imagen-2025-06-02T095516.862-644x429.jpeg","type":"image\/jpeg"}],"author":"ccortez","twitter_card":"summary_large_image","twitter_creator":"@uartesec","twitter_site":"@uartesec","twitter_misc":{"\u00c9crit par":"ccortez","Dur\u00e9e de lecture estim\u00e9e":"2 minutes"},"schema":{"@context":"https:\/\/schema.org","@graph":[{"@type":"Article","@id":"https:\/\/www.uartes.edu.ec\/sitio\/fr\/blog\/2025\/05\/29\/en-el-escenario-y-dia-del-open-maic-la-comunidad-uartes-recibio-al-cantautor-chileno-manuel-garcia\/#article","isPartOf":{"@id":"https:\/\/www.uartes.edu.ec\/sitio\/fr\/blog\/2025\/05\/29\/en-el-escenario-y-dia-del-open-maic-la-comunidad-uartes-recibio-al-cantautor-chileno-manuel-garcia\/"},"author":{"name":"ccortez","@id":"https:\/\/www.uartes.edu.ec\/sitio\/fr\/#\/schema\/person\/efa1b8275797664fd7f13a79ccc0b1f4"},"headline":"En el escenario del Open MAIC, que la EAS realiza cada martes, la comunidad UArtes recibi\u00f3 al cantautor chileno Manuel Garc\u00eda","datePublished":"2025-05-29T16:05:00+00:00","dateModified":"2025-06-02T14:54:08+00:00","mainEntityOfPage":{"@id":"https:\/\/www.uartes.edu.ec\/sitio\/fr\/blog\/2025\/05\/29\/en-el-escenario-y-dia-del-open-maic-la-comunidad-uartes-recibio-al-cantautor-chileno-manuel-garcia\/"},"wordCount":483,"commentCount":0,"publisher":{"@id":"https:\/\/www.uartes.edu.ec\/sitio\/fr\/#organization"},"image":{"@id":"https:\/\/www.uartes.edu.ec\/sitio\/fr\/blog\/2025\/05\/29\/en-el-escenario-y-dia-del-open-maic-la-comunidad-uartes-recibio-al-cantautor-chileno-manuel-garcia\/#primaryimage"},"thumbnailUrl":"https:\/\/www.uartes.edu.ec\/sitio\/wp-content\/uploads\/2025\/05\/Proyecto-Cambiar-tamano-de-imagen-2025-06-02T095516.862.jpeg","keywords":["presentaci\u00f3n"],"articleSection":["Artes","Artes Sonoras","Literatura","Sedes"],"inLanguage":"fr-FR","potentialAction":[{"@type":"CommentAction","name":"Comment","target":["https:\/\/www.uartes.edu.ec\/sitio\/fr\/blog\/2025\/05\/29\/en-el-escenario-y-dia-del-open-maic-la-comunidad-uartes-recibio-al-cantautor-chileno-manuel-garcia\/#respond"]}]},{"@type":["WebPage","ItemPage"],"@id":"https:\/\/www.uartes.edu.ec\/sitio\/fr\/blog\/2025\/05\/29\/en-el-escenario-y-dia-del-open-maic-la-comunidad-uartes-recibio-al-cantautor-chileno-manuel-garcia\/","url":"https:\/\/www.uartes.edu.ec\/sitio\/fr\/blog\/2025\/05\/29\/en-el-escenario-y-dia-del-open-maic-la-comunidad-uartes-recibio-al-cantautor-chileno-manuel-garcia\/","name":"Universidad de las Artes - En el escenario del Open MAIC, que la EAS realiza cada martes, la comunidad UArtes recibi\u00f3 al cantautor chileno Manuel Garc\u00eda","isPartOf":{"@id":"https:\/\/www.uartes.edu.ec\/sitio\/fr\/#website"},"primaryImageOfPage":{"@id":"https:\/\/www.uartes.edu.ec\/sitio\/fr\/blog\/2025\/05\/29\/en-el-escenario-y-dia-del-open-maic-la-comunidad-uartes-recibio-al-cantautor-chileno-manuel-garcia\/#primaryimage"},"image":{"@id":"https:\/\/www.uartes.edu.ec\/sitio\/fr\/blog\/2025\/05\/29\/en-el-escenario-y-dia-del-open-maic-la-comunidad-uartes-recibio-al-cantautor-chileno-manuel-garcia\/#primaryimage"},"thumbnailUrl":"https:\/\/www.uartes.edu.ec\/sitio\/wp-content\/uploads\/2025\/05\/Proyecto-Cambiar-tamano-de-imagen-2025-06-02T095516.862.jpeg","datePublished":"2025-05-29T16:05:00+00:00","dateModified":"2025-06-02T14:54:08+00:00","description":"Universidad de las Artes - En el escenario del Open MAIC, que la EAS realiza cada martes, la comunidad UArtes recibi\u00f3 al cantautor chileno Manuel Garc\u00eda","breadcrumb":{"@id":"https:\/\/www.uartes.edu.ec\/sitio\/fr\/blog\/2025\/05\/29\/en-el-escenario-y-dia-del-open-maic-la-comunidad-uartes-recibio-al-cantautor-chileno-manuel-garcia\/#breadcrumb"},"inLanguage":"fr-FR","potentialAction":[{"@type":"ReadAction","target":["https:\/\/www.uartes.edu.ec\/sitio\/fr\/blog\/2025\/05\/29\/en-el-escenario-y-dia-del-open-maic-la-comunidad-uartes-recibio-al-cantautor-chileno-manuel-garcia\/"]}]},{"@type":"ImageObject","inLanguage":"fr-FR","@id":"https:\/\/www.uartes.edu.ec\/sitio\/fr\/blog\/2025\/05\/29\/en-el-escenario-y-dia-del-open-maic-la-comunidad-uartes-recibio-al-cantautor-chileno-manuel-garcia\/#primaryimage","url":"https:\/\/www.uartes.edu.ec\/sitio\/wp-content\/uploads\/2025\/05\/Proyecto-Cambiar-tamano-de-imagen-2025-06-02T095516.862.jpeg","contentUrl":"https:\/\/www.uartes.edu.ec\/sitio\/wp-content\/uploads\/2025\/05\/Proyecto-Cambiar-tamano-de-imagen-2025-06-02T095516.862.jpeg","width":2000,"height":1333},{"@type":"BreadcrumbList","@id":"https:\/\/www.uartes.edu.ec\/sitio\/fr\/blog\/2025\/05\/29\/en-el-escenario-y-dia-del-open-maic-la-comunidad-uartes-recibio-al-cantautor-chileno-manuel-garcia\/#breadcrumb","itemListElement":[{"@type":"ListItem","position":1,"name":"Inicio","item":"https:\/\/www.uartes.edu.ec\/sitio\/"},{"@type":"ListItem","position":2,"name":"En el escenario del Open MAIC, que la EAS realiza cada martes, la comunidad UArtes recibi\u00f3 al cantautor chileno Manuel Garc\u00eda"}]},{"@type":"WebSite","@id":"https:\/\/www.uartes.edu.ec\/sitio\/fr\/#website","url":"https:\/\/www.uartes.edu.ec\/sitio\/fr\/","name":"Universidad de las Artes","description":"Sitio oficial de la Universidad Nacional de las Artes del Ecuador","publisher":{"@id":"https:\/\/www.uartes.edu.ec\/sitio\/fr\/#organization"},"potentialAction":[{"@type":"SearchAction","target":{"@type":"EntryPoint","urlTemplate":"https:\/\/www.uartes.edu.ec\/sitio\/fr\/?s={search_term_string}"},"query-input":{"@type":"PropertyValueSpecification","valueRequired":true,"valueName":"search_term_string"}}],"inLanguage":"fr-FR"},{"@type":"Organization","@id":"https:\/\/www.uartes.edu.ec\/sitio\/fr\/#organization","name":"Universidad de las Artes","url":"https:\/\/www.uartes.edu.ec\/sitio\/fr\/","logo":{"@type":"ImageObject","inLanguage":"fr-FR","@id":"https:\/\/www.uartes.edu.ec\/sitio\/fr\/#\/schema\/logo\/image\/","url":"https:\/\/www.uartes.edu.ec\/sitio\/wp-content\/uploads\/2022\/07\/logo-ua-horizontal.png","contentUrl":"https:\/\/www.uartes.edu.ec\/sitio\/wp-content\/uploads\/2022\/07\/logo-ua-horizontal.png","width":800,"height":276,"caption":"Universidad de las Artes"},"image":{"@id":"https:\/\/www.uartes.edu.ec\/sitio\/fr\/#\/schema\/logo\/image\/"},"sameAs":["https:\/\/www.facebook.com\/uartesec","https:\/\/x.com\/uartesec","https:\/\/www.tiktok.com\/@uartesec"]},{"@type":"Person","@id":"https:\/\/www.uartes.edu.ec\/sitio\/fr\/#\/schema\/person\/efa1b8275797664fd7f13a79ccc0b1f4","name":"ccortez","image":{"@type":"ImageObject","inLanguage":"fr-FR","@id":"https:\/\/secure.gravatar.com\/avatar\/b2a6f664a3ae8e074346ef91775736c5ec479e637ecced6842de9dc98b5da9cd?s=96&d=mm&r=g","url":"https:\/\/secure.gravatar.com\/avatar\/b2a6f664a3ae8e074346ef91775736c5ec479e637ecced6842de9dc98b5da9cd?s=96&d=mm&r=g","contentUrl":"https:\/\/secure.gravatar.com\/avatar\/b2a6f664a3ae8e074346ef91775736c5ec479e637ecced6842de9dc98b5da9cd?s=96&d=mm&r=g","caption":"ccortez"},"url":"https:\/\/www.uartes.edu.ec\/sitio\/fr\/blog\/author\/ccortez\/"}]}},"uagb_featured_image_src":{"full":["https:\/\/www.uartes.edu.ec\/sitio\/wp-content\/uploads\/2025\/05\/Proyecto-Cambiar-tamano-de-imagen-2025-06-02T095516.862.jpeg",2000,1333,false],"thumbnail":["https:\/\/www.uartes.edu.ec\/sitio\/wp-content\/uploads\/2025\/05\/Proyecto-Cambiar-tamano-de-imagen-2025-06-02T095516.862-150x150.jpeg",150,150,true],"medium":["https:\/\/www.uartes.edu.ec\/sitio\/wp-content\/uploads\/2025\/05\/Proyecto-Cambiar-tamano-de-imagen-2025-06-02T095516.862-300x200.jpeg",300,200,true],"medium_large":["https:\/\/www.uartes.edu.ec\/sitio\/wp-content\/uploads\/2025\/05\/Proyecto-Cambiar-tamano-de-imagen-2025-06-02T095516.862-768x512.jpeg",768,512,true],"large":["https:\/\/www.uartes.edu.ec\/sitio\/wp-content\/uploads\/2025\/05\/Proyecto-Cambiar-tamano-de-imagen-2025-06-02T095516.862-644x429.jpeg",644,429,true],"1536x1536":["https:\/\/www.uartes.edu.ec\/sitio\/wp-content\/uploads\/2025\/05\/Proyecto-Cambiar-tamano-de-imagen-2025-06-02T095516.862-1536x1024.jpeg",1536,1024,true],"2048x2048":["https:\/\/www.uartes.edu.ec\/sitio\/wp-content\/uploads\/2025\/05\/Proyecto-Cambiar-tamano-de-imagen-2025-06-02T095516.862.jpeg",2000,1333,false],"trp-custom-language-flag":["https:\/\/www.uartes.edu.ec\/sitio\/wp-content\/uploads\/2025\/05\/Proyecto-Cambiar-tamano-de-imagen-2025-06-02T095516.862-18x12.jpeg",18,12,true],"htmega_size_585x295":["https:\/\/www.uartes.edu.ec\/sitio\/wp-content\/uploads\/2025\/05\/Proyecto-Cambiar-tamano-de-imagen-2025-06-02T095516.862-585x295.jpeg",585,295,true],"htmega_size_1170x536":["https:\/\/www.uartes.edu.ec\/sitio\/wp-content\/uploads\/2025\/05\/Proyecto-Cambiar-tamano-de-imagen-2025-06-02T095516.862-1170x536.jpeg",1170,536,true],"htmega_size_396x360":["https:\/\/www.uartes.edu.ec\/sitio\/wp-content\/uploads\/2025\/05\/Proyecto-Cambiar-tamano-de-imagen-2025-06-02T095516.862-396x360.jpeg",396,360,true],"gb-block-post-grid-landscape":["https:\/\/www.uartes.edu.ec\/sitio\/wp-content\/uploads\/2025\/05\/Proyecto-Cambiar-tamano-de-imagen-2025-06-02T095516.862-600x400.jpeg",600,400,true],"gb-block-post-grid-square":["https:\/\/www.uartes.edu.ec\/sitio\/wp-content\/uploads\/2025\/05\/Proyecto-Cambiar-tamano-de-imagen-2025-06-02T095516.862-600x600.jpeg",600,600,true],"university-hub-thumb":["https:\/\/www.uartes.edu.ec\/sitio\/wp-content\/uploads\/2025\/05\/Proyecto-Cambiar-tamano-de-imagen-2025-06-02T095516.862-400x267.jpeg",400,267,true],"mailpoet_newsletter_max":["https:\/\/www.uartes.edu.ec\/sitio\/wp-content\/uploads\/2025\/05\/Proyecto-Cambiar-tamano-de-imagen-2025-06-02T095516.862.jpeg",1320,880,false]},"uagb_author_info":{"display_name":"ccortez","author_link":"https:\/\/www.uartes.edu.ec\/sitio\/fr\/blog\/author\/ccortez\/"},"uagb_comment_info":0,"uagb_excerpt":"El cantautor chileno Manuel Garc\u00eda vino al pa\u00eds para ofrecer conciertos en Quito y Guayaquil dentro de una gira por los 20 a\u00f1os del estreno de su disco debut, \u201cP\u00e1nico\u201d. Se programaron el martes 27 y para hoy, jueves 29, y mientras sus seguidores se preparaban para verlo, en el escenario del Malakita la comunidad\u2026","featured_image_src":"https:\/\/www.uartes.edu.ec\/sitio\/wp-content\/uploads\/2025\/05\/Proyecto-Cambiar-tamano-de-imagen-2025-06-02T095516.862-600x400.jpeg","featured_image_src_square":"https:\/\/www.uartes.edu.ec\/sitio\/wp-content\/uploads\/2025\/05\/Proyecto-Cambiar-tamano-de-imagen-2025-06-02T095516.862-600x600.jpeg","author_info":{"display_name":"ccortez","author_link":"https:\/\/www.uartes.edu.ec\/sitio\/fr\/blog\/author\/ccortez\/"},"publishpress_future_workflow_manual_trigger":{"enabledWorkflows":[]},"distributor_meta":false,"distributor_terms":false,"distributor_media":false,"distributor_original_site_name":"Universidad de las Artes","distributor_original_site_url":"https:\/\/www.uartes.edu.ec\/sitio\/fr","push-errors":false,"_links":{"self":[{"href":"https:\/\/www.uartes.edu.ec\/sitio\/fr\/wp-json\/wp\/v2\/posts\/72715","targetHints":{"allow":["GET"]}}],"collection":[{"href":"https:\/\/www.uartes.edu.ec\/sitio\/fr\/wp-json\/wp\/v2\/posts"}],"about":[{"href":"https:\/\/www.uartes.edu.ec\/sitio\/fr\/wp-json\/wp\/v2\/types\/post"}],"author":[{"embeddable":true,"href":"https:\/\/www.uartes.edu.ec\/sitio\/fr\/wp-json\/wp\/v2\/users\/10"}],"replies":[{"embeddable":true,"href":"https:\/\/www.uartes.edu.ec\/sitio\/fr\/wp-json\/wp\/v2\/comments?post=72715"}],"version-history":[{"count":7,"href":"https:\/\/www.uartes.edu.ec\/sitio\/fr\/wp-json\/wp\/v2\/posts\/72715\/revisions"}],"predecessor-version":[{"id":72807,"href":"https:\/\/www.uartes.edu.ec\/sitio\/fr\/wp-json\/wp\/v2\/posts\/72715\/revisions\/72807"}],"wp:featuredmedia":[{"embeddable":true,"href":"https:\/\/www.uartes.edu.ec\/sitio\/fr\/wp-json\/wp\/v2\/media\/72818"}],"wp:attachment":[{"href":"https:\/\/www.uartes.edu.ec\/sitio\/fr\/wp-json\/wp\/v2\/media?parent=72715"}],"wp:term":[{"taxonomy":"category","embeddable":true,"href":"https:\/\/www.uartes.edu.ec\/sitio\/fr\/wp-json\/wp\/v2\/categories?post=72715"},{"taxonomy":"post_tag","embeddable":true,"href":"https:\/\/www.uartes.edu.ec\/sitio\/fr\/wp-json\/wp\/v2\/tags?post=72715"},{"taxonomy":"infouartes","embeddable":true,"href":"https:\/\/www.uartes.edu.ec\/sitio\/fr\/wp-json\/wp\/v2\/infouartes?post=72715"}],"curies":[{"name":"wp","href":"https:\/\/api.w.org\/{rel}","templated":true}]}}