{"id":73004,"date":"2025-06-03T14:52:00","date_gmt":"2025-06-03T19:52:00","guid":{"rendered":"https:\/\/www.uartes.edu.ec\/sitio\/?p=73004"},"modified":"2025-06-05T14:15:16","modified_gmt":"2025-06-05T19:15:16","slug":"proyecto-derivas-presento-en-jornada-un-documental-sobre-movilidad-migratoria-tambien-al-coro-anima-y-al-grupo-palante","status":"publish","type":"post","link":"https:\/\/www.uartes.edu.ec\/sitio\/fr\/blog\/2025\/06\/03\/proyecto-derivas-presento-en-jornada-un-documental-sobre-movilidad-migratoria-tambien-al-coro-anima-y-al-grupo-palante\/","title":{"rendered":"Proyecto \u201cDerivas\u201d present\u00f3 en jornada un documental sobre movilidad migratoria; tambi\u00e9n al Coro \u00c1nima y al grupo Pa\u2019lante"},"content":{"rendered":"<p>El proyecto de vinculaci\u00f3n con la comunidad \u201cDerivas, memoria en movimiento\u201d, recopila en un documental de 18 minutos el testimonio coral de quienes no solo viven, sino que enfrentan la movilidad migratoria. La proyecci\u00f3n del audiovisual se hizo en la muestra de resultados presentada por las docentes Siomara Espa\u00f1a y Solange Rodr\u00edguez y el equipo que las acompa\u00f1\u00f3 en esta traves\u00eda compartida.<\/p>\n\n\n\n<p>Al anunciar el audiovisual: \u00abDerivas, arte en movimiento. El arte hacia una cultura de paz y derechos humanos\u00bb, los estudiantes de Literatura Mell Hungr\u00eda y Leandro Casanello, sus presentadores, leyeron una introducci\u00f3n elaborada por Siomara Espa\u00f1a y Solange Rodr\u00edguez, quienes citando el poema de la escritora cubana Carilda Oliver (\u201cCuando vino mi abuela trajo un poco de tierra espa\u00f1ola \/ cuando se fue mi madre llev\u00f3 un poco de tierra cubana. \/Yo no quiero tierras divididas, la quiero toda sobre mi tumba\u201d) revelaron que durante varias semanas recorrieron junto con sus estudiantes territorios y compartieron experiencias con personas en situaci\u00f3n de movilidad.<\/p>\n\n\n\n<p>Ofrecieron talleres literarios para pensar la escritura y el derecho de narrar topograf\u00edas ausentes a trav\u00e9s de la memoria, la evocaci\u00f3n y el di\u00e1logo. De esa experiencia viva, se\u00f1alaron Hungr\u00eda y Casanello quedaron como ense\u00f1anza \u201cque la migraci\u00f3n no es solamente desplazamiento, es una forma de existir entre la p\u00e9rdida y la esperanza; migrar es dejar algo atr\u00e1s y no saber si al volver lo encontrar\u00e1s o no, es hablar con acento de ausencia, es recordar a gritos lo que apenas el cuerpo puede susurrar\u201d.<\/p>\n\n\n<div class=\"wp-block-image\">\n<figure class=\"aligncenter size-large\"><img fetchpriority=\"high\" decoding=\"async\" width=\"644\" height=\"422\" src=\"https:\/\/www.uartes.edu.ec\/sitio\/wp-content\/uploads\/2025\/06\/Proyecto-Cambiar-tamano-de-imagen-2025-06-03T132812.122-1-644x422.jpeg\" alt=\"\" class=\"wp-image-73006\" srcset=\"https:\/\/www.uartes.edu.ec\/sitio\/wp-content\/uploads\/2025\/06\/Proyecto-Cambiar-tamano-de-imagen-2025-06-03T132812.122-1-644x422.jpeg 644w, https:\/\/www.uartes.edu.ec\/sitio\/wp-content\/uploads\/2025\/06\/Proyecto-Cambiar-tamano-de-imagen-2025-06-03T132812.122-1-300x197.jpeg 300w, https:\/\/www.uartes.edu.ec\/sitio\/wp-content\/uploads\/2025\/06\/Proyecto-Cambiar-tamano-de-imagen-2025-06-03T132812.122-1-768x503.jpeg 768w, https:\/\/www.uartes.edu.ec\/sitio\/wp-content\/uploads\/2025\/06\/Proyecto-Cambiar-tamano-de-imagen-2025-06-03T132812.122-1-1536x1007.jpeg 1536w, https:\/\/www.uartes.edu.ec\/sitio\/wp-content\/uploads\/2025\/06\/Proyecto-Cambiar-tamano-de-imagen-2025-06-03T132812.122-1-18x12.jpeg 18w, https:\/\/www.uartes.edu.ec\/sitio\/wp-content\/uploads\/2025\/06\/Proyecto-Cambiar-tamano-de-imagen-2025-06-03T132812.122-1-400x262.jpeg 400w, https:\/\/www.uartes.edu.ec\/sitio\/wp-content\/uploads\/2025\/06\/Proyecto-Cambiar-tamano-de-imagen-2025-06-03T132812.122-1.jpeg 1921w\" sizes=\"(max-width: 644px) 100vw, 644px\" \/><\/figure>\n<\/div>\n\n\n<figure class=\"wp-block-gallery has-nested-images columns-default is-cropped wp-block-gallery-1 is-layout-flex wp-block-gallery-is-layout-flex\">\n<figure class=\"wp-block-image size-large\"><img decoding=\"async\" width=\"644\" height=\"358\" data-id=\"73008\" src=\"https:\/\/www.uartes.edu.ec\/sitio\/wp-content\/uploads\/2025\/06\/Derivar5-644x358.png\" alt=\"\" class=\"wp-image-73008\" srcset=\"https:\/\/www.uartes.edu.ec\/sitio\/wp-content\/uploads\/2025\/06\/Derivar5-644x358.png 644w, https:\/\/www.uartes.edu.ec\/sitio\/wp-content\/uploads\/2025\/06\/Derivar5-300x167.png 300w, https:\/\/www.uartes.edu.ec\/sitio\/wp-content\/uploads\/2025\/06\/Derivar5-768x426.png 768w, https:\/\/www.uartes.edu.ec\/sitio\/wp-content\/uploads\/2025\/06\/Derivar5-18x10.png 18w, https:\/\/www.uartes.edu.ec\/sitio\/wp-content\/uploads\/2025\/06\/Derivar5-400x222.png 400w, https:\/\/www.uartes.edu.ec\/sitio\/wp-content\/uploads\/2025\/06\/Derivar5.png 787w\" sizes=\"(max-width: 644px) 100vw, 644px\" \/><\/figure>\n\n\n\n<figure class=\"wp-block-image size-large\"><img decoding=\"async\" width=\"504\" height=\"284\" data-id=\"73007\" src=\"https:\/\/www.uartes.edu.ec\/sitio\/wp-content\/uploads\/2025\/06\/Derivar1.png\" alt=\"\" class=\"wp-image-73007\" srcset=\"https:\/\/www.uartes.edu.ec\/sitio\/wp-content\/uploads\/2025\/06\/Derivar1.png 504w, https:\/\/www.uartes.edu.ec\/sitio\/wp-content\/uploads\/2025\/06\/Derivar1-300x169.png 300w, https:\/\/www.uartes.edu.ec\/sitio\/wp-content\/uploads\/2025\/06\/Derivar1-18x10.png 18w, https:\/\/www.uartes.edu.ec\/sitio\/wp-content\/uploads\/2025\/06\/Derivar1-400x225.png 400w\" sizes=\"(max-width: 504px) 100vw, 504px\" \/><\/figure>\n<\/figure>\n\n\n\n<p>Cada historia que conduce a un faro, a iluminarnos, nos hace reflexionar, cuestionarnos, abrazar los sue\u00f1os compartidos, las esperanzas, la misma forma de amar (\u2026). Estos ejercicios de escritura que compartimos con muchas de las personas en movilidad y migrantes fueron una excelente forma de reconstruir lo que cada uno so\u00f1amos. \u201cDerivas\u201d es el nombre del andar compartido, porque derivar es dejarse llevar, pero tambi\u00e9n resistir la corriente, es caminarse promesa de llegada, pero con la certeza de estar construyendo camino, en cada conversaci\u00f3n, en cada texto escrito, donde se teje un puente entre el valor y la palabra.<\/p>\n\n\n\n<p>En el texto introductorio del documental, las docentes recordaron las palabras de un estudiante en uno de los primeros talleres realizados: El mapa de mi vida no cabe en un solo pa\u00eds. No hay patria m\u00e1s honda que la memoria, recalcaron, detallando que el audiovisual es una recopilaci\u00f3n de vivencias. \u201cEsa memoria de la migraci\u00f3n nos habla de la necesidad de pensar en hermanarnos, en vivir y habitar un mundo sin fronteras ni esquemas (\u2026).<\/p>\n\n\n\n<p>Entonces se dio paso al producto que visualmente document\u00f3 a \u201cDerivas, memoria y movimiento\u201d, un testimonio del poder transformador de la palabra y del trabajo comunitario, una cancelaci\u00f3n de voces que se solidariza con el proceso migratorio para discutirlo y humanizarlo.<\/p>\n\n\n\n<h3 class=\"wp-block-heading\">Coro \u00c1nima y grupo Pa\u2019lante con esperanza<\/h3>\n\n\n\n<p>Otra de las presentaciones que complementaron la jornada de presentaci\u00f3n de resultados del proyecto de vinculaci\u00f3n fue la del Coro \u00c1nima, integrado por personas de la tercera edad, dirigido por la docente Yanella Duarte y acompa\u00f1ado para la ocasi\u00f3n por el tambi\u00e9n profesor UArtes, Arturo Parra, en el piano, y el estudiante Michael Rojas, en la guitarra, ambos de la Escuela de Artes Sonoras.<\/p>\n\n\n<div class=\"wp-block-image\">\n<figure class=\"aligncenter size-large\"><img loading=\"lazy\" decoding=\"async\" width=\"644\" height=\"427\" src=\"https:\/\/www.uartes.edu.ec\/sitio\/wp-content\/uploads\/2025\/06\/Proyecto-Cambiar-tamano-de-imagen-2025-06-03T143043.955-1-644x427.jpeg\" alt=\"\" class=\"wp-image-73014\" srcset=\"https:\/\/www.uartes.edu.ec\/sitio\/wp-content\/uploads\/2025\/06\/Proyecto-Cambiar-tamano-de-imagen-2025-06-03T143043.955-1-644x427.jpeg 644w, https:\/\/www.uartes.edu.ec\/sitio\/wp-content\/uploads\/2025\/06\/Proyecto-Cambiar-tamano-de-imagen-2025-06-03T143043.955-1-300x199.jpeg 300w, https:\/\/www.uartes.edu.ec\/sitio\/wp-content\/uploads\/2025\/06\/Proyecto-Cambiar-tamano-de-imagen-2025-06-03T143043.955-1-768x509.jpeg 768w, https:\/\/www.uartes.edu.ec\/sitio\/wp-content\/uploads\/2025\/06\/Proyecto-Cambiar-tamano-de-imagen-2025-06-03T143043.955-1-1536x1018.jpeg 1536w, https:\/\/www.uartes.edu.ec\/sitio\/wp-content\/uploads\/2025\/06\/Proyecto-Cambiar-tamano-de-imagen-2025-06-03T143043.955-1-18x12.jpeg 18w, https:\/\/www.uartes.edu.ec\/sitio\/wp-content\/uploads\/2025\/06\/Proyecto-Cambiar-tamano-de-imagen-2025-06-03T143043.955-1-400x265.jpeg 400w, https:\/\/www.uartes.edu.ec\/sitio\/wp-content\/uploads\/2025\/06\/Proyecto-Cambiar-tamano-de-imagen-2025-06-03T143043.955-1.jpeg 1924w\" sizes=\"(max-width: 644px) 100vw, 644px\" \/><\/figure>\n<\/div>\n\n\n<figure class=\"wp-block-gallery has-nested-images columns-default is-cropped wp-block-gallery-2 is-layout-flex wp-block-gallery-is-layout-flex\">\n<figure class=\"wp-block-image size-large\"><img loading=\"lazy\" decoding=\"async\" width=\"644\" height=\"427\" data-id=\"73011\" src=\"https:\/\/www.uartes.edu.ec\/sitio\/wp-content\/uploads\/2025\/06\/Proyecto-Cambiar-tamano-de-imagen-2025-06-03T143155.374-644x427.jpeg\" alt=\"\" class=\"wp-image-73011\" srcset=\"https:\/\/www.uartes.edu.ec\/sitio\/wp-content\/uploads\/2025\/06\/Proyecto-Cambiar-tamano-de-imagen-2025-06-03T143155.374-644x427.jpeg 644w, https:\/\/www.uartes.edu.ec\/sitio\/wp-content\/uploads\/2025\/06\/Proyecto-Cambiar-tamano-de-imagen-2025-06-03T143155.374-300x199.jpeg 300w, https:\/\/www.uartes.edu.ec\/sitio\/wp-content\/uploads\/2025\/06\/Proyecto-Cambiar-tamano-de-imagen-2025-06-03T143155.374-768x509.jpeg 768w, https:\/\/www.uartes.edu.ec\/sitio\/wp-content\/uploads\/2025\/06\/Proyecto-Cambiar-tamano-de-imagen-2025-06-03T143155.374-1536x1019.jpeg 1536w, https:\/\/www.uartes.edu.ec\/sitio\/wp-content\/uploads\/2025\/06\/Proyecto-Cambiar-tamano-de-imagen-2025-06-03T143155.374-18x12.jpeg 18w, https:\/\/www.uartes.edu.ec\/sitio\/wp-content\/uploads\/2025\/06\/Proyecto-Cambiar-tamano-de-imagen-2025-06-03T143155.374-400x265.jpeg 400w, https:\/\/www.uartes.edu.ec\/sitio\/wp-content\/uploads\/2025\/06\/Proyecto-Cambiar-tamano-de-imagen-2025-06-03T143155.374.jpeg 1915w\" sizes=\"(max-width: 644px) 100vw, 644px\" \/><\/figure>\n\n\n\n<figure class=\"wp-block-image size-large\"><img loading=\"lazy\" decoding=\"async\" width=\"644\" height=\"427\" data-id=\"73010\" src=\"https:\/\/www.uartes.edu.ec\/sitio\/wp-content\/uploads\/2025\/06\/Proyecto-Cambiar-tamano-de-imagen-2025-06-03T132345.499-644x427.jpeg\" alt=\"\" class=\"wp-image-73010\" srcset=\"https:\/\/www.uartes.edu.ec\/sitio\/wp-content\/uploads\/2025\/06\/Proyecto-Cambiar-tamano-de-imagen-2025-06-03T132345.499-644x427.jpeg 644w, https:\/\/www.uartes.edu.ec\/sitio\/wp-content\/uploads\/2025\/06\/Proyecto-Cambiar-tamano-de-imagen-2025-06-03T132345.499-300x199.jpeg 300w, https:\/\/www.uartes.edu.ec\/sitio\/wp-content\/uploads\/2025\/06\/Proyecto-Cambiar-tamano-de-imagen-2025-06-03T132345.499-768x510.jpeg 768w, https:\/\/www.uartes.edu.ec\/sitio\/wp-content\/uploads\/2025\/06\/Proyecto-Cambiar-tamano-de-imagen-2025-06-03T132345.499-1536x1019.jpeg 1536w, https:\/\/www.uartes.edu.ec\/sitio\/wp-content\/uploads\/2025\/06\/Proyecto-Cambiar-tamano-de-imagen-2025-06-03T132345.499-18x12.jpeg 18w, https:\/\/www.uartes.edu.ec\/sitio\/wp-content\/uploads\/2025\/06\/Proyecto-Cambiar-tamano-de-imagen-2025-06-03T132345.499-400x265.jpeg 400w, https:\/\/www.uartes.edu.ec\/sitio\/wp-content\/uploads\/2025\/06\/Proyecto-Cambiar-tamano-de-imagen-2025-06-03T132345.499.jpeg 1918w\" sizes=\"(max-width: 644px) 100vw, 644px\" \/><\/figure>\n<\/figure>\n\n\n\n<p>\u201cVamos a escuchar un viaje sonoro a trav\u00e9s de diversas regiones de Am\u00e9rica\u201d, dijeron los presentadores al anunciar al Coro \u00c1nima, que en su repertorio comparti\u00f3 los temas: \u201cTodo cambia\u201d, compuesta por el chileno Julio Numhauser e interpretada por Mercedes Sosa; \u201cViolencia\u201d, del compositor colombiano Jos\u00e9 Barros y popularizada por Gabriel Romero: y \u201cMoliendo caf\u00e9\u201d, del venezolano Jos\u00e9 Manzo Perroni y grabada por varios artistas.<\/p>\n\n\n\n<p>La primera de las dos jornadas del proyecto \u201cDerivas, memoria en movimiento\u201d concluy\u00f3 con la presentaci\u00f3n del grupo Pa\u2019lante con esperanza, dirigido por Nancy Murillo. Como pre\u00e1mbulo, Mell Hungr\u00eda y Leandro Cassanello indicaron que la m\u00fasica es un lenguaje universal que trasciende las barreras ling\u00fc\u00edsticas y culturales, permitiendo expresar emociones, memorias y experiencias compartidas que ayudan a reconstruir y reconfigurar identidades.<\/p>\n\n\n\n<p>\u201cEn este sentido, la pr\u00e1ctica musical colectiva: cantar y bailar, se convierte en un espacio de mestizaje cultural que plantea nuevos imaginarios y nos sentimos parte de un todo sonoro. Al momento de escuchar joropos, tangos, pasillos, marineras, albazos, ballenatos y zambas, nos volvemos un poco venezolanos, argentinos, ecuatorianos, peruanos, brasile\u00f1os; un solo coraz\u00f3n que se emociona y una sola voz que corea\u201d, refirieron alternadamente.<\/p>\n\n\n\n<p>Hungr\u00eda agreg\u00f3 que \u201cel baile en la cultura es una manifestaci\u00f3n profundamente ligada a ra\u00edces, sentimientos, ideolog\u00edas y naci\u00f3n, porque encarna la historia viva de nuestros pueblos y la mezcla de sus herencias ind\u00edgenas, africanas y europeas. Cada danza tradicional, como la cumbia, el vallenato, el mapal\u00e9, el bambuco, el sanjuanito, la bomba, entre otros, refleja no solo un estilo musical y coreogr\u00e1fico, sino tambi\u00e9n las experiencias de desplazamiento, la construcci\u00f3n de identidad y las formas de vida de las comunidades que las originaron.<\/p>\n\n\n<div class=\"wp-block-image\">\n<figure class=\"aligncenter size-large\"><img loading=\"lazy\" decoding=\"async\" width=\"644\" height=\"418\" src=\"https:\/\/www.uartes.edu.ec\/sitio\/wp-content\/uploads\/2025\/06\/Proyecto-Cambiar-tamano-de-imagen-2025-06-03T131603.096-644x418.jpeg\" alt=\"\" class=\"wp-image-73012\" srcset=\"https:\/\/www.uartes.edu.ec\/sitio\/wp-content\/uploads\/2025\/06\/Proyecto-Cambiar-tamano-de-imagen-2025-06-03T131603.096-644x418.jpeg 644w, https:\/\/www.uartes.edu.ec\/sitio\/wp-content\/uploads\/2025\/06\/Proyecto-Cambiar-tamano-de-imagen-2025-06-03T131603.096-300x195.jpeg 300w, https:\/\/www.uartes.edu.ec\/sitio\/wp-content\/uploads\/2025\/06\/Proyecto-Cambiar-tamano-de-imagen-2025-06-03T131603.096-768x498.jpeg 768w, https:\/\/www.uartes.edu.ec\/sitio\/wp-content\/uploads\/2025\/06\/Proyecto-Cambiar-tamano-de-imagen-2025-06-03T131603.096-1536x997.jpeg 1536w, https:\/\/www.uartes.edu.ec\/sitio\/wp-content\/uploads\/2025\/06\/Proyecto-Cambiar-tamano-de-imagen-2025-06-03T131603.096-18x12.jpeg 18w, https:\/\/www.uartes.edu.ec\/sitio\/wp-content\/uploads\/2025\/06\/Proyecto-Cambiar-tamano-de-imagen-2025-06-03T131603.096-400x260.jpeg 400w, https:\/\/www.uartes.edu.ec\/sitio\/wp-content\/uploads\/2025\/06\/Proyecto-Cambiar-tamano-de-imagen-2025-06-03T131603.096.jpeg 1937w\" sizes=\"(max-width: 644px) 100vw, 644px\" \/><\/figure>\n<\/div>\n\n<div class=\"wp-block-image\">\n<figure class=\"aligncenter size-large is-resized\"><img loading=\"lazy\" decoding=\"async\" width=\"644\" height=\"419\" src=\"https:\/\/www.uartes.edu.ec\/sitio\/wp-content\/uploads\/2025\/06\/Proyecto-Cambiar-tamano-de-imagen-2025-06-03T131811.803-644x419.jpeg\" alt=\"\" class=\"wp-image-73013\" style=\"width:478px;height:auto\" srcset=\"https:\/\/www.uartes.edu.ec\/sitio\/wp-content\/uploads\/2025\/06\/Proyecto-Cambiar-tamano-de-imagen-2025-06-03T131811.803-644x419.jpeg 644w, https:\/\/www.uartes.edu.ec\/sitio\/wp-content\/uploads\/2025\/06\/Proyecto-Cambiar-tamano-de-imagen-2025-06-03T131811.803-300x195.jpeg 300w, https:\/\/www.uartes.edu.ec\/sitio\/wp-content\/uploads\/2025\/06\/Proyecto-Cambiar-tamano-de-imagen-2025-06-03T131811.803-768x499.jpeg 768w, https:\/\/www.uartes.edu.ec\/sitio\/wp-content\/uploads\/2025\/06\/Proyecto-Cambiar-tamano-de-imagen-2025-06-03T131811.803-1536x999.jpeg 1536w, https:\/\/www.uartes.edu.ec\/sitio\/wp-content\/uploads\/2025\/06\/Proyecto-Cambiar-tamano-de-imagen-2025-06-03T131811.803-18x12.jpeg 18w, https:\/\/www.uartes.edu.ec\/sitio\/wp-content\/uploads\/2025\/06\/Proyecto-Cambiar-tamano-de-imagen-2025-06-03T131811.803-400x260.jpeg 400w, https:\/\/www.uartes.edu.ec\/sitio\/wp-content\/uploads\/2025\/06\/Proyecto-Cambiar-tamano-de-imagen-2025-06-03T131811.803.jpeg 1941w\" sizes=\"(max-width: 644px) 100vw, 644px\" \/><\/figure>\n<\/div>\n\n\n<p>Cassanello habl\u00f3 de la g\u00e9nesis y trayectoria de Pa\u2019lante con esperanza. \u201cEs un grupo emp\u00edrico art\u00edstico de mujeres migrantes y refugiadas de Colombia y Venezuela que encontraron en el baile una herramienta de empoderamiento, expresi\u00f3n cultural y sanaci\u00f3n. Naci\u00f3 en el coraz\u00f3n de una comunidad migrante en Ecuador y en su propuesta fusiona ritmos tradicionales, como la cumbia, el joropo y la salsa, con expresiones urbanas y contempor\u00e1neas, creando un lenguaje propio que trasciende fronteras\u201d.<\/p>\n\n\n\n<p>Cada integrante es una historia de coraje: mujeres que han enfrentado el desarraigo, la violencia, la discriminaci\u00f3n y la pobreza, pero que han decidido transformar el dolor en arte y resistencia, a\u00f1adi\u00f3 Mell Hungr\u00eda. \u201cAdem\u00e1s de ser bailarinas, son madres, cuidadoras, emprendedoras y l\u00edderes comunitarias. Muchas gestionan peque\u00f1os negocios de gastronom\u00eda, costura o artesan\u00edas, construyendo redes de apoyo para otras mujeres en situaci\u00f3n de vulnerabilidad\u201d.<\/p>\n\n\n\n<p>Concluyeron que el grupo no solo representa una propuesta cultural, sino tambi\u00e9n un proyecto de vida colectiva. A trav\u00e9s de talleres, presentaciones en festivales y espacios comunitarios Pa\u2019lante con esperanza promueve el respeto por la diversidad, la integraci\u00f3n de los pueblos y la reivindicaci\u00f3n de los derechos de las mujeres migrantes, siendo su lema: \u201cSomos mujeres luchadoras que bailamos para sanar, para resistir, para vivir libres\u201d.<\/p>\n\n\n\n<p>Tras presentar una coreograf\u00eda de varios temas latinoamericanos, el grupo concluy\u00f3 su presentaci\u00f3n bailando con el p\u00fablico presente en la Plaza P\u00fablica, con las docentes Siomara Espa\u00f1a y Solange Rodr\u00edguez, quienes lideraron el proyecto, y los estudiantes que integraron el equipo que las acompa\u00f1\u00f3 en la traves\u00eda.<\/p>\n\n\n\n<p>Fotos: en portada y fotos siguientes la presentaci\u00f3n del documental \u00abDerivas, arte en movimiento. El arte hacia una cultura de paz y derechos humanos\u00bb, y dos capturas de su contenido. Las otras im\u00e1genes corresponden a las presentaciones del Coro \u00c1nima y del grupo de baile Pa&#8217;lante con esperanza; de este \u00faltimo posan sus integrantes junto a las docentes Siomara Espa\u00f1a y Solange Rodr\u00edguez, y Mar\u00eda Jos\u00e9 Icaza, directora de Vinculaci\u00f3n con la Comunidad.<\/p>","protected":false},"excerpt":{"rendered":"<p>El proyecto de vinculaci\u00f3n con la comunidad \u201cDerivas, memoria en movimiento\u201d, recopila en un documental de 18 minutos el testimonio coral de quienes no solo viven, sino que enfrentan la movilidad migratoria. Se proyect\u00f3 en la muestra de resultados del proyecto programada por las docentes Siomara Espa\u00f1a y Solange Rodr\u00edguez; en la jornada tambi\u00e9n intervinieron el Coro \u00c1nima y el grupo de baile Pa\u2019lante con esperanza.<\/p>","protected":false},"author":10,"featured_media":73005,"comment_status":"open","ping_status":"open","sticky":false,"template":"","format":"standard","meta":{"_acf_changed":false,"_uag_custom_page_level_css":"","_monsterinsights_skip_tracking":false,"_monsterinsights_sitenote_active":false,"_monsterinsights_sitenote_note":"","_monsterinsights_sitenote_category":0,"cybocfi_hide_featured_image":"","footnotes":""},"categories":[75,76,77,175,79],"tags":[540],"infouartes":[],"class_list":["post-73004","post","type-post","status-publish","format-standard","has-post-thumbnail","hentry","category-docentes","category-estudiantes","category-gestion","category-literatura","category-vinculo","tag-proyecto"],"acf":[],"yoast_head":"<!-- This site is optimized with the Yoast SEO plugin v27.4 - https:\/\/yoast.com\/product\/yoast-seo-wordpress\/ -->\n<title>Universidad de las Artes - Proyecto \u201cDerivas\u201d present\u00f3 en jornada un documental sobre movilidad migratoria; tambi\u00e9n al Coro \u00c1nima y al grupo Pa\u2019lante<\/title>\n<meta name=\"description\" content=\"Universidad de las Artes - Proyecto \u201cDerivas\u201d present\u00f3 en jornada un documental sobre movilidad migratoria; tambi\u00e9n al Coro \u00c1nima y al grupo Pa\u2019lante\" \/>\n<meta name=\"robots\" content=\"index, follow, max-snippet:-1, max-image-preview:large, max-video-preview:-1\" \/>\n<link rel=\"canonical\" href=\"https:\/\/www.uartes.edu.ec\/sitio\/fr\/blog\/2025\/06\/03\/proyecto-derivas-presento-en-jornada-un-documental-sobre-movilidad-migratoria-tambien-al-coro-anima-y-al-grupo-palante\/\" \/>\n<meta property=\"og:locale\" content=\"fr_FR\" \/>\n<meta property=\"og:type\" content=\"article\" \/>\n<meta property=\"og:title\" content=\"Universidad de las Artes - Proyecto \u201cDerivas\u201d present\u00f3 en jornada un documental sobre movilidad migratoria; tambi\u00e9n al Coro \u00c1nima y al grupo Pa\u2019lante\" \/>\n<meta property=\"og:description\" content=\"Universidad de las Artes - Proyecto \u201cDerivas\u201d present\u00f3 en jornada un documental sobre movilidad migratoria; tambi\u00e9n al Coro \u00c1nima y al grupo Pa\u2019lante\" \/>\n<meta property=\"og:url\" content=\"https:\/\/www.uartes.edu.ec\/sitio\/fr\/blog\/2025\/06\/03\/proyecto-derivas-presento-en-jornada-un-documental-sobre-movilidad-migratoria-tambien-al-coro-anima-y-al-grupo-palante\/\" \/>\n<meta property=\"og:site_name\" content=\"Universidad de las Artes\" \/>\n<meta property=\"article:publisher\" content=\"https:\/\/www.facebook.com\/uartesec\" \/>\n<meta property=\"article:published_time\" content=\"2025-06-03T19:52:00+00:00\" \/>\n<meta property=\"article:modified_time\" content=\"2025-06-05T19:15:16+00:00\" \/>\n<meta property=\"og:image\" content=\"https:\/\/www.uartes.edu.ec\/sitio\/wp-content\/uploads\/2025\/06\/Proyecto-Cambiar-tamano-de-imagen-2025-06-03T132850.635.jpeg\" \/>\n\t<meta property=\"og:image:width\" content=\"1924\" \/>\n\t<meta property=\"og:image:height\" content=\"1262\" \/>\n\t<meta property=\"og:image:type\" content=\"image\/jpeg\" \/>\n<meta name=\"author\" content=\"ccortez\" \/>\n<meta name=\"twitter:card\" content=\"summary_large_image\" \/>\n<meta name=\"twitter:creator\" content=\"@uartesec\" \/>\n<meta name=\"twitter:site\" content=\"@uartesec\" \/>\n<meta name=\"twitter:label1\" content=\"\u00c9crit par\" \/>\n\t<meta name=\"twitter:data1\" content=\"ccortez\" \/>\n\t<meta name=\"twitter:label2\" content=\"Dur\u00e9e de lecture estim\u00e9e\" \/>\n\t<meta name=\"twitter:data2\" content=\"6 minutes\" \/>\n<script type=\"application\/ld+json\" class=\"yoast-schema-graph\">{\"@context\":\"https:\\\/\\\/schema.org\",\"@graph\":[{\"@type\":\"Article\",\"@id\":\"https:\\\/\\\/www.uartes.edu.ec\\\/sitio\\\/fr\\\/blog\\\/2025\\\/06\\\/03\\\/proyecto-derivas-presento-en-jornada-un-documental-sobre-movilidad-migratoria-tambien-al-coro-anima-y-al-grupo-palante\\\/#article\",\"isPartOf\":{\"@id\":\"https:\\\/\\\/www.uartes.edu.ec\\\/sitio\\\/fr\\\/blog\\\/2025\\\/06\\\/03\\\/proyecto-derivas-presento-en-jornada-un-documental-sobre-movilidad-migratoria-tambien-al-coro-anima-y-al-grupo-palante\\\/\"},\"author\":{\"name\":\"ccortez\",\"@id\":\"https:\\\/\\\/www.uartes.edu.ec\\\/sitio\\\/fr\\\/#\\\/schema\\\/person\\\/efa1b8275797664fd7f13a79ccc0b1f4\"},\"headline\":\"Proyecto \u201cDerivas\u201d present\u00f3 en jornada un documental sobre movilidad migratoria; tambi\u00e9n al Coro \u00c1nima y al grupo Pa\u2019lante\",\"datePublished\":\"2025-06-03T19:52:00+00:00\",\"dateModified\":\"2025-06-05T19:15:16+00:00\",\"mainEntityOfPage\":{\"@id\":\"https:\\\/\\\/www.uartes.edu.ec\\\/sitio\\\/fr\\\/blog\\\/2025\\\/06\\\/03\\\/proyecto-derivas-presento-en-jornada-un-documental-sobre-movilidad-migratoria-tambien-al-coro-anima-y-al-grupo-palante\\\/\"},\"wordCount\":1245,\"commentCount\":0,\"publisher\":{\"@id\":\"https:\\\/\\\/www.uartes.edu.ec\\\/sitio\\\/fr\\\/#organization\"},\"image\":{\"@id\":\"https:\\\/\\\/www.uartes.edu.ec\\\/sitio\\\/fr\\\/blog\\\/2025\\\/06\\\/03\\\/proyecto-derivas-presento-en-jornada-un-documental-sobre-movilidad-migratoria-tambien-al-coro-anima-y-al-grupo-palante\\\/#primaryimage\"},\"thumbnailUrl\":\"https:\\\/\\\/www.uartes.edu.ec\\\/sitio\\\/wp-content\\\/uploads\\\/2025\\\/06\\\/Proyecto-Cambiar-tamano-de-imagen-2025-06-03T132850.635.jpeg\",\"keywords\":[\"proyecto\"],\"articleSection\":[\"Docentes\",\"Estudiantes\",\"Gesti\u00f3n\",\"Literatura\",\"V\u00ednculo\"],\"inLanguage\":\"fr-FR\",\"potentialAction\":[{\"@type\":\"CommentAction\",\"name\":\"Comment\",\"target\":[\"https:\\\/\\\/www.uartes.edu.ec\\\/sitio\\\/fr\\\/blog\\\/2025\\\/06\\\/03\\\/proyecto-derivas-presento-en-jornada-un-documental-sobre-movilidad-migratoria-tambien-al-coro-anima-y-al-grupo-palante\\\/#respond\"]}]},{\"@type\":[\"WebPage\",\"ItemPage\"],\"@id\":\"https:\\\/\\\/www.uartes.edu.ec\\\/sitio\\\/fr\\\/blog\\\/2025\\\/06\\\/03\\\/proyecto-derivas-presento-en-jornada-un-documental-sobre-movilidad-migratoria-tambien-al-coro-anima-y-al-grupo-palante\\\/\",\"url\":\"https:\\\/\\\/www.uartes.edu.ec\\\/sitio\\\/fr\\\/blog\\\/2025\\\/06\\\/03\\\/proyecto-derivas-presento-en-jornada-un-documental-sobre-movilidad-migratoria-tambien-al-coro-anima-y-al-grupo-palante\\\/\",\"name\":\"Universidad de las Artes - Proyecto \u201cDerivas\u201d present\u00f3 en jornada un documental sobre movilidad migratoria; tambi\u00e9n al Coro \u00c1nima y al grupo Pa\u2019lante\",\"isPartOf\":{\"@id\":\"https:\\\/\\\/www.uartes.edu.ec\\\/sitio\\\/fr\\\/#website\"},\"primaryImageOfPage\":{\"@id\":\"https:\\\/\\\/www.uartes.edu.ec\\\/sitio\\\/fr\\\/blog\\\/2025\\\/06\\\/03\\\/proyecto-derivas-presento-en-jornada-un-documental-sobre-movilidad-migratoria-tambien-al-coro-anima-y-al-grupo-palante\\\/#primaryimage\"},\"image\":{\"@id\":\"https:\\\/\\\/www.uartes.edu.ec\\\/sitio\\\/fr\\\/blog\\\/2025\\\/06\\\/03\\\/proyecto-derivas-presento-en-jornada-un-documental-sobre-movilidad-migratoria-tambien-al-coro-anima-y-al-grupo-palante\\\/#primaryimage\"},\"thumbnailUrl\":\"https:\\\/\\\/www.uartes.edu.ec\\\/sitio\\\/wp-content\\\/uploads\\\/2025\\\/06\\\/Proyecto-Cambiar-tamano-de-imagen-2025-06-03T132850.635.jpeg\",\"datePublished\":\"2025-06-03T19:52:00+00:00\",\"dateModified\":\"2025-06-05T19:15:16+00:00\",\"description\":\"Universidad de las Artes - Proyecto \u201cDerivas\u201d present\u00f3 en jornada un documental sobre movilidad migratoria; tambi\u00e9n al Coro \u00c1nima y al grupo Pa\u2019lante\",\"breadcrumb\":{\"@id\":\"https:\\\/\\\/www.uartes.edu.ec\\\/sitio\\\/fr\\\/blog\\\/2025\\\/06\\\/03\\\/proyecto-derivas-presento-en-jornada-un-documental-sobre-movilidad-migratoria-tambien-al-coro-anima-y-al-grupo-palante\\\/#breadcrumb\"},\"inLanguage\":\"fr-FR\",\"potentialAction\":[{\"@type\":\"ReadAction\",\"target\":[\"https:\\\/\\\/www.uartes.edu.ec\\\/sitio\\\/fr\\\/blog\\\/2025\\\/06\\\/03\\\/proyecto-derivas-presento-en-jornada-un-documental-sobre-movilidad-migratoria-tambien-al-coro-anima-y-al-grupo-palante\\\/\"]}]},{\"@type\":\"ImageObject\",\"inLanguage\":\"fr-FR\",\"@id\":\"https:\\\/\\\/www.uartes.edu.ec\\\/sitio\\\/fr\\\/blog\\\/2025\\\/06\\\/03\\\/proyecto-derivas-presento-en-jornada-un-documental-sobre-movilidad-migratoria-tambien-al-coro-anima-y-al-grupo-palante\\\/#primaryimage\",\"url\":\"https:\\\/\\\/www.uartes.edu.ec\\\/sitio\\\/wp-content\\\/uploads\\\/2025\\\/06\\\/Proyecto-Cambiar-tamano-de-imagen-2025-06-03T132850.635.jpeg\",\"contentUrl\":\"https:\\\/\\\/www.uartes.edu.ec\\\/sitio\\\/wp-content\\\/uploads\\\/2025\\\/06\\\/Proyecto-Cambiar-tamano-de-imagen-2025-06-03T132850.635.jpeg\",\"width\":1924,\"height\":1262},{\"@type\":\"BreadcrumbList\",\"@id\":\"https:\\\/\\\/www.uartes.edu.ec\\\/sitio\\\/fr\\\/blog\\\/2025\\\/06\\\/03\\\/proyecto-derivas-presento-en-jornada-un-documental-sobre-movilidad-migratoria-tambien-al-coro-anima-y-al-grupo-palante\\\/#breadcrumb\",\"itemListElement\":[{\"@type\":\"ListItem\",\"position\":1,\"name\":\"Inicio\",\"item\":\"https:\\\/\\\/www.uartes.edu.ec\\\/sitio\\\/\"},{\"@type\":\"ListItem\",\"position\":2,\"name\":\"Proyecto \u201cDerivas\u201d present\u00f3 en jornada un documental sobre movilidad migratoria; tambi\u00e9n al Coro \u00c1nima y al grupo Pa\u2019lante\"}]},{\"@type\":\"WebSite\",\"@id\":\"https:\\\/\\\/www.uartes.edu.ec\\\/sitio\\\/fr\\\/#website\",\"url\":\"https:\\\/\\\/www.uartes.edu.ec\\\/sitio\\\/fr\\\/\",\"name\":\"Universidad de las Artes\",\"description\":\"Sitio oficial de la Universidad Nacional de las Artes del Ecuador\",\"publisher\":{\"@id\":\"https:\\\/\\\/www.uartes.edu.ec\\\/sitio\\\/fr\\\/#organization\"},\"potentialAction\":[{\"@type\":\"SearchAction\",\"target\":{\"@type\":\"EntryPoint\",\"urlTemplate\":\"https:\\\/\\\/www.uartes.edu.ec\\\/sitio\\\/fr\\\/?s={search_term_string}\"},\"query-input\":{\"@type\":\"PropertyValueSpecification\",\"valueRequired\":true,\"valueName\":\"search_term_string\"}}],\"inLanguage\":\"fr-FR\"},{\"@type\":\"Organization\",\"@id\":\"https:\\\/\\\/www.uartes.edu.ec\\\/sitio\\\/fr\\\/#organization\",\"name\":\"Universidad de las Artes\",\"url\":\"https:\\\/\\\/www.uartes.edu.ec\\\/sitio\\\/fr\\\/\",\"logo\":{\"@type\":\"ImageObject\",\"inLanguage\":\"fr-FR\",\"@id\":\"https:\\\/\\\/www.uartes.edu.ec\\\/sitio\\\/fr\\\/#\\\/schema\\\/logo\\\/image\\\/\",\"url\":\"https:\\\/\\\/www.uartes.edu.ec\\\/sitio\\\/wp-content\\\/uploads\\\/2022\\\/07\\\/logo-ua-horizontal.png\",\"contentUrl\":\"https:\\\/\\\/www.uartes.edu.ec\\\/sitio\\\/wp-content\\\/uploads\\\/2022\\\/07\\\/logo-ua-horizontal.png\",\"width\":800,\"height\":276,\"caption\":\"Universidad de las Artes\"},\"image\":{\"@id\":\"https:\\\/\\\/www.uartes.edu.ec\\\/sitio\\\/fr\\\/#\\\/schema\\\/logo\\\/image\\\/\"},\"sameAs\":[\"https:\\\/\\\/www.facebook.com\\\/uartesec\",\"https:\\\/\\\/x.com\\\/uartesec\",\"https:\\\/\\\/www.tiktok.com\\\/@uartesec\"]},{\"@type\":\"Person\",\"@id\":\"https:\\\/\\\/www.uartes.edu.ec\\\/sitio\\\/fr\\\/#\\\/schema\\\/person\\\/efa1b8275797664fd7f13a79ccc0b1f4\",\"name\":\"ccortez\",\"image\":{\"@type\":\"ImageObject\",\"inLanguage\":\"fr-FR\",\"@id\":\"https:\\\/\\\/secure.gravatar.com\\\/avatar\\\/b2a6f664a3ae8e074346ef91775736c5ec479e637ecced6842de9dc98b5da9cd?s=96&d=mm&r=g\",\"url\":\"https:\\\/\\\/secure.gravatar.com\\\/avatar\\\/b2a6f664a3ae8e074346ef91775736c5ec479e637ecced6842de9dc98b5da9cd?s=96&d=mm&r=g\",\"contentUrl\":\"https:\\\/\\\/secure.gravatar.com\\\/avatar\\\/b2a6f664a3ae8e074346ef91775736c5ec479e637ecced6842de9dc98b5da9cd?s=96&d=mm&r=g\",\"caption\":\"ccortez\"},\"url\":\"https:\\\/\\\/www.uartes.edu.ec\\\/sitio\\\/fr\\\/blog\\\/author\\\/ccortez\\\/\"}]}<\/script>\n<!-- \/ Yoast SEO plugin. -->","yoast_head_json":{"title":"Universidad de las Artes - Proyecto \u201cDerivas\u201d present\u00f3 en jornada un documental sobre movilidad migratoria; tambi\u00e9n al Coro \u00c1nima y al grupo Pa\u2019lante","description":"Universidad de las Artes - Proyecto \u201cDerivas\u201d present\u00f3 en jornada un documental sobre movilidad migratoria; tambi\u00e9n al Coro \u00c1nima y al grupo Pa\u2019lante","robots":{"index":"index","follow":"follow","max-snippet":"max-snippet:-1","max-image-preview":"max-image-preview:large","max-video-preview":"max-video-preview:-1"},"canonical":"https:\/\/www.uartes.edu.ec\/sitio\/fr\/blog\/2025\/06\/03\/proyecto-derivas-presento-en-jornada-un-documental-sobre-movilidad-migratoria-tambien-al-coro-anima-y-al-grupo-palante\/","og_locale":"fr_FR","og_type":"article","og_title":"Universidad de las Artes - Proyecto \u201cDerivas\u201d present\u00f3 en jornada un documental sobre movilidad migratoria; tambi\u00e9n al Coro \u00c1nima y al grupo Pa\u2019lante","og_description":"Universidad de las Artes - Proyecto \u201cDerivas\u201d present\u00f3 en jornada un documental sobre movilidad migratoria; tambi\u00e9n al Coro \u00c1nima y al grupo Pa\u2019lante","og_url":"https:\/\/www.uartes.edu.ec\/sitio\/fr\/blog\/2025\/06\/03\/proyecto-derivas-presento-en-jornada-un-documental-sobre-movilidad-migratoria-tambien-al-coro-anima-y-al-grupo-palante\/","og_site_name":"Universidad de las Artes","article_publisher":"https:\/\/www.facebook.com\/uartesec","article_published_time":"2025-06-03T19:52:00+00:00","article_modified_time":"2025-06-05T19:15:16+00:00","og_image":[{"width":1924,"height":1262,"url":"https:\/\/www.uartes.edu.ec\/sitio\/wp-content\/uploads\/2025\/06\/Proyecto-Cambiar-tamano-de-imagen-2025-06-03T132850.635.jpeg","type":"image\/jpeg"}],"author":"ccortez","twitter_card":"summary_large_image","twitter_creator":"@uartesec","twitter_site":"@uartesec","twitter_misc":{"\u00c9crit par":"ccortez","Dur\u00e9e de lecture estim\u00e9e":"6 minutes"},"schema":{"@context":"https:\/\/schema.org","@graph":[{"@type":"Article","@id":"https:\/\/www.uartes.edu.ec\/sitio\/fr\/blog\/2025\/06\/03\/proyecto-derivas-presento-en-jornada-un-documental-sobre-movilidad-migratoria-tambien-al-coro-anima-y-al-grupo-palante\/#article","isPartOf":{"@id":"https:\/\/www.uartes.edu.ec\/sitio\/fr\/blog\/2025\/06\/03\/proyecto-derivas-presento-en-jornada-un-documental-sobre-movilidad-migratoria-tambien-al-coro-anima-y-al-grupo-palante\/"},"author":{"name":"ccortez","@id":"https:\/\/www.uartes.edu.ec\/sitio\/fr\/#\/schema\/person\/efa1b8275797664fd7f13a79ccc0b1f4"},"headline":"Proyecto \u201cDerivas\u201d present\u00f3 en jornada un documental sobre movilidad migratoria; tambi\u00e9n al Coro \u00c1nima y al grupo Pa\u2019lante","datePublished":"2025-06-03T19:52:00+00:00","dateModified":"2025-06-05T19:15:16+00:00","mainEntityOfPage":{"@id":"https:\/\/www.uartes.edu.ec\/sitio\/fr\/blog\/2025\/06\/03\/proyecto-derivas-presento-en-jornada-un-documental-sobre-movilidad-migratoria-tambien-al-coro-anima-y-al-grupo-palante\/"},"wordCount":1245,"commentCount":0,"publisher":{"@id":"https:\/\/www.uartes.edu.ec\/sitio\/fr\/#organization"},"image":{"@id":"https:\/\/www.uartes.edu.ec\/sitio\/fr\/blog\/2025\/06\/03\/proyecto-derivas-presento-en-jornada-un-documental-sobre-movilidad-migratoria-tambien-al-coro-anima-y-al-grupo-palante\/#primaryimage"},"thumbnailUrl":"https:\/\/www.uartes.edu.ec\/sitio\/wp-content\/uploads\/2025\/06\/Proyecto-Cambiar-tamano-de-imagen-2025-06-03T132850.635.jpeg","keywords":["proyecto"],"articleSection":["Docentes","Estudiantes","Gesti\u00f3n","Literatura","V\u00ednculo"],"inLanguage":"fr-FR","potentialAction":[{"@type":"CommentAction","name":"Comment","target":["https:\/\/www.uartes.edu.ec\/sitio\/fr\/blog\/2025\/06\/03\/proyecto-derivas-presento-en-jornada-un-documental-sobre-movilidad-migratoria-tambien-al-coro-anima-y-al-grupo-palante\/#respond"]}]},{"@type":["WebPage","ItemPage"],"@id":"https:\/\/www.uartes.edu.ec\/sitio\/fr\/blog\/2025\/06\/03\/proyecto-derivas-presento-en-jornada-un-documental-sobre-movilidad-migratoria-tambien-al-coro-anima-y-al-grupo-palante\/","url":"https:\/\/www.uartes.edu.ec\/sitio\/fr\/blog\/2025\/06\/03\/proyecto-derivas-presento-en-jornada-un-documental-sobre-movilidad-migratoria-tambien-al-coro-anima-y-al-grupo-palante\/","name":"Universidad de las Artes - Proyecto \u201cDerivas\u201d present\u00f3 en jornada un documental sobre movilidad migratoria; tambi\u00e9n al Coro \u00c1nima y al grupo Pa\u2019lante","isPartOf":{"@id":"https:\/\/www.uartes.edu.ec\/sitio\/fr\/#website"},"primaryImageOfPage":{"@id":"https:\/\/www.uartes.edu.ec\/sitio\/fr\/blog\/2025\/06\/03\/proyecto-derivas-presento-en-jornada-un-documental-sobre-movilidad-migratoria-tambien-al-coro-anima-y-al-grupo-palante\/#primaryimage"},"image":{"@id":"https:\/\/www.uartes.edu.ec\/sitio\/fr\/blog\/2025\/06\/03\/proyecto-derivas-presento-en-jornada-un-documental-sobre-movilidad-migratoria-tambien-al-coro-anima-y-al-grupo-palante\/#primaryimage"},"thumbnailUrl":"https:\/\/www.uartes.edu.ec\/sitio\/wp-content\/uploads\/2025\/06\/Proyecto-Cambiar-tamano-de-imagen-2025-06-03T132850.635.jpeg","datePublished":"2025-06-03T19:52:00+00:00","dateModified":"2025-06-05T19:15:16+00:00","description":"Universidad de las Artes - Proyecto \u201cDerivas\u201d present\u00f3 en jornada un documental sobre movilidad migratoria; tambi\u00e9n al Coro \u00c1nima y al grupo Pa\u2019lante","breadcrumb":{"@id":"https:\/\/www.uartes.edu.ec\/sitio\/fr\/blog\/2025\/06\/03\/proyecto-derivas-presento-en-jornada-un-documental-sobre-movilidad-migratoria-tambien-al-coro-anima-y-al-grupo-palante\/#breadcrumb"},"inLanguage":"fr-FR","potentialAction":[{"@type":"ReadAction","target":["https:\/\/www.uartes.edu.ec\/sitio\/fr\/blog\/2025\/06\/03\/proyecto-derivas-presento-en-jornada-un-documental-sobre-movilidad-migratoria-tambien-al-coro-anima-y-al-grupo-palante\/"]}]},{"@type":"ImageObject","inLanguage":"fr-FR","@id":"https:\/\/www.uartes.edu.ec\/sitio\/fr\/blog\/2025\/06\/03\/proyecto-derivas-presento-en-jornada-un-documental-sobre-movilidad-migratoria-tambien-al-coro-anima-y-al-grupo-palante\/#primaryimage","url":"https:\/\/www.uartes.edu.ec\/sitio\/wp-content\/uploads\/2025\/06\/Proyecto-Cambiar-tamano-de-imagen-2025-06-03T132850.635.jpeg","contentUrl":"https:\/\/www.uartes.edu.ec\/sitio\/wp-content\/uploads\/2025\/06\/Proyecto-Cambiar-tamano-de-imagen-2025-06-03T132850.635.jpeg","width":1924,"height":1262},{"@type":"BreadcrumbList","@id":"https:\/\/www.uartes.edu.ec\/sitio\/fr\/blog\/2025\/06\/03\/proyecto-derivas-presento-en-jornada-un-documental-sobre-movilidad-migratoria-tambien-al-coro-anima-y-al-grupo-palante\/#breadcrumb","itemListElement":[{"@type":"ListItem","position":1,"name":"Inicio","item":"https:\/\/www.uartes.edu.ec\/sitio\/"},{"@type":"ListItem","position":2,"name":"Proyecto \u201cDerivas\u201d present\u00f3 en jornada un documental sobre movilidad migratoria; tambi\u00e9n al Coro \u00c1nima y al grupo Pa\u2019lante"}]},{"@type":"WebSite","@id":"https:\/\/www.uartes.edu.ec\/sitio\/fr\/#website","url":"https:\/\/www.uartes.edu.ec\/sitio\/fr\/","name":"Universidad de las Artes","description":"Sitio oficial de la Universidad Nacional de las Artes del Ecuador","publisher":{"@id":"https:\/\/www.uartes.edu.ec\/sitio\/fr\/#organization"},"potentialAction":[{"@type":"SearchAction","target":{"@type":"EntryPoint","urlTemplate":"https:\/\/www.uartes.edu.ec\/sitio\/fr\/?s={search_term_string}"},"query-input":{"@type":"PropertyValueSpecification","valueRequired":true,"valueName":"search_term_string"}}],"inLanguage":"fr-FR"},{"@type":"Organization","@id":"https:\/\/www.uartes.edu.ec\/sitio\/fr\/#organization","name":"Universidad de las Artes","url":"https:\/\/www.uartes.edu.ec\/sitio\/fr\/","logo":{"@type":"ImageObject","inLanguage":"fr-FR","@id":"https:\/\/www.uartes.edu.ec\/sitio\/fr\/#\/schema\/logo\/image\/","url":"https:\/\/www.uartes.edu.ec\/sitio\/wp-content\/uploads\/2022\/07\/logo-ua-horizontal.png","contentUrl":"https:\/\/www.uartes.edu.ec\/sitio\/wp-content\/uploads\/2022\/07\/logo-ua-horizontal.png","width":800,"height":276,"caption":"Universidad de las Artes"},"image":{"@id":"https:\/\/www.uartes.edu.ec\/sitio\/fr\/#\/schema\/logo\/image\/"},"sameAs":["https:\/\/www.facebook.com\/uartesec","https:\/\/x.com\/uartesec","https:\/\/www.tiktok.com\/@uartesec"]},{"@type":"Person","@id":"https:\/\/www.uartes.edu.ec\/sitio\/fr\/#\/schema\/person\/efa1b8275797664fd7f13a79ccc0b1f4","name":"ccortez","image":{"@type":"ImageObject","inLanguage":"fr-FR","@id":"https:\/\/secure.gravatar.com\/avatar\/b2a6f664a3ae8e074346ef91775736c5ec479e637ecced6842de9dc98b5da9cd?s=96&d=mm&r=g","url":"https:\/\/secure.gravatar.com\/avatar\/b2a6f664a3ae8e074346ef91775736c5ec479e637ecced6842de9dc98b5da9cd?s=96&d=mm&r=g","contentUrl":"https:\/\/secure.gravatar.com\/avatar\/b2a6f664a3ae8e074346ef91775736c5ec479e637ecced6842de9dc98b5da9cd?s=96&d=mm&r=g","caption":"ccortez"},"url":"https:\/\/www.uartes.edu.ec\/sitio\/fr\/blog\/author\/ccortez\/"}]}},"uagb_featured_image_src":{"full":["https:\/\/www.uartes.edu.ec\/sitio\/wp-content\/uploads\/2025\/06\/Proyecto-Cambiar-tamano-de-imagen-2025-06-03T132850.635.jpeg",1924,1262,false],"thumbnail":["https:\/\/www.uartes.edu.ec\/sitio\/wp-content\/uploads\/2025\/06\/Proyecto-Cambiar-tamano-de-imagen-2025-06-03T132850.635-150x150.jpeg",150,150,true],"medium":["https:\/\/www.uartes.edu.ec\/sitio\/wp-content\/uploads\/2025\/06\/Proyecto-Cambiar-tamano-de-imagen-2025-06-03T132850.635-300x197.jpeg",300,197,true],"medium_large":["https:\/\/www.uartes.edu.ec\/sitio\/wp-content\/uploads\/2025\/06\/Proyecto-Cambiar-tamano-de-imagen-2025-06-03T132850.635-768x504.jpeg",768,504,true],"large":["https:\/\/www.uartes.edu.ec\/sitio\/wp-content\/uploads\/2025\/06\/Proyecto-Cambiar-tamano-de-imagen-2025-06-03T132850.635-644x422.jpeg",644,422,true],"1536x1536":["https:\/\/www.uartes.edu.ec\/sitio\/wp-content\/uploads\/2025\/06\/Proyecto-Cambiar-tamano-de-imagen-2025-06-03T132850.635-1536x1008.jpeg",1536,1008,true],"2048x2048":["https:\/\/www.uartes.edu.ec\/sitio\/wp-content\/uploads\/2025\/06\/Proyecto-Cambiar-tamano-de-imagen-2025-06-03T132850.635.jpeg",1924,1262,false],"trp-custom-language-flag":["https:\/\/www.uartes.edu.ec\/sitio\/wp-content\/uploads\/2025\/06\/Proyecto-Cambiar-tamano-de-imagen-2025-06-03T132850.635-18x12.jpeg",18,12,true],"htmega_size_585x295":["https:\/\/www.uartes.edu.ec\/sitio\/wp-content\/uploads\/2025\/06\/Proyecto-Cambiar-tamano-de-imagen-2025-06-03T132850.635-585x295.jpeg",585,295,true],"htmega_size_1170x536":["https:\/\/www.uartes.edu.ec\/sitio\/wp-content\/uploads\/2025\/06\/Proyecto-Cambiar-tamano-de-imagen-2025-06-03T132850.635-1170x536.jpeg",1170,536,true],"htmega_size_396x360":["https:\/\/www.uartes.edu.ec\/sitio\/wp-content\/uploads\/2025\/06\/Proyecto-Cambiar-tamano-de-imagen-2025-06-03T132850.635-396x360.jpeg",396,360,true],"gb-block-post-grid-landscape":["https:\/\/www.uartes.edu.ec\/sitio\/wp-content\/uploads\/2025\/06\/Proyecto-Cambiar-tamano-de-imagen-2025-06-03T132850.635-600x400.jpeg",600,400,true],"gb-block-post-grid-square":["https:\/\/www.uartes.edu.ec\/sitio\/wp-content\/uploads\/2025\/06\/Proyecto-Cambiar-tamano-de-imagen-2025-06-03T132850.635-600x600.jpeg",600,600,true],"university-hub-thumb":["https:\/\/www.uartes.edu.ec\/sitio\/wp-content\/uploads\/2025\/06\/Proyecto-Cambiar-tamano-de-imagen-2025-06-03T132850.635-400x262.jpeg",400,262,true],"mailpoet_newsletter_max":["https:\/\/www.uartes.edu.ec\/sitio\/wp-content\/uploads\/2025\/06\/Proyecto-Cambiar-tamano-de-imagen-2025-06-03T132850.635.jpeg",1320,866,false]},"uagb_author_info":{"display_name":"ccortez","author_link":"https:\/\/www.uartes.edu.ec\/sitio\/fr\/blog\/author\/ccortez\/"},"uagb_comment_info":0,"uagb_excerpt":"El proyecto de vinculaci\u00f3n con la comunidad \u201cDerivas, memoria en movimiento\u201d, recopila en un documental de 18 minutos el testimonio coral de quienes no solo viven, sino que enfrentan la movilidad migratoria. Se proyect\u00f3 en la muestra de resultados del proyecto programada por las docentes Siomara Espa\u00f1a y Solange Rodr\u00edguez; en la jornada tambi\u00e9n intervinieron\u2026","featured_image_src":"https:\/\/www.uartes.edu.ec\/sitio\/wp-content\/uploads\/2025\/06\/Proyecto-Cambiar-tamano-de-imagen-2025-06-03T132850.635-600x400.jpeg","featured_image_src_square":"https:\/\/www.uartes.edu.ec\/sitio\/wp-content\/uploads\/2025\/06\/Proyecto-Cambiar-tamano-de-imagen-2025-06-03T132850.635-600x600.jpeg","author_info":{"display_name":"ccortez","author_link":"https:\/\/www.uartes.edu.ec\/sitio\/fr\/blog\/author\/ccortez\/"},"publishpress_future_workflow_manual_trigger":{"enabledWorkflows":[]},"distributor_meta":false,"distributor_terms":false,"distributor_media":false,"distributor_original_site_name":"Universidad de las Artes","distributor_original_site_url":"https:\/\/www.uartes.edu.ec\/sitio\/fr","push-errors":false,"_links":{"self":[{"href":"https:\/\/www.uartes.edu.ec\/sitio\/fr\/wp-json\/wp\/v2\/posts\/73004","targetHints":{"allow":["GET"]}}],"collection":[{"href":"https:\/\/www.uartes.edu.ec\/sitio\/fr\/wp-json\/wp\/v2\/posts"}],"about":[{"href":"https:\/\/www.uartes.edu.ec\/sitio\/fr\/wp-json\/wp\/v2\/types\/post"}],"author":[{"embeddable":true,"href":"https:\/\/www.uartes.edu.ec\/sitio\/fr\/wp-json\/wp\/v2\/users\/10"}],"replies":[{"embeddable":true,"href":"https:\/\/www.uartes.edu.ec\/sitio\/fr\/wp-json\/wp\/v2\/comments?post=73004"}],"version-history":[{"count":4,"href":"https:\/\/www.uartes.edu.ec\/sitio\/fr\/wp-json\/wp\/v2\/posts\/73004\/revisions"}],"predecessor-version":[{"id":73025,"href":"https:\/\/www.uartes.edu.ec\/sitio\/fr\/wp-json\/wp\/v2\/posts\/73004\/revisions\/73025"}],"wp:featuredmedia":[{"embeddable":true,"href":"https:\/\/www.uartes.edu.ec\/sitio\/fr\/wp-json\/wp\/v2\/media\/73005"}],"wp:attachment":[{"href":"https:\/\/www.uartes.edu.ec\/sitio\/fr\/wp-json\/wp\/v2\/media?parent=73004"}],"wp:term":[{"taxonomy":"category","embeddable":true,"href":"https:\/\/www.uartes.edu.ec\/sitio\/fr\/wp-json\/wp\/v2\/categories?post=73004"},{"taxonomy":"post_tag","embeddable":true,"href":"https:\/\/www.uartes.edu.ec\/sitio\/fr\/wp-json\/wp\/v2\/tags?post=73004"},{"taxonomy":"infouartes","embeddable":true,"href":"https:\/\/www.uartes.edu.ec\/sitio\/fr\/wp-json\/wp\/v2\/infouartes?post=73004"}],"curies":[{"name":"wp","href":"https:\/\/api.w.org\/{rel}","templated":true}]}}