{"id":73027,"date":"2025-06-03T16:40:00","date_gmt":"2025-06-03T21:40:00","guid":{"rendered":"https:\/\/www.uartes.edu.ec\/sitio\/?p=73027"},"modified":"2025-06-05T16:08:14","modified_gmt":"2025-06-05T21:08:14","slug":"dialogos-sobre-habitar-el-transito-y-la-topografia-ausente","status":"publish","type":"post","link":"https:\/\/www.uartes.edu.ec\/sitio\/fr\/blog\/2025\/06\/03\/dialogos-sobre-habitar-el-transito-y-la-topografia-ausente\/","title":{"rendered":"\u201cHabitar el tr\u00e1nsito\u201d y \u201cTopograf\u00eda ausente\u201d, conversatorios sobre movilidad migratoria"},"content":{"rendered":"<p>Dos conversatorios en torno a la movilidad migratoria se desarrollaron el viernes 30 de mayo en el marco de la presentaci\u00f3n de resultados del proyecto de vinculaci\u00f3n con la comunidad \u201cDerivas, memoria en movimiento\u201d. El primer di\u00e1logo se denomin\u00f3 \u201cHabitar el tr\u00e1nsito\u201d, tuvo lugar en la Plaza P\u00fablica del MZ14 Centro de Producci\u00f3n e Innovaci\u00f3n UArtes y lo moder\u00f3 Siomara Espa\u00f1a; el segundo, titulado \u201cTopograf\u00eda ausente\u201d, fue en la Biblioteca de las Artes y lo condujo Solange Rodr\u00edguez.<\/p>\n\n\n\n<p>Siomara Espa\u00f1a y Solange Rodr\u00edguez, docentes y escritoras de la Escuela de Literatura, lideraron el proyecto, donde la pedagog\u00eda art\u00edstica, la movilidad humana y las pr\u00e1cticas comunitarias se articularon, reconociendo el arte, y en particular la literatura, como una herramienta cr\u00edtica de mediaci\u00f3n y encuentro.<\/p>\n\n\n\n<p>Con Siomara dialogaron Jhony Molina, Estefan\u00eda \u00c1ngel y Billy Navarrete, quienes est\u00e1n o han estado al frente de procesos que tienen que ver con la movilidad migratoria y personas en situaci\u00f3n de tr\u00e1nsito, y con otros temas que tienen que ver con lo legal, anot\u00f3 la docente.&nbsp;<\/p>\n\n\n<div class=\"wp-block-image\">\n<figure class=\"aligncenter size-large\"><img fetchpriority=\"high\" decoding=\"async\" width=\"644\" height=\"421\" src=\"https:\/\/www.uartes.edu.ec\/sitio\/wp-content\/uploads\/2025\/06\/Proyecto-Cambiar-tamano-de-imagen-2025-06-03T131350.912-644x421.jpeg\" alt=\"\" class=\"wp-image-73031\" srcset=\"https:\/\/www.uartes.edu.ec\/sitio\/wp-content\/uploads\/2025\/06\/Proyecto-Cambiar-tamano-de-imagen-2025-06-03T131350.912-644x421.jpeg 644w, https:\/\/www.uartes.edu.ec\/sitio\/wp-content\/uploads\/2025\/06\/Proyecto-Cambiar-tamano-de-imagen-2025-06-03T131350.912-300x196.jpeg 300w, https:\/\/www.uartes.edu.ec\/sitio\/wp-content\/uploads\/2025\/06\/Proyecto-Cambiar-tamano-de-imagen-2025-06-03T131350.912-768x502.jpeg 768w, https:\/\/www.uartes.edu.ec\/sitio\/wp-content\/uploads\/2025\/06\/Proyecto-Cambiar-tamano-de-imagen-2025-06-03T131350.912-1536x1004.jpeg 1536w, https:\/\/www.uartes.edu.ec\/sitio\/wp-content\/uploads\/2025\/06\/Proyecto-Cambiar-tamano-de-imagen-2025-06-03T131350.912-18x12.jpeg 18w, https:\/\/www.uartes.edu.ec\/sitio\/wp-content\/uploads\/2025\/06\/Proyecto-Cambiar-tamano-de-imagen-2025-06-03T131350.912-400x262.jpeg 400w, https:\/\/www.uartes.edu.ec\/sitio\/wp-content\/uploads\/2025\/06\/Proyecto-Cambiar-tamano-de-imagen-2025-06-03T131350.912.jpeg 1913w\" sizes=\"(max-width: 644px) 100vw, 644px\" \/><\/figure>\n<\/div>\n\n<div class=\"wp-block-image\">\n<figure class=\"aligncenter size-large is-resized\"><img decoding=\"async\" width=\"644\" height=\"418\" src=\"https:\/\/www.uartes.edu.ec\/sitio\/wp-content\/uploads\/2025\/06\/Proyecto-Cambiar-tamano-de-imagen-2025-06-03T131439.942-644x418.jpeg\" alt=\"\" class=\"wp-image-73033\" style=\"width:481px;height:auto\" srcset=\"https:\/\/www.uartes.edu.ec\/sitio\/wp-content\/uploads\/2025\/06\/Proyecto-Cambiar-tamano-de-imagen-2025-06-03T131439.942-644x418.jpeg 644w, https:\/\/www.uartes.edu.ec\/sitio\/wp-content\/uploads\/2025\/06\/Proyecto-Cambiar-tamano-de-imagen-2025-06-03T131439.942-300x195.jpeg 300w, https:\/\/www.uartes.edu.ec\/sitio\/wp-content\/uploads\/2025\/06\/Proyecto-Cambiar-tamano-de-imagen-2025-06-03T131439.942-768x498.jpeg 768w, https:\/\/www.uartes.edu.ec\/sitio\/wp-content\/uploads\/2025\/06\/Proyecto-Cambiar-tamano-de-imagen-2025-06-03T131439.942-1536x997.jpeg 1536w, https:\/\/www.uartes.edu.ec\/sitio\/wp-content\/uploads\/2025\/06\/Proyecto-Cambiar-tamano-de-imagen-2025-06-03T131439.942-18x12.jpeg 18w, https:\/\/www.uartes.edu.ec\/sitio\/wp-content\/uploads\/2025\/06\/Proyecto-Cambiar-tamano-de-imagen-2025-06-03T131439.942-400x260.jpeg 400w, https:\/\/www.uartes.edu.ec\/sitio\/wp-content\/uploads\/2025\/06\/Proyecto-Cambiar-tamano-de-imagen-2025-06-03T131439.942.jpeg 1945w\" sizes=\"(max-width: 644px) 100vw, 644px\" \/><\/figure>\n<\/div>\n\n\n<p>Estefan\u00eda \u00c1ngel particip\u00f3 en representaci\u00f3n de la EP de Desarrollo, Acci\u00f3n Social y Educaci\u00f3n (DASE) del Municipio de Guayaquil. \u201cTrabajamos mancomunadamente para que este proyecto tuviera una feliz consecuci\u00f3n. Nos ayudaron primero con algunos temas de log\u00edstica y el centro comunitario que recibe a personas en situaci\u00f3n de movilidad\u201d, dijo Siomara.&nbsp;Agreg\u00f3 que el segundo panelista, Jhony Molina, tuvo a su cargo la direcci\u00f3n del centro de acogida \u201cOasis en el desierto\u201d y de Billy Navarrete record\u00f3 su participaci\u00f3n desde hace varios a\u00f1os en el Comit\u00e9 Permanente de Derechos Humanos (CDH), del cual es su director.<\/p>\n\n\n\n<p>Trabajando todos en este sue\u00f1o de no tener fronteras, de que todos seamos consideradas personas en tr\u00e1nsito. Solamente los seres humanos tenemos fronteras que nos separan y dividen, dijo Siomara Espa\u00f1a y pidi\u00f3 a Molina su opini\u00f3n frente a la afectaci\u00f3n de las pol\u00edticas migratorias nacionales y de la regi\u00f3n en el tema del desplazamiento.&nbsp;<\/p>\n\n\n\n<p>Vivimos una situaci\u00f3n compleja, respondi\u00f3. Antes con Colombia, pues Ecuador ten\u00eda la mayor poblaci\u00f3n de refugiados o con protecci\u00f3n internacional legalmente reconocida hace algunos a\u00f1os. Esto por la violencia que vivi\u00f3 y sigue viviendo ese pa\u00eds. Ahora hay reportes de cerca de 300 familias desplazadas y viviendo en vulnerabilidad debido a la violencia que ha escalado altos niveles. Y los desplazamientos no son solo de familias de otros pa\u00edses, sino ecuatorianas que por lo planteado han tenido que dejarlo todo: a\u00f1os de trabajo, esfuerzo y sacrificio para tener medianamente una casa digna.<\/p>\n\n\n<div class=\"wp-block-image\">\n<figure class=\"aligncenter size-large\"><img decoding=\"async\" width=\"644\" height=\"413\" src=\"https:\/\/www.uartes.edu.ec\/sitio\/wp-content\/uploads\/2025\/06\/Proyecto-Cambiar-tamano-de-imagen-2025-06-03T130908.196-1-644x413.jpeg\" alt=\"\" class=\"wp-image-73034\" srcset=\"https:\/\/www.uartes.edu.ec\/sitio\/wp-content\/uploads\/2025\/06\/Proyecto-Cambiar-tamano-de-imagen-2025-06-03T130908.196-1-644x413.jpeg 644w, https:\/\/www.uartes.edu.ec\/sitio\/wp-content\/uploads\/2025\/06\/Proyecto-Cambiar-tamano-de-imagen-2025-06-03T130908.196-1-300x193.jpeg 300w, https:\/\/www.uartes.edu.ec\/sitio\/wp-content\/uploads\/2025\/06\/Proyecto-Cambiar-tamano-de-imagen-2025-06-03T130908.196-1-768x493.jpeg 768w, https:\/\/www.uartes.edu.ec\/sitio\/wp-content\/uploads\/2025\/06\/Proyecto-Cambiar-tamano-de-imagen-2025-06-03T130908.196-1-1536x986.jpeg 1536w, https:\/\/www.uartes.edu.ec\/sitio\/wp-content\/uploads\/2025\/06\/Proyecto-Cambiar-tamano-de-imagen-2025-06-03T130908.196-1-18x12.jpeg 18w, https:\/\/www.uartes.edu.ec\/sitio\/wp-content\/uploads\/2025\/06\/Proyecto-Cambiar-tamano-de-imagen-2025-06-03T130908.196-1-400x257.jpeg 400w, https:\/\/www.uartes.edu.ec\/sitio\/wp-content\/uploads\/2025\/06\/Proyecto-Cambiar-tamano-de-imagen-2025-06-03T130908.196-1.jpeg 1936w\" sizes=\"(max-width: 644px) 100vw, 644px\" \/><\/figure>\n<\/div>\n\n<div class=\"wp-block-image\">\n<figure class=\"aligncenter size-large is-resized\"><img loading=\"lazy\" decoding=\"async\" width=\"644\" height=\"425\" src=\"https:\/\/www.uartes.edu.ec\/sitio\/wp-content\/uploads\/2025\/06\/Proyecto-Cambiar-tamano-de-imagen-2025-06-03T131518.886-644x425.jpeg\" alt=\"\" class=\"wp-image-73035\" style=\"width:480px;height:auto\" srcset=\"https:\/\/www.uartes.edu.ec\/sitio\/wp-content\/uploads\/2025\/06\/Proyecto-Cambiar-tamano-de-imagen-2025-06-03T131518.886-644x425.jpeg 644w, https:\/\/www.uartes.edu.ec\/sitio\/wp-content\/uploads\/2025\/06\/Proyecto-Cambiar-tamano-de-imagen-2025-06-03T131518.886-300x198.jpeg 300w, https:\/\/www.uartes.edu.ec\/sitio\/wp-content\/uploads\/2025\/06\/Proyecto-Cambiar-tamano-de-imagen-2025-06-03T131518.886-768x507.jpeg 768w, https:\/\/www.uartes.edu.ec\/sitio\/wp-content\/uploads\/2025\/06\/Proyecto-Cambiar-tamano-de-imagen-2025-06-03T131518.886-1536x1014.jpeg 1536w, https:\/\/www.uartes.edu.ec\/sitio\/wp-content\/uploads\/2025\/06\/Proyecto-Cambiar-tamano-de-imagen-2025-06-03T131518.886-18x12.jpeg 18w, https:\/\/www.uartes.edu.ec\/sitio\/wp-content\/uploads\/2025\/06\/Proyecto-Cambiar-tamano-de-imagen-2025-06-03T131518.886-400x264.jpeg 400w, https:\/\/www.uartes.edu.ec\/sitio\/wp-content\/uploads\/2025\/06\/Proyecto-Cambiar-tamano-de-imagen-2025-06-03T131518.886.jpeg 1924w\" sizes=\"(max-width: 644px) 100vw, 644px\" \/><\/figure>\n<\/div>\n\n\n<p>A Estefan\u00eda \u00c1ngel, la moderadora pregunt\u00f3 sobre las complejidades que tiene el hecho de estar al frente desde la pol\u00edtica p\u00fablica \u2013y tambi\u00e9n desde el sector privado\u2013 en centros como el que tiene el Municipio de Guayaquil: DASE. La panelista respondi\u00f3 desde la experiencia en diferentes proyectos sociales para atender a los grupos de atenci\u00f3n prioritaria y vulnerables. Habl\u00f3 del albergue Ciudad, conocido antes como Volver a so\u00f1ar, donde se atiende a personas en situaci\u00f3n de calle y en movilidad humana. Son personas que est\u00e1n en tr\u00e1nsito, que vienen de otro lugar, de otro pa\u00eds y corren peligro.<\/p>\n\n\n\n<p>El objetivo principal es brindarles alojamiento temporal, con atenci\u00f3n b\u00e1sica en salud, fortalecimiento de habilidades, como cursos de panader\u00eda, lo cual les va a servir una vez que salgan de ese alojamiento. Tambi\u00e9n se brinda atenci\u00f3n psicol\u00f3gica, psicosocial y psiqui\u00e1trica. Desde la pol\u00edtica p\u00fablica del Municipio de Guayaquil tratamos de hacer lo que m\u00e1s podamos. Si bien es cierto que no nos compete como municipio, porque le compete a la pol\u00edtica p\u00fablica gubernamental, lo hacemos.<\/p>\n\n\n\n<p>Refiri\u00e9ndose a Billy Navarrete, Siomara Espa\u00f1a le pidi\u00f3 ahondar en el tema de la movilidad desde los derechos que todos tenemos. Antes de responder, el panelista record\u00f3 que la Declaraci\u00f3n Universal de los Derechos Humanos se\u00f1ala a la familia universal y planetaria, con distinciones como toda buena familia. Anot\u00f3 que los gobiernos tienen que asumir que las personas que llegan al Ecuador, por ejemplo, vienen no plane\u00e1ndolo. Es un hecho s\u00fabito que no escogieron. Fueron forzados a salir de sus pa\u00edses porque ya no hab\u00eda condiciones.<\/p>\n\n\n<div class=\"wp-block-image\">\n<figure class=\"aligncenter size-large\"><img loading=\"lazy\" decoding=\"async\" width=\"644\" height=\"430\" src=\"https:\/\/www.uartes.edu.ec\/sitio\/wp-content\/uploads\/2025\/06\/Proyecto-Cambiar-tamano-de-imagen-2025-06-03T143406.791-644x430.jpeg\" alt=\"\" class=\"wp-image-73061\" srcset=\"https:\/\/www.uartes.edu.ec\/sitio\/wp-content\/uploads\/2025\/06\/Proyecto-Cambiar-tamano-de-imagen-2025-06-03T143406.791-644x430.jpeg 644w, https:\/\/www.uartes.edu.ec\/sitio\/wp-content\/uploads\/2025\/06\/Proyecto-Cambiar-tamano-de-imagen-2025-06-03T143406.791-300x200.jpeg 300w, https:\/\/www.uartes.edu.ec\/sitio\/wp-content\/uploads\/2025\/06\/Proyecto-Cambiar-tamano-de-imagen-2025-06-03T143406.791-768x513.jpeg 768w, https:\/\/www.uartes.edu.ec\/sitio\/wp-content\/uploads\/2025\/06\/Proyecto-Cambiar-tamano-de-imagen-2025-06-03T143406.791-1536x1025.jpeg 1536w, https:\/\/www.uartes.edu.ec\/sitio\/wp-content\/uploads\/2025\/06\/Proyecto-Cambiar-tamano-de-imagen-2025-06-03T143406.791-18x12.jpeg 18w, https:\/\/www.uartes.edu.ec\/sitio\/wp-content\/uploads\/2025\/06\/Proyecto-Cambiar-tamano-de-imagen-2025-06-03T143406.791-600x400.jpeg 600w, https:\/\/www.uartes.edu.ec\/sitio\/wp-content\/uploads\/2025\/06\/Proyecto-Cambiar-tamano-de-imagen-2025-06-03T143406.791-400x267.jpeg 400w, https:\/\/www.uartes.edu.ec\/sitio\/wp-content\/uploads\/2025\/06\/Proyecto-Cambiar-tamano-de-imagen-2025-06-03T143406.791.jpeg 1927w\" sizes=\"(max-width: 644px) 100vw, 644px\" \/><\/figure>\n<\/div>\n\n\n<p>Los mismos ecuatorianos lo hemos pasado y estamos pasando porque la gente no tiene posibilidades de mantenerse haciendo lo que hac\u00eda, sino que tiene que forzosamente salir. \u201cEsa condici\u00f3n de salida repentina es altamente riesgosa, pero se hace. En el caso venezolano, muchos han tenido que venir caminando, lo cual no hab\u00eda ocurrido en Am\u00e9rica Latina antes. Eso no lo hace alguien que tiene un plan de viajes, lo hace porque no te queda otra. Y eso es algo que deber\u00edamos tener siempre presente en los gobiernos, porque hay obligaciones que cumplir, porque no son cuestiones de buena fe\u201d.<\/p>\n\n\n\n<p>Navarrete desech\u00f3 la creencia de que la gente que viene de fuera resta plazas de trabajo a los ecuatorianos. Muchas veces ocurre lo contrario, dijo, pues hay extranjeros que vienen a contratar a ecuatorianos porque tienen emprendimientos hechos a pulso y con gran sacrificio, pues hay todo un tema de regularizaci\u00f3n. Ecuador ha tenido varios intentos para garantizar el derecho de tener los documentos en orden y no se les permite, entonces siempre est\u00e1n en la informalidad y al margen.&nbsp;<\/p>\n\n\n\n<h3 class=\"wp-block-heading\">Complejidades de los improvisados viajes <\/h3>\n\n\n\n<p>Siomara Espa\u00f1a coincidi\u00f3 en el tema de la improvisaci\u00f3n de estos viajes, pues en los talleres que dictaron llam\u00f3 much\u00edsimo la atenci\u00f3n a los estudiantes que a veces estaban familias completas en estos centros de acogida. En ese sentido, cuestion\u00f3: \u201c\u00bfCu\u00e1les son las complejidades de recibir a personas que vienen con ni\u00f1os y no tienen m\u00e1s din\u00e1micas que el viaje como tal?\u201d. Estefan\u00eda \u00c1ngel y Jhony Molina coincidieron en que son cuantiosas las penurias y situaciones de violencia por las que pasan muchas familias y que siendo tambi\u00e9n un derecho el migrar, la atenci\u00f3n gubernamental es nula.<\/p>\n\n\n\n<p>Nuestra Constituci\u00f3n reconoce la ciudadan\u00eda universal, y en funci\u00f3n de eso, todos deber\u00edamos tener acceso a los derechos, independientemente de nuestra nacionalidad. Sin embargo, hay trabas para quienes se encuentran en movilidad o tr\u00e1nsito. Tenemos hasta problemas para insertar a los ni\u00f1os en el sistema p\u00fablico de educaci\u00f3n, se indic\u00f3. Otras dos rondas preguntas hizo Siomara Espa\u00f1a a los panelistas, buscando ahondar en reflexiones con respecto a la movilidad migratoria. El tema hay que socializarlo en las aulas, en el trabajo, en el territorio, en la comunidad, porque la primera tarea es el conocimiento que debemos tener de la persona que est\u00e1 enfrente, expres\u00f3. Hay expresiones prejuiciosas sin el conocimiento de qu\u00e9 est\u00e1 detr\u00e1s de las situaciones que viven las personas en tr\u00e1nsito y las razones y condiciones que las llevan a salir de sus pa\u00edses, concluy\u00f3.<\/p>\n\n\n<div class=\"wp-block-image\">\n<figure class=\"aligncenter size-large\"><img loading=\"lazy\" decoding=\"async\" width=\"644\" height=\"425\" src=\"https:\/\/www.uartes.edu.ec\/sitio\/wp-content\/uploads\/2025\/06\/Proyecto-Cambiar-tamano-de-imagen-2025-06-03T131835.940-644x425.jpeg\" alt=\"\" class=\"wp-image-73036\" srcset=\"https:\/\/www.uartes.edu.ec\/sitio\/wp-content\/uploads\/2025\/06\/Proyecto-Cambiar-tamano-de-imagen-2025-06-03T131835.940-644x425.jpeg 644w, https:\/\/www.uartes.edu.ec\/sitio\/wp-content\/uploads\/2025\/06\/Proyecto-Cambiar-tamano-de-imagen-2025-06-03T131835.940-300x198.jpeg 300w, https:\/\/www.uartes.edu.ec\/sitio\/wp-content\/uploads\/2025\/06\/Proyecto-Cambiar-tamano-de-imagen-2025-06-03T131835.940-768x507.jpeg 768w, https:\/\/www.uartes.edu.ec\/sitio\/wp-content\/uploads\/2025\/06\/Proyecto-Cambiar-tamano-de-imagen-2025-06-03T131835.940-1536x1015.jpeg 1536w, https:\/\/www.uartes.edu.ec\/sitio\/wp-content\/uploads\/2025\/06\/Proyecto-Cambiar-tamano-de-imagen-2025-06-03T131835.940-18x12.jpeg 18w, https:\/\/www.uartes.edu.ec\/sitio\/wp-content\/uploads\/2025\/06\/Proyecto-Cambiar-tamano-de-imagen-2025-06-03T131835.940-400x264.jpeg 400w, https:\/\/www.uartes.edu.ec\/sitio\/wp-content\/uploads\/2025\/06\/Proyecto-Cambiar-tamano-de-imagen-2025-06-03T131835.940.jpeg 1918w\" sizes=\"(max-width: 644px) 100vw, 644px\" \/><\/figure>\n<\/div>\n\n\n<h3 class=\"wp-block-heading\">Experiencias migratoria de estudiantes<\/h3>\n\n\n\n<p>En el segundo conversatorio, \u201cTopograf\u00eda ausentes\u201d, la escritora y docente Solange Rodr\u00edguez tuvo como panelistas a un graduado y dos estudiantes: Roger Cede\u00f1o, proveniente de Venezuela; Camila Ruiz, de Cuba; y Carla Corpe\u00f1o, de El Salvador, quienes compartieron sus vivencias en torno a la migraci\u00f3n. De cada uno comparti\u00f3 su hoja de vida y a cada uno pregunt\u00f3 sobre c\u00f3mo llegaron a Ecuador, si se adaptaron a las costumbres de nuestro pa\u00eds, de sus estudios universitarios, de sus actividades actuales y de sus planes y metas. Ellos contaron no solo sus experiencias, sino an\u00e9cdotas de vida en un pa\u00eds al que quisieron venir no solo para establecerse junto con su familia, sino formarse. El di\u00e1logo fue amplio y dej\u00f3 interesantes ense\u00f1anzas coincidieron quienes los escucharon hablar con determinaci\u00f3n.<\/p>\n\n\n\n<p>Roger Cede\u00f1o, dijo Solange Rodr\u00edguez, es escritor y corrector de estilo, naci\u00f3 en Caracas en 1995. Es licenciado en Literatura, menci\u00f3n Edici\u00f3n, por la UArtes; es profesor y coordinador del Departamento de Lenguas y Humanidades de la Universidad Educativa Biling\u00fce Jefferson y est\u00e1 interesado en el tema de la extranjer\u00eda y la frontera, as\u00ed como en el cine, las novelas gr\u00e1ficas, el libro \u00e1lbum; actualmente cursa la maestr\u00eda en Escritura Creativa, en la UArtes.<\/p>\n\n\n\n<figure class=\"wp-block-gallery has-nested-images columns-default is-cropped wp-block-gallery-1 is-layout-flex wp-block-gallery-is-layout-flex\">\n<figure class=\"wp-block-image size-large\"><img loading=\"lazy\" decoding=\"async\" width=\"644\" height=\"424\" data-id=\"73041\" src=\"https:\/\/www.uartes.edu.ec\/sitio\/wp-content\/uploads\/2025\/06\/Proyecto-Cambiar-tamano-de-imagen-2025-06-03T132010.396-644x424.jpeg\" alt=\"\" class=\"wp-image-73041\" srcset=\"https:\/\/www.uartes.edu.ec\/sitio\/wp-content\/uploads\/2025\/06\/Proyecto-Cambiar-tamano-de-imagen-2025-06-03T132010.396-644x424.jpeg 644w, https:\/\/www.uartes.edu.ec\/sitio\/wp-content\/uploads\/2025\/06\/Proyecto-Cambiar-tamano-de-imagen-2025-06-03T132010.396-300x197.jpeg 300w, https:\/\/www.uartes.edu.ec\/sitio\/wp-content\/uploads\/2025\/06\/Proyecto-Cambiar-tamano-de-imagen-2025-06-03T132010.396-768x505.jpeg 768w, https:\/\/www.uartes.edu.ec\/sitio\/wp-content\/uploads\/2025\/06\/Proyecto-Cambiar-tamano-de-imagen-2025-06-03T132010.396-1536x1010.jpeg 1536w, https:\/\/www.uartes.edu.ec\/sitio\/wp-content\/uploads\/2025\/06\/Proyecto-Cambiar-tamano-de-imagen-2025-06-03T132010.396-18x12.jpeg 18w, https:\/\/www.uartes.edu.ec\/sitio\/wp-content\/uploads\/2025\/06\/Proyecto-Cambiar-tamano-de-imagen-2025-06-03T132010.396-400x263.jpeg 400w, https:\/\/www.uartes.edu.ec\/sitio\/wp-content\/uploads\/2025\/06\/Proyecto-Cambiar-tamano-de-imagen-2025-06-03T132010.396.jpeg 1905w\" sizes=\"(max-width: 644px) 100vw, 644px\" \/><\/figure>\n\n\n\n<figure class=\"wp-block-image size-large\"><img loading=\"lazy\" decoding=\"async\" width=\"644\" height=\"430\" data-id=\"73042\" src=\"https:\/\/www.uartes.edu.ec\/sitio\/wp-content\/uploads\/2025\/06\/Proyecto-Cambiar-tamano-de-imagen-2025-06-03T131902.560-644x430.jpeg\" alt=\"\" class=\"wp-image-73042\" srcset=\"https:\/\/www.uartes.edu.ec\/sitio\/wp-content\/uploads\/2025\/06\/Proyecto-Cambiar-tamano-de-imagen-2025-06-03T131902.560-644x430.jpeg 644w, https:\/\/www.uartes.edu.ec\/sitio\/wp-content\/uploads\/2025\/06\/Proyecto-Cambiar-tamano-de-imagen-2025-06-03T131902.560-300x200.jpeg 300w, https:\/\/www.uartes.edu.ec\/sitio\/wp-content\/uploads\/2025\/06\/Proyecto-Cambiar-tamano-de-imagen-2025-06-03T131902.560-768x513.jpeg 768w, https:\/\/www.uartes.edu.ec\/sitio\/wp-content\/uploads\/2025\/06\/Proyecto-Cambiar-tamano-de-imagen-2025-06-03T131902.560-1536x1026.jpeg 1536w, https:\/\/www.uartes.edu.ec\/sitio\/wp-content\/uploads\/2025\/06\/Proyecto-Cambiar-tamano-de-imagen-2025-06-03T131902.560-18x12.jpeg 18w, https:\/\/www.uartes.edu.ec\/sitio\/wp-content\/uploads\/2025\/06\/Proyecto-Cambiar-tamano-de-imagen-2025-06-03T131902.560-600x400.jpeg 600w, https:\/\/www.uartes.edu.ec\/sitio\/wp-content\/uploads\/2025\/06\/Proyecto-Cambiar-tamano-de-imagen-2025-06-03T131902.560-400x267.jpeg 400w, https:\/\/www.uartes.edu.ec\/sitio\/wp-content\/uploads\/2025\/06\/Proyecto-Cambiar-tamano-de-imagen-2025-06-03T131902.560.jpeg 1917w\" sizes=\"(max-width: 644px) 100vw, 644px\" \/><\/figure>\n<\/figure>\n\n\n\n<p>Carla Corpe\u00f1o naci\u00f3 en San Salvador en 1997, cursa estudios de Literatura en la UArtes y trabaja como maestra de primaria; le interesa la literatura de no ficci\u00f3n, el cuento y el drama.<\/p>\n\n\n\n<p>Camila Ruiz lleg\u00f3 al pa\u00eds siendo adolescente, cursa el s\u00e9ptimo semestre de la carrera de literatura en la Universidad de las Artes. Ha publicado textos bajo el sello editorial Entr\u00f3pica y Editorial M\u00edtica.<\/p>\n\n\n\n<p><\/p>","protected":false},"excerpt":{"rendered":"<p>Dos conversatorios en torno a la movilidad migratoria se desarrollaron el viernes 30 de mayo en el marco de la presentaci\u00f3n de resultados del proyecto de vinculaci\u00f3n con la comunidad \u201cDerivas, memoria en movimiento\u201d. El primer di\u00e1logo se denomin\u00f3 \u201cHabitar el tr\u00e1nsito\u201d, tuvo lugar en la Plaza P\u00fablica del MZ14 Centro de Producci\u00f3n e Innovaci\u00f3n UArtes y lo moder\u00f3 Siomara Espa\u00f1a; el segundo, titulado \u201cTopograf\u00eda ausente\u201d, fue en la Biblioteca de las Artes y lo condujo Solange Rodr\u00edguez. <\/p>","protected":false},"author":10,"featured_media":73047,"comment_status":"open","ping_status":"open","sticky":false,"template":"","format":"standard","meta":{"_acf_changed":false,"_uag_custom_page_level_css":"","_monsterinsights_skip_tracking":false,"_monsterinsights_sitenote_active":false,"_monsterinsights_sitenote_note":"","_monsterinsights_sitenote_category":0,"cybocfi_hide_featured_image":"","footnotes":""},"categories":[80,490,75,76,77,175,79],"tags":[540],"infouartes":[],"class_list":["post-73027","post","type-post","status-publish","format-standard","has-post-thumbnail","hentry","category-academico","category-alumni","category-docentes","category-estudiantes","category-gestion","category-literatura","category-vinculo","tag-proyecto"],"acf":[],"yoast_head":"<!-- This site is optimized with the Yoast SEO plugin v27.4 - https:\/\/yoast.com\/product\/yoast-seo-wordpress\/ -->\n<title>Universidad de las Artes - \u201cHabitar el tr\u00e1nsito\u201d y \u201cTopograf\u00eda ausente\u201d, conversatorios sobre movilidad migratoria<\/title>\n<meta name=\"description\" content=\"Universidad de las Artes - \u201cHabitar el tr\u00e1nsito\u201d y \u201cTopograf\u00eda ausente\u201d, conversatorios sobre movilidad migratoria\" \/>\n<meta name=\"robots\" content=\"index, follow, max-snippet:-1, max-image-preview:large, max-video-preview:-1\" \/>\n<link rel=\"canonical\" href=\"https:\/\/www.uartes.edu.ec\/sitio\/fr\/blog\/2025\/06\/03\/dialogos-sobre-habitar-el-transito-y-la-topografia-ausente\/\" \/>\n<meta property=\"og:locale\" content=\"fr_FR\" \/>\n<meta property=\"og:type\" content=\"article\" \/>\n<meta property=\"og:title\" content=\"Universidad de las Artes - \u201cHabitar el tr\u00e1nsito\u201d y \u201cTopograf\u00eda ausente\u201d, conversatorios sobre movilidad migratoria\" \/>\n<meta property=\"og:description\" content=\"Universidad de las Artes - \u201cHabitar el tr\u00e1nsito\u201d y \u201cTopograf\u00eda ausente\u201d, conversatorios sobre movilidad migratoria\" \/>\n<meta property=\"og:url\" content=\"https:\/\/www.uartes.edu.ec\/sitio\/fr\/blog\/2025\/06\/03\/dialogos-sobre-habitar-el-transito-y-la-topografia-ausente\/\" \/>\n<meta property=\"og:site_name\" content=\"Universidad de las Artes\" \/>\n<meta property=\"article:publisher\" content=\"https:\/\/www.facebook.com\/uartesec\" \/>\n<meta property=\"article:published_time\" content=\"2025-06-03T21:40:00+00:00\" \/>\n<meta property=\"article:modified_time\" content=\"2025-06-05T21:08:14+00:00\" \/>\n<meta property=\"og:image\" content=\"https:\/\/www.uartes.edu.ec\/sitio\/wp-content\/uploads\/2025\/06\/Proyecto-Cambiar-tamano-de-imagen-2025-06-03T143312.146.jpeg\" \/>\n\t<meta property=\"og:image:width\" content=\"1927\" \/>\n\t<meta property=\"og:image:height\" content=\"1272\" \/>\n\t<meta property=\"og:image:type\" content=\"image\/jpeg\" \/>\n<meta name=\"author\" content=\"ccortez\" \/>\n<meta name=\"twitter:card\" content=\"summary_large_image\" \/>\n<meta name=\"twitter:creator\" content=\"@uartesec\" \/>\n<meta name=\"twitter:site\" content=\"@uartesec\" \/>\n<meta name=\"twitter:label1\" content=\"\u00c9crit par\" \/>\n\t<meta name=\"twitter:data1\" content=\"ccortez\" \/>\n\t<meta name=\"twitter:label2\" content=\"Dur\u00e9e de lecture estim\u00e9e\" \/>\n\t<meta name=\"twitter:data2\" content=\"7 minutes\" \/>\n<script type=\"application\/ld+json\" class=\"yoast-schema-graph\">{\"@context\":\"https:\\\/\\\/schema.org\",\"@graph\":[{\"@type\":\"Article\",\"@id\":\"https:\\\/\\\/www.uartes.edu.ec\\\/sitio\\\/fr\\\/blog\\\/2025\\\/06\\\/03\\\/dialogos-sobre-habitar-el-transito-y-la-topografia-ausente\\\/#article\",\"isPartOf\":{\"@id\":\"https:\\\/\\\/www.uartes.edu.ec\\\/sitio\\\/fr\\\/blog\\\/2025\\\/06\\\/03\\\/dialogos-sobre-habitar-el-transito-y-la-topografia-ausente\\\/\"},\"author\":{\"name\":\"ccortez\",\"@id\":\"https:\\\/\\\/www.uartes.edu.ec\\\/sitio\\\/fr\\\/#\\\/schema\\\/person\\\/efa1b8275797664fd7f13a79ccc0b1f4\"},\"headline\":\"\u201cHabitar el tr\u00e1nsito\u201d y \u201cTopograf\u00eda ausente\u201d, conversatorios sobre movilidad migratoria\",\"datePublished\":\"2025-06-03T21:40:00+00:00\",\"dateModified\":\"2025-06-05T21:08:14+00:00\",\"mainEntityOfPage\":{\"@id\":\"https:\\\/\\\/www.uartes.edu.ec\\\/sitio\\\/fr\\\/blog\\\/2025\\\/06\\\/03\\\/dialogos-sobre-habitar-el-transito-y-la-topografia-ausente\\\/\"},\"wordCount\":1506,\"commentCount\":0,\"publisher\":{\"@id\":\"https:\\\/\\\/www.uartes.edu.ec\\\/sitio\\\/fr\\\/#organization\"},\"image\":{\"@id\":\"https:\\\/\\\/www.uartes.edu.ec\\\/sitio\\\/fr\\\/blog\\\/2025\\\/06\\\/03\\\/dialogos-sobre-habitar-el-transito-y-la-topografia-ausente\\\/#primaryimage\"},\"thumbnailUrl\":\"https:\\\/\\\/www.uartes.edu.ec\\\/sitio\\\/wp-content\\\/uploads\\\/2025\\\/06\\\/Proyecto-Cambiar-tamano-de-imagen-2025-06-03T143312.146.jpeg\",\"keywords\":[\"proyecto\"],\"articleSection\":[\"Acad\u00e9mico\",\"Alumni\",\"Docentes\",\"Estudiantes\",\"Gesti\u00f3n\",\"Literatura\",\"V\u00ednculo\"],\"inLanguage\":\"fr-FR\",\"potentialAction\":[{\"@type\":\"CommentAction\",\"name\":\"Comment\",\"target\":[\"https:\\\/\\\/www.uartes.edu.ec\\\/sitio\\\/fr\\\/blog\\\/2025\\\/06\\\/03\\\/dialogos-sobre-habitar-el-transito-y-la-topografia-ausente\\\/#respond\"]}]},{\"@type\":[\"WebPage\",\"ItemPage\"],\"@id\":\"https:\\\/\\\/www.uartes.edu.ec\\\/sitio\\\/fr\\\/blog\\\/2025\\\/06\\\/03\\\/dialogos-sobre-habitar-el-transito-y-la-topografia-ausente\\\/\",\"url\":\"https:\\\/\\\/www.uartes.edu.ec\\\/sitio\\\/fr\\\/blog\\\/2025\\\/06\\\/03\\\/dialogos-sobre-habitar-el-transito-y-la-topografia-ausente\\\/\",\"name\":\"Universidad de las Artes - \u201cHabitar el tr\u00e1nsito\u201d y \u201cTopograf\u00eda ausente\u201d, conversatorios sobre movilidad migratoria\",\"isPartOf\":{\"@id\":\"https:\\\/\\\/www.uartes.edu.ec\\\/sitio\\\/fr\\\/#website\"},\"primaryImageOfPage\":{\"@id\":\"https:\\\/\\\/www.uartes.edu.ec\\\/sitio\\\/fr\\\/blog\\\/2025\\\/06\\\/03\\\/dialogos-sobre-habitar-el-transito-y-la-topografia-ausente\\\/#primaryimage\"},\"image\":{\"@id\":\"https:\\\/\\\/www.uartes.edu.ec\\\/sitio\\\/fr\\\/blog\\\/2025\\\/06\\\/03\\\/dialogos-sobre-habitar-el-transito-y-la-topografia-ausente\\\/#primaryimage\"},\"thumbnailUrl\":\"https:\\\/\\\/www.uartes.edu.ec\\\/sitio\\\/wp-content\\\/uploads\\\/2025\\\/06\\\/Proyecto-Cambiar-tamano-de-imagen-2025-06-03T143312.146.jpeg\",\"datePublished\":\"2025-06-03T21:40:00+00:00\",\"dateModified\":\"2025-06-05T21:08:14+00:00\",\"description\":\"Universidad de las Artes - \u201cHabitar el tr\u00e1nsito\u201d y \u201cTopograf\u00eda ausente\u201d, conversatorios sobre movilidad migratoria\",\"breadcrumb\":{\"@id\":\"https:\\\/\\\/www.uartes.edu.ec\\\/sitio\\\/fr\\\/blog\\\/2025\\\/06\\\/03\\\/dialogos-sobre-habitar-el-transito-y-la-topografia-ausente\\\/#breadcrumb\"},\"inLanguage\":\"fr-FR\",\"potentialAction\":[{\"@type\":\"ReadAction\",\"target\":[\"https:\\\/\\\/www.uartes.edu.ec\\\/sitio\\\/fr\\\/blog\\\/2025\\\/06\\\/03\\\/dialogos-sobre-habitar-el-transito-y-la-topografia-ausente\\\/\"]}]},{\"@type\":\"ImageObject\",\"inLanguage\":\"fr-FR\",\"@id\":\"https:\\\/\\\/www.uartes.edu.ec\\\/sitio\\\/fr\\\/blog\\\/2025\\\/06\\\/03\\\/dialogos-sobre-habitar-el-transito-y-la-topografia-ausente\\\/#primaryimage\",\"url\":\"https:\\\/\\\/www.uartes.edu.ec\\\/sitio\\\/wp-content\\\/uploads\\\/2025\\\/06\\\/Proyecto-Cambiar-tamano-de-imagen-2025-06-03T143312.146.jpeg\",\"contentUrl\":\"https:\\\/\\\/www.uartes.edu.ec\\\/sitio\\\/wp-content\\\/uploads\\\/2025\\\/06\\\/Proyecto-Cambiar-tamano-de-imagen-2025-06-03T143312.146.jpeg\",\"width\":1927,\"height\":1272},{\"@type\":\"BreadcrumbList\",\"@id\":\"https:\\\/\\\/www.uartes.edu.ec\\\/sitio\\\/fr\\\/blog\\\/2025\\\/06\\\/03\\\/dialogos-sobre-habitar-el-transito-y-la-topografia-ausente\\\/#breadcrumb\",\"itemListElement\":[{\"@type\":\"ListItem\",\"position\":1,\"name\":\"Inicio\",\"item\":\"https:\\\/\\\/www.uartes.edu.ec\\\/sitio\\\/\"},{\"@type\":\"ListItem\",\"position\":2,\"name\":\"\u201cHabitar el tr\u00e1nsito\u201d y \u201cTopograf\u00eda ausente\u201d, conversatorios sobre movilidad migratoria\"}]},{\"@type\":\"WebSite\",\"@id\":\"https:\\\/\\\/www.uartes.edu.ec\\\/sitio\\\/fr\\\/#website\",\"url\":\"https:\\\/\\\/www.uartes.edu.ec\\\/sitio\\\/fr\\\/\",\"name\":\"Universidad de las Artes\",\"description\":\"Sitio oficial de la Universidad Nacional de las Artes del Ecuador\",\"publisher\":{\"@id\":\"https:\\\/\\\/www.uartes.edu.ec\\\/sitio\\\/fr\\\/#organization\"},\"potentialAction\":[{\"@type\":\"SearchAction\",\"target\":{\"@type\":\"EntryPoint\",\"urlTemplate\":\"https:\\\/\\\/www.uartes.edu.ec\\\/sitio\\\/fr\\\/?s={search_term_string}\"},\"query-input\":{\"@type\":\"PropertyValueSpecification\",\"valueRequired\":true,\"valueName\":\"search_term_string\"}}],\"inLanguage\":\"fr-FR\"},{\"@type\":\"Organization\",\"@id\":\"https:\\\/\\\/www.uartes.edu.ec\\\/sitio\\\/fr\\\/#organization\",\"name\":\"Universidad de las Artes\",\"url\":\"https:\\\/\\\/www.uartes.edu.ec\\\/sitio\\\/fr\\\/\",\"logo\":{\"@type\":\"ImageObject\",\"inLanguage\":\"fr-FR\",\"@id\":\"https:\\\/\\\/www.uartes.edu.ec\\\/sitio\\\/fr\\\/#\\\/schema\\\/logo\\\/image\\\/\",\"url\":\"https:\\\/\\\/www.uartes.edu.ec\\\/sitio\\\/wp-content\\\/uploads\\\/2022\\\/07\\\/logo-ua-horizontal.png\",\"contentUrl\":\"https:\\\/\\\/www.uartes.edu.ec\\\/sitio\\\/wp-content\\\/uploads\\\/2022\\\/07\\\/logo-ua-horizontal.png\",\"width\":800,\"height\":276,\"caption\":\"Universidad de las Artes\"},\"image\":{\"@id\":\"https:\\\/\\\/www.uartes.edu.ec\\\/sitio\\\/fr\\\/#\\\/schema\\\/logo\\\/image\\\/\"},\"sameAs\":[\"https:\\\/\\\/www.facebook.com\\\/uartesec\",\"https:\\\/\\\/x.com\\\/uartesec\",\"https:\\\/\\\/www.tiktok.com\\\/@uartesec\"]},{\"@type\":\"Person\",\"@id\":\"https:\\\/\\\/www.uartes.edu.ec\\\/sitio\\\/fr\\\/#\\\/schema\\\/person\\\/efa1b8275797664fd7f13a79ccc0b1f4\",\"name\":\"ccortez\",\"image\":{\"@type\":\"ImageObject\",\"inLanguage\":\"fr-FR\",\"@id\":\"https:\\\/\\\/secure.gravatar.com\\\/avatar\\\/b2a6f664a3ae8e074346ef91775736c5ec479e637ecced6842de9dc98b5da9cd?s=96&d=mm&r=g\",\"url\":\"https:\\\/\\\/secure.gravatar.com\\\/avatar\\\/b2a6f664a3ae8e074346ef91775736c5ec479e637ecced6842de9dc98b5da9cd?s=96&d=mm&r=g\",\"contentUrl\":\"https:\\\/\\\/secure.gravatar.com\\\/avatar\\\/b2a6f664a3ae8e074346ef91775736c5ec479e637ecced6842de9dc98b5da9cd?s=96&d=mm&r=g\",\"caption\":\"ccortez\"},\"url\":\"https:\\\/\\\/www.uartes.edu.ec\\\/sitio\\\/fr\\\/blog\\\/author\\\/ccortez\\\/\"}]}<\/script>\n<!-- \/ Yoast SEO plugin. -->","yoast_head_json":{"title":"Universidad de las Artes - \u201cHabitar el tr\u00e1nsito\u201d y \u201cTopograf\u00eda ausente\u201d, conversatorios sobre movilidad migratoria","description":"Universidad de las Artes - \u201cHabitar el tr\u00e1nsito\u201d y \u201cTopograf\u00eda ausente\u201d, conversatorios sobre movilidad migratoria","robots":{"index":"index","follow":"follow","max-snippet":"max-snippet:-1","max-image-preview":"max-image-preview:large","max-video-preview":"max-video-preview:-1"},"canonical":"https:\/\/www.uartes.edu.ec\/sitio\/fr\/blog\/2025\/06\/03\/dialogos-sobre-habitar-el-transito-y-la-topografia-ausente\/","og_locale":"fr_FR","og_type":"article","og_title":"Universidad de las Artes - \u201cHabitar el tr\u00e1nsito\u201d y \u201cTopograf\u00eda ausente\u201d, conversatorios sobre movilidad migratoria","og_description":"Universidad de las Artes - \u201cHabitar el tr\u00e1nsito\u201d y \u201cTopograf\u00eda ausente\u201d, conversatorios sobre movilidad migratoria","og_url":"https:\/\/www.uartes.edu.ec\/sitio\/fr\/blog\/2025\/06\/03\/dialogos-sobre-habitar-el-transito-y-la-topografia-ausente\/","og_site_name":"Universidad de las Artes","article_publisher":"https:\/\/www.facebook.com\/uartesec","article_published_time":"2025-06-03T21:40:00+00:00","article_modified_time":"2025-06-05T21:08:14+00:00","og_image":[{"width":1927,"height":1272,"url":"https:\/\/www.uartes.edu.ec\/sitio\/wp-content\/uploads\/2025\/06\/Proyecto-Cambiar-tamano-de-imagen-2025-06-03T143312.146.jpeg","type":"image\/jpeg"}],"author":"ccortez","twitter_card":"summary_large_image","twitter_creator":"@uartesec","twitter_site":"@uartesec","twitter_misc":{"\u00c9crit par":"ccortez","Dur\u00e9e de lecture estim\u00e9e":"7 minutes"},"schema":{"@context":"https:\/\/schema.org","@graph":[{"@type":"Article","@id":"https:\/\/www.uartes.edu.ec\/sitio\/fr\/blog\/2025\/06\/03\/dialogos-sobre-habitar-el-transito-y-la-topografia-ausente\/#article","isPartOf":{"@id":"https:\/\/www.uartes.edu.ec\/sitio\/fr\/blog\/2025\/06\/03\/dialogos-sobre-habitar-el-transito-y-la-topografia-ausente\/"},"author":{"name":"ccortez","@id":"https:\/\/www.uartes.edu.ec\/sitio\/fr\/#\/schema\/person\/efa1b8275797664fd7f13a79ccc0b1f4"},"headline":"\u201cHabitar el tr\u00e1nsito\u201d y \u201cTopograf\u00eda ausente\u201d, conversatorios sobre movilidad migratoria","datePublished":"2025-06-03T21:40:00+00:00","dateModified":"2025-06-05T21:08:14+00:00","mainEntityOfPage":{"@id":"https:\/\/www.uartes.edu.ec\/sitio\/fr\/blog\/2025\/06\/03\/dialogos-sobre-habitar-el-transito-y-la-topografia-ausente\/"},"wordCount":1506,"commentCount":0,"publisher":{"@id":"https:\/\/www.uartes.edu.ec\/sitio\/fr\/#organization"},"image":{"@id":"https:\/\/www.uartes.edu.ec\/sitio\/fr\/blog\/2025\/06\/03\/dialogos-sobre-habitar-el-transito-y-la-topografia-ausente\/#primaryimage"},"thumbnailUrl":"https:\/\/www.uartes.edu.ec\/sitio\/wp-content\/uploads\/2025\/06\/Proyecto-Cambiar-tamano-de-imagen-2025-06-03T143312.146.jpeg","keywords":["proyecto"],"articleSection":["Acad\u00e9mico","Alumni","Docentes","Estudiantes","Gesti\u00f3n","Literatura","V\u00ednculo"],"inLanguage":"fr-FR","potentialAction":[{"@type":"CommentAction","name":"Comment","target":["https:\/\/www.uartes.edu.ec\/sitio\/fr\/blog\/2025\/06\/03\/dialogos-sobre-habitar-el-transito-y-la-topografia-ausente\/#respond"]}]},{"@type":["WebPage","ItemPage"],"@id":"https:\/\/www.uartes.edu.ec\/sitio\/fr\/blog\/2025\/06\/03\/dialogos-sobre-habitar-el-transito-y-la-topografia-ausente\/","url":"https:\/\/www.uartes.edu.ec\/sitio\/fr\/blog\/2025\/06\/03\/dialogos-sobre-habitar-el-transito-y-la-topografia-ausente\/","name":"Universidad de las Artes - \u201cHabitar el tr\u00e1nsito\u201d y \u201cTopograf\u00eda ausente\u201d, conversatorios sobre movilidad migratoria","isPartOf":{"@id":"https:\/\/www.uartes.edu.ec\/sitio\/fr\/#website"},"primaryImageOfPage":{"@id":"https:\/\/www.uartes.edu.ec\/sitio\/fr\/blog\/2025\/06\/03\/dialogos-sobre-habitar-el-transito-y-la-topografia-ausente\/#primaryimage"},"image":{"@id":"https:\/\/www.uartes.edu.ec\/sitio\/fr\/blog\/2025\/06\/03\/dialogos-sobre-habitar-el-transito-y-la-topografia-ausente\/#primaryimage"},"thumbnailUrl":"https:\/\/www.uartes.edu.ec\/sitio\/wp-content\/uploads\/2025\/06\/Proyecto-Cambiar-tamano-de-imagen-2025-06-03T143312.146.jpeg","datePublished":"2025-06-03T21:40:00+00:00","dateModified":"2025-06-05T21:08:14+00:00","description":"Universidad de las Artes - \u201cHabitar el tr\u00e1nsito\u201d y \u201cTopograf\u00eda ausente\u201d, conversatorios sobre movilidad migratoria","breadcrumb":{"@id":"https:\/\/www.uartes.edu.ec\/sitio\/fr\/blog\/2025\/06\/03\/dialogos-sobre-habitar-el-transito-y-la-topografia-ausente\/#breadcrumb"},"inLanguage":"fr-FR","potentialAction":[{"@type":"ReadAction","target":["https:\/\/www.uartes.edu.ec\/sitio\/fr\/blog\/2025\/06\/03\/dialogos-sobre-habitar-el-transito-y-la-topografia-ausente\/"]}]},{"@type":"ImageObject","inLanguage":"fr-FR","@id":"https:\/\/www.uartes.edu.ec\/sitio\/fr\/blog\/2025\/06\/03\/dialogos-sobre-habitar-el-transito-y-la-topografia-ausente\/#primaryimage","url":"https:\/\/www.uartes.edu.ec\/sitio\/wp-content\/uploads\/2025\/06\/Proyecto-Cambiar-tamano-de-imagen-2025-06-03T143312.146.jpeg","contentUrl":"https:\/\/www.uartes.edu.ec\/sitio\/wp-content\/uploads\/2025\/06\/Proyecto-Cambiar-tamano-de-imagen-2025-06-03T143312.146.jpeg","width":1927,"height":1272},{"@type":"BreadcrumbList","@id":"https:\/\/www.uartes.edu.ec\/sitio\/fr\/blog\/2025\/06\/03\/dialogos-sobre-habitar-el-transito-y-la-topografia-ausente\/#breadcrumb","itemListElement":[{"@type":"ListItem","position":1,"name":"Inicio","item":"https:\/\/www.uartes.edu.ec\/sitio\/"},{"@type":"ListItem","position":2,"name":"\u201cHabitar el tr\u00e1nsito\u201d y \u201cTopograf\u00eda ausente\u201d, conversatorios sobre movilidad migratoria"}]},{"@type":"WebSite","@id":"https:\/\/www.uartes.edu.ec\/sitio\/fr\/#website","url":"https:\/\/www.uartes.edu.ec\/sitio\/fr\/","name":"Universidad de las Artes","description":"Sitio oficial de la Universidad Nacional de las Artes del Ecuador","publisher":{"@id":"https:\/\/www.uartes.edu.ec\/sitio\/fr\/#organization"},"potentialAction":[{"@type":"SearchAction","target":{"@type":"EntryPoint","urlTemplate":"https:\/\/www.uartes.edu.ec\/sitio\/fr\/?s={search_term_string}"},"query-input":{"@type":"PropertyValueSpecification","valueRequired":true,"valueName":"search_term_string"}}],"inLanguage":"fr-FR"},{"@type":"Organization","@id":"https:\/\/www.uartes.edu.ec\/sitio\/fr\/#organization","name":"Universidad de las Artes","url":"https:\/\/www.uartes.edu.ec\/sitio\/fr\/","logo":{"@type":"ImageObject","inLanguage":"fr-FR","@id":"https:\/\/www.uartes.edu.ec\/sitio\/fr\/#\/schema\/logo\/image\/","url":"https:\/\/www.uartes.edu.ec\/sitio\/wp-content\/uploads\/2022\/07\/logo-ua-horizontal.png","contentUrl":"https:\/\/www.uartes.edu.ec\/sitio\/wp-content\/uploads\/2022\/07\/logo-ua-horizontal.png","width":800,"height":276,"caption":"Universidad de las Artes"},"image":{"@id":"https:\/\/www.uartes.edu.ec\/sitio\/fr\/#\/schema\/logo\/image\/"},"sameAs":["https:\/\/www.facebook.com\/uartesec","https:\/\/x.com\/uartesec","https:\/\/www.tiktok.com\/@uartesec"]},{"@type":"Person","@id":"https:\/\/www.uartes.edu.ec\/sitio\/fr\/#\/schema\/person\/efa1b8275797664fd7f13a79ccc0b1f4","name":"ccortez","image":{"@type":"ImageObject","inLanguage":"fr-FR","@id":"https:\/\/secure.gravatar.com\/avatar\/b2a6f664a3ae8e074346ef91775736c5ec479e637ecced6842de9dc98b5da9cd?s=96&d=mm&r=g","url":"https:\/\/secure.gravatar.com\/avatar\/b2a6f664a3ae8e074346ef91775736c5ec479e637ecced6842de9dc98b5da9cd?s=96&d=mm&r=g","contentUrl":"https:\/\/secure.gravatar.com\/avatar\/b2a6f664a3ae8e074346ef91775736c5ec479e637ecced6842de9dc98b5da9cd?s=96&d=mm&r=g","caption":"ccortez"},"url":"https:\/\/www.uartes.edu.ec\/sitio\/fr\/blog\/author\/ccortez\/"}]}},"uagb_featured_image_src":{"full":["https:\/\/www.uartes.edu.ec\/sitio\/wp-content\/uploads\/2025\/06\/Proyecto-Cambiar-tamano-de-imagen-2025-06-03T143312.146.jpeg",1927,1272,false],"thumbnail":["https:\/\/www.uartes.edu.ec\/sitio\/wp-content\/uploads\/2025\/06\/Proyecto-Cambiar-tamano-de-imagen-2025-06-03T143312.146-150x150.jpeg",150,150,true],"medium":["https:\/\/www.uartes.edu.ec\/sitio\/wp-content\/uploads\/2025\/06\/Proyecto-Cambiar-tamano-de-imagen-2025-06-03T143312.146-300x198.jpeg",300,198,true],"medium_large":["https:\/\/www.uartes.edu.ec\/sitio\/wp-content\/uploads\/2025\/06\/Proyecto-Cambiar-tamano-de-imagen-2025-06-03T143312.146-768x507.jpeg",768,507,true],"large":["https:\/\/www.uartes.edu.ec\/sitio\/wp-content\/uploads\/2025\/06\/Proyecto-Cambiar-tamano-de-imagen-2025-06-03T143312.146-644x425.jpeg",644,425,true],"1536x1536":["https:\/\/www.uartes.edu.ec\/sitio\/wp-content\/uploads\/2025\/06\/Proyecto-Cambiar-tamano-de-imagen-2025-06-03T143312.146-1536x1014.jpeg",1536,1014,true],"2048x2048":["https:\/\/www.uartes.edu.ec\/sitio\/wp-content\/uploads\/2025\/06\/Proyecto-Cambiar-tamano-de-imagen-2025-06-03T143312.146.jpeg",1927,1272,false],"trp-custom-language-flag":["https:\/\/www.uartes.edu.ec\/sitio\/wp-content\/uploads\/2025\/06\/Proyecto-Cambiar-tamano-de-imagen-2025-06-03T143312.146-18x12.jpeg",18,12,true],"htmega_size_585x295":["https:\/\/www.uartes.edu.ec\/sitio\/wp-content\/uploads\/2025\/06\/Proyecto-Cambiar-tamano-de-imagen-2025-06-03T143312.146-585x295.jpeg",585,295,true],"htmega_size_1170x536":["https:\/\/www.uartes.edu.ec\/sitio\/wp-content\/uploads\/2025\/06\/Proyecto-Cambiar-tamano-de-imagen-2025-06-03T143312.146-1170x536.jpeg",1170,536,true],"htmega_size_396x360":["https:\/\/www.uartes.edu.ec\/sitio\/wp-content\/uploads\/2025\/06\/Proyecto-Cambiar-tamano-de-imagen-2025-06-03T143312.146-396x360.jpeg",396,360,true],"gb-block-post-grid-landscape":["https:\/\/www.uartes.edu.ec\/sitio\/wp-content\/uploads\/2025\/06\/Proyecto-Cambiar-tamano-de-imagen-2025-06-03T143312.146-600x400.jpeg",600,400,true],"gb-block-post-grid-square":["https:\/\/www.uartes.edu.ec\/sitio\/wp-content\/uploads\/2025\/06\/Proyecto-Cambiar-tamano-de-imagen-2025-06-03T143312.146-600x600.jpeg",600,600,true],"university-hub-thumb":["https:\/\/www.uartes.edu.ec\/sitio\/wp-content\/uploads\/2025\/06\/Proyecto-Cambiar-tamano-de-imagen-2025-06-03T143312.146-400x264.jpeg",400,264,true],"mailpoet_newsletter_max":["https:\/\/www.uartes.edu.ec\/sitio\/wp-content\/uploads\/2025\/06\/Proyecto-Cambiar-tamano-de-imagen-2025-06-03T143312.146.jpeg",1320,871,false]},"uagb_author_info":{"display_name":"ccortez","author_link":"https:\/\/www.uartes.edu.ec\/sitio\/fr\/blog\/author\/ccortez\/"},"uagb_comment_info":0,"uagb_excerpt":"Dos conversatorios en torno a la movilidad migratoria se desarrollaron el viernes 30 de mayo en el marco de la presentaci\u00f3n de resultados del proyecto de vinculaci\u00f3n con la comunidad \u201cDerivas, memoria en movimiento\u201d. El primer di\u00e1logo se denomin\u00f3 \u201cHabitar el tr\u00e1nsito\u201d, tuvo lugar en la Plaza P\u00fablica del MZ14 Centro de Producci\u00f3n e Innovaci\u00f3n\u2026","featured_image_src":"https:\/\/www.uartes.edu.ec\/sitio\/wp-content\/uploads\/2025\/06\/Proyecto-Cambiar-tamano-de-imagen-2025-06-03T143312.146-600x400.jpeg","featured_image_src_square":"https:\/\/www.uartes.edu.ec\/sitio\/wp-content\/uploads\/2025\/06\/Proyecto-Cambiar-tamano-de-imagen-2025-06-03T143312.146-600x600.jpeg","author_info":{"display_name":"ccortez","author_link":"https:\/\/www.uartes.edu.ec\/sitio\/fr\/blog\/author\/ccortez\/"},"publishpress_future_workflow_manual_trigger":{"enabledWorkflows":[]},"distributor_meta":false,"distributor_terms":false,"distributor_media":false,"distributor_original_site_name":"Universidad de las Artes","distributor_original_site_url":"https:\/\/www.uartes.edu.ec\/sitio\/fr","push-errors":false,"_links":{"self":[{"href":"https:\/\/www.uartes.edu.ec\/sitio\/fr\/wp-json\/wp\/v2\/posts\/73027","targetHints":{"allow":["GET"]}}],"collection":[{"href":"https:\/\/www.uartes.edu.ec\/sitio\/fr\/wp-json\/wp\/v2\/posts"}],"about":[{"href":"https:\/\/www.uartes.edu.ec\/sitio\/fr\/wp-json\/wp\/v2\/types\/post"}],"author":[{"embeddable":true,"href":"https:\/\/www.uartes.edu.ec\/sitio\/fr\/wp-json\/wp\/v2\/users\/10"}],"replies":[{"embeddable":true,"href":"https:\/\/www.uartes.edu.ec\/sitio\/fr\/wp-json\/wp\/v2\/comments?post=73027"}],"version-history":[{"count":6,"href":"https:\/\/www.uartes.edu.ec\/sitio\/fr\/wp-json\/wp\/v2\/posts\/73027\/revisions"}],"predecessor-version":[{"id":73067,"href":"https:\/\/www.uartes.edu.ec\/sitio\/fr\/wp-json\/wp\/v2\/posts\/73027\/revisions\/73067"}],"wp:featuredmedia":[{"embeddable":true,"href":"https:\/\/www.uartes.edu.ec\/sitio\/fr\/wp-json\/wp\/v2\/media\/73047"}],"wp:attachment":[{"href":"https:\/\/www.uartes.edu.ec\/sitio\/fr\/wp-json\/wp\/v2\/media?parent=73027"}],"wp:term":[{"taxonomy":"category","embeddable":true,"href":"https:\/\/www.uartes.edu.ec\/sitio\/fr\/wp-json\/wp\/v2\/categories?post=73027"},{"taxonomy":"post_tag","embeddable":true,"href":"https:\/\/www.uartes.edu.ec\/sitio\/fr\/wp-json\/wp\/v2\/tags?post=73027"},{"taxonomy":"infouartes","embeddable":true,"href":"https:\/\/www.uartes.edu.ec\/sitio\/fr\/wp-json\/wp\/v2\/infouartes?post=73027"}],"curies":[{"name":"wp","href":"https:\/\/api.w.org\/{rel}","templated":true}]}}