{"id":73133,"date":"2025-06-04T17:54:00","date_gmt":"2025-06-04T22:54:00","guid":{"rendered":"https:\/\/www.uartes.edu.ec\/sitio\/?p=73133"},"modified":"2025-08-07T09:53:21","modified_gmt":"2025-08-07T14:53:21","slug":"escritores-docentes-de-la-uartes-presentes-en-la-filq-intervendran-en-conversatorios-daran-talleres-y-presentaran-libros","status":"publish","type":"post","link":"https:\/\/www.uartes.edu.ec\/sitio\/fr\/blog\/2025\/06\/04\/escritores-docentes-de-la-uartes-presentes-en-la-filq-intervendran-en-conversatorios-daran-talleres-y-presentaran-libros\/","title":{"rendered":"Escritores docentes de UArtes participan en la Feria Internacional del Libro de Quito"},"content":{"rendered":"<p>Concebido como un espacio para leer, pensar y debatir, la Feria Internacional del Libro de Quito (FILQ) 2025 abre sus puertas hoy, mi\u00e9rcoles 4 de junio, en el Centro Cultural Itchimb\u00eda, donde se mantendr\u00e1 hasta el domingo 8. La Universidad de las Artes est\u00e1 presente en este encuentro literario que congregar\u00e1 a 35 escritores extranjeros y 65 ecuatorianos, y que tendr\u00e1 a Costa Rica como el pa\u00eds invitado.<\/p>\n\n\n\n<p>De los reconocidos autores nacionales presentes en la FILQ, seis integran la planta docente de la Escuela de Literatura y el s\u00e9ptimo participante es uno de nuestros graduados. Con ellos, el grupo de investigaci\u00f3n de LIJ y Mediaci\u00f3n Lectora, que tambi\u00e9n tendr\u00e1 su espacio, seg\u00fan consta en la programaci\u00f3n de la cita. Esta incluye actividades para p\u00fablico juvenil e infantil, as\u00ed como talleres, conferencias, presentaciones y firmas de libros; un ciclo de cine de Costa Rica; y teatro, m\u00fasica y feria gastron\u00f3mica.<\/p>\n\n\n\n<p>Asimismo, de nuestra instituci\u00f3n de educaci\u00f3n superior, en la FILQ 2025 se encuentra su sello editorial con un stand y presentando publicaciones. Una de ellas es el libro \u201cEl dilema del ciempi\u00e9s\u201d, de Clara S\u00e1nchez, mag\u00edster en Escritura Creativa por la UArtes. La obra es parte de la Colecci\u00f3n de Posgrados.<\/p>\n\n\n\n<p>Los docentes de la UArtes presentes en la FILQ son Mar\u00eda Alejandra Zambrano, directora de la Escuela de Literatura; Maritza Cino, Cecilia Velasco, Siomara Espa\u00f1a, Solange Rodr\u00edguez, Yuliana Ortiz, Mar\u00eda Paulina Briones, Ana Camila Corral y Fernando Montenegro, y el estudiante Luis Ponce.<\/p>\n\n\n\n<p><strong>Jueves 5 de junio<br><\/strong>Aqu\u00ed la agenda de nuestros escritores en cada uno de los d\u00edas de la FILQ. En la ma\u00f1ana de este jueves 5 de junio, Maritza Cino intervendr\u00e1 en el conversatorio \u201cDel mapa al poema Latinoam\u00e9rica en verso\u201d junto a Carlos Aguasaco (Colombia-Estados Unidos), Alma Karla Sandoval (M\u00e9xico) y Agust\u00edn Guambo (Ecuador); se efectuar\u00e1 en la sala Eugenia Viteri y moderar\u00e1 Juan Su\u00e1rez.<\/p>\n\n\n<div class=\"wp-block-image\">\n<figure class=\"aligncenter size-large\"><img fetchpriority=\"high\" decoding=\"async\" width=\"644\" height=\"429\" src=\"https:\/\/www.uartes.edu.ec\/sitio\/wp-content\/uploads\/2025\/06\/FERIA-INTERNACIONAL-DE-QUITO-2025-UARTES-644x429.jpg\" alt=\"\" class=\"wp-image-73135\" srcset=\"https:\/\/www.uartes.edu.ec\/sitio\/wp-content\/uploads\/2025\/06\/FERIA-INTERNACIONAL-DE-QUITO-2025-UARTES-644x429.jpg 644w, https:\/\/www.uartes.edu.ec\/sitio\/wp-content\/uploads\/2025\/06\/FERIA-INTERNACIONAL-DE-QUITO-2025-UARTES-300x200.jpg 300w, https:\/\/www.uartes.edu.ec\/sitio\/wp-content\/uploads\/2025\/06\/FERIA-INTERNACIONAL-DE-QUITO-2025-UARTES-768x512.jpg 768w, https:\/\/www.uartes.edu.ec\/sitio\/wp-content\/uploads\/2025\/06\/FERIA-INTERNACIONAL-DE-QUITO-2025-UARTES-1536x1024.jpg 1536w, https:\/\/www.uartes.edu.ec\/sitio\/wp-content\/uploads\/2025\/06\/FERIA-INTERNACIONAL-DE-QUITO-2025-UARTES-18x12.jpg 18w, https:\/\/www.uartes.edu.ec\/sitio\/wp-content\/uploads\/2025\/06\/FERIA-INTERNACIONAL-DE-QUITO-2025-UARTES-600x400.jpg 600w, https:\/\/www.uartes.edu.ec\/sitio\/wp-content\/uploads\/2025\/06\/FERIA-INTERNACIONAL-DE-QUITO-2025-UARTES-400x267.jpg 400w, https:\/\/www.uartes.edu.ec\/sitio\/wp-content\/uploads\/2025\/06\/FERIA-INTERNACIONAL-DE-QUITO-2025-UARTES.jpg 2000w\" sizes=\"(max-width: 644px) 100vw, 644px\" \/><\/figure>\n<\/div>\n\n\n<p>El mismo d\u00eda, por la tarde, Maritza Cino, primera docente em\u00e9rica UArtes, participar\u00e1 en el Conversatorio \u201cLa poes\u00eda en contra de la domesticaci\u00f3n del lenguaje\u201d. Con ella dialogar\u00e1n Carlos Aguasaco (Colombia) y Jorge G\u00f3mez (Ecuador). Modera: Kevin Cuadrado (Ecuador).<\/p>\n\n\n\n<p>Igualmente, en horario vespertino y en la denominada FIL J\u00f3venes estar\u00e1 Luis Ponce en la charla \u201c\u00bfPor d\u00f3nde empiezo? Escribir en tiempos de scroll\u201d con Paola Vel\u00e1squez y Sharon Olazaval, y en la moderaci\u00f3n \u00c1ngela Lascano.<\/p>\n\n\n\n<p>La docente Camila Corral tomar\u00e1 parte con Tamara Reyes Palacios (Chile) en el conversatorio \u201cItinerarios de la edici\u00f3n ecuatoriana en los circuitos de Iberoam\u00e9rica; moderar\u00e1 Andrea Naranjo (Ecuador).<\/p>\n\n\n\n<p>Como parte de una de las actividades alternas programadas, la FILQ se\u00f1ala para el jueves 5 la intervenci\u00f3n del grupo de investigaci\u00f3n de LIJ y mediaci\u00f3n lectora de la UArtes en la Biblioteca El Ejido.<\/p>\n\n\n\n<p><strong>Viernes 6 de junio<\/strong><br>En el espacio FIL J\u00f3venes Luis Ponce tomar\u00e1 parte en la charla \u201c\u00bfC\u00f3mo vivir de los libros sin morir en el intento?\u201d junto a Karine Bernal, Camii Trapi y Andrea Aldana. Tambi\u00e9n en horario vespertino, 15:30 a 17:00 Camila Corral dictar\u00e1 el taller \u201c\u00bfC\u00f3mo hacer de la lectura un bien comunitario?\u201d.<\/p>\n\n\n\n<p>La poeta y docente Siomara Espa\u00f1a dialogar\u00e1 acerca de \u201cLa poes\u00eda o la rebeli\u00f3n contra el olvido\u201d junto a Federico D\u00edaz-Granados (Colombia); moderar\u00e1 Augusto Rodr\u00edguez<\/p>\n\n\n\n<p>Mar\u00eda Alejandra Zambrano compartir\u00e1 panel con Roc\u00edo Soria en el conversatorio \u201cSobre el sentido de los premios para el ecosistema del libro y la lectura\u201d; moderar\u00e1 Felipe Haro Poniatowski (M\u00e9xico).<\/p>\n\n\n\n<p>Y, en la llamada Noche del libro, se desarrollar\u00e1 una lectura de cuentos de miedos y otros placeres. La escritora y docente Solange Rodr\u00edguez participar\u00e1 con su obra \u201cEl demonio de la escritura\u201d.<\/p>\n\n\n\n<p><strong>S\u00e1bado 7 de junio<\/strong><br>El docente Fernando Montenegro dialogar\u00e1 junto a Laura Ortiz (Colombia) y \u00d3scar Vela (Ecuador) sobre \u201cLa narrativa marca el ritmo de la historia\u201d; moderar\u00e1 \u00c1lvaro Alem\u00e1n (Ecuador).<\/p>\n\n\n\n<p>Y en la sala Luz Argentina Chiriboga, Solange Rodr\u00edguez hablar\u00e1 con Dolores Reyes (Argentina) y Jorge Luis C\u00e1ceres (Ecuador) sobre \u201cEl miedo puede exceder a la palabra: di\u00e1logos sobre el terror latinoamericano\u201d; moderar\u00e1 \u00d3scar Molina (Ecuador).<\/p>\n\n\n<div class=\"wp-block-image\">\n<figure class=\"aligncenter size-large\"><img decoding=\"async\" width=\"644\" height=\"429\" src=\"https:\/\/www.uartes.edu.ec\/sitio\/wp-content\/uploads\/2025\/06\/BIBLIOTECA-COLORES-644x429.jpg\" alt=\"\" class=\"wp-image-73136\" srcset=\"https:\/\/www.uartes.edu.ec\/sitio\/wp-content\/uploads\/2025\/06\/BIBLIOTECA-COLORES-644x429.jpg 644w, https:\/\/www.uartes.edu.ec\/sitio\/wp-content\/uploads\/2025\/06\/BIBLIOTECA-COLORES-300x200.jpg 300w, https:\/\/www.uartes.edu.ec\/sitio\/wp-content\/uploads\/2025\/06\/BIBLIOTECA-COLORES-768x512.jpg 768w, https:\/\/www.uartes.edu.ec\/sitio\/wp-content\/uploads\/2025\/06\/BIBLIOTECA-COLORES-18x12.jpg 18w, https:\/\/www.uartes.edu.ec\/sitio\/wp-content\/uploads\/2025\/06\/BIBLIOTECA-COLORES-600x400.jpg 600w, https:\/\/www.uartes.edu.ec\/sitio\/wp-content\/uploads\/2025\/06\/BIBLIOTECA-COLORES-400x267.jpg 400w, https:\/\/www.uartes.edu.ec\/sitio\/wp-content\/uploads\/2025\/06\/BIBLIOTECA-COLORES.jpg 1280w\" sizes=\"(max-width: 644px) 100vw, 644px\" \/><\/figure>\n<\/div>\n\n\n<p>En la FIL Infantil, el espacio biblioteca humana congregar\u00e1 a la escritora y docente Cecilia Velasco con Edna Iturralde, Lucrecia Maldonado y Patricia Enderica.<\/p>\n\n\n\n<p>El mismo d\u00eda, el conversatorio \u201cEl desgarrado yo de la poes\u00eda\u201d reunir\u00e1 a la docente Siomara Espa\u00f1a con V\u00edctor Ru\u00edz Velasco (Per\u00fa), Nadia L\u00f3pez Garc\u00eda (M\u00e9xico) y C\u00e9sar Eduardo Carri\u00f3n (Ecuador); moderar\u00e1 Le\u00f3n Sierra (Ecuador).<\/p>\n\n\n\n<p>Mar\u00eda Alejandra Zambrano ser\u00e1 parte con Luisa Geisler (Brasil) en el conversatorio \u201cSobre escribir o c\u00f3mo hacer de lo \u00edntimo un acto pol\u00edtico\u201d; moderar\u00e1 Natalia P\u00e1ez (Ecuador).<\/p>\n\n\n\n<p>Graduada en la UArtes, la escritora Yuliana Ortiz compartir\u00e1 panel en el conversatorio \u201cSomos un eterno pr\u00e9stamo cultural\u201d con Daniela Catrileo (Chile); moderar\u00e1 Fausto Rivera (Ecuador).<\/p>\n\n\n\n<p>En la Sala de Talleres, de 17:00 a 18:30, Mar\u00eda Paulina Briones (Ecuador) impartir\u00e1 el denominado \u201cIntroducci\u00f3n a la edici\u00f3n de libros\u201d. Por la noche, de 19:00 a 20:00, estar\u00e1 en el conversatorio \u201cVolver desde la escritura: literatura ecuatoriana y migraci\u00f3n\u201d junto a Alejandra Vela (Ecuador) y C\u00e9sar V\u00e1sconez (Ecuador); moderar\u00e1 Santiago Rosero (Ecuador).<\/p>\n\n\n\n<p>En la FILQ, de 18:00 a 19:00 se realizar\u00e1 la presentaci\u00f3n del libro \u201cAquiles y la tormenta\u201d de la escritora y docente Alejandra Zambrano. La presentaci\u00f3n la har\u00e1 Carolina Bastidas.<\/p>\n\n\n\n<p>En el espacio \u201cMicr\u00f3fono abierto para lectura de poes\u00eda\u201d, estar\u00e1 Yuliana Ortiz junto a V\u00edctor Rodr\u00edguez N\u00fa\u00f1ez (Cuba), Balam Rodrigo (M\u00e9xico), Katherine Hedeen (Estados Unidos) y Jorge G\u00f3mez (Ecuador).<\/p>\n\n\n\n<p><strong>Domingo 8 de junio<\/strong><br>De 14:00 a 15:00, se realizar\u00e1 en la FILQ la presentaci\u00f3n del libro \u201cCementerio de moscas\u201d de la docente Mar\u00eda Paulina Briones.<\/p>","protected":false},"excerpt":{"rendered":"<p>La Feria Internacional del Libro de Quito (FILQ) 2025 arranca hoy en el Centro Cultural Itchimb\u00eda, donde se mantendr\u00e1 hasta el domingo 8. La UArtes est\u00e1 presente en la cita literaria que congregar\u00e1 a 35 autores extranjeros y 65 ecuatorianos. Seis escritores docentes y uno de nuestros graduados participar\u00e1n en conversatorios, dar\u00e1n talleres y presentar\u00e1n libros. Tambi\u00e9n participa con un stand UArtes Ediciones y el grupo de investigaci\u00f3n de LIJ y Mediaci\u00f3n Lectora. <\/p>","protected":false},"author":10,"featured_media":73134,"comment_status":"open","ping_status":"open","sticky":false,"template":"","format":"standard","meta":{"_acf_changed":false,"_uag_custom_page_level_css":"","_monsterinsights_skip_tracking":false,"_monsterinsights_sitenote_active":false,"_monsterinsights_sitenote_note":"","_monsterinsights_sitenote_category":0,"cybocfi_hide_featured_image":"","footnotes":""},"categories":[80,490,82,75,76,175,215],"tags":[521],"infouartes":[],"class_list":["post-73133","post","type-post","status-publish","format-standard","has-post-thumbnail","hentry","category-academico","category-alumni","category-artes","category-docentes","category-estudiantes","category-literatura","category-uartes-ediciones","tag-encuentro"],"acf":[],"yoast_head":"<!-- This site is optimized with the Yoast SEO plugin v27.4 - https:\/\/yoast.com\/product\/yoast-seo-wordpress\/ -->\n<title>Universidad de las Artes - Escritores docentes de UArtes participan en la Feria Internacional del Libro de Quito<\/title>\n<meta name=\"description\" content=\"Universidad de las Artes - Escritores docentes de UArtes participan en la Feria Internacional del Libro de Quito\" \/>\n<meta name=\"robots\" content=\"index, follow, max-snippet:-1, max-image-preview:large, max-video-preview:-1\" \/>\n<link rel=\"canonical\" href=\"https:\/\/www.uartes.edu.ec\/sitio\/fr\/blog\/2025\/06\/04\/escritores-docentes-de-la-uartes-presentes-en-la-filq-intervendran-en-conversatorios-daran-talleres-y-presentaran-libros\/\" \/>\n<meta property=\"og:locale\" content=\"fr_FR\" \/>\n<meta property=\"og:type\" content=\"article\" \/>\n<meta property=\"og:title\" content=\"Universidad de las Artes - Escritores docentes de UArtes participan en la Feria Internacional del Libro de Quito\" \/>\n<meta property=\"og:description\" content=\"Universidad de las Artes - Escritores docentes de UArtes participan en la Feria Internacional del Libro de Quito\" \/>\n<meta property=\"og:url\" content=\"https:\/\/www.uartes.edu.ec\/sitio\/fr\/blog\/2025\/06\/04\/escritores-docentes-de-la-uartes-presentes-en-la-filq-intervendran-en-conversatorios-daran-talleres-y-presentaran-libros\/\" \/>\n<meta property=\"og:site_name\" content=\"Universidad de las Artes\" \/>\n<meta property=\"article:publisher\" content=\"https:\/\/www.facebook.com\/uartesec\" \/>\n<meta property=\"article:published_time\" content=\"2025-06-04T22:54:00+00:00\" \/>\n<meta property=\"article:modified_time\" content=\"2025-08-07T14:53:21+00:00\" \/>\n<meta property=\"og:image\" content=\"https:\/\/www.uartes.edu.ec\/sitio\/wp-content\/uploads\/2025\/06\/FERIA-INTERNACIONAL-DE-QUITO-2025-UARTES-2.jpg\" \/>\n\t<meta property=\"og:image:width\" content=\"2000\" \/>\n\t<meta property=\"og:image:height\" content=\"1333\" \/>\n\t<meta property=\"og:image:type\" content=\"image\/jpeg\" \/>\n<meta name=\"author\" content=\"ccortez\" \/>\n<meta name=\"twitter:card\" content=\"summary_large_image\" \/>\n<meta name=\"twitter:creator\" content=\"@uartesec\" \/>\n<meta name=\"twitter:site\" content=\"@uartesec\" \/>\n<meta name=\"twitter:label1\" content=\"\u00c9crit par\" \/>\n\t<meta name=\"twitter:data1\" content=\"ccortez\" \/>\n\t<meta name=\"twitter:label2\" content=\"Dur\u00e9e de lecture estim\u00e9e\" \/>\n\t<meta name=\"twitter:data2\" content=\"5 minutes\" \/>\n<script type=\"application\/ld+json\" class=\"yoast-schema-graph\">{\"@context\":\"https:\\\/\\\/schema.org\",\"@graph\":[{\"@type\":\"Article\",\"@id\":\"https:\\\/\\\/www.uartes.edu.ec\\\/sitio\\\/fr\\\/blog\\\/2025\\\/06\\\/04\\\/escritores-docentes-de-la-uartes-presentes-en-la-filq-intervendran-en-conversatorios-daran-talleres-y-presentaran-libros\\\/#article\",\"isPartOf\":{\"@id\":\"https:\\\/\\\/www.uartes.edu.ec\\\/sitio\\\/fr\\\/blog\\\/2025\\\/06\\\/04\\\/escritores-docentes-de-la-uartes-presentes-en-la-filq-intervendran-en-conversatorios-daran-talleres-y-presentaran-libros\\\/\"},\"author\":{\"name\":\"ccortez\",\"@id\":\"https:\\\/\\\/www.uartes.edu.ec\\\/sitio\\\/fr\\\/#\\\/schema\\\/person\\\/efa1b8275797664fd7f13a79ccc0b1f4\"},\"headline\":\"Escritores docentes de UArtes participan en la Feria Internacional del Libro de Quito\",\"datePublished\":\"2025-06-04T22:54:00+00:00\",\"dateModified\":\"2025-08-07T14:53:21+00:00\",\"mainEntityOfPage\":{\"@id\":\"https:\\\/\\\/www.uartes.edu.ec\\\/sitio\\\/fr\\\/blog\\\/2025\\\/06\\\/04\\\/escritores-docentes-de-la-uartes-presentes-en-la-filq-intervendran-en-conversatorios-daran-talleres-y-presentaran-libros\\\/\"},\"wordCount\":995,\"commentCount\":0,\"publisher\":{\"@id\":\"https:\\\/\\\/www.uartes.edu.ec\\\/sitio\\\/fr\\\/#organization\"},\"image\":{\"@id\":\"https:\\\/\\\/www.uartes.edu.ec\\\/sitio\\\/fr\\\/blog\\\/2025\\\/06\\\/04\\\/escritores-docentes-de-la-uartes-presentes-en-la-filq-intervendran-en-conversatorios-daran-talleres-y-presentaran-libros\\\/#primaryimage\"},\"thumbnailUrl\":\"https:\\\/\\\/www.uartes.edu.ec\\\/sitio\\\/wp-content\\\/uploads\\\/2025\\\/06\\\/FERIA-INTERNACIONAL-DE-QUITO-2025-UARTES-2.jpg\",\"keywords\":[\"encuentro\"],\"articleSection\":[\"Acad\u00e9mico\",\"Alumni\",\"Artes\",\"Docentes\",\"Estudiantes\",\"Literatura\",\"UArtes Ediciones\"],\"inLanguage\":\"fr-FR\",\"potentialAction\":[{\"@type\":\"CommentAction\",\"name\":\"Comment\",\"target\":[\"https:\\\/\\\/www.uartes.edu.ec\\\/sitio\\\/fr\\\/blog\\\/2025\\\/06\\\/04\\\/escritores-docentes-de-la-uartes-presentes-en-la-filq-intervendran-en-conversatorios-daran-talleres-y-presentaran-libros\\\/#respond\"]}]},{\"@type\":[\"WebPage\",\"ItemPage\"],\"@id\":\"https:\\\/\\\/www.uartes.edu.ec\\\/sitio\\\/fr\\\/blog\\\/2025\\\/06\\\/04\\\/escritores-docentes-de-la-uartes-presentes-en-la-filq-intervendran-en-conversatorios-daran-talleres-y-presentaran-libros\\\/\",\"url\":\"https:\\\/\\\/www.uartes.edu.ec\\\/sitio\\\/fr\\\/blog\\\/2025\\\/06\\\/04\\\/escritores-docentes-de-la-uartes-presentes-en-la-filq-intervendran-en-conversatorios-daran-talleres-y-presentaran-libros\\\/\",\"name\":\"Universidad de las Artes - Escritores docentes de UArtes participan en la Feria Internacional del Libro de Quito\",\"isPartOf\":{\"@id\":\"https:\\\/\\\/www.uartes.edu.ec\\\/sitio\\\/fr\\\/#website\"},\"primaryImageOfPage\":{\"@id\":\"https:\\\/\\\/www.uartes.edu.ec\\\/sitio\\\/fr\\\/blog\\\/2025\\\/06\\\/04\\\/escritores-docentes-de-la-uartes-presentes-en-la-filq-intervendran-en-conversatorios-daran-talleres-y-presentaran-libros\\\/#primaryimage\"},\"image\":{\"@id\":\"https:\\\/\\\/www.uartes.edu.ec\\\/sitio\\\/fr\\\/blog\\\/2025\\\/06\\\/04\\\/escritores-docentes-de-la-uartes-presentes-en-la-filq-intervendran-en-conversatorios-daran-talleres-y-presentaran-libros\\\/#primaryimage\"},\"thumbnailUrl\":\"https:\\\/\\\/www.uartes.edu.ec\\\/sitio\\\/wp-content\\\/uploads\\\/2025\\\/06\\\/FERIA-INTERNACIONAL-DE-QUITO-2025-UARTES-2.jpg\",\"datePublished\":\"2025-06-04T22:54:00+00:00\",\"dateModified\":\"2025-08-07T14:53:21+00:00\",\"description\":\"Universidad de las Artes - Escritores docentes de UArtes participan en la Feria Internacional del Libro de Quito\",\"breadcrumb\":{\"@id\":\"https:\\\/\\\/www.uartes.edu.ec\\\/sitio\\\/fr\\\/blog\\\/2025\\\/06\\\/04\\\/escritores-docentes-de-la-uartes-presentes-en-la-filq-intervendran-en-conversatorios-daran-talleres-y-presentaran-libros\\\/#breadcrumb\"},\"inLanguage\":\"fr-FR\",\"potentialAction\":[{\"@type\":\"ReadAction\",\"target\":[\"https:\\\/\\\/www.uartes.edu.ec\\\/sitio\\\/fr\\\/blog\\\/2025\\\/06\\\/04\\\/escritores-docentes-de-la-uartes-presentes-en-la-filq-intervendran-en-conversatorios-daran-talleres-y-presentaran-libros\\\/\"]}]},{\"@type\":\"ImageObject\",\"inLanguage\":\"fr-FR\",\"@id\":\"https:\\\/\\\/www.uartes.edu.ec\\\/sitio\\\/fr\\\/blog\\\/2025\\\/06\\\/04\\\/escritores-docentes-de-la-uartes-presentes-en-la-filq-intervendran-en-conversatorios-daran-talleres-y-presentaran-libros\\\/#primaryimage\",\"url\":\"https:\\\/\\\/www.uartes.edu.ec\\\/sitio\\\/wp-content\\\/uploads\\\/2025\\\/06\\\/FERIA-INTERNACIONAL-DE-QUITO-2025-UARTES-2.jpg\",\"contentUrl\":\"https:\\\/\\\/www.uartes.edu.ec\\\/sitio\\\/wp-content\\\/uploads\\\/2025\\\/06\\\/FERIA-INTERNACIONAL-DE-QUITO-2025-UARTES-2.jpg\",\"width\":2000,\"height\":1333},{\"@type\":\"BreadcrumbList\",\"@id\":\"https:\\\/\\\/www.uartes.edu.ec\\\/sitio\\\/fr\\\/blog\\\/2025\\\/06\\\/04\\\/escritores-docentes-de-la-uartes-presentes-en-la-filq-intervendran-en-conversatorios-daran-talleres-y-presentaran-libros\\\/#breadcrumb\",\"itemListElement\":[{\"@type\":\"ListItem\",\"position\":1,\"name\":\"Inicio\",\"item\":\"https:\\\/\\\/www.uartes.edu.ec\\\/sitio\\\/\"},{\"@type\":\"ListItem\",\"position\":2,\"name\":\"Escritores docentes de UArtes participan en la Feria Internacional del Libro de Quito\"}]},{\"@type\":\"WebSite\",\"@id\":\"https:\\\/\\\/www.uartes.edu.ec\\\/sitio\\\/fr\\\/#website\",\"url\":\"https:\\\/\\\/www.uartes.edu.ec\\\/sitio\\\/fr\\\/\",\"name\":\"Universidad de las Artes\",\"description\":\"Sitio oficial de la Universidad Nacional de las Artes del Ecuador\",\"publisher\":{\"@id\":\"https:\\\/\\\/www.uartes.edu.ec\\\/sitio\\\/fr\\\/#organization\"},\"potentialAction\":[{\"@type\":\"SearchAction\",\"target\":{\"@type\":\"EntryPoint\",\"urlTemplate\":\"https:\\\/\\\/www.uartes.edu.ec\\\/sitio\\\/fr\\\/?s={search_term_string}\"},\"query-input\":{\"@type\":\"PropertyValueSpecification\",\"valueRequired\":true,\"valueName\":\"search_term_string\"}}],\"inLanguage\":\"fr-FR\"},{\"@type\":\"Organization\",\"@id\":\"https:\\\/\\\/www.uartes.edu.ec\\\/sitio\\\/fr\\\/#organization\",\"name\":\"Universidad de las Artes\",\"url\":\"https:\\\/\\\/www.uartes.edu.ec\\\/sitio\\\/fr\\\/\",\"logo\":{\"@type\":\"ImageObject\",\"inLanguage\":\"fr-FR\",\"@id\":\"https:\\\/\\\/www.uartes.edu.ec\\\/sitio\\\/fr\\\/#\\\/schema\\\/logo\\\/image\\\/\",\"url\":\"https:\\\/\\\/www.uartes.edu.ec\\\/sitio\\\/wp-content\\\/uploads\\\/2022\\\/07\\\/logo-ua-horizontal.png\",\"contentUrl\":\"https:\\\/\\\/www.uartes.edu.ec\\\/sitio\\\/wp-content\\\/uploads\\\/2022\\\/07\\\/logo-ua-horizontal.png\",\"width\":800,\"height\":276,\"caption\":\"Universidad de las Artes\"},\"image\":{\"@id\":\"https:\\\/\\\/www.uartes.edu.ec\\\/sitio\\\/fr\\\/#\\\/schema\\\/logo\\\/image\\\/\"},\"sameAs\":[\"https:\\\/\\\/www.facebook.com\\\/uartesec\",\"https:\\\/\\\/x.com\\\/uartesec\",\"https:\\\/\\\/www.tiktok.com\\\/@uartesec\"]},{\"@type\":\"Person\",\"@id\":\"https:\\\/\\\/www.uartes.edu.ec\\\/sitio\\\/fr\\\/#\\\/schema\\\/person\\\/efa1b8275797664fd7f13a79ccc0b1f4\",\"name\":\"ccortez\",\"image\":{\"@type\":\"ImageObject\",\"inLanguage\":\"fr-FR\",\"@id\":\"https:\\\/\\\/secure.gravatar.com\\\/avatar\\\/b2a6f664a3ae8e074346ef91775736c5ec479e637ecced6842de9dc98b5da9cd?s=96&d=mm&r=g\",\"url\":\"https:\\\/\\\/secure.gravatar.com\\\/avatar\\\/b2a6f664a3ae8e074346ef91775736c5ec479e637ecced6842de9dc98b5da9cd?s=96&d=mm&r=g\",\"contentUrl\":\"https:\\\/\\\/secure.gravatar.com\\\/avatar\\\/b2a6f664a3ae8e074346ef91775736c5ec479e637ecced6842de9dc98b5da9cd?s=96&d=mm&r=g\",\"caption\":\"ccortez\"},\"url\":\"https:\\\/\\\/www.uartes.edu.ec\\\/sitio\\\/fr\\\/blog\\\/author\\\/ccortez\\\/\"}]}<\/script>\n<!-- \/ Yoast SEO plugin. -->","yoast_head_json":{"title":"Universidad de las Artes - Escritores docentes de UArtes participan en la Feria Internacional del Libro de Quito","description":"Universidad de las Artes - Escritores docentes de UArtes participan en la Feria Internacional del Libro de Quito","robots":{"index":"index","follow":"follow","max-snippet":"max-snippet:-1","max-image-preview":"max-image-preview:large","max-video-preview":"max-video-preview:-1"},"canonical":"https:\/\/www.uartes.edu.ec\/sitio\/fr\/blog\/2025\/06\/04\/escritores-docentes-de-la-uartes-presentes-en-la-filq-intervendran-en-conversatorios-daran-talleres-y-presentaran-libros\/","og_locale":"fr_FR","og_type":"article","og_title":"Universidad de las Artes - Escritores docentes de UArtes participan en la Feria Internacional del Libro de Quito","og_description":"Universidad de las Artes - Escritores docentes de UArtes participan en la Feria Internacional del Libro de Quito","og_url":"https:\/\/www.uartes.edu.ec\/sitio\/fr\/blog\/2025\/06\/04\/escritores-docentes-de-la-uartes-presentes-en-la-filq-intervendran-en-conversatorios-daran-talleres-y-presentaran-libros\/","og_site_name":"Universidad de las Artes","article_publisher":"https:\/\/www.facebook.com\/uartesec","article_published_time":"2025-06-04T22:54:00+00:00","article_modified_time":"2025-08-07T14:53:21+00:00","og_image":[{"width":2000,"height":1333,"url":"https:\/\/www.uartes.edu.ec\/sitio\/wp-content\/uploads\/2025\/06\/FERIA-INTERNACIONAL-DE-QUITO-2025-UARTES-2.jpg","type":"image\/jpeg"}],"author":"ccortez","twitter_card":"summary_large_image","twitter_creator":"@uartesec","twitter_site":"@uartesec","twitter_misc":{"\u00c9crit par":"ccortez","Dur\u00e9e de lecture estim\u00e9e":"5 minutes"},"schema":{"@context":"https:\/\/schema.org","@graph":[{"@type":"Article","@id":"https:\/\/www.uartes.edu.ec\/sitio\/fr\/blog\/2025\/06\/04\/escritores-docentes-de-la-uartes-presentes-en-la-filq-intervendran-en-conversatorios-daran-talleres-y-presentaran-libros\/#article","isPartOf":{"@id":"https:\/\/www.uartes.edu.ec\/sitio\/fr\/blog\/2025\/06\/04\/escritores-docentes-de-la-uartes-presentes-en-la-filq-intervendran-en-conversatorios-daran-talleres-y-presentaran-libros\/"},"author":{"name":"ccortez","@id":"https:\/\/www.uartes.edu.ec\/sitio\/fr\/#\/schema\/person\/efa1b8275797664fd7f13a79ccc0b1f4"},"headline":"Escritores docentes de UArtes participan en la Feria Internacional del Libro de Quito","datePublished":"2025-06-04T22:54:00+00:00","dateModified":"2025-08-07T14:53:21+00:00","mainEntityOfPage":{"@id":"https:\/\/www.uartes.edu.ec\/sitio\/fr\/blog\/2025\/06\/04\/escritores-docentes-de-la-uartes-presentes-en-la-filq-intervendran-en-conversatorios-daran-talleres-y-presentaran-libros\/"},"wordCount":995,"commentCount":0,"publisher":{"@id":"https:\/\/www.uartes.edu.ec\/sitio\/fr\/#organization"},"image":{"@id":"https:\/\/www.uartes.edu.ec\/sitio\/fr\/blog\/2025\/06\/04\/escritores-docentes-de-la-uartes-presentes-en-la-filq-intervendran-en-conversatorios-daran-talleres-y-presentaran-libros\/#primaryimage"},"thumbnailUrl":"https:\/\/www.uartes.edu.ec\/sitio\/wp-content\/uploads\/2025\/06\/FERIA-INTERNACIONAL-DE-QUITO-2025-UARTES-2.jpg","keywords":["encuentro"],"articleSection":["Acad\u00e9mico","Alumni","Artes","Docentes","Estudiantes","Literatura","UArtes Ediciones"],"inLanguage":"fr-FR","potentialAction":[{"@type":"CommentAction","name":"Comment","target":["https:\/\/www.uartes.edu.ec\/sitio\/fr\/blog\/2025\/06\/04\/escritores-docentes-de-la-uartes-presentes-en-la-filq-intervendran-en-conversatorios-daran-talleres-y-presentaran-libros\/#respond"]}]},{"@type":["WebPage","ItemPage"],"@id":"https:\/\/www.uartes.edu.ec\/sitio\/fr\/blog\/2025\/06\/04\/escritores-docentes-de-la-uartes-presentes-en-la-filq-intervendran-en-conversatorios-daran-talleres-y-presentaran-libros\/","url":"https:\/\/www.uartes.edu.ec\/sitio\/fr\/blog\/2025\/06\/04\/escritores-docentes-de-la-uartes-presentes-en-la-filq-intervendran-en-conversatorios-daran-talleres-y-presentaran-libros\/","name":"Universidad de las Artes - Escritores docentes de UArtes participan en la Feria Internacional del Libro de Quito","isPartOf":{"@id":"https:\/\/www.uartes.edu.ec\/sitio\/fr\/#website"},"primaryImageOfPage":{"@id":"https:\/\/www.uartes.edu.ec\/sitio\/fr\/blog\/2025\/06\/04\/escritores-docentes-de-la-uartes-presentes-en-la-filq-intervendran-en-conversatorios-daran-talleres-y-presentaran-libros\/#primaryimage"},"image":{"@id":"https:\/\/www.uartes.edu.ec\/sitio\/fr\/blog\/2025\/06\/04\/escritores-docentes-de-la-uartes-presentes-en-la-filq-intervendran-en-conversatorios-daran-talleres-y-presentaran-libros\/#primaryimage"},"thumbnailUrl":"https:\/\/www.uartes.edu.ec\/sitio\/wp-content\/uploads\/2025\/06\/FERIA-INTERNACIONAL-DE-QUITO-2025-UARTES-2.jpg","datePublished":"2025-06-04T22:54:00+00:00","dateModified":"2025-08-07T14:53:21+00:00","description":"Universidad de las Artes - Escritores docentes de UArtes participan en la Feria Internacional del Libro de Quito","breadcrumb":{"@id":"https:\/\/www.uartes.edu.ec\/sitio\/fr\/blog\/2025\/06\/04\/escritores-docentes-de-la-uartes-presentes-en-la-filq-intervendran-en-conversatorios-daran-talleres-y-presentaran-libros\/#breadcrumb"},"inLanguage":"fr-FR","potentialAction":[{"@type":"ReadAction","target":["https:\/\/www.uartes.edu.ec\/sitio\/fr\/blog\/2025\/06\/04\/escritores-docentes-de-la-uartes-presentes-en-la-filq-intervendran-en-conversatorios-daran-talleres-y-presentaran-libros\/"]}]},{"@type":"ImageObject","inLanguage":"fr-FR","@id":"https:\/\/www.uartes.edu.ec\/sitio\/fr\/blog\/2025\/06\/04\/escritores-docentes-de-la-uartes-presentes-en-la-filq-intervendran-en-conversatorios-daran-talleres-y-presentaran-libros\/#primaryimage","url":"https:\/\/www.uartes.edu.ec\/sitio\/wp-content\/uploads\/2025\/06\/FERIA-INTERNACIONAL-DE-QUITO-2025-UARTES-2.jpg","contentUrl":"https:\/\/www.uartes.edu.ec\/sitio\/wp-content\/uploads\/2025\/06\/FERIA-INTERNACIONAL-DE-QUITO-2025-UARTES-2.jpg","width":2000,"height":1333},{"@type":"BreadcrumbList","@id":"https:\/\/www.uartes.edu.ec\/sitio\/fr\/blog\/2025\/06\/04\/escritores-docentes-de-la-uartes-presentes-en-la-filq-intervendran-en-conversatorios-daran-talleres-y-presentaran-libros\/#breadcrumb","itemListElement":[{"@type":"ListItem","position":1,"name":"Inicio","item":"https:\/\/www.uartes.edu.ec\/sitio\/"},{"@type":"ListItem","position":2,"name":"Escritores docentes de UArtes participan en la Feria Internacional del Libro de Quito"}]},{"@type":"WebSite","@id":"https:\/\/www.uartes.edu.ec\/sitio\/fr\/#website","url":"https:\/\/www.uartes.edu.ec\/sitio\/fr\/","name":"Universidad de las Artes","description":"Sitio oficial de la Universidad Nacional de las Artes del Ecuador","publisher":{"@id":"https:\/\/www.uartes.edu.ec\/sitio\/fr\/#organization"},"potentialAction":[{"@type":"SearchAction","target":{"@type":"EntryPoint","urlTemplate":"https:\/\/www.uartes.edu.ec\/sitio\/fr\/?s={search_term_string}"},"query-input":{"@type":"PropertyValueSpecification","valueRequired":true,"valueName":"search_term_string"}}],"inLanguage":"fr-FR"},{"@type":"Organization","@id":"https:\/\/www.uartes.edu.ec\/sitio\/fr\/#organization","name":"Universidad de las Artes","url":"https:\/\/www.uartes.edu.ec\/sitio\/fr\/","logo":{"@type":"ImageObject","inLanguage":"fr-FR","@id":"https:\/\/www.uartes.edu.ec\/sitio\/fr\/#\/schema\/logo\/image\/","url":"https:\/\/www.uartes.edu.ec\/sitio\/wp-content\/uploads\/2022\/07\/logo-ua-horizontal.png","contentUrl":"https:\/\/www.uartes.edu.ec\/sitio\/wp-content\/uploads\/2022\/07\/logo-ua-horizontal.png","width":800,"height":276,"caption":"Universidad de las Artes"},"image":{"@id":"https:\/\/www.uartes.edu.ec\/sitio\/fr\/#\/schema\/logo\/image\/"},"sameAs":["https:\/\/www.facebook.com\/uartesec","https:\/\/x.com\/uartesec","https:\/\/www.tiktok.com\/@uartesec"]},{"@type":"Person","@id":"https:\/\/www.uartes.edu.ec\/sitio\/fr\/#\/schema\/person\/efa1b8275797664fd7f13a79ccc0b1f4","name":"ccortez","image":{"@type":"ImageObject","inLanguage":"fr-FR","@id":"https:\/\/secure.gravatar.com\/avatar\/b2a6f664a3ae8e074346ef91775736c5ec479e637ecced6842de9dc98b5da9cd?s=96&d=mm&r=g","url":"https:\/\/secure.gravatar.com\/avatar\/b2a6f664a3ae8e074346ef91775736c5ec479e637ecced6842de9dc98b5da9cd?s=96&d=mm&r=g","contentUrl":"https:\/\/secure.gravatar.com\/avatar\/b2a6f664a3ae8e074346ef91775736c5ec479e637ecced6842de9dc98b5da9cd?s=96&d=mm&r=g","caption":"ccortez"},"url":"https:\/\/www.uartes.edu.ec\/sitio\/fr\/blog\/author\/ccortez\/"}]}},"uagb_featured_image_src":{"full":["https:\/\/www.uartes.edu.ec\/sitio\/wp-content\/uploads\/2025\/06\/FERIA-INTERNACIONAL-DE-QUITO-2025-UARTES-2.jpg",2000,1333,false],"thumbnail":["https:\/\/www.uartes.edu.ec\/sitio\/wp-content\/uploads\/2025\/06\/FERIA-INTERNACIONAL-DE-QUITO-2025-UARTES-2-150x150.jpg",150,150,true],"medium":["https:\/\/www.uartes.edu.ec\/sitio\/wp-content\/uploads\/2025\/06\/FERIA-INTERNACIONAL-DE-QUITO-2025-UARTES-2-300x200.jpg",300,200,true],"medium_large":["https:\/\/www.uartes.edu.ec\/sitio\/wp-content\/uploads\/2025\/06\/FERIA-INTERNACIONAL-DE-QUITO-2025-UARTES-2-768x512.jpg",768,512,true],"large":["https:\/\/www.uartes.edu.ec\/sitio\/wp-content\/uploads\/2025\/06\/FERIA-INTERNACIONAL-DE-QUITO-2025-UARTES-2-644x429.jpg",644,429,true],"1536x1536":["https:\/\/www.uartes.edu.ec\/sitio\/wp-content\/uploads\/2025\/06\/FERIA-INTERNACIONAL-DE-QUITO-2025-UARTES-2-1536x1024.jpg",1536,1024,true],"2048x2048":["https:\/\/www.uartes.edu.ec\/sitio\/wp-content\/uploads\/2025\/06\/FERIA-INTERNACIONAL-DE-QUITO-2025-UARTES-2.jpg",2000,1333,false],"trp-custom-language-flag":["https:\/\/www.uartes.edu.ec\/sitio\/wp-content\/uploads\/2025\/06\/FERIA-INTERNACIONAL-DE-QUITO-2025-UARTES-2-18x12.jpg",18,12,true],"htmega_size_585x295":["https:\/\/www.uartes.edu.ec\/sitio\/wp-content\/uploads\/2025\/06\/FERIA-INTERNACIONAL-DE-QUITO-2025-UARTES-2-585x295.jpg",585,295,true],"htmega_size_1170x536":["https:\/\/www.uartes.edu.ec\/sitio\/wp-content\/uploads\/2025\/06\/FERIA-INTERNACIONAL-DE-QUITO-2025-UARTES-2-1170x536.jpg",1170,536,true],"htmega_size_396x360":["https:\/\/www.uartes.edu.ec\/sitio\/wp-content\/uploads\/2025\/06\/FERIA-INTERNACIONAL-DE-QUITO-2025-UARTES-2-396x360.jpg",396,360,true],"gb-block-post-grid-landscape":["https:\/\/www.uartes.edu.ec\/sitio\/wp-content\/uploads\/2025\/06\/FERIA-INTERNACIONAL-DE-QUITO-2025-UARTES-2-600x400.jpg",600,400,true],"gb-block-post-grid-square":["https:\/\/www.uartes.edu.ec\/sitio\/wp-content\/uploads\/2025\/06\/FERIA-INTERNACIONAL-DE-QUITO-2025-UARTES-2-600x600.jpg",600,600,true],"university-hub-thumb":["https:\/\/www.uartes.edu.ec\/sitio\/wp-content\/uploads\/2025\/06\/FERIA-INTERNACIONAL-DE-QUITO-2025-UARTES-2-400x267.jpg",400,267,true]},"uagb_author_info":{"display_name":"ccortez","author_link":"https:\/\/www.uartes.edu.ec\/sitio\/fr\/blog\/author\/ccortez\/"},"uagb_comment_info":0,"uagb_excerpt":"La Feria Internacional del Libro de Quito (FILQ) 2025 arranca hoy en el Centro Cultural Itchimb\u00eda, donde se mantendr\u00e1 hasta el domingo 8. La UArtes est\u00e1 presente en la cita literaria que congregar\u00e1 a 35 autores extranjeros y 65 ecuatorianos. Seis escritores docentes y uno de nuestros graduados participar\u00e1n en conversatorios, dar\u00e1n talleres y presentar\u00e1n\u2026","featured_image_src":"https:\/\/www.uartes.edu.ec\/sitio\/wp-content\/uploads\/2025\/06\/FERIA-INTERNACIONAL-DE-QUITO-2025-UARTES-2-600x400.jpg","featured_image_src_square":"https:\/\/www.uartes.edu.ec\/sitio\/wp-content\/uploads\/2025\/06\/FERIA-INTERNACIONAL-DE-QUITO-2025-UARTES-2-600x600.jpg","author_info":{"display_name":"ccortez","author_link":"https:\/\/www.uartes.edu.ec\/sitio\/fr\/blog\/author\/ccortez\/"},"publishpress_future_workflow_manual_trigger":{"enabledWorkflows":[]},"distributor_meta":false,"distributor_terms":false,"distributor_media":false,"distributor_original_site_name":"Universidad de las Artes","distributor_original_site_url":"https:\/\/www.uartes.edu.ec\/sitio\/fr","push-errors":false,"_links":{"self":[{"href":"https:\/\/www.uartes.edu.ec\/sitio\/fr\/wp-json\/wp\/v2\/posts\/73133","targetHints":{"allow":["GET"]}}],"collection":[{"href":"https:\/\/www.uartes.edu.ec\/sitio\/fr\/wp-json\/wp\/v2\/posts"}],"about":[{"href":"https:\/\/www.uartes.edu.ec\/sitio\/fr\/wp-json\/wp\/v2\/types\/post"}],"author":[{"embeddable":true,"href":"https:\/\/www.uartes.edu.ec\/sitio\/fr\/wp-json\/wp\/v2\/users\/10"}],"replies":[{"embeddable":true,"href":"https:\/\/www.uartes.edu.ec\/sitio\/fr\/wp-json\/wp\/v2\/comments?post=73133"}],"version-history":[{"count":4,"href":"https:\/\/www.uartes.edu.ec\/sitio\/fr\/wp-json\/wp\/v2\/posts\/73133\/revisions"}],"predecessor-version":[{"id":76375,"href":"https:\/\/www.uartes.edu.ec\/sitio\/fr\/wp-json\/wp\/v2\/posts\/73133\/revisions\/76375"}],"wp:featuredmedia":[{"embeddable":true,"href":"https:\/\/www.uartes.edu.ec\/sitio\/fr\/wp-json\/wp\/v2\/media\/73134"}],"wp:attachment":[{"href":"https:\/\/www.uartes.edu.ec\/sitio\/fr\/wp-json\/wp\/v2\/media?parent=73133"}],"wp:term":[{"taxonomy":"category","embeddable":true,"href":"https:\/\/www.uartes.edu.ec\/sitio\/fr\/wp-json\/wp\/v2\/categories?post=73133"},{"taxonomy":"post_tag","embeddable":true,"href":"https:\/\/www.uartes.edu.ec\/sitio\/fr\/wp-json\/wp\/v2\/tags?post=73133"},{"taxonomy":"infouartes","embeddable":true,"href":"https:\/\/www.uartes.edu.ec\/sitio\/fr\/wp-json\/wp\/v2\/infouartes?post=73133"}],"curies":[{"name":"wp","href":"https:\/\/api.w.org\/{rel}","templated":true}]}}