{"id":73285,"date":"2025-06-09T15:51:00","date_gmt":"2025-06-09T20:51:00","guid":{"rendered":"https:\/\/www.uartes.edu.ec\/sitio\/?p=73285"},"modified":"2025-06-11T15:33:23","modified_gmt":"2025-06-11T20:33:23","slug":"casa-de-la-cultura-nucleo-de-pichincha-vino-a-encuentro-con-una-guia-de-mediacion-artistica-para-las-infancias","status":"publish","type":"post","link":"https:\/\/www.uartes.edu.ec\/sitio\/fr\/blog\/2025\/06\/09\/casa-de-la-cultura-nucleo-de-pichincha-vino-a-encuentro-con-una-guia-de-mediacion-artistica-para-las-infancias\/","title":{"rendered":"Casa de la Cultura Ecuatoriana N\u00facleo de Pichincha vino a encuentro con una gu\u00eda de mediaci\u00f3n art\u00edstica para las infancias"},"content":{"rendered":"<p>Con estudiantes de la Unidad Educativa Rep\u00fablica de Francia, la Casa de la Cultura Ecuatoriana N\u00facleo de Pichincha (CCENP) activ\u00f3 una mediaci\u00f3n art\u00edstica denominada \u201cTodos somos una casa\u201d con la cual se busc\u00f3 dar conocer los imaginarios de los ni\u00f1os y ni\u00f1as en torno al hogar. \u201cLo trabajamos a trav\u00e9s del cuerpo, desarrollando danza, teatro y artes visuales\u201d, indic\u00f3 Andr\u00e9s Quintanilla, director de la instituci\u00f3n cultural.<\/p>\n\n\n\n<p>Por la tarde, Andr\u00e9s Quintanilla y el equipo con el que vino a tomar parte en el encuentro, organizado por la Biblioteca de las Artes, dieron a conocer el contenido de la \u201cGu\u00eda de mediaci\u00f3n art\u00edstica para las infancias\u201d. Se trata, explic\u00f3, de un proyecto de investigaci\u00f3n y acci\u00f3n participativa cuyos resultados derivaron en un libro.<\/p>\n\n\n\n<p>Su t\u00edtulo es \u201cAya\u201d y en la descripci\u00f3n del ejemplar se indica que se elabor\u00f3 en el marco del proyecto de investigaci\u00f3n como un dispositivo itinerante de mediaci\u00f3n art\u00edstica implementado en el 2024 por la CCENP y la Secretar\u00eda de Cultura del Distrito Metropolitano de Quito. En el libro tambi\u00e9n se detalla el proceso de arte-aprendizaje con la creaci\u00f3n, \u201cporque el arte es aprender a hacer, decir y pensar\u201d, se lee.<\/p>\n\n\n\n<p>Era uno de los objetivos del proyecto construir una gu\u00eda de mediaci\u00f3n art\u00edstica para docentes que trabajen con ni\u00f1os entre los 7 y 12 a\u00f1os de edad. \u201cInvolucr\u00f3 varios procesos, como mediaci\u00f3n con guaguas, trabajar con profesores y levantar conocimiento de los contextos donde actuamos\u201d, refiri\u00f3 Andr\u00e9s Quintanilla.<\/p>\n\n\n<div class=\"wp-block-image\">\n<figure class=\"aligncenter size-large\"><img fetchpriority=\"high\" decoding=\"async\" width=\"644\" height=\"429\" src=\"https:\/\/www.uartes.edu.ec\/sitio\/wp-content\/uploads\/2025\/06\/Proyecto-Cambiar-tamano-de-imagen-2025-06-11T113515.221-644x429.jpeg\" alt=\"\" class=\"wp-image-73287\" srcset=\"https:\/\/www.uartes.edu.ec\/sitio\/wp-content\/uploads\/2025\/06\/Proyecto-Cambiar-tamano-de-imagen-2025-06-11T113515.221-644x429.jpeg 644w, https:\/\/www.uartes.edu.ec\/sitio\/wp-content\/uploads\/2025\/06\/Proyecto-Cambiar-tamano-de-imagen-2025-06-11T113515.221-300x200.jpeg 300w, https:\/\/www.uartes.edu.ec\/sitio\/wp-content\/uploads\/2025\/06\/Proyecto-Cambiar-tamano-de-imagen-2025-06-11T113515.221-768x512.jpeg 768w, https:\/\/www.uartes.edu.ec\/sitio\/wp-content\/uploads\/2025\/06\/Proyecto-Cambiar-tamano-de-imagen-2025-06-11T113515.221-1536x1024.jpeg 1536w, https:\/\/www.uartes.edu.ec\/sitio\/wp-content\/uploads\/2025\/06\/Proyecto-Cambiar-tamano-de-imagen-2025-06-11T113515.221-18x12.jpeg 18w, https:\/\/www.uartes.edu.ec\/sitio\/wp-content\/uploads\/2025\/06\/Proyecto-Cambiar-tamano-de-imagen-2025-06-11T113515.221-600x400.jpeg 600w, https:\/\/www.uartes.edu.ec\/sitio\/wp-content\/uploads\/2025\/06\/Proyecto-Cambiar-tamano-de-imagen-2025-06-11T113515.221-400x267.jpeg 400w, https:\/\/www.uartes.edu.ec\/sitio\/wp-content\/uploads\/2025\/06\/Proyecto-Cambiar-tamano-de-imagen-2025-06-11T113515.221.jpeg 2000w\" sizes=\"(max-width: 644px) 100vw, 644px\" \/><\/figure>\n<\/div>\n\n\n<p>En su contenido, la gu\u00eda tiene una discusi\u00f3n sobre qu\u00e9 es la mediaci\u00f3n y c\u00f3mo funciona, da ejemplo de mediaciones, las cuales se pueden seguir. Presenta, adem\u00e1s, un cat\u00e1logo de cine, cuyas grabaciones se hicieron en la Casa de la Cultura Ecuatoriana N\u00facleo de Pichincha. \u201cTiene todas las herramientas para docentes, padres de familia o cuidadores, para que puedan sostener el trabajo con los ni\u00f1os y ni\u00f1as\u201d, se indic\u00f3 en la charla-taller.<\/p>\n\n\n\n<p>Tambi\u00e9n se agreg\u00f3 que, si bien la propuesta de mediaci\u00f3n art\u00edstica se enfoca en las infancias, es un ejercicio necesario para personas de todas las edades y diferentes entornos. Centrarse en ni\u00f1os y ni\u00f1as abre oportunidades para que las y los actores sociales puedan responder colectivamente a los desaf\u00edos que implica la construcci\u00f3n de aprendizajes significativos con las infancias, de forma activa y creativa.<\/p>\n\n\n\n<p>Invita a transformar la forma de desarrollar propuestas educativas y hacer mediaci\u00f3n, considerando dos enfoques: Intergeneracional, que procura que exista un relacionamiento solidario entre personas de distintas edades. Y adultoc\u00e9ntrico, que propone una relaci\u00f3n igualitaria entre las personas adultas y las infancias desde el reconocimiento de su integridad, autonom\u00eda, capacidad, valor y participaci\u00f3n en la vida social. La mediaci\u00f3n art\u00edstica para las infancias, por tanto, potencia la capacidad de activar sensibilidades reflexivas en las personas. &nbsp;<\/p>\n\n\n\n<p>En la charla-taller, que tuvo lugar en el tercer piso de a Biblioteca de las Artes, estuvieron junto con Andr\u00e9s Quintanilla, Carlos Morales, Carlos Moreno, asistente de la Unidad de Fomento Art\u00edstico y Cultural, y Jessica Guti\u00e9rrez, quien ha estado encabezando el proceso educativo, indic\u00f3 el director de la CCENP.<\/p>\n\n\n<div class=\"wp-block-image\">\n<figure class=\"aligncenter size-large\"><img decoding=\"async\" width=\"644\" height=\"429\" src=\"https:\/\/www.uartes.edu.ec\/sitio\/wp-content\/uploads\/2025\/06\/Proyecto-Cambiar-tamano-de-imagen-2025-06-11T115434.894-644x429.jpeg\" alt=\"\" class=\"wp-image-73289\" srcset=\"https:\/\/www.uartes.edu.ec\/sitio\/wp-content\/uploads\/2025\/06\/Proyecto-Cambiar-tamano-de-imagen-2025-06-11T115434.894-644x429.jpeg 644w, https:\/\/www.uartes.edu.ec\/sitio\/wp-content\/uploads\/2025\/06\/Proyecto-Cambiar-tamano-de-imagen-2025-06-11T115434.894-300x200.jpeg 300w, https:\/\/www.uartes.edu.ec\/sitio\/wp-content\/uploads\/2025\/06\/Proyecto-Cambiar-tamano-de-imagen-2025-06-11T115434.894-768x512.jpeg 768w, https:\/\/www.uartes.edu.ec\/sitio\/wp-content\/uploads\/2025\/06\/Proyecto-Cambiar-tamano-de-imagen-2025-06-11T115434.894-1536x1024.jpeg 1536w, https:\/\/www.uartes.edu.ec\/sitio\/wp-content\/uploads\/2025\/06\/Proyecto-Cambiar-tamano-de-imagen-2025-06-11T115434.894-18x12.jpeg 18w, https:\/\/www.uartes.edu.ec\/sitio\/wp-content\/uploads\/2025\/06\/Proyecto-Cambiar-tamano-de-imagen-2025-06-11T115434.894-600x400.jpeg 600w, https:\/\/www.uartes.edu.ec\/sitio\/wp-content\/uploads\/2025\/06\/Proyecto-Cambiar-tamano-de-imagen-2025-06-11T115434.894-400x267.jpeg 400w, https:\/\/www.uartes.edu.ec\/sitio\/wp-content\/uploads\/2025\/06\/Proyecto-Cambiar-tamano-de-imagen-2025-06-11T115434.894.jpeg 2000w\" sizes=\"(max-width: 644px) 100vw, 644px\" \/><\/figure>\n<\/div>\n\n<div class=\"wp-block-image\">\n<figure class=\"aligncenter size-large is-resized\"><img decoding=\"async\" width=\"644\" height=\"429\" src=\"https:\/\/www.uartes.edu.ec\/sitio\/wp-content\/uploads\/2025\/06\/Proyecto-Cambiar-tamano-de-imagen-2025-06-11T115254.600-644x429.jpeg\" alt=\"\" class=\"wp-image-73290\" style=\"aspect-ratio:1.5012248897599216;width:482px;height:auto\" srcset=\"https:\/\/www.uartes.edu.ec\/sitio\/wp-content\/uploads\/2025\/06\/Proyecto-Cambiar-tamano-de-imagen-2025-06-11T115254.600-644x429.jpeg 644w, https:\/\/www.uartes.edu.ec\/sitio\/wp-content\/uploads\/2025\/06\/Proyecto-Cambiar-tamano-de-imagen-2025-06-11T115254.600-300x200.jpeg 300w, https:\/\/www.uartes.edu.ec\/sitio\/wp-content\/uploads\/2025\/06\/Proyecto-Cambiar-tamano-de-imagen-2025-06-11T115254.600-768x512.jpeg 768w, https:\/\/www.uartes.edu.ec\/sitio\/wp-content\/uploads\/2025\/06\/Proyecto-Cambiar-tamano-de-imagen-2025-06-11T115254.600-1536x1024.jpeg 1536w, https:\/\/www.uartes.edu.ec\/sitio\/wp-content\/uploads\/2025\/06\/Proyecto-Cambiar-tamano-de-imagen-2025-06-11T115254.600-18x12.jpeg 18w, https:\/\/www.uartes.edu.ec\/sitio\/wp-content\/uploads\/2025\/06\/Proyecto-Cambiar-tamano-de-imagen-2025-06-11T115254.600-600x400.jpeg 600w, https:\/\/www.uartes.edu.ec\/sitio\/wp-content\/uploads\/2025\/06\/Proyecto-Cambiar-tamano-de-imagen-2025-06-11T115254.600-400x267.jpeg 400w, https:\/\/www.uartes.edu.ec\/sitio\/wp-content\/uploads\/2025\/06\/Proyecto-Cambiar-tamano-de-imagen-2025-06-11T115254.600.jpeg 2000w\" sizes=\"(max-width: 644px) 100vw, 644px\" \/><\/figure>\n<\/div>\n\n\n<p>Fotos: Zully Ord\u00f3\u00f1ez\/Biblioteca de las Artes.<\/p>\n\n\n\n<p><\/p>","protected":false},"excerpt":{"rendered":"<p>Con dos propuestas de mediaci\u00f3n art\u00edstica intervino la Casa de la Cultura Ecuatoriana N\u00facleo de Pichincha en el sexto encuentro de ni\u00f1as y ni\u00f1os que la Biblioteca de las Artes realiz\u00f3 del 4 al 6 de junio. \u201cInstrucciones para convertirnos en una Casa-Gu\u00eda Aya\u201d, dirigida a las infancias; y una charla-taller con docentes, estudiantes y mediadores, a quienes se mostraron los resultados de un proyecto de investigaci\u00f3n que deriv\u00f3 en un libro-gu\u00eda<\/p>","protected":false},"author":10,"featured_media":73288,"comment_status":"open","ping_status":"open","sticky":false,"template":"","format":"standard","meta":{"_acf_changed":false,"_uag_custom_page_level_css":"","_monsterinsights_skip_tracking":false,"_monsterinsights_sitenote_active":false,"_monsterinsights_sitenote_note":"","_monsterinsights_sitenote_category":0,"cybocfi_hide_featured_image":"","footnotes":""},"categories":[80,490,82,75,76,79],"tags":[41],"infouartes":[],"class_list":["post-73285","post","type-post","status-publish","format-standard","has-post-thumbnail","hentry","category-academico","category-alumni","category-artes","category-docentes","category-estudiantes","category-vinculo","tag-biblioteca"],"acf":[],"yoast_head":"<!-- This site is optimized with the Yoast SEO plugin v27.4 - https:\/\/yoast.com\/product\/yoast-seo-wordpress\/ -->\n<title>Universidad de las Artes - Casa de la Cultura Ecuatoriana N\u00facleo de Pichincha vino a encuentro con una gu\u00eda de mediaci\u00f3n art\u00edstica para las infancias<\/title>\n<meta name=\"description\" content=\"Universidad de las Artes - Casa de la Cultura Ecuatoriana N\u00facleo de Pichincha vino a encuentro con una gu\u00eda de mediaci\u00f3n art\u00edstica para las infancias\" \/>\n<meta name=\"robots\" content=\"index, follow, max-snippet:-1, max-image-preview:large, max-video-preview:-1\" \/>\n<link rel=\"canonical\" href=\"https:\/\/www.uartes.edu.ec\/sitio\/fr\/blog\/2025\/06\/09\/casa-de-la-cultura-nucleo-de-pichincha-vino-a-encuentro-con-una-guia-de-mediacion-artistica-para-las-infancias\/\" \/>\n<meta property=\"og:locale\" content=\"fr_FR\" \/>\n<meta property=\"og:type\" content=\"article\" \/>\n<meta property=\"og:title\" content=\"Universidad de las Artes - Casa de la Cultura Ecuatoriana N\u00facleo de Pichincha vino a encuentro con una gu\u00eda de mediaci\u00f3n art\u00edstica para las infancias\" \/>\n<meta property=\"og:description\" content=\"Universidad de las Artes - Casa de la Cultura Ecuatoriana N\u00facleo de Pichincha vino a encuentro con una gu\u00eda de mediaci\u00f3n art\u00edstica para las infancias\" \/>\n<meta property=\"og:url\" content=\"https:\/\/www.uartes.edu.ec\/sitio\/fr\/blog\/2025\/06\/09\/casa-de-la-cultura-nucleo-de-pichincha-vino-a-encuentro-con-una-guia-de-mediacion-artistica-para-las-infancias\/\" \/>\n<meta property=\"og:site_name\" content=\"Universidad de las Artes\" \/>\n<meta property=\"article:publisher\" content=\"https:\/\/www.facebook.com\/uartesec\" \/>\n<meta property=\"article:published_time\" content=\"2025-06-09T20:51:00+00:00\" \/>\n<meta property=\"article:modified_time\" content=\"2025-06-11T20:33:23+00:00\" \/>\n<meta property=\"og:image\" content=\"https:\/\/www.uartes.edu.ec\/sitio\/wp-content\/uploads\/2025\/06\/Proyecto-Cambiar-tamano-de-imagen-2025-06-11T150809.083.jpeg\" \/>\n\t<meta property=\"og:image:width\" content=\"2000\" \/>\n\t<meta property=\"og:image:height\" content=\"1333\" \/>\n\t<meta property=\"og:image:type\" content=\"image\/jpeg\" \/>\n<meta name=\"author\" content=\"ccortez\" \/>\n<meta name=\"twitter:card\" content=\"summary_large_image\" \/>\n<meta name=\"twitter:creator\" content=\"@uartesec\" \/>\n<meta name=\"twitter:site\" content=\"@uartesec\" \/>\n<meta name=\"twitter:label1\" content=\"\u00c9crit par\" \/>\n\t<meta name=\"twitter:data1\" content=\"ccortez\" \/>\n\t<meta name=\"twitter:label2\" content=\"Dur\u00e9e de lecture estim\u00e9e\" \/>\n\t<meta name=\"twitter:data2\" content=\"3 minutes\" \/>\n<script type=\"application\/ld+json\" class=\"yoast-schema-graph\">{\"@context\":\"https:\\\/\\\/schema.org\",\"@graph\":[{\"@type\":\"Article\",\"@id\":\"https:\\\/\\\/www.uartes.edu.ec\\\/sitio\\\/fr\\\/blog\\\/2025\\\/06\\\/09\\\/casa-de-la-cultura-nucleo-de-pichincha-vino-a-encuentro-con-una-guia-de-mediacion-artistica-para-las-infancias\\\/#article\",\"isPartOf\":{\"@id\":\"https:\\\/\\\/www.uartes.edu.ec\\\/sitio\\\/fr\\\/blog\\\/2025\\\/06\\\/09\\\/casa-de-la-cultura-nucleo-de-pichincha-vino-a-encuentro-con-una-guia-de-mediacion-artistica-para-las-infancias\\\/\"},\"author\":{\"name\":\"ccortez\",\"@id\":\"https:\\\/\\\/www.uartes.edu.ec\\\/sitio\\\/fr\\\/#\\\/schema\\\/person\\\/efa1b8275797664fd7f13a79ccc0b1f4\"},\"headline\":\"Casa de la Cultura Ecuatoriana N\u00facleo de Pichincha vino a encuentro con una gu\u00eda de mediaci\u00f3n art\u00edstica para las infancias\",\"datePublished\":\"2025-06-09T20:51:00+00:00\",\"dateModified\":\"2025-06-11T20:33:23+00:00\",\"mainEntityOfPage\":{\"@id\":\"https:\\\/\\\/www.uartes.edu.ec\\\/sitio\\\/fr\\\/blog\\\/2025\\\/06\\\/09\\\/casa-de-la-cultura-nucleo-de-pichincha-vino-a-encuentro-con-una-guia-de-mediacion-artistica-para-las-infancias\\\/\"},\"wordCount\":588,\"commentCount\":0,\"publisher\":{\"@id\":\"https:\\\/\\\/www.uartes.edu.ec\\\/sitio\\\/fr\\\/#organization\"},\"image\":{\"@id\":\"https:\\\/\\\/www.uartes.edu.ec\\\/sitio\\\/fr\\\/blog\\\/2025\\\/06\\\/09\\\/casa-de-la-cultura-nucleo-de-pichincha-vino-a-encuentro-con-una-guia-de-mediacion-artistica-para-las-infancias\\\/#primaryimage\"},\"thumbnailUrl\":\"https:\\\/\\\/www.uartes.edu.ec\\\/sitio\\\/wp-content\\\/uploads\\\/2025\\\/06\\\/Proyecto-Cambiar-tamano-de-imagen-2025-06-11T150809.083.jpeg\",\"keywords\":[\"biblioteca\"],\"articleSection\":[\"Acad\u00e9mico\",\"Alumni\",\"Artes\",\"Docentes\",\"Estudiantes\",\"V\u00ednculo\"],\"inLanguage\":\"fr-FR\",\"potentialAction\":[{\"@type\":\"CommentAction\",\"name\":\"Comment\",\"target\":[\"https:\\\/\\\/www.uartes.edu.ec\\\/sitio\\\/fr\\\/blog\\\/2025\\\/06\\\/09\\\/casa-de-la-cultura-nucleo-de-pichincha-vino-a-encuentro-con-una-guia-de-mediacion-artistica-para-las-infancias\\\/#respond\"]}]},{\"@type\":[\"WebPage\",\"ItemPage\"],\"@id\":\"https:\\\/\\\/www.uartes.edu.ec\\\/sitio\\\/fr\\\/blog\\\/2025\\\/06\\\/09\\\/casa-de-la-cultura-nucleo-de-pichincha-vino-a-encuentro-con-una-guia-de-mediacion-artistica-para-las-infancias\\\/\",\"url\":\"https:\\\/\\\/www.uartes.edu.ec\\\/sitio\\\/fr\\\/blog\\\/2025\\\/06\\\/09\\\/casa-de-la-cultura-nucleo-de-pichincha-vino-a-encuentro-con-una-guia-de-mediacion-artistica-para-las-infancias\\\/\",\"name\":\"Universidad de las Artes - Casa de la Cultura Ecuatoriana N\u00facleo de Pichincha vino a encuentro con una gu\u00eda de mediaci\u00f3n art\u00edstica para las infancias\",\"isPartOf\":{\"@id\":\"https:\\\/\\\/www.uartes.edu.ec\\\/sitio\\\/fr\\\/#website\"},\"primaryImageOfPage\":{\"@id\":\"https:\\\/\\\/www.uartes.edu.ec\\\/sitio\\\/fr\\\/blog\\\/2025\\\/06\\\/09\\\/casa-de-la-cultura-nucleo-de-pichincha-vino-a-encuentro-con-una-guia-de-mediacion-artistica-para-las-infancias\\\/#primaryimage\"},\"image\":{\"@id\":\"https:\\\/\\\/www.uartes.edu.ec\\\/sitio\\\/fr\\\/blog\\\/2025\\\/06\\\/09\\\/casa-de-la-cultura-nucleo-de-pichincha-vino-a-encuentro-con-una-guia-de-mediacion-artistica-para-las-infancias\\\/#primaryimage\"},\"thumbnailUrl\":\"https:\\\/\\\/www.uartes.edu.ec\\\/sitio\\\/wp-content\\\/uploads\\\/2025\\\/06\\\/Proyecto-Cambiar-tamano-de-imagen-2025-06-11T150809.083.jpeg\",\"datePublished\":\"2025-06-09T20:51:00+00:00\",\"dateModified\":\"2025-06-11T20:33:23+00:00\",\"description\":\"Universidad de las Artes - Casa de la Cultura Ecuatoriana N\u00facleo de Pichincha vino a encuentro con una gu\u00eda de mediaci\u00f3n art\u00edstica para las infancias\",\"breadcrumb\":{\"@id\":\"https:\\\/\\\/www.uartes.edu.ec\\\/sitio\\\/fr\\\/blog\\\/2025\\\/06\\\/09\\\/casa-de-la-cultura-nucleo-de-pichincha-vino-a-encuentro-con-una-guia-de-mediacion-artistica-para-las-infancias\\\/#breadcrumb\"},\"inLanguage\":\"fr-FR\",\"potentialAction\":[{\"@type\":\"ReadAction\",\"target\":[\"https:\\\/\\\/www.uartes.edu.ec\\\/sitio\\\/fr\\\/blog\\\/2025\\\/06\\\/09\\\/casa-de-la-cultura-nucleo-de-pichincha-vino-a-encuentro-con-una-guia-de-mediacion-artistica-para-las-infancias\\\/\"]}]},{\"@type\":\"ImageObject\",\"inLanguage\":\"fr-FR\",\"@id\":\"https:\\\/\\\/www.uartes.edu.ec\\\/sitio\\\/fr\\\/blog\\\/2025\\\/06\\\/09\\\/casa-de-la-cultura-nucleo-de-pichincha-vino-a-encuentro-con-una-guia-de-mediacion-artistica-para-las-infancias\\\/#primaryimage\",\"url\":\"https:\\\/\\\/www.uartes.edu.ec\\\/sitio\\\/wp-content\\\/uploads\\\/2025\\\/06\\\/Proyecto-Cambiar-tamano-de-imagen-2025-06-11T150809.083.jpeg\",\"contentUrl\":\"https:\\\/\\\/www.uartes.edu.ec\\\/sitio\\\/wp-content\\\/uploads\\\/2025\\\/06\\\/Proyecto-Cambiar-tamano-de-imagen-2025-06-11T150809.083.jpeg\",\"width\":2000,\"height\":1333},{\"@type\":\"BreadcrumbList\",\"@id\":\"https:\\\/\\\/www.uartes.edu.ec\\\/sitio\\\/fr\\\/blog\\\/2025\\\/06\\\/09\\\/casa-de-la-cultura-nucleo-de-pichincha-vino-a-encuentro-con-una-guia-de-mediacion-artistica-para-las-infancias\\\/#breadcrumb\",\"itemListElement\":[{\"@type\":\"ListItem\",\"position\":1,\"name\":\"Inicio\",\"item\":\"https:\\\/\\\/www.uartes.edu.ec\\\/sitio\\\/\"},{\"@type\":\"ListItem\",\"position\":2,\"name\":\"Casa de la Cultura Ecuatoriana N\u00facleo de Pichincha vino a encuentro con una gu\u00eda de mediaci\u00f3n art\u00edstica para las infancias\"}]},{\"@type\":\"WebSite\",\"@id\":\"https:\\\/\\\/www.uartes.edu.ec\\\/sitio\\\/fr\\\/#website\",\"url\":\"https:\\\/\\\/www.uartes.edu.ec\\\/sitio\\\/fr\\\/\",\"name\":\"Universidad de las Artes\",\"description\":\"Sitio oficial de la Universidad Nacional de las Artes del Ecuador\",\"publisher\":{\"@id\":\"https:\\\/\\\/www.uartes.edu.ec\\\/sitio\\\/fr\\\/#organization\"},\"potentialAction\":[{\"@type\":\"SearchAction\",\"target\":{\"@type\":\"EntryPoint\",\"urlTemplate\":\"https:\\\/\\\/www.uartes.edu.ec\\\/sitio\\\/fr\\\/?s={search_term_string}\"},\"query-input\":{\"@type\":\"PropertyValueSpecification\",\"valueRequired\":true,\"valueName\":\"search_term_string\"}}],\"inLanguage\":\"fr-FR\"},{\"@type\":\"Organization\",\"@id\":\"https:\\\/\\\/www.uartes.edu.ec\\\/sitio\\\/fr\\\/#organization\",\"name\":\"Universidad de las Artes\",\"url\":\"https:\\\/\\\/www.uartes.edu.ec\\\/sitio\\\/fr\\\/\",\"logo\":{\"@type\":\"ImageObject\",\"inLanguage\":\"fr-FR\",\"@id\":\"https:\\\/\\\/www.uartes.edu.ec\\\/sitio\\\/fr\\\/#\\\/schema\\\/logo\\\/image\\\/\",\"url\":\"https:\\\/\\\/www.uartes.edu.ec\\\/sitio\\\/wp-content\\\/uploads\\\/2022\\\/07\\\/logo-ua-horizontal.png\",\"contentUrl\":\"https:\\\/\\\/www.uartes.edu.ec\\\/sitio\\\/wp-content\\\/uploads\\\/2022\\\/07\\\/logo-ua-horizontal.png\",\"width\":800,\"height\":276,\"caption\":\"Universidad de las Artes\"},\"image\":{\"@id\":\"https:\\\/\\\/www.uartes.edu.ec\\\/sitio\\\/fr\\\/#\\\/schema\\\/logo\\\/image\\\/\"},\"sameAs\":[\"https:\\\/\\\/www.facebook.com\\\/uartesec\",\"https:\\\/\\\/x.com\\\/uartesec\",\"https:\\\/\\\/www.tiktok.com\\\/@uartesec\"]},{\"@type\":\"Person\",\"@id\":\"https:\\\/\\\/www.uartes.edu.ec\\\/sitio\\\/fr\\\/#\\\/schema\\\/person\\\/efa1b8275797664fd7f13a79ccc0b1f4\",\"name\":\"ccortez\",\"image\":{\"@type\":\"ImageObject\",\"inLanguage\":\"fr-FR\",\"@id\":\"https:\\\/\\\/secure.gravatar.com\\\/avatar\\\/b2a6f664a3ae8e074346ef91775736c5ec479e637ecced6842de9dc98b5da9cd?s=96&d=mm&r=g\",\"url\":\"https:\\\/\\\/secure.gravatar.com\\\/avatar\\\/b2a6f664a3ae8e074346ef91775736c5ec479e637ecced6842de9dc98b5da9cd?s=96&d=mm&r=g\",\"contentUrl\":\"https:\\\/\\\/secure.gravatar.com\\\/avatar\\\/b2a6f664a3ae8e074346ef91775736c5ec479e637ecced6842de9dc98b5da9cd?s=96&d=mm&r=g\",\"caption\":\"ccortez\"},\"url\":\"https:\\\/\\\/www.uartes.edu.ec\\\/sitio\\\/fr\\\/blog\\\/author\\\/ccortez\\\/\"}]}<\/script>\n<!-- \/ Yoast SEO plugin. -->","yoast_head_json":{"title":"Universidad de las Artes - Casa de la Cultura Ecuatoriana N\u00facleo de Pichincha vino a encuentro con una gu\u00eda de mediaci\u00f3n art\u00edstica para las infancias","description":"Universidad de las Artes - Casa de la Cultura Ecuatoriana N\u00facleo de Pichincha vino a encuentro con una gu\u00eda de mediaci\u00f3n art\u00edstica para las infancias","robots":{"index":"index","follow":"follow","max-snippet":"max-snippet:-1","max-image-preview":"max-image-preview:large","max-video-preview":"max-video-preview:-1"},"canonical":"https:\/\/www.uartes.edu.ec\/sitio\/fr\/blog\/2025\/06\/09\/casa-de-la-cultura-nucleo-de-pichincha-vino-a-encuentro-con-una-guia-de-mediacion-artistica-para-las-infancias\/","og_locale":"fr_FR","og_type":"article","og_title":"Universidad de las Artes - Casa de la Cultura Ecuatoriana N\u00facleo de Pichincha vino a encuentro con una gu\u00eda de mediaci\u00f3n art\u00edstica para las infancias","og_description":"Universidad de las Artes - Casa de la Cultura Ecuatoriana N\u00facleo de Pichincha vino a encuentro con una gu\u00eda de mediaci\u00f3n art\u00edstica para las infancias","og_url":"https:\/\/www.uartes.edu.ec\/sitio\/fr\/blog\/2025\/06\/09\/casa-de-la-cultura-nucleo-de-pichincha-vino-a-encuentro-con-una-guia-de-mediacion-artistica-para-las-infancias\/","og_site_name":"Universidad de las Artes","article_publisher":"https:\/\/www.facebook.com\/uartesec","article_published_time":"2025-06-09T20:51:00+00:00","article_modified_time":"2025-06-11T20:33:23+00:00","og_image":[{"width":2000,"height":1333,"url":"https:\/\/www.uartes.edu.ec\/sitio\/wp-content\/uploads\/2025\/06\/Proyecto-Cambiar-tamano-de-imagen-2025-06-11T150809.083.jpeg","type":"image\/jpeg"}],"author":"ccortez","twitter_card":"summary_large_image","twitter_creator":"@uartesec","twitter_site":"@uartesec","twitter_misc":{"\u00c9crit par":"ccortez","Dur\u00e9e de lecture estim\u00e9e":"3 minutes"},"schema":{"@context":"https:\/\/schema.org","@graph":[{"@type":"Article","@id":"https:\/\/www.uartes.edu.ec\/sitio\/fr\/blog\/2025\/06\/09\/casa-de-la-cultura-nucleo-de-pichincha-vino-a-encuentro-con-una-guia-de-mediacion-artistica-para-las-infancias\/#article","isPartOf":{"@id":"https:\/\/www.uartes.edu.ec\/sitio\/fr\/blog\/2025\/06\/09\/casa-de-la-cultura-nucleo-de-pichincha-vino-a-encuentro-con-una-guia-de-mediacion-artistica-para-las-infancias\/"},"author":{"name":"ccortez","@id":"https:\/\/www.uartes.edu.ec\/sitio\/fr\/#\/schema\/person\/efa1b8275797664fd7f13a79ccc0b1f4"},"headline":"Casa de la Cultura Ecuatoriana N\u00facleo de Pichincha vino a encuentro con una gu\u00eda de mediaci\u00f3n art\u00edstica para las infancias","datePublished":"2025-06-09T20:51:00+00:00","dateModified":"2025-06-11T20:33:23+00:00","mainEntityOfPage":{"@id":"https:\/\/www.uartes.edu.ec\/sitio\/fr\/blog\/2025\/06\/09\/casa-de-la-cultura-nucleo-de-pichincha-vino-a-encuentro-con-una-guia-de-mediacion-artistica-para-las-infancias\/"},"wordCount":588,"commentCount":0,"publisher":{"@id":"https:\/\/www.uartes.edu.ec\/sitio\/fr\/#organization"},"image":{"@id":"https:\/\/www.uartes.edu.ec\/sitio\/fr\/blog\/2025\/06\/09\/casa-de-la-cultura-nucleo-de-pichincha-vino-a-encuentro-con-una-guia-de-mediacion-artistica-para-las-infancias\/#primaryimage"},"thumbnailUrl":"https:\/\/www.uartes.edu.ec\/sitio\/wp-content\/uploads\/2025\/06\/Proyecto-Cambiar-tamano-de-imagen-2025-06-11T150809.083.jpeg","keywords":["biblioteca"],"articleSection":["Acad\u00e9mico","Alumni","Artes","Docentes","Estudiantes","V\u00ednculo"],"inLanguage":"fr-FR","potentialAction":[{"@type":"CommentAction","name":"Comment","target":["https:\/\/www.uartes.edu.ec\/sitio\/fr\/blog\/2025\/06\/09\/casa-de-la-cultura-nucleo-de-pichincha-vino-a-encuentro-con-una-guia-de-mediacion-artistica-para-las-infancias\/#respond"]}]},{"@type":["WebPage","ItemPage"],"@id":"https:\/\/www.uartes.edu.ec\/sitio\/fr\/blog\/2025\/06\/09\/casa-de-la-cultura-nucleo-de-pichincha-vino-a-encuentro-con-una-guia-de-mediacion-artistica-para-las-infancias\/","url":"https:\/\/www.uartes.edu.ec\/sitio\/fr\/blog\/2025\/06\/09\/casa-de-la-cultura-nucleo-de-pichincha-vino-a-encuentro-con-una-guia-de-mediacion-artistica-para-las-infancias\/","name":"Universidad de las Artes - Casa de la Cultura Ecuatoriana N\u00facleo de Pichincha vino a encuentro con una gu\u00eda de mediaci\u00f3n art\u00edstica para las infancias","isPartOf":{"@id":"https:\/\/www.uartes.edu.ec\/sitio\/fr\/#website"},"primaryImageOfPage":{"@id":"https:\/\/www.uartes.edu.ec\/sitio\/fr\/blog\/2025\/06\/09\/casa-de-la-cultura-nucleo-de-pichincha-vino-a-encuentro-con-una-guia-de-mediacion-artistica-para-las-infancias\/#primaryimage"},"image":{"@id":"https:\/\/www.uartes.edu.ec\/sitio\/fr\/blog\/2025\/06\/09\/casa-de-la-cultura-nucleo-de-pichincha-vino-a-encuentro-con-una-guia-de-mediacion-artistica-para-las-infancias\/#primaryimage"},"thumbnailUrl":"https:\/\/www.uartes.edu.ec\/sitio\/wp-content\/uploads\/2025\/06\/Proyecto-Cambiar-tamano-de-imagen-2025-06-11T150809.083.jpeg","datePublished":"2025-06-09T20:51:00+00:00","dateModified":"2025-06-11T20:33:23+00:00","description":"Universidad de las Artes - Casa de la Cultura Ecuatoriana N\u00facleo de Pichincha vino a encuentro con una gu\u00eda de mediaci\u00f3n art\u00edstica para las infancias","breadcrumb":{"@id":"https:\/\/www.uartes.edu.ec\/sitio\/fr\/blog\/2025\/06\/09\/casa-de-la-cultura-nucleo-de-pichincha-vino-a-encuentro-con-una-guia-de-mediacion-artistica-para-las-infancias\/#breadcrumb"},"inLanguage":"fr-FR","potentialAction":[{"@type":"ReadAction","target":["https:\/\/www.uartes.edu.ec\/sitio\/fr\/blog\/2025\/06\/09\/casa-de-la-cultura-nucleo-de-pichincha-vino-a-encuentro-con-una-guia-de-mediacion-artistica-para-las-infancias\/"]}]},{"@type":"ImageObject","inLanguage":"fr-FR","@id":"https:\/\/www.uartes.edu.ec\/sitio\/fr\/blog\/2025\/06\/09\/casa-de-la-cultura-nucleo-de-pichincha-vino-a-encuentro-con-una-guia-de-mediacion-artistica-para-las-infancias\/#primaryimage","url":"https:\/\/www.uartes.edu.ec\/sitio\/wp-content\/uploads\/2025\/06\/Proyecto-Cambiar-tamano-de-imagen-2025-06-11T150809.083.jpeg","contentUrl":"https:\/\/www.uartes.edu.ec\/sitio\/wp-content\/uploads\/2025\/06\/Proyecto-Cambiar-tamano-de-imagen-2025-06-11T150809.083.jpeg","width":2000,"height":1333},{"@type":"BreadcrumbList","@id":"https:\/\/www.uartes.edu.ec\/sitio\/fr\/blog\/2025\/06\/09\/casa-de-la-cultura-nucleo-de-pichincha-vino-a-encuentro-con-una-guia-de-mediacion-artistica-para-las-infancias\/#breadcrumb","itemListElement":[{"@type":"ListItem","position":1,"name":"Inicio","item":"https:\/\/www.uartes.edu.ec\/sitio\/"},{"@type":"ListItem","position":2,"name":"Casa de la Cultura Ecuatoriana N\u00facleo de Pichincha vino a encuentro con una gu\u00eda de mediaci\u00f3n art\u00edstica para las infancias"}]},{"@type":"WebSite","@id":"https:\/\/www.uartes.edu.ec\/sitio\/fr\/#website","url":"https:\/\/www.uartes.edu.ec\/sitio\/fr\/","name":"Universidad de las Artes","description":"Sitio oficial de la Universidad Nacional de las Artes del Ecuador","publisher":{"@id":"https:\/\/www.uartes.edu.ec\/sitio\/fr\/#organization"},"potentialAction":[{"@type":"SearchAction","target":{"@type":"EntryPoint","urlTemplate":"https:\/\/www.uartes.edu.ec\/sitio\/fr\/?s={search_term_string}"},"query-input":{"@type":"PropertyValueSpecification","valueRequired":true,"valueName":"search_term_string"}}],"inLanguage":"fr-FR"},{"@type":"Organization","@id":"https:\/\/www.uartes.edu.ec\/sitio\/fr\/#organization","name":"Universidad de las Artes","url":"https:\/\/www.uartes.edu.ec\/sitio\/fr\/","logo":{"@type":"ImageObject","inLanguage":"fr-FR","@id":"https:\/\/www.uartes.edu.ec\/sitio\/fr\/#\/schema\/logo\/image\/","url":"https:\/\/www.uartes.edu.ec\/sitio\/wp-content\/uploads\/2022\/07\/logo-ua-horizontal.png","contentUrl":"https:\/\/www.uartes.edu.ec\/sitio\/wp-content\/uploads\/2022\/07\/logo-ua-horizontal.png","width":800,"height":276,"caption":"Universidad de las Artes"},"image":{"@id":"https:\/\/www.uartes.edu.ec\/sitio\/fr\/#\/schema\/logo\/image\/"},"sameAs":["https:\/\/www.facebook.com\/uartesec","https:\/\/x.com\/uartesec","https:\/\/www.tiktok.com\/@uartesec"]},{"@type":"Person","@id":"https:\/\/www.uartes.edu.ec\/sitio\/fr\/#\/schema\/person\/efa1b8275797664fd7f13a79ccc0b1f4","name":"ccortez","image":{"@type":"ImageObject","inLanguage":"fr-FR","@id":"https:\/\/secure.gravatar.com\/avatar\/b2a6f664a3ae8e074346ef91775736c5ec479e637ecced6842de9dc98b5da9cd?s=96&d=mm&r=g","url":"https:\/\/secure.gravatar.com\/avatar\/b2a6f664a3ae8e074346ef91775736c5ec479e637ecced6842de9dc98b5da9cd?s=96&d=mm&r=g","contentUrl":"https:\/\/secure.gravatar.com\/avatar\/b2a6f664a3ae8e074346ef91775736c5ec479e637ecced6842de9dc98b5da9cd?s=96&d=mm&r=g","caption":"ccortez"},"url":"https:\/\/www.uartes.edu.ec\/sitio\/fr\/blog\/author\/ccortez\/"}]}},"uagb_featured_image_src":{"full":["https:\/\/www.uartes.edu.ec\/sitio\/wp-content\/uploads\/2025\/06\/Proyecto-Cambiar-tamano-de-imagen-2025-06-11T150809.083.jpeg",2000,1333,false],"thumbnail":["https:\/\/www.uartes.edu.ec\/sitio\/wp-content\/uploads\/2025\/06\/Proyecto-Cambiar-tamano-de-imagen-2025-06-11T150809.083-150x150.jpeg",150,150,true],"medium":["https:\/\/www.uartes.edu.ec\/sitio\/wp-content\/uploads\/2025\/06\/Proyecto-Cambiar-tamano-de-imagen-2025-06-11T150809.083-300x200.jpeg",300,200,true],"medium_large":["https:\/\/www.uartes.edu.ec\/sitio\/wp-content\/uploads\/2025\/06\/Proyecto-Cambiar-tamano-de-imagen-2025-06-11T150809.083-768x512.jpeg",768,512,true],"large":["https:\/\/www.uartes.edu.ec\/sitio\/wp-content\/uploads\/2025\/06\/Proyecto-Cambiar-tamano-de-imagen-2025-06-11T150809.083-644x429.jpeg",644,429,true],"1536x1536":["https:\/\/www.uartes.edu.ec\/sitio\/wp-content\/uploads\/2025\/06\/Proyecto-Cambiar-tamano-de-imagen-2025-06-11T150809.083-1536x1024.jpeg",1536,1024,true],"2048x2048":["https:\/\/www.uartes.edu.ec\/sitio\/wp-content\/uploads\/2025\/06\/Proyecto-Cambiar-tamano-de-imagen-2025-06-11T150809.083.jpeg",2000,1333,false],"trp-custom-language-flag":["https:\/\/www.uartes.edu.ec\/sitio\/wp-content\/uploads\/2025\/06\/Proyecto-Cambiar-tamano-de-imagen-2025-06-11T150809.083-18x12.jpeg",18,12,true],"htmega_size_585x295":["https:\/\/www.uartes.edu.ec\/sitio\/wp-content\/uploads\/2025\/06\/Proyecto-Cambiar-tamano-de-imagen-2025-06-11T150809.083-585x295.jpeg",585,295,true],"htmega_size_1170x536":["https:\/\/www.uartes.edu.ec\/sitio\/wp-content\/uploads\/2025\/06\/Proyecto-Cambiar-tamano-de-imagen-2025-06-11T150809.083-1170x536.jpeg",1170,536,true],"htmega_size_396x360":["https:\/\/www.uartes.edu.ec\/sitio\/wp-content\/uploads\/2025\/06\/Proyecto-Cambiar-tamano-de-imagen-2025-06-11T150809.083-396x360.jpeg",396,360,true],"gb-block-post-grid-landscape":["https:\/\/www.uartes.edu.ec\/sitio\/wp-content\/uploads\/2025\/06\/Proyecto-Cambiar-tamano-de-imagen-2025-06-11T150809.083-600x400.jpeg",600,400,true],"gb-block-post-grid-square":["https:\/\/www.uartes.edu.ec\/sitio\/wp-content\/uploads\/2025\/06\/Proyecto-Cambiar-tamano-de-imagen-2025-06-11T150809.083-600x600.jpeg",600,600,true],"university-hub-thumb":["https:\/\/www.uartes.edu.ec\/sitio\/wp-content\/uploads\/2025\/06\/Proyecto-Cambiar-tamano-de-imagen-2025-06-11T150809.083-400x267.jpeg",400,267,true],"mailpoet_newsletter_max":["https:\/\/www.uartes.edu.ec\/sitio\/wp-content\/uploads\/2025\/06\/Proyecto-Cambiar-tamano-de-imagen-2025-06-11T150809.083.jpeg",1320,880,false]},"uagb_author_info":{"display_name":"ccortez","author_link":"https:\/\/www.uartes.edu.ec\/sitio\/fr\/blog\/author\/ccortez\/"},"uagb_comment_info":0,"uagb_excerpt":"Con dos propuestas de mediaci\u00f3n art\u00edstica intervino la Casa de la Cultura Ecuatoriana N\u00facleo de Pichincha en el sexto encuentro de ni\u00f1as y ni\u00f1os que la Biblioteca de las Artes realiz\u00f3 del 4 al 6 de junio. \u201cInstrucciones para convertirnos en una Casa-Gu\u00eda Aya\u201d, dirigida a las infancias; y una charla-taller con docentes, estudiantes y\u2026","featured_image_src":"https:\/\/www.uartes.edu.ec\/sitio\/wp-content\/uploads\/2025\/06\/Proyecto-Cambiar-tamano-de-imagen-2025-06-11T150809.083-600x400.jpeg","featured_image_src_square":"https:\/\/www.uartes.edu.ec\/sitio\/wp-content\/uploads\/2025\/06\/Proyecto-Cambiar-tamano-de-imagen-2025-06-11T150809.083-600x600.jpeg","author_info":{"display_name":"ccortez","author_link":"https:\/\/www.uartes.edu.ec\/sitio\/fr\/blog\/author\/ccortez\/"},"publishpress_future_workflow_manual_trigger":{"enabledWorkflows":[]},"distributor_meta":false,"distributor_terms":false,"distributor_media":false,"distributor_original_site_name":"Universidad de las Artes","distributor_original_site_url":"https:\/\/www.uartes.edu.ec\/sitio\/fr","push-errors":false,"_links":{"self":[{"href":"https:\/\/www.uartes.edu.ec\/sitio\/fr\/wp-json\/wp\/v2\/posts\/73285","targetHints":{"allow":["GET"]}}],"collection":[{"href":"https:\/\/www.uartes.edu.ec\/sitio\/fr\/wp-json\/wp\/v2\/posts"}],"about":[{"href":"https:\/\/www.uartes.edu.ec\/sitio\/fr\/wp-json\/wp\/v2\/types\/post"}],"author":[{"embeddable":true,"href":"https:\/\/www.uartes.edu.ec\/sitio\/fr\/wp-json\/wp\/v2\/users\/10"}],"replies":[{"embeddable":true,"href":"https:\/\/www.uartes.edu.ec\/sitio\/fr\/wp-json\/wp\/v2\/comments?post=73285"}],"version-history":[{"count":8,"href":"https:\/\/www.uartes.edu.ec\/sitio\/fr\/wp-json\/wp\/v2\/posts\/73285\/revisions"}],"predecessor-version":[{"id":73316,"href":"https:\/\/www.uartes.edu.ec\/sitio\/fr\/wp-json\/wp\/v2\/posts\/73285\/revisions\/73316"}],"wp:featuredmedia":[{"embeddable":true,"href":"https:\/\/www.uartes.edu.ec\/sitio\/fr\/wp-json\/wp\/v2\/media\/73288"}],"wp:attachment":[{"href":"https:\/\/www.uartes.edu.ec\/sitio\/fr\/wp-json\/wp\/v2\/media?parent=73285"}],"wp:term":[{"taxonomy":"category","embeddable":true,"href":"https:\/\/www.uartes.edu.ec\/sitio\/fr\/wp-json\/wp\/v2\/categories?post=73285"},{"taxonomy":"post_tag","embeddable":true,"href":"https:\/\/www.uartes.edu.ec\/sitio\/fr\/wp-json\/wp\/v2\/tags?post=73285"},{"taxonomy":"infouartes","embeddable":true,"href":"https:\/\/www.uartes.edu.ec\/sitio\/fr\/wp-json\/wp\/v2\/infouartes?post=73285"}],"curies":[{"name":"wp","href":"https:\/\/api.w.org\/{rel}","templated":true}]}}