{"id":73476,"date":"2025-06-12T18:42:12","date_gmt":"2025-06-12T23:42:12","guid":{"rendered":"https:\/\/www.uartes.edu.ec\/sitio\/?p=73476"},"modified":"2025-06-13T17:59:28","modified_gmt":"2025-06-13T22:59:28","slug":"sonia-manzano-la-primera-escritora-invitada-al-club-de-lectura-uartes-ratones-de-biblioteca","status":"publish","type":"post","link":"https:\/\/www.uartes.edu.ec\/sitio\/fr\/blog\/2025\/06\/12\/sonia-manzano-la-primera-escritora-invitada-al-club-de-lectura-uartes-ratones-de-biblioteca\/","title":{"rendered":"Sonia Manzano, primera escritora invitada al club de lectura \u201cRatones de biblioteca\u201d"},"content":{"rendered":"<p>La tarde del reciente martes 10 de junio, el club de lectura \u201cRatones de biblioteca\u201d recibi\u00f3 en el repositorio de la UArtes a una invitada excepcional: la escritora ecuatoriana Sonia Manzano Vela. Su visita fue una celebraci\u00f3n \u00edntima y poderosa, tuvo una organizaci\u00f3n de hace dos semanas, los lectores: j\u00f3venes estudiantes, docentes, lectores curiosos y amantes de la literatura que no quisieron perderse la oportunidad de escuchar en vivo a una de las voces m\u00e1s incisivas y complejas de la narrativa nacional en torno al cuento <em>Los \u00faltimos d\u00edas de Pompeya,<\/em> parte de su libro <em>Trata de viejas<\/em>.<\/p>\n\n\n\n<p>El evento abri\u00f3 con la lectura dramatizada del cuento, interpretada por la invitada Camila Valdiviezo, creadora del podcast literario \u201cPuerto de luna\u201d. Con una voz pausada y llena de matices, acompa\u00f1ada de un solo de guitarra, Valdiviezo dio vida a la protagonista del relato: una mujer mayor que observa con iron\u00eda y ternura el derrumbe f\u00edsico y emocional de su amiga Pompeya, quien se desmorona por el c\u00e1ncer de mama. La lectura arranc\u00f3 sonrisas, suspiros y miradas c\u00f3mplices entre los asistentes.<\/p>\n\n\n\n<p>Sonia Manzano escuchaba con atenci\u00f3n, sonriendo con ese gesto sereno de quien conoce a sus personajes mejor que a s\u00ed misma. Luego vino el conversatorio por el moderador invitado Manuel Flor, quien primero recit\u00f3 un poema proveniente del libro <em>El temblor de los huertos<\/em> y con preguntas acertadas llev\u00f3 a la autora a reflexionar sobre el origen del libro, su v\u00ednculo con la vejez, la representaci\u00f3n femenina y si estaba orientada una lucha feminista.<\/p>\n\n\n<div class=\"wp-block-image\">\n<figure class=\"aligncenter size-large\"><img fetchpriority=\"high\" decoding=\"async\" width=\"644\" height=\"429\" src=\"https:\/\/www.uartes.edu.ec\/sitio\/wp-content\/uploads\/2025\/06\/Proyecto-Cambiar-tamano-de-imagen-2025-06-12T120228.004-644x429.jpeg\" alt=\"\" class=\"wp-image-73478\" srcset=\"https:\/\/www.uartes.edu.ec\/sitio\/wp-content\/uploads\/2025\/06\/Proyecto-Cambiar-tamano-de-imagen-2025-06-12T120228.004-644x429.jpeg 644w, https:\/\/www.uartes.edu.ec\/sitio\/wp-content\/uploads\/2025\/06\/Proyecto-Cambiar-tamano-de-imagen-2025-06-12T120228.004-300x200.jpeg 300w, https:\/\/www.uartes.edu.ec\/sitio\/wp-content\/uploads\/2025\/06\/Proyecto-Cambiar-tamano-de-imagen-2025-06-12T120228.004-768x512.jpeg 768w, https:\/\/www.uartes.edu.ec\/sitio\/wp-content\/uploads\/2025\/06\/Proyecto-Cambiar-tamano-de-imagen-2025-06-12T120228.004-1536x1024.jpeg 1536w, https:\/\/www.uartes.edu.ec\/sitio\/wp-content\/uploads\/2025\/06\/Proyecto-Cambiar-tamano-de-imagen-2025-06-12T120228.004-18x12.jpeg 18w, https:\/\/www.uartes.edu.ec\/sitio\/wp-content\/uploads\/2025\/06\/Proyecto-Cambiar-tamano-de-imagen-2025-06-12T120228.004-600x400.jpeg 600w, https:\/\/www.uartes.edu.ec\/sitio\/wp-content\/uploads\/2025\/06\/Proyecto-Cambiar-tamano-de-imagen-2025-06-12T120228.004-400x267.jpeg 400w, https:\/\/www.uartes.edu.ec\/sitio\/wp-content\/uploads\/2025\/06\/Proyecto-Cambiar-tamano-de-imagen-2025-06-12T120228.004.jpeg 2000w\" sizes=\"(max-width: 644px) 100vw, 644px\" \/><\/figure>\n<\/div>\n\n\n<figure class=\"wp-block-gallery has-nested-images columns-default is-cropped wp-block-gallery-1 is-layout-flex wp-block-gallery-is-layout-flex\">\n<figure class=\"wp-block-image size-large\"><img decoding=\"async\" width=\"644\" height=\"429\" data-id=\"73479\" src=\"https:\/\/www.uartes.edu.ec\/sitio\/wp-content\/uploads\/2025\/06\/Proyecto-Cambiar-tamano-de-imagen-2025-06-12T115939.016-644x429.jpeg\" alt=\"\" class=\"wp-image-73479\" srcset=\"https:\/\/www.uartes.edu.ec\/sitio\/wp-content\/uploads\/2025\/06\/Proyecto-Cambiar-tamano-de-imagen-2025-06-12T115939.016-644x429.jpeg 644w, https:\/\/www.uartes.edu.ec\/sitio\/wp-content\/uploads\/2025\/06\/Proyecto-Cambiar-tamano-de-imagen-2025-06-12T115939.016-300x200.jpeg 300w, https:\/\/www.uartes.edu.ec\/sitio\/wp-content\/uploads\/2025\/06\/Proyecto-Cambiar-tamano-de-imagen-2025-06-12T115939.016-768x512.jpeg 768w, https:\/\/www.uartes.edu.ec\/sitio\/wp-content\/uploads\/2025\/06\/Proyecto-Cambiar-tamano-de-imagen-2025-06-12T115939.016-1536x1024.jpeg 1536w, https:\/\/www.uartes.edu.ec\/sitio\/wp-content\/uploads\/2025\/06\/Proyecto-Cambiar-tamano-de-imagen-2025-06-12T115939.016-18x12.jpeg 18w, https:\/\/www.uartes.edu.ec\/sitio\/wp-content\/uploads\/2025\/06\/Proyecto-Cambiar-tamano-de-imagen-2025-06-12T115939.016-600x400.jpeg 600w, https:\/\/www.uartes.edu.ec\/sitio\/wp-content\/uploads\/2025\/06\/Proyecto-Cambiar-tamano-de-imagen-2025-06-12T115939.016-400x267.jpeg 400w, https:\/\/www.uartes.edu.ec\/sitio\/wp-content\/uploads\/2025\/06\/Proyecto-Cambiar-tamano-de-imagen-2025-06-12T115939.016.jpeg 2000w\" sizes=\"(max-width: 644px) 100vw, 644px\" \/><\/figure>\n\n\n\n<figure class=\"wp-block-image size-large\"><img decoding=\"async\" width=\"644\" height=\"429\" data-id=\"73480\" src=\"https:\/\/www.uartes.edu.ec\/sitio\/wp-content\/uploads\/2025\/06\/Proyecto-Cambiar-tamano-de-imagen-2025-06-12T115649.070-644x429.jpeg\" alt=\"\" class=\"wp-image-73480\" srcset=\"https:\/\/www.uartes.edu.ec\/sitio\/wp-content\/uploads\/2025\/06\/Proyecto-Cambiar-tamano-de-imagen-2025-06-12T115649.070-644x429.jpeg 644w, https:\/\/www.uartes.edu.ec\/sitio\/wp-content\/uploads\/2025\/06\/Proyecto-Cambiar-tamano-de-imagen-2025-06-12T115649.070-300x200.jpeg 300w, https:\/\/www.uartes.edu.ec\/sitio\/wp-content\/uploads\/2025\/06\/Proyecto-Cambiar-tamano-de-imagen-2025-06-12T115649.070-768x512.jpeg 768w, https:\/\/www.uartes.edu.ec\/sitio\/wp-content\/uploads\/2025\/06\/Proyecto-Cambiar-tamano-de-imagen-2025-06-12T115649.070-1536x1024.jpeg 1536w, https:\/\/www.uartes.edu.ec\/sitio\/wp-content\/uploads\/2025\/06\/Proyecto-Cambiar-tamano-de-imagen-2025-06-12T115649.070-18x12.jpeg 18w, https:\/\/www.uartes.edu.ec\/sitio\/wp-content\/uploads\/2025\/06\/Proyecto-Cambiar-tamano-de-imagen-2025-06-12T115649.070-600x400.jpeg 600w, https:\/\/www.uartes.edu.ec\/sitio\/wp-content\/uploads\/2025\/06\/Proyecto-Cambiar-tamano-de-imagen-2025-06-12T115649.070-400x267.jpeg 400w, https:\/\/www.uartes.edu.ec\/sitio\/wp-content\/uploads\/2025\/06\/Proyecto-Cambiar-tamano-de-imagen-2025-06-12T115649.070.jpeg 2000w\" sizes=\"(max-width: 644px) 100vw, 644px\" \/><\/figure>\n<\/figure>\n\n\n\n<p><\/p>\n\n\n\n<p><em>Trata de viejas<\/em> naci\u00f3 de una necesidad de romper el silencio en torno a la vejez femenina, dijo Manzano. \u201cUtilizo elementos biol\u00f3gicos y anal\u00f3gicos sean narrativos o liricos. Pompeya es un cuerpo verbal que da vida y da muerte, con mucho tacto imaginaba estos padecimientos del c\u00e1ncer y la quimioterapia (\u2026) aclaro que mi lucha feminista no es hembrista\u201d.<\/p>\n\n\n\n<p>El p\u00fablico aprovech\u00f3 para hacer preguntas, y cada intervenci\u00f3n tej\u00eda una conversaci\u00f3n viva: \u00bfc\u00f3mo nace la relaci\u00f3n del volc\u00e1n con la protagonista?; \u00bfla muerte de Pompeya fue provocada por la amiga de manera consciente o inconsciente?; \u00bfcu\u00e1l es el significado de matripandemonio?; \u00bfha pensado en cambiar por alg\u00fan otro final para Pompeya? Manzano respondi\u00f3 sin adornos, con una mezcla de humildad y contundencia que encant\u00f3 a todos.<\/p>\n\n\n\n<p>\u201cEst\u00e1 en mi anhelo viajar a Italia y conocer Pompeya no por morbo, sino por su historia y de quien se ha empapado de informaci\u00f3n a trav\u00e9s de documentales, revistas, etc. El seno de Pompeya es un volc\u00e1n que erupciona debido a la met\u00e1stasis, y como el c\u00e1ncer mat\u00f3 a mi hero\u00edna, el volc\u00e1n mat\u00f3 a los habitantes de esa ciudad hace ya muchos a\u00f1os atr\u00e1s\u201d, expres\u00f3 y confes\u00f3 que, en el caso de que no pudiera presenciar en cuerpo presente la ciudad de Pompeya, viajar\u00eda a trav\u00e9s de las herramientas de la virtualidad.<\/p>\n\n\n<div class=\"wp-block-image\">\n<figure class=\"aligncenter size-large\"><img loading=\"lazy\" decoding=\"async\" width=\"644\" height=\"429\" src=\"https:\/\/www.uartes.edu.ec\/sitio\/wp-content\/uploads\/2025\/06\/Proyecto-Cambiar-tamano-de-imagen-2025-06-12T120751.103-644x429.jpeg\" alt=\"\" class=\"wp-image-73482\" srcset=\"https:\/\/www.uartes.edu.ec\/sitio\/wp-content\/uploads\/2025\/06\/Proyecto-Cambiar-tamano-de-imagen-2025-06-12T120751.103-644x429.jpeg 644w, https:\/\/www.uartes.edu.ec\/sitio\/wp-content\/uploads\/2025\/06\/Proyecto-Cambiar-tamano-de-imagen-2025-06-12T120751.103-300x200.jpeg 300w, https:\/\/www.uartes.edu.ec\/sitio\/wp-content\/uploads\/2025\/06\/Proyecto-Cambiar-tamano-de-imagen-2025-06-12T120751.103-768x512.jpeg 768w, https:\/\/www.uartes.edu.ec\/sitio\/wp-content\/uploads\/2025\/06\/Proyecto-Cambiar-tamano-de-imagen-2025-06-12T120751.103-1536x1024.jpeg 1536w, https:\/\/www.uartes.edu.ec\/sitio\/wp-content\/uploads\/2025\/06\/Proyecto-Cambiar-tamano-de-imagen-2025-06-12T120751.103-18x12.jpeg 18w, https:\/\/www.uartes.edu.ec\/sitio\/wp-content\/uploads\/2025\/06\/Proyecto-Cambiar-tamano-de-imagen-2025-06-12T120751.103-600x400.jpeg 600w, https:\/\/www.uartes.edu.ec\/sitio\/wp-content\/uploads\/2025\/06\/Proyecto-Cambiar-tamano-de-imagen-2025-06-12T120751.103-400x267.jpeg 400w, https:\/\/www.uartes.edu.ec\/sitio\/wp-content\/uploads\/2025\/06\/Proyecto-Cambiar-tamano-de-imagen-2025-06-12T120751.103.jpeg 2000w\" sizes=\"(max-width: 644px) 100vw, 644px\" \/><\/figure>\n<\/div>\n\n\n<p>Respondi\u00f3 tambi\u00e9n que \u201cla amiga de Pompeya toma una acci\u00f3n de misericordia, no ten\u00eda intenciones de matarla, el c\u00e1ncer, el humo, se dispersaba por todos los orificios del cuerpo de Pompeya, al principio fue con un abanico, luego fue la almohada, pero nunca tuvo intensiones de matarla\u201d. Preguntas como las planteadas la emocionan, a\u00f1adi\u00f3, porque puede ver perspectivas que estaban fuera de su imaginaci\u00f3n. Del significado de \u201cmatripandemonio\u201d, dijo que, en muchos sentidos, es esa relaci\u00f3n deteriorada del matrimonio. Sus hero\u00ednas no se casaron con hombres malos, pero a la larga fue una relaci\u00f3n aburrida. No generaliza en que todos los matrimonios sean as\u00ed. Fue el tipo de matrimonio que les otorg\u00f3 a estas dos amigas de la historia. \u201cNo, no pienso cambiar el final, porque este final me trajo merito literario, reconocimiento y es la similitud que tiene con el volc\u00e1n que arras\u00f3 todo a su paso, sepultado\u201d.<\/p>\n\n\n\n<p>Las organizadoras del club de lectura \u201cRatones de biblioteca\u201d, J\u00e9ssica Cevallos, Paola Salazar y Valeria Martillo, junto a su tutora encargada, la docente Solange Rodr\u00edguez Pappe, hicieron la entrega de una placa de vidrio a Sonia Manzano, donde la reconocen como \u201cratona literaria de la biblioteca de la Universidad de las Artes, un reconocimiento en virtud de apoyar a la lectura y como escritora\u201d.<\/p>\n\n\n\n<p>Llego la hora de la premiaci\u00f3n para los ratones y p\u00fablico presente. Debajo de una de las sillas del publico estaba el ticket ganador. La premiada de la noche fue Darashea Toala, licenciada en Danza, mag\u00edster en Artes Esc\u00e9nicas \u2013ambas por la Universidad de las Artes\u2013 y estudiante de Literatura, quien recibi\u00f3 \u201cEl vino de mi sombra\u201d, libro donado por la docente Mar\u00eda Paulina Briones.<\/p>\n\n\n<div class=\"wp-block-image\">\n<figure class=\"aligncenter size-large\"><img loading=\"lazy\" decoding=\"async\" width=\"644\" height=\"429\" src=\"https:\/\/www.uartes.edu.ec\/sitio\/wp-content\/uploads\/2025\/06\/Proyecto-Cambiar-tamano-de-imagen-2025-06-12T115405.675-644x429.jpeg\" alt=\"\" class=\"wp-image-73481\" srcset=\"https:\/\/www.uartes.edu.ec\/sitio\/wp-content\/uploads\/2025\/06\/Proyecto-Cambiar-tamano-de-imagen-2025-06-12T115405.675-644x429.jpeg 644w, https:\/\/www.uartes.edu.ec\/sitio\/wp-content\/uploads\/2025\/06\/Proyecto-Cambiar-tamano-de-imagen-2025-06-12T115405.675-300x200.jpeg 300w, https:\/\/www.uartes.edu.ec\/sitio\/wp-content\/uploads\/2025\/06\/Proyecto-Cambiar-tamano-de-imagen-2025-06-12T115405.675-768x512.jpeg 768w, https:\/\/www.uartes.edu.ec\/sitio\/wp-content\/uploads\/2025\/06\/Proyecto-Cambiar-tamano-de-imagen-2025-06-12T115405.675-1536x1024.jpeg 1536w, https:\/\/www.uartes.edu.ec\/sitio\/wp-content\/uploads\/2025\/06\/Proyecto-Cambiar-tamano-de-imagen-2025-06-12T115405.675-18x12.jpeg 18w, https:\/\/www.uartes.edu.ec\/sitio\/wp-content\/uploads\/2025\/06\/Proyecto-Cambiar-tamano-de-imagen-2025-06-12T115405.675-600x400.jpeg 600w, https:\/\/www.uartes.edu.ec\/sitio\/wp-content\/uploads\/2025\/06\/Proyecto-Cambiar-tamano-de-imagen-2025-06-12T115405.675-400x267.jpeg 400w, https:\/\/www.uartes.edu.ec\/sitio\/wp-content\/uploads\/2025\/06\/Proyecto-Cambiar-tamano-de-imagen-2025-06-12T115405.675.jpeg 2000w\" sizes=\"(max-width: 644px) 100vw, 644px\" \/><\/figure>\n<\/div>\n\n<div class=\"wp-block-image\">\n<figure class=\"aligncenter size-large is-resized\"><img loading=\"lazy\" decoding=\"async\" width=\"644\" height=\"483\" src=\"https:\/\/www.uartes.edu.ec\/sitio\/wp-content\/uploads\/2025\/06\/WhatsApp-Image-2025-06-11-at-21.22.05-644x483.jpeg\" alt=\"\" class=\"wp-image-73483\" style=\"width:479px;height:auto\" srcset=\"https:\/\/www.uartes.edu.ec\/sitio\/wp-content\/uploads\/2025\/06\/WhatsApp-Image-2025-06-11-at-21.22.05-644x483.jpeg 644w, https:\/\/www.uartes.edu.ec\/sitio\/wp-content\/uploads\/2025\/06\/WhatsApp-Image-2025-06-11-at-21.22.05-300x225.jpeg 300w, https:\/\/www.uartes.edu.ec\/sitio\/wp-content\/uploads\/2025\/06\/WhatsApp-Image-2025-06-11-at-21.22.05-768x576.jpeg 768w, https:\/\/www.uartes.edu.ec\/sitio\/wp-content\/uploads\/2025\/06\/WhatsApp-Image-2025-06-11-at-21.22.05-1536x1152.jpeg 1536w, https:\/\/www.uartes.edu.ec\/sitio\/wp-content\/uploads\/2025\/06\/WhatsApp-Image-2025-06-11-at-21.22.05-16x12.jpeg 16w, https:\/\/www.uartes.edu.ec\/sitio\/wp-content\/uploads\/2025\/06\/WhatsApp-Image-2025-06-11-at-21.22.05-400x300.jpeg 400w, https:\/\/www.uartes.edu.ec\/sitio\/wp-content\/uploads\/2025\/06\/WhatsApp-Image-2025-06-11-at-21.22.05.jpeg 1600w\" sizes=\"(max-width: 644px) 100vw, 644px\" \/><\/figure>\n<\/div>\n\n\n<p>La jornada concluy\u00f3 con un coffee break entre murmullos, tazas de caf\u00e9 humeantes y la oportunidad de adquirir \u201cTrata de viejas\u201d y \u201cLos \u00faltimos d\u00edas de Pompeya\u201d a un precio especial. Muchos se acercaron a Sonia para que firmara sus ejemplares. Otros simplemente quisieron darle las gracias por haber dicho con palabras lo que a veces cuesta tanto pensar. Ella siempre fue tan agradecida y amable en cada una de las etapas del encuentro, estuvo feliz de que la juventud se acerque a la lectura, lo cual, anot\u00f3, la motiva a seguir escribiendo de a poco, nunca abandonara la poes\u00eda, pero en mente piensa explorar para su siguiente libro narrativo la experiencia de la cuarta edad.<\/p>\n\n\n\n<p>Solange Rodr\u00edguez tiene en mente que el club prevalezca, sus ratoncitas estar\u00e1n un a\u00f1o m\u00e1s, por ende, est\u00e1 abierta a la idea de tener nuevos y m\u00e1s estudiantes que organicen este tipo de encuentros. Tambi\u00e9n tiene en mente tener por semestre a un escritor invitado; tal vez el siguiente invitado sea Ra\u00fal Vallejo, lo cual todav\u00eda no es seguro.<\/p>\n\n\n\n<p>Por tal motivo, su gestora, las organizadoras y quienes integramos el club contamos con que la comunidad universitaria se siga sumando a los \u201cRatones de biblioteca\u201d, a fin de que eventos de esta \u00edndole sigan habitando los espacios e inspiren a que los encuentros sigan siendo consecutivos. Vale anotar que este club se inaugur\u00f3 en la semana de Lanfor Abierta de este a\u00f1o, actividad que realiza la Biblioteca de las Artes, y esperamos que nunca cierre sus puertas.<\/p>\n\n\n\n<p>As\u00ed lleg\u00f3 la noche y el cierre de una nueva sesi\u00f3n del club, donde se habl\u00f3 de literatura y se celebr\u00f3 la memoria, la dignidad y el humor que a\u00fan caben en los \u00faltimos d\u00edas, no de Pompeya, sino de nosotros mismos.<\/p>\n\n\n\n<p>Texto: Eleinn Rivera Sol\u00eds, estudiante Literatura e integrante del club de lectura.<br>Fotos: J\u00e9ssica Cevallos, estudiante de Literatura y una de las organizadoras del club de lectura.<\/p>\n\n\n\n<p><\/p>","protected":false},"excerpt":{"rendered":"<p>En la reciente sesi\u00f3n del martes 10 de junio del club de lectura \u201cRatones de biblioteca\u201d, la poeta y pianista Sonia Manzano fue la primera autora invitada de la cita. Su visita fue una celebraci\u00f3n \u00edntima y poderosa, se\u00f1ala Eleinn Rivera, una de las integrantes del club, quien comparte el di\u00e1logo que j\u00f3venes estudiantes, docentes, lectores curiosos y amantes de la literatura tuvieron con la escritora en torno al cuento \u201cLos \u00faltimos d\u00edas de Pompeya\u201d, parte de su libro \u201cTrata de viejas\u201d.<\/p>","protected":false},"author":10,"featured_media":73477,"comment_status":"open","ping_status":"open","sticky":false,"template":"","format":"standard","meta":{"_acf_changed":false,"_uag_custom_page_level_css":"","_monsterinsights_skip_tracking":false,"_monsterinsights_sitenote_active":false,"_monsterinsights_sitenote_note":"","_monsterinsights_sitenote_category":0,"cybocfi_hide_featured_image":"","footnotes":""},"categories":[80,82,75,76,175,83],"tags":[521],"infouartes":[],"class_list":["post-73476","post","type-post","status-publish","format-standard","has-post-thumbnail","hentry","category-academico","category-artes","category-docentes","category-estudiantes","category-literatura","category-sedes","tag-encuentro"],"acf":[],"yoast_head":"<!-- This site is optimized with the Yoast SEO plugin v27.4 - https:\/\/yoast.com\/product\/yoast-seo-wordpress\/ -->\n<title>Universidad de las Artes - Sonia Manzano, primera escritora invitada al club de lectura \u201cRatones de biblioteca\u201d<\/title>\n<meta name=\"description\" content=\"Universidad de las Artes - Sonia Manzano, primera escritora invitada al club de lectura \u201cRatones de biblioteca\u201d\" \/>\n<meta name=\"robots\" content=\"index, follow, max-snippet:-1, max-image-preview:large, max-video-preview:-1\" \/>\n<link rel=\"canonical\" href=\"https:\/\/www.uartes.edu.ec\/sitio\/fr\/blog\/2025\/06\/12\/sonia-manzano-la-primera-escritora-invitada-al-club-de-lectura-uartes-ratones-de-biblioteca\/\" \/>\n<meta property=\"og:locale\" content=\"fr_FR\" \/>\n<meta property=\"og:type\" content=\"article\" \/>\n<meta property=\"og:title\" content=\"Universidad de las Artes - Sonia Manzano, primera escritora invitada al club de lectura \u201cRatones de biblioteca\u201d\" \/>\n<meta property=\"og:description\" content=\"Universidad de las Artes - Sonia Manzano, primera escritora invitada al club de lectura \u201cRatones de biblioteca\u201d\" \/>\n<meta property=\"og:url\" content=\"https:\/\/www.uartes.edu.ec\/sitio\/fr\/blog\/2025\/06\/12\/sonia-manzano-la-primera-escritora-invitada-al-club-de-lectura-uartes-ratones-de-biblioteca\/\" \/>\n<meta property=\"og:site_name\" content=\"Universidad de las Artes\" \/>\n<meta property=\"article:publisher\" content=\"https:\/\/www.facebook.com\/uartesec\" \/>\n<meta property=\"article:published_time\" content=\"2025-06-12T23:42:12+00:00\" \/>\n<meta property=\"article:modified_time\" content=\"2025-06-13T22:59:28+00:00\" \/>\n<meta property=\"og:image\" content=\"https:\/\/www.uartes.edu.ec\/sitio\/wp-content\/uploads\/2025\/06\/Proyecto-Cambiar-tamano-de-imagen-2025-06-12T121812.775.jpeg\" \/>\n\t<meta property=\"og:image:width\" content=\"2000\" \/>\n\t<meta property=\"og:image:height\" content=\"1333\" \/>\n\t<meta property=\"og:image:type\" content=\"image\/jpeg\" \/>\n<meta name=\"author\" content=\"ccortez\" \/>\n<meta name=\"twitter:card\" content=\"summary_large_image\" \/>\n<meta name=\"twitter:creator\" content=\"@uartesec\" \/>\n<meta name=\"twitter:site\" content=\"@uartesec\" \/>\n<meta name=\"twitter:label1\" content=\"\u00c9crit par\" \/>\n\t<meta name=\"twitter:data1\" content=\"ccortez\" \/>\n\t<meta name=\"twitter:label2\" content=\"Dur\u00e9e de lecture estim\u00e9e\" \/>\n\t<meta name=\"twitter:data2\" content=\"6 minutes\" \/>\n<script type=\"application\/ld+json\" class=\"yoast-schema-graph\">{\"@context\":\"https:\\\/\\\/schema.org\",\"@graph\":[{\"@type\":\"Article\",\"@id\":\"https:\\\/\\\/www.uartes.edu.ec\\\/sitio\\\/fr\\\/blog\\\/2025\\\/06\\\/12\\\/sonia-manzano-la-primera-escritora-invitada-al-club-de-lectura-uartes-ratones-de-biblioteca\\\/#article\",\"isPartOf\":{\"@id\":\"https:\\\/\\\/www.uartes.edu.ec\\\/sitio\\\/fr\\\/blog\\\/2025\\\/06\\\/12\\\/sonia-manzano-la-primera-escritora-invitada-al-club-de-lectura-uartes-ratones-de-biblioteca\\\/\"},\"author\":{\"name\":\"ccortez\",\"@id\":\"https:\\\/\\\/www.uartes.edu.ec\\\/sitio\\\/fr\\\/#\\\/schema\\\/person\\\/efa1b8275797664fd7f13a79ccc0b1f4\"},\"headline\":\"Sonia Manzano, primera escritora invitada al club de lectura \u201cRatones de biblioteca\u201d\",\"datePublished\":\"2025-06-12T23:42:12+00:00\",\"dateModified\":\"2025-06-13T22:59:28+00:00\",\"mainEntityOfPage\":{\"@id\":\"https:\\\/\\\/www.uartes.edu.ec\\\/sitio\\\/fr\\\/blog\\\/2025\\\/06\\\/12\\\/sonia-manzano-la-primera-escritora-invitada-al-club-de-lectura-uartes-ratones-de-biblioteca\\\/\"},\"wordCount\":1152,\"commentCount\":0,\"publisher\":{\"@id\":\"https:\\\/\\\/www.uartes.edu.ec\\\/sitio\\\/fr\\\/#organization\"},\"image\":{\"@id\":\"https:\\\/\\\/www.uartes.edu.ec\\\/sitio\\\/fr\\\/blog\\\/2025\\\/06\\\/12\\\/sonia-manzano-la-primera-escritora-invitada-al-club-de-lectura-uartes-ratones-de-biblioteca\\\/#primaryimage\"},\"thumbnailUrl\":\"https:\\\/\\\/www.uartes.edu.ec\\\/sitio\\\/wp-content\\\/uploads\\\/2025\\\/06\\\/Proyecto-Cambiar-tamano-de-imagen-2025-06-12T121812.775.jpeg\",\"keywords\":[\"encuentro\"],\"articleSection\":[\"Acad\u00e9mico\",\"Artes\",\"Docentes\",\"Estudiantes\",\"Literatura\",\"Sedes\"],\"inLanguage\":\"fr-FR\",\"potentialAction\":[{\"@type\":\"CommentAction\",\"name\":\"Comment\",\"target\":[\"https:\\\/\\\/www.uartes.edu.ec\\\/sitio\\\/fr\\\/blog\\\/2025\\\/06\\\/12\\\/sonia-manzano-la-primera-escritora-invitada-al-club-de-lectura-uartes-ratones-de-biblioteca\\\/#respond\"]}]},{\"@type\":[\"WebPage\",\"ItemPage\"],\"@id\":\"https:\\\/\\\/www.uartes.edu.ec\\\/sitio\\\/fr\\\/blog\\\/2025\\\/06\\\/12\\\/sonia-manzano-la-primera-escritora-invitada-al-club-de-lectura-uartes-ratones-de-biblioteca\\\/\",\"url\":\"https:\\\/\\\/www.uartes.edu.ec\\\/sitio\\\/fr\\\/blog\\\/2025\\\/06\\\/12\\\/sonia-manzano-la-primera-escritora-invitada-al-club-de-lectura-uartes-ratones-de-biblioteca\\\/\",\"name\":\"Universidad de las Artes - Sonia Manzano, primera escritora invitada al club de lectura \u201cRatones de biblioteca\u201d\",\"isPartOf\":{\"@id\":\"https:\\\/\\\/www.uartes.edu.ec\\\/sitio\\\/fr\\\/#website\"},\"primaryImageOfPage\":{\"@id\":\"https:\\\/\\\/www.uartes.edu.ec\\\/sitio\\\/fr\\\/blog\\\/2025\\\/06\\\/12\\\/sonia-manzano-la-primera-escritora-invitada-al-club-de-lectura-uartes-ratones-de-biblioteca\\\/#primaryimage\"},\"image\":{\"@id\":\"https:\\\/\\\/www.uartes.edu.ec\\\/sitio\\\/fr\\\/blog\\\/2025\\\/06\\\/12\\\/sonia-manzano-la-primera-escritora-invitada-al-club-de-lectura-uartes-ratones-de-biblioteca\\\/#primaryimage\"},\"thumbnailUrl\":\"https:\\\/\\\/www.uartes.edu.ec\\\/sitio\\\/wp-content\\\/uploads\\\/2025\\\/06\\\/Proyecto-Cambiar-tamano-de-imagen-2025-06-12T121812.775.jpeg\",\"datePublished\":\"2025-06-12T23:42:12+00:00\",\"dateModified\":\"2025-06-13T22:59:28+00:00\",\"description\":\"Universidad de las Artes - Sonia Manzano, primera escritora invitada al club de lectura \u201cRatones de biblioteca\u201d\",\"breadcrumb\":{\"@id\":\"https:\\\/\\\/www.uartes.edu.ec\\\/sitio\\\/fr\\\/blog\\\/2025\\\/06\\\/12\\\/sonia-manzano-la-primera-escritora-invitada-al-club-de-lectura-uartes-ratones-de-biblioteca\\\/#breadcrumb\"},\"inLanguage\":\"fr-FR\",\"potentialAction\":[{\"@type\":\"ReadAction\",\"target\":[\"https:\\\/\\\/www.uartes.edu.ec\\\/sitio\\\/fr\\\/blog\\\/2025\\\/06\\\/12\\\/sonia-manzano-la-primera-escritora-invitada-al-club-de-lectura-uartes-ratones-de-biblioteca\\\/\"]}]},{\"@type\":\"ImageObject\",\"inLanguage\":\"fr-FR\",\"@id\":\"https:\\\/\\\/www.uartes.edu.ec\\\/sitio\\\/fr\\\/blog\\\/2025\\\/06\\\/12\\\/sonia-manzano-la-primera-escritora-invitada-al-club-de-lectura-uartes-ratones-de-biblioteca\\\/#primaryimage\",\"url\":\"https:\\\/\\\/www.uartes.edu.ec\\\/sitio\\\/wp-content\\\/uploads\\\/2025\\\/06\\\/Proyecto-Cambiar-tamano-de-imagen-2025-06-12T121812.775.jpeg\",\"contentUrl\":\"https:\\\/\\\/www.uartes.edu.ec\\\/sitio\\\/wp-content\\\/uploads\\\/2025\\\/06\\\/Proyecto-Cambiar-tamano-de-imagen-2025-06-12T121812.775.jpeg\",\"width\":2000,\"height\":1333},{\"@type\":\"BreadcrumbList\",\"@id\":\"https:\\\/\\\/www.uartes.edu.ec\\\/sitio\\\/fr\\\/blog\\\/2025\\\/06\\\/12\\\/sonia-manzano-la-primera-escritora-invitada-al-club-de-lectura-uartes-ratones-de-biblioteca\\\/#breadcrumb\",\"itemListElement\":[{\"@type\":\"ListItem\",\"position\":1,\"name\":\"Inicio\",\"item\":\"https:\\\/\\\/www.uartes.edu.ec\\\/sitio\\\/\"},{\"@type\":\"ListItem\",\"position\":2,\"name\":\"Sonia Manzano, primera escritora invitada al club de lectura \u201cRatones de biblioteca\u201d\"}]},{\"@type\":\"WebSite\",\"@id\":\"https:\\\/\\\/www.uartes.edu.ec\\\/sitio\\\/fr\\\/#website\",\"url\":\"https:\\\/\\\/www.uartes.edu.ec\\\/sitio\\\/fr\\\/\",\"name\":\"Universidad de las Artes\",\"description\":\"Sitio oficial de la Universidad Nacional de las Artes del Ecuador\",\"publisher\":{\"@id\":\"https:\\\/\\\/www.uartes.edu.ec\\\/sitio\\\/fr\\\/#organization\"},\"potentialAction\":[{\"@type\":\"SearchAction\",\"target\":{\"@type\":\"EntryPoint\",\"urlTemplate\":\"https:\\\/\\\/www.uartes.edu.ec\\\/sitio\\\/fr\\\/?s={search_term_string}\"},\"query-input\":{\"@type\":\"PropertyValueSpecification\",\"valueRequired\":true,\"valueName\":\"search_term_string\"}}],\"inLanguage\":\"fr-FR\"},{\"@type\":\"Organization\",\"@id\":\"https:\\\/\\\/www.uartes.edu.ec\\\/sitio\\\/fr\\\/#organization\",\"name\":\"Universidad de las Artes\",\"url\":\"https:\\\/\\\/www.uartes.edu.ec\\\/sitio\\\/fr\\\/\",\"logo\":{\"@type\":\"ImageObject\",\"inLanguage\":\"fr-FR\",\"@id\":\"https:\\\/\\\/www.uartes.edu.ec\\\/sitio\\\/fr\\\/#\\\/schema\\\/logo\\\/image\\\/\",\"url\":\"https:\\\/\\\/www.uartes.edu.ec\\\/sitio\\\/wp-content\\\/uploads\\\/2022\\\/07\\\/logo-ua-horizontal.png\",\"contentUrl\":\"https:\\\/\\\/www.uartes.edu.ec\\\/sitio\\\/wp-content\\\/uploads\\\/2022\\\/07\\\/logo-ua-horizontal.png\",\"width\":800,\"height\":276,\"caption\":\"Universidad de las Artes\"},\"image\":{\"@id\":\"https:\\\/\\\/www.uartes.edu.ec\\\/sitio\\\/fr\\\/#\\\/schema\\\/logo\\\/image\\\/\"},\"sameAs\":[\"https:\\\/\\\/www.facebook.com\\\/uartesec\",\"https:\\\/\\\/x.com\\\/uartesec\",\"https:\\\/\\\/www.tiktok.com\\\/@uartesec\"]},{\"@type\":\"Person\",\"@id\":\"https:\\\/\\\/www.uartes.edu.ec\\\/sitio\\\/fr\\\/#\\\/schema\\\/person\\\/efa1b8275797664fd7f13a79ccc0b1f4\",\"name\":\"ccortez\",\"image\":{\"@type\":\"ImageObject\",\"inLanguage\":\"fr-FR\",\"@id\":\"https:\\\/\\\/secure.gravatar.com\\\/avatar\\\/b2a6f664a3ae8e074346ef91775736c5ec479e637ecced6842de9dc98b5da9cd?s=96&d=mm&r=g\",\"url\":\"https:\\\/\\\/secure.gravatar.com\\\/avatar\\\/b2a6f664a3ae8e074346ef91775736c5ec479e637ecced6842de9dc98b5da9cd?s=96&d=mm&r=g\",\"contentUrl\":\"https:\\\/\\\/secure.gravatar.com\\\/avatar\\\/b2a6f664a3ae8e074346ef91775736c5ec479e637ecced6842de9dc98b5da9cd?s=96&d=mm&r=g\",\"caption\":\"ccortez\"},\"url\":\"https:\\\/\\\/www.uartes.edu.ec\\\/sitio\\\/fr\\\/blog\\\/author\\\/ccortez\\\/\"}]}<\/script>\n<!-- \/ Yoast SEO plugin. -->","yoast_head_json":{"title":"Universidad de las Artes - Sonia Manzano, primera escritora invitada al club de lectura \u201cRatones de biblioteca\u201d","description":"Universidad de las Artes - Sonia Manzano, primera escritora invitada al club de lectura \u201cRatones de biblioteca\u201d","robots":{"index":"index","follow":"follow","max-snippet":"max-snippet:-1","max-image-preview":"max-image-preview:large","max-video-preview":"max-video-preview:-1"},"canonical":"https:\/\/www.uartes.edu.ec\/sitio\/fr\/blog\/2025\/06\/12\/sonia-manzano-la-primera-escritora-invitada-al-club-de-lectura-uartes-ratones-de-biblioteca\/","og_locale":"fr_FR","og_type":"article","og_title":"Universidad de las Artes - Sonia Manzano, primera escritora invitada al club de lectura \u201cRatones de biblioteca\u201d","og_description":"Universidad de las Artes - Sonia Manzano, primera escritora invitada al club de lectura \u201cRatones de biblioteca\u201d","og_url":"https:\/\/www.uartes.edu.ec\/sitio\/fr\/blog\/2025\/06\/12\/sonia-manzano-la-primera-escritora-invitada-al-club-de-lectura-uartes-ratones-de-biblioteca\/","og_site_name":"Universidad de las Artes","article_publisher":"https:\/\/www.facebook.com\/uartesec","article_published_time":"2025-06-12T23:42:12+00:00","article_modified_time":"2025-06-13T22:59:28+00:00","og_image":[{"width":2000,"height":1333,"url":"https:\/\/www.uartes.edu.ec\/sitio\/wp-content\/uploads\/2025\/06\/Proyecto-Cambiar-tamano-de-imagen-2025-06-12T121812.775.jpeg","type":"image\/jpeg"}],"author":"ccortez","twitter_card":"summary_large_image","twitter_creator":"@uartesec","twitter_site":"@uartesec","twitter_misc":{"\u00c9crit par":"ccortez","Dur\u00e9e de lecture estim\u00e9e":"6 minutes"},"schema":{"@context":"https:\/\/schema.org","@graph":[{"@type":"Article","@id":"https:\/\/www.uartes.edu.ec\/sitio\/fr\/blog\/2025\/06\/12\/sonia-manzano-la-primera-escritora-invitada-al-club-de-lectura-uartes-ratones-de-biblioteca\/#article","isPartOf":{"@id":"https:\/\/www.uartes.edu.ec\/sitio\/fr\/blog\/2025\/06\/12\/sonia-manzano-la-primera-escritora-invitada-al-club-de-lectura-uartes-ratones-de-biblioteca\/"},"author":{"name":"ccortez","@id":"https:\/\/www.uartes.edu.ec\/sitio\/fr\/#\/schema\/person\/efa1b8275797664fd7f13a79ccc0b1f4"},"headline":"Sonia Manzano, primera escritora invitada al club de lectura \u201cRatones de biblioteca\u201d","datePublished":"2025-06-12T23:42:12+00:00","dateModified":"2025-06-13T22:59:28+00:00","mainEntityOfPage":{"@id":"https:\/\/www.uartes.edu.ec\/sitio\/fr\/blog\/2025\/06\/12\/sonia-manzano-la-primera-escritora-invitada-al-club-de-lectura-uartes-ratones-de-biblioteca\/"},"wordCount":1152,"commentCount":0,"publisher":{"@id":"https:\/\/www.uartes.edu.ec\/sitio\/fr\/#organization"},"image":{"@id":"https:\/\/www.uartes.edu.ec\/sitio\/fr\/blog\/2025\/06\/12\/sonia-manzano-la-primera-escritora-invitada-al-club-de-lectura-uartes-ratones-de-biblioteca\/#primaryimage"},"thumbnailUrl":"https:\/\/www.uartes.edu.ec\/sitio\/wp-content\/uploads\/2025\/06\/Proyecto-Cambiar-tamano-de-imagen-2025-06-12T121812.775.jpeg","keywords":["encuentro"],"articleSection":["Acad\u00e9mico","Artes","Docentes","Estudiantes","Literatura","Sedes"],"inLanguage":"fr-FR","potentialAction":[{"@type":"CommentAction","name":"Comment","target":["https:\/\/www.uartes.edu.ec\/sitio\/fr\/blog\/2025\/06\/12\/sonia-manzano-la-primera-escritora-invitada-al-club-de-lectura-uartes-ratones-de-biblioteca\/#respond"]}]},{"@type":["WebPage","ItemPage"],"@id":"https:\/\/www.uartes.edu.ec\/sitio\/fr\/blog\/2025\/06\/12\/sonia-manzano-la-primera-escritora-invitada-al-club-de-lectura-uartes-ratones-de-biblioteca\/","url":"https:\/\/www.uartes.edu.ec\/sitio\/fr\/blog\/2025\/06\/12\/sonia-manzano-la-primera-escritora-invitada-al-club-de-lectura-uartes-ratones-de-biblioteca\/","name":"Universidad de las Artes - Sonia Manzano, primera escritora invitada al club de lectura \u201cRatones de biblioteca\u201d","isPartOf":{"@id":"https:\/\/www.uartes.edu.ec\/sitio\/fr\/#website"},"primaryImageOfPage":{"@id":"https:\/\/www.uartes.edu.ec\/sitio\/fr\/blog\/2025\/06\/12\/sonia-manzano-la-primera-escritora-invitada-al-club-de-lectura-uartes-ratones-de-biblioteca\/#primaryimage"},"image":{"@id":"https:\/\/www.uartes.edu.ec\/sitio\/fr\/blog\/2025\/06\/12\/sonia-manzano-la-primera-escritora-invitada-al-club-de-lectura-uartes-ratones-de-biblioteca\/#primaryimage"},"thumbnailUrl":"https:\/\/www.uartes.edu.ec\/sitio\/wp-content\/uploads\/2025\/06\/Proyecto-Cambiar-tamano-de-imagen-2025-06-12T121812.775.jpeg","datePublished":"2025-06-12T23:42:12+00:00","dateModified":"2025-06-13T22:59:28+00:00","description":"Universidad de las Artes - Sonia Manzano, primera escritora invitada al club de lectura \u201cRatones de biblioteca\u201d","breadcrumb":{"@id":"https:\/\/www.uartes.edu.ec\/sitio\/fr\/blog\/2025\/06\/12\/sonia-manzano-la-primera-escritora-invitada-al-club-de-lectura-uartes-ratones-de-biblioteca\/#breadcrumb"},"inLanguage":"fr-FR","potentialAction":[{"@type":"ReadAction","target":["https:\/\/www.uartes.edu.ec\/sitio\/fr\/blog\/2025\/06\/12\/sonia-manzano-la-primera-escritora-invitada-al-club-de-lectura-uartes-ratones-de-biblioteca\/"]}]},{"@type":"ImageObject","inLanguage":"fr-FR","@id":"https:\/\/www.uartes.edu.ec\/sitio\/fr\/blog\/2025\/06\/12\/sonia-manzano-la-primera-escritora-invitada-al-club-de-lectura-uartes-ratones-de-biblioteca\/#primaryimage","url":"https:\/\/www.uartes.edu.ec\/sitio\/wp-content\/uploads\/2025\/06\/Proyecto-Cambiar-tamano-de-imagen-2025-06-12T121812.775.jpeg","contentUrl":"https:\/\/www.uartes.edu.ec\/sitio\/wp-content\/uploads\/2025\/06\/Proyecto-Cambiar-tamano-de-imagen-2025-06-12T121812.775.jpeg","width":2000,"height":1333},{"@type":"BreadcrumbList","@id":"https:\/\/www.uartes.edu.ec\/sitio\/fr\/blog\/2025\/06\/12\/sonia-manzano-la-primera-escritora-invitada-al-club-de-lectura-uartes-ratones-de-biblioteca\/#breadcrumb","itemListElement":[{"@type":"ListItem","position":1,"name":"Inicio","item":"https:\/\/www.uartes.edu.ec\/sitio\/"},{"@type":"ListItem","position":2,"name":"Sonia Manzano, primera escritora invitada al club de lectura \u201cRatones de biblioteca\u201d"}]},{"@type":"WebSite","@id":"https:\/\/www.uartes.edu.ec\/sitio\/fr\/#website","url":"https:\/\/www.uartes.edu.ec\/sitio\/fr\/","name":"Universidad de las Artes","description":"Sitio oficial de la Universidad Nacional de las Artes del Ecuador","publisher":{"@id":"https:\/\/www.uartes.edu.ec\/sitio\/fr\/#organization"},"potentialAction":[{"@type":"SearchAction","target":{"@type":"EntryPoint","urlTemplate":"https:\/\/www.uartes.edu.ec\/sitio\/fr\/?s={search_term_string}"},"query-input":{"@type":"PropertyValueSpecification","valueRequired":true,"valueName":"search_term_string"}}],"inLanguage":"fr-FR"},{"@type":"Organization","@id":"https:\/\/www.uartes.edu.ec\/sitio\/fr\/#organization","name":"Universidad de las Artes","url":"https:\/\/www.uartes.edu.ec\/sitio\/fr\/","logo":{"@type":"ImageObject","inLanguage":"fr-FR","@id":"https:\/\/www.uartes.edu.ec\/sitio\/fr\/#\/schema\/logo\/image\/","url":"https:\/\/www.uartes.edu.ec\/sitio\/wp-content\/uploads\/2022\/07\/logo-ua-horizontal.png","contentUrl":"https:\/\/www.uartes.edu.ec\/sitio\/wp-content\/uploads\/2022\/07\/logo-ua-horizontal.png","width":800,"height":276,"caption":"Universidad de las Artes"},"image":{"@id":"https:\/\/www.uartes.edu.ec\/sitio\/fr\/#\/schema\/logo\/image\/"},"sameAs":["https:\/\/www.facebook.com\/uartesec","https:\/\/x.com\/uartesec","https:\/\/www.tiktok.com\/@uartesec"]},{"@type":"Person","@id":"https:\/\/www.uartes.edu.ec\/sitio\/fr\/#\/schema\/person\/efa1b8275797664fd7f13a79ccc0b1f4","name":"ccortez","image":{"@type":"ImageObject","inLanguage":"fr-FR","@id":"https:\/\/secure.gravatar.com\/avatar\/b2a6f664a3ae8e074346ef91775736c5ec479e637ecced6842de9dc98b5da9cd?s=96&d=mm&r=g","url":"https:\/\/secure.gravatar.com\/avatar\/b2a6f664a3ae8e074346ef91775736c5ec479e637ecced6842de9dc98b5da9cd?s=96&d=mm&r=g","contentUrl":"https:\/\/secure.gravatar.com\/avatar\/b2a6f664a3ae8e074346ef91775736c5ec479e637ecced6842de9dc98b5da9cd?s=96&d=mm&r=g","caption":"ccortez"},"url":"https:\/\/www.uartes.edu.ec\/sitio\/fr\/blog\/author\/ccortez\/"}]}},"uagb_featured_image_src":{"full":["https:\/\/www.uartes.edu.ec\/sitio\/wp-content\/uploads\/2025\/06\/Proyecto-Cambiar-tamano-de-imagen-2025-06-12T121812.775.jpeg",2000,1333,false],"thumbnail":["https:\/\/www.uartes.edu.ec\/sitio\/wp-content\/uploads\/2025\/06\/Proyecto-Cambiar-tamano-de-imagen-2025-06-12T121812.775-150x150.jpeg",150,150,true],"medium":["https:\/\/www.uartes.edu.ec\/sitio\/wp-content\/uploads\/2025\/06\/Proyecto-Cambiar-tamano-de-imagen-2025-06-12T121812.775-300x200.jpeg",300,200,true],"medium_large":["https:\/\/www.uartes.edu.ec\/sitio\/wp-content\/uploads\/2025\/06\/Proyecto-Cambiar-tamano-de-imagen-2025-06-12T121812.775-768x512.jpeg",768,512,true],"large":["https:\/\/www.uartes.edu.ec\/sitio\/wp-content\/uploads\/2025\/06\/Proyecto-Cambiar-tamano-de-imagen-2025-06-12T121812.775-644x429.jpeg",644,429,true],"1536x1536":["https:\/\/www.uartes.edu.ec\/sitio\/wp-content\/uploads\/2025\/06\/Proyecto-Cambiar-tamano-de-imagen-2025-06-12T121812.775-1536x1024.jpeg",1536,1024,true],"2048x2048":["https:\/\/www.uartes.edu.ec\/sitio\/wp-content\/uploads\/2025\/06\/Proyecto-Cambiar-tamano-de-imagen-2025-06-12T121812.775.jpeg",2000,1333,false],"trp-custom-language-flag":["https:\/\/www.uartes.edu.ec\/sitio\/wp-content\/uploads\/2025\/06\/Proyecto-Cambiar-tamano-de-imagen-2025-06-12T121812.775-18x12.jpeg",18,12,true],"htmega_size_585x295":["https:\/\/www.uartes.edu.ec\/sitio\/wp-content\/uploads\/2025\/06\/Proyecto-Cambiar-tamano-de-imagen-2025-06-12T121812.775-585x295.jpeg",585,295,true],"htmega_size_1170x536":["https:\/\/www.uartes.edu.ec\/sitio\/wp-content\/uploads\/2025\/06\/Proyecto-Cambiar-tamano-de-imagen-2025-06-12T121812.775-1170x536.jpeg",1170,536,true],"htmega_size_396x360":["https:\/\/www.uartes.edu.ec\/sitio\/wp-content\/uploads\/2025\/06\/Proyecto-Cambiar-tamano-de-imagen-2025-06-12T121812.775-396x360.jpeg",396,360,true],"gb-block-post-grid-landscape":["https:\/\/www.uartes.edu.ec\/sitio\/wp-content\/uploads\/2025\/06\/Proyecto-Cambiar-tamano-de-imagen-2025-06-12T121812.775-600x400.jpeg",600,400,true],"gb-block-post-grid-square":["https:\/\/www.uartes.edu.ec\/sitio\/wp-content\/uploads\/2025\/06\/Proyecto-Cambiar-tamano-de-imagen-2025-06-12T121812.775-600x600.jpeg",600,600,true],"university-hub-thumb":["https:\/\/www.uartes.edu.ec\/sitio\/wp-content\/uploads\/2025\/06\/Proyecto-Cambiar-tamano-de-imagen-2025-06-12T121812.775-400x267.jpeg",400,267,true],"mailpoet_newsletter_max":["https:\/\/www.uartes.edu.ec\/sitio\/wp-content\/uploads\/2025\/06\/Proyecto-Cambiar-tamano-de-imagen-2025-06-12T121812.775.jpeg",1320,880,false]},"uagb_author_info":{"display_name":"ccortez","author_link":"https:\/\/www.uartes.edu.ec\/sitio\/fr\/blog\/author\/ccortez\/"},"uagb_comment_info":0,"uagb_excerpt":"En la reciente sesi\u00f3n del martes 10 de junio del club de lectura \u201cRatones de biblioteca\u201d, la poeta y pianista Sonia Manzano fue la primera autora invitada de la cita. Su visita fue una celebraci\u00f3n \u00edntima y poderosa, se\u00f1ala Eleinn Rivera, una de las integrantes del club, quien comparte el di\u00e1logo que j\u00f3venes estudiantes, docentes,\u2026","featured_image_src":"https:\/\/www.uartes.edu.ec\/sitio\/wp-content\/uploads\/2025\/06\/Proyecto-Cambiar-tamano-de-imagen-2025-06-12T121812.775-600x400.jpeg","featured_image_src_square":"https:\/\/www.uartes.edu.ec\/sitio\/wp-content\/uploads\/2025\/06\/Proyecto-Cambiar-tamano-de-imagen-2025-06-12T121812.775-600x600.jpeg","author_info":{"display_name":"ccortez","author_link":"https:\/\/www.uartes.edu.ec\/sitio\/fr\/blog\/author\/ccortez\/"},"publishpress_future_workflow_manual_trigger":{"enabledWorkflows":[]},"distributor_meta":false,"distributor_terms":false,"distributor_media":false,"distributor_original_site_name":"Universidad de las Artes","distributor_original_site_url":"https:\/\/www.uartes.edu.ec\/sitio\/fr","push-errors":false,"_links":{"self":[{"href":"https:\/\/www.uartes.edu.ec\/sitio\/fr\/wp-json\/wp\/v2\/posts\/73476","targetHints":{"allow":["GET"]}}],"collection":[{"href":"https:\/\/www.uartes.edu.ec\/sitio\/fr\/wp-json\/wp\/v2\/posts"}],"about":[{"href":"https:\/\/www.uartes.edu.ec\/sitio\/fr\/wp-json\/wp\/v2\/types\/post"}],"author":[{"embeddable":true,"href":"https:\/\/www.uartes.edu.ec\/sitio\/fr\/wp-json\/wp\/v2\/users\/10"}],"replies":[{"embeddable":true,"href":"https:\/\/www.uartes.edu.ec\/sitio\/fr\/wp-json\/wp\/v2\/comments?post=73476"}],"version-history":[{"count":5,"href":"https:\/\/www.uartes.edu.ec\/sitio\/fr\/wp-json\/wp\/v2\/posts\/73476\/revisions"}],"predecessor-version":[{"id":73674,"href":"https:\/\/www.uartes.edu.ec\/sitio\/fr\/wp-json\/wp\/v2\/posts\/73476\/revisions\/73674"}],"wp:featuredmedia":[{"embeddable":true,"href":"https:\/\/www.uartes.edu.ec\/sitio\/fr\/wp-json\/wp\/v2\/media\/73477"}],"wp:attachment":[{"href":"https:\/\/www.uartes.edu.ec\/sitio\/fr\/wp-json\/wp\/v2\/media?parent=73476"}],"wp:term":[{"taxonomy":"category","embeddable":true,"href":"https:\/\/www.uartes.edu.ec\/sitio\/fr\/wp-json\/wp\/v2\/categories?post=73476"},{"taxonomy":"post_tag","embeddable":true,"href":"https:\/\/www.uartes.edu.ec\/sitio\/fr\/wp-json\/wp\/v2\/tags?post=73476"},{"taxonomy":"infouartes","embeddable":true,"href":"https:\/\/www.uartes.edu.ec\/sitio\/fr\/wp-json\/wp\/v2\/infouartes?post=73476"}],"curies":[{"name":"wp","href":"https:\/\/api.w.org\/{rel}","templated":true}]}}