{"id":73755,"date":"2025-06-17T16:26:23","date_gmt":"2025-06-17T21:26:23","guid":{"rendered":"https:\/\/www.uartes.edu.ec\/sitio\/?p=73755"},"modified":"2025-06-18T18:21:32","modified_gmt":"2025-06-18T23:21:32","slug":"greg-lynch-se-graduo-en-produccion-musical-en-la-uartes-y-ya-presenta-su-album-debut-echo-grabado-en-ingles","status":"publish","type":"post","link":"https:\/\/www.uartes.edu.ec\/sitio\/fr\/blog\/2025\/06\/17\/greg-lynch-se-graduo-en-produccion-musical-en-la-uartes-y-ya-presenta-su-album-debut-echo-grabado-en-ingles\/","title":{"rendered":"Greg Lynch se gradu\u00f3 en Producci\u00f3n Musical en la UArtes y ya presenta su \u00e1lbum debut \u201cEcho\u201d, grabado en ingl\u00e9s"},"content":{"rendered":"<p>A su disco Gregory Lynch \u2013art\u00edsticamente solo Greg Lynch\u2013 lo titul\u00f3 \u201cEco\u201d, pero en ingl\u00e9s: \u201cEcho\u201d. Razones tuvo muchas. La principal es que habla varios idiomas y aunque el espa\u00f1ol es el oficial de Ecuador, se siente m\u00e1s c\u00f3modo hablando en ingl\u00e9s, lo cual hace desde su infancia; tambi\u00e9n habla franc\u00e9s y portugu\u00e9s.<\/p>\n\n\n\n<p>\u201cEcho\u201d es su \u00e1lbum debut. El disco con el que m\u00e1s se ha soltado, con el que se muestra y conecta, y con el cual inicia otra etapa como cantante, pues viene incursionando en la m\u00fasica desde ni\u00f1o, cuando integr\u00f3 coros y particip\u00f3 en varias presentaciones, como el teatro musical.<\/p>\n\n\n\n<p>Greg es alumnus de la Universidad de las Artes. Curs\u00f3 la carrera de Producci\u00f3n Musical en la Escuela de Artes Sonoras (EAS) y entre las actividades universitarias que cumpli\u00f3 est\u00e1 \u201cEl Break!\u201d, el espacio que se transmite por YouTube y del cual es su conductor-fundador y productor ejecutivo. Agrega que cuando decidi\u00f3 sacar \u201cEcho\u201d, lo hizo justamente pensando en que ya era el momento da dar a conocer su nueva etapa como cantante.<\/p>\n\n\n\n<p>Este nuevo inicio es parte del viaje de introspecci\u00f3n que realiz\u00f3 el a\u00f1o pasado. Se conect\u00f3 much\u00edsimo con el dolor, arrepentimiento y autocuidado; la compasi\u00f3n, paz y tranquilidad. Ver dentro de s\u00ed para poder estar bien consigo mismo, con el ser que cada uno tiene para poder mostrarse despu\u00e9s al mundo. Es el proceso que fue plasmando en el disco y cada una de sus canciones, incluso en el orden en el que est\u00e1n integradas.<\/p>\n\n\n<div class=\"wp-block-image\">\n<figure class=\"aligncenter size-large\"><img fetchpriority=\"high\" decoding=\"async\" width=\"644\" height=\"429\" src=\"https:\/\/www.uartes.edu.ec\/sitio\/wp-content\/uploads\/2025\/06\/05-Gregory-Lynch-EAS-644x429.jpg\" alt=\"\" class=\"wp-image-73757\" srcset=\"https:\/\/www.uartes.edu.ec\/sitio\/wp-content\/uploads\/2025\/06\/05-Gregory-Lynch-EAS-644x429.jpg 644w, https:\/\/www.uartes.edu.ec\/sitio\/wp-content\/uploads\/2025\/06\/05-Gregory-Lynch-EAS-300x200.jpg 300w, https:\/\/www.uartes.edu.ec\/sitio\/wp-content\/uploads\/2025\/06\/05-Gregory-Lynch-EAS-768x512.jpg 768w, https:\/\/www.uartes.edu.ec\/sitio\/wp-content\/uploads\/2025\/06\/05-Gregory-Lynch-EAS-1536x1024.jpg 1536w, https:\/\/www.uartes.edu.ec\/sitio\/wp-content\/uploads\/2025\/06\/05-Gregory-Lynch-EAS-18x12.jpg 18w, https:\/\/www.uartes.edu.ec\/sitio\/wp-content\/uploads\/2025\/06\/05-Gregory-Lynch-EAS-600x400.jpg 600w, https:\/\/www.uartes.edu.ec\/sitio\/wp-content\/uploads\/2025\/06\/05-Gregory-Lynch-EAS-400x267.jpg 400w, https:\/\/www.uartes.edu.ec\/sitio\/wp-content\/uploads\/2025\/06\/05-Gregory-Lynch-EAS.jpg 2000w\" sizes=\"(max-width: 644px) 100vw, 644px\" \/><\/figure>\n<\/div>\n\n\n<p>Con \u201cEcho\u201d, Greg Lynch debuta como artista, cantante y profesional. Haber estudiado Producci\u00f3n Musical lo ayud\u00f3, sobre todo a mejorar art\u00edsticamente, pues vio materias un poco m\u00e1s complejas y con contenidos m\u00e1s dedicados hacia la industria, los cuales ya ha puesto en pr\u00e1ctica. Durante su tesis de grado hizo la preescucha de su material y constat\u00f3 la acogida previa que tendr\u00eda su material, ya que a mucha gente le gust\u00f3.<\/p>\n\n\n\n<p>A\u00f1ade que lo importante de \u201cEcho\u201d es que no se trata solo de un disco, sino que es su carta de presentaci\u00f3n. De all\u00ed que quiso que fuera diferente, a fin de mostrarse tal cual es. Ser arrebatado lo caracteriza, pero trata de ser siempre elegante y sofisticado. El \u00e1lbum tiene mucha juventud y es, a su vez, sofisticado, elegante y recatado.<\/p>\n\n\n\n<p>Del disco, adem\u00e1s de ser su int\u00e9rprete, es su compositor y productor. Como tal, anota, estuvo en todas sus etapas. \u201cCompuse, luego cre\u00e9 las maquetas y empec\u00e9 a grabar. A partir del proceso de grabaci\u00f3n tuve ya un equipo de trabajo, conformado por unas doce personas, quienes me acompa\u00f1aron en el proceso; dependiendo de la canci\u00f3n, eran las complejidades t\u00e9cnicas y necesitaba traer m\u00e1s gente para que ayude a grabar y producir\u201d.<\/p>\n\n\n<div class=\"wp-block-image\">\n<figure class=\"aligncenter size-large\"><img decoding=\"async\" width=\"644\" height=\"429\" src=\"https:\/\/www.uartes.edu.ec\/sitio\/wp-content\/uploads\/2025\/06\/03-Gregory-Lynch-EAS-644x429.jpg\" alt=\"\" class=\"wp-image-73758\" srcset=\"https:\/\/www.uartes.edu.ec\/sitio\/wp-content\/uploads\/2025\/06\/03-Gregory-Lynch-EAS-644x429.jpg 644w, https:\/\/www.uartes.edu.ec\/sitio\/wp-content\/uploads\/2025\/06\/03-Gregory-Lynch-EAS-300x200.jpg 300w, https:\/\/www.uartes.edu.ec\/sitio\/wp-content\/uploads\/2025\/06\/03-Gregory-Lynch-EAS-768x512.jpg 768w, https:\/\/www.uartes.edu.ec\/sitio\/wp-content\/uploads\/2025\/06\/03-Gregory-Lynch-EAS-1536x1024.jpg 1536w, https:\/\/www.uartes.edu.ec\/sitio\/wp-content\/uploads\/2025\/06\/03-Gregory-Lynch-EAS-18x12.jpg 18w, https:\/\/www.uartes.edu.ec\/sitio\/wp-content\/uploads\/2025\/06\/03-Gregory-Lynch-EAS-600x400.jpg 600w, https:\/\/www.uartes.edu.ec\/sitio\/wp-content\/uploads\/2025\/06\/03-Gregory-Lynch-EAS-400x267.jpg 400w, https:\/\/www.uartes.edu.ec\/sitio\/wp-content\/uploads\/2025\/06\/03-Gregory-Lynch-EAS.jpg 2000w\" sizes=\"(max-width: 644px) 100vw, 644px\" \/><\/figure>\n<\/div>\n\n\n<p>Greg Lynch se encarg\u00f3 tambi\u00e9n de la posproducci\u00f3n, mezcla y masterizaci\u00f3n, lo cual constituy\u00f3 un reto, pues nunca hab\u00eda masterizado. \u201cMe repet\u00eda que necesitaba hacerlo bien. Tuve la opci\u00f3n de mandarlo a masterizar afuera, pero nadie iba a entender lo que estaba en mi cabeza. Solo yo sab\u00eda c\u00f3mo quer\u00eda que sonaran los temas\u201d.<\/p>\n\n\n\n<p>En suma, el proceso de grabaci\u00f3n del material le tom\u00f3 cerca de dos meses y el resultado es para su cantautor y productor un logro que alcanz\u00f3 siendo exigente y separando cada intervenci\u00f3n: al humano, artista, compositor, cantante, productor. No se permiti\u00f3 fallar y siempre se dijo que no sacar\u00eda las canciones sino sonaban como estaban en su cabeza.<\/p>\n\n\n\n<p>\u00bfY c\u00f3mo suena Echo y los temas que lo integran? El artista responde que en su \u00e1lbum debut hay muchos g\u00e9neros, pero su esencia es el soul pop. Son seis temas con un poco del sonido motown de antes, en el que se incorporan varias voces (backing vocals) acompa\u00f1\u00e1ndolo.<\/p>\n\n\n\n<p>Explica que se inspir\u00f3 en dos artistas de su predilecci\u00f3n: Adele, cantautora y multinstrumentista brit\u00e1nica, y Meghan Trainor, cantante, compositora, actriz y productora musical estadounidense. \u201cMe gusta much\u00edsimo por su esencia del pop comercial, vital actualmente en la industria. (Trainor) domina c\u00f3mo vender y manejar el producto, sin perder el doo-wop, g\u00e9nero musical vocal que surgi\u00f3 en las comunidades afroamericanas a mediados del siglo XX, como The Chordettes o The Supremes\u201d.<\/p>\n\n\n<div class=\"wp-block-image\">\n<figure class=\"aligncenter size-large\"><img decoding=\"async\" width=\"644\" height=\"429\" src=\"https:\/\/www.uartes.edu.ec\/sitio\/wp-content\/uploads\/2025\/06\/02-Gregory-Lynch-EAS-644x429.jpg\" alt=\"\" class=\"wp-image-73759\" srcset=\"https:\/\/www.uartes.edu.ec\/sitio\/wp-content\/uploads\/2025\/06\/02-Gregory-Lynch-EAS-644x429.jpg 644w, https:\/\/www.uartes.edu.ec\/sitio\/wp-content\/uploads\/2025\/06\/02-Gregory-Lynch-EAS-300x200.jpg 300w, https:\/\/www.uartes.edu.ec\/sitio\/wp-content\/uploads\/2025\/06\/02-Gregory-Lynch-EAS-768x512.jpg 768w, https:\/\/www.uartes.edu.ec\/sitio\/wp-content\/uploads\/2025\/06\/02-Gregory-Lynch-EAS-1536x1024.jpg 1536w, https:\/\/www.uartes.edu.ec\/sitio\/wp-content\/uploads\/2025\/06\/02-Gregory-Lynch-EAS-18x12.jpg 18w, https:\/\/www.uartes.edu.ec\/sitio\/wp-content\/uploads\/2025\/06\/02-Gregory-Lynch-EAS-600x400.jpg 600w, https:\/\/www.uartes.edu.ec\/sitio\/wp-content\/uploads\/2025\/06\/02-Gregory-Lynch-EAS-400x267.jpg 400w, https:\/\/www.uartes.edu.ec\/sitio\/wp-content\/uploads\/2025\/06\/02-Gregory-Lynch-EAS.jpg 2000w\" sizes=\"(max-width: 644px) 100vw, 644px\" \/><\/figure>\n<\/div>\n\n\n<p>En su producci\u00f3n, Greg Lynch hizo suyo el doo-wop para imprimirle algo retro sin dejar de sonar muy moderno. Adem\u00e1s, por ser violinista quer\u00eda este instrumento muy cl\u00e1sico con lo moderno. De Adele le inspir\u00f3 su forma de escribir (sus canciones) y la peculiaridad de que su voz es la que sobresale. \u201cHay muchas cosas m\u00e1s sonando, pero su voz est\u00e1 presente. Es lo que quise hacer con \u2018Echo\u2019, que mi voz sea lo principal, que muchas cosas est\u00e9n pasando y acompa\u00f1ando, pero el principal soy yo\u201d.<\/p>\n\n\n\n<p>Al igual que Adele, \u201cEcho\u201d tambi\u00e9n tiene peculiaridades. Y es que en su \u00e1lbum debut Greg Lynch busc\u00f3 sanar, mostrarse y filtrarse a s\u00ed mismo. \u201cDe all\u00ed las mezclas raras entre lo pop y los usos orquestales, pero su est\u00e9tica es el soul pop con elementos del sinfonismo por el viol\u00edn y un cuarteto de cuerdas en canciones como \u2018Shine\u2019, dej\u00e1ndose escuchar de fondo\u201d.<\/p>\n\n\n\n<p>Junto con la que le da el nombre, las canciones que componen \u201cEcho\u201d son: \u201cMeant to be\u201d, \u201cConfessions of the Soul\u201d, \u201cShine\u201d, \u201cCome Get It\u201d y \u201cFlames of Desire\u201d, interpretadas todas en ingl\u00e9s. Est\u00e1n disponibles en todas las plataformas digitales, como Spotify, Apple Music, iTunes Store, Amazon Music, Deezer y Tidal, y tambi\u00e9n en las redes sociales de Instagram, Facebook, WhatsApp y TikTok. \u201cEst\u00e1 por todos lados\u201d, anota entre risas Greg Lynch, destacando que el objetivo es darlo a conocer dentro y fuera del pa\u00eds, lo cual est\u00e1 logrando pues ha recibido comentarios de su producci\u00f3n desde Australia.<\/p>\n\n\n<div class=\"wp-block-image\">\n<figure class=\"aligncenter size-large\"><img loading=\"lazy\" decoding=\"async\" width=\"644\" height=\"429\" src=\"https:\/\/www.uartes.edu.ec\/sitio\/wp-content\/uploads\/2025\/06\/01-Gregory-Lynch-EAS-644x429.jpg\" alt=\"\" class=\"wp-image-73760\" srcset=\"https:\/\/www.uartes.edu.ec\/sitio\/wp-content\/uploads\/2025\/06\/01-Gregory-Lynch-EAS-644x429.jpg 644w, https:\/\/www.uartes.edu.ec\/sitio\/wp-content\/uploads\/2025\/06\/01-Gregory-Lynch-EAS-300x200.jpg 300w, https:\/\/www.uartes.edu.ec\/sitio\/wp-content\/uploads\/2025\/06\/01-Gregory-Lynch-EAS-768x512.jpg 768w, https:\/\/www.uartes.edu.ec\/sitio\/wp-content\/uploads\/2025\/06\/01-Gregory-Lynch-EAS-1536x1024.jpg 1536w, https:\/\/www.uartes.edu.ec\/sitio\/wp-content\/uploads\/2025\/06\/01-Gregory-Lynch-EAS-18x12.jpg 18w, https:\/\/www.uartes.edu.ec\/sitio\/wp-content\/uploads\/2025\/06\/01-Gregory-Lynch-EAS-600x400.jpg 600w, https:\/\/www.uartes.edu.ec\/sitio\/wp-content\/uploads\/2025\/06\/01-Gregory-Lynch-EAS-400x267.jpg 400w, https:\/\/www.uartes.edu.ec\/sitio\/wp-content\/uploads\/2025\/06\/01-Gregory-Lynch-EAS.jpg 2000w\" sizes=\"(max-width: 644px) 100vw, 644px\" \/><\/figure>\n<\/div>\n\n\n<p>\u201cPor eso lo grab\u00e9 en ingl\u00e9s, para los mercados internacionales. En semana y media de haber salido le est\u00e1 yendo bien aqu\u00ed en Ecuador y lo est\u00e1n empezando a escuchar en otros pa\u00edses\u201d, anota. De los temas que compuso, \u201cMeant to be\u201d fue el primero. Iba a ser su \u00faltimo trabajo como estudiante en la UArtes y de all\u00ed se dedicar\u00eda a la tesis. Por los tiempos lo compuso r\u00e1pido y los otros temas fueron fluyendo. Entre ese primer momento, la grabaci\u00f3n del \u00e1lbum y su masterizaci\u00f3n transcurrieron entre 8 y 9 meses, de all\u00ed que en tono jocoso su cantautor y productor indica que el material es su hijo.<\/p>\n\n\n\n<p>Para el proceso hizo suyas algunas t\u00e9cnicas, como la escucha profunda que le permiti\u00f3 inspirarse y obtener hasta el dise\u00f1o del sonido. En el camino record\u00f3 la frase de Pauline Oliveros: \u201cCamina tan lento que puedes escuchar con los pies\u201d y la adopt\u00f3 para hacer lo contrario: quedarse quieto. As\u00ed, en el silencio de la noche lo \u00fanico que empez\u00f3 a sonar eran sus pensamientos y todas las versiones de \u00e9l hablando al mismo tiempo y originando ideas con diferentes intenciones y motivaciones.<\/p>\n\n\n\n<p>Foto: cortes\u00eda de Greg Lynch, graduado de la Escuela de Artes Sonoras de la UArtes.<\/p>","protected":false},"excerpt":{"rendered":"<p>En el canto se inici\u00f3 a corta edad integrando coros y luego curs\u00f3 estudios en la UArtes para profesionalizarse y seguir impulsando talentos innatos. Y es que Gregory Lynch \u2013art\u00edsticamente solo Greg Lynch\u2013 tambi\u00e9n es presentador, actor, m\u00fasico y entrevistador. \u00abEcho\u00bb es su \u00e1lbum debut del cual es su int\u00e9rprete, compositor y productor; lo grab\u00f3 en ingl\u00e9s en g\u00e9nero soul pop y est\u00e1 ya en todas las plataformas musicales. <\/p>","protected":false},"author":10,"featured_media":73756,"comment_status":"open","ping_status":"open","sticky":false,"template":"","format":"standard","meta":{"_acf_changed":false,"_uag_custom_page_level_css":"","_monsterinsights_skip_tracking":false,"_monsterinsights_sitenote_active":false,"_monsterinsights_sitenote_note":"","_monsterinsights_sitenote_category":0,"cybocfi_hide_featured_image":"","footnotes":""},"categories":[490,82,150,75,76,77],"tags":[518],"infouartes":[],"class_list":["post-73755","post","type-post","status-publish","format-standard","has-post-thumbnail","hentry","category-alumni","category-artes","category-artes-sonoras","category-docentes","category-estudiantes","category-gestion","tag-produccion"],"acf":[],"yoast_head":"<!-- This site is optimized with the Yoast SEO plugin v27.4 - https:\/\/yoast.com\/product\/yoast-seo-wordpress\/ -->\n<title>Universidad de las Artes - Greg Lynch se gradu\u00f3 en Producci\u00f3n Musical en la UArtes y ya presenta su \u00e1lbum debut \u201cEcho\u201d, grabado en ingl\u00e9s<\/title>\n<meta name=\"description\" content=\"Universidad de las Artes - Greg Lynch se gradu\u00f3 en Producci\u00f3n Musical en la UArtes y ya presenta su \u00e1lbum debut \u201cEcho\u201d, grabado en ingl\u00e9s\" \/>\n<meta name=\"robots\" content=\"index, follow, max-snippet:-1, max-image-preview:large, max-video-preview:-1\" \/>\n<link rel=\"canonical\" href=\"https:\/\/www.uartes.edu.ec\/sitio\/fr\/blog\/2025\/06\/17\/greg-lynch-se-graduo-en-produccion-musical-en-la-uartes-y-ya-presenta-su-album-debut-echo-grabado-en-ingles\/\" \/>\n<meta property=\"og:locale\" content=\"fr_FR\" \/>\n<meta property=\"og:type\" content=\"article\" \/>\n<meta property=\"og:title\" content=\"Universidad de las Artes - Greg Lynch se gradu\u00f3 en Producci\u00f3n Musical en la UArtes y ya presenta su \u00e1lbum debut \u201cEcho\u201d, grabado en ingl\u00e9s\" \/>\n<meta property=\"og:description\" content=\"Universidad de las Artes - Greg Lynch se gradu\u00f3 en Producci\u00f3n Musical en la UArtes y ya presenta su \u00e1lbum debut \u201cEcho\u201d, grabado en ingl\u00e9s\" \/>\n<meta property=\"og:url\" content=\"https:\/\/www.uartes.edu.ec\/sitio\/fr\/blog\/2025\/06\/17\/greg-lynch-se-graduo-en-produccion-musical-en-la-uartes-y-ya-presenta-su-album-debut-echo-grabado-en-ingles\/\" \/>\n<meta property=\"og:site_name\" content=\"Universidad de las Artes\" \/>\n<meta property=\"article:publisher\" content=\"https:\/\/www.facebook.com\/uartesec\" \/>\n<meta property=\"article:published_time\" content=\"2025-06-17T21:26:23+00:00\" \/>\n<meta property=\"article:modified_time\" content=\"2025-06-18T23:21:32+00:00\" \/>\n<meta property=\"og:image\" content=\"https:\/\/www.uartes.edu.ec\/sitio\/wp-content\/uploads\/2025\/06\/04-Gregory-Lynch-EAS.jpg\" \/>\n\t<meta property=\"og:image:width\" content=\"2000\" \/>\n\t<meta property=\"og:image:height\" content=\"1333\" \/>\n\t<meta property=\"og:image:type\" content=\"image\/jpeg\" \/>\n<meta name=\"author\" content=\"ccortez\" \/>\n<meta name=\"twitter:card\" content=\"summary_large_image\" \/>\n<meta name=\"twitter:creator\" content=\"@uartesec\" \/>\n<meta name=\"twitter:site\" content=\"@uartesec\" \/>\n<meta name=\"twitter:label1\" content=\"\u00c9crit par\" \/>\n\t<meta name=\"twitter:data1\" content=\"ccortez\" \/>\n\t<meta name=\"twitter:label2\" content=\"Dur\u00e9e de lecture estim\u00e9e\" \/>\n\t<meta name=\"twitter:data2\" content=\"6 minutes\" \/>\n<script type=\"application\/ld+json\" class=\"yoast-schema-graph\">{\"@context\":\"https:\\\/\\\/schema.org\",\"@graph\":[{\"@type\":\"Article\",\"@id\":\"https:\\\/\\\/www.uartes.edu.ec\\\/sitio\\\/fr\\\/blog\\\/2025\\\/06\\\/17\\\/greg-lynch-se-graduo-en-produccion-musical-en-la-uartes-y-ya-presenta-su-album-debut-echo-grabado-en-ingles\\\/#article\",\"isPartOf\":{\"@id\":\"https:\\\/\\\/www.uartes.edu.ec\\\/sitio\\\/fr\\\/blog\\\/2025\\\/06\\\/17\\\/greg-lynch-se-graduo-en-produccion-musical-en-la-uartes-y-ya-presenta-su-album-debut-echo-grabado-en-ingles\\\/\"},\"author\":{\"name\":\"ccortez\",\"@id\":\"https:\\\/\\\/www.uartes.edu.ec\\\/sitio\\\/fr\\\/#\\\/schema\\\/person\\\/efa1b8275797664fd7f13a79ccc0b1f4\"},\"headline\":\"Greg Lynch se gradu\u00f3 en Producci\u00f3n Musical en la UArtes y ya presenta su \u00e1lbum debut \u201cEcho\u201d, grabado en ingl\u00e9s\",\"datePublished\":\"2025-06-17T21:26:23+00:00\",\"dateModified\":\"2025-06-18T23:21:32+00:00\",\"mainEntityOfPage\":{\"@id\":\"https:\\\/\\\/www.uartes.edu.ec\\\/sitio\\\/fr\\\/blog\\\/2025\\\/06\\\/17\\\/greg-lynch-se-graduo-en-produccion-musical-en-la-uartes-y-ya-presenta-su-album-debut-echo-grabado-en-ingles\\\/\"},\"wordCount\":1245,\"commentCount\":0,\"publisher\":{\"@id\":\"https:\\\/\\\/www.uartes.edu.ec\\\/sitio\\\/fr\\\/#organization\"},\"image\":{\"@id\":\"https:\\\/\\\/www.uartes.edu.ec\\\/sitio\\\/fr\\\/blog\\\/2025\\\/06\\\/17\\\/greg-lynch-se-graduo-en-produccion-musical-en-la-uartes-y-ya-presenta-su-album-debut-echo-grabado-en-ingles\\\/#primaryimage\"},\"thumbnailUrl\":\"https:\\\/\\\/www.uartes.edu.ec\\\/sitio\\\/wp-content\\\/uploads\\\/2025\\\/06\\\/04-Gregory-Lynch-EAS.jpg\",\"keywords\":[\"producci\u00f3n\"],\"articleSection\":[\"Alumni\",\"Artes\",\"Artes Sonoras\",\"Docentes\",\"Estudiantes\",\"Gesti\u00f3n\"],\"inLanguage\":\"fr-FR\",\"potentialAction\":[{\"@type\":\"CommentAction\",\"name\":\"Comment\",\"target\":[\"https:\\\/\\\/www.uartes.edu.ec\\\/sitio\\\/fr\\\/blog\\\/2025\\\/06\\\/17\\\/greg-lynch-se-graduo-en-produccion-musical-en-la-uartes-y-ya-presenta-su-album-debut-echo-grabado-en-ingles\\\/#respond\"]}]},{\"@type\":[\"WebPage\",\"ItemPage\"],\"@id\":\"https:\\\/\\\/www.uartes.edu.ec\\\/sitio\\\/fr\\\/blog\\\/2025\\\/06\\\/17\\\/greg-lynch-se-graduo-en-produccion-musical-en-la-uartes-y-ya-presenta-su-album-debut-echo-grabado-en-ingles\\\/\",\"url\":\"https:\\\/\\\/www.uartes.edu.ec\\\/sitio\\\/fr\\\/blog\\\/2025\\\/06\\\/17\\\/greg-lynch-se-graduo-en-produccion-musical-en-la-uartes-y-ya-presenta-su-album-debut-echo-grabado-en-ingles\\\/\",\"name\":\"Universidad de las Artes - Greg Lynch se gradu\u00f3 en Producci\u00f3n Musical en la UArtes y ya presenta su \u00e1lbum debut \u201cEcho\u201d, grabado en ingl\u00e9s\",\"isPartOf\":{\"@id\":\"https:\\\/\\\/www.uartes.edu.ec\\\/sitio\\\/fr\\\/#website\"},\"primaryImageOfPage\":{\"@id\":\"https:\\\/\\\/www.uartes.edu.ec\\\/sitio\\\/fr\\\/blog\\\/2025\\\/06\\\/17\\\/greg-lynch-se-graduo-en-produccion-musical-en-la-uartes-y-ya-presenta-su-album-debut-echo-grabado-en-ingles\\\/#primaryimage\"},\"image\":{\"@id\":\"https:\\\/\\\/www.uartes.edu.ec\\\/sitio\\\/fr\\\/blog\\\/2025\\\/06\\\/17\\\/greg-lynch-se-graduo-en-produccion-musical-en-la-uartes-y-ya-presenta-su-album-debut-echo-grabado-en-ingles\\\/#primaryimage\"},\"thumbnailUrl\":\"https:\\\/\\\/www.uartes.edu.ec\\\/sitio\\\/wp-content\\\/uploads\\\/2025\\\/06\\\/04-Gregory-Lynch-EAS.jpg\",\"datePublished\":\"2025-06-17T21:26:23+00:00\",\"dateModified\":\"2025-06-18T23:21:32+00:00\",\"description\":\"Universidad de las Artes - Greg Lynch se gradu\u00f3 en Producci\u00f3n Musical en la UArtes y ya presenta su \u00e1lbum debut \u201cEcho\u201d, grabado en ingl\u00e9s\",\"breadcrumb\":{\"@id\":\"https:\\\/\\\/www.uartes.edu.ec\\\/sitio\\\/fr\\\/blog\\\/2025\\\/06\\\/17\\\/greg-lynch-se-graduo-en-produccion-musical-en-la-uartes-y-ya-presenta-su-album-debut-echo-grabado-en-ingles\\\/#breadcrumb\"},\"inLanguage\":\"fr-FR\",\"potentialAction\":[{\"@type\":\"ReadAction\",\"target\":[\"https:\\\/\\\/www.uartes.edu.ec\\\/sitio\\\/fr\\\/blog\\\/2025\\\/06\\\/17\\\/greg-lynch-se-graduo-en-produccion-musical-en-la-uartes-y-ya-presenta-su-album-debut-echo-grabado-en-ingles\\\/\"]}]},{\"@type\":\"ImageObject\",\"inLanguage\":\"fr-FR\",\"@id\":\"https:\\\/\\\/www.uartes.edu.ec\\\/sitio\\\/fr\\\/blog\\\/2025\\\/06\\\/17\\\/greg-lynch-se-graduo-en-produccion-musical-en-la-uartes-y-ya-presenta-su-album-debut-echo-grabado-en-ingles\\\/#primaryimage\",\"url\":\"https:\\\/\\\/www.uartes.edu.ec\\\/sitio\\\/wp-content\\\/uploads\\\/2025\\\/06\\\/04-Gregory-Lynch-EAS.jpg\",\"contentUrl\":\"https:\\\/\\\/www.uartes.edu.ec\\\/sitio\\\/wp-content\\\/uploads\\\/2025\\\/06\\\/04-Gregory-Lynch-EAS.jpg\",\"width\":2000,\"height\":1333},{\"@type\":\"BreadcrumbList\",\"@id\":\"https:\\\/\\\/www.uartes.edu.ec\\\/sitio\\\/fr\\\/blog\\\/2025\\\/06\\\/17\\\/greg-lynch-se-graduo-en-produccion-musical-en-la-uartes-y-ya-presenta-su-album-debut-echo-grabado-en-ingles\\\/#breadcrumb\",\"itemListElement\":[{\"@type\":\"ListItem\",\"position\":1,\"name\":\"Inicio\",\"item\":\"https:\\\/\\\/www.uartes.edu.ec\\\/sitio\\\/\"},{\"@type\":\"ListItem\",\"position\":2,\"name\":\"Greg Lynch se gradu\u00f3 en Producci\u00f3n Musical en la UArtes y ya presenta su \u00e1lbum debut \u201cEcho\u201d, grabado en ingl\u00e9s\"}]},{\"@type\":\"WebSite\",\"@id\":\"https:\\\/\\\/www.uartes.edu.ec\\\/sitio\\\/fr\\\/#website\",\"url\":\"https:\\\/\\\/www.uartes.edu.ec\\\/sitio\\\/fr\\\/\",\"name\":\"Universidad de las Artes\",\"description\":\"Sitio oficial de la Universidad Nacional de las Artes del Ecuador\",\"publisher\":{\"@id\":\"https:\\\/\\\/www.uartes.edu.ec\\\/sitio\\\/fr\\\/#organization\"},\"potentialAction\":[{\"@type\":\"SearchAction\",\"target\":{\"@type\":\"EntryPoint\",\"urlTemplate\":\"https:\\\/\\\/www.uartes.edu.ec\\\/sitio\\\/fr\\\/?s={search_term_string}\"},\"query-input\":{\"@type\":\"PropertyValueSpecification\",\"valueRequired\":true,\"valueName\":\"search_term_string\"}}],\"inLanguage\":\"fr-FR\"},{\"@type\":\"Organization\",\"@id\":\"https:\\\/\\\/www.uartes.edu.ec\\\/sitio\\\/fr\\\/#organization\",\"name\":\"Universidad de las Artes\",\"url\":\"https:\\\/\\\/www.uartes.edu.ec\\\/sitio\\\/fr\\\/\",\"logo\":{\"@type\":\"ImageObject\",\"inLanguage\":\"fr-FR\",\"@id\":\"https:\\\/\\\/www.uartes.edu.ec\\\/sitio\\\/fr\\\/#\\\/schema\\\/logo\\\/image\\\/\",\"url\":\"https:\\\/\\\/www.uartes.edu.ec\\\/sitio\\\/wp-content\\\/uploads\\\/2022\\\/07\\\/logo-ua-horizontal.png\",\"contentUrl\":\"https:\\\/\\\/www.uartes.edu.ec\\\/sitio\\\/wp-content\\\/uploads\\\/2022\\\/07\\\/logo-ua-horizontal.png\",\"width\":800,\"height\":276,\"caption\":\"Universidad de las Artes\"},\"image\":{\"@id\":\"https:\\\/\\\/www.uartes.edu.ec\\\/sitio\\\/fr\\\/#\\\/schema\\\/logo\\\/image\\\/\"},\"sameAs\":[\"https:\\\/\\\/www.facebook.com\\\/uartesec\",\"https:\\\/\\\/x.com\\\/uartesec\",\"https:\\\/\\\/www.tiktok.com\\\/@uartesec\"]},{\"@type\":\"Person\",\"@id\":\"https:\\\/\\\/www.uartes.edu.ec\\\/sitio\\\/fr\\\/#\\\/schema\\\/person\\\/efa1b8275797664fd7f13a79ccc0b1f4\",\"name\":\"ccortez\",\"image\":{\"@type\":\"ImageObject\",\"inLanguage\":\"fr-FR\",\"@id\":\"https:\\\/\\\/secure.gravatar.com\\\/avatar\\\/b2a6f664a3ae8e074346ef91775736c5ec479e637ecced6842de9dc98b5da9cd?s=96&d=mm&r=g\",\"url\":\"https:\\\/\\\/secure.gravatar.com\\\/avatar\\\/b2a6f664a3ae8e074346ef91775736c5ec479e637ecced6842de9dc98b5da9cd?s=96&d=mm&r=g\",\"contentUrl\":\"https:\\\/\\\/secure.gravatar.com\\\/avatar\\\/b2a6f664a3ae8e074346ef91775736c5ec479e637ecced6842de9dc98b5da9cd?s=96&d=mm&r=g\",\"caption\":\"ccortez\"},\"url\":\"https:\\\/\\\/www.uartes.edu.ec\\\/sitio\\\/fr\\\/blog\\\/author\\\/ccortez\\\/\"}]}<\/script>\n<!-- \/ Yoast SEO plugin. -->","yoast_head_json":{"title":"Universidad de las Artes - Greg Lynch se gradu\u00f3 en Producci\u00f3n Musical en la UArtes y ya presenta su \u00e1lbum debut \u201cEcho\u201d, grabado en ingl\u00e9s","description":"Universidad de las Artes - Greg Lynch se gradu\u00f3 en Producci\u00f3n Musical en la UArtes y ya presenta su \u00e1lbum debut \u201cEcho\u201d, grabado en ingl\u00e9s","robots":{"index":"index","follow":"follow","max-snippet":"max-snippet:-1","max-image-preview":"max-image-preview:large","max-video-preview":"max-video-preview:-1"},"canonical":"https:\/\/www.uartes.edu.ec\/sitio\/fr\/blog\/2025\/06\/17\/greg-lynch-se-graduo-en-produccion-musical-en-la-uartes-y-ya-presenta-su-album-debut-echo-grabado-en-ingles\/","og_locale":"fr_FR","og_type":"article","og_title":"Universidad de las Artes - Greg Lynch se gradu\u00f3 en Producci\u00f3n Musical en la UArtes y ya presenta su \u00e1lbum debut \u201cEcho\u201d, grabado en ingl\u00e9s","og_description":"Universidad de las Artes - Greg Lynch se gradu\u00f3 en Producci\u00f3n Musical en la UArtes y ya presenta su \u00e1lbum debut \u201cEcho\u201d, grabado en ingl\u00e9s","og_url":"https:\/\/www.uartes.edu.ec\/sitio\/fr\/blog\/2025\/06\/17\/greg-lynch-se-graduo-en-produccion-musical-en-la-uartes-y-ya-presenta-su-album-debut-echo-grabado-en-ingles\/","og_site_name":"Universidad de las Artes","article_publisher":"https:\/\/www.facebook.com\/uartesec","article_published_time":"2025-06-17T21:26:23+00:00","article_modified_time":"2025-06-18T23:21:32+00:00","og_image":[{"width":2000,"height":1333,"url":"https:\/\/www.uartes.edu.ec\/sitio\/wp-content\/uploads\/2025\/06\/04-Gregory-Lynch-EAS.jpg","type":"image\/jpeg"}],"author":"ccortez","twitter_card":"summary_large_image","twitter_creator":"@uartesec","twitter_site":"@uartesec","twitter_misc":{"\u00c9crit par":"ccortez","Dur\u00e9e de lecture estim\u00e9e":"6 minutes"},"schema":{"@context":"https:\/\/schema.org","@graph":[{"@type":"Article","@id":"https:\/\/www.uartes.edu.ec\/sitio\/fr\/blog\/2025\/06\/17\/greg-lynch-se-graduo-en-produccion-musical-en-la-uartes-y-ya-presenta-su-album-debut-echo-grabado-en-ingles\/#article","isPartOf":{"@id":"https:\/\/www.uartes.edu.ec\/sitio\/fr\/blog\/2025\/06\/17\/greg-lynch-se-graduo-en-produccion-musical-en-la-uartes-y-ya-presenta-su-album-debut-echo-grabado-en-ingles\/"},"author":{"name":"ccortez","@id":"https:\/\/www.uartes.edu.ec\/sitio\/fr\/#\/schema\/person\/efa1b8275797664fd7f13a79ccc0b1f4"},"headline":"Greg Lynch se gradu\u00f3 en Producci\u00f3n Musical en la UArtes y ya presenta su \u00e1lbum debut \u201cEcho\u201d, grabado en ingl\u00e9s","datePublished":"2025-06-17T21:26:23+00:00","dateModified":"2025-06-18T23:21:32+00:00","mainEntityOfPage":{"@id":"https:\/\/www.uartes.edu.ec\/sitio\/fr\/blog\/2025\/06\/17\/greg-lynch-se-graduo-en-produccion-musical-en-la-uartes-y-ya-presenta-su-album-debut-echo-grabado-en-ingles\/"},"wordCount":1245,"commentCount":0,"publisher":{"@id":"https:\/\/www.uartes.edu.ec\/sitio\/fr\/#organization"},"image":{"@id":"https:\/\/www.uartes.edu.ec\/sitio\/fr\/blog\/2025\/06\/17\/greg-lynch-se-graduo-en-produccion-musical-en-la-uartes-y-ya-presenta-su-album-debut-echo-grabado-en-ingles\/#primaryimage"},"thumbnailUrl":"https:\/\/www.uartes.edu.ec\/sitio\/wp-content\/uploads\/2025\/06\/04-Gregory-Lynch-EAS.jpg","keywords":["producci\u00f3n"],"articleSection":["Alumni","Artes","Artes Sonoras","Docentes","Estudiantes","Gesti\u00f3n"],"inLanguage":"fr-FR","potentialAction":[{"@type":"CommentAction","name":"Comment","target":["https:\/\/www.uartes.edu.ec\/sitio\/fr\/blog\/2025\/06\/17\/greg-lynch-se-graduo-en-produccion-musical-en-la-uartes-y-ya-presenta-su-album-debut-echo-grabado-en-ingles\/#respond"]}]},{"@type":["WebPage","ItemPage"],"@id":"https:\/\/www.uartes.edu.ec\/sitio\/fr\/blog\/2025\/06\/17\/greg-lynch-se-graduo-en-produccion-musical-en-la-uartes-y-ya-presenta-su-album-debut-echo-grabado-en-ingles\/","url":"https:\/\/www.uartes.edu.ec\/sitio\/fr\/blog\/2025\/06\/17\/greg-lynch-se-graduo-en-produccion-musical-en-la-uartes-y-ya-presenta-su-album-debut-echo-grabado-en-ingles\/","name":"Universidad de las Artes - Greg Lynch se gradu\u00f3 en Producci\u00f3n Musical en la UArtes y ya presenta su \u00e1lbum debut \u201cEcho\u201d, grabado en ingl\u00e9s","isPartOf":{"@id":"https:\/\/www.uartes.edu.ec\/sitio\/fr\/#website"},"primaryImageOfPage":{"@id":"https:\/\/www.uartes.edu.ec\/sitio\/fr\/blog\/2025\/06\/17\/greg-lynch-se-graduo-en-produccion-musical-en-la-uartes-y-ya-presenta-su-album-debut-echo-grabado-en-ingles\/#primaryimage"},"image":{"@id":"https:\/\/www.uartes.edu.ec\/sitio\/fr\/blog\/2025\/06\/17\/greg-lynch-se-graduo-en-produccion-musical-en-la-uartes-y-ya-presenta-su-album-debut-echo-grabado-en-ingles\/#primaryimage"},"thumbnailUrl":"https:\/\/www.uartes.edu.ec\/sitio\/wp-content\/uploads\/2025\/06\/04-Gregory-Lynch-EAS.jpg","datePublished":"2025-06-17T21:26:23+00:00","dateModified":"2025-06-18T23:21:32+00:00","description":"Universidad de las Artes - Greg Lynch se gradu\u00f3 en Producci\u00f3n Musical en la UArtes y ya presenta su \u00e1lbum debut \u201cEcho\u201d, grabado en ingl\u00e9s","breadcrumb":{"@id":"https:\/\/www.uartes.edu.ec\/sitio\/fr\/blog\/2025\/06\/17\/greg-lynch-se-graduo-en-produccion-musical-en-la-uartes-y-ya-presenta-su-album-debut-echo-grabado-en-ingles\/#breadcrumb"},"inLanguage":"fr-FR","potentialAction":[{"@type":"ReadAction","target":["https:\/\/www.uartes.edu.ec\/sitio\/fr\/blog\/2025\/06\/17\/greg-lynch-se-graduo-en-produccion-musical-en-la-uartes-y-ya-presenta-su-album-debut-echo-grabado-en-ingles\/"]}]},{"@type":"ImageObject","inLanguage":"fr-FR","@id":"https:\/\/www.uartes.edu.ec\/sitio\/fr\/blog\/2025\/06\/17\/greg-lynch-se-graduo-en-produccion-musical-en-la-uartes-y-ya-presenta-su-album-debut-echo-grabado-en-ingles\/#primaryimage","url":"https:\/\/www.uartes.edu.ec\/sitio\/wp-content\/uploads\/2025\/06\/04-Gregory-Lynch-EAS.jpg","contentUrl":"https:\/\/www.uartes.edu.ec\/sitio\/wp-content\/uploads\/2025\/06\/04-Gregory-Lynch-EAS.jpg","width":2000,"height":1333},{"@type":"BreadcrumbList","@id":"https:\/\/www.uartes.edu.ec\/sitio\/fr\/blog\/2025\/06\/17\/greg-lynch-se-graduo-en-produccion-musical-en-la-uartes-y-ya-presenta-su-album-debut-echo-grabado-en-ingles\/#breadcrumb","itemListElement":[{"@type":"ListItem","position":1,"name":"Inicio","item":"https:\/\/www.uartes.edu.ec\/sitio\/"},{"@type":"ListItem","position":2,"name":"Greg Lynch se gradu\u00f3 en Producci\u00f3n Musical en la UArtes y ya presenta su \u00e1lbum debut \u201cEcho\u201d, grabado en ingl\u00e9s"}]},{"@type":"WebSite","@id":"https:\/\/www.uartes.edu.ec\/sitio\/fr\/#website","url":"https:\/\/www.uartes.edu.ec\/sitio\/fr\/","name":"Universidad de las Artes","description":"Sitio oficial de la Universidad Nacional de las Artes del Ecuador","publisher":{"@id":"https:\/\/www.uartes.edu.ec\/sitio\/fr\/#organization"},"potentialAction":[{"@type":"SearchAction","target":{"@type":"EntryPoint","urlTemplate":"https:\/\/www.uartes.edu.ec\/sitio\/fr\/?s={search_term_string}"},"query-input":{"@type":"PropertyValueSpecification","valueRequired":true,"valueName":"search_term_string"}}],"inLanguage":"fr-FR"},{"@type":"Organization","@id":"https:\/\/www.uartes.edu.ec\/sitio\/fr\/#organization","name":"Universidad de las Artes","url":"https:\/\/www.uartes.edu.ec\/sitio\/fr\/","logo":{"@type":"ImageObject","inLanguage":"fr-FR","@id":"https:\/\/www.uartes.edu.ec\/sitio\/fr\/#\/schema\/logo\/image\/","url":"https:\/\/www.uartes.edu.ec\/sitio\/wp-content\/uploads\/2022\/07\/logo-ua-horizontal.png","contentUrl":"https:\/\/www.uartes.edu.ec\/sitio\/wp-content\/uploads\/2022\/07\/logo-ua-horizontal.png","width":800,"height":276,"caption":"Universidad de las Artes"},"image":{"@id":"https:\/\/www.uartes.edu.ec\/sitio\/fr\/#\/schema\/logo\/image\/"},"sameAs":["https:\/\/www.facebook.com\/uartesec","https:\/\/x.com\/uartesec","https:\/\/www.tiktok.com\/@uartesec"]},{"@type":"Person","@id":"https:\/\/www.uartes.edu.ec\/sitio\/fr\/#\/schema\/person\/efa1b8275797664fd7f13a79ccc0b1f4","name":"ccortez","image":{"@type":"ImageObject","inLanguage":"fr-FR","@id":"https:\/\/secure.gravatar.com\/avatar\/b2a6f664a3ae8e074346ef91775736c5ec479e637ecced6842de9dc98b5da9cd?s=96&d=mm&r=g","url":"https:\/\/secure.gravatar.com\/avatar\/b2a6f664a3ae8e074346ef91775736c5ec479e637ecced6842de9dc98b5da9cd?s=96&d=mm&r=g","contentUrl":"https:\/\/secure.gravatar.com\/avatar\/b2a6f664a3ae8e074346ef91775736c5ec479e637ecced6842de9dc98b5da9cd?s=96&d=mm&r=g","caption":"ccortez"},"url":"https:\/\/www.uartes.edu.ec\/sitio\/fr\/blog\/author\/ccortez\/"}]}},"uagb_featured_image_src":{"full":["https:\/\/www.uartes.edu.ec\/sitio\/wp-content\/uploads\/2025\/06\/04-Gregory-Lynch-EAS.jpg",2000,1333,false],"thumbnail":["https:\/\/www.uartes.edu.ec\/sitio\/wp-content\/uploads\/2025\/06\/04-Gregory-Lynch-EAS-150x150.jpg",150,150,true],"medium":["https:\/\/www.uartes.edu.ec\/sitio\/wp-content\/uploads\/2025\/06\/04-Gregory-Lynch-EAS-300x200.jpg",300,200,true],"medium_large":["https:\/\/www.uartes.edu.ec\/sitio\/wp-content\/uploads\/2025\/06\/04-Gregory-Lynch-EAS-768x512.jpg",768,512,true],"large":["https:\/\/www.uartes.edu.ec\/sitio\/wp-content\/uploads\/2025\/06\/04-Gregory-Lynch-EAS-644x429.jpg",644,429,true],"1536x1536":["https:\/\/www.uartes.edu.ec\/sitio\/wp-content\/uploads\/2025\/06\/04-Gregory-Lynch-EAS-1536x1024.jpg",1536,1024,true],"2048x2048":["https:\/\/www.uartes.edu.ec\/sitio\/wp-content\/uploads\/2025\/06\/04-Gregory-Lynch-EAS.jpg",2000,1333,false],"trp-custom-language-flag":["https:\/\/www.uartes.edu.ec\/sitio\/wp-content\/uploads\/2025\/06\/04-Gregory-Lynch-EAS-18x12.jpg",18,12,true],"htmega_size_585x295":["https:\/\/www.uartes.edu.ec\/sitio\/wp-content\/uploads\/2025\/06\/04-Gregory-Lynch-EAS-585x295.jpg",585,295,true],"htmega_size_1170x536":["https:\/\/www.uartes.edu.ec\/sitio\/wp-content\/uploads\/2025\/06\/04-Gregory-Lynch-EAS-1170x536.jpg",1170,536,true],"htmega_size_396x360":["https:\/\/www.uartes.edu.ec\/sitio\/wp-content\/uploads\/2025\/06\/04-Gregory-Lynch-EAS-396x360.jpg",396,360,true],"gb-block-post-grid-landscape":["https:\/\/www.uartes.edu.ec\/sitio\/wp-content\/uploads\/2025\/06\/04-Gregory-Lynch-EAS-600x400.jpg",600,400,true],"gb-block-post-grid-square":["https:\/\/www.uartes.edu.ec\/sitio\/wp-content\/uploads\/2025\/06\/04-Gregory-Lynch-EAS-600x600.jpg",600,600,true],"university-hub-thumb":["https:\/\/www.uartes.edu.ec\/sitio\/wp-content\/uploads\/2025\/06\/04-Gregory-Lynch-EAS-400x267.jpg",400,267,true]},"uagb_author_info":{"display_name":"ccortez","author_link":"https:\/\/www.uartes.edu.ec\/sitio\/fr\/blog\/author\/ccortez\/"},"uagb_comment_info":0,"uagb_excerpt":"En el canto se inici\u00f3 a corta edad integrando coros y luego curs\u00f3 estudios en la UArtes para profesionalizarse y seguir impulsando talentos innatos. Y es que Gregory Lynch \u2013art\u00edsticamente solo Greg Lynch\u2013 tambi\u00e9n es presentador, actor, m\u00fasico y entrevistador. \"Echo\" es su \u00e1lbum debut del cual es su int\u00e9rprete, compositor y productor; lo grab\u00f3\u2026","featured_image_src":"https:\/\/www.uartes.edu.ec\/sitio\/wp-content\/uploads\/2025\/06\/04-Gregory-Lynch-EAS-600x400.jpg","featured_image_src_square":"https:\/\/www.uartes.edu.ec\/sitio\/wp-content\/uploads\/2025\/06\/04-Gregory-Lynch-EAS-600x600.jpg","author_info":{"display_name":"ccortez","author_link":"https:\/\/www.uartes.edu.ec\/sitio\/fr\/blog\/author\/ccortez\/"},"publishpress_future_workflow_manual_trigger":{"enabledWorkflows":[]},"distributor_meta":false,"distributor_terms":false,"distributor_media":false,"distributor_original_site_name":"Universidad de las Artes","distributor_original_site_url":"https:\/\/www.uartes.edu.ec\/sitio\/fr","push-errors":false,"_links":{"self":[{"href":"https:\/\/www.uartes.edu.ec\/sitio\/fr\/wp-json\/wp\/v2\/posts\/73755","targetHints":{"allow":["GET"]}}],"collection":[{"href":"https:\/\/www.uartes.edu.ec\/sitio\/fr\/wp-json\/wp\/v2\/posts"}],"about":[{"href":"https:\/\/www.uartes.edu.ec\/sitio\/fr\/wp-json\/wp\/v2\/types\/post"}],"author":[{"embeddable":true,"href":"https:\/\/www.uartes.edu.ec\/sitio\/fr\/wp-json\/wp\/v2\/users\/10"}],"replies":[{"embeddable":true,"href":"https:\/\/www.uartes.edu.ec\/sitio\/fr\/wp-json\/wp\/v2\/comments?post=73755"}],"version-history":[{"count":3,"href":"https:\/\/www.uartes.edu.ec\/sitio\/fr\/wp-json\/wp\/v2\/posts\/73755\/revisions"}],"predecessor-version":[{"id":73773,"href":"https:\/\/www.uartes.edu.ec\/sitio\/fr\/wp-json\/wp\/v2\/posts\/73755\/revisions\/73773"}],"wp:featuredmedia":[{"embeddable":true,"href":"https:\/\/www.uartes.edu.ec\/sitio\/fr\/wp-json\/wp\/v2\/media\/73756"}],"wp:attachment":[{"href":"https:\/\/www.uartes.edu.ec\/sitio\/fr\/wp-json\/wp\/v2\/media?parent=73755"}],"wp:term":[{"taxonomy":"category","embeddable":true,"href":"https:\/\/www.uartes.edu.ec\/sitio\/fr\/wp-json\/wp\/v2\/categories?post=73755"},{"taxonomy":"post_tag","embeddable":true,"href":"https:\/\/www.uartes.edu.ec\/sitio\/fr\/wp-json\/wp\/v2\/tags?post=73755"},{"taxonomy":"infouartes","embeddable":true,"href":"https:\/\/www.uartes.edu.ec\/sitio\/fr\/wp-json\/wp\/v2\/infouartes?post=73755"}],"curies":[{"name":"wp","href":"https:\/\/api.w.org\/{rel}","templated":true}]}}