{"id":73828,"date":"2025-06-20T19:49:00","date_gmt":"2025-06-21T00:49:00","guid":{"rendered":"https:\/\/www.uartes.edu.ec\/sitio\/?p=73828"},"modified":"2025-06-20T19:50:55","modified_gmt":"2025-06-21T00:50:55","slug":"recorrido-sonoro-desde-asia-hasta-america-con-javier-ocampo-y-hasmik-terteryan-en-el-jueves-eas","status":"publish","type":"post","link":"https:\/\/www.uartes.edu.ec\/sitio\/fr\/blog\/2025\/06\/20\/recorrido-sonoro-desde-asia-hasta-america-con-javier-ocampo-y-hasmik-terteryan-en-el-jueves-eas\/","title":{"rendered":"Recorrido sonoro desde Asia hasta Am\u00e9rica con Javier Ocampo y Hasmik Terteryan"},"content":{"rendered":"<p>A disfrutar del concierto \u201ccon los o\u00eddos abiertos y el coraz\u00f3n dispuesto\u201d invit\u00f3 el doctor Bradley Hilgert al p\u00fablico que se dio cita al recorrido sonoro desde Asia hasta Am\u00e9rica del Jueves EAS de este 19 de junio, el cual tuvo lugar en el Sal\u00f3n Patrimonial del MZ14 Centro de Producci\u00f3n e Innovaci\u00f3n UArtes. El vicerrector acad\u00e9mico agreg\u00f3 que en la propuesta confluyen sensibilidades, saberes y trayectorias que dan sentido a nuestro quehacer como Universidad de las Artes.<\/p>\n\n\n\n<p>Organizado por la Escuela de Artes Sonoras en un espacio ya posicionado en la programaci\u00f3n art\u00edstica y cultural de la UArtes, el concierto lo brindaron el Dr. Javier Andr\u00e9s Ocampo, en el saxof\u00f3n, y la Mgtr. Hasmik Terteryan, en el piano.<\/p>\n\n\n\n<p>Ocampo es director de la EAS UArtes y Terteryan es directora de artes de la Universidad de Especialidades Esp\u00edritu Santo (UEES), y la presentaci\u00f3n de ambos se dio en el marco de la celebraci\u00f3n previa a la F\u00eate de la Musique, en conjunto con la Alianza Francesa de Guayaquil.<\/p>\n\n\n\n<p>En su intervenci\u00f3n, la cual dio paso al concierto, nuestro vicerrector acad\u00e9mico justamente hizo referencia al trabajo colaborativo y al di\u00e1logo musical. \u201c(\u2026) Nos recuerda que la m\u00fasica como las artes en general es puente, territorio com\u00fan, resonancia y resistencia. Agradecemos profundamente la cooperaci\u00f3n interinstitucional que ha permitido este evento, el apoyo constante de la Alianza Francesa y la relaci\u00f3n cada vez m\u00e1s estrecha entre la UEES y la UArtes\u201d.<\/p>\n\n\n<div class=\"wp-block-image\">\n<figure class=\"aligncenter size-large is-resized\"><img fetchpriority=\"high\" decoding=\"async\" width=\"644\" height=\"483\" src=\"https:\/\/www.uartes.edu.ec\/sitio\/wp-content\/uploads\/2025\/06\/Ocampo2-644x483.jpg\" alt=\"\" class=\"wp-image-73831\" style=\"width:588px;height:auto\" srcset=\"https:\/\/www.uartes.edu.ec\/sitio\/wp-content\/uploads\/2025\/06\/Ocampo2-644x483.jpg 644w, https:\/\/www.uartes.edu.ec\/sitio\/wp-content\/uploads\/2025\/06\/Ocampo2-300x225.jpg 300w, https:\/\/www.uartes.edu.ec\/sitio\/wp-content\/uploads\/2025\/06\/Ocampo2-768x576.jpg 768w, https:\/\/www.uartes.edu.ec\/sitio\/wp-content\/uploads\/2025\/06\/Ocampo2-1536x1152.jpg 1536w, https:\/\/www.uartes.edu.ec\/sitio\/wp-content\/uploads\/2025\/06\/Ocampo2-16x12.jpg 16w, https:\/\/www.uartes.edu.ec\/sitio\/wp-content\/uploads\/2025\/06\/Ocampo2-400x300.jpg 400w, https:\/\/www.uartes.edu.ec\/sitio\/wp-content\/uploads\/2025\/06\/Ocampo2.jpg 1599w\" sizes=\"(max-width: 644px) 100vw, 644px\" \/><\/figure>\n<\/div>\n\n\n<p>Agreg\u00f3 que la presencia de Javier Ocampo y Hasmik Terteryan en el escenario, guiando el viaje transatl\u00e1ntico propuesto, mediante la interpretaci\u00f3n de obras estadounidenses, francesas, armenias, mexicanas, colombianas, entre otras, era una muestra viva de los ejes fundacionales del modelo educativo y pedag\u00f3gico de la UArtes, sobre todo, en cuanto al sentipensar la creaci\u00f3n desde el cuidado.<\/p>\n\n\n\n<p>\u201cFuera de este refugio art\u00edstico que han creado Javier y Hazmik, estamos en tiempos de incertidumbre global, un momento en que las desigualdades estructurales amenazan con silenciar y eliminar muchas voces. Tan cr\u00edtica es la situaci\u00f3n que grandes pensadoras como Rita Segato han manifestado su deseo de ya no pertenecer a la especie humana. En este contexto, eventos como \u00e9ste nos recuerdan la potencia transformadora de las pr\u00e1cticas art\u00edsticas. Nos recuerdan que educar en artes tambi\u00e9n es abrir espacios para imaginar y construir otros mundos posibles. Gracias por estar aqu\u00ed, por ser parte de esta comunidad que crea, escucha y transforma\u201d, concluy\u00f3 Bradley Hilgert.<\/p>\n\n\n\n<p>Seguidamente, Javier Ocampo y Hasmik Terteryan tomaron sus lugares en la escena. Ella al frente del piano y \u00e9l, con el saxof\u00f3n, hicieron el recorrido transatl\u00e1ntico anticipado por el vicerrector acad\u00e9mico. Juntos interpretaron bras de Rudy Wiedoeft, Paul Maurice, Figueroa, Jorge Pasos, Arno Babajanyan, David Salleras, Jos\u00e9 Barros y Alfred Scott.<\/p>\n\n\n<div class=\"wp-block-image\">\n<figure class=\"aligncenter size-large\"><img decoding=\"async\" width=\"644\" height=\"429\" src=\"https:\/\/www.uartes.edu.ec\/sitio\/wp-content\/uploads\/2025\/06\/Proyecto-Cambiar-tamano-de-imagen-2025-06-20T192057.471-644x429.jpeg\" alt=\"\" class=\"wp-image-73832\" srcset=\"https:\/\/www.uartes.edu.ec\/sitio\/wp-content\/uploads\/2025\/06\/Proyecto-Cambiar-tamano-de-imagen-2025-06-20T192057.471-644x429.jpeg 644w, https:\/\/www.uartes.edu.ec\/sitio\/wp-content\/uploads\/2025\/06\/Proyecto-Cambiar-tamano-de-imagen-2025-06-20T192057.471-300x200.jpeg 300w, https:\/\/www.uartes.edu.ec\/sitio\/wp-content\/uploads\/2025\/06\/Proyecto-Cambiar-tamano-de-imagen-2025-06-20T192057.471-768x512.jpeg 768w, https:\/\/www.uartes.edu.ec\/sitio\/wp-content\/uploads\/2025\/06\/Proyecto-Cambiar-tamano-de-imagen-2025-06-20T192057.471-1536x1024.jpeg 1536w, https:\/\/www.uartes.edu.ec\/sitio\/wp-content\/uploads\/2025\/06\/Proyecto-Cambiar-tamano-de-imagen-2025-06-20T192057.471-18x12.jpeg 18w, https:\/\/www.uartes.edu.ec\/sitio\/wp-content\/uploads\/2025\/06\/Proyecto-Cambiar-tamano-de-imagen-2025-06-20T192057.471-600x400.jpeg 600w, https:\/\/www.uartes.edu.ec\/sitio\/wp-content\/uploads\/2025\/06\/Proyecto-Cambiar-tamano-de-imagen-2025-06-20T192057.471-400x267.jpeg 400w, https:\/\/www.uartes.edu.ec\/sitio\/wp-content\/uploads\/2025\/06\/Proyecto-Cambiar-tamano-de-imagen-2025-06-20T192057.471.jpeg 2000w\" sizes=\"(max-width: 644px) 100vw, 644px\" \/><\/figure>\n<\/div>\n\n\n<p>Javier Ocampo es solista desde los 18 a\u00f1os con la Banda Sinf\u00f3nica Nacional de Colombia y es considerado un referente en la creaci\u00f3n e interpretaci\u00f3n del repertorio latinoamericano para saxof\u00f3n. Ha impulsado m\u00e1s de 40 obras originales en diversos g\u00e9neros y formatos. Su carrera abarca grabaciones, premios internacionales, giras por Europa, Am\u00e9rica y el Caribe, as\u00ed como una amplia labor como productor, compositor, arreglista y director. Es artista Victory Instruments y Vandoren, y miembro de la junta directiva de la Alianza Latinoamericana de Saxofonistas.<\/p>\n\n\n\n<p>La Mgtr. Hasmik Terteryan es pianista y music\u00f3loga de origen armenio, con s\u00f3lida formaci\u00f3n acad\u00e9mica en Erev\u00e1n. Ha colaborado con reconocidos m\u00fasicos en escenarios nacionales e internacionales, enriqueciendo su labor pedag\u00f3gica y art\u00edstica. Desde 2015 es docente en la UEES, y desde 2020 es directora de la Artes de la Facultad de Humanidades y de la Maestr\u00eda en Artes Musicales.<\/p>\n\n\n\n<p>El concierto transatl\u00e1ntico que llev\u00f3 a la audiencia de Asia a Am\u00e9rica Latina concluy\u00f3 justamente con composiciones de este lado del mundo. Concluy\u00f3 con tres valses de la autor\u00eda del compositor colombiano Jorge Pasos.<\/p>\n\n\n\n<h3 class=\"wp-block-heading\">\u201cHerencia Viva\u201d y \u201cVa y Ven\u00bb<\/h3>\n\n\n\n<p>De los Jueves EAS desarrollados en lo que va del presente mes, vale mencionar que el pasado 12 se propici\u00f3 un encuentro de identidad y tradici\u00f3n con el concierto \u201cHerencia Viva\u201d, a cargo de artistas estelares del Museo de la M\u00fasica Popular Julio Jaramillo. J\u00f3venes int\u00e9rpretes que no solo avivaron la memoria sonora del pa\u00eds, sino que rindieron un homenaje p\u00f3stumo a Eduardo Mi\u00f1o Naranjo, una de las voces del d\u00fao de los hermanos Mi\u00f1o Naranjo, cuyo deceso se conoci\u00f3 ese d\u00eda; junto a Danilo, su hermano, quien lo sobrevive, tuvo 68 a\u00f1os de vida art\u00edstica.<\/p>\n\n\n\n<p>El 5 de junio, en cambio, en el Jueves EAS se realiz\u00f3 la quinta edici\u00f3n del concierto \u201cVa y Ven\u00bb. Estudiantes y docentes de la Escuela de Artes Sonoras compartieron escenario en un intercambio acad\u00e9mico y cultural que enriquece a nuestra comunidad y conecta con los sonidos, experiencias y territorios a trav\u00e9s de la m\u00fasica.&nbsp;<\/p>\n\n\n<div class=\"wp-block-image\">\n<figure class=\"aligncenter size-large is-resized\"><img decoding=\"async\" width=\"644\" height=\"429\" src=\"https:\/\/www.uartes.edu.ec\/sitio\/wp-content\/uploads\/2025\/06\/Proyecto-Cambiar-tamano-de-imagen-2025-06-20T193941.918-644x429.jpeg\" alt=\"\" class=\"wp-image-73833\" style=\"width:530px;height:auto\" srcset=\"https:\/\/www.uartes.edu.ec\/sitio\/wp-content\/uploads\/2025\/06\/Proyecto-Cambiar-tamano-de-imagen-2025-06-20T193941.918-644x429.jpeg 644w, https:\/\/www.uartes.edu.ec\/sitio\/wp-content\/uploads\/2025\/06\/Proyecto-Cambiar-tamano-de-imagen-2025-06-20T193941.918-300x200.jpeg 300w, https:\/\/www.uartes.edu.ec\/sitio\/wp-content\/uploads\/2025\/06\/Proyecto-Cambiar-tamano-de-imagen-2025-06-20T193941.918-768x512.jpeg 768w, https:\/\/www.uartes.edu.ec\/sitio\/wp-content\/uploads\/2025\/06\/Proyecto-Cambiar-tamano-de-imagen-2025-06-20T193941.918-1536x1024.jpeg 1536w, https:\/\/www.uartes.edu.ec\/sitio\/wp-content\/uploads\/2025\/06\/Proyecto-Cambiar-tamano-de-imagen-2025-06-20T193941.918-18x12.jpeg 18w, https:\/\/www.uartes.edu.ec\/sitio\/wp-content\/uploads\/2025\/06\/Proyecto-Cambiar-tamano-de-imagen-2025-06-20T193941.918-600x400.jpeg 600w, https:\/\/www.uartes.edu.ec\/sitio\/wp-content\/uploads\/2025\/06\/Proyecto-Cambiar-tamano-de-imagen-2025-06-20T193941.918-400x267.jpeg 400w, https:\/\/www.uartes.edu.ec\/sitio\/wp-content\/uploads\/2025\/06\/Proyecto-Cambiar-tamano-de-imagen-2025-06-20T193941.918.jpeg 2000w\" sizes=\"(max-width: 644px) 100vw, 644px\" \/><\/figure>\n<\/div>\n\n<div class=\"wp-block-image\">\n<figure class=\"aligncenter size-large is-resized\"><img loading=\"lazy\" decoding=\"async\" width=\"644\" height=\"429\" src=\"https:\/\/www.uartes.edu.ec\/sitio\/wp-content\/uploads\/2025\/06\/Proyecto-Cambiar-tamano-de-imagen-2025-06-20T194141.162-644x429.jpeg\" alt=\"\" class=\"wp-image-73834\" style=\"width:530px;height:auto\" srcset=\"https:\/\/www.uartes.edu.ec\/sitio\/wp-content\/uploads\/2025\/06\/Proyecto-Cambiar-tamano-de-imagen-2025-06-20T194141.162-644x429.jpeg 644w, https:\/\/www.uartes.edu.ec\/sitio\/wp-content\/uploads\/2025\/06\/Proyecto-Cambiar-tamano-de-imagen-2025-06-20T194141.162-300x200.jpeg 300w, https:\/\/www.uartes.edu.ec\/sitio\/wp-content\/uploads\/2025\/06\/Proyecto-Cambiar-tamano-de-imagen-2025-06-20T194141.162-768x512.jpeg 768w, https:\/\/www.uartes.edu.ec\/sitio\/wp-content\/uploads\/2025\/06\/Proyecto-Cambiar-tamano-de-imagen-2025-06-20T194141.162-1536x1024.jpeg 1536w, https:\/\/www.uartes.edu.ec\/sitio\/wp-content\/uploads\/2025\/06\/Proyecto-Cambiar-tamano-de-imagen-2025-06-20T194141.162-18x12.jpeg 18w, https:\/\/www.uartes.edu.ec\/sitio\/wp-content\/uploads\/2025\/06\/Proyecto-Cambiar-tamano-de-imagen-2025-06-20T194141.162-600x400.jpeg 600w, https:\/\/www.uartes.edu.ec\/sitio\/wp-content\/uploads\/2025\/06\/Proyecto-Cambiar-tamano-de-imagen-2025-06-20T194141.162-400x267.jpeg 400w, https:\/\/www.uartes.edu.ec\/sitio\/wp-content\/uploads\/2025\/06\/Proyecto-Cambiar-tamano-de-imagen-2025-06-20T194141.162.jpeg 2000w\" sizes=\"(max-width: 644px) 100vw, 644px\" \/><\/figure>\n<\/div>\n\n\n<p>Fotos: Camila Guerrero\/docente y Mauricio Chasi\/estudiante, ambos de la Escuela de Artes Sonoras. <\/p>","protected":false},"excerpt":{"rendered":"<p>A disfrutar del concierto \u201ccon los o\u00eddos abiertos y el coraz\u00f3n dispuesto\u201d invit\u00f3 el doctor Bradley Hilgert al p\u00fablico que acudi\u00f3 al recorrido sonoro desde Asia hasta Am\u00e9rica del Jueves EAS de este 19 de junio, realizado en el Sal\u00f3n Patrimonial del MZ14 Centro de Producci\u00f3n e Innovaci\u00f3n UArtes. El vicerrector acad\u00e9mico destac\u00f3 las sensibilidades, saberes y trayectorias de la propuesta, mismas que dan sentido a nuestro quehacer como Universidad de las Artes.<\/p>","protected":false},"author":10,"featured_media":73830,"comment_status":"open","ping_status":"open","sticky":false,"template":"","format":"standard","meta":{"_acf_changed":false,"_uag_custom_page_level_css":"","_monsterinsights_skip_tracking":false,"_monsterinsights_sitenote_active":false,"_monsterinsights_sitenote_note":"","_monsterinsights_sitenote_category":0,"cybocfi_hide_featured_image":"","footnotes":""},"categories":[80,150,75,77,83],"tags":[518],"infouartes":[],"class_list":["post-73828","post","type-post","status-publish","format-standard","has-post-thumbnail","hentry","category-academico","category-artes-sonoras","category-docentes","category-gestion","category-sedes","tag-produccion"],"acf":[],"yoast_head":"<!-- This site is optimized with the Yoast SEO plugin v27.4 - https:\/\/yoast.com\/product\/yoast-seo-wordpress\/ -->\n<title>Universidad de las Artes - Recorrido sonoro desde Asia hasta Am\u00e9rica con Javier Ocampo y Hasmik Terteryan<\/title>\n<meta name=\"description\" content=\"Universidad de las Artes - Recorrido sonoro desde Asia hasta Am\u00e9rica con Javier Ocampo y Hasmik Terteryan\" \/>\n<meta name=\"robots\" content=\"index, follow, max-snippet:-1, max-image-preview:large, max-video-preview:-1\" \/>\n<link rel=\"canonical\" href=\"https:\/\/www.uartes.edu.ec\/sitio\/fr\/blog\/2025\/06\/20\/recorrido-sonoro-desde-asia-hasta-america-con-javier-ocampo-y-hasmik-terteryan-en-el-jueves-eas\/\" \/>\n<meta property=\"og:locale\" content=\"fr_FR\" \/>\n<meta property=\"og:type\" content=\"article\" \/>\n<meta property=\"og:title\" content=\"Universidad de las Artes - Recorrido sonoro desde Asia hasta Am\u00e9rica con Javier Ocampo y Hasmik Terteryan\" \/>\n<meta property=\"og:description\" content=\"Universidad de las Artes - Recorrido sonoro desde Asia hasta Am\u00e9rica con Javier Ocampo y Hasmik Terteryan\" \/>\n<meta property=\"og:url\" content=\"https:\/\/www.uartes.edu.ec\/sitio\/fr\/blog\/2025\/06\/20\/recorrido-sonoro-desde-asia-hasta-america-con-javier-ocampo-y-hasmik-terteryan-en-el-jueves-eas\/\" \/>\n<meta property=\"og:site_name\" content=\"Universidad de las Artes\" \/>\n<meta property=\"article:publisher\" content=\"https:\/\/www.facebook.com\/uartesec\" \/>\n<meta property=\"article:published_time\" content=\"2025-06-21T00:49:00+00:00\" \/>\n<meta property=\"article:modified_time\" content=\"2025-06-21T00:50:55+00:00\" \/>\n<meta property=\"og:image\" content=\"https:\/\/www.uartes.edu.ec\/sitio\/wp-content\/uploads\/2025\/06\/Proyecto-Cambiar-tamano-de-imagen-2025-06-20T192144.776.jpeg\" \/>\n\t<meta property=\"og:image:width\" content=\"2000\" \/>\n\t<meta property=\"og:image:height\" content=\"1333\" \/>\n\t<meta property=\"og:image:type\" content=\"image\/jpeg\" \/>\n<meta name=\"author\" content=\"ccortez\" \/>\n<meta name=\"twitter:card\" content=\"summary_large_image\" \/>\n<meta name=\"twitter:creator\" content=\"@uartesec\" \/>\n<meta name=\"twitter:site\" content=\"@uartesec\" \/>\n<meta name=\"twitter:label1\" content=\"\u00c9crit par\" \/>\n\t<meta name=\"twitter:data1\" content=\"ccortez\" \/>\n\t<meta name=\"twitter:label2\" content=\"Dur\u00e9e de lecture estim\u00e9e\" \/>\n\t<meta name=\"twitter:data2\" content=\"4 minutes\" \/>\n<script type=\"application\/ld+json\" class=\"yoast-schema-graph\">{\"@context\":\"https:\\\/\\\/schema.org\",\"@graph\":[{\"@type\":\"Article\",\"@id\":\"https:\\\/\\\/www.uartes.edu.ec\\\/sitio\\\/fr\\\/blog\\\/2025\\\/06\\\/20\\\/recorrido-sonoro-desde-asia-hasta-america-con-javier-ocampo-y-hasmik-terteryan-en-el-jueves-eas\\\/#article\",\"isPartOf\":{\"@id\":\"https:\\\/\\\/www.uartes.edu.ec\\\/sitio\\\/fr\\\/blog\\\/2025\\\/06\\\/20\\\/recorrido-sonoro-desde-asia-hasta-america-con-javier-ocampo-y-hasmik-terteryan-en-el-jueves-eas\\\/\"},\"author\":{\"name\":\"ccortez\",\"@id\":\"https:\\\/\\\/www.uartes.edu.ec\\\/sitio\\\/fr\\\/#\\\/schema\\\/person\\\/efa1b8275797664fd7f13a79ccc0b1f4\"},\"headline\":\"Recorrido sonoro desde Asia hasta Am\u00e9rica con Javier Ocampo y Hasmik Terteryan\",\"datePublished\":\"2025-06-21T00:49:00+00:00\",\"dateModified\":\"2025-06-21T00:50:55+00:00\",\"mainEntityOfPage\":{\"@id\":\"https:\\\/\\\/www.uartes.edu.ec\\\/sitio\\\/fr\\\/blog\\\/2025\\\/06\\\/20\\\/recorrido-sonoro-desde-asia-hasta-america-con-javier-ocampo-y-hasmik-terteryan-en-el-jueves-eas\\\/\"},\"wordCount\":878,\"commentCount\":0,\"publisher\":{\"@id\":\"https:\\\/\\\/www.uartes.edu.ec\\\/sitio\\\/fr\\\/#organization\"},\"image\":{\"@id\":\"https:\\\/\\\/www.uartes.edu.ec\\\/sitio\\\/fr\\\/blog\\\/2025\\\/06\\\/20\\\/recorrido-sonoro-desde-asia-hasta-america-con-javier-ocampo-y-hasmik-terteryan-en-el-jueves-eas\\\/#primaryimage\"},\"thumbnailUrl\":\"https:\\\/\\\/www.uartes.edu.ec\\\/sitio\\\/wp-content\\\/uploads\\\/2025\\\/06\\\/Proyecto-Cambiar-tamano-de-imagen-2025-06-20T192144.776.jpeg\",\"keywords\":[\"producci\u00f3n\"],\"articleSection\":[\"Acad\u00e9mico\",\"Artes Sonoras\",\"Docentes\",\"Gesti\u00f3n\",\"Sedes\"],\"inLanguage\":\"fr-FR\",\"potentialAction\":[{\"@type\":\"CommentAction\",\"name\":\"Comment\",\"target\":[\"https:\\\/\\\/www.uartes.edu.ec\\\/sitio\\\/fr\\\/blog\\\/2025\\\/06\\\/20\\\/recorrido-sonoro-desde-asia-hasta-america-con-javier-ocampo-y-hasmik-terteryan-en-el-jueves-eas\\\/#respond\"]}]},{\"@type\":[\"WebPage\",\"ItemPage\"],\"@id\":\"https:\\\/\\\/www.uartes.edu.ec\\\/sitio\\\/fr\\\/blog\\\/2025\\\/06\\\/20\\\/recorrido-sonoro-desde-asia-hasta-america-con-javier-ocampo-y-hasmik-terteryan-en-el-jueves-eas\\\/\",\"url\":\"https:\\\/\\\/www.uartes.edu.ec\\\/sitio\\\/fr\\\/blog\\\/2025\\\/06\\\/20\\\/recorrido-sonoro-desde-asia-hasta-america-con-javier-ocampo-y-hasmik-terteryan-en-el-jueves-eas\\\/\",\"name\":\"Universidad de las Artes - Recorrido sonoro desde Asia hasta Am\u00e9rica con Javier Ocampo y Hasmik Terteryan\",\"isPartOf\":{\"@id\":\"https:\\\/\\\/www.uartes.edu.ec\\\/sitio\\\/fr\\\/#website\"},\"primaryImageOfPage\":{\"@id\":\"https:\\\/\\\/www.uartes.edu.ec\\\/sitio\\\/fr\\\/blog\\\/2025\\\/06\\\/20\\\/recorrido-sonoro-desde-asia-hasta-america-con-javier-ocampo-y-hasmik-terteryan-en-el-jueves-eas\\\/#primaryimage\"},\"image\":{\"@id\":\"https:\\\/\\\/www.uartes.edu.ec\\\/sitio\\\/fr\\\/blog\\\/2025\\\/06\\\/20\\\/recorrido-sonoro-desde-asia-hasta-america-con-javier-ocampo-y-hasmik-terteryan-en-el-jueves-eas\\\/#primaryimage\"},\"thumbnailUrl\":\"https:\\\/\\\/www.uartes.edu.ec\\\/sitio\\\/wp-content\\\/uploads\\\/2025\\\/06\\\/Proyecto-Cambiar-tamano-de-imagen-2025-06-20T192144.776.jpeg\",\"datePublished\":\"2025-06-21T00:49:00+00:00\",\"dateModified\":\"2025-06-21T00:50:55+00:00\",\"description\":\"Universidad de las Artes - Recorrido sonoro desde Asia hasta Am\u00e9rica con Javier Ocampo y Hasmik Terteryan\",\"breadcrumb\":{\"@id\":\"https:\\\/\\\/www.uartes.edu.ec\\\/sitio\\\/fr\\\/blog\\\/2025\\\/06\\\/20\\\/recorrido-sonoro-desde-asia-hasta-america-con-javier-ocampo-y-hasmik-terteryan-en-el-jueves-eas\\\/#breadcrumb\"},\"inLanguage\":\"fr-FR\",\"potentialAction\":[{\"@type\":\"ReadAction\",\"target\":[\"https:\\\/\\\/www.uartes.edu.ec\\\/sitio\\\/fr\\\/blog\\\/2025\\\/06\\\/20\\\/recorrido-sonoro-desde-asia-hasta-america-con-javier-ocampo-y-hasmik-terteryan-en-el-jueves-eas\\\/\"]}]},{\"@type\":\"ImageObject\",\"inLanguage\":\"fr-FR\",\"@id\":\"https:\\\/\\\/www.uartes.edu.ec\\\/sitio\\\/fr\\\/blog\\\/2025\\\/06\\\/20\\\/recorrido-sonoro-desde-asia-hasta-america-con-javier-ocampo-y-hasmik-terteryan-en-el-jueves-eas\\\/#primaryimage\",\"url\":\"https:\\\/\\\/www.uartes.edu.ec\\\/sitio\\\/wp-content\\\/uploads\\\/2025\\\/06\\\/Proyecto-Cambiar-tamano-de-imagen-2025-06-20T192144.776.jpeg\",\"contentUrl\":\"https:\\\/\\\/www.uartes.edu.ec\\\/sitio\\\/wp-content\\\/uploads\\\/2025\\\/06\\\/Proyecto-Cambiar-tamano-de-imagen-2025-06-20T192144.776.jpeg\",\"width\":2000,\"height\":1333},{\"@type\":\"BreadcrumbList\",\"@id\":\"https:\\\/\\\/www.uartes.edu.ec\\\/sitio\\\/fr\\\/blog\\\/2025\\\/06\\\/20\\\/recorrido-sonoro-desde-asia-hasta-america-con-javier-ocampo-y-hasmik-terteryan-en-el-jueves-eas\\\/#breadcrumb\",\"itemListElement\":[{\"@type\":\"ListItem\",\"position\":1,\"name\":\"Inicio\",\"item\":\"https:\\\/\\\/www.uartes.edu.ec\\\/sitio\\\/\"},{\"@type\":\"ListItem\",\"position\":2,\"name\":\"Recorrido sonoro desde Asia hasta Am\u00e9rica con Javier Ocampo y Hasmik Terteryan\"}]},{\"@type\":\"WebSite\",\"@id\":\"https:\\\/\\\/www.uartes.edu.ec\\\/sitio\\\/fr\\\/#website\",\"url\":\"https:\\\/\\\/www.uartes.edu.ec\\\/sitio\\\/fr\\\/\",\"name\":\"Universidad de las Artes\",\"description\":\"Sitio oficial de la Universidad Nacional de las Artes del Ecuador\",\"publisher\":{\"@id\":\"https:\\\/\\\/www.uartes.edu.ec\\\/sitio\\\/fr\\\/#organization\"},\"potentialAction\":[{\"@type\":\"SearchAction\",\"target\":{\"@type\":\"EntryPoint\",\"urlTemplate\":\"https:\\\/\\\/www.uartes.edu.ec\\\/sitio\\\/fr\\\/?s={search_term_string}\"},\"query-input\":{\"@type\":\"PropertyValueSpecification\",\"valueRequired\":true,\"valueName\":\"search_term_string\"}}],\"inLanguage\":\"fr-FR\"},{\"@type\":\"Organization\",\"@id\":\"https:\\\/\\\/www.uartes.edu.ec\\\/sitio\\\/fr\\\/#organization\",\"name\":\"Universidad de las Artes\",\"url\":\"https:\\\/\\\/www.uartes.edu.ec\\\/sitio\\\/fr\\\/\",\"logo\":{\"@type\":\"ImageObject\",\"inLanguage\":\"fr-FR\",\"@id\":\"https:\\\/\\\/www.uartes.edu.ec\\\/sitio\\\/fr\\\/#\\\/schema\\\/logo\\\/image\\\/\",\"url\":\"https:\\\/\\\/www.uartes.edu.ec\\\/sitio\\\/wp-content\\\/uploads\\\/2022\\\/07\\\/logo-ua-horizontal.png\",\"contentUrl\":\"https:\\\/\\\/www.uartes.edu.ec\\\/sitio\\\/wp-content\\\/uploads\\\/2022\\\/07\\\/logo-ua-horizontal.png\",\"width\":800,\"height\":276,\"caption\":\"Universidad de las Artes\"},\"image\":{\"@id\":\"https:\\\/\\\/www.uartes.edu.ec\\\/sitio\\\/fr\\\/#\\\/schema\\\/logo\\\/image\\\/\"},\"sameAs\":[\"https:\\\/\\\/www.facebook.com\\\/uartesec\",\"https:\\\/\\\/x.com\\\/uartesec\",\"https:\\\/\\\/www.tiktok.com\\\/@uartesec\"]},{\"@type\":\"Person\",\"@id\":\"https:\\\/\\\/www.uartes.edu.ec\\\/sitio\\\/fr\\\/#\\\/schema\\\/person\\\/efa1b8275797664fd7f13a79ccc0b1f4\",\"name\":\"ccortez\",\"image\":{\"@type\":\"ImageObject\",\"inLanguage\":\"fr-FR\",\"@id\":\"https:\\\/\\\/secure.gravatar.com\\\/avatar\\\/b2a6f664a3ae8e074346ef91775736c5ec479e637ecced6842de9dc98b5da9cd?s=96&d=mm&r=g\",\"url\":\"https:\\\/\\\/secure.gravatar.com\\\/avatar\\\/b2a6f664a3ae8e074346ef91775736c5ec479e637ecced6842de9dc98b5da9cd?s=96&d=mm&r=g\",\"contentUrl\":\"https:\\\/\\\/secure.gravatar.com\\\/avatar\\\/b2a6f664a3ae8e074346ef91775736c5ec479e637ecced6842de9dc98b5da9cd?s=96&d=mm&r=g\",\"caption\":\"ccortez\"},\"url\":\"https:\\\/\\\/www.uartes.edu.ec\\\/sitio\\\/fr\\\/blog\\\/author\\\/ccortez\\\/\"}]}<\/script>\n<!-- \/ Yoast SEO plugin. -->","yoast_head_json":{"title":"Universidad de las Artes - Recorrido sonoro desde Asia hasta Am\u00e9rica con Javier Ocampo y Hasmik Terteryan","description":"Universidad de las Artes - Recorrido sonoro desde Asia hasta Am\u00e9rica con Javier Ocampo y Hasmik Terteryan","robots":{"index":"index","follow":"follow","max-snippet":"max-snippet:-1","max-image-preview":"max-image-preview:large","max-video-preview":"max-video-preview:-1"},"canonical":"https:\/\/www.uartes.edu.ec\/sitio\/fr\/blog\/2025\/06\/20\/recorrido-sonoro-desde-asia-hasta-america-con-javier-ocampo-y-hasmik-terteryan-en-el-jueves-eas\/","og_locale":"fr_FR","og_type":"article","og_title":"Universidad de las Artes - Recorrido sonoro desde Asia hasta Am\u00e9rica con Javier Ocampo y Hasmik Terteryan","og_description":"Universidad de las Artes - Recorrido sonoro desde Asia hasta Am\u00e9rica con Javier Ocampo y Hasmik Terteryan","og_url":"https:\/\/www.uartes.edu.ec\/sitio\/fr\/blog\/2025\/06\/20\/recorrido-sonoro-desde-asia-hasta-america-con-javier-ocampo-y-hasmik-terteryan-en-el-jueves-eas\/","og_site_name":"Universidad de las Artes","article_publisher":"https:\/\/www.facebook.com\/uartesec","article_published_time":"2025-06-21T00:49:00+00:00","article_modified_time":"2025-06-21T00:50:55+00:00","og_image":[{"width":2000,"height":1333,"url":"https:\/\/www.uartes.edu.ec\/sitio\/wp-content\/uploads\/2025\/06\/Proyecto-Cambiar-tamano-de-imagen-2025-06-20T192144.776.jpeg","type":"image\/jpeg"}],"author":"ccortez","twitter_card":"summary_large_image","twitter_creator":"@uartesec","twitter_site":"@uartesec","twitter_misc":{"\u00c9crit par":"ccortez","Dur\u00e9e de lecture estim\u00e9e":"4 minutes"},"schema":{"@context":"https:\/\/schema.org","@graph":[{"@type":"Article","@id":"https:\/\/www.uartes.edu.ec\/sitio\/fr\/blog\/2025\/06\/20\/recorrido-sonoro-desde-asia-hasta-america-con-javier-ocampo-y-hasmik-terteryan-en-el-jueves-eas\/#article","isPartOf":{"@id":"https:\/\/www.uartes.edu.ec\/sitio\/fr\/blog\/2025\/06\/20\/recorrido-sonoro-desde-asia-hasta-america-con-javier-ocampo-y-hasmik-terteryan-en-el-jueves-eas\/"},"author":{"name":"ccortez","@id":"https:\/\/www.uartes.edu.ec\/sitio\/fr\/#\/schema\/person\/efa1b8275797664fd7f13a79ccc0b1f4"},"headline":"Recorrido sonoro desde Asia hasta Am\u00e9rica con Javier Ocampo y Hasmik Terteryan","datePublished":"2025-06-21T00:49:00+00:00","dateModified":"2025-06-21T00:50:55+00:00","mainEntityOfPage":{"@id":"https:\/\/www.uartes.edu.ec\/sitio\/fr\/blog\/2025\/06\/20\/recorrido-sonoro-desde-asia-hasta-america-con-javier-ocampo-y-hasmik-terteryan-en-el-jueves-eas\/"},"wordCount":878,"commentCount":0,"publisher":{"@id":"https:\/\/www.uartes.edu.ec\/sitio\/fr\/#organization"},"image":{"@id":"https:\/\/www.uartes.edu.ec\/sitio\/fr\/blog\/2025\/06\/20\/recorrido-sonoro-desde-asia-hasta-america-con-javier-ocampo-y-hasmik-terteryan-en-el-jueves-eas\/#primaryimage"},"thumbnailUrl":"https:\/\/www.uartes.edu.ec\/sitio\/wp-content\/uploads\/2025\/06\/Proyecto-Cambiar-tamano-de-imagen-2025-06-20T192144.776.jpeg","keywords":["producci\u00f3n"],"articleSection":["Acad\u00e9mico","Artes Sonoras","Docentes","Gesti\u00f3n","Sedes"],"inLanguage":"fr-FR","potentialAction":[{"@type":"CommentAction","name":"Comment","target":["https:\/\/www.uartes.edu.ec\/sitio\/fr\/blog\/2025\/06\/20\/recorrido-sonoro-desde-asia-hasta-america-con-javier-ocampo-y-hasmik-terteryan-en-el-jueves-eas\/#respond"]}]},{"@type":["WebPage","ItemPage"],"@id":"https:\/\/www.uartes.edu.ec\/sitio\/fr\/blog\/2025\/06\/20\/recorrido-sonoro-desde-asia-hasta-america-con-javier-ocampo-y-hasmik-terteryan-en-el-jueves-eas\/","url":"https:\/\/www.uartes.edu.ec\/sitio\/fr\/blog\/2025\/06\/20\/recorrido-sonoro-desde-asia-hasta-america-con-javier-ocampo-y-hasmik-terteryan-en-el-jueves-eas\/","name":"Universidad de las Artes - Recorrido sonoro desde Asia hasta Am\u00e9rica con Javier Ocampo y Hasmik Terteryan","isPartOf":{"@id":"https:\/\/www.uartes.edu.ec\/sitio\/fr\/#website"},"primaryImageOfPage":{"@id":"https:\/\/www.uartes.edu.ec\/sitio\/fr\/blog\/2025\/06\/20\/recorrido-sonoro-desde-asia-hasta-america-con-javier-ocampo-y-hasmik-terteryan-en-el-jueves-eas\/#primaryimage"},"image":{"@id":"https:\/\/www.uartes.edu.ec\/sitio\/fr\/blog\/2025\/06\/20\/recorrido-sonoro-desde-asia-hasta-america-con-javier-ocampo-y-hasmik-terteryan-en-el-jueves-eas\/#primaryimage"},"thumbnailUrl":"https:\/\/www.uartes.edu.ec\/sitio\/wp-content\/uploads\/2025\/06\/Proyecto-Cambiar-tamano-de-imagen-2025-06-20T192144.776.jpeg","datePublished":"2025-06-21T00:49:00+00:00","dateModified":"2025-06-21T00:50:55+00:00","description":"Universidad de las Artes - Recorrido sonoro desde Asia hasta Am\u00e9rica con Javier Ocampo y Hasmik Terteryan","breadcrumb":{"@id":"https:\/\/www.uartes.edu.ec\/sitio\/fr\/blog\/2025\/06\/20\/recorrido-sonoro-desde-asia-hasta-america-con-javier-ocampo-y-hasmik-terteryan-en-el-jueves-eas\/#breadcrumb"},"inLanguage":"fr-FR","potentialAction":[{"@type":"ReadAction","target":["https:\/\/www.uartes.edu.ec\/sitio\/fr\/blog\/2025\/06\/20\/recorrido-sonoro-desde-asia-hasta-america-con-javier-ocampo-y-hasmik-terteryan-en-el-jueves-eas\/"]}]},{"@type":"ImageObject","inLanguage":"fr-FR","@id":"https:\/\/www.uartes.edu.ec\/sitio\/fr\/blog\/2025\/06\/20\/recorrido-sonoro-desde-asia-hasta-america-con-javier-ocampo-y-hasmik-terteryan-en-el-jueves-eas\/#primaryimage","url":"https:\/\/www.uartes.edu.ec\/sitio\/wp-content\/uploads\/2025\/06\/Proyecto-Cambiar-tamano-de-imagen-2025-06-20T192144.776.jpeg","contentUrl":"https:\/\/www.uartes.edu.ec\/sitio\/wp-content\/uploads\/2025\/06\/Proyecto-Cambiar-tamano-de-imagen-2025-06-20T192144.776.jpeg","width":2000,"height":1333},{"@type":"BreadcrumbList","@id":"https:\/\/www.uartes.edu.ec\/sitio\/fr\/blog\/2025\/06\/20\/recorrido-sonoro-desde-asia-hasta-america-con-javier-ocampo-y-hasmik-terteryan-en-el-jueves-eas\/#breadcrumb","itemListElement":[{"@type":"ListItem","position":1,"name":"Inicio","item":"https:\/\/www.uartes.edu.ec\/sitio\/"},{"@type":"ListItem","position":2,"name":"Recorrido sonoro desde Asia hasta Am\u00e9rica con Javier Ocampo y Hasmik Terteryan"}]},{"@type":"WebSite","@id":"https:\/\/www.uartes.edu.ec\/sitio\/fr\/#website","url":"https:\/\/www.uartes.edu.ec\/sitio\/fr\/","name":"Universidad de las Artes","description":"Sitio oficial de la Universidad Nacional de las Artes del Ecuador","publisher":{"@id":"https:\/\/www.uartes.edu.ec\/sitio\/fr\/#organization"},"potentialAction":[{"@type":"SearchAction","target":{"@type":"EntryPoint","urlTemplate":"https:\/\/www.uartes.edu.ec\/sitio\/fr\/?s={search_term_string}"},"query-input":{"@type":"PropertyValueSpecification","valueRequired":true,"valueName":"search_term_string"}}],"inLanguage":"fr-FR"},{"@type":"Organization","@id":"https:\/\/www.uartes.edu.ec\/sitio\/fr\/#organization","name":"Universidad de las Artes","url":"https:\/\/www.uartes.edu.ec\/sitio\/fr\/","logo":{"@type":"ImageObject","inLanguage":"fr-FR","@id":"https:\/\/www.uartes.edu.ec\/sitio\/fr\/#\/schema\/logo\/image\/","url":"https:\/\/www.uartes.edu.ec\/sitio\/wp-content\/uploads\/2022\/07\/logo-ua-horizontal.png","contentUrl":"https:\/\/www.uartes.edu.ec\/sitio\/wp-content\/uploads\/2022\/07\/logo-ua-horizontal.png","width":800,"height":276,"caption":"Universidad de las Artes"},"image":{"@id":"https:\/\/www.uartes.edu.ec\/sitio\/fr\/#\/schema\/logo\/image\/"},"sameAs":["https:\/\/www.facebook.com\/uartesec","https:\/\/x.com\/uartesec","https:\/\/www.tiktok.com\/@uartesec"]},{"@type":"Person","@id":"https:\/\/www.uartes.edu.ec\/sitio\/fr\/#\/schema\/person\/efa1b8275797664fd7f13a79ccc0b1f4","name":"ccortez","image":{"@type":"ImageObject","inLanguage":"fr-FR","@id":"https:\/\/secure.gravatar.com\/avatar\/b2a6f664a3ae8e074346ef91775736c5ec479e637ecced6842de9dc98b5da9cd?s=96&d=mm&r=g","url":"https:\/\/secure.gravatar.com\/avatar\/b2a6f664a3ae8e074346ef91775736c5ec479e637ecced6842de9dc98b5da9cd?s=96&d=mm&r=g","contentUrl":"https:\/\/secure.gravatar.com\/avatar\/b2a6f664a3ae8e074346ef91775736c5ec479e637ecced6842de9dc98b5da9cd?s=96&d=mm&r=g","caption":"ccortez"},"url":"https:\/\/www.uartes.edu.ec\/sitio\/fr\/blog\/author\/ccortez\/"}]}},"uagb_featured_image_src":{"full":["https:\/\/www.uartes.edu.ec\/sitio\/wp-content\/uploads\/2025\/06\/Proyecto-Cambiar-tamano-de-imagen-2025-06-20T192144.776.jpeg",2000,1333,false],"thumbnail":["https:\/\/www.uartes.edu.ec\/sitio\/wp-content\/uploads\/2025\/06\/Proyecto-Cambiar-tamano-de-imagen-2025-06-20T192144.776-150x150.jpeg",150,150,true],"medium":["https:\/\/www.uartes.edu.ec\/sitio\/wp-content\/uploads\/2025\/06\/Proyecto-Cambiar-tamano-de-imagen-2025-06-20T192144.776-300x200.jpeg",300,200,true],"medium_large":["https:\/\/www.uartes.edu.ec\/sitio\/wp-content\/uploads\/2025\/06\/Proyecto-Cambiar-tamano-de-imagen-2025-06-20T192144.776-768x512.jpeg",768,512,true],"large":["https:\/\/www.uartes.edu.ec\/sitio\/wp-content\/uploads\/2025\/06\/Proyecto-Cambiar-tamano-de-imagen-2025-06-20T192144.776-644x429.jpeg",644,429,true],"1536x1536":["https:\/\/www.uartes.edu.ec\/sitio\/wp-content\/uploads\/2025\/06\/Proyecto-Cambiar-tamano-de-imagen-2025-06-20T192144.776-1536x1024.jpeg",1536,1024,true],"2048x2048":["https:\/\/www.uartes.edu.ec\/sitio\/wp-content\/uploads\/2025\/06\/Proyecto-Cambiar-tamano-de-imagen-2025-06-20T192144.776.jpeg",2000,1333,false],"trp-custom-language-flag":["https:\/\/www.uartes.edu.ec\/sitio\/wp-content\/uploads\/2025\/06\/Proyecto-Cambiar-tamano-de-imagen-2025-06-20T192144.776-18x12.jpeg",18,12,true],"htmega_size_585x295":["https:\/\/www.uartes.edu.ec\/sitio\/wp-content\/uploads\/2025\/06\/Proyecto-Cambiar-tamano-de-imagen-2025-06-20T192144.776-585x295.jpeg",585,295,true],"htmega_size_1170x536":["https:\/\/www.uartes.edu.ec\/sitio\/wp-content\/uploads\/2025\/06\/Proyecto-Cambiar-tamano-de-imagen-2025-06-20T192144.776-1170x536.jpeg",1170,536,true],"htmega_size_396x360":["https:\/\/www.uartes.edu.ec\/sitio\/wp-content\/uploads\/2025\/06\/Proyecto-Cambiar-tamano-de-imagen-2025-06-20T192144.776-396x360.jpeg",396,360,true],"gb-block-post-grid-landscape":["https:\/\/www.uartes.edu.ec\/sitio\/wp-content\/uploads\/2025\/06\/Proyecto-Cambiar-tamano-de-imagen-2025-06-20T192144.776-600x400.jpeg",600,400,true],"gb-block-post-grid-square":["https:\/\/www.uartes.edu.ec\/sitio\/wp-content\/uploads\/2025\/06\/Proyecto-Cambiar-tamano-de-imagen-2025-06-20T192144.776-600x600.jpeg",600,600,true],"university-hub-thumb":["https:\/\/www.uartes.edu.ec\/sitio\/wp-content\/uploads\/2025\/06\/Proyecto-Cambiar-tamano-de-imagen-2025-06-20T192144.776-400x267.jpeg",400,267,true]},"uagb_author_info":{"display_name":"ccortez","author_link":"https:\/\/www.uartes.edu.ec\/sitio\/fr\/blog\/author\/ccortez\/"},"uagb_comment_info":0,"uagb_excerpt":"A disfrutar del concierto \u201ccon los o\u00eddos abiertos y el coraz\u00f3n dispuesto\u201d invit\u00f3 el doctor Bradley Hilgert al p\u00fablico que acudi\u00f3 al recorrido sonoro desde Asia hasta Am\u00e9rica del Jueves EAS de este 19 de junio, realizado en el Sal\u00f3n Patrimonial del MZ14 Centro de Producci\u00f3n e Innovaci\u00f3n UArtes. El vicerrector acad\u00e9mico destac\u00f3 las sensibilidades,\u2026","featured_image_src":"https:\/\/www.uartes.edu.ec\/sitio\/wp-content\/uploads\/2025\/06\/Proyecto-Cambiar-tamano-de-imagen-2025-06-20T192144.776-600x400.jpeg","featured_image_src_square":"https:\/\/www.uartes.edu.ec\/sitio\/wp-content\/uploads\/2025\/06\/Proyecto-Cambiar-tamano-de-imagen-2025-06-20T192144.776-600x600.jpeg","author_info":{"display_name":"ccortez","author_link":"https:\/\/www.uartes.edu.ec\/sitio\/fr\/blog\/author\/ccortez\/"},"publishpress_future_workflow_manual_trigger":{"enabledWorkflows":[]},"distributor_meta":false,"distributor_terms":false,"distributor_media":false,"distributor_original_site_name":"Universidad de las Artes","distributor_original_site_url":"https:\/\/www.uartes.edu.ec\/sitio\/fr","push-errors":false,"_links":{"self":[{"href":"https:\/\/www.uartes.edu.ec\/sitio\/fr\/wp-json\/wp\/v2\/posts\/73828","targetHints":{"allow":["GET"]}}],"collection":[{"href":"https:\/\/www.uartes.edu.ec\/sitio\/fr\/wp-json\/wp\/v2\/posts"}],"about":[{"href":"https:\/\/www.uartes.edu.ec\/sitio\/fr\/wp-json\/wp\/v2\/types\/post"}],"author":[{"embeddable":true,"href":"https:\/\/www.uartes.edu.ec\/sitio\/fr\/wp-json\/wp\/v2\/users\/10"}],"replies":[{"embeddable":true,"href":"https:\/\/www.uartes.edu.ec\/sitio\/fr\/wp-json\/wp\/v2\/comments?post=73828"}],"version-history":[{"count":2,"href":"https:\/\/www.uartes.edu.ec\/sitio\/fr\/wp-json\/wp\/v2\/posts\/73828\/revisions"}],"predecessor-version":[{"id":73840,"href":"https:\/\/www.uartes.edu.ec\/sitio\/fr\/wp-json\/wp\/v2\/posts\/73828\/revisions\/73840"}],"wp:featuredmedia":[{"embeddable":true,"href":"https:\/\/www.uartes.edu.ec\/sitio\/fr\/wp-json\/wp\/v2\/media\/73830"}],"wp:attachment":[{"href":"https:\/\/www.uartes.edu.ec\/sitio\/fr\/wp-json\/wp\/v2\/media?parent=73828"}],"wp:term":[{"taxonomy":"category","embeddable":true,"href":"https:\/\/www.uartes.edu.ec\/sitio\/fr\/wp-json\/wp\/v2\/categories?post=73828"},{"taxonomy":"post_tag","embeddable":true,"href":"https:\/\/www.uartes.edu.ec\/sitio\/fr\/wp-json\/wp\/v2\/tags?post=73828"},{"taxonomy":"infouartes","embeddable":true,"href":"https:\/\/www.uartes.edu.ec\/sitio\/fr\/wp-json\/wp\/v2\/infouartes?post=73828"}],"curies":[{"name":"wp","href":"https:\/\/api.w.org\/{rel}","templated":true}]}}