{"id":73918,"date":"2025-06-19T18:20:00","date_gmt":"2025-06-19T23:20:00","guid":{"rendered":"https:\/\/www.uartes.edu.ec\/sitio\/?p=73918"},"modified":"2025-06-23T20:26:21","modified_gmt":"2025-06-24T01:26:21","slug":"convocatoria-a-residencias-internacionales-escena-colonche","status":"publish","type":"post","link":"https:\/\/www.uartes.edu.ec\/sitio\/fr\/blog\/2025\/06\/19\/convocatoria-a-residencias-internacionales-escena-colonche\/","title":{"rendered":"Convocatoria a residencias internacionales Escena Colonche, programa de artes vivas"},"content":{"rendered":"<p>Arranc\u00f3 el viernes 6 de junio y se mantendr\u00e1 hasta el pr\u00f3ximo lunes 30. Es la convocatoria a las residencias internacionales Escena Colonche, un programa de artes vivas en el territorio del Norte de la provincia de Santa Elena, que est\u00e1 dirigida a artistas provenientes de Argentina, Bolivia, Brasil, Colombia, Chile, Costa Rica, Cuba, El Salvador, Espa\u00f1a, Guatemala, Honduras, M\u00e9xico, Panam\u00e1, Paraguay, Per\u00fa, Portugal y Uruguay, a excepci\u00f3n de Ecuador por ser pa\u00eds sede.<\/p>\n\n\n\n<p>As\u00ed lo explica Mariuxi \u00c1vila, docente del Departamento Transversal de Teor\u00edas Cr\u00edticas y Pr\u00e1cticas Experimentales de la Universidad de las Artes, quien gestiona el espacio. Agrega que la iniciativa Escena Colonche se gesta desde ESTACI\u00d3N 2050 &#8211; Residencia Cultural Ol\u00f3n, para acoger proyectos de artistas e investigadores que en sus pr\u00e1cticas est\u00e9n en relaci\u00f3n e inter\u00e9s al convivio socioambiental, intercultural, de saberes y oficios ancestrales y contempor\u00e1neos.<\/p>\n\n\n\n<p>La\/os artistas seleccionada\/os (3) contar\u00e1n con un espacio para creaci\u00f3n durante doce d\u00edas, movilizaci\u00f3n a\u00e9rea ida y vuelta desde su pa\u00eds de origen, movilizaci\u00f3n interna, alimentaci\u00f3n, hospedaje, materiales, visitas a espacios, registro de foto\/video y m\u00e1s. Esto es posible, a\u00f1ade Mariuxi \u00c1vila, gracias al fondo IBERESCENA del cual el proyecto result\u00f3 beneficiado.<\/p>\n\n\n\n<p>La residencia internacional tiene tres modalidades abiertas para un\/a artista seleccionado\/a por cada una:&nbsp;1. Danza Butoh: Agua\/territorio (del 2 al 14 septiembre).&nbsp;Artistas del butoh cuya exploraci\u00f3n est\u00e9tica y conceptual tengan el agua y\/o el territorio como eje central con m\u00e1s de 8 a\u00f1os de experiencia profesional.&nbsp;<\/p>\n\n\n\n<p>2. Performance\/Arte-acci\u00f3n: Mujeres, comunidad e Interculturalidad (del 2 al 14 septiembre). Artistas mujeres del performance\/Arte-acci\u00f3n cuya pr\u00e1ctica trabaja con las coyunturas del tejido social con \u00e9nfasis en la interculturalidad con m\u00e1s de 5 a\u00f1os de experiencia profesional.&nbsp;<\/p>\n\n\n\n<p>3. Artes esc\u00e9nicas antropol\u00f3gicas: Memoria, Identidad, Saberes (del 21 de octubre al 3 de noviembre).&nbsp;Artistas esc\u00e9nicos de pr\u00e1cticas relacionadas con la memoria social, teatro antropol\u00f3gico, popular, oralidad, saberes ancestrales, danzas y m\u00e1s, cuyos trabajos est\u00e1n basados en una investigaci\u00f3n permanente de tradiciones y del legado de las culturas ancestrales de Am\u00e9rica con m\u00e1s de 15 a\u00f1os de experiencia profesional. Esta residencia convive con tradiciones alrededor del d\u00eda de los muertos.<\/p>\n\n\n\n<p>Para mayor informaci\u00f3n escribir a: <a href=\"mailto:escenacolonche@gmail.com\">escenacolonche@gmail.com<\/a><\/p>\n\n\n\n<p>*El Fondo de Ayudas para las Artes Esc\u00e9nicas Iberoamericanas IBERESCENA fue creado en noviembre de 2006 sobre la base de las decisiones adoptadas por la Cumbre Iberoamericana de Jefes de Estado y de Gobierno celebrada en Montevideo (Uruguay), relativas a la ejecuci\u00f3n de un programa de fomento, intercambio e integraci\u00f3n de la actividad de las artes esc\u00e9nicas iberoamericanas. IBERESCENA, a trav\u00e9s de sus convocatorias, pretende promover en los Estados miembros y por medio de ayudas financieras, la creaci\u00f3n de un espacio de integraci\u00f3n de las Artes Esc\u00e9nicas.<\/p>\n\n\n\n<p><\/p>","protected":false},"excerpt":{"rendered":"<p>Arranc\u00f3 el viernes 6 de junio y se mantendr\u00e1 hasta el pr\u00f3ximo lunes 30. Es la convocatoria a las residencias internacionales Escena Colonche, un programa de artes vivas en territorio. Gracias al fondo IBERESCENA, del cual el proyecto result\u00f3 beneficiado, est\u00e1 dirigida a artistas provenientes de Argentina, Bolivia, Brasil, Colombia, Chile, Costa Rica, Cuba, El Salvador, Espa\u00f1a, Guatemala, Honduras, M\u00e9xico, Panam\u00e1, Paraguay, Per\u00fa, Portugal y Uruguay; Ecuador no por ser pa\u00eds sede.<\/p>","protected":false},"author":10,"featured_media":73919,"comment_status":"open","ping_status":"open","sticky":false,"template":"","format":"standard","meta":{"_acf_changed":false,"_uag_custom_page_level_css":"","_monsterinsights_skip_tracking":false,"_monsterinsights_sitenote_active":false,"_monsterinsights_sitenote_note":"","_monsterinsights_sitenote_category":0,"cybocfi_hide_featured_image":"","footnotes":""},"categories":[80,82,75,77],"tags":[518],"infouartes":[],"class_list":["post-73918","post","type-post","status-publish","format-standard","has-post-thumbnail","hentry","category-academico","category-artes","category-docentes","category-gestion","tag-produccion"],"acf":[],"yoast_head":"<!-- This site is optimized with the Yoast SEO plugin v27.4 - https:\/\/yoast.com\/product\/yoast-seo-wordpress\/ -->\n<title>Universidad de las Artes - Convocatoria a residencias internacionales Escena Colonche, programa de artes vivas<\/title>\n<meta name=\"description\" content=\"Universidad de las Artes - Convocatoria a residencias internacionales Escena Colonche, programa de artes vivas\" \/>\n<meta name=\"robots\" content=\"index, follow, max-snippet:-1, max-image-preview:large, max-video-preview:-1\" \/>\n<link rel=\"canonical\" href=\"https:\/\/www.uartes.edu.ec\/sitio\/fr\/blog\/2025\/06\/19\/convocatoria-a-residencias-internacionales-escena-colonche\/\" \/>\n<meta property=\"og:locale\" content=\"fr_FR\" \/>\n<meta property=\"og:type\" content=\"article\" \/>\n<meta property=\"og:title\" content=\"Universidad de las Artes - Convocatoria a residencias internacionales Escena Colonche, programa de artes vivas\" \/>\n<meta property=\"og:description\" content=\"Universidad de las Artes - Convocatoria a residencias internacionales Escena Colonche, programa de artes vivas\" \/>\n<meta property=\"og:url\" content=\"https:\/\/www.uartes.edu.ec\/sitio\/fr\/blog\/2025\/06\/19\/convocatoria-a-residencias-internacionales-escena-colonche\/\" \/>\n<meta property=\"og:site_name\" content=\"Universidad de las Artes\" \/>\n<meta property=\"article:publisher\" content=\"https:\/\/www.facebook.com\/uartesec\" \/>\n<meta property=\"article:published_time\" content=\"2025-06-19T23:20:00+00:00\" \/>\n<meta property=\"article:modified_time\" content=\"2025-06-24T01:26:21+00:00\" \/>\n<meta property=\"og:image\" content=\"https:\/\/www.uartes.edu.ec\/sitio\/wp-content\/uploads\/2025\/06\/Colonche.jpeg\" \/>\n\t<meta property=\"og:image:width\" content=\"2000\" \/>\n\t<meta property=\"og:image:height\" content=\"1333\" \/>\n\t<meta property=\"og:image:type\" content=\"image\/jpeg\" \/>\n<meta name=\"author\" content=\"ccortez\" \/>\n<meta name=\"twitter:card\" content=\"summary_large_image\" \/>\n<meta name=\"twitter:creator\" content=\"@uartesec\" \/>\n<meta name=\"twitter:site\" content=\"@uartesec\" \/>\n<meta name=\"twitter:label1\" content=\"\u00c9crit par\" \/>\n\t<meta name=\"twitter:data1\" content=\"ccortez\" \/>\n\t<meta name=\"twitter:label2\" content=\"Dur\u00e9e de lecture estim\u00e9e\" \/>\n\t<meta name=\"twitter:data2\" content=\"2 minutes\" \/>\n<script type=\"application\/ld+json\" class=\"yoast-schema-graph\">{\"@context\":\"https:\\\/\\\/schema.org\",\"@graph\":[{\"@type\":\"Article\",\"@id\":\"https:\\\/\\\/www.uartes.edu.ec\\\/sitio\\\/fr\\\/blog\\\/2025\\\/06\\\/19\\\/convocatoria-a-residencias-internacionales-escena-colonche\\\/#article\",\"isPartOf\":{\"@id\":\"https:\\\/\\\/www.uartes.edu.ec\\\/sitio\\\/fr\\\/blog\\\/2025\\\/06\\\/19\\\/convocatoria-a-residencias-internacionales-escena-colonche\\\/\"},\"author\":{\"name\":\"ccortez\",\"@id\":\"https:\\\/\\\/www.uartes.edu.ec\\\/sitio\\\/fr\\\/#\\\/schema\\\/person\\\/efa1b8275797664fd7f13a79ccc0b1f4\"},\"headline\":\"Convocatoria a residencias internacionales Escena Colonche, programa de artes vivas\",\"datePublished\":\"2025-06-19T23:20:00+00:00\",\"dateModified\":\"2025-06-24T01:26:21+00:00\",\"mainEntityOfPage\":{\"@id\":\"https:\\\/\\\/www.uartes.edu.ec\\\/sitio\\\/fr\\\/blog\\\/2025\\\/06\\\/19\\\/convocatoria-a-residencias-internacionales-escena-colonche\\\/\"},\"wordCount\":506,\"commentCount\":0,\"publisher\":{\"@id\":\"https:\\\/\\\/www.uartes.edu.ec\\\/sitio\\\/fr\\\/#organization\"},\"image\":{\"@id\":\"https:\\\/\\\/www.uartes.edu.ec\\\/sitio\\\/fr\\\/blog\\\/2025\\\/06\\\/19\\\/convocatoria-a-residencias-internacionales-escena-colonche\\\/#primaryimage\"},\"thumbnailUrl\":\"https:\\\/\\\/www.uartes.edu.ec\\\/sitio\\\/wp-content\\\/uploads\\\/2025\\\/06\\\/Colonche.jpeg\",\"keywords\":[\"producci\u00f3n\"],\"articleSection\":[\"Acad\u00e9mico\",\"Artes\",\"Docentes\",\"Gesti\u00f3n\"],\"inLanguage\":\"fr-FR\",\"potentialAction\":[{\"@type\":\"CommentAction\",\"name\":\"Comment\",\"target\":[\"https:\\\/\\\/www.uartes.edu.ec\\\/sitio\\\/fr\\\/blog\\\/2025\\\/06\\\/19\\\/convocatoria-a-residencias-internacionales-escena-colonche\\\/#respond\"]}]},{\"@type\":[\"WebPage\",\"ItemPage\"],\"@id\":\"https:\\\/\\\/www.uartes.edu.ec\\\/sitio\\\/fr\\\/blog\\\/2025\\\/06\\\/19\\\/convocatoria-a-residencias-internacionales-escena-colonche\\\/\",\"url\":\"https:\\\/\\\/www.uartes.edu.ec\\\/sitio\\\/fr\\\/blog\\\/2025\\\/06\\\/19\\\/convocatoria-a-residencias-internacionales-escena-colonche\\\/\",\"name\":\"Universidad de las Artes - Convocatoria a residencias internacionales Escena Colonche, programa de artes vivas\",\"isPartOf\":{\"@id\":\"https:\\\/\\\/www.uartes.edu.ec\\\/sitio\\\/fr\\\/#website\"},\"primaryImageOfPage\":{\"@id\":\"https:\\\/\\\/www.uartes.edu.ec\\\/sitio\\\/fr\\\/blog\\\/2025\\\/06\\\/19\\\/convocatoria-a-residencias-internacionales-escena-colonche\\\/#primaryimage\"},\"image\":{\"@id\":\"https:\\\/\\\/www.uartes.edu.ec\\\/sitio\\\/fr\\\/blog\\\/2025\\\/06\\\/19\\\/convocatoria-a-residencias-internacionales-escena-colonche\\\/#primaryimage\"},\"thumbnailUrl\":\"https:\\\/\\\/www.uartes.edu.ec\\\/sitio\\\/wp-content\\\/uploads\\\/2025\\\/06\\\/Colonche.jpeg\",\"datePublished\":\"2025-06-19T23:20:00+00:00\",\"dateModified\":\"2025-06-24T01:26:21+00:00\",\"description\":\"Universidad de las Artes - Convocatoria a residencias internacionales Escena Colonche, programa de artes vivas\",\"breadcrumb\":{\"@id\":\"https:\\\/\\\/www.uartes.edu.ec\\\/sitio\\\/fr\\\/blog\\\/2025\\\/06\\\/19\\\/convocatoria-a-residencias-internacionales-escena-colonche\\\/#breadcrumb\"},\"inLanguage\":\"fr-FR\",\"potentialAction\":[{\"@type\":\"ReadAction\",\"target\":[\"https:\\\/\\\/www.uartes.edu.ec\\\/sitio\\\/fr\\\/blog\\\/2025\\\/06\\\/19\\\/convocatoria-a-residencias-internacionales-escena-colonche\\\/\"]}]},{\"@type\":\"ImageObject\",\"inLanguage\":\"fr-FR\",\"@id\":\"https:\\\/\\\/www.uartes.edu.ec\\\/sitio\\\/fr\\\/blog\\\/2025\\\/06\\\/19\\\/convocatoria-a-residencias-internacionales-escena-colonche\\\/#primaryimage\",\"url\":\"https:\\\/\\\/www.uartes.edu.ec\\\/sitio\\\/wp-content\\\/uploads\\\/2025\\\/06\\\/Colonche.jpeg\",\"contentUrl\":\"https:\\\/\\\/www.uartes.edu.ec\\\/sitio\\\/wp-content\\\/uploads\\\/2025\\\/06\\\/Colonche.jpeg\",\"width\":2000,\"height\":1333},{\"@type\":\"BreadcrumbList\",\"@id\":\"https:\\\/\\\/www.uartes.edu.ec\\\/sitio\\\/fr\\\/blog\\\/2025\\\/06\\\/19\\\/convocatoria-a-residencias-internacionales-escena-colonche\\\/#breadcrumb\",\"itemListElement\":[{\"@type\":\"ListItem\",\"position\":1,\"name\":\"Inicio\",\"item\":\"https:\\\/\\\/www.uartes.edu.ec\\\/sitio\\\/\"},{\"@type\":\"ListItem\",\"position\":2,\"name\":\"Convocatoria a residencias internacionales Escena Colonche, programa de artes vivas\"}]},{\"@type\":\"WebSite\",\"@id\":\"https:\\\/\\\/www.uartes.edu.ec\\\/sitio\\\/fr\\\/#website\",\"url\":\"https:\\\/\\\/www.uartes.edu.ec\\\/sitio\\\/fr\\\/\",\"name\":\"Universidad de las Artes\",\"description\":\"Sitio oficial de la Universidad Nacional de las Artes del Ecuador\",\"publisher\":{\"@id\":\"https:\\\/\\\/www.uartes.edu.ec\\\/sitio\\\/fr\\\/#organization\"},\"potentialAction\":[{\"@type\":\"SearchAction\",\"target\":{\"@type\":\"EntryPoint\",\"urlTemplate\":\"https:\\\/\\\/www.uartes.edu.ec\\\/sitio\\\/fr\\\/?s={search_term_string}\"},\"query-input\":{\"@type\":\"PropertyValueSpecification\",\"valueRequired\":true,\"valueName\":\"search_term_string\"}}],\"inLanguage\":\"fr-FR\"},{\"@type\":\"Organization\",\"@id\":\"https:\\\/\\\/www.uartes.edu.ec\\\/sitio\\\/fr\\\/#organization\",\"name\":\"Universidad de las Artes\",\"url\":\"https:\\\/\\\/www.uartes.edu.ec\\\/sitio\\\/fr\\\/\",\"logo\":{\"@type\":\"ImageObject\",\"inLanguage\":\"fr-FR\",\"@id\":\"https:\\\/\\\/www.uartes.edu.ec\\\/sitio\\\/fr\\\/#\\\/schema\\\/logo\\\/image\\\/\",\"url\":\"https:\\\/\\\/www.uartes.edu.ec\\\/sitio\\\/wp-content\\\/uploads\\\/2022\\\/07\\\/logo-ua-horizontal.png\",\"contentUrl\":\"https:\\\/\\\/www.uartes.edu.ec\\\/sitio\\\/wp-content\\\/uploads\\\/2022\\\/07\\\/logo-ua-horizontal.png\",\"width\":800,\"height\":276,\"caption\":\"Universidad de las Artes\"},\"image\":{\"@id\":\"https:\\\/\\\/www.uartes.edu.ec\\\/sitio\\\/fr\\\/#\\\/schema\\\/logo\\\/image\\\/\"},\"sameAs\":[\"https:\\\/\\\/www.facebook.com\\\/uartesec\",\"https:\\\/\\\/x.com\\\/uartesec\",\"https:\\\/\\\/www.tiktok.com\\\/@uartesec\"]},{\"@type\":\"Person\",\"@id\":\"https:\\\/\\\/www.uartes.edu.ec\\\/sitio\\\/fr\\\/#\\\/schema\\\/person\\\/efa1b8275797664fd7f13a79ccc0b1f4\",\"name\":\"ccortez\",\"image\":{\"@type\":\"ImageObject\",\"inLanguage\":\"fr-FR\",\"@id\":\"https:\\\/\\\/secure.gravatar.com\\\/avatar\\\/b2a6f664a3ae8e074346ef91775736c5ec479e637ecced6842de9dc98b5da9cd?s=96&d=mm&r=g\",\"url\":\"https:\\\/\\\/secure.gravatar.com\\\/avatar\\\/b2a6f664a3ae8e074346ef91775736c5ec479e637ecced6842de9dc98b5da9cd?s=96&d=mm&r=g\",\"contentUrl\":\"https:\\\/\\\/secure.gravatar.com\\\/avatar\\\/b2a6f664a3ae8e074346ef91775736c5ec479e637ecced6842de9dc98b5da9cd?s=96&d=mm&r=g\",\"caption\":\"ccortez\"},\"url\":\"https:\\\/\\\/www.uartes.edu.ec\\\/sitio\\\/fr\\\/blog\\\/author\\\/ccortez\\\/\"}]}<\/script>\n<!-- \/ Yoast SEO plugin. -->","yoast_head_json":{"title":"Universidad de las Artes - Convocatoria a residencias internacionales Escena Colonche, programa de artes vivas","description":"Universidad de las Artes - Convocatoria a residencias internacionales Escena Colonche, programa de artes vivas","robots":{"index":"index","follow":"follow","max-snippet":"max-snippet:-1","max-image-preview":"max-image-preview:large","max-video-preview":"max-video-preview:-1"},"canonical":"https:\/\/www.uartes.edu.ec\/sitio\/fr\/blog\/2025\/06\/19\/convocatoria-a-residencias-internacionales-escena-colonche\/","og_locale":"fr_FR","og_type":"article","og_title":"Universidad de las Artes - Convocatoria a residencias internacionales Escena Colonche, programa de artes vivas","og_description":"Universidad de las Artes - Convocatoria a residencias internacionales Escena Colonche, programa de artes vivas","og_url":"https:\/\/www.uartes.edu.ec\/sitio\/fr\/blog\/2025\/06\/19\/convocatoria-a-residencias-internacionales-escena-colonche\/","og_site_name":"Universidad de las Artes","article_publisher":"https:\/\/www.facebook.com\/uartesec","article_published_time":"2025-06-19T23:20:00+00:00","article_modified_time":"2025-06-24T01:26:21+00:00","og_image":[{"width":2000,"height":1333,"url":"https:\/\/www.uartes.edu.ec\/sitio\/wp-content\/uploads\/2025\/06\/Colonche.jpeg","type":"image\/jpeg"}],"author":"ccortez","twitter_card":"summary_large_image","twitter_creator":"@uartesec","twitter_site":"@uartesec","twitter_misc":{"\u00c9crit par":"ccortez","Dur\u00e9e de lecture estim\u00e9e":"2 minutes"},"schema":{"@context":"https:\/\/schema.org","@graph":[{"@type":"Article","@id":"https:\/\/www.uartes.edu.ec\/sitio\/fr\/blog\/2025\/06\/19\/convocatoria-a-residencias-internacionales-escena-colonche\/#article","isPartOf":{"@id":"https:\/\/www.uartes.edu.ec\/sitio\/fr\/blog\/2025\/06\/19\/convocatoria-a-residencias-internacionales-escena-colonche\/"},"author":{"name":"ccortez","@id":"https:\/\/www.uartes.edu.ec\/sitio\/fr\/#\/schema\/person\/efa1b8275797664fd7f13a79ccc0b1f4"},"headline":"Convocatoria a residencias internacionales Escena Colonche, programa de artes vivas","datePublished":"2025-06-19T23:20:00+00:00","dateModified":"2025-06-24T01:26:21+00:00","mainEntityOfPage":{"@id":"https:\/\/www.uartes.edu.ec\/sitio\/fr\/blog\/2025\/06\/19\/convocatoria-a-residencias-internacionales-escena-colonche\/"},"wordCount":506,"commentCount":0,"publisher":{"@id":"https:\/\/www.uartes.edu.ec\/sitio\/fr\/#organization"},"image":{"@id":"https:\/\/www.uartes.edu.ec\/sitio\/fr\/blog\/2025\/06\/19\/convocatoria-a-residencias-internacionales-escena-colonche\/#primaryimage"},"thumbnailUrl":"https:\/\/www.uartes.edu.ec\/sitio\/wp-content\/uploads\/2025\/06\/Colonche.jpeg","keywords":["producci\u00f3n"],"articleSection":["Acad\u00e9mico","Artes","Docentes","Gesti\u00f3n"],"inLanguage":"fr-FR","potentialAction":[{"@type":"CommentAction","name":"Comment","target":["https:\/\/www.uartes.edu.ec\/sitio\/fr\/blog\/2025\/06\/19\/convocatoria-a-residencias-internacionales-escena-colonche\/#respond"]}]},{"@type":["WebPage","ItemPage"],"@id":"https:\/\/www.uartes.edu.ec\/sitio\/fr\/blog\/2025\/06\/19\/convocatoria-a-residencias-internacionales-escena-colonche\/","url":"https:\/\/www.uartes.edu.ec\/sitio\/fr\/blog\/2025\/06\/19\/convocatoria-a-residencias-internacionales-escena-colonche\/","name":"Universidad de las Artes - Convocatoria a residencias internacionales Escena Colonche, programa de artes vivas","isPartOf":{"@id":"https:\/\/www.uartes.edu.ec\/sitio\/fr\/#website"},"primaryImageOfPage":{"@id":"https:\/\/www.uartes.edu.ec\/sitio\/fr\/blog\/2025\/06\/19\/convocatoria-a-residencias-internacionales-escena-colonche\/#primaryimage"},"image":{"@id":"https:\/\/www.uartes.edu.ec\/sitio\/fr\/blog\/2025\/06\/19\/convocatoria-a-residencias-internacionales-escena-colonche\/#primaryimage"},"thumbnailUrl":"https:\/\/www.uartes.edu.ec\/sitio\/wp-content\/uploads\/2025\/06\/Colonche.jpeg","datePublished":"2025-06-19T23:20:00+00:00","dateModified":"2025-06-24T01:26:21+00:00","description":"Universidad de las Artes - Convocatoria a residencias internacionales Escena Colonche, programa de artes vivas","breadcrumb":{"@id":"https:\/\/www.uartes.edu.ec\/sitio\/fr\/blog\/2025\/06\/19\/convocatoria-a-residencias-internacionales-escena-colonche\/#breadcrumb"},"inLanguage":"fr-FR","potentialAction":[{"@type":"ReadAction","target":["https:\/\/www.uartes.edu.ec\/sitio\/fr\/blog\/2025\/06\/19\/convocatoria-a-residencias-internacionales-escena-colonche\/"]}]},{"@type":"ImageObject","inLanguage":"fr-FR","@id":"https:\/\/www.uartes.edu.ec\/sitio\/fr\/blog\/2025\/06\/19\/convocatoria-a-residencias-internacionales-escena-colonche\/#primaryimage","url":"https:\/\/www.uartes.edu.ec\/sitio\/wp-content\/uploads\/2025\/06\/Colonche.jpeg","contentUrl":"https:\/\/www.uartes.edu.ec\/sitio\/wp-content\/uploads\/2025\/06\/Colonche.jpeg","width":2000,"height":1333},{"@type":"BreadcrumbList","@id":"https:\/\/www.uartes.edu.ec\/sitio\/fr\/blog\/2025\/06\/19\/convocatoria-a-residencias-internacionales-escena-colonche\/#breadcrumb","itemListElement":[{"@type":"ListItem","position":1,"name":"Inicio","item":"https:\/\/www.uartes.edu.ec\/sitio\/"},{"@type":"ListItem","position":2,"name":"Convocatoria a residencias internacionales Escena Colonche, programa de artes vivas"}]},{"@type":"WebSite","@id":"https:\/\/www.uartes.edu.ec\/sitio\/fr\/#website","url":"https:\/\/www.uartes.edu.ec\/sitio\/fr\/","name":"Universidad de las Artes","description":"Sitio oficial de la Universidad Nacional de las Artes del Ecuador","publisher":{"@id":"https:\/\/www.uartes.edu.ec\/sitio\/fr\/#organization"},"potentialAction":[{"@type":"SearchAction","target":{"@type":"EntryPoint","urlTemplate":"https:\/\/www.uartes.edu.ec\/sitio\/fr\/?s={search_term_string}"},"query-input":{"@type":"PropertyValueSpecification","valueRequired":true,"valueName":"search_term_string"}}],"inLanguage":"fr-FR"},{"@type":"Organization","@id":"https:\/\/www.uartes.edu.ec\/sitio\/fr\/#organization","name":"Universidad de las Artes","url":"https:\/\/www.uartes.edu.ec\/sitio\/fr\/","logo":{"@type":"ImageObject","inLanguage":"fr-FR","@id":"https:\/\/www.uartes.edu.ec\/sitio\/fr\/#\/schema\/logo\/image\/","url":"https:\/\/www.uartes.edu.ec\/sitio\/wp-content\/uploads\/2022\/07\/logo-ua-horizontal.png","contentUrl":"https:\/\/www.uartes.edu.ec\/sitio\/wp-content\/uploads\/2022\/07\/logo-ua-horizontal.png","width":800,"height":276,"caption":"Universidad de las Artes"},"image":{"@id":"https:\/\/www.uartes.edu.ec\/sitio\/fr\/#\/schema\/logo\/image\/"},"sameAs":["https:\/\/www.facebook.com\/uartesec","https:\/\/x.com\/uartesec","https:\/\/www.tiktok.com\/@uartesec"]},{"@type":"Person","@id":"https:\/\/www.uartes.edu.ec\/sitio\/fr\/#\/schema\/person\/efa1b8275797664fd7f13a79ccc0b1f4","name":"ccortez","image":{"@type":"ImageObject","inLanguage":"fr-FR","@id":"https:\/\/secure.gravatar.com\/avatar\/b2a6f664a3ae8e074346ef91775736c5ec479e637ecced6842de9dc98b5da9cd?s=96&d=mm&r=g","url":"https:\/\/secure.gravatar.com\/avatar\/b2a6f664a3ae8e074346ef91775736c5ec479e637ecced6842de9dc98b5da9cd?s=96&d=mm&r=g","contentUrl":"https:\/\/secure.gravatar.com\/avatar\/b2a6f664a3ae8e074346ef91775736c5ec479e637ecced6842de9dc98b5da9cd?s=96&d=mm&r=g","caption":"ccortez"},"url":"https:\/\/www.uartes.edu.ec\/sitio\/fr\/blog\/author\/ccortez\/"}]}},"uagb_featured_image_src":{"full":["https:\/\/www.uartes.edu.ec\/sitio\/wp-content\/uploads\/2025\/06\/Colonche.jpeg",2000,1333,false],"thumbnail":["https:\/\/www.uartes.edu.ec\/sitio\/wp-content\/uploads\/2025\/06\/Colonche-150x150.jpeg",150,150,true],"medium":["https:\/\/www.uartes.edu.ec\/sitio\/wp-content\/uploads\/2025\/06\/Colonche-300x200.jpeg",300,200,true],"medium_large":["https:\/\/www.uartes.edu.ec\/sitio\/wp-content\/uploads\/2025\/06\/Colonche-768x512.jpeg",768,512,true],"large":["https:\/\/www.uartes.edu.ec\/sitio\/wp-content\/uploads\/2025\/06\/Colonche-644x429.jpeg",644,429,true],"1536x1536":["https:\/\/www.uartes.edu.ec\/sitio\/wp-content\/uploads\/2025\/06\/Colonche-1536x1024.jpeg",1536,1024,true],"2048x2048":["https:\/\/www.uartes.edu.ec\/sitio\/wp-content\/uploads\/2025\/06\/Colonche.jpeg",2000,1333,false],"trp-custom-language-flag":["https:\/\/www.uartes.edu.ec\/sitio\/wp-content\/uploads\/2025\/06\/Colonche-18x12.jpeg",18,12,true],"htmega_size_585x295":["https:\/\/www.uartes.edu.ec\/sitio\/wp-content\/uploads\/2025\/06\/Colonche-585x295.jpeg",585,295,true],"htmega_size_1170x536":["https:\/\/www.uartes.edu.ec\/sitio\/wp-content\/uploads\/2025\/06\/Colonche-1170x536.jpeg",1170,536,true],"htmega_size_396x360":["https:\/\/www.uartes.edu.ec\/sitio\/wp-content\/uploads\/2025\/06\/Colonche-396x360.jpeg",396,360,true],"gb-block-post-grid-landscape":["https:\/\/www.uartes.edu.ec\/sitio\/wp-content\/uploads\/2025\/06\/Colonche-600x400.jpeg",600,400,true],"gb-block-post-grid-square":["https:\/\/www.uartes.edu.ec\/sitio\/wp-content\/uploads\/2025\/06\/Colonche-600x600.jpeg",600,600,true],"university-hub-thumb":["https:\/\/www.uartes.edu.ec\/sitio\/wp-content\/uploads\/2025\/06\/Colonche-400x267.jpeg",400,267,true]},"uagb_author_info":{"display_name":"ccortez","author_link":"https:\/\/www.uartes.edu.ec\/sitio\/fr\/blog\/author\/ccortez\/"},"uagb_comment_info":0,"uagb_excerpt":"Arranc\u00f3 el viernes 6 de junio y se mantendr\u00e1 hasta el pr\u00f3ximo lunes 30. Es la convocatoria a las residencias internacionales Escena Colonche, un programa de artes vivas en territorio. Gracias al fondo IBERESCENA, del cual el proyecto result\u00f3 beneficiado, est\u00e1 dirigida a artistas provenientes de Argentina, Bolivia, Brasil, Colombia, Chile, Costa Rica, Cuba, El\u2026","featured_image_src":"https:\/\/www.uartes.edu.ec\/sitio\/wp-content\/uploads\/2025\/06\/Colonche-600x400.jpeg","featured_image_src_square":"https:\/\/www.uartes.edu.ec\/sitio\/wp-content\/uploads\/2025\/06\/Colonche-600x600.jpeg","author_info":{"display_name":"ccortez","author_link":"https:\/\/www.uartes.edu.ec\/sitio\/fr\/blog\/author\/ccortez\/"},"publishpress_future_workflow_manual_trigger":{"enabledWorkflows":[]},"distributor_meta":false,"distributor_terms":false,"distributor_media":false,"distributor_original_site_name":"Universidad de las Artes","distributor_original_site_url":"https:\/\/www.uartes.edu.ec\/sitio\/fr","push-errors":false,"_links":{"self":[{"href":"https:\/\/www.uartes.edu.ec\/sitio\/fr\/wp-json\/wp\/v2\/posts\/73918","targetHints":{"allow":["GET"]}}],"collection":[{"href":"https:\/\/www.uartes.edu.ec\/sitio\/fr\/wp-json\/wp\/v2\/posts"}],"about":[{"href":"https:\/\/www.uartes.edu.ec\/sitio\/fr\/wp-json\/wp\/v2\/types\/post"}],"author":[{"embeddable":true,"href":"https:\/\/www.uartes.edu.ec\/sitio\/fr\/wp-json\/wp\/v2\/users\/10"}],"replies":[{"embeddable":true,"href":"https:\/\/www.uartes.edu.ec\/sitio\/fr\/wp-json\/wp\/v2\/comments?post=73918"}],"version-history":[{"count":4,"href":"https:\/\/www.uartes.edu.ec\/sitio\/fr\/wp-json\/wp\/v2\/posts\/73918\/revisions"}],"predecessor-version":[{"id":73931,"href":"https:\/\/www.uartes.edu.ec\/sitio\/fr\/wp-json\/wp\/v2\/posts\/73918\/revisions\/73931"}],"wp:featuredmedia":[{"embeddable":true,"href":"https:\/\/www.uartes.edu.ec\/sitio\/fr\/wp-json\/wp\/v2\/media\/73919"}],"wp:attachment":[{"href":"https:\/\/www.uartes.edu.ec\/sitio\/fr\/wp-json\/wp\/v2\/media?parent=73918"}],"wp:term":[{"taxonomy":"category","embeddable":true,"href":"https:\/\/www.uartes.edu.ec\/sitio\/fr\/wp-json\/wp\/v2\/categories?post=73918"},{"taxonomy":"post_tag","embeddable":true,"href":"https:\/\/www.uartes.edu.ec\/sitio\/fr\/wp-json\/wp\/v2\/tags?post=73918"},{"taxonomy":"infouartes","embeddable":true,"href":"https:\/\/www.uartes.edu.ec\/sitio\/fr\/wp-json\/wp\/v2\/infouartes?post=73918"}],"curies":[{"name":"wp","href":"https:\/\/api.w.org\/{rel}","templated":true}]}}