{"id":74390,"date":"2025-07-01T14:36:25","date_gmt":"2025-07-01T19:36:25","guid":{"rendered":"https:\/\/www.uartes.edu.ec\/sitio\/?p=74390"},"modified":"2025-07-01T15:22:49","modified_gmt":"2025-07-01T20:22:49","slug":"ensamble-de-flautas-traversas-y-tradicionales-de-la-uartes-presente-en-festival-internacional-de-flautistas-en-el-centro-del-mundo","status":"publish","type":"post","link":"https:\/\/www.uartes.edu.ec\/sitio\/fr\/blog\/2025\/07\/01\/ensamble-de-flautas-traversas-y-tradicionales-de-la-uartes-presente-en-festival-internacional-de-flautistas-en-el-centro-del-mundo\/","title":{"rendered":"El Ensamble de Flautas Traversas y Tradicionales de la UArtes, presente en Festival Internacional de Flautistas"},"content":{"rendered":"<p>La Universidad de las Artes particip\u00f3 por primera vez en el Festival Internacional de Flautistas en el Centro del Mundo, que en su XXXII tuvo lugar en Quito. Organizado por el maestro Luciano Carrera Galarza, exflautista de la Orquesta Sinf\u00f3nica Nacional del Ecuador, el evento no solo celebr\u00f3 la excelencia interpretativa de sus participantes, sino tambi\u00e9n la diversidad sonora que enriquece el repertorio de la flauta al proponer a artistas de distintas latitudes, estilos y trayectoria.<\/p>\n\n\n\n<p>En la cita, desarrollada a inicios de junio, particip\u00f3 el Ensamble de Flautas Traversas y Tradicionales que dirige el docente Luis Carlos Moreno, de la Escuela de Artes Sonoras, quien dicta la C\u00e1tedra de Flauta. \u201cEs un festival muy importante en Latinoam\u00e9rica e hist\u00f3rico por su n\u00famero de versiones. Recibimos la invitaci\u00f3n a nombre personal y para nuestros estudiantes. Contamos, adem\u00e1s, con la participaci\u00f3n de la maestra Zoila Cevallos, con quien interpretamos y tenemos m\u00fasica in\u00e9dita de compositores colombo-ecuatorianos\u201d, indic\u00f3.<\/p>\n\n\n\n<p>Junto con recitales y conciertos, y actividades como clases magistrales y perform\u00e1ticas, en el festival se realiz\u00f3 tambi\u00e9n la segunda edici\u00f3n del Concurso Nacional de Flauta Traversa Luciano Carrera Galarza, en el cual intervinieron el estudiante Jes\u00fas D\u00e1vila y la graduada Ariana Gloria. El primero estuvo entre los semifinalistas y la segunda lleg\u00f3 a la final, lo cual Luis Carlos Moreno se\u00f1ala como un gran resultado, pues compitieron todas las universidades del Ecuador. \u201cEn la primera eliminatoria del certamen entre 30 o 40 flautistas, y para la final fueron cinco los seleccionados\u201d.<\/p>\n\n\n<div class=\"wp-block-image\">\n<figure class=\"aligncenter size-large\"><img fetchpriority=\"high\" decoding=\"async\" width=\"644\" height=\"429\" src=\"https:\/\/www.uartes.edu.ec\/sitio\/wp-content\/uploads\/2025\/07\/Proyecto-Cambiar-tamano-de-imagen-2025-06-25T110112.944-644x429.jpeg\" alt=\"\" class=\"wp-image-74392\" srcset=\"https:\/\/www.uartes.edu.ec\/sitio\/wp-content\/uploads\/2025\/07\/Proyecto-Cambiar-tamano-de-imagen-2025-06-25T110112.944-644x429.jpeg 644w, https:\/\/www.uartes.edu.ec\/sitio\/wp-content\/uploads\/2025\/07\/Proyecto-Cambiar-tamano-de-imagen-2025-06-25T110112.944-300x200.jpeg 300w, https:\/\/www.uartes.edu.ec\/sitio\/wp-content\/uploads\/2025\/07\/Proyecto-Cambiar-tamano-de-imagen-2025-06-25T110112.944-768x512.jpeg 768w, https:\/\/www.uartes.edu.ec\/sitio\/wp-content\/uploads\/2025\/07\/Proyecto-Cambiar-tamano-de-imagen-2025-06-25T110112.944-1536x1024.jpeg 1536w, https:\/\/www.uartes.edu.ec\/sitio\/wp-content\/uploads\/2025\/07\/Proyecto-Cambiar-tamano-de-imagen-2025-06-25T110112.944-18x12.jpeg 18w, https:\/\/www.uartes.edu.ec\/sitio\/wp-content\/uploads\/2025\/07\/Proyecto-Cambiar-tamano-de-imagen-2025-06-25T110112.944-600x400.jpeg 600w, https:\/\/www.uartes.edu.ec\/sitio\/wp-content\/uploads\/2025\/07\/Proyecto-Cambiar-tamano-de-imagen-2025-06-25T110112.944-400x267.jpeg 400w, https:\/\/www.uartes.edu.ec\/sitio\/wp-content\/uploads\/2025\/07\/Proyecto-Cambiar-tamano-de-imagen-2025-06-25T110112.944.jpeg 2000w\" sizes=\"(max-width: 644px) 100vw, 644px\" \/><\/figure>\n<\/div>\n\n\n<p>Con Luis Carlos Moreno, el Ensamble de Flautas Traversas y Tradicionales que lleg\u00f3 al festival internacional lo integraron Jes\u00fas D\u00e1vila (piccolo, flauta traversa y quena), Caleb V\u00e9lez (flauta traversa y quena) y Ariana Gloria (flauta traversa, flauta alto y vientos andinos). \u201cEn esta ocasi\u00f3n nos presentamos como un cuarteto, pero la comitiva la integraron todos los alumnos de la C\u00e1tedra de Flauta porque era indispensable que vivieran la experiencia\u201d, dijo el docente.<\/p>\n\n\n\n<p>Acorde al cronograma del festival, Zoila Cevallos y Luis Carlos Moreno brindaron clases maestras. Cevallos el lunes 2 de junio en el Conservatorio Nacional de M\u00fasica y Moreno el jueves 5 en Villa Celia. En ambos lugares se realizaron el martes 3 y viernes 6 la semifinal y final, respectivamente, del Concurso Nacional de Flauta Traversa.<\/p>\n\n\n\n<p>El Ensamble de Flautas Traversas y Tradicionales tom\u00f3 parte en los recitales y conciertos el 2 y el 6 de junio, en el Conservatorio Nacional de M\u00fasica y el Museo de la Ciudad, y en su repertorio constaron: \u201cAndarele para cuarteto de flautas\u201d, de Dar\u00edo Moreira (estreno); \u201cCarnavalito Lito\u201d, de Carlos Radaelli; \u201cSanJuan Scherzado\u201d, de Ariana Gloria (estreno), y con sus arreglos de la alumnus: \u201cCoraz\u00f3n\u201d, de Julio Ca\u00f1ar, y \u201cLacito Blanco\u201d, de Alfonso Arauz.<\/p>\n\n\n\n<p>Los docentes Luis Carlos Moreno y Zoila Cevallos brindaron el martes 3, en Villa Celia, el recital \u201cMestizajes Sonoros: un viaje entre Colombia y Ecuador\u201d y las composiciones interpretadas fueron: \u201cMonta\u00f1as e Islas encantadas\u201d, de Blanca Layana; \u201cPatallucha, de Jamil Erazo; \u201cEscondida en las pupilas\u201d, de Leonardo C\u00e1rdenas; \u201cRecuerdos\u201d, de Ferney Lucero; y \u201cFantas\u00eda para flauta y piano\u201d, de Diego Monsalve Folleco. &nbsp;<\/p>\n\n\n\n<figure class=\"wp-block-gallery has-nested-images columns-default is-cropped wp-block-gallery-1 is-layout-flex wp-block-gallery-is-layout-flex\">\n<figure class=\"wp-block-image size-large\"><img decoding=\"async\" width=\"644\" height=\"429\" data-id=\"74393\" src=\"https:\/\/www.uartes.edu.ec\/sitio\/wp-content\/uploads\/2025\/07\/Proyecto-Cambiar-tamano-de-imagen-2025-06-25T110032.438-644x429.jpeg\" alt=\"\" class=\"wp-image-74393\" srcset=\"https:\/\/www.uartes.edu.ec\/sitio\/wp-content\/uploads\/2025\/07\/Proyecto-Cambiar-tamano-de-imagen-2025-06-25T110032.438-644x429.jpeg 644w, https:\/\/www.uartes.edu.ec\/sitio\/wp-content\/uploads\/2025\/07\/Proyecto-Cambiar-tamano-de-imagen-2025-06-25T110032.438-300x200.jpeg 300w, https:\/\/www.uartes.edu.ec\/sitio\/wp-content\/uploads\/2025\/07\/Proyecto-Cambiar-tamano-de-imagen-2025-06-25T110032.438-768x512.jpeg 768w, https:\/\/www.uartes.edu.ec\/sitio\/wp-content\/uploads\/2025\/07\/Proyecto-Cambiar-tamano-de-imagen-2025-06-25T110032.438-1536x1024.jpeg 1536w, https:\/\/www.uartes.edu.ec\/sitio\/wp-content\/uploads\/2025\/07\/Proyecto-Cambiar-tamano-de-imagen-2025-06-25T110032.438-18x12.jpeg 18w, https:\/\/www.uartes.edu.ec\/sitio\/wp-content\/uploads\/2025\/07\/Proyecto-Cambiar-tamano-de-imagen-2025-06-25T110032.438-600x400.jpeg 600w, https:\/\/www.uartes.edu.ec\/sitio\/wp-content\/uploads\/2025\/07\/Proyecto-Cambiar-tamano-de-imagen-2025-06-25T110032.438-400x267.jpeg 400w, https:\/\/www.uartes.edu.ec\/sitio\/wp-content\/uploads\/2025\/07\/Proyecto-Cambiar-tamano-de-imagen-2025-06-25T110032.438.jpeg 2000w\" sizes=\"(max-width: 644px) 100vw, 644px\" \/><\/figure>\n\n\n\n<figure class=\"wp-block-image size-large\"><img decoding=\"async\" width=\"644\" height=\"429\" data-id=\"74394\" src=\"https:\/\/www.uartes.edu.ec\/sitio\/wp-content\/uploads\/2025\/07\/Proyecto-Cambiar-tamano-de-imagen-2025-06-25T105919.862-644x429.jpeg\" alt=\"\" class=\"wp-image-74394\" srcset=\"https:\/\/www.uartes.edu.ec\/sitio\/wp-content\/uploads\/2025\/07\/Proyecto-Cambiar-tamano-de-imagen-2025-06-25T105919.862-644x429.jpeg 644w, https:\/\/www.uartes.edu.ec\/sitio\/wp-content\/uploads\/2025\/07\/Proyecto-Cambiar-tamano-de-imagen-2025-06-25T105919.862-300x200.jpeg 300w, https:\/\/www.uartes.edu.ec\/sitio\/wp-content\/uploads\/2025\/07\/Proyecto-Cambiar-tamano-de-imagen-2025-06-25T105919.862-768x512.jpeg 768w, https:\/\/www.uartes.edu.ec\/sitio\/wp-content\/uploads\/2025\/07\/Proyecto-Cambiar-tamano-de-imagen-2025-06-25T105919.862-1536x1024.jpeg 1536w, https:\/\/www.uartes.edu.ec\/sitio\/wp-content\/uploads\/2025\/07\/Proyecto-Cambiar-tamano-de-imagen-2025-06-25T105919.862-18x12.jpeg 18w, https:\/\/www.uartes.edu.ec\/sitio\/wp-content\/uploads\/2025\/07\/Proyecto-Cambiar-tamano-de-imagen-2025-06-25T105919.862-600x400.jpeg 600w, https:\/\/www.uartes.edu.ec\/sitio\/wp-content\/uploads\/2025\/07\/Proyecto-Cambiar-tamano-de-imagen-2025-06-25T105919.862-400x267.jpeg 400w, https:\/\/www.uartes.edu.ec\/sitio\/wp-content\/uploads\/2025\/07\/Proyecto-Cambiar-tamano-de-imagen-2025-06-25T105919.862.jpeg 2000w\" sizes=\"(max-width: 644px) 100vw, 644px\" \/><\/figure>\n<\/figure>\n\n\n<div class=\"wp-block-image\">\n<figure class=\"aligncenter size-large\"><img loading=\"lazy\" decoding=\"async\" width=\"644\" height=\"429\" src=\"https:\/\/www.uartes.edu.ec\/sitio\/wp-content\/uploads\/2025\/07\/Proyecto-Cambiar-tamano-de-imagen-2025-06-25T105836.394-644x429.jpeg\" alt=\"\" class=\"wp-image-74395\" srcset=\"https:\/\/www.uartes.edu.ec\/sitio\/wp-content\/uploads\/2025\/07\/Proyecto-Cambiar-tamano-de-imagen-2025-06-25T105836.394-644x429.jpeg 644w, https:\/\/www.uartes.edu.ec\/sitio\/wp-content\/uploads\/2025\/07\/Proyecto-Cambiar-tamano-de-imagen-2025-06-25T105836.394-300x200.jpeg 300w, https:\/\/www.uartes.edu.ec\/sitio\/wp-content\/uploads\/2025\/07\/Proyecto-Cambiar-tamano-de-imagen-2025-06-25T105836.394-768x512.jpeg 768w, https:\/\/www.uartes.edu.ec\/sitio\/wp-content\/uploads\/2025\/07\/Proyecto-Cambiar-tamano-de-imagen-2025-06-25T105836.394-1536x1024.jpeg 1536w, https:\/\/www.uartes.edu.ec\/sitio\/wp-content\/uploads\/2025\/07\/Proyecto-Cambiar-tamano-de-imagen-2025-06-25T105836.394-18x12.jpeg 18w, https:\/\/www.uartes.edu.ec\/sitio\/wp-content\/uploads\/2025\/07\/Proyecto-Cambiar-tamano-de-imagen-2025-06-25T105836.394-600x400.jpeg 600w, https:\/\/www.uartes.edu.ec\/sitio\/wp-content\/uploads\/2025\/07\/Proyecto-Cambiar-tamano-de-imagen-2025-06-25T105836.394-400x267.jpeg 400w, https:\/\/www.uartes.edu.ec\/sitio\/wp-content\/uploads\/2025\/07\/Proyecto-Cambiar-tamano-de-imagen-2025-06-25T105836.394.jpeg 2000w\" sizes=\"(max-width: 644px) 100vw, 644px\" \/><\/figure>\n<\/div>\n\n\n<p>Son muchos los resultados que se han podido evidenciar de la C\u00e1tedra de Flauta, cuyo proceso lleva m\u00e1s de dos a\u00f1os, pues los estudiantes UArtes han participado en festivales y concursos a nivel nacional e internacional, en los que tras pasar la selecci\u00f3n han sido finalistas y ganadores. \u201cTambi\u00e9n hay valores agregados, como la m\u00fasica de nuestros egresados, espec\u00edficamente del repertorio que interpretamos con el ensamble, donde nuestros mismos estudiantes, alumni e incluso profesores nos han entregado sus trabajos para nosotros estrenarlos\u201d, a\u00f1adi\u00f3 Moreno, quien se\u00f1ala a la agrupaci\u00f3n como \u00fanica y que est\u00e1 rompiendo esquemas, al igual que el proyecto de investigaci\u00f3n que lleva adelante con la docente Zoila Cevallos.<\/p>\n\n\n\n<p>\u201cTodo est\u00e1 relacionado: la C\u00e1tedra de Flauta, el proyecto de investigaci\u00f3n, la etnomusicolog\u00eda. El valor agregado es porque es de las \u00fanicas agrupaciones que aplica el multiinstrumentismo, que es la facultad de dominar distintos instrumentos y nuestros estudiantes lo est\u00e1n haciendo. Esto es un reconocimiento de nuestro contexto, nuestra identidad, organolog\u00eda y m\u00fasica; es tambi\u00e9n una forma de difundir y proteger esas ra\u00edces tradicionales que tenemos. No es solamente importante la flauta occidental \u2013la mayor\u00eda de instituciones imparten la flauta del desarrollo occidental europeo\u2013; nos metemos con nuestro folklore, nuestra sonoridad y nuestros instrumentos\u201d.<\/p>\n\n\n\n<p>En ese contexto, el docente UArtes mencion\u00f3 a la flauta de Cotama (tambi\u00e9n conocida como la flauta de los Andes o pingullo). \u201cExploramos sikus, por ejemplo. En el grupo de investigaci\u00f3n Takiksapa, ya tenemos una primera tropa de sicuris, es decir, un grupo de solo ejecutantes de zampo\u00f1as. Tambi\u00e9n quenas y pingullos. Los chicos ya dominan todos estos lenguajes y estos instrumentos\u201d, expres\u00f3, reiterando que el estudio o la difusi\u00f3n de un instrumento tradicional es igual de complejo y valioso que cualquier conocimiento o pr\u00e1ctica de origen europeo u occidental\u201d.<\/p>\n\n\n\n<p>Zoila Cevallos, por su parte, manifest\u00f3 que su participaci\u00f3n en el festival de flautistas se dio por invitaci\u00f3n del docente Luis Carlos Moreno con quien desarrolla un trabajo de investigaci\u00f3n muy interesante, el cual iniciaron el a\u00f1o pasado, desde antes de los apagones. Se refiri\u00f3 a la difusi\u00f3n de obras para flauta y piano que llevan adelante, sean estas escritas para ambos instrumentos o adaptaciones de compositores ecuatorianos y colombianos.<\/p>\n\n\n<div class=\"wp-block-image\">\n<figure class=\"aligncenter size-large\"><img loading=\"lazy\" decoding=\"async\" width=\"644\" height=\"429\" src=\"https:\/\/www.uartes.edu.ec\/sitio\/wp-content\/uploads\/2025\/07\/Proyecto-Cambiar-tamano-de-imagen-2025-06-25T110525.557-644x429.jpeg\" alt=\"\" class=\"wp-image-74396\" srcset=\"https:\/\/www.uartes.edu.ec\/sitio\/wp-content\/uploads\/2025\/07\/Proyecto-Cambiar-tamano-de-imagen-2025-06-25T110525.557-644x429.jpeg 644w, https:\/\/www.uartes.edu.ec\/sitio\/wp-content\/uploads\/2025\/07\/Proyecto-Cambiar-tamano-de-imagen-2025-06-25T110525.557-300x200.jpeg 300w, https:\/\/www.uartes.edu.ec\/sitio\/wp-content\/uploads\/2025\/07\/Proyecto-Cambiar-tamano-de-imagen-2025-06-25T110525.557-768x512.jpeg 768w, https:\/\/www.uartes.edu.ec\/sitio\/wp-content\/uploads\/2025\/07\/Proyecto-Cambiar-tamano-de-imagen-2025-06-25T110525.557-1536x1024.jpeg 1536w, https:\/\/www.uartes.edu.ec\/sitio\/wp-content\/uploads\/2025\/07\/Proyecto-Cambiar-tamano-de-imagen-2025-06-25T110525.557-18x12.jpeg 18w, https:\/\/www.uartes.edu.ec\/sitio\/wp-content\/uploads\/2025\/07\/Proyecto-Cambiar-tamano-de-imagen-2025-06-25T110525.557-600x400.jpeg 600w, https:\/\/www.uartes.edu.ec\/sitio\/wp-content\/uploads\/2025\/07\/Proyecto-Cambiar-tamano-de-imagen-2025-06-25T110525.557-400x267.jpeg 400w, https:\/\/www.uartes.edu.ec\/sitio\/wp-content\/uploads\/2025\/07\/Proyecto-Cambiar-tamano-de-imagen-2025-06-25T110525.557.jpeg 2000w\" sizes=\"(max-width: 644px) 100vw, 644px\" \/><\/figure>\n<\/div>\n\n<div class=\"wp-block-image\">\n<figure class=\"aligncenter size-large is-resized\"><img loading=\"lazy\" decoding=\"async\" width=\"644\" height=\"362\" src=\"https:\/\/www.uartes.edu.ec\/sitio\/wp-content\/uploads\/2025\/07\/Flauta3-644x362.jpg\" alt=\"\" class=\"wp-image-74430\" style=\"width:527px;height:auto\" srcset=\"https:\/\/www.uartes.edu.ec\/sitio\/wp-content\/uploads\/2025\/07\/Flauta3-644x362.jpg 644w, https:\/\/www.uartes.edu.ec\/sitio\/wp-content\/uploads\/2025\/07\/Flauta3-300x169.jpg 300w, https:\/\/www.uartes.edu.ec\/sitio\/wp-content\/uploads\/2025\/07\/Flauta3-768x432.jpg 768w, https:\/\/www.uartes.edu.ec\/sitio\/wp-content\/uploads\/2025\/07\/Flauta3-1536x864.jpg 1536w, https:\/\/www.uartes.edu.ec\/sitio\/wp-content\/uploads\/2025\/07\/Flauta3-18x10.jpg 18w, https:\/\/www.uartes.edu.ec\/sitio\/wp-content\/uploads\/2025\/07\/Flauta3-400x225.jpg 400w, https:\/\/www.uartes.edu.ec\/sitio\/wp-content\/uploads\/2025\/07\/Flauta3.jpg 1600w\" sizes=\"(max-width: 644px) 100vw, 644px\" \/><\/figure>\n<\/div>\n\n\n<p>Esta idea colombo-ecuatoriana se dio porque Moreno es colombiano y Cevallos es ecuatoriana y quer\u00edan hacer un tributo desde sus instrumentos a compositores contempor\u00e1neos. Este viaje musical se lo plantearon desde antes y sin pensar en el festival de flauta ni incluy\u00e9ndose en alguna actividad especial de la universidad, pues quer\u00edan hacerlo como profesionales. Es as\u00ed como en sus indagaciones fueron encontrando obras maravillosas de compositores ecuatorianos y colombianos.<\/p>\n\n\n\n<p>Como pianista de amplia trayectoria, Zoila Cevallos ha acompa\u00f1ado a grupos de c\u00e1mara en recitales, conciertos y festivales, as\u00ed como a grandes solistas en la UArtes y fuera, a compa\u00f1eros ecuatorianos reconocidos en Latinoam\u00e9rica. Haber intervenido en XXXII Festival Internacional de Flautistas en el Centro del Mundo le dej\u00f3 grandes y gratas experiencias.<\/p>\n\n\n\n<p>Igual satisfacci\u00f3n manifest\u00f3 la alumnus Ariana Gloria por haber integrado el ensamble para el festival, as\u00ed como participar en el Concurso Nacional de Flauta Traversa. \u201cLlegamos cinco participantes, se premiaron los tres primeros lugares y nos entregaron menciones de honor. Fue una final muy peleada\u201d, anot\u00f3. Una experiencia que sum\u00f3 a la que tuvo en el certamen internacional de flauta que organiz\u00f3 el a\u00f1o pasado la Universidad de Pamplona, en Colombia, donde fue tambi\u00e9n finalista, y en el de interpretaci\u00f3n musical de la edici\u00f3n 2024 de Piano ma non solo, cita que organiza la UArtes.<\/p>\n\n\n\n<p>Ariana Gloria destac\u00f3 lo antiguo del festival de flauta y que se desarrollar\u00e1 en Quito la llev\u00f3 a experimentar c\u00f3mo es tocar en otro tipo de clima. Adem\u00e1s, ten\u00eda muchas expectativas por lo que hab\u00eda escuchado de la cita, de la cual han sido figuras flaut\u00edsticas de gran relevancia que regresaron para su trig\u00e9sima segunda edici\u00f3n, ya no como estudiantes, sino como maestros.<\/p>\n\n\n<div class=\"wp-block-image\">\n<figure class=\"aligncenter size-large\"><img loading=\"lazy\" decoding=\"async\" width=\"644\" height=\"429\" src=\"https:\/\/www.uartes.edu.ec\/sitio\/wp-content\/uploads\/2025\/07\/Proyecto-Cambiar-tamano-de-imagen-2025-06-25T110614.601-644x429.jpeg\" alt=\"\" class=\"wp-image-74397\" srcset=\"https:\/\/www.uartes.edu.ec\/sitio\/wp-content\/uploads\/2025\/07\/Proyecto-Cambiar-tamano-de-imagen-2025-06-25T110614.601-644x429.jpeg 644w, https:\/\/www.uartes.edu.ec\/sitio\/wp-content\/uploads\/2025\/07\/Proyecto-Cambiar-tamano-de-imagen-2025-06-25T110614.601-300x200.jpeg 300w, https:\/\/www.uartes.edu.ec\/sitio\/wp-content\/uploads\/2025\/07\/Proyecto-Cambiar-tamano-de-imagen-2025-06-25T110614.601-768x512.jpeg 768w, https:\/\/www.uartes.edu.ec\/sitio\/wp-content\/uploads\/2025\/07\/Proyecto-Cambiar-tamano-de-imagen-2025-06-25T110614.601-1536x1024.jpeg 1536w, https:\/\/www.uartes.edu.ec\/sitio\/wp-content\/uploads\/2025\/07\/Proyecto-Cambiar-tamano-de-imagen-2025-06-25T110614.601-18x12.jpeg 18w, https:\/\/www.uartes.edu.ec\/sitio\/wp-content\/uploads\/2025\/07\/Proyecto-Cambiar-tamano-de-imagen-2025-06-25T110614.601-600x400.jpeg 600w, https:\/\/www.uartes.edu.ec\/sitio\/wp-content\/uploads\/2025\/07\/Proyecto-Cambiar-tamano-de-imagen-2025-06-25T110614.601-400x267.jpeg 400w, https:\/\/www.uartes.edu.ec\/sitio\/wp-content\/uploads\/2025\/07\/Proyecto-Cambiar-tamano-de-imagen-2025-06-25T110614.601.jpeg 2000w\" sizes=\"(max-width: 644px) 100vw, 644px\" \/><\/figure>\n<\/div>\n\n\n<p>Hace dos semestres Ariana Gloria concluy\u00f3 la carrera de Artes Musicales y Sonoras en la UArtes, por lo que consider\u00f3 que participaciones como la del reciente festival de flauta le permiten proyectarse profesionalmente; pudo, adem\u00e1s, exponer lo que hab\u00eda generado a partir de su titulaci\u00f3n: los arreglos para el ensamble. \u201cMe permitieron mostrarme como int\u00e9rprete de un nivel al que me ha costado mucho llegar \u2013y a\u00fan me falta\u2013 y evidenciar lo que me ense\u00f1aron en la UArtes: no quedarme solo en la interpretaci\u00f3n, sino ir a la creaci\u00f3n\u201d.&nbsp;<\/p>\n\n\n\n<p>Justamente, tras graduarse de la Escuela de Artes Sonoras los siguientes pasos de Ariana Gloria han sido en torno a la creaci\u00f3n, pues se ha dedicado a generar arreglos de las composiciones y a experimentar con los instrumentos.&nbsp;\u201cIr al festival me permiti\u00f3 explorar un mundo desconocido, pues no conoc\u00eda a los maestros nacionales como a los internacionales invitados, y pude notar el nivel de los alumnos de Quito. Me di cuenta de que hay cosas que por ser de la Costa salen mejor y de repente para ellos, por ser de la Sierra, tambi\u00e9n salen mejor. Experiment\u00e9 con nervios lo que era tocar en el fr\u00edo as\u00ed y en la altura\u201d.<\/p>\n\n\n\n<p>De la participaci\u00f3n del ensamble de flautas UArtes en el festival, el estudiante Caleb V\u00e9lez, tambi\u00e9n integrante, destac\u00f3 que fue el \u00fanico en llevar una propuesta completamente diferente, \u201cque fue la mezcla entre la flauta europea que todos conocemos con los instrumentos andinos. (El festival) como int\u00e9rprete me dej\u00f3 muchas ense\u00f1anzas, fue muy inspirador ver el nivel de los maestros y compa\u00f1eros\u201d. Que conoci\u00f3 al maestro invitado de Colombia, Felipe Garc\u00eda; a las maestras Roc\u00edo Lim\u00f3n, quien les habl\u00f3 de la relajaci\u00f3n muscular para evitar lesiones como la tendinitis, y Evangelina Reyes, de M\u00e9xico, con quien vieron afinaci\u00f3n, as\u00ed como al profesor Daniel Velasco, que comparti\u00f3 t\u00e9cnicas extendidas para sonido.<\/p>\n\n\n<div class=\"wp-block-image\">\n<figure class=\"aligncenter size-large\"><img loading=\"lazy\" decoding=\"async\" width=\"644\" height=\"429\" src=\"https:\/\/www.uartes.edu.ec\/sitio\/wp-content\/uploads\/2025\/07\/Proyecto-Cambiar-tamano-de-imagen-2025-06-25T095149.524-644x429.jpeg\" alt=\"\" class=\"wp-image-74398\" srcset=\"https:\/\/www.uartes.edu.ec\/sitio\/wp-content\/uploads\/2025\/07\/Proyecto-Cambiar-tamano-de-imagen-2025-06-25T095149.524-644x429.jpeg 644w, https:\/\/www.uartes.edu.ec\/sitio\/wp-content\/uploads\/2025\/07\/Proyecto-Cambiar-tamano-de-imagen-2025-06-25T095149.524-300x200.jpeg 300w, https:\/\/www.uartes.edu.ec\/sitio\/wp-content\/uploads\/2025\/07\/Proyecto-Cambiar-tamano-de-imagen-2025-06-25T095149.524-768x512.jpeg 768w, https:\/\/www.uartes.edu.ec\/sitio\/wp-content\/uploads\/2025\/07\/Proyecto-Cambiar-tamano-de-imagen-2025-06-25T095149.524-1536x1024.jpeg 1536w, https:\/\/www.uartes.edu.ec\/sitio\/wp-content\/uploads\/2025\/07\/Proyecto-Cambiar-tamano-de-imagen-2025-06-25T095149.524-18x12.jpeg 18w, https:\/\/www.uartes.edu.ec\/sitio\/wp-content\/uploads\/2025\/07\/Proyecto-Cambiar-tamano-de-imagen-2025-06-25T095149.524-600x400.jpeg 600w, https:\/\/www.uartes.edu.ec\/sitio\/wp-content\/uploads\/2025\/07\/Proyecto-Cambiar-tamano-de-imagen-2025-06-25T095149.524-400x267.jpeg 400w, https:\/\/www.uartes.edu.ec\/sitio\/wp-content\/uploads\/2025\/07\/Proyecto-Cambiar-tamano-de-imagen-2025-06-25T095149.524.jpeg 2000w\" sizes=\"(max-width: 644px) 100vw, 644px\" \/><\/figure>\n<\/div>\n\n\n<p>Fotos: cortes\u00eda de Luis Carlos Moreno, docente de la Escuela de Artes Sonoras UArtes.<\/p>","protected":false},"excerpt":{"rendered":"<p>La Universidad de las Artes estuvo por primera vez presente en el Festival Internacional de Flautistas en el Centro del Mundo, que en su XXXII tuvo lugar en Quito. En la cita tom\u00f3 parte el Ensamble de Flautas Traversas y Tradicionales que integran los estudiantes de la C\u00e1tedra de Flauta que dicta el profesor Luis Carlos Moreno, quien lo dirige. Los acompa\u00f1\u00f3 la reconocida pianista Zoila Cevallos, tambi\u00e9n docente UArtes.<\/p>","protected":false},"author":10,"featured_media":74391,"comment_status":"open","ping_status":"open","sticky":false,"template":"","format":"standard","meta":{"_acf_changed":false,"_uag_custom_page_level_css":"","_monsterinsights_skip_tracking":false,"_monsterinsights_sitenote_active":false,"_monsterinsights_sitenote_note":"","_monsterinsights_sitenote_category":0,"cybocfi_hide_featured_image":"","footnotes":""},"categories":[80,490,82,150,75,76],"tags":[1055],"infouartes":[],"class_list":["post-74390","post","type-post","status-publish","format-standard","has-post-thumbnail","hentry","category-academico","category-alumni","category-artes","category-artes-sonoras","category-docentes","category-estudiantes","tag-participacion"],"acf":[],"yoast_head":"<!-- This site is optimized with the Yoast SEO plugin v27.4 - https:\/\/yoast.com\/product\/yoast-seo-wordpress\/ -->\n<title>Universidad de las Artes - El Ensamble de Flautas Traversas y Tradicionales de la UArtes, presente en Festival Internacional de Flautistas<\/title>\n<meta name=\"description\" content=\"Universidad de las Artes - El Ensamble de Flautas Traversas y Tradicionales de la UArtes, presente en Festival Internacional de Flautistas\" \/>\n<meta name=\"robots\" content=\"index, follow, max-snippet:-1, max-image-preview:large, max-video-preview:-1\" \/>\n<link rel=\"canonical\" href=\"https:\/\/www.uartes.edu.ec\/sitio\/fr\/blog\/2025\/07\/01\/ensamble-de-flautas-traversas-y-tradicionales-de-la-uartes-presente-en-festival-internacional-de-flautistas-en-el-centro-del-mundo\/\" \/>\n<meta property=\"og:locale\" content=\"fr_FR\" \/>\n<meta property=\"og:type\" content=\"article\" \/>\n<meta property=\"og:title\" content=\"Universidad de las Artes - El Ensamble de Flautas Traversas y Tradicionales de la UArtes, presente en Festival Internacional de Flautistas\" \/>\n<meta property=\"og:description\" content=\"Universidad de las Artes - El Ensamble de Flautas Traversas y Tradicionales de la UArtes, presente en Festival Internacional de Flautistas\" \/>\n<meta property=\"og:url\" content=\"https:\/\/www.uartes.edu.ec\/sitio\/fr\/blog\/2025\/07\/01\/ensamble-de-flautas-traversas-y-tradicionales-de-la-uartes-presente-en-festival-internacional-de-flautistas-en-el-centro-del-mundo\/\" \/>\n<meta property=\"og:site_name\" content=\"Universidad de las Artes\" \/>\n<meta property=\"article:publisher\" content=\"https:\/\/www.facebook.com\/uartesec\" \/>\n<meta property=\"article:published_time\" content=\"2025-07-01T19:36:25+00:00\" \/>\n<meta property=\"article:modified_time\" content=\"2025-07-01T20:22:49+00:00\" \/>\n<meta property=\"og:image\" content=\"https:\/\/www.uartes.edu.ec\/sitio\/wp-content\/uploads\/2025\/07\/Proyecto-Cambiar-tamano-de-imagen-2025-06-25T093642.647.jpeg\" \/>\n\t<meta property=\"og:image:width\" content=\"2000\" \/>\n\t<meta property=\"og:image:height\" content=\"1333\" \/>\n\t<meta property=\"og:image:type\" content=\"image\/jpeg\" \/>\n<meta name=\"author\" content=\"ccortez\" \/>\n<meta name=\"twitter:card\" content=\"summary_large_image\" \/>\n<meta name=\"twitter:creator\" content=\"@uartesec\" \/>\n<meta name=\"twitter:site\" content=\"@uartesec\" \/>\n<meta name=\"twitter:label1\" content=\"\u00c9crit par\" \/>\n\t<meta name=\"twitter:data1\" content=\"ccortez\" \/>\n\t<meta name=\"twitter:label2\" content=\"Dur\u00e9e de lecture estim\u00e9e\" \/>\n\t<meta name=\"twitter:data2\" content=\"8 minutes\" \/>\n<script type=\"application\/ld+json\" class=\"yoast-schema-graph\">{\"@context\":\"https:\\\/\\\/schema.org\",\"@graph\":[{\"@type\":\"Article\",\"@id\":\"https:\\\/\\\/www.uartes.edu.ec\\\/sitio\\\/fr\\\/blog\\\/2025\\\/07\\\/01\\\/ensamble-de-flautas-traversas-y-tradicionales-de-la-uartes-presente-en-festival-internacional-de-flautistas-en-el-centro-del-mundo\\\/#article\",\"isPartOf\":{\"@id\":\"https:\\\/\\\/www.uartes.edu.ec\\\/sitio\\\/fr\\\/blog\\\/2025\\\/07\\\/01\\\/ensamble-de-flautas-traversas-y-tradicionales-de-la-uartes-presente-en-festival-internacional-de-flautistas-en-el-centro-del-mundo\\\/\"},\"author\":{\"name\":\"ccortez\",\"@id\":\"https:\\\/\\\/www.uartes.edu.ec\\\/sitio\\\/fr\\\/#\\\/schema\\\/person\\\/efa1b8275797664fd7f13a79ccc0b1f4\"},\"headline\":\"El Ensamble de Flautas Traversas y Tradicionales de la UArtes, presente en Festival Internacional de Flautistas\",\"datePublished\":\"2025-07-01T19:36:25+00:00\",\"dateModified\":\"2025-07-01T20:22:49+00:00\",\"mainEntityOfPage\":{\"@id\":\"https:\\\/\\\/www.uartes.edu.ec\\\/sitio\\\/fr\\\/blog\\\/2025\\\/07\\\/01\\\/ensamble-de-flautas-traversas-y-tradicionales-de-la-uartes-presente-en-festival-internacional-de-flautistas-en-el-centro-del-mundo\\\/\"},\"wordCount\":1599,\"commentCount\":0,\"publisher\":{\"@id\":\"https:\\\/\\\/www.uartes.edu.ec\\\/sitio\\\/fr\\\/#organization\"},\"image\":{\"@id\":\"https:\\\/\\\/www.uartes.edu.ec\\\/sitio\\\/fr\\\/blog\\\/2025\\\/07\\\/01\\\/ensamble-de-flautas-traversas-y-tradicionales-de-la-uartes-presente-en-festival-internacional-de-flautistas-en-el-centro-del-mundo\\\/#primaryimage\"},\"thumbnailUrl\":\"https:\\\/\\\/www.uartes.edu.ec\\\/sitio\\\/wp-content\\\/uploads\\\/2025\\\/07\\\/Proyecto-Cambiar-tamano-de-imagen-2025-06-25T093642.647.jpeg\",\"keywords\":[\"participaci\u00f3n\"],\"articleSection\":[\"Acad\u00e9mico\",\"Alumni\",\"Artes\",\"Artes Sonoras\",\"Docentes\",\"Estudiantes\"],\"inLanguage\":\"fr-FR\",\"potentialAction\":[{\"@type\":\"CommentAction\",\"name\":\"Comment\",\"target\":[\"https:\\\/\\\/www.uartes.edu.ec\\\/sitio\\\/fr\\\/blog\\\/2025\\\/07\\\/01\\\/ensamble-de-flautas-traversas-y-tradicionales-de-la-uartes-presente-en-festival-internacional-de-flautistas-en-el-centro-del-mundo\\\/#respond\"]}]},{\"@type\":[\"WebPage\",\"ItemPage\"],\"@id\":\"https:\\\/\\\/www.uartes.edu.ec\\\/sitio\\\/fr\\\/blog\\\/2025\\\/07\\\/01\\\/ensamble-de-flautas-traversas-y-tradicionales-de-la-uartes-presente-en-festival-internacional-de-flautistas-en-el-centro-del-mundo\\\/\",\"url\":\"https:\\\/\\\/www.uartes.edu.ec\\\/sitio\\\/fr\\\/blog\\\/2025\\\/07\\\/01\\\/ensamble-de-flautas-traversas-y-tradicionales-de-la-uartes-presente-en-festival-internacional-de-flautistas-en-el-centro-del-mundo\\\/\",\"name\":\"Universidad de las Artes - El Ensamble de Flautas Traversas y Tradicionales de la UArtes, presente en Festival Internacional de Flautistas\",\"isPartOf\":{\"@id\":\"https:\\\/\\\/www.uartes.edu.ec\\\/sitio\\\/fr\\\/#website\"},\"primaryImageOfPage\":{\"@id\":\"https:\\\/\\\/www.uartes.edu.ec\\\/sitio\\\/fr\\\/blog\\\/2025\\\/07\\\/01\\\/ensamble-de-flautas-traversas-y-tradicionales-de-la-uartes-presente-en-festival-internacional-de-flautistas-en-el-centro-del-mundo\\\/#primaryimage\"},\"image\":{\"@id\":\"https:\\\/\\\/www.uartes.edu.ec\\\/sitio\\\/fr\\\/blog\\\/2025\\\/07\\\/01\\\/ensamble-de-flautas-traversas-y-tradicionales-de-la-uartes-presente-en-festival-internacional-de-flautistas-en-el-centro-del-mundo\\\/#primaryimage\"},\"thumbnailUrl\":\"https:\\\/\\\/www.uartes.edu.ec\\\/sitio\\\/wp-content\\\/uploads\\\/2025\\\/07\\\/Proyecto-Cambiar-tamano-de-imagen-2025-06-25T093642.647.jpeg\",\"datePublished\":\"2025-07-01T19:36:25+00:00\",\"dateModified\":\"2025-07-01T20:22:49+00:00\",\"description\":\"Universidad de las Artes - El Ensamble de Flautas Traversas y Tradicionales de la UArtes, presente en Festival Internacional de Flautistas\",\"breadcrumb\":{\"@id\":\"https:\\\/\\\/www.uartes.edu.ec\\\/sitio\\\/fr\\\/blog\\\/2025\\\/07\\\/01\\\/ensamble-de-flautas-traversas-y-tradicionales-de-la-uartes-presente-en-festival-internacional-de-flautistas-en-el-centro-del-mundo\\\/#breadcrumb\"},\"inLanguage\":\"fr-FR\",\"potentialAction\":[{\"@type\":\"ReadAction\",\"target\":[\"https:\\\/\\\/www.uartes.edu.ec\\\/sitio\\\/fr\\\/blog\\\/2025\\\/07\\\/01\\\/ensamble-de-flautas-traversas-y-tradicionales-de-la-uartes-presente-en-festival-internacional-de-flautistas-en-el-centro-del-mundo\\\/\"]}]},{\"@type\":\"ImageObject\",\"inLanguage\":\"fr-FR\",\"@id\":\"https:\\\/\\\/www.uartes.edu.ec\\\/sitio\\\/fr\\\/blog\\\/2025\\\/07\\\/01\\\/ensamble-de-flautas-traversas-y-tradicionales-de-la-uartes-presente-en-festival-internacional-de-flautistas-en-el-centro-del-mundo\\\/#primaryimage\",\"url\":\"https:\\\/\\\/www.uartes.edu.ec\\\/sitio\\\/wp-content\\\/uploads\\\/2025\\\/07\\\/Proyecto-Cambiar-tamano-de-imagen-2025-06-25T093642.647.jpeg\",\"contentUrl\":\"https:\\\/\\\/www.uartes.edu.ec\\\/sitio\\\/wp-content\\\/uploads\\\/2025\\\/07\\\/Proyecto-Cambiar-tamano-de-imagen-2025-06-25T093642.647.jpeg\",\"width\":2000,\"height\":1333},{\"@type\":\"BreadcrumbList\",\"@id\":\"https:\\\/\\\/www.uartes.edu.ec\\\/sitio\\\/fr\\\/blog\\\/2025\\\/07\\\/01\\\/ensamble-de-flautas-traversas-y-tradicionales-de-la-uartes-presente-en-festival-internacional-de-flautistas-en-el-centro-del-mundo\\\/#breadcrumb\",\"itemListElement\":[{\"@type\":\"ListItem\",\"position\":1,\"name\":\"Inicio\",\"item\":\"https:\\\/\\\/www.uartes.edu.ec\\\/sitio\\\/\"},{\"@type\":\"ListItem\",\"position\":2,\"name\":\"El Ensamble de Flautas Traversas y Tradicionales de la UArtes, presente en Festival Internacional de Flautistas\"}]},{\"@type\":\"WebSite\",\"@id\":\"https:\\\/\\\/www.uartes.edu.ec\\\/sitio\\\/fr\\\/#website\",\"url\":\"https:\\\/\\\/www.uartes.edu.ec\\\/sitio\\\/fr\\\/\",\"name\":\"Universidad de las Artes\",\"description\":\"Sitio oficial de la Universidad Nacional de las Artes del Ecuador\",\"publisher\":{\"@id\":\"https:\\\/\\\/www.uartes.edu.ec\\\/sitio\\\/fr\\\/#organization\"},\"potentialAction\":[{\"@type\":\"SearchAction\",\"target\":{\"@type\":\"EntryPoint\",\"urlTemplate\":\"https:\\\/\\\/www.uartes.edu.ec\\\/sitio\\\/fr\\\/?s={search_term_string}\"},\"query-input\":{\"@type\":\"PropertyValueSpecification\",\"valueRequired\":true,\"valueName\":\"search_term_string\"}}],\"inLanguage\":\"fr-FR\"},{\"@type\":\"Organization\",\"@id\":\"https:\\\/\\\/www.uartes.edu.ec\\\/sitio\\\/fr\\\/#organization\",\"name\":\"Universidad de las Artes\",\"url\":\"https:\\\/\\\/www.uartes.edu.ec\\\/sitio\\\/fr\\\/\",\"logo\":{\"@type\":\"ImageObject\",\"inLanguage\":\"fr-FR\",\"@id\":\"https:\\\/\\\/www.uartes.edu.ec\\\/sitio\\\/fr\\\/#\\\/schema\\\/logo\\\/image\\\/\",\"url\":\"https:\\\/\\\/www.uartes.edu.ec\\\/sitio\\\/wp-content\\\/uploads\\\/2022\\\/07\\\/logo-ua-horizontal.png\",\"contentUrl\":\"https:\\\/\\\/www.uartes.edu.ec\\\/sitio\\\/wp-content\\\/uploads\\\/2022\\\/07\\\/logo-ua-horizontal.png\",\"width\":800,\"height\":276,\"caption\":\"Universidad de las Artes\"},\"image\":{\"@id\":\"https:\\\/\\\/www.uartes.edu.ec\\\/sitio\\\/fr\\\/#\\\/schema\\\/logo\\\/image\\\/\"},\"sameAs\":[\"https:\\\/\\\/www.facebook.com\\\/uartesec\",\"https:\\\/\\\/x.com\\\/uartesec\",\"https:\\\/\\\/www.tiktok.com\\\/@uartesec\"]},{\"@type\":\"Person\",\"@id\":\"https:\\\/\\\/www.uartes.edu.ec\\\/sitio\\\/fr\\\/#\\\/schema\\\/person\\\/efa1b8275797664fd7f13a79ccc0b1f4\",\"name\":\"ccortez\",\"image\":{\"@type\":\"ImageObject\",\"inLanguage\":\"fr-FR\",\"@id\":\"https:\\\/\\\/secure.gravatar.com\\\/avatar\\\/b2a6f664a3ae8e074346ef91775736c5ec479e637ecced6842de9dc98b5da9cd?s=96&d=mm&r=g\",\"url\":\"https:\\\/\\\/secure.gravatar.com\\\/avatar\\\/b2a6f664a3ae8e074346ef91775736c5ec479e637ecced6842de9dc98b5da9cd?s=96&d=mm&r=g\",\"contentUrl\":\"https:\\\/\\\/secure.gravatar.com\\\/avatar\\\/b2a6f664a3ae8e074346ef91775736c5ec479e637ecced6842de9dc98b5da9cd?s=96&d=mm&r=g\",\"caption\":\"ccortez\"},\"url\":\"https:\\\/\\\/www.uartes.edu.ec\\\/sitio\\\/fr\\\/blog\\\/author\\\/ccortez\\\/\"}]}<\/script>\n<!-- \/ Yoast SEO plugin. -->","yoast_head_json":{"title":"Universidad de las Artes - El Ensamble de Flautas Traversas y Tradicionales de la UArtes, presente en Festival Internacional de Flautistas","description":"Universidad de las Artes - El Ensamble de Flautas Traversas y Tradicionales de la UArtes, presente en Festival Internacional de Flautistas","robots":{"index":"index","follow":"follow","max-snippet":"max-snippet:-1","max-image-preview":"max-image-preview:large","max-video-preview":"max-video-preview:-1"},"canonical":"https:\/\/www.uartes.edu.ec\/sitio\/fr\/blog\/2025\/07\/01\/ensamble-de-flautas-traversas-y-tradicionales-de-la-uartes-presente-en-festival-internacional-de-flautistas-en-el-centro-del-mundo\/","og_locale":"fr_FR","og_type":"article","og_title":"Universidad de las Artes - El Ensamble de Flautas Traversas y Tradicionales de la UArtes, presente en Festival Internacional de Flautistas","og_description":"Universidad de las Artes - El Ensamble de Flautas Traversas y Tradicionales de la UArtes, presente en Festival Internacional de Flautistas","og_url":"https:\/\/www.uartes.edu.ec\/sitio\/fr\/blog\/2025\/07\/01\/ensamble-de-flautas-traversas-y-tradicionales-de-la-uartes-presente-en-festival-internacional-de-flautistas-en-el-centro-del-mundo\/","og_site_name":"Universidad de las Artes","article_publisher":"https:\/\/www.facebook.com\/uartesec","article_published_time":"2025-07-01T19:36:25+00:00","article_modified_time":"2025-07-01T20:22:49+00:00","og_image":[{"width":2000,"height":1333,"url":"https:\/\/www.uartes.edu.ec\/sitio\/wp-content\/uploads\/2025\/07\/Proyecto-Cambiar-tamano-de-imagen-2025-06-25T093642.647.jpeg","type":"image\/jpeg"}],"author":"ccortez","twitter_card":"summary_large_image","twitter_creator":"@uartesec","twitter_site":"@uartesec","twitter_misc":{"\u00c9crit par":"ccortez","Dur\u00e9e de lecture estim\u00e9e":"8 minutes"},"schema":{"@context":"https:\/\/schema.org","@graph":[{"@type":"Article","@id":"https:\/\/www.uartes.edu.ec\/sitio\/fr\/blog\/2025\/07\/01\/ensamble-de-flautas-traversas-y-tradicionales-de-la-uartes-presente-en-festival-internacional-de-flautistas-en-el-centro-del-mundo\/#article","isPartOf":{"@id":"https:\/\/www.uartes.edu.ec\/sitio\/fr\/blog\/2025\/07\/01\/ensamble-de-flautas-traversas-y-tradicionales-de-la-uartes-presente-en-festival-internacional-de-flautistas-en-el-centro-del-mundo\/"},"author":{"name":"ccortez","@id":"https:\/\/www.uartes.edu.ec\/sitio\/fr\/#\/schema\/person\/efa1b8275797664fd7f13a79ccc0b1f4"},"headline":"El Ensamble de Flautas Traversas y Tradicionales de la UArtes, presente en Festival Internacional de Flautistas","datePublished":"2025-07-01T19:36:25+00:00","dateModified":"2025-07-01T20:22:49+00:00","mainEntityOfPage":{"@id":"https:\/\/www.uartes.edu.ec\/sitio\/fr\/blog\/2025\/07\/01\/ensamble-de-flautas-traversas-y-tradicionales-de-la-uartes-presente-en-festival-internacional-de-flautistas-en-el-centro-del-mundo\/"},"wordCount":1599,"commentCount":0,"publisher":{"@id":"https:\/\/www.uartes.edu.ec\/sitio\/fr\/#organization"},"image":{"@id":"https:\/\/www.uartes.edu.ec\/sitio\/fr\/blog\/2025\/07\/01\/ensamble-de-flautas-traversas-y-tradicionales-de-la-uartes-presente-en-festival-internacional-de-flautistas-en-el-centro-del-mundo\/#primaryimage"},"thumbnailUrl":"https:\/\/www.uartes.edu.ec\/sitio\/wp-content\/uploads\/2025\/07\/Proyecto-Cambiar-tamano-de-imagen-2025-06-25T093642.647.jpeg","keywords":["participaci\u00f3n"],"articleSection":["Acad\u00e9mico","Alumni","Artes","Artes Sonoras","Docentes","Estudiantes"],"inLanguage":"fr-FR","potentialAction":[{"@type":"CommentAction","name":"Comment","target":["https:\/\/www.uartes.edu.ec\/sitio\/fr\/blog\/2025\/07\/01\/ensamble-de-flautas-traversas-y-tradicionales-de-la-uartes-presente-en-festival-internacional-de-flautistas-en-el-centro-del-mundo\/#respond"]}]},{"@type":["WebPage","ItemPage"],"@id":"https:\/\/www.uartes.edu.ec\/sitio\/fr\/blog\/2025\/07\/01\/ensamble-de-flautas-traversas-y-tradicionales-de-la-uartes-presente-en-festival-internacional-de-flautistas-en-el-centro-del-mundo\/","url":"https:\/\/www.uartes.edu.ec\/sitio\/fr\/blog\/2025\/07\/01\/ensamble-de-flautas-traversas-y-tradicionales-de-la-uartes-presente-en-festival-internacional-de-flautistas-en-el-centro-del-mundo\/","name":"Universidad de las Artes - El Ensamble de Flautas Traversas y Tradicionales de la UArtes, presente en Festival Internacional de Flautistas","isPartOf":{"@id":"https:\/\/www.uartes.edu.ec\/sitio\/fr\/#website"},"primaryImageOfPage":{"@id":"https:\/\/www.uartes.edu.ec\/sitio\/fr\/blog\/2025\/07\/01\/ensamble-de-flautas-traversas-y-tradicionales-de-la-uartes-presente-en-festival-internacional-de-flautistas-en-el-centro-del-mundo\/#primaryimage"},"image":{"@id":"https:\/\/www.uartes.edu.ec\/sitio\/fr\/blog\/2025\/07\/01\/ensamble-de-flautas-traversas-y-tradicionales-de-la-uartes-presente-en-festival-internacional-de-flautistas-en-el-centro-del-mundo\/#primaryimage"},"thumbnailUrl":"https:\/\/www.uartes.edu.ec\/sitio\/wp-content\/uploads\/2025\/07\/Proyecto-Cambiar-tamano-de-imagen-2025-06-25T093642.647.jpeg","datePublished":"2025-07-01T19:36:25+00:00","dateModified":"2025-07-01T20:22:49+00:00","description":"Universidad de las Artes - El Ensamble de Flautas Traversas y Tradicionales de la UArtes, presente en Festival Internacional de Flautistas","breadcrumb":{"@id":"https:\/\/www.uartes.edu.ec\/sitio\/fr\/blog\/2025\/07\/01\/ensamble-de-flautas-traversas-y-tradicionales-de-la-uartes-presente-en-festival-internacional-de-flautistas-en-el-centro-del-mundo\/#breadcrumb"},"inLanguage":"fr-FR","potentialAction":[{"@type":"ReadAction","target":["https:\/\/www.uartes.edu.ec\/sitio\/fr\/blog\/2025\/07\/01\/ensamble-de-flautas-traversas-y-tradicionales-de-la-uartes-presente-en-festival-internacional-de-flautistas-en-el-centro-del-mundo\/"]}]},{"@type":"ImageObject","inLanguage":"fr-FR","@id":"https:\/\/www.uartes.edu.ec\/sitio\/fr\/blog\/2025\/07\/01\/ensamble-de-flautas-traversas-y-tradicionales-de-la-uartes-presente-en-festival-internacional-de-flautistas-en-el-centro-del-mundo\/#primaryimage","url":"https:\/\/www.uartes.edu.ec\/sitio\/wp-content\/uploads\/2025\/07\/Proyecto-Cambiar-tamano-de-imagen-2025-06-25T093642.647.jpeg","contentUrl":"https:\/\/www.uartes.edu.ec\/sitio\/wp-content\/uploads\/2025\/07\/Proyecto-Cambiar-tamano-de-imagen-2025-06-25T093642.647.jpeg","width":2000,"height":1333},{"@type":"BreadcrumbList","@id":"https:\/\/www.uartes.edu.ec\/sitio\/fr\/blog\/2025\/07\/01\/ensamble-de-flautas-traversas-y-tradicionales-de-la-uartes-presente-en-festival-internacional-de-flautistas-en-el-centro-del-mundo\/#breadcrumb","itemListElement":[{"@type":"ListItem","position":1,"name":"Inicio","item":"https:\/\/www.uartes.edu.ec\/sitio\/"},{"@type":"ListItem","position":2,"name":"El Ensamble de Flautas Traversas y Tradicionales de la UArtes, presente en Festival Internacional de Flautistas"}]},{"@type":"WebSite","@id":"https:\/\/www.uartes.edu.ec\/sitio\/fr\/#website","url":"https:\/\/www.uartes.edu.ec\/sitio\/fr\/","name":"Universidad de las Artes","description":"Sitio oficial de la Universidad Nacional de las Artes del Ecuador","publisher":{"@id":"https:\/\/www.uartes.edu.ec\/sitio\/fr\/#organization"},"potentialAction":[{"@type":"SearchAction","target":{"@type":"EntryPoint","urlTemplate":"https:\/\/www.uartes.edu.ec\/sitio\/fr\/?s={search_term_string}"},"query-input":{"@type":"PropertyValueSpecification","valueRequired":true,"valueName":"search_term_string"}}],"inLanguage":"fr-FR"},{"@type":"Organization","@id":"https:\/\/www.uartes.edu.ec\/sitio\/fr\/#organization","name":"Universidad de las Artes","url":"https:\/\/www.uartes.edu.ec\/sitio\/fr\/","logo":{"@type":"ImageObject","inLanguage":"fr-FR","@id":"https:\/\/www.uartes.edu.ec\/sitio\/fr\/#\/schema\/logo\/image\/","url":"https:\/\/www.uartes.edu.ec\/sitio\/wp-content\/uploads\/2022\/07\/logo-ua-horizontal.png","contentUrl":"https:\/\/www.uartes.edu.ec\/sitio\/wp-content\/uploads\/2022\/07\/logo-ua-horizontal.png","width":800,"height":276,"caption":"Universidad de las Artes"},"image":{"@id":"https:\/\/www.uartes.edu.ec\/sitio\/fr\/#\/schema\/logo\/image\/"},"sameAs":["https:\/\/www.facebook.com\/uartesec","https:\/\/x.com\/uartesec","https:\/\/www.tiktok.com\/@uartesec"]},{"@type":"Person","@id":"https:\/\/www.uartes.edu.ec\/sitio\/fr\/#\/schema\/person\/efa1b8275797664fd7f13a79ccc0b1f4","name":"ccortez","image":{"@type":"ImageObject","inLanguage":"fr-FR","@id":"https:\/\/secure.gravatar.com\/avatar\/b2a6f664a3ae8e074346ef91775736c5ec479e637ecced6842de9dc98b5da9cd?s=96&d=mm&r=g","url":"https:\/\/secure.gravatar.com\/avatar\/b2a6f664a3ae8e074346ef91775736c5ec479e637ecced6842de9dc98b5da9cd?s=96&d=mm&r=g","contentUrl":"https:\/\/secure.gravatar.com\/avatar\/b2a6f664a3ae8e074346ef91775736c5ec479e637ecced6842de9dc98b5da9cd?s=96&d=mm&r=g","caption":"ccortez"},"url":"https:\/\/www.uartes.edu.ec\/sitio\/fr\/blog\/author\/ccortez\/"}]}},"uagb_featured_image_src":{"full":["https:\/\/www.uartes.edu.ec\/sitio\/wp-content\/uploads\/2025\/07\/Proyecto-Cambiar-tamano-de-imagen-2025-06-25T093642.647.jpeg",2000,1333,false],"thumbnail":["https:\/\/www.uartes.edu.ec\/sitio\/wp-content\/uploads\/2025\/07\/Proyecto-Cambiar-tamano-de-imagen-2025-06-25T093642.647-150x150.jpeg",150,150,true],"medium":["https:\/\/www.uartes.edu.ec\/sitio\/wp-content\/uploads\/2025\/07\/Proyecto-Cambiar-tamano-de-imagen-2025-06-25T093642.647-300x200.jpeg",300,200,true],"medium_large":["https:\/\/www.uartes.edu.ec\/sitio\/wp-content\/uploads\/2025\/07\/Proyecto-Cambiar-tamano-de-imagen-2025-06-25T093642.647-768x512.jpeg",768,512,true],"large":["https:\/\/www.uartes.edu.ec\/sitio\/wp-content\/uploads\/2025\/07\/Proyecto-Cambiar-tamano-de-imagen-2025-06-25T093642.647-644x429.jpeg",644,429,true],"1536x1536":["https:\/\/www.uartes.edu.ec\/sitio\/wp-content\/uploads\/2025\/07\/Proyecto-Cambiar-tamano-de-imagen-2025-06-25T093642.647-1536x1024.jpeg",1536,1024,true],"2048x2048":["https:\/\/www.uartes.edu.ec\/sitio\/wp-content\/uploads\/2025\/07\/Proyecto-Cambiar-tamano-de-imagen-2025-06-25T093642.647.jpeg",2000,1333,false],"trp-custom-language-flag":["https:\/\/www.uartes.edu.ec\/sitio\/wp-content\/uploads\/2025\/07\/Proyecto-Cambiar-tamano-de-imagen-2025-06-25T093642.647-18x12.jpeg",18,12,true],"htmega_size_585x295":["https:\/\/www.uartes.edu.ec\/sitio\/wp-content\/uploads\/2025\/07\/Proyecto-Cambiar-tamano-de-imagen-2025-06-25T093642.647-585x295.jpeg",585,295,true],"htmega_size_1170x536":["https:\/\/www.uartes.edu.ec\/sitio\/wp-content\/uploads\/2025\/07\/Proyecto-Cambiar-tamano-de-imagen-2025-06-25T093642.647-1170x536.jpeg",1170,536,true],"htmega_size_396x360":["https:\/\/www.uartes.edu.ec\/sitio\/wp-content\/uploads\/2025\/07\/Proyecto-Cambiar-tamano-de-imagen-2025-06-25T093642.647-396x360.jpeg",396,360,true],"gb-block-post-grid-landscape":["https:\/\/www.uartes.edu.ec\/sitio\/wp-content\/uploads\/2025\/07\/Proyecto-Cambiar-tamano-de-imagen-2025-06-25T093642.647-600x400.jpeg",600,400,true],"gb-block-post-grid-square":["https:\/\/www.uartes.edu.ec\/sitio\/wp-content\/uploads\/2025\/07\/Proyecto-Cambiar-tamano-de-imagen-2025-06-25T093642.647-600x600.jpeg",600,600,true],"university-hub-thumb":["https:\/\/www.uartes.edu.ec\/sitio\/wp-content\/uploads\/2025\/07\/Proyecto-Cambiar-tamano-de-imagen-2025-06-25T093642.647-400x267.jpeg",400,267,true]},"uagb_author_info":{"display_name":"ccortez","author_link":"https:\/\/www.uartes.edu.ec\/sitio\/fr\/blog\/author\/ccortez\/"},"uagb_comment_info":0,"uagb_excerpt":"La Universidad de las Artes estuvo por primera vez presente en el Festival Internacional de Flautistas en el Centro del Mundo, que en su XXXII tuvo lugar en Quito. En la cita tom\u00f3 parte el Ensamble de Flautas Traversas y Tradicionales que integran los estudiantes de la C\u00e1tedra de Flauta que dicta el profesor Luis\u2026","featured_image_src":"https:\/\/www.uartes.edu.ec\/sitio\/wp-content\/uploads\/2025\/07\/Proyecto-Cambiar-tamano-de-imagen-2025-06-25T093642.647-600x400.jpeg","featured_image_src_square":"https:\/\/www.uartes.edu.ec\/sitio\/wp-content\/uploads\/2025\/07\/Proyecto-Cambiar-tamano-de-imagen-2025-06-25T093642.647-600x600.jpeg","author_info":{"display_name":"ccortez","author_link":"https:\/\/www.uartes.edu.ec\/sitio\/fr\/blog\/author\/ccortez\/"},"publishpress_future_workflow_manual_trigger":{"enabledWorkflows":[]},"distributor_meta":false,"distributor_terms":false,"distributor_media":false,"distributor_original_site_name":"Universidad de las Artes","distributor_original_site_url":"https:\/\/www.uartes.edu.ec\/sitio\/fr","push-errors":false,"_links":{"self":[{"href":"https:\/\/www.uartes.edu.ec\/sitio\/fr\/wp-json\/wp\/v2\/posts\/74390","targetHints":{"allow":["GET"]}}],"collection":[{"href":"https:\/\/www.uartes.edu.ec\/sitio\/fr\/wp-json\/wp\/v2\/posts"}],"about":[{"href":"https:\/\/www.uartes.edu.ec\/sitio\/fr\/wp-json\/wp\/v2\/types\/post"}],"author":[{"embeddable":true,"href":"https:\/\/www.uartes.edu.ec\/sitio\/fr\/wp-json\/wp\/v2\/users\/10"}],"replies":[{"embeddable":true,"href":"https:\/\/www.uartes.edu.ec\/sitio\/fr\/wp-json\/wp\/v2\/comments?post=74390"}],"version-history":[{"count":6,"href":"https:\/\/www.uartes.edu.ec\/sitio\/fr\/wp-json\/wp\/v2\/posts\/74390\/revisions"}],"predecessor-version":[{"id":74432,"href":"https:\/\/www.uartes.edu.ec\/sitio\/fr\/wp-json\/wp\/v2\/posts\/74390\/revisions\/74432"}],"wp:featuredmedia":[{"embeddable":true,"href":"https:\/\/www.uartes.edu.ec\/sitio\/fr\/wp-json\/wp\/v2\/media\/74391"}],"wp:attachment":[{"href":"https:\/\/www.uartes.edu.ec\/sitio\/fr\/wp-json\/wp\/v2\/media?parent=74390"}],"wp:term":[{"taxonomy":"category","embeddable":true,"href":"https:\/\/www.uartes.edu.ec\/sitio\/fr\/wp-json\/wp\/v2\/categories?post=74390"},{"taxonomy":"post_tag","embeddable":true,"href":"https:\/\/www.uartes.edu.ec\/sitio\/fr\/wp-json\/wp\/v2\/tags?post=74390"},{"taxonomy":"infouartes","embeddable":true,"href":"https:\/\/www.uartes.edu.ec\/sitio\/fr\/wp-json\/wp\/v2\/infouartes?post=74390"}],"curies":[{"name":"wp","href":"https:\/\/api.w.org\/{rel}","templated":true}]}}