{"id":74444,"date":"2025-07-01T17:31:15","date_gmt":"2025-07-01T22:31:15","guid":{"rendered":"https:\/\/www.uartes.edu.ec\/sitio\/?p=74444"},"modified":"2025-07-01T17:37:19","modified_gmt":"2025-07-01T22:37:19","slug":"el-gamelan-extiende-su-presencia-en-la-uartes-se-renovo-el-convenio-con-la-embajada-de-indonesia-en-ecuador","status":"publish","type":"post","link":"https:\/\/www.uartes.edu.ec\/sitio\/fr\/blog\/2025\/07\/01\/el-gamelan-extiende-su-presencia-en-la-uartes-se-renovo-el-convenio-con-la-embajada-de-indonesia-en-ecuador\/","title":{"rendered":"El gamel\u00e1n extiende su presencia en la UArtes; se renov\u00f3 el convenio con la Embajada de Indonesia en Ecuador"},"content":{"rendered":"<p>En un emotivo evento que conjug\u00f3 m\u00fasica, tradici\u00f3n e intercambio de saberes ancestrales, la Universidad de las Artes del Ecuador (UArtes) celebr\u00f3 la renovaci\u00f3n del acuerdo de comodato del gamel\u00e1n con la Embajada de Indonesia, en el marco del concierto \u201cEstrechando lazos: Donde florece el sonido\u201d.<\/p>\n\n\n\n<p>La ceremonia, realizada en la Plaza P\u00fablica del MZ14 Centro de Producci\u00f3n e Innovaci\u00f3n, cont\u00f3 con la presencia del Excelent\u00edsimo Sr. Agung Kurniadi, embajador de Indonesia en Ecuador; del rector de la UArtes, Dr. William Herrera R\u00edos; del jefe de la Canciller\u00eda de Indonesia, Sr. Herry Jotma; del c\u00f3nsul honorario de Indonesia en Guayaquil, Abg. Juan Carlos D\u00edaz-Granados; del director de la Escuela de Artes Sonoras, Dr. Javier Ocampo Cardona; y de la directora de Relaciones Internacionales, Mg. Susan Togra D\u00edaz, quien dio la bienvenida a la comunidad universitaria y p\u00fablico en general.<\/p>\n\n\n\n<p>Hubo seguidamente la intervenci\u00f3n del maestro Ngadimin, m\u00fasico indonesio que culmina su estancia acad\u00e9mica en nuestra instituci\u00f3n, quien expres\u00f3 su sentir con respecto al compartir de saberes que se ha venido gestando en la UArtes.<\/p>\n\n\n\n<p>El doctor William Herrera R\u00edos se\u00f1al\u00f3 la importancia de la presencia del embajador Agung Kurniadi y su comitiva en el MZ14, as\u00ed como la renovaci\u00f3n del comodato que le permite tener a la UArtes \u2013en la Sala de Etnomusicolog\u00eda del MZ14\u2013 al gamel\u00e1n, una joya de la cultura de Indonesia.<\/p>\n\n\n<div class=\"wp-block-image\">\n<figure class=\"aligncenter size-large\"><img fetchpriority=\"high\" decoding=\"async\" width=\"644\" height=\"429\" src=\"https:\/\/www.uartes.edu.ec\/sitio\/wp-content\/uploads\/2025\/07\/10-GAMELAN-MZ14-644x429.jpg\" alt=\"\" class=\"wp-image-74447\" srcset=\"https:\/\/www.uartes.edu.ec\/sitio\/wp-content\/uploads\/2025\/07\/10-GAMELAN-MZ14-644x429.jpg 644w, https:\/\/www.uartes.edu.ec\/sitio\/wp-content\/uploads\/2025\/07\/10-GAMELAN-MZ14-300x200.jpg 300w, https:\/\/www.uartes.edu.ec\/sitio\/wp-content\/uploads\/2025\/07\/10-GAMELAN-MZ14-768x512.jpg 768w, https:\/\/www.uartes.edu.ec\/sitio\/wp-content\/uploads\/2025\/07\/10-GAMELAN-MZ14-1536x1024.jpg 1536w, https:\/\/www.uartes.edu.ec\/sitio\/wp-content\/uploads\/2025\/07\/10-GAMELAN-MZ14-18x12.jpg 18w, https:\/\/www.uartes.edu.ec\/sitio\/wp-content\/uploads\/2025\/07\/10-GAMELAN-MZ14-600x400.jpg 600w, https:\/\/www.uartes.edu.ec\/sitio\/wp-content\/uploads\/2025\/07\/10-GAMELAN-MZ14-400x267.jpg 400w, https:\/\/www.uartes.edu.ec\/sitio\/wp-content\/uploads\/2025\/07\/10-GAMELAN-MZ14.jpg 2000w\" sizes=\"(max-width: 644px) 100vw, 644px\" \/><\/figure>\n<\/div>\n\n\n<figure class=\"wp-block-gallery has-nested-images columns-default is-cropped wp-block-gallery-1 is-layout-flex wp-block-gallery-is-layout-flex\">\n<figure class=\"wp-block-image size-large\"><img decoding=\"async\" width=\"644\" height=\"429\" data-id=\"74453\" src=\"https:\/\/www.uartes.edu.ec\/sitio\/wp-content\/uploads\/2025\/07\/02-GAMELAN-MZ14-644x429.jpg\" alt=\"\" class=\"wp-image-74453\" srcset=\"https:\/\/www.uartes.edu.ec\/sitio\/wp-content\/uploads\/2025\/07\/02-GAMELAN-MZ14-644x429.jpg 644w, https:\/\/www.uartes.edu.ec\/sitio\/wp-content\/uploads\/2025\/07\/02-GAMELAN-MZ14-300x200.jpg 300w, https:\/\/www.uartes.edu.ec\/sitio\/wp-content\/uploads\/2025\/07\/02-GAMELAN-MZ14-768x512.jpg 768w, https:\/\/www.uartes.edu.ec\/sitio\/wp-content\/uploads\/2025\/07\/02-GAMELAN-MZ14-1536x1024.jpg 1536w, https:\/\/www.uartes.edu.ec\/sitio\/wp-content\/uploads\/2025\/07\/02-GAMELAN-MZ14-18x12.jpg 18w, https:\/\/www.uartes.edu.ec\/sitio\/wp-content\/uploads\/2025\/07\/02-GAMELAN-MZ14-600x400.jpg 600w, https:\/\/www.uartes.edu.ec\/sitio\/wp-content\/uploads\/2025\/07\/02-GAMELAN-MZ14-400x267.jpg 400w, https:\/\/www.uartes.edu.ec\/sitio\/wp-content\/uploads\/2025\/07\/02-GAMELAN-MZ14.jpg 2000w\" sizes=\"(max-width: 644px) 100vw, 644px\" \/><\/figure>\n\n\n\n<figure class=\"wp-block-image size-large\"><img decoding=\"async\" width=\"644\" height=\"429\" data-id=\"74452\" src=\"https:\/\/www.uartes.edu.ec\/sitio\/wp-content\/uploads\/2025\/07\/03-GAMELAN-MZ14-644x429.jpg\" alt=\"\" class=\"wp-image-74452\" srcset=\"https:\/\/www.uartes.edu.ec\/sitio\/wp-content\/uploads\/2025\/07\/03-GAMELAN-MZ14-644x429.jpg 644w, https:\/\/www.uartes.edu.ec\/sitio\/wp-content\/uploads\/2025\/07\/03-GAMELAN-MZ14-300x200.jpg 300w, https:\/\/www.uartes.edu.ec\/sitio\/wp-content\/uploads\/2025\/07\/03-GAMELAN-MZ14-768x512.jpg 768w, https:\/\/www.uartes.edu.ec\/sitio\/wp-content\/uploads\/2025\/07\/03-GAMELAN-MZ14-1536x1024.jpg 1536w, https:\/\/www.uartes.edu.ec\/sitio\/wp-content\/uploads\/2025\/07\/03-GAMELAN-MZ14-18x12.jpg 18w, https:\/\/www.uartes.edu.ec\/sitio\/wp-content\/uploads\/2025\/07\/03-GAMELAN-MZ14-600x400.jpg 600w, https:\/\/www.uartes.edu.ec\/sitio\/wp-content\/uploads\/2025\/07\/03-GAMELAN-MZ14-400x267.jpg 400w, https:\/\/www.uartes.edu.ec\/sitio\/wp-content\/uploads\/2025\/07\/03-GAMELAN-MZ14.jpg 2000w\" sizes=\"(max-width: 644px) 100vw, 644px\" \/><\/figure>\n<\/figure>\n\n\n\n<p><\/p>\n\n\n\n<p>Es una gran responsabilidad, dijo el rector UArtes, no solo porque implica un compromiso colocar al tradicional instrumento dentro de las iniciativas de formaci\u00f3n y de programaci\u00f3n art\u00edstica, sino porque, a partir de experiencias concretas, hemos encontrado que por medio del gamel\u00e1n se abri\u00f3 una puerta muy valiosa para conocer cada vez m\u00e1s a Indonesia y para que nuestros estudiantes y graduados puedan continuar sus estudios all\u00e1. \u201cHemos tenido un par de casos exitosos y esperamos que se sigan produciendo esas nuevas iniciativas de movilidad estudiantil y de formaci\u00f3n\u201d.<\/p>\n\n\n\n<p>El gamel\u00e1n en la UArtes, agreg\u00f3 William Herrera, se ha convertido en un instrumento de internacionalizaci\u00f3n para la universidad y su Escuela de Artes Sonoras; una pieza fundamental tambi\u00e9n para la estructura acad\u00e9mica y art\u00edstica que impulsa la EAS.<\/p>\n\n\n\n<p>El embajador indonesio Agung Kurniadi, en su intervenci\u00f3n, record\u00f3 que la colaboraci\u00f3n con la UArtes se remonta a marzo de 2022 cuando conoci\u00f3 al doctor Herrera. \u201c(\u2026) Y ahora los estudiantes no solo saben que el gamel\u00e1n es reconocido por la Unesco como Patrimonio Cultural Inmaterial de la Humanidad, sino que tambi\u00e9n pueden interpretar canciones tradicionales con partituras y crear sus propias canciones\u201d.<\/p>\n\n\n\n<p>Se\u00f1al\u00f3, asimismo, las presentaciones que ha brindado el Ensamble de Gamel\u00e1n UArtes en varios eventos, como el Festival de Jazz del Teatro Sucre, en Quito, en 2024. \u201cEs un verdadero honor para m\u00ed y para la embajada que los estudiantes ecuatorianos pueden tocar y comprender nuestros instrumentos tradicionales\u201d.<\/p>\n\n\n<div class=\"wp-block-image\">\n<figure class=\"aligncenter size-large\"><img loading=\"lazy\" decoding=\"async\" width=\"644\" height=\"429\" src=\"https:\/\/www.uartes.edu.ec\/sitio\/wp-content\/uploads\/2025\/07\/06-GAMELAN-MZ14-644x429.jpg\" alt=\"\" class=\"wp-image-74449\" srcset=\"https:\/\/www.uartes.edu.ec\/sitio\/wp-content\/uploads\/2025\/07\/06-GAMELAN-MZ14-644x429.jpg 644w, https:\/\/www.uartes.edu.ec\/sitio\/wp-content\/uploads\/2025\/07\/06-GAMELAN-MZ14-300x200.jpg 300w, https:\/\/www.uartes.edu.ec\/sitio\/wp-content\/uploads\/2025\/07\/06-GAMELAN-MZ14-768x512.jpg 768w, https:\/\/www.uartes.edu.ec\/sitio\/wp-content\/uploads\/2025\/07\/06-GAMELAN-MZ14-1536x1024.jpg 1536w, https:\/\/www.uartes.edu.ec\/sitio\/wp-content\/uploads\/2025\/07\/06-GAMELAN-MZ14-18x12.jpg 18w, https:\/\/www.uartes.edu.ec\/sitio\/wp-content\/uploads\/2025\/07\/06-GAMELAN-MZ14-600x400.jpg 600w, https:\/\/www.uartes.edu.ec\/sitio\/wp-content\/uploads\/2025\/07\/06-GAMELAN-MZ14-400x267.jpg 400w, https:\/\/www.uartes.edu.ec\/sitio\/wp-content\/uploads\/2025\/07\/06-GAMELAN-MZ14.jpg 2000w\" sizes=\"(max-width: 644px) 100vw, 644px\" \/><\/figure>\n<\/div>\n\n\n<figure class=\"wp-block-gallery has-nested-images columns-default is-cropped wp-block-gallery-2 is-layout-flex wp-block-gallery-is-layout-flex\">\n<figure class=\"wp-block-image size-large\"><img loading=\"lazy\" decoding=\"async\" width=\"644\" height=\"429\" data-id=\"74450\" src=\"https:\/\/www.uartes.edu.ec\/sitio\/wp-content\/uploads\/2025\/07\/04-GAMELAN-MZ14-644x429.jpg\" alt=\"\" class=\"wp-image-74450\" srcset=\"https:\/\/www.uartes.edu.ec\/sitio\/wp-content\/uploads\/2025\/07\/04-GAMELAN-MZ14-644x429.jpg 644w, https:\/\/www.uartes.edu.ec\/sitio\/wp-content\/uploads\/2025\/07\/04-GAMELAN-MZ14-300x200.jpg 300w, https:\/\/www.uartes.edu.ec\/sitio\/wp-content\/uploads\/2025\/07\/04-GAMELAN-MZ14-768x512.jpg 768w, https:\/\/www.uartes.edu.ec\/sitio\/wp-content\/uploads\/2025\/07\/04-GAMELAN-MZ14-1536x1024.jpg 1536w, https:\/\/www.uartes.edu.ec\/sitio\/wp-content\/uploads\/2025\/07\/04-GAMELAN-MZ14-18x12.jpg 18w, https:\/\/www.uartes.edu.ec\/sitio\/wp-content\/uploads\/2025\/07\/04-GAMELAN-MZ14-600x400.jpg 600w, https:\/\/www.uartes.edu.ec\/sitio\/wp-content\/uploads\/2025\/07\/04-GAMELAN-MZ14-400x267.jpg 400w, https:\/\/www.uartes.edu.ec\/sitio\/wp-content\/uploads\/2025\/07\/04-GAMELAN-MZ14.jpg 2000w\" sizes=\"(max-width: 644px) 100vw, 644px\" \/><\/figure>\n\n\n\n<figure class=\"wp-block-image size-large\"><img loading=\"lazy\" decoding=\"async\" width=\"644\" height=\"429\" data-id=\"74451\" src=\"https:\/\/www.uartes.edu.ec\/sitio\/wp-content\/uploads\/2025\/07\/05-GAMELAN-MZ14-644x429.jpg\" alt=\"\" class=\"wp-image-74451\" srcset=\"https:\/\/www.uartes.edu.ec\/sitio\/wp-content\/uploads\/2025\/07\/05-GAMELAN-MZ14-644x429.jpg 644w, https:\/\/www.uartes.edu.ec\/sitio\/wp-content\/uploads\/2025\/07\/05-GAMELAN-MZ14-300x200.jpg 300w, https:\/\/www.uartes.edu.ec\/sitio\/wp-content\/uploads\/2025\/07\/05-GAMELAN-MZ14-768x512.jpg 768w, https:\/\/www.uartes.edu.ec\/sitio\/wp-content\/uploads\/2025\/07\/05-GAMELAN-MZ14-1536x1024.jpg 1536w, https:\/\/www.uartes.edu.ec\/sitio\/wp-content\/uploads\/2025\/07\/05-GAMELAN-MZ14-18x12.jpg 18w, https:\/\/www.uartes.edu.ec\/sitio\/wp-content\/uploads\/2025\/07\/05-GAMELAN-MZ14-600x400.jpg 600w, https:\/\/www.uartes.edu.ec\/sitio\/wp-content\/uploads\/2025\/07\/05-GAMELAN-MZ14-400x267.jpg 400w, https:\/\/www.uartes.edu.ec\/sitio\/wp-content\/uploads\/2025\/07\/05-GAMELAN-MZ14.jpg 2000w\" sizes=\"(max-width: 644px) 100vw, 644px\" \/><\/figure>\n<\/figure>\n\n\n\n<p><\/p>\n\n\n\n<p>Acto seguido se formaliz\u00f3 la firma de una adenda que extiende por tres a\u00f1os m\u00e1s el pr\u00e9stamo del gamel\u00e1n, el conjunto ancestral de instrumentos tradicionales indonesios que ha sido pieza clave en el fortalecimiento del intercambio acad\u00e9mico y art\u00edstico entre ambos pa\u00edses y cuya c\u00e1tedra forma parte de la malla curricular para estudiantes de Artes Sonoras.<\/p>\n\n\n\n<p>Tras la suscripci\u00f3n, Susan Togra invit\u00f3 a los estudiantes que integran el ensamble a tomar sus lugares frente a los tradicionales instrumentos y dirigidos por el maestro Ngadimin interpretaron \u201cManyar Sewu\u201d, la canci\u00f3n de las mil aves, una melod\u00eda que otorga la bienvenida a cientos de invitados, quienes llegan gustosos a una celebraci\u00f3n, tal como lo hacen las aves por el cielo.<\/p>\n\n\n\n<p>La siguiente composici\u00f3n, \u201cSi Kancil\u201d, fue asimismo detallada por Togra: describe al campesino que se encuentra cuidando la granja y sus plantaciones de frutas para que no sean despojadas por el animal; \u201cIlir Ilir\u201d, la tercera canci\u00f3n, invita a reflexionar sobre lo afortunados que somos al tener cuerpos sanos, tiempo disponible, oportunidades para usarlas y hacer el bien con el prop\u00f3sito de prepararse para coincidir con Dios; \u201cMentog\u201d habla del comportamiento de un animal, MEnthog o pato, que transmite un mensaje honorable y filos\u00f3fico; y \u201cFull Moon\u201d se\u00f1ala un ambiente alegre, con ni\u00f1os jugando, cantando y bailando bajo la luz de&nbsp;la&nbsp;luna&nbsp;llena.<\/p>\n\n\n<div class=\"wp-block-image\">\n<figure class=\"aligncenter size-large\"><img loading=\"lazy\" decoding=\"async\" width=\"644\" height=\"429\" src=\"https:\/\/www.uartes.edu.ec\/sitio\/wp-content\/uploads\/2025\/07\/08-GAMELAN-MZ14-644x429.jpg\" alt=\"\" class=\"wp-image-74446\" srcset=\"https:\/\/www.uartes.edu.ec\/sitio\/wp-content\/uploads\/2025\/07\/08-GAMELAN-MZ14-644x429.jpg 644w, https:\/\/www.uartes.edu.ec\/sitio\/wp-content\/uploads\/2025\/07\/08-GAMELAN-MZ14-300x200.jpg 300w, https:\/\/www.uartes.edu.ec\/sitio\/wp-content\/uploads\/2025\/07\/08-GAMELAN-MZ14-768x512.jpg 768w, https:\/\/www.uartes.edu.ec\/sitio\/wp-content\/uploads\/2025\/07\/08-GAMELAN-MZ14-1536x1024.jpg 1536w, https:\/\/www.uartes.edu.ec\/sitio\/wp-content\/uploads\/2025\/07\/08-GAMELAN-MZ14-18x12.jpg 18w, https:\/\/www.uartes.edu.ec\/sitio\/wp-content\/uploads\/2025\/07\/08-GAMELAN-MZ14-600x400.jpg 600w, https:\/\/www.uartes.edu.ec\/sitio\/wp-content\/uploads\/2025\/07\/08-GAMELAN-MZ14-400x267.jpg 400w, https:\/\/www.uartes.edu.ec\/sitio\/wp-content\/uploads\/2025\/07\/08-GAMELAN-MZ14.jpg 2000w\" sizes=\"(max-width: 644px) 100vw, 644px\" \/><\/figure>\n<\/div>\n\n\n<p>As\u00ed como el primero, el segundo grupo del Ensamble de Gamel\u00e1n UArtes intervino con un repertorio de cinco canciones que fueron igualmente descritas, convirtiendo al concierto en un encuentro did\u00e1ctico. \u201cLesung jummglung\u201d, la primera, describe una fiesta tras una cosecha abundante.<\/p>\n\n\n\n<p>\u201cGareng pung\u201d, la siguiente canci\u00f3n, cuenta la historia de personas que destruyen ciegamente la naturaleza, los bosques y las monta\u00f1as hasta que finalmente se dan cuenta de que sus acciones han resultado en destrucci\u00f3n&nbsp;natural. \u201cGungul pacu\u201d hace referencia a personas que no son responsables de sus deberes y trabajos. \u201cDewi Sri\u201d, la cuarta interpretaci\u00f3n, describe las oraciones de los agricultores y su gratitud al Dios de la Fertilidad. Y la instrumental \u201cSampakan\u201d describe la atm\u00f3sfera y el estado de un evento que transcurre con fluidez y \u00e9xito, gracias al gran esp\u00edritu de equipo y la uni\u00f3n de todos.<\/p>\n\n\n\n<p>Al finalizar el concierto, y como s\u00edmbolo de gratitud, la Universidad de las Artes le dio al embajador Kurniadi una marimba tradicional esmeralde\u00f1a que fue elaborada en la C\u00e1tedra Construcci\u00f3n de Instrumentos Ancestrales, a cargo del docente Orlin Monta\u00f1o. La entrega del instrumento ancestral ecuatoriano se le otorg\u00f3 en reconocimiento a su labor en favor del di\u00e1logo intercultural y la cooperaci\u00f3n bilateral.<\/p>\n\n\n\n<p>Vale anotar que el evento form\u00f3 parte de los Jueves de la EAS y reafirm\u00f3 el compromiso de la Universidad de las Artes con la construcci\u00f3n de puentes culturales que promuevan la diversidad, el aprendizaje mutuo y la amistad entre los pueblos.<\/p>\n\n\n<div class=\"wp-block-image\">\n<figure class=\"aligncenter size-large\"><img loading=\"lazy\" decoding=\"async\" width=\"644\" height=\"429\" src=\"https:\/\/www.uartes.edu.ec\/sitio\/wp-content\/uploads\/2025\/07\/09-GAMELAN-MZ14-644x429.jpg\" alt=\"\" class=\"wp-image-74448\" srcset=\"https:\/\/www.uartes.edu.ec\/sitio\/wp-content\/uploads\/2025\/07\/09-GAMELAN-MZ14-644x429.jpg 644w, https:\/\/www.uartes.edu.ec\/sitio\/wp-content\/uploads\/2025\/07\/09-GAMELAN-MZ14-300x200.jpg 300w, https:\/\/www.uartes.edu.ec\/sitio\/wp-content\/uploads\/2025\/07\/09-GAMELAN-MZ14-768x512.jpg 768w, https:\/\/www.uartes.edu.ec\/sitio\/wp-content\/uploads\/2025\/07\/09-GAMELAN-MZ14-1536x1024.jpg 1536w, https:\/\/www.uartes.edu.ec\/sitio\/wp-content\/uploads\/2025\/07\/09-GAMELAN-MZ14-18x12.jpg 18w, https:\/\/www.uartes.edu.ec\/sitio\/wp-content\/uploads\/2025\/07\/09-GAMELAN-MZ14-600x400.jpg 600w, https:\/\/www.uartes.edu.ec\/sitio\/wp-content\/uploads\/2025\/07\/09-GAMELAN-MZ14-400x267.jpg 400w, https:\/\/www.uartes.edu.ec\/sitio\/wp-content\/uploads\/2025\/07\/09-GAMELAN-MZ14.jpg 2000w\" sizes=\"(max-width: 644px) 100vw, 644px\" \/><\/figure>\n<\/div>\n\n\n<p>Texto: con la colaboraci\u00f3n de la Direcci\u00f3n de Relaciones Internacionales de la UArtes.<\/p>","protected":false},"excerpt":{"rendered":"<p>En un emotivo evento que conjug\u00f3 m\u00fasica, tradici\u00f3n e intercambio de saberes ancestrales, la Universidad de las Artes renov\u00f3 el acuerdo de comodato del gamel\u00e1n con la Embajada de Indonesia, en el marco del concierto \u201cEstrechando lazos\u201d que brind\u00f3 el ensamble UArtes del tradicional instrumento indonesio. La suscripci\u00f3n la hicieron el rector William Herrera y el embajador del pa\u00eds asi\u00e1tico en Ecuador, Agung Kurniadi. <\/p>","protected":false},"author":10,"featured_media":74445,"comment_status":"open","ping_status":"open","sticky":false,"template":"","format":"standard","meta":{"_acf_changed":false,"_uag_custom_page_level_css":"","_monsterinsights_skip_tracking":false,"_monsterinsights_sitenote_active":false,"_monsterinsights_sitenote_note":"","_monsterinsights_sitenote_category":0,"cybocfi_hide_featured_image":"","footnotes":""},"categories":[80,490,82,150,75,76,77,83],"tags":[521],"infouartes":[],"class_list":["post-74444","post","type-post","status-publish","format-standard","has-post-thumbnail","hentry","category-academico","category-alumni","category-artes","category-artes-sonoras","category-docentes","category-estudiantes","category-gestion","category-sedes","tag-encuentro"],"acf":[],"yoast_head":"<!-- This site is optimized with the Yoast SEO plugin v27.4 - https:\/\/yoast.com\/product\/yoast-seo-wordpress\/ -->\n<title>Universidad de las Artes - El gamel\u00e1n extiende su presencia en la UArtes; se renov\u00f3 el convenio con la Embajada de Indonesia en Ecuador<\/title>\n<meta name=\"description\" content=\"Universidad de las Artes - El gamel\u00e1n extiende su presencia en la UArtes; se renov\u00f3 el convenio con la Embajada de Indonesia en Ecuador\" \/>\n<meta name=\"robots\" content=\"index, follow, max-snippet:-1, max-image-preview:large, max-video-preview:-1\" \/>\n<link rel=\"canonical\" href=\"https:\/\/www.uartes.edu.ec\/sitio\/fr\/blog\/2025\/07\/01\/el-gamelan-extiende-su-presencia-en-la-uartes-se-renovo-el-convenio-con-la-embajada-de-indonesia-en-ecuador\/\" \/>\n<meta property=\"og:locale\" content=\"fr_FR\" \/>\n<meta property=\"og:type\" content=\"article\" \/>\n<meta property=\"og:title\" content=\"Universidad de las Artes - El gamel\u00e1n extiende su presencia en la UArtes; se renov\u00f3 el convenio con la Embajada de Indonesia en Ecuador\" \/>\n<meta property=\"og:description\" content=\"Universidad de las Artes - El gamel\u00e1n extiende su presencia en la UArtes; se renov\u00f3 el convenio con la Embajada de Indonesia en Ecuador\" \/>\n<meta property=\"og:url\" content=\"https:\/\/www.uartes.edu.ec\/sitio\/fr\/blog\/2025\/07\/01\/el-gamelan-extiende-su-presencia-en-la-uartes-se-renovo-el-convenio-con-la-embajada-de-indonesia-en-ecuador\/\" \/>\n<meta property=\"og:site_name\" content=\"Universidad de las Artes\" \/>\n<meta property=\"article:publisher\" content=\"https:\/\/www.facebook.com\/uartesec\" \/>\n<meta property=\"article:published_time\" content=\"2025-07-01T22:31:15+00:00\" \/>\n<meta property=\"article:modified_time\" content=\"2025-07-01T22:37:19+00:00\" \/>\n<meta property=\"og:image\" content=\"https:\/\/www.uartes.edu.ec\/sitio\/wp-content\/uploads\/2025\/07\/07-GAMELAN-MZ14.jpg\" \/>\n\t<meta property=\"og:image:width\" content=\"2000\" \/>\n\t<meta property=\"og:image:height\" content=\"1333\" \/>\n\t<meta property=\"og:image:type\" content=\"image\/jpeg\" \/>\n<meta name=\"author\" content=\"ccortez\" \/>\n<meta name=\"twitter:card\" content=\"summary_large_image\" \/>\n<meta name=\"twitter:creator\" content=\"@uartesec\" \/>\n<meta name=\"twitter:site\" content=\"@uartesec\" \/>\n<meta name=\"twitter:label1\" content=\"\u00c9crit par\" \/>\n\t<meta name=\"twitter:data1\" content=\"ccortez\" \/>\n\t<meta name=\"twitter:label2\" content=\"Dur\u00e9e de lecture estim\u00e9e\" \/>\n\t<meta name=\"twitter:data2\" content=\"5 minutes\" \/>\n<script type=\"application\/ld+json\" class=\"yoast-schema-graph\">{\"@context\":\"https:\\\/\\\/schema.org\",\"@graph\":[{\"@type\":\"Article\",\"@id\":\"https:\\\/\\\/www.uartes.edu.ec\\\/sitio\\\/fr\\\/blog\\\/2025\\\/07\\\/01\\\/el-gamelan-extiende-su-presencia-en-la-uartes-se-renovo-el-convenio-con-la-embajada-de-indonesia-en-ecuador\\\/#article\",\"isPartOf\":{\"@id\":\"https:\\\/\\\/www.uartes.edu.ec\\\/sitio\\\/fr\\\/blog\\\/2025\\\/07\\\/01\\\/el-gamelan-extiende-su-presencia-en-la-uartes-se-renovo-el-convenio-con-la-embajada-de-indonesia-en-ecuador\\\/\"},\"author\":{\"name\":\"ccortez\",\"@id\":\"https:\\\/\\\/www.uartes.edu.ec\\\/sitio\\\/fr\\\/#\\\/schema\\\/person\\\/efa1b8275797664fd7f13a79ccc0b1f4\"},\"headline\":\"El gamel\u00e1n extiende su presencia en la UArtes; se renov\u00f3 el convenio con la Embajada de Indonesia en Ecuador\",\"datePublished\":\"2025-07-01T22:31:15+00:00\",\"dateModified\":\"2025-07-01T22:37:19+00:00\",\"mainEntityOfPage\":{\"@id\":\"https:\\\/\\\/www.uartes.edu.ec\\\/sitio\\\/fr\\\/blog\\\/2025\\\/07\\\/01\\\/el-gamelan-extiende-su-presencia-en-la-uartes-se-renovo-el-convenio-con-la-embajada-de-indonesia-en-ecuador\\\/\"},\"wordCount\":1040,\"commentCount\":0,\"publisher\":{\"@id\":\"https:\\\/\\\/www.uartes.edu.ec\\\/sitio\\\/fr\\\/#organization\"},\"image\":{\"@id\":\"https:\\\/\\\/www.uartes.edu.ec\\\/sitio\\\/fr\\\/blog\\\/2025\\\/07\\\/01\\\/el-gamelan-extiende-su-presencia-en-la-uartes-se-renovo-el-convenio-con-la-embajada-de-indonesia-en-ecuador\\\/#primaryimage\"},\"thumbnailUrl\":\"https:\\\/\\\/www.uartes.edu.ec\\\/sitio\\\/wp-content\\\/uploads\\\/2025\\\/07\\\/07-GAMELAN-MZ14.jpg\",\"keywords\":[\"encuentro\"],\"articleSection\":[\"Acad\u00e9mico\",\"Alumni\",\"Artes\",\"Artes Sonoras\",\"Docentes\",\"Estudiantes\",\"Gesti\u00f3n\",\"Sedes\"],\"inLanguage\":\"fr-FR\",\"potentialAction\":[{\"@type\":\"CommentAction\",\"name\":\"Comment\",\"target\":[\"https:\\\/\\\/www.uartes.edu.ec\\\/sitio\\\/fr\\\/blog\\\/2025\\\/07\\\/01\\\/el-gamelan-extiende-su-presencia-en-la-uartes-se-renovo-el-convenio-con-la-embajada-de-indonesia-en-ecuador\\\/#respond\"]}]},{\"@type\":[\"WebPage\",\"ItemPage\"],\"@id\":\"https:\\\/\\\/www.uartes.edu.ec\\\/sitio\\\/fr\\\/blog\\\/2025\\\/07\\\/01\\\/el-gamelan-extiende-su-presencia-en-la-uartes-se-renovo-el-convenio-con-la-embajada-de-indonesia-en-ecuador\\\/\",\"url\":\"https:\\\/\\\/www.uartes.edu.ec\\\/sitio\\\/fr\\\/blog\\\/2025\\\/07\\\/01\\\/el-gamelan-extiende-su-presencia-en-la-uartes-se-renovo-el-convenio-con-la-embajada-de-indonesia-en-ecuador\\\/\",\"name\":\"Universidad de las Artes - El gamel\u00e1n extiende su presencia en la UArtes; se renov\u00f3 el convenio con la Embajada de Indonesia en Ecuador\",\"isPartOf\":{\"@id\":\"https:\\\/\\\/www.uartes.edu.ec\\\/sitio\\\/fr\\\/#website\"},\"primaryImageOfPage\":{\"@id\":\"https:\\\/\\\/www.uartes.edu.ec\\\/sitio\\\/fr\\\/blog\\\/2025\\\/07\\\/01\\\/el-gamelan-extiende-su-presencia-en-la-uartes-se-renovo-el-convenio-con-la-embajada-de-indonesia-en-ecuador\\\/#primaryimage\"},\"image\":{\"@id\":\"https:\\\/\\\/www.uartes.edu.ec\\\/sitio\\\/fr\\\/blog\\\/2025\\\/07\\\/01\\\/el-gamelan-extiende-su-presencia-en-la-uartes-se-renovo-el-convenio-con-la-embajada-de-indonesia-en-ecuador\\\/#primaryimage\"},\"thumbnailUrl\":\"https:\\\/\\\/www.uartes.edu.ec\\\/sitio\\\/wp-content\\\/uploads\\\/2025\\\/07\\\/07-GAMELAN-MZ14.jpg\",\"datePublished\":\"2025-07-01T22:31:15+00:00\",\"dateModified\":\"2025-07-01T22:37:19+00:00\",\"description\":\"Universidad de las Artes - El gamel\u00e1n extiende su presencia en la UArtes; se renov\u00f3 el convenio con la Embajada de Indonesia en Ecuador\",\"breadcrumb\":{\"@id\":\"https:\\\/\\\/www.uartes.edu.ec\\\/sitio\\\/fr\\\/blog\\\/2025\\\/07\\\/01\\\/el-gamelan-extiende-su-presencia-en-la-uartes-se-renovo-el-convenio-con-la-embajada-de-indonesia-en-ecuador\\\/#breadcrumb\"},\"inLanguage\":\"fr-FR\",\"potentialAction\":[{\"@type\":\"ReadAction\",\"target\":[\"https:\\\/\\\/www.uartes.edu.ec\\\/sitio\\\/fr\\\/blog\\\/2025\\\/07\\\/01\\\/el-gamelan-extiende-su-presencia-en-la-uartes-se-renovo-el-convenio-con-la-embajada-de-indonesia-en-ecuador\\\/\"]}]},{\"@type\":\"ImageObject\",\"inLanguage\":\"fr-FR\",\"@id\":\"https:\\\/\\\/www.uartes.edu.ec\\\/sitio\\\/fr\\\/blog\\\/2025\\\/07\\\/01\\\/el-gamelan-extiende-su-presencia-en-la-uartes-se-renovo-el-convenio-con-la-embajada-de-indonesia-en-ecuador\\\/#primaryimage\",\"url\":\"https:\\\/\\\/www.uartes.edu.ec\\\/sitio\\\/wp-content\\\/uploads\\\/2025\\\/07\\\/07-GAMELAN-MZ14.jpg\",\"contentUrl\":\"https:\\\/\\\/www.uartes.edu.ec\\\/sitio\\\/wp-content\\\/uploads\\\/2025\\\/07\\\/07-GAMELAN-MZ14.jpg\",\"width\":2000,\"height\":1333},{\"@type\":\"BreadcrumbList\",\"@id\":\"https:\\\/\\\/www.uartes.edu.ec\\\/sitio\\\/fr\\\/blog\\\/2025\\\/07\\\/01\\\/el-gamelan-extiende-su-presencia-en-la-uartes-se-renovo-el-convenio-con-la-embajada-de-indonesia-en-ecuador\\\/#breadcrumb\",\"itemListElement\":[{\"@type\":\"ListItem\",\"position\":1,\"name\":\"Inicio\",\"item\":\"https:\\\/\\\/www.uartes.edu.ec\\\/sitio\\\/\"},{\"@type\":\"ListItem\",\"position\":2,\"name\":\"El gamel\u00e1n extiende su presencia en la UArtes; se renov\u00f3 el convenio con la Embajada de Indonesia en Ecuador\"}]},{\"@type\":\"WebSite\",\"@id\":\"https:\\\/\\\/www.uartes.edu.ec\\\/sitio\\\/fr\\\/#website\",\"url\":\"https:\\\/\\\/www.uartes.edu.ec\\\/sitio\\\/fr\\\/\",\"name\":\"Universidad de las Artes\",\"description\":\"Sitio oficial de la Universidad Nacional de las Artes del Ecuador\",\"publisher\":{\"@id\":\"https:\\\/\\\/www.uartes.edu.ec\\\/sitio\\\/fr\\\/#organization\"},\"potentialAction\":[{\"@type\":\"SearchAction\",\"target\":{\"@type\":\"EntryPoint\",\"urlTemplate\":\"https:\\\/\\\/www.uartes.edu.ec\\\/sitio\\\/fr\\\/?s={search_term_string}\"},\"query-input\":{\"@type\":\"PropertyValueSpecification\",\"valueRequired\":true,\"valueName\":\"search_term_string\"}}],\"inLanguage\":\"fr-FR\"},{\"@type\":\"Organization\",\"@id\":\"https:\\\/\\\/www.uartes.edu.ec\\\/sitio\\\/fr\\\/#organization\",\"name\":\"Universidad de las Artes\",\"url\":\"https:\\\/\\\/www.uartes.edu.ec\\\/sitio\\\/fr\\\/\",\"logo\":{\"@type\":\"ImageObject\",\"inLanguage\":\"fr-FR\",\"@id\":\"https:\\\/\\\/www.uartes.edu.ec\\\/sitio\\\/fr\\\/#\\\/schema\\\/logo\\\/image\\\/\",\"url\":\"https:\\\/\\\/www.uartes.edu.ec\\\/sitio\\\/wp-content\\\/uploads\\\/2022\\\/07\\\/logo-ua-horizontal.png\",\"contentUrl\":\"https:\\\/\\\/www.uartes.edu.ec\\\/sitio\\\/wp-content\\\/uploads\\\/2022\\\/07\\\/logo-ua-horizontal.png\",\"width\":800,\"height\":276,\"caption\":\"Universidad de las Artes\"},\"image\":{\"@id\":\"https:\\\/\\\/www.uartes.edu.ec\\\/sitio\\\/fr\\\/#\\\/schema\\\/logo\\\/image\\\/\"},\"sameAs\":[\"https:\\\/\\\/www.facebook.com\\\/uartesec\",\"https:\\\/\\\/x.com\\\/uartesec\",\"https:\\\/\\\/www.tiktok.com\\\/@uartesec\"]},{\"@type\":\"Person\",\"@id\":\"https:\\\/\\\/www.uartes.edu.ec\\\/sitio\\\/fr\\\/#\\\/schema\\\/person\\\/efa1b8275797664fd7f13a79ccc0b1f4\",\"name\":\"ccortez\",\"image\":{\"@type\":\"ImageObject\",\"inLanguage\":\"fr-FR\",\"@id\":\"https:\\\/\\\/secure.gravatar.com\\\/avatar\\\/b2a6f664a3ae8e074346ef91775736c5ec479e637ecced6842de9dc98b5da9cd?s=96&d=mm&r=g\",\"url\":\"https:\\\/\\\/secure.gravatar.com\\\/avatar\\\/b2a6f664a3ae8e074346ef91775736c5ec479e637ecced6842de9dc98b5da9cd?s=96&d=mm&r=g\",\"contentUrl\":\"https:\\\/\\\/secure.gravatar.com\\\/avatar\\\/b2a6f664a3ae8e074346ef91775736c5ec479e637ecced6842de9dc98b5da9cd?s=96&d=mm&r=g\",\"caption\":\"ccortez\"},\"url\":\"https:\\\/\\\/www.uartes.edu.ec\\\/sitio\\\/fr\\\/blog\\\/author\\\/ccortez\\\/\"}]}<\/script>\n<!-- \/ Yoast SEO plugin. -->","yoast_head_json":{"title":"Universidad de las Artes - El gamel\u00e1n extiende su presencia en la UArtes; se renov\u00f3 el convenio con la Embajada de Indonesia en Ecuador","description":"Universidad de las Artes - El gamel\u00e1n extiende su presencia en la UArtes; se renov\u00f3 el convenio con la Embajada de Indonesia en Ecuador","robots":{"index":"index","follow":"follow","max-snippet":"max-snippet:-1","max-image-preview":"max-image-preview:large","max-video-preview":"max-video-preview:-1"},"canonical":"https:\/\/www.uartes.edu.ec\/sitio\/fr\/blog\/2025\/07\/01\/el-gamelan-extiende-su-presencia-en-la-uartes-se-renovo-el-convenio-con-la-embajada-de-indonesia-en-ecuador\/","og_locale":"fr_FR","og_type":"article","og_title":"Universidad de las Artes - El gamel\u00e1n extiende su presencia en la UArtes; se renov\u00f3 el convenio con la Embajada de Indonesia en Ecuador","og_description":"Universidad de las Artes - El gamel\u00e1n extiende su presencia en la UArtes; se renov\u00f3 el convenio con la Embajada de Indonesia en Ecuador","og_url":"https:\/\/www.uartes.edu.ec\/sitio\/fr\/blog\/2025\/07\/01\/el-gamelan-extiende-su-presencia-en-la-uartes-se-renovo-el-convenio-con-la-embajada-de-indonesia-en-ecuador\/","og_site_name":"Universidad de las Artes","article_publisher":"https:\/\/www.facebook.com\/uartesec","article_published_time":"2025-07-01T22:31:15+00:00","article_modified_time":"2025-07-01T22:37:19+00:00","og_image":[{"width":2000,"height":1333,"url":"https:\/\/www.uartes.edu.ec\/sitio\/wp-content\/uploads\/2025\/07\/07-GAMELAN-MZ14.jpg","type":"image\/jpeg"}],"author":"ccortez","twitter_card":"summary_large_image","twitter_creator":"@uartesec","twitter_site":"@uartesec","twitter_misc":{"\u00c9crit par":"ccortez","Dur\u00e9e de lecture estim\u00e9e":"5 minutes"},"schema":{"@context":"https:\/\/schema.org","@graph":[{"@type":"Article","@id":"https:\/\/www.uartes.edu.ec\/sitio\/fr\/blog\/2025\/07\/01\/el-gamelan-extiende-su-presencia-en-la-uartes-se-renovo-el-convenio-con-la-embajada-de-indonesia-en-ecuador\/#article","isPartOf":{"@id":"https:\/\/www.uartes.edu.ec\/sitio\/fr\/blog\/2025\/07\/01\/el-gamelan-extiende-su-presencia-en-la-uartes-se-renovo-el-convenio-con-la-embajada-de-indonesia-en-ecuador\/"},"author":{"name":"ccortez","@id":"https:\/\/www.uartes.edu.ec\/sitio\/fr\/#\/schema\/person\/efa1b8275797664fd7f13a79ccc0b1f4"},"headline":"El gamel\u00e1n extiende su presencia en la UArtes; se renov\u00f3 el convenio con la Embajada de Indonesia en Ecuador","datePublished":"2025-07-01T22:31:15+00:00","dateModified":"2025-07-01T22:37:19+00:00","mainEntityOfPage":{"@id":"https:\/\/www.uartes.edu.ec\/sitio\/fr\/blog\/2025\/07\/01\/el-gamelan-extiende-su-presencia-en-la-uartes-se-renovo-el-convenio-con-la-embajada-de-indonesia-en-ecuador\/"},"wordCount":1040,"commentCount":0,"publisher":{"@id":"https:\/\/www.uartes.edu.ec\/sitio\/fr\/#organization"},"image":{"@id":"https:\/\/www.uartes.edu.ec\/sitio\/fr\/blog\/2025\/07\/01\/el-gamelan-extiende-su-presencia-en-la-uartes-se-renovo-el-convenio-con-la-embajada-de-indonesia-en-ecuador\/#primaryimage"},"thumbnailUrl":"https:\/\/www.uartes.edu.ec\/sitio\/wp-content\/uploads\/2025\/07\/07-GAMELAN-MZ14.jpg","keywords":["encuentro"],"articleSection":["Acad\u00e9mico","Alumni","Artes","Artes Sonoras","Docentes","Estudiantes","Gesti\u00f3n","Sedes"],"inLanguage":"fr-FR","potentialAction":[{"@type":"CommentAction","name":"Comment","target":["https:\/\/www.uartes.edu.ec\/sitio\/fr\/blog\/2025\/07\/01\/el-gamelan-extiende-su-presencia-en-la-uartes-se-renovo-el-convenio-con-la-embajada-de-indonesia-en-ecuador\/#respond"]}]},{"@type":["WebPage","ItemPage"],"@id":"https:\/\/www.uartes.edu.ec\/sitio\/fr\/blog\/2025\/07\/01\/el-gamelan-extiende-su-presencia-en-la-uartes-se-renovo-el-convenio-con-la-embajada-de-indonesia-en-ecuador\/","url":"https:\/\/www.uartes.edu.ec\/sitio\/fr\/blog\/2025\/07\/01\/el-gamelan-extiende-su-presencia-en-la-uartes-se-renovo-el-convenio-con-la-embajada-de-indonesia-en-ecuador\/","name":"Universidad de las Artes - El gamel\u00e1n extiende su presencia en la UArtes; se renov\u00f3 el convenio con la Embajada de Indonesia en Ecuador","isPartOf":{"@id":"https:\/\/www.uartes.edu.ec\/sitio\/fr\/#website"},"primaryImageOfPage":{"@id":"https:\/\/www.uartes.edu.ec\/sitio\/fr\/blog\/2025\/07\/01\/el-gamelan-extiende-su-presencia-en-la-uartes-se-renovo-el-convenio-con-la-embajada-de-indonesia-en-ecuador\/#primaryimage"},"image":{"@id":"https:\/\/www.uartes.edu.ec\/sitio\/fr\/blog\/2025\/07\/01\/el-gamelan-extiende-su-presencia-en-la-uartes-se-renovo-el-convenio-con-la-embajada-de-indonesia-en-ecuador\/#primaryimage"},"thumbnailUrl":"https:\/\/www.uartes.edu.ec\/sitio\/wp-content\/uploads\/2025\/07\/07-GAMELAN-MZ14.jpg","datePublished":"2025-07-01T22:31:15+00:00","dateModified":"2025-07-01T22:37:19+00:00","description":"Universidad de las Artes - El gamel\u00e1n extiende su presencia en la UArtes; se renov\u00f3 el convenio con la Embajada de Indonesia en Ecuador","breadcrumb":{"@id":"https:\/\/www.uartes.edu.ec\/sitio\/fr\/blog\/2025\/07\/01\/el-gamelan-extiende-su-presencia-en-la-uartes-se-renovo-el-convenio-con-la-embajada-de-indonesia-en-ecuador\/#breadcrumb"},"inLanguage":"fr-FR","potentialAction":[{"@type":"ReadAction","target":["https:\/\/www.uartes.edu.ec\/sitio\/fr\/blog\/2025\/07\/01\/el-gamelan-extiende-su-presencia-en-la-uartes-se-renovo-el-convenio-con-la-embajada-de-indonesia-en-ecuador\/"]}]},{"@type":"ImageObject","inLanguage":"fr-FR","@id":"https:\/\/www.uartes.edu.ec\/sitio\/fr\/blog\/2025\/07\/01\/el-gamelan-extiende-su-presencia-en-la-uartes-se-renovo-el-convenio-con-la-embajada-de-indonesia-en-ecuador\/#primaryimage","url":"https:\/\/www.uartes.edu.ec\/sitio\/wp-content\/uploads\/2025\/07\/07-GAMELAN-MZ14.jpg","contentUrl":"https:\/\/www.uartes.edu.ec\/sitio\/wp-content\/uploads\/2025\/07\/07-GAMELAN-MZ14.jpg","width":2000,"height":1333},{"@type":"BreadcrumbList","@id":"https:\/\/www.uartes.edu.ec\/sitio\/fr\/blog\/2025\/07\/01\/el-gamelan-extiende-su-presencia-en-la-uartes-se-renovo-el-convenio-con-la-embajada-de-indonesia-en-ecuador\/#breadcrumb","itemListElement":[{"@type":"ListItem","position":1,"name":"Inicio","item":"https:\/\/www.uartes.edu.ec\/sitio\/"},{"@type":"ListItem","position":2,"name":"El gamel\u00e1n extiende su presencia en la UArtes; se renov\u00f3 el convenio con la Embajada de Indonesia en Ecuador"}]},{"@type":"WebSite","@id":"https:\/\/www.uartes.edu.ec\/sitio\/fr\/#website","url":"https:\/\/www.uartes.edu.ec\/sitio\/fr\/","name":"Universidad de las Artes","description":"Sitio oficial de la Universidad Nacional de las Artes del Ecuador","publisher":{"@id":"https:\/\/www.uartes.edu.ec\/sitio\/fr\/#organization"},"potentialAction":[{"@type":"SearchAction","target":{"@type":"EntryPoint","urlTemplate":"https:\/\/www.uartes.edu.ec\/sitio\/fr\/?s={search_term_string}"},"query-input":{"@type":"PropertyValueSpecification","valueRequired":true,"valueName":"search_term_string"}}],"inLanguage":"fr-FR"},{"@type":"Organization","@id":"https:\/\/www.uartes.edu.ec\/sitio\/fr\/#organization","name":"Universidad de las Artes","url":"https:\/\/www.uartes.edu.ec\/sitio\/fr\/","logo":{"@type":"ImageObject","inLanguage":"fr-FR","@id":"https:\/\/www.uartes.edu.ec\/sitio\/fr\/#\/schema\/logo\/image\/","url":"https:\/\/www.uartes.edu.ec\/sitio\/wp-content\/uploads\/2022\/07\/logo-ua-horizontal.png","contentUrl":"https:\/\/www.uartes.edu.ec\/sitio\/wp-content\/uploads\/2022\/07\/logo-ua-horizontal.png","width":800,"height":276,"caption":"Universidad de las Artes"},"image":{"@id":"https:\/\/www.uartes.edu.ec\/sitio\/fr\/#\/schema\/logo\/image\/"},"sameAs":["https:\/\/www.facebook.com\/uartesec","https:\/\/x.com\/uartesec","https:\/\/www.tiktok.com\/@uartesec"]},{"@type":"Person","@id":"https:\/\/www.uartes.edu.ec\/sitio\/fr\/#\/schema\/person\/efa1b8275797664fd7f13a79ccc0b1f4","name":"ccortez","image":{"@type":"ImageObject","inLanguage":"fr-FR","@id":"https:\/\/secure.gravatar.com\/avatar\/b2a6f664a3ae8e074346ef91775736c5ec479e637ecced6842de9dc98b5da9cd?s=96&d=mm&r=g","url":"https:\/\/secure.gravatar.com\/avatar\/b2a6f664a3ae8e074346ef91775736c5ec479e637ecced6842de9dc98b5da9cd?s=96&d=mm&r=g","contentUrl":"https:\/\/secure.gravatar.com\/avatar\/b2a6f664a3ae8e074346ef91775736c5ec479e637ecced6842de9dc98b5da9cd?s=96&d=mm&r=g","caption":"ccortez"},"url":"https:\/\/www.uartes.edu.ec\/sitio\/fr\/blog\/author\/ccortez\/"}]}},"uagb_featured_image_src":{"full":["https:\/\/www.uartes.edu.ec\/sitio\/wp-content\/uploads\/2025\/07\/07-GAMELAN-MZ14.jpg",2000,1333,false],"thumbnail":["https:\/\/www.uartes.edu.ec\/sitio\/wp-content\/uploads\/2025\/07\/07-GAMELAN-MZ14-150x150.jpg",150,150,true],"medium":["https:\/\/www.uartes.edu.ec\/sitio\/wp-content\/uploads\/2025\/07\/07-GAMELAN-MZ14-300x200.jpg",300,200,true],"medium_large":["https:\/\/www.uartes.edu.ec\/sitio\/wp-content\/uploads\/2025\/07\/07-GAMELAN-MZ14-768x512.jpg",768,512,true],"large":["https:\/\/www.uartes.edu.ec\/sitio\/wp-content\/uploads\/2025\/07\/07-GAMELAN-MZ14-644x429.jpg",644,429,true],"1536x1536":["https:\/\/www.uartes.edu.ec\/sitio\/wp-content\/uploads\/2025\/07\/07-GAMELAN-MZ14-1536x1024.jpg",1536,1024,true],"2048x2048":["https:\/\/www.uartes.edu.ec\/sitio\/wp-content\/uploads\/2025\/07\/07-GAMELAN-MZ14.jpg",2000,1333,false],"trp-custom-language-flag":["https:\/\/www.uartes.edu.ec\/sitio\/wp-content\/uploads\/2025\/07\/07-GAMELAN-MZ14-18x12.jpg",18,12,true],"htmega_size_585x295":["https:\/\/www.uartes.edu.ec\/sitio\/wp-content\/uploads\/2025\/07\/07-GAMELAN-MZ14-585x295.jpg",585,295,true],"htmega_size_1170x536":["https:\/\/www.uartes.edu.ec\/sitio\/wp-content\/uploads\/2025\/07\/07-GAMELAN-MZ14-1170x536.jpg",1170,536,true],"htmega_size_396x360":["https:\/\/www.uartes.edu.ec\/sitio\/wp-content\/uploads\/2025\/07\/07-GAMELAN-MZ14-396x360.jpg",396,360,true],"gb-block-post-grid-landscape":["https:\/\/www.uartes.edu.ec\/sitio\/wp-content\/uploads\/2025\/07\/07-GAMELAN-MZ14-600x400.jpg",600,400,true],"gb-block-post-grid-square":["https:\/\/www.uartes.edu.ec\/sitio\/wp-content\/uploads\/2025\/07\/07-GAMELAN-MZ14-600x600.jpg",600,600,true],"university-hub-thumb":["https:\/\/www.uartes.edu.ec\/sitio\/wp-content\/uploads\/2025\/07\/07-GAMELAN-MZ14-400x267.jpg",400,267,true]},"uagb_author_info":{"display_name":"ccortez","author_link":"https:\/\/www.uartes.edu.ec\/sitio\/fr\/blog\/author\/ccortez\/"},"uagb_comment_info":0,"uagb_excerpt":"En un emotivo evento que conjug\u00f3 m\u00fasica, tradici\u00f3n e intercambio de saberes ancestrales, la Universidad de las Artes renov\u00f3 el acuerdo de comodato del gamel\u00e1n con la Embajada de Indonesia, en el marco del concierto \u201cEstrechando lazos\u201d que brind\u00f3 el ensamble UArtes del tradicional instrumento indonesio. La suscripci\u00f3n la hicieron el rector William Herrera y\u2026","featured_image_src":"https:\/\/www.uartes.edu.ec\/sitio\/wp-content\/uploads\/2025\/07\/07-GAMELAN-MZ14-600x400.jpg","featured_image_src_square":"https:\/\/www.uartes.edu.ec\/sitio\/wp-content\/uploads\/2025\/07\/07-GAMELAN-MZ14-600x600.jpg","author_info":{"display_name":"ccortez","author_link":"https:\/\/www.uartes.edu.ec\/sitio\/fr\/blog\/author\/ccortez\/"},"publishpress_future_workflow_manual_trigger":{"enabledWorkflows":[]},"distributor_meta":false,"distributor_terms":false,"distributor_media":false,"distributor_original_site_name":"Universidad de las Artes","distributor_original_site_url":"https:\/\/www.uartes.edu.ec\/sitio\/fr","push-errors":false,"_links":{"self":[{"href":"https:\/\/www.uartes.edu.ec\/sitio\/fr\/wp-json\/wp\/v2\/posts\/74444","targetHints":{"allow":["GET"]}}],"collection":[{"href":"https:\/\/www.uartes.edu.ec\/sitio\/fr\/wp-json\/wp\/v2\/posts"}],"about":[{"href":"https:\/\/www.uartes.edu.ec\/sitio\/fr\/wp-json\/wp\/v2\/types\/post"}],"author":[{"embeddable":true,"href":"https:\/\/www.uartes.edu.ec\/sitio\/fr\/wp-json\/wp\/v2\/users\/10"}],"replies":[{"embeddable":true,"href":"https:\/\/www.uartes.edu.ec\/sitio\/fr\/wp-json\/wp\/v2\/comments?post=74444"}],"version-history":[{"count":3,"href":"https:\/\/www.uartes.edu.ec\/sitio\/fr\/wp-json\/wp\/v2\/posts\/74444\/revisions"}],"predecessor-version":[{"id":74463,"href":"https:\/\/www.uartes.edu.ec\/sitio\/fr\/wp-json\/wp\/v2\/posts\/74444\/revisions\/74463"}],"wp:featuredmedia":[{"embeddable":true,"href":"https:\/\/www.uartes.edu.ec\/sitio\/fr\/wp-json\/wp\/v2\/media\/74445"}],"wp:attachment":[{"href":"https:\/\/www.uartes.edu.ec\/sitio\/fr\/wp-json\/wp\/v2\/media?parent=74444"}],"wp:term":[{"taxonomy":"category","embeddable":true,"href":"https:\/\/www.uartes.edu.ec\/sitio\/fr\/wp-json\/wp\/v2\/categories?post=74444"},{"taxonomy":"post_tag","embeddable":true,"href":"https:\/\/www.uartes.edu.ec\/sitio\/fr\/wp-json\/wp\/v2\/tags?post=74444"},{"taxonomy":"infouartes","embeddable":true,"href":"https:\/\/www.uartes.edu.ec\/sitio\/fr\/wp-json\/wp\/v2\/infouartes?post=74444"}],"curies":[{"name":"wp","href":"https:\/\/api.w.org\/{rel}","templated":true}]}}