{"id":74465,"date":"2025-07-02T18:53:00","date_gmt":"2025-07-02T23:53:00","guid":{"rendered":"https:\/\/www.uartes.edu.ec\/sitio\/?p=74465"},"modified":"2025-07-03T16:31:35","modified_gmt":"2025-07-03T21:31:35","slug":"docentes-pedro-mujica-y-jorge-tigrero-presentaron-sus-poemarios-y-compartieron-sus-creaciones-literarias-en-emotivo-conversatorio","status":"publish","type":"post","link":"https:\/\/www.uartes.edu.ec\/sitio\/fr\/blog\/2025\/07\/02\/docentes-pedro-mujica-y-jorge-tigrero-presentaron-sus-poemarios-y-compartieron-sus-creaciones-literarias-en-emotivo-conversatorio\/","title":{"rendered":"Los docentes Pedro Mujica y Jorge Tigrero presentaron sus poemarios y compartieron sus contenidos en emotivo conversatorio"},"content":{"rendered":"<p>\u201cEfecto Seda\u201d de Pedro Mujica y \u201cL\u00edneas Imaginarias\u201d de Jorge Tigrero. Los dos son libros de poes\u00eda cuyos autores, docentes de la Universidad de las Artes, presentaron recientemente en un conversatorio en el que compartieron los procesos de sus respectivas ediciones, as\u00ed como varias de sus creaciones.<\/p>\n\n\n\n<p>El encuentro se produjo en el tercer piso de la Biblioteca de las Artes y cont\u00f3 con la asistencia de la comunidad universitaria: docentes, estudiantes y directores de unidades como Pol\u00edticas de Investigaci\u00f3n en Artes y Acompa\u00f1amiento al \u00c9xito Acad\u00e9mico, pero tambi\u00e9n, en buen n\u00famero, de amigos y familiares de los autores.<\/p>\n\n\n\n<p>Jorge Tigrero dedic\u00f3 incluso uno de sus poemas a sus padres, presentes en el conversatorio. Lo titul\u00f3 \u201cTesoro\u201d y antes de leerlo a la audiencia cont\u00f3 que de sus progenitores ha recibido siempre su apoyo. Pedro Mujica, igualmente, comparti\u00f3 que la muestra que lleva el nombre de su poemario, \u201cEfecto Seda\u201d, y que inaugur\u00f3 en la Sala Proceso de la Casa de la Cultura N\u00facleo del Azuay, fue curada por Gilda S\u00e1nchez, su esposa, quien tambi\u00e9n lo acompa\u00f1\u00f3.<\/p>\n\n\n<div class=\"wp-block-image\">\n<figure class=\"aligncenter size-large\"><img fetchpriority=\"high\" decoding=\"async\" width=\"644\" height=\"429\" src=\"https:\/\/www.uartes.edu.ec\/sitio\/wp-content\/uploads\/2025\/07\/Proyecto-Cambiar-tamano-de-imagen-2025-06-24T150437.207-644x429.jpeg\" alt=\"\" class=\"wp-image-74492\" srcset=\"https:\/\/www.uartes.edu.ec\/sitio\/wp-content\/uploads\/2025\/07\/Proyecto-Cambiar-tamano-de-imagen-2025-06-24T150437.207-644x429.jpeg 644w, https:\/\/www.uartes.edu.ec\/sitio\/wp-content\/uploads\/2025\/07\/Proyecto-Cambiar-tamano-de-imagen-2025-06-24T150437.207-300x200.jpeg 300w, https:\/\/www.uartes.edu.ec\/sitio\/wp-content\/uploads\/2025\/07\/Proyecto-Cambiar-tamano-de-imagen-2025-06-24T150437.207-768x512.jpeg 768w, https:\/\/www.uartes.edu.ec\/sitio\/wp-content\/uploads\/2025\/07\/Proyecto-Cambiar-tamano-de-imagen-2025-06-24T150437.207-1536x1024.jpeg 1536w, https:\/\/www.uartes.edu.ec\/sitio\/wp-content\/uploads\/2025\/07\/Proyecto-Cambiar-tamano-de-imagen-2025-06-24T150437.207-18x12.jpeg 18w, https:\/\/www.uartes.edu.ec\/sitio\/wp-content\/uploads\/2025\/07\/Proyecto-Cambiar-tamano-de-imagen-2025-06-24T150437.207-600x400.jpeg 600w, https:\/\/www.uartes.edu.ec\/sitio\/wp-content\/uploads\/2025\/07\/Proyecto-Cambiar-tamano-de-imagen-2025-06-24T150437.207-400x267.jpeg 400w, https:\/\/www.uartes.edu.ec\/sitio\/wp-content\/uploads\/2025\/07\/Proyecto-Cambiar-tamano-de-imagen-2025-06-24T150437.207.jpeg 2000w\" sizes=\"(max-width: 644px) 100vw, 644px\" \/><\/figure>\n<\/div>\n\n\n<p>A manera de introducci\u00f3n de la cita, Pedro Mujica indic\u00f3 que \u201cEfecto Seda\u201d, obra vinculada a la exposici\u00f3n hom\u00f3nima, re\u00fane im\u00e1genes y poes\u00edas de su autor\u00eda. La muestra en la CCE-Azuay es una propuesta de fotograf\u00eda expandida que entrelaza la larga exposici\u00f3n, la poes\u00eda sonora, la inteligencia artificial y la realidad aumentada para abrir nuevas posibilidades en la relaci\u00f3n entre imagen, paisaje y tecnolog\u00eda.<\/p>\n\n\n\n<p>La serie de fotograf\u00edas en menci\u00f3n fue tomada durante el atardecer en las costas ecuatorianas, momento en que la luz se vuelve fluida y el tiempo parece diluirse. En las referidas im\u00e1genes, el cielo, el mar y sus reflejos se funden en una danza crom\u00e1tica donde la figura humana se desvanece como una sombra sin due\u00f1o, en un gesto de desaparici\u00f3n que evoca las primeras experimentaciones fotogr\u00e1ficas del siglo XIX.<\/p>\n\n\n\n<p>En el lanzamiento de los libros, Mujica comparti\u00f3 varios de estos detallas de su exposici\u00f3n en la CCE-Azuay. Aclar\u00f3 que \u00e9l no era poeta y que ese ejercicio que lleva muchos a\u00f1os haciendo ten\u00eda que ver con las formas de est\u00e9ticas y de deconstruir el dolor y\/o ciertas experiencias. A \u201cEfecto Seda\u201d, su libro, lo componen poes\u00edas de m\u00e1s de diez a\u00f1os de recorrido y una cantidad de situaciones que tienen que ver con el proyecto fotogr\u00e1fico, dijo.<\/p>\n\n\n<div class=\"wp-block-image\">\n<figure class=\"aligncenter size-large\"><img decoding=\"async\" width=\"644\" height=\"429\" src=\"https:\/\/www.uartes.edu.ec\/sitio\/wp-content\/uploads\/2025\/07\/Proyecto-Cambiar-tamano-de-imagen-2025-06-24T150807.611-1-644x429.jpeg\" alt=\"\" class=\"wp-image-74489\" srcset=\"https:\/\/www.uartes.edu.ec\/sitio\/wp-content\/uploads\/2025\/07\/Proyecto-Cambiar-tamano-de-imagen-2025-06-24T150807.611-1-644x429.jpeg 644w, https:\/\/www.uartes.edu.ec\/sitio\/wp-content\/uploads\/2025\/07\/Proyecto-Cambiar-tamano-de-imagen-2025-06-24T150807.611-1-300x200.jpeg 300w, https:\/\/www.uartes.edu.ec\/sitio\/wp-content\/uploads\/2025\/07\/Proyecto-Cambiar-tamano-de-imagen-2025-06-24T150807.611-1-768x512.jpeg 768w, https:\/\/www.uartes.edu.ec\/sitio\/wp-content\/uploads\/2025\/07\/Proyecto-Cambiar-tamano-de-imagen-2025-06-24T150807.611-1-1536x1024.jpeg 1536w, https:\/\/www.uartes.edu.ec\/sitio\/wp-content\/uploads\/2025\/07\/Proyecto-Cambiar-tamano-de-imagen-2025-06-24T150807.611-1-18x12.jpeg 18w, https:\/\/www.uartes.edu.ec\/sitio\/wp-content\/uploads\/2025\/07\/Proyecto-Cambiar-tamano-de-imagen-2025-06-24T150807.611-1-600x400.jpeg 600w, https:\/\/www.uartes.edu.ec\/sitio\/wp-content\/uploads\/2025\/07\/Proyecto-Cambiar-tamano-de-imagen-2025-06-24T150807.611-1-400x267.jpeg 400w, https:\/\/www.uartes.edu.ec\/sitio\/wp-content\/uploads\/2025\/07\/Proyecto-Cambiar-tamano-de-imagen-2025-06-24T150807.611-1.jpeg 2000w\" sizes=\"(max-width: 644px) 100vw, 644px\" \/><\/figure>\n<\/div>\n\n\n<p>Jorge Tigrero, en su intervenci\u00f3n, agradeci\u00f3 profundamente por la confianza y por el trabajo desarrollado en conjunto. \u201cYa son varios a\u00f1os no solo de compartir escritos, sino tambi\u00e9n la docencia y la investigaci\u00f3n. Hemos tenido el apoyo de la Direcci\u00f3n de Pol\u00edticas de Investigaci\u00f3n en Artes, de Vinculaci\u00f3n con la Sociedad y la Sala R\u00eda de la Biblioteca de las Artes, donde desarrollamos talleres con nuestros estudiantes\u201d.<\/p>\n\n\n\n<p>A\u00f1adi\u00f3 que, aunque Pedro Mujica haya dicho no ser poeta, \u00e9l consideraba que s\u00ed lo era y uno grande. \u201cHe tenido la dicha de hacer el pr\u00f3logo de su libro, el cual fue muy inspirador para m\u00ed, pues me permiti\u00f3 ver toda esa confluencia tanto de la poes\u00eda como de la parte gr\u00e1fica, porque est\u00e1 exponiendo en Cuenca y todo forma parte de un proceso. No es cuesti\u00f3n de un d\u00eda, sino de a\u00f1os y se logra concretar a trav\u00e9s de esta publicaci\u00f3n y su muestra\u201d.<\/p>\n\n\n\n<p>Tigrero cont\u00f3 que en septiembre pr\u00f3ximo se presentar\u00e1 un libro pedag\u00f3gico en la Feria Internacional del Libro de Guayaquil y que al conversatorio hab\u00eda llegado no solo con \u201cL\u00edneas Imaginarias\u201d, sino tambi\u00e9n con \u201cSincronicidades\u201d, otra de sus obras. Seguidamente, \u00e9l y Pedro Mujica dieron lectura a varios de sus poemas.<\/p>\n\n\n\n<p>Cabe anotar que la muestra \u201cEfecto Seda\u201d de Pedro Mujica es una de las propuestas ganadoras de la Convocatoria de Exposiciones Temporales 2025, organizada por la Direcci\u00f3n General de Cultura, Recreaci\u00f3n y Conocimiento de la Alcald\u00eda de Cuenca; forma parte de un proceso de indagaci\u00f3n art\u00edstica desarrollado en la Universidad de las Artes; y es uno de los resultados del proyecto de investigaci\u00f3n \u201cDid\u00e1cticas desde el pensamiento art\u00edstico: exploraci\u00f3n de las pedagog\u00edas creativas a partir de procesos formativos en artes con las comunidades\u201d.<\/p>\n\n\n<div class=\"wp-block-image\">\n<figure class=\"aligncenter size-large\"><img decoding=\"async\" width=\"644\" height=\"429\" src=\"https:\/\/www.uartes.edu.ec\/sitio\/wp-content\/uploads\/2025\/07\/Proyecto-Cambiar-tamano-de-imagen-2025-06-24T151106.676-644x429.jpeg\" alt=\"\" class=\"wp-image-74490\" srcset=\"https:\/\/www.uartes.edu.ec\/sitio\/wp-content\/uploads\/2025\/07\/Proyecto-Cambiar-tamano-de-imagen-2025-06-24T151106.676-644x429.jpeg 644w, https:\/\/www.uartes.edu.ec\/sitio\/wp-content\/uploads\/2025\/07\/Proyecto-Cambiar-tamano-de-imagen-2025-06-24T151106.676-300x200.jpeg 300w, https:\/\/www.uartes.edu.ec\/sitio\/wp-content\/uploads\/2025\/07\/Proyecto-Cambiar-tamano-de-imagen-2025-06-24T151106.676-768x512.jpeg 768w, https:\/\/www.uartes.edu.ec\/sitio\/wp-content\/uploads\/2025\/07\/Proyecto-Cambiar-tamano-de-imagen-2025-06-24T151106.676-1536x1024.jpeg 1536w, https:\/\/www.uartes.edu.ec\/sitio\/wp-content\/uploads\/2025\/07\/Proyecto-Cambiar-tamano-de-imagen-2025-06-24T151106.676-18x12.jpeg 18w, https:\/\/www.uartes.edu.ec\/sitio\/wp-content\/uploads\/2025\/07\/Proyecto-Cambiar-tamano-de-imagen-2025-06-24T151106.676-600x400.jpeg 600w, https:\/\/www.uartes.edu.ec\/sitio\/wp-content\/uploads\/2025\/07\/Proyecto-Cambiar-tamano-de-imagen-2025-06-24T151106.676-400x267.jpeg 400w, https:\/\/www.uartes.edu.ec\/sitio\/wp-content\/uploads\/2025\/07\/Proyecto-Cambiar-tamano-de-imagen-2025-06-24T151106.676.jpeg 2000w\" sizes=\"(max-width: 644px) 100vw, 644px\" \/><\/figure>\n<\/div>\n\n<div class=\"wp-block-image\">\n<figure class=\"aligncenter size-large is-resized\"><img loading=\"lazy\" decoding=\"async\" width=\"644\" height=\"429\" src=\"https:\/\/www.uartes.edu.ec\/sitio\/wp-content\/uploads\/2025\/07\/Proyecto-Cambiar-tamano-de-imagen-2025-06-24T151005.909-644x429.jpeg\" alt=\"\" class=\"wp-image-74486\" style=\"width:479px;height:auto\" srcset=\"https:\/\/www.uartes.edu.ec\/sitio\/wp-content\/uploads\/2025\/07\/Proyecto-Cambiar-tamano-de-imagen-2025-06-24T151005.909-644x429.jpeg 644w, https:\/\/www.uartes.edu.ec\/sitio\/wp-content\/uploads\/2025\/07\/Proyecto-Cambiar-tamano-de-imagen-2025-06-24T151005.909-300x200.jpeg 300w, https:\/\/www.uartes.edu.ec\/sitio\/wp-content\/uploads\/2025\/07\/Proyecto-Cambiar-tamano-de-imagen-2025-06-24T151005.909-768x512.jpeg 768w, https:\/\/www.uartes.edu.ec\/sitio\/wp-content\/uploads\/2025\/07\/Proyecto-Cambiar-tamano-de-imagen-2025-06-24T151005.909-1536x1024.jpeg 1536w, https:\/\/www.uartes.edu.ec\/sitio\/wp-content\/uploads\/2025\/07\/Proyecto-Cambiar-tamano-de-imagen-2025-06-24T151005.909-18x12.jpeg 18w, https:\/\/www.uartes.edu.ec\/sitio\/wp-content\/uploads\/2025\/07\/Proyecto-Cambiar-tamano-de-imagen-2025-06-24T151005.909-600x400.jpeg 600w, https:\/\/www.uartes.edu.ec\/sitio\/wp-content\/uploads\/2025\/07\/Proyecto-Cambiar-tamano-de-imagen-2025-06-24T151005.909-400x267.jpeg 400w, https:\/\/www.uartes.edu.ec\/sitio\/wp-content\/uploads\/2025\/07\/Proyecto-Cambiar-tamano-de-imagen-2025-06-24T151005.909.jpeg 2000w\" sizes=\"(max-width: 644px) 100vw, 644px\" \/><\/figure>\n<\/div>\n\n\n<p>Luego de presentar el libro \u00abEfecto Seda\u00bb, Mujica cumpli\u00f3 varias actividades en la Sala Proceso de la Casa de la Cultura N\u00facleo del Azuay, como recorridos reflexivos. La muestra se mantuvo abierta del 1 al 30 de junio.<\/p>\n\n\n\n<h3 class=\"wp-block-heading\">En los pr\u00f3logos &nbsp;<\/h3>\n\n\n\n<p>De la autor\u00eda de Eduardo Le\u00f3n Rodr\u00edguez, en el pr\u00f3logo de \u201cL\u00edneas Imaginarias\u201d se lee que la poes\u00eda del docente UArtes \u201ctoma forma de huracanes que desprenden todo a su paso. Sus palabras: son esa huella en el alma que nadie jam\u00e1s borrar\u00e1. Sus versos llegan por la noche para conquistar la madrugada. Su inspiraci\u00f3n viene del umbral de los sue\u00f1os\u201d.<\/p>\n\n\n\n<p>Le\u00f3n agrega que el poemario es un homenaje a la vida, que Jorge Tigrero no decae a la embestida de la rutina y que sus letras resistir\u00e1n las tormentas del olvido. \u201cEl texto es un viaje por las tormentas de la vida, por los oasis de la calma. Es una invitaci\u00f3n abierta para los que se desviven por surcar en aquellos territorios de momentos irrepetibles y situaciones que ameritan perderse por el deseo de tan solo desear\u201d.<\/p>\n\n\n\n<p>En el libro \u201cEfecto Seda\u201d de Mujica, es Jorge Tigrero el autor de su introducci\u00f3n, donde se\u00f1ala lo que cada una de sus composiciones provoca en los sentidos: \u201cUn recorrido por diversos pasajes en los que el amor, la pasi\u00f3n, el deseo y los anhelos, transitan a trav\u00e9s de versos que nos invitan a fantasear; cerrar los ojos e imaginar un mar infinito en el cual la clave es sentir, dejar de lado lo material o la conciencia para navegar en un sino de viajes y placeres m\u00e1s all\u00e1 de la carne. Met\u00e1foras perfectamente hilvanadas, en un tejido que, cual manto, nos cubre y sirve de puente para que nuestros cuerpos de mar de pieles se rocen y nos transporten a continentes de pasiones por descubrir\u201d.<\/p>\n\n\n<div class=\"wp-block-image\">\n<figure class=\"aligncenter size-large\"><img loading=\"lazy\" decoding=\"async\" width=\"644\" height=\"429\" src=\"https:\/\/www.uartes.edu.ec\/sitio\/wp-content\/uploads\/2025\/07\/Proyecto-Cambiar-tamano-de-imagen-2025-07-03T163026.128-644x429.jpeg\" alt=\"\" class=\"wp-image-74495\" srcset=\"https:\/\/www.uartes.edu.ec\/sitio\/wp-content\/uploads\/2025\/07\/Proyecto-Cambiar-tamano-de-imagen-2025-07-03T163026.128-644x429.jpeg 644w, https:\/\/www.uartes.edu.ec\/sitio\/wp-content\/uploads\/2025\/07\/Proyecto-Cambiar-tamano-de-imagen-2025-07-03T163026.128-300x200.jpeg 300w, https:\/\/www.uartes.edu.ec\/sitio\/wp-content\/uploads\/2025\/07\/Proyecto-Cambiar-tamano-de-imagen-2025-07-03T163026.128-768x512.jpeg 768w, https:\/\/www.uartes.edu.ec\/sitio\/wp-content\/uploads\/2025\/07\/Proyecto-Cambiar-tamano-de-imagen-2025-07-03T163026.128-1536x1024.jpeg 1536w, https:\/\/www.uartes.edu.ec\/sitio\/wp-content\/uploads\/2025\/07\/Proyecto-Cambiar-tamano-de-imagen-2025-07-03T163026.128-18x12.jpeg 18w, https:\/\/www.uartes.edu.ec\/sitio\/wp-content\/uploads\/2025\/07\/Proyecto-Cambiar-tamano-de-imagen-2025-07-03T163026.128-600x400.jpeg 600w, https:\/\/www.uartes.edu.ec\/sitio\/wp-content\/uploads\/2025\/07\/Proyecto-Cambiar-tamano-de-imagen-2025-07-03T163026.128-400x267.jpeg 400w, https:\/\/www.uartes.edu.ec\/sitio\/wp-content\/uploads\/2025\/07\/Proyecto-Cambiar-tamano-de-imagen-2025-07-03T163026.128.jpeg 2000w\" sizes=\"(max-width: 644px) 100vw, 644px\" \/><\/figure>\n<\/div>\n\n\n<p>Por su parte, Juan Carlos Astudillo, autor del pr\u00f3logo de \u201cEfecto Seda\u201d, anota que \u201clos lenguajes con que Pedro teje este hermoso accidente parecen compartir una paleta emocional y simb\u00f3lica que hilvana equilibrios y tumbos entre las melancol\u00edas, sus g\u00e9lidos y la cuasi-calidez de los tonos de la tierra; la fluidez que se traduce en combates crom\u00e1ticos que nos invitan a descubrir un lenguaje bifronte que recorre espacios de la memoria, el tiempo y su convivencia hacia dentro de quien los especta\u201d.<\/p>\n\n\n\n<p>De su poemario, Jorge Tigrero indic\u00f3 que \u201cL\u00edneas Imaginarias\u201d surgi\u00f3 tras di\u00e1logos con Pedro y sus estudiantes dentro de un proceso de creaci\u00f3n colectiva y en el marco del proyecto de investigaci\u00f3n antes mencionada. \u201cLa inspiraci\u00f3n es tratar de recordar que a veces nosotros mismos colocamos barreras para separarnos de las personas y eso est\u00e1 en nuestra mente. Entonces, la b\u00fasqueda de cada poema es lograr que los miedos y diferentes situaciones que nos hacen separarnos de las personas que queremos se borren poco a poco y reflexionemos acerca de lo que tenemos en vida y sepamos ser gratos con las personas que nos dan la mano y su cari\u00f1o, y seguir pensando en los sue\u00f1os que podemos conseguir a trav\u00e9s del poder de la imaginaci\u00f3n.<\/p>","protected":false},"excerpt":{"rendered":"<p>\u201cEfecto Seda\u201d de Pedro Mujica y \u201cL\u00edneas Imaginarias\u201d de Jorge Tigrero. Los dos son libros de poes\u00eda cuyos autores, docentes UArtes, los presentaron recientemente en un conversatorio en el que compartieron sus procesos y varias de sus creaciones. El encuentro se produjo en el tercer piso de la Biblioteca de las Artes y cont\u00f3 con la asistencia de la comunidad universitaria, amigos y familiares de los escritores.<\/p>","protected":false},"author":10,"featured_media":74466,"comment_status":"open","ping_status":"open","sticky":false,"template":"","format":"standard","meta":{"_acf_changed":false,"_uag_custom_page_level_css":"","_monsterinsights_skip_tracking":false,"_monsterinsights_sitenote_active":false,"_monsterinsights_sitenote_note":"","_monsterinsights_sitenote_category":0,"cybocfi_hide_featured_image":"","footnotes":""},"categories":[80,75,77,175,83],"tags":[557],"infouartes":[],"class_list":["post-74465","post","type-post","status-publish","format-standard","has-post-thumbnail","hentry","category-academico","category-docentes","category-gestion","category-literatura","category-sedes","tag-conversatorio"],"acf":[],"yoast_head":"<!-- This site is optimized with the Yoast SEO plugin v27.4 - https:\/\/yoast.com\/product\/yoast-seo-wordpress\/ -->\n<title>Universidad de las Artes - Los docentes Pedro Mujica y Jorge Tigrero presentaron sus poemarios y compartieron sus contenidos en emotivo conversatorio<\/title>\n<meta name=\"description\" content=\"Universidad de las Artes - Los docentes Pedro Mujica y Jorge Tigrero presentaron sus poemarios y compartieron sus contenidos en emotivo conversatorio\" \/>\n<meta name=\"robots\" content=\"index, follow, max-snippet:-1, max-image-preview:large, max-video-preview:-1\" \/>\n<link rel=\"canonical\" href=\"https:\/\/www.uartes.edu.ec\/sitio\/fr\/blog\/2025\/07\/02\/docentes-pedro-mujica-y-jorge-tigrero-presentaron-sus-poemarios-y-compartieron-sus-creaciones-literarias-en-emotivo-conversatorio\/\" \/>\n<meta property=\"og:locale\" content=\"fr_FR\" \/>\n<meta property=\"og:type\" content=\"article\" \/>\n<meta property=\"og:title\" content=\"Universidad de las Artes - Los docentes Pedro Mujica y Jorge Tigrero presentaron sus poemarios y compartieron sus contenidos en emotivo conversatorio\" \/>\n<meta property=\"og:description\" content=\"Universidad de las Artes - Los docentes Pedro Mujica y Jorge Tigrero presentaron sus poemarios y compartieron sus contenidos en emotivo conversatorio\" \/>\n<meta property=\"og:url\" content=\"https:\/\/www.uartes.edu.ec\/sitio\/fr\/blog\/2025\/07\/02\/docentes-pedro-mujica-y-jorge-tigrero-presentaron-sus-poemarios-y-compartieron-sus-creaciones-literarias-en-emotivo-conversatorio\/\" \/>\n<meta property=\"og:site_name\" content=\"Universidad de las Artes\" \/>\n<meta property=\"article:publisher\" content=\"https:\/\/www.facebook.com\/uartesec\" \/>\n<meta property=\"article:published_time\" content=\"2025-07-02T23:53:00+00:00\" \/>\n<meta property=\"article:modified_time\" content=\"2025-07-03T21:31:35+00:00\" \/>\n<meta property=\"og:image\" content=\"https:\/\/www.uartes.edu.ec\/sitio\/wp-content\/uploads\/2025\/07\/Proyecto-Cambiar-tamano-de-imagen-2025-06-24T154618.586.jpeg\" \/>\n\t<meta property=\"og:image:width\" content=\"2000\" \/>\n\t<meta property=\"og:image:height\" content=\"1333\" \/>\n\t<meta property=\"og:image:type\" content=\"image\/jpeg\" \/>\n<meta name=\"author\" content=\"ccortez\" \/>\n<meta name=\"twitter:card\" content=\"summary_large_image\" \/>\n<meta name=\"twitter:creator\" content=\"@uartesec\" \/>\n<meta name=\"twitter:site\" content=\"@uartesec\" \/>\n<meta name=\"twitter:label1\" content=\"\u00c9crit par\" \/>\n\t<meta name=\"twitter:data1\" content=\"ccortez\" \/>\n\t<meta name=\"twitter:label2\" content=\"Dur\u00e9e de lecture estim\u00e9e\" \/>\n\t<meta name=\"twitter:data2\" content=\"6 minutes\" \/>\n<script type=\"application\/ld+json\" class=\"yoast-schema-graph\">{\"@context\":\"https:\\\/\\\/schema.org\",\"@graph\":[{\"@type\":\"Article\",\"@id\":\"https:\\\/\\\/www.uartes.edu.ec\\\/sitio\\\/fr\\\/blog\\\/2025\\\/07\\\/02\\\/docentes-pedro-mujica-y-jorge-tigrero-presentaron-sus-poemarios-y-compartieron-sus-creaciones-literarias-en-emotivo-conversatorio\\\/#article\",\"isPartOf\":{\"@id\":\"https:\\\/\\\/www.uartes.edu.ec\\\/sitio\\\/fr\\\/blog\\\/2025\\\/07\\\/02\\\/docentes-pedro-mujica-y-jorge-tigrero-presentaron-sus-poemarios-y-compartieron-sus-creaciones-literarias-en-emotivo-conversatorio\\\/\"},\"author\":{\"name\":\"ccortez\",\"@id\":\"https:\\\/\\\/www.uartes.edu.ec\\\/sitio\\\/fr\\\/#\\\/schema\\\/person\\\/efa1b8275797664fd7f13a79ccc0b1f4\"},\"headline\":\"Los docentes Pedro Mujica y Jorge Tigrero presentaron sus poemarios y compartieron sus contenidos en emotivo conversatorio\",\"datePublished\":\"2025-07-02T23:53:00+00:00\",\"dateModified\":\"2025-07-03T21:31:35+00:00\",\"mainEntityOfPage\":{\"@id\":\"https:\\\/\\\/www.uartes.edu.ec\\\/sitio\\\/fr\\\/blog\\\/2025\\\/07\\\/02\\\/docentes-pedro-mujica-y-jorge-tigrero-presentaron-sus-poemarios-y-compartieron-sus-creaciones-literarias-en-emotivo-conversatorio\\\/\"},\"wordCount\":1310,\"commentCount\":0,\"publisher\":{\"@id\":\"https:\\\/\\\/www.uartes.edu.ec\\\/sitio\\\/fr\\\/#organization\"},\"image\":{\"@id\":\"https:\\\/\\\/www.uartes.edu.ec\\\/sitio\\\/fr\\\/blog\\\/2025\\\/07\\\/02\\\/docentes-pedro-mujica-y-jorge-tigrero-presentaron-sus-poemarios-y-compartieron-sus-creaciones-literarias-en-emotivo-conversatorio\\\/#primaryimage\"},\"thumbnailUrl\":\"https:\\\/\\\/www.uartes.edu.ec\\\/sitio\\\/wp-content\\\/uploads\\\/2025\\\/07\\\/Proyecto-Cambiar-tamano-de-imagen-2025-06-24T154618.586.jpeg\",\"keywords\":[\"conversatorio\"],\"articleSection\":[\"Acad\u00e9mico\",\"Docentes\",\"Gesti\u00f3n\",\"Literatura\",\"Sedes\"],\"inLanguage\":\"fr-FR\",\"potentialAction\":[{\"@type\":\"CommentAction\",\"name\":\"Comment\",\"target\":[\"https:\\\/\\\/www.uartes.edu.ec\\\/sitio\\\/fr\\\/blog\\\/2025\\\/07\\\/02\\\/docentes-pedro-mujica-y-jorge-tigrero-presentaron-sus-poemarios-y-compartieron-sus-creaciones-literarias-en-emotivo-conversatorio\\\/#respond\"]}]},{\"@type\":[\"WebPage\",\"ItemPage\"],\"@id\":\"https:\\\/\\\/www.uartes.edu.ec\\\/sitio\\\/fr\\\/blog\\\/2025\\\/07\\\/02\\\/docentes-pedro-mujica-y-jorge-tigrero-presentaron-sus-poemarios-y-compartieron-sus-creaciones-literarias-en-emotivo-conversatorio\\\/\",\"url\":\"https:\\\/\\\/www.uartes.edu.ec\\\/sitio\\\/fr\\\/blog\\\/2025\\\/07\\\/02\\\/docentes-pedro-mujica-y-jorge-tigrero-presentaron-sus-poemarios-y-compartieron-sus-creaciones-literarias-en-emotivo-conversatorio\\\/\",\"name\":\"Universidad de las Artes - Los docentes Pedro Mujica y Jorge Tigrero presentaron sus poemarios y compartieron sus contenidos en emotivo conversatorio\",\"isPartOf\":{\"@id\":\"https:\\\/\\\/www.uartes.edu.ec\\\/sitio\\\/fr\\\/#website\"},\"primaryImageOfPage\":{\"@id\":\"https:\\\/\\\/www.uartes.edu.ec\\\/sitio\\\/fr\\\/blog\\\/2025\\\/07\\\/02\\\/docentes-pedro-mujica-y-jorge-tigrero-presentaron-sus-poemarios-y-compartieron-sus-creaciones-literarias-en-emotivo-conversatorio\\\/#primaryimage\"},\"image\":{\"@id\":\"https:\\\/\\\/www.uartes.edu.ec\\\/sitio\\\/fr\\\/blog\\\/2025\\\/07\\\/02\\\/docentes-pedro-mujica-y-jorge-tigrero-presentaron-sus-poemarios-y-compartieron-sus-creaciones-literarias-en-emotivo-conversatorio\\\/#primaryimage\"},\"thumbnailUrl\":\"https:\\\/\\\/www.uartes.edu.ec\\\/sitio\\\/wp-content\\\/uploads\\\/2025\\\/07\\\/Proyecto-Cambiar-tamano-de-imagen-2025-06-24T154618.586.jpeg\",\"datePublished\":\"2025-07-02T23:53:00+00:00\",\"dateModified\":\"2025-07-03T21:31:35+00:00\",\"description\":\"Universidad de las Artes - Los docentes Pedro Mujica y Jorge Tigrero presentaron sus poemarios y compartieron sus contenidos en emotivo conversatorio\",\"breadcrumb\":{\"@id\":\"https:\\\/\\\/www.uartes.edu.ec\\\/sitio\\\/fr\\\/blog\\\/2025\\\/07\\\/02\\\/docentes-pedro-mujica-y-jorge-tigrero-presentaron-sus-poemarios-y-compartieron-sus-creaciones-literarias-en-emotivo-conversatorio\\\/#breadcrumb\"},\"inLanguage\":\"fr-FR\",\"potentialAction\":[{\"@type\":\"ReadAction\",\"target\":[\"https:\\\/\\\/www.uartes.edu.ec\\\/sitio\\\/fr\\\/blog\\\/2025\\\/07\\\/02\\\/docentes-pedro-mujica-y-jorge-tigrero-presentaron-sus-poemarios-y-compartieron-sus-creaciones-literarias-en-emotivo-conversatorio\\\/\"]}]},{\"@type\":\"ImageObject\",\"inLanguage\":\"fr-FR\",\"@id\":\"https:\\\/\\\/www.uartes.edu.ec\\\/sitio\\\/fr\\\/blog\\\/2025\\\/07\\\/02\\\/docentes-pedro-mujica-y-jorge-tigrero-presentaron-sus-poemarios-y-compartieron-sus-creaciones-literarias-en-emotivo-conversatorio\\\/#primaryimage\",\"url\":\"https:\\\/\\\/www.uartes.edu.ec\\\/sitio\\\/wp-content\\\/uploads\\\/2025\\\/07\\\/Proyecto-Cambiar-tamano-de-imagen-2025-06-24T154618.586.jpeg\",\"contentUrl\":\"https:\\\/\\\/www.uartes.edu.ec\\\/sitio\\\/wp-content\\\/uploads\\\/2025\\\/07\\\/Proyecto-Cambiar-tamano-de-imagen-2025-06-24T154618.586.jpeg\",\"width\":2000,\"height\":1333},{\"@type\":\"BreadcrumbList\",\"@id\":\"https:\\\/\\\/www.uartes.edu.ec\\\/sitio\\\/fr\\\/blog\\\/2025\\\/07\\\/02\\\/docentes-pedro-mujica-y-jorge-tigrero-presentaron-sus-poemarios-y-compartieron-sus-creaciones-literarias-en-emotivo-conversatorio\\\/#breadcrumb\",\"itemListElement\":[{\"@type\":\"ListItem\",\"position\":1,\"name\":\"Inicio\",\"item\":\"https:\\\/\\\/www.uartes.edu.ec\\\/sitio\\\/\"},{\"@type\":\"ListItem\",\"position\":2,\"name\":\"Los docentes Pedro Mujica y Jorge Tigrero presentaron sus poemarios y compartieron sus contenidos en emotivo conversatorio\"}]},{\"@type\":\"WebSite\",\"@id\":\"https:\\\/\\\/www.uartes.edu.ec\\\/sitio\\\/fr\\\/#website\",\"url\":\"https:\\\/\\\/www.uartes.edu.ec\\\/sitio\\\/fr\\\/\",\"name\":\"Universidad de las Artes\",\"description\":\"Sitio oficial de la Universidad Nacional de las Artes del Ecuador\",\"publisher\":{\"@id\":\"https:\\\/\\\/www.uartes.edu.ec\\\/sitio\\\/fr\\\/#organization\"},\"potentialAction\":[{\"@type\":\"SearchAction\",\"target\":{\"@type\":\"EntryPoint\",\"urlTemplate\":\"https:\\\/\\\/www.uartes.edu.ec\\\/sitio\\\/fr\\\/?s={search_term_string}\"},\"query-input\":{\"@type\":\"PropertyValueSpecification\",\"valueRequired\":true,\"valueName\":\"search_term_string\"}}],\"inLanguage\":\"fr-FR\"},{\"@type\":\"Organization\",\"@id\":\"https:\\\/\\\/www.uartes.edu.ec\\\/sitio\\\/fr\\\/#organization\",\"name\":\"Universidad de las Artes\",\"url\":\"https:\\\/\\\/www.uartes.edu.ec\\\/sitio\\\/fr\\\/\",\"logo\":{\"@type\":\"ImageObject\",\"inLanguage\":\"fr-FR\",\"@id\":\"https:\\\/\\\/www.uartes.edu.ec\\\/sitio\\\/fr\\\/#\\\/schema\\\/logo\\\/image\\\/\",\"url\":\"https:\\\/\\\/www.uartes.edu.ec\\\/sitio\\\/wp-content\\\/uploads\\\/2022\\\/07\\\/logo-ua-horizontal.png\",\"contentUrl\":\"https:\\\/\\\/www.uartes.edu.ec\\\/sitio\\\/wp-content\\\/uploads\\\/2022\\\/07\\\/logo-ua-horizontal.png\",\"width\":800,\"height\":276,\"caption\":\"Universidad de las Artes\"},\"image\":{\"@id\":\"https:\\\/\\\/www.uartes.edu.ec\\\/sitio\\\/fr\\\/#\\\/schema\\\/logo\\\/image\\\/\"},\"sameAs\":[\"https:\\\/\\\/www.facebook.com\\\/uartesec\",\"https:\\\/\\\/x.com\\\/uartesec\",\"https:\\\/\\\/www.tiktok.com\\\/@uartesec\"]},{\"@type\":\"Person\",\"@id\":\"https:\\\/\\\/www.uartes.edu.ec\\\/sitio\\\/fr\\\/#\\\/schema\\\/person\\\/efa1b8275797664fd7f13a79ccc0b1f4\",\"name\":\"ccortez\",\"image\":{\"@type\":\"ImageObject\",\"inLanguage\":\"fr-FR\",\"@id\":\"https:\\\/\\\/secure.gravatar.com\\\/avatar\\\/b2a6f664a3ae8e074346ef91775736c5ec479e637ecced6842de9dc98b5da9cd?s=96&d=mm&r=g\",\"url\":\"https:\\\/\\\/secure.gravatar.com\\\/avatar\\\/b2a6f664a3ae8e074346ef91775736c5ec479e637ecced6842de9dc98b5da9cd?s=96&d=mm&r=g\",\"contentUrl\":\"https:\\\/\\\/secure.gravatar.com\\\/avatar\\\/b2a6f664a3ae8e074346ef91775736c5ec479e637ecced6842de9dc98b5da9cd?s=96&d=mm&r=g\",\"caption\":\"ccortez\"},\"url\":\"https:\\\/\\\/www.uartes.edu.ec\\\/sitio\\\/fr\\\/blog\\\/author\\\/ccortez\\\/\"}]}<\/script>\n<!-- \/ Yoast SEO plugin. -->","yoast_head_json":{"title":"Universidad de las Artes - Los docentes Pedro Mujica y Jorge Tigrero presentaron sus poemarios y compartieron sus contenidos en emotivo conversatorio","description":"Universidad de las Artes - Los docentes Pedro Mujica y Jorge Tigrero presentaron sus poemarios y compartieron sus contenidos en emotivo conversatorio","robots":{"index":"index","follow":"follow","max-snippet":"max-snippet:-1","max-image-preview":"max-image-preview:large","max-video-preview":"max-video-preview:-1"},"canonical":"https:\/\/www.uartes.edu.ec\/sitio\/fr\/blog\/2025\/07\/02\/docentes-pedro-mujica-y-jorge-tigrero-presentaron-sus-poemarios-y-compartieron-sus-creaciones-literarias-en-emotivo-conversatorio\/","og_locale":"fr_FR","og_type":"article","og_title":"Universidad de las Artes - Los docentes Pedro Mujica y Jorge Tigrero presentaron sus poemarios y compartieron sus contenidos en emotivo conversatorio","og_description":"Universidad de las Artes - Los docentes Pedro Mujica y Jorge Tigrero presentaron sus poemarios y compartieron sus contenidos en emotivo conversatorio","og_url":"https:\/\/www.uartes.edu.ec\/sitio\/fr\/blog\/2025\/07\/02\/docentes-pedro-mujica-y-jorge-tigrero-presentaron-sus-poemarios-y-compartieron-sus-creaciones-literarias-en-emotivo-conversatorio\/","og_site_name":"Universidad de las Artes","article_publisher":"https:\/\/www.facebook.com\/uartesec","article_published_time":"2025-07-02T23:53:00+00:00","article_modified_time":"2025-07-03T21:31:35+00:00","og_image":[{"width":2000,"height":1333,"url":"https:\/\/www.uartes.edu.ec\/sitio\/wp-content\/uploads\/2025\/07\/Proyecto-Cambiar-tamano-de-imagen-2025-06-24T154618.586.jpeg","type":"image\/jpeg"}],"author":"ccortez","twitter_card":"summary_large_image","twitter_creator":"@uartesec","twitter_site":"@uartesec","twitter_misc":{"\u00c9crit par":"ccortez","Dur\u00e9e de lecture estim\u00e9e":"6 minutes"},"schema":{"@context":"https:\/\/schema.org","@graph":[{"@type":"Article","@id":"https:\/\/www.uartes.edu.ec\/sitio\/fr\/blog\/2025\/07\/02\/docentes-pedro-mujica-y-jorge-tigrero-presentaron-sus-poemarios-y-compartieron-sus-creaciones-literarias-en-emotivo-conversatorio\/#article","isPartOf":{"@id":"https:\/\/www.uartes.edu.ec\/sitio\/fr\/blog\/2025\/07\/02\/docentes-pedro-mujica-y-jorge-tigrero-presentaron-sus-poemarios-y-compartieron-sus-creaciones-literarias-en-emotivo-conversatorio\/"},"author":{"name":"ccortez","@id":"https:\/\/www.uartes.edu.ec\/sitio\/fr\/#\/schema\/person\/efa1b8275797664fd7f13a79ccc0b1f4"},"headline":"Los docentes Pedro Mujica y Jorge Tigrero presentaron sus poemarios y compartieron sus contenidos en emotivo conversatorio","datePublished":"2025-07-02T23:53:00+00:00","dateModified":"2025-07-03T21:31:35+00:00","mainEntityOfPage":{"@id":"https:\/\/www.uartes.edu.ec\/sitio\/fr\/blog\/2025\/07\/02\/docentes-pedro-mujica-y-jorge-tigrero-presentaron-sus-poemarios-y-compartieron-sus-creaciones-literarias-en-emotivo-conversatorio\/"},"wordCount":1310,"commentCount":0,"publisher":{"@id":"https:\/\/www.uartes.edu.ec\/sitio\/fr\/#organization"},"image":{"@id":"https:\/\/www.uartes.edu.ec\/sitio\/fr\/blog\/2025\/07\/02\/docentes-pedro-mujica-y-jorge-tigrero-presentaron-sus-poemarios-y-compartieron-sus-creaciones-literarias-en-emotivo-conversatorio\/#primaryimage"},"thumbnailUrl":"https:\/\/www.uartes.edu.ec\/sitio\/wp-content\/uploads\/2025\/07\/Proyecto-Cambiar-tamano-de-imagen-2025-06-24T154618.586.jpeg","keywords":["conversatorio"],"articleSection":["Acad\u00e9mico","Docentes","Gesti\u00f3n","Literatura","Sedes"],"inLanguage":"fr-FR","potentialAction":[{"@type":"CommentAction","name":"Comment","target":["https:\/\/www.uartes.edu.ec\/sitio\/fr\/blog\/2025\/07\/02\/docentes-pedro-mujica-y-jorge-tigrero-presentaron-sus-poemarios-y-compartieron-sus-creaciones-literarias-en-emotivo-conversatorio\/#respond"]}]},{"@type":["WebPage","ItemPage"],"@id":"https:\/\/www.uartes.edu.ec\/sitio\/fr\/blog\/2025\/07\/02\/docentes-pedro-mujica-y-jorge-tigrero-presentaron-sus-poemarios-y-compartieron-sus-creaciones-literarias-en-emotivo-conversatorio\/","url":"https:\/\/www.uartes.edu.ec\/sitio\/fr\/blog\/2025\/07\/02\/docentes-pedro-mujica-y-jorge-tigrero-presentaron-sus-poemarios-y-compartieron-sus-creaciones-literarias-en-emotivo-conversatorio\/","name":"Universidad de las Artes - Los docentes Pedro Mujica y Jorge Tigrero presentaron sus poemarios y compartieron sus contenidos en emotivo conversatorio","isPartOf":{"@id":"https:\/\/www.uartes.edu.ec\/sitio\/fr\/#website"},"primaryImageOfPage":{"@id":"https:\/\/www.uartes.edu.ec\/sitio\/fr\/blog\/2025\/07\/02\/docentes-pedro-mujica-y-jorge-tigrero-presentaron-sus-poemarios-y-compartieron-sus-creaciones-literarias-en-emotivo-conversatorio\/#primaryimage"},"image":{"@id":"https:\/\/www.uartes.edu.ec\/sitio\/fr\/blog\/2025\/07\/02\/docentes-pedro-mujica-y-jorge-tigrero-presentaron-sus-poemarios-y-compartieron-sus-creaciones-literarias-en-emotivo-conversatorio\/#primaryimage"},"thumbnailUrl":"https:\/\/www.uartes.edu.ec\/sitio\/wp-content\/uploads\/2025\/07\/Proyecto-Cambiar-tamano-de-imagen-2025-06-24T154618.586.jpeg","datePublished":"2025-07-02T23:53:00+00:00","dateModified":"2025-07-03T21:31:35+00:00","description":"Universidad de las Artes - Los docentes Pedro Mujica y Jorge Tigrero presentaron sus poemarios y compartieron sus contenidos en emotivo conversatorio","breadcrumb":{"@id":"https:\/\/www.uartes.edu.ec\/sitio\/fr\/blog\/2025\/07\/02\/docentes-pedro-mujica-y-jorge-tigrero-presentaron-sus-poemarios-y-compartieron-sus-creaciones-literarias-en-emotivo-conversatorio\/#breadcrumb"},"inLanguage":"fr-FR","potentialAction":[{"@type":"ReadAction","target":["https:\/\/www.uartes.edu.ec\/sitio\/fr\/blog\/2025\/07\/02\/docentes-pedro-mujica-y-jorge-tigrero-presentaron-sus-poemarios-y-compartieron-sus-creaciones-literarias-en-emotivo-conversatorio\/"]}]},{"@type":"ImageObject","inLanguage":"fr-FR","@id":"https:\/\/www.uartes.edu.ec\/sitio\/fr\/blog\/2025\/07\/02\/docentes-pedro-mujica-y-jorge-tigrero-presentaron-sus-poemarios-y-compartieron-sus-creaciones-literarias-en-emotivo-conversatorio\/#primaryimage","url":"https:\/\/www.uartes.edu.ec\/sitio\/wp-content\/uploads\/2025\/07\/Proyecto-Cambiar-tamano-de-imagen-2025-06-24T154618.586.jpeg","contentUrl":"https:\/\/www.uartes.edu.ec\/sitio\/wp-content\/uploads\/2025\/07\/Proyecto-Cambiar-tamano-de-imagen-2025-06-24T154618.586.jpeg","width":2000,"height":1333},{"@type":"BreadcrumbList","@id":"https:\/\/www.uartes.edu.ec\/sitio\/fr\/blog\/2025\/07\/02\/docentes-pedro-mujica-y-jorge-tigrero-presentaron-sus-poemarios-y-compartieron-sus-creaciones-literarias-en-emotivo-conversatorio\/#breadcrumb","itemListElement":[{"@type":"ListItem","position":1,"name":"Inicio","item":"https:\/\/www.uartes.edu.ec\/sitio\/"},{"@type":"ListItem","position":2,"name":"Los docentes Pedro Mujica y Jorge Tigrero presentaron sus poemarios y compartieron sus contenidos en emotivo conversatorio"}]},{"@type":"WebSite","@id":"https:\/\/www.uartes.edu.ec\/sitio\/fr\/#website","url":"https:\/\/www.uartes.edu.ec\/sitio\/fr\/","name":"Universidad de las Artes","description":"Sitio oficial de la Universidad Nacional de las Artes del Ecuador","publisher":{"@id":"https:\/\/www.uartes.edu.ec\/sitio\/fr\/#organization"},"potentialAction":[{"@type":"SearchAction","target":{"@type":"EntryPoint","urlTemplate":"https:\/\/www.uartes.edu.ec\/sitio\/fr\/?s={search_term_string}"},"query-input":{"@type":"PropertyValueSpecification","valueRequired":true,"valueName":"search_term_string"}}],"inLanguage":"fr-FR"},{"@type":"Organization","@id":"https:\/\/www.uartes.edu.ec\/sitio\/fr\/#organization","name":"Universidad de las Artes","url":"https:\/\/www.uartes.edu.ec\/sitio\/fr\/","logo":{"@type":"ImageObject","inLanguage":"fr-FR","@id":"https:\/\/www.uartes.edu.ec\/sitio\/fr\/#\/schema\/logo\/image\/","url":"https:\/\/www.uartes.edu.ec\/sitio\/wp-content\/uploads\/2022\/07\/logo-ua-horizontal.png","contentUrl":"https:\/\/www.uartes.edu.ec\/sitio\/wp-content\/uploads\/2022\/07\/logo-ua-horizontal.png","width":800,"height":276,"caption":"Universidad de las Artes"},"image":{"@id":"https:\/\/www.uartes.edu.ec\/sitio\/fr\/#\/schema\/logo\/image\/"},"sameAs":["https:\/\/www.facebook.com\/uartesec","https:\/\/x.com\/uartesec","https:\/\/www.tiktok.com\/@uartesec"]},{"@type":"Person","@id":"https:\/\/www.uartes.edu.ec\/sitio\/fr\/#\/schema\/person\/efa1b8275797664fd7f13a79ccc0b1f4","name":"ccortez","image":{"@type":"ImageObject","inLanguage":"fr-FR","@id":"https:\/\/secure.gravatar.com\/avatar\/b2a6f664a3ae8e074346ef91775736c5ec479e637ecced6842de9dc98b5da9cd?s=96&d=mm&r=g","url":"https:\/\/secure.gravatar.com\/avatar\/b2a6f664a3ae8e074346ef91775736c5ec479e637ecced6842de9dc98b5da9cd?s=96&d=mm&r=g","contentUrl":"https:\/\/secure.gravatar.com\/avatar\/b2a6f664a3ae8e074346ef91775736c5ec479e637ecced6842de9dc98b5da9cd?s=96&d=mm&r=g","caption":"ccortez"},"url":"https:\/\/www.uartes.edu.ec\/sitio\/fr\/blog\/author\/ccortez\/"}]}},"uagb_featured_image_src":{"full":["https:\/\/www.uartes.edu.ec\/sitio\/wp-content\/uploads\/2025\/07\/Proyecto-Cambiar-tamano-de-imagen-2025-06-24T154618.586.jpeg",2000,1333,false],"thumbnail":["https:\/\/www.uartes.edu.ec\/sitio\/wp-content\/uploads\/2025\/07\/Proyecto-Cambiar-tamano-de-imagen-2025-06-24T154618.586-150x150.jpeg",150,150,true],"medium":["https:\/\/www.uartes.edu.ec\/sitio\/wp-content\/uploads\/2025\/07\/Proyecto-Cambiar-tamano-de-imagen-2025-06-24T154618.586-300x200.jpeg",300,200,true],"medium_large":["https:\/\/www.uartes.edu.ec\/sitio\/wp-content\/uploads\/2025\/07\/Proyecto-Cambiar-tamano-de-imagen-2025-06-24T154618.586-768x512.jpeg",768,512,true],"large":["https:\/\/www.uartes.edu.ec\/sitio\/wp-content\/uploads\/2025\/07\/Proyecto-Cambiar-tamano-de-imagen-2025-06-24T154618.586-644x429.jpeg",644,429,true],"1536x1536":["https:\/\/www.uartes.edu.ec\/sitio\/wp-content\/uploads\/2025\/07\/Proyecto-Cambiar-tamano-de-imagen-2025-06-24T154618.586-1536x1024.jpeg",1536,1024,true],"2048x2048":["https:\/\/www.uartes.edu.ec\/sitio\/wp-content\/uploads\/2025\/07\/Proyecto-Cambiar-tamano-de-imagen-2025-06-24T154618.586.jpeg",2000,1333,false],"trp-custom-language-flag":["https:\/\/www.uartes.edu.ec\/sitio\/wp-content\/uploads\/2025\/07\/Proyecto-Cambiar-tamano-de-imagen-2025-06-24T154618.586-18x12.jpeg",18,12,true],"htmega_size_585x295":["https:\/\/www.uartes.edu.ec\/sitio\/wp-content\/uploads\/2025\/07\/Proyecto-Cambiar-tamano-de-imagen-2025-06-24T154618.586-585x295.jpeg",585,295,true],"htmega_size_1170x536":["https:\/\/www.uartes.edu.ec\/sitio\/wp-content\/uploads\/2025\/07\/Proyecto-Cambiar-tamano-de-imagen-2025-06-24T154618.586-1170x536.jpeg",1170,536,true],"htmega_size_396x360":["https:\/\/www.uartes.edu.ec\/sitio\/wp-content\/uploads\/2025\/07\/Proyecto-Cambiar-tamano-de-imagen-2025-06-24T154618.586-396x360.jpeg",396,360,true],"gb-block-post-grid-landscape":["https:\/\/www.uartes.edu.ec\/sitio\/wp-content\/uploads\/2025\/07\/Proyecto-Cambiar-tamano-de-imagen-2025-06-24T154618.586-600x400.jpeg",600,400,true],"gb-block-post-grid-square":["https:\/\/www.uartes.edu.ec\/sitio\/wp-content\/uploads\/2025\/07\/Proyecto-Cambiar-tamano-de-imagen-2025-06-24T154618.586-600x600.jpeg",600,600,true],"university-hub-thumb":["https:\/\/www.uartes.edu.ec\/sitio\/wp-content\/uploads\/2025\/07\/Proyecto-Cambiar-tamano-de-imagen-2025-06-24T154618.586-400x267.jpeg",400,267,true]},"uagb_author_info":{"display_name":"ccortez","author_link":"https:\/\/www.uartes.edu.ec\/sitio\/fr\/blog\/author\/ccortez\/"},"uagb_comment_info":0,"uagb_excerpt":"\u201cEfecto Seda\u201d de Pedro Mujica y \u201cL\u00edneas Imaginarias\u201d de Jorge Tigrero. Los dos son libros de poes\u00eda cuyos autores, docentes UArtes, los presentaron recientemente en un conversatorio en el que compartieron sus procesos y varias de sus creaciones. El encuentro se produjo en el tercer piso de la Biblioteca de las Artes y cont\u00f3 con\u2026","featured_image_src":"https:\/\/www.uartes.edu.ec\/sitio\/wp-content\/uploads\/2025\/07\/Proyecto-Cambiar-tamano-de-imagen-2025-06-24T154618.586-600x400.jpeg","featured_image_src_square":"https:\/\/www.uartes.edu.ec\/sitio\/wp-content\/uploads\/2025\/07\/Proyecto-Cambiar-tamano-de-imagen-2025-06-24T154618.586-600x600.jpeg","author_info":{"display_name":"ccortez","author_link":"https:\/\/www.uartes.edu.ec\/sitio\/fr\/blog\/author\/ccortez\/"},"publishpress_future_workflow_manual_trigger":{"enabledWorkflows":[]},"distributor_meta":false,"distributor_terms":false,"distributor_media":false,"distributor_original_site_name":"Universidad de las Artes","distributor_original_site_url":"https:\/\/www.uartes.edu.ec\/sitio\/fr","push-errors":false,"_links":{"self":[{"href":"https:\/\/www.uartes.edu.ec\/sitio\/fr\/wp-json\/wp\/v2\/posts\/74465","targetHints":{"allow":["GET"]}}],"collection":[{"href":"https:\/\/www.uartes.edu.ec\/sitio\/fr\/wp-json\/wp\/v2\/posts"}],"about":[{"href":"https:\/\/www.uartes.edu.ec\/sitio\/fr\/wp-json\/wp\/v2\/types\/post"}],"author":[{"embeddable":true,"href":"https:\/\/www.uartes.edu.ec\/sitio\/fr\/wp-json\/wp\/v2\/users\/10"}],"replies":[{"embeddable":true,"href":"https:\/\/www.uartes.edu.ec\/sitio\/fr\/wp-json\/wp\/v2\/comments?post=74465"}],"version-history":[{"count":5,"href":"https:\/\/www.uartes.edu.ec\/sitio\/fr\/wp-json\/wp\/v2\/posts\/74465\/revisions"}],"predecessor-version":[{"id":74506,"href":"https:\/\/www.uartes.edu.ec\/sitio\/fr\/wp-json\/wp\/v2\/posts\/74465\/revisions\/74506"}],"wp:featuredmedia":[{"embeddable":true,"href":"https:\/\/www.uartes.edu.ec\/sitio\/fr\/wp-json\/wp\/v2\/media\/74466"}],"wp:attachment":[{"href":"https:\/\/www.uartes.edu.ec\/sitio\/fr\/wp-json\/wp\/v2\/media?parent=74465"}],"wp:term":[{"taxonomy":"category","embeddable":true,"href":"https:\/\/www.uartes.edu.ec\/sitio\/fr\/wp-json\/wp\/v2\/categories?post=74465"},{"taxonomy":"post_tag","embeddable":true,"href":"https:\/\/www.uartes.edu.ec\/sitio\/fr\/wp-json\/wp\/v2\/tags?post=74465"},{"taxonomy":"infouartes","embeddable":true,"href":"https:\/\/www.uartes.edu.ec\/sitio\/fr\/wp-json\/wp\/v2\/infouartes?post=74465"}],"curies":[{"name":"wp","href":"https:\/\/api.w.org\/{rel}","templated":true}]}}